{"id":66626,"date":"2025-12-14T23:28:17","date_gmt":"2025-12-15T03:28:17","guid":{"rendered":"https:\/\/richeskarayib.com\/?p=66626"},"modified":"2025-12-15T03:44:02","modified_gmt":"2025-12-15T07:44:02","slug":"cciag-cooperer-pour-une-logistique-regionale","status":"publish","type":"post","link":"https:\/\/richeskarayib.com\/fr\/cciag-cooperer-pour-une-logistique-regionale\/","title":{"rendered":"Antilles-Guyane &#8211; CCIAG : coop\u00e9rer pour une logistique r\u00e9gionale int\u00e9gr\u00e9e"},"content":{"rendered":"\t\t<div data-elementor-type=\"wp-post\" data-elementor-id=\"66626\" class=\"elementor elementor-66626\" data-elementor-post-type=\"post\">\n\t\t\t\t\t\t<section class=\"elementor-section elementor-top-section elementor-element elementor-element-7ca7ca1 elementor-section-boxed elementor-section-height-default elementor-section-height-default\" data-id=\"7ca7ca1\" data-element_type=\"section\">\n\t\t\t\t\t\t<div class=\"elementor-container elementor-column-gap-default\">\n\t\t\t\t\t<div class=\"elementor-column elementor-col-100 elementor-top-column elementor-element elementor-element-cbdd002\" data-id=\"cbdd002\" data-element_type=\"column\">\n\t\t\t<div class=\"elementor-widget-wrap elementor-element-populated\">\n\t\t\t\t\t\t<section class=\"elementor-section elementor-inner-section elementor-element elementor-element-bc94849 elementor-section-boxed elementor-section-height-default elementor-section-height-default\" data-id=\"bc94849\" data-element_type=\"section\">\n\t\t\t\t\t\t<div class=\"elementor-container elementor-column-gap-default\">\n\t\t\t\t\t\t<\/div>\n\t\t<\/section>\n\t\t\t\t<section class=\"elementor-section elementor-inner-section elementor-element elementor-element-61571e6 elementor-section-boxed elementor-section-height-default elementor-section-height-default\" data-id=\"61571e6\" data-element_type=\"section\">\n\t\t\t\t\t\t<div class=\"elementor-container elementor-column-gap-default\">\n\t\t\t\t\t\t<\/div>\n\t\t<\/section>\n\t\t\t\t<section class=\"elementor-section elementor-inner-section elementor-element elementor-element-b6262e0 elementor-section-boxed elementor-section-height-default elementor-section-height-default\" data-id=\"b6262e0\" data-element_type=\"section\">\n\t\t\t\t\t\t<div class=\"elementor-container elementor-column-gap-default\">\n\t\t\t\t\t\t<\/div>\n\t\t<\/section>\n\t\t\t\t<section class=\"elementor-section elementor-inner-section elementor-element elementor-element-cca29fd elementor-section-boxed elementor-section-height-default elementor-section-height-default\" data-id=\"cca29fd\" data-element_type=\"section\">\n\t\t\t\t\t\t<div class=\"elementor-container elementor-column-gap-default\">\n\t\t\t\t\t\t<\/div>\n\t\t<\/section>\n\t\t\t\t\t<\/div>\n\t\t<\/div>\n\t\t\t\t\t<\/div>\n\t\t<\/section>\n\t\t\t\t<section class=\"elementor-section elementor-top-section elementor-element elementor-element-82cd8f9 elementor-section-boxed elementor-section-height-default elementor-section-height-default\" data-id=\"82cd8f9\" data-element_type=\"section\">\n\t\t\t\t\t\t<div class=\"elementor-container elementor-column-gap-default\">\n\t\t\t\t\t<div class=\"elementor-column elementor-col-100 elementor-top-column elementor-element elementor-element-0bfdc38\" data-id=\"0bfdc38\" data-element_type=\"column\">\n\t\t\t<div class=\"elementor-widget-wrap elementor-element-populated\">\n\t\t\t\t\t\t<div class=\"elementor-element elementor-element-96caf50 elementor-widget elementor-widget-text-editor\" data-id=\"96caf50\" data-element_type=\"widget\" data-widget_type=\"text-editor.default\">\n\t\t\t\t<div class=\"elementor-widget-container\">\n\t\t\t\t\t\t\t\t\t<p>Le <a href=\"https:\/\/www.martinique.port.fr\/detail-actualites.aspx?card=10257#:~:text=Dans%20le%20cadre%20du%20renforcement,Guyane%20et%20de%20la%20Martinique.\" target=\"_blank\" rel=\"noopener nofollow\">Conseil de Coordination Interportuaire Antilles-Guyane<\/a> (CCIAG) s\u2019est r\u00e9uni le 12 d\u00e9cembre 2025 \u00e0 l\u2019Habitation Le PALM en Martinique. Ce rendez-vous annuel, pr\u00e9vu par le Code des transports, est devenu un levier majeur de gouvernance interterritoriale entre la Guadeloupe, la Martinique et la Guyane.<\/p><p>Port\u00e9 par l\u2019\u00c9tat et les trois Grands Ports Maritimes, le CCIAG vise \u00e0 renforcer la coh\u00e9rence des politiques portuaires, soutenir la r\u00e9silience \u00e9conomique des territoires et inscrire durablement l\u2019axe Sud-Cara\u00efbe dans une dynamique de coop\u00e9ration r\u00e9gionale.<\/p>\t\t\t\t\t\t\t\t<\/div>\n\t\t\t\t<\/div>\n\t\t\t\t<section class=\"elementor-section elementor-inner-section elementor-element elementor-element-c582330 elementor-section-boxed elementor-section-height-default elementor-section-height-default\" data-id=\"c582330\" data-element_type=\"section\">\n\t\t\t\t\t\t<div class=\"elementor-container elementor-column-gap-default\">\n\t\t\t\t\t\t<\/div>\n\t\t<\/section>\n\t\t\t\t<section class=\"elementor-section elementor-inner-section elementor-element elementor-element-296603a elementor-section-boxed elementor-section-height-default elementor-section-height-default\" data-id=\"296603a\" data-element_type=\"section\">\n\t\t\t\t\t\t<div class=\"elementor-container elementor-column-gap-default\">\n\t\t\t\t\t\t<\/div>\n\t\t<\/section>\n\t\t\t\t\t<\/div>\n\t\t<\/div>\n\t\t\t\t\t<\/div>\n\t\t<\/section>\n\t\t\t\t<section class=\"elementor-section elementor-top-section elementor-element elementor-element-5a7397d elementor-section-boxed elementor-section-height-default elementor-section-height-default\" data-id=\"5a7397d\" data-element_type=\"section\">\n\t\t\t\t\t\t<div class=\"elementor-container elementor-column-gap-default\">\n\t\t\t\t\t<div class=\"elementor-column elementor-col-100 elementor-top-column elementor-element elementor-element-8b33b4b\" data-id=\"8b33b4b\" data-element_type=\"column\">\n\t\t\t<div class=\"elementor-widget-wrap elementor-element-populated\">\n\t\t\t\t\t\t<div class=\"elementor-element elementor-element-89dac4b elementor-widget elementor-widget-heading\" data-id=\"89dac4b\" data-element_type=\"widget\" data-widget_type=\"heading.default\">\n\t\t\t\t<div class=\"elementor-widget-container\">\n\t\t\t\t\t<h2 class=\"elementor-heading-title elementor-size-default\">Une gouvernance coll\u00e9giale au service des territoires<\/h2>\t\t\t\t<\/div>\n\t\t\t\t<\/div>\n\t\t\t\t<div class=\"elementor-element elementor-element-a922db8 elementor-widget elementor-widget-text-editor\" data-id=\"a922db8\" data-element_type=\"widget\" data-widget_type=\"text-editor.default\">\n\t\t\t\t<div class=\"elementor-widget-container\">\n\t\t\t\t\t\t\t\t\t<p>\u00ab Le CCIAG est plus qu&#8217;une instance technique : c&#8217;est un espace de dialogue strat\u00e9gique avec les repr\u00e9sentants de l\u2019\u00c9tat, des collectivit\u00e9s et des ports \u00bb, souligne <a href=\"https:\/\/richeskarayib.com\/fr\/msc-croisieres-martinique-saison-2025-2026\/\" target=\"_blank\" rel=\"noopener\">Bruno Menc\u00e9<\/a>, pr\u00e9sident du Directoire du <a href=\"https:\/\/www.martinique.port.fr\/\" target=\"_blank\" rel=\"noopener nofollow\">Grand Port Maritime de la Martinique<\/a>.<\/p><p>Le CCIAG permet un alignement r\u00e9gulier des politiques portuaires avec les orientations nationales et les besoins des territoires. Chaque ann\u00e9e, les trois ports mettent en commun leurs retours d\u2019exp\u00e9rience et d\u00e9finissent ensemble des priorit\u00e9s : s\u00e9curit\u00e9, connectivit\u00e9, transition \u00e9cologique, et comp\u00e9titivit\u00e9 logistique.<\/p>\t\t\t\t\t\t\t\t<\/div>\n\t\t\t\t<\/div>\n\t\t\t\t<div class=\"elementor-element elementor-element-eeaa7d6 elementor-widget elementor-widget-image\" data-id=\"eeaa7d6\" data-element_type=\"widget\" data-widget_type=\"image.default\">\n\t\t\t\t<div class=\"elementor-widget-container\">\n\t\t\t\t\t\t\t\t\t\t\t\t<figure class=\"wp-caption\">\n\t\t\t\t\t\t\t\t\t\t<img fetchpriority=\"high\" decoding=\"async\" width=\"800\" height=\"800\" src=\"https:\/\/richeskarayib.com\/wp-content\/uploads\/2025\/12\/Bruno-Mence-1024x1024.png\" class=\"attachment-large size-large wp-image-66631\" alt=\"CCIAG\" srcset=\"https:\/\/richeskarayib.com\/wp-content\/uploads\/2025\/12\/Bruno-Mence-1024x1024.png 1024w, https:\/\/richeskarayib.com\/wp-content\/uploads\/2025\/12\/Bruno-Mence-300x300.png 300w, https:\/\/richeskarayib.com\/wp-content\/uploads\/2025\/12\/Bruno-Mence-150x150.png 150w, https:\/\/richeskarayib.com\/wp-content\/uploads\/2025\/12\/Bruno-Mence-768x768.png 768w, https:\/\/richeskarayib.com\/wp-content\/uploads\/2025\/12\/Bruno-Mence-1536x1536.png 1536w, https:\/\/richeskarayib.com\/wp-content\/uploads\/2025\/12\/Bruno-Mence-1320x1320.png 1320w, https:\/\/richeskarayib.com\/wp-content\/uploads\/2025\/12\/Bruno-Mence.png 1920w\" sizes=\"(max-width: 800px) 100vw, 800px\" \/>\t\t\t\t\t\t\t\t\t\t\t<figcaption class=\"widget-image-caption wp-caption-text\">Bruno Mence\u0301<\/figcaption>\n\t\t\t\t\t\t\t\t\t\t<\/figure>\n\t\t\t\t\t\t\t\t\t<\/div>\n\t\t\t\t<\/div>\n\t\t\t\t<div class=\"elementor-element elementor-element-c4fc435 elementor-widget elementor-widget-text-editor\" data-id=\"c4fc435\" data-element_type=\"widget\" data-widget_type=\"text-editor.default\">\n\t\t\t\t<div class=\"elementor-widget-container\">\n\t\t\t\t\t\t\t\t\t<p>Jean-Pierre Chalus, pr\u00e9sident du Directoire du <a href=\"https:\/\/guadeloupe-portcaraibes.com\/\" target=\"_blank\" rel=\"noopener nofollow\">port de Guadeloupe<\/a>, insiste sur le fait que cette gouvernance partag\u00e9e permet de suivre concr\u00e8tement les avanc\u00e9es et les difficult\u00e9s :<\/p><blockquote><p>\u00ab Nous avons chaque ann\u00e9e un point sur les orientations vot\u00e9es collectivement, ce qui permet de pointer nos avanc\u00e9es, nos difficult\u00e9s, et de poursuivre notre route. \u00bb<br \/>Il insiste aussi sur la mobilisation croissante des \u00e9quipes autour des enjeux environnementaux :<br \/>\u00ab Il y a beaucoup d\u2019enthousiasme de l\u2019ensemble des ports pour s\u2019investir dans les transitions \u00e9nerg\u00e9tiques, \u00e9cologiques et autres, au service du d\u00e9veloppement durable de nos territoires. \u00bb<\/p><\/blockquote>\t\t\t\t\t\t\t\t<\/div>\n\t\t\t\t<\/div>\n\t\t\t\t<div class=\"elementor-element elementor-element-3984296 elementor-widget elementor-widget-image\" data-id=\"3984296\" data-element_type=\"widget\" data-widget_type=\"image.default\">\n\t\t\t\t<div class=\"elementor-widget-container\">\n\t\t\t\t\t\t\t\t\t\t\t\t<figure class=\"wp-caption\">\n\t\t\t\t\t\t\t\t\t\t<img decoding=\"async\" width=\"800\" height=\"800\" src=\"https:\/\/richeskarayib.com\/wp-content\/uploads\/2025\/12\/Jean-Pierre-Chalus-1024x1024.png\" class=\"attachment-large size-large wp-image-66639\" alt=\"CCIAG\" srcset=\"https:\/\/richeskarayib.com\/wp-content\/uploads\/2025\/12\/Jean-Pierre-Chalus-1024x1024.png 1024w, https:\/\/richeskarayib.com\/wp-content\/uploads\/2025\/12\/Jean-Pierre-Chalus-300x300.png 300w, https:\/\/richeskarayib.com\/wp-content\/uploads\/2025\/12\/Jean-Pierre-Chalus-150x150.png 150w, https:\/\/richeskarayib.com\/wp-content\/uploads\/2025\/12\/Jean-Pierre-Chalus-768x768.png 768w, https:\/\/richeskarayib.com\/wp-content\/uploads\/2025\/12\/Jean-Pierre-Chalus-1536x1536.png 1536w, https:\/\/richeskarayib.com\/wp-content\/uploads\/2025\/12\/Jean-Pierre-Chalus-1320x1320.png 1320w, https:\/\/richeskarayib.com\/wp-content\/uploads\/2025\/12\/Jean-Pierre-Chalus.png 1920w\" sizes=\"(max-width: 800px) 100vw, 800px\" \/>\t\t\t\t\t\t\t\t\t\t\t<figcaption class=\"widget-image-caption wp-caption-text\">Jean-Pierre Chalus<\/figcaption>\n\t\t\t\t\t\t\t\t\t\t<\/figure>\n\t\t\t\t\t\t\t\t\t<\/div>\n\t\t\t\t<\/div>\n\t\t\t\t<div class=\"elementor-element elementor-element-f824ec8 elementor-widget elementor-widget-text-editor\" data-id=\"f824ec8\" data-element_type=\"widget\" data-widget_type=\"text-editor.default\">\n\t\t\t\t<div class=\"elementor-widget-container\">\n\t\t\t\t\t\t\t\t\t<p>St\u00e9phane Tant, pr\u00e9sident du Directoire du <a href=\"https:\/\/portdeguyane.fr\/\" target=\"_blank\" rel=\"noopener nofollow\">Grand Port Maritime de la Guyane<\/a>, insiste sur l\u2019int\u00e9r\u00eat de cette rencontre annuelle :<\/p><blockquote><p>\u00ab C\u2019est un rendez-vous qui nous permet d\u2019\u00e9changer non seulement entre les ports, mais aussi avec les \u00e9lus, la DGOM (Direction g\u00e9n\u00e9rale des Outre-mer), la DGITM (Direction g\u00e9n\u00e9rale des Infrastructures, des Transports et de la Mer), sur nos enjeux communs, nos besoins de d\u00e9veloppement et notre feuille de route.\u00a0<\/p><p>Il souligne que le CCIAG d\u00e9passe les seuls enjeux portuaires pour s\u2019inscrire dans une dynamique de d\u00e9veloppement \u00e9conomique et de connectivit\u00e9 r\u00e9gionale.<\/p><\/blockquote>\t\t\t\t\t\t\t\t<\/div>\n\t\t\t\t<\/div>\n\t\t\t\t<div class=\"elementor-element elementor-element-ce7dc5b elementor-widget elementor-widget-image\" data-id=\"ce7dc5b\" data-element_type=\"widget\" data-widget_type=\"image.default\">\n\t\t\t\t<div class=\"elementor-widget-container\">\n\t\t\t\t\t\t\t\t\t\t\t\t<figure class=\"wp-caption\">\n\t\t\t\t\t\t\t\t\t\t<img decoding=\"async\" width=\"800\" height=\"800\" src=\"https:\/\/richeskarayib.com\/wp-content\/uploads\/2025\/12\/Stephane-Tant-1-1024x1024.png\" class=\"attachment-large size-large wp-image-66651\" alt=\"CCIAG\" srcset=\"https:\/\/richeskarayib.com\/wp-content\/uploads\/2025\/12\/Stephane-Tant-1-1024x1024.png 1024w, https:\/\/richeskarayib.com\/wp-content\/uploads\/2025\/12\/Stephane-Tant-1-300x300.png 300w, https:\/\/richeskarayib.com\/wp-content\/uploads\/2025\/12\/Stephane-Tant-1-150x150.png 150w, https:\/\/richeskarayib.com\/wp-content\/uploads\/2025\/12\/Stephane-Tant-1-768x768.png 768w, https:\/\/richeskarayib.com\/wp-content\/uploads\/2025\/12\/Stephane-Tant-1-1536x1536.png 1536w, https:\/\/richeskarayib.com\/wp-content\/uploads\/2025\/12\/Stephane-Tant-1-1320x1320.png 1320w, https:\/\/richeskarayib.com\/wp-content\/uploads\/2025\/12\/Stephane-Tant-1.png 1920w\" sizes=\"(max-width: 800px) 100vw, 800px\" \/>\t\t\t\t\t\t\t\t\t\t\t<figcaption class=\"widget-image-caption wp-caption-text\">St\u00e9phane Tant<\/figcaption>\n\t\t\t\t\t\t\t\t\t\t<\/figure>\n\t\t\t\t\t\t\t\t\t<\/div>\n\t\t\t\t<\/div>\n\t\t\t\t\t<\/div>\n\t\t<\/div>\n\t\t\t\t\t<\/div>\n\t\t<\/section>\n\t\t\t\t<section class=\"elementor-section elementor-top-section elementor-element elementor-element-ceca32c elementor-section-boxed elementor-section-height-default elementor-section-height-default\" data-id=\"ceca32c\" data-element_type=\"section\">\n\t\t\t\t\t\t<div class=\"elementor-container elementor-column-gap-default\">\n\t\t\t\t\t<div class=\"elementor-column elementor-col-100 elementor-top-column elementor-element elementor-element-5a2e383\" data-id=\"5a2e383\" data-element_type=\"column\">\n\t\t\t<div class=\"elementor-widget-wrap elementor-element-populated\">\n\t\t\t\t\t\t<div class=\"elementor-element elementor-element-6cedf5f elementor-widget elementor-widget-heading\" data-id=\"6cedf5f\" data-element_type=\"widget\" data-widget_type=\"heading.default\">\n\t\t\t\t<div class=\"elementor-widget-container\">\n\t\t\t\t\t<h2 class=\"elementor-heading-title elementor-size-default\">Une feuille de route commune et des actions concr\u00e8tes<\/h2>\t\t\t\t<\/div>\n\t\t\t\t<\/div>\n\t\t\t\t<div class=\"elementor-element elementor-element-e93d1fb elementor-widget elementor-widget-text-editor\" data-id=\"e93d1fb\" data-element_type=\"widget\" data-widget_type=\"text-editor.default\">\n\t\t\t\t<div class=\"elementor-widget-container\">\n\t\t\t\t\t\t\t\t\t<p data-start=\"322\" data-end=\"593\">La feuille de route 2025-2029, d\u00e9finie collectivement par l&#8217;ensemble des acteurs pr\u00e9sents au sein du CCIAG, s&#8217;articule autour d&#8217;axes majeurs tels que la d\u00e9carbonation, la s\u00e9curit\u00e9 portuaire, l\u2019innovation et l\u2019adaptation au changement climatique. Bruno Menc\u00e9 pr\u00e9cise :<\/p><p data-start=\"322\" data-end=\"593\"><span style=\"font-size: 1rem;\">\u00ab Nous devons garantir un niveau de s\u00fbret\u00e9 et de s\u00e9curit\u00e9 identique dans nos trois ports, correspondant aux besoins de nos clients et des territoires. \u00bb<\/span><\/p><p data-start=\"322\" data-end=\"593\"><span style=\"font-size: 1rem;\">Il souligne \u00e9galement l&#8217;importance de la coop\u00e9ration r\u00e9gionale avec la <\/span><strong style=\"font-size: 1rem;\" data-start=\"822\" data-end=\"831\">PMAC <\/strong><span style=\"font-size: 1rem;\">(Port Management Association of the Caribbean) pour cr\u00e9er un observatoire \u00e9conomique carib\u00e9en :<\/span><\/p><p data-start=\"322\" data-end=\"593\"><span style=\"font-size: 1rem;\">\u00ab C\u2019est un dossier vraiment carib\u00e9en que nous portons avec la PMAC, donc avec l\u2019ensemble des ports de la Cara\u00efbe \u00bb, explique Bruno Menc\u00e9.<\/span><\/p><p data-start=\"322\" data-end=\"593\"><span style=\"font-size: 1rem;\">L\u2019objectif : mieux comprendre le fonctionnement des lignes maritimes et identifier les leviers pour d\u00e9velopper les \u00e9changes avec les \u00eeles avoisinantes. \u00bb<\/span><\/p><p data-start=\"235\" data-end=\"371\">Jean-Pierre Chalus rappelle que cette feuille de route permet de traiter des sujets strat\u00e9giques comme la desserte interterritoriale :<\/p><p data-start=\"235\" data-end=\"371\"><span style=\"font-size: 1rem;\">\u00ab La r\u00e9gularit\u00e9 de la desserte de la Guyane, de la Guadeloupe et de la Martinique est un \u00e9l\u00e9ment important pour nos territoires, tant pour les acteurs \u00e9conomiques que pour les acteurs politiques. \u00bb<\/span><\/p><p data-start=\"235\" data-end=\"371\"><span style=\"font-size: 1rem;\">Il souligne \u00e9galement le r\u00f4le des r\u00e9unions techniques men\u00e9es tout au long de l&#8217;ann\u00e9e entre les directions portuaires pour faire avancer les dossiers en continu.<\/span><\/p><p data-start=\"235\" data-end=\"371\"><span style=\"font-size: 1rem;\">Il cite enfin, parmi les actions concr\u00e8tes d\u00e9j\u00e0 engag\u00e9es, <\/span><strong style=\"font-size: 1rem;\" data-start=\"795\" data-end=\"904\">la signature commune d\u2019un engagement avec l\u2019UICN (Union Internationale pour la Conservation de la Nature)<\/strong><span style=\"font-size: 1rem;\"> sur la gestion des esp\u00e8ces exotiques envahissantes, traduisant l\u2019implication des ports dans des enjeux environnementaux partag\u00e9s.<\/span><\/p><p data-start=\"1376\" data-end=\"1468\">St\u00e9phane Tant, met en avant les perspectives de coop\u00e9ration renforc\u00e9e avec le <strong data-start=\"873\" data-end=\"896\">plateau des Guyanes<\/strong>, dans le cadre d\u2019une conf\u00e9rence biannuelle entre la Guyane, le Guyana, le Suriname et deux \u00c9tats br\u00e9siliens (Amap\u00e1 et Par\u00e1) :<br data-start=\"1022\" data-end=\"1025\" \/>\u00ab Nous sommes chefs de file d\u2019une conf\u00e9rence de coop\u00e9ration des ports du plateau des Guyanes. \u00bb<br data-start=\"1122\" data-end=\"1125\" \/>Cette initiative vient compl\u00e9ter les axes de travail du CCIAG en \u00e9largissant les connexions r\u00e9gionales vers l\u2019Am\u00e9rique du Sud.<\/p>\t\t\t\t\t\t\t\t<\/div>\n\t\t\t\t<\/div>\n\t\t\t\t<div class=\"elementor-element elementor-element-d9f42de elementor-widget elementor-widget-image\" data-id=\"d9f42de\" data-element_type=\"widget\" data-widget_type=\"image.default\">\n\t\t\t\t<div class=\"elementor-widget-container\">\n\t\t\t\t\t\t\t\t\t\t\t\t\t\t\t<img loading=\"lazy\" decoding=\"async\" width=\"800\" height=\"370\" src=\"https:\/\/richeskarayib.com\/wp-content\/uploads\/2025\/12\/WhatsApp-Image-2025-12-13-at-08.51.16-1024x473.jpeg\" class=\"attachment-large size-large wp-image-66627\" alt=\"CCIAG\" srcset=\"https:\/\/richeskarayib.com\/wp-content\/uploads\/2025\/12\/WhatsApp-Image-2025-12-13-at-08.51.16-1024x473.jpeg 1024w, https:\/\/richeskarayib.com\/wp-content\/uploads\/2025\/12\/WhatsApp-Image-2025-12-13-at-08.51.16-300x139.jpeg 300w, https:\/\/richeskarayib.com\/wp-content\/uploads\/2025\/12\/WhatsApp-Image-2025-12-13-at-08.51.16-768x355.jpeg 768w, https:\/\/richeskarayib.com\/wp-content\/uploads\/2025\/12\/WhatsApp-Image-2025-12-13-at-08.51.16-1536x709.jpeg 1536w, https:\/\/richeskarayib.com\/wp-content\/uploads\/2025\/12\/WhatsApp-Image-2025-12-13-at-08.51.16-1320x610.jpeg 1320w, https:\/\/richeskarayib.com\/wp-content\/uploads\/2025\/12\/WhatsApp-Image-2025-12-13-at-08.51.16.jpeg 1600w\" sizes=\"(max-width: 800px) 100vw, 800px\" \/>\t\t\t\t\t\t\t\t\t\t\t\t\t\t\t<\/div>\n\t\t\t\t<\/div>\n\t\t\t\t\t<\/div>\n\t\t<\/div>\n\t\t\t\t\t<\/div>\n\t\t<\/section>\n\t\t\t\t<section class=\"elementor-section elementor-top-section elementor-element elementor-element-9c88a89 elementor-section-boxed elementor-section-height-default elementor-section-height-default\" data-id=\"9c88a89\" data-element_type=\"section\">\n\t\t\t\t\t\t<div class=\"elementor-container elementor-column-gap-default\">\n\t\t\t\t\t<div class=\"elementor-column elementor-col-100 elementor-top-column elementor-element elementor-element-78cf5d1\" data-id=\"78cf5d1\" data-element_type=\"column\">\n\t\t\t<div class=\"elementor-widget-wrap elementor-element-populated\">\n\t\t\t\t\t\t<div class=\"elementor-element elementor-element-ea2a5c1 elementor-widget elementor-widget-heading\" data-id=\"ea2a5c1\" data-element_type=\"widget\" data-widget_type=\"heading.default\">\n\t\t\t\t<div class=\"elementor-widget-container\">\n\t\t\t\t\t<h2 class=\"elementor-heading-title elementor-size-default\">Une vision commune : d\u00e9passer l'insularit\u00e9<\/h2>\t\t\t\t<\/div>\n\t\t\t\t<\/div>\n\t\t\t\t<section class=\"elementor-section elementor-inner-section elementor-element elementor-element-a9449d8 elementor-section-boxed elementor-section-height-default elementor-section-height-default\" data-id=\"a9449d8\" data-element_type=\"section\">\n\t\t\t\t\t\t<div class=\"elementor-container elementor-column-gap-default\">\n\t\t\t\t\t<div class=\"elementor-column elementor-col-100 elementor-inner-column elementor-element elementor-element-1cac7ee\" data-id=\"1cac7ee\" data-element_type=\"column\">\n\t\t\t<div class=\"elementor-widget-wrap elementor-element-populated\">\n\t\t\t\t\t\t<div class=\"elementor-element elementor-element-e305eee elementor-widget elementor-widget-text-editor\" data-id=\"e305eee\" data-element_type=\"widget\" data-widget_type=\"text-editor.default\">\n\t\t\t\t<div class=\"elementor-widget-container\">\n\t\t\t\t\t\t\t\t\t<p data-start=\"882\" data-end=\"1190\">Le CCIAG porte une ambition partag\u00e9e qui d\u00e9passe la simple coordination entre ports. En r\u00e9unissant les directeurs des ports, les repr\u00e9sentants de l\u2019\u00c9tat, les collectivit\u00e9s et les pr\u00e9sidents des conseils de surveillance, cette instance favorise une approche globale du d\u00e9veloppement logistique et territorial.<\/p><p data-start=\"1192\" data-end=\"1594\">Tous les participants s\u2019accordent sur un m\u00eame constat : la performance portuaire ne peut plus \u00eatre pens\u00e9e isol\u00e9ment. Elle d\u00e9pend d\u2019une gouvernance \u00e9largie, capable de connecter les politiques publiques, les enjeux \u00e9conomiques et les imp\u00e9ratifs environnementaux. Ce cadre commun permet de poser les bases d\u2019une logistique plus r\u00e9siliente, mieux int\u00e9gr\u00e9e, et tourn\u00e9e vers l\u2019ensemble de la Grande Cara\u00efbe.<\/p><p data-start=\"1596\" data-end=\"1836\">En 2026, c\u2019est en Guyane que cette dynamique se poursuivra, \u00e0 l\u2019occasion de la prochaine pl\u00e9ni\u00e8re. Un rendez-vous attendu pour approfondir cette coop\u00e9ration multi-acteurs et consolider les fondations d\u2019une souverainet\u00e9 logistique r\u00e9gionale.<\/p>\t\t\t\t\t\t\t\t<\/div>\n\t\t\t\t<\/div>\n\t\t\t\t<div class=\"elementor-element elementor-element-1190334 elementor-widget elementor-widget-image\" data-id=\"1190334\" data-element_type=\"widget\" data-widget_type=\"image.default\">\n\t\t\t\t<div class=\"elementor-widget-container\">\n\t\t\t\t\t\t\t\t\t\t\t\t\t\t\t<img loading=\"lazy\" decoding=\"async\" width=\"800\" height=\"370\" src=\"https:\/\/richeskarayib.com\/wp-content\/uploads\/2025\/12\/20251212_121616-1024x473.jpg\" class=\"attachment-large size-large wp-image-66655\" alt=\"CCIAG\" srcset=\"https:\/\/richeskarayib.com\/wp-content\/uploads\/2025\/12\/20251212_121616-1024x473.jpg 1024w, https:\/\/richeskarayib.com\/wp-content\/uploads\/2025\/12\/20251212_121616-300x139.jpg 300w, https:\/\/richeskarayib.com\/wp-content\/uploads\/2025\/12\/20251212_121616-768x355.jpg 768w, https:\/\/richeskarayib.com\/wp-content\/uploads\/2025\/12\/20251212_121616-1536x710.jpg 1536w, https:\/\/richeskarayib.com\/wp-content\/uploads\/2025\/12\/20251212_121616-1320x610.jpg 1320w, https:\/\/richeskarayib.com\/wp-content\/uploads\/2025\/12\/20251212_121616.jpg 1920w\" sizes=\"(max-width: 800px) 100vw, 800px\" \/>\t\t\t\t\t\t\t\t\t\t\t\t\t\t\t<\/div>\n\t\t\t\t<\/div>\n\t\t\t\t\t<\/div>\n\t\t<\/div>\n\t\t\t\t\t<\/div>\n\t\t<\/section>\n\t\t\t\t<section class=\"elementor-section elementor-inner-section elementor-element elementor-element-a8d4566 elementor-section-boxed elementor-section-height-default elementor-section-height-default\" data-id=\"a8d4566\" data-element_type=\"section\">\n\t\t\t\t\t\t<div class=\"elementor-container elementor-column-gap-default\">\n\t\t\t\t\t<div class=\"elementor-column elementor-col-100 elementor-inner-column elementor-element elementor-element-45a201a\" data-id=\"45a201a\" data-element_type=\"column\">\n\t\t\t<div class=\"elementor-widget-wrap elementor-element-populated\">\n\t\t\t\t\t\t<div class=\"elementor-element elementor-element-d80c517 elementor-widget elementor-widget-heading\" data-id=\"d80c517\" data-element_type=\"widget\" data-widget_type=\"heading.default\">\n\t\t\t\t<div class=\"elementor-widget-container\">\n\t\t\t\t\t<h2 class=\"elementor-heading-title elementor-size-default\">FAQ<\/h2>\t\t\t\t<\/div>\n\t\t\t\t<\/div>\n\t\t\t\t<div class=\"elementor-element elementor-element-671bec3 elementor-widget elementor-widget-accordion\" data-id=\"671bec3\" data-element_type=\"widget\" data-widget_type=\"accordion.default\">\n\t\t\t\t<div class=\"elementor-widget-container\">\n\t\t\t\t\t\t\t<div class=\"elementor-accordion\">\n\t\t\t\t\t\t\t<div class=\"elementor-accordion-item\">\n\t\t\t\t\t<div id=\"elementor-tab-title-1081\" class=\"elementor-tab-title\" data-tab=\"1\" role=\"button\" aria-controls=\"elementor-tab-content-1081\" aria-expanded=\"false\">\n\t\t\t\t\t\t\t\t\t\t\t\t\t<span class=\"elementor-accordion-icon elementor-accordion-icon-left\" aria-hidden=\"true\">\n\t\t\t\t\t\t\t\t\t\t\t\t\t\t\t<span class=\"elementor-accordion-icon-closed\"><i class=\"fas fa-plus\"><\/i><\/span>\n\t\t\t\t\t\t\t\t<span class=\"elementor-accordion-icon-opened\"><i class=\"fas fa-minus\"><\/i><\/span>\n\t\t\t\t\t\t\t\t\t\t\t\t\t\t<\/span>\n\t\t\t\t\t\t\t\t\t\t\t\t<a class=\"elementor-accordion-title\" tabindex=\"0\">Qu\u2019est-ce que le CCIAG et \u00e0 quoi sert-il ?<\/a>\n\t\t\t\t\t<\/div>\n\t\t\t\t\t<div id=\"elementor-tab-content-1081\" class=\"elementor-tab-content elementor-clearfix\" data-tab=\"1\" role=\"region\" aria-labelledby=\"elementor-tab-title-1081\"><p>Le Conseil de Coordination Interportuaire Antilles-Guyane (CCIAG) est une instance pr\u00e9vue par le Code des transports qui r\u00e9unit l\u2019\u00c9tat, les collectivit\u00e9s et les trois Grands Ports Maritimes de Guadeloupe, de Martinique et de Guyane. Il vise \u00e0 coordonner les politiques portuaires, renforcer la coh\u00e9rence logistique r\u00e9gionale et accompagner le d\u00e9veloppement \u00e9conomique des territoires.<\/p><\/div>\n\t\t\t\t<\/div>\n\t\t\t\t\t\t\t<div class=\"elementor-accordion-item\">\n\t\t\t\t\t<div id=\"elementor-tab-title-1082\" class=\"elementor-tab-title\" data-tab=\"2\" role=\"button\" aria-controls=\"elementor-tab-content-1082\" aria-expanded=\"false\">\n\t\t\t\t\t\t\t\t\t\t\t\t\t<span class=\"elementor-accordion-icon elementor-accordion-icon-left\" aria-hidden=\"true\">\n\t\t\t\t\t\t\t\t\t\t\t\t\t\t\t<span class=\"elementor-accordion-icon-closed\"><i class=\"fas fa-plus\"><\/i><\/span>\n\t\t\t\t\t\t\t\t<span class=\"elementor-accordion-icon-opened\"><i class=\"fas fa-minus\"><\/i><\/span>\n\t\t\t\t\t\t\t\t\t\t\t\t\t\t<\/span>\n\t\t\t\t\t\t\t\t\t\t\t\t<a class=\"elementor-accordion-title\" tabindex=\"0\">Quels sont les principaux axes de la feuille de route 2025-2029 du CCIAG ?<\/a>\n\t\t\t\t\t<\/div>\n\t\t\t\t\t<div id=\"elementor-tab-content-1082\" class=\"elementor-tab-content elementor-clearfix\" data-tab=\"2\" role=\"region\" aria-labelledby=\"elementor-tab-title-1082\"><p>La feuille de route 2025-2029 s\u2019articule autour de plusieurs priorit\u00e9s : la d\u00e9carbonation des activit\u00e9s portuaires, la s\u00fbret\u00e9 et la s\u00e9curit\u00e9, l\u2019adaptation au changement climatique, l\u2019innovation logistique et le renforcement de la connectivit\u00e9 r\u00e9gionale, notamment avec la Cara\u00efbe et le plateau des Guyanes.<\/p><\/div>\n\t\t\t\t<\/div>\n\t\t\t\t\t\t\t<div class=\"elementor-accordion-item\">\n\t\t\t\t\t<div id=\"elementor-tab-title-1083\" class=\"elementor-tab-title\" data-tab=\"3\" role=\"button\" aria-controls=\"elementor-tab-content-1083\" aria-expanded=\"false\">\n\t\t\t\t\t\t\t\t\t\t\t\t\t<span class=\"elementor-accordion-icon elementor-accordion-icon-left\" aria-hidden=\"true\">\n\t\t\t\t\t\t\t\t\t\t\t\t\t\t\t<span class=\"elementor-accordion-icon-closed\"><i class=\"fas fa-plus\"><\/i><\/span>\n\t\t\t\t\t\t\t\t<span class=\"elementor-accordion-icon-opened\"><i class=\"fas fa-minus\"><\/i><\/span>\n\t\t\t\t\t\t\t\t\t\t\t\t\t\t<\/span>\n\t\t\t\t\t\t\t\t\t\t\t\t<a class=\"elementor-accordion-title\" tabindex=\"0\">En quoi le CCIAG contribue-t-il au d\u00e9veloppement r\u00e9gional ?<\/a>\n\t\t\t\t\t<\/div>\n\t\t\t\t\t<div id=\"elementor-tab-content-1083\" class=\"elementor-tab-content elementor-clearfix\" data-tab=\"3\" role=\"region\" aria-labelledby=\"elementor-tab-title-1083\"><p>En favorisant une gouvernance partag\u00e9e entre les ports, l\u2019\u00c9tat et les collectivit\u00e9s, le CCIAG permet de d\u00e9passer une approche strictement insulaire. Il contribue \u00e0 structurer une logistique plus r\u00e9siliente, \u00e0 am\u00e9liorer la r\u00e9gularit\u00e9 des dessertes maritimes et \u00e0 inscrire les territoires Antilles-Guyane dans une dynamique de coop\u00e9ration r\u00e9gionale \u00e9largie.<\/p><\/div>\n\t\t\t\t<\/div>\n\t\t\t\t\t\t\t\t<\/div>\n\t\t\t\t\t\t<\/div>\n\t\t\t\t<\/div>\n\t\t\t\t\t<\/div>\n\t\t<\/div>\n\t\t\t\t\t<\/div>\n\t\t<\/section>\n\t\t\t\t\t<\/div>\n\t\t<\/div>\n\t\t\t\t\t<\/div>\n\t\t<\/section>\n\t\t\t\t<\/div>\n\t\t","protected":false},"excerpt":{"rendered":"<p>Le Conseil de Coordination Interportuaire Antilles-Guyane (CCIAG) s\u2019est r\u00e9uni le 12 d\u00e9cembre 2025 \u00e0 l\u2019Habitation Le PALM en Martinique. Ce rendez-vous annuel, pr\u00e9vu par le Code des transports, est devenu un levier majeur de gouvernance interterritoriale entre la Guadeloupe, la Martinique et la Guyane. Port\u00e9 par l\u2019\u00c9tat et les trois Grands Ports Maritimes, le CCIAG [&hellip;]<\/p>\n","protected":false},"author":47,"featured_media":66627,"comment_status":"open","ping_status":"open","sticky":false,"template":"","format":"standard","meta":{"_acf_changed":false,"footnotes":""},"categories":[1723],"tags":[1545,1544,808],"class_list":["post-66626","post","type-post","status-publish","format-standard","has-post-thumbnail","hentry","category-maritime-fr","tag-guadeloupe-2","tag-guyane-2","tag-martinique-fr"],"acf":[],"_links":{"self":[{"href":"https:\/\/richeskarayib.com\/fr\/wp-json\/wp\/v2\/posts\/66626","targetHints":{"allow":["GET"]}}],"collection":[{"href":"https:\/\/richeskarayib.com\/fr\/wp-json\/wp\/v2\/posts"}],"about":[{"href":"https:\/\/richeskarayib.com\/fr\/wp-json\/wp\/v2\/types\/post"}],"author":[{"embeddable":true,"href":"https:\/\/richeskarayib.com\/fr\/wp-json\/wp\/v2\/users\/47"}],"replies":[{"embeddable":true,"href":"https:\/\/richeskarayib.com\/fr\/wp-json\/wp\/v2\/comments?post=66626"}],"version-history":[{"count":0,"href":"https:\/\/richeskarayib.com\/fr\/wp-json\/wp\/v2\/posts\/66626\/revisions"}],"wp:featuredmedia":[{"embeddable":true,"href":"https:\/\/richeskarayib.com\/fr\/wp-json\/wp\/v2\/media\/66627"}],"wp:attachment":[{"href":"https:\/\/richeskarayib.com\/fr\/wp-json\/wp\/v2\/media?parent=66626"}],"wp:term":[{"taxonomy":"category","embeddable":true,"href":"https:\/\/richeskarayib.com\/fr\/wp-json\/wp\/v2\/categories?post=66626"},{"taxonomy":"post_tag","embeddable":true,"href":"https:\/\/richeskarayib.com\/fr\/wp-json\/wp\/v2\/tags?post=66626"}],"curies":[{"name":"wp","href":"https:\/\/api.w.org\/{rel}","templated":true}]}}