{"id":66707,"date":"2025-12-15T12:22:42","date_gmt":"2025-12-15T16:22:42","guid":{"rendered":"https:\/\/richeskarayib.com\/?p=66707"},"modified":"2025-12-15T12:22:42","modified_gmt":"2025-12-15T16:22:42","slug":"mia-mottley-forbes-2025-leadership-femmes","status":"publish","type":"post","link":"https:\/\/richeskarayib.com\/fr\/mia-mottley-forbes-2025-leadership-femmes\/","title":{"rendered":"Barbade &#8211; Mia Mottley dans le Forbes 2025 : quand la Cara\u00efbe s\u2019invite au c\u0153ur du pouvoir mondial"},"content":{"rendered":"\t\t<div data-elementor-type=\"wp-post\" data-elementor-id=\"66707\" class=\"elementor elementor-66707\" data-elementor-post-type=\"post\">\n\t\t\t\t\t\t<section class=\"elementor-section elementor-top-section elementor-element elementor-element-7ca7ca1 elementor-section-boxed elementor-section-height-default elementor-section-height-default\" data-id=\"7ca7ca1\" data-element_type=\"section\">\n\t\t\t\t\t\t<div class=\"elementor-container elementor-column-gap-default\">\n\t\t\t\t\t<div class=\"elementor-column elementor-col-100 elementor-top-column elementor-element elementor-element-cbdd002\" data-id=\"cbdd002\" data-element_type=\"column\">\n\t\t\t<div class=\"elementor-widget-wrap elementor-element-populated\">\n\t\t\t\t\t\t<section class=\"elementor-section elementor-inner-section elementor-element elementor-element-bc94849 elementor-section-boxed elementor-section-height-default elementor-section-height-default\" data-id=\"bc94849\" data-element_type=\"section\">\n\t\t\t\t\t\t<div class=\"elementor-container elementor-column-gap-default\">\n\t\t\t\t\t\t<\/div>\n\t\t<\/section>\n\t\t\t\t<section class=\"elementor-section elementor-inner-section elementor-element elementor-element-61571e6 elementor-section-boxed elementor-section-height-default elementor-section-height-default\" data-id=\"61571e6\" data-element_type=\"section\">\n\t\t\t\t\t\t<div class=\"elementor-container elementor-column-gap-default\">\n\t\t\t\t\t\t<\/div>\n\t\t<\/section>\n\t\t\t\t<section class=\"elementor-section elementor-inner-section elementor-element elementor-element-b6262e0 elementor-section-boxed elementor-section-height-default elementor-section-height-default\" data-id=\"b6262e0\" data-element_type=\"section\">\n\t\t\t\t\t\t<div class=\"elementor-container elementor-column-gap-default\">\n\t\t\t\t\t\t<\/div>\n\t\t<\/section>\n\t\t\t\t<section class=\"elementor-section elementor-inner-section elementor-element elementor-element-cca29fd elementor-section-boxed elementor-section-height-default elementor-section-height-default\" data-id=\"cca29fd\" data-element_type=\"section\">\n\t\t\t\t\t\t<div class=\"elementor-container elementor-column-gap-default\">\n\t\t\t\t\t\t<\/div>\n\t\t<\/section>\n\t\t\t\t\t<\/div>\n\t\t<\/div>\n\t\t\t\t\t<\/div>\n\t\t<\/section>\n\t\t\t\t<section class=\"elementor-section elementor-top-section elementor-element elementor-element-82cd8f9 elementor-section-boxed elementor-section-height-default elementor-section-height-default\" data-id=\"82cd8f9\" data-element_type=\"section\">\n\t\t\t\t\t\t<div class=\"elementor-container elementor-column-gap-default\">\n\t\t\t\t\t<div class=\"elementor-column elementor-col-100 elementor-top-column elementor-element elementor-element-0bfdc38\" data-id=\"0bfdc38\" data-element_type=\"column\">\n\t\t\t<div class=\"elementor-widget-wrap elementor-element-populated\">\n\t\t\t\t\t\t<div class=\"elementor-element elementor-element-96caf50 elementor-widget elementor-widget-text-editor\" data-id=\"96caf50\" data-element_type=\"widget\" data-widget_type=\"text-editor.default\">\n\t\t\t\t<div class=\"elementor-widget-container\">\n\t\t\t\t\t\t\t\t\t<p><a href=\"https:\/\/www.facebook.com\/SupportMiaMottley\" target=\"_blank\" rel=\"noopener nofollow\"><b>Mia Mottley<\/b><\/a><span style=\"font-weight: 400;\"> figure dans la liste 2025 des <\/span><i><span style=\"font-weight: 400;\">100 femmes les plus puissantes au monde<\/span><\/i><span style=\"font-weight: 400;\"> publi\u00e9e par <\/span><i><span style=\"font-weight: 400;\">Forbes<\/span><\/i><span style=\"font-weight: 400;\">, o\u00f9 elle appara\u00eet \u00e0 la <\/span><b>99\u1d49 position<\/b><span style=\"font-weight: 400;\">. Derri\u00e8re ce chiffre, il y a bien plus qu\u2019un classement. Il y a le symbole d\u2019une Cara\u00efbe qui cesse d\u2019\u00eatre p\u00e9riph\u00e9rique dans les grandes d\u00e9cisions internationales et qui impose d\u00e9sormais ses priorit\u00e9s, ses urgences et sa vision.<\/span><\/p><p><span style=\"font-weight: 400;\">Pour une r\u00e9gion trop souvent cantonn\u00e9e aux marges du d\u00e9bat g\u00e9opolitique, cette reconnaissance agit comme un r\u00e9v\u00e9lateur. Elle montre que le pouvoir ne se mesure pas uniquement \u00e0 la taille d\u2019un territoire ou \u00e0 la puissance \u00e9conomique brute, mais aussi \u00e0 la capacit\u00e9 d\u2019influencer les r\u00e8gles du jeu.<\/span><\/p>\t\t\t\t\t\t\t\t<\/div>\n\t\t\t\t<\/div>\n\t\t\t\t<section class=\"elementor-section elementor-inner-section elementor-element elementor-element-c582330 elementor-section-boxed elementor-section-height-default elementor-section-height-default\" data-id=\"c582330\" data-element_type=\"section\">\n\t\t\t\t\t\t<div class=\"elementor-container elementor-column-gap-default\">\n\t\t\t\t\t\t<\/div>\n\t\t<\/section>\n\t\t\t\t<section class=\"elementor-section elementor-inner-section elementor-element elementor-element-296603a elementor-section-boxed elementor-section-height-default elementor-section-height-default\" data-id=\"296603a\" data-element_type=\"section\">\n\t\t\t\t\t\t<div class=\"elementor-container elementor-column-gap-default\">\n\t\t\t\t\t\t<\/div>\n\t\t<\/section>\n\t\t\t\t\t<\/div>\n\t\t<\/div>\n\t\t\t\t\t<\/div>\n\t\t<\/section>\n\t\t\t\t<section class=\"elementor-section elementor-top-section elementor-element elementor-element-5a7397d elementor-section-boxed elementor-section-height-default elementor-section-height-default\" data-id=\"5a7397d\" data-element_type=\"section\">\n\t\t\t\t\t\t<div class=\"elementor-container elementor-column-gap-default\">\n\t\t\t\t\t<div class=\"elementor-column elementor-col-100 elementor-top-column elementor-element elementor-element-8b33b4b\" data-id=\"8b33b4b\" data-element_type=\"column\">\n\t\t\t<div class=\"elementor-widget-wrap elementor-element-populated\">\n\t\t\t\t\t\t<div class=\"elementor-element elementor-element-89dac4b elementor-widget elementor-widget-heading\" data-id=\"89dac4b\" data-element_type=\"widget\" data-widget_type=\"heading.default\">\n\t\t\t\t<div class=\"elementor-widget-container\">\n\t\t\t\t\t<h2 class=\"elementor-heading-title elementor-size-default\">Une reconnaissance qui d\u00e9passe le cadre national<\/h2>\t\t\t\t<\/div>\n\t\t\t\t<\/div>\n\t\t\t\t<section class=\"elementor-section elementor-inner-section elementor-element elementor-element-e38f37c elementor-section-boxed elementor-section-height-default elementor-section-height-default\" data-id=\"e38f37c\" data-element_type=\"section\">\n\t\t\t\t\t\t<div class=\"elementor-container elementor-column-gap-default\">\n\t\t\t\t\t<div class=\"elementor-column elementor-col-100 elementor-inner-column elementor-element elementor-element-fefbbc4\" data-id=\"fefbbc4\" data-element_type=\"column\">\n\t\t\t<div class=\"elementor-widget-wrap elementor-element-populated\">\n\t\t\t\t\t\t<div class=\"elementor-element elementor-element-a922db8 elementor-widget elementor-widget-text-editor\" data-id=\"a922db8\" data-element_type=\"widget\" data-widget_type=\"text-editor.default\">\n\t\t\t\t<div class=\"elementor-widget-container\">\n\t\t\t\t\t\t\t\t\t<p><span style=\"font-weight: 400;\">La liste Forbes ne r\u00e9compense pas la popularit\u00e9. Elle identifie des femmes dont l\u2019influence s\u2019exerce concr\u00e8tement sur les d\u00e9cisions \u00e9conomiques, politiques et soci\u00e9tales \u00e0 l\u2019\u00e9chelle mondiale. Voir <\/span><b>Mia Mottley<\/b><span style=\"font-weight: 400;\"> y figurer revient \u00e0 reconna\u00eetre que la voix de la Barbade \u2014 et, au-del\u00e0, celle des \u00c9tats insulaires\u00a0 est d\u00e9sormais audible l\u00e0 o\u00f9 se discutent les grands \u00e9quilibres internationaux.<\/span><\/p><p><span style=\"font-weight: 400;\">Premi\u00e8re femme \u00e0 occuper le poste de Premi\u00e8re ministre de la Barbade, elle<\/span> <span style=\"font-weight: 400;\">s\u2019est impos\u00e9e comme une interlocutrice respect\u00e9e dans les forums internationaux. Son leadership repose sur une approche claire : nommer les d\u00e9s\u00e9quilibres, chiffrer les injustices et exiger des r\u00e9formes structurelles plut\u00f4t que des ajustements cosm\u00e9tiques.<\/span><\/p>\t\t\t\t\t\t\t\t<\/div>\n\t\t\t\t<\/div>\n\t\t\t\t<div class=\"elementor-element elementor-element-430e819 elementor-widget elementor-widget-image\" data-id=\"430e819\" data-element_type=\"widget\" data-widget_type=\"image.default\">\n\t\t\t\t<div class=\"elementor-widget-container\">\n\t\t\t\t\t\t\t\t\t\t\t\t\t\t\t<img fetchpriority=\"high\" decoding=\"async\" width=\"800\" height=\"1000\" src=\"https:\/\/richeskarayib.com\/wp-content\/uploads\/2025\/12\/\u00a9Mia-Amor-Mottley-1-819x1024.jpg\" class=\"attachment-large size-large wp-image-66712\" alt=\"Mia Mottley\" srcset=\"https:\/\/richeskarayib.com\/wp-content\/uploads\/2025\/12\/\u00a9Mia-Amor-Mottley-1-819x1024.jpg 819w, https:\/\/richeskarayib.com\/wp-content\/uploads\/2025\/12\/\u00a9Mia-Amor-Mottley-1-240x300.jpg 240w, https:\/\/richeskarayib.com\/wp-content\/uploads\/2025\/12\/\u00a9Mia-Amor-Mottley-1-768x960.jpg 768w, https:\/\/richeskarayib.com\/wp-content\/uploads\/2025\/12\/\u00a9Mia-Amor-Mottley-1.jpg 1200w\" sizes=\"(max-width: 800px) 100vw, 800px\" \/>\t\t\t\t\t\t\t\t\t\t\t\t\t\t\t<\/div>\n\t\t\t\t<\/div>\n\t\t\t\t\t<\/div>\n\t\t<\/div>\n\t\t\t\t\t<\/div>\n\t\t<\/section>\n\t\t\t\t\t<\/div>\n\t\t<\/div>\n\t\t\t\t\t<\/div>\n\t\t<\/section>\n\t\t\t\t<section class=\"elementor-section elementor-top-section elementor-element elementor-element-ceca32c elementor-section-boxed elementor-section-height-default elementor-section-height-default\" data-id=\"ceca32c\" data-element_type=\"section\">\n\t\t\t\t\t\t<div class=\"elementor-container elementor-column-gap-default\">\n\t\t\t\t\t<div class=\"elementor-column elementor-col-100 elementor-top-column elementor-element elementor-element-5a2e383\" data-id=\"5a2e383\" data-element_type=\"column\">\n\t\t\t<div class=\"elementor-widget-wrap elementor-element-populated\">\n\t\t\t\t\t\t<div class=\"elementor-element elementor-element-6cedf5f elementor-widget elementor-widget-heading\" data-id=\"6cedf5f\" data-element_type=\"widget\" data-widget_type=\"heading.default\">\n\t\t\t\t<div class=\"elementor-widget-container\">\n\t\t\t\t\t<h2 class=\"elementor-heading-title elementor-size-default\">Climat et dette : transformer la vuln\u00e9rabilit\u00e9 en force politique<\/h2>\t\t\t\t<\/div>\n\t\t\t\t<\/div>\n\t\t\t\t<div class=\"elementor-element elementor-element-e93d1fb elementor-widget elementor-widget-text-editor\" data-id=\"e93d1fb\" data-element_type=\"widget\" data-widget_type=\"text-editor.default\">\n\t\t\t\t<div class=\"elementor-widget-container\">\n\t\t\t\t\t\t\t\t\t<p><span style=\"font-weight: 400;\">Si le nom de <\/span><a href=\"https:\/\/www.gov.bb\/Government\/prime-minister\" target=\"_blank\" rel=\"noopener nofollow\"><b>Mia Mottley<\/b><\/a><span style=\"font-weight: 400;\"> circule avec autant de constance sur la sc\u00e8ne internationale, c\u2019est parce qu\u2019elle a su transformer une r\u00e9alit\u00e9 subie \u2014 l\u2019exposition des \u00eeles aux chocs climatiques et financiers \u2014 en argument politique structur\u00e9.<\/span><\/p><p><span style=\"font-weight: 400;\">\u00c0 travers la <\/span><a href=\"https:\/\/www.globalcitizen.org\/en\/content\/climate-change-bridgetown-initiative-mia-mottley\/?utm_source=paidsearch&amp;gad_source=1&amp;gad_campaignid=23282330047&amp;gbraid=0AAAAACnN8Mx-pXX_6WgB4UoUJ355gxk-V&amp;gclid=Cj0KCQiAgP_JBhD-ARIsANpEMxxfXmnkh-5jTJadjdWbznZ0Hi5LIYm_j_4ZfG6OO2HkOQpwbvW1Q34aApBxEALw_wcB\" target=\"_blank\" rel=\"noopener nofollow\"><b>Bridgetown Initiative<\/b><\/a><span style=\"font-weight: 400;\">, la Barbade a port\u00e9 un discours frontal sur la n\u00e9cessit\u00e9 de r\u00e9former l\u2019architecture financi\u00e8re internationale. Le constat est simple : les pays les plus expos\u00e9s aux effets du changement climatique sont aussi ceux qui paient le plus cher pour se financer apr\u00e8s une catastrophe. Ouragans, mont\u00e9e des eaux, s\u00e9cheresses ne sont pas des \u00e9v\u00e9nements abstraits, mais des r\u00e9alit\u00e9s qui alourdissent la dette et fragilisent durablement les \u00e9conomies.<\/span><\/p>\t\t\t\t\t\t\t\t<\/div>\n\t\t\t\t<\/div>\n\t\t\t\t<div class=\"elementor-element elementor-element-ef69f5d elementor-widget elementor-widget-text-editor\" data-id=\"ef69f5d\" data-element_type=\"widget\" data-widget_type=\"text-editor.default\">\n\t\t\t\t<div class=\"elementor-widget-container\">\n\t\t\t\t\t\t\t\t\t<p><span style=\"font-weight: 400;\">En mettant ces sujets sur la table, elle<\/span> <span style=\"font-weight: 400;\">ne plaide pas pour une exception carib\u00e9enne, mais pour un syst\u00e8me plus coh\u00e9rent, capable d\u2019int\u00e9grer le risque climatique dans ses m\u00e9canismes de financement. Cette capacit\u00e9 \u00e0 lier technique financi\u00e8re et r\u00e9alit\u00e9 humaine est l\u2019un des ressorts majeurs de son influence.<\/span><\/p>\t\t\t\t\t\t\t\t<\/div>\n\t\t\t\t<\/div>\n\t\t\t\t\t<\/div>\n\t\t<\/div>\n\t\t\t\t\t<\/div>\n\t\t<\/section>\n\t\t\t\t<section class=\"elementor-section elementor-top-section elementor-element elementor-element-9c88a89 elementor-section-boxed elementor-section-height-default elementor-section-height-default\" data-id=\"9c88a89\" data-element_type=\"section\">\n\t\t\t\t\t\t<div class=\"elementor-container elementor-column-gap-default\">\n\t\t\t\t\t<div class=\"elementor-column elementor-col-100 elementor-top-column elementor-element elementor-element-78cf5d1\" data-id=\"78cf5d1\" data-element_type=\"column\">\n\t\t\t<div class=\"elementor-widget-wrap elementor-element-populated\">\n\t\t\t\t\t\t<div class=\"elementor-element elementor-element-ea2a5c1 elementor-widget elementor-widget-heading\" data-id=\"ea2a5c1\" data-element_type=\"widget\" data-widget_type=\"heading.default\">\n\t\t\t\t<div class=\"elementor-widget-container\">\n\t\t\t\t\t<h2 class=\"elementor-heading-title elementor-size-default\">La puissance des femmes carib\u00e9ennes, loin des clich\u00e9s\n<\/h2>\t\t\t\t<\/div>\n\t\t\t\t<\/div>\n\t\t\t\t<section class=\"elementor-section elementor-inner-section elementor-element elementor-element-a9449d8 elementor-section-boxed elementor-section-height-default elementor-section-height-default\" data-id=\"a9449d8\" data-element_type=\"section\">\n\t\t\t\t\t\t<div class=\"elementor-container elementor-column-gap-default\">\n\t\t\t\t\t<div class=\"elementor-column elementor-col-100 elementor-inner-column elementor-element elementor-element-1cac7ee\" data-id=\"1cac7ee\" data-element_type=\"column\">\n\t\t\t<div class=\"elementor-widget-wrap elementor-element-populated\">\n\t\t\t\t\t\t<div class=\"elementor-element elementor-element-e305eee elementor-widget elementor-widget-text-editor\" data-id=\"e305eee\" data-element_type=\"widget\" data-widget_type=\"text-editor.default\">\n\t\t\t\t<div class=\"elementor-widget-container\">\n\t\t\t\t\t\t\t\t\t<p><span style=\"font-weight: 400;\">La reconnaissance de <\/span><b>Mia Mottley<\/b><span style=\"font-weight: 400;\"> par Forbes ouvre aussi un d\u00e9bat plus large sur la puissance des femmes carib\u00e9ennes. Longtemps, leur leadership a \u00e9t\u00e9 sous-estim\u00e9, souvent r\u00e9duit \u00e0 des r\u00f4les de m\u00e9diation ou de gestion locale. Pourtant, dans les administrations, les entreprises, les organisations r\u00e9gionales et la soci\u00e9t\u00e9 civile, les femmes de la Cara\u00efbe d\u00e9montrent une capacit\u00e9 remarquable \u00e0 travailler dans des contextes contraints, instables et expos\u00e9s.<\/span><\/p><p><span style=\"font-weight: 400;\">Ce leadership se distingue par sa <\/span><b>pragmatie<\/b><span style=\"font-weight: 400;\">, son <\/span><b>endurance<\/b><span style=\"font-weight: 400;\"> et sa <\/span><b>capacit\u00e9 d\u2019adaptation<\/b><span style=\"font-weight: 400;\">. Il ne s\u2019agit pas d\u2019un pouvoir spectaculaire, mais d\u2019une influence patiente, construite sur la dur\u00e9e. Elle<\/span> <span style=\"font-weight: 400;\">en est une illustration \u00e0 l\u2019\u00e9chelle internationale : elle avance avec constance, sans renoncer \u00e0 la fermet\u00e9, et sans \u00e9dulcorer les r\u00e9alit\u00e9s qu\u2019elle d\u00e9crit.<\/span><\/p>\t\t\t\t\t\t\t\t<\/div>\n\t\t\t\t<\/div>\n\t\t\t\t\t<\/div>\n\t\t<\/div>\n\t\t\t\t\t<\/div>\n\t\t<\/section>\n\t\t\t\t<section class=\"elementor-section elementor-inner-section elementor-element elementor-element-8afe5ff elementor-section-boxed elementor-section-height-default elementor-section-height-default\" data-id=\"8afe5ff\" data-element_type=\"section\">\n\t\t\t\t\t\t<div class=\"elementor-container elementor-column-gap-default\">\n\t\t\t\t\t<div class=\"elementor-column elementor-col-50 elementor-inner-column elementor-element elementor-element-cf74fb4\" data-id=\"cf74fb4\" data-element_type=\"column\">\n\t\t\t<div class=\"elementor-widget-wrap elementor-element-populated\">\n\t\t\t\t\t\t<div class=\"elementor-element elementor-element-e99a757 elementor-widget elementor-widget-image\" data-id=\"e99a757\" data-element_type=\"widget\" data-widget_type=\"image.default\">\n\t\t\t\t<div class=\"elementor-widget-container\">\n\t\t\t\t\t\t\t\t\t\t\t\t<figure class=\"wp-caption\">\n\t\t\t\t\t\t\t\t\t\t<img decoding=\"async\" width=\"800\" height=\"534\" src=\"https:\/\/richeskarayib.com\/wp-content\/uploads\/2025\/12\/Mia-Amor-Mottley-1024x683.jpg\" class=\"attachment-large size-large wp-image-66716\" alt=\"Mia Mottley\" srcset=\"https:\/\/richeskarayib.com\/wp-content\/uploads\/2025\/12\/Mia-Amor-Mottley-1024x683.jpg 1024w, https:\/\/richeskarayib.com\/wp-content\/uploads\/2025\/12\/Mia-Amor-Mottley-300x200.jpg 300w, https:\/\/richeskarayib.com\/wp-content\/uploads\/2025\/12\/Mia-Amor-Mottley-768x512.jpg 768w, https:\/\/richeskarayib.com\/wp-content\/uploads\/2025\/12\/Mia-Amor-Mottley-1536x1025.jpg 1536w, https:\/\/richeskarayib.com\/wp-content\/uploads\/2025\/12\/Mia-Amor-Mottley-1320x881.jpg 1320w, https:\/\/richeskarayib.com\/wp-content\/uploads\/2025\/12\/Mia-Amor-Mottley.jpg 1920w\" sizes=\"(max-width: 800px) 100vw, 800px\" \/>\t\t\t\t\t\t\t\t\t\t\t<figcaption class=\"widget-image-caption wp-caption-text\">\u00a9Mia Amor Mottley<\/figcaption>\n\t\t\t\t\t\t\t\t\t\t<\/figure>\n\t\t\t\t\t\t\t\t\t<\/div>\n\t\t\t\t<\/div>\n\t\t\t\t\t<\/div>\n\t\t<\/div>\n\t\t\t\t<div class=\"elementor-column elementor-col-50 elementor-inner-column elementor-element elementor-element-a065a76\" data-id=\"a065a76\" data-element_type=\"column\">\n\t\t\t<div class=\"elementor-widget-wrap elementor-element-populated\">\n\t\t\t\t\t\t<div class=\"elementor-element elementor-element-77791e8 elementor-widget elementor-widget-image\" data-id=\"77791e8\" data-element_type=\"widget\" data-widget_type=\"image.default\">\n\t\t\t\t<div class=\"elementor-widget-container\">\n\t\t\t\t\t\t\t\t\t\t\t\t<figure class=\"wp-caption\">\n\t\t\t\t\t\t\t\t\t\t<img decoding=\"async\" width=\"800\" height=\"534\" src=\"https:\/\/richeskarayib.com\/wp-content\/uploads\/2025\/12\/\u00a9Mia-Amor-Mottley-3-1024x683.jpg\" class=\"attachment-large size-large wp-image-66720\" alt=\"Mia Mottley\" srcset=\"https:\/\/richeskarayib.com\/wp-content\/uploads\/2025\/12\/\u00a9Mia-Amor-Mottley-3-1024x683.jpg 1024w, https:\/\/richeskarayib.com\/wp-content\/uploads\/2025\/12\/\u00a9Mia-Amor-Mottley-3-300x200.jpg 300w, https:\/\/richeskarayib.com\/wp-content\/uploads\/2025\/12\/\u00a9Mia-Amor-Mottley-3-768x512.jpg 768w, https:\/\/richeskarayib.com\/wp-content\/uploads\/2025\/12\/\u00a9Mia-Amor-Mottley-3-1536x1024.jpg 1536w, https:\/\/richeskarayib.com\/wp-content\/uploads\/2025\/12\/\u00a9Mia-Amor-Mottley-3-1320x880.jpg 1320w, https:\/\/richeskarayib.com\/wp-content\/uploads\/2025\/12\/\u00a9Mia-Amor-Mottley-3.jpg 1920w\" sizes=\"(max-width: 800px) 100vw, 800px\" \/>\t\t\t\t\t\t\t\t\t\t\t<figcaption class=\"widget-image-caption wp-caption-text\">\u00a9Mia Amor Mottley<\/figcaption>\n\t\t\t\t\t\t\t\t\t\t<\/figure>\n\t\t\t\t\t\t\t\t\t<\/div>\n\t\t\t\t<\/div>\n\t\t\t\t\t<\/div>\n\t\t<\/div>\n\t\t\t\t\t<\/div>\n\t\t<\/section>\n\t\t\t\t\t<\/div>\n\t\t<\/div>\n\t\t\t\t\t<\/div>\n\t\t<\/section>\n\t\t\t\t<section class=\"elementor-section elementor-top-section elementor-element elementor-element-a2a4424 elementor-section-boxed elementor-section-height-default elementor-section-height-default\" data-id=\"a2a4424\" data-element_type=\"section\">\n\t\t\t\t\t\t<div class=\"elementor-container elementor-column-gap-default\">\n\t\t\t\t\t<div class=\"elementor-column elementor-col-100 elementor-top-column elementor-element elementor-element-e97ec8d\" data-id=\"e97ec8d\" data-element_type=\"column\">\n\t\t\t<div class=\"elementor-widget-wrap elementor-element-populated\">\n\t\t\t\t\t\t<div class=\"elementor-element elementor-element-5dab382 elementor-widget elementor-widget-heading\" data-id=\"5dab382\" data-element_type=\"widget\" data-widget_type=\"heading.default\">\n\t\t\t\t<div class=\"elementor-widget-container\">\n\t\t\t\t\t<h2 class=\"elementor-heading-title elementor-size-default\">Ce que cette reconnaissance change pour l\u2019image de la Cara\u00efbe<\/h2>\t\t\t\t<\/div>\n\t\t\t\t<\/div>\n\t\t\t\t<section class=\"elementor-section elementor-inner-section elementor-element elementor-element-f543e08 elementor-section-boxed elementor-section-height-default elementor-section-height-default\" data-id=\"f543e08\" data-element_type=\"section\">\n\t\t\t\t\t\t<div class=\"elementor-container elementor-column-gap-default\">\n\t\t\t\t\t<div class=\"elementor-column elementor-col-100 elementor-inner-column elementor-element elementor-element-bd8c942\" data-id=\"bd8c942\" data-element_type=\"column\">\n\t\t\t<div class=\"elementor-widget-wrap elementor-element-populated\">\n\t\t\t\t\t\t<div class=\"elementor-element elementor-element-38c028e elementor-widget elementor-widget-text-editor\" data-id=\"38c028e\" data-element_type=\"widget\" data-widget_type=\"text-editor.default\">\n\t\t\t\t<div class=\"elementor-widget-container\">\n\t\t\t\t\t\t\t\t\t<p><span style=\"font-weight: 400;\">L\u2019entr\u00e9e de <\/span><a href=\"https:\/\/richeskarayib.com\/fr\/barbade-mia-mottley-aura-une-femme-exception\/\" target=\"_blank\" rel=\"noopener\"><b>Mia Mottley<\/b><\/a><span style=\"font-weight: 400;\"> dans le classement Forbes 2025 ne transforme pas instantan\u00e9ment les rapports de force mondiaux. Mais elle contribue \u00e0 modifier la perception de la Cara\u00efbe. La r\u00e9gion n\u2019est plus seulement un espace vuln\u00e9rable \u00e0 prot\u00e9ger, mais un territoire capable de produire des id\u00e9es, des cadres de r\u00e9flexion et des solutions exportables.<\/span><\/p><p><span style=\"font-weight: 400;\">Elle rappelle aussi que l\u2019influence ne se limite pas aux capitales des grandes puissances. Elle peut \u00e9merger d\u2019\u00eeles de moins de 300 000 habitants, \u00e0 condition d\u2019avoir des leaders capables de parler \u00e0 la fois le langage des chiffres, des institutions et des r\u00e9alit\u00e9s humaines.<\/span><\/p>\t\t\t\t\t\t\t\t<\/div>\n\t\t\t\t<\/div>\n\t\t\t\t\t<\/div>\n\t\t<\/div>\n\t\t\t\t\t<\/div>\n\t\t<\/section>\n\t\t\t\t<section class=\"elementor-section elementor-inner-section elementor-element elementor-element-1dd305f elementor-section-boxed elementor-section-height-default elementor-section-height-default\" data-id=\"1dd305f\" data-element_type=\"section\">\n\t\t\t\t\t\t<div class=\"elementor-container elementor-column-gap-default\">\n\t\t\t\t\t<div class=\"elementor-column elementor-col-100 elementor-inner-column elementor-element elementor-element-4e769d8\" data-id=\"4e769d8\" data-element_type=\"column\">\n\t\t\t<div class=\"elementor-widget-wrap elementor-element-populated\">\n\t\t\t\t\t\t<div class=\"elementor-element elementor-element-a8ad255 elementor-widget elementor-widget-image\" data-id=\"a8ad255\" data-element_type=\"widget\" data-widget_type=\"image.default\">\n\t\t\t\t<div class=\"elementor-widget-container\">\n\t\t\t\t\t\t\t\t\t\t\t\t<figure class=\"wp-caption\">\n\t\t\t\t\t\t\t\t\t\t<img loading=\"lazy\" decoding=\"async\" width=\"800\" height=\"678\" src=\"https:\/\/richeskarayib.com\/wp-content\/uploads\/2025\/12\/\u00a9Mia-Amor-Mottley-1024x868.jpg\" class=\"attachment-large size-large wp-image-66724\" alt=\"Mia Mottley\" srcset=\"https:\/\/richeskarayib.com\/wp-content\/uploads\/2025\/12\/\u00a9Mia-Amor-Mottley-1024x868.jpg 1024w, https:\/\/richeskarayib.com\/wp-content\/uploads\/2025\/12\/\u00a9Mia-Amor-Mottley-300x254.jpg 300w, https:\/\/richeskarayib.com\/wp-content\/uploads\/2025\/12\/\u00a9Mia-Amor-Mottley-768x651.jpg 768w, https:\/\/richeskarayib.com\/wp-content\/uploads\/2025\/12\/\u00a9Mia-Amor-Mottley.jpg 1116w\" sizes=\"(max-width: 800px) 100vw, 800px\" \/>\t\t\t\t\t\t\t\t\t\t\t<figcaption class=\"widget-image-caption wp-caption-text\">\u00a9Mia Amor Mottley<\/figcaption>\n\t\t\t\t\t\t\t\t\t\t<\/figure>\n\t\t\t\t\t\t\t\t\t<\/div>\n\t\t\t\t<\/div>\n\t\t\t\t\t<\/div>\n\t\t<\/div>\n\t\t\t\t\t<\/div>\n\t\t<\/section>\n\t\t\t\t\t<\/div>\n\t\t<\/div>\n\t\t\t\t\t<\/div>\n\t\t<\/section>\n\t\t\t\t<section class=\"elementor-section elementor-top-section elementor-element elementor-element-0efc5d9 elementor-section-boxed elementor-section-height-default elementor-section-height-default\" data-id=\"0efc5d9\" data-element_type=\"section\">\n\t\t\t\t\t\t<div class=\"elementor-container elementor-column-gap-default\">\n\t\t\t\t\t<div class=\"elementor-column elementor-col-100 elementor-top-column elementor-element elementor-element-f32de2f\" data-id=\"f32de2f\" data-element_type=\"column\">\n\t\t\t<div class=\"elementor-widget-wrap elementor-element-populated\">\n\t\t\t\t\t\t<div class=\"elementor-element elementor-element-cb492e6 elementor-widget elementor-widget-heading\" data-id=\"cb492e6\" data-element_type=\"widget\" data-widget_type=\"heading.default\">\n\t\t\t\t<div class=\"elementor-widget-container\">\n\t\t\t\t\t<h2 class=\"elementor-heading-title elementor-size-default\">Une le\u00e7on de leadership au-del\u00e0 des classements<\/h2>\t\t\t\t<\/div>\n\t\t\t\t<\/div>\n\t\t\t\t<section class=\"elementor-section elementor-inner-section elementor-element elementor-element-4f7c10e elementor-section-boxed elementor-section-height-default elementor-section-height-default\" data-id=\"4f7c10e\" data-element_type=\"section\">\n\t\t\t\t\t\t<div class=\"elementor-container elementor-column-gap-default\">\n\t\t\t\t\t<div class=\"elementor-column elementor-col-100 elementor-inner-column elementor-element elementor-element-539eb3a\" data-id=\"539eb3a\" data-element_type=\"column\">\n\t\t\t<div class=\"elementor-widget-wrap elementor-element-populated\">\n\t\t\t\t\t\t<div class=\"elementor-element elementor-element-8050bd3 elementor-widget elementor-widget-text-editor\" data-id=\"8050bd3\" data-element_type=\"widget\" data-widget_type=\"text-editor.default\">\n\t\t\t\t<div class=\"elementor-widget-container\">\n\t\t\t\t\t\t\t\t\t<p><span style=\"font-weight: 400;\">Le rang n\u00b099 n\u2019est pas une fin en soi. Il marque une \u00e9tape dans une trajectoire qui d\u00e9passe largement une distinction m\u00e9diatique. <\/span><\/p><p><b>Mia Mottley<\/b><span style=\"font-weight: 400;\"> incarne une mani\u00e8re de gouverner qui combine vision, responsabilit\u00e9 et courage politique.<\/span><\/p><p><span style=\"font-weight: 400;\">Pour la Cara\u00efbe, cette reconnaissance envoie un message clair : la r\u00e9gion peut compter, non par le bruit, mais par la coh\u00e9rence de ses combats et la cr\u00e9dibilit\u00e9 de ses voix. Et dans ce mouvement, les femmes carib\u00e9ennes occupent une place centrale, souvent discr\u00e8te, mais d\u00e9sormais impossible \u00e0 ignorer.<\/span><\/p>\t\t\t\t\t\t\t\t<\/div>\n\t\t\t\t<\/div>\n\t\t\t\t<div class=\"elementor-element elementor-element-2b63d5f elementor-widget elementor-widget-heading\" data-id=\"2b63d5f\" data-element_type=\"widget\" data-widget_type=\"heading.default\">\n\t\t\t\t<div class=\"elementor-widget-container\">\n\t\t\t\t\t<h2 class=\"elementor-heading-title elementor-size-default\">FAQ<\/h2>\t\t\t\t<\/div>\n\t\t\t\t<\/div>\n\t\t\t\t\t<\/div>\n\t\t<\/div>\n\t\t\t\t\t<\/div>\n\t\t<\/section>\n\t\t\t\t<section class=\"elementor-section elementor-inner-section elementor-element elementor-element-edb7449 elementor-section-boxed elementor-section-height-default elementor-section-height-default\" data-id=\"edb7449\" data-element_type=\"section\">\n\t\t\t\t\t\t<div class=\"elementor-container elementor-column-gap-default\">\n\t\t\t\t\t<div class=\"elementor-column elementor-col-100 elementor-inner-column elementor-element elementor-element-ba42a95\" data-id=\"ba42a95\" data-element_type=\"column\">\n\t\t\t<div class=\"elementor-widget-wrap elementor-element-populated\">\n\t\t\t\t\t\t<div class=\"elementor-element elementor-element-d7ccd1f elementor-widget elementor-widget-accordion\" data-id=\"d7ccd1f\" data-element_type=\"widget\" data-widget_type=\"accordion.default\">\n\t\t\t\t<div class=\"elementor-widget-container\">\n\t\t\t\t\t\t\t<div class=\"elementor-accordion\">\n\t\t\t\t\t\t\t<div class=\"elementor-accordion-item\">\n\t\t\t\t\t<div id=\"elementor-tab-title-2261\" class=\"elementor-tab-title\" data-tab=\"1\" role=\"button\" aria-controls=\"elementor-tab-content-2261\" aria-expanded=\"false\">\n\t\t\t\t\t\t\t\t\t\t\t\t\t<span class=\"elementor-accordion-icon elementor-accordion-icon-left\" aria-hidden=\"true\">\n\t\t\t\t\t\t\t\t\t\t\t\t\t\t\t<span class=\"elementor-accordion-icon-closed\"><i class=\"fas fa-plus\"><\/i><\/span>\n\t\t\t\t\t\t\t\t<span class=\"elementor-accordion-icon-opened\"><i class=\"fas fa-minus\"><\/i><\/span>\n\t\t\t\t\t\t\t\t\t\t\t\t\t\t<\/span>\n\t\t\t\t\t\t\t\t\t\t\t\t<a class=\"elementor-accordion-title\" tabindex=\"0\">Pourquoi Mia Mottley figure-t-elle dans la liste Forbes 2025 des femmes les plus puissantes ?<\/a>\n\t\t\t\t\t<\/div>\n\t\t\t\t\t<div id=\"elementor-tab-content-2261\" class=\"elementor-tab-content elementor-clearfix\" data-tab=\"1\" role=\"region\" aria-labelledby=\"elementor-tab-title-2261\"><p><span style=\"font-weight: 400;\">Elle\u00a0 est reconnue pour son influence sur la sc\u00e8ne internationale, notamment gr\u00e2ce \u00e0 son plaidoyer en faveur de la justice climatique et d\u2019une r\u00e9forme du syst\u00e8me financier mondial. En tant que Premi\u00e8re ministre de la Barbade, elle a su porter des enjeux carib\u00e9ens dans des forums o\u00f9 ils \u00e9taient jusque-l\u00e0 marginalis\u00e9s, ce qui explique sa pr\u00e9sence dans le classement Forbes 2025.<\/span><\/p><\/div>\n\t\t\t\t<\/div>\n\t\t\t\t\t\t\t<div class=\"elementor-accordion-item\">\n\t\t\t\t\t<div id=\"elementor-tab-title-2262\" class=\"elementor-tab-title\" data-tab=\"2\" role=\"button\" aria-controls=\"elementor-tab-content-2262\" aria-expanded=\"false\">\n\t\t\t\t\t\t\t\t\t\t\t\t\t<span class=\"elementor-accordion-icon elementor-accordion-icon-left\" aria-hidden=\"true\">\n\t\t\t\t\t\t\t\t\t\t\t\t\t\t\t<span class=\"elementor-accordion-icon-closed\"><i class=\"fas fa-plus\"><\/i><\/span>\n\t\t\t\t\t\t\t\t<span class=\"elementor-accordion-icon-opened\"><i class=\"fas fa-minus\"><\/i><\/span>\n\t\t\t\t\t\t\t\t\t\t\t\t\t\t<\/span>\n\t\t\t\t\t\t\t\t\t\t\t\t<a class=\"elementor-accordion-title\" tabindex=\"0\">Que repr\u00e9sente cette reconnaissance pour la Cara\u00efbe ?<\/a>\n\t\t\t\t\t<\/div>\n\t\t\t\t\t<div id=\"elementor-tab-content-2262\" class=\"elementor-tab-content elementor-clearfix\" data-tab=\"2\" role=\"region\" aria-labelledby=\"elementor-tab-title-2262\"><p><span style=\"font-weight: 400;\">\u00a0L\u2019entr\u00e9e de Mia Mottley dans ce classement symbolise la capacit\u00e9 de la Cara\u00efbe \u00e0 peser dans les grandes d\u00e9cisions mondiales. Elle montre que les territoires insulaires ne sont pas seulement des espaces vuln\u00e9rables, mais aussi des acteurs capables de proposer des solutions cr\u00e9dibles face aux d\u00e9fis climatiques, \u00e9conomiques et sociaux.<\/span><\/p><\/div>\n\t\t\t\t<\/div>\n\t\t\t\t\t\t\t<div class=\"elementor-accordion-item\">\n\t\t\t\t\t<div id=\"elementor-tab-title-2263\" class=\"elementor-tab-title\" data-tab=\"3\" role=\"button\" aria-controls=\"elementor-tab-content-2263\" aria-expanded=\"false\">\n\t\t\t\t\t\t\t\t\t\t\t\t\t<span class=\"elementor-accordion-icon elementor-accordion-icon-left\" aria-hidden=\"true\">\n\t\t\t\t\t\t\t\t\t\t\t\t\t\t\t<span class=\"elementor-accordion-icon-closed\"><i class=\"fas fa-plus\"><\/i><\/span>\n\t\t\t\t\t\t\t\t<span class=\"elementor-accordion-icon-opened\"><i class=\"fas fa-minus\"><\/i><\/span>\n\t\t\t\t\t\t\t\t\t\t\t\t\t\t<\/span>\n\t\t\t\t\t\t\t\t\t\t\t\t<a class=\"elementor-accordion-title\" tabindex=\"0\">En quoi Mia Mottley incarne-t-elle la puissance des femmes carib\u00e9ennes ?<\/a>\n\t\t\t\t\t<\/div>\n\t\t\t\t\t<div id=\"elementor-tab-content-2263\" class=\"elementor-tab-content elementor-clearfix\" data-tab=\"3\" role=\"region\" aria-labelledby=\"elementor-tab-title-2263\"><p><span style=\"font-weight: 400;\">Elle illustre un leadership fond\u00e9 sur la clart\u00e9, la pers\u00e9v\u00e9rance et la strat\u00e9gie. Son parcours met en lumi\u00e8re la place centrale des femmes carib\u00e9ennes dans la gouvernance, la diplomatie et la transformation sociale, et contribue \u00e0 renforcer leur visibilit\u00e9 et leur l\u00e9gitimit\u00e9 sur la sc\u00e8ne internationale.<\/span><\/p><\/div>\n\t\t\t\t<\/div>\n\t\t\t\t\t\t\t\t<\/div>\n\t\t\t\t\t\t<\/div>\n\t\t\t\t<\/div>\n\t\t\t\t\t<\/div>\n\t\t<\/div>\n\t\t\t\t\t<\/div>\n\t\t<\/section>\n\t\t\t\t\t<\/div>\n\t\t<\/div>\n\t\t\t\t\t<\/div>\n\t\t<\/section>\n\t\t\t\t<\/div>\n\t\t","protected":false},"excerpt":{"rendered":"<p>Mia Mottley figure dans la liste 2025 des 100 femmes les plus puissantes au monde publi\u00e9e par Forbes, o\u00f9 elle appara\u00eet \u00e0 la 99\u1d49 position. Derri\u00e8re ce chiffre, il y a bien plus qu\u2019un classement. Il y a le symbole d\u2019une Cara\u00efbe qui cesse d\u2019\u00eatre p\u00e9riph\u00e9rique dans les grandes d\u00e9cisions internationales et qui impose d\u00e9sormais [&hellip;]<\/p>\n","protected":false},"author":662,"featured_media":66708,"comment_status":"open","ping_status":"open","sticky":false,"template":"","format":"standard","meta":{"_acf_changed":false,"footnotes":""},"categories":[840],"tags":[1544],"class_list":["post-66707","post","type-post","status-publish","format-standard","has-post-thumbnail","hentry","category-actus","tag-guyane-2"],"acf":[],"_links":{"self":[{"href":"https:\/\/richeskarayib.com\/fr\/wp-json\/wp\/v2\/posts\/66707","targetHints":{"allow":["GET"]}}],"collection":[{"href":"https:\/\/richeskarayib.com\/fr\/wp-json\/wp\/v2\/posts"}],"about":[{"href":"https:\/\/richeskarayib.com\/fr\/wp-json\/wp\/v2\/types\/post"}],"author":[{"embeddable":true,"href":"https:\/\/richeskarayib.com\/fr\/wp-json\/wp\/v2\/users\/662"}],"replies":[{"embeddable":true,"href":"https:\/\/richeskarayib.com\/fr\/wp-json\/wp\/v2\/comments?post=66707"}],"version-history":[{"count":0,"href":"https:\/\/richeskarayib.com\/fr\/wp-json\/wp\/v2\/posts\/66707\/revisions"}],"wp:featuredmedia":[{"embeddable":true,"href":"https:\/\/richeskarayib.com\/fr\/wp-json\/wp\/v2\/media\/66708"}],"wp:attachment":[{"href":"https:\/\/richeskarayib.com\/fr\/wp-json\/wp\/v2\/media?parent=66707"}],"wp:term":[{"taxonomy":"category","embeddable":true,"href":"https:\/\/richeskarayib.com\/fr\/wp-json\/wp\/v2\/categories?post=66707"},{"taxonomy":"post_tag","embeddable":true,"href":"https:\/\/richeskarayib.com\/fr\/wp-json\/wp\/v2\/tags?post=66707"}],"curies":[{"name":"wp","href":"https:\/\/api.w.org\/{rel}","templated":true}]}}