{"id":66732,"date":"2025-12-18T11:06:16","date_gmt":"2025-12-18T15:06:16","guid":{"rendered":"https:\/\/richeskarayib.com\/?p=66732"},"modified":"2025-12-22T06:04:02","modified_gmt":"2025-12-22T10:04:02","slug":"alefpa-redonner-place-dignite-antilles","status":"publish","type":"post","link":"https:\/\/richeskarayib.com\/fr\/alefpa-redonner-place-dignite-antilles\/","title":{"rendered":"ALEFPA : redonner sa place \u00e0 chaque personne"},"content":{"rendered":"\t\t<div data-elementor-type=\"wp-post\" data-elementor-id=\"66732\" class=\"elementor elementor-66732\" data-elementor-post-type=\"post\">\n\t\t\t\t\t\t<section class=\"elementor-section elementor-top-section elementor-element elementor-element-7ca7ca1 elementor-section-boxed elementor-section-height-default elementor-section-height-default\" data-id=\"7ca7ca1\" data-element_type=\"section\">\n\t\t\t\t\t\t<div class=\"elementor-container elementor-column-gap-default\">\n\t\t\t\t\t<div class=\"elementor-column elementor-col-100 elementor-top-column elementor-element elementor-element-cbdd002\" data-id=\"cbdd002\" data-element_type=\"column\">\n\t\t\t<div class=\"elementor-widget-wrap elementor-element-populated\">\n\t\t\t\t\t\t<section class=\"elementor-section elementor-inner-section elementor-element elementor-element-bc94849 elementor-section-boxed elementor-section-height-default elementor-section-height-default\" data-id=\"bc94849\" data-element_type=\"section\">\n\t\t\t\t\t\t<div class=\"elementor-container elementor-column-gap-default\">\n\t\t\t\t\t\t<\/div>\n\t\t<\/section>\n\t\t\t\t<section class=\"elementor-section elementor-inner-section elementor-element elementor-element-61571e6 elementor-section-boxed elementor-section-height-default elementor-section-height-default\" data-id=\"61571e6\" data-element_type=\"section\">\n\t\t\t\t\t\t<div class=\"elementor-container elementor-column-gap-default\">\n\t\t\t\t\t\t<\/div>\n\t\t<\/section>\n\t\t\t\t<section class=\"elementor-section elementor-inner-section elementor-element elementor-element-b6262e0 elementor-section-boxed elementor-section-height-default elementor-section-height-default\" data-id=\"b6262e0\" data-element_type=\"section\">\n\t\t\t\t\t\t<div class=\"elementor-container elementor-column-gap-default\">\n\t\t\t\t\t\t<\/div>\n\t\t<\/section>\n\t\t\t\t<section class=\"elementor-section elementor-inner-section elementor-element elementor-element-cca29fd elementor-section-boxed elementor-section-height-default elementor-section-height-default\" data-id=\"cca29fd\" data-element_type=\"section\">\n\t\t\t\t\t\t<div class=\"elementor-container elementor-column-gap-default\">\n\t\t\t\t\t\t<\/div>\n\t\t<\/section>\n\t\t\t\t\t<\/div>\n\t\t<\/div>\n\t\t\t\t\t<\/div>\n\t\t<\/section>\n\t\t\t\t<section class=\"elementor-section elementor-top-section elementor-element elementor-element-ee72354 elementor-section-boxed elementor-section-height-default elementor-section-height-default\" data-id=\"ee72354\" data-element_type=\"section\">\n\t\t\t\t\t\t<div class=\"elementor-container elementor-column-gap-default\">\n\t\t\t\t\t<div class=\"elementor-column elementor-col-100 elementor-top-column elementor-element elementor-element-c59d6fe\" data-id=\"c59d6fe\" data-element_type=\"column\">\n\t\t\t<div class=\"elementor-widget-wrap elementor-element-populated\">\n\t\t\t\t\t\t<div class=\"elementor-element elementor-element-e57451f elementor-widget elementor-widget-text-editor\" data-id=\"e57451f\" data-element_type=\"widget\" data-widget_type=\"text-editor.default\">\n\t\t\t\t<div class=\"elementor-widget-container\">\n\t\t\t\t\t\t\t\t\t<p><span style=\"font-weight: 400;\">L\u2019<a href=\"https:\/\/www.alefpa.fr\/\" target=\"_blank\" rel=\"noopener nofollow\">ALEFPA<\/a> \u2013 Association La\u00efque pour l\u2019\u00c9ducation, la Formation, la Pr\u00e9vention et l\u2019Autonomie \u2013 porte une conviction simple : <\/span><b>personne ne doit \u00eatre r\u00e9duit \u00e0 sa fragilit\u00e9<\/b><span style=\"font-weight: 400;\">. <\/span><span style=\"font-weight: 400;\">Derri\u00e8re chaque histoire, chaque silence, chaque difficult\u00e9, il y a une personne qui cherche un appui, un espace o\u00f9 se reconstruire, un regard qui ne juge pas.<\/span><\/p><p><span style=\"font-weight: 400;\">Enfants plac\u00e9s, adultes en grande vuln\u00e9rabilit\u00e9, personnes en situation de handicap, femmes victimes de violences, a\u00een\u00e9s isol\u00e9s : quelle que soit l\u2019histoire, l\u2019ALEFPA apporte ce qui devient essentiel quand tout vacille \u2014 un endroit o\u00f9 se poser et des professionnels qui restent \u00e0 vos c\u00f4t\u00e9s.<\/span><\/p>\t\t\t\t\t\t\t\t<\/div>\n\t\t\t\t<\/div>\n\t\t\t\t<div class=\"elementor-element elementor-element-c6d4f26 elementor-widget elementor-widget-text-editor\" data-id=\"c6d4f26\" data-element_type=\"widget\" data-widget_type=\"text-editor.default\">\n\t\t\t\t<div class=\"elementor-widget-container\">\n\t\t\t\t\t\t\t\t\t<p><span style=\"font-weight: 400;\">Aux Antilles \u2013 en Martinique, Saint-Martin et Guadeloupe y compris Marie-Galante \u2013 cette mission prend une dimension encore plus intime. Les \u00e9quipes y travaillent au plus pr\u00e8s des r\u00e9alit\u00e9s du terrain, au rythme des vies, des urgences, des \u00eeles et de leurs cultures. Elles connaissent les acteurs sociaux, les habitudes locales, les manques, les forces, les solidarit\u00e9s invisibles.<\/span><\/p><p><span style=\"font-weight: 400;\">Les \u00e9quipes de l\u2019ALEFPA y \u0153uvrent avec une conviction forte : accompagner pour redonner une place, une dignit\u00e9, un rythme, un avenir.<\/span><\/p>\t\t\t\t\t\t\t\t<\/div>\n\t\t\t\t<\/div>\n\t\t\t\t\t<\/div>\n\t\t<\/div>\n\t\t\t\t\t<\/div>\n\t\t<\/section>\n\t\t\t\t<section class=\"elementor-section elementor-top-section elementor-element elementor-element-82cd8f9 elementor-section-boxed elementor-section-height-default elementor-section-height-default\" data-id=\"82cd8f9\" data-element_type=\"section\">\n\t\t\t\t\t\t<div class=\"elementor-container elementor-column-gap-default\">\n\t\t\t\t\t<div class=\"elementor-column elementor-col-100 elementor-top-column elementor-element elementor-element-0bfdc38\" data-id=\"0bfdc38\" data-element_type=\"column\">\n\t\t\t<div class=\"elementor-widget-wrap elementor-element-populated\">\n\t\t\t\t\t\t<div class=\"elementor-element elementor-element-7d292fe elementor-widget elementor-widget-heading\" data-id=\"7d292fe\" data-element_type=\"widget\" data-widget_type=\"heading.default\">\n\t\t\t\t<div class=\"elementor-widget-container\">\n\t\t\t\t\t<h2 class=\"elementor-heading-title elementor-size-default\">Une gouvernance ancr\u00e9e dans l\u2019humain\n<\/h2>\t\t\t\t<\/div>\n\t\t\t\t<\/div>\n\t\t\t\t<div class=\"elementor-element elementor-element-8e337bf elementor-widget elementor-widget-text-editor\" data-id=\"8e337bf\" data-element_type=\"widget\" data-widget_type=\"text-editor.default\">\n\t\t\t\t<div class=\"elementor-widget-container\">\n\t\t\t\t\t\t\t\t\t<p><strong>\u00c0 la t\u00eate de l\u2019association, le pr\u00e9sident de l\u2019ALEFPA, Daniel Dubois, le directeur Olivier Baron et le responsable Antilles, Michel Cailloux, partagent une vision commune : l\u2019action sociale n\u2019a de sens que si elle reste proche du terrain et des personnes accompagn\u00e9es. <\/strong><\/p>\t\t\t\t\t\t\t\t<\/div>\n\t\t\t\t<\/div>\n\t\t\t\t<div class=\"elementor-element elementor-element-deb7adb elementor-widget elementor-widget-text-editor\" data-id=\"deb7adb\" data-element_type=\"widget\" data-widget_type=\"text-editor.default\">\n\t\t\t\t<div class=\"elementor-widget-container\">\n\t\t\t\t\t\t\t\t\t<p><b>Daniel Dubois <\/b><span style=\"font-weight: 400;\">incarne cette approche.<\/span><\/p><p><span style=\"font-weight: 400;\">\u00c9ducateur sp\u00e9cialis\u00e9 de formation, ancien chef de service, directeur d\u2019\u00e9tablissement, directeur g\u00e9n\u00e9ral, puis Pr\u00e9sident de cette grande association, il conna\u00eet chaque \u00e9tage du travail social. \u00ab Quand on voit le sourire des personnes que l\u2019on accompagne, c\u2019est notre salaire \u00bb, confie-t-il.<\/span><\/p><p><span style=\"font-weight: 400;\">Cette phrase r\u00e9sume l\u2019esprit qui guide chaque d\u00e9cision de l\u2019ALEFPA<\/span><b>.<\/b><\/p><p><span style=\"font-weight: 400;\">Lors de dernier s\u00e9jour aux Antilles, les dirigeants retrouvent une identit\u00e9 carib\u00e9enne forte, chaleureuse, o\u00f9 la singularit\u00e9 est v\u00e9cue comme une richesse. <\/span><\/p>\t\t\t\t\t\t\t\t<\/div>\n\t\t\t\t<\/div>\n\t\t\t\t<div class=\"elementor-element elementor-element-0898459 elementor-widget elementor-widget-text-editor\" data-id=\"0898459\" data-element_type=\"widget\" data-widget_type=\"text-editor.default\">\n\t\t\t\t<div class=\"elementor-widget-container\">\n\t\t\t\t\t\t\t\t\t<p><strong>Olivier Baron <\/strong><span style=\"font-weight: 400;\">rappelle souvent que l\u2019ALEFPA accompagne \u201cde 6 mois \u00e0 101 ans\u201d, une mani\u00e8re de souligner la diversit\u00e9 des vies soutenues par l\u2019association.\u00a0<\/span><\/p><p><span style=\"font-weight: 400;\">Lors du dernier s\u00e9minaire, il a d\u2019ailleurs mis en avant une expression cr\u00e9ole qui en a \u00e9t\u00e9 le fil conducteur : \u201cS\u00e9 an lanmen ka lave l\u00f2t.\u201d Une main lave l\u2019autre. Une mani\u00e8re simple et puissante de rappeler que l\u2019on avance toujours mieux ensemble, dans l\u2019esprit du \u201cfaire ensemble\u201d qui guide l\u2019ALEFPA.<\/span><\/p>\t\t\t\t\t\t\t\t<\/div>\n\t\t\t\t<\/div>\n\t\t\t\t<div class=\"elementor-element elementor-element-6130032 elementor-widget elementor-widget-text-editor\" data-id=\"6130032\" data-element_type=\"widget\" data-widget_type=\"text-editor.default\">\n\t\t\t\t<div class=\"elementor-widget-container\">\n\t\t\t\t\t\t\t\t\t<p><b>Michel Cailloux<\/b><span style=\"font-weight: 400;\">, bas\u00e9 en Guadeloupe, <\/span><span style=\"font-weight: 400;\">joue un r\u00f4le essentiel : pr\u00e9sence quotidienne, soutien aux \u00e9quipes, compr\u00e9hension fine des r\u00e9alit\u00e9s insulaires. Il fait remonter ce que vivent les professionnels, mais aussi ce que disent les territoires.<\/span><\/p><p><span style=\"font-weight: 400;\">Ensemble, ils appliquent une m\u00e9thode claire : \u00e9couter avant d\u2019agir, adapter chaque projet \u00e0 la r\u00e9alit\u00e9 des \u00eeles, et construire des solutions qui respectent les rythmes, les cultures et les besoins de chaque communaut\u00e9.<\/span><\/p>\t\t\t\t\t\t\t\t<\/div>\n\t\t\t\t<\/div>\n\t\t\t\t<section class=\"elementor-section elementor-inner-section elementor-element elementor-element-c582330 elementor-section-boxed elementor-section-height-default elementor-section-height-default\" data-id=\"c582330\" data-element_type=\"section\">\n\t\t\t\t\t\t<div class=\"elementor-container elementor-column-gap-default\">\n\t\t\t\t\t\t<\/div>\n\t\t<\/section>\n\t\t\t\t<section class=\"elementor-section elementor-inner-section elementor-element elementor-element-296603a elementor-section-boxed elementor-section-height-default elementor-section-height-default\" data-id=\"296603a\" data-element_type=\"section\">\n\t\t\t\t\t\t<div class=\"elementor-container elementor-column-gap-default\">\n\t\t\t\t\t\t<\/div>\n\t\t<\/section>\n\t\t\t\t\t<\/div>\n\t\t<\/div>\n\t\t\t\t\t<\/div>\n\t\t<\/section>\n\t\t\t\t<section class=\"elementor-section elementor-top-section elementor-element elementor-element-5a7397d elementor-section-boxed elementor-section-height-default elementor-section-height-default\" data-id=\"5a7397d\" data-element_type=\"section\">\n\t\t\t\t\t\t<div class=\"elementor-container elementor-column-gap-default\">\n\t\t\t\t\t<div class=\"elementor-column elementor-col-100 elementor-top-column elementor-element elementor-element-8b33b4b\" data-id=\"8b33b4b\" data-element_type=\"column\">\n\t\t\t<div class=\"elementor-widget-wrap elementor-element-populated\">\n\t\t\t\t\t\t<div class=\"elementor-element elementor-element-89dac4b elementor-widget elementor-widget-heading\" data-id=\"89dac4b\" data-element_type=\"widget\" data-widget_type=\"heading.default\">\n\t\t\t\t<div class=\"elementor-widget-container\">\n\t\t\t\t\t<h2 class=\"elementor-heading-title elementor-size-default\">\u00c0 Saint-Martin, cr\u00e9er un espace o\u00f9 l\u2019on peut souffler<\/h2>\t\t\t\t<\/div>\n\t\t\t\t<\/div>\n\t\t\t\t<div class=\"elementor-element elementor-element-43a45ac elementor-widget elementor-widget-text-editor\" data-id=\"43a45ac\" data-element_type=\"widget\" data-widget_type=\"text-editor.default\">\n\t\t\t\t<div class=\"elementor-widget-container\">\n\t\t\t\t\t\t\t\t\t<p><span style=\"font-weight: 400;\">\u00c0 Saint\u2011Martin, l\u2019ALEFPA accompagne des adultes dont les parcours sont souvent marqu\u00e9s par des ruptures profondes, des ann\u00e9es de pr\u00e9carit\u00e9 ou d\u2019errance. Lors de sa derni\u00e8re visite, Daniel Dubois a \u00e9t\u00e9 frapp\u00e9 par l\u2019\u00e9tat des locaux : malgr\u00e9 l\u2019engagement remarquable des \u00e9quipes, le lieu n\u2019offrait plus les conditions d\u2019accueil dignes que ces personnes devraient trouver lorsqu\u2019elles cherchent \u00e0 se stabiliser.<\/span><\/p><p><span style=\"font-weight: 400;\">De ce constat est n\u00e9e une d\u00e9cision forte : transformer l\u2019\u00e9tablissement en une v\u00e9ritable <\/span><a href=\"https:\/\/www.facebook.com\/Alefpa.asso\/photos\/dans-la-perspective-du-projet-de-la-cit%C3%A9-de-la-dignit%C3%A9-%C3%A0-saint-martin-h%C3%A9l%C3%A8ne-mic\/854741473120436\/?_rdr\" target=\"_blank\" rel=\"noopener nofollow\"><b>Cit\u00e9 de la dignit\u00e9<\/b><\/a><span style=\"font-weight: 400;\">. Ce projet vise \u00e0 repenser totalement l\u2019espace pour offrir davantage de confort, d\u2019intimit\u00e9 et de respect \u2014 trois \u00e9l\u00e9ments essentiels pour permettre \u00e0 quelqu\u2019un de reprendre souffle.<\/span><\/p>\t\t\t\t\t\t\t\t<\/div>\n\t\t\t\t<\/div>\n\t\t\t\t<div class=\"elementor-element elementor-element-ff8c81b elementor-widget elementor-widget-text-editor\" data-id=\"ff8c81b\" data-element_type=\"widget\" data-widget_type=\"text-editor.default\">\n\t\t\t\t<div class=\"elementor-widget-container\">\n\t\t\t\t\t\t\t\t\t<p><span style=\"font-weight: 400;\">La future Cit\u00e9 offrira un cadre plus chaleureux, mieux adapt\u00e9 aux besoins du quotidien, et un accompagnement structur\u00e9 pour aider chacun \u00e0 retrouver des rep\u00e8res, r\u00e9organiser sa vie et reconstruire progressivement sa confiance. Ici, l\u2019objectif n\u2019est pas seulement d\u2019h\u00e9berger, mais de cr\u00e9er un lieu o\u00f9 l\u2019on peut enfin se poser, respirer et envisager un lendemain plus stable.<\/span><\/p><p><span style=\"font-weight: 400;\">Par ailleurs, pr\u00e8s de 700 personnes d\u00e9pendent chaque semaine de l\u2019\u00e9picerie solidaire de l\u2019ALEFPA. Un chiffre qui dit, \u00e0 lui seul, l\u2019importance de renforcer les conditions d\u2019accueil pour que chacun puisse retrouver un espace o\u00f9 se poser, reprendre souffle et reconstruire un minimum de stabilit\u00e9.<\/span><\/p>\t\t\t\t\t\t\t\t<\/div>\n\t\t\t\t<\/div>\n\t\t\t\t\t<\/div>\n\t\t<\/div>\n\t\t\t\t\t<\/div>\n\t\t<\/section>\n\t\t\t\t<section class=\"elementor-section elementor-top-section elementor-element elementor-element-ceca32c elementor-section-boxed elementor-section-height-default elementor-section-height-default\" data-id=\"ceca32c\" data-element_type=\"section\">\n\t\t\t\t\t\t<div class=\"elementor-container elementor-column-gap-default\">\n\t\t\t\t\t<div class=\"elementor-column elementor-col-100 elementor-top-column elementor-element elementor-element-5a2e383\" data-id=\"5a2e383\" data-element_type=\"column\">\n\t\t\t<div class=\"elementor-widget-wrap elementor-element-populated\">\n\t\t\t\t\t\t<div class=\"elementor-element elementor-element-6cedf5f elementor-widget elementor-widget-heading\" data-id=\"6cedf5f\" data-element_type=\"widget\" data-widget_type=\"heading.default\">\n\t\t\t\t<div class=\"elementor-widget-container\">\n\t\t\t\t\t<h2 class=\"elementor-heading-title elementor-size-default\">En Martinique, avancer vers une nouvelle stabilit\u00e9<\/h2>\t\t\t\t<\/div>\n\t\t\t\t<\/div>\n\t\t\t\t<section class=\"elementor-section elementor-inner-section elementor-element elementor-element-bc0026a elementor-section-boxed elementor-section-height-default elementor-section-height-default\" data-id=\"bc0026a\" data-element_type=\"section\">\n\t\t\t\t\t\t<div class=\"elementor-container elementor-column-gap-default\">\n\t\t\t\t\t<div class=\"elementor-column elementor-col-50 elementor-inner-column elementor-element elementor-element-420059a\" data-id=\"420059a\" data-element_type=\"column\">\n\t\t\t<div class=\"elementor-widget-wrap elementor-element-populated\">\n\t\t\t\t\t\t<div class=\"elementor-element elementor-element-e93d1fb elementor-widget elementor-widget-text-editor\" data-id=\"e93d1fb\" data-element_type=\"widget\" data-widget_type=\"text-editor.default\">\n\t\t\t\t<div class=\"elementor-widget-container\">\n\t\t\t\t\t\t\t\t\t<p>\u00a0<\/p><p><b>En Martinique, l\u2019ALEFPA accompagne des hommes qui sortent de longues p\u00e9riodes d\u2019errance ou d\u2019instabilit\u00e9, souvent apr\u00e8s un v\u00e9cu marqu\u00e9 par la rue ou des fragilit\u00e9s psychiques.<\/b><\/p>\t\t\t\t\t\t\t\t<\/div>\n\t\t\t\t<\/div>\n\t\t\t\t<div class=\"elementor-element elementor-element-99bfa51 elementor-widget elementor-widget-text-editor\" data-id=\"99bfa51\" data-element_type=\"widget\" data-widget_type=\"text-editor.default\">\n\t\t\t\t<div class=\"elementor-widget-container\">\n\t\t\t\t\t\t\t\t\t<p><span style=\"font-weight: 400;\">Beaucoup ont la m\u00eame sensation : <\/span><span style=\"font-weight: 400;\">Pour certains, cela faisait des ann\u00e9es qu\u2019ils n\u2019avaient pas dormi derri\u00e8re une porte qui se ferme, retrouv\u00e9 un rythme, pris soin d\u2019eux.<\/span><\/p><p><span style=\"font-weight: 400;\">Ces avanc\u00e9es modestes \u2014 un repas chaud, un lit, une routine \u2014 sont souvent le point de d\u00e9part d\u2019une reconstruction profonde.<\/span><\/p>\t\t\t\t\t\t\t\t<\/div>\n\t\t\t\t<\/div>\n\t\t\t\t\t<\/div>\n\t\t<\/div>\n\t\t\t\t<div class=\"elementor-column elementor-col-50 elementor-inner-column elementor-element elementor-element-1f61979\" data-id=\"1f61979\" data-element_type=\"column\">\n\t\t\t<div class=\"elementor-widget-wrap elementor-element-populated\">\n\t\t\t\t\t\t<div class=\"elementor-element elementor-element-6158c6b elementor-widget elementor-widget-image\" data-id=\"6158c6b\" data-element_type=\"widget\" data-widget_type=\"image.default\">\n\t\t\t\t<div class=\"elementor-widget-container\">\n\t\t\t\t\t\t\t\t\t\t\t\t<figure class=\"wp-caption\">\n\t\t\t\t\t\t\t\t\t\t<img fetchpriority=\"high\" decoding=\"async\" width=\"800\" height=\"475\" src=\"https:\/\/richeskarayib.com\/wp-content\/uploads\/2025\/12\/251028-Visite-O-Baron-et-Daniel-Dubois-SMJPM-Martinique-1024x608.jpeg\" class=\"attachment-large size-large wp-image-66753\" alt=\"ALEFPA\" srcset=\"https:\/\/richeskarayib.com\/wp-content\/uploads\/2025\/12\/251028-Visite-O-Baron-et-Daniel-Dubois-SMJPM-Martinique-1024x608.jpeg 1024w, https:\/\/richeskarayib.com\/wp-content\/uploads\/2025\/12\/251028-Visite-O-Baron-et-Daniel-Dubois-SMJPM-Martinique-300x178.jpeg 300w, https:\/\/richeskarayib.com\/wp-content\/uploads\/2025\/12\/251028-Visite-O-Baron-et-Daniel-Dubois-SMJPM-Martinique-768x456.jpeg 768w, https:\/\/richeskarayib.com\/wp-content\/uploads\/2025\/12\/251028-Visite-O-Baron-et-Daniel-Dubois-SMJPM-Martinique.jpeg 1263w\" sizes=\"(max-width: 800px) 100vw, 800px\" \/>\t\t\t\t\t\t\t\t\t\t\t<figcaption class=\"widget-image-caption wp-caption-text\">Visite O Baron et Daniel Dubois SMJPM Martinique<\/figcaption>\n\t\t\t\t\t\t\t\t\t\t<\/figure>\n\t\t\t\t\t\t\t\t\t<\/div>\n\t\t\t\t<\/div>\n\t\t\t\t\t<\/div>\n\t\t<\/div>\n\t\t\t\t\t<\/div>\n\t\t<\/section>\n\t\t\t\t<section class=\"elementor-section elementor-inner-section elementor-element elementor-element-d698f4e elementor-section-boxed elementor-section-height-default elementor-section-height-default\" data-id=\"d698f4e\" data-element_type=\"section\">\n\t\t\t\t\t\t<div class=\"elementor-container elementor-column-gap-default\">\n\t\t\t\t\t<div class=\"elementor-column elementor-col-50 elementor-inner-column elementor-element elementor-element-e22c4f6\" data-id=\"e22c4f6\" data-element_type=\"column\">\n\t\t\t<div class=\"elementor-widget-wrap elementor-element-populated\">\n\t\t\t\t\t\t<div class=\"elementor-element elementor-element-aa24be8 elementor-widget elementor-widget-text-editor\" data-id=\"aa24be8\" data-element_type=\"widget\" data-widget_type=\"text-editor.default\">\n\t\t\t\t<div class=\"elementor-widget-container\">\n\t\t\t\t\t\t\t\t\t<p><span style=\"font-weight: 400;\">Prochainement, un centre d\u2019accueil pour personnes sortant de d\u00e9tention ouvrira \u00e0 Fort-de-France, \u00e0 proximit\u00e9 du tribunal.<\/span><\/p><p><span style=\"font-weight: 400;\"><br \/><\/span><span style=\"font-weight: 400;\">Ce lieu offrira une transition s\u00e9curis\u00e9e : \u00e9coute, accompagnement, rep\u00e8res, orientation et soutien dans les d\u00e9marches essentielles.<\/span><\/p>\t\t\t\t\t\t\t\t<\/div>\n\t\t\t\t<\/div>\n\t\t\t\t<div class=\"elementor-element elementor-element-fec5510 elementor-widget elementor-widget-text-editor\" data-id=\"fec5510\" data-element_type=\"widget\" data-widget_type=\"text-editor.default\">\n\t\t\t\t<div class=\"elementor-widget-container\">\n\t\t\t\t\t\t\t\t\t<p><b>La Kou Rosalie-Soleil (Cour Rosalie-Soleil), situ\u00e9e dans un autre secteur de Fort-de-France, accueille des femmes victimes de violences conjugales ou intrafamiliales.<\/b><\/p><p><b><\/b><span style=\"font-weight: 400;\">L\u2019accompagnement se fait au rythme de chacune, sans brusquer, en recr\u00e9ant d\u2019abord un environnement protecteur. Les \u00e9quipes offrent \u00e9coute, soutien psychologique, s\u00e9curisation mat\u00e9rielle et travail vers l\u2019autonomie.<\/span><\/p><p><span style=\"font-weight: 400;\"> Chaque histoire est unique, chaque progression est valoris\u00e9e.<\/span><\/p>\t\t\t\t\t\t\t\t<\/div>\n\t\t\t\t<\/div>\n\t\t\t\t\t<\/div>\n\t\t<\/div>\n\t\t\t\t<div class=\"elementor-column elementor-col-50 elementor-inner-column elementor-element elementor-element-87fd9d3\" data-id=\"87fd9d3\" data-element_type=\"column\">\n\t\t\t<div class=\"elementor-widget-wrap elementor-element-populated\">\n\t\t\t\t\t\t<div class=\"elementor-element elementor-element-2405b87 elementor-widget elementor-widget-image\" data-id=\"2405b87\" data-element_type=\"widget\" data-widget_type=\"image.default\">\n\t\t\t\t<div class=\"elementor-widget-container\">\n\t\t\t\t\t\t\t\t\t\t\t\t<figure class=\"wp-caption\">\n\t\t\t\t\t\t\t\t\t\t<img decoding=\"async\" width=\"800\" height=\"600\" src=\"https:\/\/richeskarayib.com\/wp-content\/uploads\/2025\/12\/Signature-a-la-SIMAR-Martinique.jpg\" class=\"attachment-large size-large wp-image-66757\" alt=\"ALEFPA\" srcset=\"https:\/\/richeskarayib.com\/wp-content\/uploads\/2025\/12\/Signature-a-la-SIMAR-Martinique.jpg 1020w, https:\/\/richeskarayib.com\/wp-content\/uploads\/2025\/12\/Signature-a-la-SIMAR-Martinique-300x225.jpg 300w, https:\/\/richeskarayib.com\/wp-content\/uploads\/2025\/12\/Signature-a-la-SIMAR-Martinique-768x576.jpg 768w\" sizes=\"(max-width: 800px) 100vw, 800px\" \/>\t\t\t\t\t\t\t\t\t\t\t<figcaption class=\"widget-image-caption wp-caption-text\">Signature a\u0300 la SIMAR Martinique<\/figcaption>\n\t\t\t\t\t\t\t\t\t\t<\/figure>\n\t\t\t\t\t\t\t\t\t<\/div>\n\t\t\t\t<\/div>\n\t\t\t\t\t<\/div>\n\t\t<\/div>\n\t\t\t\t\t<\/div>\n\t\t<\/section>\n\t\t\t\t\t<\/div>\n\t\t<\/div>\n\t\t\t\t\t<\/div>\n\t\t<\/section>\n\t\t\t\t<section class=\"elementor-section elementor-top-section elementor-element elementor-element-9c88a89 elementor-section-boxed elementor-section-height-default elementor-section-height-default\" data-id=\"9c88a89\" data-element_type=\"section\">\n\t\t\t\t\t\t<div class=\"elementor-container elementor-column-gap-default\">\n\t\t\t\t\t<div class=\"elementor-column elementor-col-100 elementor-top-column elementor-element elementor-element-78cf5d1\" data-id=\"78cf5d1\" data-element_type=\"column\">\n\t\t\t<div class=\"elementor-widget-wrap elementor-element-populated\">\n\t\t\t\t\t\t<div class=\"elementor-element elementor-element-ea2a5c1 elementor-widget elementor-widget-heading\" data-id=\"ea2a5c1\" data-element_type=\"widget\" data-widget_type=\"heading.default\">\n\t\t\t\t<div class=\"elementor-widget-container\">\n\t\t\t\t\t<h2 class=\"elementor-heading-title elementor-size-default\">En Guadeloupe, y compris \u00e0 Marie-Galante, l\u2019insertion par les talents locaux\n<\/h2>\t\t\t\t<\/div>\n\t\t\t\t<\/div>\n\t\t\t\t<section class=\"elementor-section elementor-inner-section elementor-element elementor-element-df891c7 elementor-section-boxed elementor-section-height-default elementor-section-height-default\" data-id=\"df891c7\" data-element_type=\"section\">\n\t\t\t\t\t\t<div class=\"elementor-container elementor-column-gap-default\">\n\t\t\t\t\t<div class=\"elementor-column elementor-col-50 elementor-inner-column elementor-element elementor-element-8447c0b\" data-id=\"8447c0b\" data-element_type=\"column\">\n\t\t\t<div class=\"elementor-widget-wrap elementor-element-populated\">\n\t\t\t\t\t\t<div class=\"elementor-element elementor-element-e305eee elementor-widget elementor-widget-text-editor\" data-id=\"e305eee\" data-element_type=\"widget\" data-widget_type=\"text-editor.default\">\n\t\t\t\t<div class=\"elementor-widget-container\">\n\t\t\t\t\t\t\t\t\t<p><span style=\"font-weight: 400;\">En Guadeloupe et \u00e0 Marie\u2011Galante, l\u2019ALEFPA mise sur les richesses du territoire pour accompagner les personnes vers plus d\u2019autonomie. <\/span><\/p><p><span style=\"font-weight: 400;\">Ici, l\u2019insertion passe par les savoir\u2011faire locaux, les gestes ancestraux, la terre, l\u2019eau, la transformation des produits du pays. <\/span><\/p><p><span style=\"font-weight: 400;\">Dans les ESAT et les structures d\u2019insertion, les ateliers deviennent des espaces de fiert\u00e9, o\u00f9 chacun retrouve une utilit\u00e9, un rythme, une place.<\/span><\/p><p><span style=\"font-weight: 400;\">On y cultive des jardins cr\u00e9oles sans pesticides, on y transforme des fruits locaux, on y produit des farines traditionnelles, on y fait s\u00e9cher des fruits du pays.<\/span><\/p><p><span style=\"font-weight: 400;\"> L\u2019Aquaponie, install\u00e9e parfois jusque dans les \u00e9coles, permet aux enfants de nourrir les poissons et de r\u00e9colter les salades : un apprentissage concret, durable, qui reconnecte au vivant et au territoire.<\/span><\/p>\t\t\t\t\t\t\t\t<\/div>\n\t\t\t\t<\/div>\n\t\t\t\t\t<\/div>\n\t\t<\/div>\n\t\t\t\t<div class=\"elementor-column elementor-col-50 elementor-inner-column elementor-element elementor-element-26cc42f\" data-id=\"26cc42f\" data-element_type=\"column\">\n\t\t\t<div class=\"elementor-widget-wrap elementor-element-populated\">\n\t\t\t\t\t\t<div class=\"elementor-element elementor-element-93ce555 elementor-widget elementor-widget-image\" data-id=\"93ce555\" data-element_type=\"widget\" data-widget_type=\"image.default\">\n\t\t\t\t<div class=\"elementor-widget-container\">\n\t\t\t\t\t\t\t\t\t\t\t\t<figure class=\"wp-caption\">\n\t\t\t\t\t\t\t\t\t\t<img decoding=\"async\" width=\"800\" height=\"600\" src=\"https:\/\/richeskarayib.com\/wp-content\/uploads\/2025\/12\/Aquaponie-ESAT-La-Ravine-bleu@alefpa-1024x768.jpg\" class=\"attachment-large size-large wp-image-66741\" alt=\"ALEFPA\" srcset=\"https:\/\/richeskarayib.com\/wp-content\/uploads\/2025\/12\/Aquaponie-ESAT-La-Ravine-bleu@alefpa-1024x768.jpg 1024w, https:\/\/richeskarayib.com\/wp-content\/uploads\/2025\/12\/Aquaponie-ESAT-La-Ravine-bleu@alefpa-300x225.jpg 300w, https:\/\/richeskarayib.com\/wp-content\/uploads\/2025\/12\/Aquaponie-ESAT-La-Ravine-bleu@alefpa-768x576.jpg 768w, https:\/\/richeskarayib.com\/wp-content\/uploads\/2025\/12\/Aquaponie-ESAT-La-Ravine-bleu@alefpa.jpg 1280w\" sizes=\"(max-width: 800px) 100vw, 800px\" \/>\t\t\t\t\t\t\t\t\t\t\t<figcaption class=\"widget-image-caption wp-caption-text\">Aquaponie ESAT La Ravine bleu @alefpa<\/figcaption>\n\t\t\t\t\t\t\t\t\t\t<\/figure>\n\t\t\t\t\t\t\t\t\t<\/div>\n\t\t\t\t<\/div>\n\t\t\t\t\t<\/div>\n\t\t<\/div>\n\t\t\t\t\t<\/div>\n\t\t<\/section>\n\t\t\t\t<section class=\"elementor-section elementor-inner-section elementor-element elementor-element-369aed4 elementor-section-boxed elementor-section-height-default elementor-section-height-default\" data-id=\"369aed4\" data-element_type=\"section\">\n\t\t\t\t\t\t<div class=\"elementor-container elementor-column-gap-default\">\n\t\t\t\t\t<div class=\"elementor-column elementor-col-50 elementor-inner-column elementor-element elementor-element-5b5c5eb\" data-id=\"5b5c5eb\" data-element_type=\"column\">\n\t\t\t<div class=\"elementor-widget-wrap elementor-element-populated\">\n\t\t\t\t\t\t<div class=\"elementor-element elementor-element-710444c elementor-widget elementor-widget-image\" data-id=\"710444c\" data-element_type=\"widget\" data-widget_type=\"image.default\">\n\t\t\t\t<div class=\"elementor-widget-container\">\n\t\t\t\t\t\t\t\t\t\t\t\t<figure class=\"wp-caption\">\n\t\t\t\t\t\t\t\t\t\t<img loading=\"lazy\" decoding=\"async\" width=\"800\" height=\"600\" src=\"https:\/\/richeskarayib.com\/wp-content\/uploads\/2025\/12\/Aquaponie-ESAT-La-Ravine-bleue-@alefpa4-1024x768.jpg\" class=\"attachment-large size-large wp-image-66745\" alt=\"ALEFPA\" srcset=\"https:\/\/richeskarayib.com\/wp-content\/uploads\/2025\/12\/Aquaponie-ESAT-La-Ravine-bleue-@alefpa4-1024x768.jpg 1024w, https:\/\/richeskarayib.com\/wp-content\/uploads\/2025\/12\/Aquaponie-ESAT-La-Ravine-bleue-@alefpa4-300x225.jpg 300w, https:\/\/richeskarayib.com\/wp-content\/uploads\/2025\/12\/Aquaponie-ESAT-La-Ravine-bleue-@alefpa4-768x576.jpg 768w, https:\/\/richeskarayib.com\/wp-content\/uploads\/2025\/12\/Aquaponie-ESAT-La-Ravine-bleue-@alefpa4-1536x1152.jpg 1536w, https:\/\/richeskarayib.com\/wp-content\/uploads\/2025\/12\/Aquaponie-ESAT-La-Ravine-bleue-@alefpa4-1320x990.jpg 1320w, https:\/\/richeskarayib.com\/wp-content\/uploads\/2025\/12\/Aquaponie-ESAT-La-Ravine-bleue-@alefpa4.jpg 1920w\" sizes=\"(max-width: 800px) 100vw, 800px\" \/>\t\t\t\t\t\t\t\t\t\t\t<figcaption class=\"widget-image-caption wp-caption-text\">Aquaponie ESAT La Ravine bleue @alefpa<\/figcaption>\n\t\t\t\t\t\t\t\t\t\t<\/figure>\n\t\t\t\t\t\t\t\t\t<\/div>\n\t\t\t\t<\/div>\n\t\t\t\t\t<\/div>\n\t\t<\/div>\n\t\t\t\t<div class=\"elementor-column elementor-col-50 elementor-inner-column elementor-element elementor-element-3fb506a\" data-id=\"3fb506a\" data-element_type=\"column\">\n\t\t\t<div class=\"elementor-widget-wrap elementor-element-populated\">\n\t\t\t\t\t\t<div class=\"elementor-element elementor-element-3d34c00 elementor-widget elementor-widget-image\" data-id=\"3d34c00\" data-element_type=\"widget\" data-widget_type=\"image.default\">\n\t\t\t\t<div class=\"elementor-widget-container\">\n\t\t\t\t\t\t\t\t\t\t\t\t<figure class=\"wp-caption\">\n\t\t\t\t\t\t\t\t\t\t<img loading=\"lazy\" decoding=\"async\" width=\"800\" height=\"600\" src=\"https:\/\/richeskarayib.com\/wp-content\/uploads\/2025\/12\/Aquaponie-ESAT-La-Ravine-bleue@alefpa-1024x768.jpg\" class=\"attachment-large size-large wp-image-66749\" alt=\"ALEFPA\" srcset=\"https:\/\/richeskarayib.com\/wp-content\/uploads\/2025\/12\/Aquaponie-ESAT-La-Ravine-bleue@alefpa-1024x768.jpg 1024w, https:\/\/richeskarayib.com\/wp-content\/uploads\/2025\/12\/Aquaponie-ESAT-La-Ravine-bleue@alefpa-300x225.jpg 300w, https:\/\/richeskarayib.com\/wp-content\/uploads\/2025\/12\/Aquaponie-ESAT-La-Ravine-bleue@alefpa-768x576.jpg 768w, https:\/\/richeskarayib.com\/wp-content\/uploads\/2025\/12\/Aquaponie-ESAT-La-Ravine-bleue@alefpa-1536x1152.jpg 1536w, https:\/\/richeskarayib.com\/wp-content\/uploads\/2025\/12\/Aquaponie-ESAT-La-Ravine-bleue@alefpa-1320x990.jpg 1320w, https:\/\/richeskarayib.com\/wp-content\/uploads\/2025\/12\/Aquaponie-ESAT-La-Ravine-bleue@alefpa.jpg 1920w\" sizes=\"(max-width: 800px) 100vw, 800px\" \/>\t\t\t\t\t\t\t\t\t\t\t<figcaption class=\"widget-image-caption wp-caption-text\">Aquaponie ESAT La Ravine bleue @alefpa<\/figcaption>\n\t\t\t\t\t\t\t\t\t\t<\/figure>\n\t\t\t\t\t\t\t\t\t<\/div>\n\t\t\t\t<\/div>\n\t\t\t\t\t<\/div>\n\t\t<\/div>\n\t\t\t\t\t<\/div>\n\t\t<\/section>\n\t\t\t\t<div class=\"elementor-element elementor-element-b7a8070 elementor-widget elementor-widget-text-editor\" data-id=\"b7a8070\" data-element_type=\"widget\" data-widget_type=\"text-editor.default\">\n\t\t\t\t<div class=\"elementor-widget-container\">\n\t\t\t\t\t\t\t\t\t<p><span style=\"font-weight: 400;\">Ces activit\u00e9s ne sont pas seulement professionnelles : elles redonnent confiance. Elles permettent d\u2019\u00eatre acteur de quelque chose, de sentir que l\u2019on contribue, que l\u2019on progresse. Pour beaucoup de personnes accompagn\u00e9es, retrouver un r\u00f4le, m\u00eame modeste, est un pas immense vers la stabilit\u00e9.<\/span><\/p><p><span style=\"font-weight: 400;\">Un autre enjeu fort traverse ces \u00e9tablissements : le vieillissement des personnes accompagn\u00e9es au sein des ESAT (\u00c9tablissements et Services d\u2019Aide par le Travail). Pour celles et ceux qui ont travaill\u00e9 toute leur vie dans ces structures, comment pr\u00e9server les rep\u00e8res lorsqu\u2019ils avancent en \u00e2ge ?<\/span><span style=\"font-weight: 400;\"><br \/><\/span><span style=\"font-weight: 400;\">L\u2019ALEFPA r\u00e9fl\u00e9chit \u00e0 de petites unit\u00e9s de vie, cr\u00e9\u00e9es \u00e0 proximit\u00e9 des lieux o\u00f9 ces personnes ont toujours \u00e9volu\u00e9. Des espaces \u00e0 taille humaine, familiers, qui permettent de vieillir sans \u00eatre d\u00e9racin\u00e9. Garder ses rep\u00e8res, ses liens, son environnement \u2014 c\u2019est pr\u00e9server sa dignit\u00e9.<\/span><\/p>\t\t\t\t\t\t\t\t<\/div>\n\t\t\t\t<\/div>\n\t\t\t\t<section class=\"elementor-section elementor-inner-section elementor-element elementor-element-65211f6 elementor-section-boxed elementor-section-height-default elementor-section-height-default\" data-id=\"65211f6\" data-element_type=\"section\">\n\t\t\t\t\t\t<div class=\"elementor-container elementor-column-gap-default\">\n\t\t\t\t\t<div class=\"elementor-column elementor-col-50 elementor-inner-column elementor-element elementor-element-31360da\" data-id=\"31360da\" data-element_type=\"column\">\n\t\t\t<div class=\"elementor-widget-wrap elementor-element-populated\">\n\t\t\t\t\t\t<div class=\"elementor-element elementor-element-000ab5e elementor-widget elementor-widget-image\" data-id=\"000ab5e\" data-element_type=\"widget\" data-widget_type=\"image.default\">\n\t\t\t\t<div class=\"elementor-widget-container\">\n\t\t\t\t\t\t\t\t\t\t\t\t<figure class=\"wp-caption\">\n\t\t\t\t\t\t\t\t\t\t<img loading=\"lazy\" decoding=\"async\" width=\"800\" height=\"534\" src=\"https:\/\/richeskarayib.com\/wp-content\/uploads\/2025\/12\/OUverture-LHSS-Guadeloupe-1024x683.jpg\" class=\"attachment-large size-large wp-image-66761\" alt=\"ALEFPA\" srcset=\"https:\/\/richeskarayib.com\/wp-content\/uploads\/2025\/12\/OUverture-LHSS-Guadeloupe-1024x683.jpg 1024w, https:\/\/richeskarayib.com\/wp-content\/uploads\/2025\/12\/OUverture-LHSS-Guadeloupe-300x200.jpg 300w, https:\/\/richeskarayib.com\/wp-content\/uploads\/2025\/12\/OUverture-LHSS-Guadeloupe-768x512.jpg 768w, https:\/\/richeskarayib.com\/wp-content\/uploads\/2025\/12\/OUverture-LHSS-Guadeloupe-1536x1024.jpg 1536w, https:\/\/richeskarayib.com\/wp-content\/uploads\/2025\/12\/OUverture-LHSS-Guadeloupe-1320x880.jpg 1320w, https:\/\/richeskarayib.com\/wp-content\/uploads\/2025\/12\/OUverture-LHSS-Guadeloupe.jpg 1920w\" sizes=\"(max-width: 800px) 100vw, 800px\" \/>\t\t\t\t\t\t\t\t\t\t\t<figcaption class=\"widget-image-caption wp-caption-text\">Ouverture LHSS Guadeloupe<\/figcaption>\n\t\t\t\t\t\t\t\t\t\t<\/figure>\n\t\t\t\t\t\t\t\t\t<\/div>\n\t\t\t\t<\/div>\n\t\t\t\t\t<\/div>\n\t\t<\/div>\n\t\t\t\t<div class=\"elementor-column elementor-col-50 elementor-inner-column elementor-element elementor-element-63e0257\" data-id=\"63e0257\" data-element_type=\"column\">\n\t\t\t<div class=\"elementor-widget-wrap elementor-element-populated\">\n\t\t\t\t\t\t<div class=\"elementor-element elementor-element-d39ffdf elementor-widget elementor-widget-image\" data-id=\"d39ffdf\" data-element_type=\"widget\" data-widget_type=\"image.default\">\n\t\t\t\t<div class=\"elementor-widget-container\">\n\t\t\t\t\t\t\t\t\t\t\t\t<figure class=\"wp-caption\">\n\t\t\t\t\t\t\t\t\t\t<img loading=\"lazy\" decoding=\"async\" width=\"800\" height=\"600\" src=\"https:\/\/richeskarayib.com\/wp-content\/uploads\/2025\/12\/Inauguration-locaux-Bergevin-Guadeloupe-1024x768.jpeg\" class=\"attachment-large size-large wp-image-66765\" alt=\"ALEFPA\" srcset=\"https:\/\/richeskarayib.com\/wp-content\/uploads\/2025\/12\/Inauguration-locaux-Bergevin-Guadeloupe-1024x768.jpeg 1024w, https:\/\/richeskarayib.com\/wp-content\/uploads\/2025\/12\/Inauguration-locaux-Bergevin-Guadeloupe-300x225.jpeg 300w, https:\/\/richeskarayib.com\/wp-content\/uploads\/2025\/12\/Inauguration-locaux-Bergevin-Guadeloupe-768x576.jpeg 768w, https:\/\/richeskarayib.com\/wp-content\/uploads\/2025\/12\/Inauguration-locaux-Bergevin-Guadeloupe-1536x1152.jpeg 1536w, https:\/\/richeskarayib.com\/wp-content\/uploads\/2025\/12\/Inauguration-locaux-Bergevin-Guadeloupe-1320x990.jpeg 1320w, https:\/\/richeskarayib.com\/wp-content\/uploads\/2025\/12\/Inauguration-locaux-Bergevin-Guadeloupe.jpeg 1600w\" sizes=\"(max-width: 800px) 100vw, 800px\" \/>\t\t\t\t\t\t\t\t\t\t\t<figcaption class=\"widget-image-caption wp-caption-text\">Inauguration locaux Bergevin - Guadeloupe<\/figcaption>\n\t\t\t\t\t\t\t\t\t\t<\/figure>\n\t\t\t\t\t\t\t\t\t<\/div>\n\t\t\t\t<\/div>\n\t\t\t\t\t<\/div>\n\t\t<\/div>\n\t\t\t\t\t<\/div>\n\t\t<\/section>\n\t\t\t\t\t<\/div>\n\t\t<\/div>\n\t\t\t\t\t<\/div>\n\t\t<\/section>\n\t\t\t\t<section class=\"elementor-section elementor-top-section elementor-element elementor-element-103aced elementor-section-boxed elementor-section-height-default elementor-section-height-default\" data-id=\"103aced\" data-element_type=\"section\">\n\t\t\t\t\t\t<div class=\"elementor-container elementor-column-gap-default\">\n\t\t\t\t\t<div class=\"elementor-column elementor-col-100 elementor-top-column elementor-element elementor-element-e34f9f4\" data-id=\"e34f9f4\" data-element_type=\"column\">\n\t\t\t<div class=\"elementor-widget-wrap elementor-element-populated\">\n\t\t\t\t\t\t<div class=\"elementor-element elementor-element-c643e86 elementor-widget elementor-widget-heading\" data-id=\"c643e86\" data-element_type=\"widget\" data-widget_type=\"heading.default\">\n\t\t\t\t<div class=\"elementor-widget-container\">\n\t\t\t\t\t<h2 class=\"elementor-heading-title elementor-size-default\">Convaincre plut\u00f4t que contraindre : un principe fondateur<\/h2>\t\t\t\t<\/div>\n\t\t\t\t<\/div>\n\t\t\t\t<div class=\"elementor-element elementor-element-f783f1a elementor-widget elementor-widget-text-editor\" data-id=\"f783f1a\" data-element_type=\"widget\" data-widget_type=\"text-editor.default\">\n\t\t\t\t<div class=\"elementor-widget-container\">\n\t\t\t\t\t\t\t\t\t<p><span style=\"font-weight: 400;\">Daniel Dubois le r\u00e9p\u00e8te souvent : on n\u2019aide pas quelqu\u2019un en le for\u00e7ant, mais en l\u2019aidant \u00e0 retrouver l\u2019envie et la capacit\u00e9 d\u2019avancer. \u00c0 l\u2019ALEFPA, l\u2019accompagnement repose sur une posture simple et exigeante : \u00e9couter, dialoguer, valoriser chaque petite progression.<\/span><span style=\"font-weight: 400;\"><br \/><\/span><span style=\"font-weight: 400;\">Beaucoup des personnes accueillies arrivent meurtries, m\u00e9fiantes, parfois fatigu\u00e9es de ne plus croire en elles-m\u00eames. Le r\u00f4le des \u00e9quipes n\u2019est pas de les contraindre, mais de leur montrer, pas \u00e0 pas, qu\u2019elles ont encore des ressources, des capacit\u00e9s, des possibilit\u00e9s.<\/span><\/p>\t\t\t\t\t\t\t\t<\/div>\n\t\t\t\t<\/div>\n\t\t\t\t<div class=\"elementor-element elementor-element-c2e57c0 elementor-widget elementor-widget-text-editor\" data-id=\"c2e57c0\" data-element_type=\"widget\" data-widget_type=\"text-editor.default\">\n\t\t\t\t<div class=\"elementor-widget-container\">\n\t\t\t\t\t\t\t\t\t<p><span style=\"font-weight: 400;\">\u201cNotre travail, c\u2019est d\u2019aider chacun \u00e0 prendre conscience de ce qu\u2019il peut faire\u201d, explique-t-il souvent. Cette approche change tout : elle redonne de la confiance, elle restaure la dignit\u00e9, elle brise le regard r\u00e9ducteur que la soci\u00e9t\u00e9 porte parfois sur les personnes en situation de vuln\u00e9rabilit\u00e9.<\/span><span style=\"font-weight: 400;\"><br \/><\/span><span style=\"font-weight: 400;\">\u00c0 l\u2019ALEFPA, aucune personne n\u2019est un dossier. Chacun est une histoire, une identit\u00e9, une culture, un potentiel.<\/span><\/p>\t\t\t\t\t\t\t\t<\/div>\n\t\t\t\t<\/div>\n\t\t\t\t<section class=\"elementor-section elementor-inner-section elementor-element elementor-element-a54ac29 elementor-section-boxed elementor-section-height-default elementor-section-height-default\" data-id=\"a54ac29\" data-element_type=\"section\">\n\t\t\t\t\t\t<div class=\"elementor-container elementor-column-gap-default\">\n\t\t\t\t\t<div class=\"elementor-column elementor-col-100 elementor-inner-column elementor-element elementor-element-90a0f14\" data-id=\"90a0f14\" data-element_type=\"column\">\n\t\t\t<div class=\"elementor-widget-wrap elementor-element-populated\">\n\t\t\t\t\t\t<div class=\"elementor-element elementor-element-d9d662d elementor-widget elementor-widget-image\" data-id=\"d9d662d\" data-element_type=\"widget\" data-widget_type=\"image.default\">\n\t\t\t\t<div class=\"elementor-widget-container\">\n\t\t\t\t\t\t\t\t\t\t\t\t<figure class=\"wp-caption\">\n\t\t\t\t\t\t\t\t\t\t<img loading=\"lazy\" decoding=\"async\" width=\"800\" height=\"450\" src=\"https:\/\/richeskarayib.com\/wp-content\/uploads\/2025\/12\/Aquaponie-ESAT-La-Ravine-bleu-@alefpa-3-1024x576.jpg\" class=\"attachment-large size-large wp-image-66737\" alt=\"ALEFPA\" srcset=\"https:\/\/richeskarayib.com\/wp-content\/uploads\/2025\/12\/Aquaponie-ESAT-La-Ravine-bleu-@alefpa-3-1024x576.jpg 1024w, https:\/\/richeskarayib.com\/wp-content\/uploads\/2025\/12\/Aquaponie-ESAT-La-Ravine-bleu-@alefpa-3-300x169.jpg 300w, https:\/\/richeskarayib.com\/wp-content\/uploads\/2025\/12\/Aquaponie-ESAT-La-Ravine-bleu-@alefpa-3-768x432.jpg 768w, https:\/\/richeskarayib.com\/wp-content\/uploads\/2025\/12\/Aquaponie-ESAT-La-Ravine-bleu-@alefpa-3.jpg 1280w\" sizes=\"(max-width: 800px) 100vw, 800px\" \/>\t\t\t\t\t\t\t\t\t\t\t<figcaption class=\"widget-image-caption wp-caption-text\">Aquaponie ESAT La Ravine bleu @alefpa<\/figcaption>\n\t\t\t\t\t\t\t\t\t\t<\/figure>\n\t\t\t\t\t\t\t\t\t<\/div>\n\t\t\t\t<\/div>\n\t\t\t\t\t<\/div>\n\t\t<\/div>\n\t\t\t\t\t<\/div>\n\t\t<\/section>\n\t\t\t\t\t<\/div>\n\t\t<\/div>\n\t\t\t\t\t<\/div>\n\t\t<\/section>\n\t\t\t\t<section class=\"elementor-section elementor-top-section elementor-element elementor-element-23ed11f elementor-section-boxed elementor-section-height-default elementor-section-height-default\" data-id=\"23ed11f\" data-element_type=\"section\">\n\t\t\t\t\t\t<div class=\"elementor-container elementor-column-gap-default\">\n\t\t\t\t\t<div class=\"elementor-column elementor-col-100 elementor-top-column elementor-element elementor-element-9e160dd\" data-id=\"9e160dd\" data-element_type=\"column\">\n\t\t\t<div class=\"elementor-widget-wrap elementor-element-populated\">\n\t\t\t\t\t\t<div class=\"elementor-element elementor-element-7ab3718 elementor-widget elementor-widget-heading\" data-id=\"7ab3718\" data-element_type=\"widget\" data-widget_type=\"heading.default\">\n\t\t\t\t<div class=\"elementor-widget-container\">\n\t\t\t\t\t<h2 class=\"elementor-heading-title elementor-size-default\">La culture et le sport comme leviers de fiert\u00e9 et d\u2019appartenance\n<\/h2>\t\t\t\t<\/div>\n\t\t\t\t<\/div>\n\t\t\t\t<div class=\"elementor-element elementor-element-0bbe05d elementor-widget elementor-widget-text-editor\" data-id=\"0bbe05d\" data-element_type=\"widget\" data-widget_type=\"text-editor.default\">\n\t\t\t\t<div class=\"elementor-widget-container\">\n\t\t\t\t\t\t\t\t\t<p><span style=\"font-weight: 400;\">La culture occupe une place essentielle dans l\u2019<a href=\"https:\/\/richeskarayib.com\/fr\/la-solidarite-un-art-de-vivre-alefpa\/\" target=\"_blank\" rel=\"noopener\">ALEFPA<\/a> : elle cr\u00e9e du lien, r\u00e9veille la m\u00e9moire, rassemble et redonne de la fiert\u00e9. Chaque ann\u00e9e, l\u2019association porte un projet culturel national qui associe l\u2019ensemble de ses \u00e9tablissements.<\/span><span style=\"font-weight: 400;\"><br \/><\/span><span style=\"font-weight: 400;\">Cette ann\u00e9e, le th\u00e8me commun est \u00ab Cuisine, sant\u00e9 &amp; Territoires \u00bb, un sujet qui prend une r\u00e9sonance particuli\u00e8re dans la Cara\u00efbe.<\/span><\/p><p><span style=\"font-weight: 400;\">En Martinique, en Guadeloupe, \u00e0 Marie\u2011Galante et \u00e0 Saint\u2011Martin, les \u00e9quipes recueillent des recettes familiales, des plats transmis de g\u00e9n\u00e9ration en g\u00e9n\u00e9ration, des souvenirs li\u00e9s \u00e0 l\u2019enfance, des histoires autour d\u2019un fruit, d\u2019un march\u00e9, d\u2019un geste.<\/span><\/p>\t\t\t\t\t\t\t\t<\/div>\n\t\t\t\t<\/div>\n\t\t\t\t<div class=\"elementor-element elementor-element-4d8516a elementor-widget elementor-widget-text-editor\" data-id=\"4d8516a\" data-element_type=\"widget\" data-widget_type=\"text-editor.default\">\n\t\t\t\t<div class=\"elementor-widget-container\">\n\t\t\t\t\t\t\t\t\t<p><span style=\"font-weight: 400;\">Ces contributions seront rassembl\u00e9es dans un livre collectif, un ouvrage qui mettra en lumi\u00e8re la diversit\u00e9 culinaire et culturelle des territoires, mais aussi les voix et les parcours de ceux qui y participent.<\/span><\/p><p><span style=\"font-weight: 400;\">Mais l\u2019essentiel est ailleurs : cuisiner ensemble, raconter, partager, c\u2019est d\u00e9j\u00e0 reconstruire l\u2019estime de soi, tisser des liens et valoriser ce qui fait identit\u00e9.<\/span><\/p>\t\t\t\t\t\t\t\t<\/div>\n\t\t\t\t<\/div>\n\t\t\t\t<div class=\"elementor-element elementor-element-30e5bee elementor-widget elementor-widget-text-editor\" data-id=\"30e5bee\" data-element_type=\"widget\" data-widget_type=\"text-editor.default\">\n\t\t\t\t<div class=\"elementor-widget-container\">\n\t\t\t\t\t\t\t\t\t<p><span style=\"font-weight: 400;\">D\u2019autres initiatives culturelles et sportives rythment l\u2019ann\u00e9e, comme les Al\u00e9fpiades solidaires ou les raids \u00e0 v\u00e9lo. Ces \u00e9v\u00e9nements rassemblent des participants venus de toutes les r\u00e9gions o\u00f9 se pr\u00e9sente l\u2019ALEFPA, parfois pour vivre leur premier voyage hors de leur territoire. Ce sont des moments o\u00f9 l\u2019on se d\u00e9passe, o\u00f9 l\u2019on s\u2019encourage, o\u00f9 l\u2019on d\u00e9couvre que l\u2019on peut aller plus loin que ce que l\u2019on pensait.<\/span><\/p><p><span style=\"font-weight: 400;\">Ici encore, l\u2019objectif est le m\u00eame : ouvrir des horizons, permettre aux personnes accompagn\u00e9es de se projeter, d\u2019oser, de s\u2019inscrire dans une dynamique collective. Ici, le sport devient un pont entre les territoires, un moteur de confiance, une mani\u00e8re de dire : <\/span><i><span style=\"font-weight: 400;\">\u00ab Nous avons tous une histoire qui m\u00e9rite d\u2019\u00eatre reconnue. \u00bb<\/span><\/i><\/p>\t\t\t\t\t\t\t\t<\/div>\n\t\t\t\t<\/div>\n\t\t\t\t<section class=\"elementor-section elementor-inner-section elementor-element elementor-element-d0c1ffc elementor-section-boxed elementor-section-height-default elementor-section-height-default\" data-id=\"d0c1ffc\" data-element_type=\"section\">\n\t\t\t\t\t\t<div class=\"elementor-container elementor-column-gap-default\">\n\t\t\t\t\t<div class=\"elementor-column elementor-col-100 elementor-inner-column elementor-element elementor-element-7e1092b\" data-id=\"7e1092b\" data-element_type=\"column\">\n\t\t\t<div class=\"elementor-widget-wrap elementor-element-populated\">\n\t\t\t\t\t\t<div class=\"elementor-element elementor-element-0fd3e34 elementor-widget elementor-widget-video\" data-id=\"0fd3e34\" data-element_type=\"widget\" data-settings=\"{&quot;youtube_url&quot;:&quot;https:\\\/\\\/www.youtube.com\\\/watch?v=sIsN6p0wLWk&quot;,&quot;video_type&quot;:&quot;youtube&quot;,&quot;controls&quot;:&quot;yes&quot;}\" data-widget_type=\"video.default\">\n\t\t\t\t<div class=\"elementor-widget-container\">\n\t\t\t\t\t\t\t<div class=\"elementor-wrapper elementor-open-inline\">\n\t\t\t<div class=\"elementor-video\"><\/div>\t\t<\/div>\n\t\t\t\t\t\t<\/div>\n\t\t\t\t<\/div>\n\t\t\t\t\t<\/div>\n\t\t<\/div>\n\t\t\t\t\t<\/div>\n\t\t<\/section>\n\t\t\t\t\t<\/div>\n\t\t<\/div>\n\t\t\t\t\t<\/div>\n\t\t<\/section>\n\t\t\t\t<section class=\"elementor-section elementor-top-section elementor-element elementor-element-c9d5708 elementor-section-boxed elementor-section-height-default elementor-section-height-default\" data-id=\"c9d5708\" data-element_type=\"section\">\n\t\t\t\t\t\t<div class=\"elementor-container elementor-column-gap-default\">\n\t\t\t\t\t<div class=\"elementor-column elementor-col-100 elementor-top-column elementor-element elementor-element-f856576\" data-id=\"f856576\" data-element_type=\"column\">\n\t\t\t<div class=\"elementor-widget-wrap elementor-element-populated\">\n\t\t\t\t\t\t<div class=\"elementor-element elementor-element-0a4fc07 elementor-widget elementor-widget-heading\" data-id=\"0a4fc07\" data-element_type=\"widget\" data-widget_type=\"heading.default\">\n\t\t\t\t<div class=\"elementor-widget-container\">\n\t\t\t\t\t<h2 class=\"elementor-heading-title elementor-size-default\">Ancrage local, horizon large<\/h2>\t\t\t\t<\/div>\n\t\t\t\t<\/div>\n\t\t\t\t<div class=\"elementor-element elementor-element-7e16ad1 elementor-widget elementor-widget-text-editor\" data-id=\"7e16ad1\" data-element_type=\"widget\" data-widget_type=\"text-editor.default\">\n\t\t\t\t<div class=\"elementor-widget-container\">\n\t\t\t\t\t\t\t\t\t<p><span style=\"font-weight: 400;\">Olivier Baron aime citer \u00c9douard Glissant :<\/span><span style=\"font-weight: 400;\"><br \/><\/span> <b>\u00ab Agis dans ton lieu et pense avec le monde. \u00bb<\/b><\/p>\t\t\t\t\t\t\t\t<\/div>\n\t\t\t\t<\/div>\n\t\t\t\t<div class=\"elementor-element elementor-element-50562e0 elementor-widget elementor-widget-text-editor\" data-id=\"50562e0\" data-element_type=\"widget\" data-widget_type=\"text-editor.default\">\n\t\t\t\t<div class=\"elementor-widget-container\">\n\t\t\t\t\t\t\t\t\t<p><span style=\"font-weight: 400;\">Cette phrase r\u00e9sume l\u2019esprit de l\u2019ALEFPA. Implant\u00e9e depuis plus de quarante ans dans la Cara\u00efbe, l\u2019association agit au c\u0153ur des territoires tout en s\u2019inspirant de pratiques venues d\u2019ailleurs. Chaque projet nourrit les autres. Chaque exp\u00e9rience locale enrichit la vision nationale.<\/span><\/p>\t\t\t\t\t\t\t\t<\/div>\n\t\t\t\t<\/div>\n\t\t\t\t<div class=\"elementor-element elementor-element-c60605a elementor-widget elementor-widget-text-editor\" data-id=\"c60605a\" data-element_type=\"widget\" data-widget_type=\"text-editor.default\">\n\t\t\t\t<div class=\"elementor-widget-container\">\n\t\t\t\t\t\t\t\t\t<p><span style=\"font-weight: 400;\">Au fil des parcours accompagn\u00e9s, une phrase revient, simple et essentielle :<\/span><b>\u00a0<\/b><\/p>\t\t\t\t\t\t\t\t<\/div>\n\t\t\t\t<\/div>\n\t\t\t\t<div class=\"elementor-element elementor-element-def9cd8 elementor-headline--style-highlight elementor-widget elementor-widget-animated-headline\" data-id=\"def9cd8\" data-element_type=\"widget\" data-settings=\"{&quot;highlighted_text&quot;:&quot;ma place.\\u201d&quot;,&quot;headline_style&quot;:&quot;highlight&quot;,&quot;marker&quot;:&quot;circle&quot;,&quot;loop&quot;:&quot;yes&quot;,&quot;highlight_animation_duration&quot;:1200,&quot;highlight_iteration_delay&quot;:8000}\" data-widget_type=\"animated-headline.default\">\n\t\t\t\t<div class=\"elementor-widget-container\">\n\t\t\t\t\t\t\t<h3 class=\"elementor-headline\">\n\t\t\t\t\t<span class=\"elementor-headline-plain-text elementor-headline-text-wrapper\">\u201cJ\u2019ai <\/span>\n\t\t\t\t<span class=\"elementor-headline-dynamic-wrapper elementor-headline-text-wrapper\">\n\t\t\t\t\t<span class=\"elementor-headline-dynamic-text elementor-headline-text-active\">ma place.\u201d<\/span>\n\t\t\t\t<\/span>\n\t\t\t\t<\/h3>\n\t\t\t\t\t\t<\/div>\n\t\t\t\t<\/div>\n\t\t\t\t<div class=\"elementor-element elementor-element-bd5bda2 elementor-headline--style-rotate elementor-widget elementor-widget-animated-headline\" data-id=\"bd5bda2\" data-element_type=\"widget\" data-settings=\"{&quot;headline_style&quot;:&quot;rotate&quot;,&quot;animation_type&quot;:&quot;slide&quot;,&quot;rotating_text&quot;:&quot;dans un atelier\\u2026\\n\\u00e0 table...\\ndans la communaut\\u00e9. &quot;,&quot;loop&quot;:&quot;yes&quot;,&quot;rotate_iteration_delay&quot;:2500}\" data-widget_type=\"animated-headline.default\">\n\t\t\t\t<div class=\"elementor-widget-container\">\n\t\t\t\t\t\t\t<h3 class=\"elementor-headline elementor-headline-animation-type-slide\">\n\t\t\t\t\t<span class=\"elementor-headline-plain-text elementor-headline-text-wrapper\">Une place<\/span>\n\t\t\t\t<span class=\"elementor-headline-dynamic-wrapper elementor-headline-text-wrapper\">\n\t\t\t\t\t<span class=\"elementor-headline-dynamic-text elementor-headline-text-active\">\n\t\t\t\tdans&nbsp;un&nbsp;atelier\u2026\t\t\t<\/span>\n\t\t\t\t\t<span class=\"elementor-headline-dynamic-text\">\n\t\t\t\t\u00e0&nbsp;table...\t\t\t<\/span>\n\t\t\t\t\t<span class=\"elementor-headline-dynamic-text\">\n\t\t\t\tdans&nbsp;la&nbsp;communaut\u00e9.&nbsp;\t\t\t<\/span>\n\t\t\t\t\t\t<\/span>\n\t\t\t\t<\/h3>\n\t\t\t\t\t\t<\/div>\n\t\t\t\t<\/div>\n\t\t\t\t<div class=\"elementor-element elementor-element-a911dd0 elementor-headline--style-highlight elementor-widget elementor-widget-animated-headline\" data-id=\"a911dd0\" data-element_type=\"widget\" data-settings=\"{&quot;marker&quot;:&quot;underline_zigzag&quot;,&quot;highlighted_text&quot;:&quot;rappeler \\u00e0 chacun qu&#039;il n&#039;est pas de trop &quot;,&quot;headline_style&quot;:&quot;highlight&quot;,&quot;loop&quot;:&quot;yes&quot;,&quot;highlight_animation_duration&quot;:1200,&quot;highlight_iteration_delay&quot;:8000}\" data-widget_type=\"animated-headline.default\">\n\t\t\t\t<div class=\"elementor-widget-container\">\n\t\t\t\t\t\t\t<h3 class=\"elementor-headline\">\n\t\t\t\t\t<span class=\"elementor-headline-plain-text elementor-headline-text-wrapper\">C'est cela, au fond, la mission de l'ALEFPA :<\/span>\n\t\t\t\t<span class=\"elementor-headline-dynamic-wrapper elementor-headline-text-wrapper\">\n\t\t\t\t\t<span class=\"elementor-headline-dynamic-text elementor-headline-text-active\">rappeler \u00e0 chacun qu'il n'est pas de trop <\/span>\n\t\t\t\t<\/span>\n\t\t\t\t\t<span class=\"elementor-headline-plain-text elementor-headline-text-wrapper\">et qu'il compte.<\/span>\n\t\t\t\t\t<\/h3>\n\t\t\t\t\t\t<\/div>\n\t\t\t\t<\/div>\n\t\t\t\t<section class=\"elementor-section elementor-inner-section elementor-element elementor-element-c731c95 elementor-section-boxed elementor-section-height-default elementor-section-height-default\" data-id=\"c731c95\" data-element_type=\"section\">\n\t\t\t\t\t\t<div class=\"elementor-container elementor-column-gap-default\">\n\t\t\t\t\t<div class=\"elementor-column elementor-col-100 elementor-inner-column elementor-element elementor-element-1841fe0\" data-id=\"1841fe0\" data-element_type=\"column\">\n\t\t\t<div class=\"elementor-widget-wrap elementor-element-populated\">\n\t\t\t\t\t\t<div class=\"elementor-element elementor-element-9c42147 elementor-widget elementor-widget-heading\" data-id=\"9c42147\" data-element_type=\"widget\" data-widget_type=\"heading.default\">\n\t\t\t\t<div class=\"elementor-widget-container\">\n\t\t\t\t\t<h2 class=\"elementor-heading-title elementor-size-default\">FAQ<\/h2>\t\t\t\t<\/div>\n\t\t\t\t<\/div>\n\t\t\t\t<div class=\"elementor-element elementor-element-1666ae5 elementor-widget elementor-widget-accordion\" data-id=\"1666ae5\" data-element_type=\"widget\" data-widget_type=\"accordion.default\">\n\t\t\t\t<div class=\"elementor-widget-container\">\n\t\t\t\t\t\t\t<div class=\"elementor-accordion\">\n\t\t\t\t\t\t\t<div class=\"elementor-accordion-item\">\n\t\t\t\t\t<div id=\"elementor-tab-title-2341\" class=\"elementor-tab-title\" data-tab=\"1\" role=\"button\" aria-controls=\"elementor-tab-content-2341\" aria-expanded=\"false\">\n\t\t\t\t\t\t\t\t\t\t\t\t\t<span class=\"elementor-accordion-icon elementor-accordion-icon-left\" aria-hidden=\"true\">\n\t\t\t\t\t\t\t\t\t\t\t\t\t\t\t<span class=\"elementor-accordion-icon-closed\"><i class=\"fas fa-plus\"><\/i><\/span>\n\t\t\t\t\t\t\t\t<span class=\"elementor-accordion-icon-opened\"><i class=\"fas fa-minus\"><\/i><\/span>\n\t\t\t\t\t\t\t\t\t\t\t\t\t\t<\/span>\n\t\t\t\t\t\t\t\t\t\t\t\t<a class=\"elementor-accordion-title\" tabindex=\"0\">Qu\u2019est-ce que l\u2019ALEFPA et quelle est sa mission ?<\/a>\n\t\t\t\t\t<\/div>\n\t\t\t\t\t<div id=\"elementor-tab-content-2341\" class=\"elementor-tab-content elementor-clearfix\" data-tab=\"1\" role=\"region\" aria-labelledby=\"elementor-tab-title-2341\"><p>L\u2019ALEFPA (Association La\u00efque pour l\u2019\u00c9ducation, la Formation, la Pr\u00e9vention et l\u2019Autonomie) accompagne des personnes en situation de vuln\u00e9rabilit\u00e9 \u00e0 chaque \u00e9tape de la vie. Sa mission est de proposer un cadre, des professionnels et des solutions concr\u00e8tes pour restaurer la dignit\u00e9, retrouver une stabilit\u00e9, et avancer vers plus d\u2019autonomie.<\/p><\/div>\n\t\t\t\t<\/div>\n\t\t\t\t\t\t\t<div class=\"elementor-accordion-item\">\n\t\t\t\t\t<div id=\"elementor-tab-title-2342\" class=\"elementor-tab-title\" data-tab=\"2\" role=\"button\" aria-controls=\"elementor-tab-content-2342\" aria-expanded=\"false\">\n\t\t\t\t\t\t\t\t\t\t\t\t\t<span class=\"elementor-accordion-icon elementor-accordion-icon-left\" aria-hidden=\"true\">\n\t\t\t\t\t\t\t\t\t\t\t\t\t\t\t<span class=\"elementor-accordion-icon-closed\"><i class=\"fas fa-plus\"><\/i><\/span>\n\t\t\t\t\t\t\t\t<span class=\"elementor-accordion-icon-opened\"><i class=\"fas fa-minus\"><\/i><\/span>\n\t\t\t\t\t\t\t\t\t\t\t\t\t\t<\/span>\n\t\t\t\t\t\t\t\t\t\t\t\t<a class=\"elementor-accordion-title\" tabindex=\"0\">Quelles actions l\u2019ALEFPA m\u00e8ne aux Antilles (Martinique, Guadeloupe, Saint-Martin, Marie-Galante) ?<\/a>\n\t\t\t\t\t<\/div>\n\t\t\t\t\t<div id=\"elementor-tab-content-2342\" class=\"elementor-tab-content elementor-clearfix\" data-tab=\"2\" role=\"region\" aria-labelledby=\"elementor-tab-title-2342\"><p><span style=\"font-weight: 400;\">Aux Antilles, l\u2019ALEFPA agit au plus pr\u00e8s des r\u00e9alit\u00e9s locales : accueil et accompagnement d\u2019adultes fragilis\u00e9s, soutien aux femmes victimes de violences, insertion via les ESAT et des ateliers ancr\u00e9s dans les savoir-faire du territoire, et r\u00e9ponses aux urgences sociales comme l\u2019\u00e9picerie solidaire. L\u2019objectif reste le m\u00eame : redonner une place et des rep\u00e8res, sans jugement.<\/span><\/p><\/div>\n\t\t\t\t<\/div>\n\t\t\t\t\t\t\t<div class=\"elementor-accordion-item\">\n\t\t\t\t\t<div id=\"elementor-tab-title-2343\" class=\"elementor-tab-title\" data-tab=\"3\" role=\"button\" aria-controls=\"elementor-tab-content-2343\" aria-expanded=\"false\">\n\t\t\t\t\t\t\t\t\t\t\t\t\t<span class=\"elementor-accordion-icon elementor-accordion-icon-left\" aria-hidden=\"true\">\n\t\t\t\t\t\t\t\t\t\t\t\t\t\t\t<span class=\"elementor-accordion-icon-closed\"><i class=\"fas fa-plus\"><\/i><\/span>\n\t\t\t\t\t\t\t\t<span class=\"elementor-accordion-icon-opened\"><i class=\"fas fa-minus\"><\/i><\/span>\n\t\t\t\t\t\t\t\t\t\t\t\t\t\t<\/span>\n\t\t\t\t\t\t\t\t\t\t\t\t<a class=\"elementor-accordion-title\" tabindex=\"0\">Quels projets r\u00e9cents sont mis en avant dans l\u2019article ?<\/a>\n\t\t\t\t\t<\/div>\n\t\t\t\t\t<div id=\"elementor-tab-content-2343\" class=\"elementor-tab-content elementor-clearfix\" data-tab=\"3\" role=\"region\" aria-labelledby=\"elementor-tab-title-2343\"><p><span style=\"font-weight: 400;\">L\u2019article met en avant plusieurs priorit\u00e9s : \u00e0 Saint-Martin, la transformation d\u2019un \u00e9tablissement en \u00ab Cit\u00e9 de la dignit\u00e9 \u00bb pour am\u00e9liorer l\u2019accueil ; en Martinique, l\u2019ouverture \u00e0 venir d\u2019un centre d\u2019accueil pour personnes sortant de d\u00e9tention \u00e0 Fort-de-France et l\u2019action de la Kou Rosalie-Soleil pour les femmes victimes de violences ; en Guadeloupe et \u00e0 Marie-Galante, l\u2019insertion par les talents locaux, ainsi que la r\u00e9flexion sur le vieillissement des personnes en ESAT.<\/span><\/p><\/div>\n\t\t\t\t<\/div>\n\t\t\t\t\t\t\t\t<\/div>\n\t\t\t\t\t\t<\/div>\n\t\t\t\t<\/div>\n\t\t\t\t\t<\/div>\n\t\t<\/div>\n\t\t\t\t\t<\/div>\n\t\t<\/section>\n\t\t\t\t\t<\/div>\n\t\t<\/div>\n\t\t\t\t\t<\/div>\n\t\t<\/section>\n\t\t\t\t<\/div>\n\t\t","protected":false},"excerpt":{"rendered":"<p>L\u2019ALEFPA \u2013 Association La\u00efque pour l\u2019\u00c9ducation, la Formation, la Pr\u00e9vention et l\u2019Autonomie \u2013 porte une conviction simple : personne ne doit \u00eatre r\u00e9duit \u00e0 sa fragilit\u00e9. Derri\u00e8re chaque histoire, chaque silence, chaque difficult\u00e9, il y a une personne qui cherche un appui, un espace o\u00f9 se reconstruire, un regard qui ne juge pas. Enfants plac\u00e9s, [&hellip;]<\/p>\n","protected":false},"author":662,"featured_media":66733,"comment_status":"open","ping_status":"open","sticky":false,"template":"","format":"standard","meta":{"_acf_changed":false,"footnotes":""},"categories":[840],"tags":[1545,808,1616],"class_list":["post-66732","post","type-post","status-publish","format-standard","has-post-thumbnail","hentry","category-actus","tag-guadeloupe-2","tag-martinique-fr","tag-saint-martin-fr"],"acf":[],"_links":{"self":[{"href":"https:\/\/richeskarayib.com\/fr\/wp-json\/wp\/v2\/posts\/66732","targetHints":{"allow":["GET"]}}],"collection":[{"href":"https:\/\/richeskarayib.com\/fr\/wp-json\/wp\/v2\/posts"}],"about":[{"href":"https:\/\/richeskarayib.com\/fr\/wp-json\/wp\/v2\/types\/post"}],"author":[{"embeddable":true,"href":"https:\/\/richeskarayib.com\/fr\/wp-json\/wp\/v2\/users\/662"}],"replies":[{"embeddable":true,"href":"https:\/\/richeskarayib.com\/fr\/wp-json\/wp\/v2\/comments?post=66732"}],"version-history":[{"count":0,"href":"https:\/\/richeskarayib.com\/fr\/wp-json\/wp\/v2\/posts\/66732\/revisions"}],"wp:featuredmedia":[{"embeddable":true,"href":"https:\/\/richeskarayib.com\/fr\/wp-json\/wp\/v2\/media\/66733"}],"wp:attachment":[{"href":"https:\/\/richeskarayib.com\/fr\/wp-json\/wp\/v2\/media?parent=66732"}],"wp:term":[{"taxonomy":"category","embeddable":true,"href":"https:\/\/richeskarayib.com\/fr\/wp-json\/wp\/v2\/categories?post=66732"},{"taxonomy":"post_tag","embeddable":true,"href":"https:\/\/richeskarayib.com\/fr\/wp-json\/wp\/v2\/tags?post=66732"}],"curies":[{"name":"wp","href":"https:\/\/api.w.org\/{rel}","templated":true}]}}