{"id":66771,"date":"2025-12-16T14:09:50","date_gmt":"2025-12-16T18:09:50","guid":{"rendered":"https:\/\/richeskarayib.com\/?p=66771"},"modified":"2025-12-17T11:09:06","modified_gmt":"2025-12-17T15:09:06","slug":"vol-direct-bordeaux-fort-de-france-corsair","status":"publish","type":"post","link":"https:\/\/richeskarayib.com\/fr\/vol-direct-bordeaux-fort-de-france-corsair\/","title":{"rendered":"Martinique : Bordeaux et Fort-de-France reli\u00e9s par un pont a\u00e9rien direct avec CORSAIR"},"content":{"rendered":"\t\t<div data-elementor-type=\"wp-post\" data-elementor-id=\"66771\" class=\"elementor elementor-66771\" data-elementor-post-type=\"post\">\n\t\t\t\t\t\t<section class=\"elementor-section elementor-top-section elementor-element elementor-element-7ca7ca1 elementor-section-boxed elementor-section-height-default elementor-section-height-default\" data-id=\"7ca7ca1\" data-element_type=\"section\">\n\t\t\t\t\t\t<div class=\"elementor-container elementor-column-gap-default\">\n\t\t\t\t\t<div class=\"elementor-column elementor-col-100 elementor-top-column elementor-element elementor-element-cbdd002\" data-id=\"cbdd002\" data-element_type=\"column\">\n\t\t\t<div class=\"elementor-widget-wrap elementor-element-populated\">\n\t\t\t\t\t\t<section class=\"elementor-section elementor-inner-section elementor-element elementor-element-bc94849 elementor-section-boxed elementor-section-height-default elementor-section-height-default\" data-id=\"bc94849\" data-element_type=\"section\">\n\t\t\t\t\t\t<div class=\"elementor-container elementor-column-gap-default\">\n\t\t\t\t\t\t<\/div>\n\t\t<\/section>\n\t\t\t\t<section class=\"elementor-section elementor-inner-section elementor-element elementor-element-61571e6 elementor-section-boxed elementor-section-height-default elementor-section-height-default\" data-id=\"61571e6\" data-element_type=\"section\">\n\t\t\t\t\t\t<div class=\"elementor-container elementor-column-gap-default\">\n\t\t\t\t\t\t<\/div>\n\t\t<\/section>\n\t\t\t\t<section class=\"elementor-section elementor-inner-section elementor-element elementor-element-b6262e0 elementor-section-boxed elementor-section-height-default elementor-section-height-default\" data-id=\"b6262e0\" data-element_type=\"section\">\n\t\t\t\t\t\t<div class=\"elementor-container elementor-column-gap-default\">\n\t\t\t\t\t\t<\/div>\n\t\t<\/section>\n\t\t\t\t<section class=\"elementor-section elementor-inner-section elementor-element elementor-element-cca29fd elementor-section-boxed elementor-section-height-default elementor-section-height-default\" data-id=\"cca29fd\" data-element_type=\"section\">\n\t\t\t\t\t\t<div class=\"elementor-container elementor-column-gap-default\">\n\t\t\t\t\t\t<\/div>\n\t\t<\/section>\n\t\t\t\t\t<\/div>\n\t\t<\/div>\n\t\t\t\t\t<\/div>\n\t\t<\/section>\n\t\t\t\t<section class=\"elementor-section elementor-top-section elementor-element elementor-element-ee72354 elementor-section-boxed elementor-section-height-default elementor-section-height-default\" data-id=\"ee72354\" data-element_type=\"section\">\n\t\t\t\t\t\t<div class=\"elementor-container elementor-column-gap-default\">\n\t\t\t\t\t<div class=\"elementor-column elementor-col-100 elementor-top-column elementor-element elementor-element-c59d6fe\" data-id=\"c59d6fe\" data-element_type=\"column\">\n\t\t\t<div class=\"elementor-widget-wrap elementor-element-populated\">\n\t\t\t\t\t\t<div class=\"elementor-element elementor-element-c6d4f26 elementor-widget elementor-widget-text-editor\" data-id=\"c6d4f26\" data-element_type=\"widget\" data-widget_type=\"text-editor.default\">\n\t\t\t\t<div class=\"elementor-widget-container\">\n\t\t\t\t\t\t\t\t\t<p><b>Le 15 d\u00e9cembre 2025, l&#8217;a\u00e9roport Aim\u00e9-C\u00e9saire a accueilli le premier vol direct Bordeaux &#8211; Fort-de-France, op\u00e9r\u00e9 par CORSAIR. Cette nouvelle liaison marque un tournant strat\u00e9gique pour la connectivit\u00e9 de la Martinique et l&#8217;accessibilit\u00e9 de la Cara\u00efbe depuis le Sud-Ouest fran\u00e7ais.<\/b><\/p>\t\t\t\t\t\t\t\t<\/div>\n\t\t\t\t<\/div>\n\t\t\t\t\t<\/div>\n\t\t<\/div>\n\t\t\t\t\t<\/div>\n\t\t<\/section>\n\t\t\t\t<section class=\"elementor-section elementor-top-section elementor-element elementor-element-82cd8f9 elementor-section-boxed elementor-section-height-default elementor-section-height-default\" data-id=\"82cd8f9\" data-element_type=\"section\">\n\t\t\t\t\t\t<div class=\"elementor-container elementor-column-gap-default\">\n\t\t\t\t\t<div class=\"elementor-column elementor-col-100 elementor-top-column elementor-element elementor-element-0bfdc38\" data-id=\"0bfdc38\" data-element_type=\"column\">\n\t\t\t<div class=\"elementor-widget-wrap elementor-element-populated\">\n\t\t\t\t\t\t<div class=\"elementor-element elementor-element-7d292fe elementor-widget elementor-widget-heading\" data-id=\"7d292fe\" data-element_type=\"widget\" data-widget_type=\"heading.default\">\n\t\t\t\t<div class=\"elementor-widget-container\">\n\t\t\t\t\t<h2 class=\"elementor-heading-title elementor-size-default\">Un partenariat tripartite au service de l'attractivit\u00e9 territoriale\n<\/h2>\t\t\t\t<\/div>\n\t\t\t\t<\/div>\n\t\t\t\t<section class=\"elementor-section elementor-inner-section elementor-element elementor-element-14e03c4 elementor-section-boxed elementor-section-height-default elementor-section-height-default\" data-id=\"14e03c4\" data-element_type=\"section\">\n\t\t\t\t\t\t<div class=\"elementor-container elementor-column-gap-default\">\n\t\t\t\t\t<div class=\"elementor-column elementor-col-100 elementor-inner-column elementor-element elementor-element-2909308\" data-id=\"2909308\" data-element_type=\"column\">\n\t\t\t<div class=\"elementor-widget-wrap elementor-element-populated\">\n\t\t\t\t\t\t<div class=\"elementor-element elementor-element-8e337bf elementor-widget elementor-widget-text-editor\" data-id=\"8e337bf\" data-element_type=\"widget\" data-widget_type=\"text-editor.default\">\n\t\t\t\t<div class=\"elementor-widget-container\">\n\t\t\t\t\t\t\t\t\t<p><span style=\"font-weight: 400;\">L&#8217;arriv\u00e9e de ce vol inaugural \u00e0 17h47 n&#8217;est pas le fruit du hasard. Elle r\u00e9sulte d&#8217;un travail collaboratif men\u00e9 pendant plusieurs mois entre trois acteurs cl\u00e9s : la <a href=\"https:\/\/www.martinique.aeroport.fr\/informations-generales\/la-societe-aeroport-martinique-aime-cesaire\/\" target=\"_blank\" rel=\"noopener nofollow\">Soci\u00e9t\u00e9 A\u00e9roport Martinique Aim\u00e9 C\u00e9saire<\/a> (SAMAC), la compagnie <a href=\"https:\/\/www.flycorsair.com\/fr\" target=\"_blank\" rel=\"noopener nofollow\">CORSAIR<\/a> et le <a href=\"https:\/\/www.martinique.org\/fr\/liens-utiles\/comite-martiniquais-du-tourisme\" target=\"_blank\" rel=\"noopener nofollow\">Comit\u00e9 Martiniquais du Tourisme<\/a> (CMT).<\/span><\/p><p><span style=\"font-weight: 400;\">Nathalie S\u00e9bastien, pr\u00e9sidente du Directoire de la SAMAC, salue cette dynamique collective : &#8220;Il s&#8217;agit de vendre un territoire, de vendre une destination. Et \u00e7a, ce n&#8217;est possible qu&#8217;avec le partenariat d&#8217;une compagnie a\u00e9rienne et du Comit\u00e9 du Tourisme.&#8221; Pour elle, cette liaison incarne une vision claire : ouvrir le ciel de la Martinique \u00e0 la province fran\u00e7aise, au-del\u00e0 des traditionnelles portes d&#8217;entr\u00e9e parisiennes que sont Orly et Charles de Gaulle.<\/span><\/p>\t\t\t\t\t\t\t\t<\/div>\n\t\t\t\t<\/div>\n\t\t\t\t<div class=\"elementor-element elementor-element-5396e07 elementor-widget elementor-widget-image\" data-id=\"5396e07\" data-element_type=\"widget\" data-widget_type=\"image.default\">\n\t\t\t\t<div class=\"elementor-widget-container\">\n\t\t\t\t\t\t\t\t\t\t\t\t<figure class=\"wp-caption\">\n\t\t\t\t\t\t\t\t\t\t<img fetchpriority=\"high\" decoding=\"async\" width=\"800\" height=\"800\" src=\"https:\/\/richeskarayib.com\/wp-content\/uploads\/2025\/12\/Nathalie-Sebastien-1024x1024.png\" class=\"attachment-large size-large wp-image-66780\" alt=\"CORSAIR\" srcset=\"https:\/\/richeskarayib.com\/wp-content\/uploads\/2025\/12\/Nathalie-Sebastien-1024x1024.png 1024w, https:\/\/richeskarayib.com\/wp-content\/uploads\/2025\/12\/Nathalie-Sebastien-300x300.png 300w, https:\/\/richeskarayib.com\/wp-content\/uploads\/2025\/12\/Nathalie-Sebastien-150x150.png 150w, https:\/\/richeskarayib.com\/wp-content\/uploads\/2025\/12\/Nathalie-Sebastien-768x768.png 768w, https:\/\/richeskarayib.com\/wp-content\/uploads\/2025\/12\/Nathalie-Sebastien.png 1080w\" sizes=\"(max-width: 800px) 100vw, 800px\" \/>\t\t\t\t\t\t\t\t\t\t\t<figcaption class=\"widget-image-caption wp-caption-text\">Nathalie Se\u0301bastien<\/figcaption>\n\t\t\t\t\t\t\t\t\t\t<\/figure>\n\t\t\t\t\t\t\t\t\t<\/div>\n\t\t\t\t<\/div>\n\t\t\t\t\t<\/div>\n\t\t<\/div>\n\t\t\t\t\t<\/div>\n\t\t<\/section>\n\t\t\t\t<section class=\"elementor-section elementor-inner-section elementor-element elementor-element-a782075 elementor-section-boxed elementor-section-height-default elementor-section-height-default\" data-id=\"a782075\" data-element_type=\"section\">\n\t\t\t\t\t\t<div class=\"elementor-container elementor-column-gap-default\">\n\t\t\t\t\t<div class=\"elementor-column elementor-col-100 elementor-inner-column elementor-element elementor-element-ccbce37\" data-id=\"ccbce37\" data-element_type=\"column\">\n\t\t\t<div class=\"elementor-widget-wrap elementor-element-populated\">\n\t\t\t\t\t\t<div class=\"elementor-element elementor-element-deb7adb elementor-widget elementor-widget-text-editor\" data-id=\"deb7adb\" data-element_type=\"widget\" data-widget_type=\"text-editor.default\">\n\t\t\t\t<div class=\"elementor-widget-container\">\n\t\t\t\t\t\t\t\t\t<p><span style=\"font-weight: 400;\">La pr\u00e9sidente souligne les liens historiques, \u00e9conomiques et universitaires qui unissent Bordeaux et la Martinique. &#8220;C&#8217;est la possibilit\u00e9 pour cette communaut\u00e9 martiniquaise install\u00e9e \u00e0 Bordeaux de revenir plus souvent et plus ais\u00e9ment en Martinique, et vice versa&#8221;, explique-t-elle. Mais au-del\u00e0 de la diaspora, c&#8217;est toute la r\u00e9gion Sud-Ouest qui peut d\u00e9sormais acc\u00e9der \u00e0 la Martinique sans rupture de charge, sans obligatoirement transiter par Paris.<\/span><\/p><p><span style=\"font-weight: 400;\">Marie-Ange Ravin, administratrice du CMT et repr\u00e9sentante de la pr\u00e9sidente B\u00e9n\u00e9dicte Di Geronimo, insiste sur la dimension strat\u00e9gique de cette ouverture : &#8220;Le d\u00e9veloppement des flux en provenance de la province constitue un axe strat\u00e9gique majeur pour le Comit\u00e9 Martiniquais du Tourisme. Longtemps concentr\u00e9e sur la desserte parisienne, l&#8217;accessibilit\u00e9 de la Martinique s&#8217;\u00e9largit aujourd&#8217;hui vers des bassins \u00e9metteurs \u00e0 fort potentiel.&#8221;<\/span><\/p>\t\t\t\t\t\t\t\t<\/div>\n\t\t\t\t<\/div>\n\t\t\t\t\t<\/div>\n\t\t<\/div>\n\t\t\t\t\t<\/div>\n\t\t<\/section>\n\t\t\t\t<section class=\"elementor-section elementor-inner-section elementor-element elementor-element-16c1775 elementor-section-boxed elementor-section-height-default elementor-section-height-default\" data-id=\"16c1775\" data-element_type=\"section\">\n\t\t\t\t\t\t<div class=\"elementor-container elementor-column-gap-default\">\n\t\t\t\t\t<div class=\"elementor-column elementor-col-100 elementor-inner-column elementor-element elementor-element-84a3cd9\" data-id=\"84a3cd9\" data-element_type=\"column\">\n\t\t\t<div class=\"elementor-widget-wrap elementor-element-populated\">\n\t\t\t\t\t\t<div class=\"elementor-element elementor-element-faa333c elementor-widget elementor-widget-image\" data-id=\"faa333c\" data-element_type=\"widget\" data-widget_type=\"image.default\">\n\t\t\t\t<div class=\"elementor-widget-container\">\n\t\t\t\t\t\t\t\t\t\t\t\t<figure class=\"wp-caption\">\n\t\t\t\t\t\t\t\t\t\t<img decoding=\"async\" width=\"800\" height=\"800\" src=\"https:\/\/richeskarayib.com\/wp-content\/uploads\/2025\/12\/Marie-Ange-Ravin-1024x1024.png\" class=\"attachment-large size-large wp-image-66784\" alt=\"CORSAIR\" srcset=\"https:\/\/richeskarayib.com\/wp-content\/uploads\/2025\/12\/Marie-Ange-Ravin-1024x1024.png 1024w, https:\/\/richeskarayib.com\/wp-content\/uploads\/2025\/12\/Marie-Ange-Ravin-300x300.png 300w, https:\/\/richeskarayib.com\/wp-content\/uploads\/2025\/12\/Marie-Ange-Ravin-150x150.png 150w, https:\/\/richeskarayib.com\/wp-content\/uploads\/2025\/12\/Marie-Ange-Ravin-768x768.png 768w, https:\/\/richeskarayib.com\/wp-content\/uploads\/2025\/12\/Marie-Ange-Ravin.png 1080w\" sizes=\"(max-width: 800px) 100vw, 800px\" \/>\t\t\t\t\t\t\t\t\t\t\t<figcaption class=\"widget-image-caption wp-caption-text\">Marie-Ange Ravin<\/figcaption>\n\t\t\t\t\t\t\t\t\t\t<\/figure>\n\t\t\t\t\t\t\t\t\t<\/div>\n\t\t\t\t<\/div>\n\t\t\t\t\t<\/div>\n\t\t<\/div>\n\t\t\t\t\t<\/div>\n\t\t<\/section>\n\t\t\t\t<section class=\"elementor-section elementor-inner-section elementor-element elementor-element-c582330 elementor-section-boxed elementor-section-height-default elementor-section-height-default\" data-id=\"c582330\" data-element_type=\"section\">\n\t\t\t\t\t\t<div class=\"elementor-container elementor-column-gap-default\">\n\t\t\t\t\t\t<\/div>\n\t\t<\/section>\n\t\t\t\t<section class=\"elementor-section elementor-inner-section elementor-element elementor-element-296603a elementor-section-boxed elementor-section-height-default elementor-section-height-default\" data-id=\"296603a\" data-element_type=\"section\">\n\t\t\t\t\t\t<div class=\"elementor-container elementor-column-gap-default\">\n\t\t\t\t\t\t<\/div>\n\t\t<\/section>\n\t\t\t\t\t<\/div>\n\t\t<\/div>\n\t\t\t\t\t<\/div>\n\t\t<\/section>\n\t\t\t\t<section class=\"elementor-section elementor-top-section elementor-element elementor-element-5a7397d elementor-section-boxed elementor-section-height-default elementor-section-height-default\" data-id=\"5a7397d\" data-element_type=\"section\">\n\t\t\t\t\t\t<div class=\"elementor-container elementor-column-gap-default\">\n\t\t\t\t\t<div class=\"elementor-column elementor-col-100 elementor-top-column elementor-element elementor-element-8b33b4b\" data-id=\"8b33b4b\" data-element_type=\"column\">\n\t\t\t<div class=\"elementor-widget-wrap elementor-element-populated\">\n\t\t\t\t\t\t<div class=\"elementor-element elementor-element-89dac4b elementor-widget elementor-widget-heading\" data-id=\"89dac4b\" data-element_type=\"widget\" data-widget_type=\"heading.default\">\n\t\t\t\t<div class=\"elementor-widget-container\">\n\t\t\t\t\t<h2 class=\"elementor-heading-title elementor-size-default\">Une ligne pens\u00e9e pour la mobilit\u00e9 et le d\u00e9senclavement<\/h2>\t\t\t\t<\/div>\n\t\t\t\t<\/div>\n\t\t\t\t<section class=\"elementor-section elementor-inner-section elementor-element elementor-element-bca788d elementor-section-boxed elementor-section-height-default elementor-section-height-default\" data-id=\"bca788d\" data-element_type=\"section\">\n\t\t\t\t\t\t<div class=\"elementor-container elementor-column-gap-default\">\n\t\t\t\t\t<div class=\"elementor-column elementor-col-50 elementor-inner-column elementor-element elementor-element-562cd2b\" data-id=\"562cd2b\" data-element_type=\"column\">\n\t\t\t<div class=\"elementor-widget-wrap elementor-element-populated\">\n\t\t\t\t\t\t<div class=\"elementor-element elementor-element-43a45ac elementor-widget elementor-widget-text-editor\" data-id=\"43a45ac\" data-element_type=\"widget\" data-widget_type=\"text-editor.default\">\n\t\t\t\t<div class=\"elementor-widget-container\">\n\t\t\t\t\t\t\t\t\t<p><span style=\"font-weight: 400;\">Chaque lundi, du 15 d\u00e9cembre 2025 au 20 avril 2026, <a href=\"https:\/\/richeskarayib.com\/fr\/corsair-connecte-pointe-a-pitre-a-nantes-post\/\" target=\"_blank\" rel=\"noopener\">CORSAIR<\/a> op\u00e9rera cette liaison saisonni\u00e8re en p\u00e9riode de haute saison. Le choix du jour et des cr\u00e9neaux horaires n&#8217;a rien d&#8217;anodin. Comme le pr\u00e9cise Nathalie S\u00e9bastien, &#8220;s&#8217;accorder sur le choix du jour et sur les cr\u00e9neaux horaires, c&#8217;est important, car \u00e7a va avoir un impact sur l&#8217;exp\u00e9rience v\u00e9cue par les voyageurs.&#8221; L&#8217;objectif : faciliter les d\u00e9placements d&#8217;une semaine compl\u00e8te, dans un cr\u00e9neau o\u00f9 l&#8217;a\u00e9roport martiniquais est fortement sollicit\u00e9.<\/span><\/p>\t\t\t\t\t\t\t\t<\/div>\n\t\t\t\t<\/div>\n\t\t\t\t<div class=\"elementor-element elementor-element-ff8c81b elementor-widget elementor-widget-text-editor\" data-id=\"ff8c81b\" data-element_type=\"widget\" data-widget_type=\"text-editor.default\">\n\t\t\t\t<div class=\"elementor-widget-container\">\n\t\t\t\t\t\t\t\t\t<p><span style=\"font-weight: 400;\">Eddy Luce, directeur r\u00e9gional Antilles de CORSAIR, confirme cette approche strat\u00e9gique : &#8220;Pour nous, c&#8217;est un signal fort adress\u00e9 aux Martiniquais. CORSAIR continue d&#8217;investir dans les territoires ultramarins pour renforcer l&#8217;accessibilit\u00e9 de l&#8217;\u00eele et la connecter durablement aux grandes r\u00e9gions fran\u00e7aises.&#8221; La compagnie est aujourd&#8217;hui la seule \u00e0 proposer des vols directs de province vers la Martinique, avec Bordeaux et Nantes au d\u00e9part de Pointe-\u00e0-Pitre.<\/span><\/p><p><span style=\"font-weight: 400;\">Cette liaison r\u00e9pond \u00e0 une demande forte. Les taux de remplissage sont excellents depuis l&#8217;ouverture de la vente en mars 2025. &#8220;Si vous souhaitez vous rendre sur Bordeaux, je vous invite \u00e0 prendre tout de suite votre billet d&#8217;avion, car les places vont \u00eatre un peu contraintes&#8221;, pr\u00e9vient Eddy Luce avec le sourire.<\/span><\/p>\t\t\t\t\t\t\t\t<\/div>\n\t\t\t\t<\/div>\n\t\t\t\t\t<\/div>\n\t\t<\/div>\n\t\t\t\t<div class=\"elementor-column elementor-col-50 elementor-inner-column elementor-element elementor-element-aace581\" data-id=\"aace581\" data-element_type=\"column\">\n\t\t\t<div class=\"elementor-widget-wrap elementor-element-populated\">\n\t\t\t\t\t\t<div class=\"elementor-element elementor-element-f94de4d elementor-widget elementor-widget-image\" data-id=\"f94de4d\" data-element_type=\"widget\" data-widget_type=\"image.default\">\n\t\t\t\t<div class=\"elementor-widget-container\">\n\t\t\t\t\t\t\t\t\t\t\t\t<figure class=\"wp-caption\">\n\t\t\t\t\t\t\t\t\t\t<img decoding=\"async\" width=\"800\" height=\"800\" src=\"https:\/\/richeskarayib.com\/wp-content\/uploads\/2025\/12\/Eddy-Luce--1024x1024.png\" class=\"attachment-large size-large wp-image-66788\" alt=\"CORSAIR\" srcset=\"https:\/\/richeskarayib.com\/wp-content\/uploads\/2025\/12\/Eddy-Luce--1024x1024.png 1024w, https:\/\/richeskarayib.com\/wp-content\/uploads\/2025\/12\/Eddy-Luce--300x300.png 300w, https:\/\/richeskarayib.com\/wp-content\/uploads\/2025\/12\/Eddy-Luce--150x150.png 150w, https:\/\/richeskarayib.com\/wp-content\/uploads\/2025\/12\/Eddy-Luce--768x768.png 768w, https:\/\/richeskarayib.com\/wp-content\/uploads\/2025\/12\/Eddy-Luce-.png 1080w\" sizes=\"(max-width: 800px) 100vw, 800px\" \/>\t\t\t\t\t\t\t\t\t\t\t<figcaption class=\"widget-image-caption wp-caption-text\">Eddy Luce<\/figcaption>\n\t\t\t\t\t\t\t\t\t\t<\/figure>\n\t\t\t\t\t\t\t\t\t<\/div>\n\t\t\t\t<\/div>\n\t\t\t\t\t<\/div>\n\t\t<\/div>\n\t\t\t\t\t<\/div>\n\t\t<\/section>\n\t\t\t\t\t<\/div>\n\t\t<\/div>\n\t\t\t\t\t<\/div>\n\t\t<\/section>\n\t\t\t\t<section class=\"elementor-section elementor-top-section elementor-element elementor-element-ceca32c elementor-section-boxed elementor-section-height-default elementor-section-height-default\" data-id=\"ceca32c\" data-element_type=\"section\">\n\t\t\t\t\t\t<div class=\"elementor-container elementor-column-gap-default\">\n\t\t\t\t\t<div class=\"elementor-column elementor-col-100 elementor-top-column elementor-element elementor-element-5a2e383\" data-id=\"5a2e383\" data-element_type=\"column\">\n\t\t\t<div class=\"elementor-widget-wrap elementor-element-populated\">\n\t\t\t\t\t\t<div class=\"elementor-element elementor-element-6cedf5f elementor-widget elementor-widget-heading\" data-id=\"6cedf5f\" data-element_type=\"widget\" data-widget_type=\"heading.default\">\n\t\t\t\t<div class=\"elementor-widget-container\">\n\t\t\t\t\t<h2 class=\"elementor-heading-title elementor-size-default\">Une flotte moderne au service d'un tourisme durable<\/h2>\t\t\t\t<\/div>\n\t\t\t\t<\/div>\n\t\t\t\t<section class=\"elementor-section elementor-inner-section elementor-element elementor-element-bc0026a elementor-section-boxed elementor-section-height-default elementor-section-height-default\" data-id=\"bc0026a\" data-element_type=\"section\">\n\t\t\t\t\t\t<div class=\"elementor-container elementor-column-gap-default\">\n\t\t\t\t\t<div class=\"elementor-column elementor-col-100 elementor-inner-column elementor-element elementor-element-420059a\" data-id=\"420059a\" data-element_type=\"column\">\n\t\t\t<div class=\"elementor-widget-wrap elementor-element-populated\">\n\t\t\t\t\t\t<div class=\"elementor-element elementor-element-99bfa51 elementor-widget elementor-widget-text-editor\" data-id=\"99bfa51\" data-element_type=\"widget\" data-widget_type=\"text-editor.default\">\n\t\t\t\t<div class=\"elementor-widget-container\">\n\t\t\t\t\t\t\t\t\t<p><span style=\"font-weight: 400;\">CORSAIR a fait le choix d&#8217;op\u00e9rer cette ligne avec sa flotte la plus moderne : les Airbus A330 Neo, qui repr\u00e9sentent d\u00e9sormais 100% de ses op\u00e9rations long-courrier. Ces appareils de derni\u00e8re g\u00e9n\u00e9ration offrent un double avantage : un confort accru pour les passagers et une empreinte environnementale r\u00e9duite.<\/span><\/p><p><span style=\"font-weight: 400;\">&#8220;Leur technologie permet de r\u00e9duire de 25% les \u00e9missions de CO\u2082 par si\u00e8ge et de 60% l&#8217;empreinte sonore&#8221;, d\u00e9taille Eddy Luce. Pour la compagnie, c&#8217;est une mani\u00e8re concr\u00e8te de contribuer \u00e0 un transport a\u00e9rien plus durable tout en maintenant des liaisons essentielles. Avec une flotte dont l&#8217;\u00e2ge moyen est de deux ans, CORSAIR dispose de la flotte la plus jeune du march\u00e9 dans sa cat\u00e9gorie.<\/span><\/p>\t\t\t\t\t\t\t\t<\/div>\n\t\t\t\t<\/div>\n\t\t\t\t\t<\/div>\n\t\t<\/div>\n\t\t\t\t\t<\/div>\n\t\t<\/section>\n\t\t\t\t<section class=\"elementor-section elementor-inner-section elementor-element elementor-element-d698f4e elementor-section-boxed elementor-section-height-default elementor-section-height-default\" data-id=\"d698f4e\" data-element_type=\"section\">\n\t\t\t\t\t\t<div class=\"elementor-container elementor-column-gap-default\">\n\t\t\t\t\t<div class=\"elementor-column elementor-col-100 elementor-inner-column elementor-element elementor-element-e22c4f6\" data-id=\"e22c4f6\" data-element_type=\"column\">\n\t\t\t<div class=\"elementor-widget-wrap elementor-element-populated\">\n\t\t\t\t\t\t<div class=\"elementor-element elementor-element-aa24be8 elementor-widget elementor-widget-text-editor\" data-id=\"aa24be8\" data-element_type=\"widget\" data-widget_type=\"text-editor.default\">\n\t\t\t\t<div class=\"elementor-widget-container\">\n\t\t\t\t\t\t\t\t\t<p><span style=\"font-weight: 400;\">Cette mont\u00e9e en gamme se traduit \u00e9galement par une exp\u00e9rience passager premium. La compagnie a \u00e9t\u00e9 r\u00e9compens\u00e9e deux ann\u00e9es cons\u00e9cutives par Skytrax en tant que meilleure compagnie a\u00e9rienne loisir, en 2024 et 2025. &#8220;Notre ambition est claire : proposer \u00e0 tous nos clients, quelles que soient leurs classes de voyage, une exp\u00e9rience de vol moderne et de qualit\u00e9&#8221;, affirme le directeur r\u00e9gional.<\/span><\/p>\t\t\t\t\t\t\t\t<\/div>\n\t\t\t\t<\/div>\n\t\t\t\t\t<\/div>\n\t\t<\/div>\n\t\t\t\t\t<\/div>\n\t\t<\/section>\n\t\t\t\t<section class=\"elementor-section elementor-inner-section elementor-element elementor-element-e66b107 elementor-section-boxed elementor-section-height-default elementor-section-height-default\" data-id=\"e66b107\" data-element_type=\"section\">\n\t\t\t\t\t\t<div class=\"elementor-container elementor-column-gap-default\">\n\t\t\t\t\t<div class=\"elementor-column elementor-col-50 elementor-inner-column elementor-element elementor-element-fa344db\" data-id=\"fa344db\" data-element_type=\"column\">\n\t\t\t<div class=\"elementor-widget-wrap elementor-element-populated\">\n\t\t\t\t\t\t<div class=\"elementor-element elementor-element-6b1b231 elementor-widget elementor-widget-image\" data-id=\"6b1b231\" data-element_type=\"widget\" data-widget_type=\"image.default\">\n\t\t\t\t<div class=\"elementor-widget-container\">\n\t\t\t\t\t\t\t\t\t\t\t\t<figure class=\"wp-caption\">\n\t\t\t\t\t\t\t\t\t\t<img loading=\"lazy\" decoding=\"async\" width=\"800\" height=\"540\" src=\"https:\/\/richeskarayib.com\/wp-content\/uploads\/2025\/12\/\u00a9CORSAIR-1024x691.jpg\" class=\"attachment-large size-large wp-image-66776\" alt=\"CORSAIR\" srcset=\"https:\/\/richeskarayib.com\/wp-content\/uploads\/2025\/12\/\u00a9CORSAIR-1024x691.jpg 1024w, https:\/\/richeskarayib.com\/wp-content\/uploads\/2025\/12\/\u00a9CORSAIR-300x203.jpg 300w, https:\/\/richeskarayib.com\/wp-content\/uploads\/2025\/12\/\u00a9CORSAIR-768x518.jpg 768w, https:\/\/richeskarayib.com\/wp-content\/uploads\/2025\/12\/\u00a9CORSAIR.jpg 1080w\" sizes=\"(max-width: 800px) 100vw, 800px\" \/>\t\t\t\t\t\t\t\t\t\t\t<figcaption class=\"widget-image-caption wp-caption-text\">Airbus A330 Neo \u00a9CORSAIR<\/figcaption>\n\t\t\t\t\t\t\t\t\t\t<\/figure>\n\t\t\t\t\t\t\t\t\t<\/div>\n\t\t\t\t<\/div>\n\t\t\t\t\t<\/div>\n\t\t<\/div>\n\t\t\t\t<div class=\"elementor-column elementor-col-50 elementor-inner-column elementor-element elementor-element-b37bc0d\" data-id=\"b37bc0d\" data-element_type=\"column\">\n\t\t\t<div class=\"elementor-widget-wrap elementor-element-populated\">\n\t\t\t\t\t\t<div class=\"elementor-element elementor-element-4acf059 elementor-widget elementor-widget-image\" data-id=\"4acf059\" data-element_type=\"widget\" data-widget_type=\"image.default\">\n\t\t\t\t<div class=\"elementor-widget-container\">\n\t\t\t\t\t\t\t\t\t\t\t\t\t\t\t<img loading=\"lazy\" decoding=\"async\" width=\"800\" height=\"534\" src=\"https:\/\/richeskarayib.com\/wp-content\/uploads\/2025\/12\/Coupe-du-ruban-Fort-de-France-1024x683.jpg\" class=\"attachment-large size-large wp-image-66881\" alt=\"CORSAIR\" srcset=\"https:\/\/richeskarayib.com\/wp-content\/uploads\/2025\/12\/Coupe-du-ruban-Fort-de-France-1024x683.jpg 1024w, https:\/\/richeskarayib.com\/wp-content\/uploads\/2025\/12\/Coupe-du-ruban-Fort-de-France-300x200.jpg 300w, https:\/\/richeskarayib.com\/wp-content\/uploads\/2025\/12\/Coupe-du-ruban-Fort-de-France-768x512.jpg 768w, https:\/\/richeskarayib.com\/wp-content\/uploads\/2025\/12\/Coupe-du-ruban-Fort-de-France-1536x1024.jpg 1536w, https:\/\/richeskarayib.com\/wp-content\/uploads\/2025\/12\/Coupe-du-ruban-Fort-de-France-1320x880.jpg 1320w, https:\/\/richeskarayib.com\/wp-content\/uploads\/2025\/12\/Coupe-du-ruban-Fort-de-France.jpg 1920w\" sizes=\"(max-width: 800px) 100vw, 800px\" \/>\t\t\t\t\t\t\t\t\t\t\t\t\t\t\t<\/div>\n\t\t\t\t<\/div>\n\t\t\t\t\t<\/div>\n\t\t<\/div>\n\t\t\t\t\t<\/div>\n\t\t<\/section>\n\t\t\t\t\t<\/div>\n\t\t<\/div>\n\t\t\t\t\t<\/div>\n\t\t<\/section>\n\t\t\t\t<section class=\"elementor-section elementor-top-section elementor-element elementor-element-9c88a89 elementor-section-boxed elementor-section-height-default elementor-section-height-default\" data-id=\"9c88a89\" data-element_type=\"section\">\n\t\t\t\t\t\t<div class=\"elementor-container elementor-column-gap-default\">\n\t\t\t\t\t<div class=\"elementor-column elementor-col-100 elementor-top-column elementor-element elementor-element-78cf5d1\" data-id=\"78cf5d1\" data-element_type=\"column\">\n\t\t\t<div class=\"elementor-widget-wrap elementor-element-populated\">\n\t\t\t\t\t\t<div class=\"elementor-element elementor-element-ea2a5c1 elementor-widget elementor-widget-heading\" data-id=\"ea2a5c1\" data-element_type=\"widget\" data-widget_type=\"heading.default\">\n\t\t\t\t<div class=\"elementor-widget-container\">\n\t\t\t\t\t<h2 class=\"elementor-heading-title elementor-size-default\">Un accompagnement financier et marketing pour p\u00e9renniser la ligne<\/h2>\t\t\t\t<\/div>\n\t\t\t\t<\/div>\n\t\t\t\t<section class=\"elementor-section elementor-inner-section elementor-element elementor-element-275a1e8 elementor-section-boxed elementor-section-height-default elementor-section-height-default\" data-id=\"275a1e8\" data-element_type=\"section\">\n\t\t\t\t\t\t<div class=\"elementor-container elementor-column-gap-default\">\n\t\t\t\t\t<div class=\"elementor-column elementor-col-100 elementor-inner-column elementor-element elementor-element-4f5d9ea\" data-id=\"4f5d9ea\" data-element_type=\"column\">\n\t\t\t<div class=\"elementor-widget-wrap elementor-element-populated\">\n\t\t\t\t\t\t<div class=\"elementor-element elementor-element-e305eee elementor-widget elementor-widget-text-editor\" data-id=\"e305eee\" data-element_type=\"widget\" data-widget_type=\"text-editor.default\">\n\t\t\t\t<div class=\"elementor-widget-container\">\n\t\t\t\t\t\t\t\t\t<p><span style=\"font-weight: 400;\">Consciente que lancer une ligne ne suffit pas, la SAMAC a mis en place un dispositif d&#8217;accompagnement sur mesure. &#8220;Notre objectif, c&#8217;est aussi que les Martiniquais puissent partir \u00e0 la d\u00e9couverte de Bordeaux&#8221;, explique Nathalie S\u00e9bastien. L&#8217;a\u00e9roport a engag\u00e9 un soutien \u00e0 la fois en termes de redevances a\u00e9roportuaires et de marketing, via les r\u00e9seaux sociaux et des actions de promotion cibl\u00e9es.<\/span><\/p>\t\t\t\t\t\t\t\t<\/div>\n\t\t\t\t<\/div>\n\t\t\t\t\t<\/div>\n\t\t<\/div>\n\t\t\t\t\t<\/div>\n\t\t<\/section>\n\t\t\t\t<div class=\"elementor-element elementor-element-b7a8070 elementor-widget elementor-widget-text-editor\" data-id=\"b7a8070\" data-element_type=\"widget\" data-widget_type=\"text-editor.default\">\n\t\t\t\t<div class=\"elementor-widget-container\">\n\t\t\t\t\t\t\t\t\t<p><span style=\"font-weight: 400;\">Du c\u00f4t\u00e9 du CMT, le travail sur les march\u00e9s \u00e9metteurs a d\u00e9but\u00e9 d\u00e8s septembre 2025 avec une op\u00e9ration d&#8217;envergure \u00e0 Bordeaux. &#8220;Nous avons organis\u00e9 une rencontre avec pr\u00e8s d&#8217;une centaine d&#8217;agents de voyage de la r\u00e9gion bordelaise et Nouvelle-Aquitaine, en partenariat avec CORSAIR et l&#8217;a\u00e9roport de Bordeaux, pour que les agences puissent programmer et donner plus de visibilit\u00e9 aux packages entre Bordeaux et Fort-de-France&#8221;, pr\u00e9cise Ga\u00ebtan Paderna.<\/span><\/p><p><span style=\"font-weight: 400;\">Ce dispositif se poursuit avec des campagnes digitales, des caravanes promotionnelles et des packages facilit\u00e9s pour encourager la r\u00e9servation. Le message est clair : cette ligne doit s&#8217;inscrire dans la dur\u00e9e.<\/span><\/p>\t\t\t\t\t\t\t\t<\/div>\n\t\t\t\t<\/div>\n\t\t\t\t<section class=\"elementor-section elementor-inner-section elementor-element elementor-element-280d5fa elementor-section-boxed elementor-section-height-default elementor-section-height-default\" data-id=\"280d5fa\" data-element_type=\"section\">\n\t\t\t\t\t\t<div class=\"elementor-container elementor-column-gap-default\">\n\t\t\t\t\t<div class=\"elementor-column elementor-col-50 elementor-inner-column elementor-element elementor-element-72c1697\" data-id=\"72c1697\" data-element_type=\"column\">\n\t\t\t<div class=\"elementor-widget-wrap elementor-element-populated\">\n\t\t\t\t\t\t<div class=\"elementor-element elementor-element-433cef3 elementor-widget elementor-widget-image\" data-id=\"433cef3\" data-element_type=\"widget\" data-widget_type=\"image.default\">\n\t\t\t\t<div class=\"elementor-widget-container\">\n\t\t\t\t\t\t\t\t\t\t\t\t<figure class=\"wp-caption\">\n\t\t\t\t\t\t\t\t\t\t<img loading=\"lazy\" decoding=\"async\" width=\"800\" height=\"370\" src=\"https:\/\/richeskarayib.com\/wp-content\/uploads\/2025\/12\/Eddy-Luce-et-Nathalie-Sebastien-1024x473.jpg\" class=\"attachment-large size-large wp-image-66792\" alt=\"CORSAIR\" srcset=\"https:\/\/richeskarayib.com\/wp-content\/uploads\/2025\/12\/Eddy-Luce-et-Nathalie-Sebastien-1024x473.jpg 1024w, https:\/\/richeskarayib.com\/wp-content\/uploads\/2025\/12\/Eddy-Luce-et-Nathalie-Sebastien-300x139.jpg 300w, https:\/\/richeskarayib.com\/wp-content\/uploads\/2025\/12\/Eddy-Luce-et-Nathalie-Sebastien-768x355.jpg 768w, https:\/\/richeskarayib.com\/wp-content\/uploads\/2025\/12\/Eddy-Luce-et-Nathalie-Sebastien-1536x710.jpg 1536w, https:\/\/richeskarayib.com\/wp-content\/uploads\/2025\/12\/Eddy-Luce-et-Nathalie-Sebastien-1320x610.jpg 1320w, https:\/\/richeskarayib.com\/wp-content\/uploads\/2025\/12\/Eddy-Luce-et-Nathalie-Sebastien.jpg 1920w\" sizes=\"(max-width: 800px) 100vw, 800px\" \/>\t\t\t\t\t\t\t\t\t\t\t<figcaption class=\"widget-image-caption wp-caption-text\">Eddy Luce et Nathalie Se\u0301bastien<\/figcaption>\n\t\t\t\t\t\t\t\t\t\t<\/figure>\n\t\t\t\t\t\t\t\t\t<\/div>\n\t\t\t\t<\/div>\n\t\t\t\t\t<\/div>\n\t\t<\/div>\n\t\t\t\t<div class=\"elementor-column elementor-col-50 elementor-inner-column elementor-element elementor-element-ac54616\" data-id=\"ac54616\" data-element_type=\"column\">\n\t\t\t<div class=\"elementor-widget-wrap elementor-element-populated\">\n\t\t\t\t\t\t<div class=\"elementor-element elementor-element-0df4c86 elementor-widget elementor-widget-image\" data-id=\"0df4c86\" data-element_type=\"widget\" data-widget_type=\"image.default\">\n\t\t\t\t<div class=\"elementor-widget-container\">\n\t\t\t\t\t\t\t\t\t\t\t\t<figure class=\"wp-caption\">\n\t\t\t\t\t\t\t\t\t\t<img loading=\"lazy\" decoding=\"async\" width=\"800\" height=\"370\" src=\"https:\/\/richeskarayib.com\/wp-content\/uploads\/2025\/12\/Eddy-Luce-et-Marie-Ange-Ravin-1024x473.jpg\" class=\"attachment-large size-large wp-image-66796\" alt=\"CORSAIR\" srcset=\"https:\/\/richeskarayib.com\/wp-content\/uploads\/2025\/12\/Eddy-Luce-et-Marie-Ange-Ravin-1024x473.jpg 1024w, https:\/\/richeskarayib.com\/wp-content\/uploads\/2025\/12\/Eddy-Luce-et-Marie-Ange-Ravin-300x139.jpg 300w, https:\/\/richeskarayib.com\/wp-content\/uploads\/2025\/12\/Eddy-Luce-et-Marie-Ange-Ravin-768x355.jpg 768w, https:\/\/richeskarayib.com\/wp-content\/uploads\/2025\/12\/Eddy-Luce-et-Marie-Ange-Ravin-1536x710.jpg 1536w, https:\/\/richeskarayib.com\/wp-content\/uploads\/2025\/12\/Eddy-Luce-et-Marie-Ange-Ravin-1320x610.jpg 1320w, https:\/\/richeskarayib.com\/wp-content\/uploads\/2025\/12\/Eddy-Luce-et-Marie-Ange-Ravin.jpg 1920w\" sizes=\"(max-width: 800px) 100vw, 800px\" \/>\t\t\t\t\t\t\t\t\t\t\t<figcaption class=\"widget-image-caption wp-caption-text\">Eddy Luce et Marie-Ange Ravin<\/figcaption>\n\t\t\t\t\t\t\t\t\t\t<\/figure>\n\t\t\t\t\t\t\t\t\t<\/div>\n\t\t\t\t<\/div>\n\t\t\t\t\t<\/div>\n\t\t<\/div>\n\t\t\t\t\t<\/div>\n\t\t<\/section>\n\t\t\t\t\t<\/div>\n\t\t<\/div>\n\t\t\t\t\t<\/div>\n\t\t<\/section>\n\t\t\t\t<section class=\"elementor-section elementor-top-section elementor-element elementor-element-103aced elementor-section-boxed elementor-section-height-default elementor-section-height-default\" data-id=\"103aced\" data-element_type=\"section\">\n\t\t\t\t\t\t<div class=\"elementor-container elementor-column-gap-default\">\n\t\t\t\t\t<div class=\"elementor-column elementor-col-100 elementor-top-column elementor-element elementor-element-e34f9f4\" data-id=\"e34f9f4\" data-element_type=\"column\">\n\t\t\t<div class=\"elementor-widget-wrap elementor-element-populated\">\n\t\t\t\t\t\t<div class=\"elementor-element elementor-element-c643e86 elementor-widget elementor-widget-heading\" data-id=\"c643e86\" data-element_type=\"widget\" data-widget_type=\"heading.default\">\n\t\t\t\t<div class=\"elementor-widget-container\">\n\t\t\t\t\t<h2 class=\"elementor-heading-title elementor-size-default\">Plus qu'une liaison a\u00e9rienne, une passerelle humaine<\/h2>\t\t\t\t<\/div>\n\t\t\t\t<\/div>\n\t\t\t\t<section class=\"elementor-section elementor-inner-section elementor-element elementor-element-9035ca3 elementor-section-boxed elementor-section-height-default elementor-section-height-default\" data-id=\"9035ca3\" data-element_type=\"section\">\n\t\t\t\t\t\t<div class=\"elementor-container elementor-column-gap-default\">\n\t\t\t\t\t<div class=\"elementor-column elementor-col-50 elementor-inner-column elementor-element elementor-element-984d4b5\" data-id=\"984d4b5\" data-element_type=\"column\">\n\t\t\t<div class=\"elementor-widget-wrap elementor-element-populated\">\n\t\t\t\t\t\t<div class=\"elementor-element elementor-element-f783f1a elementor-widget elementor-widget-text-editor\" data-id=\"f783f1a\" data-element_type=\"widget\" data-widget_type=\"text-editor.default\">\n\t\t\t\t<div class=\"elementor-widget-container\">\n\t\t\t\t\t\t\t\t\t<p><span style=\"font-weight: 400;\">Au-del\u00e0 des enjeux touristiques et \u00e9conomiques, cette nouvelle liaison porte une dimension profond\u00e9ment humaine. Elle r\u00e9pond notamment aux besoins de mobilit\u00e9 des jeunes Martiniquais qui \u00e9tudient \u00e0 Bordeaux, l&#8217;une des grandes villes universitaires fran\u00e7aises. &#8220;Cette ligne directe leur permettra de maintenir plus facilement le lien avec leur territoire d&#8217;origine, avec leur famille et avec la Martinique&#8221;, souligne Marie-Ange Ravin.<\/span><\/p><p><span style=\"font-weight: 400;\">Pour les familles de la diaspora, c&#8217;est aussi une facilit\u00e9 retrouv\u00e9e. Les d\u00e9placements entre les deux territoires deviennent plus fluides, plus accessibles, avec un impact carbone r\u00e9duit gr\u00e2ce \u00e0 l&#8217;absence d&#8217;escale parisienne.<\/span><\/p>\t\t\t\t\t\t\t\t<\/div>\n\t\t\t\t<\/div>\n\t\t\t\t<div class=\"elementor-element elementor-element-c2e57c0 elementor-widget elementor-widget-text-editor\" data-id=\"c2e57c0\" data-element_type=\"widget\" data-widget_type=\"text-editor.default\">\n\t\t\t\t<div class=\"elementor-widget-container\">\n\t\t\t\t\t\t\t\t\t<p><span style=\"font-weight: 400;\">Nathalie S\u00e9bastien conclut avec une invitation chaleureuse : &#8220;V\u00e9ritablement, n&#8217;ayez pas peur de partir \u00e0 la d\u00e9couverte et de d\u00e9couvrir ce que peuvent offrir ces deux territoires. Une liaison directe, c&#8217;est plus de possibilit\u00e9s de voyager, plus de possibilit\u00e9s d&#8217;aller \u00e0 la d\u00e9couverte de l&#8217;autre, m\u00eame si c&#8217;est un autre que l&#8217;on pense conna\u00eetre. Osez le voyage, osez partir \u00e0 la d\u00e9couverte.&#8221;<\/span><\/p><p><span style=\"font-weight: 400;\">Ce vol inaugural Bordeaux &#8211; Fort-de-France est bien plus qu&#8217;une nouvelle route a\u00e9rienne. C&#8217;est une passerelle entre deux territoires, une opportunit\u00e9 pour le tourisme, l&#8217;\u00e9conomie, la jeunesse et l&#8217;avenir de la Martinique.<\/span><\/p>\t\t\t\t\t\t\t\t<\/div>\n\t\t\t\t<\/div>\n\t\t\t\t\t<\/div>\n\t\t<\/div>\n\t\t\t\t<div class=\"elementor-column elementor-col-50 elementor-inner-column elementor-element elementor-element-b6bf3d5\" data-id=\"b6bf3d5\" data-element_type=\"column\">\n\t\t\t<div class=\"elementor-widget-wrap elementor-element-populated\">\n\t\t\t\t\t\t<div class=\"elementor-element elementor-element-86805e8 elementor-widget elementor-widget-image\" data-id=\"86805e8\" data-element_type=\"widget\" data-widget_type=\"image.default\">\n\t\t\t\t<div class=\"elementor-widget-container\">\n\t\t\t\t\t\t\t\t\t\t\t\t\t\t\t<img loading=\"lazy\" decoding=\"async\" width=\"800\" height=\"800\" src=\"https:\/\/richeskarayib.com\/wp-content\/uploads\/2025\/12\/2-3-1024x1024.png\" class=\"attachment-large size-large wp-image-66800\" alt=\"CORSAIR\" srcset=\"https:\/\/richeskarayib.com\/wp-content\/uploads\/2025\/12\/2-3-1024x1024.png 1024w, https:\/\/richeskarayib.com\/wp-content\/uploads\/2025\/12\/2-3-300x300.png 300w, https:\/\/richeskarayib.com\/wp-content\/uploads\/2025\/12\/2-3-150x150.png 150w, https:\/\/richeskarayib.com\/wp-content\/uploads\/2025\/12\/2-3-768x768.png 768w, https:\/\/richeskarayib.com\/wp-content\/uploads\/2025\/12\/2-3.png 1080w\" sizes=\"(max-width: 800px) 100vw, 800px\" \/>\t\t\t\t\t\t\t\t\t\t\t\t\t\t\t<\/div>\n\t\t\t\t<\/div>\n\t\t\t\t\t<\/div>\n\t\t<\/div>\n\t\t\t\t\t<\/div>\n\t\t<\/section>\n\t\t\t\t\t<\/div>\n\t\t<\/div>\n\t\t\t\t\t<\/div>\n\t\t<\/section>\n\t\t\t\t<section class=\"elementor-section elementor-top-section elementor-element elementor-element-23ed11f elementor-section-boxed elementor-section-height-default elementor-section-height-default\" data-id=\"23ed11f\" data-element_type=\"section\">\n\t\t\t\t\t\t<div class=\"elementor-container elementor-column-gap-default\">\n\t\t\t\t\t<div class=\"elementor-column elementor-col-100 elementor-top-column elementor-element elementor-element-9e160dd\" data-id=\"9e160dd\" data-element_type=\"column\">\n\t\t\t<div class=\"elementor-widget-wrap elementor-element-populated\">\n\t\t\t\t\t\t<div class=\"elementor-element elementor-element-0bbe05d elementor-widget elementor-widget-text-editor\" data-id=\"0bbe05d\" data-element_type=\"widget\" data-widget_type=\"text-editor.default\">\n\t\t\t\t<div class=\"elementor-widget-container\">\n\t\t\t\t\t\t\t\t\t<p><b>\u00c0 propos de CORSAIR<\/b><span style=\"font-weight: 400;\"> : Compagnie a\u00e9rienne fran\u00e7aise sp\u00e9cialis\u00e9e dans les liaisons long-courrier vers les Outre-mer et les destinations loisirs, CORSAIR op\u00e8re une flotte 100% Airbus A330 Neo et a \u00e9t\u00e9 \u00e9lue meilleure compagnie a\u00e9rienne loisir par Skytrax en 2024 et 2025.<\/span><\/p>\t\t\t\t\t\t\t\t<\/div>\n\t\t\t\t<\/div>\n\t\t\t\t<div class=\"elementor-element elementor-element-4d8516a elementor-widget elementor-widget-text-editor\" data-id=\"4d8516a\" data-element_type=\"widget\" data-widget_type=\"text-editor.default\">\n\t\t\t\t<div class=\"elementor-widget-container\">\n\t\t\t\t\t\t\t\t\t<p><b>\u00c0 propos de la SAMAC<\/b><span style=\"font-weight: 400;\"> : La Soci\u00e9t\u00e9 A\u00e9roport Martinique Aim\u00e9 C\u00e9saire g\u00e8re l&#8217;a\u00e9roport international de la Martinique, qui a b\u00e9n\u00e9fici\u00e9 de plus de 120 millions d&#8217;euros de travaux de modernisation et peut accueillir plus de 3 millions de passagers par an.<\/span><\/p>\t\t\t\t\t\t\t\t<\/div>\n\t\t\t\t<\/div>\n\t\t\t\t<div class=\"elementor-element elementor-element-30e5bee elementor-widget elementor-widget-text-editor\" data-id=\"30e5bee\" data-element_type=\"widget\" data-widget_type=\"text-editor.default\">\n\t\t\t\t<div class=\"elementor-widget-container\">\n\t\t\t\t\t\t\t\t\t<p><b>\u00c0 propos du CMT<\/b><span style=\"font-weight: 400;\"> : Le Comit\u00e9 Martiniquais du Tourisme est l&#8217;organisme en charge de la promotion de la destination Martinique aupr\u00e8s des march\u00e9s \u00e9metteurs nationaux et internationaux.<\/span><\/p>\t\t\t\t\t\t\t\t<\/div>\n\t\t\t\t<\/div>\n\t\t\t\t\t<\/div>\n\t\t<\/div>\n\t\t\t\t\t<\/div>\n\t\t<\/section>\n\t\t\t\t<section class=\"elementor-section elementor-top-section elementor-element elementor-element-c9d5708 elementor-section-boxed elementor-section-height-default elementor-section-height-default\" data-id=\"c9d5708\" data-element_type=\"section\">\n\t\t\t\t\t\t<div class=\"elementor-container elementor-column-gap-default\">\n\t\t\t\t\t<div class=\"elementor-column elementor-col-100 elementor-top-column elementor-element elementor-element-f856576\" data-id=\"f856576\" data-element_type=\"column\">\n\t\t\t<div class=\"elementor-widget-wrap elementor-element-populated\">\n\t\t\t\t\t\t<section class=\"elementor-section elementor-inner-section elementor-element elementor-element-c731c95 elementor-section-boxed elementor-section-height-default elementor-section-height-default\" data-id=\"c731c95\" data-element_type=\"section\">\n\t\t\t\t\t\t<div class=\"elementor-container elementor-column-gap-default\">\n\t\t\t\t\t<div class=\"elementor-column elementor-col-100 elementor-inner-column elementor-element elementor-element-1841fe0\" data-id=\"1841fe0\" data-element_type=\"column\">\n\t\t\t<div class=\"elementor-widget-wrap elementor-element-populated\">\n\t\t\t\t\t\t<div class=\"elementor-element elementor-element-9c42147 elementor-widget elementor-widget-heading\" data-id=\"9c42147\" data-element_type=\"widget\" data-widget_type=\"heading.default\">\n\t\t\t\t<div class=\"elementor-widget-container\">\n\t\t\t\t\t<h2 class=\"elementor-heading-title elementor-size-default\">FAQ<\/h2>\t\t\t\t<\/div>\n\t\t\t\t<\/div>\n\t\t\t\t<div class=\"elementor-element elementor-element-1666ae5 elementor-widget elementor-widget-accordion\" data-id=\"1666ae5\" data-element_type=\"widget\" data-widget_type=\"accordion.default\">\n\t\t\t\t<div class=\"elementor-widget-container\">\n\t\t\t\t\t\t\t<div class=\"elementor-accordion\">\n\t\t\t\t\t\t\t<div class=\"elementor-accordion-item\">\n\t\t\t\t\t<div id=\"elementor-tab-title-2341\" class=\"elementor-tab-title\" data-tab=\"1\" role=\"button\" aria-controls=\"elementor-tab-content-2341\" aria-expanded=\"false\">\n\t\t\t\t\t\t\t\t\t\t\t\t\t<span class=\"elementor-accordion-icon elementor-accordion-icon-left\" aria-hidden=\"true\">\n\t\t\t\t\t\t\t\t\t\t\t\t\t\t\t<span class=\"elementor-accordion-icon-closed\"><i class=\"fas fa-plus\"><\/i><\/span>\n\t\t\t\t\t\t\t\t<span class=\"elementor-accordion-icon-opened\"><i class=\"fas fa-minus\"><\/i><\/span>\n\t\t\t\t\t\t\t\t\t\t\t\t\t\t<\/span>\n\t\t\t\t\t\t\t\t\t\t\t\t<a class=\"elementor-accordion-title\" tabindex=\"0\">Quand a commenc\u00e9 le vol direct Bordeaux \u2013 Fort-de-France avec CORSAIR ?<\/a>\n\t\t\t\t\t<\/div>\n\t\t\t\t\t<div id=\"elementor-tab-content-2341\" class=\"elementor-tab-content elementor-clearfix\" data-tab=\"1\" role=\"region\" aria-labelledby=\"elementor-tab-title-2341\"><p><span style=\"font-weight: 400;\">Le vol direct Bordeaux \u2013 Fort-de-France op\u00e9r\u00e9 par CORSAIR a d\u00e9but\u00e9 le 15 d\u00e9cembre 2025, avec un premier vol inaugural accueilli \u00e0 l\u2019a\u00e9roport Aim\u00e9-C\u00e9saire en Martinique.<\/span><\/p><\/div>\n\t\t\t\t<\/div>\n\t\t\t\t\t\t\t<div class=\"elementor-accordion-item\">\n\t\t\t\t\t<div id=\"elementor-tab-title-2342\" class=\"elementor-tab-title\" data-tab=\"2\" role=\"button\" aria-controls=\"elementor-tab-content-2342\" aria-expanded=\"false\">\n\t\t\t\t\t\t\t\t\t\t\t\t\t<span class=\"elementor-accordion-icon elementor-accordion-icon-left\" aria-hidden=\"true\">\n\t\t\t\t\t\t\t\t\t\t\t\t\t\t\t<span class=\"elementor-accordion-icon-closed\"><i class=\"fas fa-plus\"><\/i><\/span>\n\t\t\t\t\t\t\t\t<span class=\"elementor-accordion-icon-opened\"><i class=\"fas fa-minus\"><\/i><\/span>\n\t\t\t\t\t\t\t\t\t\t\t\t\t\t<\/span>\n\t\t\t\t\t\t\t\t\t\t\t\t<a class=\"elementor-accordion-title\" tabindex=\"0\">\u00c0 quelle fr\u00e9quence la liaison Bordeaux \u2013 Fort-de-France est-elle op\u00e9r\u00e9e ?<\/a>\n\t\t\t\t\t<\/div>\n\t\t\t\t\t<div id=\"elementor-tab-content-2342\" class=\"elementor-tab-content elementor-clearfix\" data-tab=\"2\" role=\"region\" aria-labelledby=\"elementor-tab-title-2342\"><p><span style=\"font-weight: 400;\">La liaison est assur\u00e9e une fois par semaine, chaque lundi, du 15 d\u00e9cembre 2025 au 20 avril 2026, pendant la haute saison touristique.<\/span><\/p><\/div>\n\t\t\t\t<\/div>\n\t\t\t\t\t\t\t<div class=\"elementor-accordion-item\">\n\t\t\t\t\t<div id=\"elementor-tab-title-2343\" class=\"elementor-tab-title\" data-tab=\"3\" role=\"button\" aria-controls=\"elementor-tab-content-2343\" aria-expanded=\"false\">\n\t\t\t\t\t\t\t\t\t\t\t\t\t<span class=\"elementor-accordion-icon elementor-accordion-icon-left\" aria-hidden=\"true\">\n\t\t\t\t\t\t\t\t\t\t\t\t\t\t\t<span class=\"elementor-accordion-icon-closed\"><i class=\"fas fa-plus\"><\/i><\/span>\n\t\t\t\t\t\t\t\t<span class=\"elementor-accordion-icon-opened\"><i class=\"fas fa-minus\"><\/i><\/span>\n\t\t\t\t\t\t\t\t\t\t\t\t\t\t<\/span>\n\t\t\t\t\t\t\t\t\t\t\t\t<a class=\"elementor-accordion-title\" tabindex=\"0\">Quel type d\u2019avion est utilis\u00e9 sur la ligne Bordeaux \u2013 Fort-de-France ?<\/a>\n\t\t\t\t\t<\/div>\n\t\t\t\t\t<div id=\"elementor-tab-content-2343\" class=\"elementor-tab-content elementor-clearfix\" data-tab=\"3\" role=\"region\" aria-labelledby=\"elementor-tab-title-2343\"><p><span style=\"font-weight: 400;\">CORSAIR op\u00e8re cette ligne avec des Airbus A330 Neo, des appareils de derni\u00e8re g\u00e9n\u00e9ration permettant de r\u00e9duire les \u00e9missions de CO\u2082 par si\u00e8ge et d\u2019am\u00e9liorer le confort des passagers.<\/span><\/p><\/div>\n\t\t\t\t<\/div>\n\t\t\t\t\t\t\t\t<\/div>\n\t\t\t\t\t\t<\/div>\n\t\t\t\t<\/div>\n\t\t\t\t\t<\/div>\n\t\t<\/div>\n\t\t\t\t\t<\/div>\n\t\t<\/section>\n\t\t\t\t\t<\/div>\n\t\t<\/div>\n\t\t\t\t\t<\/div>\n\t\t<\/section>\n\t\t\t\t<\/div>\n\t\t","protected":false},"excerpt":{"rendered":"<p>Le 15 d\u00e9cembre 2025, l&#8217;a\u00e9roport Aim\u00e9-C\u00e9saire a accueilli le premier vol direct Bordeaux &#8211; Fort-de-France, op\u00e9r\u00e9 par CORSAIR. Cette nouvelle liaison marque un tournant strat\u00e9gique pour la connectivit\u00e9 de la Martinique et l&#8217;accessibilit\u00e9 de la Cara\u00efbe depuis le Sud-Ouest fran\u00e7ais. Un partenariat tripartite au service de l&#8217;attractivit\u00e9 territoriale L&#8217;arriv\u00e9e de ce vol inaugural \u00e0 17h47 [&hellip;]<\/p>\n","protected":false},"author":662,"featured_media":66772,"comment_status":"open","ping_status":"open","sticky":false,"template":"","format":"standard","meta":{"_acf_changed":false,"footnotes":""},"categories":[1765],"tags":[1836,808],"class_list":["post-66771","post","type-post","status-publish","format-standard","has-post-thumbnail","hentry","category-aerien","tag-bordeaux","tag-martinique-fr"],"acf":[],"_links":{"self":[{"href":"https:\/\/richeskarayib.com\/fr\/wp-json\/wp\/v2\/posts\/66771","targetHints":{"allow":["GET"]}}],"collection":[{"href":"https:\/\/richeskarayib.com\/fr\/wp-json\/wp\/v2\/posts"}],"about":[{"href":"https:\/\/richeskarayib.com\/fr\/wp-json\/wp\/v2\/types\/post"}],"author":[{"embeddable":true,"href":"https:\/\/richeskarayib.com\/fr\/wp-json\/wp\/v2\/users\/662"}],"replies":[{"embeddable":true,"href":"https:\/\/richeskarayib.com\/fr\/wp-json\/wp\/v2\/comments?post=66771"}],"version-history":[{"count":0,"href":"https:\/\/richeskarayib.com\/fr\/wp-json\/wp\/v2\/posts\/66771\/revisions"}],"wp:featuredmedia":[{"embeddable":true,"href":"https:\/\/richeskarayib.com\/fr\/wp-json\/wp\/v2\/media\/66772"}],"wp:attachment":[{"href":"https:\/\/richeskarayib.com\/fr\/wp-json\/wp\/v2\/media?parent=66771"}],"wp:term":[{"taxonomy":"category","embeddable":true,"href":"https:\/\/richeskarayib.com\/fr\/wp-json\/wp\/v2\/categories?post=66771"},{"taxonomy":"post_tag","embeddable":true,"href":"https:\/\/richeskarayib.com\/fr\/wp-json\/wp\/v2\/tags?post=66771"}],"curies":[{"name":"wp","href":"https:\/\/api.w.org\/{rel}","templated":true}]}}