{"id":66885,"date":"2025-12-17T14:02:05","date_gmt":"2025-12-17T18:02:05","guid":{"rendered":"https:\/\/richeskarayib.com\/?p=66885"},"modified":"2025-12-22T10:14:26","modified_gmt":"2025-12-22T14:14:26","slug":"cecile-vernant-artiste-multimedium-martinique","status":"publish","type":"post","link":"https:\/\/richeskarayib.com\/fr\/cecile-vernant-artiste-multimedium-martinique\/","title":{"rendered":"Martinique &#8211; C\u00e9cile Vernant : une artiste multim\u00e9dium qui sculpte la m\u00e9moire de l\u2019\u00eele"},"content":{"rendered":"\t\t<div data-elementor-type=\"wp-post\" data-elementor-id=\"66885\" class=\"elementor elementor-66885\" data-elementor-post-type=\"post\">\n\t\t\t\t\t\t<section class=\"elementor-section elementor-top-section elementor-element elementor-element-7ca7ca1 elementor-section-boxed elementor-section-height-default elementor-section-height-default\" data-id=\"7ca7ca1\" data-element_type=\"section\">\n\t\t\t\t\t\t<div class=\"elementor-container elementor-column-gap-default\">\n\t\t\t\t\t<div class=\"elementor-column elementor-col-100 elementor-top-column elementor-element elementor-element-cbdd002\" data-id=\"cbdd002\" data-element_type=\"column\">\n\t\t\t<div class=\"elementor-widget-wrap elementor-element-populated\">\n\t\t\t\t\t\t<section class=\"elementor-section elementor-inner-section elementor-element elementor-element-bc94849 elementor-section-boxed elementor-section-height-default elementor-section-height-default\" data-id=\"bc94849\" data-element_type=\"section\">\n\t\t\t\t\t\t<div class=\"elementor-container elementor-column-gap-default\">\n\t\t\t\t\t\t<\/div>\n\t\t<\/section>\n\t\t\t\t<section class=\"elementor-section elementor-inner-section elementor-element elementor-element-61571e6 elementor-section-boxed elementor-section-height-default elementor-section-height-default\" data-id=\"61571e6\" data-element_type=\"section\">\n\t\t\t\t\t\t<div class=\"elementor-container elementor-column-gap-default\">\n\t\t\t\t\t\t<\/div>\n\t\t<\/section>\n\t\t\t\t<section class=\"elementor-section elementor-inner-section elementor-element elementor-element-b6262e0 elementor-section-boxed elementor-section-height-default elementor-section-height-default\" data-id=\"b6262e0\" data-element_type=\"section\">\n\t\t\t\t\t\t<div class=\"elementor-container elementor-column-gap-default\">\n\t\t\t\t\t\t<\/div>\n\t\t<\/section>\n\t\t\t\t<section class=\"elementor-section elementor-inner-section elementor-element elementor-element-cca29fd elementor-section-boxed elementor-section-height-default elementor-section-height-default\" data-id=\"cca29fd\" data-element_type=\"section\">\n\t\t\t\t\t\t<div class=\"elementor-container elementor-column-gap-default\">\n\t\t\t\t\t\t<\/div>\n\t\t<\/section>\n\t\t\t\t\t<\/div>\n\t\t<\/div>\n\t\t\t\t\t<\/div>\n\t\t<\/section>\n\t\t\t\t<section class=\"elementor-section elementor-top-section elementor-element elementor-element-ee72354 elementor-section-boxed elementor-section-height-default elementor-section-height-default\" data-id=\"ee72354\" data-element_type=\"section\">\n\t\t\t\t\t\t<div class=\"elementor-container elementor-column-gap-default\">\n\t\t\t\t\t<div class=\"elementor-column elementor-col-100 elementor-top-column elementor-element elementor-element-c59d6fe\" data-id=\"c59d6fe\" data-element_type=\"column\">\n\t\t\t<div class=\"elementor-widget-wrap elementor-element-populated\">\n\t\t\t\t\t\t<div class=\"elementor-element elementor-element-c6d4f26 elementor-widget elementor-widget-text-editor\" data-id=\"c6d4f26\" data-element_type=\"widget\" data-widget_type=\"text-editor.default\">\n\t\t\t\t<div class=\"elementor-widget-container\">\n\t\t\t\t\t\t\t\t\t<p><span style=\"font-weight: 400;\">\u00c0 travers la peinture, la photographie et la c\u00e9ramique, C\u00e9cile Vernant explore un territoire intime : celui de la <a href=\"https:\/\/richeskarayib.com\/fr\/martinique-voix-kalinago-fondation-clement\/\" target=\"_blank\" rel=\"noopener\">Martinique<\/a> de son enfance. N\u00e9e \u00e0 Paris, mais arriv\u00e9e sur l\u2019\u00eele \u00e0 18 mois, l\u2019artiste revendique un ancrage profond, nourri d\u2019odeurs, de lumi\u00e8res, de textures et de souvenirs sensoriels. Dans le travailde C\u00e9cile Vernant\u00a0 l\u2019humour se m\u00eale au sensible, le jeu aux accidents, la technique \u00e0 l\u2019instinct. Rencontre avec une cr\u00e9atrice qui trace sa route avec une sinc\u00e9rit\u00e9 rare, hors des cadres fig\u00e9s de l\u2019art contemporain.<\/span><\/p>\t\t\t\t\t\t\t\t<\/div>\n\t\t\t\t<\/div>\n\t\t\t\t\t<\/div>\n\t\t<\/div>\n\t\t\t\t\t<\/div>\n\t\t<\/section>\n\t\t\t\t<section class=\"elementor-section elementor-top-section elementor-element elementor-element-82cd8f9 elementor-section-boxed elementor-section-height-default elementor-section-height-default\" data-id=\"82cd8f9\" data-element_type=\"section\">\n\t\t\t\t\t\t<div class=\"elementor-container elementor-column-gap-default\">\n\t\t\t\t\t<div class=\"elementor-column elementor-col-100 elementor-top-column elementor-element elementor-element-0bfdc38\" data-id=\"0bfdc38\" data-element_type=\"column\">\n\t\t\t<div class=\"elementor-widget-wrap elementor-element-populated\">\n\t\t\t\t\t\t<div class=\"elementor-element elementor-element-7d292fe elementor-widget elementor-widget-heading\" data-id=\"7d292fe\" data-element_type=\"widget\" data-widget_type=\"heading.default\">\n\t\t\t\t<div class=\"elementor-widget-container\">\n\t\t\t\t\t<h2 class=\"elementor-heading-title elementor-size-default\">Une m\u00e9moire charnelle de la Martinique<\/h2>\t\t\t\t<\/div>\n\t\t\t\t<\/div>\n\t\t\t\t<section class=\"elementor-section elementor-inner-section elementor-element elementor-element-250cbbb elementor-section-boxed elementor-section-height-default elementor-section-height-default\" data-id=\"250cbbb\" data-element_type=\"section\">\n\t\t\t\t\t\t<div class=\"elementor-container elementor-column-gap-default\">\n\t\t\t\t\t<div class=\"elementor-column elementor-col-50 elementor-inner-column elementor-element elementor-element-7c78b61\" data-id=\"7c78b61\" data-element_type=\"column\">\n\t\t\t<div class=\"elementor-widget-wrap elementor-element-populated\">\n\t\t\t\t\t\t<div class=\"elementor-element elementor-element-8e337bf elementor-widget elementor-widget-text-editor\" data-id=\"8e337bf\" data-element_type=\"widget\" data-widget_type=\"text-editor.default\">\n\t\t\t\t<div class=\"elementor-widget-container\">\n\t\t\t\t\t\t\t\t\t<p>\u00a0<\/p>\n<p><span style=\"font-weight: 400;\">Pour C\u00e9cile Vernant l\u2019art est surtout une mani\u00e8re de sentir, de vivre, de se relier \u00e0 soi et \u00e0 son \u00eele. <\/span><\/p>\n<p><span style=\"font-weight: 400;\">Depuis ses dessins d\u2019enfance sur un mur lilas jusqu\u2019\u00e0 ses \u0153uvres r\u00e9centes m\u00ealant argile, pastel et huile, elle compose un univers o\u00f9 chaque m\u00e9dium devient vecteur d\u2019\u00e9motions.\u00a0<\/span><\/p>\n<p><span style=\"font-weight: 400;\">\u00ab Je travaille par ricochet \u00bb, dit-elle, revendiquant une approche instinctive, o\u00f9 chaque cr\u00e9ation en inspire une autre dans une logique de <\/span><i><span style=\"font-weight: 400;\">cadavre exquis visuel (<\/span><\/i><span style=\"font-weight: 400;\">(encha\u00eenement spontan\u00e9 d\u2019\u0153uvres, comme un dialogue visuel).<\/span><\/p>\t\t\t\t\t\t\t\t<\/div>\n\t\t\t\t<\/div>\n\t\t\t\t<div class=\"elementor-element elementor-element-deb7adb elementor-widget elementor-widget-text-editor\" data-id=\"deb7adb\" data-element_type=\"widget\" data-widget_type=\"text-editor.default\">\n\t\t\t\t<div class=\"elementor-widget-container\">\n\t\t\t\t\t\t\t\t\t<p><span style=\"font-weight: 400;\">La Martinique traverse tout le travail de C\u00e9cile Vernant,\u00a0 non comme un d\u00e9cor fig\u00e9, mais comme un paysage int\u00e9rieur.<\/span><\/p>\n<p><span style=\"font-weight: 400;\"> La nature, les souvenirs d\u2019\u00e9cole, le bruit de la pluie sur la t\u00f4le, les falaises de Bellefontaine, les rainettes \u00e0 l\u2019aube\u2026 tout est mati\u00e8re \u00e0 cr\u00e9ation.\u00a0<\/span><\/p>\n<p><span style=\"font-weight: 400;\">\u00ab Le pays du c\u0153ur, c\u2019est le pays de l\u2019enfance heureuse \u00bb, affirme-t-elle.\u00a0<\/span><\/p>\n<p><span style=\"font-weight: 400;\">Et c\u2019est cette enfance-l\u00e0, ancr\u00e9e dans les jeux collectifs, les sensations tactiles et les formes naturelles, qu\u2019elle transmet avec d\u00e9licatesse.<\/span><\/p>\t\t\t\t\t\t\t\t<\/div>\n\t\t\t\t<\/div>\n\t\t\t\t\t<\/div>\n\t\t<\/div>\n\t\t\t\t<div class=\"elementor-column elementor-col-50 elementor-inner-column elementor-element elementor-element-83d3ea0\" data-id=\"83d3ea0\" data-element_type=\"column\">\n\t\t\t<div class=\"elementor-widget-wrap elementor-element-populated\">\n\t\t\t\t\t\t<div class=\"elementor-element elementor-element-995e11b elementor-widget elementor-widget-image\" data-id=\"995e11b\" data-element_type=\"widget\" data-widget_type=\"image.default\">\n\t\t\t\t<div class=\"elementor-widget-container\">\n\t\t\t\t\t\t\t\t\t\t\t\t<figure class=\"wp-caption\">\n\t\t\t\t\t\t\t\t\t\t<img fetchpriority=\"high\" decoding=\"async\" width=\"528\" height=\"736\" src=\"https:\/\/richeskarayib.com\/wp-content\/uploads\/2025\/12\/portrait-3.jpeg\" class=\"attachment-large size-large wp-image-66890\" alt=\"C\u00e9cile Vernant\" srcset=\"https:\/\/richeskarayib.com\/wp-content\/uploads\/2025\/12\/portrait-3.jpeg 528w, https:\/\/richeskarayib.com\/wp-content\/uploads\/2025\/12\/portrait-3-215x300.jpeg 215w\" sizes=\"(max-width: 528px) 100vw, 528px\" \/>\t\t\t\t\t\t\t\t\t\t\t<figcaption class=\"widget-image-caption wp-caption-text\">\u00a9C\u00e9cile Vernant<\/figcaption>\n\t\t\t\t\t\t\t\t\t\t<\/figure>\n\t\t\t\t\t\t\t\t\t<\/div>\n\t\t\t\t<\/div>\n\t\t\t\t\t<\/div>\n\t\t<\/div>\n\t\t\t\t\t<\/div>\n\t\t<\/section>\n\t\t\t\t<section class=\"elementor-section elementor-inner-section elementor-element elementor-element-c582330 elementor-section-boxed elementor-section-height-default elementor-section-height-default\" data-id=\"c582330\" data-element_type=\"section\">\n\t\t\t\t\t\t<div class=\"elementor-container elementor-column-gap-default\">\n\t\t\t\t\t\t<\/div>\n\t\t<\/section>\n\t\t\t\t<section class=\"elementor-section elementor-inner-section elementor-element elementor-element-296603a elementor-section-boxed elementor-section-height-default elementor-section-height-default\" data-id=\"296603a\" data-element_type=\"section\">\n\t\t\t\t\t\t<div class=\"elementor-container elementor-column-gap-default\">\n\t\t\t\t\t\t<\/div>\n\t\t<\/section>\n\t\t\t\t\t<\/div>\n\t\t<\/div>\n\t\t\t\t\t<\/div>\n\t\t<\/section>\n\t\t\t\t<section class=\"elementor-section elementor-top-section elementor-element elementor-element-5a7397d elementor-section-boxed elementor-section-height-default elementor-section-height-default\" data-id=\"5a7397d\" data-element_type=\"section\">\n\t\t\t\t\t\t<div class=\"elementor-container elementor-column-gap-default\">\n\t\t\t\t\t<div class=\"elementor-column elementor-col-100 elementor-top-column elementor-element elementor-element-8b33b4b\" data-id=\"8b33b4b\" data-element_type=\"column\">\n\t\t\t<div class=\"elementor-widget-wrap elementor-element-populated\">\n\t\t\t\t\t\t<div class=\"elementor-element elementor-element-89dac4b elementor-widget elementor-widget-heading\" data-id=\"89dac4b\" data-element_type=\"widget\" data-widget_type=\"heading.default\">\n\t\t\t\t<div class=\"elementor-widget-container\">\n\t\t\t\t\t<h2 class=\"elementor-heading-title elementor-size-default\">Ruines aux lumi\u00e8res d'argent<\/h2>\t\t\t\t<\/div>\n\t\t\t\t<\/div>\n\t\t\t\t<section class=\"elementor-section elementor-inner-section elementor-element elementor-element-bca788d elementor-section-boxed elementor-section-height-default elementor-section-height-default\" data-id=\"bca788d\" data-element_type=\"section\">\n\t\t\t\t\t\t<div class=\"elementor-container elementor-column-gap-default\">\n\t\t\t\t\t<div class=\"elementor-column elementor-col-100 elementor-inner-column elementor-element elementor-element-562cd2b\" data-id=\"562cd2b\" data-element_type=\"column\">\n\t\t\t<div class=\"elementor-widget-wrap elementor-element-populated\">\n\t\t\t\t\t\t<div class=\"elementor-element elementor-element-43a45ac elementor-widget elementor-widget-text-editor\" data-id=\"43a45ac\" data-element_type=\"widget\" data-widget_type=\"text-editor.default\">\n\t\t\t\t<div class=\"elementor-widget-container\">\n\t\t\t\t\t\t\t\t\t<p><span style=\"font-weight: 400;\">Cette photographie en noir et blanc imprim\u00e9e en tirage final sur papier argent\u00e9, traduit un regard profond\u00e9ment contemplatif sur la Martinique. Gr\u00e2ce au support m\u00e9tallique, la lumi\u00e8re semble \u00e9merger de l\u2019image elle-m\u00eame, accentuant les jeux d\u2019ombre et de mati\u00e8re. \u00c0 travers les ruines, la lumi\u00e8re, les ombres, C\u00e9cile Vernant capte ce que l\u2019\u00eele abandonne, mais aussi ce qu\u2019elle transforme. Loin du pittoresque, elle donne \u00e0 voir une m\u00e9moire architecturale en mutation, une beaut\u00e9 qui r\u00e9siste.\u00a0<\/span><\/p>\n<p><span style=\"font-weight: 400;\">Ruines aux lumi\u00e8res d\u2019argent fait \u00e9cho \u00e0 son travail pictural et c\u00e9ramique : m\u00eame recherche du grain, m\u00eame sensibilit\u00e9 \u00e0 la mati\u00e8re. C\u2019est dans les interstices, les traces, les silences que l\u2019artiste inscrit son \u00e9motion. \u00ab La nature ici est le plus beau tableau que je connaisse \u00bb, dit-elle.<\/span><\/p>\t\t\t\t\t\t\t\t<\/div>\n\t\t\t\t<\/div>\n\t\t\t\t\t<\/div>\n\t\t<\/div>\n\t\t\t\t\t<\/div>\n\t\t<\/section>\n\t\t\t\t<section class=\"elementor-section elementor-inner-section elementor-element elementor-element-49f76b3 elementor-section-boxed elementor-section-height-default elementor-section-height-default\" data-id=\"49f76b3\" data-element_type=\"section\">\n\t\t\t\t\t\t<div class=\"elementor-container elementor-column-gap-default\">\n\t\t\t\t\t<div class=\"elementor-column elementor-col-100 elementor-inner-column elementor-element elementor-element-e9c42ac\" data-id=\"e9c42ac\" data-element_type=\"column\">\n\t\t\t<div class=\"elementor-widget-wrap elementor-element-populated\">\n\t\t\t\t\t\t<div class=\"elementor-element elementor-element-59e311f elementor-widget elementor-widget-image\" data-id=\"59e311f\" data-element_type=\"widget\" data-widget_type=\"image.default\">\n\t\t\t\t<div class=\"elementor-widget-container\">\n\t\t\t\t\t\t\t\t\t\t\t\t<figure class=\"wp-caption\">\n\t\t\t\t\t\t\t\t\t\t<img decoding=\"async\" width=\"800\" height=\"806\" src=\"https:\/\/richeskarayib.com\/wp-content\/uploads\/2025\/12\/Ruines-aux-lumieres-dargent-1016x1024.jpeg\" class=\"attachment-large size-large wp-image-66894\" alt=\"C\u00e9cile Vernant\" srcset=\"https:\/\/richeskarayib.com\/wp-content\/uploads\/2025\/12\/Ruines-aux-lumieres-dargent-1016x1024.jpeg 1016w, https:\/\/richeskarayib.com\/wp-content\/uploads\/2025\/12\/Ruines-aux-lumieres-dargent-298x300.jpeg 298w, https:\/\/richeskarayib.com\/wp-content\/uploads\/2025\/12\/Ruines-aux-lumieres-dargent-150x150.jpeg 150w, https:\/\/richeskarayib.com\/wp-content\/uploads\/2025\/12\/Ruines-aux-lumieres-dargent-768x774.jpeg 768w, https:\/\/richeskarayib.com\/wp-content\/uploads\/2025\/12\/Ruines-aux-lumieres-dargent-1524x1536.jpeg 1524w, https:\/\/richeskarayib.com\/wp-content\/uploads\/2025\/12\/Ruines-aux-lumieres-dargent-1320x1331.jpeg 1320w, https:\/\/richeskarayib.com\/wp-content\/uploads\/2025\/12\/Ruines-aux-lumieres-dargent.jpeg 1882w\" sizes=\"(max-width: 800px) 100vw, 800px\" \/>\t\t\t\t\t\t\t\t\t\t\t<figcaption class=\"widget-image-caption wp-caption-text\">Ruines aux lumie\u0300res d'argent. \u00a9C\u00e9cile Vernant<\/figcaption>\n\t\t\t\t\t\t\t\t\t\t<\/figure>\n\t\t\t\t\t\t\t\t\t<\/div>\n\t\t\t\t<\/div>\n\t\t\t\t\t<\/div>\n\t\t<\/div>\n\t\t\t\t\t<\/div>\n\t\t<\/section>\n\t\t\t\t\t<\/div>\n\t\t<\/div>\n\t\t\t\t\t<\/div>\n\t\t<\/section>\n\t\t\t\t<section class=\"elementor-section elementor-top-section elementor-element elementor-element-ceca32c elementor-section-boxed elementor-section-height-default elementor-section-height-default\" data-id=\"ceca32c\" data-element_type=\"section\">\n\t\t\t\t\t\t<div class=\"elementor-container elementor-column-gap-default\">\n\t\t\t\t\t<div class=\"elementor-column elementor-col-100 elementor-top-column elementor-element elementor-element-5a2e383\" data-id=\"5a2e383\" data-element_type=\"column\">\n\t\t\t<div class=\"elementor-widget-wrap elementor-element-populated\">\n\t\t\t\t\t\t<div class=\"elementor-element elementor-element-6cedf5f elementor-widget elementor-widget-heading\" data-id=\"6cedf5f\" data-element_type=\"widget\" data-widget_type=\"heading.default\">\n\t\t\t\t<div class=\"elementor-widget-container\">\n\t\t\t\t\t<h2 class=\"elementor-heading-title elementor-size-default\">Multim\u00e9dium, multisensibilit\u00e9<\/h2>\t\t\t\t<\/div>\n\t\t\t\t<\/div>\n\t\t\t\t<section class=\"elementor-section elementor-inner-section elementor-element elementor-element-bc0026a elementor-section-boxed elementor-section-height-default elementor-section-height-default\" data-id=\"bc0026a\" data-element_type=\"section\">\n\t\t\t\t\t\t<div class=\"elementor-container elementor-column-gap-default\">\n\t\t\t\t\t<div class=\"elementor-column elementor-col-100 elementor-inner-column elementor-element elementor-element-420059a\" data-id=\"420059a\" data-element_type=\"column\">\n\t\t\t<div class=\"elementor-widget-wrap elementor-element-populated\">\n\t\t\t\t\t\t<div class=\"elementor-element elementor-element-99bfa51 elementor-widget elementor-widget-text-editor\" data-id=\"99bfa51\" data-element_type=\"widget\" data-widget_type=\"text-editor.default\">\n\t\t\t\t<div class=\"elementor-widget-container\">\n\t\t\t\t\t\t\t\t\t<p><span style=\"font-weight: 400;\">C\u00e9ramique, pastel, photo, huile\u2026 Pour C\u00e9cile Vernant, chaque m\u00e9dium offre une nouvelle porte d\u2019entr\u00e9e dans l\u2019intime. Son approche multim\u00e9dium lui offre une libert\u00e9 d\u2019expression plurielle, chaque mat\u00e9riau devenant une voie d\u2019exploration sensible et surtout un moyen de faire dialoguer les mati\u00e8res.\u00a0<\/span><\/p>\t\t\t\t\t\t\t\t<\/div>\n\t\t\t\t<\/div>\n\t\t\t\t\t<\/div>\n\t\t<\/div>\n\t\t\t\t\t<\/div>\n\t\t<\/section>\n\t\t\t\t\t<\/div>\n\t\t<\/div>\n\t\t\t\t\t<\/div>\n\t\t<\/section>\n\t\t\t\t<section class=\"elementor-section elementor-top-section elementor-element elementor-element-9c88a89 elementor-section-boxed elementor-section-height-default elementor-section-height-default\" data-id=\"9c88a89\" data-element_type=\"section\">\n\t\t\t\t\t\t<div class=\"elementor-container elementor-column-gap-default\">\n\t\t\t\t\t<div class=\"elementor-column elementor-col-100 elementor-top-column elementor-element elementor-element-78cf5d1\" data-id=\"78cf5d1\" data-element_type=\"column\">\n\t\t\t<div class=\"elementor-widget-wrap elementor-element-populated\">\n\t\t\t\t\t\t<div class=\"elementor-element elementor-element-ea2a5c1 elementor-widget elementor-widget-heading\" data-id=\"ea2a5c1\" data-element_type=\"widget\" data-widget_type=\"heading.default\">\n\t\t\t\t<div class=\"elementor-widget-container\">\n\t\t\t\t\t<h2 class=\"elementor-heading-title elementor-size-default\">Les Contes de la pleine lune \u2013 48 bis<\/h2>\t\t\t\t<\/div>\n\t\t\t\t<\/div>\n\t\t\t\t<section class=\"elementor-section elementor-inner-section elementor-element elementor-element-d54383b elementor-section-boxed elementor-section-height-default elementor-section-height-default\" data-id=\"d54383b\" data-element_type=\"section\">\n\t\t\t\t\t\t<div class=\"elementor-container elementor-column-gap-default\">\n\t\t\t\t\t<div class=\"elementor-column elementor-col-100 elementor-inner-column elementor-element elementor-element-22d792a\" data-id=\"22d792a\" data-element_type=\"column\">\n\t\t\t<div class=\"elementor-widget-wrap elementor-element-populated\">\n\t\t\t\t\t\t<div class=\"elementor-element elementor-element-e305eee elementor-widget elementor-widget-text-editor\" data-id=\"e305eee\" data-element_type=\"widget\" data-widget_type=\"text-editor.default\">\n\t\t\t\t<div class=\"elementor-widget-container\">\n\t\t\t\t\t\t\t\t\t<p><span style=\"font-weight: 400;\">Cette peinture appartient \u00e0 une s\u00e9rie ouverte, sensible et po\u00e9tique. Avec <\/span><i><span style=\"font-weight: 400;\">Les <\/span><\/i><span style=\"font-weight: 400;\">Contes de la pleine lune, C\u00e9cile Vernant construit un univers \u00e9motionnel \u00e0 partir de souvenirs d\u2019enfance, de sensations nocturnes et de fragments d\u2019architecture imaginaire ou d&#8217;armatures abandonn\u00e9es. L\u2019abstraction douce y rencontre le symbolique : la pleine lune devient un marqueur, une lumi\u00e8re int\u00e9rieure qui guide le pinceau. Untitled N\u00b0 48 bis incarne ce langage intime, fait de formes en suspension, de lignes oniriques et de couleurs subtiles. \u00ab Je ne travaille jamais une seule \u0153uvre \u00e0 la fois. Chaque toile parle \u00e0 la suivante \u00bb, explique l\u2019artiste, qui revendique une approche fluide, libre, instinctive.<\/span><\/p>\t\t\t\t\t\t\t\t<\/div>\n\t\t\t\t<\/div>\n\t\t\t\t<div class=\"elementor-element elementor-element-b7a8070 elementor-widget elementor-widget-text-editor\" data-id=\"b7a8070\" data-element_type=\"widget\" data-widget_type=\"text-editor.default\">\n\t\t\t\t<div class=\"elementor-widget-container\">\n\t\t\t\t\t\t\t\t\t<p><span style=\"font-weight: 400;\">Ce rapport \u00e0 la mati\u00e8re est aussi profond\u00e9ment sensoriel : elle travaille souvent avec les doigts, laissant les textures guider l\u2019\u00e9motion. L\u2019argile, en particulier, lui procure un apaisement physique et mental. \u00ab C\u2019est comme si la terre te massait le c\u0153ur et l\u2019\u00e2me \u00bb, confie-t-elle. Son humour d\u00e9cal\u00e9, pr\u00e9sent jusque dans les titres de ses pi\u00e8ces (<\/span><i><span style=\"font-weight: 400;\">Ananas T\u00eate Couchal<\/span><\/i><span style=\"font-weight: 400;\">, <\/span><i><span style=\"font-weight: 400;\">Bananes megzoclettes<\/span><\/i><span style=\"font-weight: 400;\"> \u2026), apporte une l\u00e9g\u00e8ret\u00e9 salutaire dans un monde de l\u2019art souvent trop s\u00e9rieux.<\/span><\/p>\t\t\t\t\t\t\t\t<\/div>\n\t\t\t\t<\/div>\n\t\t\t\t\t<\/div>\n\t\t<\/div>\n\t\t\t\t\t<\/div>\n\t\t<\/section>\n\t\t\t\t<section class=\"elementor-section elementor-inner-section elementor-element elementor-element-eb286d0 elementor-section-boxed elementor-section-height-default elementor-section-height-default\" data-id=\"eb286d0\" data-element_type=\"section\">\n\t\t\t\t\t\t<div class=\"elementor-container elementor-column-gap-default\">\n\t\t\t\t\t<div class=\"elementor-column elementor-col-100 elementor-inner-column elementor-element elementor-element-de80b7e\" data-id=\"de80b7e\" data-element_type=\"column\">\n\t\t\t<div class=\"elementor-widget-wrap elementor-element-populated\">\n\t\t\t\t\t\t<div class=\"elementor-element elementor-element-0f9dc84 elementor-widget elementor-widget-image\" data-id=\"0f9dc84\" data-element_type=\"widget\" data-widget_type=\"image.default\">\n\t\t\t\t<div class=\"elementor-widget-container\">\n\t\t\t\t\t\t\t\t\t\t\t\t<figure class=\"wp-caption\">\n\t\t\t\t\t\t\t\t\t\t<img decoding=\"async\" width=\"800\" height=\"800\" src=\"https:\/\/richeskarayib.com\/wp-content\/uploads\/2025\/12\/Untitled-N\u00b048-bis-Cecile-Vernant-1024x1024.jpeg\" class=\"attachment-large size-large wp-image-66898\" alt=\"C\u00e9cile Vernant\" srcset=\"https:\/\/richeskarayib.com\/wp-content\/uploads\/2025\/12\/Untitled-N\u00b048-bis-Cecile-Vernant-1024x1024.jpeg 1024w, https:\/\/richeskarayib.com\/wp-content\/uploads\/2025\/12\/Untitled-N\u00b048-bis-Cecile-Vernant-300x300.jpeg 300w, https:\/\/richeskarayib.com\/wp-content\/uploads\/2025\/12\/Untitled-N\u00b048-bis-Cecile-Vernant-150x150.jpeg 150w, https:\/\/richeskarayib.com\/wp-content\/uploads\/2025\/12\/Untitled-N\u00b048-bis-Cecile-Vernant-768x768.jpeg 768w, https:\/\/richeskarayib.com\/wp-content\/uploads\/2025\/12\/Untitled-N\u00b048-bis-Cecile-Vernant-1536x1536.jpeg 1536w, https:\/\/richeskarayib.com\/wp-content\/uploads\/2025\/12\/Untitled-N\u00b048-bis-Cecile-Vernant-1320x1320.jpeg 1320w, https:\/\/richeskarayib.com\/wp-content\/uploads\/2025\/12\/Untitled-N\u00b048-bis-Cecile-Vernant.jpeg 1920w\" sizes=\"(max-width: 800px) 100vw, 800px\" \/>\t\t\t\t\t\t\t\t\t\t\t<figcaption class=\"widget-image-caption wp-caption-text\">Untitled N\u00b048 bis, \u00a9Ce\u0301cile Vernant<\/figcaption>\n\t\t\t\t\t\t\t\t\t\t<\/figure>\n\t\t\t\t\t\t\t\t\t<\/div>\n\t\t\t\t<\/div>\n\t\t\t\t\t<\/div>\n\t\t<\/div>\n\t\t\t\t\t<\/div>\n\t\t<\/section>\n\t\t\t\t\t<\/div>\n\t\t<\/div>\n\t\t\t\t\t<\/div>\n\t\t<\/section>\n\t\t\t\t<section class=\"elementor-section elementor-top-section elementor-element elementor-element-0ab4f66 elementor-section-boxed elementor-section-height-default elementor-section-height-default\" data-id=\"0ab4f66\" data-element_type=\"section\">\n\t\t\t\t\t\t<div class=\"elementor-container elementor-column-gap-default\">\n\t\t\t\t\t<div class=\"elementor-column elementor-col-100 elementor-top-column elementor-element elementor-element-95c6111\" data-id=\"95c6111\" data-element_type=\"column\">\n\t\t\t<div class=\"elementor-widget-wrap elementor-element-populated\">\n\t\t\t\t\t\t<div class=\"elementor-element elementor-element-422485b elementor-widget elementor-widget-heading\" data-id=\"422485b\" data-element_type=\"widget\" data-widget_type=\"heading.default\">\n\t\t\t\t<div class=\"elementor-widget-container\">\n\t\t\t\t\t<h2 class=\"elementor-heading-title elementor-size-default\">Ananas T\u00eate Couchal\n<\/h2>\t\t\t\t<\/div>\n\t\t\t\t<\/div>\n\t\t\t\t<section class=\"elementor-section elementor-inner-section elementor-element elementor-element-ad9c12f elementor-section-boxed elementor-section-height-default elementor-section-height-default\" data-id=\"ad9c12f\" data-element_type=\"section\">\n\t\t\t\t\t\t<div class=\"elementor-container elementor-column-gap-default\">\n\t\t\t\t\t<div class=\"elementor-column elementor-col-100 elementor-inner-column elementor-element elementor-element-c7c44c5\" data-id=\"c7c44c5\" data-element_type=\"column\">\n\t\t\t<div class=\"elementor-widget-wrap elementor-element-populated\">\n\t\t\t\t\t\t<div class=\"elementor-element elementor-element-e61d4d1 elementor-widget elementor-widget-text-editor\" data-id=\"e61d4d1\" data-element_type=\"widget\" data-widget_type=\"text-editor.default\">\n\t\t\t\t<div class=\"elementor-widget-container\">\n\t\t\t\t\t\t\t\t\t<p><span style=\"font-weight: 400;\">N\u00e9e d\u2019un accident de cr\u00e9ation, cette sculpture en argile incarne l\u2019approche instinctive de C\u00e9cile Vernant. Pens\u00e9e initialement comme une coiffe dress\u00e9e \u00e0 la verticale, la pi\u00e8ce s\u2019est effondr\u00e9e. Plut\u00f4t que d\u2019y voir un \u00e9chec, l\u2019artiste en a tir\u00e9 une force cr\u00e9ative, baptisant l\u2019\u0153uvre Ananas T\u00eate Couchal avec humour. Le geste est r\u00e9v\u00e9lateur : dans sa pratique, rien n\u2019est fig\u00e9, tout peut \u00eatre d\u00e9tourn\u00e9, rebaptis\u00e9, rejou\u00e9.\u00a0<\/span><\/p>\n<p><span style=\"font-weight: 400;\">\u00ab L\u2019humour fait partie de mon travail.\u00bb, dit-elle. Cette pi\u00e8ce traduit son attachement \u00e0 la mati\u00e8re, au geste manuel, mais aussi \u00e0 une esth\u00e9tique carib\u00e9enne libre et joyeuse.<\/span><\/p>\t\t\t\t\t\t\t\t<\/div>\n\t\t\t\t<\/div>\n\t\t\t\t\t<\/div>\n\t\t<\/div>\n\t\t\t\t\t<\/div>\n\t\t<\/section>\n\t\t\t\t<section class=\"elementor-section elementor-inner-section elementor-element elementor-element-4cd64d6 elementor-section-boxed elementor-section-height-default elementor-section-height-default\" data-id=\"4cd64d6\" data-element_type=\"section\">\n\t\t\t\t\t\t<div class=\"elementor-container elementor-column-gap-default\">\n\t\t\t\t\t<div class=\"elementor-column elementor-col-100 elementor-inner-column elementor-element elementor-element-86383b5\" data-id=\"86383b5\" data-element_type=\"column\">\n\t\t\t<div class=\"elementor-widget-wrap elementor-element-populated\">\n\t\t\t\t\t\t<div class=\"elementor-element elementor-element-a32a530 elementor-widget elementor-widget-image\" data-id=\"a32a530\" data-element_type=\"widget\" data-widget_type=\"image.default\">\n\t\t\t\t<div class=\"elementor-widget-container\">\n\t\t\t\t\t\t\t\t\t\t\t\t<figure class=\"wp-caption\">\n\t\t\t\t\t\t\t\t\t\t<img loading=\"lazy\" decoding=\"async\" width=\"800\" height=\"960\" src=\"https:\/\/richeskarayib.com\/wp-content\/uploads\/2025\/12\/Ananas-tete-couchal--853x1024.jpeg\" class=\"attachment-large size-large wp-image-66902\" alt=\"C\u00e9cile Vernant\" srcset=\"https:\/\/richeskarayib.com\/wp-content\/uploads\/2025\/12\/Ananas-tete-couchal--853x1024.jpeg 853w, https:\/\/richeskarayib.com\/wp-content\/uploads\/2025\/12\/Ananas-tete-couchal--250x300.jpeg 250w, https:\/\/richeskarayib.com\/wp-content\/uploads\/2025\/12\/Ananas-tete-couchal--768x922.jpeg 768w, https:\/\/richeskarayib.com\/wp-content\/uploads\/2025\/12\/Ananas-tete-couchal--1280x1536.jpeg 1280w, https:\/\/richeskarayib.com\/wp-content\/uploads\/2025\/12\/Ananas-tete-couchal--1320x1584.jpeg 1320w, https:\/\/richeskarayib.com\/wp-content\/uploads\/2025\/12\/Ananas-tete-couchal-.jpeg 1600w\" sizes=\"(max-width: 800px) 100vw, 800px\" \/>\t\t\t\t\t\t\t\t\t\t\t<figcaption class=\"widget-image-caption wp-caption-text\">Ananas te\u0302te couchal. \u00a9Ce\u0301cile Vernant<\/figcaption>\n\t\t\t\t\t\t\t\t\t\t<\/figure>\n\t\t\t\t\t\t\t\t\t<\/div>\n\t\t\t\t<\/div>\n\t\t\t\t\t<\/div>\n\t\t<\/div>\n\t\t\t\t\t<\/div>\n\t\t<\/section>\n\t\t\t\t\t<\/div>\n\t\t<\/div>\n\t\t\t\t\t<\/div>\n\t\t<\/section>\n\t\t\t\t<section class=\"elementor-section elementor-top-section elementor-element elementor-element-164ad8f elementor-section-boxed elementor-section-height-default elementor-section-height-default\" data-id=\"164ad8f\" data-element_type=\"section\">\n\t\t\t\t\t\t<div class=\"elementor-container elementor-column-gap-default\">\n\t\t\t\t\t<div class=\"elementor-column elementor-col-100 elementor-top-column elementor-element elementor-element-47e5291\" data-id=\"47e5291\" data-element_type=\"column\">\n\t\t\t<div class=\"elementor-widget-wrap elementor-element-populated\">\n\t\t\t\t\t\t<div class=\"elementor-element elementor-element-fe9c195 elementor-widget elementor-widget-heading\" data-id=\"fe9c195\" data-element_type=\"widget\" data-widget_type=\"heading.default\">\n\t\t\t\t<div class=\"elementor-widget-container\">\n\t\t\t\t\t<h2 class=\"elementor-heading-title elementor-size-default\">Cr\u00e9er sans sur-intellectualiser<\/h2>\t\t\t\t<\/div>\n\t\t\t\t<\/div>\n\t\t\t\t<section class=\"elementor-section elementor-inner-section elementor-element elementor-element-59f4ffc elementor-section-boxed elementor-section-height-default elementor-section-height-default\" data-id=\"59f4ffc\" data-element_type=\"section\">\n\t\t\t\t\t\t<div class=\"elementor-container elementor-column-gap-default\">\n\t\t\t\t\t<div class=\"elementor-column elementor-col-100 elementor-inner-column elementor-element elementor-element-d5e436e\" data-id=\"d5e436e\" data-element_type=\"column\">\n\t\t\t<div class=\"elementor-widget-wrap elementor-element-populated\">\n\t\t\t\t\t\t<div class=\"elementor-element elementor-element-20e25f5 elementor-widget elementor-widget-text-editor\" data-id=\"20e25f5\" data-element_type=\"widget\" data-widget_type=\"text-editor.default\">\n\t\t\t\t<div class=\"elementor-widget-container\">\n\t\t\t\t\t\t\t\t\t<p><span style=\"font-weight: 400;\">C\u00e9cile Vernant refuse les codes \u00e9litistes de l\u2019art contemporain. Elle cr\u00e9e surtout pour donner du plaisir et laisser le spectateur se faire sa propre cuisine int\u00e9rieure avec les oeuvres non titr\u00e9es.\u00a0<\/span><\/p>\n<p><span style=\"font-weight: 400;\">\u00ab On peut faire les choses s\u00e9rieusement sans se prendre au s\u00e9rieux \u00bb, r\u00e9p\u00e8te-t-elle. Cette posture lucide et libre s\u00e9duit un public vari\u00e9, entre amateurs \u00e9clair\u00e9s, curieux de l\u2019\u00eele, et professionnels en qu\u00eate de voix authentiques. Son attachement \u00e0 la Martinique est aussi un choix logistique et \u00e9motionnel : le climat, les mat\u00e9riaux, les personnes\u2026 tout y nourrit sa cr\u00e9ativit\u00e9.<\/span><\/p>\t\t\t\t\t\t\t\t<\/div>\n\t\t\t\t<\/div>\n\t\t\t\t<div class=\"elementor-element elementor-element-4c37775 elementor-widget elementor-widget-text-editor\" data-id=\"4c37775\" data-element_type=\"widget\" data-widget_type=\"text-editor.default\">\n\t\t\t\t<div class=\"elementor-widget-container\">\n\t\t\t\t\t\t\t\t\t<p><span style=\"font-weight: 400;\">Mais c\u2019est \u00e0 Paris qu\u2019elle vit, contrainte par les r\u00e9alit\u00e9s du march\u00e9. Elle y retrouve une autre source d\u2019inspiration : le manque. \u00ab Quand je suis en manque de la Martinique, c\u2019est l\u00e0 que je suis la plus cr\u00e9ative \u00bb, dit-elle. Car au fond, elle puise sa force dans l\u2019aller-retour entre l\u2019ici et l\u2019ailleurs, entre la mati\u00e8re tangible et le souvenir intime.<\/span><\/p>\t\t\t\t\t\t\t\t<\/div>\n\t\t\t\t<\/div>\n\t\t\t\t\t<\/div>\n\t\t<\/div>\n\t\t\t\t\t<\/div>\n\t\t<\/section>\n\t\t\t\t<section class=\"elementor-section elementor-inner-section elementor-element elementor-element-c50e30a elementor-section-boxed elementor-section-height-default elementor-section-height-default\" data-id=\"c50e30a\" data-element_type=\"section\">\n\t\t\t\t\t\t<div class=\"elementor-container elementor-column-gap-default\">\n\t\t\t\t\t<div class=\"elementor-column elementor-col-50 elementor-inner-column elementor-element elementor-element-58d89fb\" data-id=\"58d89fb\" data-element_type=\"column\">\n\t\t\t<div class=\"elementor-widget-wrap elementor-element-populated\">\n\t\t\t\t\t\t<div class=\"elementor-element elementor-element-27e7f32 elementor-widget elementor-widget-image\" data-id=\"27e7f32\" data-element_type=\"widget\" data-widget_type=\"image.default\">\n\t\t\t\t<div class=\"elementor-widget-container\">\n\t\t\t\t\t\t\t\t\t\t\t\t<figure class=\"wp-caption\">\n\t\t\t\t\t\t\t\t\t\t<img loading=\"lazy\" decoding=\"async\" width=\"692\" height=\"1024\" src=\"https:\/\/richeskarayib.com\/wp-content\/uploads\/2025\/12\/Robinson-692x1024.jpeg\" class=\"attachment-large size-large wp-image-66926\" alt=\"\" srcset=\"https:\/\/richeskarayib.com\/wp-content\/uploads\/2025\/12\/Robinson-692x1024.jpeg 692w, https:\/\/richeskarayib.com\/wp-content\/uploads\/2025\/12\/Robinson-203x300.jpeg 203w, https:\/\/richeskarayib.com\/wp-content\/uploads\/2025\/12\/Robinson-768x1137.jpeg 768w, https:\/\/richeskarayib.com\/wp-content\/uploads\/2025\/12\/Robinson-1038x1536.jpeg 1038w, https:\/\/richeskarayib.com\/wp-content\/uploads\/2025\/12\/Robinson.jpeg 1297w\" sizes=\"(max-width: 692px) 100vw, 692px\" \/>\t\t\t\t\t\t\t\t\t\t\t<figcaption class=\"widget-image-caption wp-caption-text\">Robinson. \u00a9C\u00e9cile Vernant<\/figcaption>\n\t\t\t\t\t\t\t\t\t\t<\/figure>\n\t\t\t\t\t\t\t\t\t<\/div>\n\t\t\t\t<\/div>\n\t\t\t\t\t<\/div>\n\t\t<\/div>\n\t\t\t\t<div class=\"elementor-column elementor-col-50 elementor-inner-column elementor-element elementor-element-3112160\" data-id=\"3112160\" data-element_type=\"column\">\n\t\t\t<div class=\"elementor-widget-wrap elementor-element-populated\">\n\t\t\t\t\t\t<div class=\"elementor-element elementor-element-bb5f83f elementor-widget elementor-widget-image\" data-id=\"bb5f83f\" data-element_type=\"widget\" data-widget_type=\"image.default\">\n\t\t\t\t<div class=\"elementor-widget-container\">\n\t\t\t\t\t\t\t\t\t\t\t\t<figure class=\"wp-caption\">\n\t\t\t\t\t\t\t\t\t\t<img loading=\"lazy\" decoding=\"async\" width=\"795\" height=\"1024\" src=\"https:\/\/richeskarayib.com\/wp-content\/uploads\/2025\/12\/De-lair-Cecile-Vernant-795x1024.jpeg\" class=\"attachment-large size-large wp-image-66922\" alt=\"C\u00e9cile Vernant\" srcset=\"https:\/\/richeskarayib.com\/wp-content\/uploads\/2025\/12\/De-lair-Cecile-Vernant-795x1024.jpeg 795w, https:\/\/richeskarayib.com\/wp-content\/uploads\/2025\/12\/De-lair-Cecile-Vernant-233x300.jpeg 233w, https:\/\/richeskarayib.com\/wp-content\/uploads\/2025\/12\/De-lair-Cecile-Vernant-768x989.jpeg 768w, https:\/\/richeskarayib.com\/wp-content\/uploads\/2025\/12\/De-lair-Cecile-Vernant-1193x1536.jpeg 1193w, https:\/\/richeskarayib.com\/wp-content\/uploads\/2025\/12\/De-lair-Cecile-Vernant-1320x1700.jpeg 1320w, https:\/\/richeskarayib.com\/wp-content\/uploads\/2025\/12\/De-lair-Cecile-Vernant.jpeg 1491w\" sizes=\"(max-width: 795px) 100vw, 795px\" \/>\t\t\t\t\t\t\t\t\t\t\t<figcaption class=\"widget-image-caption wp-caption-text\">De l'air ! \u00a9C\u00e9cile Vernant<\/figcaption>\n\t\t\t\t\t\t\t\t\t\t<\/figure>\n\t\t\t\t\t\t\t\t\t<\/div>\n\t\t\t\t<\/div>\n\t\t\t\t\t<\/div>\n\t\t<\/div>\n\t\t\t\t\t<\/div>\n\t\t<\/section>\n\t\t\t\t\t<\/div>\n\t\t<\/div>\n\t\t\t\t\t<\/div>\n\t\t<\/section>\n\t\t\t\t<section class=\"elementor-section elementor-top-section elementor-element elementor-element-cd04f3e elementor-section-boxed elementor-section-height-default elementor-section-height-default\" data-id=\"cd04f3e\" data-element_type=\"section\">\n\t\t\t\t\t\t<div class=\"elementor-container elementor-column-gap-default\">\n\t\t\t\t\t<div class=\"elementor-column elementor-col-100 elementor-top-column elementor-element elementor-element-48ae75e\" data-id=\"48ae75e\" data-element_type=\"column\">\n\t\t\t<div class=\"elementor-widget-wrap elementor-element-populated\">\n\t\t\t\t\t\t<div class=\"elementor-element elementor-element-7269bbe elementor-widget elementor-widget-heading\" data-id=\"7269bbe\" data-element_type=\"widget\" data-widget_type=\"heading.default\">\n\t\t\t\t<div class=\"elementor-widget-container\">\n\t\t\t\t\t<h2 class=\"elementor-heading-title elementor-size-default\">Gallerie<\/h2>\t\t\t\t<\/div>\n\t\t\t\t<\/div>\n\t\t\t\t<section class=\"elementor-section elementor-inner-section elementor-element elementor-element-45f454f elementor-section-boxed elementor-section-height-default elementor-section-height-default\" data-id=\"45f454f\" data-element_type=\"section\">\n\t\t\t\t\t\t<div class=\"elementor-container elementor-column-gap-default\">\n\t\t\t\t\t<div class=\"elementor-column elementor-col-100 elementor-inner-column elementor-element elementor-element-82e5756\" data-id=\"82e5756\" data-element_type=\"column\">\n\t\t\t<div class=\"elementor-widget-wrap elementor-element-populated\">\n\t\t\t\t\t\t<div class=\"elementor-element elementor-element-0df8659 elementor-widget elementor-widget-text-editor\" data-id=\"0df8659\" data-element_type=\"widget\" data-widget_type=\"text-editor.default\">\n\t\t\t\t<div class=\"elementor-widget-container\">\n\t\t\t\t\t\t\t\t\t<p><span style=\"font-weight: 400;\">Les \u0153uvres se nourrissent les unes des autres. Par exemple, son concept de <\/span><i><span style=\"font-weight: 400;\">tirage mutant<\/span><\/i><span style=\"font-weight: 400;\"> \u2014 une variation libre \u00e0 partir d\u2019une \u0153uvre existante \u2014 illustre cette porosit\u00e9 assum\u00e9e entre les formes et les id\u00e9es.<\/span><\/p>\t\t\t\t\t\t\t\t<\/div>\n\t\t\t\t<\/div>\n\t\t\t\t\t<\/div>\n\t\t<\/div>\n\t\t\t\t\t<\/div>\n\t\t<\/section>\n\t\t\t\t\t<\/div>\n\t\t<\/div>\n\t\t\t\t\t<\/div>\n\t\t<\/section>\n\t\t\t\t<section class=\"elementor-section elementor-top-section elementor-element elementor-element-f27cb88 elementor-section-boxed elementor-section-height-default elementor-section-height-default\" data-id=\"f27cb88\" data-element_type=\"section\">\n\t\t\t\t\t\t<div class=\"elementor-container elementor-column-gap-default\">\n\t\t\t\t\t<div class=\"elementor-column elementor-col-100 elementor-top-column elementor-element elementor-element-91bf27c\" data-id=\"91bf27c\" data-element_type=\"column\">\n\t\t\t<div class=\"elementor-widget-wrap elementor-element-populated\">\n\t\t\t\t\t\t<div class=\"elementor-element elementor-element-4f1b4c5 elementor-widget elementor-widget-heading\" data-id=\"4f1b4c5\" data-element_type=\"widget\" data-widget_type=\"heading.default\">\n\t\t\t\t<div class=\"elementor-widget-container\">\n\t\t\t\t\t<h2 class=\"elementor-heading-title elementor-size-default\">Madison\u2019s Garden<\/h2>\t\t\t\t<\/div>\n\t\t\t\t<\/div>\n\t\t\t\t<div class=\"elementor-element elementor-element-b391fc7 elementor-widget elementor-widget-text-editor\" data-id=\"b391fc7\" data-element_type=\"widget\" data-widget_type=\"text-editor.default\">\n\t\t\t\t<div class=\"elementor-widget-container\">\n\t\t\t\t\t\t\t\t\t<p><span style=\"font-weight: 400;\">Technique : Tirage mutant \u00e0 partir de peinture Untitled 34 bis \u2013 2025<\/span><span style=\"font-weight: 400;\"><br \/><\/span><span style=\"font-weight: 400;\">Variation sensible de Untitled 34 bis, cette \u0153uvre illustre la transformation comme processus. L\u2019artiste y rejoue ses \u00e9motions avec d\u2019autres couleurs, d\u2019autres textures, dans un jeu de r\u00e9interpr\u00e9tation libre.<\/span><\/p>\t\t\t\t\t\t\t\t<\/div>\n\t\t\t\t<\/div>\n\t\t\t\t<section class=\"elementor-section elementor-inner-section elementor-element elementor-element-2d82177 elementor-section-boxed elementor-section-height-default elementor-section-height-default\" data-id=\"2d82177\" data-element_type=\"section\">\n\t\t\t\t\t\t<div class=\"elementor-container elementor-column-gap-default\">\n\t\t\t\t\t<div class=\"elementor-column elementor-col-100 elementor-inner-column elementor-element elementor-element-9ad2cd2\" data-id=\"9ad2cd2\" data-element_type=\"column\">\n\t\t\t<div class=\"elementor-widget-wrap elementor-element-populated\">\n\t\t\t\t\t\t<div class=\"elementor-element elementor-element-a20a74d elementor-widget elementor-widget-image\" data-id=\"a20a74d\" data-element_type=\"widget\" data-widget_type=\"image.default\">\n\t\t\t\t<div class=\"elementor-widget-container\">\n\t\t\t\t\t\t\t\t\t\t\t\t<figure class=\"wp-caption\">\n\t\t\t\t\t\t\t\t\t\t<img loading=\"lazy\" decoding=\"async\" width=\"800\" height=\"800\" src=\"https:\/\/richeskarayib.com\/wp-content\/uploads\/2025\/12\/Madisons-Garden-Tirage-Mutant-dapres-Untitled-N\u00b0-34-Bis-3EA2AP-1024x1024.jpeg\" class=\"attachment-large size-large wp-image-66906\" alt=\"C\u00e9cile Vernant\" srcset=\"https:\/\/richeskarayib.com\/wp-content\/uploads\/2025\/12\/Madisons-Garden-Tirage-Mutant-dapres-Untitled-N\u00b0-34-Bis-3EA2AP-1024x1024.jpeg 1024w, https:\/\/richeskarayib.com\/wp-content\/uploads\/2025\/12\/Madisons-Garden-Tirage-Mutant-dapres-Untitled-N\u00b0-34-Bis-3EA2AP-300x300.jpeg 300w, https:\/\/richeskarayib.com\/wp-content\/uploads\/2025\/12\/Madisons-Garden-Tirage-Mutant-dapres-Untitled-N\u00b0-34-Bis-3EA2AP-150x150.jpeg 150w, https:\/\/richeskarayib.com\/wp-content\/uploads\/2025\/12\/Madisons-Garden-Tirage-Mutant-dapres-Untitled-N\u00b0-34-Bis-3EA2AP-768x768.jpeg 768w, https:\/\/richeskarayib.com\/wp-content\/uploads\/2025\/12\/Madisons-Garden-Tirage-Mutant-dapres-Untitled-N\u00b0-34-Bis-3EA2AP-1536x1536.jpeg 1536w, https:\/\/richeskarayib.com\/wp-content\/uploads\/2025\/12\/Madisons-Garden-Tirage-Mutant-dapres-Untitled-N\u00b0-34-Bis-3EA2AP-1320x1320.jpeg 1320w, https:\/\/richeskarayib.com\/wp-content\/uploads\/2025\/12\/Madisons-Garden-Tirage-Mutant-dapres-Untitled-N\u00b0-34-Bis-3EA2AP.jpeg 1920w\" sizes=\"(max-width: 800px) 100vw, 800px\" \/>\t\t\t\t\t\t\t\t\t\t\t<figcaption class=\"widget-image-caption wp-caption-text\">Madison's Garden. \u00a9Ce\u0301cile Vernant<\/figcaption>\n\t\t\t\t\t\t\t\t\t\t<\/figure>\n\t\t\t\t\t\t\t\t\t<\/div>\n\t\t\t\t<\/div>\n\t\t\t\t\t<\/div>\n\t\t<\/div>\n\t\t\t\t\t<\/div>\n\t\t<\/section>\n\t\t\t\t\t<\/div>\n\t\t<\/div>\n\t\t\t\t\t<\/div>\n\t\t<\/section>\n\t\t\t\t<section class=\"elementor-section elementor-top-section elementor-element elementor-element-6fa6c1a elementor-section-boxed elementor-section-height-default elementor-section-height-default\" data-id=\"6fa6c1a\" data-element_type=\"section\">\n\t\t\t\t\t\t<div class=\"elementor-container elementor-column-gap-default\">\n\t\t\t\t\t<div class=\"elementor-column elementor-col-100 elementor-top-column elementor-element elementor-element-27e1648\" data-id=\"27e1648\" data-element_type=\"column\">\n\t\t\t<div class=\"elementor-widget-wrap elementor-element-populated\">\n\t\t\t\t\t\t<div class=\"elementor-element elementor-element-a5c09bd elementor-widget elementor-widget-heading\" data-id=\"a5c09bd\" data-element_type=\"widget\" data-widget_type=\"heading.default\">\n\t\t\t\t<div class=\"elementor-widget-container\">\n\t\t\t\t\t<h2 class=\"elementor-heading-title elementor-size-default\">Untitled N\u00b045<\/h2>\t\t\t\t<\/div>\n\t\t\t\t<\/div>\n\t\t\t\t<section class=\"elementor-section elementor-inner-section elementor-element elementor-element-1f3b253 elementor-section-boxed elementor-section-height-default elementor-section-height-default\" data-id=\"1f3b253\" data-element_type=\"section\">\n\t\t\t\t\t\t<div class=\"elementor-container elementor-column-gap-default\">\n\t\t\t\t\t<div class=\"elementor-column elementor-col-100 elementor-inner-column elementor-element elementor-element-4fd711a\" data-id=\"4fd711a\" data-element_type=\"column\">\n\t\t\t<div class=\"elementor-widget-wrap elementor-element-populated\">\n\t\t\t\t\t\t<div class=\"elementor-element elementor-element-c38b363 elementor-widget elementor-widget-text-editor\" data-id=\"c38b363\" data-element_type=\"widget\" data-widget_type=\"text-editor.default\">\n\t\t\t\t<div class=\"elementor-widget-container\">\n\t\t\t\t\t\t\t\t\t<p><span style=\"font-weight: 400;\">Technique : Peinture sur toile<\/span><span style=\"font-weight: 400;\"><br \/><\/span><span style=\"font-weight: 400;\">Modifi\u00e9e la veille du vernissage, cette pi\u00e8ce incarne le dialogue permanent entre doute et intuition. Une \u0153uvre marquante pour cette exposition.<\/span><\/p>\t\t\t\t\t\t\t\t<\/div>\n\t\t\t\t<\/div>\n\t\t\t\t\t<\/div>\n\t\t<\/div>\n\t\t\t\t\t<\/div>\n\t\t<\/section>\n\t\t\t\t<section class=\"elementor-section elementor-inner-section elementor-element elementor-element-065f207 elementor-section-boxed elementor-section-height-default elementor-section-height-default\" data-id=\"065f207\" data-element_type=\"section\">\n\t\t\t\t\t\t<div class=\"elementor-container elementor-column-gap-default\">\n\t\t\t\t\t<div class=\"elementor-column elementor-col-100 elementor-inner-column elementor-element elementor-element-25a4af8\" data-id=\"25a4af8\" data-element_type=\"column\">\n\t\t\t<div class=\"elementor-widget-wrap elementor-element-populated\">\n\t\t\t\t\t\t<div class=\"elementor-element elementor-element-8cda8b4 elementor-widget elementor-widget-image\" data-id=\"8cda8b4\" data-element_type=\"widget\" data-widget_type=\"image.default\">\n\t\t\t\t<div class=\"elementor-widget-container\">\n\t\t\t\t\t\t\t\t\t\t\t\t<figure class=\"wp-caption\">\n\t\t\t\t\t\t\t\t\t\t<img loading=\"lazy\" decoding=\"async\" width=\"800\" height=\"602\" src=\"https:\/\/richeskarayib.com\/wp-content\/uploads\/2025\/12\/Untitled-N\u00b045--1024x771.jpeg\" class=\"attachment-large size-large wp-image-66910\" alt=\"C\u00e9cile Vernant\" srcset=\"https:\/\/richeskarayib.com\/wp-content\/uploads\/2025\/12\/Untitled-N\u00b045--1024x771.jpeg 1024w, https:\/\/richeskarayib.com\/wp-content\/uploads\/2025\/12\/Untitled-N\u00b045--300x226.jpeg 300w, https:\/\/richeskarayib.com\/wp-content\/uploads\/2025\/12\/Untitled-N\u00b045--768x578.jpeg 768w, https:\/\/richeskarayib.com\/wp-content\/uploads\/2025\/12\/Untitled-N\u00b045--1536x1156.jpeg 1536w, https:\/\/richeskarayib.com\/wp-content\/uploads\/2025\/12\/Untitled-N\u00b045--1320x993.jpeg 1320w, https:\/\/richeskarayib.com\/wp-content\/uploads\/2025\/12\/Untitled-N\u00b045-.jpeg 1920w\" sizes=\"(max-width: 800px) 100vw, 800px\" \/>\t\t\t\t\t\t\t\t\t\t\t<figcaption class=\"widget-image-caption wp-caption-text\">Untitled N\u00b045.\u00a9C\u00e9cile Vernant<\/figcaption>\n\t\t\t\t\t\t\t\t\t\t<\/figure>\n\t\t\t\t\t\t\t\t\t<\/div>\n\t\t\t\t<\/div>\n\t\t\t\t\t<\/div>\n\t\t<\/div>\n\t\t\t\t\t<\/div>\n\t\t<\/section>\n\t\t\t\t\t<\/div>\n\t\t<\/div>\n\t\t\t\t\t<\/div>\n\t\t<\/section>\n\t\t\t\t<section class=\"elementor-section elementor-top-section elementor-element elementor-element-b078daf elementor-section-boxed elementor-section-height-default elementor-section-height-default\" data-id=\"b078daf\" data-element_type=\"section\">\n\t\t\t\t\t\t<div class=\"elementor-container elementor-column-gap-default\">\n\t\t\t\t\t<div class=\"elementor-column elementor-col-100 elementor-top-column elementor-element elementor-element-45e59bf\" data-id=\"45e59bf\" data-element_type=\"column\">\n\t\t\t<div class=\"elementor-widget-wrap elementor-element-populated\">\n\t\t\t\t\t\t<div class=\"elementor-element elementor-element-cfc1687 elementor-widget elementor-widget-heading\" data-id=\"cfc1687\" data-element_type=\"widget\" data-widget_type=\"heading.default\">\n\t\t\t\t<div class=\"elementor-widget-container\">\n\t\t\t\t\t<h2 class=\"elementor-heading-title elementor-size-default\">L\u2019Ananas Foufou<\/h2>\t\t\t\t<\/div>\n\t\t\t\t<\/div>\n\t\t\t\t<section class=\"elementor-section elementor-inner-section elementor-element elementor-element-4695779 elementor-section-boxed elementor-section-height-default elementor-section-height-default\" data-id=\"4695779\" data-element_type=\"section\">\n\t\t\t\t\t\t<div class=\"elementor-container elementor-column-gap-default\">\n\t\t\t\t\t<div class=\"elementor-column elementor-col-100 elementor-inner-column elementor-element elementor-element-db1432a\" data-id=\"db1432a\" data-element_type=\"column\">\n\t\t\t<div class=\"elementor-widget-wrap elementor-element-populated\">\n\t\t\t\t\t\t<div class=\"elementor-element elementor-element-464317b elementor-widget elementor-widget-text-editor\" data-id=\"464317b\" data-element_type=\"widget\" data-widget_type=\"text-editor.default\">\n\t\t\t\t<div class=\"elementor-widget-container\">\n\t\t\t\t\t\t\t\t\t<p><span style=\"font-weight: 400;\">Technique : Sculpture en argile<\/span><span style=\"font-weight: 400;\"><br \/><\/span><span style=\"font-weight: 400;\">Forme g\u00e9n\u00e9reuse et espi\u00e8gle, cette sculpture \u00e9voque le v\u00e9g\u00e9tal, le carnavalesque et la joie de cr\u00e9er. Une pi\u00e8ce-r\u00e9cr\u00e9ation qui revendique l\u2019humour dans l\u2019art contemporain.<\/span><\/p>\t\t\t\t\t\t\t\t<\/div>\n\t\t\t\t<\/div>\n\t\t\t\t\t<\/div>\n\t\t<\/div>\n\t\t\t\t\t<\/div>\n\t\t<\/section>\n\t\t\t\t<section class=\"elementor-section elementor-inner-section elementor-element elementor-element-7c9d64d elementor-section-boxed elementor-section-height-default elementor-section-height-default\" data-id=\"7c9d64d\" data-element_type=\"section\">\n\t\t\t\t\t\t<div class=\"elementor-container elementor-column-gap-default\">\n\t\t\t\t\t<div class=\"elementor-column elementor-col-100 elementor-inner-column elementor-element elementor-element-68ecc37\" data-id=\"68ecc37\" data-element_type=\"column\">\n\t\t\t<div class=\"elementor-widget-wrap elementor-element-populated\">\n\t\t\t\t\t\t<div class=\"elementor-element elementor-element-af34abd elementor-widget elementor-widget-image\" data-id=\"af34abd\" data-element_type=\"widget\" data-widget_type=\"image.default\">\n\t\t\t\t<div class=\"elementor-widget-container\">\n\t\t\t\t\t\t\t\t\t\t\t\t<figure class=\"wp-caption\">\n\t\t\t\t\t\t\t\t\t\t<img loading=\"lazy\" decoding=\"async\" width=\"738\" height=\"1024\" src=\"https:\/\/richeskarayib.com\/wp-content\/uploads\/2025\/12\/Ananas-foufou-N\u00b0-5B-Saison-seche-738x1024.jpeg\" class=\"attachment-large size-large wp-image-66914\" alt=\"C\u00e9cile Vernant\" srcset=\"https:\/\/richeskarayib.com\/wp-content\/uploads\/2025\/12\/Ananas-foufou-N\u00b0-5B-Saison-seche-738x1024.jpeg 738w, https:\/\/richeskarayib.com\/wp-content\/uploads\/2025\/12\/Ananas-foufou-N\u00b0-5B-Saison-seche-216x300.jpeg 216w, https:\/\/richeskarayib.com\/wp-content\/uploads\/2025\/12\/Ananas-foufou-N\u00b0-5B-Saison-seche-768x1065.jpeg 768w, https:\/\/richeskarayib.com\/wp-content\/uploads\/2025\/12\/Ananas-foufou-N\u00b0-5B-Saison-seche-1107x1536.jpeg 1107w, https:\/\/richeskarayib.com\/wp-content\/uploads\/2025\/12\/Ananas-foufou-N\u00b0-5B-Saison-seche-1320x1831.jpeg 1320w, https:\/\/richeskarayib.com\/wp-content\/uploads\/2025\/12\/Ananas-foufou-N\u00b0-5B-Saison-seche.jpeg 1384w\" sizes=\"(max-width: 738px) 100vw, 738px\" \/>\t\t\t\t\t\t\t\t\t\t\t<figcaption class=\"widget-image-caption wp-caption-text\">Ananas foufou N\u00b0 5B, Saison se\u0300che. \u00a9C\u00e9cile Vernant<\/figcaption>\n\t\t\t\t\t\t\t\t\t\t<\/figure>\n\t\t\t\t\t\t\t\t\t<\/div>\n\t\t\t\t<\/div>\n\t\t\t\t\t<\/div>\n\t\t<\/div>\n\t\t\t\t\t<\/div>\n\t\t<\/section>\n\t\t\t\t\t<\/div>\n\t\t<\/div>\n\t\t\t\t\t<\/div>\n\t\t<\/section>\n\t\t\t\t<section class=\"elementor-section elementor-top-section elementor-element elementor-element-f7a240c elementor-section-boxed elementor-section-height-default elementor-section-height-default\" data-id=\"f7a240c\" data-element_type=\"section\">\n\t\t\t\t\t\t<div class=\"elementor-container elementor-column-gap-default\">\n\t\t\t\t\t<div class=\"elementor-column elementor-col-100 elementor-top-column elementor-element elementor-element-0df7285\" data-id=\"0df7285\" data-element_type=\"column\">\n\t\t\t<div class=\"elementor-widget-wrap elementor-element-populated\">\n\t\t\t\t\t\t<div class=\"elementor-element elementor-element-ff71380 elementor-widget elementor-widget-heading\" data-id=\"ff71380\" data-element_type=\"widget\" data-widget_type=\"heading.default\">\n\t\t\t\t<div class=\"elementor-widget-container\">\n\t\t\t\t\t<h2 class=\"elementor-heading-title elementor-size-default\">Charge<\/h2>\t\t\t\t<\/div>\n\t\t\t\t<\/div>\n\t\t\t\t<section class=\"elementor-section elementor-inner-section elementor-element elementor-element-8881c6f elementor-section-boxed elementor-section-height-default elementor-section-height-default\" data-id=\"8881c6f\" data-element_type=\"section\">\n\t\t\t\t\t\t<div class=\"elementor-container elementor-column-gap-default\">\n\t\t\t\t\t<div class=\"elementor-column elementor-col-100 elementor-inner-column elementor-element elementor-element-3a9db69\" data-id=\"3a9db69\" data-element_type=\"column\">\n\t\t\t<div class=\"elementor-widget-wrap elementor-element-populated\">\n\t\t\t\t\t\t<div class=\"elementor-element elementor-element-95d9184 elementor-widget elementor-widget-text-editor\" data-id=\"95d9184\" data-element_type=\"widget\" data-widget_type=\"text-editor.default\">\n\t\t\t\t<div class=\"elementor-widget-container\">\n\t\t\t\t\t\t\t\t\t<p><span style=\"font-weight: 400;\">Technique : Pi\u00e8ce murale en argile<\/span><span style=\"font-weight: 400;\"><br \/><\/span><span style=\"font-weight: 400;\">\u201cCharge\u201d dit tout : charge physique, mentale, \u00e9motionnelle. Cette \u0153uvre murale s\u2019ancre dans le poids de la mati\u00e8re autant que dans la l\u00e9g\u00e8ret\u00e9 de sa forme.<\/span><\/p>\t\t\t\t\t\t\t\t<\/div>\n\t\t\t\t<\/div>\n\t\t\t\t\t<\/div>\n\t\t<\/div>\n\t\t\t\t\t<\/div>\n\t\t<\/section>\n\t\t\t\t<div class=\"elementor-element elementor-element-68faeb8 elementor-widget elementor-widget-image\" data-id=\"68faeb8\" data-element_type=\"widget\" data-widget_type=\"image.default\">\n\t\t\t\t<div class=\"elementor-widget-container\">\n\t\t\t\t\t\t\t\t\t\t\t\t<figure class=\"wp-caption\">\n\t\t\t\t\t\t\t\t\t\t<img loading=\"lazy\" decoding=\"async\" width=\"768\" height=\"1024\" src=\"https:\/\/richeskarayib.com\/wp-content\/uploads\/2025\/12\/Charge-Saison-seche-768x1024.jpeg\" class=\"attachment-large size-large wp-image-66918\" alt=\"C\u00e9cile Vernant\" srcset=\"https:\/\/richeskarayib.com\/wp-content\/uploads\/2025\/12\/Charge-Saison-seche-768x1024.jpeg 768w, https:\/\/richeskarayib.com\/wp-content\/uploads\/2025\/12\/Charge-Saison-seche-225x300.jpeg 225w, https:\/\/richeskarayib.com\/wp-content\/uploads\/2025\/12\/Charge-Saison-seche-1152x1536.jpeg 1152w, https:\/\/richeskarayib.com\/wp-content\/uploads\/2025\/12\/Charge-Saison-seche.jpeg 1200w\" sizes=\"(max-width: 768px) 100vw, 768px\" \/>\t\t\t\t\t\t\t\t\t\t\t<figcaption class=\"widget-image-caption wp-caption-text\">Charge (Saison se\u0300che). \u00a9C\u00e9cile Vernant<\/figcaption>\n\t\t\t\t\t\t\t\t\t\t<\/figure>\n\t\t\t\t\t\t\t\t\t<\/div>\n\t\t\t\t<\/div>\n\t\t\t\t\t<\/div>\n\t\t<\/div>\n\t\t\t\t\t<\/div>\n\t\t<\/section>\n\t\t\t\t<section class=\"elementor-section elementor-top-section elementor-element elementor-element-58dad6a elementor-section-boxed elementor-section-height-default elementor-section-height-default\" data-id=\"58dad6a\" data-element_type=\"section\">\n\t\t\t\t\t\t<div class=\"elementor-container elementor-column-gap-default\">\n\t\t\t\t\t<div class=\"elementor-column elementor-col-100 elementor-top-column elementor-element elementor-element-eb17d27\" data-id=\"eb17d27\" data-element_type=\"column\">\n\t\t\t<div class=\"elementor-widget-wrap elementor-element-populated\">\n\t\t\t\t\t\t<div class=\"elementor-element elementor-element-da9c1cd elementor-widget elementor-widget-heading\" data-id=\"da9c1cd\" data-element_type=\"widget\" data-widget_type=\"heading.default\">\n\t\t\t\t<div class=\"elementor-widget-container\">\n\t\t\t\t\t<h2 class=\"elementor-heading-title elementor-size-default\">Paradis pour p\u00eacheurs<\/h2>\t\t\t\t<\/div>\n\t\t\t\t<\/div>\n\t\t\t\t<section class=\"elementor-section elementor-inner-section elementor-element elementor-element-bd88c71 elementor-section-boxed elementor-section-height-default elementor-section-height-default\" data-id=\"bd88c71\" data-element_type=\"section\">\n\t\t\t\t\t\t<div class=\"elementor-container elementor-column-gap-default\">\n\t\t\t\t\t<div class=\"elementor-column elementor-col-100 elementor-inner-column elementor-element elementor-element-9da3fbf\" data-id=\"9da3fbf\" data-element_type=\"column\">\n\t\t\t<div class=\"elementor-widget-wrap elementor-element-populated\">\n\t\t\t\t\t\t<div class=\"elementor-element elementor-element-6bbee69 elementor-widget elementor-widget-text-editor\" data-id=\"6bbee69\" data-element_type=\"widget\" data-widget_type=\"text-editor.default\">\n\t\t\t\t<div class=\"elementor-widget-container\">\n\t\t\t\t\t\t\t\t\t<p><span style=\"font-weight: 400;\">Technique : Photographie<\/span><span style=\"font-weight: 400;\"><br \/><\/span><span style=\"font-weight: 400;\">Un paysage saisi dans un instant de lumi\u00e8re rare. Cette photo condense le lien intime de l\u2019artiste \u00e0 son \u00eele, entre abandon et enchantement visuel.<\/span><\/p>\t\t\t\t\t\t\t\t<\/div>\n\t\t\t\t<\/div>\n\t\t\t\t\t<\/div>\n\t\t<\/div>\n\t\t\t\t\t<\/div>\n\t\t<\/section>\n\t\t\t\t<section class=\"elementor-section elementor-inner-section elementor-element elementor-element-eaaa2ff elementor-section-boxed elementor-section-height-default elementor-section-height-default\" data-id=\"eaaa2ff\" data-element_type=\"section\">\n\t\t\t\t\t\t<div class=\"elementor-container elementor-column-gap-default\">\n\t\t\t\t\t<div class=\"elementor-column elementor-col-100 elementor-inner-column elementor-element elementor-element-f8951dc\" data-id=\"f8951dc\" data-element_type=\"column\">\n\t\t\t<div class=\"elementor-widget-wrap elementor-element-populated\">\n\t\t\t\t\t\t<div class=\"elementor-element elementor-element-10a16d9 elementor-widget elementor-widget-image\" data-id=\"10a16d9\" data-element_type=\"widget\" data-widget_type=\"image.default\">\n\t\t\t\t<div class=\"elementor-widget-container\">\n\t\t\t\t\t\t\t\t\t\t\t\t<figure class=\"wp-caption\">\n\t\t\t\t\t\t\t\t\t\t<img loading=\"lazy\" decoding=\"async\" width=\"800\" height=\"800\" src=\"https:\/\/richeskarayib.com\/wp-content\/uploads\/2025\/12\/Paradis-pour-pecheurs-An-tan-prezan-1024x1024.jpeg\" class=\"attachment-large size-large wp-image-67042\" alt=\"C\u00e9cile Vernant\" srcset=\"https:\/\/richeskarayib.com\/wp-content\/uploads\/2025\/12\/Paradis-pour-pecheurs-An-tan-prezan-1024x1024.jpeg 1024w, https:\/\/richeskarayib.com\/wp-content\/uploads\/2025\/12\/Paradis-pour-pecheurs-An-tan-prezan-300x300.jpeg 300w, https:\/\/richeskarayib.com\/wp-content\/uploads\/2025\/12\/Paradis-pour-pecheurs-An-tan-prezan-150x150.jpeg 150w, https:\/\/richeskarayib.com\/wp-content\/uploads\/2025\/12\/Paradis-pour-pecheurs-An-tan-prezan-768x768.jpeg 768w, https:\/\/richeskarayib.com\/wp-content\/uploads\/2025\/12\/Paradis-pour-pecheurs-An-tan-prezan-1536x1536.jpeg 1536w, https:\/\/richeskarayib.com\/wp-content\/uploads\/2025\/12\/Paradis-pour-pecheurs-An-tan-prezan-1320x1320.jpeg 1320w, https:\/\/richeskarayib.com\/wp-content\/uploads\/2025\/12\/Paradis-pour-pecheurs-An-tan-prezan.jpeg 1920w\" sizes=\"(max-width: 800px) 100vw, 800px\" \/>\t\t\t\t\t\t\t\t\t\t\t<figcaption class=\"widget-image-caption wp-caption-text\">Paradis pour pe\u0302cheurs (An tan prezan).  \u00a9C\u00e9cile Vernant<\/figcaption>\n\t\t\t\t\t\t\t\t\t\t<\/figure>\n\t\t\t\t\t\t\t\t\t<\/div>\n\t\t\t\t<\/div>\n\t\t\t\t\t<\/div>\n\t\t<\/div>\n\t\t\t\t\t<\/div>\n\t\t<\/section>\n\t\t\t\t\t<\/div>\n\t\t<\/div>\n\t\t\t\t\t<\/div>\n\t\t<\/section>\n\t\t\t\t<section class=\"elementor-section elementor-top-section elementor-element elementor-element-75af14c elementor-section-boxed elementor-section-height-default elementor-section-height-default\" data-id=\"75af14c\" data-element_type=\"section\">\n\t\t\t\t\t\t<div class=\"elementor-container elementor-column-gap-default\">\n\t\t\t\t\t<div class=\"elementor-column elementor-col-100 elementor-top-column elementor-element elementor-element-d4f7624\" data-id=\"d4f7624\" data-element_type=\"column\">\n\t\t\t<div class=\"elementor-widget-wrap elementor-element-populated\">\n\t\t\t\t\t\t<div class=\"elementor-element elementor-element-e560068 elementor-widget elementor-widget-heading\" data-id=\"e560068\" data-element_type=\"widget\" data-widget_type=\"heading.default\">\n\t\t\t\t<div class=\"elementor-widget-container\">\n\t\t\t\t\t<h2 class=\"elementor-heading-title elementor-size-default\">Une artiste \u00e0 suivre<\/h2>\t\t\t\t<\/div>\n\t\t\t\t<\/div>\n\t\t\t\t<section class=\"elementor-section elementor-inner-section elementor-element elementor-element-034ed26 elementor-section-boxed elementor-section-height-default elementor-section-height-default\" data-id=\"034ed26\" data-element_type=\"section\">\n\t\t\t\t\t\t<div class=\"elementor-container elementor-column-gap-default\">\n\t\t\t\t\t<div class=\"elementor-column elementor-col-100 elementor-inner-column elementor-element elementor-element-1430cde\" data-id=\"1430cde\" data-element_type=\"column\">\n\t\t\t<div class=\"elementor-widget-wrap elementor-element-populated\">\n\t\t\t\t\t\t<div class=\"elementor-element elementor-element-827d072 elementor-widget elementor-widget-text-editor\" data-id=\"827d072\" data-element_type=\"widget\" data-widget_type=\"text-editor.default\">\n\t\t\t\t<div class=\"elementor-widget-container\">\n\t\t\t\t\t\t\t\t\t<p><span style=\"font-weight: 400;\">Par son audace et sa d\u00e9marche sinc\u00e8re, C\u00e9cile Vernant s\u2019impose comme une voix singuli\u00e8re dans le paysage artistique martiniquais et carib\u00e9en. Elle ne cherche pas \u00e0 changer le monde avec l\u2019art, mais \u00e0 y semer des \u00e9motions justes, \u00e0 r\u00e9habiliter le sensible dans toute sa richesse. Pour les cr\u00e9atifs carib\u00e9ens, les acteurs culturels et tous ceux qui portent la Cara\u00efbe au c\u0153ur, son parcours est une invitation \u00e0 explorer, \u00e0 ressentir et \u00e0 cr\u00e9er sans peur.<\/span><\/p><p><span style=\"font-weight: 400;\">\u00ab L\u2019art ne sauve pas le monde. Mais il peut faire du bien. \u00bb C\u00e9cile Vernant<\/span><\/p><p><strong>L\u2019exposition est prolong\u00e9e jusqu\u2019\u00e0 la fin du mois de janvier.<\/strong><\/p>\t\t\t\t\t\t\t\t<\/div>\n\t\t\t\t<\/div>\n\t\t\t\t<div class=\"elementor-element elementor-element-6a4002a elementor-widget elementor-widget-image\" data-id=\"6a4002a\" data-element_type=\"widget\" data-widget_type=\"image.default\">\n\t\t\t\t<div class=\"elementor-widget-container\">\n\t\t\t\t\t\t\t\t\t\t\t\t\t\t\t<img loading=\"lazy\" decoding=\"async\" width=\"724\" height=\"1024\" src=\"https:\/\/richeskarayib.com\/wp-content\/uploads\/2025\/12\/Affiche-exposition-Cecile-Vernant-A-coeur-battant-_page-0001-724x1024.jpg\" class=\"attachment-large size-large wp-image-67038\" alt=\"C\u00e9cile Vernant\" srcset=\"https:\/\/richeskarayib.com\/wp-content\/uploads\/2025\/12\/Affiche-exposition-Cecile-Vernant-A-coeur-battant-_page-0001-724x1024.jpg 724w, https:\/\/richeskarayib.com\/wp-content\/uploads\/2025\/12\/Affiche-exposition-Cecile-Vernant-A-coeur-battant-_page-0001-212x300.jpg 212w, https:\/\/richeskarayib.com\/wp-content\/uploads\/2025\/12\/Affiche-exposition-Cecile-Vernant-A-coeur-battant-_page-0001-768x1087.jpg 768w, https:\/\/richeskarayib.com\/wp-content\/uploads\/2025\/12\/Affiche-exposition-Cecile-Vernant-A-coeur-battant-_page-0001-1085x1536.jpg 1085w, https:\/\/richeskarayib.com\/wp-content\/uploads\/2025\/12\/Affiche-exposition-Cecile-Vernant-A-coeur-battant-_page-0001.jpg 1240w\" sizes=\"(max-width: 724px) 100vw, 724px\" \/>\t\t\t\t\t\t\t\t\t\t\t\t\t\t\t<\/div>\n\t\t\t\t<\/div>\n\t\t\t\t\t<\/div>\n\t\t<\/div>\n\t\t\t\t\t<\/div>\n\t\t<\/section>\n\t\t\t\t\t<\/div>\n\t\t<\/div>\n\t\t\t\t\t<\/div>\n\t\t<\/section>\n\t\t\t\t<section class=\"elementor-section elementor-top-section elementor-element elementor-element-c9d5708 elementor-section-boxed elementor-section-height-default elementor-section-height-default\" data-id=\"c9d5708\" data-element_type=\"section\">\n\t\t\t\t\t\t<div class=\"elementor-container elementor-column-gap-default\">\n\t\t\t\t\t<div class=\"elementor-column elementor-col-100 elementor-top-column elementor-element elementor-element-f856576\" data-id=\"f856576\" data-element_type=\"column\">\n\t\t\t<div class=\"elementor-widget-wrap elementor-element-populated\">\n\t\t\t\t\t\t<section class=\"elementor-section elementor-inner-section elementor-element elementor-element-c731c95 elementor-section-boxed elementor-section-height-default elementor-section-height-default\" data-id=\"c731c95\" data-element_type=\"section\">\n\t\t\t\t\t\t<div class=\"elementor-container elementor-column-gap-default\">\n\t\t\t\t\t<div class=\"elementor-column elementor-col-100 elementor-inner-column elementor-element elementor-element-1841fe0\" data-id=\"1841fe0\" data-element_type=\"column\">\n\t\t\t<div class=\"elementor-widget-wrap elementor-element-populated\">\n\t\t\t\t\t\t<div class=\"elementor-element elementor-element-9c42147 elementor-widget elementor-widget-heading\" data-id=\"9c42147\" data-element_type=\"widget\" data-widget_type=\"heading.default\">\n\t\t\t\t<div class=\"elementor-widget-container\">\n\t\t\t\t\t<h2 class=\"elementor-heading-title elementor-size-default\">FAQ<\/h2>\t\t\t\t<\/div>\n\t\t\t\t<\/div>\n\t\t\t\t<div class=\"elementor-element elementor-element-1666ae5 elementor-widget elementor-widget-accordion\" data-id=\"1666ae5\" data-element_type=\"widget\" data-widget_type=\"accordion.default\">\n\t\t\t\t<div class=\"elementor-widget-container\">\n\t\t\t\t\t\t\t<div class=\"elementor-accordion\">\n\t\t\t\t\t\t\t<div class=\"elementor-accordion-item\">\n\t\t\t\t\t<div id=\"elementor-tab-title-2341\" class=\"elementor-tab-title\" data-tab=\"1\" role=\"button\" aria-controls=\"elementor-tab-content-2341\" aria-expanded=\"false\">\n\t\t\t\t\t\t\t\t\t\t\t\t\t<span class=\"elementor-accordion-icon elementor-accordion-icon-left\" aria-hidden=\"true\">\n\t\t\t\t\t\t\t\t\t\t\t\t\t\t\t<span class=\"elementor-accordion-icon-closed\"><i class=\"fas fa-plus\"><\/i><\/span>\n\t\t\t\t\t\t\t\t<span class=\"elementor-accordion-icon-opened\"><i class=\"fas fa-minus\"><\/i><\/span>\n\t\t\t\t\t\t\t\t\t\t\t\t\t\t<\/span>\n\t\t\t\t\t\t\t\t\t\t\t\t<a class=\"elementor-accordion-title\" tabindex=\"0\">Qui est C\u00e9cile Vernant ?<\/a>\n\t\t\t\t\t<\/div>\n\t\t\t\t\t<div id=\"elementor-tab-content-2341\" class=\"elementor-tab-content elementor-clearfix\" data-tab=\"1\" role=\"region\" aria-labelledby=\"elementor-tab-title-2341\"><p><span style=\"font-weight: 400;\">C\u00e9cile Vernant est une artiste multim\u00e9dium n\u00e9e \u00e0 Paris et arriv\u00e9e en Martinique d\u00e8s sa petite enfance. Peinture, photographie et c\u00e9ramique constituent les piliers de son travail, nourri par une m\u00e9moire sensorielle profonde de l\u2019\u00eele. Son \u0153uvre explore les \u00e9motions, les mati\u00e8res et les souvenirs, loin des codes fig\u00e9s de l\u2019art contemporain.<\/span><\/p><\/div>\n\t\t\t\t<\/div>\n\t\t\t\t\t\t\t<div class=\"elementor-accordion-item\">\n\t\t\t\t\t<div id=\"elementor-tab-title-2342\" class=\"elementor-tab-title\" data-tab=\"2\" role=\"button\" aria-controls=\"elementor-tab-content-2342\" aria-expanded=\"false\">\n\t\t\t\t\t\t\t\t\t\t\t\t\t<span class=\"elementor-accordion-icon elementor-accordion-icon-left\" aria-hidden=\"true\">\n\t\t\t\t\t\t\t\t\t\t\t\t\t\t\t<span class=\"elementor-accordion-icon-closed\"><i class=\"fas fa-plus\"><\/i><\/span>\n\t\t\t\t\t\t\t\t<span class=\"elementor-accordion-icon-opened\"><i class=\"fas fa-minus\"><\/i><\/span>\n\t\t\t\t\t\t\t\t\t\t\t\t\t\t<\/span>\n\t\t\t\t\t\t\t\t\t\t\t\t<a class=\"elementor-accordion-title\" tabindex=\"0\">Quels m\u00e9diums utilise C\u00e9cile Vernant dans son travail artistique ?<\/a>\n\t\t\t\t\t<\/div>\n\t\t\t\t\t<div id=\"elementor-tab-content-2342\" class=\"elementor-tab-content elementor-clearfix\" data-tab=\"2\" role=\"region\" aria-labelledby=\"elementor-tab-title-2342\"><p><span style=\"font-weight: 400;\">C\u00e9cile Vernant travaille la peinture, la photographie argentique, le pastel, l\u2019huile et la c\u00e9ramique. Chaque m\u00e9dium devient pour elle un langage compl\u00e9mentaire, permettant de faire dialoguer textures, formes et sensations. Cette approche multim\u00e9dium refl\u00e8te une recherche instinctive et profond\u00e9ment sensorielle.<\/span><\/p><\/div>\n\t\t\t\t<\/div>\n\t\t\t\t\t\t\t<div class=\"elementor-accordion-item\">\n\t\t\t\t\t<div id=\"elementor-tab-title-2343\" class=\"elementor-tab-title\" data-tab=\"3\" role=\"button\" aria-controls=\"elementor-tab-content-2343\" aria-expanded=\"false\">\n\t\t\t\t\t\t\t\t\t\t\t\t\t<span class=\"elementor-accordion-icon elementor-accordion-icon-left\" aria-hidden=\"true\">\n\t\t\t\t\t\t\t\t\t\t\t\t\t\t\t<span class=\"elementor-accordion-icon-closed\"><i class=\"fas fa-plus\"><\/i><\/span>\n\t\t\t\t\t\t\t\t<span class=\"elementor-accordion-icon-opened\"><i class=\"fas fa-minus\"><\/i><\/span>\n\t\t\t\t\t\t\t\t\t\t\t\t\t\t<\/span>\n\t\t\t\t\t\t\t\t\t\t\t\t<a class=\"elementor-accordion-title\" tabindex=\"0\">En quoi la Martinique influence-t-elle l\u2019\u0153uvre de C\u00e9cile Vernant ?<\/a>\n\t\t\t\t\t<\/div>\n\t\t\t\t\t<div id=\"elementor-tab-content-2343\" class=\"elementor-tab-content elementor-clearfix\" data-tab=\"3\" role=\"region\" aria-labelledby=\"elementor-tab-title-2343\"><p><span style=\"font-weight: 400;\">La Martinique traverse l\u2019ensemble du travail de C\u00e9cile Vernant comme un paysage int\u00e9rieur. Sons, lumi\u00e8res, ruines, nature et souvenirs d\u2019enfance nourrissent ses cr\u00e9ations. L\u2019\u00eele n\u2019est jamais un d\u00e9cor illustratif, mais une mati\u00e8re \u00e9motionnelle qui fa\u00e7onne son rapport au geste, \u00e0 la mati\u00e8re et \u00e0 la m\u00e9moire.<\/span><\/p><\/div>\n\t\t\t\t<\/div>\n\t\t\t\t\t\t\t\t<\/div>\n\t\t\t\t\t\t<\/div>\n\t\t\t\t<\/div>\n\t\t\t\t\t<\/div>\n\t\t<\/div>\n\t\t\t\t\t<\/div>\n\t\t<\/section>\n\t\t\t\t\t<\/div>\n\t\t<\/div>\n\t\t\t\t\t<\/div>\n\t\t<\/section>\n\t\t\t\t<\/div>\n\t\t","protected":false},"excerpt":{"rendered":"<p>\u00c0 travers la peinture, la photographie et la c\u00e9ramique, C\u00e9cile Vernant explore un territoire intime : celui de la Martinique de son enfance. N\u00e9e \u00e0 Paris, mais arriv\u00e9e sur l\u2019\u00eele \u00e0 18 mois, l\u2019artiste revendique un ancrage profond, nourri d\u2019odeurs, de lumi\u00e8res, de textures et de souvenirs sensoriels. Dans le travailde C\u00e9cile Vernant\u00a0 l\u2019humour se [&hellip;]<\/p>\n","protected":false},"author":662,"featured_media":66886,"comment_status":"open","ping_status":"open","sticky":false,"template":"","format":"standard","meta":{"_acf_changed":false,"footnotes":""},"categories":[813],"tags":[808],"class_list":["post-66885","post","type-post","status-publish","format-standard","has-post-thumbnail","hentry","category-arts-visuels","tag-martinique-fr"],"acf":[],"_links":{"self":[{"href":"https:\/\/richeskarayib.com\/fr\/wp-json\/wp\/v2\/posts\/66885","targetHints":{"allow":["GET"]}}],"collection":[{"href":"https:\/\/richeskarayib.com\/fr\/wp-json\/wp\/v2\/posts"}],"about":[{"href":"https:\/\/richeskarayib.com\/fr\/wp-json\/wp\/v2\/types\/post"}],"author":[{"embeddable":true,"href":"https:\/\/richeskarayib.com\/fr\/wp-json\/wp\/v2\/users\/662"}],"replies":[{"embeddable":true,"href":"https:\/\/richeskarayib.com\/fr\/wp-json\/wp\/v2\/comments?post=66885"}],"version-history":[{"count":0,"href":"https:\/\/richeskarayib.com\/fr\/wp-json\/wp\/v2\/posts\/66885\/revisions"}],"wp:featuredmedia":[{"embeddable":true,"href":"https:\/\/richeskarayib.com\/fr\/wp-json\/wp\/v2\/media\/66886"}],"wp:attachment":[{"href":"https:\/\/richeskarayib.com\/fr\/wp-json\/wp\/v2\/media?parent=66885"}],"wp:term":[{"taxonomy":"category","embeddable":true,"href":"https:\/\/richeskarayib.com\/fr\/wp-json\/wp\/v2\/categories?post=66885"},{"taxonomy":"post_tag","embeddable":true,"href":"https:\/\/richeskarayib.com\/fr\/wp-json\/wp\/v2\/tags?post=66885"}],"curies":[{"name":"wp","href":"https:\/\/api.w.org\/{rel}","templated":true}]}}