{"id":66940,"date":"2025-12-19T04:32:38","date_gmt":"2025-12-19T08:32:38","guid":{"rendered":"https:\/\/richeskarayib.com\/?p=66940"},"modified":"2025-12-19T04:32:38","modified_gmt":"2025-12-19T08:32:38","slug":"quadrille-danse-traditionnelle-antilles","status":"publish","type":"post","link":"https:\/\/richeskarayib.com\/fr\/quadrille-danse-traditionnelle-antilles\/","title":{"rendered":"Quadrille : m\u00e9moire dans\u00e9e et h\u00e9ritage vivant des Antilles"},"content":{"rendered":"\t\t<div data-elementor-type=\"wp-post\" data-elementor-id=\"66940\" class=\"elementor elementor-66940\" data-elementor-post-type=\"post\">\n\t\t\t\t\t\t<section class=\"elementor-section elementor-top-section elementor-element elementor-element-7ca7ca1 elementor-section-boxed elementor-section-height-default elementor-section-height-default\" data-id=\"7ca7ca1\" data-element_type=\"section\">\n\t\t\t\t\t\t<div class=\"elementor-container elementor-column-gap-default\">\n\t\t\t\t\t<div class=\"elementor-column elementor-col-100 elementor-top-column elementor-element elementor-element-cbdd002\" data-id=\"cbdd002\" data-element_type=\"column\">\n\t\t\t<div class=\"elementor-widget-wrap elementor-element-populated\">\n\t\t\t\t\t\t<section class=\"elementor-section elementor-inner-section elementor-element elementor-element-bc94849 elementor-section-boxed elementor-section-height-default elementor-section-height-default\" data-id=\"bc94849\" data-element_type=\"section\">\n\t\t\t\t\t\t<div class=\"elementor-container elementor-column-gap-default\">\n\t\t\t\t\t\t<\/div>\n\t\t<\/section>\n\t\t\t\t<section class=\"elementor-section elementor-inner-section elementor-element elementor-element-61571e6 elementor-section-boxed elementor-section-height-default elementor-section-height-default\" data-id=\"61571e6\" data-element_type=\"section\">\n\t\t\t\t\t\t<div class=\"elementor-container elementor-column-gap-default\">\n\t\t\t\t\t\t<\/div>\n\t\t<\/section>\n\t\t\t\t<section class=\"elementor-section elementor-inner-section elementor-element elementor-element-b6262e0 elementor-section-boxed elementor-section-height-default elementor-section-height-default\" data-id=\"b6262e0\" data-element_type=\"section\">\n\t\t\t\t\t\t<div class=\"elementor-container elementor-column-gap-default\">\n\t\t\t\t\t\t<\/div>\n\t\t<\/section>\n\t\t\t\t<section class=\"elementor-section elementor-inner-section elementor-element elementor-element-cca29fd elementor-section-boxed elementor-section-height-default elementor-section-height-default\" data-id=\"cca29fd\" data-element_type=\"section\">\n\t\t\t\t\t\t<div class=\"elementor-container elementor-column-gap-default\">\n\t\t\t\t\t\t<\/div>\n\t\t<\/section>\n\t\t\t\t\t<\/div>\n\t\t<\/div>\n\t\t\t\t\t<\/div>\n\t\t<\/section>\n\t\t\t\t<section class=\"elementor-section elementor-top-section elementor-element elementor-element-ee72354 elementor-section-boxed elementor-section-height-default elementor-section-height-default\" data-id=\"ee72354\" data-element_type=\"section\">\n\t\t\t\t\t\t<div class=\"elementor-container elementor-column-gap-default\">\n\t\t\t\t\t<div class=\"elementor-column elementor-col-100 elementor-top-column elementor-element elementor-element-c59d6fe\" data-id=\"c59d6fe\" data-element_type=\"column\">\n\t\t\t<div class=\"elementor-widget-wrap elementor-element-populated\">\n\t\t\t\t\t\t<div class=\"elementor-element elementor-element-e57451f elementor-widget elementor-widget-text-editor\" data-id=\"e57451f\" data-element_type=\"widget\" data-widget_type=\"text-editor.default\">\n\t\t\t\t<div class=\"elementor-widget-container\">\n\t\t\t\t\t\t\t\t\t<p><span style=\"font-weight: 400;\">Aux Antilles fran\u00e7aises, le <\/span><a href=\"https:\/\/www.facebook.com\/groups\/1811258005997801\/\" target=\"_blank\" rel=\"noopener nofollow\"><b>Quadrille<\/b><\/a><span style=\"font-weight: 400;\"> ne se limite pas \u00e0 une danse traditionnelle. Il constitue un marqueur culturel fort, un espace de transmission et un t\u00e9moignage vivant de l\u2019histoire sociale des territoires carib\u00e9ens. Pratiqu\u00e9 depuis plus d\u2019un si\u00e8cle en Guadeloupe et en Martinique, cet art chor\u00e9graphique illustre la capacit\u00e9 des soci\u00e9t\u00e9s antillaises \u00e0 transformer des formes h\u00e9rit\u00e9es de l\u2019Europe en expressions identitaires profond\u00e9ment enracin\u00e9es.<\/span><\/p>\t\t\t\t\t\t\t\t<\/div>\n\t\t\t\t<\/div>\n\t\t\t\t\t<\/div>\n\t\t<\/div>\n\t\t\t\t\t<\/div>\n\t\t<\/section>\n\t\t\t\t<section class=\"elementor-section elementor-top-section elementor-element elementor-element-82cd8f9 elementor-section-boxed elementor-section-height-default elementor-section-height-default\" data-id=\"82cd8f9\" data-element_type=\"section\">\n\t\t\t\t\t\t<div class=\"elementor-container elementor-column-gap-default\">\n\t\t\t\t\t<div class=\"elementor-column elementor-col-100 elementor-top-column elementor-element elementor-element-0bfdc38\" data-id=\"0bfdc38\" data-element_type=\"column\">\n\t\t\t<div class=\"elementor-widget-wrap elementor-element-populated\">\n\t\t\t\t\t\t<div class=\"elementor-element elementor-element-7d292fe elementor-widget elementor-widget-heading\" data-id=\"7d292fe\" data-element_type=\"widget\" data-widget_type=\"heading.default\">\n\t\t\t\t<div class=\"elementor-widget-container\">\n\t\t\t\t\t<h2 class=\"elementor-heading-title elementor-size-default\">Des salons europ\u00e9ens aux places des bourgs antillais<\/h2>\t\t\t\t<\/div>\n\t\t\t\t<\/div>\n\t\t\t\t<div class=\"elementor-element elementor-element-8e337bf elementor-widget elementor-widget-text-editor\" data-id=\"8e337bf\" data-element_type=\"widget\" data-widget_type=\"text-editor.default\">\n\t\t\t\t<div class=\"elementor-widget-container\">\n\t\t\t\t\t\t\t\t\t<p><span style=\"font-weight: 400;\">\u00c0 l\u2019origine, cette danse appara\u00eet dans les salons aristocratiques europ\u00e9ens aux XVIII\u1d49 et XIX\u1d49 si\u00e8cles. Import\u00e9e dans les colonies fran\u00e7aises de la <a href=\"https:\/\/richeskarayib.com\/fr\/mia-mottley-forbes-2025-leadership-femmes\/\" target=\"_blank\" rel=\"noopener\">Cara\u00efbe<\/a> durant la p\u00e9riode coloniale, elle est d\u2019abord r\u00e9serv\u00e9e aux \u00e9lites des grandes habitations. Les r\u00e8gles sont strictes : quatre couples dispos\u00e9s en carr\u00e9 ex\u00e9cutent une succession de figures codifi\u00e9es, port\u00e9es par une musique r\u00e9guli\u00e8re et un tempo mesur\u00e9.<\/span><\/p><p><span style=\"font-weight: 400;\">Avec le temps, cette pratique quitte les cercles ferm\u00e9s pour investir les espaces populaires. Elle s\u2019installe dans les villages, lors des f\u00eates communautaires et des rassemblements ruraux. Ce d\u00e9placement social marque un tournant d\u00e9cisif : la danse change de fonction, de public et de sens. Elle cesse d\u2019\u00eatre un simple divertissement mondain pour devenir un moment collectif, ancr\u00e9 dans la vie quotidienne.<\/span><\/p>\t\t\t\t\t\t\t\t<\/div>\n\t\t\t\t<\/div>\n\t\t\t\t<section class=\"elementor-section elementor-inner-section elementor-element elementor-element-011fe45 elementor-section-boxed elementor-section-height-default elementor-section-height-default\" data-id=\"011fe45\" data-element_type=\"section\">\n\t\t\t\t\t\t<div class=\"elementor-container elementor-column-gap-default\">\n\t\t\t\t\t<div class=\"elementor-column elementor-col-100 elementor-inner-column elementor-element elementor-element-f297c4a\" data-id=\"f297c4a\" data-element_type=\"column\">\n\t\t\t<div class=\"elementor-widget-wrap elementor-element-populated\">\n\t\t\t\t\t\t<div class=\"elementor-element elementor-element-73fd339 elementor-widget elementor-widget-video\" data-id=\"73fd339\" data-element_type=\"widget\" data-settings=\"{&quot;youtube_url&quot;:&quot;https:\\\/\\\/www.youtube.com\\\/watch?v=7IvfEgZ3X7s&amp;t=3s&quot;,&quot;video_type&quot;:&quot;youtube&quot;,&quot;controls&quot;:&quot;yes&quot;}\" data-widget_type=\"video.default\">\n\t\t\t\t<div class=\"elementor-widget-container\">\n\t\t\t\t\t\t\t<div class=\"elementor-wrapper elementor-open-inline\">\n\t\t\t<div class=\"elementor-video\"><\/div>\t\t<\/div>\n\t\t\t\t\t\t<\/div>\n\t\t\t\t<\/div>\n\t\t\t\t\t<\/div>\n\t\t<\/div>\n\t\t\t\t\t<\/div>\n\t\t<\/section>\n\t\t\t\t<section class=\"elementor-section elementor-inner-section elementor-element elementor-element-c582330 elementor-section-boxed elementor-section-height-default elementor-section-height-default\" data-id=\"c582330\" data-element_type=\"section\">\n\t\t\t\t\t\t<div class=\"elementor-container elementor-column-gap-default\">\n\t\t\t\t\t\t<\/div>\n\t\t<\/section>\n\t\t\t\t<section class=\"elementor-section elementor-inner-section elementor-element elementor-element-296603a elementor-section-boxed elementor-section-height-default elementor-section-height-default\" data-id=\"296603a\" data-element_type=\"section\">\n\t\t\t\t\t\t<div class=\"elementor-container elementor-column-gap-default\">\n\t\t\t\t\t\t<\/div>\n\t\t<\/section>\n\t\t\t\t\t<\/div>\n\t\t<\/div>\n\t\t\t\t\t<\/div>\n\t\t<\/section>\n\t\t\t\t<section class=\"elementor-section elementor-top-section elementor-element elementor-element-5a7397d elementor-section-boxed elementor-section-height-default elementor-section-height-default\" data-id=\"5a7397d\" data-element_type=\"section\">\n\t\t\t\t\t\t<div class=\"elementor-container elementor-column-gap-default\">\n\t\t\t\t\t<div class=\"elementor-column elementor-col-100 elementor-top-column elementor-element elementor-element-8b33b4b\" data-id=\"8b33b4b\" data-element_type=\"column\">\n\t\t\t<div class=\"elementor-widget-wrap elementor-element-populated\">\n\t\t\t\t\t\t<div class=\"elementor-element elementor-element-89dac4b elementor-widget elementor-widget-heading\" data-id=\"89dac4b\" data-element_type=\"widget\" data-widget_type=\"heading.default\">\n\t\t\t\t<div class=\"elementor-widget-container\">\n\t\t\t\t\t<h2 class=\"elementor-heading-title elementor-size-default\">Une transformation profond\u00e9ment cr\u00e9ole<\/h2>\t\t\t\t<\/div>\n\t\t\t\t<\/div>\n\t\t\t\t<div class=\"elementor-element elementor-element-43a45ac elementor-widget elementor-widget-text-editor\" data-id=\"43a45ac\" data-element_type=\"widget\" data-widget_type=\"text-editor.default\">\n\t\t\t\t<div class=\"elementor-widget-container\">\n\t\t\t\t\t\t\t\t\t<p><span style=\"font-weight: 400;\">Le <\/span><a href=\"https:\/\/www.guadeloupe.franceantilles.fr\/actualite\/culture\/a-vitry-sur-seine-le-quadrille-fait-vibrer-lame-antillaise-1044148.php?utm_term=photo&amp;utm_content=FranceAntillesGuadeloupe&amp;utm_medium=Social&amp;utm_campaign=Nonli&amp;utm_source=Facebook\" target=\"_blank\" rel=\"noopener nofollow\"><b>Quadrille<\/b><\/a><span style=\"font-weight: 400;\"> n\u2019est jamais rest\u00e9 fig\u00e9 aux Antilles. Il s\u2019est transform\u00e9 au contact des r\u00e9alit\u00e9s locales, dans un processus de cr\u00e9olisation progressif. La musique \u00e9volue, int\u00e9grant violon, tambour, chacha ou accord\u00e9on selon les territoires. Les rythmes gagnent en souplesse, parfois en intensit\u00e9, et les m\u00e9lodies s\u2019impr\u00e8gnent de sensibilit\u00e9s carib\u00e9ennes.<\/span><\/p><p><span style=\"font-weight: 400;\">Les figures traditionnelles \u2014 <\/span><i><span style=\"font-weight: 400;\">pantalon<\/span><\/i><span style=\"font-weight: 400;\">, <\/span><i><span style=\"font-weight: 400;\">\u00e9t\u00e9<\/span><\/i><span style=\"font-weight: 400;\">, <\/span><i><span style=\"font-weight: 400;\">poule<\/span><\/i><span style=\"font-weight: 400;\">, <\/span><i><span style=\"font-weight: 400;\">pastourelle<\/span><\/i><span style=\"font-weight: 400;\">, <\/span><i><span style=\"font-weight: 400;\">final<\/span><\/i><span style=\"font-weight: 400;\"> \u2014 conservent leurs noms d\u2019origine fran\u00e7aise, mais leur interpr\u00e9tation change. Les d\u00e9placements deviennent plus expressifs, les \u00e9changes entre danseurs plus appuy\u00e9s, et la relation avec le public se renforce. L\u2019ensemble donne naissance \u00e0 une forme vivante, \u00e0 la fois structur\u00e9e et libre dans son ex\u00e9cution.<\/span><\/p>\t\t\t\t\t\t\t\t<\/div>\n\t\t\t\t<\/div>\n\t\t\t\t<section class=\"elementor-section elementor-inner-section elementor-element elementor-element-e350b20 elementor-section-boxed elementor-section-height-default elementor-section-height-default\" data-id=\"e350b20\" data-element_type=\"section\">\n\t\t\t\t\t\t<div class=\"elementor-container elementor-column-gap-default\">\n\t\t\t\t\t<div class=\"elementor-column elementor-col-100 elementor-inner-column elementor-element elementor-element-548d32e\" data-id=\"548d32e\" data-element_type=\"column\">\n\t\t\t<div class=\"elementor-widget-wrap elementor-element-populated\">\n\t\t\t\t\t\t<div class=\"elementor-element elementor-element-0599a83 elementor-widget elementor-widget-image\" data-id=\"0599a83\" data-element_type=\"widget\" data-widget_type=\"image.default\">\n\t\t\t\t<div class=\"elementor-widget-container\">\n\t\t\t\t\t\t\t\t\t\t\t\t<figure class=\"wp-caption\">\n\t\t\t\t\t\t\t\t\t\t<img fetchpriority=\"high\" decoding=\"async\" width=\"800\" height=\"606\" src=\"https:\/\/richeskarayib.com\/wp-content\/uploads\/2025\/12\/\u00a9Alfred-Desiree-UCV-2-1024x776.jpg\" class=\"attachment-large size-large wp-image-66945\" alt=\"Quadrille\" srcset=\"https:\/\/richeskarayib.com\/wp-content\/uploads\/2025\/12\/\u00a9Alfred-Desiree-UCV-2-1024x776.jpg 1024w, https:\/\/richeskarayib.com\/wp-content\/uploads\/2025\/12\/\u00a9Alfred-Desiree-UCV-2-300x227.jpg 300w, https:\/\/richeskarayib.com\/wp-content\/uploads\/2025\/12\/\u00a9Alfred-Desiree-UCV-2-768x582.jpg 768w, https:\/\/richeskarayib.com\/wp-content\/uploads\/2025\/12\/\u00a9Alfred-Desiree-UCV-2-1320x1001.jpg 1320w, https:\/\/richeskarayib.com\/wp-content\/uploads\/2025\/12\/\u00a9Alfred-Desiree-UCV-2.jpg 1514w\" sizes=\"(max-width: 800px) 100vw, 800px\" \/>\t\t\t\t\t\t\t\t\t\t\t<figcaption class=\"widget-image-caption wp-caption-text\">\u00a9Alfred Desire\u0301e (UCV)<\/figcaption>\n\t\t\t\t\t\t\t\t\t\t<\/figure>\n\t\t\t\t\t\t\t\t\t<\/div>\n\t\t\t\t<\/div>\n\t\t\t\t\t<\/div>\n\t\t<\/div>\n\t\t\t\t\t<\/div>\n\t\t<\/section>\n\t\t\t\t\t<\/div>\n\t\t<\/div>\n\t\t\t\t\t<\/div>\n\t\t<\/section>\n\t\t\t\t<section class=\"elementor-section elementor-top-section elementor-element elementor-element-ceca32c elementor-section-boxed elementor-section-height-default elementor-section-height-default\" data-id=\"ceca32c\" data-element_type=\"section\">\n\t\t\t\t\t\t<div class=\"elementor-container elementor-column-gap-default\">\n\t\t\t\t\t<div class=\"elementor-column elementor-col-100 elementor-top-column elementor-element elementor-element-5a2e383\" data-id=\"5a2e383\" data-element_type=\"column\">\n\t\t\t<div class=\"elementor-widget-wrap elementor-element-populated\">\n\t\t\t\t\t\t<div class=\"elementor-element elementor-element-6cedf5f elementor-widget elementor-widget-heading\" data-id=\"6cedf5f\" data-element_type=\"widget\" data-widget_type=\"heading.default\">\n\t\t\t\t<div class=\"elementor-widget-container\">\n\t\t\t\t\t<h2 class=\"elementor-heading-title elementor-size-default\">La parole au c\u0153ur de la danse<\/h2>\t\t\t\t<\/div>\n\t\t\t\t<\/div>\n\t\t\t\t<section class=\"elementor-section elementor-inner-section elementor-element elementor-element-bc0026a elementor-section-boxed elementor-section-height-default elementor-section-height-default\" data-id=\"bc0026a\" data-element_type=\"section\">\n\t\t\t\t\t\t<div class=\"elementor-container elementor-column-gap-default\">\n\t\t\t\t\t<div class=\"elementor-column elementor-col-100 elementor-inner-column elementor-element elementor-element-420059a\" data-id=\"420059a\" data-element_type=\"column\">\n\t\t\t<div class=\"elementor-widget-wrap elementor-element-populated\">\n\t\t\t\t\t\t<div class=\"elementor-element elementor-element-99bfa51 elementor-widget elementor-widget-text-editor\" data-id=\"99bfa51\" data-element_type=\"widget\" data-widget_type=\"text-editor.default\">\n\t\t\t\t<div class=\"elementor-widget-container\">\n\t\t\t\t\t\t\t\t\t<p><span style=\"font-weight: 400;\">Un \u00e9l\u00e9ment distingue particuli\u00e8rement le <b>Quadrille<\/b> antillaise : l\u2019importance de l\u2019oralit\u00e9. Le commandeur, ou meneur, annonce les figures \u00e0 voix haute, souvent en cr\u00e9ole. Cette parole rythm\u00e9e guide les danseurs, structure la chor\u00e9graphie et cr\u00e9e un lien constant entre musique et mouvement.<\/span><\/p><p><span style=\"font-weight: 400;\">Dans le <\/span><b>Quadrille<\/b><span style=\"font-weight: 400;\">, cette transmission orale joue un r\u00f4le central. Elle permet l\u2019apprentissage sans support \u00e9crit et favorise une appropriation collective du savoir. La danse devient ainsi un espace de m\u00e9moire partag\u00e9e, o\u00f9 chacun apprend en observant, en \u00e9coutant et en pratiquant.<\/span><\/p>\t\t\t\t\t\t\t\t<\/div>\n\t\t\t\t<\/div>\n\t\t\t\t\t<\/div>\n\t\t<\/div>\n\t\t\t\t\t<\/div>\n\t\t<\/section>\n\t\t\t\t<section class=\"elementor-section elementor-inner-section elementor-element elementor-element-0f6293a elementor-section-boxed elementor-section-height-default elementor-section-height-default\" data-id=\"0f6293a\" data-element_type=\"section\">\n\t\t\t\t\t\t<div class=\"elementor-container elementor-column-gap-default\">\n\t\t\t\t\t<div class=\"elementor-column elementor-col-50 elementor-inner-column elementor-element elementor-element-4a7d77e\" data-id=\"4a7d77e\" data-element_type=\"column\">\n\t\t\t<div class=\"elementor-widget-wrap elementor-element-populated\">\n\t\t\t\t\t\t<div class=\"elementor-element elementor-element-261b0fd elementor-widget elementor-widget-image\" data-id=\"261b0fd\" data-element_type=\"widget\" data-widget_type=\"image.default\">\n\t\t\t\t<div class=\"elementor-widget-container\">\n\t\t\t\t\t\t\t\t\t\t\t\t<figure class=\"wp-caption\">\n\t\t\t\t\t\t\t\t\t\t<img decoding=\"async\" width=\"800\" height=\"600\" src=\"https:\/\/richeskarayib.com\/wp-content\/uploads\/2025\/12\/\u00a9Alfred-Desiree-UCV-5-1024x768.jpg\" class=\"attachment-large size-large wp-image-66953\" alt=\"Quadrille\" srcset=\"https:\/\/richeskarayib.com\/wp-content\/uploads\/2025\/12\/\u00a9Alfred-Desiree-UCV-5-1024x768.jpg 1024w, https:\/\/richeskarayib.com\/wp-content\/uploads\/2025\/12\/\u00a9Alfred-Desiree-UCV-5-300x225.jpg 300w, https:\/\/richeskarayib.com\/wp-content\/uploads\/2025\/12\/\u00a9Alfred-Desiree-UCV-5-768x576.jpg 768w, https:\/\/richeskarayib.com\/wp-content\/uploads\/2025\/12\/\u00a9Alfred-Desiree-UCV-5-1536x1152.jpg 1536w, https:\/\/richeskarayib.com\/wp-content\/uploads\/2025\/12\/\u00a9Alfred-Desiree-UCV-5-1320x990.jpg 1320w, https:\/\/richeskarayib.com\/wp-content\/uploads\/2025\/12\/\u00a9Alfred-Desiree-UCV-5.jpg 2048w\" sizes=\"(max-width: 800px) 100vw, 800px\" \/>\t\t\t\t\t\t\t\t\t\t\t<figcaption class=\"widget-image-caption wp-caption-text\">\u00a9Alfred Desire\u0301e (UCV)<\/figcaption>\n\t\t\t\t\t\t\t\t\t\t<\/figure>\n\t\t\t\t\t\t\t\t\t<\/div>\n\t\t\t\t<\/div>\n\t\t\t\t\t<\/div>\n\t\t<\/div>\n\t\t\t\t<div class=\"elementor-column elementor-col-50 elementor-inner-column elementor-element elementor-element-3802927\" data-id=\"3802927\" data-element_type=\"column\">\n\t\t\t<div class=\"elementor-widget-wrap elementor-element-populated\">\n\t\t\t\t\t\t<div class=\"elementor-element elementor-element-63f02b2 elementor-widget elementor-widget-image\" data-id=\"63f02b2\" data-element_type=\"widget\" data-widget_type=\"image.default\">\n\t\t\t\t<div class=\"elementor-widget-container\">\n\t\t\t\t\t\t\t\t\t\t\t\t<figure class=\"wp-caption\">\n\t\t\t\t\t\t\t\t\t\t<img decoding=\"async\" width=\"800\" height=\"600\" src=\"https:\/\/richeskarayib.com\/wp-content\/uploads\/2025\/12\/\u00a9Alfred-Desiree-UCV-6.jpg\" class=\"attachment-large size-large wp-image-66957\" alt=\"Quadrille\" srcset=\"https:\/\/richeskarayib.com\/wp-content\/uploads\/2025\/12\/\u00a9Alfred-Desiree-UCV-6.jpg 960w, https:\/\/richeskarayib.com\/wp-content\/uploads\/2025\/12\/\u00a9Alfred-Desiree-UCV-6-300x225.jpg 300w, https:\/\/richeskarayib.com\/wp-content\/uploads\/2025\/12\/\u00a9Alfred-Desiree-UCV-6-768x576.jpg 768w\" sizes=\"(max-width: 800px) 100vw, 800px\" \/>\t\t\t\t\t\t\t\t\t\t\t<figcaption class=\"widget-image-caption wp-caption-text\">\u00a9Alfred Desire\u0301e (UCV)<\/figcaption>\n\t\t\t\t\t\t\t\t\t\t<\/figure>\n\t\t\t\t\t\t\t\t\t<\/div>\n\t\t\t\t<\/div>\n\t\t\t\t\t<\/div>\n\t\t<\/div>\n\t\t\t\t\t<\/div>\n\t\t<\/section>\n\t\t\t\t\t<\/div>\n\t\t<\/div>\n\t\t\t\t\t<\/div>\n\t\t<\/section>\n\t\t\t\t<section class=\"elementor-section elementor-top-section elementor-element elementor-element-9c88a89 elementor-section-boxed elementor-section-height-default elementor-section-height-default\" data-id=\"9c88a89\" data-element_type=\"section\">\n\t\t\t\t\t\t<div class=\"elementor-container elementor-column-gap-default\">\n\t\t\t\t\t<div class=\"elementor-column elementor-col-100 elementor-top-column elementor-element elementor-element-78cf5d1\" data-id=\"78cf5d1\" data-element_type=\"column\">\n\t\t\t<div class=\"elementor-widget-wrap elementor-element-populated\">\n\t\t\t\t\t\t<div class=\"elementor-element elementor-element-ea2a5c1 elementor-widget elementor-widget-heading\" data-id=\"ea2a5c1\" data-element_type=\"widget\" data-widget_type=\"heading.default\">\n\t\t\t\t<div class=\"elementor-widget-container\">\n\t\t\t\t\t<h2 class=\"elementor-heading-title elementor-size-default\">Une pratique fondamentalement collective<\/h2>\t\t\t\t<\/div>\n\t\t\t\t<\/div>\n\t\t\t\t<section class=\"elementor-section elementor-inner-section elementor-element elementor-element-275a1e8 elementor-section-boxed elementor-section-height-default elementor-section-height-default\" data-id=\"275a1e8\" data-element_type=\"section\">\n\t\t\t\t\t\t<div class=\"elementor-container elementor-column-gap-default\">\n\t\t\t\t\t<div class=\"elementor-column elementor-col-100 elementor-inner-column elementor-element elementor-element-4f5d9ea\" data-id=\"4f5d9ea\" data-element_type=\"column\">\n\t\t\t<div class=\"elementor-widget-wrap elementor-element-populated\">\n\t\t\t\t\t\t<div class=\"elementor-element elementor-element-e305eee elementor-widget elementor-widget-text-editor\" data-id=\"e305eee\" data-element_type=\"widget\" data-widget_type=\"text-editor.default\">\n\t\t\t\t<div class=\"elementor-widget-container\">\n\t\t\t\t\t\t\t\t\t<p><span style=\"font-weight: 400;\">Cette danse repose sur un principe simple mais essentiel : le groupe. Elle ne valorise pas la performance individuelle, mais la coordination et l\u2019\u00e9coute mutuelle. Chaque danseur occupe une place pr\u00e9cise, et l\u2019ensemble ne fonctionne que si tous respectent le cadre commun.<\/span><\/p><p><span style=\"font-weight: 400;\">Historiquement, cette dimension collective explique son importance lors des grands moments de la vie sociale : mariages, f\u00eates patronales, veill\u00e9es ou c\u00e9l\u00e9brations rurales. Elle participe \u00e0 la coh\u00e9sion des communaut\u00e9s et renforce le sentiment d\u2019appartenance.<\/span><\/p>\t\t\t\t\t\t\t\t<\/div>\n\t\t\t\t<\/div>\n\t\t\t\t\t<\/div>\n\t\t<\/div>\n\t\t\t\t\t<\/div>\n\t\t<\/section>\n\t\t\t\t<section class=\"elementor-section elementor-inner-section elementor-element elementor-element-2e0b13a elementor-section-boxed elementor-section-height-default elementor-section-height-default\" data-id=\"2e0b13a\" data-element_type=\"section\">\n\t\t\t\t\t\t<div class=\"elementor-container elementor-column-gap-default\">\n\t\t\t\t\t<div class=\"elementor-column elementor-col-100 elementor-inner-column elementor-element elementor-element-a556836\" data-id=\"a556836\" data-element_type=\"column\">\n\t\t\t<div class=\"elementor-widget-wrap elementor-element-populated\">\n\t\t\t\t\t\t<div class=\"elementor-element elementor-element-5d85084 elementor-widget elementor-widget-image\" data-id=\"5d85084\" data-element_type=\"widget\" data-widget_type=\"image.default\">\n\t\t\t\t<div class=\"elementor-widget-container\">\n\t\t\t\t\t\t\t\t\t\t\t\t<figure class=\"wp-caption\">\n\t\t\t\t\t\t\t\t\t\t<img loading=\"lazy\" decoding=\"async\" width=\"800\" height=\"688\" src=\"https:\/\/richeskarayib.com\/wp-content\/uploads\/2025\/12\/\u00a9Alfred-Desiree-UCV-8-1024x880.jpg\" class=\"attachment-large size-large wp-image-66961\" alt=\"Quadrille\" srcset=\"https:\/\/richeskarayib.com\/wp-content\/uploads\/2025\/12\/\u00a9Alfred-Desiree-UCV-8-1024x880.jpg 1024w, https:\/\/richeskarayib.com\/wp-content\/uploads\/2025\/12\/\u00a9Alfred-Desiree-UCV-8-300x258.jpg 300w, https:\/\/richeskarayib.com\/wp-content\/uploads\/2025\/12\/\u00a9Alfred-Desiree-UCV-8-768x660.jpg 768w, https:\/\/richeskarayib.com\/wp-content\/uploads\/2025\/12\/\u00a9Alfred-Desiree-UCV-8-1536x1320.jpg 1536w, https:\/\/richeskarayib.com\/wp-content\/uploads\/2025\/12\/\u00a9Alfred-Desiree-UCV-8-1320x1134.jpg 1320w, https:\/\/richeskarayib.com\/wp-content\/uploads\/2025\/12\/\u00a9Alfred-Desiree-UCV-8.jpg 2048w\" sizes=\"(max-width: 800px) 100vw, 800px\" \/>\t\t\t\t\t\t\t\t\t\t\t<figcaption class=\"widget-image-caption wp-caption-text\">\u00a9Alfred Desire\u0301e (UCV)<\/figcaption>\n\t\t\t\t\t\t\t\t\t\t<\/figure>\n\t\t\t\t\t\t\t\t\t<\/div>\n\t\t\t\t<\/div>\n\t\t\t\t\t<\/div>\n\t\t<\/div>\n\t\t\t\t\t<\/div>\n\t\t<\/section>\n\t\t\t\t\t<\/div>\n\t\t<\/div>\n\t\t\t\t\t<\/div>\n\t\t<\/section>\n\t\t\t\t<section class=\"elementor-section elementor-top-section elementor-element elementor-element-103aced elementor-section-boxed elementor-section-height-default elementor-section-height-default\" data-id=\"103aced\" data-element_type=\"section\">\n\t\t\t\t\t\t<div class=\"elementor-container elementor-column-gap-default\">\n\t\t\t\t\t<div class=\"elementor-column elementor-col-100 elementor-top-column elementor-element elementor-element-e34f9f4\" data-id=\"e34f9f4\" data-element_type=\"column\">\n\t\t\t<div class=\"elementor-widget-wrap elementor-element-populated\">\n\t\t\t\t\t\t<div class=\"elementor-element elementor-element-c643e86 elementor-widget elementor-widget-heading\" data-id=\"c643e86\" data-element_type=\"widget\" data-widget_type=\"heading.default\">\n\t\t\t\t<div class=\"elementor-widget-container\">\n\t\t\t\t\t<h2 class=\"elementor-heading-title elementor-size-default\">Costumes et esth\u00e9tique patrimoniale<\/h2>\t\t\t\t<\/div>\n\t\t\t\t<\/div>\n\t\t\t\t<section class=\"elementor-section elementor-inner-section elementor-element elementor-element-c91fa0e elementor-section-boxed elementor-section-height-default elementor-section-height-default\" data-id=\"c91fa0e\" data-element_type=\"section\">\n\t\t\t\t\t\t<div class=\"elementor-container elementor-column-gap-default\">\n\t\t\t\t\t<div class=\"elementor-column elementor-col-50 elementor-inner-column elementor-element elementor-element-09f1308\" data-id=\"09f1308\" data-element_type=\"column\">\n\t\t\t<div class=\"elementor-widget-wrap elementor-element-populated\">\n\t\t\t\t\t\t<div class=\"elementor-element elementor-element-f783f1a elementor-widget elementor-widget-text-editor\" data-id=\"f783f1a\" data-element_type=\"widget\" data-widget_type=\"text-editor.default\">\n\t\t\t\t<div class=\"elementor-widget-container\">\n\t\t\t\t\t\t\t\t\t<p><span style=\"font-weight: 400;\">Les costumes associ\u00e9s \u00e0 cette tradition occupent une place majeure. Les femmes portent des robes longues, souvent \u00e0 carreaux ou \u00e0 motifs floraux, accompagn\u00e9es de coiffes travaill\u00e9es. Les hommes arborent chemises claires, pantalons sombres, parfois gilets et chapeaux.<\/span><\/p><p><span style=\"font-weight: 400;\">Ces tenues ne sont pas de simples ornements. Elles participent \u00e0 la lisibilit\u00e9 des figures, mettent en valeur les mouvements et rappellent l\u2019ancrage historique de la danse dans la soci\u00e9t\u00e9 antillaise.<\/span><\/p>\t\t\t\t\t\t\t\t<\/div>\n\t\t\t\t<\/div>\n\t\t\t\t<div class=\"elementor-element elementor-element-0842855 elementor-widget elementor-widget-image\" data-id=\"0842855\" data-element_type=\"widget\" data-widget_type=\"image.default\">\n\t\t\t\t<div class=\"elementor-widget-container\">\n\t\t\t\t\t\t\t\t\t\t\t\t<figure class=\"wp-caption\">\n\t\t\t\t\t\t\t\t\t\t<img loading=\"lazy\" decoding=\"async\" width=\"800\" height=\"549\" src=\"https:\/\/richeskarayib.com\/wp-content\/uploads\/2025\/12\/\u00a9Alfred-Desiree-UCV-3-1024x703.jpg\" class=\"attachment-large size-large wp-image-66949\" alt=\"Quadrille\" srcset=\"https:\/\/richeskarayib.com\/wp-content\/uploads\/2025\/12\/\u00a9Alfred-Desiree-UCV-3-1024x703.jpg 1024w, https:\/\/richeskarayib.com\/wp-content\/uploads\/2025\/12\/\u00a9Alfred-Desiree-UCV-3-300x206.jpg 300w, https:\/\/richeskarayib.com\/wp-content\/uploads\/2025\/12\/\u00a9Alfred-Desiree-UCV-3-768x528.jpg 768w, https:\/\/richeskarayib.com\/wp-content\/uploads\/2025\/12\/\u00a9Alfred-Desiree-UCV-3-1536x1055.jpg 1536w, https:\/\/richeskarayib.com\/wp-content\/uploads\/2025\/12\/\u00a9Alfred-Desiree-UCV-3-1320x907.jpg 1320w, https:\/\/richeskarayib.com\/wp-content\/uploads\/2025\/12\/\u00a9Alfred-Desiree-UCV-3.jpg 1920w\" sizes=\"(max-width: 800px) 100vw, 800px\" \/>\t\t\t\t\t\t\t\t\t\t\t<figcaption class=\"widget-image-caption wp-caption-text\">\u00a9Alfred Desire\u0301e (UCV)<\/figcaption>\n\t\t\t\t\t\t\t\t\t\t<\/figure>\n\t\t\t\t\t\t\t\t\t<\/div>\n\t\t\t\t<\/div>\n\t\t\t\t\t<\/div>\n\t\t<\/div>\n\t\t\t\t<div class=\"elementor-column elementor-col-50 elementor-inner-column elementor-element elementor-element-13c3cf7\" data-id=\"13c3cf7\" data-element_type=\"column\">\n\t\t\t<div class=\"elementor-widget-wrap elementor-element-populated\">\n\t\t\t\t\t\t<div class=\"elementor-element elementor-element-3921329 elementor-widget elementor-widget-image\" data-id=\"3921329\" data-element_type=\"widget\" data-widget_type=\"image.default\">\n\t\t\t\t<div class=\"elementor-widget-container\">\n\t\t\t\t\t\t\t\t\t\t\t\t<figure class=\"wp-caption\">\n\t\t\t\t\t\t\t\t\t\t<img loading=\"lazy\" decoding=\"async\" width=\"768\" height=\"1024\" src=\"https:\/\/richeskarayib.com\/wp-content\/uploads\/2025\/12\/\u00a9Alfred-Desiree-UCV-768x1024.jpg\" class=\"attachment-large size-large wp-image-66969\" alt=\"Quadrille\" srcset=\"https:\/\/richeskarayib.com\/wp-content\/uploads\/2025\/12\/\u00a9Alfred-Desiree-UCV-768x1024.jpg 768w, https:\/\/richeskarayib.com\/wp-content\/uploads\/2025\/12\/\u00a9Alfred-Desiree-UCV-225x300.jpg 225w, https:\/\/richeskarayib.com\/wp-content\/uploads\/2025\/12\/\u00a9Alfred-Desiree-UCV-1152x1536.jpg 1152w, https:\/\/richeskarayib.com\/wp-content\/uploads\/2025\/12\/\u00a9Alfred-Desiree-UCV.jpg 1200w\" sizes=\"(max-width: 768px) 100vw, 768px\" \/>\t\t\t\t\t\t\t\t\t\t\t<figcaption class=\"widget-image-caption wp-caption-text\">\u00a9Alfred Desire\u0301e (UCV)<\/figcaption>\n\t\t\t\t\t\t\t\t\t\t<\/figure>\n\t\t\t\t\t\t\t\t\t<\/div>\n\t\t\t\t<\/div>\n\t\t\t\t\t<\/div>\n\t\t<\/div>\n\t\t\t\t\t<\/div>\n\t\t<\/section>\n\t\t\t\t\t<\/div>\n\t\t<\/div>\n\t\t\t\t\t<\/div>\n\t\t<\/section>\n\t\t\t\t<section class=\"elementor-section elementor-top-section elementor-element elementor-element-23ed11f elementor-section-boxed elementor-section-height-default elementor-section-height-default\" data-id=\"23ed11f\" data-element_type=\"section\">\n\t\t\t\t\t\t<div class=\"elementor-container elementor-column-gap-default\">\n\t\t\t\t\t<div class=\"elementor-column elementor-col-100 elementor-top-column elementor-element elementor-element-9e160dd\" data-id=\"9e160dd\" data-element_type=\"column\">\n\t\t\t<div class=\"elementor-widget-wrap elementor-element-populated\">\n\t\t\t\t\t\t<div class=\"elementor-element elementor-element-7ab3718 elementor-widget elementor-widget-heading\" data-id=\"7ab3718\" data-element_type=\"widget\" data-widget_type=\"heading.default\">\n\t\t\t\t<div class=\"elementor-widget-container\">\n\t\t\t\t\t<h2 class=\"elementor-heading-title elementor-size-default\">Une tradition toujours vivante\n<\/h2>\t\t\t\t<\/div>\n\t\t\t\t<\/div>\n\t\t\t\t<div class=\"elementor-element elementor-element-0bbe05d elementor-widget elementor-widget-text-editor\" data-id=\"0bbe05d\" data-element_type=\"widget\" data-widget_type=\"text-editor.default\">\n\t\t\t\t<div class=\"elementor-widget-container\">\n\t\t\t\t\t\t\t\t\t<p><span style=\"font-weight: 400;\">Aujourd\u2019hui, le <\/span><b>Quadrille<\/b><span style=\"font-weight: 400;\"> demeure une pratique active en Guadeloupe et en Martinique. Des associations culturelles et des groupes folkloriques assurent sa transmission, notamment aupr\u00e8s des jeunes g\u00e9n\u00e9rations. Il est pr\u00e9sent\u00e9 lors de manifestations patrimoniales, de festivals et d\u2019\u00e9v\u00e9nements culturels, contribuant \u00e0 la valorisation du patrimoine immat\u00e9riel.<\/span><\/p><p><span style=\"font-weight: 400;\">Cette continuit\u00e9 t\u00e9moigne de sa capacit\u00e9 \u00e0 traverser le temps sans perdre son sens. La danse reste un vecteur de m\u00e9moire, mais aussi un espace de dialogue entre pass\u00e9 et pr\u00e9sent.<\/span><\/p>\t\t\t\t\t\t\t\t<\/div>\n\t\t\t\t<\/div>\n\t\t\t\t\t<\/div>\n\t\t<\/div>\n\t\t\t\t\t<\/div>\n\t\t<\/section>\n\t\t\t\t<section class=\"elementor-section elementor-top-section elementor-element elementor-element-c9d5708 elementor-section-boxed elementor-section-height-default elementor-section-height-default\" data-id=\"c9d5708\" data-element_type=\"section\">\n\t\t\t\t\t\t<div class=\"elementor-container elementor-column-gap-default\">\n\t\t\t\t\t<div class=\"elementor-column elementor-col-100 elementor-top-column elementor-element elementor-element-f856576\" data-id=\"f856576\" data-element_type=\"column\">\n\t\t\t<div class=\"elementor-widget-wrap elementor-element-populated\">\n\t\t\t\t\t\t<section class=\"elementor-section elementor-inner-section elementor-element elementor-element-c731c95 elementor-section-boxed elementor-section-height-default elementor-section-height-default\" data-id=\"c731c95\" data-element_type=\"section\">\n\t\t\t\t\t\t<div class=\"elementor-container elementor-column-gap-default\">\n\t\t\t\t\t<div class=\"elementor-column elementor-col-100 elementor-inner-column elementor-element elementor-element-1841fe0\" data-id=\"1841fe0\" data-element_type=\"column\">\n\t\t\t<div class=\"elementor-widget-wrap elementor-element-populated\">\n\t\t\t\t\t\t<div class=\"elementor-element elementor-element-9c42147 elementor-widget elementor-widget-heading\" data-id=\"9c42147\" data-element_type=\"widget\" data-widget_type=\"heading.default\">\n\t\t\t\t<div class=\"elementor-widget-container\">\n\t\t\t\t\t<h2 class=\"elementor-heading-title elementor-size-default\">FAQ<\/h2>\t\t\t\t<\/div>\n\t\t\t\t<\/div>\n\t\t\t\t<div class=\"elementor-element elementor-element-1666ae5 elementor-widget elementor-widget-accordion\" data-id=\"1666ae5\" data-element_type=\"widget\" data-widget_type=\"accordion.default\">\n\t\t\t\t<div class=\"elementor-widget-container\">\n\t\t\t\t\t\t\t<div class=\"elementor-accordion\">\n\t\t\t\t\t\t\t<div class=\"elementor-accordion-item\">\n\t\t\t\t\t<div id=\"elementor-tab-title-2341\" class=\"elementor-tab-title\" data-tab=\"1\" role=\"button\" aria-controls=\"elementor-tab-content-2341\" aria-expanded=\"false\">\n\t\t\t\t\t\t\t\t\t\t\t\t\t<span class=\"elementor-accordion-icon elementor-accordion-icon-left\" aria-hidden=\"true\">\n\t\t\t\t\t\t\t\t\t\t\t\t\t\t\t<span class=\"elementor-accordion-icon-closed\"><i class=\"fas fa-plus\"><\/i><\/span>\n\t\t\t\t\t\t\t\t<span class=\"elementor-accordion-icon-opened\"><i class=\"fas fa-minus\"><\/i><\/span>\n\t\t\t\t\t\t\t\t\t\t\t\t\t\t<\/span>\n\t\t\t\t\t\t\t\t\t\t\t\t<a class=\"elementor-accordion-title\" tabindex=\"0\">Qu\u2019est-ce que le Quadrille aux Antilles ?<\/a>\n\t\t\t\t\t<\/div>\n\t\t\t\t\t<div id=\"elementor-tab-content-2341\" class=\"elementor-tab-content elementor-clearfix\" data-tab=\"1\" role=\"region\" aria-labelledby=\"elementor-tab-title-2341\"><p><span style=\"font-weight: 400;\">Il s\u2019agit d\u2019une danse traditionnelle issue des salons europ\u00e9ens, transform\u00e9e par les soci\u00e9t\u00e9s antillaises pour devenir une pratique collective, ancr\u00e9e dans la culture cr\u00e9ole et la vie communautaire.<\/span><\/p><\/div>\n\t\t\t\t<\/div>\n\t\t\t\t\t\t\t<div class=\"elementor-accordion-item\">\n\t\t\t\t\t<div id=\"elementor-tab-title-2342\" class=\"elementor-tab-title\" data-tab=\"2\" role=\"button\" aria-controls=\"elementor-tab-content-2342\" aria-expanded=\"false\">\n\t\t\t\t\t\t\t\t\t\t\t\t\t<span class=\"elementor-accordion-icon elementor-accordion-icon-left\" aria-hidden=\"true\">\n\t\t\t\t\t\t\t\t\t\t\t\t\t\t\t<span class=\"elementor-accordion-icon-closed\"><i class=\"fas fa-plus\"><\/i><\/span>\n\t\t\t\t\t\t\t\t<span class=\"elementor-accordion-icon-opened\"><i class=\"fas fa-minus\"><\/i><\/span>\n\t\t\t\t\t\t\t\t\t\t\t\t\t\t<\/span>\n\t\t\t\t\t\t\t\t\t\t\t\t<a class=\"elementor-accordion-title\" tabindex=\"0\">Comment se d\u00e9roule un Quadrille ?<\/a>\n\t\t\t\t\t<\/div>\n\t\t\t\t\t<div id=\"elementor-tab-content-2342\" class=\"elementor-tab-content elementor-clearfix\" data-tab=\"2\" role=\"region\" aria-labelledby=\"elementor-tab-title-2342\"><p><span style=\"font-weight: 400;\">La danse se pratique en groupe, g\u00e9n\u00e9ralement par quatre couples, sous la direction d\u2019un commandeur qui annonce les figures \u00e0 voix haute. La coordination, l\u2019\u00e9coute et la m\u00e9moire jouent un r\u00f4le central.<\/span><\/p><\/div>\n\t\t\t\t<\/div>\n\t\t\t\t\t\t\t<div class=\"elementor-accordion-item\">\n\t\t\t\t\t<div id=\"elementor-tab-title-2343\" class=\"elementor-tab-title\" data-tab=\"3\" role=\"button\" aria-controls=\"elementor-tab-content-2343\" aria-expanded=\"false\">\n\t\t\t\t\t\t\t\t\t\t\t\t\t<span class=\"elementor-accordion-icon elementor-accordion-icon-left\" aria-hidden=\"true\">\n\t\t\t\t\t\t\t\t\t\t\t\t\t\t\t<span class=\"elementor-accordion-icon-closed\"><i class=\"fas fa-plus\"><\/i><\/span>\n\t\t\t\t\t\t\t\t<span class=\"elementor-accordion-icon-opened\"><i class=\"fas fa-minus\"><\/i><\/span>\n\t\t\t\t\t\t\t\t\t\t\t\t\t\t<\/span>\n\t\t\t\t\t\t\t\t\t\t\t\t<a class=\"elementor-accordion-title\" tabindex=\"0\">Pourquoi le Quadrille est-il consid\u00e9r\u00e9 comme un patrimoine culturel ?<\/a>\n\t\t\t\t\t<\/div>\n\t\t\t\t\t<div id=\"elementor-tab-content-2343\" class=\"elementor-tab-content elementor-clearfix\" data-tab=\"3\" role=\"region\" aria-labelledby=\"elementor-tab-title-2343\"><p><span style=\"font-weight: 400;\">Parce qu\u2019il transmet une histoire collective, m\u00ealant musique, danse et oralit\u00e9, et qu\u2019il continue d\u2019\u00eatre pratiqu\u00e9 et enseign\u00e9 comme un \u00e9l\u00e9ment essentiel de l\u2019identit\u00e9 culturelle antillaise.<\/span><\/p><\/div>\n\t\t\t\t<\/div>\n\t\t\t\t\t\t\t\t<\/div>\n\t\t\t\t\t\t<\/div>\n\t\t\t\t<\/div>\n\t\t\t\t\t<\/div>\n\t\t<\/div>\n\t\t\t\t\t<\/div>\n\t\t<\/section>\n\t\t\t\t\t<\/div>\n\t\t<\/div>\n\t\t\t\t\t<\/div>\n\t\t<\/section>\n\t\t\t\t<\/div>\n\t\t","protected":false},"excerpt":{"rendered":"<p>Aux Antilles fran\u00e7aises, le Quadrille ne se limite pas \u00e0 une danse traditionnelle. Il constitue un marqueur culturel fort, un espace de transmission et un t\u00e9moignage vivant de l\u2019histoire sociale des territoires carib\u00e9ens. Pratiqu\u00e9 depuis plus d\u2019un si\u00e8cle en Guadeloupe et en Martinique, cet art chor\u00e9graphique illustre la capacit\u00e9 des soci\u00e9t\u00e9s antillaises \u00e0 transformer des [&hellip;]<\/p>\n","protected":false},"author":662,"featured_media":66941,"comment_status":"open","ping_status":"open","sticky":false,"template":"","format":"standard","meta":{"_acf_changed":false,"footnotes":""},"categories":[1468],"tags":[1545,808],"class_list":["post-66940","post","type-post","status-publish","format-standard","has-post-thumbnail","hentry","category-histoire-patrimoine","tag-guadeloupe-2","tag-martinique-fr"],"acf":[],"_links":{"self":[{"href":"https:\/\/richeskarayib.com\/fr\/wp-json\/wp\/v2\/posts\/66940","targetHints":{"allow":["GET"]}}],"collection":[{"href":"https:\/\/richeskarayib.com\/fr\/wp-json\/wp\/v2\/posts"}],"about":[{"href":"https:\/\/richeskarayib.com\/fr\/wp-json\/wp\/v2\/types\/post"}],"author":[{"embeddable":true,"href":"https:\/\/richeskarayib.com\/fr\/wp-json\/wp\/v2\/users\/662"}],"replies":[{"embeddable":true,"href":"https:\/\/richeskarayib.com\/fr\/wp-json\/wp\/v2\/comments?post=66940"}],"version-history":[{"count":0,"href":"https:\/\/richeskarayib.com\/fr\/wp-json\/wp\/v2\/posts\/66940\/revisions"}],"wp:featuredmedia":[{"embeddable":true,"href":"https:\/\/richeskarayib.com\/fr\/wp-json\/wp\/v2\/media\/66941"}],"wp:attachment":[{"href":"https:\/\/richeskarayib.com\/fr\/wp-json\/wp\/v2\/media?parent=66940"}],"wp:term":[{"taxonomy":"category","embeddable":true,"href":"https:\/\/richeskarayib.com\/fr\/wp-json\/wp\/v2\/categories?post=66940"},{"taxonomy":"post_tag","embeddable":true,"href":"https:\/\/richeskarayib.com\/fr\/wp-json\/wp\/v2\/tags?post=66940"}],"curies":[{"name":"wp","href":"https:\/\/api.w.org\/{rel}","templated":true}]}}