{"id":67171,"date":"2025-12-29T12:00:16","date_gmt":"2025-12-29T16:00:16","guid":{"rendered":"https:\/\/richeskarayib.com\/?p=67171"},"modified":"2025-12-29T12:52:57","modified_gmt":"2025-12-29T16:52:57","slug":"rencontre-monde-economique-medef-martinique","status":"publish","type":"post","link":"https:\/\/richeskarayib.com\/fr\/rencontre-monde-economique-medef-martinique\/","title":{"rendered":"MEDEF Martinique- La Rencontre du Monde \u00c9conomique"},"content":{"rendered":"\t\t<div data-elementor-type=\"wp-post\" data-elementor-id=\"67171\" class=\"elementor elementor-67171\" data-elementor-post-type=\"post\">\n\t\t\t\t\t\t<section class=\"elementor-section elementor-top-section elementor-element elementor-element-7ca7ca1 elementor-section-boxed elementor-section-height-default elementor-section-height-default\" data-id=\"7ca7ca1\" data-element_type=\"section\">\n\t\t\t\t\t\t<div class=\"elementor-container elementor-column-gap-default\">\n\t\t\t\t\t<div class=\"elementor-column elementor-col-100 elementor-top-column elementor-element elementor-element-cbdd002\" data-id=\"cbdd002\" data-element_type=\"column\">\n\t\t\t<div class=\"elementor-widget-wrap elementor-element-populated\">\n\t\t\t\t\t\t<section class=\"elementor-section elementor-inner-section elementor-element elementor-element-bc94849 elementor-section-boxed elementor-section-height-default elementor-section-height-default\" data-id=\"bc94849\" data-element_type=\"section\">\n\t\t\t\t\t\t<div class=\"elementor-container elementor-column-gap-default\">\n\t\t\t\t\t\t<\/div>\n\t\t<\/section>\n\t\t\t\t<section class=\"elementor-section elementor-inner-section elementor-element elementor-element-61571e6 elementor-section-boxed elementor-section-height-default elementor-section-height-default\" data-id=\"61571e6\" data-element_type=\"section\">\n\t\t\t\t\t\t<div class=\"elementor-container elementor-column-gap-default\">\n\t\t\t\t\t\t<\/div>\n\t\t<\/section>\n\t\t\t\t<section class=\"elementor-section elementor-inner-section elementor-element elementor-element-b6262e0 elementor-section-boxed elementor-section-height-default elementor-section-height-default\" data-id=\"b6262e0\" data-element_type=\"section\">\n\t\t\t\t\t\t<div class=\"elementor-container elementor-column-gap-default\">\n\t\t\t\t\t\t<\/div>\n\t\t<\/section>\n\t\t\t\t<section class=\"elementor-section elementor-inner-section elementor-element elementor-element-cca29fd elementor-section-boxed elementor-section-height-default elementor-section-height-default\" data-id=\"cca29fd\" data-element_type=\"section\">\n\t\t\t\t\t\t<div class=\"elementor-container elementor-column-gap-default\">\n\t\t\t\t\t\t<\/div>\n\t\t<\/section>\n\t\t\t\t\t<\/div>\n\t\t<\/div>\n\t\t\t\t\t<\/div>\n\t\t<\/section>\n\t\t\t\t<section class=\"elementor-section elementor-top-section elementor-element elementor-element-ee72354 elementor-section-boxed elementor-section-height-default elementor-section-height-default\" data-id=\"ee72354\" data-element_type=\"section\">\n\t\t\t\t\t\t<div class=\"elementor-container elementor-column-gap-default\">\n\t\t\t\t\t<div class=\"elementor-column elementor-col-100 elementor-top-column elementor-element elementor-element-c59d6fe\" data-id=\"c59d6fe\" data-element_type=\"column\">\n\t\t\t<div class=\"elementor-widget-wrap elementor-element-populated\">\n\t\t\t\t\t\t<section class=\"elementor-section elementor-inner-section elementor-element elementor-element-5bd9e93 elementor-section-boxed elementor-section-height-default elementor-section-height-default\" data-id=\"5bd9e93\" data-element_type=\"section\">\n\t\t\t\t\t\t<div class=\"elementor-container elementor-column-gap-default\">\n\t\t\t\t\t<div class=\"elementor-column elementor-col-50 elementor-inner-column elementor-element elementor-element-6b2551c\" data-id=\"6b2551c\" data-element_type=\"column\">\n\t\t\t<div class=\"elementor-widget-wrap elementor-element-populated\">\n\t\t\t\t\t\t<div class=\"elementor-element elementor-element-e57451f elementor-widget elementor-widget-text-editor\" data-id=\"e57451f\" data-element_type=\"widget\" data-widget_type=\"text-editor.default\">\n\t\t\t\t<div class=\"elementor-widget-container\">\n\t\t\t\t\t\t\t\t\t<p><span style=\"font-weight: 400;\">Dans un contexte marqu\u00e9 par les tensions \u00e9conomiques, les transitions acc\u00e9l\u00e9r\u00e9es, la <a href=\"https:\/\/richeskarayib.com\/fr\/cecile-vernant-artiste-multimedium-martinique\/\" target=\"_blank\" rel=\"noopener\">Martinique<\/a> s\u2019interroge sur sa capacit\u00e9 \u00e0 rester attractive, cr\u00e9dible et d\u00e9sirable. Attractive pour les investisseurs, pour les entrepreneurs, pour les talents, mais aussi pour sa propre jeunesse, appel\u00e9e \u00e0 choisir entre partir, rester ou revenir.<\/span><\/p><p><span style=\"font-weight: 400;\">C\u2019est autour de ces enjeux que s\u2019est tenue la troisi\u00e8me \u00e9dition de La Rencontre du Monde \u00c9conomique, organis\u00e9e par le <a href=\"https:\/\/www.medef-martinique.fr\/\" target=\"_blank\" rel=\"noopener nofollow\">MEDEF Martinique<\/a>. Une matin\u00e9e de d\u00e9bats structur\u00e9e en cinq panels, o\u00f9 \u00e9lus, chefs d\u2019entreprise, institutions, acteurs de la formation et jeunes ont confront\u00e9 leurs visions d\u2019un territoire \u00e0 un moment charni\u00e8re de sa transformation \u00e9conomique.<\/span><\/p>\t\t\t\t\t\t\t\t<\/div>\n\t\t\t\t<\/div>\n\t\t\t\t<div class=\"elementor-element elementor-element-0c2572b elementor-widget elementor-widget-text-editor\" data-id=\"0c2572b\" data-element_type=\"widget\" data-widget_type=\"text-editor.default\">\n\t\t\t\t<div class=\"elementor-widget-container\">\n\t\t\t\t\t\t\t\t\t<p>\u00a0<\/p><p><span style=\"font-weight: 400;\">Au fil des \u00e9changes, une conviction s\u2019impose : l\u2019attractivit\u00e9 ne se r\u00e9sume plus \u00e0 des dispositifs fiscaux ou \u00e0 des incitations ponctuelles. Elle se construit dans la dur\u00e9e, \u00e0 l\u2019intersection de la stabilit\u00e9 institutionnelle, de la qualit\u00e9 des infrastructures, de la connectivit\u00e9 a\u00e9rienne et maritime, de la s\u00e9curit\u00e9, de la capacit\u00e9 \u00e0 produire localement\u2026 et surtout de la mani\u00e8re dont un territoire donne envie de s\u2019y projeter.<\/span><\/p><p><span style=\"font-weight: 400;\">De la comp\u00e9titivit\u00e9 des entreprises \u00e0 la transition \u00e9nerg\u00e9tique, de l\u2019intelligence artificielle \u00e0 la formation des comp\u00e9tences, de la logistique au tourisme, cette Rencontre du Monde \u00c9conomique a mis en lumi\u00e8re une question centrale : <\/span><b>quelle Martinique voulons-nous rendre attractive, et pour qui ?<\/b><\/p>\t\t\t\t\t\t\t\t<\/div>\n\t\t\t\t<\/div>\n\t\t\t\t<div class=\"elementor-element elementor-element-ec85b5d elementor-widget elementor-widget-text-editor\" data-id=\"ec85b5d\" data-element_type=\"widget\" data-widget_type=\"text-editor.default\">\n\t\t\t\t<div class=\"elementor-widget-container\">\n\t\t\t\t\t\t\t\t\t<p><span style=\"font-weight: 400;\">En ouverture de cette troisi\u00e8me \u00e9dition, <\/span><b>Catherine Rodap<\/b><span style=\"font-weight: 400;\">, pr\u00e9sidente du <a href=\"https:\/\/medef-martinique.fr\/2%E1%B5%89-edition-de-la-Rencontre-du\" target=\"_blank\" rel=\"noopener nofollow\">MEDEF Martinique<\/a>, a pos\u00e9 un cadre clair, \u00e0 la fois politique et \u00e9conomique. Refusant toute posture de renoncement, elle a rappel\u00e9 que la mobilisation des acteurs \u00e9conomiques traduisait une r\u00e9alit\u00e9 forte : l\u2019\u00e9conomie martiniquaise tient, mais au prix d\u2019une r\u00e9silience pouss\u00e9e \u00e0 l\u2019extr\u00eame. Une situation qu\u2019elle juge intenable dans la dur\u00e9e. <\/span><\/p><p><span style=\"font-weight: 400;\">Pour elle, la Martinique se trouve \u00e0 un moment charni\u00e8re, o\u00f9 les choix \u2014 ou les non-choix \u2014 p\u00e8seront durablement sur la comp\u00e9titivit\u00e9 des entreprises, l\u2019emploi, l\u2019attractivit\u00e9 du territoire et la capacit\u00e9 de la jeunesse \u00e0 s\u2019y projeter.<\/span><\/p><p><span style=\"font-weight: 400;\">\u00ab <\/span><b>La r\u00e9silience ne peut pas \u00eatre un projet de soci\u00e9t\u00e9.<\/b><span style=\"font-weight: 400;\"> \u00bb<\/span><\/p>\t\t\t\t\t\t\t\t<\/div>\n\t\t\t\t<\/div>\n\t\t\t\t\t<\/div>\n\t\t<\/div>\n\t\t\t\t<div class=\"elementor-column elementor-col-50 elementor-inner-column elementor-element elementor-element-816e916\" data-id=\"816e916\" data-element_type=\"column\">\n\t\t\t<div class=\"elementor-widget-wrap elementor-element-populated\">\n\t\t\t\t\t\t<div class=\"elementor-element elementor-element-65ce18a elementor-widget elementor-widget-image\" data-id=\"65ce18a\" data-element_type=\"widget\" data-widget_type=\"image.default\">\n\t\t\t\t<div class=\"elementor-widget-container\">\n\t\t\t\t\t\t\t\t\t\t\t\t\t\t\t<img fetchpriority=\"high\" decoding=\"async\" width=\"473\" height=\"1024\" src=\"https:\/\/richeskarayib.com\/wp-content\/uploads\/2025\/12\/MEDEF-473x1024.jpeg\" class=\"attachment-large size-large wp-image-67180\" alt=\"MEDEF\" srcset=\"https:\/\/richeskarayib.com\/wp-content\/uploads\/2025\/12\/MEDEF-473x1024.jpeg 473w, https:\/\/richeskarayib.com\/wp-content\/uploads\/2025\/12\/MEDEF-139x300.jpeg 139w, https:\/\/richeskarayib.com\/wp-content\/uploads\/2025\/12\/MEDEF.jpeg 591w\" sizes=\"(max-width: 473px) 100vw, 473px\" \/>\t\t\t\t\t\t\t\t\t\t\t\t\t\t\t<\/div>\n\t\t\t\t<\/div>\n\t\t\t\t\t<\/div>\n\t\t<\/div>\n\t\t\t\t\t<\/div>\n\t\t<\/section>\n\t\t\t\t\t<\/div>\n\t\t<\/div>\n\t\t\t\t\t<\/div>\n\t\t<\/section>\n\t\t\t\t<section class=\"elementor-section elementor-top-section elementor-element elementor-element-82cd8f9 elementor-section-boxed elementor-section-height-default elementor-section-height-default\" data-id=\"82cd8f9\" data-element_type=\"section\">\n\t\t\t\t\t\t<div class=\"elementor-container elementor-column-gap-default\">\n\t\t\t\t\t<div class=\"elementor-column elementor-col-100 elementor-top-column elementor-element elementor-element-0bfdc38\" data-id=\"0bfdc38\" data-element_type=\"column\">\n\t\t\t<div class=\"elementor-widget-wrap elementor-element-populated\">\n\t\t\t\t\t\t<div class=\"elementor-element elementor-element-7d292fe elementor-widget elementor-widget-heading\" data-id=\"7d292fe\" data-element_type=\"widget\" data-widget_type=\"heading.default\">\n\t\t\t\t<div class=\"elementor-widget-container\">\n\t\t\t\t\t<h2 class=\"elementor-heading-title elementor-size-default\">Panel 1 \u2013 Regards institutionnels<\/h2>\t\t\t\t<\/div>\n\t\t\t\t<\/div>\n\t\t\t\t<div class=\"elementor-element elementor-element-8e337bf elementor-widget elementor-widget-text-editor\" data-id=\"8e337bf\" data-element_type=\"widget\" data-widget_type=\"text-editor.default\">\n\t\t\t\t<div class=\"elementor-widget-container\">\n\t\t\t\t\t\t\t\t\t<h3><b>Stabiliser et transformer l\u2019\u00e9conomie martiniquaise<\/b><\/h3><p><span style=\"font-weight: 400;\">Ce premier panel donne le cadre politique et institutionnel de la Rencontre du Monde \u00c9conomique 2025. Une s\u00e9quence dense, parfois frontale, o\u00f9 les \u00e9lus nationaux et territoriaux dressent un constat lucide : la Martinique dispose d\u2019atouts diff\u00e9renciants dans son environnement carib\u00e9en, mais son d\u00e9veloppement reste frein\u00e9 par l\u2019instabilit\u00e9 des r\u00e8gles, la lourdeur administrative et un mod\u00e8le \u00e9conomique arriv\u00e9 \u00e0 bout de souffle.<\/span><\/p>\t\t\t\t\t\t\t\t<\/div>\n\t\t\t\t<\/div>\n\t\t\t\t<div class=\"elementor-element elementor-element-2905651 elementor-widget elementor-widget-text-editor\" data-id=\"2905651\" data-element_type=\"widget\" data-widget_type=\"text-editor.default\">\n\t\t\t\t<div class=\"elementor-widget-container\">\n\t\t\t\t\t\t\t\t\t<p><span style=\"font-weight: 400;\">Pour <strong>Alexandre Ventadour<\/strong>, \u00e9lu territorial et pr\u00e9sident de la commission Attractivit\u00e9, D\u00e9veloppement \u00e9conomique, Num\u00e9rique et Tourisme, la Martinique conserve une singularit\u00e9 strat\u00e9gique. Stabilit\u00e9 institutionnelle, dispositifs fiscaux, acc\u00e8s au financement et position g\u00e9ostrat\u00e9gique constituent encore des leviers d\u2019investissement, \u00e0 condition d\u2019assumer un changement de paradigme. Le territoire ne peut plus se penser uniquement comme une extension \u00e9conomique de l\u2019Hexagone, mais comme un espace capable de produire, d\u2019exporter et de b\u00e2tir des souverainet\u00e9s, notamment alimentaires.<\/span><\/p><p><span style=\"font-weight: 400;\">\u00ab \u00catre en Martinique en ce moment, c\u2019est aussi \u00eatre \u00e0 l\u2019endroit o\u00f9 on reb\u00e2tit un nouveau syst\u00e8me \u00e9conomique. \u00bb\u2014 Alexandre Ventadour <\/span><\/p>\t\t\t\t\t\t\t\t<\/div>\n\t\t\t\t<\/div>\n\t\t\t\t<section class=\"elementor-section elementor-inner-section elementor-element elementor-element-41f3ed6 elementor-section-boxed elementor-section-height-default elementor-section-height-default\" data-id=\"41f3ed6\" data-element_type=\"section\">\n\t\t\t\t\t\t<div class=\"elementor-container elementor-column-gap-default\">\n\t\t\t\t\t<div class=\"elementor-column elementor-col-100 elementor-inner-column elementor-element elementor-element-227cd8a\" data-id=\"227cd8a\" data-element_type=\"column\">\n\t\t\t<div class=\"elementor-widget-wrap elementor-element-populated\">\n\t\t\t\t\t\t<div class=\"elementor-element elementor-element-1e0dc4a elementor-widget elementor-widget-image\" data-id=\"1e0dc4a\" data-element_type=\"widget\" data-widget_type=\"image.default\">\n\t\t\t\t<div class=\"elementor-widget-container\">\n\t\t\t\t\t\t\t\t\t\t\t\t\t\t\t<img decoding=\"async\" width=\"750\" height=\"1024\" src=\"https:\/\/richeskarayib.com\/wp-content\/uploads\/2025\/12\/Alexandre-Ventadour-elu-territorial-et-president-de-la-commission-Attractivite-Developpement-economique-Numerique-et-Tourisme-750x1024.jpg\" class=\"attachment-large size-large wp-image-67184\" alt=\"MEDEF\" srcset=\"https:\/\/richeskarayib.com\/wp-content\/uploads\/2025\/12\/Alexandre-Ventadour-elu-territorial-et-president-de-la-commission-Attractivite-Developpement-economique-Numerique-et-Tourisme-750x1024.jpg 750w, https:\/\/richeskarayib.com\/wp-content\/uploads\/2025\/12\/Alexandre-Ventadour-elu-territorial-et-president-de-la-commission-Attractivite-Developpement-economique-Numerique-et-Tourisme-220x300.jpg 220w, https:\/\/richeskarayib.com\/wp-content\/uploads\/2025\/12\/Alexandre-Ventadour-elu-territorial-et-president-de-la-commission-Attractivite-Developpement-economique-Numerique-et-Tourisme-768x1048.jpg 768w, https:\/\/richeskarayib.com\/wp-content\/uploads\/2025\/12\/Alexandre-Ventadour-elu-territorial-et-president-de-la-commission-Attractivite-Developpement-economique-Numerique-et-Tourisme-1126x1536.jpg 1126w, https:\/\/richeskarayib.com\/wp-content\/uploads\/2025\/12\/Alexandre-Ventadour-elu-territorial-et-president-de-la-commission-Attractivite-Developpement-economique-Numerique-et-Tourisme-1320x1801.jpg 1320w, https:\/\/richeskarayib.com\/wp-content\/uploads\/2025\/12\/Alexandre-Ventadour-elu-territorial-et-president-de-la-commission-Attractivite-Developpement-economique-Numerique-et-Tourisme.jpg 1407w\" sizes=\"(max-width: 750px) 100vw, 750px\" \/>\t\t\t\t\t\t\t\t\t\t\t\t\t\t\t<\/div>\n\t\t\t\t<\/div>\n\t\t\t\t\t<\/div>\n\t\t<\/div>\n\t\t\t\t\t<\/div>\n\t\t<\/section>\n\t\t\t\t<div class=\"elementor-element elementor-element-de3ddd9 elementor-widget elementor-widget-text-editor\" data-id=\"de3ddd9\" data-element_type=\"widget\" data-widget_type=\"text-editor.default\">\n\t\t\t\t<div class=\"elementor-widget-container\">\n\t\t\t\t\t\t\t\t\t<p><span style=\"font-weight: 400;\">La s\u00e9natrice Catherine Conconne introduit une tonalit\u00e9 plus critique, ancr\u00e9e dans la r\u00e9alit\u00e9 quotidienne des chefs d\u2019entreprise. Elle pointe l\u2019instabilit\u00e9 permanente des dispositifs \u00e9conomiques, en particulier LODEOM, et d\u00e9nonce un d\u00e9calage profond entre les discours institutionnels et les obstacles concrets rencontr\u00e9s par les investisseurs. Si la <a href=\"https:\/\/richeskarayib.com\/fr\/martinique-voix-kalinago-fondation-clement\/\" target=\"_blank\" rel=\"noopener\">Martinique<\/a> b\u00e9n\u00e9ficie d\u2019un \u00c9tat de droit s\u00e9curisant \u2014 un avantage comparatif r\u00e9el dans la Cara\u00efbe \u2014 elle souffre, selon elle, d\u2019un exc\u00e8s de proc\u00e9dures, de lenteurs et d\u2019un d\u00e9ni collectif face \u00e0 l\u2019ampleur des blocages.<\/span><\/p><p><span style=\"font-weight: 400;\">\u00ab Sortons du d\u00e9ni et affrontons la r\u00e9alit\u00e9 avec de vraies lunettes. \u00bb\u2014 Catherine Conconne <\/span><\/p>\t\t\t\t\t\t\t\t<\/div>\n\t\t\t\t<\/div>\n\t\t\t\t<div class=\"elementor-element elementor-element-18d4098 elementor-widget elementor-widget-image\" data-id=\"18d4098\" data-element_type=\"widget\" data-widget_type=\"image.default\">\n\t\t\t\t<div class=\"elementor-widget-container\">\n\t\t\t\t\t\t\t\t\t\t\t\t\t\t\t<img decoding=\"async\" width=\"800\" height=\"999\" src=\"https:\/\/richeskarayib.com\/wp-content\/uploads\/2025\/12\/senatrice-Catherine-Conconne-820x1024.jpg\" class=\"attachment-large size-large wp-image-67188\" alt=\"MEDEF\" srcset=\"https:\/\/richeskarayib.com\/wp-content\/uploads\/2025\/12\/senatrice-Catherine-Conconne-820x1024.jpg 820w, https:\/\/richeskarayib.com\/wp-content\/uploads\/2025\/12\/senatrice-Catherine-Conconne-240x300.jpg 240w, https:\/\/richeskarayib.com\/wp-content\/uploads\/2025\/12\/senatrice-Catherine-Conconne-768x959.jpg 768w, https:\/\/richeskarayib.com\/wp-content\/uploads\/2025\/12\/senatrice-Catherine-Conconne-1230x1536.jpg 1230w, https:\/\/richeskarayib.com\/wp-content\/uploads\/2025\/12\/senatrice-Catherine-Conconne-1320x1649.jpg 1320w, https:\/\/richeskarayib.com\/wp-content\/uploads\/2025\/12\/senatrice-Catherine-Conconne.jpg 1537w\" sizes=\"(max-width: 800px) 100vw, 800px\" \/>\t\t\t\t\t\t\t\t\t\t\t\t\t\t\t<\/div>\n\t\t\t\t<\/div>\n\t\t\t\t<div class=\"elementor-element elementor-element-02e96fc elementor-widget elementor-widget-text-editor\" data-id=\"02e96fc\" data-element_type=\"widget\" data-widget_type=\"text-editor.default\">\n\t\t\t\t<div class=\"elementor-widget-container\">\n\t\t\t\t\t\t\t\t\t<p><span style=\"font-weight: 400;\">La d\u00e9put\u00e9e B\u00e9atrice Bellay replace le d\u00e9bat dans un contexte budg\u00e9taire et macro\u00e9conomique contraint. Elle rappelle la fragilit\u00e9 des \u00e9conomies ultramarines face aux arbitrages de l\u2019\u00c9tat et plaide pour une r\u00e9forme structurelle des dispositifs existants, afin de les rendre plus lisibles et plus efficaces. Pour elle, la stabilisation de l\u2019\u00e9conomie martiniquaise passe par une v\u00e9ritable planification, une meilleure int\u00e9gration r\u00e9gionale et une remise en question des mod\u00e8les \u00e9conomiques locaux, afin de cr\u00e9er des emplois mieux r\u00e9mun\u00e9r\u00e9s et durables.<\/span><\/p><p><span style=\"font-weight: 400;\">\u00ab Nos tissus \u00e9conomiques et sociaux sont fragiles. Ils m\u00e9ritent une attention particuli\u00e8re. \u00bb\u2014 B\u00e9atrice Bellay <\/span><\/p>\t\t\t\t\t\t\t\t<\/div>\n\t\t\t\t<\/div>\n\t\t\t\t<div class=\"elementor-element elementor-element-866e231 elementor-widget elementor-widget-text-editor\" data-id=\"866e231\" data-element_type=\"widget\" data-widget_type=\"text-editor.default\">\n\t\t\t\t<div class=\"elementor-widget-container\">\n\t\t\t\t\t\t\t\t\t<p><span style=\"font-weight: 400;\">Enfin, le d\u00e9put\u00e9 Giovanni William insiste sur la difficult\u00e9 persistante \u00e0 faire entendre les r\u00e9alit\u00e9s martiniquaises au niveau national. Entre \u00e9volutions l\u00e9gislatives permanentes et empilement normatif, les entreprises \u00e9voluent dans un climat d\u2019incertitude peu propice \u00e0 l\u2019investissement. Il appelle \u00e0 un v\u00e9ritable choc de simplification et \u00e0 une adaptation plus fine des lois aux r\u00e9alit\u00e9s \u00e9conomiques du territoire.<\/span><\/p>\n<p><span style=\"font-weight: 400;\">\u00ab Il faut un choc de simplification. On en parle depuis des ann\u00e9es, mais on ne le fait pas. \u00bb <\/span><span style=\"font-weight: 400;\">\u2014 Giovanni William <\/span><\/p>\t\t\t\t\t\t\t\t<\/div>\n\t\t\t\t<\/div>\n\t\t\t\t<div class=\"elementor-element elementor-element-7156ae8 elementor-widget elementor-widget-image\" data-id=\"7156ae8\" data-element_type=\"widget\" data-widget_type=\"image.default\">\n\t\t\t\t<div class=\"elementor-widget-container\">\n\t\t\t\t\t\t\t\t\t\t\t\t\t\t\t<img loading=\"lazy\" decoding=\"async\" width=\"665\" height=\"1024\" src=\"https:\/\/richeskarayib.com\/wp-content\/uploads\/2025\/12\/Giovanni-William-665x1024.jpg\" class=\"attachment-large size-large wp-image-67192\" alt=\"MEDEF\" srcset=\"https:\/\/richeskarayib.com\/wp-content\/uploads\/2025\/12\/Giovanni-William-665x1024.jpg 665w, https:\/\/richeskarayib.com\/wp-content\/uploads\/2025\/12\/Giovanni-William-195x300.jpg 195w, https:\/\/richeskarayib.com\/wp-content\/uploads\/2025\/12\/Giovanni-William-768x1183.jpg 768w, https:\/\/richeskarayib.com\/wp-content\/uploads\/2025\/12\/Giovanni-William-997x1536.jpg 997w, https:\/\/richeskarayib.com\/wp-content\/uploads\/2025\/12\/Giovanni-William.jpg 1246w\" sizes=\"(max-width: 665px) 100vw, 665px\" \/>\t\t\t\t\t\t\t\t\t\t\t\t\t\t\t<\/div>\n\t\t\t\t<\/div>\n\t\t\t\t<div class=\"elementor-element elementor-element-d65bcb3 elementor-widget elementor-widget-text-editor\" data-id=\"d65bcb3\" data-element_type=\"widget\" data-widget_type=\"text-editor.default\">\n\t\t\t\t<div class=\"elementor-widget-container\">\n\t\t\t\t\t\t\t\t\t<p><b>Ce premier panel pose ainsi un socle clair<\/b><span style=\"font-weight: 400;\"> : la transformation de l\u2019\u00e9conomie martiniquaise ne pourra se faire sans stabilit\u00e9, lisibilit\u00e9 et rupture assum\u00e9e avec certains r\u00e9flexes institutionnels. La question n\u2019est plus seulement d\u2019attirer l\u2019investissement, mais de cr\u00e9er les conditions d\u2019une valeur ajout\u00e9e durable, ancr\u00e9e dans le territoire et ouverte sur la Cara\u00efbe.<\/span><\/p>\t\t\t\t\t\t\t\t<\/div>\n\t\t\t\t<\/div>\n\t\t\t\t<section class=\"elementor-section elementor-inner-section elementor-element elementor-element-c582330 elementor-section-boxed elementor-section-height-default elementor-section-height-default\" data-id=\"c582330\" data-element_type=\"section\">\n\t\t\t\t\t\t<div class=\"elementor-container elementor-column-gap-default\">\n\t\t\t\t\t\t<\/div>\n\t\t<\/section>\n\t\t\t\t<section class=\"elementor-section elementor-inner-section elementor-element elementor-element-296603a elementor-section-boxed elementor-section-height-default elementor-section-height-default\" data-id=\"296603a\" data-element_type=\"section\">\n\t\t\t\t\t\t<div class=\"elementor-container elementor-column-gap-default\">\n\t\t\t\t\t\t<\/div>\n\t\t<\/section>\n\t\t\t\t\t<\/div>\n\t\t<\/div>\n\t\t\t\t\t<\/div>\n\t\t<\/section>\n\t\t\t\t<section class=\"elementor-section elementor-top-section elementor-element elementor-element-5a7397d elementor-section-boxed elementor-section-height-default elementor-section-height-default\" data-id=\"5a7397d\" data-element_type=\"section\">\n\t\t\t\t\t\t<div class=\"elementor-container elementor-column-gap-default\">\n\t\t\t\t\t<div class=\"elementor-column elementor-col-100 elementor-top-column elementor-element elementor-element-8b33b4b\" data-id=\"8b33b4b\" data-element_type=\"column\">\n\t\t\t<div class=\"elementor-widget-wrap elementor-element-populated\">\n\t\t\t\t\t\t<div class=\"elementor-element elementor-element-89dac4b elementor-widget elementor-widget-heading\" data-id=\"89dac4b\" data-element_type=\"widget\" data-widget_type=\"heading.default\">\n\t\t\t\t<div class=\"elementor-widget-container\">\n\t\t\t\t\t<h2 class=\"elementor-heading-title elementor-size-default\">Panel 2 \u2013 Co\u00fbts structurels, LODEOM &amp; fiscalit\u00e9 Outre-mer<\/h2>\t\t\t\t<\/div>\n\t\t\t\t<\/div>\n\t\t\t\t<div class=\"elementor-element elementor-element-43a45ac elementor-widget elementor-widget-text-editor\" data-id=\"43a45ac\" data-element_type=\"widget\" data-widget_type=\"text-editor.default\">\n\t\t\t\t<div class=\"elementor-widget-container\">\n\t\t\t\t\t\t\t\t\t<h3><b>Quelle stabilit\u00e9 pour 2026 ?<\/b><\/h3><p><span style=\"font-weight: 400;\">Ce deuxi\u00e8me panel entre dans le dur des r\u00e9alit\u00e9s \u00e9conomiques martiniquaises : <\/span><b>les co\u00fbts structurels<\/b><span style=\"font-weight: 400;\">, souvent invoqu\u00e9s mais rarement document\u00e9s avec autant de pr\u00e9cision. D\u2019embl\u00e9e, le diagnostic pos\u00e9 est clair : l\u2019insularit\u00e9, la d\u00e9pendance aux importations, la taille r\u00e9duite du march\u00e9 et la faible diversification productive constituent des handicaps durables, impossibles \u00e0 effacer totalement, mais dont les effets peuvent \u00eatre att\u00e9nu\u00e9s par des choix cibl\u00e9s.<\/span><\/p>\t\t\t\t\t\t\t\t<\/div>\n\t\t\t\t<\/div>\n\t\t\t\t<div class=\"elementor-element elementor-element-010e52d elementor-widget elementor-widget-text-editor\" data-id=\"010e52d\" data-element_type=\"widget\" data-widget_type=\"text-editor.default\">\n\t\t\t\t<div class=\"elementor-widget-container\">\n\t\t\t\t\t\t\t\t\t<p><span style=\"font-weight: 400;\">Pour <\/span><b>Patrick Croissandeau<\/b><span style=\"font-weight: 400;\">, directeur de l\u2019IEDOM, ces contraintes ont des traductions tr\u00e8s concr\u00e8tes sur la comp\u00e9titivit\u00e9 des entreprises. Besoins en fonds de roulement plus \u00e9lev\u00e9s, marges r\u00e9duites, valeur ajout\u00e9e plus faible, co\u00fbt du financement sup\u00e9rieur \u00e0 l\u2019Hexagone : l\u2019\u00e9conomie martiniquaise supporte un surco\u00fbt syst\u00e9mique qui p\u00e8se sur la cr\u00e9ation de richesse.<\/span><\/p><p><span style=\"font-weight: 400;\">\u00ab Nous importons pr\u00e8s de 80 % de nos biens de consommation, ce qui alourdit durablement les co\u00fbts logistiques et financiers des entreprises. \u00bb <\/span><\/p>\t\t\t\t\t\t\t\t<\/div>\n\t\t\t\t<\/div>\n\t\t\t\t<section class=\"elementor-section elementor-inner-section elementor-element elementor-element-eb8d762 elementor-section-boxed elementor-section-height-default elementor-section-height-default\" data-id=\"eb8d762\" data-element_type=\"section\">\n\t\t\t\t\t\t<div class=\"elementor-container elementor-column-gap-default\">\n\t\t\t\t\t<div class=\"elementor-column elementor-col-100 elementor-inner-column elementor-element elementor-element-660ef56\" data-id=\"660ef56\" data-element_type=\"column\">\n\t\t\t<div class=\"elementor-widget-wrap elementor-element-populated\">\n\t\t\t\t\t\t<div class=\"elementor-element elementor-element-d589789 elementor-widget elementor-widget-image\" data-id=\"d589789\" data-element_type=\"widget\" data-widget_type=\"image.default\">\n\t\t\t\t<div class=\"elementor-widget-container\">\n\t\t\t\t\t\t\t\t\t\t\t\t\t\t\t<img loading=\"lazy\" decoding=\"async\" width=\"800\" height=\"845\" src=\"https:\/\/richeskarayib.com\/wp-content\/uploads\/2025\/12\/Patrick-Croissandeau-directeur-de-lIEDOM-969x1024.jpg\" class=\"attachment-large size-large wp-image-67196\" alt=\"MEDEF\" srcset=\"https:\/\/richeskarayib.com\/wp-content\/uploads\/2025\/12\/Patrick-Croissandeau-directeur-de-lIEDOM-969x1024.jpg 969w, https:\/\/richeskarayib.com\/wp-content\/uploads\/2025\/12\/Patrick-Croissandeau-directeur-de-lIEDOM-284x300.jpg 284w, https:\/\/richeskarayib.com\/wp-content\/uploads\/2025\/12\/Patrick-Croissandeau-directeur-de-lIEDOM-768x812.jpg 768w, https:\/\/richeskarayib.com\/wp-content\/uploads\/2025\/12\/Patrick-Croissandeau-directeur-de-lIEDOM-1453x1536.jpg 1453w, https:\/\/richeskarayib.com\/wp-content\/uploads\/2025\/12\/Patrick-Croissandeau-directeur-de-lIEDOM-1320x1396.jpg 1320w, https:\/\/richeskarayib.com\/wp-content\/uploads\/2025\/12\/Patrick-Croissandeau-directeur-de-lIEDOM.jpg 1816w\" sizes=\"(max-width: 800px) 100vw, 800px\" \/>\t\t\t\t\t\t\t\t\t\t\t\t\t\t\t<\/div>\n\t\t\t\t<\/div>\n\t\t\t\t\t<\/div>\n\t\t<\/div>\n\t\t\t\t\t<\/div>\n\t\t<\/section>\n\t\t\t\t<section class=\"elementor-section elementor-inner-section elementor-element elementor-element-9278e97 elementor-section-boxed elementor-section-height-default elementor-section-height-default\" data-id=\"9278e97\" data-element_type=\"section\">\n\t\t\t\t\t\t<div class=\"elementor-container elementor-column-gap-default\">\n\t\t\t\t\t<div class=\"elementor-column elementor-col-100 elementor-inner-column elementor-element elementor-element-9d35be4\" data-id=\"9d35be4\" data-element_type=\"column\">\n\t\t\t<div class=\"elementor-widget-wrap elementor-element-populated\">\n\t\t\t\t\t\t<div class=\"elementor-element elementor-element-4803d08 elementor-widget elementor-widget-text-editor\" data-id=\"4803d08\" data-element_type=\"widget\" data-widget_type=\"text-editor.default\">\n\t\t\t\t<div class=\"elementor-widget-container\">\n\t\t\t\t\t\t\t\t\t<p><span style=\"font-weight: 400;\">Face \u00e0 ce constat, <\/span><b>Sandra Casanova<\/b><span style=\"font-weight: 400;\">, <\/span><span style=\"font-weight: 400;\">Conseill\u00e8re \u00e0 l\u2019Assembl\u00e9e de Martinique. Pr\u00e9sidente de la commission Strat\u00e9gies logistiques du territoire &#8211; Politique de la recherche et de l\u2019innovation<\/span><span style=\"font-weight: 400;\">, propose un changement de focale : penser la logistique comme un levier strat\u00e9gique de transformation \u00e9conomique. Selon elle, la Martinique ne pourra devenir un territoire de production et d\u2019exportation sans un cadre r\u00e9glementaire adapt\u00e9, notamment via la mise en place d\u2019une <\/span><b>zone franche douani\u00e8re<\/b><span style=\"font-weight: 400;\"> r\u00e9ellement op\u00e9rationnelle, capable d\u2019attirer des activit\u00e9s industrielles cr\u00e9atrices de valeur ajout\u00e9e.<br \/>\u00ab La logistique, c\u2019est la politique industrielle silencieuse du d\u00e9veloppement \u00e9conomique. \u00bb\u00a0<br \/><\/span><\/p>\t\t\t\t\t\t\t\t<\/div>\n\t\t\t\t<\/div>\n\t\t\t\t<div class=\"elementor-element elementor-element-bb21b6b elementor-widget elementor-widget-image\" data-id=\"bb21b6b\" data-element_type=\"widget\" data-widget_type=\"image.default\">\n\t\t\t\t<div class=\"elementor-widget-container\">\n\t\t\t\t\t\t\t\t\t\t\t\t\t\t\t<img loading=\"lazy\" decoding=\"async\" width=\"661\" height=\"1024\" src=\"https:\/\/richeskarayib.com\/wp-content\/uploads\/2025\/12\/Sandra-Casanova-Conseillere-a-lAssemblee-de-Martinique-661x1024.jpg\" class=\"attachment-large size-large wp-image-67200\" alt=\"MEDEF\" srcset=\"https:\/\/richeskarayib.com\/wp-content\/uploads\/2025\/12\/Sandra-Casanova-Conseillere-a-lAssemblee-de-Martinique-661x1024.jpg 661w, https:\/\/richeskarayib.com\/wp-content\/uploads\/2025\/12\/Sandra-Casanova-Conseillere-a-lAssemblee-de-Martinique-194x300.jpg 194w, https:\/\/richeskarayib.com\/wp-content\/uploads\/2025\/12\/Sandra-Casanova-Conseillere-a-lAssemblee-de-Martinique-768x1190.jpg 768w, https:\/\/richeskarayib.com\/wp-content\/uploads\/2025\/12\/Sandra-Casanova-Conseillere-a-lAssemblee-de-Martinique-991x1536.jpg 991w, https:\/\/richeskarayib.com\/wp-content\/uploads\/2025\/12\/Sandra-Casanova-Conseillere-a-lAssemblee-de-Martinique.jpg 1239w\" sizes=\"(max-width: 661px) 100vw, 661px\" \/>\t\t\t\t\t\t\t\t\t\t\t\t\t\t\t<\/div>\n\t\t\t\t<\/div>\n\t\t\t\t<div class=\"elementor-element elementor-element-cca9e98 elementor-widget elementor-widget-text-editor\" data-id=\"cca9e98\" data-element_type=\"widget\" data-widget_type=\"text-editor.default\">\n\t\t\t\t<div class=\"elementor-widget-container\">\n\t\t\t\t\t\t\t\t\t<p><span style=\"font-weight: 400;\">Du c\u00f4t\u00e9 des entreprises, <\/span><b>Guillaume Gallet de Saint Aurin<\/b><span style=\"font-weight: 400;\">, vice-pr\u00e9sident de la FEDOM et g\u00e9rant de Sintorin, insiste sur un enjeu central : la <\/span><b>stabilit\u00e9 fiscale<\/b><span style=\"font-weight: 400;\">. Apr\u00e8s les menaces de rabot sur la LODEOM et l\u2019aide fiscale \u00e0 l\u2019investissement outre-mer, la mobilisation collective a permis d\u2019\u00e9viter un choc brutal pour les entreprises. Mais l\u2019enjeu reste entier pour 2026 : s\u00e9curiser les dispositifs, mieux les encadrer et pr\u00e9server les m\u00e9canismes favorisant l\u2019innovation et la mont\u00e9e en gamme.<\/span><\/p>\n<p><span style=\"font-weight: 400;\">\u00ab Les rabots envisag\u00e9s auraient \u00e9t\u00e9 cataclysmiques pour nos territoires et pour l\u2019emploi. \u00bb\u00a0<\/span><\/p>\t\t\t\t\t\t\t\t<\/div>\n\t\t\t\t<\/div>\n\t\t\t\t<div class=\"elementor-element elementor-element-d3b6617 elementor-widget elementor-widget-image\" data-id=\"d3b6617\" data-element_type=\"widget\" data-widget_type=\"image.default\">\n\t\t\t\t<div class=\"elementor-widget-container\">\n\t\t\t\t\t\t\t\t\t\t\t\t\t\t\t<img loading=\"lazy\" decoding=\"async\" width=\"800\" height=\"795\" src=\"https:\/\/richeskarayib.com\/wp-content\/uploads\/2025\/12\/Guillaume-Gallet-de-Saint-Aurin-vice-president-de-la-FEDOM-1024x1017.jpg\" class=\"attachment-large size-large wp-image-67204\" alt=\"MEDEF\" srcset=\"https:\/\/richeskarayib.com\/wp-content\/uploads\/2025\/12\/Guillaume-Gallet-de-Saint-Aurin-vice-president-de-la-FEDOM-1024x1017.jpg 1024w, https:\/\/richeskarayib.com\/wp-content\/uploads\/2025\/12\/Guillaume-Gallet-de-Saint-Aurin-vice-president-de-la-FEDOM-300x298.jpg 300w, https:\/\/richeskarayib.com\/wp-content\/uploads\/2025\/12\/Guillaume-Gallet-de-Saint-Aurin-vice-president-de-la-FEDOM-150x150.jpg 150w, https:\/\/richeskarayib.com\/wp-content\/uploads\/2025\/12\/Guillaume-Gallet-de-Saint-Aurin-vice-president-de-la-FEDOM-768x763.jpg 768w, https:\/\/richeskarayib.com\/wp-content\/uploads\/2025\/12\/Guillaume-Gallet-de-Saint-Aurin-vice-president-de-la-FEDOM-1536x1526.jpg 1536w, https:\/\/richeskarayib.com\/wp-content\/uploads\/2025\/12\/Guillaume-Gallet-de-Saint-Aurin-vice-president-de-la-FEDOM-1320x1311.jpg 1320w, https:\/\/richeskarayib.com\/wp-content\/uploads\/2025\/12\/Guillaume-Gallet-de-Saint-Aurin-vice-president-de-la-FEDOM.jpg 1848w\" sizes=\"(max-width: 800px) 100vw, 800px\" \/>\t\t\t\t\t\t\t\t\t\t\t\t\t\t\t<\/div>\n\t\t\t\t<\/div>\n\t\t\t\t<div class=\"elementor-element elementor-element-960072a elementor-widget elementor-widget-text-editor\" data-id=\"960072a\" data-element_type=\"widget\" data-widget_type=\"text-editor.default\">\n\t\t\t\t<div class=\"elementor-widget-container\">\n\t\t\t\t\t\t\t\t\t<p><span style=\"font-weight: 400;\">Enfin, <\/span><b>Franck Zameo<\/b><span style=\"font-weight: 400;\">, repr\u00e9sentant de la Chambre de commerce et d\u2019industrie de <a href=\"https:\/\/richeskarayib.com\/fr\/vol-direct-bordeaux-fort-de-france-corsair\/\" target=\"_blank\" rel=\"noopener\">Martinique<\/a>, rappelle que face \u00e0 ces contraintes structurelles, l\u2019accompagnement des entreprises est devenu un imp\u00e9ratif quotidien. Export, logistique, performance, num\u00e9rique, acc\u00e8s aux aides et pr\u00e9vention des difficult\u00e9s : la CCIM se positionne comme un amortisseur \u00e9conomique, au plus pr\u00e8s des r\u00e9alit\u00e9s du terrain.<\/span><\/p>\n<p><span style=\"font-weight: 400;\">\u00ab En 2024, la CCI Martinique a accompagn\u00e9 plus de 300 entreprises \u00e0 l\u2019export et \u00e0 la logistique export. \u00bb\u00a0<\/span><\/p>\t\t\t\t\t\t\t\t<\/div>\n\t\t\t\t<\/div>\n\t\t\t\t<div class=\"elementor-element elementor-element-d036b89 elementor-widget elementor-widget-text-editor\" data-id=\"d036b89\" data-element_type=\"widget\" data-widget_type=\"text-editor.default\">\n\t\t\t\t<div class=\"elementor-widget-container\">\n\t\t\t\t\t\t\t\t\t<p><b>Ce deuxi\u00e8me panel met ainsi en lumi\u00e8re un point cl\u00e9<\/b><span style=\"font-weight: 400;\"> : la comp\u00e9titivit\u00e9 des entreprises martiniquaises ne se jouera ni sur le d\u00e9ni des contraintes structurelles, ni sur des dispositifs instables, mais sur des politiques lisibles, cibl\u00e9es et pens\u00e9es \u00e0 long terme, capables de transformer ces handicaps en leviers de d\u00e9veloppement.<\/span><\/p>\t\t\t\t\t\t\t\t<\/div>\n\t\t\t\t<\/div>\n\t\t\t\t\t<\/div>\n\t\t<\/div>\n\t\t\t\t\t<\/div>\n\t\t<\/section>\n\t\t\t\t\t<\/div>\n\t\t<\/div>\n\t\t\t\t\t<\/div>\n\t\t<\/section>\n\t\t\t\t<section class=\"elementor-section elementor-top-section elementor-element elementor-element-ceca32c elementor-section-boxed elementor-section-height-default elementor-section-height-default\" data-id=\"ceca32c\" data-element_type=\"section\">\n\t\t\t\t\t\t<div class=\"elementor-container elementor-column-gap-default\">\n\t\t\t\t\t<div class=\"elementor-column elementor-col-100 elementor-top-column elementor-element elementor-element-5a2e383\" data-id=\"5a2e383\" data-element_type=\"column\">\n\t\t\t<div class=\"elementor-widget-wrap elementor-element-populated\">\n\t\t\t\t\t\t<div class=\"elementor-element elementor-element-6cedf5f elementor-widget elementor-widget-heading\" data-id=\"6cedf5f\" data-element_type=\"widget\" data-widget_type=\"heading.default\">\n\t\t\t\t<div class=\"elementor-widget-container\">\n\t\t\t\t\t<h2 class=\"elementor-heading-title elementor-size-default\">Panel 3 \u2013 Transformer les entreprises<\/h2>\t\t\t\t<\/div>\n\t\t\t\t<\/div>\n\t\t\t\t<section class=\"elementor-section elementor-inner-section elementor-element elementor-element-bc0026a elementor-section-boxed elementor-section-height-default elementor-section-height-default\" data-id=\"bc0026a\" data-element_type=\"section\">\n\t\t\t\t\t\t<div class=\"elementor-container elementor-column-gap-default\">\n\t\t\t\t\t<div class=\"elementor-column elementor-col-100 elementor-inner-column elementor-element elementor-element-420059a\" data-id=\"420059a\" data-element_type=\"column\">\n\t\t\t<div class=\"elementor-widget-wrap elementor-element-populated\">\n\t\t\t\t\t\t<div class=\"elementor-element elementor-element-99bfa51 elementor-widget elementor-widget-text-editor\" data-id=\"99bfa51\" data-element_type=\"widget\" data-widget_type=\"text-editor.default\">\n\t\t\t\t<div class=\"elementor-widget-container\">\n\t\t\t\t\t\t\t\t\t<h3><b>Num\u00e9rique, IA &amp; transition \u00e9nerg\u00e9tique<\/b><\/h3><p><span style=\"font-weight: 400;\">Ce troisi\u00e8me panel marque un basculement : celui des <\/span><b>leviers de transformation op\u00e9rationnels<\/b><span style=\"font-weight: 400;\"> des entreprises martiniquaises. Num\u00e9rique, intelligence artificielle et \u00e9nergie ne sont plus des horizons lointains, mais des outils d\u00e9j\u00e0 \u00e0 l\u2019\u0153uvre, m\u00eame si leur appropriation reste in\u00e9gale et parfois encore fragile.<\/span><\/p>\t\t\t\t\t\t\t\t<\/div>\n\t\t\t\t<\/div>\n\t\t\t\t<div class=\"elementor-element elementor-element-3cc5b03 elementor-widget elementor-widget-text-editor\" data-id=\"3cc5b03\" data-element_type=\"widget\" data-widget_type=\"text-editor.default\">\n\t\t\t\t<div class=\"elementor-widget-container\">\n\t\t\t\t\t\t\t\t\t<p><span style=\"font-weight: 400;\">Sur le volet num\u00e9rique et IA, <\/span><b>Chams Kora (directeur r\u00e9gional de FASFOX)<\/b><span style=\"font-weight: 400;\"> souligne que l\u2019intelligence artificielle est d\u00e9j\u00e0 massivement utilis\u00e9e\u2026 mais souvent de mani\u00e8re isol\u00e9e, non s\u00e9curis\u00e9e et hors cadre strat\u00e9gique. L\u2019enjeu pour les entreprises n\u2019est plus la d\u00e9couverte de l\u2019IA g\u00e9n\u00e9rative, mais son <\/span><b>int\u00e9gration ma\u00eetris\u00e9e dans les processus m\u00e9tiers<\/b><span style=\"font-weight: 400;\">, \u00e0 partir de donn\u00e9es internes fiables, sans d\u00e9pendance \u00e0 des plateformes grand public.<\/span><\/p><p><span style=\"font-weight: 400;\">\u00ab Aujourd\u2019hui, l\u2019usage est encore tr\u00e8s individuel, parfois contre les directives de la hi\u00e9rarchie, avec des outils qui posent des questions de souverainet\u00e9 et de fiabilit\u00e9. \u00bb <\/span><\/p>\t\t\t\t\t\t\t\t<\/div>\n\t\t\t\t<\/div>\n\t\t\t\t<div class=\"elementor-element elementor-element-5040006 elementor-widget elementor-widget-image\" data-id=\"5040006\" data-element_type=\"widget\" data-widget_type=\"image.default\">\n\t\t\t\t<div class=\"elementor-widget-container\">\n\t\t\t\t\t\t\t\t\t\t\t\t\t\t\t<img loading=\"lazy\" decoding=\"async\" width=\"604\" height=\"1024\" src=\"https:\/\/richeskarayib.com\/wp-content\/uploads\/2025\/12\/Chams-Kora-directeur-regional-de-FASFOX-604x1024.jpg\" class=\"attachment-large size-large wp-image-67208\" alt=\"MEDEF\" srcset=\"https:\/\/richeskarayib.com\/wp-content\/uploads\/2025\/12\/Chams-Kora-directeur-regional-de-FASFOX-604x1024.jpg 604w, https:\/\/richeskarayib.com\/wp-content\/uploads\/2025\/12\/Chams-Kora-directeur-regional-de-FASFOX-177x300.jpg 177w, https:\/\/richeskarayib.com\/wp-content\/uploads\/2025\/12\/Chams-Kora-directeur-regional-de-FASFOX-768x1301.jpg 768w, https:\/\/richeskarayib.com\/wp-content\/uploads\/2025\/12\/Chams-Kora-directeur-regional-de-FASFOX-906x1536.jpg 906w, https:\/\/richeskarayib.com\/wp-content\/uploads\/2025\/12\/Chams-Kora-directeur-regional-de-FASFOX.jpg 1133w\" sizes=\"(max-width: 604px) 100vw, 604px\" \/>\t\t\t\t\t\t\t\t\t\t\t\t\t\t\t<\/div>\n\t\t\t\t<\/div>\n\t\t\t\t<div class=\"elementor-element elementor-element-3a140b6 elementor-widget elementor-widget-text-editor\" data-id=\"3a140b6\" data-element_type=\"widget\" data-widget_type=\"text-editor.default\">\n\t\t\t\t<div class=\"elementor-widget-container\">\n\t\t\t\t\t\t\t\t\t<p><span style=\"font-weight: 400;\">La transition \u00e9nerg\u00e9tique s\u2019impose ensuite comme un pilier strat\u00e9gique, notamment pour l\u2019industrie et la continuit\u00e9 \u00e9conomique du territoire. Pour <\/span><b>Michel Yp-Tcha (directeur stat\u00e9gie et Transition de la SARA)<\/b><span style=\"font-weight: 400;\">, la s\u00e9curit\u00e9 \u00e9nerg\u00e9tique repose sur une combinaison de leviers : diversification des approvisionnements, capacit\u00e9 industrielle locale et adaptation \u00e0 un environnement g\u00e9opolitique instable. La transformation \u00e9nerg\u00e9tique ne peut \u00eatre dissoci\u00e9e des r\u00e9alit\u00e9s \u00e9conomiques, des volumes de march\u00e9 et de la n\u00e9cessit\u00e9 de garantir l\u2019accessibilit\u00e9 des co\u00fbts.<\/span><\/p><p><span style=\"font-weight: 400;\">\u00ab L\u2019\u00e9nergie est strat\u00e9gique pour nos territoires, et c\u2019est cette capacit\u00e9 industrielle locale qui nous permet d\u2019assurer la continuit\u00e9 d\u2019approvisionnement. \u00bb <\/span><\/p>\t\t\t\t\t\t\t\t<\/div>\n\t\t\t\t<\/div>\n\t\t\t\t<div class=\"elementor-element elementor-element-3aee462 elementor-widget elementor-widget-text-editor\" data-id=\"3aee462\" data-element_type=\"widget\" data-widget_type=\"text-editor.default\">\n\t\t\t\t<div class=\"elementor-widget-container\">\n\t\t\t\t\t\t\t\t\t<p><span style=\"font-weight: 400;\">Enfin, le r\u00f4le du financement appara\u00eet comme un acc\u00e9l\u00e9rateur d\u00e9cisif. <\/span><b>Franck Sannier <\/b><span style=\"font-weight: 400;\">rappelle que la transition \u00e9nerg\u00e9tique est d\u00e9sormais int\u00e9gr\u00e9e au c\u0153ur de la strat\u00e9gie bancaire. Diagnostics \u00e9nerg\u00e9tiques, structuration de projets, financement des \u00e9nergies renouvelables et accompagnement des entreprises dans la dur\u00e9e constituent les nouveaux standards du dialogue banque\u2013entreprise.<\/span><\/p>\n<p><span style=\"font-weight: 400;\">\u00ab Le financement durable est devenu un pilier central de notre strat\u00e9gie, avec une acc\u00e9l\u00e9ration tr\u00e8s forte sur les \u00e9nergies renouvelables. \u00bb\u00a0<\/span><\/p>\t\t\t\t\t\t\t\t<\/div>\n\t\t\t\t<\/div>\n\t\t\t\t<div class=\"elementor-element elementor-element-959e5fa elementor-widget elementor-widget-image\" data-id=\"959e5fa\" data-element_type=\"widget\" data-widget_type=\"image.default\">\n\t\t\t\t<div class=\"elementor-widget-container\">\n\t\t\t\t\t\t\t\t\t\t\t\t\t\t\t<img loading=\"lazy\" decoding=\"async\" width=\"626\" height=\"1024\" src=\"https:\/\/richeskarayib.com\/wp-content\/uploads\/2025\/12\/Franck-Sannier-626x1024.jpg\" class=\"attachment-large size-large wp-image-67212\" alt=\"MEDEF\" srcset=\"https:\/\/richeskarayib.com\/wp-content\/uploads\/2025\/12\/Franck-Sannier-626x1024.jpg 626w, https:\/\/richeskarayib.com\/wp-content\/uploads\/2025\/12\/Franck-Sannier-183x300.jpg 183w, https:\/\/richeskarayib.com\/wp-content\/uploads\/2025\/12\/Franck-Sannier-768x1257.jpg 768w, https:\/\/richeskarayib.com\/wp-content\/uploads\/2025\/12\/Franck-Sannier-938x1536.jpg 938w, https:\/\/richeskarayib.com\/wp-content\/uploads\/2025\/12\/Franck-Sannier.jpg 1173w\" sizes=\"(max-width: 626px) 100vw, 626px\" \/>\t\t\t\t\t\t\t\t\t\t\t\t\t\t\t<\/div>\n\t\t\t\t<\/div>\n\t\t\t\t<div class=\"elementor-element elementor-element-32a88eb elementor-widget elementor-widget-text-editor\" data-id=\"32a88eb\" data-element_type=\"widget\" data-widget_type=\"text-editor.default\">\n\t\t\t\t<div class=\"elementor-widget-container\">\n\t\t\t\t\t\t\t\t\t<p><span style=\"font-weight: 400;\">En compl\u00e9ment de l\u2019intervention de Franck Sannier, <\/span><b>Rachida Ana\u00efs<\/b><span style=\"font-weight: 400;\">, Directrice du Centre d\u2019Affaires Entreprises BNP Paribas Antilles-Guyane, pr\u00e9cise le r\u00f4le op\u00e9rationnel des banques dans la transition \u00e9nerg\u00e9tique des entreprises locales. Son intervention met en lumi\u00e8re un changement profond du m\u00e9tier de banquier, d\u00e9sormais pleinement int\u00e9gr\u00e9 aux enjeux ESG, de performance \u00e9nerg\u00e9tique et de transformation des mod\u00e8les \u00e9conomiques.<\/span><\/p>\n<p><span style=\"font-weight: 400;\">\u00ab Aujourd\u2019hui, notre r\u00f4le de banquier int\u00e8gre pleinement les enjeux environnementaux, soci\u00e9taux et de gouvernance que rencontrent nos clients. \u00bb<\/span><\/p>\t\t\t\t\t\t\t\t<\/div>\n\t\t\t\t<\/div>\n\t\t\t\t<div class=\"elementor-element elementor-element-cdf667f elementor-widget elementor-widget-text-editor\" data-id=\"cdf667f\" data-element_type=\"widget\" data-widget_type=\"text-editor.default\">\n\t\t\t\t<div class=\"elementor-widget-container\">\n\t\t\t\t\t\t\t\t\t<p><span style=\"font-weight: 400;\">Elle souligne notamment l\u2019accompagnement des entreprises dans des projets concrets \u2014 photovolta\u00efque, autoconsommation, modernisation des outils de production, mobilit\u00e9, traitement des d\u00e9chets \u2014 avec des <\/span><b>conditions de financement bonifi\u00e9es<\/b><span style=\"font-weight: 400;\">, pens\u00e9es comme un levier d\u2019acc\u00e9l\u00e9ration de la transition \u00e9nerg\u00e9tique et de comp\u00e9titivit\u00e9.<\/span><\/p>\t\t\t\t\t\t\t\t<\/div>\n\t\t\t\t<\/div>\n\t\t\t\t<div class=\"elementor-element elementor-element-1faa78f elementor-widget elementor-widget-image\" data-id=\"1faa78f\" data-element_type=\"widget\" data-widget_type=\"image.default\">\n\t\t\t\t<div class=\"elementor-widget-container\">\n\t\t\t\t\t\t\t\t\t\t\t\t\t\t\t<img loading=\"lazy\" decoding=\"async\" width=\"800\" height=\"958\" src=\"https:\/\/richeskarayib.com\/wp-content\/uploads\/2025\/12\/Rachida-Anais-Directrice-du-Centre-dAffaires-Entreprises-BNP-Paribas-Antilles-Guyane-855x1024.jpg\" class=\"attachment-large size-large wp-image-67216\" alt=\"MEDEF\" srcset=\"https:\/\/richeskarayib.com\/wp-content\/uploads\/2025\/12\/Rachida-Anais-Directrice-du-Centre-dAffaires-Entreprises-BNP-Paribas-Antilles-Guyane-855x1024.jpg 855w, https:\/\/richeskarayib.com\/wp-content\/uploads\/2025\/12\/Rachida-Anais-Directrice-du-Centre-dAffaires-Entreprises-BNP-Paribas-Antilles-Guyane-250x300.jpg 250w, https:\/\/richeskarayib.com\/wp-content\/uploads\/2025\/12\/Rachida-Anais-Directrice-du-Centre-dAffaires-Entreprises-BNP-Paribas-Antilles-Guyane-768x920.jpg 768w, https:\/\/richeskarayib.com\/wp-content\/uploads\/2025\/12\/Rachida-Anais-Directrice-du-Centre-dAffaires-Entreprises-BNP-Paribas-Antilles-Guyane-1282x1536.jpg 1282w, https:\/\/richeskarayib.com\/wp-content\/uploads\/2025\/12\/Rachida-Anais-Directrice-du-Centre-dAffaires-Entreprises-BNP-Paribas-Antilles-Guyane-1320x1581.jpg 1320w, https:\/\/richeskarayib.com\/wp-content\/uploads\/2025\/12\/Rachida-Anais-Directrice-du-Centre-dAffaires-Entreprises-BNP-Paribas-Antilles-Guyane.jpg 1603w\" sizes=\"(max-width: 800px) 100vw, 800px\" \/>\t\t\t\t\t\t\t\t\t\t\t\t\t\t\t<\/div>\n\t\t\t\t<\/div>\n\t\t\t\t<div class=\"elementor-element elementor-element-bb3a461 elementor-widget elementor-widget-text-editor\" data-id=\"bb3a461\" data-element_type=\"widget\" data-widget_type=\"text-editor.default\">\n\t\t\t\t<div class=\"elementor-widget-container\">\n\t\t\t\t\t\t\t\t\t<p><b>Ce panel met en lumi\u00e8re une r\u00e9alit\u00e9 claire<\/b><span style=\"font-weight: 400;\"> : la transformation des entreprises martiniquaises est d\u00e9j\u00e0 engag\u00e9e, mais elle exige m\u00e9thode, s\u00e9curisation et accompagnement. IA, \u00e9nergie et finance ne sont efficaces que lorsqu\u2019elles sont pens\u00e9es ensemble, au service d\u2019un mod\u00e8le \u00e9conomique plus robuste, plus sobre et plus comp\u00e9titif.<\/span><\/p>\t\t\t\t\t\t\t\t<\/div>\n\t\t\t\t<\/div>\n\t\t\t\t\t<\/div>\n\t\t<\/div>\n\t\t\t\t\t<\/div>\n\t\t<\/section>\n\t\t\t\t\t<\/div>\n\t\t<\/div>\n\t\t\t\t\t<\/div>\n\t\t<\/section>\n\t\t\t\t<section class=\"elementor-section elementor-top-section elementor-element elementor-element-9c88a89 elementor-section-boxed elementor-section-height-default elementor-section-height-default\" data-id=\"9c88a89\" data-element_type=\"section\">\n\t\t\t\t\t\t<div class=\"elementor-container elementor-column-gap-default\">\n\t\t\t\t\t<div class=\"elementor-column elementor-col-100 elementor-top-column elementor-element elementor-element-78cf5d1\" data-id=\"78cf5d1\" data-element_type=\"column\">\n\t\t\t<div class=\"elementor-widget-wrap elementor-element-populated\">\n\t\t\t\t\t\t<div class=\"elementor-element elementor-element-ea2a5c1 elementor-widget elementor-widget-heading\" data-id=\"ea2a5c1\" data-element_type=\"widget\" data-widget_type=\"heading.default\">\n\t\t\t\t<div class=\"elementor-widget-container\">\n\t\t\t\t\t<h2 class=\"elementor-heading-title elementor-size-default\">Panel 4 \u2013 Attractivit\u00e9 \u00e9conomique et touristique du territoir<\/h2>\t\t\t\t<\/div>\n\t\t\t\t<\/div>\n\t\t\t\t<section class=\"elementor-section elementor-inner-section elementor-element elementor-element-275a1e8 elementor-section-boxed elementor-section-height-default elementor-section-height-default\" data-id=\"275a1e8\" data-element_type=\"section\">\n\t\t\t\t\t\t<div class=\"elementor-container elementor-column-gap-default\">\n\t\t\t\t\t<div class=\"elementor-column elementor-col-100 elementor-inner-column elementor-element elementor-element-4f5d9ea\" data-id=\"4f5d9ea\" data-element_type=\"column\">\n\t\t\t<div class=\"elementor-widget-wrap elementor-element-populated\">\n\t\t\t\t\t\t<div class=\"elementor-element elementor-element-e305eee elementor-widget elementor-widget-text-editor\" data-id=\"e305eee\" data-element_type=\"widget\" data-widget_type=\"text-editor.default\">\n\t\t\t\t<div class=\"elementor-widget-container\">\n\t\t\t\t\t\t\t\t\t<h3><b>Stabilit\u00e9, connectivit\u00e9 et confiance : les fondations d\u2019un r\u00e9cit carib\u00e9en cr\u00e9dible<\/b><\/h3><p><span style=\"font-weight: 400;\">Ce panel, sans doute le plus structurant de la Rencontre du Monde \u00c9conomique 2025, aborde l\u2019attractivit\u00e9 de la Martinique comme un <\/span><b>syst\u00e8me global<\/b><span style=\"font-weight: 400;\"> : stabilit\u00e9 \u00e9conomique, qualit\u00e9 des services publics, connectivit\u00e9 a\u00e9rienne et maritime, s\u00e9curit\u00e9, infrastructures et image du territoire. Un fil rouge s\u2019impose : sans confiance, il n\u2019y a ni investissement durable, ni d\u00e9veloppement touristique cr\u00e9dible.<\/span><\/p>\t\t\t\t\t\t\t\t<\/div>\n\t\t\t\t<\/div>\n\t\t\t\t<div class=\"elementor-element elementor-element-a5bacdd elementor-widget elementor-widget-text-editor\" data-id=\"a5bacdd\" data-element_type=\"widget\" data-widget_type=\"text-editor.default\">\n\t\t\t\t<div class=\"elementor-widget-container\">\n\t\t\t\t\t\t\t\t\t<p><span style=\"font-weight: 400;\">Pour <\/span><b>\u00c9tienne Desplanques<\/b><span style=\"font-weight: 400;\">, repr\u00e9sentant de l\u2019\u00c9tat, l\u2019ann\u00e9e 2025 reste marqu\u00e9e par une conjoncture fragile, h\u00e9rit\u00e9e notamment des tensions sociales de 2024. Dans ce contexte, l\u2019\u00c9tat doit jouer un r\u00f4le clair de <\/span><b>facteur de stabilit\u00e9<\/b><span style=\"font-weight: 400;\">, condition indispensable \u00e0 l\u2019attractivit\u00e9. Le pr\u00e9fet alerte \u00e9galement sur des fragilit\u00e9s structurelles majeures \u2014 eau, d\u00e9chets, \u00e9lectricit\u00e9 \u2014 qui p\u00e8seront lourdement sur la capacit\u00e9 du territoire \u00e0 attirer entreprises et investisseurs s\u2019ils ne sont pas trait\u00e9s rapidement.<\/span><\/p><p><span style=\"font-weight: 400;\">\u00ab Les chefs d\u2019entreprise ont besoin de stabilit\u00e9, surtout apr\u00e8s une ann\u00e9e 2024 marqu\u00e9e par une crise sociale de forte ampleur. \u00bb <\/span><\/p>\t\t\t\t\t\t\t\t<\/div>\n\t\t\t\t<\/div>\n\t\t\t\t<div class=\"elementor-element elementor-element-4458470 elementor-widget elementor-widget-image\" data-id=\"4458470\" data-element_type=\"widget\" data-widget_type=\"image.default\">\n\t\t\t\t<div class=\"elementor-widget-container\">\n\t\t\t\t\t\t\t\t\t\t\t\t\t\t\t<img loading=\"lazy\" decoding=\"async\" width=\"659\" height=\"1024\" src=\"https:\/\/richeskarayib.com\/wp-content\/uploads\/2025\/12\/Etienne-Desplanques-659x1024.jpg\" class=\"attachment-large size-large wp-image-67220\" alt=\"MEDEF\" srcset=\"https:\/\/richeskarayib.com\/wp-content\/uploads\/2025\/12\/Etienne-Desplanques-659x1024.jpg 659w, https:\/\/richeskarayib.com\/wp-content\/uploads\/2025\/12\/Etienne-Desplanques-193x300.jpg 193w, https:\/\/richeskarayib.com\/wp-content\/uploads\/2025\/12\/Etienne-Desplanques-768x1193.jpg 768w, https:\/\/richeskarayib.com\/wp-content\/uploads\/2025\/12\/Etienne-Desplanques-989x1536.jpg 989w, https:\/\/richeskarayib.com\/wp-content\/uploads\/2025\/12\/Etienne-Desplanques.jpg 1236w\" sizes=\"(max-width: 659px) 100vw, 659px\" \/>\t\t\t\t\t\t\t\t\t\t\t\t\t\t\t<\/div>\n\t\t\t\t<\/div>\n\t\t\t\t<div class=\"elementor-element elementor-element-2401098 elementor-widget elementor-widget-text-editor\" data-id=\"2401098\" data-element_type=\"widget\" data-widget_type=\"text-editor.default\">\n\t\t\t\t<div class=\"elementor-widget-container\">\n\t\t\t\t\t\t\t\t\t<p><span style=\"font-weight: 400;\">La pr\u00e9sidente du MEDEF Martinique, <\/span><b>Catherine Rodap<\/b><span style=\"font-weight: 400;\">, prolonge cette analyse en appelant \u00e0 sortir du pessimisme ambiant, sans nier les difficult\u00e9s. Elle d\u00e9fend une lecture \u00e0 360\u00b0 des dispositifs comme la LODEOM, rappelant qu\u2019ils g\u00e9n\u00e8rent aussi de l\u2019activit\u00e9, de l\u2019emploi et des recettes fiscales. Elle met \u00e9galement en lumi\u00e8re deux enjeux critiques pour l\u2019attractivit\u00e9 : le risque de hausse massive des co\u00fbts \u00e9nerg\u00e9tiques pour les entreprises et l\u2019impact d\u00e9l\u00e9t\u00e8re du narcotrafic sur la confiance des partenaires \u00e9conomiques.<\/span><\/p><p><span style=\"font-weight: 400;\">\u00ab L\u2019attractivit\u00e9 r\u00e9elle du territoire passe aussi par la neutralisation de cette \u00e9conomie parall\u00e8le. \u00bb <\/span><\/p>\t\t\t\t\t\t\t\t<\/div>\n\t\t\t\t<\/div>\n\t\t\t\t<div class=\"elementor-element elementor-element-88de7b5 elementor-widget elementor-widget-image\" data-id=\"88de7b5\" data-element_type=\"widget\" data-widget_type=\"image.default\">\n\t\t\t\t<div class=\"elementor-widget-container\">\n\t\t\t\t\t\t\t\t\t\t\t\t\t\t\t<img loading=\"lazy\" decoding=\"async\" width=\"741\" height=\"1024\" src=\"https:\/\/richeskarayib.com\/wp-content\/uploads\/2025\/12\/Catherine-Rodap-1-741x1024.jpg\" class=\"attachment-large size-large wp-image-67224\" alt=\"MEDEF\" srcset=\"https:\/\/richeskarayib.com\/wp-content\/uploads\/2025\/12\/Catherine-Rodap-1-741x1024.jpg 741w, https:\/\/richeskarayib.com\/wp-content\/uploads\/2025\/12\/Catherine-Rodap-1-217x300.jpg 217w, https:\/\/richeskarayib.com\/wp-content\/uploads\/2025\/12\/Catherine-Rodap-1-768x1061.jpg 768w, https:\/\/richeskarayib.com\/wp-content\/uploads\/2025\/12\/Catherine-Rodap-1-1112x1536.jpg 1112w, https:\/\/richeskarayib.com\/wp-content\/uploads\/2025\/12\/Catherine-Rodap-1-1320x1823.jpg 1320w, https:\/\/richeskarayib.com\/wp-content\/uploads\/2025\/12\/Catherine-Rodap-1.jpg 1390w\" sizes=\"(max-width: 741px) 100vw, 741px\" \/>\t\t\t\t\t\t\t\t\t\t\t\t\t\t\t<\/div>\n\t\t\t\t<\/div>\n\t\t\t\t<div class=\"elementor-element elementor-element-b45e166 elementor-widget elementor-widget-text-editor\" data-id=\"b45e166\" data-element_type=\"widget\" data-widget_type=\"text-editor.default\">\n\t\t\t\t<div class=\"elementor-widget-container\">\n\t\t\t\t\t\t\t\t\t<p><span style=\"font-weight: 400;\">La question de la <\/span><b>connectivit\u00e9 a\u00e9rienne<\/b><span style=\"font-weight: 400;\">, pilier du tourisme et de l\u2019ouverture r\u00e9gionale, est ensuite port\u00e9e par <\/span><b>Nathalie S\u00e9bastien<\/b><span style=\"font-weight: 400;\">. Elle rappelle que, pour un territoire insulaire, l\u2019a\u00e9rien n\u2019est pas un confort mais une condition de d\u00e9veloppement. Depuis la crise Covid, la strat\u00e9gie repose sur la diversification des march\u00e9s \u00e9metteurs et des destinations, avec une ouverture accrue vers l\u2019Europe, l\u2019Am\u00e9rique du Nord et la Cara\u00efbe.<\/span><\/p><p><span style=\"font-weight: 400;\">\u00ab Pour un territoire comme le n\u00f4tre, le transport a\u00e9rien est un levier strat\u00e9gique de d\u00e9veloppement \u00e9conomique et touristique. \u00bb <\/span><\/p>\t\t\t\t\t\t\t\t<\/div>\n\t\t\t\t<\/div>\n\t\t\t\t<div class=\"elementor-element elementor-element-a700208 elementor-widget elementor-widget-image\" data-id=\"a700208\" data-element_type=\"widget\" data-widget_type=\"image.default\">\n\t\t\t\t<div class=\"elementor-widget-container\">\n\t\t\t\t\t\t\t\t\t\t\t\t\t\t\t<img loading=\"lazy\" decoding=\"async\" width=\"800\" height=\"370\" src=\"https:\/\/richeskarayib.com\/wp-content\/uploads\/2025\/12\/Nathalie-Sebastien-1024x473.jpg\" class=\"attachment-large size-large wp-image-67228\" alt=\"MEDEF\" srcset=\"https:\/\/richeskarayib.com\/wp-content\/uploads\/2025\/12\/Nathalie-Sebastien-1024x473.jpg 1024w, https:\/\/richeskarayib.com\/wp-content\/uploads\/2025\/12\/Nathalie-Sebastien-300x139.jpg 300w, https:\/\/richeskarayib.com\/wp-content\/uploads\/2025\/12\/Nathalie-Sebastien-768x355.jpg 768w, https:\/\/richeskarayib.com\/wp-content\/uploads\/2025\/12\/Nathalie-Sebastien-1536x710.jpg 1536w, https:\/\/richeskarayib.com\/wp-content\/uploads\/2025\/12\/Nathalie-Sebastien-1320x610.jpg 1320w, https:\/\/richeskarayib.com\/wp-content\/uploads\/2025\/12\/Nathalie-Sebastien.jpg 1920w\" sizes=\"(max-width: 800px) 100vw, 800px\" \/>\t\t\t\t\t\t\t\t\t\t\t\t\t\t\t<\/div>\n\t\t\t\t<\/div>\n\t\t\t\t<div class=\"elementor-element elementor-element-3578007 elementor-widget elementor-widget-text-editor\" data-id=\"3578007\" data-element_type=\"widget\" data-widget_type=\"text-editor.default\">\n\t\t\t\t<div class=\"elementor-widget-container\">\n\t\t\t\t\t\t\t\t\t<p><span style=\"font-weight: 400;\">Du point de vue des acteurs touristiques, <\/span><b>Patrice Fabre<\/b><span style=\"font-weight: 400;\"> insiste sur un paradoxe martiniquais : une destination aux atouts exceptionnels, mais p\u00e9nalis\u00e9e par une fr\u00e9quentation trop saisonni\u00e8re. Pour lui, l\u2019enjeu n\u2019est pas seulement l\u2019a\u00e9rien, mais la capacit\u00e9 collective \u00e0 attirer des visiteurs toute l\u2019ann\u00e9e, condition de rentabilit\u00e9 des investissements h\u00f4teliers et de dynamisation de l\u2019ensemble de l\u2019\u00e9cosyst\u00e8me local.<\/span><\/p>\n<p><span style=\"font-weight: 400;\">\u00ab Comment voulez-vous \u00eatre rentables quand on est remplis quatre \u00e0 cinq mois par an ? \u00bb\u00a0<\/span><\/p>\t\t\t\t\t\t\t\t<\/div>\n\t\t\t\t<\/div>\n\t\t\t\t<div class=\"elementor-element elementor-element-3b72085 elementor-widget elementor-widget-text-editor\" data-id=\"3b72085\" data-element_type=\"widget\" data-widget_type=\"text-editor.default\">\n\t\t\t\t<div class=\"elementor-widget-container\">\n\t\t\t\t\t\t\t\t\t<p><span style=\"font-weight: 400;\">L\u2019attractivit\u00e9 passe aussi par la mer. <\/span><b>Philippe Rech<\/b><span style=\"font-weight: 400;\"> replace la Martinique dans les flux logistiques carib\u00e9ens et internationaux. La cr\u00e9ation du hub CMA CGM Antilles \u00e0 l\u2019horizon 2026, fruit d\u2019un partenariat public-priv\u00e9, doit permettre de renforcer la connectivit\u00e9 r\u00e9gionale, de fluidifier les \u00e9changes et de repositionner le territoire dans les cha\u00eenes logistiques mondiales.<\/span><\/p>\n<p><span style=\"font-weight: 400;\">\u00ab La r\u00e9gion Cara\u00efbe est dynamique et la connectivit\u00e9 maritime est une opportunit\u00e9 autant qu\u2019un enjeu de comp\u00e9titivit\u00e9. \u00bb\u00a0<\/span><\/p>\t\t\t\t\t\t\t\t<\/div>\n\t\t\t\t<\/div>\n\t\t\t\t<div class=\"elementor-element elementor-element-9284937 elementor-widget elementor-widget-text-editor\" data-id=\"9284937\" data-element_type=\"widget\" data-widget_type=\"text-editor.default\">\n\t\t\t\t<div class=\"elementor-widget-container\">\n\t\t\t\t\t\t\t\t\t<p><span style=\"font-weight: 400;\">Enfin, <\/span><b>Jean-Marc Poullet<\/b><span style=\"font-weight: 400;\"> rappelle que l\u2019attractivit\u00e9 se joue aussi au sol. D\u00e9senclavement routier, r\u00e9silience des r\u00e9seaux essentiels, adaptation des infrastructures au changement climatique : autant de chantiers structurants pour am\u00e9liorer la qualit\u00e9 de vie, r\u00e9duire les co\u00fbts pour les entreprises et renforcer l\u2019image du territoire.<\/span><\/p>\n<p><span style=\"font-weight: 400;\">\u00ab Les embouteillages ont un impact social, \u00e9conomique et commercial direct sur l\u2019attractivit\u00e9 du territoire. \u00bb <\/span><\/p>\t\t\t\t\t\t\t\t<\/div>\n\t\t\t\t<\/div>\n\t\t\t\t<div class=\"elementor-element elementor-element-17703a0 elementor-widget elementor-widget-text-editor\" data-id=\"17703a0\" data-element_type=\"widget\" data-widget_type=\"text-editor.default\">\n\t\t\t\t<div class=\"elementor-widget-container\">\n\t\t\t\t\t\t\t\t\t<p><b>Ce panel 4 r\u00e9v\u00e8le une \u00e9vidence forte pour Rich\u00e8s Karayib<\/b><span style=\"font-weight: 400;\"> : l\u2019attractivit\u00e9 de la Martinique ne se d\u00e9cr\u00e8te pas. Elle se construit \u00e0 l\u2019intersection de la stabilit\u00e9 institutionnelle, de la connectivit\u00e9 r\u00e9gionale, de la s\u00e9curit\u00e9, de la qualit\u00e9 des infrastructures et d\u2019un r\u00e9cit collectif assum\u00e9, capable de projeter le territoire dans son environnement carib\u00e9en et international.<\/span><\/p>\t\t\t\t\t\t\t\t<\/div>\n\t\t\t\t<\/div>\n\t\t\t\t\t<\/div>\n\t\t<\/div>\n\t\t\t\t\t<\/div>\n\t\t<\/section>\n\t\t\t\t\t<\/div>\n\t\t<\/div>\n\t\t\t\t\t<\/div>\n\t\t<\/section>\n\t\t\t\t<section class=\"elementor-section elementor-top-section elementor-element elementor-element-103aced elementor-section-boxed elementor-section-height-default elementor-section-height-default\" data-id=\"103aced\" data-element_type=\"section\">\n\t\t\t\t\t\t<div class=\"elementor-container elementor-column-gap-default\">\n\t\t\t\t\t<div class=\"elementor-column elementor-col-100 elementor-top-column elementor-element elementor-element-e34f9f4\" data-id=\"e34f9f4\" data-element_type=\"column\">\n\t\t\t<div class=\"elementor-widget-wrap elementor-element-populated\">\n\t\t\t\t\t\t<div class=\"elementor-element elementor-element-c643e86 elementor-widget elementor-widget-heading\" data-id=\"c643e86\" data-element_type=\"widget\" data-widget_type=\"heading.default\">\n\t\t\t\t<div class=\"elementor-widget-container\">\n\t\t\t\t\t<h2 class=\"elementor-heading-title elementor-size-default\">Panel 5 \u2013 Jeunesse, comp\u00e9tences et transmission<\/h2>\t\t\t\t<\/div>\n\t\t\t\t<\/div>\n\t\t\t\t<section class=\"elementor-section elementor-inner-section elementor-element elementor-element-c91fa0e elementor-section-boxed elementor-section-height-default elementor-section-height-default\" data-id=\"c91fa0e\" data-element_type=\"section\">\n\t\t\t\t\t\t<div class=\"elementor-container elementor-column-gap-default\">\n\t\t\t\t\t<div class=\"elementor-column elementor-col-100 elementor-inner-column elementor-element elementor-element-09f1308\" data-id=\"09f1308\" data-element_type=\"column\">\n\t\t\t<div class=\"elementor-widget-wrap elementor-element-populated\">\n\t\t\t\t\t\t<div class=\"elementor-element elementor-element-f783f1a elementor-widget elementor-widget-text-editor\" data-id=\"f783f1a\" data-element_type=\"widget\" data-widget_type=\"text-editor.default\">\n\t\t\t\t<div class=\"elementor-widget-container\">\n\t\t\t\t\t\t\t\t\t<h3><b>Former, attirer, retenir : le capital humain au c\u0153ur de l\u2019attractivit\u00e9<\/b><\/h3><p><span style=\"font-weight: 400;\">Dernier temps fort de la Rencontre du Monde \u00c9conomique 2025, ce panel recentre le d\u00e9bat sur un levier souvent pr\u00e9sent\u00e9 comme une contrainte, mais qui appara\u00eet ici comme un <\/span><b>facteur cl\u00e9 de transformation<\/b><span style=\"font-weight: 400;\"> : le capital humain. Jeunes, comp\u00e9tences, formation, recrutement et transmission ne sont plus des sujets p\u00e9riph\u00e9riques ; ils conditionnent directement la capacit\u00e9 de la Martinique \u00e0 se projeter \u00e9conomiquement.<\/span><\/p>\t\t\t\t\t\t\t\t<\/div>\n\t\t\t\t<\/div>\n\t\t\t\t<div class=\"elementor-element elementor-element-e135921 elementor-widget elementor-widget-text-editor\" data-id=\"e135921\" data-element_type=\"widget\" data-widget_type=\"text-editor.default\">\n\t\t\t\t<div class=\"elementor-widget-container\">\n\t\t\t\t\t\t\t\t\t<p><span style=\"font-weight: 400;\">La parole donn\u00e9e aux jeunes plante le d\u00e9cor sans d\u00e9tour. <\/span><b>L\u00e9a Nicolas<\/b><span style=\"font-weight: 400;\">, lyc\u00e9enne, exprime un attachement fort au territoire, tout en assumant le besoin de mobilit\u00e9 pour se former et gagner en exp\u00e9rience.<\/span><\/p><p><span style=\"font-weight: 400;\">\u00ab <\/span><b>J\u2019aimerais continuer mes \u00e9tudes \u00e0 l\u2019\u00e9tranger et, si j\u2019ai de bonnes opportunit\u00e9s, revenir travailler en Martinique, parce que c\u2019est mon \u00eele.<\/b><span style=\"font-weight: 400;\"> \u00bb <\/span><\/p>\t\t\t\t\t\t\t\t<\/div>\n\t\t\t\t<\/div>\n\t\t\t\t<div class=\"elementor-element elementor-element-ee713a6 elementor-widget elementor-widget-image\" data-id=\"ee713a6\" data-element_type=\"widget\" data-widget_type=\"image.default\">\n\t\t\t\t<div class=\"elementor-widget-container\">\n\t\t\t\t\t\t\t\t\t\t\t\t\t\t\t<img loading=\"lazy\" decoding=\"async\" width=\"718\" height=\"1024\" src=\"https:\/\/richeskarayib.com\/wp-content\/uploads\/2025\/12\/Lea-Nicolas-718x1024.jpg\" class=\"attachment-large size-large wp-image-67232\" alt=\"MEDEF\" srcset=\"https:\/\/richeskarayib.com\/wp-content\/uploads\/2025\/12\/Lea-Nicolas-718x1024.jpg 718w, https:\/\/richeskarayib.com\/wp-content\/uploads\/2025\/12\/Lea-Nicolas-210x300.jpg 210w, https:\/\/richeskarayib.com\/wp-content\/uploads\/2025\/12\/Lea-Nicolas-768x1095.jpg 768w, https:\/\/richeskarayib.com\/wp-content\/uploads\/2025\/12\/Lea-Nicolas-1078x1536.jpg 1078w, https:\/\/richeskarayib.com\/wp-content\/uploads\/2025\/12\/Lea-Nicolas-1320x1882.jpg 1320w, https:\/\/richeskarayib.com\/wp-content\/uploads\/2025\/12\/Lea-Nicolas.jpg 1347w\" sizes=\"(max-width: 718px) 100vw, 718px\" \/>\t\t\t\t\t\t\t\t\t\t\t\t\t\t\t<\/div>\n\t\t\t\t<\/div>\n\t\t\t\t<div class=\"elementor-element elementor-element-40d9c23 elementor-widget elementor-widget-text-editor\" data-id=\"40d9c23\" data-element_type=\"widget\" data-widget_type=\"text-editor.default\">\n\t\t\t\t<div class=\"elementor-widget-container\">\n\t\t\t\t\t\t\t\t\t<p><span style=\"font-weight: 400;\">Son t\u00e9moignage est compl\u00e9t\u00e9 par celui de <\/span><b>Elison Jean-Marie Alphonsine<\/b><span style=\"font-weight: 400;\">, qui met en lumi\u00e8re une r\u00e9alit\u00e9 souvent tue : l\u2019acc\u00e8s \u00e0 l\u2019emploi existe, mais il exige s\u00e9lectivit\u00e9, exigences \u00e9lev\u00e9es et capacit\u00e9 \u00e0 r\u00e9pondre aux attentes des entreprises.<\/span><\/p><p><span style=\"font-weight: 400;\">\u00ab <\/span><b>Il faut \u00eatre \u00e0 la hauteur des exigences du monde du travail.<\/b><span style=\"font-weight: 400;\"> \u00bb\u00a0<\/span><\/p><p><span style=\"font-weight: 400;\">Du c\u00f4t\u00e9 des institutions de l\u2019emploi, <\/span><b>Paul Eddy Paulin, directeur strat\u00e9gie relation ext\u00e9rieur France-Travail Martinique<\/b><span style=\"font-weight: 400;\"> rappelle que les difficult\u00e9s de recrutement restent \u00e9lev\u00e9es, m\u00eame si elles reculent l\u00e9g\u00e8rement. Au-del\u00e0 des chiffres, il insiste sur un changement profond des attentes des jeunes, plus sensibles aux projets, aux valeurs et \u00e0 la responsabilit\u00e9 soci\u00e9tale des entreprises.<\/span><\/p>\t\t\t\t\t\t\t\t<\/div>\n\t\t\t\t<\/div>\n\t\t\t\t<div class=\"elementor-element elementor-element-e5a998f elementor-widget elementor-widget-image\" data-id=\"e5a998f\" data-element_type=\"widget\" data-widget_type=\"image.default\">\n\t\t\t\t<div class=\"elementor-widget-container\">\n\t\t\t\t\t\t\t\t\t\t\t\t\t\t\t<img loading=\"lazy\" decoding=\"async\" width=\"800\" height=\"999\" src=\"https:\/\/richeskarayib.com\/wp-content\/uploads\/2025\/12\/Paul-Eddy-Paulin-directeur-strategie-relation-exterieur-France-Travail-Martinique-820x1024.jpg\" class=\"attachment-large size-large wp-image-67248\" alt=\"MEDEF\" srcset=\"https:\/\/richeskarayib.com\/wp-content\/uploads\/2025\/12\/Paul-Eddy-Paulin-directeur-strategie-relation-exterieur-France-Travail-Martinique-820x1024.jpg 820w, https:\/\/richeskarayib.com\/wp-content\/uploads\/2025\/12\/Paul-Eddy-Paulin-directeur-strategie-relation-exterieur-France-Travail-Martinique-240x300.jpg 240w, https:\/\/richeskarayib.com\/wp-content\/uploads\/2025\/12\/Paul-Eddy-Paulin-directeur-strategie-relation-exterieur-France-Travail-Martinique-768x959.jpg 768w, https:\/\/richeskarayib.com\/wp-content\/uploads\/2025\/12\/Paul-Eddy-Paulin-directeur-strategie-relation-exterieur-France-Travail-Martinique-1230x1536.jpg 1230w, https:\/\/richeskarayib.com\/wp-content\/uploads\/2025\/12\/Paul-Eddy-Paulin-directeur-strategie-relation-exterieur-France-Travail-Martinique-1320x1649.jpg 1320w, https:\/\/richeskarayib.com\/wp-content\/uploads\/2025\/12\/Paul-Eddy-Paulin-directeur-strategie-relation-exterieur-France-Travail-Martinique.jpg 1537w\" sizes=\"(max-width: 800px) 100vw, 800px\" \/>\t\t\t\t\t\t\t\t\t\t\t\t\t\t\t<\/div>\n\t\t\t\t<\/div>\n\t\t\t\t<div class=\"elementor-element elementor-element-9a4b1c0 elementor-widget elementor-widget-text-editor\" data-id=\"9a4b1c0\" data-element_type=\"widget\" data-widget_type=\"text-editor.default\">\n\t\t\t\t<div class=\"elementor-widget-container\">\n\t\t\t\t\t\t\t\t\t<p><span style=\"font-weight: 400;\">\u00ab <\/span><b>Les jeunes ne se projettent plus forc\u00e9ment dans un CDI, mais dans un projet.<\/b><span style=\"font-weight: 400;\"> \u00bb\u00a0<\/span><\/p><p><span style=\"font-weight: 400;\">Cette \u00e9volution est analys\u00e9e plus structurellement par <\/span><b>Yannick Decompois<\/b><span style=\"font-weight: 400;\">, qui d\u00e9monte l\u2019id\u00e9e re\u00e7ue d\u2019un simple d\u00e9calage formation\u2013emploi. Vieillissement d\u00e9mographique, attractivit\u00e9 des m\u00e9tiers, p\u00e9nibilit\u00e9 per\u00e7ue et manque de structuration des fili\u00e8res expliquent en grande partie les tensions actuelles. Pour lui, les entreprises doivent devenir <\/span><b>actrices de la formation<\/b><span style=\"font-weight: 400;\">, et non de simples consommatrices.<\/span><\/p>\t\t\t\t\t\t\t\t<\/div>\n\t\t\t\t<\/div>\n\t\t\t\t<div class=\"elementor-element elementor-element-8710367 elementor-widget elementor-widget-image\" data-id=\"8710367\" data-element_type=\"widget\" data-widget_type=\"image.default\">\n\t\t\t\t<div class=\"elementor-widget-container\">\n\t\t\t\t\t\t\t\t\t\t\t\t\t\t\t<img loading=\"lazy\" decoding=\"async\" width=\"800\" height=\"1011\" src=\"https:\/\/richeskarayib.com\/wp-content\/uploads\/2025\/12\/Yannick-Decompois-810x1024.jpg\" class=\"attachment-large size-large wp-image-67236\" alt=\"MEDEF\" srcset=\"https:\/\/richeskarayib.com\/wp-content\/uploads\/2025\/12\/Yannick-Decompois-810x1024.jpg 810w, https:\/\/richeskarayib.com\/wp-content\/uploads\/2025\/12\/Yannick-Decompois-237x300.jpg 237w, https:\/\/richeskarayib.com\/wp-content\/uploads\/2025\/12\/Yannick-Decompois-768x971.jpg 768w, https:\/\/richeskarayib.com\/wp-content\/uploads\/2025\/12\/Yannick-Decompois-1214x1536.jpg 1214w, https:\/\/richeskarayib.com\/wp-content\/uploads\/2025\/12\/Yannick-Decompois-1320x1670.jpg 1320w, https:\/\/richeskarayib.com\/wp-content\/uploads\/2025\/12\/Yannick-Decompois.jpg 1518w\" sizes=\"(max-width: 800px) 100vw, 800px\" \/>\t\t\t\t\t\t\t\t\t\t\t\t\t\t\t<\/div>\n\t\t\t\t<\/div>\n\t\t\t\t<div class=\"elementor-element elementor-element-6582956 elementor-widget elementor-widget-text-editor\" data-id=\"6582956\" data-element_type=\"widget\" data-widget_type=\"text-editor.default\">\n\t\t\t\t<div class=\"elementor-widget-container\">\n\t\t\t\t\t\t\t\t\t<p><span style=\"font-weight: 400;\">\u00ab <\/span><b>Les entreprises ne peuvent pas se positionner uniquement comme consommatrices de la formation. Elles doivent en \u00eatre des actrices.<\/b><span style=\"font-weight: 400;\"> \u00bb\u00a0<\/span><\/p><p><span style=\"font-weight: 400;\">Sur le terrain, <\/span><b>Audrey Florent<\/b><span style=\"font-weight: 400;\">, directrice du d\u00e9veloppement commercial de Skillfor Campus, illustre cette approche par des exemples concrets. Formations construites avec les entreprises, alternance, nouveaux m\u00e9tiers li\u00e9s \u00e0 l\u2019IA, \u00e0 la data, \u00e0 la cybers\u00e9curit\u00e9 ou encore aux services \u00e0 la personne : la formation devient un outil strat\u00e9gique d\u2019ancrage des comp\u00e9tences sur le territoire.<\/span><\/p>\t\t\t\t\t\t\t\t<\/div>\n\t\t\t\t<\/div>\n\t\t\t\t<div class=\"elementor-element elementor-element-7a81dbc elementor-widget elementor-widget-image\" data-id=\"7a81dbc\" data-element_type=\"widget\" data-widget_type=\"image.default\">\n\t\t\t\t<div class=\"elementor-widget-container\">\n\t\t\t\t\t\t\t\t\t\t\t\t\t\t\t<img loading=\"lazy\" decoding=\"async\" width=\"787\" height=\"1024\" src=\"https:\/\/richeskarayib.com\/wp-content\/uploads\/2025\/12\/Audrey-Florent-directrice-du-developpement-commercial-de-Skillfor-Campus-787x1024.jpg\" class=\"attachment-large size-large wp-image-67240\" alt=\"MEDEF\" srcset=\"https:\/\/richeskarayib.com\/wp-content\/uploads\/2025\/12\/Audrey-Florent-directrice-du-developpement-commercial-de-Skillfor-Campus-787x1024.jpg 787w, https:\/\/richeskarayib.com\/wp-content\/uploads\/2025\/12\/Audrey-Florent-directrice-du-developpement-commercial-de-Skillfor-Campus-231x300.jpg 231w, https:\/\/richeskarayib.com\/wp-content\/uploads\/2025\/12\/Audrey-Florent-directrice-du-developpement-commercial-de-Skillfor-Campus-768x999.jpg 768w, https:\/\/richeskarayib.com\/wp-content\/uploads\/2025\/12\/Audrey-Florent-directrice-du-developpement-commercial-de-Skillfor-Campus-1181x1536.jpg 1181w, https:\/\/richeskarayib.com\/wp-content\/uploads\/2025\/12\/Audrey-Florent-directrice-du-developpement-commercial-de-Skillfor-Campus-1320x1717.jpg 1320w, https:\/\/richeskarayib.com\/wp-content\/uploads\/2025\/12\/Audrey-Florent-directrice-du-developpement-commercial-de-Skillfor-Campus.jpg 1476w\" sizes=\"(max-width: 787px) 100vw, 787px\" \/>\t\t\t\t\t\t\t\t\t\t\t\t\t\t\t<\/div>\n\t\t\t\t<\/div>\n\t\t\t\t<div class=\"elementor-element elementor-element-9c7f505 elementor-widget elementor-widget-text-editor\" data-id=\"9c7f505\" data-element_type=\"widget\" data-widget_type=\"text-editor.default\">\n\t\t\t\t<div class=\"elementor-widget-container\">\n\t\t\t\t\t\t\t\t\t<p><span style=\"font-weight: 400;\">\u00ab <\/span><b>L\u2019objectif n\u2019est pas de former pour former, mais de former utile, en r\u00e9ponse \u00e0 des besoins identifi\u00e9s.<\/b><span style=\"font-weight: 400;\"> \u00bb\u00a0<\/span><\/p><p><span style=\"font-weight: 400;\">Enfin, <\/span><b>Charles Larcher<\/b><span style=\"font-weight: 400;\">, pr\u00e9sident de la commission \u00c9ducation, Formation et Emploi du MEDEF Martinique, pose un diagnostic sans d\u00e9tour : ch\u00f4mage des jeunes \u00e9lev\u00e9, m\u00e9connaissance des m\u00e9tiers, d\u00e9ficit de passerelles entre orientation, formation et entreprise. Il plaide pour une mont\u00e9e en puissance de l\u2019apprentissage, y compris \u00e0 des niveaux de qualification \u00e9lev\u00e9s, et pour une meilleure transmission des savoir-faire.<\/span><\/p>\t\t\t\t\t\t\t\t<\/div>\n\t\t\t\t<\/div>\n\t\t\t\t<div class=\"elementor-element elementor-element-b072e59 elementor-widget elementor-widget-text-editor\" data-id=\"b072e59\" data-element_type=\"widget\" data-widget_type=\"text-editor.default\">\n\t\t\t\t<div class=\"elementor-widget-container\">\n\t\t\t\t\t\t\t\t\t<p><span style=\"font-weight: 400;\">\u00ab <\/span><b>Les jeunes ne rejettent pas l\u2019entreprise, ils demandent des passerelles plus fortes entre la formation et le monde \u00e9conomique.<\/b><span style=\"font-weight: 400;\"> \u00bb\u00a0<\/span><\/p><p><b>Ce dernier panel agit comme une conclusion en soi<\/b><span style=\"font-weight: 400;\"> : sans strat\u00e9gie claire sur les comp\u00e9tences, la transmission et l\u2019int\u00e9gration des jeunes, aucune politique d\u2019attractivit\u00e9 \u2014 \u00e9conomique, touristique ou industrielle \u2014 ne peut tenir dans la dur\u00e9e. Pour la Martinique, l\u2019enjeu n\u2019est pas seulement de former, mais de <\/span><b>donner envie de rester, de revenir et de s\u2019engager<\/b><span style=\"font-weight: 400;\">.<\/span><\/p>\t\t\t\t\t\t\t\t<\/div>\n\t\t\t\t<\/div>\n\t\t\t\t<div class=\"elementor-element elementor-element-b956704 elementor-widget elementor-widget-image\" data-id=\"b956704\" data-element_type=\"widget\" data-widget_type=\"image.default\">\n\t\t\t\t<div class=\"elementor-widget-container\">\n\t\t\t\t\t\t\t\t\t\t\t\t\t\t\t<img loading=\"lazy\" decoding=\"async\" width=\"758\" height=\"1024\" src=\"https:\/\/richeskarayib.com\/wp-content\/uploads\/2025\/12\/Charles-Larcher-president-de-la-commission-Education-Formation-et-Emploi-du-MEDEF-Martinique-758x1024.jpg\" class=\"attachment-large size-large wp-image-67244\" alt=\"MEDEF\" srcset=\"https:\/\/richeskarayib.com\/wp-content\/uploads\/2025\/12\/Charles-Larcher-president-de-la-commission-Education-Formation-et-Emploi-du-MEDEF-Martinique-758x1024.jpg 758w, https:\/\/richeskarayib.com\/wp-content\/uploads\/2025\/12\/Charles-Larcher-president-de-la-commission-Education-Formation-et-Emploi-du-MEDEF-Martinique-222x300.jpg 222w, https:\/\/richeskarayib.com\/wp-content\/uploads\/2025\/12\/Charles-Larcher-president-de-la-commission-Education-Formation-et-Emploi-du-MEDEF-Martinique-768x1037.jpg 768w, https:\/\/richeskarayib.com\/wp-content\/uploads\/2025\/12\/Charles-Larcher-president-de-la-commission-Education-Formation-et-Emploi-du-MEDEF-Martinique-1138x1536.jpg 1138w, https:\/\/richeskarayib.com\/wp-content\/uploads\/2025\/12\/Charles-Larcher-president-de-la-commission-Education-Formation-et-Emploi-du-MEDEF-Martinique-1320x1782.jpg 1320w, https:\/\/richeskarayib.com\/wp-content\/uploads\/2025\/12\/Charles-Larcher-president-de-la-commission-Education-Formation-et-Emploi-du-MEDEF-Martinique.jpg 1422w\" sizes=\"(max-width: 758px) 100vw, 758px\" \/>\t\t\t\t\t\t\t\t\t\t\t\t\t\t\t<\/div>\n\t\t\t\t<\/div>\n\t\t\t\t\t<\/div>\n\t\t<\/div>\n\t\t\t\t\t<\/div>\n\t\t<\/section>\n\t\t\t\t\t<\/div>\n\t\t<\/div>\n\t\t\t\t\t<\/div>\n\t\t<\/section>\n\t\t\t\t<section class=\"elementor-section elementor-top-section elementor-element elementor-element-baa841a elementor-section-boxed elementor-section-height-default elementor-section-height-default\" data-id=\"baa841a\" data-element_type=\"section\">\n\t\t\t\t\t\t<div class=\"elementor-container elementor-column-gap-default\">\n\t\t\t\t\t<div class=\"elementor-column elementor-col-100 elementor-top-column elementor-element elementor-element-4883545\" data-id=\"4883545\" data-element_type=\"column\">\n\t\t\t<div class=\"elementor-widget-wrap elementor-element-populated\">\n\t\t\t\t\t\t<div class=\"elementor-element elementor-element-cca5a9c elementor-widget elementor-widget-heading\" data-id=\"cca5a9c\" data-element_type=\"widget\" data-widget_type=\"heading.default\">\n\t\t\t\t<div class=\"elementor-widget-container\">\n\t\t\t\t\t<h2 class=\"elementor-heading-title elementor-size-default\">L\u2019attractivit\u00e9 comme responsabilit\u00e9 collective<\/h2>\t\t\t\t<\/div>\n\t\t\t\t<\/div>\n\t\t\t\t<section class=\"elementor-section elementor-inner-section elementor-element elementor-element-20418c3 elementor-section-boxed elementor-section-height-default elementor-section-height-default\" data-id=\"20418c3\" data-element_type=\"section\">\n\t\t\t\t\t\t<div class=\"elementor-container elementor-column-gap-default\">\n\t\t\t\t\t<div class=\"elementor-column elementor-col-100 elementor-inner-column elementor-element elementor-element-5c5f356\" data-id=\"5c5f356\" data-element_type=\"column\">\n\t\t\t<div class=\"elementor-widget-wrap elementor-element-populated\">\n\t\t\t\t\t\t<div class=\"elementor-element elementor-element-b0344f9 elementor-widget elementor-widget-text-editor\" data-id=\"b0344f9\" data-element_type=\"widget\" data-widget_type=\"text-editor.default\">\n\t\t\t\t<div class=\"elementor-widget-container\">\n\t\t\t\t\t\t\t\t\t<p><span style=\"font-weight: 400;\">Au terme de cette troisi\u00e8me \u00e9dition de La Rencontre du Monde \u00c9conomique, une certitude s\u2019impose : l\u2019attractivit\u00e9 de la Martinique ne se r\u00e9sume ni \u00e0 un slogan, ni \u00e0 un dispositif isol\u00e9. Elle est le r\u00e9sultat d\u2019un \u00e9quilibre fragile entre stabilit\u00e9, lisibilit\u00e9 des r\u00e8gles, qualit\u00e9 des infrastructures, capacit\u00e9 \u00e0 produire localement, ouverture r\u00e9gionale et confiance collective. Une construction patiente, exigeante, qui engage autant les entreprises que les institutions publiques.<\/span><\/p>\t\t\t\t\t\t\t\t<\/div>\n\t\t\t\t<\/div>\n\t\t\t\t<div class=\"elementor-element elementor-element-698c130 elementor-widget elementor-widget-text-editor\" data-id=\"698c130\" data-element_type=\"widget\" data-widget_type=\"text-editor.default\">\n\t\t\t\t<div class=\"elementor-widget-container\">\n\t\t\t\t\t\t\t\t\t<p><span style=\"font-weight: 400;\">Des d\u00e9bats sur les co\u00fbts structurels \u00e0 ceux sur la transition \u00e9nerg\u00e9tique, de l\u2019intelligence artificielle \u00e0 la connectivit\u00e9 a\u00e9rienne et maritime, de la comp\u00e9titivit\u00e9 des entreprises \u00e0 la formation des comp\u00e9tences, chaque panel a rappel\u00e9 que les trajectoires \u00e9conomiques ne se d\u00e9cr\u00e8tent pas. Elles se construisent par des choix coh\u00e9rents, assum\u00e9s dans le temps, et par une vision capable d\u2019embarquer les forces vives du territoire.<\/span><\/p>\t\t\t\t\t\t\t\t<\/div>\n\t\t\t\t<\/div>\n\t\t\t\t<div class=\"elementor-element elementor-element-e2d3707 elementor-widget elementor-widget-text-editor\" data-id=\"e2d3707\" data-element_type=\"widget\" data-widget_type=\"text-editor.default\">\n\t\t\t\t<div class=\"elementor-widget-container\">\n\t\t\t\t\t\t\t\t\t<p><span style=\"font-weight: 400;\">La question de la jeunesse, omnipr\u00e9sente tout au long de la matin\u00e9e, en est sans doute le r\u00e9v\u00e9lateur le plus fort. Former, attirer, retenir, mais aussi donner envie de revenir : l\u2019attractivit\u00e9 humaine conditionne d\u00e9sormais l\u2019attractivit\u00e9 \u00e9conomique. Un territoire qui ne propose pas de perspectives cr\u00e9dibles \u00e0 sa jeunesse fragilise durablement son avenir.<\/span><\/p><p><span style=\"font-weight: 400;\">\u00c0 travers cette Rencontre, le <\/span><b>MEDEF Martinique<\/b><span style=\"font-weight: 400;\"> a pos\u00e9 un cadre clair : celui d\u2019une \u00e9conomie qui refuse le renoncement, mais qui ne peut plus se contenter de r\u00e9silience. L\u2019enjeu est d\u00e9sormais de transformer l\u2019endurance en projet collectif, et de faire de l\u2019attractivit\u00e9 non pas un objectif abstrait, mais une responsabilit\u00e9 partag\u00e9e, inscrite dans la dur\u00e9e et ouverte sur la Grande Cara\u00efbe.<\/span><\/p>\t\t\t\t\t\t\t\t<\/div>\n\t\t\t\t<\/div>\n\t\t\t\t\t<\/div>\n\t\t<\/div>\n\t\t\t\t\t<\/div>\n\t\t<\/section>\n\t\t\t\t<section class=\"elementor-section elementor-inner-section elementor-element elementor-element-63b44d3 elementor-section-boxed elementor-section-height-default elementor-section-height-default\" data-id=\"63b44d3\" data-element_type=\"section\">\n\t\t\t\t\t\t<div class=\"elementor-container elementor-column-gap-default\">\n\t\t\t\t\t<div class=\"elementor-column elementor-col-50 elementor-inner-column elementor-element elementor-element-360d670\" data-id=\"360d670\" data-element_type=\"column\">\n\t\t\t<div class=\"elementor-widget-wrap elementor-element-populated\">\n\t\t\t\t\t\t<div class=\"elementor-element elementor-element-e6ea6fd elementor-widget elementor-widget-image\" data-id=\"e6ea6fd\" data-element_type=\"widget\" data-widget_type=\"image.default\">\n\t\t\t\t<div class=\"elementor-widget-container\">\n\t\t\t\t\t\t\t\t\t\t\t\t\t\t\t<img loading=\"lazy\" decoding=\"async\" width=\"800\" height=\"380\" src=\"https:\/\/richeskarayib.com\/wp-content\/uploads\/2025\/12\/20251217_091058-1024x486.jpg\" class=\"attachment-large size-large wp-image-67252\" alt=\"MEDEF\" srcset=\"https:\/\/richeskarayib.com\/wp-content\/uploads\/2025\/12\/20251217_091058-1024x486.jpg 1024w, https:\/\/richeskarayib.com\/wp-content\/uploads\/2025\/12\/20251217_091058-300x143.jpg 300w, https:\/\/richeskarayib.com\/wp-content\/uploads\/2025\/12\/20251217_091058-768x365.jpg 768w, https:\/\/richeskarayib.com\/wp-content\/uploads\/2025\/12\/20251217_091058-1536x730.jpg 1536w, https:\/\/richeskarayib.com\/wp-content\/uploads\/2025\/12\/20251217_091058-1320x627.jpg 1320w, https:\/\/richeskarayib.com\/wp-content\/uploads\/2025\/12\/20251217_091058.jpg 1920w\" sizes=\"(max-width: 800px) 100vw, 800px\" \/>\t\t\t\t\t\t\t\t\t\t\t\t\t\t\t<\/div>\n\t\t\t\t<\/div>\n\t\t\t\t\t<\/div>\n\t\t<\/div>\n\t\t\t\t<div class=\"elementor-column elementor-col-50 elementor-inner-column elementor-element elementor-element-48776d0\" data-id=\"48776d0\" data-element_type=\"column\">\n\t\t\t<div class=\"elementor-widget-wrap elementor-element-populated\">\n\t\t\t\t\t\t<div class=\"elementor-element elementor-element-82b9ee0 elementor-widget elementor-widget-image\" data-id=\"82b9ee0\" data-element_type=\"widget\" data-widget_type=\"image.default\">\n\t\t\t\t<div class=\"elementor-widget-container\">\n\t\t\t\t\t\t\t\t\t\t\t\t\t\t\t<img loading=\"lazy\" decoding=\"async\" width=\"800\" height=\"340\" src=\"https:\/\/richeskarayib.com\/wp-content\/uploads\/2025\/12\/20251217_102642-1024x435.jpg\" class=\"attachment-large size-large wp-image-67256\" alt=\"MEDEF\" srcset=\"https:\/\/richeskarayib.com\/wp-content\/uploads\/2025\/12\/20251217_102642-1024x435.jpg 1024w, https:\/\/richeskarayib.com\/wp-content\/uploads\/2025\/12\/20251217_102642-300x127.jpg 300w, https:\/\/richeskarayib.com\/wp-content\/uploads\/2025\/12\/20251217_102642-768x326.jpg 768w, https:\/\/richeskarayib.com\/wp-content\/uploads\/2025\/12\/20251217_102642-1536x652.jpg 1536w, https:\/\/richeskarayib.com\/wp-content\/uploads\/2025\/12\/20251217_102642-1320x560.jpg 1320w, https:\/\/richeskarayib.com\/wp-content\/uploads\/2025\/12\/20251217_102642.jpg 1920w\" sizes=\"(max-width: 800px) 100vw, 800px\" \/>\t\t\t\t\t\t\t\t\t\t\t\t\t\t\t<\/div>\n\t\t\t\t<\/div>\n\t\t\t\t\t<\/div>\n\t\t<\/div>\n\t\t\t\t\t<\/div>\n\t\t<\/section>\n\t\t\t\t\t<\/div>\n\t\t<\/div>\n\t\t\t\t\t<\/div>\n\t\t<\/section>\n\t\t\t\t<section class=\"elementor-section elementor-top-section elementor-element elementor-element-c9d5708 elementor-section-boxed elementor-section-height-default elementor-section-height-default\" data-id=\"c9d5708\" data-element_type=\"section\">\n\t\t\t\t\t\t<div class=\"elementor-container elementor-column-gap-default\">\n\t\t\t\t\t<div class=\"elementor-column elementor-col-100 elementor-top-column elementor-element elementor-element-f856576\" data-id=\"f856576\" data-element_type=\"column\">\n\t\t\t<div class=\"elementor-widget-wrap elementor-element-populated\">\n\t\t\t\t\t\t<section class=\"elementor-section elementor-inner-section elementor-element elementor-element-c731c95 elementor-section-boxed elementor-section-height-default elementor-section-height-default\" data-id=\"c731c95\" data-element_type=\"section\">\n\t\t\t\t\t\t<div class=\"elementor-container elementor-column-gap-default\">\n\t\t\t\t\t<div class=\"elementor-column elementor-col-100 elementor-inner-column elementor-element elementor-element-1841fe0\" data-id=\"1841fe0\" data-element_type=\"column\">\n\t\t\t<div class=\"elementor-widget-wrap elementor-element-populated\">\n\t\t\t\t\t\t<div class=\"elementor-element elementor-element-9c42147 elementor-widget elementor-widget-heading\" data-id=\"9c42147\" data-element_type=\"widget\" data-widget_type=\"heading.default\">\n\t\t\t\t<div class=\"elementor-widget-container\">\n\t\t\t\t\t<h2 class=\"elementor-heading-title elementor-size-default\">FAQ<\/h2>\t\t\t\t<\/div>\n\t\t\t\t<\/div>\n\t\t\t\t<div class=\"elementor-element elementor-element-1666ae5 elementor-widget elementor-widget-accordion\" data-id=\"1666ae5\" data-element_type=\"widget\" data-widget_type=\"accordion.default\">\n\t\t\t\t<div class=\"elementor-widget-container\">\n\t\t\t\t\t\t\t<div class=\"elementor-accordion\">\n\t\t\t\t\t\t\t<div class=\"elementor-accordion-item\">\n\t\t\t\t\t<div id=\"elementor-tab-title-2341\" class=\"elementor-tab-title\" data-tab=\"1\" role=\"button\" aria-controls=\"elementor-tab-content-2341\" aria-expanded=\"false\">\n\t\t\t\t\t\t\t\t\t\t\t\t\t<span class=\"elementor-accordion-icon elementor-accordion-icon-left\" aria-hidden=\"true\">\n\t\t\t\t\t\t\t\t\t\t\t\t\t\t\t<span class=\"elementor-accordion-icon-closed\"><i class=\"fas fa-plus\"><\/i><\/span>\n\t\t\t\t\t\t\t\t<span class=\"elementor-accordion-icon-opened\"><i class=\"fas fa-minus\"><\/i><\/span>\n\t\t\t\t\t\t\t\t\t\t\t\t\t\t<\/span>\n\t\t\t\t\t\t\t\t\t\t\t\t<a class=\"elementor-accordion-title\" tabindex=\"0\">Qu\u2019est-ce que La Rencontre du Monde \u00c9conomique organis\u00e9e par le MEDEF Martinique ?<\/a>\n\t\t\t\t\t<\/div>\n\t\t\t\t\t<div id=\"elementor-tab-content-2341\" class=\"elementor-tab-content elementor-clearfix\" data-tab=\"1\" role=\"region\" aria-labelledby=\"elementor-tab-title-2341\"><p><span style=\"font-weight: 400;\">La Rencontre du Monde \u00c9conomique est un \u00e9v\u00e9nement annuel organis\u00e9 par le <\/span><b>MEDEF Martinique<\/b><span style=\"font-weight: 400;\">. Il r\u00e9unit chefs d\u2019entreprise, repr\u00e9sentants de l\u2019\u00c9tat, \u00e9lus et acteurs de la formation afin d\u2019\u00e9changer sur les grands enjeux \u00e9conomiques du territoire et d\u2019identifier des leviers concrets de transformation.<\/span><\/p><\/div>\n\t\t\t\t<\/div>\n\t\t\t\t\t\t\t<div class=\"elementor-accordion-item\">\n\t\t\t\t\t<div id=\"elementor-tab-title-2342\" class=\"elementor-tab-title\" data-tab=\"2\" role=\"button\" aria-controls=\"elementor-tab-content-2342\" aria-expanded=\"false\">\n\t\t\t\t\t\t\t\t\t\t\t\t\t<span class=\"elementor-accordion-icon elementor-accordion-icon-left\" aria-hidden=\"true\">\n\t\t\t\t\t\t\t\t\t\t\t\t\t\t\t<span class=\"elementor-accordion-icon-closed\"><i class=\"fas fa-plus\"><\/i><\/span>\n\t\t\t\t\t\t\t\t<span class=\"elementor-accordion-icon-opened\"><i class=\"fas fa-minus\"><\/i><\/span>\n\t\t\t\t\t\t\t\t\t\t\t\t\t\t<\/span>\n\t\t\t\t\t\t\t\t\t\t\t\t<a class=\"elementor-accordion-title\" tabindex=\"0\">Quels ont \u00e9t\u00e9 les principaux th\u00e8mes abord\u00e9s lors de cette \u00e9dition ?<\/a>\n\t\t\t\t\t<\/div>\n\t\t\t\t\t<div id=\"elementor-tab-content-2342\" class=\"elementor-tab-content elementor-clearfix\" data-tab=\"2\" role=\"region\" aria-labelledby=\"elementor-tab-title-2342\"><p><span style=\"font-weight: 400;\">Cette troisi\u00e8me \u00e9dition du MEDEF Martinique a port\u00e9 sur plusieurs axes majeurs : la stabilit\u00e9 \u00e9conomique et institutionnelle, les co\u00fbts structurels et la fiscalit\u00e9 Outre-mer, la transformation des entreprises (num\u00e9rique, IA, transition \u00e9nerg\u00e9tique), l\u2019attractivit\u00e9 \u00e9conomique et touristique, ainsi que la jeunesse, les comp\u00e9tences et la transmission.<\/span><\/p><\/div>\n\t\t\t\t<\/div>\n\t\t\t\t\t\t\t<div class=\"elementor-accordion-item\">\n\t\t\t\t\t<div id=\"elementor-tab-title-2343\" class=\"elementor-tab-title\" data-tab=\"3\" role=\"button\" aria-controls=\"elementor-tab-content-2343\" aria-expanded=\"false\">\n\t\t\t\t\t\t\t\t\t\t\t\t\t<span class=\"elementor-accordion-icon elementor-accordion-icon-left\" aria-hidden=\"true\">\n\t\t\t\t\t\t\t\t\t\t\t\t\t\t\t<span class=\"elementor-accordion-icon-closed\"><i class=\"fas fa-plus\"><\/i><\/span>\n\t\t\t\t\t\t\t\t<span class=\"elementor-accordion-icon-opened\"><i class=\"fas fa-minus\"><\/i><\/span>\n\t\t\t\t\t\t\t\t\t\t\t\t\t\t<\/span>\n\t\t\t\t\t\t\t\t\t\t\t\t<a class=\"elementor-accordion-title\" tabindex=\"0\">Pourquoi cette rencontre est-elle strat\u00e9gique pour l\u2019avenir \u00e9conomique de la Martinique ?<\/a>\n\t\t\t\t\t<\/div>\n\t\t\t\t\t<div id=\"elementor-tab-content-2343\" class=\"elementor-tab-content elementor-clearfix\" data-tab=\"3\" role=\"region\" aria-labelledby=\"elementor-tab-title-2343\"><p><span style=\"font-weight: 400;\">Parce qu\u2019elle permet au <\/span><b>MEDEF<\/b><span style=\"font-weight: 400;\"> et \u00e0 l\u2019ensemble des acteurs \u00e9conomiques et institutionnels de confronter les r\u00e9alit\u00e9s du terrain, de poser les limites des dispositifs actuels et de r\u00e9fl\u00e9chir collectivement \u00e0 des solutions durables pour renforcer l\u2019attractivit\u00e9, la comp\u00e9titivit\u00e9 et l\u2019emploi en Martinique.<\/span><\/p><\/div>\n\t\t\t\t<\/div>\n\t\t\t\t\t\t\t\t<\/div>\n\t\t\t\t\t\t<\/div>\n\t\t\t\t<\/div>\n\t\t\t\t\t<\/div>\n\t\t<\/div>\n\t\t\t\t\t<\/div>\n\t\t<\/section>\n\t\t\t\t\t<\/div>\n\t\t<\/div>\n\t\t\t\t\t<\/div>\n\t\t<\/section>\n\t\t\t\t<\/div>\n\t\t","protected":false},"excerpt":{"rendered":"<p>Dans un contexte marqu\u00e9 par les tensions \u00e9conomiques, les transitions acc\u00e9l\u00e9r\u00e9es, la Martinique s\u2019interroge sur sa capacit\u00e9 \u00e0 rester attractive, cr\u00e9dible et d\u00e9sirable. Attractive pour les investisseurs, pour les entrepreneurs, pour les talents, mais aussi pour sa propre jeunesse, appel\u00e9e \u00e0 choisir entre partir, rester ou revenir. C\u2019est autour de ces enjeux que s\u2019est tenue [&hellip;]<\/p>\n","protected":false},"author":662,"featured_media":67172,"comment_status":"open","ping_status":"open","sticky":false,"template":"","format":"standard","meta":{"_acf_changed":false,"footnotes":""},"categories":[840],"tags":[808],"class_list":["post-67171","post","type-post","status-publish","format-standard","has-post-thumbnail","hentry","category-actus","tag-martinique-fr"],"acf":[],"_links":{"self":[{"href":"https:\/\/richeskarayib.com\/fr\/wp-json\/wp\/v2\/posts\/67171","targetHints":{"allow":["GET"]}}],"collection":[{"href":"https:\/\/richeskarayib.com\/fr\/wp-json\/wp\/v2\/posts"}],"about":[{"href":"https:\/\/richeskarayib.com\/fr\/wp-json\/wp\/v2\/types\/post"}],"author":[{"embeddable":true,"href":"https:\/\/richeskarayib.com\/fr\/wp-json\/wp\/v2\/users\/662"}],"replies":[{"embeddable":true,"href":"https:\/\/richeskarayib.com\/fr\/wp-json\/wp\/v2\/comments?post=67171"}],"version-history":[{"count":0,"href":"https:\/\/richeskarayib.com\/fr\/wp-json\/wp\/v2\/posts\/67171\/revisions"}],"wp:featuredmedia":[{"embeddable":true,"href":"https:\/\/richeskarayib.com\/fr\/wp-json\/wp\/v2\/media\/67172"}],"wp:attachment":[{"href":"https:\/\/richeskarayib.com\/fr\/wp-json\/wp\/v2\/media?parent=67171"}],"wp:term":[{"taxonomy":"category","embeddable":true,"href":"https:\/\/richeskarayib.com\/fr\/wp-json\/wp\/v2\/categories?post=67171"},{"taxonomy":"post_tag","embeddable":true,"href":"https:\/\/richeskarayib.com\/fr\/wp-json\/wp\/v2\/tags?post=67171"}],"curies":[{"name":"wp","href":"https:\/\/api.w.org\/{rel}","templated":true}]}}