{"id":67514,"date":"2025-12-30T13:58:29","date_gmt":"2025-12-30T17:58:29","guid":{"rendered":"https:\/\/richeskarayib.com\/?p=67514"},"modified":"2026-01-09T22:23:25","modified_gmt":"2026-01-10T02:23:25","slug":"alliances-francaises-caraibe-seminaire-rezo","status":"publish","type":"post","link":"https:\/\/richeskarayib.com\/fr\/alliances-francaises-caraibe-seminaire-rezo\/","title":{"rendered":"\u00c0 la rencontre de celles et ceux qui font vivre les Alliances Fran\u00e7aises de la Cara\u00efbe"},"content":{"rendered":"\t\t<div data-elementor-type=\"wp-post\" data-elementor-id=\"67514\" class=\"elementor elementor-67514\" data-elementor-post-type=\"post\">\n\t\t\t\t\t\t<section class=\"elementor-section elementor-top-section elementor-element elementor-element-7ca7ca1 elementor-section-boxed elementor-section-height-default elementor-section-height-default\" data-id=\"7ca7ca1\" data-element_type=\"section\">\n\t\t\t\t\t\t<div class=\"elementor-container elementor-column-gap-default\">\n\t\t\t\t\t<div class=\"elementor-column elementor-col-100 elementor-top-column elementor-element elementor-element-cbdd002\" data-id=\"cbdd002\" data-element_type=\"column\">\n\t\t\t<div class=\"elementor-widget-wrap elementor-element-populated\">\n\t\t\t\t\t\t<section class=\"elementor-section elementor-inner-section elementor-element elementor-element-bc94849 elementor-section-boxed elementor-section-height-default elementor-section-height-default\" data-id=\"bc94849\" data-element_type=\"section\">\n\t\t\t\t\t\t<div class=\"elementor-container elementor-column-gap-default\">\n\t\t\t\t\t\t<\/div>\n\t\t<\/section>\n\t\t\t\t<section class=\"elementor-section elementor-inner-section elementor-element elementor-element-61571e6 elementor-section-boxed elementor-section-height-default elementor-section-height-default\" data-id=\"61571e6\" data-element_type=\"section\">\n\t\t\t\t\t\t<div class=\"elementor-container elementor-column-gap-default\">\n\t\t\t\t\t\t<\/div>\n\t\t<\/section>\n\t\t\t\t<section class=\"elementor-section elementor-inner-section elementor-element elementor-element-b6262e0 elementor-section-boxed elementor-section-height-default elementor-section-height-default\" data-id=\"b6262e0\" data-element_type=\"section\">\n\t\t\t\t\t\t<div class=\"elementor-container elementor-column-gap-default\">\n\t\t\t\t\t\t<\/div>\n\t\t<\/section>\n\t\t\t\t<section class=\"elementor-section elementor-inner-section elementor-element elementor-element-cca29fd elementor-section-boxed elementor-section-height-default elementor-section-height-default\" data-id=\"cca29fd\" data-element_type=\"section\">\n\t\t\t\t\t\t<div class=\"elementor-container elementor-column-gap-default\">\n\t\t\t\t\t\t<\/div>\n\t\t<\/section>\n\t\t\t\t\t<\/div>\n\t\t<\/div>\n\t\t\t\t\t<\/div>\n\t\t<\/section>\n\t\t\t\t<section class=\"elementor-section elementor-top-section elementor-element elementor-element-a6d4222 elementor-section-boxed elementor-section-height-default elementor-section-height-default\" data-id=\"a6d4222\" data-element_type=\"section\">\n\t\t\t\t\t\t<div class=\"elementor-container elementor-column-gap-default\">\n\t\t\t\t\t<div class=\"elementor-column elementor-col-100 elementor-top-column elementor-element elementor-element-ea27f09\" data-id=\"ea27f09\" data-element_type=\"column\">\n\t\t\t<div class=\"elementor-widget-wrap elementor-element-populated\">\n\t\t\t\t\t\t<div class=\"elementor-element elementor-element-0245cc6 elementor-widget elementor-widget-text-editor\" data-id=\"0245cc6\" data-element_type=\"widget\" data-widget_type=\"text-editor.default\">\n\t\t\t\t<div class=\"elementor-widget-container\">\n\t\t\t\t\t\t\t\t\t<p><span style=\"font-weight: 400;\">Le s\u00e9minaire R\u00e9zo 2025, organis\u00e9 \u00e0 Grenade, a r\u00e9uni les directrices et directeurs des <a href=\"https:\/\/afcaraibe.org\/\" target=\"_blank\" rel=\"noopener nofollow\">Alliances Fran\u00e7aises de la Cara\u00efbe<\/a> anglophone autour d\u2019une m\u00eame ambition : consolider les liens entre les territoires et renforcer la vitalit\u00e9 de la francophonie dans la r\u00e9gion.<\/span><\/p><p><span style=\"font-weight: 400;\">Apr\u00e8s avoir explor\u00e9 dans l\u2019article pr\u00e9c\u00e9dent : \u00ab Le r\u00e9seau des Alliances Fran\u00e7aises au c\u0153ur de la Cara\u00efbe : coop\u00e9rer, innover, partager \u00bb la vision institutionnelle et strat\u00e9gique de cette coop\u00e9ration r\u00e9gionale, Rich\u00e8s Karayib met ici en lumi\u00e8re celles et ceux qui en sont le c\u0153ur battant.<\/span><\/p><p><span style=\"font-weight: 400;\">Pendant plusieurs jours, les participantes et participants ont partag\u00e9 leurs exp\u00e9riences, leurs d\u00e9fis et leurs r\u00e9ussites, r\u00e9v\u00e9lant une conviction commune : faire vivre la culture et la francophonie au plus pr\u00e8s des populations carib\u00e9ennes via les Alliances Fran\u00e7aises.<\/span><\/p>\t\t\t\t\t\t\t\t<\/div>\n\t\t\t\t<\/div>\n\t\t\t\t<section class=\"elementor-section elementor-inner-section elementor-element elementor-element-45a127d elementor-section-boxed elementor-section-height-default elementor-section-height-default\" data-id=\"45a127d\" data-element_type=\"section\">\n\t\t\t\t\t\t<div class=\"elementor-container elementor-column-gap-default\">\n\t\t\t\t\t<div class=\"elementor-column elementor-col-50 elementor-inner-column elementor-element elementor-element-4c8fd40\" data-id=\"4c8fd40\" data-element_type=\"column\">\n\t\t\t<div class=\"elementor-widget-wrap elementor-element-populated\">\n\t\t\t\t\t\t<div class=\"elementor-element elementor-element-3dd15ab elementor-widget elementor-widget-image\" data-id=\"3dd15ab\" data-element_type=\"widget\" data-widget_type=\"image.default\">\n\t\t\t\t<div class=\"elementor-widget-container\">\n\t\t\t\t\t\t\t\t\t\t\t\t\t\t\t<img fetchpriority=\"high\" decoding=\"async\" width=\"800\" height=\"370\" src=\"https:\/\/richeskarayib.com\/wp-content\/uploads\/2025\/12\/20251008_111835-1024x473.jpg\" class=\"attachment-large size-large wp-image-67519\" alt=\"Alliances Fran\u00e7aises\" srcset=\"https:\/\/richeskarayib.com\/wp-content\/uploads\/2025\/12\/20251008_111835-1024x473.jpg 1024w, https:\/\/richeskarayib.com\/wp-content\/uploads\/2025\/12\/20251008_111835-300x139.jpg 300w, https:\/\/richeskarayib.com\/wp-content\/uploads\/2025\/12\/20251008_111835-768x355.jpg 768w, https:\/\/richeskarayib.com\/wp-content\/uploads\/2025\/12\/20251008_111835-1536x710.jpg 1536w, https:\/\/richeskarayib.com\/wp-content\/uploads\/2025\/12\/20251008_111835-1320x610.jpg 1320w, https:\/\/richeskarayib.com\/wp-content\/uploads\/2025\/12\/20251008_111835.jpg 1920w\" sizes=\"(max-width: 800px) 100vw, 800px\" \/>\t\t\t\t\t\t\t\t\t\t\t\t\t\t\t<\/div>\n\t\t\t\t<\/div>\n\t\t\t\t\t<\/div>\n\t\t<\/div>\n\t\t\t\t<div class=\"elementor-column elementor-col-50 elementor-inner-column elementor-element elementor-element-5a02f2b\" data-id=\"5a02f2b\" data-element_type=\"column\">\n\t\t\t<div class=\"elementor-widget-wrap elementor-element-populated\">\n\t\t\t\t\t\t<div class=\"elementor-element elementor-element-8ff33d7 elementor-widget elementor-widget-image\" data-id=\"8ff33d7\" data-element_type=\"widget\" data-widget_type=\"image.default\">\n\t\t\t\t<div class=\"elementor-widget-container\">\n\t\t\t\t\t\t\t\t\t\t\t\t\t\t\t<img decoding=\"async\" width=\"800\" height=\"370\" src=\"https:\/\/richeskarayib.com\/wp-content\/uploads\/2025\/12\/20251008_112415-1024x473.jpg\" class=\"attachment-large size-large wp-image-67523\" alt=\"Alliances Fran\u00e7aises\" srcset=\"https:\/\/richeskarayib.com\/wp-content\/uploads\/2025\/12\/20251008_112415-1024x473.jpg 1024w, https:\/\/richeskarayib.com\/wp-content\/uploads\/2025\/12\/20251008_112415-300x139.jpg 300w, https:\/\/richeskarayib.com\/wp-content\/uploads\/2025\/12\/20251008_112415-768x355.jpg 768w, https:\/\/richeskarayib.com\/wp-content\/uploads\/2025\/12\/20251008_112415-1536x710.jpg 1536w, https:\/\/richeskarayib.com\/wp-content\/uploads\/2025\/12\/20251008_112415-1320x610.jpg 1320w, https:\/\/richeskarayib.com\/wp-content\/uploads\/2025\/12\/20251008_112415.jpg 1920w\" sizes=\"(max-width: 800px) 100vw, 800px\" \/>\t\t\t\t\t\t\t\t\t\t\t\t\t\t\t<\/div>\n\t\t\t\t<\/div>\n\t\t\t\t\t<\/div>\n\t\t<\/div>\n\t\t\t\t\t<\/div>\n\t\t<\/section>\n\t\t\t\t\t<\/div>\n\t\t<\/div>\n\t\t\t\t\t<\/div>\n\t\t<\/section>\n\t\t\t\t<section class=\"elementor-section elementor-top-section elementor-element elementor-element-e1fea79 elementor-section-boxed elementor-section-height-default elementor-section-height-default\" data-id=\"e1fea79\" data-element_type=\"section\">\n\t\t\t\t\t\t<div class=\"elementor-container elementor-column-gap-default\">\n\t\t\t\t\t<div class=\"elementor-column elementor-col-100 elementor-top-column elementor-element elementor-element-6d0be76\" data-id=\"6d0be76\" data-element_type=\"column\">\n\t\t\t<div class=\"elementor-widget-wrap elementor-element-populated\">\n\t\t\t\t\t\t<div class=\"elementor-element elementor-element-a310b25 elementor-widget elementor-widget-heading\" data-id=\"a310b25\" data-element_type=\"widget\" data-widget_type=\"heading.default\">\n\t\t\t\t<div class=\"elementor-widget-container\">\n\t\t\t\t\t<h2 class=\"elementor-heading-title elementor-size-default\">Une rencontre indispensable pour un r\u00e9seau \u00e9clat\u00e9<\/h2>\t\t\t\t<\/div>\n\t\t\t\t<\/div>\n\t\t\t\t<div class=\"elementor-element elementor-element-bbb62ae elementor-widget elementor-widget-text-editor\" data-id=\"bbb62ae\" data-element_type=\"widget\" data-widget_type=\"text-editor.default\">\n\t\t\t\t<div class=\"elementor-widget-container\">\n\t\t\t\t\t\t\t\t\t<p><span style=\"font-weight: 400;\">Chaque Alliance Fran\u00e7aise agit sur une \u00eele, souvent isol\u00e9e g\u00e9ographiquement. Ce s\u00e9minaire, organis\u00e9 avec le soutien du Service de Coop\u00e9ration et d\u2019Action Culturelle (SCAC) de l\u2019Ambassade de France \u00e0 Sainte-Lucie, a \u00e9t\u00e9 un v\u00e9ritable moment d\u2019oxyg\u00e8ne pour le r\u00e9seau des <a href=\"https:\/\/richeskarayib.com\/fr\/reseau-des-alliances-francaises-de-la-caraibe\/\" target=\"_blank\" rel=\"noopener\">Alliances Fran\u00e7aises<\/a>. <\/span><span style=\"font-weight: 400;\">Les directrices et directeurs ont soulign\u00e9 combien ces rencontres repr\u00e9sentent une \u00e9tape essentielle: elles permettent d\u2019\u00e9changer des outils, de confronter les r\u00e9alit\u00e9s locales et de trouver ensemble des solutions concr\u00e8tes aux d\u00e9fis partag\u00e9s. <\/span><span style=\"font-weight: 400;\">Tous ont insist\u00e9 sur la force du collectif, la richesse des \u00e9changes dans un environnement anglophone et la compl\u00e9mentarit\u00e9 des approches entre territoires.<\/span><\/p>\t\t\t\t\t\t\t\t<\/div>\n\t\t\t\t<\/div>\n\t\t\t\t<div class=\"elementor-element elementor-element-56c2df3 elementor-widget elementor-widget-text-editor\" data-id=\"56c2df3\" data-element_type=\"widget\" data-widget_type=\"text-editor.default\">\n\t\t\t\t<div class=\"elementor-widget-container\">\n\t\t\t\t\t\t\t\t\t<p><span style=\"font-weight: 400;\">Ces moments offrent \u00e0 la fois une dimension humaine et formatrice : ils redonnent de l\u2019\u00e9nergie, renforcent la solidarit\u00e9 et rappellent que, malgr\u00e9 la diversit\u00e9 des contextes, les Alliances Fran\u00e7aises avancent avec une m\u00eame ambition \u2014 faire vivre et rayonner la francophonie dans la Cara\u00efbe. <\/span><span style=\"font-weight: 400;\">Du point de vue institutionnel, Christiane Bourgeois, conseill\u00e8re de coop\u00e9ration et d\u2019action culturelle, a rappel\u00e9 que ce s\u00e9minaire annuel est le seul moment o\u00f9 l\u2019ensemble des directrices et directeurs peut se retrouver pour \u00e9changer sur les r\u00e9ussites, les difficult\u00e9s et les perspectives communes.<\/span><\/p>\t\t\t\t\t\t\t\t<\/div>\n\t\t\t\t<\/div>\n\t\t\t\t<section class=\"elementor-section elementor-inner-section elementor-element elementor-element-b5a0904 elementor-section-boxed elementor-section-height-default elementor-section-height-default\" data-id=\"b5a0904\" data-element_type=\"section\">\n\t\t\t\t\t\t<div class=\"elementor-container elementor-column-gap-default\">\n\t\t\t\t\t<div class=\"elementor-column elementor-col-50 elementor-inner-column elementor-element elementor-element-06488fe\" data-id=\"06488fe\" data-element_type=\"column\">\n\t\t\t<div class=\"elementor-widget-wrap elementor-element-populated\">\n\t\t\t\t\t\t<div class=\"elementor-element elementor-element-b320d86 elementor-widget elementor-widget-image\" data-id=\"b320d86\" data-element_type=\"widget\" data-widget_type=\"image.default\">\n\t\t\t\t<div class=\"elementor-widget-container\">\n\t\t\t\t\t\t\t\t\t\t\t\t\t\t\t<img decoding=\"async\" width=\"800\" height=\"370\" src=\"https:\/\/richeskarayib.com\/wp-content\/uploads\/2025\/12\/20251008_200454-1024x473.jpg\" class=\"attachment-large size-large wp-image-67527\" alt=\"Alliances Fran\u00e7aises\" srcset=\"https:\/\/richeskarayib.com\/wp-content\/uploads\/2025\/12\/20251008_200454-1024x473.jpg 1024w, https:\/\/richeskarayib.com\/wp-content\/uploads\/2025\/12\/20251008_200454-300x139.jpg 300w, https:\/\/richeskarayib.com\/wp-content\/uploads\/2025\/12\/20251008_200454-768x355.jpg 768w, https:\/\/richeskarayib.com\/wp-content\/uploads\/2025\/12\/20251008_200454-1536x710.jpg 1536w, https:\/\/richeskarayib.com\/wp-content\/uploads\/2025\/12\/20251008_200454-1320x610.jpg 1320w, https:\/\/richeskarayib.com\/wp-content\/uploads\/2025\/12\/20251008_200454.jpg 1920w\" sizes=\"(max-width: 800px) 100vw, 800px\" \/>\t\t\t\t\t\t\t\t\t\t\t\t\t\t\t<\/div>\n\t\t\t\t<\/div>\n\t\t\t\t\t<\/div>\n\t\t<\/div>\n\t\t\t\t<div class=\"elementor-column elementor-col-50 elementor-inner-column elementor-element elementor-element-4cf1e60\" data-id=\"4cf1e60\" data-element_type=\"column\">\n\t\t\t<div class=\"elementor-widget-wrap elementor-element-populated\">\n\t\t\t\t\t\t<div class=\"elementor-element elementor-element-7e01351 elementor-widget elementor-widget-image\" data-id=\"7e01351\" data-element_type=\"widget\" data-widget_type=\"image.default\">\n\t\t\t\t<div class=\"elementor-widget-container\">\n\t\t\t\t\t\t\t\t\t\t\t\t\t\t\t<img loading=\"lazy\" decoding=\"async\" width=\"800\" height=\"370\" src=\"https:\/\/richeskarayib.com\/wp-content\/uploads\/2025\/12\/20251008_202023-1024x473.jpg\" class=\"attachment-large size-large wp-image-67531\" alt=\"Alliances Fran\u00e7aises\" srcset=\"https:\/\/richeskarayib.com\/wp-content\/uploads\/2025\/12\/20251008_202023-1024x473.jpg 1024w, https:\/\/richeskarayib.com\/wp-content\/uploads\/2025\/12\/20251008_202023-300x139.jpg 300w, https:\/\/richeskarayib.com\/wp-content\/uploads\/2025\/12\/20251008_202023-768x355.jpg 768w, https:\/\/richeskarayib.com\/wp-content\/uploads\/2025\/12\/20251008_202023-1536x710.jpg 1536w, https:\/\/richeskarayib.com\/wp-content\/uploads\/2025\/12\/20251008_202023-1320x610.jpg 1320w, https:\/\/richeskarayib.com\/wp-content\/uploads\/2025\/12\/20251008_202023.jpg 1920w\" sizes=\"(max-width: 800px) 100vw, 800px\" \/>\t\t\t\t\t\t\t\t\t\t\t\t\t\t\t<\/div>\n\t\t\t\t<\/div>\n\t\t\t\t\t<\/div>\n\t\t<\/div>\n\t\t\t\t\t<\/div>\n\t\t<\/section>\n\t\t\t\t<div class=\"elementor-element elementor-element-d4801c0 elementor-widget elementor-widget-text-editor\" data-id=\"d4801c0\" data-element_type=\"widget\" data-widget_type=\"text-editor.default\">\n\t\t\t\t<div class=\"elementor-widget-container\">\n\t\t\t\t\t\t\t\t\t<p><span style=\"font-weight: 400;\">Neuf territoires, neuf r\u00e9alit\u00e9s, mais une m\u00eame conviction: ces temps d\u2019\u00e9change sont essentiels pour maintenir la dynamique du r\u00e9seau et renforcer la coop\u00e9ration dans la Cara\u00efbe. <\/span><span style=\"font-weight: 400;\">Au-del\u00e0 de ces \u00e9changes collectifs, c\u2019est sur le terrain que la vitalit\u00e9 du r\u00e9seau des Alliances Fran\u00e7aises prend tout son sens. Chaque Alliance Fran\u00e7aise agit \u00e0 sa mani\u00e8re, en lien avec les r\u00e9alit\u00e9s de son environnement, les langues et les cultures de son territoire.<\/span><\/p>\t\t\t\t\t\t\t\t<\/div>\n\t\t\t\t<\/div>\n\t\t\t\t<section class=\"elementor-section elementor-inner-section elementor-element elementor-element-93356e2 elementor-section-boxed elementor-section-height-default elementor-section-height-default\" data-id=\"93356e2\" data-element_type=\"section\">\n\t\t\t\t\t\t<div class=\"elementor-container elementor-column-gap-default\">\n\t\t\t\t\t<div class=\"elementor-column elementor-col-50 elementor-inner-column elementor-element elementor-element-3c6f551\" data-id=\"3c6f551\" data-element_type=\"column\">\n\t\t\t<div class=\"elementor-widget-wrap elementor-element-populated\">\n\t\t\t\t\t\t<div class=\"elementor-element elementor-element-8bcd894 elementor-widget elementor-widget-image\" data-id=\"8bcd894\" data-element_type=\"widget\" data-widget_type=\"image.default\">\n\t\t\t\t<div class=\"elementor-widget-container\">\n\t\t\t\t\t\t\t\t\t\t\t\t\t\t\t<img loading=\"lazy\" decoding=\"async\" width=\"800\" height=\"370\" src=\"https:\/\/richeskarayib.com\/wp-content\/uploads\/2025\/12\/20251008_111932-1024x473.jpg\" class=\"attachment-large size-large wp-image-67539\" alt=\"Alliances Fran\u00e7aises\" srcset=\"https:\/\/richeskarayib.com\/wp-content\/uploads\/2025\/12\/20251008_111932-1024x473.jpg 1024w, https:\/\/richeskarayib.com\/wp-content\/uploads\/2025\/12\/20251008_111932-300x139.jpg 300w, https:\/\/richeskarayib.com\/wp-content\/uploads\/2025\/12\/20251008_111932-768x355.jpg 768w, https:\/\/richeskarayib.com\/wp-content\/uploads\/2025\/12\/20251008_111932-1536x710.jpg 1536w, https:\/\/richeskarayib.com\/wp-content\/uploads\/2025\/12\/20251008_111932-1320x610.jpg 1320w, https:\/\/richeskarayib.com\/wp-content\/uploads\/2025\/12\/20251008_111932.jpg 1920w\" sizes=\"(max-width: 800px) 100vw, 800px\" \/>\t\t\t\t\t\t\t\t\t\t\t\t\t\t\t<\/div>\n\t\t\t\t<\/div>\n\t\t\t\t\t<\/div>\n\t\t<\/div>\n\t\t\t\t<div class=\"elementor-column elementor-col-50 elementor-inner-column elementor-element elementor-element-10ecfe2\" data-id=\"10ecfe2\" data-element_type=\"column\">\n\t\t\t<div class=\"elementor-widget-wrap elementor-element-populated\">\n\t\t\t\t\t\t<div class=\"elementor-element elementor-element-1bddccf elementor-widget elementor-widget-image\" data-id=\"1bddccf\" data-element_type=\"widget\" data-widget_type=\"image.default\">\n\t\t\t\t<div class=\"elementor-widget-container\">\n\t\t\t\t\t\t\t\t\t\t\t\t\t\t\t<img loading=\"lazy\" decoding=\"async\" width=\"800\" height=\"370\" src=\"https:\/\/richeskarayib.com\/wp-content\/uploads\/2025\/12\/20251008_103633-1024x473.jpg\" class=\"attachment-large size-large wp-image-67535\" alt=\"Alliances Fran\u00e7aises\" srcset=\"https:\/\/richeskarayib.com\/wp-content\/uploads\/2025\/12\/20251008_103633-1024x473.jpg 1024w, https:\/\/richeskarayib.com\/wp-content\/uploads\/2025\/12\/20251008_103633-300x139.jpg 300w, https:\/\/richeskarayib.com\/wp-content\/uploads\/2025\/12\/20251008_103633-768x355.jpg 768w, https:\/\/richeskarayib.com\/wp-content\/uploads\/2025\/12\/20251008_103633-1536x710.jpg 1536w, https:\/\/richeskarayib.com\/wp-content\/uploads\/2025\/12\/20251008_103633-1320x610.jpg 1320w, https:\/\/richeskarayib.com\/wp-content\/uploads\/2025\/12\/20251008_103633.jpg 1920w\" sizes=\"(max-width: 800px) 100vw, 800px\" \/>\t\t\t\t\t\t\t\t\t\t\t\t\t\t\t<\/div>\n\t\t\t\t<\/div>\n\t\t\t\t\t<\/div>\n\t\t<\/div>\n\t\t\t\t\t<\/div>\n\t\t<\/section>\n\t\t\t\t\t<\/div>\n\t\t<\/div>\n\t\t\t\t\t<\/div>\n\t\t<\/section>\n\t\t\t\t<section class=\"elementor-section elementor-top-section elementor-element elementor-element-ee72354 elementor-section-boxed elementor-section-height-default elementor-section-height-default\" data-id=\"ee72354\" data-element_type=\"section\">\n\t\t\t\t\t\t<div class=\"elementor-container elementor-column-gap-default\">\n\t\t\t\t\t<div class=\"elementor-column elementor-col-100 elementor-top-column elementor-element elementor-element-c59d6fe\" data-id=\"c59d6fe\" data-element_type=\"column\">\n\t\t\t<div class=\"elementor-widget-wrap elementor-element-populated\">\n\t\t\t\t\t\t<div class=\"elementor-element elementor-element-ddc6a1e elementor-widget elementor-widget-heading\" data-id=\"ddc6a1e\" data-element_type=\"widget\" data-widget_type=\"heading.default\">\n\t\t\t\t<div class=\"elementor-widget-container\">\n\t\t\t\t\t<h2 class=\"elementor-heading-title elementor-size-default\">Un r\u00e9seau enracin\u00e9 : dix Alliances, un m\u00eame engagement<\/h2>\t\t\t\t<\/div>\n\t\t\t\t<\/div>\n\t\t\t\t<div class=\"elementor-element elementor-element-e57451f elementor-widget elementor-widget-text-editor\" data-id=\"e57451f\" data-element_type=\"widget\" data-widget_type=\"text-editor.default\">\n\t\t\t\t<div class=\"elementor-widget-container\">\n\t\t\t\t\t\t\t\t\t<p><span style=\"font-weight: 400;\">Si leurs contextes diff\u00e8rent, les Alliances Fran\u00e7aises de la Cara\u00efbe anglophone partagent une m\u00eame vocation: enseigner, relier et faire vivre la francophonie au quotidien. Elles s\u2019adaptent aux r\u00e9alit\u00e9s locales avec la m\u00eame conviction: la culture et la langue sont des leviers de lien social, d\u2019ouverture et d\u2019avenir.<\/span><\/p>\t\t\t\t\t\t\t\t<\/div>\n\t\t\t\t<\/div>\n\t\t\t\t<div class=\"elementor-element elementor-element-b5c0e2f elementor-widget elementor-widget-text-editor\" data-id=\"b5c0e2f\" data-element_type=\"widget\" data-widget_type=\"text-editor.default\">\n\t\t\t\t<div class=\"elementor-widget-container\">\n\t\t\t\t\t\t\t\t\t<h3><b>Grenade \u2013 Ilona Forte-Gilbert : enseigner autrement, relier autrement<\/b><\/h3><p><span style=\"font-weight: 400;\">L\u2019Alliance Fran\u00e7aise de Grenade \u00e9volue sans local permanent, une situation que Ilona Forte-Gilbert a su transformer en atout.<\/span><\/p><p><span style=\"font-weight: 400;\">Les cours sont d\u00e9sormais propos\u00e9s en ligne, ce qui permet de maintenir la pr\u00e9sence du fran\u00e7ais et d\u2019atteindre de nouveaux publics. L\u2019Alliance intervient \u00e9galement dans les \u00e9coles \u00e0 travers des activit\u00e9s p\u00e9dagogiques et culturelles men\u00e9es en partenariat avec les enseignants. Des projections et ateliers \u00ab hors les murs \u00bb permettent de garder le contact avec la communaut\u00e9.<\/span><\/p><p><span style=\"font-weight: 400;\">\u00ab Notre priorit\u00e9, c\u2019est de rester pr\u00e9sents et utiles, m\u00eame sans b\u00e2timent. Le num\u00e9rique et les partenariats nous permettent de continuer \u00e0 faire vivre l\u2019Alliance. \u00bb<\/span><\/p>\t\t\t\t\t\t\t\t<\/div>\n\t\t\t\t<\/div>\n\t\t\t\t<section class=\"elementor-section elementor-inner-section elementor-element elementor-element-92e4812 elementor-section-boxed elementor-section-height-default elementor-section-height-default\" data-id=\"92e4812\" data-element_type=\"section\">\n\t\t\t\t\t\t<div class=\"elementor-container elementor-column-gap-default\">\n\t\t\t\t\t<div class=\"elementor-column elementor-col-100 elementor-inner-column elementor-element elementor-element-7cc6527\" data-id=\"7cc6527\" data-element_type=\"column\">\n\t\t\t<div class=\"elementor-widget-wrap elementor-element-populated\">\n\t\t\t\t\t\t<div class=\"elementor-element elementor-element-8452701 elementor-widget elementor-widget-image\" data-id=\"8452701\" data-element_type=\"widget\" data-widget_type=\"image.default\">\n\t\t\t\t<div class=\"elementor-widget-container\">\n\t\t\t\t\t\t\t\t\t\t\t\t<figure class=\"wp-caption\">\n\t\t\t\t\t\t\t\t\t\t<img loading=\"lazy\" decoding=\"async\" width=\"800\" height=\"370\" src=\"https:\/\/richeskarayib.com\/wp-content\/uploads\/2025\/12\/20251008_094314-1024x473.jpg\" class=\"attachment-large size-large wp-image-67543\" alt=\"Alliances Fran\u00e7aises\" srcset=\"https:\/\/richeskarayib.com\/wp-content\/uploads\/2025\/12\/20251008_094314-1024x473.jpg 1024w, https:\/\/richeskarayib.com\/wp-content\/uploads\/2025\/12\/20251008_094314-300x139.jpg 300w, https:\/\/richeskarayib.com\/wp-content\/uploads\/2025\/12\/20251008_094314-768x355.jpg 768w, https:\/\/richeskarayib.com\/wp-content\/uploads\/2025\/12\/20251008_094314-1536x710.jpg 1536w, https:\/\/richeskarayib.com\/wp-content\/uploads\/2025\/12\/20251008_094314-1320x610.jpg 1320w, https:\/\/richeskarayib.com\/wp-content\/uploads\/2025\/12\/20251008_094314.jpg 1920w\" sizes=\"(max-width: 800px) 100vw, 800px\" \/>\t\t\t\t\t\t\t\t\t\t\t<figcaption class=\"widget-image-caption wp-caption-text\"><\/figcaption>\n\t\t\t\t\t\t\t\t\t\t<\/figure>\n\t\t\t\t\t\t\t\t\t<\/div>\n\t\t\t\t<\/div>\n\t\t\t\t\t<\/div>\n\t\t<\/div>\n\t\t\t\t\t<\/div>\n\t\t<\/section>\n\t\t\t\t<div class=\"elementor-element elementor-element-3aae6e6 elementor-widget elementor-widget-text-editor\" data-id=\"3aae6e6\" data-element_type=\"widget\" data-widget_type=\"text-editor.default\">\n\t\t\t\t<div class=\"elementor-widget-container\">\n\t\t\t\t\t\t\t\t\t<h3><b>Sainte-Lucie \u2013 Aur\u00e9lie Gbeffa : coordonner et f\u00e9d\u00e9rer<\/b><\/h3><p><span style=\"font-weight: 400;\">\u00c0 Sainte-Lucie, Aur\u00e9lie Gbeffa dirige l\u2019Alliance locale et assure la coordination r\u00e9gionale des dix Alliances Fran\u00e7aises de la Cara\u00efbe orientale. <\/span><span style=\"font-weight: 400;\">Elle accompagne les directeurs sur la communication, la mutualisation, la gouvernance associative, la transition num\u00e9rique et la dynamisation culturelle.<\/span><\/p><p><span style=\"font-weight: 400;\">Elle pilote \u00e9galement le projet R\u00e9zo, s\u00e9minaire annuel soutenu par le SCAC, devenu un rendez-vous cl\u00e9 de coh\u00e9sion et de r\u00e9flexion collective. <\/span><span style=\"font-weight: 400;\">\u00c0 Castries, l\u2019Alliance Fran\u00e7aise de Sainte-Luci<\/span><span style=\"font-weight: 400;\">e<\/span><span style=\"font-weight: 400;\"> conjugue cours de langue, actions culturelles et valorisation du cr\u00e9ole \u00e0 travers des expositions et des ateliers.<\/span><\/p><p><span style=\"font-weight: 400;\">\u00ab Notre force, c\u2019est d\u2019avancer ensemble tout en valorisant la diversit\u00e9 culturelle de nos \u00eeles. \u00bb<\/span><\/p>\t\t\t\t\t\t\t\t<\/div>\n\t\t\t\t<\/div>\n\t\t\t\t<section class=\"elementor-section elementor-inner-section elementor-element elementor-element-223ff12 elementor-section-boxed elementor-section-height-default elementor-section-height-default\" data-id=\"223ff12\" data-element_type=\"section\">\n\t\t\t\t\t\t<div class=\"elementor-container elementor-column-gap-default\">\n\t\t\t\t\t<div class=\"elementor-column elementor-col-100 elementor-inner-column elementor-element elementor-element-00fc347\" data-id=\"00fc347\" data-element_type=\"column\">\n\t\t\t<div class=\"elementor-widget-wrap elementor-element-populated\">\n\t\t\t\t\t\t<div class=\"elementor-element elementor-element-2e4f536 elementor-widget elementor-widget-image\" data-id=\"2e4f536\" data-element_type=\"widget\" data-widget_type=\"image.default\">\n\t\t\t\t<div class=\"elementor-widget-container\">\n\t\t\t\t\t\t\t\t\t\t\t\t\t\t\t<img loading=\"lazy\" decoding=\"async\" width=\"800\" height=\"370\" src=\"https:\/\/richeskarayib.com\/wp-content\/uploads\/2025\/12\/20251008_110924-1024x473.jpg\" class=\"attachment-large size-large wp-image-67547\" alt=\"Alliances Fran\u00e7aises\" srcset=\"https:\/\/richeskarayib.com\/wp-content\/uploads\/2025\/12\/20251008_110924-1024x473.jpg 1024w, https:\/\/richeskarayib.com\/wp-content\/uploads\/2025\/12\/20251008_110924-300x139.jpg 300w, https:\/\/richeskarayib.com\/wp-content\/uploads\/2025\/12\/20251008_110924-768x355.jpg 768w, https:\/\/richeskarayib.com\/wp-content\/uploads\/2025\/12\/20251008_110924-1536x710.jpg 1536w, https:\/\/richeskarayib.com\/wp-content\/uploads\/2025\/12\/20251008_110924-1320x610.jpg 1320w, https:\/\/richeskarayib.com\/wp-content\/uploads\/2025\/12\/20251008_110924.jpg 1920w\" sizes=\"(max-width: 800px) 100vw, 800px\" \/>\t\t\t\t\t\t\t\t\t\t\t\t\t\t\t<\/div>\n\t\t\t\t<\/div>\n\t\t\t\t\t<\/div>\n\t\t<\/div>\n\t\t\t\t\t<\/div>\n\t\t<\/section>\n\t\t\t\t<div class=\"elementor-element elementor-element-0901647 elementor-widget elementor-widget-text-editor\" data-id=\"0901647\" data-element_type=\"widget\" data-widget_type=\"text-editor.default\">\n\t\t\t\t<div class=\"elementor-widget-container\">\n\t\t\t\t\t\t\t\t\t<h3><b>Barbade \u2013 Oc\u00e9ane Gaillard : faire rayonner le fran\u00e7ais dans un environnement anglophone<\/b><\/h3><p><span style=\"font-weight: 400;\">\u00c0 la Barbade, l\u2019Alliance Fran\u00e7aise agit comme un pont linguistique et culturel. <\/span><span style=\"font-weight: 400;\">Sous la direction d\u2019Oc\u00e9ane Gaillard, elle a su consolider son ancrage dans un environnement majoritairement anglophone. Des programmes \u00e9ducatifs sont mis en place pour les \u00e9coles et les adultes, et l\u2019Alliance a form\u00e9 les membres du Regional Security System en fran\u00e7ais et en cr\u00e9ole ha\u00eftien.<\/span><\/p><p><span style=\"font-weight: 400;\">C\u00f4t\u00e9 culture, elle a accueilli la troupe guyanaise \u00d4tep\u00e9 et d\u00e9veloppe une programmation ouverte sur les diff\u00e9rentes expressions francophones.<\/span><\/p><p><span style=\"font-weight: 400;\">\u00ab Nous repr\u00e9sentons une francophonie plurielle : la France, l\u2019Afrique, le Canada et les Cara\u00efbes. La culture est notre meilleur levier pour donner envie d\u2019apprendre. \u00bb<\/span><\/p>\t\t\t\t\t\t\t\t<\/div>\n\t\t\t\t<\/div>\n\t\t\t\t<section class=\"elementor-section elementor-inner-section elementor-element elementor-element-f696053 elementor-section-boxed elementor-section-height-default elementor-section-height-default\" data-id=\"f696053\" data-element_type=\"section\">\n\t\t\t\t\t\t<div class=\"elementor-container elementor-column-gap-default\">\n\t\t\t\t\t<div class=\"elementor-column elementor-col-100 elementor-inner-column elementor-element elementor-element-ed1421c\" data-id=\"ed1421c\" data-element_type=\"column\">\n\t\t\t<div class=\"elementor-widget-wrap elementor-element-populated\">\n\t\t\t\t\t\t<div class=\"elementor-element elementor-element-b055ba4 elementor-widget elementor-widget-image\" data-id=\"b055ba4\" data-element_type=\"widget\" data-widget_type=\"image.default\">\n\t\t\t\t<div class=\"elementor-widget-container\">\n\t\t\t\t\t\t\t\t\t\t\t\t\t\t\t<img loading=\"lazy\" decoding=\"async\" width=\"800\" height=\"370\" src=\"https:\/\/richeskarayib.com\/wp-content\/uploads\/2025\/12\/20251008_095810-1024x473.jpg\" class=\"attachment-large size-large wp-image-67551\" alt=\"Alliances Fran\u00e7aises\" srcset=\"https:\/\/richeskarayib.com\/wp-content\/uploads\/2025\/12\/20251008_095810-1024x473.jpg 1024w, https:\/\/richeskarayib.com\/wp-content\/uploads\/2025\/12\/20251008_095810-300x139.jpg 300w, https:\/\/richeskarayib.com\/wp-content\/uploads\/2025\/12\/20251008_095810-768x355.jpg 768w, https:\/\/richeskarayib.com\/wp-content\/uploads\/2025\/12\/20251008_095810-1536x710.jpg 1536w, https:\/\/richeskarayib.com\/wp-content\/uploads\/2025\/12\/20251008_095810-1320x610.jpg 1320w, https:\/\/richeskarayib.com\/wp-content\/uploads\/2025\/12\/20251008_095810.jpg 1920w\" sizes=\"(max-width: 800px) 100vw, 800px\" \/>\t\t\t\t\t\t\t\t\t\t\t\t\t\t\t<\/div>\n\t\t\t\t<\/div>\n\t\t\t\t\t<\/div>\n\t\t<\/div>\n\t\t\t\t\t<\/div>\n\t\t<\/section>\n\t\t\t\t<div class=\"elementor-element elementor-element-88f5e37 elementor-widget elementor-widget-text-editor\" data-id=\"88f5e37\" data-element_type=\"widget\" data-widget_type=\"text-editor.default\">\n\t\t\t\t<div class=\"elementor-widget-container\">\n\t\t\t\t\t\t\t\t\t<h3><b>Trinidad &amp; Tobago \u2013 Anyka Batista : une francophonie ouverte et inclusive<\/b><\/h3><p><span style=\"font-weight: 400;\">\u00c0 Trinidad &amp; Tobago, Anyka Batista d\u00e9fend une francophonie inclusive et cr\u00e9ative, qui valorise les langues locales autant que le fran\u00e7ais. <\/span><span style=\"font-weight: 400;\">Chaque mois d\u2019octobre, le Creole Heritage Month r\u00e9unit projections, conf\u00e9rences et concerts, reflet d\u2019un engagement fort pour la diversit\u00e9 culturelle.<\/span><\/p><p><span style=\"font-weight: 400;\">L\u2019Alliance Fran\u00e7aise propose aussi des cours pour enfants, adolescents et adultes, ainsi que des soir\u00e9es culturelles qui favorisent la rencontre entre communaut\u00e9s. <\/span><span style=\"font-weight: 400;\">Les d\u00e9fis li\u00e9s \u00e0 la visibilit\u00e9 et au financement persistent, mais sont compens\u00e9s par une approche collaborative avec les \u00e9coles et les institutions locales.<\/span><\/p><p><span style=\"font-weight: 400;\">\u00ab Nous voulons que la francophonie soit per\u00e7ue comme une part de notre culture, et non comme quelque chose d\u2019ext\u00e9rieur. \u00bb<\/span><\/p>\t\t\t\t\t\t\t\t<\/div>\n\t\t\t\t<\/div>\n\t\t\t\t<div class=\"elementor-element elementor-element-576bcc3 elementor-widget elementor-widget-image\" data-id=\"576bcc3\" data-element_type=\"widget\" data-widget_type=\"image.default\">\n\t\t\t\t<div class=\"elementor-widget-container\">\n\t\t\t\t\t\t\t\t\t\t\t\t\t\t\t<img loading=\"lazy\" decoding=\"async\" width=\"800\" height=\"370\" src=\"https:\/\/richeskarayib.com\/wp-content\/uploads\/2025\/12\/20251008_093451-1024x473.jpg\" class=\"attachment-large size-large wp-image-67555\" alt=\"Alliances Fran\u00e7aises\" srcset=\"https:\/\/richeskarayib.com\/wp-content\/uploads\/2025\/12\/20251008_093451-1024x473.jpg 1024w, https:\/\/richeskarayib.com\/wp-content\/uploads\/2025\/12\/20251008_093451-300x139.jpg 300w, https:\/\/richeskarayib.com\/wp-content\/uploads\/2025\/12\/20251008_093451-768x355.jpg 768w, https:\/\/richeskarayib.com\/wp-content\/uploads\/2025\/12\/20251008_093451-1536x710.jpg 1536w, https:\/\/richeskarayib.com\/wp-content\/uploads\/2025\/12\/20251008_093451-1320x610.jpg 1320w, https:\/\/richeskarayib.com\/wp-content\/uploads\/2025\/12\/20251008_093451.jpg 1920w\" sizes=\"(max-width: 800px) 100vw, 800px\" \/>\t\t\t\t\t\t\t\t\t\t\t\t\t\t\t<\/div>\n\t\t\t\t<\/div>\n\t\t\t\t<div class=\"elementor-element elementor-element-fa13b26 elementor-widget elementor-widget-text-editor\" data-id=\"fa13b26\" data-element_type=\"widget\" data-widget_type=\"text-editor.default\">\n\t\t\t\t<div class=\"elementor-widget-container\">\n\t\t\t\t\t\t\t\t\t<h3><b>Jama\u00efque \u2013 Clovis Lem\u00e9e : cr\u00e9er des espaces vivants<\/b><\/h3><p><span style=\"font-weight: 400;\">En Jama\u00efque, Clovis Lem\u00e9e revitalise une Alliance Fran\u00e7aise historique en la transformant en lieu de vie et de cr\u00e9ation. Les Language Exchanges, soir\u00e9es mensuelles multilingues, rassemblent un public vari\u00e9 autour de th\u00e8mes culturels, tandis que les French Library Sessions \u2014 mini-concerts film\u00e9s dans la m\u00e9diath\u00e8que \u2014 font de la langue un outil de rencontre et d\u2019expression artistique.<\/span><\/p><p><span style=\"font-weight: 400;\">\u00ab Apprendre une langue, c\u2019est cr\u00e9er du lien. Les Alliances Fran\u00e7aises sont des espaces faits pour \u00e7a. \u00bb<\/span><\/p><p><span style=\"font-weight: 400;\">La dynamique culturelle attire un public plus jeune et contribue \u00e0 redonner au fran\u00e7ais sa place dans l\u2019espace carib\u00e9en anglophone.<\/span><\/p>\t\t\t\t\t\t\t\t<\/div>\n\t\t\t\t<\/div>\n\t\t\t\t<div class=\"elementor-element elementor-element-ceadeac elementor-widget elementor-widget-image\" data-id=\"ceadeac\" data-element_type=\"widget\" data-widget_type=\"image.default\">\n\t\t\t\t<div class=\"elementor-widget-container\">\n\t\t\t\t\t\t\t\t\t\t\t\t\t\t\t<img loading=\"lazy\" decoding=\"async\" width=\"800\" height=\"370\" src=\"https:\/\/richeskarayib.com\/wp-content\/uploads\/2025\/12\/20251008_100403-1024x473.jpg\" class=\"attachment-large size-large wp-image-67559\" alt=\"Alliances Fran\u00e7aises\" srcset=\"https:\/\/richeskarayib.com\/wp-content\/uploads\/2025\/12\/20251008_100403-1024x473.jpg 1024w, https:\/\/richeskarayib.com\/wp-content\/uploads\/2025\/12\/20251008_100403-300x139.jpg 300w, https:\/\/richeskarayib.com\/wp-content\/uploads\/2025\/12\/20251008_100403-768x355.jpg 768w, https:\/\/richeskarayib.com\/wp-content\/uploads\/2025\/12\/20251008_100403-1536x710.jpg 1536w, https:\/\/richeskarayib.com\/wp-content\/uploads\/2025\/12\/20251008_100403-1320x610.jpg 1320w, https:\/\/richeskarayib.com\/wp-content\/uploads\/2025\/12\/20251008_100403.jpg 1920w\" sizes=\"(max-width: 800px) 100vw, 800px\" \/>\t\t\t\t\t\t\t\t\t\t\t\t\t\t\t<\/div>\n\t\t\t\t<\/div>\n\t\t\t\t<div class=\"elementor-element elementor-element-03bfd93 elementor-widget elementor-widget-text-editor\" data-id=\"03bfd93\" data-element_type=\"widget\" data-widget_type=\"text-editor.default\">\n\t\t\t\t<div class=\"elementor-widget-container\">\n\t\t\t\t\t\t\t\t\t<h3><b>Saint-Kitts &amp; Nevis \u2013 Lucille Caulliez : \u00e9ducation et \u00e9cologie<\/b><\/h3><p><span style=\"font-weight: 400;\">L\u2019Alliance Fran\u00e7aise de Saint-Kitts &amp; Nevis relie apprentissage linguistique et engagement citoyen. <\/span><span style=\"font-weight: 400;\">Son projet Naturally Learn French, men\u00e9 gr\u00e2ce \u00e0 une subvention de l\u2019Ambassade de France aupr\u00e8s des \u00c9tats de la Cara\u00efbe orientale, de la Barbade et de l\u2019OECO, a offert six mois de cours gratuits \u00e0 douze adolescents issus de milieux d\u00e9favoris\u00e9s, alliant d\u00e9couverte du fran\u00e7ais, ateliers \u00e9cologiques et activit\u00e9s culturelles. <\/span><span style=\"font-weight: 400;\">Chaque mois, les participants ont explor\u00e9 les \u00e9cosyst\u00e8mes locaux, cultiv\u00e9 un jardin, cr\u00e9\u00e9 avec des mat\u00e9riaux recycl\u00e9s ou \u00e9chang\u00e9 en ligne avec des \u00e9l\u00e8ves de Guadeloupe \u2014 une mani\u00e8re concr\u00e8te et vivante d\u2019apprendre la langue tout en tissant des liens dans la Cara\u00efbe.<\/span><\/p>\t\t\t\t\t\t\t\t<\/div>\n\t\t\t\t<\/div>\n\t\t\t\t<div class=\"elementor-element elementor-element-dbec18f elementor-widget elementor-widget-text-editor\" data-id=\"dbec18f\" data-element_type=\"widget\" data-widget_type=\"text-editor.default\">\n\t\t\t\t<div class=\"elementor-widget-container\">\n\t\t\t\t\t\t\t\t\t<p><span style=\"font-weight: 400;\">Ce projet, qui a valu \u00e0 l\u2019Alliance le prix du Fonds pour l\u2019Environnement mondial dans le cadre de l\u2019initiative Alliance Verte, illustre la vitalit\u00e9 d\u2019une francophonie ouverte, durable et tourn\u00e9e vers la jeunesse. <\/span><span style=\"font-weight: 400;\">Elle d\u00e9veloppe \u00e9galement Francoscop, une s\u00e9rie audiovisuelle r\u00e9alis\u00e9e par des jeunes, d\u00e9di\u00e9e \u00e0 la francophonie mondiale.<\/span><\/p><p><span style=\"font-weight: 400;\">Lucille Caulliez, la directrice, r\u00e9sume l\u2019esprit du programme :<\/span><\/p><p><span style=\"font-weight: 400;\">\u00ab Nous voulons montrer que le fran\u00e7ais est un outil d\u2019ouverture et de cr\u00e9ativit\u00e9. \u00bb<\/span><\/p>\t\t\t\t\t\t\t\t<\/div>\n\t\t\t\t<\/div>\n\t\t\t\t<div class=\"elementor-element elementor-element-76dfed4 elementor-widget elementor-widget-image\" data-id=\"76dfed4\" data-element_type=\"widget\" data-widget_type=\"image.default\">\n\t\t\t\t<div class=\"elementor-widget-container\">\n\t\t\t\t\t\t\t\t\t\t\t\t\t\t\t<img loading=\"lazy\" decoding=\"async\" width=\"800\" height=\"411\" src=\"https:\/\/richeskarayib.com\/wp-content\/uploads\/2025\/12\/20251008_103642-1024x526.jpg\" class=\"attachment-large size-large wp-image-67563\" alt=\"Alliances Fran\u00e7aises\" srcset=\"https:\/\/richeskarayib.com\/wp-content\/uploads\/2025\/12\/20251008_103642-1024x526.jpg 1024w, https:\/\/richeskarayib.com\/wp-content\/uploads\/2025\/12\/20251008_103642-300x154.jpg 300w, https:\/\/richeskarayib.com\/wp-content\/uploads\/2025\/12\/20251008_103642-768x394.jpg 768w, https:\/\/richeskarayib.com\/wp-content\/uploads\/2025\/12\/20251008_103642-1536x789.jpg 1536w, https:\/\/richeskarayib.com\/wp-content\/uploads\/2025\/12\/20251008_103642-1320x678.jpg 1320w, https:\/\/richeskarayib.com\/wp-content\/uploads\/2025\/12\/20251008_103642.jpg 1920w\" sizes=\"(max-width: 800px) 100vw, 800px\" \/>\t\t\t\t\t\t\t\t\t\t\t\t\t\t\t<\/div>\n\t\t\t\t<\/div>\n\t\t\t\t<div class=\"elementor-element elementor-element-31227dc elementor-widget elementor-widget-text-editor\" data-id=\"31227dc\" data-element_type=\"widget\" data-widget_type=\"text-editor.default\">\n\t\t\t\t<div class=\"elementor-widget-container\">\n\t\t\t\t\t\t\t\t\t<h3><b>Dominique \u2013 C\u00e9vinne M\u2019Voula-Henderson : relier les langues et les cultures<\/b><\/h3><p><span style=\"font-weight: 400;\">Implant\u00e9e depuis 1965, l\u2019Alliance Fran\u00e7aise de la Dominique agit dans le champ \u00e9ducatif et culturel. Les Creole &amp; French Spelling Bees, concours d\u2019orthographe bilingues, encouragent les \u00e9l\u00e8ves \u00e0 jouer avec les deux langues, \u00e0 comprendre leur compl\u00e9mentarit\u00e9 et \u00e0 en \u00eatre fiers. Des ateliers de formation et des activit\u00e9s culturelles soutiennent la valorisation du patrimoine cr\u00e9ole tout en promouvant la langue fran\u00e7aise.<\/span><\/p><p><span style=\"font-weight: 400;\">\u00ab L\u2019objectif est de faire du fran\u00e7ais et du cr\u00e9ole des langues de fiert\u00e9 et de transmission. \u00bb<\/span><\/p>\t\t\t\t\t\t\t\t<\/div>\n\t\t\t\t<\/div>\n\t\t\t\t<div class=\"elementor-element elementor-element-a6b7867 elementor-widget elementor-widget-image\" data-id=\"a6b7867\" data-element_type=\"widget\" data-widget_type=\"image.default\">\n\t\t\t\t<div class=\"elementor-widget-container\">\n\t\t\t\t\t\t\t\t\t\t\t\t\t\t\t<img loading=\"lazy\" decoding=\"async\" width=\"800\" height=\"370\" src=\"https:\/\/richeskarayib.com\/wp-content\/uploads\/2025\/12\/20251008_102414-1024x473.jpg\" class=\"attachment-large size-large wp-image-67567\" alt=\"Alliances Fran\u00e7aises\" srcset=\"https:\/\/richeskarayib.com\/wp-content\/uploads\/2025\/12\/20251008_102414-1024x473.jpg 1024w, https:\/\/richeskarayib.com\/wp-content\/uploads\/2025\/12\/20251008_102414-300x139.jpg 300w, https:\/\/richeskarayib.com\/wp-content\/uploads\/2025\/12\/20251008_102414-768x355.jpg 768w, https:\/\/richeskarayib.com\/wp-content\/uploads\/2025\/12\/20251008_102414-1536x710.jpg 1536w, https:\/\/richeskarayib.com\/wp-content\/uploads\/2025\/12\/20251008_102414-1320x610.jpg 1320w, https:\/\/richeskarayib.com\/wp-content\/uploads\/2025\/12\/20251008_102414.jpg 1920w\" sizes=\"(max-width: 800px) 100vw, 800px\" \/>\t\t\t\t\t\t\t\t\t\t\t\t\t\t\t<\/div>\n\t\t\t\t<\/div>\n\t\t\t\t<div class=\"elementor-element elementor-element-95ac74c elementor-widget elementor-widget-text-editor\" data-id=\"95ac74c\" data-element_type=\"widget\" data-widget_type=\"text-editor.default\">\n\t\t\t\t<div class=\"elementor-widget-container\">\n\t\t\t\t\t\t\t\t\t<h3><b>Guyana \u2013 D\u00e9borah First-Quao : reconstruire et former<\/b><\/h3><p><span style=\"font-weight: 400;\">\u00c0 Georgetown, D\u00e9borah First-Quao, r\u00e9cemment nomm\u00e9e au Guyana, relance une Alliance Fran\u00e7aise ancienne mais peu visible en misant sur la formation et les partenariats \u00e9ducatifs. Elle a cr\u00e9\u00e9 un r\u00e9seau d\u2019enseignants de fran\u00e7ais, d\u00e9velopp\u00e9 des ateliers bilingues \u00e0 la Biblioth\u00e8que nationale et renou\u00e9 avec les institutions locales. Les actions culturelles et \u00e9ducatives visent \u00e0 replacer le fran\u00e7ais dans la vie quotidienne, malgr\u00e9 des contraintes logistiques importantes.<\/span><\/p><p><span style=\"font-weight: 400;\">\u00ab Nous voulons redonner au fran\u00e7ais sa place dans les \u00e9coles, en montrant qu\u2019il peut \u00eatre utile, vivant et accessible. \u00bb<\/span><\/p>\t\t\t\t\t\t\t\t<\/div>\n\t\t\t\t<\/div>\n\t\t\t\t<div class=\"elementor-element elementor-element-37380da elementor-widget elementor-widget-image\" data-id=\"37380da\" data-element_type=\"widget\" data-widget_type=\"image.default\">\n\t\t\t\t<div class=\"elementor-widget-container\">\n\t\t\t\t\t\t\t\t\t\t\t\t\t\t\t<img loading=\"lazy\" decoding=\"async\" width=\"800\" height=\"370\" src=\"https:\/\/richeskarayib.com\/wp-content\/uploads\/2025\/12\/20251008_102944-1024x473.jpg\" class=\"attachment-large size-large wp-image-67571\" alt=\"Alliances Fran\u00e7aises\" srcset=\"https:\/\/richeskarayib.com\/wp-content\/uploads\/2025\/12\/20251008_102944-1024x473.jpg 1024w, https:\/\/richeskarayib.com\/wp-content\/uploads\/2025\/12\/20251008_102944-300x139.jpg 300w, https:\/\/richeskarayib.com\/wp-content\/uploads\/2025\/12\/20251008_102944-768x355.jpg 768w, https:\/\/richeskarayib.com\/wp-content\/uploads\/2025\/12\/20251008_102944-1536x710.jpg 1536w, https:\/\/richeskarayib.com\/wp-content\/uploads\/2025\/12\/20251008_102944-1320x610.jpg 1320w, https:\/\/richeskarayib.com\/wp-content\/uploads\/2025\/12\/20251008_102944.jpg 1920w\" sizes=\"(max-width: 800px) 100vw, 800px\" \/>\t\t\t\t\t\t\t\t\t\t\t\t\t\t\t<\/div>\n\t\t\t\t<\/div>\n\t\t\t\t<div class=\"elementor-element elementor-element-9493d31 elementor-widget elementor-widget-text-editor\" data-id=\"9493d31\" data-element_type=\"widget\" data-widget_type=\"text-editor.default\">\n\t\t\t\t<div class=\"elementor-widget-container\">\n\t\t\t\t\t\t\t\t\t<h3><b>Suriname \u2013 Virginie Lemay : b\u00e2tir des ponts institutionnels<\/b><\/h3><p><span style=\"font-weight: 400;\">Au Suriname, Virginie Lemay renforce les liens entre l\u2019Alliance Fran\u00e7aise et les institutions locales. Des formations linguistiques sont propos\u00e9es aux forces de s\u00e9curit\u00e9, au minist\u00e8re de l\u2019\u00c9ducation, aux entreprises et au secteur h\u00f4telier. <\/span><span style=\"font-weight: 400;\">La Journ\u00e9e Fran\u00e7aise, organis\u00e9e avec la Collectivit\u00e9 Territoriale de Guyane, se d\u00e9ploie sur cinq jours autour d\u2019expositions, de rencontres professionnelles et de concerts.<\/span><\/p><p><span style=\"font-weight: 400;\">\u00ab Le fran\u00e7ais devient ici un outil concret de coop\u00e9ration r\u00e9gionale. \u00bb<\/span><\/p><p><span style=\"font-weight: 400;\">Cette approche intersectorielle positionne l\u2019Alliance Fran\u00e7aise comme un acteur cl\u00e9 du dialogue entre le Suriname, la Guyane et le reste de la Cara\u00efbe.<\/span><\/p>\t\t\t\t\t\t\t\t<\/div>\n\t\t\t\t<\/div>\n\t\t\t\t<div class=\"elementor-element elementor-element-7b605b3 elementor-widget elementor-widget-image\" data-id=\"7b605b3\" data-element_type=\"widget\" data-widget_type=\"image.default\">\n\t\t\t\t<div class=\"elementor-widget-container\">\n\t\t\t\t\t\t\t\t\t\t\t\t\t\t\t<img loading=\"lazy\" decoding=\"async\" width=\"800\" height=\"370\" src=\"https:\/\/richeskarayib.com\/wp-content\/uploads\/2025\/12\/20251008_202211-1024x473.jpg\" class=\"attachment-large size-large wp-image-67575\" alt=\"Alliances Fran\u00e7aises\" srcset=\"https:\/\/richeskarayib.com\/wp-content\/uploads\/2025\/12\/20251008_202211-1024x473.jpg 1024w, https:\/\/richeskarayib.com\/wp-content\/uploads\/2025\/12\/20251008_202211-300x139.jpg 300w, https:\/\/richeskarayib.com\/wp-content\/uploads\/2025\/12\/20251008_202211-768x355.jpg 768w, https:\/\/richeskarayib.com\/wp-content\/uploads\/2025\/12\/20251008_202211-1536x710.jpg 1536w, https:\/\/richeskarayib.com\/wp-content\/uploads\/2025\/12\/20251008_202211-1320x610.jpg 1320w, https:\/\/richeskarayib.com\/wp-content\/uploads\/2025\/12\/20251008_202211.jpg 1920w\" sizes=\"(max-width: 800px) 100vw, 800px\" \/>\t\t\t\t\t\t\t\t\t\t\t\t\t\t\t<\/div>\n\t\t\t\t<\/div>\n\t\t\t\t\t<\/div>\n\t\t<\/div>\n\t\t\t\t\t<\/div>\n\t\t<\/section>\n\t\t\t\t<section class=\"elementor-section elementor-top-section elementor-element elementor-element-82cd8f9 elementor-section-boxed elementor-section-height-default elementor-section-height-default\" data-id=\"82cd8f9\" data-element_type=\"section\">\n\t\t\t\t\t\t<div class=\"elementor-container elementor-column-gap-default\">\n\t\t\t\t\t<div class=\"elementor-column elementor-col-100 elementor-top-column elementor-element elementor-element-0bfdc38\" data-id=\"0bfdc38\" data-element_type=\"column\">\n\t\t\t<div class=\"elementor-widget-wrap elementor-element-populated\">\n\t\t\t\t\t\t<div class=\"elementor-element elementor-element-7d292fe elementor-widget elementor-widget-heading\" data-id=\"7d292fe\" data-element_type=\"widget\" data-widget_type=\"heading.default\">\n\t\t\t\t<div class=\"elementor-widget-container\">\n\t\t\t\t\t<h2 class=\"elementor-heading-title elementor-size-default\">Une vision partag\u00e9e : soutenir, relier, faire rayonner<\/h2>\t\t\t\t<\/div>\n\t\t\t\t<\/div>\n\t\t\t\t<div class=\"elementor-element elementor-element-8e337bf elementor-widget elementor-widget-text-editor\" data-id=\"8e337bf\" data-element_type=\"widget\" data-widget_type=\"text-editor.default\">\n\t\t\t\t<div class=\"elementor-widget-container\">\n\t\t\t\t\t\t\t\t\t<p><span style=\"font-weight: 400;\">Pour Christiane Bourgeois, conseill\u00e8re r\u00e9gionale de coop\u00e9ration et d\u2019action culturelle \u00e0 l\u2019ambassade de France en r\u00e9sidence \u00e0 Sainte-Lucie, ce s\u00e9minaire est un moment essentiel pour consolider les liens du r\u00e9seau. Elle rappelle que c\u2019est \u00ab la seule occasion de l\u2019ann\u00e9e o\u00f9 nous avons la possibilit\u00e9 de rencontrer les directeurs et directrices des Alliances Fran\u00e7aises \u00bb, un temps privil\u00e9gi\u00e9 pour faire le point, \u00e9changer les pratiques, les difficult\u00e9s et monter des projets communs.<\/span><\/p>\t\t\t\t\t\t\t\t<\/div>\n\t\t\t\t<\/div>\n\t\t\t\t<div class=\"elementor-element elementor-element-0467e62 elementor-widget elementor-widget-text-editor\" data-id=\"0467e62\" data-element_type=\"widget\" data-widget_type=\"text-editor.default\">\n\t\t\t\t<div class=\"elementor-widget-container\">\n\t\t\t\t\t\t\t\t\t<p><span style=\"font-weight: 400;\">\u00ab Les Alliances Fran\u00e7aises sont pour les ambassades un dispositif essentiel, surtout dans des zones comme la Cara\u00efbe, o\u00f9 il n\u2019y a pas d\u2019Institut Fran\u00e7ais. Ce sont des organisations locales, ancr\u00e9es dans le territoire, qui ont leur propre conseil d\u2019administration et leur propre strat\u00e9gie\u00bb. <\/span><span style=\"font-weight: 400;\">Elle a \u00e9galement rappel\u00e9 le r\u00f4le cl\u00e9 des Alliances dans la diffusion du fran\u00e7ais et le dialogue entre les peuples, soulignant qu\u2019elles promeuvent la langue, assurent son enseignement et maintiennent le lien entre le culturel et l\u2019\u00e9ducatif, entre la France et les pays de la r\u00e9gion.<\/span><\/p>\t\t\t\t\t\t\t\t<\/div>\n\t\t\t\t<\/div>\n\t\t\t\t<section class=\"elementor-section elementor-inner-section elementor-element elementor-element-925f344 elementor-section-boxed elementor-section-height-default elementor-section-height-default\" data-id=\"925f344\" data-element_type=\"section\">\n\t\t\t\t\t\t<div class=\"elementor-container elementor-column-gap-default\">\n\t\t\t\t\t<div class=\"elementor-column elementor-col-50 elementor-inner-column elementor-element elementor-element-57f4ae8\" data-id=\"57f4ae8\" data-element_type=\"column\">\n\t\t\t<div class=\"elementor-widget-wrap elementor-element-populated\">\n\t\t\t\t\t\t<div class=\"elementor-element elementor-element-cb4a17a elementor-widget elementor-widget-image\" data-id=\"cb4a17a\" data-element_type=\"widget\" data-widget_type=\"image.default\">\n\t\t\t\t<div class=\"elementor-widget-container\">\n\t\t\t\t\t\t\t\t\t\t\t\t\t\t\t<img loading=\"lazy\" decoding=\"async\" width=\"800\" height=\"370\" src=\"https:\/\/richeskarayib.com\/wp-content\/uploads\/2025\/12\/20251009_093812-1024x473.jpg\" class=\"attachment-large size-large wp-image-67579\" alt=\"Alliances Fran\u00e7aises\" srcset=\"https:\/\/richeskarayib.com\/wp-content\/uploads\/2025\/12\/20251009_093812-1024x473.jpg 1024w, https:\/\/richeskarayib.com\/wp-content\/uploads\/2025\/12\/20251009_093812-300x139.jpg 300w, https:\/\/richeskarayib.com\/wp-content\/uploads\/2025\/12\/20251009_093812-768x355.jpg 768w, https:\/\/richeskarayib.com\/wp-content\/uploads\/2025\/12\/20251009_093812-1536x710.jpg 1536w, https:\/\/richeskarayib.com\/wp-content\/uploads\/2025\/12\/20251009_093812-1320x610.jpg 1320w, https:\/\/richeskarayib.com\/wp-content\/uploads\/2025\/12\/20251009_093812.jpg 1920w\" sizes=\"(max-width: 800px) 100vw, 800px\" \/>\t\t\t\t\t\t\t\t\t\t\t\t\t\t\t<\/div>\n\t\t\t\t<\/div>\n\t\t\t\t\t<\/div>\n\t\t<\/div>\n\t\t\t\t<div class=\"elementor-column elementor-col-50 elementor-inner-column elementor-element elementor-element-c420a4c\" data-id=\"c420a4c\" data-element_type=\"column\">\n\t\t\t<div class=\"elementor-widget-wrap elementor-element-populated\">\n\t\t\t\t\t\t<div class=\"elementor-element elementor-element-aeac709 elementor-widget elementor-widget-image\" data-id=\"aeac709\" data-element_type=\"widget\" data-widget_type=\"image.default\">\n\t\t\t\t<div class=\"elementor-widget-container\">\n\t\t\t\t\t\t\t\t\t\t\t\t\t\t\t<img loading=\"lazy\" decoding=\"async\" width=\"800\" height=\"370\" src=\"https:\/\/richeskarayib.com\/wp-content\/uploads\/2025\/12\/20251009_095046-1024x473.jpg\" class=\"attachment-large size-large wp-image-67583\" alt=\"Alliances Fran\u00e7aises\" srcset=\"https:\/\/richeskarayib.com\/wp-content\/uploads\/2025\/12\/20251009_095046-1024x473.jpg 1024w, https:\/\/richeskarayib.com\/wp-content\/uploads\/2025\/12\/20251009_095046-300x139.jpg 300w, https:\/\/richeskarayib.com\/wp-content\/uploads\/2025\/12\/20251009_095046-768x355.jpg 768w, https:\/\/richeskarayib.com\/wp-content\/uploads\/2025\/12\/20251009_095046-1536x710.jpg 1536w, https:\/\/richeskarayib.com\/wp-content\/uploads\/2025\/12\/20251009_095046-1320x610.jpg 1320w, https:\/\/richeskarayib.com\/wp-content\/uploads\/2025\/12\/20251009_095046.jpg 1920w\" sizes=\"(max-width: 800px) 100vw, 800px\" \/>\t\t\t\t\t\t\t\t\t\t\t\t\t\t\t<\/div>\n\t\t\t\t<\/div>\n\t\t\t\t\t<\/div>\n\t\t<\/div>\n\t\t\t\t\t<\/div>\n\t\t<\/section>\n\t\t\t\t<div class=\"elementor-element elementor-element-6c25717 elementor-widget elementor-widget-text-editor\" data-id=\"6c25717\" data-element_type=\"widget\" data-widget_type=\"text-editor.default\">\n\t\t\t\t<div class=\"elementor-widget-container\">\n\t\t\t\t\t\t\t\t\t<p><span style=\"font-weight: 400;\">Consciente de la fragilit\u00e9 \u00e9conomique du mod\u00e8le associatif, Christiane Bourgeois insiste sur l\u2019importance du soutien apport\u00e9 par le Service de Coop\u00e9ration et d\u2019Action Culturelle (SCAC) et par le minist\u00e8re de l\u2019Europe et des Affaires \u00e9trang\u00e8res.<\/span><\/p><p><span style=\"font-weight: 400;\">Enfin, elle rend hommage \u00e0 la Grenade, h\u00f4te du s\u00e9minaire, et \u00e0 ses habitants :<\/span><\/p><p><span style=\"font-weight: 400;\">\u00ab C\u2019est une \u00eele absolument authentique, avec des habitants extr\u00eamement chaleureux. J\u2019encourage tous les Fran\u00e7ais et tous les Carib\u00e9ens \u00e0 venir \u00e0 la Grenade, un pays qui gagne \u00e0 \u00eatre connu et appr\u00e9ci\u00e9. \u00bb<\/span><\/p>\t\t\t\t\t\t\t\t<\/div>\n\t\t\t\t<\/div>\n\t\t\t\t<section class=\"elementor-section elementor-inner-section elementor-element elementor-element-c582330 elementor-section-boxed elementor-section-height-default elementor-section-height-default\" data-id=\"c582330\" data-element_type=\"section\">\n\t\t\t\t\t\t<div class=\"elementor-container elementor-column-gap-default\">\n\t\t\t\t\t\t<\/div>\n\t\t<\/section>\n\t\t\t\t<section class=\"elementor-section elementor-inner-section elementor-element elementor-element-6c2c939 elementor-section-boxed elementor-section-height-default elementor-section-height-default\" data-id=\"6c2c939\" data-element_type=\"section\">\n\t\t\t\t\t\t<div class=\"elementor-container elementor-column-gap-default\">\n\t\t\t\t\t<div class=\"elementor-column elementor-col-50 elementor-inner-column elementor-element elementor-element-993889f\" data-id=\"993889f\" data-element_type=\"column\">\n\t\t\t<div class=\"elementor-widget-wrap elementor-element-populated\">\n\t\t\t\t\t\t<div class=\"elementor-element elementor-element-e7f2246 elementor-widget elementor-widget-image\" data-id=\"e7f2246\" data-element_type=\"widget\" data-widget_type=\"image.default\">\n\t\t\t\t<div class=\"elementor-widget-container\">\n\t\t\t\t\t\t\t\t\t\t\t\t\t\t\t<img loading=\"lazy\" decoding=\"async\" width=\"800\" height=\"370\" src=\"https:\/\/richeskarayib.com\/wp-content\/uploads\/2025\/12\/20251010_164753-1024x473.jpg\" class=\"attachment-large size-large wp-image-67587\" alt=\"Alliances Fran\u00e7aises\" srcset=\"https:\/\/richeskarayib.com\/wp-content\/uploads\/2025\/12\/20251010_164753-1024x473.jpg 1024w, https:\/\/richeskarayib.com\/wp-content\/uploads\/2025\/12\/20251010_164753-300x139.jpg 300w, https:\/\/richeskarayib.com\/wp-content\/uploads\/2025\/12\/20251010_164753-768x355.jpg 768w, https:\/\/richeskarayib.com\/wp-content\/uploads\/2025\/12\/20251010_164753-1536x710.jpg 1536w, https:\/\/richeskarayib.com\/wp-content\/uploads\/2025\/12\/20251010_164753-1320x610.jpg 1320w, https:\/\/richeskarayib.com\/wp-content\/uploads\/2025\/12\/20251010_164753.jpg 1920w\" sizes=\"(max-width: 800px) 100vw, 800px\" \/>\t\t\t\t\t\t\t\t\t\t\t\t\t\t\t<\/div>\n\t\t\t\t<\/div>\n\t\t\t\t\t<\/div>\n\t\t<\/div>\n\t\t\t\t<div class=\"elementor-column elementor-col-50 elementor-inner-column elementor-element elementor-element-fe62ef0\" data-id=\"fe62ef0\" data-element_type=\"column\">\n\t\t\t<div class=\"elementor-widget-wrap elementor-element-populated\">\n\t\t\t\t\t\t<div class=\"elementor-element elementor-element-64f4e6f elementor-widget elementor-widget-image\" data-id=\"64f4e6f\" data-element_type=\"widget\" data-widget_type=\"image.default\">\n\t\t\t\t<div class=\"elementor-widget-container\">\n\t\t\t\t\t\t\t\t\t\t\t\t\t\t\t<img loading=\"lazy\" decoding=\"async\" width=\"800\" height=\"370\" src=\"https:\/\/richeskarayib.com\/wp-content\/uploads\/2025\/12\/20251009_201358-1024x473.jpg\" class=\"attachment-large size-large wp-image-67591\" alt=\"Alliances Fran\u00e7aises\" srcset=\"https:\/\/richeskarayib.com\/wp-content\/uploads\/2025\/12\/20251009_201358-1024x473.jpg 1024w, https:\/\/richeskarayib.com\/wp-content\/uploads\/2025\/12\/20251009_201358-300x139.jpg 300w, https:\/\/richeskarayib.com\/wp-content\/uploads\/2025\/12\/20251009_201358-768x355.jpg 768w, https:\/\/richeskarayib.com\/wp-content\/uploads\/2025\/12\/20251009_201358-1536x710.jpg 1536w, https:\/\/richeskarayib.com\/wp-content\/uploads\/2025\/12\/20251009_201358-1320x610.jpg 1320w, https:\/\/richeskarayib.com\/wp-content\/uploads\/2025\/12\/20251009_201358.jpg 1920w\" sizes=\"(max-width: 800px) 100vw, 800px\" \/>\t\t\t\t\t\t\t\t\t\t\t\t\t\t\t<\/div>\n\t\t\t\t<\/div>\n\t\t\t\t\t<\/div>\n\t\t<\/div>\n\t\t\t\t\t<\/div>\n\t\t<\/section>\n\t\t\t\t<section class=\"elementor-section elementor-inner-section elementor-element elementor-element-296603a elementor-section-boxed elementor-section-height-default elementor-section-height-default\" data-id=\"296603a\" data-element_type=\"section\">\n\t\t\t\t\t\t<div class=\"elementor-container elementor-column-gap-default\">\n\t\t\t\t\t\t<\/div>\n\t\t<\/section>\n\t\t\t\t\t<\/div>\n\t\t<\/div>\n\t\t\t\t\t<\/div>\n\t\t<\/section>\n\t\t\t\t<section class=\"elementor-section elementor-top-section elementor-element elementor-element-5a7397d elementor-section-boxed elementor-section-height-default elementor-section-height-default\" data-id=\"5a7397d\" data-element_type=\"section\">\n\t\t\t\t\t\t<div class=\"elementor-container elementor-column-gap-default\">\n\t\t\t\t\t<div class=\"elementor-column elementor-col-100 elementor-top-column elementor-element elementor-element-8b33b4b\" data-id=\"8b33b4b\" data-element_type=\"column\">\n\t\t\t<div class=\"elementor-widget-wrap elementor-element-populated\">\n\t\t\t\t\t\t<div class=\"elementor-element elementor-element-89dac4b elementor-widget elementor-widget-heading\" data-id=\"89dac4b\" data-element_type=\"widget\" data-widget_type=\"heading.default\">\n\t\t\t\t<div class=\"elementor-widget-container\">\n\t\t\t\t\t<h2 class=\"elementor-heading-title elementor-size-default\">L\u00e0 o\u00f9 la francophonie prend vie<\/h2>\t\t\t\t<\/div>\n\t\t\t\t<\/div>\n\t\t\t\t<div class=\"elementor-element elementor-element-4fc7069 elementor-widget elementor-widget-text-editor\" data-id=\"4fc7069\" data-element_type=\"widget\" data-widget_type=\"text-editor.default\">\n\t\t\t\t<div class=\"elementor-widget-container\">\n\t\t\t\t\t\t\t\t\t<p><span style=\"font-weight: 400;\">Au-del\u00e0 des bilans et des chiffres, ces rencontres rappellent que la francophonie vit avant tout \u00e0 travers celles et ceux qui la portent. <\/span><span style=\"font-weight: 400;\">Dans chaque \u00eele, les Alliances Fran\u00e7aises rassemblent, transmettent et inspirent.\u00a0 <\/span><span style=\"font-weight: 400;\">Ancr\u00e9es dans leur r\u00e9alit\u00e9, elles b\u00e2tissent des ponts entre langues, cultures et g\u00e9n\u00e9rations \u2014 une francophonie vivante, inclusive et profond\u00e9ment carib\u00e9enne.<\/span><\/p>\t\t\t\t\t\t\t\t<\/div>\n\t\t\t\t<\/div>\n\t\t\t\t<section class=\"elementor-section elementor-inner-section elementor-element elementor-element-d9ce3c4 elementor-section-boxed elementor-section-height-default elementor-section-height-default\" data-id=\"d9ce3c4\" data-element_type=\"section\">\n\t\t\t\t\t\t<div class=\"elementor-container elementor-column-gap-default\">\n\t\t\t\t\t<div class=\"elementor-column elementor-col-100 elementor-inner-column elementor-element elementor-element-9419bd5\" data-id=\"9419bd5\" data-element_type=\"column\">\n\t\t\t<div class=\"elementor-widget-wrap elementor-element-populated\">\n\t\t\t\t\t\t<div class=\"elementor-element elementor-element-8b6e44b elementor-widget elementor-widget-accordion\" data-id=\"8b6e44b\" data-element_type=\"widget\" data-widget_type=\"accordion.default\">\n\t\t\t\t<div class=\"elementor-widget-container\">\n\t\t\t\t\t\t\t<div class=\"elementor-accordion\">\n\t\t\t\t\t\t\t<div class=\"elementor-accordion-item\">\n\t\t\t\t\t<div id=\"elementor-tab-title-1461\" class=\"elementor-tab-title\" data-tab=\"1\" role=\"button\" aria-controls=\"elementor-tab-content-1461\" aria-expanded=\"false\">\n\t\t\t\t\t\t\t\t\t\t\t\t\t<span class=\"elementor-accordion-icon elementor-accordion-icon-left\" aria-hidden=\"true\">\n\t\t\t\t\t\t\t\t\t\t\t\t\t\t\t<span class=\"elementor-accordion-icon-closed\"><i class=\"fas fa-plus\"><\/i><\/span>\n\t\t\t\t\t\t\t\t<span class=\"elementor-accordion-icon-opened\"><i class=\"fas fa-minus\"><\/i><\/span>\n\t\t\t\t\t\t\t\t\t\t\t\t\t\t<\/span>\n\t\t\t\t\t\t\t\t\t\t\t\t<a class=\"elementor-accordion-title\" tabindex=\"0\">Quel est le r\u00f4le des Alliances Fran\u00e7aises dans la Cara\u00efbe ?<\/a>\n\t\t\t\t\t<\/div>\n\t\t\t\t\t<div id=\"elementor-tab-content-1461\" class=\"elementor-tab-content elementor-clearfix\" data-tab=\"1\" role=\"region\" aria-labelledby=\"elementor-tab-title-1461\"><p>Les Alliances Fran\u00e7aises jouent un r\u00f4le central dans l\u2019enseignement du fran\u00e7ais, la diffusion culturelle et le dialogue entre les territoires carib\u00e9ens. Ancr\u00e9es localement, elles adaptent leurs actions aux r\u00e9alit\u00e9s sociales, linguistiques et culturelles de chaque \u00eele.<\/p><\/div>\n\t\t\t\t<\/div>\n\t\t\t\t\t\t\t<div class=\"elementor-accordion-item\">\n\t\t\t\t\t<div id=\"elementor-tab-title-1462\" class=\"elementor-tab-title\" data-tab=\"2\" role=\"button\" aria-controls=\"elementor-tab-content-1462\" aria-expanded=\"false\">\n\t\t\t\t\t\t\t\t\t\t\t\t\t<span class=\"elementor-accordion-icon elementor-accordion-icon-left\" aria-hidden=\"true\">\n\t\t\t\t\t\t\t\t\t\t\t\t\t\t\t<span class=\"elementor-accordion-icon-closed\"><i class=\"fas fa-plus\"><\/i><\/span>\n\t\t\t\t\t\t\t\t<span class=\"elementor-accordion-icon-opened\"><i class=\"fas fa-minus\"><\/i><\/span>\n\t\t\t\t\t\t\t\t\t\t\t\t\t\t<\/span>\n\t\t\t\t\t\t\t\t\t\t\t\t<a class=\"elementor-accordion-title\" tabindex=\"0\"> Pourquoi le s\u00e9minaire R\u00e9zo est-il important pour les Alliances Fran\u00e7aises ?<\/a>\n\t\t\t\t\t<\/div>\n\t\t\t\t\t<div id=\"elementor-tab-content-1462\" class=\"elementor-tab-content elementor-clearfix\" data-tab=\"2\" role=\"region\" aria-labelledby=\"elementor-tab-title-1462\"><p><span style=\"font-weight: 400;\">Le s\u00e9minaire R\u00e9zo est le seul moment annuel o\u00f9 l\u2019ensemble des directrices et directeurs des Alliances Fran\u00e7aises de la Cara\u00efbe se retrouvent. Il permet de mutualiser les pratiques, renforcer la coop\u00e9ration r\u00e9gionale et maintenir une dynamique collective dans un r\u00e9seau g\u00e9ographiquement dispers\u00e9.<\/span><\/p><\/div>\n\t\t\t\t<\/div>\n\t\t\t\t\t\t\t<div class=\"elementor-accordion-item\">\n\t\t\t\t\t<div id=\"elementor-tab-title-1463\" class=\"elementor-tab-title\" data-tab=\"3\" role=\"button\" aria-controls=\"elementor-tab-content-1463\" aria-expanded=\"false\">\n\t\t\t\t\t\t\t\t\t\t\t\t\t<span class=\"elementor-accordion-icon elementor-accordion-icon-left\" aria-hidden=\"true\">\n\t\t\t\t\t\t\t\t\t\t\t\t\t\t\t<span class=\"elementor-accordion-icon-closed\"><i class=\"fas fa-plus\"><\/i><\/span>\n\t\t\t\t\t\t\t\t<span class=\"elementor-accordion-icon-opened\"><i class=\"fas fa-minus\"><\/i><\/span>\n\t\t\t\t\t\t\t\t\t\t\t\t\t\t<\/span>\n\t\t\t\t\t\t\t\t\t\t\t\t<a class=\"elementor-accordion-title\" tabindex=\"0\">Comment les Alliances Fran\u00e7aises s\u2019adaptent-elles aux r\u00e9alit\u00e9s locales ?<\/a>\n\t\t\t\t\t<\/div>\n\t\t\t\t\t<div id=\"elementor-tab-content-1463\" class=\"elementor-tab-content elementor-clearfix\" data-tab=\"3\" role=\"region\" aria-labelledby=\"elementor-tab-title-1463\"><p><span style=\"font-weight: 400;\">Les Alliances Fran\u00e7aises d\u00e9veloppent des projets sur mesure : cours en ligne ou en pr\u00e9sentiel, actions dans les \u00e9coles, projets \u00e9cologiques, \u00e9v\u00e9nements culturels, formations professionnelles ou coop\u00e9rations institutionnelles. Cette capacit\u00e9 d\u2019adaptation fait leur force dans un environnement majoritairement anglophone.<\/span><\/p><\/div>\n\t\t\t\t<\/div>\n\t\t\t\t\t\t\t\t<\/div>\n\t\t\t\t\t\t<\/div>\n\t\t\t\t<\/div>\n\t\t\t\t\t<\/div>\n\t\t<\/div>\n\t\t\t\t\t<\/div>\n\t\t<\/section>\n\t\t\t\t\t<\/div>\n\t\t<\/div>\n\t\t\t\t\t<\/div>\n\t\t<\/section>\n\t\t\t\t<\/div>\n\t\t","protected":false},"excerpt":{"rendered":"<p>Ensemble pour une Cara\u00efbe qui rayonne, les Alliances Fran\u00e7aises deviennent des passerelles entre cultures, langues et territoires. Lors du s\u00e9minaire R\u00c9ZO organis\u00e9 \u00e0 la Grenade, les directrices, directeurs, pr\u00e9sidentes et pr\u00e9sidents des Alliances Fran\u00e7aises de la Cara\u00efbe anglophone se sont r\u00e9unis pour renforcer ensemble la coop\u00e9ration culturelle et linguistique dans la r\u00e9gion et d\u00e9finir de [&hellip;]<\/p>\n","protected":false},"author":662,"featured_media":67515,"comment_status":"open","ping_status":"open","sticky":false,"template":"","format":"standard","meta":{"_acf_changed":false,"footnotes":""},"categories":[1455],"tags":[1598,1716,1643,1653,1693,1680,1744,1599,1635,1696],"class_list":["post-67514","post","type-post","status-publish","format-standard","has-post-thumbnail","hentry","category-coups-de-projecteur","tag-barbade-fr","tag-dominique-fr-2","tag-grenade","tag-guyana-2","tag-jamaique-2","tag-saint-kitts-et-nevis","tag-saint-vincent-et-les-grenadines","tag-sainte-lucie-fr","tag-suriname-2","tag-trinidad-tobago-fr"],"acf":[],"_links":{"self":[{"href":"https:\/\/richeskarayib.com\/fr\/wp-json\/wp\/v2\/posts\/67514","targetHints":{"allow":["GET"]}}],"collection":[{"href":"https:\/\/richeskarayib.com\/fr\/wp-json\/wp\/v2\/posts"}],"about":[{"href":"https:\/\/richeskarayib.com\/fr\/wp-json\/wp\/v2\/types\/post"}],"author":[{"embeddable":true,"href":"https:\/\/richeskarayib.com\/fr\/wp-json\/wp\/v2\/users\/662"}],"replies":[{"embeddable":true,"href":"https:\/\/richeskarayib.com\/fr\/wp-json\/wp\/v2\/comments?post=67514"}],"version-history":[{"count":0,"href":"https:\/\/richeskarayib.com\/fr\/wp-json\/wp\/v2\/posts\/67514\/revisions"}],"wp:featuredmedia":[{"embeddable":true,"href":"https:\/\/richeskarayib.com\/fr\/wp-json\/wp\/v2\/media\/67515"}],"wp:attachment":[{"href":"https:\/\/richeskarayib.com\/fr\/wp-json\/wp\/v2\/media?parent=67514"}],"wp:term":[{"taxonomy":"category","embeddable":true,"href":"https:\/\/richeskarayib.com\/fr\/wp-json\/wp\/v2\/categories?post=67514"},{"taxonomy":"post_tag","embeddable":true,"href":"https:\/\/richeskarayib.com\/fr\/wp-json\/wp\/v2\/tags?post=67514"}],"curies":[{"name":"wp","href":"https:\/\/api.w.org\/{rel}","templated":true}]}}