{"id":67598,"date":"2025-12-31T08:27:06","date_gmt":"2025-12-31T12:27:06","guid":{"rendered":"https:\/\/richeskarayib.com\/?p=67598"},"modified":"2025-12-31T08:27:06","modified_gmt":"2025-12-31T12:27:06","slug":"armel-vertino-albert-pionniere-cine-caribeen","status":"publish","type":"post","link":"https:\/\/richeskarayib.com\/fr\/armel-vertino-albert-pionniere-cine-caribeen\/","title":{"rendered":"Guadeloupe &#8211; Armel Vertino-Albert : pionni\u00e8re du cin\u00e9ma carib\u00e9en, gardienne de m\u00e9moire et inspiratrice"},"content":{"rendered":"\t\t<div data-elementor-type=\"wp-post\" data-elementor-id=\"67598\" class=\"elementor elementor-67598\" data-elementor-post-type=\"post\">\n\t\t\t\t\t\t<section class=\"elementor-section elementor-top-section elementor-element elementor-element-7ca7ca1 elementor-section-boxed elementor-section-height-default elementor-section-height-default\" data-id=\"7ca7ca1\" data-element_type=\"section\">\n\t\t\t\t\t\t<div class=\"elementor-container elementor-column-gap-default\">\n\t\t\t\t\t<div class=\"elementor-column elementor-col-100 elementor-top-column elementor-element elementor-element-cbdd002\" data-id=\"cbdd002\" data-element_type=\"column\">\n\t\t\t<div class=\"elementor-widget-wrap elementor-element-populated\">\n\t\t\t\t\t\t<section class=\"elementor-section elementor-inner-section elementor-element elementor-element-bc94849 elementor-section-boxed elementor-section-height-default elementor-section-height-default\" data-id=\"bc94849\" data-element_type=\"section\">\n\t\t\t\t\t\t<div class=\"elementor-container elementor-column-gap-default\">\n\t\t\t\t\t\t<\/div>\n\t\t<\/section>\n\t\t\t\t<section class=\"elementor-section elementor-inner-section elementor-element elementor-element-61571e6 elementor-section-boxed elementor-section-height-default elementor-section-height-default\" data-id=\"61571e6\" data-element_type=\"section\">\n\t\t\t\t\t\t<div class=\"elementor-container elementor-column-gap-default\">\n\t\t\t\t\t\t<\/div>\n\t\t<\/section>\n\t\t\t\t<section class=\"elementor-section elementor-inner-section elementor-element elementor-element-b6262e0 elementor-section-boxed elementor-section-height-default elementor-section-height-default\" data-id=\"b6262e0\" data-element_type=\"section\">\n\t\t\t\t\t\t<div class=\"elementor-container elementor-column-gap-default\">\n\t\t\t\t\t\t<\/div>\n\t\t<\/section>\n\t\t\t\t<section class=\"elementor-section elementor-inner-section elementor-element elementor-element-cca29fd elementor-section-boxed elementor-section-height-default elementor-section-height-default\" data-id=\"cca29fd\" data-element_type=\"section\">\n\t\t\t\t\t\t<div class=\"elementor-container elementor-column-gap-default\">\n\t\t\t\t\t\t<\/div>\n\t\t<\/section>\n\t\t\t\t\t<\/div>\n\t\t<\/div>\n\t\t\t\t\t<\/div>\n\t\t<\/section>\n\t\t\t\t<section class=\"elementor-section elementor-top-section elementor-element elementor-element-a6d4222 elementor-section-boxed elementor-section-height-default elementor-section-height-default\" data-id=\"a6d4222\" data-element_type=\"section\">\n\t\t\t\t\t\t<div class=\"elementor-container elementor-column-gap-default\">\n\t\t\t\t\t<div class=\"elementor-column elementor-col-100 elementor-top-column elementor-element elementor-element-ea27f09\" data-id=\"ea27f09\" data-element_type=\"column\">\n\t\t\t<div class=\"elementor-widget-wrap elementor-element-populated\">\n\t\t\t\t\t\t<div class=\"elementor-element elementor-element-0245cc6 elementor-widget elementor-widget-text-editor\" data-id=\"0245cc6\" data-element_type=\"widget\" data-widget_type=\"text-editor.default\">\n\t\t\t\t<div class=\"elementor-widget-container\">\n\t\t\t\t\t\t\t\t\t<p><a href=\"https:\/\/www.facebook.com\/lavilledepointeapitre\/posts\/info-du-jour-%C3%A0-loccasion-des-130-ans-du-cin%C3%A9ma-mme-rosette-bonneto-maire-adjoint\/1199585672312286\/\" target=\"_blank\" rel=\"noopener nofollow\"><b>Armel Vertino-Albert<\/b><\/a><span style=\"font-weight: 400;\"> est une figure majeure du paysage audiovisuel carib\u00e9en, reconnue pour son engagement de longue date dans la cr\u00e9ation cin\u00e9matographique, la valorisation des r\u00e9cits locaux et la transmission des savoirs autour de l\u2019image. \u00c0 une \u00e9poque o\u00f9 les cin\u00e9matographies ultramarines peinaient \u00e0 trouver leur place, elle s\u2019est affirm\u00e9e comme une r\u00e9alisatrice et une productrice dont le travail contribue \u00e0 red\u00e9finir la mani\u00e8re dont la culture carib\u00e9enne se raconte \u00e0 travers l\u2019\u00e9cran.<\/span><\/p>\t\t\t\t\t\t\t\t<\/div>\n\t\t\t\t<\/div>\n\t\t\t\t\t<\/div>\n\t\t<\/div>\n\t\t\t\t\t<\/div>\n\t\t<\/section>\n\t\t\t\t<section class=\"elementor-section elementor-top-section elementor-element elementor-element-e1fea79 elementor-section-boxed elementor-section-height-default elementor-section-height-default\" data-id=\"e1fea79\" data-element_type=\"section\">\n\t\t\t\t\t\t<div class=\"elementor-container elementor-column-gap-default\">\n\t\t\t\t\t<div class=\"elementor-column elementor-col-100 elementor-top-column elementor-element elementor-element-6d0be76\" data-id=\"6d0be76\" data-element_type=\"column\">\n\t\t\t<div class=\"elementor-widget-wrap elementor-element-populated\">\n\t\t\t\t\t\t<div class=\"elementor-element elementor-element-a310b25 elementor-widget elementor-widget-heading\" data-id=\"a310b25\" data-element_type=\"widget\" data-widget_type=\"heading.default\">\n\t\t\t\t<div class=\"elementor-widget-container\">\n\t\t\t\t\t<h2 class=\"elementor-heading-title elementor-size-default\">Un hommage majeur en 2025<\/h2>\t\t\t\t<\/div>\n\t\t\t\t<\/div>\n\t\t\t\t<div class=\"elementor-element elementor-element-bbb62ae elementor-widget elementor-widget-text-editor\" data-id=\"bbb62ae\" data-element_type=\"widget\" data-widget_type=\"text-editor.default\">\n\t\t\t\t<div class=\"elementor-widget-container\">\n\t\t\t\t\t\t\t\t\t<p><span style=\"font-weight: 400;\">En d\u00e9cembre 2025, <\/span><b>Armel Vertino-Albert<\/b><span style=\"font-weight: 400;\"> a \u00e9t\u00e9 honor\u00e9e \u00e0 Pointe-\u00e0-Pitre, en <a href=\"https:\/\/richeskarayib.com\/fr\/festival-international-de-musique-2025\/\" target=\"_blank\" rel=\"noopener\">Guadeloupe<\/a>, lors d\u2019un hommage organis\u00e9 \u00e0 l\u2019occasion des <\/span><b>130 ans du cin\u00e9ma<\/b><span style=\"font-weight: 400;\">. Cette c\u00e9r\u00e9monie a salu\u00e9 non seulement son parcours artistique mais aussi sa contribution durable \u00e0 l\u2019essor du cin\u00e9ma dans la Cara\u00efbe.<\/span><\/p><p><span style=\"font-weight: 400;\">La reconnaissance de son \u0153uvre \u00e0 cette occasion a mis en lumi\u00e8re l\u2019importance de son r\u00f4le dans l\u2019histoire culturelle de la r\u00e9gion, en faisant ressortir son apport \u00e0 l\u2019affirmation d\u2019un cin\u00e9ma qui porte les voix et les exp\u00e9riences carib\u00e9ennes.<\/span><\/p>\t\t\t\t\t\t\t\t<\/div>\n\t\t\t\t<\/div>\n\t\t\t\t<section class=\"elementor-section elementor-inner-section elementor-element elementor-element-c6313c2 elementor-section-boxed elementor-section-height-default elementor-section-height-default\" data-id=\"c6313c2\" data-element_type=\"section\">\n\t\t\t\t\t\t<div class=\"elementor-container elementor-column-gap-default\">\n\t\t\t\t\t<div class=\"elementor-column elementor-col-100 elementor-inner-column elementor-element elementor-element-f7f0ee4\" data-id=\"f7f0ee4\" data-element_type=\"column\">\n\t\t\t<div class=\"elementor-widget-wrap elementor-element-populated\">\n\t\t\t\t\t\t<div class=\"elementor-element elementor-element-4e8d861 elementor-widget elementor-widget-image\" data-id=\"4e8d861\" data-element_type=\"widget\" data-widget_type=\"image.default\">\n\t\t\t\t<div class=\"elementor-widget-container\">\n\t\t\t\t\t\t\t\t\t\t\t\t<figure class=\"wp-caption\">\n\t\t\t\t\t\t\t\t\t\t<img fetchpriority=\"high\" decoding=\"async\" width=\"800\" height=\"600\" src=\"https:\/\/richeskarayib.com\/wp-content\/uploads\/2025\/12\/La-Ville-de-Pointe-a-Pitre-1024x768.jpg\" class=\"attachment-large size-large wp-image-67603\" alt=\"Armel Vertino-Albert\" srcset=\"https:\/\/richeskarayib.com\/wp-content\/uploads\/2025\/12\/La-Ville-de-Pointe-a-Pitre-1024x768.jpg 1024w, https:\/\/richeskarayib.com\/wp-content\/uploads\/2025\/12\/La-Ville-de-Pointe-a-Pitre-300x225.jpg 300w, https:\/\/richeskarayib.com\/wp-content\/uploads\/2025\/12\/La-Ville-de-Pointe-a-Pitre-768x576.jpg 768w, https:\/\/richeskarayib.com\/wp-content\/uploads\/2025\/12\/La-Ville-de-Pointe-a-Pitre-1536x1152.jpg 1536w, https:\/\/richeskarayib.com\/wp-content\/uploads\/2025\/12\/La-Ville-de-Pointe-a-Pitre-1320x990.jpg 1320w, https:\/\/richeskarayib.com\/wp-content\/uploads\/2025\/12\/La-Ville-de-Pointe-a-Pitre.jpg 1920w\" sizes=\"(max-width: 800px) 100vw, 800px\" \/>\t\t\t\t\t\t\t\t\t\t\t<figcaption class=\"widget-image-caption wp-caption-text\">\u00a9La Ville de Pointe-a\u0300-Pitre<\/figcaption>\n\t\t\t\t\t\t\t\t\t\t<\/figure>\n\t\t\t\t\t\t\t\t\t<\/div>\n\t\t\t\t<\/div>\n\t\t\t\t\t<\/div>\n\t\t<\/div>\n\t\t\t\t\t<\/div>\n\t\t<\/section>\n\t\t\t\t\t<\/div>\n\t\t<\/div>\n\t\t\t\t\t<\/div>\n\t\t<\/section>\n\t\t\t\t<section class=\"elementor-section elementor-top-section elementor-element elementor-element-ee72354 elementor-section-boxed elementor-section-height-default elementor-section-height-default\" data-id=\"ee72354\" data-element_type=\"section\">\n\t\t\t\t\t\t<div class=\"elementor-container elementor-column-gap-default\">\n\t\t\t\t\t<div class=\"elementor-column elementor-col-100 elementor-top-column elementor-element elementor-element-c59d6fe\" data-id=\"c59d6fe\" data-element_type=\"column\">\n\t\t\t<div class=\"elementor-widget-wrap elementor-element-populated\">\n\t\t\t\t\t\t<div class=\"elementor-element elementor-element-ddc6a1e elementor-widget elementor-widget-heading\" data-id=\"ddc6a1e\" data-element_type=\"widget\" data-widget_type=\"heading.default\">\n\t\t\t\t<div class=\"elementor-widget-container\">\n\t\t\t\t\t<h2 class=\"elementor-heading-title elementor-size-default\">Un engagement depuis les ann\u00e9es 1960<\/h2>\t\t\t\t<\/div>\n\t\t\t\t<\/div>\n\t\t\t\t<div class=\"elementor-element elementor-element-e57451f elementor-widget elementor-widget-text-editor\" data-id=\"e57451f\" data-element_type=\"widget\" data-widget_type=\"text-editor.default\">\n\t\t\t\t<div class=\"elementor-widget-container\">\n\t\t\t\t\t\t\t\t\t<p><span style=\"font-weight: 400;\">Active dans le milieu cin\u00e9matographique depuis 1966, <\/span><b>Armel Vertino-Albert<\/b><span style=\"font-weight: 400;\"> a construit une carri\u00e8re riche et plurielle, marqu\u00e9e par des films, des productions et des projets documentaires qui s\u2019int\u00e9ressent aux r\u00e9alit\u00e9s sociales, historiques et culturelles de la Cara\u00efbe.<\/span><\/p><p><span style=\"font-weight: 400;\">Son travail s\u2019inscrit dans un contexte o\u00f9 les cin\u00e9astes issus des territoires ultramarins ont d\u00fb lutter pour faire entendre leurs r\u00e9cits face \u00e0 des industries dominantes. En donnant une place centrale aux histoires locales, elle a contribu\u00e9 \u00e0 renforcer un cin\u00e9ma <\/span><b>ancr\u00e9 dans la m\u00e9moire collective<\/b><span style=\"font-weight: 400;\"> et porteur de regards pluriels sur les soci\u00e9t\u00e9s carib\u00e9ennes.<\/span><\/p>\t\t\t\t\t\t\t\t<\/div>\n\t\t\t\t<\/div>\n\t\t\t\t\t<\/div>\n\t\t<\/div>\n\t\t\t\t\t<\/div>\n\t\t<\/section>\n\t\t\t\t<section class=\"elementor-section elementor-top-section elementor-element elementor-element-82cd8f9 elementor-section-boxed elementor-section-height-default elementor-section-height-default\" data-id=\"82cd8f9\" data-element_type=\"section\">\n\t\t\t\t\t\t<div class=\"elementor-container elementor-column-gap-default\">\n\t\t\t\t\t<div class=\"elementor-column elementor-col-100 elementor-top-column elementor-element elementor-element-0bfdc38\" data-id=\"0bfdc38\" data-element_type=\"column\">\n\t\t\t<div class=\"elementor-widget-wrap elementor-element-populated\">\n\t\t\t\t\t\t<div class=\"elementor-element elementor-element-7d292fe elementor-widget elementor-widget-heading\" data-id=\"7d292fe\" data-element_type=\"widget\" data-widget_type=\"heading.default\">\n\t\t\t\t<div class=\"elementor-widget-container\">\n\t\t\t\t\t<h2 class=\"elementor-heading-title elementor-size-default\">Une \u0153uvre riche en th\u00e8mes sociaux et humains<\/h2>\t\t\t\t<\/div>\n\t\t\t\t<\/div>\n\t\t\t\t<div class=\"elementor-element elementor-element-8e337bf elementor-widget elementor-widget-text-editor\" data-id=\"8e337bf\" data-element_type=\"widget\" data-widget_type=\"text-editor.default\">\n\t\t\t\t<div class=\"elementor-widget-container\">\n\t\t\t\t\t\t\t\t\t<p><span style=\"font-weight: 400;\">Les films de <\/span><b>Armel Vertino-Albert<\/b><span style=\"font-weight: 400;\"> explorent des th\u00e9matiques qui vont au-del\u00e0 de la simple narration : identit\u00e9, m\u00e9moire, transmission, lutte sociale ou encore repr\u00e9sentation culturelle sont au c\u0153ur de ses productions. Bien qu\u2019une filmographie compl\u00e8te ne soit pas toujours facile \u00e0 reconstituer dans les sources publiques, son travail est fr\u00e9quemment associ\u00e9 \u00e0 des projets documentaires et des courts m\u00e9trages qui mettent en lumi\u00e8re des r\u00e9alit\u00e9s quotidiennes souvent invisibilis\u00e9es.<\/span><\/p><p><span style=\"font-weight: 400;\">Ce faisant, elle a donn\u00e9 une <\/span><b>voix aux communaut\u00e9s carib\u00e9ennes<\/b><span style=\"font-weight: 400;\">, contribuant \u00e0 fa\u00e7onner une narration qui leur ressemble, loin des regards ext\u00e9rieurs ou st\u00e9r\u00e9otyp\u00e9s. Son travail a \u00e9galement \u00e9t\u00e9 salu\u00e9 lors de festivals ou d\u2019\u00e9v\u00e9nements locaux, soulignant sa capacit\u00e9 \u00e0 croiser sensibilit\u00e9 artistique et pertinence sociale.<\/span><\/p>\t\t\t\t\t\t\t\t<\/div>\n\t\t\t\t<\/div>\n\t\t\t\t<section class=\"elementor-section elementor-inner-section elementor-element elementor-element-8e59ea2 elementor-section-boxed elementor-section-height-default elementor-section-height-default\" data-id=\"8e59ea2\" data-element_type=\"section\">\n\t\t\t\t\t\t<div class=\"elementor-container elementor-column-gap-default\">\n\t\t\t\t\t<div class=\"elementor-column elementor-col-100 elementor-inner-column elementor-element elementor-element-0a38aed\" data-id=\"0a38aed\" data-element_type=\"column\">\n\t\t\t<div class=\"elementor-widget-wrap elementor-element-populated\">\n\t\t\t\t\t\t<div class=\"elementor-element elementor-element-86faaea elementor-widget elementor-widget-image\" data-id=\"86faaea\" data-element_type=\"widget\" data-widget_type=\"image.default\">\n\t\t\t\t<div class=\"elementor-widget-container\">\n\t\t\t\t\t\t\t\t\t\t\t\t<figure class=\"wp-caption\">\n\t\t\t\t\t\t\t\t\t\t<img decoding=\"async\" width=\"800\" height=\"534\" src=\"https:\/\/richeskarayib.com\/wp-content\/uploads\/2025\/12\/\u00a9JEREMIAH-CARLTON.jpg\" class=\"attachment-large size-large wp-image-67607\" alt=\"Armel Vertino-Albert\" srcset=\"https:\/\/richeskarayib.com\/wp-content\/uploads\/2025\/12\/\u00a9JEREMIAH-CARLTON.jpg 1000w, https:\/\/richeskarayib.com\/wp-content\/uploads\/2025\/12\/\u00a9JEREMIAH-CARLTON-300x200.jpg 300w, https:\/\/richeskarayib.com\/wp-content\/uploads\/2025\/12\/\u00a9JEREMIAH-CARLTON-768x513.jpg 768w\" sizes=\"(max-width: 800px) 100vw, 800px\" \/>\t\t\t\t\t\t\t\t\t\t\t<figcaption class=\"widget-image-caption wp-caption-text\">\u00a9JEREMIAH CARLTON<\/figcaption>\n\t\t\t\t\t\t\t\t\t\t<\/figure>\n\t\t\t\t\t\t\t\t\t<\/div>\n\t\t\t\t<\/div>\n\t\t\t\t\t<\/div>\n\t\t<\/div>\n\t\t\t\t\t<\/div>\n\t\t<\/section>\n\t\t\t\t<section class=\"elementor-section elementor-inner-section elementor-element elementor-element-c582330 elementor-section-boxed elementor-section-height-default elementor-section-height-default\" data-id=\"c582330\" data-element_type=\"section\">\n\t\t\t\t\t\t<div class=\"elementor-container elementor-column-gap-default\">\n\t\t\t\t\t\t<\/div>\n\t\t<\/section>\n\t\t\t\t<section class=\"elementor-section elementor-inner-section elementor-element elementor-element-296603a elementor-section-boxed elementor-section-height-default elementor-section-height-default\" data-id=\"296603a\" data-element_type=\"section\">\n\t\t\t\t\t\t<div class=\"elementor-container elementor-column-gap-default\">\n\t\t\t\t\t\t<\/div>\n\t\t<\/section>\n\t\t\t\t\t<\/div>\n\t\t<\/div>\n\t\t\t\t\t<\/div>\n\t\t<\/section>\n\t\t\t\t<section class=\"elementor-section elementor-top-section elementor-element elementor-element-5a7397d elementor-section-boxed elementor-section-height-default elementor-section-height-default\" data-id=\"5a7397d\" data-element_type=\"section\">\n\t\t\t\t\t\t<div class=\"elementor-container elementor-column-gap-default\">\n\t\t\t\t\t<div class=\"elementor-column elementor-col-100 elementor-top-column elementor-element elementor-element-8b33b4b\" data-id=\"8b33b4b\" data-element_type=\"column\">\n\t\t\t<div class=\"elementor-widget-wrap elementor-element-populated\">\n\t\t\t\t\t\t<div class=\"elementor-element elementor-element-89dac4b elementor-widget elementor-widget-heading\" data-id=\"89dac4b\" data-element_type=\"widget\" data-widget_type=\"heading.default\">\n\t\t\t\t<div class=\"elementor-widget-container\">\n\t\t\t\t\t<h2 class=\"elementor-heading-title elementor-size-default\">Transmission et inspiration<\/h2>\t\t\t\t<\/div>\n\t\t\t\t<\/div>\n\t\t\t\t<div class=\"elementor-element elementor-element-4fc7069 elementor-widget elementor-widget-text-editor\" data-id=\"4fc7069\" data-element_type=\"widget\" data-widget_type=\"text-editor.default\">\n\t\t\t\t<div class=\"elementor-widget-container\">\n\t\t\t\t\t\t\t\t\t<p><span style=\"font-weight: 400;\">Au-del\u00e0 de sa propre cr\u00e9ation, <\/span><b>Armel Vertino-Albert<\/b><span style=\"font-weight: 400;\"> a fait de la <\/span><b>transmission des savoirs autour de l\u2019image<\/b><span style=\"font-weight: 400;\"> une dimension essentielle de son engagement. Elle intervient r\u00e9guli\u00e8rement dans des rencontres avec des jeunes cin\u00e9astes, des ateliers de sensibilisation ou des \u00e9v\u00e9nements culturels visant \u00e0 encourager de nouvelles vocations.<\/span><a href=\"https:\/\/www.drom-com.fr\/articles\/armel-vertino-albert-premiere-cineaste-caraibe-honoree-pointe-pitre-79521.htm?utm_source=chatgpt.com\" rel=\"nofollow noopener\" target=\"_blank\"><span style=\"font-weight: 400;\">\u00a0<\/span><\/a><\/p><p><span style=\"font-weight: 400;\">Cette dimension p\u00e9dagogique et communautaire est particuli\u00e8rement importante dans des territoires o\u00f9 l\u2019acc\u00e8s aux outils de production et aux r\u00e9seaux artistiques est souvent limit\u00e9. Elle contribue \u00e0 nourrir une nouvelle g\u00e9n\u00e9ration de cr\u00e9ateurs capables de porter leurs propres r\u00e9cits \u00e0 l\u2019\u00e9cran.<\/span><\/p>\t\t\t\t\t\t\t\t<\/div>\n\t\t\t\t<\/div>\n\t\t\t\t\t<\/div>\n\t\t<\/div>\n\t\t\t\t\t<\/div>\n\t\t<\/section>\n\t\t\t\t<section class=\"elementor-section elementor-top-section elementor-element elementor-element-be1c2b5 elementor-section-boxed elementor-section-height-default elementor-section-height-default\" data-id=\"be1c2b5\" data-element_type=\"section\">\n\t\t\t\t\t\t<div class=\"elementor-container elementor-column-gap-default\">\n\t\t\t\t\t<div class=\"elementor-column elementor-col-100 elementor-top-column elementor-element elementor-element-29d1507\" data-id=\"29d1507\" data-element_type=\"column\">\n\t\t\t<div class=\"elementor-widget-wrap elementor-element-populated\">\n\t\t\t\t\t\t<div class=\"elementor-element elementor-element-c0de8ea elementor-widget elementor-widget-heading\" data-id=\"c0de8ea\" data-element_type=\"widget\" data-widget_type=\"heading.default\">\n\t\t\t\t<div class=\"elementor-widget-container\">\n\t\t\t\t\t<h2 class=\"elementor-heading-title elementor-size-default\">Une reconnaissance qui d\u00e9passe l\u2019individuel\n<\/h2>\t\t\t\t<\/div>\n\t\t\t\t<\/div>\n\t\t\t\t<div class=\"elementor-element elementor-element-819dd2d elementor-widget elementor-widget-text-editor\" data-id=\"819dd2d\" data-element_type=\"widget\" data-widget_type=\"text-editor.default\">\n\t\t\t\t<div class=\"elementor-widget-container\">\n\t\t\t\t\t\t\t\t\t<p><span style=\"font-weight: 400;\">Les hommages rendus \u00e0 <\/span><b>Armel Vertino-Albert<\/b><span style=\"font-weight: 400;\"> ne c\u00e9l\u00e8brent pas uniquement sa personne, ils <\/span><b>valorisent aussi tout un h\u00e9ritage cin\u00e9matographique carib\u00e9en<\/b><span style=\"font-weight: 400;\"> qui a souvent \u00e9t\u00e9 rel\u00e9gu\u00e9 en marge des circuits dominants. L\u2019attention port\u00e9e \u00e0 son \u0153uvre est le reflet d\u2019un mouvement collectif de reconnaissance des cin\u00e9matographies ultramarines, qui prennent aujourd\u2019hui une place de plus en plus visible dans les programmations culturelles r\u00e9gionales.<\/span><a href=\"https:\/\/www.drom-com.fr\/articles\/armel-vertino-albert-premiere-cineaste-caraibe-honoree-pointe-pitre-79521.htm?utm_source=chatgpt.com\" rel=\"nofollow noopener\" target=\"_blank\"><span style=\"font-weight: 400;\">\u00a0<\/span><\/a><\/p><p><span style=\"font-weight: 400;\">Cette reconnaissance permet de renouveler le regard port\u00e9 sur des pratiques artistiques qui, longtemps, ont d\u00fb se frayer un chemin dans des paysages institutionnels et m\u00e9diatiques qui ne leur accordaient que peu de visibilit\u00e9.<\/span><\/p>\t\t\t\t\t\t\t\t<\/div>\n\t\t\t\t<\/div>\n\t\t\t\t<section class=\"elementor-section elementor-inner-section elementor-element elementor-element-2fc786d elementor-section-boxed elementor-section-height-default elementor-section-height-default\" data-id=\"2fc786d\" data-element_type=\"section\">\n\t\t\t\t\t\t<div class=\"elementor-container elementor-column-gap-default\">\n\t\t\t\t\t<div class=\"elementor-column elementor-col-100 elementor-inner-column elementor-element elementor-element-c234f68\" data-id=\"c234f68\" data-element_type=\"column\">\n\t\t\t<div class=\"elementor-widget-wrap elementor-element-populated\">\n\t\t\t\t\t\t<div class=\"elementor-element elementor-element-83143b0 elementor-widget elementor-widget-image\" data-id=\"83143b0\" data-element_type=\"widget\" data-widget_type=\"image.default\">\n\t\t\t\t<div class=\"elementor-widget-container\">\n\t\t\t\t\t\t\t\t\t\t\t\t<figure class=\"wp-caption\">\n\t\t\t\t\t\t\t\t\t\t<img decoding=\"async\" width=\"800\" height=\"600\" src=\"https:\/\/richeskarayib.com\/wp-content\/uploads\/2025\/12\/La-Ville-de-Pointe-a-Pitre-1-1024x768.jpg\" class=\"attachment-large size-large wp-image-67611\" alt=\"Armel Vertino-Albert\" srcset=\"https:\/\/richeskarayib.com\/wp-content\/uploads\/2025\/12\/La-Ville-de-Pointe-a-Pitre-1-1024x768.jpg 1024w, https:\/\/richeskarayib.com\/wp-content\/uploads\/2025\/12\/La-Ville-de-Pointe-a-Pitre-1-300x225.jpg 300w, https:\/\/richeskarayib.com\/wp-content\/uploads\/2025\/12\/La-Ville-de-Pointe-a-Pitre-1-768x576.jpg 768w, https:\/\/richeskarayib.com\/wp-content\/uploads\/2025\/12\/La-Ville-de-Pointe-a-Pitre-1-1536x1152.jpg 1536w, https:\/\/richeskarayib.com\/wp-content\/uploads\/2025\/12\/La-Ville-de-Pointe-a-Pitre-1-1320x990.jpg 1320w, https:\/\/richeskarayib.com\/wp-content\/uploads\/2025\/12\/La-Ville-de-Pointe-a-Pitre-1.jpg 1920w\" sizes=\"(max-width: 800px) 100vw, 800px\" \/>\t\t\t\t\t\t\t\t\t\t\t<figcaption class=\"widget-image-caption wp-caption-text\">\u00a9La Ville de Pointe-a\u0300-Pitre<\/figcaption>\n\t\t\t\t\t\t\t\t\t\t<\/figure>\n\t\t\t\t\t\t\t\t\t<\/div>\n\t\t\t\t<\/div>\n\t\t\t\t\t<\/div>\n\t\t<\/div>\n\t\t\t\t\t<\/div>\n\t\t<\/section>\n\t\t\t\t\t<\/div>\n\t\t<\/div>\n\t\t\t\t\t<\/div>\n\t\t<\/section>\n\t\t\t\t<section class=\"elementor-section elementor-top-section elementor-element elementor-element-251ef48 elementor-section-boxed elementor-section-height-default elementor-section-height-default\" data-id=\"251ef48\" data-element_type=\"section\">\n\t\t\t\t\t\t<div class=\"elementor-container elementor-column-gap-default\">\n\t\t\t\t\t<div class=\"elementor-column elementor-col-100 elementor-top-column elementor-element elementor-element-a888eea\" data-id=\"a888eea\" data-element_type=\"column\">\n\t\t\t<div class=\"elementor-widget-wrap elementor-element-populated\">\n\t\t\t\t\t\t<div class=\"elementor-element elementor-element-eeb5a9a elementor-widget elementor-widget-text-editor\" data-id=\"eeb5a9a\" data-element_type=\"widget\" data-widget_type=\"text-editor.default\">\n\t\t\t\t<div class=\"elementor-widget-container\">\n\t\t\t\t\t\t\t\t\t<p><b>Armel Vertino-Albert<\/b><span style=\"font-weight: 400;\"> est une artiste et une promotrice culturelle dont le parcours est profond\u00e9ment li\u00e9 \u00e0 l\u2019histoire du cin\u00e9ma en <a href=\"https:\/\/richeskarayib.com\/fr\/bouladjel-souffle-profond-de-la-guadeloupe\/\" target=\"_blank\" rel=\"noopener\">Guadeloupe<\/a> et dans la Cara\u00efbe. Par ses films, son engagement social et son r\u00f4le de passeuse de m\u00e9moire, elle a contribu\u00e9 \u00e0 \u00e9largir les espaces de repr\u00e9sentation des voix carib\u00e9ennes \u00e0 l\u2019\u00e9cran. L\u2019hommage qui lui a \u00e9t\u00e9 rendu en 2025 t\u00e9moigne de l\u2019importance de son travail, non seulement comme \u0153uvre artistique, mais aussi comme source d\u2019inspiration pour les g\u00e9n\u00e9rations futures.<\/span><\/p>\t\t\t\t\t\t\t\t<\/div>\n\t\t\t\t<\/div>\n\t\t\t\t<section class=\"elementor-section elementor-inner-section elementor-element elementor-element-74fc401 elementor-section-boxed elementor-section-height-default elementor-section-height-default\" data-id=\"74fc401\" data-element_type=\"section\">\n\t\t\t\t\t\t<div class=\"elementor-container elementor-column-gap-default\">\n\t\t\t\t\t<div class=\"elementor-column elementor-col-100 elementor-inner-column elementor-element elementor-element-2336c17\" data-id=\"2336c17\" data-element_type=\"column\">\n\t\t\t<div class=\"elementor-widget-wrap elementor-element-populated\">\n\t\t\t\t\t\t<div class=\"elementor-element elementor-element-f301554 elementor-widget elementor-widget-accordion\" data-id=\"f301554\" data-element_type=\"widget\" data-widget_type=\"accordion.default\">\n\t\t\t\t<div class=\"elementor-widget-container\">\n\t\t\t\t\t\t\t<div class=\"elementor-accordion\">\n\t\t\t\t\t\t\t<div class=\"elementor-accordion-item\">\n\t\t\t\t\t<div id=\"elementor-tab-title-2541\" class=\"elementor-tab-title\" data-tab=\"1\" role=\"button\" aria-controls=\"elementor-tab-content-2541\" aria-expanded=\"false\">\n\t\t\t\t\t\t\t\t\t\t\t\t\t<span class=\"elementor-accordion-icon elementor-accordion-icon-left\" aria-hidden=\"true\">\n\t\t\t\t\t\t\t\t\t\t\t\t\t\t\t<span class=\"elementor-accordion-icon-closed\"><i class=\"fas fa-plus\"><\/i><\/span>\n\t\t\t\t\t\t\t\t<span class=\"elementor-accordion-icon-opened\"><i class=\"fas fa-minus\"><\/i><\/span>\n\t\t\t\t\t\t\t\t\t\t\t\t\t\t<\/span>\n\t\t\t\t\t\t\t\t\t\t\t\t<a class=\"elementor-accordion-title\" tabindex=\"0\">Qui est Armel Vertino-Albert ?<\/a>\n\t\t\t\t\t<\/div>\n\t\t\t\t\t<div id=\"elementor-tab-content-2541\" class=\"elementor-tab-content elementor-clearfix\" data-tab=\"1\" role=\"region\" aria-labelledby=\"elementor-tab-title-2541\"><p><span style=\"font-weight: 400;\">Armel Vertino-Albert est une cin\u00e9aste guadeloup\u00e9enne reconnue comme l\u2019une des pionni\u00e8res du cin\u00e9ma carib\u00e9en. Active depuis les ann\u00e9es 1960, elle a contribu\u00e9 \u00e0 faire \u00e9merger des r\u00e9cits locaux \u00e0 travers des films ancr\u00e9s dans les r\u00e9alit\u00e9s sociales, culturelles et historiques de la Cara\u00efbe.<\/span><\/p><\/div>\n\t\t\t\t<\/div>\n\t\t\t\t\t\t\t<div class=\"elementor-accordion-item\">\n\t\t\t\t\t<div id=\"elementor-tab-title-2542\" class=\"elementor-tab-title\" data-tab=\"2\" role=\"button\" aria-controls=\"elementor-tab-content-2542\" aria-expanded=\"false\">\n\t\t\t\t\t\t\t\t\t\t\t\t\t<span class=\"elementor-accordion-icon elementor-accordion-icon-left\" aria-hidden=\"true\">\n\t\t\t\t\t\t\t\t\t\t\t\t\t\t\t<span class=\"elementor-accordion-icon-closed\"><i class=\"fas fa-plus\"><\/i><\/span>\n\t\t\t\t\t\t\t\t<span class=\"elementor-accordion-icon-opened\"><i class=\"fas fa-minus\"><\/i><\/span>\n\t\t\t\t\t\t\t\t\t\t\t\t\t\t<\/span>\n\t\t\t\t\t\t\t\t\t\t\t\t<a class=\"elementor-accordion-title\" tabindex=\"0\">Pourquoi Armel Vertino-Albert a-t-elle \u00e9t\u00e9 honor\u00e9e en 2025 ?<\/a>\n\t\t\t\t\t<\/div>\n\t\t\t\t\t<div id=\"elementor-tab-content-2542\" class=\"elementor-tab-content elementor-clearfix\" data-tab=\"2\" role=\"region\" aria-labelledby=\"elementor-tab-title-2542\"><p><span style=\"font-weight: 400;\">En 2025, Armel Vertino-Albert a re\u00e7u un hommage \u00e0 Pointe-\u00e0-Pitre dans le cadre des 130 ans du cin\u00e9ma. Cette reconnaissance souligne son r\u00f4le majeur dans le d\u00e9veloppement du cin\u00e9ma en Guadeloupe et son engagement durable en faveur de la m\u00e9moire et de la transmission culturelle.<\/span><\/p><\/div>\n\t\t\t\t<\/div>\n\t\t\t\t\t\t\t<div class=\"elementor-accordion-item\">\n\t\t\t\t\t<div id=\"elementor-tab-title-2543\" class=\"elementor-tab-title\" data-tab=\"3\" role=\"button\" aria-controls=\"elementor-tab-content-2543\" aria-expanded=\"false\">\n\t\t\t\t\t\t\t\t\t\t\t\t\t<span class=\"elementor-accordion-icon elementor-accordion-icon-left\" aria-hidden=\"true\">\n\t\t\t\t\t\t\t\t\t\t\t\t\t\t\t<span class=\"elementor-accordion-icon-closed\"><i class=\"fas fa-plus\"><\/i><\/span>\n\t\t\t\t\t\t\t\t<span class=\"elementor-accordion-icon-opened\"><i class=\"fas fa-minus\"><\/i><\/span>\n\t\t\t\t\t\t\t\t\t\t\t\t\t\t<\/span>\n\t\t\t\t\t\t\t\t\t\t\t\t<a class=\"elementor-accordion-title\" tabindex=\"0\">Quel est l\u2019apport d\u2019Armel Vertino-Albert au cin\u00e9ma carib\u00e9en ?<\/a>\n\t\t\t\t\t<\/div>\n\t\t\t\t\t<div id=\"elementor-tab-content-2543\" class=\"elementor-tab-content elementor-clearfix\" data-tab=\"3\" role=\"region\" aria-labelledby=\"elementor-tab-title-2543\"><p><span style=\"font-weight: 400;\">L\u2019apport d\u2019Armel Vertino-Albert r\u00e9side dans sa capacit\u00e9 \u00e0 donner une visibilit\u00e9 aux voix carib\u00e9ennes \u00e0 travers l\u2019image. Son travail a permis de valoriser des r\u00e9cits souvent absents des circuits dominants, tout en inspirant de nouvelles g\u00e9n\u00e9rations de cin\u00e9astes dans la r\u00e9gion.<\/span><\/p><\/div>\n\t\t\t\t<\/div>\n\t\t\t\t\t\t\t\t<\/div>\n\t\t\t\t\t\t<\/div>\n\t\t\t\t<\/div>\n\t\t\t\t\t<\/div>\n\t\t<\/div>\n\t\t\t\t\t<\/div>\n\t\t<\/section>\n\t\t\t\t\t<\/div>\n\t\t<\/div>\n\t\t\t\t\t<\/div>\n\t\t<\/section>\n\t\t\t\t<\/div>\n\t\t","protected":false},"excerpt":{"rendered":"<p>Armel Vertino-Albert est une figure majeure du paysage audiovisuel carib\u00e9en, reconnue pour son engagement de longue date dans la cr\u00e9ation cin\u00e9matographique, la valorisation des r\u00e9cits locaux et la transmission des savoirs autour de l\u2019image. \u00c0 une \u00e9poque o\u00f9 les cin\u00e9matographies ultramarines peinaient \u00e0 trouver leur place, elle s\u2019est affirm\u00e9e comme une r\u00e9alisatrice et une productrice [&hellip;]<\/p>\n","protected":false},"author":662,"featured_media":67599,"comment_status":"open","ping_status":"open","sticky":false,"template":"","format":"standard","meta":{"_acf_changed":false,"footnotes":""},"categories":[1504],"tags":[1545],"class_list":["post-67598","post","type-post","status-publish","format-standard","has-post-thumbnail","hentry","category-film-et-video","tag-guadeloupe-2"],"acf":[],"_links":{"self":[{"href":"https:\/\/richeskarayib.com\/fr\/wp-json\/wp\/v2\/posts\/67598","targetHints":{"allow":["GET"]}}],"collection":[{"href":"https:\/\/richeskarayib.com\/fr\/wp-json\/wp\/v2\/posts"}],"about":[{"href":"https:\/\/richeskarayib.com\/fr\/wp-json\/wp\/v2\/types\/post"}],"author":[{"embeddable":true,"href":"https:\/\/richeskarayib.com\/fr\/wp-json\/wp\/v2\/users\/662"}],"replies":[{"embeddable":true,"href":"https:\/\/richeskarayib.com\/fr\/wp-json\/wp\/v2\/comments?post=67598"}],"version-history":[{"count":0,"href":"https:\/\/richeskarayib.com\/fr\/wp-json\/wp\/v2\/posts\/67598\/revisions"}],"wp:featuredmedia":[{"embeddable":true,"href":"https:\/\/richeskarayib.com\/fr\/wp-json\/wp\/v2\/media\/67599"}],"wp:attachment":[{"href":"https:\/\/richeskarayib.com\/fr\/wp-json\/wp\/v2\/media?parent=67598"}],"wp:term":[{"taxonomy":"category","embeddable":true,"href":"https:\/\/richeskarayib.com\/fr\/wp-json\/wp\/v2\/categories?post=67598"},{"taxonomy":"post_tag","embeddable":true,"href":"https:\/\/richeskarayib.com\/fr\/wp-json\/wp\/v2\/tags?post=67598"}],"curies":[{"name":"wp","href":"https:\/\/api.w.org\/{rel}","templated":true}]}}