{"id":67719,"date":"2026-01-03T17:57:56","date_gmt":"2026-01-03T21:57:56","guid":{"rendered":"https:\/\/richeskarayib.com\/?p=67719"},"modified":"2026-01-04T11:08:31","modified_gmt":"2026-01-04T15:08:31","slug":"martinique-cinema-locale-insertion-jeunesse","status":"publish","type":"post","link":"https:\/\/richeskarayib.com\/fr\/martinique-cinema-locale-insertion-jeunesse\/","title":{"rendered":"Martinique \u2013 Le cin\u00e9ma comme levier d\u2019insertion et de transformation sociale pour la jeunesse"},"content":{"rendered":"\t\t<div data-elementor-type=\"wp-post\" data-elementor-id=\"67719\" class=\"elementor elementor-67719\" data-elementor-post-type=\"post\">\n\t\t\t\t\t\t<section class=\"elementor-section elementor-top-section elementor-element elementor-element-7ca7ca1 elementor-section-boxed elementor-section-height-default elementor-section-height-default\" data-id=\"7ca7ca1\" data-element_type=\"section\">\n\t\t\t\t\t\t<div class=\"elementor-container elementor-column-gap-default\">\n\t\t\t\t\t<div class=\"elementor-column elementor-col-100 elementor-top-column elementor-element elementor-element-cbdd002\" data-id=\"cbdd002\" data-element_type=\"column\">\n\t\t\t<div class=\"elementor-widget-wrap elementor-element-populated\">\n\t\t\t\t\t\t<section class=\"elementor-section elementor-inner-section elementor-element elementor-element-bc94849 elementor-section-boxed elementor-section-height-default elementor-section-height-default\" data-id=\"bc94849\" data-element_type=\"section\">\n\t\t\t\t\t\t<div class=\"elementor-container elementor-column-gap-default\">\n\t\t\t\t\t\t<\/div>\n\t\t<\/section>\n\t\t\t\t<section class=\"elementor-section elementor-inner-section elementor-element elementor-element-61571e6 elementor-section-boxed elementor-section-height-default elementor-section-height-default\" data-id=\"61571e6\" data-element_type=\"section\">\n\t\t\t\t\t\t<div class=\"elementor-container elementor-column-gap-default\">\n\t\t\t\t\t\t<\/div>\n\t\t<\/section>\n\t\t\t\t<section class=\"elementor-section elementor-inner-section elementor-element elementor-element-b6262e0 elementor-section-boxed elementor-section-height-default elementor-section-height-default\" data-id=\"b6262e0\" data-element_type=\"section\">\n\t\t\t\t\t\t<div class=\"elementor-container elementor-column-gap-default\">\n\t\t\t\t\t\t<\/div>\n\t\t<\/section>\n\t\t\t\t<section class=\"elementor-section elementor-inner-section elementor-element elementor-element-cca29fd elementor-section-boxed elementor-section-height-default elementor-section-height-default\" data-id=\"cca29fd\" data-element_type=\"section\">\n\t\t\t\t\t\t<div class=\"elementor-container elementor-column-gap-default\">\n\t\t\t\t\t\t<\/div>\n\t\t<\/section>\n\t\t\t\t\t<\/div>\n\t\t<\/div>\n\t\t\t\t\t<\/div>\n\t\t<\/section>\n\t\t\t\t<section class=\"elementor-section elementor-top-section elementor-element elementor-element-a6d4222 elementor-section-boxed elementor-section-height-default elementor-section-height-default\" data-id=\"a6d4222\" data-element_type=\"section\">\n\t\t\t\t\t\t<div class=\"elementor-container elementor-column-gap-default\">\n\t\t\t\t\t<div class=\"elementor-column elementor-col-100 elementor-top-column elementor-element elementor-element-ea27f09\" data-id=\"ea27f09\" data-element_type=\"column\">\n\t\t\t<div class=\"elementor-widget-wrap elementor-element-populated\">\n\t\t\t\t\t\t<div class=\"elementor-element elementor-element-0245cc6 elementor-widget elementor-widget-text-editor\" data-id=\"0245cc6\" data-element_type=\"widget\" data-widget_type=\"text-editor.default\">\n\t\t\t\t<div class=\"elementor-widget-container\">\n\t\t\t\t\t\t\t\t\t<p>En <a href=\"https:\/\/richeskarayib.com\/fr\/vibrations-sceniques-eugene-elana-martinique\/\" target=\"_blank\" rel=\"noopener\">Martinique<\/a>, certaines matin\u00e9es prennent une dimension particuli\u00e8re. \u00c0 la Mission Locale du Nord de Martinique, la <a href=\"https:\/\/milnord.fr\/\" target=\"_blank\" rel=\"noopener nofollow\">MILNORD,<\/a> un simple accueil autour d\u2019un petit-d\u00e9jeuner local s\u2019est transform\u00e9 en un temps fort de r\u00e9flexion collective, m\u00ealant cin\u00e9ma, jeunesse et responsabilit\u00e9 territoriale. Cette premi\u00e8re partie de journ\u00e9e a permis de rappeler combien la culture peut devenir un levier puissant pour accompagner les jeunes, leur redonner confiance et ouvrir des perspectives l\u00e0 o\u00f9 les parcours semblent parfois fragilis\u00e9s.<\/p>\t\t\t\t\t\t\t\t<\/div>\n\t\t\t\t<\/div>\n\t\t\t\t<div class=\"elementor-element elementor-element-7dbf35d elementor-widget elementor-widget-image\" data-id=\"7dbf35d\" data-element_type=\"widget\" data-widget_type=\"image.default\">\n\t\t\t\t<div class=\"elementor-widget-container\">\n\t\t\t\t\t\t\t\t\t\t\t\t\t\t\t<img fetchpriority=\"high\" decoding=\"async\" width=\"800\" height=\"370\" src=\"https:\/\/richeskarayib.com\/wp-content\/uploads\/2026\/01\/20260103_111147-1024x473.jpg\" class=\"attachment-large size-large wp-image-67724\" alt=\"Martinique\" srcset=\"https:\/\/richeskarayib.com\/wp-content\/uploads\/2026\/01\/20260103_111147-1024x473.jpg 1024w, https:\/\/richeskarayib.com\/wp-content\/uploads\/2026\/01\/20260103_111147-300x139.jpg 300w, https:\/\/richeskarayib.com\/wp-content\/uploads\/2026\/01\/20260103_111147-768x355.jpg 768w, https:\/\/richeskarayib.com\/wp-content\/uploads\/2026\/01\/20260103_111147-1536x710.jpg 1536w, https:\/\/richeskarayib.com\/wp-content\/uploads\/2026\/01\/20260103_111147-1320x610.jpg 1320w, https:\/\/richeskarayib.com\/wp-content\/uploads\/2026\/01\/20260103_111147.jpg 1920w\" sizes=\"(max-width: 800px) 100vw, 800px\" \/>\t\t\t\t\t\t\t\t\t\t\t\t\t\t\t<\/div>\n\t\t\t\t<\/div>\n\t\t\t\t\t<\/div>\n\t\t<\/div>\n\t\t\t\t\t<\/div>\n\t\t<\/section>\n\t\t\t\t<section class=\"elementor-section elementor-top-section elementor-element elementor-element-e1fea79 elementor-section-boxed elementor-section-height-default elementor-section-height-default\" data-id=\"e1fea79\" data-element_type=\"section\">\n\t\t\t\t\t\t<div class=\"elementor-container elementor-column-gap-default\">\n\t\t\t\t\t<div class=\"elementor-column elementor-col-100 elementor-top-column elementor-element elementor-element-6d0be76\" data-id=\"6d0be76\" data-element_type=\"column\">\n\t\t\t<div class=\"elementor-widget-wrap elementor-element-populated\">\n\t\t\t\t\t\t<div class=\"elementor-element elementor-element-a310b25 elementor-widget elementor-widget-heading\" data-id=\"a310b25\" data-element_type=\"widget\" data-widget_type=\"heading.default\">\n\t\t\t\t<div class=\"elementor-widget-container\">\n\t\t\t\t\t<h2 class=\"elementor-heading-title elementor-size-default\">Quand le cin\u00e9ma met en lumi\u00e8re les fractures invisibles de la jeunesse<\/h2>\t\t\t\t<\/div>\n\t\t\t\t<\/div>\n\t\t\t\t<div class=\"elementor-element elementor-element-bbb62ae elementor-widget elementor-widget-text-editor\" data-id=\"bbb62ae\" data-element_type=\"widget\" data-widget_type=\"text-editor.default\">\n\t\t\t\t<div class=\"elementor-widget-container\">\n\t\t\t\t\t\t\t\t\t<p data-start=\"390\" data-end=\"974\">Ce qui frappe imm\u00e9diatement dans <strong data-start=\"423\" data-end=\"464\"><span class=\"hover:entity-accent entity-underline inline cursor-pointer align-baseline\"><span class=\"whitespace-normal\">Les Fractures Invisibles<\/span><\/span><\/strong>, c\u2019est la justesse du regard port\u00e9 sur des situations que beaucoup reconna\u00eetront. Le film, d\u2019une r\u00e9elle qualit\u00e9 artistique et narrative, montre comment, parfois, <strong data-start=\"627\" data-end=\"733\">une seule d\u00e9cision, prise en une fraction de seconde, peut faire basculer toute une trajectoire de vie<\/strong>. \u00c0 travers le personnage de Danny, jeune gar\u00e7on pris dans l\u2019engrenage de mauvaises fr\u00e9quentations et de fausses amiti\u00e9s, le r\u00e9cit interroge la confiance accord\u00e9e \u00e0 ceux que l\u2019on croit proches, et la violence sourde de la jalousie sociale.<\/p>\t\t\t\t\t\t\t\t<\/div>\n\t\t\t\t<\/div>\n\t\t\t\t<div class=\"elementor-element elementor-element-dca4f80 elementor-widget elementor-widget-image\" data-id=\"dca4f80\" data-element_type=\"widget\" data-widget_type=\"image.default\">\n\t\t\t\t<div class=\"elementor-widget-container\">\n\t\t\t\t\t\t\t\t\t\t\t\t\t\t\t<img decoding=\"async\" width=\"800\" height=\"370\" src=\"https:\/\/richeskarayib.com\/wp-content\/uploads\/2026\/01\/20260103_104713-1024x473.jpg\" class=\"attachment-large size-large wp-image-67732\" alt=\"Martinique\" srcset=\"https:\/\/richeskarayib.com\/wp-content\/uploads\/2026\/01\/20260103_104713-1024x473.jpg 1024w, https:\/\/richeskarayib.com\/wp-content\/uploads\/2026\/01\/20260103_104713-300x139.jpg 300w, https:\/\/richeskarayib.com\/wp-content\/uploads\/2026\/01\/20260103_104713-768x355.jpg 768w, https:\/\/richeskarayib.com\/wp-content\/uploads\/2026\/01\/20260103_104713-1536x710.jpg 1536w, https:\/\/richeskarayib.com\/wp-content\/uploads\/2026\/01\/20260103_104713-1320x610.jpg 1320w, https:\/\/richeskarayib.com\/wp-content\/uploads\/2026\/01\/20260103_104713.jpg 1920w\" sizes=\"(max-width: 800px) 100vw, 800px\" \/>\t\t\t\t\t\t\t\t\t\t\t\t\t\t\t<\/div>\n\t\t\t\t<\/div>\n\t\t\t\t<div class=\"elementor-element elementor-element-78f3624 elementor-widget elementor-widget-text-editor\" data-id=\"78f3624\" data-element_type=\"widget\" data-widget_type=\"text-editor.default\">\n\t\t\t\t<div class=\"elementor-widget-container\">\n\t\t\t\t\t\t\t\t\t<p data-start=\"981\" data-end=\"1543\">En miroir, le personnage de sa s\u0153ur, interpr\u00e9t\u00e9 avec sensibilit\u00e9 par <a href=\"https:\/\/www.facebook.com\/axellerne\/\" target=\"_blank\" rel=\"noopener nofollow\"><strong>Axelle Ren\u00e9e<\/strong>,<\/a> met en lumi\u00e8re le harc\u00e8lement et la pression sociale que subissent des jeunes issus de familles per\u00e7ues comme \u201cr\u00e9ussies\u201d, o\u00f9 tout semble pourtant r\u00e9uni pour aller bien. Le film aborde \u00e9galement avec finesse le conflit g\u00e9n\u00e9rationnel, incarn\u00e9 par un p\u00e8re rigide projetant sur son fils un avenir qu\u2019il n\u2019a pas choisi : celui d\u2019\u00e9tudes m\u00e9dicales impos\u00e9es, en d\u00e9calage total avec la sensibilit\u00e9 artistique et manuelle du jeune homme, davantage attir\u00e9 par la peinture ou la m\u00e9canique.<\/p>\n<p data-start=\"1550\" data-end=\"2292\"><em data-start=\"1550\" data-end=\"1576\">Les Fractures Invisibles<\/em> raconte ainsi des r\u00e9alit\u00e9s profond\u00e9ment humaines, ordinaires et universelles, que l\u2019on retrouve quotidiennement dans nos territoires. Et si le r\u00e9cit traverse l\u2019\u00e9preuve, il rappelle aussi une chose essentielle : <strong data-start=\"1788\" data-end=\"1817\">la force du lien familial<\/strong>, capable de r\u00e9sister aux adversit\u00e9s et de se reconstruire. D\u00e9j\u00e0 r\u00e9compens\u00e9 \u00e0 sept reprises, le film met \u00e9galement en lumi\u00e8re l\u2019\u00e9mergence de nouveaux talents, \u00e0 l\u2019image du jeune acteur <strong data-start=\"2002\" data-end=\"2043\"><span class=\"hover:entity-accent entity-underline inline cursor-pointer align-baseline\"><span class=\"whitespace-normal\">Lenny Michanol<\/span><\/span><\/strong>, d\u00e9j\u00e0 doublement prim\u00e9, sans formation initiale d\u2019acteur, mais r\u00e9v\u00e9l\u00e9 gr\u00e2ce \u00e0 une courte formation propos\u00e9e par la Mission Locale. Une preuve concr\u00e8te que l\u2019audace, l\u2019accompagnement et le fait d\u2019oser essayer peuvent ouvrir des chemins insoup\u00e7onn\u00e9s.<\/p>\t\t\t\t\t\t\t\t<\/div>\n\t\t\t\t<\/div>\n\t\t\t\t\t<\/div>\n\t\t<\/div>\n\t\t\t\t\t<\/div>\n\t\t<\/section>\n\t\t\t\t<section class=\"elementor-section elementor-top-section elementor-element elementor-element-ee72354 elementor-section-boxed elementor-section-height-default elementor-section-height-default\" data-id=\"ee72354\" data-element_type=\"section\">\n\t\t\t\t\t\t<div class=\"elementor-container elementor-column-gap-default\">\n\t\t\t\t\t<div class=\"elementor-column elementor-col-100 elementor-top-column elementor-element elementor-element-c59d6fe\" data-id=\"c59d6fe\" data-element_type=\"column\">\n\t\t\t<div class=\"elementor-widget-wrap elementor-element-populated\">\n\t\t\t\t\t\t<div class=\"elementor-element elementor-element-ddc6a1e elementor-widget elementor-widget-heading\" data-id=\"ddc6a1e\" data-element_type=\"widget\" data-widget_type=\"heading.default\">\n\t\t\t\t<div class=\"elementor-widget-container\">\n\t\t\t\t\t<h2 class=\"elementor-heading-title elementor-size-default\">La Mission Locale du Nord de Martinique : faire de la culture un outil d\u2019insertion<\/h2>\t\t\t\t<\/div>\n\t\t\t\t<\/div>\n\t\t\t\t<div class=\"elementor-element elementor-element-e57451f elementor-widget elementor-widget-text-editor\" data-id=\"e57451f\" data-element_type=\"widget\" data-widget_type=\"text-editor.default\">\n\t\t\t\t<div class=\"elementor-widget-container\">\n\t\t\t\t\t\t\t\t\t<p>Au-del\u00e0 du film, cette matin\u00e9e a surtout mis en lumi\u00e8re le r\u00f4le central de la <strong data-start=\"199\" data-end=\"210\">MILNORD et ses \u00e9quipes<\/strong>, ainsi que la vision port\u00e9e par <strong data-start=\"243\" data-end=\"284\"><span class=\"hover:entity-accent entity-underline inline cursor-pointer align-baseline\"><span class=\"whitespace-normal\">Jean-Michel Loutoby<\/span><\/span><\/strong>, directeur de la structure, mais aussi producteur et r\u00e9alisateur du film <em data-start=\"358\" data-end=\"384\">Les Fractures Invisibles<\/em>. \u00c0 travers son engagement, il d\u00e9fend une approche qui d\u00e9passe les cadres classiques de l\u2019accompagnement, en pla\u00e7ant la culture et l\u2019expression artistique au c\u0153ur des leviers d\u2019insertion et d\u2019\u00e9mancipation de la jeunesse.<\/p>\t\t\t\t\t\t\t\t<\/div>\n\t\t\t\t<\/div>\n\t\t\t\t<section class=\"elementor-section elementor-inner-section elementor-element elementor-element-4fac1ff elementor-section-boxed elementor-section-height-default elementor-section-height-default\" data-id=\"4fac1ff\" data-element_type=\"section\">\n\t\t\t\t\t\t<div class=\"elementor-container elementor-column-gap-default\">\n\t\t\t\t\t<div class=\"elementor-column elementor-col-50 elementor-inner-column elementor-element elementor-element-1e5a063\" data-id=\"1e5a063\" data-element_type=\"column\">\n\t\t\t<div class=\"elementor-widget-wrap elementor-element-populated\">\n\t\t\t\t\t\t<div class=\"elementor-element elementor-element-85ffa7a elementor-widget elementor-widget-image\" data-id=\"85ffa7a\" data-element_type=\"widget\" data-widget_type=\"image.default\">\n\t\t\t\t<div class=\"elementor-widget-container\">\n\t\t\t\t\t\t\t\t\t\t\t\t\t\t\t<img decoding=\"async\" width=\"800\" height=\"370\" src=\"https:\/\/richeskarayib.com\/wp-content\/uploads\/2026\/01\/20260103_095759-1024x473.jpg\" class=\"attachment-large size-large wp-image-67736\" alt=\"Martinique\" srcset=\"https:\/\/richeskarayib.com\/wp-content\/uploads\/2026\/01\/20260103_095759-1024x473.jpg 1024w, https:\/\/richeskarayib.com\/wp-content\/uploads\/2026\/01\/20260103_095759-300x139.jpg 300w, https:\/\/richeskarayib.com\/wp-content\/uploads\/2026\/01\/20260103_095759-768x355.jpg 768w, https:\/\/richeskarayib.com\/wp-content\/uploads\/2026\/01\/20260103_095759-1536x710.jpg 1536w, https:\/\/richeskarayib.com\/wp-content\/uploads\/2026\/01\/20260103_095759-1320x610.jpg 1320w, https:\/\/richeskarayib.com\/wp-content\/uploads\/2026\/01\/20260103_095759.jpg 1920w\" sizes=\"(max-width: 800px) 100vw, 800px\" \/>\t\t\t\t\t\t\t\t\t\t\t\t\t\t\t<\/div>\n\t\t\t\t<\/div>\n\t\t\t\t\t<\/div>\n\t\t<\/div>\n\t\t\t\t<div class=\"elementor-column elementor-col-50 elementor-inner-column elementor-element elementor-element-a2e078c\" data-id=\"a2e078c\" data-element_type=\"column\">\n\t\t\t<div class=\"elementor-widget-wrap elementor-element-populated\">\n\t\t\t\t\t\t<div class=\"elementor-element elementor-element-f498a4a elementor-widget elementor-widget-image\" data-id=\"f498a4a\" data-element_type=\"widget\" data-widget_type=\"image.default\">\n\t\t\t\t<div class=\"elementor-widget-container\">\n\t\t\t\t\t\t\t\t\t\t\t\t\t\t\t<img loading=\"lazy\" decoding=\"async\" width=\"800\" height=\"370\" src=\"https:\/\/richeskarayib.com\/wp-content\/uploads\/2026\/01\/20260103_095701-1-1024x473.jpg\" class=\"attachment-large size-large wp-image-67756\" alt=\"Martinique\" srcset=\"https:\/\/richeskarayib.com\/wp-content\/uploads\/2026\/01\/20260103_095701-1-1024x473.jpg 1024w, https:\/\/richeskarayib.com\/wp-content\/uploads\/2026\/01\/20260103_095701-1-300x139.jpg 300w, https:\/\/richeskarayib.com\/wp-content\/uploads\/2026\/01\/20260103_095701-1-768x355.jpg 768w, https:\/\/richeskarayib.com\/wp-content\/uploads\/2026\/01\/20260103_095701-1-1536x710.jpg 1536w, https:\/\/richeskarayib.com\/wp-content\/uploads\/2026\/01\/20260103_095701-1-1320x610.jpg 1320w, https:\/\/richeskarayib.com\/wp-content\/uploads\/2026\/01\/20260103_095701-1.jpg 1920w\" sizes=\"(max-width: 800px) 100vw, 800px\" \/>\t\t\t\t\t\t\t\t\t\t\t\t\t\t\t<\/div>\n\t\t\t\t<\/div>\n\t\t\t\t\t<\/div>\n\t\t<\/div>\n\t\t\t\t\t<\/div>\n\t\t<\/section>\n\t\t\t\t<div class=\"elementor-element elementor-element-992cbc8 elementor-widget elementor-widget-text-editor\" data-id=\"992cbc8\" data-element_type=\"widget\" data-widget_type=\"text-editor.default\">\n\t\t\t\t<div class=\"elementor-widget-container\">\n\t\t\t\t\t\t\t\t\t<p data-start=\"670\" data-end=\"1167\">\u00c0 travers le cin\u00e9ma, mais aussi gr\u00e2ce \u00e0 sa propre web TV anim\u00e9e par les jeunes, la <a href=\"https:\/\/richeskarayib.com\/fr\/victor-anicet-memoire-vivante-transmission\/\" target=\"_blank\" rel=\"noopener\">MILNORD<\/a> cr\u00e9e des espaces d\u2019expression concrets, o\u00f9 la parole circule librement et o\u00f9 les talents peuvent s\u2019exercer en situation r\u00e9elle. L\u2019image devient alors un outil p\u00e9dagogique \u00e0 part enti\u00e8re : un support de dialogue, de r\u00e9flexion et de prise de conscience, permettant aux jeunes de se reconna\u00eetre dans des r\u00e9cits proches de leur v\u00e9cu, de mettre des mots sur leurs exp\u00e9riences et d\u2019imaginer d\u2019autres possibles.<\/p>\n<p data-start=\"1169\" data-end=\"1673\"><strong>Cette d\u00e9marche rappelle une \u00e9vidence souvent sous-estim\u00e9e : accompagner un jeune, ce n\u2019est pas seulement l\u2019orienter vers un emploi ou une formation, c\u2019est aussi l\u2019aider \u00e0 se reconstruire, \u00e0 reprendre confiance et \u00e0 croire en ses propres capacit\u00e9s.<\/strong><\/p>\n<p data-start=\"1169\" data-end=\"1673\">En ce sens, la MILNORD s\u2019affirme comme un acteur cl\u00e9 du d\u00e9veloppement humain du territoire, capable de relier insertion sociale, expression culturelle et avenir \u00e9conomique, tout en donnant \u00e0 la jeunesse les moyens de devenir actrice de sa propre narration.<\/p>\t\t\t\t\t\t\t\t<\/div>\n\t\t\t\t<\/div>\n\t\t\t\t\t<\/div>\n\t\t<\/div>\n\t\t\t\t\t<\/div>\n\t\t<\/section>\n\t\t\t\t<section class=\"elementor-section elementor-top-section elementor-element elementor-element-82cd8f9 elementor-section-boxed elementor-section-height-default elementor-section-height-default\" data-id=\"82cd8f9\" data-element_type=\"section\">\n\t\t\t\t\t\t<div class=\"elementor-container elementor-column-gap-default\">\n\t\t\t\t\t<div class=\"elementor-column elementor-col-100 elementor-top-column elementor-element elementor-element-0bfdc38\" data-id=\"0bfdc38\" data-element_type=\"column\">\n\t\t\t<div class=\"elementor-widget-wrap elementor-element-populated\">\n\t\t\t\t\t\t<div class=\"elementor-element elementor-element-7d292fe elementor-widget elementor-widget-heading\" data-id=\"7d292fe\" data-element_type=\"widget\" data-widget_type=\"heading.default\">\n\t\t\t\t<div class=\"elementor-widget-container\">\n\t\t\t\t\t<h2 class=\"elementor-heading-title elementor-size-default\">Croire en soi, oser essayer : le sens de cette matin\u00e9e<\/h2>\t\t\t\t<\/div>\n\t\t\t\t<\/div>\n\t\t\t\t<div class=\"elementor-element elementor-element-8e337bf elementor-widget elementor-widget-text-editor\" data-id=\"8e337bf\" data-element_type=\"widget\" data-widget_type=\"text-editor.default\">\n\t\t\t\t<div class=\"elementor-widget-container\">\n\t\t\t\t\t\t\t\t\t<p>Les \u00e9changes qui ont suivi la projection ont prolong\u00e9 cette r\u00e9flexion collective. Ils ont rappel\u00e9 combien l\u2019accompagnement des jeunes est une \u00e9tape d\u00e9terminante dans leur parcours, en particulier lorsqu\u2019il s\u2019agit de leur redonner confiance. Aider un jeune \u00e0 croire en lui, \u00e0 oser tenter, \u00e0 sortir de l\u2019autocensure, constitue souvent la premi\u00e8re victoire.<\/p>\t\t\t\t\t\t\t\t<\/div>\n\t\t\t\t<\/div>\n\t\t\t\t<div class=\"elementor-element elementor-element-02749ae elementor-widget elementor-widget-image\" data-id=\"02749ae\" data-element_type=\"widget\" data-widget_type=\"image.default\">\n\t\t\t\t<div class=\"elementor-widget-container\">\n\t\t\t\t\t\t\t\t\t\t\t\t\t\t\t<img loading=\"lazy\" decoding=\"async\" width=\"800\" height=\"370\" src=\"https:\/\/richeskarayib.com\/wp-content\/uploads\/2026\/01\/20260103_111255-2-1024x473.jpg\" class=\"attachment-large size-large wp-image-67744\" alt=\"Martinique\" srcset=\"https:\/\/richeskarayib.com\/wp-content\/uploads\/2026\/01\/20260103_111255-2-1024x473.jpg 1024w, https:\/\/richeskarayib.com\/wp-content\/uploads\/2026\/01\/20260103_111255-2-300x139.jpg 300w, https:\/\/richeskarayib.com\/wp-content\/uploads\/2026\/01\/20260103_111255-2-768x355.jpg 768w, https:\/\/richeskarayib.com\/wp-content\/uploads\/2026\/01\/20260103_111255-2-1536x710.jpg 1536w, https:\/\/richeskarayib.com\/wp-content\/uploads\/2026\/01\/20260103_111255-2-1320x610.jpg 1320w, https:\/\/richeskarayib.com\/wp-content\/uploads\/2026\/01\/20260103_111255-2.jpg 1920w\" sizes=\"(max-width: 800px) 100vw, 800px\" \/>\t\t\t\t\t\t\t\t\t\t\t\t\t\t\t<\/div>\n\t\t\t\t<\/div>\n\t\t\t\t<section class=\"elementor-section elementor-inner-section elementor-element elementor-element-c582330 elementor-section-boxed elementor-section-height-default elementor-section-height-default\" data-id=\"c582330\" data-element_type=\"section\">\n\t\t\t\t\t\t<div class=\"elementor-container elementor-column-gap-default\">\n\t\t\t\t\t\t<\/div>\n\t\t<\/section>\n\t\t\t\t<div class=\"elementor-element elementor-element-4fc7069 elementor-widget elementor-widget-text-editor\" data-id=\"4fc7069\" data-element_type=\"widget\" data-widget_type=\"text-editor.default\">\n\t\t\t\t<div class=\"elementor-widget-container\">\n\t\t\t\t\t\t\t\t\t<p>Cette matin\u00e9e a illustr\u00e9 avec force que les talents existent, parfois l\u00e0 o\u00f9 on ne les attend pas, et qu\u2019il suffit parfois d\u2019un cadre bienveillant, d\u2019un regard pos\u00e9 diff\u00e9remment et d\u2019un encouragement sinc\u00e8re pour d\u00e9clencher un d\u00e9clic. C\u2019est pr\u00e9cis\u00e9ment dans cette phase cl\u00e9 que la Mission Locale joue pleinement son r\u00f4le : accompagner, s\u00e9curiser, encourager et permettre aux jeunes d\u2019explorer leurs possibles.<\/p>\t\t\t\t\t\t\t\t<\/div>\n\t\t\t\t<\/div>\n\t\t\t\t<section class=\"elementor-section elementor-inner-section elementor-element elementor-element-296603a elementor-section-boxed elementor-section-height-default elementor-section-height-default\" data-id=\"296603a\" data-element_type=\"section\">\n\t\t\t\t\t\t<div class=\"elementor-container elementor-column-gap-default\">\n\t\t\t\t\t\t<\/div>\n\t\t<\/section>\n\t\t\t\t\t<\/div>\n\t\t<\/div>\n\t\t\t\t\t<\/div>\n\t\t<\/section>\n\t\t\t\t<section class=\"elementor-section elementor-top-section elementor-element elementor-element-5a7397d elementor-section-boxed elementor-section-height-default elementor-section-height-default\" data-id=\"5a7397d\" data-element_type=\"section\">\n\t\t\t\t\t\t<div class=\"elementor-container elementor-column-gap-default\">\n\t\t\t\t\t<div class=\"elementor-column elementor-col-100 elementor-top-column elementor-element elementor-element-8b33b4b\" data-id=\"8b33b4b\" data-element_type=\"column\">\n\t\t\t<div class=\"elementor-widget-wrap elementor-element-populated\">\n\t\t\t\t\t\t<div class=\"elementor-element elementor-element-89dac4b elementor-widget elementor-widget-heading\" data-id=\"89dac4b\" data-element_type=\"widget\" data-widget_type=\"heading.default\">\n\t\t\t\t<div class=\"elementor-widget-container\">\n\t\t\t\t\t<h2 class=\"elementor-heading-title elementor-size-default\">Culture, jeunesse et territoire : une responsabilit\u00e9 collective\n<\/h2>\t\t\t\t<\/div>\n\t\t\t\t<\/div>\n\t\t\t\t<div class=\"elementor-element elementor-element-819dd2d elementor-widget elementor-widget-text-editor\" data-id=\"819dd2d\" data-element_type=\"widget\" data-widget_type=\"text-editor.default\">\n\t\t\t\t<div class=\"elementor-widget-container\">\n\t\t\t\t\t\t\t\t\t<p>\u00c0 travers cette premi\u00e8re partie de journ\u00e9e \u00e0 la MILNORD, une conviction s\u2019impose : il n\u2019y a pas de d\u00e9veloppement durable sans d\u00e9veloppement humain. En pla\u00e7ant la culture et le cin\u00e9ma au c\u0153ur de ses actions, la Mission Locale rappelle que l\u2019avenir d\u2019un territoire se construit aussi par l\u2019\u00e9coute, la transmission et la confiance accord\u00e9e \u00e0 sa jeunesse.<\/p>\n<p>Pour les acteurs publics, \u00e9conomiques et culturels, le message est clair : <strong>investir dans la jeunesse, c\u2019est investir dans la stabilit\u00e9, la cr\u00e9ativit\u00e9 et l\u2019avenir de la Martinique<\/strong>. Et parfois, un film, une discussion et une matin\u00e9e partag\u00e9e suffisent \u00e0 ouvrir des chemins nouveaux.<\/p>\t\t\t\t\t\t\t\t<\/div>\n\t\t\t\t<\/div>\n\t\t\t\t<section class=\"elementor-section elementor-inner-section elementor-element elementor-element-17fedbe elementor-section-boxed elementor-section-height-default elementor-section-height-default\" data-id=\"17fedbe\" data-element_type=\"section\">\n\t\t\t\t\t\t<div class=\"elementor-container elementor-column-gap-default\">\n\t\t\t\t\t<div class=\"elementor-column elementor-col-100 elementor-inner-column elementor-element elementor-element-6f7d9ad\" data-id=\"6f7d9ad\" data-element_type=\"column\">\n\t\t\t<div class=\"elementor-widget-wrap elementor-element-populated\">\n\t\t\t\t\t\t<div class=\"elementor-element elementor-element-8ddd0f7 elementor-widget elementor-widget-accordion\" data-id=\"8ddd0f7\" data-element_type=\"widget\" data-widget_type=\"accordion.default\">\n\t\t\t\t<div class=\"elementor-widget-container\">\n\t\t\t\t\t\t\t<div class=\"elementor-accordion\">\n\t\t\t\t\t\t\t<div class=\"elementor-accordion-item\">\n\t\t\t\t\t<div id=\"elementor-tab-title-1481\" class=\"elementor-tab-title\" data-tab=\"1\" role=\"button\" aria-controls=\"elementor-tab-content-1481\" aria-expanded=\"false\">\n\t\t\t\t\t\t\t\t\t\t\t\t\t<span class=\"elementor-accordion-icon elementor-accordion-icon-left\" aria-hidden=\"true\">\n\t\t\t\t\t\t\t\t\t\t\t\t\t\t\t<span class=\"elementor-accordion-icon-closed\"><i class=\"fas fa-plus\"><\/i><\/span>\n\t\t\t\t\t\t\t\t<span class=\"elementor-accordion-icon-opened\"><i class=\"fas fa-minus\"><\/i><\/span>\n\t\t\t\t\t\t\t\t\t\t\t\t\t\t<\/span>\n\t\t\t\t\t\t\t\t\t\t\t\t<a class=\"elementor-accordion-title\" tabindex=\"0\">En quoi le cin\u00e9ma peut-il devenir un outil d\u2019insertion pour la jeunesse en Martinique ?<\/a>\n\t\t\t\t\t<\/div>\n\t\t\t\t\t<div id=\"elementor-tab-content-1481\" class=\"elementor-tab-content elementor-clearfix\" data-tab=\"1\" role=\"region\" aria-labelledby=\"elementor-tab-title-1481\"><p><span style=\"font-weight: 400;\">\u00a0En Martinique, le cin\u00e9ma permet aux jeunes de se reconna\u00eetre dans des r\u00e9cits proches de leur v\u00e9cu, de mettre des mots sur leurs exp\u00e9riences et de reprendre confiance. En devenant acteurs ou techniciens de projets audiovisuels, ils d\u00e9veloppent des comp\u00e9tences, une estime de soi et une capacit\u00e9 \u00e0 se projeter dans l\u2019avenir, au-del\u00e0 des parcours classiques d\u2019insertion.<\/span><\/p><\/div>\n\t\t\t\t<\/div>\n\t\t\t\t\t\t\t<div class=\"elementor-accordion-item\">\n\t\t\t\t\t<div id=\"elementor-tab-title-1482\" class=\"elementor-tab-title\" data-tab=\"2\" role=\"button\" aria-controls=\"elementor-tab-content-1482\" aria-expanded=\"false\">\n\t\t\t\t\t\t\t\t\t\t\t\t\t<span class=\"elementor-accordion-icon elementor-accordion-icon-left\" aria-hidden=\"true\">\n\t\t\t\t\t\t\t\t\t\t\t\t\t\t\t<span class=\"elementor-accordion-icon-closed\"><i class=\"fas fa-plus\"><\/i><\/span>\n\t\t\t\t\t\t\t\t<span class=\"elementor-accordion-icon-opened\"><i class=\"fas fa-minus\"><\/i><\/span>\n\t\t\t\t\t\t\t\t\t\t\t\t\t\t<\/span>\n\t\t\t\t\t\t\t\t\t\t\t\t<a class=\"elementor-accordion-title\" tabindex=\"0\">Quel r\u00f4le joue la Mission Locale du Nord de Martinique dans ces d\u00e9marches culturelles ?<\/a>\n\t\t\t\t\t<\/div>\n\t\t\t\t\t<div id=\"elementor-tab-content-1482\" class=\"elementor-tab-content elementor-clearfix\" data-tab=\"2\" role=\"region\" aria-labelledby=\"elementor-tab-title-1482\"><p><span style=\"font-weight: 400;\">La Mission Locale du Nord de Martinique utilise la culture comme un levier compl\u00e9mentaire \u00e0 l\u2019accompagnement social et professionnel. \u00c0 travers des projets comme le film <\/span><i><span style=\"font-weight: 400;\">Les Fractures Invisibles<\/span><\/i><span style=\"font-weight: 400;\"> ou sa web TV, elle offre aux jeunes des espaces d\u2019expression concrets, favorisant l\u2019\u00e9mancipation, la responsabilisation et la reconstruction personnelle.<\/span><\/p><\/div>\n\t\t\t\t<\/div>\n\t\t\t\t\t\t\t<div class=\"elementor-accordion-item\">\n\t\t\t\t\t<div id=\"elementor-tab-title-1483\" class=\"elementor-tab-title\" data-tab=\"3\" role=\"button\" aria-controls=\"elementor-tab-content-1483\" aria-expanded=\"false\">\n\t\t\t\t\t\t\t\t\t\t\t\t\t<span class=\"elementor-accordion-icon elementor-accordion-icon-left\" aria-hidden=\"true\">\n\t\t\t\t\t\t\t\t\t\t\t\t\t\t\t<span class=\"elementor-accordion-icon-closed\"><i class=\"fas fa-plus\"><\/i><\/span>\n\t\t\t\t\t\t\t\t<span class=\"elementor-accordion-icon-opened\"><i class=\"fas fa-minus\"><\/i><\/span>\n\t\t\t\t\t\t\t\t\t\t\t\t\t\t<\/span>\n\t\t\t\t\t\t\t\t\t\t\t\t<a class=\"elementor-accordion-title\" tabindex=\"0\">Pourquoi ces initiatives culturelles sont-elles strat\u00e9giques pour l\u2019avenir de la Martinique ?<\/a>\n\t\t\t\t\t<\/div>\n\t\t\t\t\t<div id=\"elementor-tab-content-1483\" class=\"elementor-tab-content elementor-clearfix\" data-tab=\"3\" role=\"region\" aria-labelledby=\"elementor-tab-title-1483\"><p><span style=\"font-weight: 400;\">Parce qu\u2019il n\u2019y a pas de d\u00e9veloppement durable sans d\u00e9veloppement humain. En Martinique, investir dans la culture et la jeunesse contribue \u00e0 renforcer la coh\u00e9sion sociale, \u00e0 r\u00e9v\u00e9ler des talents locaux et \u00e0 pr\u00e9parer une g\u00e9n\u00e9ration capable de participer activement au d\u00e9veloppement \u00e9conomique, social et culturel du territoire.<\/span><\/p><\/div>\n\t\t\t\t<\/div>\n\t\t\t\t\t\t\t\t<\/div>\n\t\t\t\t\t\t<\/div>\n\t\t\t\t<\/div>\n\t\t\t\t\t<\/div>\n\t\t<\/div>\n\t\t\t\t\t<\/div>\n\t\t<\/section>\n\t\t\t\t\t<\/div>\n\t\t<\/div>\n\t\t\t\t\t<\/div>\n\t\t<\/section>\n\t\t\t\t<\/div>\n\t\t","protected":false},"excerpt":{"rendered":"<p>En Martinique, certaines matin\u00e9es prennent une dimension particuli\u00e8re. \u00c0 la Mission Locale du Nord de Martinique, la MILNORD, un simple accueil autour d\u2019un petit-d\u00e9jeuner local s\u2019est transform\u00e9 en un temps fort de r\u00e9flexion collective, m\u00ealant cin\u00e9ma, jeunesse et responsabilit\u00e9 territoriale. Cette premi\u00e8re partie de journ\u00e9e a permis de rappeler combien la culture peut devenir un [&hellip;]<\/p>\n","protected":false},"author":47,"featured_media":67720,"comment_status":"open","ping_status":"open","sticky":false,"template":"","format":"standard","meta":{"_acf_changed":false,"footnotes":""},"categories":[1504,813],"tags":[808],"class_list":["post-67719","post","type-post","status-publish","format-standard","has-post-thumbnail","hentry","category-film-et-video","category-arts-visuels","tag-martinique-fr"],"acf":[],"_links":{"self":[{"href":"https:\/\/richeskarayib.com\/fr\/wp-json\/wp\/v2\/posts\/67719","targetHints":{"allow":["GET"]}}],"collection":[{"href":"https:\/\/richeskarayib.com\/fr\/wp-json\/wp\/v2\/posts"}],"about":[{"href":"https:\/\/richeskarayib.com\/fr\/wp-json\/wp\/v2\/types\/post"}],"author":[{"embeddable":true,"href":"https:\/\/richeskarayib.com\/fr\/wp-json\/wp\/v2\/users\/47"}],"replies":[{"embeddable":true,"href":"https:\/\/richeskarayib.com\/fr\/wp-json\/wp\/v2\/comments?post=67719"}],"version-history":[{"count":0,"href":"https:\/\/richeskarayib.com\/fr\/wp-json\/wp\/v2\/posts\/67719\/revisions"}],"wp:featuredmedia":[{"embeddable":true,"href":"https:\/\/richeskarayib.com\/fr\/wp-json\/wp\/v2\/media\/67720"}],"wp:attachment":[{"href":"https:\/\/richeskarayib.com\/fr\/wp-json\/wp\/v2\/media?parent=67719"}],"wp:term":[{"taxonomy":"category","embeddable":true,"href":"https:\/\/richeskarayib.com\/fr\/wp-json\/wp\/v2\/categories?post=67719"},{"taxonomy":"post_tag","embeddable":true,"href":"https:\/\/richeskarayib.com\/fr\/wp-json\/wp\/v2\/tags?post=67719"}],"curies":[{"name":"wp","href":"https:\/\/api.w.org\/{rel}","templated":true}]}}