{"id":67833,"date":"2026-01-06T03:36:03","date_gmt":"2026-01-06T07:36:03","guid":{"rendered":"https:\/\/richeskarayib.com\/?p=67833"},"modified":"2026-01-06T03:36:03","modified_gmt":"2026-01-06T07:36:03","slug":"unesco-tourisme-durable-patrimoine-caraibe","status":"publish","type":"post","link":"https:\/\/richeskarayib.com\/fr\/unesco-tourisme-durable-patrimoine-caraibe\/","title":{"rendered":"R\u00e9publique dominicaine &#8211; Tourisme durable et patrimoine : les nouvelles lignes UNESCO pour la Cara\u00efbe"},"content":{"rendered":"\t\t<div data-elementor-type=\"wp-post\" data-elementor-id=\"67833\" class=\"elementor elementor-67833\" data-elementor-post-type=\"post\">\n\t\t\t\t\t\t<section class=\"elementor-section elementor-top-section elementor-element elementor-element-7ca7ca1 elementor-section-boxed elementor-section-height-default elementor-section-height-default\" data-id=\"7ca7ca1\" data-element_type=\"section\">\n\t\t\t\t\t\t<div class=\"elementor-container elementor-column-gap-default\">\n\t\t\t\t\t<div class=\"elementor-column elementor-col-100 elementor-top-column elementor-element elementor-element-cbdd002\" data-id=\"cbdd002\" data-element_type=\"column\">\n\t\t\t<div class=\"elementor-widget-wrap elementor-element-populated\">\n\t\t\t\t\t\t<section class=\"elementor-section elementor-inner-section elementor-element elementor-element-bc94849 elementor-section-boxed elementor-section-height-default elementor-section-height-default\" data-id=\"bc94849\" data-element_type=\"section\">\n\t\t\t\t\t\t<div class=\"elementor-container elementor-column-gap-default\">\n\t\t\t\t\t\t<\/div>\n\t\t<\/section>\n\t\t\t\t<section class=\"elementor-section elementor-inner-section elementor-element elementor-element-61571e6 elementor-section-boxed elementor-section-height-default elementor-section-height-default\" data-id=\"61571e6\" data-element_type=\"section\">\n\t\t\t\t\t\t<div class=\"elementor-container elementor-column-gap-default\">\n\t\t\t\t\t\t<\/div>\n\t\t<\/section>\n\t\t\t\t<section class=\"elementor-section elementor-inner-section elementor-element elementor-element-b6262e0 elementor-section-boxed elementor-section-height-default elementor-section-height-default\" data-id=\"b6262e0\" data-element_type=\"section\">\n\t\t\t\t\t\t<div class=\"elementor-container elementor-column-gap-default\">\n\t\t\t\t\t\t<\/div>\n\t\t<\/section>\n\t\t\t\t<section class=\"elementor-section elementor-inner-section elementor-element elementor-element-cca29fd elementor-section-boxed elementor-section-height-default elementor-section-height-default\" data-id=\"cca29fd\" data-element_type=\"section\">\n\t\t\t\t\t\t<div class=\"elementor-container elementor-column-gap-default\">\n\t\t\t\t\t\t<\/div>\n\t\t<\/section>\n\t\t\t\t\t<\/div>\n\t\t<\/div>\n\t\t\t\t\t<\/div>\n\t\t<\/section>\n\t\t\t\t<section class=\"elementor-section elementor-top-section elementor-element elementor-element-a6d4222 elementor-section-boxed elementor-section-height-default elementor-section-height-default\" data-id=\"a6d4222\" data-element_type=\"section\">\n\t\t\t\t\t\t<div class=\"elementor-container elementor-column-gap-default\">\n\t\t\t\t\t<div class=\"elementor-column elementor-col-100 elementor-top-column elementor-element elementor-element-ea27f09\" data-id=\"ea27f09\" data-element_type=\"column\">\n\t\t\t<div class=\"elementor-widget-wrap elementor-element-populated\">\n\t\t\t\t\t\t<div class=\"elementor-element elementor-element-0245cc6 elementor-widget elementor-widget-text-editor\" data-id=\"0245cc6\" data-element_type=\"widget\" data-widget_type=\"text-editor.default\">\n\t\t\t\t<div class=\"elementor-widget-container\">\n\t\t\t\t\t\t\t\t\t<p><span style=\"font-weight: 400;\">La pression touristique sur les sites patrimoniaux carib\u00e9ens n\u2019est plus un ph\u00e9nom\u00e8ne marginal ni ponctuel. Dans de nombreux territoires, la hausse continue des fr\u00e9quentations, la vuln\u00e9rabilit\u00e9 accrue des \u00e9cosyst\u00e8mes et les attentes \u00e9conomiques locales mettent \u00e0 l\u2019\u00e9preuve des mod\u00e8les de gestion arriv\u00e9s \u00e0 saturation. <\/span><\/p>\t\t\t\t\t\t\t\t<\/div>\n\t\t\t\t<\/div>\n\t\t\t\t<div class=\"elementor-element elementor-element-612550d elementor-widget elementor-widget-text-editor\" data-id=\"612550d\" data-element_type=\"widget\" data-widget_type=\"text-editor.default\">\n\t\t\t\t<div class=\"elementor-widget-container\">\n\t\t\t\t\t\t\t\t\t<p><span style=\"font-weight: 400;\">Ce sont moins les principes du patrimoine mondial qui sont en cause que la capacit\u00e9 des territoires \u00e0 les piloter dans la dur\u00e9e. C\u2019est dans ce contexte que l\u2019<a href=\"https:\/\/www.unesco.org\/en\/articles\/world-heritage-site-managers-latin-america-and-caribbean-gather-santo-domingo-dominican-republic?utm_source=chatgpt.com\" target=\"_blank\" rel=\"noopener nofollow\">UNESCO<\/a> a r\u00e9uni \u00e0 Saint-Domingo des gestionnaires de sites du patrimoine mondial d\u2019Am\u00e9rique latine et de la Cara\u00efbe. Une rencontre discr\u00e8te, mais r\u00e9v\u00e9latrice d\u2019une inflexion : le patrimoine mondial est d\u00e9sormais abord\u00e9 comme un objet de gouvernance avant d\u2019\u00eatre un levier d\u2019attractivit\u00e9.<\/span><\/p>\t\t\t\t\t\t\t\t<\/div>\n\t\t\t\t<\/div>\n\t\t\t\t\t<\/div>\n\t\t<\/div>\n\t\t\t\t\t<\/div>\n\t\t<\/section>\n\t\t\t\t<section class=\"elementor-section elementor-top-section elementor-element elementor-element-e1fea79 elementor-section-boxed elementor-section-height-default elementor-section-height-default\" data-id=\"e1fea79\" data-element_type=\"section\">\n\t\t\t\t\t\t<div class=\"elementor-container elementor-column-gap-default\">\n\t\t\t\t\t<div class=\"elementor-column elementor-col-100 elementor-top-column elementor-element elementor-element-6d0be76\" data-id=\"6d0be76\" data-element_type=\"column\">\n\t\t\t<div class=\"elementor-widget-wrap elementor-element-populated\">\n\t\t\t\t\t\t<div class=\"elementor-element elementor-element-a310b25 elementor-widget elementor-widget-heading\" data-id=\"a310b25\" data-element_type=\"widget\" data-widget_type=\"heading.default\">\n\t\t\t\t<div class=\"elementor-widget-container\">\n\t\t\t\t\t<h2 class=\"elementor-heading-title elementor-size-default\">Pourquoi l\u2019UNESCO intervient maintenant ?<\/h2>\t\t\t\t<\/div>\n\t\t\t\t<\/div>\n\t\t\t\t<div class=\"elementor-element elementor-element-bbb62ae elementor-widget elementor-widget-text-editor\" data-id=\"bbb62ae\" data-element_type=\"widget\" data-widget_type=\"text-editor.default\">\n\t\t\t\t<div class=\"elementor-widget-container\">\n\t\t\t\t\t\t\t\t\t<p><span style=\"font-weight: 400;\">Depuis plusieurs ann\u00e9es, l\u2019<a href=\"https:\/\/richeskarayib.com\/fr\/konpa-patrimoine-immateriel-unesco-haiti\/\" target=\"_blank\" rel=\"noopener\">UNESCO<\/a> observe une \u00e9volution rapide des usages autour des sites class\u00e9s. Dans la Cara\u00efbe, cette dynamique est particuli\u00e8rement sensible. Les flux touristiques progressent plus vite que les capacit\u00e9s de r\u00e9gulation, tandis que le changement climatique accentue la fragilit\u00e9 des milieux naturels et des structures urbaines. \u00c0 cette pression s\u2019ajoute une lecture encore largement \u00e9conomique du patrimoine, souvent mobilis\u00e9 comme vecteur de visibilit\u00e9 avant d\u2019\u00eatre pens\u00e9 comme un bien commun \u00e0 pr\u00e9server.<\/span><\/p>\t\t\t\t\t\t\t\t<\/div>\n\t\t\t\t<\/div>\n\t\t\t\t<div class=\"elementor-element elementor-element-3a539e2 elementor-widget elementor-widget-text-editor\" data-id=\"3a539e2\" data-element_type=\"widget\" data-widget_type=\"text-editor.default\">\n\t\t\t\t<div class=\"elementor-widget-container\">\n\t\t\t\t\t\t\t\t\t<p><span style=\"font-weight: 400;\">L\u2019intervention de l\u2019<a href=\"https:\/\/richeskarayib.com\/fr\/konpa-patrimoine-immateriel-unesco-haiti-2025\/\" target=\"_blank\" rel=\"noopener\">UNESCO<\/a> s\u2019inscrit dans une logique de clarification. Il ne s\u2019agit pas de remettre en cause le label, mais de rappeler que le classement engage des responsabilit\u00e9s durables. La r\u00e9union organis\u00e9e \u00e0 Saint-Domingo, du 24 au 26 novembre 2025, a ainsi rassembl\u00e9 des autorit\u00e9s de gestion et des experts issus de neuf pays de la r\u00e9gion. Organis\u00e9 avec le minist\u00e8re de la Culture et la municipalit\u00e9 du District national, l\u2019atelier s\u2019inscrivait dans le programme \u201cCommunities for Heritage \u2013 Latin America and the Caribbean\u201d, financ\u00e9 par le minist\u00e8re de la Culture du Royaume d\u2019Arabie saoudite. Les \u00e9changes ont port\u00e9 sur des enjeux tr\u00e8s concrets tels que la planification, suivi des flux, gouvernance des sites et capacit\u00e9 des territoires \u00e0 arbitrer entre fr\u00e9quentation, conservation et usages locaux.<\/span><\/p>\t\t\t\t\t\t\t\t<\/div>\n\t\t\t\t<\/div>\n\t\t\t\t<section class=\"elementor-section elementor-inner-section elementor-element elementor-element-0c8fa9b elementor-section-boxed elementor-section-height-default elementor-section-height-default\" data-id=\"0c8fa9b\" data-element_type=\"section\">\n\t\t\t\t\t\t<div class=\"elementor-container elementor-column-gap-default\">\n\t\t\t\t\t<div class=\"elementor-column elementor-col-100 elementor-inner-column elementor-element elementor-element-2d52f67\" data-id=\"2d52f67\" data-element_type=\"column\">\n\t\t\t<div class=\"elementor-widget-wrap elementor-element-populated\">\n\t\t\t\t\t\t<div class=\"elementor-element elementor-element-a19d6d2 elementor-widget elementor-widget-image\" data-id=\"a19d6d2\" data-element_type=\"widget\" data-widget_type=\"image.default\">\n\t\t\t\t<div class=\"elementor-widget-container\">\n\t\t\t\t\t\t\t\t\t\t\t\t<figure class=\"wp-caption\">\n\t\t\t\t\t\t\t\t\t\t<img fetchpriority=\"high\" decoding=\"async\" width=\"720\" height=\"480\" src=\"https:\/\/richeskarayib.com\/wp-content\/uploads\/2026\/01\/activity-1495-12-720-480-20251217075513.jpg\" class=\"attachment-large size-large wp-image-67842\" alt=\"UNESCO\" srcset=\"https:\/\/richeskarayib.com\/wp-content\/uploads\/2026\/01\/activity-1495-12-720-480-20251217075513.jpg 720w, https:\/\/richeskarayib.com\/wp-content\/uploads\/2026\/01\/activity-1495-12-720-480-20251217075513-300x200.jpg 300w\" sizes=\"(max-width: 720px) 100vw, 720px\" \/>\t\t\t\t\t\t\t\t\t\t\t<figcaption class=\"widget-image-caption wp-caption-text\">\u00a9UNESCO<\/figcaption>\n\t\t\t\t\t\t\t\t\t\t<\/figure>\n\t\t\t\t\t\t\t\t\t<\/div>\n\t\t\t\t<\/div>\n\t\t\t\t\t<\/div>\n\t\t<\/div>\n\t\t\t\t\t<\/div>\n\t\t<\/section>\n\t\t\t\t\t<\/div>\n\t\t<\/div>\n\t\t\t\t\t<\/div>\n\t\t<\/section>\n\t\t\t\t<section class=\"elementor-section elementor-top-section elementor-element elementor-element-ee72354 elementor-section-boxed elementor-section-height-default elementor-section-height-default\" data-id=\"ee72354\" data-element_type=\"section\">\n\t\t\t\t\t\t<div class=\"elementor-container elementor-column-gap-default\">\n\t\t\t\t\t<div class=\"elementor-column elementor-col-100 elementor-top-column elementor-element elementor-element-c59d6fe\" data-id=\"c59d6fe\" data-element_type=\"column\">\n\t\t\t<div class=\"elementor-widget-wrap elementor-element-populated\">\n\t\t\t\t\t\t<div class=\"elementor-element elementor-element-ddc6a1e elementor-widget elementor-widget-heading\" data-id=\"ddc6a1e\" data-element_type=\"widget\" data-widget_type=\"heading.default\">\n\t\t\t\t<div class=\"elementor-widget-container\">\n\t\t\t\t\t<h2 class=\"elementor-heading-title elementor-size-default\">Les \u00ab nouvelles lignes \u00bb UNESCO : ce qui change r\u00e9ellement<\/h2>\t\t\t\t<\/div>\n\t\t\t\t<\/div>\n\t\t\t\t<div class=\"elementor-element elementor-element-e57451f elementor-widget elementor-widget-text-editor\" data-id=\"e57451f\" data-element_type=\"widget\" data-widget_type=\"text-editor.default\">\n\t\t\t\t<div class=\"elementor-widget-container\">\n\t\t\t\t\t\t\t\t\t<p><span style=\"font-weight: 400;\">Derri\u00e8re les discussions, plusieurs lignes de fond se d\u00e9gagent.\u00a0<\/span><\/p><ul><li><span style=\"font-weight: 400;\">&#8211; La premi\u00e8re concerne le passage d\u2019une logique de promotion \u00e0 une logique de gestion. Le <\/span><b>patrimoine mondial n\u2019est plus envisag\u00e9 comme une vitrine touristique, mais comme un espace \u00e0 r\u00e9guler<\/b><span style=\"font-weight: 400;\">. La ma\u00eetrise des flux devient un enjeu central, appuy\u00e9 sur des outils de suivi, d\u2019\u00e9valuation et d\u2019anticipation des fr\u00e9quentations.<\/span><\/li><\/ul>\t\t\t\t\t\t\t\t<\/div>\n\t\t\t\t<\/div>\n\t\t\t\t<div class=\"elementor-element elementor-element-a097853 elementor-widget elementor-widget-text-editor\" data-id=\"a097853\" data-element_type=\"widget\" data-widget_type=\"text-editor.default\">\n\t\t\t\t<div class=\"elementor-widget-container\">\n\t\t\t\t\t\t\t\t\t<ul><li><span style=\"font-weight: 400;\">&#8211; Deuxi\u00e8me inflexion majeure : la place accord\u00e9e aux communaut\u00e9s locales. L\u2019UNESCO insiste sur leur <\/span><b>int\u00e9gration effective dans la gouvernance des sites et dans les retomb\u00e9es \u00e9conomiques.<\/b><span style=\"font-weight: 400;\"> Le patrimoine ne peut \u00eatre durable s\u2019il est per\u00e7u comme une ressource capt\u00e9e de l\u2019ext\u00e9rieur, sans b\u00e9n\u00e9fice tangible pour les territoires qui le portent. Cette approche d\u00e9passe le principe d\u2019inclusion pour devenir un crit\u00e8re de cr\u00e9dibilit\u00e9 des dispositifs de gestion.<\/span><\/li><li>&#8211; Troisi\u00e8me orientation structurante : l\u2019int\u00e9gration op\u00e9rationnelle de la durabilit\u00e9. <b style=\"font-family: -apple-system, BlinkMacSystemFont, 'Segoe UI', Roboto, 'Helvetica Neue', Arial, 'Noto Sans', sans-serif, 'Apple Color Emoji', 'Segoe UI Emoji', 'Segoe UI Symbol', 'Noto Color Emoji';\">Protection des \u00e9cosyst\u00e8mes, adaptation au changement climatique et gestion des infrastructures touristiques<\/b><span style=\"font-weight: 400;\"> ne rel\u00e8vent plus de d\u00e9clarations d\u2019intention. Elles s\u2019inscrivent d\u00e9sormais dans des exigences concr\u00e8tes, appelant des arbitrages clairs et document\u00e9s.<\/span><\/li><\/ul>\t\t\t\t\t\t\t\t<\/div>\n\t\t\t\t<\/div>\n\t\t\t\t<div class=\"elementor-element elementor-element-810106c elementor-widget elementor-widget-text-editor\" data-id=\"810106c\" data-element_type=\"widget\" data-widget_type=\"text-editor.default\">\n\t\t\t\t<div class=\"elementor-widget-container\">\n\t\t\t\t\t\t\t\t\t<p><span style=\"font-weight: 400;\">L\u2019<a href=\"https:\/\/richeskarayib.com\/fr\/rapport-special-partie-4-2020-2023-les-tresors-culturels-des-caraibes-patrimoine-immateriel-reconnu-par-lunesco\/\" target=\"_blank\" rel=\"noopener\">UNESCO<\/a> met \u00e9galement en avant le renforcement des capacit\u00e9s locales, \u00e0 travers la formation, l\u2019ing\u00e9nierie patrimoniale et la coop\u00e9ration r\u00e9gionale, afin de r\u00e9duire les \u00e9carts entre sites bien dot\u00e9s et territoires plus fragiles.<\/span><\/p>\t\t\t\t\t\t\t\t<\/div>\n\t\t\t\t<\/div>\n\t\t\t\t<div class=\"elementor-element elementor-element-9cb2510 elementor-widget elementor-widget-image\" data-id=\"9cb2510\" data-element_type=\"widget\" data-widget_type=\"image.default\">\n\t\t\t\t<div class=\"elementor-widget-container\">\n\t\t\t\t\t\t\t\t\t\t\t\t<figure class=\"wp-caption\">\n\t\t\t\t\t\t\t\t\t\t<img decoding=\"async\" width=\"720\" height=\"480\" src=\"https:\/\/richeskarayib.com\/wp-content\/uploads\/2026\/01\/activity-1495-11-720-480-20251217075513.jpg\" class=\"attachment-large size-large wp-image-67850\" alt=\"UNESCO\" srcset=\"https:\/\/richeskarayib.com\/wp-content\/uploads\/2026\/01\/activity-1495-11-720-480-20251217075513.jpg 720w, https:\/\/richeskarayib.com\/wp-content\/uploads\/2026\/01\/activity-1495-11-720-480-20251217075513-300x200.jpg 300w\" sizes=\"(max-width: 720px) 100vw, 720px\" \/>\t\t\t\t\t\t\t\t\t\t\t<figcaption class=\"widget-image-caption wp-caption-text\">\u00a9UNESCO<\/figcaption>\n\t\t\t\t\t\t\t\t\t\t<\/figure>\n\t\t\t\t\t\t\t\t\t<\/div>\n\t\t\t\t<\/div>\n\t\t\t\t\t<\/div>\n\t\t<\/div>\n\t\t\t\t\t<\/div>\n\t\t<\/section>\n\t\t\t\t<section class=\"elementor-section elementor-top-section elementor-element elementor-element-82cd8f9 elementor-section-boxed elementor-section-height-default elementor-section-height-default\" data-id=\"82cd8f9\" data-element_type=\"section\">\n\t\t\t\t\t\t<div class=\"elementor-container elementor-column-gap-default\">\n\t\t\t\t\t<div class=\"elementor-column elementor-col-100 elementor-top-column elementor-element elementor-element-0bfdc38\" data-id=\"0bfdc38\" data-element_type=\"column\">\n\t\t\t<div class=\"elementor-widget-wrap elementor-element-populated\">\n\t\t\t\t\t\t<div class=\"elementor-element elementor-element-7d292fe elementor-widget elementor-widget-heading\" data-id=\"7d292fe\" data-element_type=\"widget\" data-widget_type=\"heading.default\">\n\t\t\t\t<div class=\"elementor-widget-container\">\n\t\t\t\t\t<h2 class=\"elementor-heading-title elementor-size-default\">Ce que ces lignes impliquent pour les territoires carib\u00e9ens<\/h2>\t\t\t\t<\/div>\n\t\t\t\t<\/div>\n\t\t\t\t<section class=\"elementor-section elementor-inner-section elementor-element elementor-element-c582330 elementor-section-boxed elementor-section-height-default elementor-section-height-default\" data-id=\"c582330\" data-element_type=\"section\">\n\t\t\t\t\t\t<div class=\"elementor-container elementor-column-gap-default\">\n\t\t\t\t\t\t<\/div>\n\t\t<\/section>\n\t\t\t\t<section class=\"elementor-section elementor-inner-section elementor-element elementor-element-c3b0c05 elementor-section-boxed elementor-section-height-default elementor-section-height-default\" data-id=\"c3b0c05\" data-element_type=\"section\">\n\t\t\t\t\t\t<div class=\"elementor-container elementor-column-gap-default\">\n\t\t\t\t\t<div class=\"elementor-column elementor-col-100 elementor-inner-column elementor-element elementor-element-29f40e6\" data-id=\"29f40e6\" data-element_type=\"column\">\n\t\t\t<div class=\"elementor-widget-wrap elementor-element-populated\">\n\t\t\t\t\t\t<div class=\"elementor-element elementor-element-8e337bf elementor-widget elementor-widget-text-editor\" data-id=\"8e337bf\" data-element_type=\"widget\" data-widget_type=\"text-editor.default\">\n\t\t\t\t<div class=\"elementor-widget-container\">\n\t\t\t\t\t\t\t\t\t<p><span style=\"font-weight: 400;\">Pour les sites d\u00e9j\u00e0 class\u00e9s, ces orientations se traduisent par un niveau d\u2019exigence accru. La conservation ne peut plus \u00eatre dissoci\u00e9e de la gestion touristique, et les autorit\u00e9s de gestion sont appel\u00e9es \u00e0 d\u00e9montrer leur capacit\u00e9 \u00e0 concilier fr\u00e9quentation, protection des sites et acceptabilit\u00e9 sociale.\u00a0<\/span><\/p><p><span style=\"font-weight: 400;\">Pour les territoires candidats ou inscrits sur les listes indicatives, le message est tout aussi clair : les futures inscriptions devront reposer sur des projets de gestion solides, int\u00e9grant d\u00e8s l\u2019amont les dimensions sociales, environnementales et \u00e9conomiques.<\/span><\/p>\t\t\t\t\t\t\t\t<\/div>\n\t\t\t\t<\/div>\n\t\t\t\t<div class=\"elementor-element elementor-element-d70745a elementor-widget elementor-widget-text-editor\" data-id=\"d70745a\" data-element_type=\"widget\" data-widget_type=\"text-editor.default\">\n\t\t\t\t<div class=\"elementor-widget-container\">\n\t\t\t\t\t\t\t\t\t<p><span style=\"font-weight: 400;\">Cette \u00e9volution peut constituer un r\u00e9el d\u00e9fi. Elle met en lumi\u00e8re des arbitrages complexes, entre besoins \u00e9conomiques imm\u00e9diats et pr\u00e9servation \u00e0 long terme, entre attractivit\u00e9 touristique et qualit\u00e9 de vie des habitants. Mais elle ouvre aussi une perspective : celle de mod\u00e8les de tourisme patrimonial mieux adapt\u00e9s aux r\u00e9alit\u00e9s insulaires, moins d\u00e9pendants de la seule croissance des flux et davantage fond\u00e9s sur la ma\u00eetrise des usages.<\/span><\/p>\t\t\t\t\t\t\t\t<\/div>\n\t\t\t\t<\/div>\n\t\t\t\t\t<\/div>\n\t\t<\/div>\n\t\t\t\t\t<\/div>\n\t\t<\/section>\n\t\t\t\t<section class=\"elementor-section elementor-inner-section elementor-element elementor-element-c5c1f74 elementor-section-boxed elementor-section-height-default elementor-section-height-default\" data-id=\"c5c1f74\" data-element_type=\"section\">\n\t\t\t\t\t\t<div class=\"elementor-container elementor-column-gap-default\">\n\t\t\t\t\t<div class=\"elementor-column elementor-col-100 elementor-inner-column elementor-element elementor-element-8757cf0\" data-id=\"8757cf0\" data-element_type=\"column\">\n\t\t\t<div class=\"elementor-widget-wrap elementor-element-populated\">\n\t\t\t\t\t\t<div class=\"elementor-element elementor-element-3b17974 elementor-widget elementor-widget-image\" data-id=\"3b17974\" data-element_type=\"widget\" data-widget_type=\"image.default\">\n\t\t\t\t<div class=\"elementor-widget-container\">\n\t\t\t\t\t\t\t\t\t\t\t\t<figure class=\"wp-caption\">\n\t\t\t\t\t\t\t\t\t\t<img decoding=\"async\" width=\"720\" height=\"480\" src=\"https:\/\/richeskarayib.com\/wp-content\/uploads\/2026\/01\/activity-1495-9-720-480-20251217075513.jpg\" class=\"attachment-large size-large wp-image-67846\" alt=\"UNESCO\" srcset=\"https:\/\/richeskarayib.com\/wp-content\/uploads\/2026\/01\/activity-1495-9-720-480-20251217075513.jpg 720w, https:\/\/richeskarayib.com\/wp-content\/uploads\/2026\/01\/activity-1495-9-720-480-20251217075513-300x200.jpg 300w\" sizes=\"(max-width: 720px) 100vw, 720px\" \/>\t\t\t\t\t\t\t\t\t\t\t<figcaption class=\"widget-image-caption wp-caption-text\">\u00a9UNESCO<\/figcaption>\n\t\t\t\t\t\t\t\t\t\t<\/figure>\n\t\t\t\t\t\t\t\t\t<\/div>\n\t\t\t\t<\/div>\n\t\t\t\t\t<\/div>\n\t\t<\/div>\n\t\t\t\t\t<\/div>\n\t\t<\/section>\n\t\t\t\t<section class=\"elementor-section elementor-inner-section elementor-element elementor-element-296603a elementor-section-boxed elementor-section-height-default elementor-section-height-default\" data-id=\"296603a\" data-element_type=\"section\">\n\t\t\t\t\t\t<div class=\"elementor-container elementor-column-gap-default\">\n\t\t\t\t\t\t<\/div>\n\t\t<\/section>\n\t\t\t\t\t<\/div>\n\t\t<\/div>\n\t\t\t\t\t<\/div>\n\t\t<\/section>\n\t\t\t\t<section class=\"elementor-section elementor-top-section elementor-element elementor-element-5a7397d elementor-section-boxed elementor-section-height-default elementor-section-height-default\" data-id=\"5a7397d\" data-element_type=\"section\">\n\t\t\t\t\t\t<div class=\"elementor-container elementor-column-gap-default\">\n\t\t\t\t\t<div class=\"elementor-column elementor-col-100 elementor-top-column elementor-element elementor-element-8b33b4b\" data-id=\"8b33b4b\" data-element_type=\"column\">\n\t\t\t<div class=\"elementor-widget-wrap elementor-element-populated\">\n\t\t\t\t\t\t<div class=\"elementor-element elementor-element-89dac4b elementor-widget elementor-widget-heading\" data-id=\"89dac4b\" data-element_type=\"widget\" data-widget_type=\"heading.default\">\n\t\t\t\t<div class=\"elementor-widget-container\">\n\t\t\t\t\t<h2 class=\"elementor-heading-title elementor-size-default\">Un contexte chiffr\u00e9 qui renforce l\u2019urgence<\/h2>\t\t\t\t<\/div>\n\t\t\t\t<\/div>\n\t\t\t\t<div class=\"elementor-element elementor-element-819dd2d elementor-widget elementor-widget-text-editor\" data-id=\"819dd2d\" data-element_type=\"widget\" data-widget_type=\"text-editor.default\">\n\t\t\t\t<div class=\"elementor-widget-container\">\n\t\t\t\t\t\t\t\t\t<p><span style=\"font-weight: 400;\">Les donn\u00e9es rappel\u00e9es lors de l\u2019atelier soulignent l\u2019ampleur des enjeux. Le tourisme repr\u00e9sente pr\u00e8s de <\/span><span style=\"font-weight: 400;\">10 % du produit int\u00e9rieur brut de l\u2019Am\u00e9rique latine et de la Cara\u00efbe<\/span><span style=\"font-weight: 400;\"> et soutient plus de <\/span><span style=\"font-weight: 400;\">35 millions d\u2019emplois dans la r\u00e9gion<\/span><span style=\"font-weight: 400;\">. Cette croissance rapide n\u2019est toutefois pas sans cons\u00e9quences : environ 40 % des sites du patrimoine mondial d\u00e9clarent subir aujourd&#8217;hui des pressions li\u00e9es au tourisme.<\/span><\/p>\t\t\t\t\t\t\t\t<\/div>\n\t\t\t\t<\/div>\n\t\t\t\t<div class=\"elementor-element elementor-element-7091cc8 elementor-widget elementor-widget-text-editor\" data-id=\"7091cc8\" data-element_type=\"widget\" data-widget_type=\"text-editor.default\">\n\t\t\t\t<div class=\"elementor-widget-container\">\n\t\t\t\t\t\t\t\t\t<p><span style=\"font-weight: 400;\">\u00c0 Saint-Domingo, la fr\u00e9quentation du centre historique a ainsi enregistr\u00e9 une hausse de 30 % des visiteurs internationaux en 2024 par rapport \u00e0 l\u2019ann\u00e9e pr\u00e9c\u00e9dente. Une \u00e9volution qui illustre concr\u00e8tement les tensions auxquelles sont confront\u00e9s les gestionnaires de sites patrimoniaux, somm\u00e9s de maintenir l\u2019\u00e9quilibre entre attractivit\u00e9, conservation et fonctionnement urbain.<\/span><\/p>\t\t\t\t\t\t\t\t<\/div>\n\t\t\t\t<\/div>\n\t\t\t\t<section class=\"elementor-section elementor-inner-section elementor-element elementor-element-7998824 elementor-section-boxed elementor-section-height-default elementor-section-height-default\" data-id=\"7998824\" data-element_type=\"section\">\n\t\t\t\t\t\t<div class=\"elementor-container elementor-column-gap-default\">\n\t\t\t\t\t<div class=\"elementor-column elementor-col-100 elementor-inner-column elementor-element elementor-element-dc9c613\" data-id=\"dc9c613\" data-element_type=\"column\">\n\t\t\t<div class=\"elementor-widget-wrap elementor-element-populated\">\n\t\t\t\t\t\t<div class=\"elementor-element elementor-element-869f77b elementor-widget elementor-widget-image\" data-id=\"869f77b\" data-element_type=\"widget\" data-widget_type=\"image.default\">\n\t\t\t\t<div class=\"elementor-widget-container\">\n\t\t\t\t\t\t\t\t\t\t\t\t<figure class=\"wp-caption\">\n\t\t\t\t\t\t\t\t\t\t<img loading=\"lazy\" decoding=\"async\" width=\"720\" height=\"480\" src=\"https:\/\/richeskarayib.com\/wp-content\/uploads\/2026\/01\/activity-1495-10-720-480-20251217075513.jpg\" class=\"attachment-large size-large wp-image-67854\" alt=\"UNESCO\" srcset=\"https:\/\/richeskarayib.com\/wp-content\/uploads\/2026\/01\/activity-1495-10-720-480-20251217075513.jpg 720w, https:\/\/richeskarayib.com\/wp-content\/uploads\/2026\/01\/activity-1495-10-720-480-20251217075513-300x200.jpg 300w\" sizes=\"(max-width: 720px) 100vw, 720px\" \/>\t\t\t\t\t\t\t\t\t\t\t<figcaption class=\"widget-image-caption wp-caption-text\">\u00a9UNESCO<\/figcaption>\n\t\t\t\t\t\t\t\t\t\t<\/figure>\n\t\t\t\t\t\t\t\t\t<\/div>\n\t\t\t\t<\/div>\n\t\t\t\t\t<\/div>\n\t\t<\/div>\n\t\t\t\t\t<\/div>\n\t\t<\/section>\n\t\t\t\t\t<\/div>\n\t\t<\/div>\n\t\t\t\t\t<\/div>\n\t\t<\/section>\n\t\t\t\t<section class=\"elementor-section elementor-top-section elementor-element elementor-element-2c060f5 elementor-section-boxed elementor-section-height-default elementor-section-height-default\" data-id=\"2c060f5\" data-element_type=\"section\">\n\t\t\t\t\t\t<div class=\"elementor-container elementor-column-gap-default\">\n\t\t\t\t\t<div class=\"elementor-column elementor-col-100 elementor-top-column elementor-element elementor-element-359f969\" data-id=\"359f969\" data-element_type=\"column\">\n\t\t\t<div class=\"elementor-widget-wrap elementor-element-populated\">\n\t\t\t\t\t\t<div class=\"elementor-element elementor-element-808b8b3 elementor-widget elementor-widget-heading\" data-id=\"808b8b3\" data-element_type=\"widget\" data-widget_type=\"heading.default\">\n\t\t\t\t<div class=\"elementor-widget-container\">\n\t\t\t\t\t<h2 class=\"elementor-heading-title elementor-size-default\">Vers un patrimoine pens\u00e9 comme un outil de gouvernance<\/h2>\t\t\t\t<\/div>\n\t\t\t\t<\/div>\n\t\t\t\t<div class=\"elementor-element elementor-element-3c9cb71 elementor-widget elementor-widget-text-editor\" data-id=\"3c9cb71\" data-element_type=\"widget\" data-widget_type=\"text-editor.default\">\n\t\t\t\t<div class=\"elementor-widget-container\">\n\t\t\t\t\t\t\t\t\t<p><span style=\"font-weight: 400;\">En filigrane, la d\u00e9marche port\u00e9e par l\u2019UNESCO interroge un mod\u00e8le touristique longtemps dominant dans la r\u00e9gion. Un patrimoine surexploit\u00e9, r\u00e9duit \u00e0 sa valeur d\u2019image, tend \u00e0 s\u2019\u00e9puiser rapidement, au d\u00e9triment des territoires et de leurs habitants. Les orientations discut\u00e9es \u00e0 Saint-Domingo esquissent une autre voie, celle d\u2019un patrimoine pens\u00e9 comme une ressource partag\u00e9e, \u00e0 piloter et \u00e0 transmettre plut\u00f4t qu\u2019\u00e0 consommer.<\/span><\/p><p><span style=\"font-weight: 400;\">La r\u00e9union de Saint-Domingo ne red\u00e9finit pas le patrimoine mondial ; elle red\u00e9finit les responsabilit\u00e9s qui l\u2019accompagnent. Pour la Cara\u00efbe, ces lignes plus exigeantes constituent \u00e0 la fois une contrainte et une opportunit\u00e9. <\/span><\/p>\t\t\t\t\t\t\t\t<\/div>\n\t\t\t\t<\/div>\n\t\t\t\t<div class=\"elementor-element elementor-element-e433984 elementor-widget elementor-widget-text-editor\" data-id=\"e433984\" data-element_type=\"widget\" data-widget_type=\"text-editor.default\">\n\t\t\t\t<div class=\"elementor-widget-container\">\n\t\t\t\t\t\t\t\t\t<p><span style=\"font-weight: 400;\">Elles imposent des standards plus \u00e9lev\u00e9s, mais offrent aussi un cadre pour renforcer la gouvernance des sites, mieux ma\u00eetriser les usages et inscrire le patrimoine dans des strat\u00e9gies territoriales durables. \u00c0 terme, le patrimoine mondial pourrait ainsi devenir, dans la Cara\u00efbe, non plus un simple label d\u2019excellence, mais un v\u00e9ritable outil de pilotage au service des territoires.<\/span><\/p>\t\t\t\t\t\t\t\t<\/div>\n\t\t\t\t<\/div>\n\t\t\t\t<section class=\"elementor-section elementor-inner-section elementor-element elementor-element-7b85138 elementor-section-boxed elementor-section-height-default elementor-section-height-default\" data-id=\"7b85138\" data-element_type=\"section\">\n\t\t\t\t\t\t<div class=\"elementor-container elementor-column-gap-default\">\n\t\t\t\t\t<div class=\"elementor-column elementor-col-100 elementor-inner-column elementor-element elementor-element-e348274\" data-id=\"e348274\" data-element_type=\"column\">\n\t\t\t<div class=\"elementor-widget-wrap elementor-element-populated\">\n\t\t\t\t\t\t<div class=\"elementor-element elementor-element-6b968be elementor-widget elementor-widget-accordion\" data-id=\"6b968be\" data-element_type=\"widget\" data-widget_type=\"accordion.default\">\n\t\t\t\t<div class=\"elementor-widget-container\">\n\t\t\t\t\t\t\t<div class=\"elementor-accordion\">\n\t\t\t\t\t\t\t<div class=\"elementor-accordion-item\">\n\t\t\t\t\t<div id=\"elementor-tab-title-1121\" class=\"elementor-tab-title\" data-tab=\"1\" role=\"button\" aria-controls=\"elementor-tab-content-1121\" aria-expanded=\"false\">\n\t\t\t\t\t\t\t\t\t\t\t\t\t<span class=\"elementor-accordion-icon elementor-accordion-icon-left\" aria-hidden=\"true\">\n\t\t\t\t\t\t\t\t\t\t\t\t\t\t\t<span class=\"elementor-accordion-icon-closed\"><i class=\"fas fa-plus\"><\/i><\/span>\n\t\t\t\t\t\t\t\t<span class=\"elementor-accordion-icon-opened\"><i class=\"fas fa-minus\"><\/i><\/span>\n\t\t\t\t\t\t\t\t\t\t\t\t\t\t<\/span>\n\t\t\t\t\t\t\t\t\t\t\t\t<a class=\"elementor-accordion-title\" tabindex=\"0\"> Pourquoi l\u2019UNESCO renforce-t-elle ses lignes directrices dans la Cara\u00efbe ?<\/a>\n\t\t\t\t\t<\/div>\n\t\t\t\t\t<div id=\"elementor-tab-content-1121\" class=\"elementor-tab-content elementor-clearfix\" data-tab=\"1\" role=\"region\" aria-labelledby=\"elementor-tab-title-1121\"><p><span style=\"font-weight: 400;\">Elle observe une intensification rapide des flux touristiques dans la r\u00e9gion, combin\u00e9e \u00e0 une vuln\u00e9rabilit\u00e9 accrue des \u00e9cosyst\u00e8mes et des centres historiques. Ces \u00e9volutions mettent sous tension les mod\u00e8les de gestion existants. En renfor\u00e7ant ses lignes directrices, l\u2019UNESCO cherche \u00e0 rappeler que le classement au patrimoine mondial implique des responsabilit\u00e9s durables en mati\u00e8re de gouvernance, de conservation et d\u2019\u00e9quilibre territorial.<\/span><\/p><\/div>\n\t\t\t\t<\/div>\n\t\t\t\t\t\t\t<div class=\"elementor-accordion-item\">\n\t\t\t\t\t<div id=\"elementor-tab-title-1122\" class=\"elementor-tab-title\" data-tab=\"2\" role=\"button\" aria-controls=\"elementor-tab-content-1122\" aria-expanded=\"false\">\n\t\t\t\t\t\t\t\t\t\t\t\t\t<span class=\"elementor-accordion-icon elementor-accordion-icon-left\" aria-hidden=\"true\">\n\t\t\t\t\t\t\t\t\t\t\t\t\t\t\t<span class=\"elementor-accordion-icon-closed\"><i class=\"fas fa-plus\"><\/i><\/span>\n\t\t\t\t\t\t\t\t<span class=\"elementor-accordion-icon-opened\"><i class=\"fas fa-minus\"><\/i><\/span>\n\t\t\t\t\t\t\t\t\t\t\t\t\t\t<\/span>\n\t\t\t\t\t\t\t\t\t\t\t\t<a class=\"elementor-accordion-title\" tabindex=\"0\">Qu\u2019est-ce qui change concr\u00e8tement dans l\u2019approche de l\u2019UNESCO vis-\u00e0-vis du tourisme patrimonial?<\/a>\n\t\t\t\t\t<\/div>\n\t\t\t\t\t<div id=\"elementor-tab-content-1122\" class=\"elementor-tab-content elementor-clearfix\" data-tab=\"2\" role=\"region\" aria-labelledby=\"elementor-tab-title-1122\"><p><span style=\"font-weight: 400;\">Elle op\u00e8re un glissement clair d\u2019une logique de promotion vers une logique de gestion. La ma\u00eetrise des flux, l\u2019int\u00e9gration des communaut\u00e9s locales et l\u2019adaptation au changement climatique deviennent des crit\u00e8res centraux. Le patrimoine n\u2019est plus seulement envisag\u00e9 comme un levier d\u2019attractivit\u00e9, mais comme un espace \u00e0 r\u00e9guler et \u00e0 piloter sur le long terme.<\/span><\/p><\/div>\n\t\t\t\t<\/div>\n\t\t\t\t\t\t\t<div class=\"elementor-accordion-item\">\n\t\t\t\t\t<div id=\"elementor-tab-title-1123\" class=\"elementor-tab-title\" data-tab=\"3\" role=\"button\" aria-controls=\"elementor-tab-content-1123\" aria-expanded=\"false\">\n\t\t\t\t\t\t\t\t\t\t\t\t\t<span class=\"elementor-accordion-icon elementor-accordion-icon-left\" aria-hidden=\"true\">\n\t\t\t\t\t\t\t\t\t\t\t\t\t\t\t<span class=\"elementor-accordion-icon-closed\"><i class=\"fas fa-plus\"><\/i><\/span>\n\t\t\t\t\t\t\t\t<span class=\"elementor-accordion-icon-opened\"><i class=\"fas fa-minus\"><\/i><\/span>\n\t\t\t\t\t\t\t\t\t\t\t\t\t\t<\/span>\n\t\t\t\t\t\t\t\t\t\t\t\t<a class=\"elementor-accordion-title\" tabindex=\"0\">Quels impacts ces orientations de l\u2019UNESCO peuvent-elles avoir pour les territoires carib\u00e9ens ?<\/a>\n\t\t\t\t\t<\/div>\n\t\t\t\t\t<div id=\"elementor-tab-content-1123\" class=\"elementor-tab-content elementor-clearfix\" data-tab=\"3\" role=\"region\" aria-labelledby=\"elementor-tab-title-1123\"><p><span style=\"font-weight: 400;\">Pour les sites d\u00e9j\u00e0 class\u00e9s, ces orientations impliquent un niveau d\u2019exigence plus \u00e9lev\u00e9 en mati\u00e8re de planification et de gouvernance. Pour les territoires candidats elles conditionnent d\u00e9sormais les futures inscriptions \u00e0 l\u2019existence de projets de gestion solides et cr\u00e9dibles. \u00c0 terme, ces lignes peuvent favoriser des mod\u00e8les touristiques mieux adapt\u00e9s aux r\u00e9alit\u00e9s insulaires et plus respectueux des populations locales.<\/span><\/p><\/div>\n\t\t\t\t<\/div>\n\t\t\t\t\t\t\t\t<\/div>\n\t\t\t\t\t\t<\/div>\n\t\t\t\t<\/div>\n\t\t\t\t\t<\/div>\n\t\t<\/div>\n\t\t\t\t\t<\/div>\n\t\t<\/section>\n\t\t\t\t\t<\/div>\n\t\t<\/div>\n\t\t\t\t\t<\/div>\n\t\t<\/section>\n\t\t\t\t<\/div>\n\t\t","protected":false},"excerpt":{"rendered":"<p>La pression touristique sur les sites patrimoniaux carib\u00e9ens n\u2019est plus un ph\u00e9nom\u00e8ne marginal ni ponctuel. Dans de nombreux territoires, la hausse continue des fr\u00e9quentations, la vuln\u00e9rabilit\u00e9 accrue des \u00e9cosyst\u00e8mes et les attentes \u00e9conomiques locales mettent \u00e0 l\u2019\u00e9preuve des mod\u00e8les de gestion arriv\u00e9s \u00e0 saturation. Ce sont moins les principes du patrimoine mondial qui sont en [&hellip;]<\/p>\n","protected":false},"author":662,"featured_media":67838,"comment_status":"open","ping_status":"open","sticky":false,"template":"","format":"standard","meta":{"_acf_changed":false,"footnotes":""},"categories":[1732,1785],"tags":[1482],"class_list":["post-67833","post","type-post","status-publish","format-standard","has-post-thumbnail","hentry","category-tourisme","category-cooperation","tag-republique-dominicaine"],"acf":[],"_links":{"self":[{"href":"https:\/\/richeskarayib.com\/fr\/wp-json\/wp\/v2\/posts\/67833","targetHints":{"allow":["GET"]}}],"collection":[{"href":"https:\/\/richeskarayib.com\/fr\/wp-json\/wp\/v2\/posts"}],"about":[{"href":"https:\/\/richeskarayib.com\/fr\/wp-json\/wp\/v2\/types\/post"}],"author":[{"embeddable":true,"href":"https:\/\/richeskarayib.com\/fr\/wp-json\/wp\/v2\/users\/662"}],"replies":[{"embeddable":true,"href":"https:\/\/richeskarayib.com\/fr\/wp-json\/wp\/v2\/comments?post=67833"}],"version-history":[{"count":0,"href":"https:\/\/richeskarayib.com\/fr\/wp-json\/wp\/v2\/posts\/67833\/revisions"}],"wp:featuredmedia":[{"embeddable":true,"href":"https:\/\/richeskarayib.com\/fr\/wp-json\/wp\/v2\/media\/67838"}],"wp:attachment":[{"href":"https:\/\/richeskarayib.com\/fr\/wp-json\/wp\/v2\/media?parent=67833"}],"wp:term":[{"taxonomy":"category","embeddable":true,"href":"https:\/\/richeskarayib.com\/fr\/wp-json\/wp\/v2\/categories?post=67833"},{"taxonomy":"post_tag","embeddable":true,"href":"https:\/\/richeskarayib.com\/fr\/wp-json\/wp\/v2\/tags?post=67833"}],"curies":[{"name":"wp","href":"https:\/\/api.w.org\/{rel}","templated":true}]}}