{"id":67929,"date":"2026-01-08T06:13:35","date_gmt":"2026-01-08T10:13:35","guid":{"rendered":"https:\/\/richeskarayib.com\/?p=67929"},"modified":"2026-01-08T06:15:34","modified_gmt":"2026-01-08T10:15:34","slug":"rumba-cuba-histoire-styles-patrimoine","status":"publish","type":"post","link":"https:\/\/richeskarayib.com\/fr\/rumba-cuba-histoire-styles-patrimoine\/","title":{"rendered":"Rumba : l\u2019\u00e2me de Cuba, r\u00e9sistance, danse et patrimoine vivant"},"content":{"rendered":"\t\t<div data-elementor-type=\"wp-post\" data-elementor-id=\"67929\" class=\"elementor elementor-67929\" data-elementor-post-type=\"post\">\n\t\t\t\t\t\t<section class=\"elementor-section elementor-top-section elementor-element elementor-element-7ca7ca1 elementor-section-boxed elementor-section-height-default elementor-section-height-default\" data-id=\"7ca7ca1\" data-element_type=\"section\">\n\t\t\t\t\t\t<div class=\"elementor-container elementor-column-gap-default\">\n\t\t\t\t\t<div class=\"elementor-column elementor-col-100 elementor-top-column elementor-element elementor-element-cbdd002\" data-id=\"cbdd002\" data-element_type=\"column\">\n\t\t\t<div class=\"elementor-widget-wrap elementor-element-populated\">\n\t\t\t\t\t\t<section class=\"elementor-section elementor-inner-section elementor-element elementor-element-bc94849 elementor-section-boxed elementor-section-height-default elementor-section-height-default\" data-id=\"bc94849\" data-element_type=\"section\">\n\t\t\t\t\t\t<div class=\"elementor-container elementor-column-gap-default\">\n\t\t\t\t\t\t<\/div>\n\t\t<\/section>\n\t\t\t\t<section class=\"elementor-section elementor-inner-section elementor-element elementor-element-61571e6 elementor-section-boxed elementor-section-height-default elementor-section-height-default\" data-id=\"61571e6\" data-element_type=\"section\">\n\t\t\t\t\t\t<div class=\"elementor-container elementor-column-gap-default\">\n\t\t\t\t\t\t<\/div>\n\t\t<\/section>\n\t\t\t\t<section class=\"elementor-section elementor-inner-section elementor-element elementor-element-b6262e0 elementor-section-boxed elementor-section-height-default elementor-section-height-default\" data-id=\"b6262e0\" data-element_type=\"section\">\n\t\t\t\t\t\t<div class=\"elementor-container elementor-column-gap-default\">\n\t\t\t\t\t\t<\/div>\n\t\t<\/section>\n\t\t\t\t<section class=\"elementor-section elementor-inner-section elementor-element elementor-element-cca29fd elementor-section-boxed elementor-section-height-default elementor-section-height-default\" data-id=\"cca29fd\" data-element_type=\"section\">\n\t\t\t\t\t\t<div class=\"elementor-container elementor-column-gap-default\">\n\t\t\t\t\t\t<\/div>\n\t\t<\/section>\n\t\t\t\t\t<\/div>\n\t\t<\/div>\n\t\t\t\t\t<\/div>\n\t\t<\/section>\n\t\t\t\t<section class=\"elementor-section elementor-top-section elementor-element elementor-element-a6d4222 elementor-section-boxed elementor-section-height-default elementor-section-height-default\" data-id=\"a6d4222\" data-element_type=\"section\">\n\t\t\t\t\t\t<div class=\"elementor-container elementor-column-gap-default\">\n\t\t\t\t\t<div class=\"elementor-column elementor-col-100 elementor-top-column elementor-element elementor-element-ea27f09\" data-id=\"ea27f09\" data-element_type=\"column\">\n\t\t\t<div class=\"elementor-widget-wrap elementor-element-populated\">\n\t\t\t\t\t\t<section class=\"elementor-section elementor-inner-section elementor-element elementor-element-25c3156 elementor-section-boxed elementor-section-height-default elementor-section-height-default\" data-id=\"25c3156\" data-element_type=\"section\">\n\t\t\t\t\t\t<div class=\"elementor-container elementor-column-gap-default\">\n\t\t\t\t\t<div class=\"elementor-column elementor-col-100 elementor-inner-column elementor-element elementor-element-aac779c\" data-id=\"aac779c\" data-element_type=\"column\">\n\t\t\t<div class=\"elementor-widget-wrap elementor-element-populated\">\n\t\t\t\t\t\t<div class=\"elementor-element elementor-element-612550d elementor-widget elementor-widget-text-editor\" data-id=\"612550d\" data-element_type=\"widget\" data-widget_type=\"text-editor.default\">\n\t\t\t\t<div class=\"elementor-widget-container\">\n\t\t\t\t\t\t\t\t\t<p><span style=\"font-weight: 400;\">\u00ab Sans Cuba il n\u2019y a pas de rumba et sans rumba il n\u2019y a pas de Cuba \u00bb. Cette phrase r\u00e9sume avec justesse une r\u00e9alit\u00e9 profond\u00e9ment ancr\u00e9e dans l\u2019histoire et le quotidien de l\u2019\u00eele. La <\/span><a href=\"https:\/\/ich.unesco.org\/fr\/RL\/la-rumba-a-cuba-melange-festif-de-musiques-et-de-danses-et-toutes-les-pratiques-associees-01185\" target=\"_blank\" rel=\"noopener nofollow\"><b>Rumba<\/b><\/a><span style=\"font-weight: 400;\"> n\u2019est pas un simple genre musical ni une danse folklorique fig\u00e9e. \u00c0 <\/span><a href=\"https:\/\/richeskarayib.com\/fr\/cayo-santa-maria-cuba-plages-jardines-del-rey\/\" target=\"_blank\" rel=\"noopener\"><b>Cuba<\/b><\/a><span style=\"font-weight: 400;\">, elle constitue un langage social un espace de m\u00e9moire et une mani\u00e8re collective d\u2019exister. N\u00e9e dans les quartiers populaires et les ports, elle s\u2019est impos\u00e9e comme l\u2019une des expressions culturelles les plus fortes de l\u2019identit\u00e9 cubaine.<\/span><\/p>\t\t\t\t\t\t\t\t<\/div>\n\t\t\t\t<\/div>\n\t\t\t\t<div class=\"elementor-element elementor-element-5ae0c5a elementor-widget elementor-widget-text-editor\" data-id=\"5ae0c5a\" data-element_type=\"widget\" data-widget_type=\"text-editor.default\">\n\t\t\t\t<div class=\"elementor-widget-container\">\n\t\t\t\t\t\t\t\t\t<p><span style=\"font-weight: 400;\">Cet article propose une lecture approfondie historique musicale et culturelle de la Rumba telle qu\u2019elle se vit \u00e0 Cuba aujourd\u2019hui. Il s\u2019agit d\u2019un h\u00e9ritage afro cubain toujours en mouvement, fa\u00e7onn\u00e9 par la transmission orale le corps et la communaut\u00e9 bien loin des clich\u00e9s touristiques.<\/span><\/p>\t\t\t\t\t\t\t\t<\/div>\n\t\t\t\t<\/div>\n\t\t\t\t\t<\/div>\n\t\t<\/div>\n\t\t\t\t\t<\/div>\n\t\t<\/section>\n\t\t\t\t\t<\/div>\n\t\t<\/div>\n\t\t\t\t\t<\/div>\n\t\t<\/section>\n\t\t\t\t<section class=\"elementor-section elementor-top-section elementor-element elementor-element-e1fea79 elementor-section-boxed elementor-section-height-default elementor-section-height-default\" data-id=\"e1fea79\" data-element_type=\"section\">\n\t\t\t\t\t\t<div class=\"elementor-container elementor-column-gap-default\">\n\t\t\t\t\t<div class=\"elementor-column elementor-col-100 elementor-top-column elementor-element elementor-element-6d0be76\" data-id=\"6d0be76\" data-element_type=\"column\">\n\t\t\t<div class=\"elementor-widget-wrap elementor-element-populated\">\n\t\t\t\t\t\t<div class=\"elementor-element elementor-element-a310b25 elementor-widget elementor-widget-heading\" data-id=\"a310b25\" data-element_type=\"widget\" data-widget_type=\"heading.default\">\n\t\t\t\t<div class=\"elementor-widget-container\">\n\t\t\t\t\t<h2 class=\"elementor-heading-title elementor-size-default\">La Rumba \u00e0 Cuba une d\u00e9finition ancr\u00e9e dans le r\u00e9el<\/h2>\t\t\t\t<\/div>\n\t\t\t\t<\/div>\n\t\t\t\t<div class=\"elementor-element elementor-element-bbb62ae elementor-widget elementor-widget-text-editor\" data-id=\"bbb62ae\" data-element_type=\"widget\" data-widget_type=\"text-editor.default\">\n\t\t\t\t<div class=\"elementor-widget-container\">\n\t\t\t\t\t\t\t\t\t<p><span style=\"font-weight: 400;\">\u00c0 Cuba le mot Rumba d\u00e9signe un ensemble indissociable de musique de chant de danse et de pratiques sociales. Elle se joue principalement avec des percussions elle se chante selon un principe d\u2019appel et de r\u00e9ponse et elle se danse dans un cadre o\u00f9 l\u2019improvisation et l\u2019interaction sont essentielles. Elle ne se comprend pas isol\u00e9ment elle prend sens dans un groupe dans une cour dans une rue lors d\u2019un rassemblement spontan\u00e9.<\/span><\/p><p><span style=\"font-weight: 400;\">Contrairement \u00e0 certaines formes export\u00e9es et standardis\u00e9es ailleurs la rumba cubaine reste profond\u00e9ment li\u00e9e \u00e0 ses contextes de naissance. Elle n\u2019est pas con\u00e7ue pour la sc\u00e8ne mais pour la vie quotidienne pour dire le rapport au travail aux relations humaines au d\u00e9sir \u00e0 la rivalit\u00e9 et \u00e0 la fiert\u00e9.<\/span><\/p>\t\t\t\t\t\t\t\t<\/div>\n\t\t\t\t<\/div>\n\t\t\t\t<div class=\"elementor-element elementor-element-d44a9e0 elementor-widget elementor-widget-video\" data-id=\"d44a9e0\" data-element_type=\"widget\" data-settings=\"{&quot;youtube_url&quot;:&quot;https:\\\/\\\/www.youtube.com\\\/watch?v=4wblApq2pl4&quot;,&quot;video_type&quot;:&quot;youtube&quot;,&quot;controls&quot;:&quot;yes&quot;}\" data-widget_type=\"video.default\">\n\t\t\t\t<div class=\"elementor-widget-container\">\n\t\t\t\t\t\t\t<div class=\"elementor-wrapper elementor-open-inline\">\n\t\t\t<div class=\"elementor-video\"><\/div>\t\t<\/div>\n\t\t\t\t\t\t<\/div>\n\t\t\t\t<\/div>\n\t\t\t\t\t<\/div>\n\t\t<\/div>\n\t\t\t\t\t<\/div>\n\t\t<\/section>\n\t\t\t\t<section class=\"elementor-section elementor-top-section elementor-element elementor-element-ee72354 elementor-section-boxed elementor-section-height-default elementor-section-height-default\" data-id=\"ee72354\" data-element_type=\"section\">\n\t\t\t\t\t\t<div class=\"elementor-container elementor-column-gap-default\">\n\t\t\t\t\t<div class=\"elementor-column elementor-col-100 elementor-top-column elementor-element elementor-element-c59d6fe\" data-id=\"c59d6fe\" data-element_type=\"column\">\n\t\t\t<div class=\"elementor-widget-wrap elementor-element-populated\">\n\t\t\t\t\t\t<div class=\"elementor-element elementor-element-ddc6a1e elementor-widget elementor-widget-heading\" data-id=\"ddc6a1e\" data-element_type=\"widget\" data-widget_type=\"heading.default\">\n\t\t\t\t<div class=\"elementor-widget-container\">\n\t\t\t\t\t<h2 class=\"elementor-heading-title elementor-size-default\">Des origines marqu\u00e9es par l\u2019histoire sociale cubaine<\/h2>\t\t\t\t<\/div>\n\t\t\t\t<\/div>\n\t\t\t\t<div class=\"elementor-element elementor-element-e57451f elementor-widget elementor-widget-text-editor\" data-id=\"e57451f\" data-element_type=\"widget\" data-widget_type=\"text-editor.default\">\n\t\t\t\t<div class=\"elementor-widget-container\">\n\t\t\t\t\t\t\t\t\t<p><span style=\"font-weight: 400;\">Sa naissance est indissociable de l\u2019histoire de l\u2019esclavage et de l\u2019urbanisation cubaine au XIX\u1d49 si\u00e8cle. Apr\u00e8s l\u2019abolition, les populations afro-descendantes se regroupent dans les villes portuaires, notamment \u00e0 La Havane et Matanzas. Dans les cours communes appel\u00e9es solares la musique devient un moyen de maintenir les traditions africaines tout en les adaptant \u00e0 un nouvel environnement social.<\/span><\/p><p><span style=\"font-weight: 400;\">Ces espaces concentrent une vie communautaire intense. On y partage le travail, les difficult\u00e9s, mais aussi les f\u00eates. Elle y appara\u00eet comme une r\u00e9ponse collective \u00e0 la marginalisation. Elle permet de transformer des gestes du quotidien en langage artistique et de faire du rythme un outil de coh\u00e9sion.<\/span><\/p>\t\t\t\t\t\t\t\t<\/div>\n\t\t\t\t<\/div>\n\t\t\t\t<section class=\"elementor-section elementor-inner-section elementor-element elementor-element-fd380f7 elementor-section-boxed elementor-section-height-default elementor-section-height-default\" data-id=\"fd380f7\" data-element_type=\"section\">\n\t\t\t\t\t\t<div class=\"elementor-container elementor-column-gap-default\">\n\t\t\t\t\t<div class=\"elementor-column elementor-col-50 elementor-inner-column elementor-element elementor-element-f56c617\" data-id=\"f56c617\" data-element_type=\"column\">\n\t\t\t<div class=\"elementor-widget-wrap elementor-element-populated\">\n\t\t\t\t\t\t<div class=\"elementor-element elementor-element-ce0b6ed elementor-widget elementor-widget-image\" data-id=\"ce0b6ed\" data-element_type=\"widget\" data-widget_type=\"image.default\">\n\t\t\t\t<div class=\"elementor-widget-container\">\n\t\t\t\t\t\t\t\t\t\t\t\t<figure class=\"wp-caption\">\n\t\t\t\t\t\t\t\t\t\t<img fetchpriority=\"high\" decoding=\"async\" width=\"267\" height=\"400\" src=\"https:\/\/richeskarayib.com\/wp-content\/uploads\/2026\/01\/\u00a9-National-Council-for-Cultural-Heritage-2014-cover.jpg\" class=\"attachment-large size-large wp-image-67930\" alt=\"Rumba\" srcset=\"https:\/\/richeskarayib.com\/wp-content\/uploads\/2026\/01\/\u00a9-National-Council-for-Cultural-Heritage-2014-cover.jpg 267w, https:\/\/richeskarayib.com\/wp-content\/uploads\/2026\/01\/\u00a9-National-Council-for-Cultural-Heritage-2014-cover-200x300.jpg 200w\" sizes=\"(max-width: 267px) 100vw, 267px\" \/>\t\t\t\t\t\t\t\t\t\t\t<figcaption class=\"widget-image-caption wp-caption-text\">\u00a9National Council for Cultural Heritage, 2014<\/figcaption>\n\t\t\t\t\t\t\t\t\t\t<\/figure>\n\t\t\t\t\t\t\t\t\t<\/div>\n\t\t\t\t<\/div>\n\t\t\t\t\t<\/div>\n\t\t<\/div>\n\t\t\t\t<div class=\"elementor-column elementor-col-50 elementor-inner-column elementor-element elementor-element-890ed52\" data-id=\"890ed52\" data-element_type=\"column\">\n\t\t\t<div class=\"elementor-widget-wrap elementor-element-populated\">\n\t\t\t\t\t\t<div class=\"elementor-element elementor-element-6953838 elementor-widget elementor-widget-image\" data-id=\"6953838\" data-element_type=\"widget\" data-widget_type=\"image.default\">\n\t\t\t\t<div class=\"elementor-widget-container\">\n\t\t\t\t\t\t\t\t\t\t\t\t<figure class=\"wp-caption\">\n\t\t\t\t\t\t\t\t\t\t<img decoding=\"async\" width=\"267\" height=\"400\" src=\"https:\/\/richeskarayib.com\/wp-content\/uploads\/2026\/01\/\u00a9-National-Council-for-Cultural-Heritage-2014-6.jpg\" class=\"attachment-large size-large wp-image-67962\" alt=\"\" srcset=\"https:\/\/richeskarayib.com\/wp-content\/uploads\/2026\/01\/\u00a9-National-Council-for-Cultural-Heritage-2014-6.jpg 267w, https:\/\/richeskarayib.com\/wp-content\/uploads\/2026\/01\/\u00a9-National-Council-for-Cultural-Heritage-2014-6-200x300.jpg 200w\" sizes=\"(max-width: 267px) 100vw, 267px\" \/>\t\t\t\t\t\t\t\t\t\t\t<figcaption class=\"widget-image-caption wp-caption-text\">\u00a9National Council for Cultural Heritage, 2014<\/figcaption>\n\t\t\t\t\t\t\t\t\t\t<\/figure>\n\t\t\t\t\t\t\t\t\t<\/div>\n\t\t\t\t<\/div>\n\t\t\t\t\t<\/div>\n\t\t<\/div>\n\t\t\t\t\t<\/div>\n\t\t<\/section>\n\t\t\t\t\t<\/div>\n\t\t<\/div>\n\t\t\t\t\t<\/div>\n\t\t<\/section>\n\t\t\t\t<section class=\"elementor-section elementor-top-section elementor-element elementor-element-82cd8f9 elementor-section-boxed elementor-section-height-default elementor-section-height-default\" data-id=\"82cd8f9\" data-element_type=\"section\">\n\t\t\t\t\t\t<div class=\"elementor-container elementor-column-gap-default\">\n\t\t\t\t\t<div class=\"elementor-column elementor-col-100 elementor-top-column elementor-element elementor-element-0bfdc38\" data-id=\"0bfdc38\" data-element_type=\"column\">\n\t\t\t<div class=\"elementor-widget-wrap elementor-element-populated\">\n\t\t\t\t\t\t<div class=\"elementor-element elementor-element-7d292fe elementor-widget elementor-widget-heading\" data-id=\"7d292fe\" data-element_type=\"widget\" data-widget_type=\"heading.default\">\n\t\t\t\t<div class=\"elementor-widget-container\">\n\t\t\t\t\t<h2 class=\"elementor-heading-title elementor-size-default\">Les trois grands styles de la rumba cubaine<\/h2>\t\t\t\t<\/div>\n\t\t\t\t<\/div>\n\t\t\t\t<div class=\"elementor-element elementor-element-8e337bf elementor-widget elementor-widget-text-editor\" data-id=\"8e337bf\" data-element_type=\"widget\" data-widget_type=\"text-editor.default\">\n\t\t\t\t<div class=\"elementor-widget-container\">\n\t\t\t\t\t\t\t\t\t<p><span style=\"font-weight: 400;\">Elle n\u2019est pas une forme unique. Elle s\u2019exprime \u00e0 travers trois styles majeurs qui traduisent des fonctions sociales et des esth\u00e9tiques diff\u00e9rentes.<\/span><\/p>\t\t\t\t\t\t\t\t<\/div>\n\t\t\t\t<\/div>\n\t\t\t\t<section class=\"elementor-section elementor-inner-section elementor-element elementor-element-c582330 elementor-section-boxed elementor-section-height-default elementor-section-height-default\" data-id=\"c582330\" data-element_type=\"section\">\n\t\t\t\t\t\t<div class=\"elementor-container elementor-column-gap-default\">\n\t\t\t\t\t\t<\/div>\n\t\t<\/section>\n\t\t\t\t<section class=\"elementor-section elementor-inner-section elementor-element elementor-element-b6c909a elementor-section-boxed elementor-section-height-default elementor-section-height-default\" data-id=\"b6c909a\" data-element_type=\"section\">\n\t\t\t\t\t\t<div class=\"elementor-container elementor-column-gap-default\">\n\t\t\t\t\t<div class=\"elementor-column elementor-col-100 elementor-inner-column elementor-element elementor-element-0cccc80\" data-id=\"0cccc80\" data-element_type=\"column\">\n\t\t\t<div class=\"elementor-widget-wrap elementor-element-populated\">\n\t\t\t\t\t\t<div class=\"elementor-element elementor-element-d70745a elementor-widget elementor-widget-text-editor\" data-id=\"d70745a\" data-element_type=\"widget\" data-widget_type=\"text-editor.default\">\n\t\t\t\t<div class=\"elementor-widget-container\">\n\t\t\t\t\t\t\t\t\t<h3><b>Yamb\u00fa la m\u00e9moire et la retenue<\/b><\/h3><p><span style=\"font-weight: 400;\">Le yamb\u00fa est consid\u00e9r\u00e9 comme l\u2019une des formes les plus anciennes de la rumba. Son tempo est lent et son caract\u00e8re introspectif. Il privil\u00e9gie la narration corporelle, la subtilit\u00e9 du mouvement et l\u2019expression int\u00e9rieure. Les danseurs n\u2019y recherchent pas la performance, mais la justesse du geste et la relation intime avec la musique. Le yamb\u00fa est souvent associ\u00e9 aux anciens. Il \u00e9voque le respect, la continuit\u00e9 et la transmission. Chaque mouvement semble charg\u00e9 d\u2019une histoire personnelle ou collective. Dans ce style, la danse devient presque un r\u00e9cit silencieux o\u00f9 le corps parle sans exc\u00e8s.<\/span><\/p>\t\t\t\t\t\t\t\t<\/div>\n\t\t\t\t<\/div>\n\t\t\t\t\t<\/div>\n\t\t<\/div>\n\t\t\t\t\t<\/div>\n\t\t<\/section>\n\t\t\t\t<div class=\"elementor-element elementor-element-f7d3752 elementor-widget elementor-widget-text-editor\" data-id=\"f7d3752\" data-element_type=\"widget\" data-widget_type=\"text-editor.default\">\n\t\t\t\t<div class=\"elementor-widget-container\">\n\t\t\t\t\t\t\t\t\t<h3><b>Guaguanc\u00f3 la sc\u00e8ne sociale et le dialogue<\/b><\/h3><p><span style=\"font-weight: 400;\">Le guaguanc\u00f3 est la forme la plus populaire et la plus r\u00e9pandue. Il met en sc\u00e8ne un dialogue entre un homme et une femme construit autour du jeu de s\u00e9duction et de d\u00e9fi. Le c\u00e9l\u00e8bre geste du vacunao symbolise une tentative de conqu\u00eate imm\u00e9diatement suivie d\u2019une r\u00e9ponse de la partenaire qui esquive, d\u00e9tourne ou anticipe. Au-del\u00e0 de l\u2019aspect ludique, le guaguanc\u00f3 refl\u00e8te les dynamiques sociales et les rapports de pouvoir. Il laisse une grande place \u00e0 l\u2019improvisation, \u00e0 l\u2019humour et \u00e0 la personnalit\u00e9 des danseurs. Chaque interpr\u00e9tation est diff\u00e9rente, car elle d\u00e9pend du contexte, de l\u2019\u00e9nergie du groupe et du regard du public.<\/span><\/p>\t\t\t\t\t\t\t\t<\/div>\n\t\t\t\t<\/div>\n\t\t\t\t<div class=\"elementor-element elementor-element-c09146d elementor-widget elementor-widget-text-editor\" data-id=\"c09146d\" data-element_type=\"widget\" data-widget_type=\"text-editor.default\">\n\t\t\t\t<div class=\"elementor-widget-container\">\n\t\t\t\t\t\t\t\t\t<h3><b>Columbia, la virtuosit\u00e9 et l\u2019affirmation individuelle<\/b><\/h3><p><span style=\"font-weight: 400;\">La columbia est la plus rapide et la plus exigeante techniquement. Traditionnellement dans\u00e9e en solo, elle met en avant l\u2019agilit\u00e9, l\u2019endurance et la cr\u00e9ativit\u00e9 du danseur. Les mouvements sont complexes, les changements de direction rapides et le dialogue avec le tambour soliste permanent. La columbia est souvent per\u00e7ue comme une d\u00e9monstration de ma\u00eetrise et de caract\u00e8re. Elle exige une \u00e9coute fine du rythme et une grande libert\u00e9 corporelle. Si elle a longtemps \u00e9t\u00e9 associ\u00e9e \u00e0 une expression masculine, elle est aujourd\u2019hui investie par des danseuses qui r\u00e9interpr\u00e8tent ses codes avec force et l\u00e9gitimit\u00e9.<\/span><\/p>\t\t\t\t\t\t\t\t<\/div>\n\t\t\t\t<\/div>\n\t\t\t\t<section class=\"elementor-section elementor-inner-section elementor-element elementor-element-146c4fe elementor-section-boxed elementor-section-height-default elementor-section-height-default\" data-id=\"146c4fe\" data-element_type=\"section\">\n\t\t\t\t\t\t<div class=\"elementor-container elementor-column-gap-default\">\n\t\t\t\t\t<div class=\"elementor-column elementor-col-50 elementor-inner-column elementor-element elementor-element-98c1e04\" data-id=\"98c1e04\" data-element_type=\"column\">\n\t\t\t<div class=\"elementor-widget-wrap elementor-element-populated\">\n\t\t\t\t\t\t<div class=\"elementor-element elementor-element-aab66de elementor-widget elementor-widget-image\" data-id=\"aab66de\" data-element_type=\"widget\" data-widget_type=\"image.default\">\n\t\t\t\t<div class=\"elementor-widget-container\">\n\t\t\t\t\t\t\t\t\t\t\t\t<figure class=\"wp-caption\">\n\t\t\t\t\t\t\t\t\t\t<img decoding=\"async\" width=\"500\" height=\"333\" src=\"https:\/\/richeskarayib.com\/wp-content\/uploads\/2026\/01\/\u00a9-National-Council-for-Cultural-Heritage-2014-3-1.jpg\" class=\"attachment-large size-large wp-image-67950\" alt=\"\" srcset=\"https:\/\/richeskarayib.com\/wp-content\/uploads\/2026\/01\/\u00a9-National-Council-for-Cultural-Heritage-2014-3-1.jpg 500w, https:\/\/richeskarayib.com\/wp-content\/uploads\/2026\/01\/\u00a9-National-Council-for-Cultural-Heritage-2014-3-1-300x200.jpg 300w\" sizes=\"(max-width: 500px) 100vw, 500px\" \/>\t\t\t\t\t\t\t\t\t\t\t<figcaption class=\"widget-image-caption wp-caption-text\">\u00a9National Council for Cultural Heritage, 2014<\/figcaption>\n\t\t\t\t\t\t\t\t\t\t<\/figure>\n\t\t\t\t\t\t\t\t\t<\/div>\n\t\t\t\t<\/div>\n\t\t\t\t\t<\/div>\n\t\t<\/div>\n\t\t\t\t<div class=\"elementor-column elementor-col-50 elementor-inner-column elementor-element elementor-element-0d8cae7\" data-id=\"0d8cae7\" data-element_type=\"column\">\n\t\t\t<div class=\"elementor-widget-wrap elementor-element-populated\">\n\t\t\t\t\t\t<div class=\"elementor-element elementor-element-3bb415c elementor-widget elementor-widget-image\" data-id=\"3bb415c\" data-element_type=\"widget\" data-widget_type=\"image.default\">\n\t\t\t\t<div class=\"elementor-widget-container\">\n\t\t\t\t\t\t\t\t\t\t\t\t<figure class=\"wp-caption\">\n\t\t\t\t\t\t\t\t\t\t<img loading=\"lazy\" decoding=\"async\" width=\"500\" height=\"333\" src=\"https:\/\/richeskarayib.com\/wp-content\/uploads\/2026\/01\/\u00a9-National-Council-for-Cultural-Heritage-2014-5.jpg\" class=\"attachment-large size-large wp-image-67954\" alt=\"Rumba\" srcset=\"https:\/\/richeskarayib.com\/wp-content\/uploads\/2026\/01\/\u00a9-National-Council-for-Cultural-Heritage-2014-5.jpg 500w, https:\/\/richeskarayib.com\/wp-content\/uploads\/2026\/01\/\u00a9-National-Council-for-Cultural-Heritage-2014-5-300x200.jpg 300w\" sizes=\"(max-width: 500px) 100vw, 500px\" \/>\t\t\t\t\t\t\t\t\t\t\t<figcaption class=\"widget-image-caption wp-caption-text\">\u00a9National Council for Cultural Heritage, 2014<\/figcaption>\n\t\t\t\t\t\t\t\t\t\t<\/figure>\n\t\t\t\t\t\t\t\t\t<\/div>\n\t\t\t\t<\/div>\n\t\t\t\t\t<\/div>\n\t\t<\/div>\n\t\t\t\t\t<\/div>\n\t\t<\/section>\n\t\t\t\t<section class=\"elementor-section elementor-inner-section elementor-element elementor-element-296603a elementor-section-boxed elementor-section-height-default elementor-section-height-default\" data-id=\"296603a\" data-element_type=\"section\">\n\t\t\t\t\t\t<div class=\"elementor-container elementor-column-gap-default\">\n\t\t\t\t\t\t<\/div>\n\t\t<\/section>\n\t\t\t\t\t<\/div>\n\t\t<\/div>\n\t\t\t\t\t<\/div>\n\t\t<\/section>\n\t\t\t\t<section class=\"elementor-section elementor-top-section elementor-element elementor-element-5a7397d elementor-section-boxed elementor-section-height-default elementor-section-height-default\" data-id=\"5a7397d\" data-element_type=\"section\">\n\t\t\t\t\t\t<div class=\"elementor-container elementor-column-gap-default\">\n\t\t\t\t\t<div class=\"elementor-column elementor-col-100 elementor-top-column elementor-element elementor-element-8b33b4b\" data-id=\"8b33b4b\" data-element_type=\"column\">\n\t\t\t<div class=\"elementor-widget-wrap elementor-element-populated\">\n\t\t\t\t\t\t<div class=\"elementor-element elementor-element-89dac4b elementor-widget elementor-widget-heading\" data-id=\"89dac4b\" data-element_type=\"widget\" data-widget_type=\"heading.default\">\n\t\t\t\t<div class=\"elementor-widget-container\">\n\t\t\t\t\t<h2 class=\"elementor-heading-title elementor-size-default\">Les instruments, le rythme comme langage collectif<\/h2>\t\t\t\t<\/div>\n\t\t\t\t<\/div>\n\t\t\t\t<section class=\"elementor-section elementor-inner-section elementor-element elementor-element-f47b4b4 elementor-section-boxed elementor-section-height-default elementor-section-height-default\" data-id=\"f47b4b4\" data-element_type=\"section\">\n\t\t\t\t\t\t<div class=\"elementor-container elementor-column-gap-default\">\n\t\t\t\t\t<div class=\"elementor-column elementor-col-50 elementor-inner-column elementor-element elementor-element-d815264\" data-id=\"d815264\" data-element_type=\"column\">\n\t\t\t<div class=\"elementor-widget-wrap elementor-element-populated\">\n\t\t\t\t\t\t<div class=\"elementor-element elementor-element-819dd2d elementor-widget elementor-widget-text-editor\" data-id=\"819dd2d\" data-element_type=\"widget\" data-widget_type=\"text-editor.default\">\n\t\t\t\t<div class=\"elementor-widget-container\">\n\t\t\t\t\t\t\t\t\t<p><span style=\"font-weight: 400;\">La rumba cubaine repose sur une architecture rythmique pr\u00e9cise, mais profond\u00e9ment organique. Elle est ressentie avant d\u2019\u00eatre analys\u00e9e. <\/span><\/p><p><span style=\"font-weight: 400;\">Au c\u0153ur de cette structure se trouve la clave, motif rythmique fondamental qui organise l\u2019ensemble de la musique. <\/span><\/p><p><span style=\"font-weight: 400;\">La clave n\u2019est pas toujours explicitement jou\u00e9e, mais elle guide chaque entr\u00e9e, chaque silence, chaque relance.<\/span><\/p><p><span style=\"font-weight: 400;\">Autour de cette ossature s\u2019articule un ensemble de percussions, principalement les congas.<\/span><\/p><p><span style=\"font-weight: 400;\"> G\u00e9n\u00e9ralement un trio de tambours est utilis\u00e9 dont un tambour aigu charg\u00e9 d\u2019improviser et de dialoguer directement avec le danseur. <\/span><\/p><p><span style=\"font-weight: 400;\">Ce dialogue est essentiel. Il cr\u00e9e une tension permanente entre musique et mouvement comme si chacun provoquait l\u2019autre.<\/span><\/p>\t\t\t\t\t\t\t\t<\/div>\n\t\t\t\t<\/div>\n\t\t\t\t<div class=\"elementor-element elementor-element-7091cc8 elementor-widget elementor-widget-text-editor\" data-id=\"7091cc8\" data-element_type=\"widget\" data-widget_type=\"text-editor.default\">\n\t\t\t\t<div class=\"elementor-widget-container\">\n\t\t\t\t\t\t\t\t\t<p><span style=\"font-weight: 400;\">La voix occupe \u00e9galement une place centrale. Un chanteur soliste lance des phrases souvent improvis\u00e9es auxquelles r\u00e9pond un ch\u0153ur.<\/span><\/p>\t\t\t\t\t\t\t\t<\/div>\n\t\t\t\t<\/div>\n\t\t\t\t\t<\/div>\n\t\t<\/div>\n\t\t\t\t<div class=\"elementor-column elementor-col-50 elementor-inner-column elementor-element elementor-element-7e7ff72\" data-id=\"7e7ff72\" data-element_type=\"column\">\n\t\t\t<div class=\"elementor-widget-wrap elementor-element-populated\">\n\t\t\t\t\t\t<div class=\"elementor-element elementor-element-5e2d0da elementor-widget elementor-widget-image\" data-id=\"5e2d0da\" data-element_type=\"widget\" data-widget_type=\"image.default\">\n\t\t\t\t<div class=\"elementor-widget-container\">\n\t\t\t\t\t\t\t\t\t\t\t\t<figure class=\"wp-caption\">\n\t\t\t\t\t\t\t\t\t\t<img loading=\"lazy\" decoding=\"async\" width=\"500\" height=\"334\" src=\"https:\/\/richeskarayib.com\/wp-content\/uploads\/2026\/01\/\u00a9-National-Council-for-Cultural-Heritage-2014-4.jpg\" class=\"attachment-large size-large wp-image-67942\" alt=\"Rumba\" srcset=\"https:\/\/richeskarayib.com\/wp-content\/uploads\/2026\/01\/\u00a9-National-Council-for-Cultural-Heritage-2014-4.jpg 500w, https:\/\/richeskarayib.com\/wp-content\/uploads\/2026\/01\/\u00a9-National-Council-for-Cultural-Heritage-2014-4-300x200.jpg 300w\" sizes=\"(max-width: 500px) 100vw, 500px\" \/>\t\t\t\t\t\t\t\t\t\t\t<figcaption class=\"widget-image-caption wp-caption-text\">\u00a9National Council for Cultural Heritage, 2014<\/figcaption>\n\t\t\t\t\t\t\t\t\t\t<\/figure>\n\t\t\t\t\t\t\t\t\t<\/div>\n\t\t\t\t<\/div>\n\t\t\t\t<div class=\"elementor-element elementor-element-309ca7e elementor-widget elementor-widget-image\" data-id=\"309ca7e\" data-element_type=\"widget\" data-widget_type=\"image.default\">\n\t\t\t\t<div class=\"elementor-widget-container\">\n\t\t\t\t\t\t\t\t\t\t\t\t<figure class=\"wp-caption\">\n\t\t\t\t\t\t\t\t\t\t<img loading=\"lazy\" decoding=\"async\" width=\"500\" height=\"303\" src=\"https:\/\/richeskarayib.com\/wp-content\/uploads\/2026\/01\/\u00a9-National-Council-for-Cultural-Heritage-2014-2.jpg\" class=\"attachment-large size-large wp-image-67938\" alt=\"Rumba\" srcset=\"https:\/\/richeskarayib.com\/wp-content\/uploads\/2026\/01\/\u00a9-National-Council-for-Cultural-Heritage-2014-2.jpg 500w, https:\/\/richeskarayib.com\/wp-content\/uploads\/2026\/01\/\u00a9-National-Council-for-Cultural-Heritage-2014-2-300x182.jpg 300w\" sizes=\"(max-width: 500px) 100vw, 500px\" \/>\t\t\t\t\t\t\t\t\t\t\t<figcaption class=\"widget-image-caption wp-caption-text\">\u00a9National Council for Cultural Heritage, 2014<\/figcaption>\n\t\t\t\t\t\t\t\t\t\t<\/figure>\n\t\t\t\t\t\t\t\t\t<\/div>\n\t\t\t\t<\/div>\n\t\t\t\t\t<\/div>\n\t\t<\/div>\n\t\t\t\t\t<\/div>\n\t\t<\/section>\n\t\t\t\t\t<\/div>\n\t\t<\/div>\n\t\t\t\t\t<\/div>\n\t\t<\/section>\n\t\t\t\t<section class=\"elementor-section elementor-top-section elementor-element elementor-element-2c060f5 elementor-section-boxed elementor-section-height-default elementor-section-height-default\" data-id=\"2c060f5\" data-element_type=\"section\">\n\t\t\t\t\t\t<div class=\"elementor-container elementor-column-gap-default\">\n\t\t\t\t\t<div class=\"elementor-column elementor-col-100 elementor-top-column elementor-element elementor-element-359f969\" data-id=\"359f969\" data-element_type=\"column\">\n\t\t\t<div class=\"elementor-widget-wrap elementor-element-populated\">\n\t\t\t\t\t\t<div class=\"elementor-element elementor-element-808b8b3 elementor-widget elementor-widget-heading\" data-id=\"808b8b3\" data-element_type=\"widget\" data-widget_type=\"heading.default\">\n\t\t\t\t<div class=\"elementor-widget-container\">\n\t\t\t\t\t<h2 class=\"elementor-heading-title elementor-size-default\">La Rumba dans La Havane contemporaine<\/h2>\t\t\t\t<\/div>\n\t\t\t\t<\/div>\n\t\t\t\t<div class=\"elementor-element elementor-element-3c9cb71 elementor-widget elementor-widget-text-editor\" data-id=\"3c9cb71\" data-element_type=\"widget\" data-widget_type=\"text-editor.default\">\n\t\t\t\t<div class=\"elementor-widget-container\">\n\t\t\t\t\t\t\t\t\t<p><span style=\"font-weight: 400;\">Aujourd\u2019hui encore, elle fait partie du paysage sonore et social de <a href=\"https:\/\/richeskarayib.com\/fr\/chiffres-de-la-culture-et-patrimoine-caribeen\/\" target=\"_blank\" rel=\"noopener\">La Havane<\/a>. Elle n\u2019est pas confin\u00e9e aux sc\u00e8nes officielles. Elle surgit dans les quartiers lors de rassemblements spontan\u00e9s, dans les cours ou dans certaines rues devenues embl\u00e9matiques.<\/span><\/p><p><span style=\"font-weight: 400;\">Le Callej\u00f3n de Hamel est l\u2019un des lieux les plus connus pour observer cette tradition vivante. Chaque semaine, Chaque musicien, danseurs et habitants s\u2019y retrouvent dans une ambiance qui m\u00eale ferveur artistique et vie de quartier. Mais au-del\u00e0 de ce lieu, la rumba continue de s\u2019exprimer dans de nombreux espaces moins visibles, l\u00e0 o\u00f9 elle reste avant tout une affaire de communaut\u00e9.<\/span><\/p>\t\t\t\t\t\t\t\t<\/div>\n\t\t\t\t<\/div>\n\t\t\t\t<section class=\"elementor-section elementor-inner-section elementor-element elementor-element-432f664 elementor-section-boxed elementor-section-height-default elementor-section-height-default\" data-id=\"432f664\" data-element_type=\"section\">\n\t\t\t\t\t\t<div class=\"elementor-container elementor-column-gap-default\">\n\t\t\t\t\t<div class=\"elementor-column elementor-col-100 elementor-inner-column elementor-element elementor-element-d34e60d\" data-id=\"d34e60d\" data-element_type=\"column\">\n\t\t\t<div class=\"elementor-widget-wrap elementor-element-populated\">\n\t\t\t\t\t\t<div class=\"elementor-element elementor-element-c160fee elementor-widget elementor-widget-image\" data-id=\"c160fee\" data-element_type=\"widget\" data-widget_type=\"image.default\">\n\t\t\t\t<div class=\"elementor-widget-container\">\n\t\t\t\t\t\t\t\t\t\t\t\t<figure class=\"wp-caption\">\n\t\t\t\t\t\t\t\t\t\t<img loading=\"lazy\" decoding=\"async\" width=\"800\" height=\"534\" src=\"https:\/\/richeskarayib.com\/wp-content\/uploads\/2026\/01\/\u00a9Wanda-Canals-Fleitas-Cubania-1024x683.jpeg\" class=\"attachment-large size-large wp-image-67934\" alt=\"Rumba\" srcset=\"https:\/\/richeskarayib.com\/wp-content\/uploads\/2026\/01\/\u00a9Wanda-Canals-Fleitas-Cubania-1024x683.jpeg 1024w, https:\/\/richeskarayib.com\/wp-content\/uploads\/2026\/01\/\u00a9Wanda-Canals-Fleitas-Cubania-300x200.jpeg 300w, https:\/\/richeskarayib.com\/wp-content\/uploads\/2026\/01\/\u00a9Wanda-Canals-Fleitas-Cubania-768x512.jpeg 768w, https:\/\/richeskarayib.com\/wp-content\/uploads\/2026\/01\/\u00a9Wanda-Canals-Fleitas-Cubania.jpeg 1152w\" sizes=\"(max-width: 800px) 100vw, 800px\" \/>\t\t\t\t\t\t\t\t\t\t\t<figcaption class=\"widget-image-caption wp-caption-text\">\u00a9Wanda Canals Fleitas\/ Cubania<\/figcaption>\n\t\t\t\t\t\t\t\t\t\t<\/figure>\n\t\t\t\t\t\t\t\t\t<\/div>\n\t\t\t\t<\/div>\n\t\t\t\t\t<\/div>\n\t\t<\/div>\n\t\t\t\t\t<\/div>\n\t\t<\/section>\n\t\t\t\t\t<\/div>\n\t\t<\/div>\n\t\t\t\t\t<\/div>\n\t\t<\/section>\n\t\t\t\t<section class=\"elementor-section elementor-top-section elementor-element elementor-element-0f16b43 elementor-section-boxed elementor-section-height-default elementor-section-height-default\" data-id=\"0f16b43\" data-element_type=\"section\">\n\t\t\t\t\t\t<div class=\"elementor-container elementor-column-gap-default\">\n\t\t\t\t\t<div class=\"elementor-column elementor-col-100 elementor-top-column elementor-element elementor-element-d9f1403\" data-id=\"d9f1403\" data-element_type=\"column\">\n\t\t\t<div class=\"elementor-widget-wrap elementor-element-populated\">\n\t\t\t\t\t\t<div class=\"elementor-element elementor-element-8bf76ab elementor-widget elementor-widget-heading\" data-id=\"8bf76ab\" data-element_type=\"widget\" data-widget_type=\"heading.default\">\n\t\t\t\t<div class=\"elementor-widget-container\">\n\t\t\t\t\t<h2 class=\"elementor-heading-title elementor-size-default\">Festivals et transmission contemporaine<\/h2>\t\t\t\t<\/div>\n\t\t\t\t<\/div>\n\t\t\t\t<div class=\"elementor-element elementor-element-d81c671 elementor-widget elementor-widget-text-editor\" data-id=\"d81c671\" data-element_type=\"widget\" data-widget_type=\"text-editor.default\">\n\t\t\t\t<div class=\"elementor-widget-container\">\n\t\t\t\t\t\t\t\t\t<p><span style=\"font-weight: 400;\">La vitalit\u00e9 de la rumba cubaine se manifeste \u00e9galement \u00e0 travers des \u00e9v\u00e9nements d\u00e9di\u00e9s. Le Timbalaye International Rumba Festival en est un exemple majeur. Organis\u00e9 chaque ann\u00e9e, il rassemble des groupes venus de diff\u00e9rentes r\u00e9gions de Cuba et d\u2019autres pays li\u00e9s \u00e0 l\u2019histoire afro-carib\u00e9enne. Ces festivals ne se limitent pas \u00e0 des concerts. Ils proposent des ateliers, des rencontres interg\u00e9n\u00e9rationnelles et des temps de r\u00e9flexion sur la transmission. Elle y est abord\u00e9e comme un patrimoine vivant qui continue de se transformer sans perdre son ancrage populaire.<\/span><\/p>\t\t\t\t\t\t\t\t<\/div>\n\t\t\t\t<\/div>\n\t\t\t\t<div class=\"elementor-element elementor-element-02bd99c elementor-widget elementor-widget-video\" data-id=\"02bd99c\" data-element_type=\"widget\" data-settings=\"{&quot;youtube_url&quot;:&quot;https:\\\/\\\/www.youtube.com\\\/watch?v=IKLU213odJ8&quot;,&quot;video_type&quot;:&quot;youtube&quot;,&quot;controls&quot;:&quot;yes&quot;}\" data-widget_type=\"video.default\">\n\t\t\t\t<div class=\"elementor-widget-container\">\n\t\t\t\t\t\t\t<div class=\"elementor-wrapper elementor-open-inline\">\n\t\t\t<div class=\"elementor-video\"><\/div>\t\t<\/div>\n\t\t\t\t\t\t<\/div>\n\t\t\t\t<\/div>\n\t\t\t\t\t<\/div>\n\t\t<\/div>\n\t\t\t\t\t<\/div>\n\t\t<\/section>\n\t\t\t\t<section class=\"elementor-section elementor-top-section elementor-element elementor-element-4ef9ba5 elementor-section-boxed elementor-section-height-default elementor-section-height-default\" data-id=\"4ef9ba5\" data-element_type=\"section\">\n\t\t\t\t\t\t<div class=\"elementor-container elementor-column-gap-default\">\n\t\t\t\t\t<div class=\"elementor-column elementor-col-100 elementor-top-column elementor-element elementor-element-2af15d8\" data-id=\"2af15d8\" data-element_type=\"column\">\n\t\t\t<div class=\"elementor-widget-wrap elementor-element-populated\">\n\t\t\t\t\t\t<div class=\"elementor-element elementor-element-39df54b elementor-widget elementor-widget-heading\" data-id=\"39df54b\" data-element_type=\"widget\" data-widget_type=\"heading.default\">\n\t\t\t\t<div class=\"elementor-widget-container\">\n\t\t\t\t\t<h2 class=\"elementor-heading-title elementor-size-default\">Figures marquantes et rayonnement mondial<\/h2>\t\t\t\t<\/div>\n\t\t\t\t<\/div>\n\t\t\t\t<div class=\"elementor-element elementor-element-83c1bd2 elementor-widget elementor-widget-text-editor\" data-id=\"83c1bd2\" data-element_type=\"widget\" data-widget_type=\"text-editor.default\">\n\t\t\t\t<div class=\"elementor-widget-container\">\n\t\t\t\t\t\t\t\t\t<p><span style=\"font-weight: 400;\">La rumba cubaine a profond\u00e9ment influenc\u00e9 la musique mondiale. Elle a nourri les musiques afro-cubaines, la salsa, le jazz latin et de nombreuses formes hybrides. Des artistes comme Mongo Santamar\u00eda ont jou\u00e9 un r\u00f4le cl\u00e9 dans cette diffusion en faisant dialoguer les rythmes de la rumba avec le jazz nord am\u00e9ricain. \u00c0 travers ces trajectoires se dessine un m\u00e9canisme clair. Des pratiques locales issues de quartiers populaires deviennent des langages musicaux universels. Elles circulent avec les artistes, avec les migrations et avec les diasporas, cr\u00e9ant des ponts culturels durables entre Cuba et le reste du monde.<\/span><\/p>\t\t\t\t\t\t\t\t<\/div>\n\t\t\t\t<\/div>\n\t\t\t\t\t<\/div>\n\t\t<\/div>\n\t\t\t\t\t<\/div>\n\t\t<\/section>\n\t\t\t\t<section class=\"elementor-section elementor-top-section elementor-element elementor-element-f06c5f1 elementor-section-boxed elementor-section-height-default elementor-section-height-default\" data-id=\"f06c5f1\" data-element_type=\"section\">\n\t\t\t\t\t\t<div class=\"elementor-container elementor-column-gap-default\">\n\t\t\t\t\t<div class=\"elementor-column elementor-col-100 elementor-top-column elementor-element elementor-element-905d853\" data-id=\"905d853\" data-element_type=\"column\">\n\t\t\t<div class=\"elementor-widget-wrap elementor-element-populated\">\n\t\t\t\t\t\t<div class=\"elementor-element elementor-element-a7601d8 elementor-widget elementor-widget-heading\" data-id=\"a7601d8\" data-element_type=\"widget\" data-widget_type=\"heading.default\">\n\t\t\t\t<div class=\"elementor-widget-container\">\n\t\t\t\t\t<h2 class=\"elementor-heading-title elementor-size-default\">Une tradition toujours en mouvement<\/h2>\t\t\t\t<\/div>\n\t\t\t\t<\/div>\n\t\t\t\t<div class=\"elementor-element elementor-element-ce2479f elementor-widget elementor-widget-text-editor\" data-id=\"ce2479f\" data-element_type=\"widget\" data-widget_type=\"text-editor.default\">\n\t\t\t\t<div class=\"elementor-widget-container\">\n\t\t\t\t\t\t\t\t\t<p><span style=\"font-weight: 400;\">La <\/span><b>Rumba<\/b><span style=\"font-weight: 400;\"> reste aujourd\u2019hui l\u2019une des expressions culturelles les plus puissantes de <\/span><b>Cuba<\/b><span style=\"font-weight: 400;\">. Elle relie le pass\u00e9 au pr\u00e9sent, elle transforme la m\u00e9moire en mouvement et elle continue d\u2019\u00e9voluer au rythme des g\u00e9n\u00e9rations. Dans les cours, dans les rues de La Havane ou lors des grands festivals, elle demeure un espace de libert\u00e9, d\u2019affirmation et de partage. Comprendre la rumba, c&#8217;est approcher Cuba par le corps, par le son et par la relation humaine. C\u2019est saisir comment une culture n\u00e9e dans la contrainte a su se hisser au rang de symbole universel sans jamais perdre son ancrage populaire.<\/span><\/p>\t\t\t\t\t\t\t\t<\/div>\n\t\t\t\t<\/div>\n\t\t\t\t\t<\/div>\n\t\t<\/div>\n\t\t\t\t\t<\/div>\n\t\t<\/section>\n\t\t\t\t<section class=\"elementor-section elementor-top-section elementor-element elementor-element-22bf69f elementor-section-boxed elementor-section-height-default elementor-section-height-default\" data-id=\"22bf69f\" data-element_type=\"section\">\n\t\t\t\t\t\t<div class=\"elementor-container elementor-column-gap-default\">\n\t\t\t\t\t<div class=\"elementor-column elementor-col-100 elementor-top-column elementor-element elementor-element-8aedddd\" data-id=\"8aedddd\" data-element_type=\"column\">\n\t\t\t<div class=\"elementor-widget-wrap elementor-element-populated\">\n\t\t\t\t\t\t<section class=\"elementor-section elementor-inner-section elementor-element elementor-element-c8e3557 elementor-section-boxed elementor-section-height-default elementor-section-height-default\" data-id=\"c8e3557\" data-element_type=\"section\">\n\t\t\t\t\t\t<div class=\"elementor-container elementor-column-gap-default\">\n\t\t\t\t\t<div class=\"elementor-column elementor-col-100 elementor-inner-column elementor-element elementor-element-1222702\" data-id=\"1222702\" data-element_type=\"column\">\n\t\t\t<div class=\"elementor-widget-wrap elementor-element-populated\">\n\t\t\t\t\t\t<div class=\"elementor-element elementor-element-2e40abe elementor-widget elementor-widget-accordion\" data-id=\"2e40abe\" data-element_type=\"widget\" data-widget_type=\"accordion.default\">\n\t\t\t\t<div class=\"elementor-widget-container\">\n\t\t\t\t\t\t\t<div class=\"elementor-accordion\">\n\t\t\t\t\t\t\t<div class=\"elementor-accordion-item\">\n\t\t\t\t\t<div id=\"elementor-tab-title-4841\" class=\"elementor-tab-title\" data-tab=\"1\" role=\"button\" aria-controls=\"elementor-tab-content-4841\" aria-expanded=\"false\">\n\t\t\t\t\t\t\t\t\t\t\t\t\t<span class=\"elementor-accordion-icon elementor-accordion-icon-left\" aria-hidden=\"true\">\n\t\t\t\t\t\t\t\t\t\t\t\t\t\t\t<span class=\"elementor-accordion-icon-closed\"><i class=\"fas fa-plus\"><\/i><\/span>\n\t\t\t\t\t\t\t\t<span class=\"elementor-accordion-icon-opened\"><i class=\"fas fa-minus\"><\/i><\/span>\n\t\t\t\t\t\t\t\t\t\t\t\t\t\t<\/span>\n\t\t\t\t\t\t\t\t\t\t\t\t<a class=\"elementor-accordion-title\" tabindex=\"0\">Qu\u2019est-ce que la rumba \u00e0 Cuba ?<\/a>\n\t\t\t\t\t<\/div>\n\t\t\t\t\t<div id=\"elementor-tab-content-4841\" class=\"elementor-tab-content elementor-clearfix\" data-tab=\"1\" role=\"region\" aria-labelledby=\"elementor-tab-title-4841\"><p><span style=\"font-weight: 400;\">C\u2019est une expression culturelle compl\u00e8te m\u00ealant percussions, chant, danse et interaction sociale. N\u00e9e dans les quartiers populaires au XIX\u1d49 si\u00e8cle, elle s\u2019appuie sur des traditions afro-cubaines et se transmet principalement par la pratique collective et l\u2019oralit\u00e9.<\/span><\/p><\/div>\n\t\t\t\t<\/div>\n\t\t\t\t\t\t\t<div class=\"elementor-accordion-item\">\n\t\t\t\t\t<div id=\"elementor-tab-title-4842\" class=\"elementor-tab-title\" data-tab=\"2\" role=\"button\" aria-controls=\"elementor-tab-content-4842\" aria-expanded=\"false\">\n\t\t\t\t\t\t\t\t\t\t\t\t\t<span class=\"elementor-accordion-icon elementor-accordion-icon-left\" aria-hidden=\"true\">\n\t\t\t\t\t\t\t\t\t\t\t\t\t\t\t<span class=\"elementor-accordion-icon-closed\"><i class=\"fas fa-plus\"><\/i><\/span>\n\t\t\t\t\t\t\t\t<span class=\"elementor-accordion-icon-opened\"><i class=\"fas fa-minus\"><\/i><\/span>\n\t\t\t\t\t\t\t\t\t\t\t\t\t\t<\/span>\n\t\t\t\t\t\t\t\t\t\t\t\t<a class=\"elementor-accordion-title\" tabindex=\"0\">Quels sont les principaux styles de la rumba cubaine ?<\/a>\n\t\t\t\t\t<\/div>\n\t\t\t\t\t<div id=\"elementor-tab-content-4842\" class=\"elementor-tab-content elementor-clearfix\" data-tab=\"2\" role=\"region\" aria-labelledby=\"elementor-tab-title-4842\"><p><span style=\"font-weight: 400;\">Elle se d\u00e9cline en trois styles majeurs. Le yamb\u00fa privil\u00e9gie la lenteur et la narration gestuelle. Le guaguanc\u00f3 met en sc\u00e8ne un dialogue de s\u00e9duction entre partenaires. La columbia se distingue par sa rapidit\u00e9 et sa virtuosit\u00e9, souvent dans\u00e9e en solo.<\/span><\/p><\/div>\n\t\t\t\t<\/div>\n\t\t\t\t\t\t\t<div class=\"elementor-accordion-item\">\n\t\t\t\t\t<div id=\"elementor-tab-title-4843\" class=\"elementor-tab-title\" data-tab=\"3\" role=\"button\" aria-controls=\"elementor-tab-content-4843\" aria-expanded=\"false\">\n\t\t\t\t\t\t\t\t\t\t\t\t\t<span class=\"elementor-accordion-icon elementor-accordion-icon-left\" aria-hidden=\"true\">\n\t\t\t\t\t\t\t\t\t\t\t\t\t\t\t<span class=\"elementor-accordion-icon-closed\"><i class=\"fas fa-plus\"><\/i><\/span>\n\t\t\t\t\t\t\t\t<span class=\"elementor-accordion-icon-opened\"><i class=\"fas fa-minus\"><\/i><\/span>\n\t\t\t\t\t\t\t\t\t\t\t\t\t\t<\/span>\n\t\t\t\t\t\t\t\t\t\t\t\t<a class=\"elementor-accordion-title\" tabindex=\"0\">O\u00f9 peut-on voir et comprendre la rumba \u00e0 Cuba aujourd\u2019hui ?<\/a>\n\t\t\t\t\t<\/div>\n\t\t\t\t\t<div id=\"elementor-tab-content-4843\" class=\"elementor-tab-content elementor-clearfix\" data-tab=\"3\" role=\"region\" aria-labelledby=\"elementor-tab-title-4843\"><p><span style=\"font-weight: 400;\">Elle se vit encore dans de nombreux quartiers de La Havane et d\u2019autres villes cubaines lors de rassemblements communautaires. Certains lieux embl\u00e9matiques comme des cours de quartier ou des rues historiques permettent d\u2019observer cette tradition dans son contexte social vivant ainsi que lors de festivals d\u00e9di\u00e9s.<\/span><\/p><\/div>\n\t\t\t\t<\/div>\n\t\t\t\t\t\t\t\t<\/div>\n\t\t\t\t\t\t<\/div>\n\t\t\t\t<\/div>\n\t\t\t\t\t<\/div>\n\t\t<\/div>\n\t\t\t\t\t<\/div>\n\t\t<\/section>\n\t\t\t\t\t<\/div>\n\t\t<\/div>\n\t\t\t\t\t<\/div>\n\t\t<\/section>\n\t\t\t\t<\/div>\n\t\t","protected":false},"excerpt":{"rendered":"<p>\u00ab Sans Cuba il n\u2019y a pas de rumba et sans rumba il n\u2019y a pas de Cuba \u00bb. Cette phrase r\u00e9sume avec justesse une r\u00e9alit\u00e9 profond\u00e9ment ancr\u00e9e dans l\u2019histoire et le quotidien de l\u2019\u00eele. La Rumba n\u2019est pas un simple genre musical ni une danse folklorique fig\u00e9e. \u00c0 Cuba, elle constitue un langage social [&hellip;]<\/p>\n","protected":false},"author":662,"featured_media":67958,"comment_status":"open","ping_status":"open","sticky":false,"template":"","format":"standard","meta":{"_acf_changed":false,"footnotes":""},"categories":[1468],"tags":[1573],"class_list":["post-67929","post","type-post","status-publish","format-standard","has-post-thumbnail","hentry","category-histoire-patrimoine","tag-cuba-fr"],"acf":[],"_links":{"self":[{"href":"https:\/\/richeskarayib.com\/fr\/wp-json\/wp\/v2\/posts\/67929","targetHints":{"allow":["GET"]}}],"collection":[{"href":"https:\/\/richeskarayib.com\/fr\/wp-json\/wp\/v2\/posts"}],"about":[{"href":"https:\/\/richeskarayib.com\/fr\/wp-json\/wp\/v2\/types\/post"}],"author":[{"embeddable":true,"href":"https:\/\/richeskarayib.com\/fr\/wp-json\/wp\/v2\/users\/662"}],"replies":[{"embeddable":true,"href":"https:\/\/richeskarayib.com\/fr\/wp-json\/wp\/v2\/comments?post=67929"}],"version-history":[{"count":0,"href":"https:\/\/richeskarayib.com\/fr\/wp-json\/wp\/v2\/posts\/67929\/revisions"}],"wp:featuredmedia":[{"embeddable":true,"href":"https:\/\/richeskarayib.com\/fr\/wp-json\/wp\/v2\/media\/67958"}],"wp:attachment":[{"href":"https:\/\/richeskarayib.com\/fr\/wp-json\/wp\/v2\/media?parent=67929"}],"wp:term":[{"taxonomy":"category","embeddable":true,"href":"https:\/\/richeskarayib.com\/fr\/wp-json\/wp\/v2\/categories?post=67929"},{"taxonomy":"post_tag","embeddable":true,"href":"https:\/\/richeskarayib.com\/fr\/wp-json\/wp\/v2\/tags?post=67929"}],"curies":[{"name":"wp","href":"https:\/\/api.w.org\/{rel}","templated":true}]}}