{"id":68127,"date":"2026-01-12T08:00:08","date_gmt":"2026-01-12T12:00:08","guid":{"rendered":"https:\/\/richeskarayib.com\/?p=68127"},"modified":"2026-01-12T05:32:18","modified_gmt":"2026-01-12T09:32:18","slug":"carnaval-de-saint-laurent-du-maroni-2026","status":"publish","type":"post","link":"https:\/\/richeskarayib.com\/fr\/carnaval-de-saint-laurent-du-maroni-2026\/","title":{"rendered":"Guyane &#8211; CARNAVAL DE SAINT-LAURENT DU MARONI 2026 : une explosion de couleurs au c\u0153ur de l\u2019Ouest guyanais"},"content":{"rendered":"\t\t<div data-elementor-type=\"wp-post\" data-elementor-id=\"68127\" class=\"elementor elementor-68127\" data-elementor-post-type=\"post\">\n\t\t\t\t\t\t<section class=\"elementor-section elementor-top-section elementor-element elementor-element-7ca7ca1 elementor-section-boxed elementor-section-height-default elementor-section-height-default\" data-id=\"7ca7ca1\" data-element_type=\"section\">\n\t\t\t\t\t\t<div class=\"elementor-container elementor-column-gap-default\">\n\t\t\t\t\t<div class=\"elementor-column elementor-col-100 elementor-top-column elementor-element elementor-element-cbdd002\" data-id=\"cbdd002\" data-element_type=\"column\">\n\t\t\t<div class=\"elementor-widget-wrap elementor-element-populated\">\n\t\t\t\t\t\t<section class=\"elementor-section elementor-inner-section elementor-element elementor-element-bc94849 elementor-section-boxed elementor-section-height-default elementor-section-height-default\" data-id=\"bc94849\" data-element_type=\"section\">\n\t\t\t\t\t\t<div class=\"elementor-container elementor-column-gap-default\">\n\t\t\t\t\t\t<\/div>\n\t\t<\/section>\n\t\t\t\t<section class=\"elementor-section elementor-inner-section elementor-element elementor-element-61571e6 elementor-section-boxed elementor-section-height-default elementor-section-height-default\" data-id=\"61571e6\" data-element_type=\"section\">\n\t\t\t\t\t\t<div class=\"elementor-container elementor-column-gap-default\">\n\t\t\t\t\t\t<\/div>\n\t\t<\/section>\n\t\t\t\t<section class=\"elementor-section elementor-inner-section elementor-element elementor-element-b6262e0 elementor-section-boxed elementor-section-height-default elementor-section-height-default\" data-id=\"b6262e0\" data-element_type=\"section\">\n\t\t\t\t\t\t<div class=\"elementor-container elementor-column-gap-default\">\n\t\t\t\t\t\t<\/div>\n\t\t<\/section>\n\t\t\t\t<section class=\"elementor-section elementor-inner-section elementor-element elementor-element-cca29fd elementor-section-boxed elementor-section-height-default elementor-section-height-default\" data-id=\"cca29fd\" data-element_type=\"section\">\n\t\t\t\t\t\t<div class=\"elementor-container elementor-column-gap-default\">\n\t\t\t\t\t\t<\/div>\n\t\t<\/section>\n\t\t\t\t\t<\/div>\n\t\t<\/div>\n\t\t\t\t\t<\/div>\n\t\t<\/section>\n\t\t\t\t<section class=\"elementor-section elementor-top-section elementor-element elementor-element-a6d4222 elementor-section-boxed elementor-section-height-default elementor-section-height-default\" data-id=\"a6d4222\" data-element_type=\"section\">\n\t\t\t\t\t\t<div class=\"elementor-container elementor-column-gap-default\">\n\t\t\t\t\t<div class=\"elementor-column elementor-col-100 elementor-top-column elementor-element elementor-element-ea27f09\" data-id=\"ea27f09\" data-element_type=\"column\">\n\t\t\t<div class=\"elementor-widget-wrap elementor-element-populated\">\n\t\t\t\t\t\t<section class=\"elementor-section elementor-inner-section elementor-element elementor-element-25c3156 elementor-section-boxed elementor-section-height-default elementor-section-height-default\" data-id=\"25c3156\" data-element_type=\"section\">\n\t\t\t\t\t\t<div class=\"elementor-container elementor-column-gap-default\">\n\t\t\t\t\t<div class=\"elementor-column elementor-col-100 elementor-inner-column elementor-element elementor-element-aac779c\" data-id=\"aac779c\" data-element_type=\"column\">\n\t\t\t<div class=\"elementor-widget-wrap elementor-element-populated\">\n\t\t\t\t\t\t<div class=\"elementor-element elementor-element-612550d elementor-widget elementor-widget-text-editor\" data-id=\"612550d\" data-element_type=\"widget\" data-widget_type=\"text-editor.default\">\n\t\t\t\t<div class=\"elementor-widget-container\">\n\t\t\t\t\t\t\t\t\t<p><span style=\"font-weight: 400;\"><a href=\"https:\/\/www.saintlaurentdumaroni.fr\/\" target=\"_blank\" rel=\"noopener nofollow\"><strong>Le CARNAVAL DE SAINT-LAURENT DU MARONI<\/strong> <\/a>est officiellement lanc\u00e9. <\/span><span style=\"font-weight: 400;\">Depuis hier, dimanche 11 janvier, avec l\u2019arriv\u00e9e et le couronnement du Roi du Carnaval de l\u2019Ouest, la ville vit pleinement au rythme de l\u2019\u00e9dition 2026, plac\u00e9e sous le th\u00e8me \u00ab Haut en couleurs \u00bb. Jusqu\u2019au 18 f\u00e9vrier 2026, Saint-Laurent-du-Maroni s\u2019affirme comme l\u2019un des p\u00f4les majeurs du carnaval guyanais, aux c\u00f4t\u00e9s de Cayenne et Kourou, en proposant une programmation dense, populaire et profond\u00e9ment enracin\u00e9e dans l\u2019histoire locale.<\/span><\/p>\t\t\t\t\t\t\t\t<\/div>\n\t\t\t\t<\/div>\n\t\t\t\t\t<\/div>\n\t\t<\/div>\n\t\t\t\t\t<\/div>\n\t\t<\/section>\n\t\t\t\t<section class=\"elementor-section elementor-inner-section elementor-element elementor-element-6000685 elementor-section-boxed elementor-section-height-default elementor-section-height-default\" data-id=\"6000685\" data-element_type=\"section\">\n\t\t\t\t\t\t<div class=\"elementor-container elementor-column-gap-default\">\n\t\t\t\t\t<div class=\"elementor-column elementor-col-100 elementor-inner-column elementor-element elementor-element-ee958da\" data-id=\"ee958da\" data-element_type=\"column\">\n\t\t\t<div class=\"elementor-widget-wrap elementor-element-populated\">\n\t\t\t\t\t\t<div class=\"elementor-element elementor-element-f2d8f2f elementor-widget elementor-widget-image\" data-id=\"f2d8f2f\" data-element_type=\"widget\" data-widget_type=\"image.default\">\n\t\t\t\t<div class=\"elementor-widget-container\">\n\t\t\t\t\t\t\t\t\t\t\t\t\t\t\t<img fetchpriority=\"high\" decoding=\"async\" width=\"800\" height=\"800\" src=\"https:\/\/richeskarayib.com\/wp-content\/uploads\/2026\/01\/612381468_1347246744102349_2359811794386834808_n-1024x1024.jpg\" class=\"attachment-large size-large wp-image-68156\" alt=\"CARNAVAL DE SAINT-LAURENT DU MARONI\" srcset=\"https:\/\/richeskarayib.com\/wp-content\/uploads\/2026\/01\/612381468_1347246744102349_2359811794386834808_n-1024x1024.jpg 1024w, https:\/\/richeskarayib.com\/wp-content\/uploads\/2026\/01\/612381468_1347246744102349_2359811794386834808_n-300x300.jpg 300w, https:\/\/richeskarayib.com\/wp-content\/uploads\/2026\/01\/612381468_1347246744102349_2359811794386834808_n-150x150.jpg 150w, https:\/\/richeskarayib.com\/wp-content\/uploads\/2026\/01\/612381468_1347246744102349_2359811794386834808_n-768x768.jpg 768w, https:\/\/richeskarayib.com\/wp-content\/uploads\/2026\/01\/612381468_1347246744102349_2359811794386834808_n-1536x1536.jpg 1536w, https:\/\/richeskarayib.com\/wp-content\/uploads\/2026\/01\/612381468_1347246744102349_2359811794386834808_n-1320x1320.jpg 1320w, https:\/\/richeskarayib.com\/wp-content\/uploads\/2026\/01\/612381468_1347246744102349_2359811794386834808_n.jpg 1920w\" sizes=\"(max-width: 800px) 100vw, 800px\" \/>\t\t\t\t\t\t\t\t\t\t\t\t\t\t\t<\/div>\n\t\t\t\t<\/div>\n\t\t\t\t\t<\/div>\n\t\t<\/div>\n\t\t\t\t\t<\/div>\n\t\t<\/section>\n\t\t\t\t\t<\/div>\n\t\t<\/div>\n\t\t\t\t\t<\/div>\n\t\t<\/section>\n\t\t\t\t<section class=\"elementor-section elementor-top-section elementor-element elementor-element-e1fea79 elementor-section-boxed elementor-section-height-default elementor-section-height-default\" data-id=\"e1fea79\" data-element_type=\"section\">\n\t\t\t\t\t\t<div class=\"elementor-container elementor-column-gap-default\">\n\t\t\t\t\t<div class=\"elementor-column elementor-col-100 elementor-top-column elementor-element elementor-element-6d0be76\" data-id=\"6d0be76\" data-element_type=\"column\">\n\t\t\t<div class=\"elementor-widget-wrap elementor-element-populated\">\n\t\t\t\t\t\t<div class=\"elementor-element elementor-element-a310b25 elementor-widget elementor-widget-heading\" data-id=\"a310b25\" data-element_type=\"widget\" data-widget_type=\"heading.default\">\n\t\t\t\t<div class=\"elementor-widget-container\">\n\t\t\t\t\t<h2 class=\"elementor-heading-title elementor-size-default\">Saint-Laurent-du-Maroni, une ville de patrimoine et de m\u00e9moire vivante<\/h2>\t\t\t\t<\/div>\n\t\t\t\t<\/div>\n\t\t\t\t<div class=\"elementor-element elementor-element-bbb62ae elementor-widget elementor-widget-text-editor\" data-id=\"bbb62ae\" data-element_type=\"widget\" data-widget_type=\"text-editor.default\">\n\t\t\t\t<div class=\"elementor-widget-container\">\n\t\t\t\t\t\t\t\t\t<p><span style=\"font-weight: 400;\">Situ\u00e9e sur les rives du fleuve Maroni, \u00e0 la fronti\u00e8re du Suriname, <\/span><b>Saint-Laurent-du-Maroni<\/b><span style=\"font-weight: 400;\"> occupe une place singuli\u00e8re dans le paysage culturel guyanais. Labellis\u00e9e <\/span><b>Ville d\u2019Art et d\u2019Histoire<\/b><span style=\"font-weight: 400;\">, la commune porte une m\u00e9moire complexe, marqu\u00e9e par son pass\u00e9 p\u00e9nitentiaire et par une diversit\u00e9 culturelle fa\u00e7onn\u00e9e au fil des migrations.<\/span><\/p>\n<p><span style=\"font-weight: 400;\">Fond\u00e9e en 1857, Saint-Laurent-du-Maroni devient \u00e0 partir de 1880 le centre administratif du bagne guyanais avec le <\/span><b>Camp de la Transportation<\/b><span style=\"font-weight: 400;\">, aujourd\u2019hui reconverti en Centre d\u2019Interpr\u00e9tation de l\u2019Architecture et du Patrimoine. Ce site majeur, class\u00e9 au titre des monuments historiques, structure encore l\u2019identit\u00e9 urbaine et symbolique de la ville.<\/span><\/p>\t\t\t\t\t\t\t\t<\/div>\n\t\t\t\t<\/div>\n\t\t\t\t<div class=\"elementor-element elementor-element-18dcefd elementor-widget elementor-widget-text-editor\" data-id=\"18dcefd\" data-element_type=\"widget\" data-widget_type=\"text-editor.default\">\n\t\t\t\t<div class=\"elementor-widget-container\">\n\t\t\t\t\t\t\t\t\t<p><span style=\"font-weight: 400;\">Le bagne a laiss\u00e9 une empreinte d\u00e9mographique durable : populations africaines, europ\u00e9ennes, indiennes, chinoises et am\u00e9rindiennes ont contribu\u00e9 \u00e0 forger une soci\u00e9t\u00e9 plurielle. Cette diversit\u00e9 se refl\u00e8te pleinement dans les pratiques carnavalesques locales, o\u00f9 se croisent h\u00e9ritages cr\u00e9oles, traditions populaires et expressions contemporaines.<\/span><\/p>\t\t\t\t\t\t\t\t<\/div>\n\t\t\t\t<\/div>\n\t\t\t\t<section class=\"elementor-section elementor-inner-section elementor-element elementor-element-bacc0c1 elementor-section-boxed elementor-section-height-default elementor-section-height-default\" data-id=\"bacc0c1\" data-element_type=\"section\">\n\t\t\t\t\t\t<div class=\"elementor-container elementor-column-gap-default\">\n\t\t\t\t\t<div class=\"elementor-column elementor-col-100 elementor-inner-column elementor-element elementor-element-be13a70\" data-id=\"be13a70\" data-element_type=\"column\">\n\t\t\t<div class=\"elementor-widget-wrap elementor-element-populated\">\n\t\t\t\t\t\t<div class=\"elementor-element elementor-element-6503efb elementor-widget elementor-widget-image\" data-id=\"6503efb\" data-element_type=\"widget\" data-widget_type=\"image.default\">\n\t\t\t\t<div class=\"elementor-widget-container\">\n\t\t\t\t\t\t\t\t\t\t\t\t<figure class=\"wp-caption\">\n\t\t\t\t\t\t\t\t\t\t<img decoding=\"async\" width=\"800\" height=\"450\" src=\"https:\/\/richeskarayib.com\/wp-content\/uploads\/2026\/01\/\u00a9Ville-de-Saint-Laurent-du-Maroni-3.jpg\" class=\"attachment-large size-large wp-image-68140\" alt=\"CARNAVAL DE SAINT-LAURENT DU MARONI\" srcset=\"https:\/\/richeskarayib.com\/wp-content\/uploads\/2026\/01\/\u00a9Ville-de-Saint-Laurent-du-Maroni-3.jpg 960w, https:\/\/richeskarayib.com\/wp-content\/uploads\/2026\/01\/\u00a9Ville-de-Saint-Laurent-du-Maroni-3-300x169.jpg 300w, https:\/\/richeskarayib.com\/wp-content\/uploads\/2026\/01\/\u00a9Ville-de-Saint-Laurent-du-Maroni-3-768x432.jpg 768w\" sizes=\"(max-width: 800px) 100vw, 800px\" \/>\t\t\t\t\t\t\t\t\t\t\t<figcaption class=\"widget-image-caption wp-caption-text\">\u00a9Ville de Saint-Laurent du Maroni<\/figcaption>\n\t\t\t\t\t\t\t\t\t\t<\/figure>\n\t\t\t\t\t\t\t\t\t<\/div>\n\t\t\t\t<\/div>\n\t\t\t\t<div class=\"elementor-element elementor-element-34fec63 elementor-widget elementor-widget-image\" data-id=\"34fec63\" data-element_type=\"widget\" data-widget_type=\"image.default\">\n\t\t\t\t<div class=\"elementor-widget-container\">\n\t\t\t\t\t\t\t\t\t\t\t\t<figure class=\"wp-caption\">\n\t\t\t\t\t\t\t\t\t\t<img decoding=\"async\" width=\"800\" height=\"537\" src=\"https:\/\/richeskarayib.com\/wp-content\/uploads\/2026\/01\/\u00a9Ville-de-Saint-Laurent-du-Maroni-5.jpg\" class=\"attachment-large size-large wp-image-68144\" alt=\"CARNAVAL DE SAINT-LAURENT DU MARONI\" srcset=\"https:\/\/richeskarayib.com\/wp-content\/uploads\/2026\/01\/\u00a9Ville-de-Saint-Laurent-du-Maroni-5.jpg 960w, https:\/\/richeskarayib.com\/wp-content\/uploads\/2026\/01\/\u00a9Ville-de-Saint-Laurent-du-Maroni-5-300x201.jpg 300w, https:\/\/richeskarayib.com\/wp-content\/uploads\/2026\/01\/\u00a9Ville-de-Saint-Laurent-du-Maroni-5-768x515.jpg 768w\" sizes=\"(max-width: 800px) 100vw, 800px\" \/>\t\t\t\t\t\t\t\t\t\t\t<figcaption class=\"widget-image-caption wp-caption-text\">\u00a9Ville de Saint-Laurent du Maroni<\/figcaption>\n\t\t\t\t\t\t\t\t\t\t<\/figure>\n\t\t\t\t\t\t\t\t\t<\/div>\n\t\t\t\t<\/div>\n\t\t\t\t\t<\/div>\n\t\t<\/div>\n\t\t\t\t\t<\/div>\n\t\t<\/section>\n\t\t\t\t\t<\/div>\n\t\t<\/div>\n\t\t\t\t\t<\/div>\n\t\t<\/section>\n\t\t\t\t<section class=\"elementor-section elementor-top-section elementor-element elementor-element-ee72354 elementor-section-boxed elementor-section-height-default elementor-section-height-default\" data-id=\"ee72354\" data-element_type=\"section\">\n\t\t\t\t\t\t<div class=\"elementor-container elementor-column-gap-default\">\n\t\t\t\t\t<div class=\"elementor-column elementor-col-100 elementor-top-column elementor-element elementor-element-c59d6fe\" data-id=\"c59d6fe\" data-element_type=\"column\">\n\t\t\t<div class=\"elementor-widget-wrap elementor-element-populated\">\n\t\t\t\t\t\t<div class=\"elementor-element elementor-element-ddc6a1e elementor-widget elementor-widget-heading\" data-id=\"ddc6a1e\" data-element_type=\"widget\" data-widget_type=\"heading.default\">\n\t\t\t\t<div class=\"elementor-widget-container\">\n\t\t\t\t\t<h2 class=\"elementor-heading-title elementor-size-default\">Le carnaval guyanais : une longue tradition, sociale et profond\u00e9ment symbolique<\/h2>\t\t\t\t<\/div>\n\t\t\t\t<\/div>\n\t\t\t\t<div class=\"elementor-element elementor-element-e57451f elementor-widget elementor-widget-text-editor\" data-id=\"e57451f\" data-element_type=\"widget\" data-widget_type=\"text-editor.default\">\n\t\t\t\t<div class=\"elementor-widget-container\">\n\t\t\t\t\t\t\t\t\t<p><span style=\"font-weight: 400;\">Le <\/span><b>CARNAVAL DE SAINT-LAURENT DU MARONI<\/b><span style=\"font-weight: 400;\"> s\u2019inscrit dans le cadre plus large du carnaval de Guyane, consid\u00e9r\u00e9 comme l\u2019un des plus longs au monde. Il s\u2019\u00e9tend traditionnellement de l\u2019\u00c9piphanie au Mercredi des Cendres, soit plus de six semaines de festivit\u00e9s continues.<\/span><\/p>\n<p><span style=\"font-weight: 400;\">Au-del\u00e0 de l\u2019aspect festif, le carnaval guyanais est un <\/span><b>fait social total<\/b><span style=\"font-weight: 400;\">. H\u00e9ritier de traditions europ\u00e9ennes transform\u00e9es par les populations esclavis\u00e9es puis affranchies, il devient au fil du temps un espace de libert\u00e9, de satire sociale et d\u2019inversion des r\u00f4les. Les hi\u00e9rarchies s\u2019effacent, les corps parlent, les masques lib\u00e8rent.<\/span><\/p>\t\t\t\t\t\t\t\t<\/div>\n\t\t\t\t<\/div>\n\t\t\t\t<section class=\"elementor-section elementor-inner-section elementor-element elementor-element-d273608 elementor-section-boxed elementor-section-height-default elementor-section-height-default\" data-id=\"d273608\" data-element_type=\"section\">\n\t\t\t\t\t\t<div class=\"elementor-container elementor-column-gap-default\">\n\t\t\t\t\t<div class=\"elementor-column elementor-col-50 elementor-inner-column elementor-element elementor-element-b0c2ca7\" data-id=\"b0c2ca7\" data-element_type=\"column\">\n\t\t\t<div class=\"elementor-widget-wrap elementor-element-populated\">\n\t\t\t\t\t\t<div class=\"elementor-element elementor-element-cb8d150 elementor-widget elementor-widget-image\" data-id=\"cb8d150\" data-element_type=\"widget\" data-widget_type=\"image.default\">\n\t\t\t\t<div class=\"elementor-widget-container\">\n\t\t\t\t\t\t\t\t\t\t\t\t<figure class=\"wp-caption\">\n\t\t\t\t\t\t\t\t\t\t<img loading=\"lazy\" decoding=\"async\" width=\"800\" height=\"601\" src=\"https:\/\/richeskarayib.com\/wp-content\/uploads\/2026\/01\/\u00a9Ville-de-Saint-Laurent-du-Maroni-2025-8.jpg\" class=\"attachment-large size-large wp-image-68148\" alt=\"CARNAVAL DE SAINT-LAURENT DU MARONI\" srcset=\"https:\/\/richeskarayib.com\/wp-content\/uploads\/2026\/01\/\u00a9Ville-de-Saint-Laurent-du-Maroni-2025-8.jpg 1024w, https:\/\/richeskarayib.com\/wp-content\/uploads\/2026\/01\/\u00a9Ville-de-Saint-Laurent-du-Maroni-2025-8-300x225.jpg 300w, https:\/\/richeskarayib.com\/wp-content\/uploads\/2026\/01\/\u00a9Ville-de-Saint-Laurent-du-Maroni-2025-8-768x577.jpg 768w\" sizes=\"(max-width: 800px) 100vw, 800px\" \/>\t\t\t\t\t\t\t\t\t\t\t<figcaption class=\"widget-image-caption wp-caption-text\">\u00a9Ville de Saint-Laurent du Maroni\u00a0: carnaval 2025<\/figcaption>\n\t\t\t\t\t\t\t\t\t\t<\/figure>\n\t\t\t\t\t\t\t\t\t<\/div>\n\t\t\t\t<\/div>\n\t\t\t\t\t<\/div>\n\t\t<\/div>\n\t\t\t\t<div class=\"elementor-column elementor-col-50 elementor-inner-column elementor-element elementor-element-f21cf40\" data-id=\"f21cf40\" data-element_type=\"column\">\n\t\t\t<div class=\"elementor-widget-wrap elementor-element-populated\">\n\t\t\t\t\t\t<div class=\"elementor-element elementor-element-1d3996c elementor-widget elementor-widget-image\" data-id=\"1d3996c\" data-element_type=\"widget\" data-widget_type=\"image.default\">\n\t\t\t\t<div class=\"elementor-widget-container\">\n\t\t\t\t\t\t\t\t\t\t\t\t<figure class=\"wp-caption\">\n\t\t\t\t\t\t\t\t\t\t<img loading=\"lazy\" decoding=\"async\" width=\"800\" height=\"601\" src=\"https:\/\/richeskarayib.com\/wp-content\/uploads\/2026\/01\/\u00a9Ville-de-Saint-Laurent-du-Maroni-2025-9.jpg\" class=\"attachment-large size-large wp-image-68152\" alt=\"\" srcset=\"https:\/\/richeskarayib.com\/wp-content\/uploads\/2026\/01\/\u00a9Ville-de-Saint-Laurent-du-Maroni-2025-9.jpg 1024w, https:\/\/richeskarayib.com\/wp-content\/uploads\/2026\/01\/\u00a9Ville-de-Saint-Laurent-du-Maroni-2025-9-300x225.jpg 300w, https:\/\/richeskarayib.com\/wp-content\/uploads\/2026\/01\/\u00a9Ville-de-Saint-Laurent-du-Maroni-2025-9-768x577.jpg 768w\" sizes=\"(max-width: 800px) 100vw, 800px\" \/>\t\t\t\t\t\t\t\t\t\t\t<figcaption class=\"widget-image-caption wp-caption-text\">\u00a9Ville de Saint-Laurent du Maroni\u00a0: carnaval 2025<\/figcaption>\n\t\t\t\t\t\t\t\t\t\t<\/figure>\n\t\t\t\t\t\t\t\t\t<\/div>\n\t\t\t\t<\/div>\n\t\t\t\t\t<\/div>\n\t\t<\/div>\n\t\t\t\t\t<\/div>\n\t\t<\/section>\n\t\t\t\t\t<\/div>\n\t\t<\/div>\n\t\t\t\t\t<\/div>\n\t\t<\/section>\n\t\t\t\t<section class=\"elementor-section elementor-top-section elementor-element elementor-element-82cd8f9 elementor-section-boxed elementor-section-height-default elementor-section-height-default\" data-id=\"82cd8f9\" data-element_type=\"section\">\n\t\t\t\t\t\t<div class=\"elementor-container elementor-column-gap-default\">\n\t\t\t\t\t<div class=\"elementor-column elementor-col-100 elementor-top-column elementor-element elementor-element-0bfdc38\" data-id=\"0bfdc38\" data-element_type=\"column\">\n\t\t\t<div class=\"elementor-widget-wrap elementor-element-populated\">\n\t\t\t\t\t\t<div class=\"elementor-element elementor-element-7d292fe elementor-widget elementor-widget-heading\" data-id=\"7d292fe\" data-element_type=\"widget\" data-widget_type=\"heading.default\">\n\t\t\t\t<div class=\"elementor-widget-container\">\n\t\t\t\t\t<h2 class=\"elementor-heading-title elementor-size-default\">Les figures embl\u00e9matiques au c\u0153ur du carnaval<\/h2>\t\t\t\t<\/div>\n\t\t\t\t<\/div>\n\t\t\t\t<div class=\"elementor-element elementor-element-8e337bf elementor-widget elementor-widget-text-editor\" data-id=\"8e337bf\" data-element_type=\"widget\" data-widget_type=\"text-editor.default\">\n\t\t\t\t<div class=\"elementor-widget-container\">\n\t\t\t\t\t\t\t\t\t<p><span style=\"font-weight: 400;\">Impossible d\u2019\u00e9voquer le <\/span><b>CARNAVAL DE SAINT-LAURENT DU MARONI<\/b><span style=\"font-weight: 400;\"> sans parler de ses personnages mythiques.<\/span><\/p>\n<ul>\n<li><span style=\"font-weight: 400;\">&#8211; Le <\/span><b>Touloulou<\/b><span style=\"font-weight: 400;\">, figure f\u00e9minine int\u00e9gralement masqu\u00e9e, incarne l\u2019anonymat, l\u2019\u00e9l\u00e9gance et l\u2019\u00e9mancipation. Dans les bals par\u00e9-masqu\u00e9s, elle d\u00e9tient un pouvoir unique : celui d\u2019inviter les hommes \u00e0 danser, renversant symboliquement les codes sociaux.<\/span><\/li>\n<li><span style=\"font-weight: 400;\">&#8211; Le <\/span><b>J\u00e9 Farin<\/b><span style=\"font-weight: 400;\">, v\u00eatu de blanc et couvert de farine, renvoie aux traditions rurales et aux racines populaires du carnaval. Tr\u00e8s pr\u00e9sent lors du Mardi Gras, il conna\u00eet depuis plusieurs ann\u00e9es un retour affirm\u00e9 \u00e0 Saint-Laurent-du-Maroni.<\/span><\/li>\n<\/ul>\t\t\t\t\t\t\t\t<\/div>\n\t\t\t\t<\/div>\n\t\t\t\t<div class=\"elementor-element elementor-element-a64985f elementor-widget elementor-widget-text-editor\" data-id=\"a64985f\" data-element_type=\"widget\" data-widget_type=\"text-editor.default\">\n\t\t\t\t<div class=\"elementor-widget-container\">\n\t\t\t\t\t\t\t\t\t<ul>\n<li><span style=\"font-weight: 400;\">&#8211; Le <\/span><b>Roi Vaval<\/b><span style=\"font-weight: 400;\">, souverain \u00e9ph\u00e9m\u00e8re, r\u00e8gne sur toute la p\u00e9riode carnavalesque avant d\u2019\u00eatre symboliquement \u00ab mis \u00e0 mort \u00bb le Mercredi des Cendres, cl\u00f4turant le cycle festif.<\/span><\/li>\n<\/ul>\n<p><span style=\"font-weight: 400;\">Autour d\u2019eux gravitent d\u2019autres figures fortes : Diables rouges, Mariages burlesques, N\u00e8g Marrons, Tololos, chacun portant une charge symbolique li\u00e9e \u00e0 l\u2019histoire, \u00e0 la r\u00e9sistance et \u00e0 la transgression.<\/span><\/p>\t\t\t\t\t\t\t\t<\/div>\n\t\t\t\t<\/div>\n\t\t\t\t<div class=\"elementor-element elementor-element-9274d45 elementor-widget elementor-widget-image\" data-id=\"9274d45\" data-element_type=\"widget\" data-widget_type=\"image.default\">\n\t\t\t\t<div class=\"elementor-widget-container\">\n\t\t\t\t\t\t\t\t\t\t\t\t<figure class=\"wp-caption\">\n\t\t\t\t\t\t\t\t\t\t<img loading=\"lazy\" decoding=\"async\" width=\"800\" height=\"601\" src=\"https:\/\/richeskarayib.com\/wp-content\/uploads\/2026\/01\/\u00a9Ville-de-Saint-Laurent-du-Maroni-2025-1.jpg\" class=\"attachment-large size-large wp-image-68160\" alt=\"\" srcset=\"https:\/\/richeskarayib.com\/wp-content\/uploads\/2026\/01\/\u00a9Ville-de-Saint-Laurent-du-Maroni-2025-1.jpg 1024w, https:\/\/richeskarayib.com\/wp-content\/uploads\/2026\/01\/\u00a9Ville-de-Saint-Laurent-du-Maroni-2025-1-300x225.jpg 300w, https:\/\/richeskarayib.com\/wp-content\/uploads\/2026\/01\/\u00a9Ville-de-Saint-Laurent-du-Maroni-2025-1-768x577.jpg 768w\" sizes=\"(max-width: 800px) 100vw, 800px\" \/>\t\t\t\t\t\t\t\t\t\t\t<figcaption class=\"widget-image-caption wp-caption-text\">\u00a9Ville de Saint-Laurent du Maroni\u00a0: carnaval 2025<\/figcaption>\n\t\t\t\t\t\t\t\t\t\t<\/figure>\n\t\t\t\t\t\t\t\t\t<\/div>\n\t\t\t\t<\/div>\n\t\t\t\t<section class=\"elementor-section elementor-inner-section elementor-element elementor-element-c582330 elementor-section-boxed elementor-section-height-default elementor-section-height-default\" data-id=\"c582330\" data-element_type=\"section\">\n\t\t\t\t\t\t<div class=\"elementor-container elementor-column-gap-default\">\n\t\t\t\t\t\t<\/div>\n\t\t<\/section>\n\t\t\t\t<section class=\"elementor-section elementor-inner-section elementor-element elementor-element-296603a elementor-section-boxed elementor-section-height-default elementor-section-height-default\" data-id=\"296603a\" data-element_type=\"section\">\n\t\t\t\t\t\t<div class=\"elementor-container elementor-column-gap-default\">\n\t\t\t\t\t\t<\/div>\n\t\t<\/section>\n\t\t\t\t\t<\/div>\n\t\t<\/div>\n\t\t\t\t\t<\/div>\n\t\t<\/section>\n\t\t\t\t<section class=\"elementor-section elementor-top-section elementor-element elementor-element-5a7397d elementor-section-boxed elementor-section-height-default elementor-section-height-default\" data-id=\"5a7397d\" data-element_type=\"section\">\n\t\t\t\t\t\t<div class=\"elementor-container elementor-column-gap-default\">\n\t\t\t\t\t<div class=\"elementor-column elementor-col-100 elementor-top-column elementor-element elementor-element-8b33b4b\" data-id=\"8b33b4b\" data-element_type=\"column\">\n\t\t\t<div class=\"elementor-widget-wrap elementor-element-populated\">\n\t\t\t\t\t\t<div class=\"elementor-element elementor-element-89dac4b elementor-widget elementor-widget-heading\" data-id=\"89dac4b\" data-element_type=\"widget\" data-widget_type=\"heading.default\">\n\t\t\t\t<div class=\"elementor-widget-container\">\n\t\t\t\t\t<h2 class=\"elementor-heading-title elementor-size-default\">\u00c9dition 2026 : le carnaval est en cours<\/h2>\t\t\t\t<\/div>\n\t\t\t\t<\/div>\n\t\t\t\t<section class=\"elementor-section elementor-inner-section elementor-element elementor-element-f47b4b4 elementor-section-boxed elementor-section-height-default elementor-section-height-default\" data-id=\"f47b4b4\" data-element_type=\"section\">\n\t\t\t\t\t\t<div class=\"elementor-container elementor-column-gap-default\">\n\t\t\t\t\t<div class=\"elementor-column elementor-col-100 elementor-inner-column elementor-element elementor-element-d815264\" data-id=\"d815264\" data-element_type=\"column\">\n\t\t\t<div class=\"elementor-widget-wrap elementor-element-populated\">\n\t\t\t\t\t\t<div class=\"elementor-element elementor-element-819dd2d elementor-widget elementor-widget-text-editor\" data-id=\"819dd2d\" data-element_type=\"widget\" data-widget_type=\"text-editor.default\">\n\t\t\t\t<div class=\"elementor-widget-container\">\n\t\t\t\t\t\t\t\t\t<p><span style=\"font-weight: 400;\">L\u2019\u00e9dition 2026 du CARNAVAL DE SAINT-LAURENT DU MARONI est bel et bien en cours.<\/span><span style=\"font-weight: 400;\"><br \/><\/span><span style=\"font-weight: 400;\"> Hier, dimanche 11 janvier, la ville a officiellement ouvert la saison avec l\u2019arriv\u00e9e et le couronnement du Roi du Carnaval de l\u2019Ouest, entre 16h et 19h \u00e0 La Roche Bleue, moment fondateur qui marque l\u2019entr\u00e9e de Saint-Laurent-du-Maroni dans le temps carnavalesque.<\/span><\/p>\n<p><span style=\"font-weight: 400;\">Depuis, animations, bals, parades et cavalcades rythment d\u00e9j\u00e0 la vie locale, et la programmation s\u2019intensifie jusqu\u2019aux Jours Gras de f\u00e9vrier.<\/span><\/p>\t\t\t\t\t\t\t\t<\/div>\n\t\t\t\t<\/div>\n\t\t\t\t\t<\/div>\n\t\t<\/div>\n\t\t\t\t\t<\/div>\n\t\t<\/section>\n\t\t\t\t\t<\/div>\n\t\t<\/div>\n\t\t\t\t\t<\/div>\n\t\t<\/section>\n\t\t\t\t<section class=\"elementor-section elementor-top-section elementor-element elementor-element-2c060f5 elementor-section-boxed elementor-section-height-default elementor-section-height-default\" data-id=\"2c060f5\" data-element_type=\"section\">\n\t\t\t\t\t\t<div class=\"elementor-container elementor-column-gap-default\">\n\t\t\t\t\t<div class=\"elementor-column elementor-col-100 elementor-top-column elementor-element elementor-element-359f969\" data-id=\"359f969\" data-element_type=\"column\">\n\t\t\t<div class=\"elementor-widget-wrap elementor-element-populated\">\n\t\t\t\t\t\t<div class=\"elementor-element elementor-element-808b8b3 elementor-widget elementor-widget-heading\" data-id=\"808b8b3\" data-element_type=\"widget\" data-widget_type=\"heading.default\">\n\t\t\t\t<div class=\"elementor-widget-container\">\n\t\t\t\t\t<h2 class=\"elementor-heading-title elementor-size-default\">Programme officiel complet \u2013 Carnaval 2026<\/h2>\t\t\t\t<\/div>\n\t\t\t\t<\/div>\n\t\t\t\t<section class=\"elementor-section elementor-inner-section elementor-element elementor-element-6979698 elementor-section-boxed elementor-section-height-default elementor-section-height-default\" data-id=\"6979698\" data-element_type=\"section\">\n\t\t\t\t\t\t<div class=\"elementor-container elementor-column-gap-default\">\n\t\t\t\t\t<div class=\"elementor-column elementor-col-50 elementor-inner-column elementor-element elementor-element-a7e6718\" data-id=\"a7e6718\" data-element_type=\"column\">\n\t\t\t<div class=\"elementor-widget-wrap elementor-element-populated\">\n\t\t\t\t\t\t<div class=\"elementor-element elementor-element-7a6a014 elementor-widget elementor-widget-image\" data-id=\"7a6a014\" data-element_type=\"widget\" data-widget_type=\"image.default\">\n\t\t\t\t<div class=\"elementor-widget-container\">\n\t\t\t\t\t\t\t\t\t\t\t\t<figure class=\"wp-caption\">\n\t\t\t\t\t\t\t\t\t\t<img loading=\"lazy\" decoding=\"async\" width=\"724\" height=\"1024\" src=\"https:\/\/richeskarayib.com\/wp-content\/uploads\/2026\/01\/612152323_1347964120697278_4732940181113910928_n-724x1024.jpg\" class=\"attachment-large size-large wp-image-68132\" alt=\"CARNAVAL DE SAINT-LAURENT DU MARONI\" srcset=\"https:\/\/richeskarayib.com\/wp-content\/uploads\/2026\/01\/612152323_1347964120697278_4732940181113910928_n-724x1024.jpg 724w, https:\/\/richeskarayib.com\/wp-content\/uploads\/2026\/01\/612152323_1347964120697278_4732940181113910928_n-212x300.jpg 212w, https:\/\/richeskarayib.com\/wp-content\/uploads\/2026\/01\/612152323_1347964120697278_4732940181113910928_n-768x1086.jpg 768w, https:\/\/richeskarayib.com\/wp-content\/uploads\/2026\/01\/612152323_1347964120697278_4732940181113910928_n-1086x1536.jpg 1086w, https:\/\/richeskarayib.com\/wp-content\/uploads\/2026\/01\/612152323_1347964120697278_4732940181113910928_n.jpg 1131w\" sizes=\"(max-width: 724px) 100vw, 724px\" \/>\t\t\t\t\t\t\t\t\t\t\t<figcaption class=\"widget-image-caption wp-caption-text\">\u00a9Ville de Saint-Laurent du Maroni\u00a0<\/figcaption>\n\t\t\t\t\t\t\t\t\t\t<\/figure>\n\t\t\t\t\t\t\t\t\t<\/div>\n\t\t\t\t<\/div>\n\t\t\t\t\t<\/div>\n\t\t<\/div>\n\t\t\t\t<div class=\"elementor-column elementor-col-50 elementor-inner-column elementor-element elementor-element-4c49d5a\" data-id=\"4c49d5a\" data-element_type=\"column\">\n\t\t\t<div class=\"elementor-widget-wrap elementor-element-populated\">\n\t\t\t\t\t\t<div class=\"elementor-element elementor-element-479e577 elementor-widget elementor-widget-image\" data-id=\"479e577\" data-element_type=\"widget\" data-widget_type=\"image.default\">\n\t\t\t\t<div class=\"elementor-widget-container\">\n\t\t\t\t\t\t\t\t\t\t\t\t<figure class=\"wp-caption\">\n\t\t\t\t\t\t\t\t\t\t<img loading=\"lazy\" decoding=\"async\" width=\"724\" height=\"1024\" src=\"https:\/\/richeskarayib.com\/wp-content\/uploads\/2026\/01\/612150141_1347964164030607_2126362033962669746_n-724x1024.jpg\" class=\"attachment-large size-large wp-image-68136\" alt=\"CARNAVAL DE SAINT-LAURENT DU MARONI\" srcset=\"https:\/\/richeskarayib.com\/wp-content\/uploads\/2026\/01\/612150141_1347964164030607_2126362033962669746_n-724x1024.jpg 724w, https:\/\/richeskarayib.com\/wp-content\/uploads\/2026\/01\/612150141_1347964164030607_2126362033962669746_n-212x300.jpg 212w, https:\/\/richeskarayib.com\/wp-content\/uploads\/2026\/01\/612150141_1347964164030607_2126362033962669746_n-768x1086.jpg 768w, https:\/\/richeskarayib.com\/wp-content\/uploads\/2026\/01\/612150141_1347964164030607_2126362033962669746_n-1086x1536.jpg 1086w, https:\/\/richeskarayib.com\/wp-content\/uploads\/2026\/01\/612150141_1347964164030607_2126362033962669746_n.jpg 1131w\" sizes=\"(max-width: 724px) 100vw, 724px\" \/>\t\t\t\t\t\t\t\t\t\t\t<figcaption class=\"widget-image-caption wp-caption-text\">\u00a9Ville de Saint-Laurent du Maroni\u00a0<\/figcaption>\n\t\t\t\t\t\t\t\t\t\t<\/figure>\n\t\t\t\t\t\t\t\t\t<\/div>\n\t\t\t\t<\/div>\n\t\t\t\t\t<\/div>\n\t\t<\/div>\n\t\t\t\t\t<\/div>\n\t\t<\/section>\n\t\t\t\t\t<\/div>\n\t\t<\/div>\n\t\t\t\t\t<\/div>\n\t\t<\/section>\n\t\t\t\t<section class=\"elementor-section elementor-top-section elementor-element elementor-element-4ef9ba5 elementor-section-boxed elementor-section-height-default elementor-section-height-default\" data-id=\"4ef9ba5\" data-element_type=\"section\">\n\t\t\t\t\t\t<div class=\"elementor-container elementor-column-gap-default\">\n\t\t\t\t\t<div class=\"elementor-column elementor-col-100 elementor-top-column elementor-element elementor-element-2af15d8\" data-id=\"2af15d8\" data-element_type=\"column\">\n\t\t\t<div class=\"elementor-widget-wrap elementor-element-populated\">\n\t\t\t\t\t\t<div class=\"elementor-element elementor-element-39df54b elementor-widget elementor-widget-heading\" data-id=\"39df54b\" data-element_type=\"widget\" data-widget_type=\"heading.default\">\n\t\t\t\t<div class=\"elementor-widget-container\">\n\t\t\t\t\t<h2 class=\"elementor-heading-title elementor-size-default\">Un \u00e9v\u00e9nement structurant pour le tourisme et l\u2019identit\u00e9 de l\u2019Ouest guyanais<\/h2>\t\t\t\t<\/div>\n\t\t\t\t<\/div>\n\t\t\t\t<div class=\"elementor-element elementor-element-83c1bd2 elementor-widget elementor-widget-text-editor\" data-id=\"83c1bd2\" data-element_type=\"widget\" data-widget_type=\"text-editor.default\">\n\t\t\t\t<div class=\"elementor-widget-container\">\n\t\t\t\t\t\t\t\t\t<p><span style=\"font-weight: 400;\">Le <\/span><b>CARNAVAL DE SAINT-LAURENT DU MARONI<\/b><span style=\"font-weight: 400;\"> joue un r\u00f4le central dans l\u2019attractivit\u00e9 touristique de l\u2019Ouest guyanais. H\u00e9bergement, restauration, transport fluvial, artisanat et commerce local b\u00e9n\u00e9ficient directement de cette p\u00e9riode de forte fr\u00e9quentation.<\/span><\/p>\n<p><span style=\"font-weight: 400;\">Au-del\u00e0 de la f\u00eate, le <a href=\"https:\/\/richeskarayib.com\/fr\/carnaval-de-guyane-2025-bal-touloulou-article\/\" target=\"_blank\" rel=\"noopener\">carnaval<\/a> agit comme un <\/span><b>outil de transmission culturelle<\/b><span style=\"font-weight: 400;\">, un vecteur d\u2019identit\u00e9 et un levier de valorisation patrimoniale pour une ville trop souvent r\u00e9duite \u00e0 son pass\u00e9 p\u00e9nitentiaire.<\/span><\/p>\t\t\t\t\t\t\t\t<\/div>\n\t\t\t\t<\/div>\n\t\t\t\t\t<\/div>\n\t\t<\/div>\n\t\t\t\t\t<\/div>\n\t\t<\/section>\n\t\t\t\t<section class=\"elementor-section elementor-top-section elementor-element elementor-element-819c46e elementor-section-boxed elementor-section-height-default elementor-section-height-default\" data-id=\"819c46e\" data-element_type=\"section\">\n\t\t\t\t\t\t<div class=\"elementor-container elementor-column-gap-default\">\n\t\t\t\t\t<div class=\"elementor-column elementor-col-100 elementor-top-column elementor-element elementor-element-3399d80\" data-id=\"3399d80\" data-element_type=\"column\">\n\t\t\t<div class=\"elementor-widget-wrap elementor-element-populated\">\n\t\t\t\t\t\t<div class=\"elementor-element elementor-element-3e5d691 elementor-widget elementor-widget-heading\" data-id=\"3e5d691\" data-element_type=\"widget\" data-widget_type=\"heading.default\">\n\t\t\t\t<div class=\"elementor-widget-container\">\n\t\t\t\t\t<h2 class=\"elementor-heading-title elementor-size-default\">Un carnaval en mouvement, une ville en f\u00eate<\/h2>\t\t\t\t<\/div>\n\t\t\t\t<\/div>\n\t\t\t\t<div class=\"elementor-element elementor-element-43ac629 elementor-widget elementor-widget-text-editor\" data-id=\"43ac629\" data-element_type=\"widget\" data-widget_type=\"text-editor.default\">\n\t\t\t\t<div class=\"elementor-widget-container\">\n\t\t\t\t\t\t\t\t\t<p><span style=\"font-weight: 400;\">L\u2019\u00e9dition 2026 du CARNAVAL DE SAINT-LAURENT DU MARONI est d\u00e9j\u00e0 bien engag\u00e9e. Jusqu\u2019au Mercredi des Cendres, la ville continuera de vibrer au son des tambours, des cuivres et des pas de danse, entre traditions populaires, expressions contemporaines et transmission interg\u00e9n\u00e9rationnelle.<\/span><\/p>\n<p><span style=\"font-weight: 400;\">Le CARNAVAL DE SAINT-LAURENT DU MARONI n\u2019est pas un simple rendez-vous festif : c\u2019est une m\u00e9moire en marche, une culture vivante et un temps collectif profond\u00e9ment ancr\u00e9 dans l\u2019histoire de la <a href=\"https:\/\/richeskarayib.com\/fr\/lindor-2025-nouvelle-page-musique-guyanaise\/\" target=\"_blank\" rel=\"noopener\">Guyane<\/a>.<\/span><\/p>\t\t\t\t\t\t\t\t<\/div>\n\t\t\t\t<\/div>\n\t\t\t\t\t<\/div>\n\t\t<\/div>\n\t\t\t\t\t<\/div>\n\t\t<\/section>\n\t\t\t\t<section class=\"elementor-section elementor-top-section elementor-element elementor-element-22bf69f elementor-section-boxed elementor-section-height-default elementor-section-height-default\" data-id=\"22bf69f\" data-element_type=\"section\">\n\t\t\t\t\t\t<div class=\"elementor-container elementor-column-gap-default\">\n\t\t\t\t\t<div class=\"elementor-column elementor-col-100 elementor-top-column elementor-element elementor-element-8aedddd\" data-id=\"8aedddd\" data-element_type=\"column\">\n\t\t\t<div class=\"elementor-widget-wrap elementor-element-populated\">\n\t\t\t\t\t\t<section class=\"elementor-section elementor-inner-section elementor-element elementor-element-c8e3557 elementor-section-boxed elementor-section-height-default elementor-section-height-default\" data-id=\"c8e3557\" data-element_type=\"section\">\n\t\t\t\t\t\t<div class=\"elementor-container elementor-column-gap-default\">\n\t\t\t\t\t<div class=\"elementor-column elementor-col-100 elementor-inner-column elementor-element elementor-element-1222702\" data-id=\"1222702\" data-element_type=\"column\">\n\t\t\t<div class=\"elementor-widget-wrap elementor-element-populated\">\n\t\t\t\t\t\t<div class=\"elementor-element elementor-element-2e40abe elementor-widget elementor-widget-accordion\" data-id=\"2e40abe\" data-element_type=\"widget\" data-widget_type=\"accordion.default\">\n\t\t\t\t<div class=\"elementor-widget-container\">\n\t\t\t\t\t\t\t<div class=\"elementor-accordion\">\n\t\t\t\t\t\t\t<div class=\"elementor-accordion-item\">\n\t\t\t\t\t<div id=\"elementor-tab-title-4841\" class=\"elementor-tab-title\" data-tab=\"1\" role=\"button\" aria-controls=\"elementor-tab-content-4841\" aria-expanded=\"false\">\n\t\t\t\t\t\t\t\t\t\t\t\t\t<span class=\"elementor-accordion-icon elementor-accordion-icon-left\" aria-hidden=\"true\">\n\t\t\t\t\t\t\t\t\t\t\t\t\t\t\t<span class=\"elementor-accordion-icon-closed\"><i class=\"fas fa-plus\"><\/i><\/span>\n\t\t\t\t\t\t\t\t<span class=\"elementor-accordion-icon-opened\"><i class=\"fas fa-minus\"><\/i><\/span>\n\t\t\t\t\t\t\t\t\t\t\t\t\t\t<\/span>\n\t\t\t\t\t\t\t\t\t\t\t\t<a class=\"elementor-accordion-title\" tabindex=\"0\">Le Carnaval de Saint-Laurent du Maroni 2026 a-t-il d\u00e9j\u00e0 commenc\u00e9 ?<\/a>\n\t\t\t\t\t<\/div>\n\t\t\t\t\t<div id=\"elementor-tab-content-4841\" class=\"elementor-tab-content elementor-clearfix\" data-tab=\"1\" role=\"region\" aria-labelledby=\"elementor-tab-title-4841\"><p><span style=\"font-weight: 400;\">Oui. Le Carnaval de Saint-Laurent du Maroni 2026 est en cours : il a \u00e9t\u00e9 officiellement lanc\u00e9 avec l\u2019arriv\u00e9e et le couronnement du Roi du Carnaval de l\u2019Ouest, le dimanche 11 janvier \u00e0 La Roche Bleue. La programmation se poursuit jusqu\u2019au 18 f\u00e9vrier 2026.<\/span><\/p><\/div>\n\t\t\t\t<\/div>\n\t\t\t\t\t\t\t<div class=\"elementor-accordion-item\">\n\t\t\t\t\t<div id=\"elementor-tab-title-4842\" class=\"elementor-tab-title\" data-tab=\"2\" role=\"button\" aria-controls=\"elementor-tab-content-4842\" aria-expanded=\"false\">\n\t\t\t\t\t\t\t\t\t\t\t\t\t<span class=\"elementor-accordion-icon elementor-accordion-icon-left\" aria-hidden=\"true\">\n\t\t\t\t\t\t\t\t\t\t\t\t\t\t\t<span class=\"elementor-accordion-icon-closed\"><i class=\"fas fa-plus\"><\/i><\/span>\n\t\t\t\t\t\t\t\t<span class=\"elementor-accordion-icon-opened\"><i class=\"fas fa-minus\"><\/i><\/span>\n\t\t\t\t\t\t\t\t\t\t\t\t\t\t<\/span>\n\t\t\t\t\t\t\t\t\t\t\t\t<a class=\"elementor-accordion-title\" tabindex=\"0\">Quelles sont les dates cl\u00e9s \u00e0 retenir pour l\u2019\u00e9dition 2026 ?<\/a>\n\t\t\t\t\t<\/div>\n\t\t\t\t\t<div id=\"elementor-tab-content-4842\" class=\"elementor-tab-content elementor-clearfix\" data-tab=\"2\" role=\"region\" aria-labelledby=\"elementor-tab-title-4842\"><p><span style=\"font-weight: 400;\">Les temps forts incluent la Rencontre de l\u2019Ouest (23 janvier), la Grande Parade de l\u2019Ouest (1er f\u00e9vrier), ainsi que les Jours Gras : Lundi 16 f\u00e9vrier, Mardi 17 f\u00e9vrier (J\u00e9 Farin \/ Diables rouges) et Mercredi 18 f\u00e9vrier (vid\u00e9 de cl\u00f4ture).<\/span><\/p><\/div>\n\t\t\t\t<\/div>\n\t\t\t\t\t\t\t<div class=\"elementor-accordion-item\">\n\t\t\t\t\t<div id=\"elementor-tab-title-4843\" class=\"elementor-tab-title\" data-tab=\"3\" role=\"button\" aria-controls=\"elementor-tab-content-4843\" aria-expanded=\"false\">\n\t\t\t\t\t\t\t\t\t\t\t\t\t<span class=\"elementor-accordion-icon elementor-accordion-icon-left\" aria-hidden=\"true\">\n\t\t\t\t\t\t\t\t\t\t\t\t\t\t\t<span class=\"elementor-accordion-icon-closed\"><i class=\"fas fa-plus\"><\/i><\/span>\n\t\t\t\t\t\t\t\t<span class=\"elementor-accordion-icon-opened\"><i class=\"fas fa-minus\"><\/i><\/span>\n\t\t\t\t\t\t\t\t\t\t\t\t\t\t<\/span>\n\t\t\t\t\t\t\t\t\t\t\t\t<a class=\"elementor-accordion-title\" tabindex=\"0\">O\u00f9 se d\u00e9roulent les principaux \u00e9v\u00e9nements du carnaval ?<\/a>\n\t\t\t\t\t<\/div>\n\t\t\t\t\t<div id=\"elementor-tab-content-4843\" class=\"elementor-tab-content elementor-clearfix\" data-tab=\"3\" role=\"region\" aria-labelledby=\"elementor-tab-title-4843\"><p><span style=\"font-weight: 400;\">Les rendez-vous majeurs du Carnaval de Saint-Laurent du Maroni se tiennent notamment \u00e0 La Roche Bleue, au centre-ville (cavalcades), au Camp de la Transportation (parades\/soir\u00e9es), au march\u00e9 (animations DJ), et \u00e0 Gaby Place \u2013 Avenue Christophe Colomb (soir\u00e9es carnaval).<\/span><\/p><\/div>\n\t\t\t\t<\/div>\n\t\t\t\t\t\t\t\t<\/div>\n\t\t\t\t\t\t<\/div>\n\t\t\t\t<\/div>\n\t\t\t\t\t<\/div>\n\t\t<\/div>\n\t\t\t\t\t<\/div>\n\t\t<\/section>\n\t\t\t\t\t<\/div>\n\t\t<\/div>\n\t\t\t\t\t<\/div>\n\t\t<\/section>\n\t\t\t\t<\/div>\n\t\t","protected":false},"excerpt":{"rendered":"<p>Le CARNAVAL DE SAINT-LAURENT DU MARONI est officiellement lanc\u00e9. Depuis hier, dimanche 11 janvier, avec l\u2019arriv\u00e9e et le couronnement du Roi du Carnaval de l\u2019Ouest, la ville vit pleinement au rythme de l\u2019\u00e9dition 2026, plac\u00e9e sous le th\u00e8me \u00ab Haut en couleurs \u00bb. Jusqu\u2019au 18 f\u00e9vrier 2026, Saint-Laurent-du-Maroni s\u2019affirme comme l\u2019un des p\u00f4les majeurs du [&hellip;]<\/p>\n","protected":false},"author":662,"featured_media":68128,"comment_status":"open","ping_status":"open","sticky":false,"template":"","format":"standard","meta":{"_acf_changed":false,"footnotes":""},"categories":[1498,1468],"tags":[1544],"class_list":["post-68127","post","type-post","status-publish","format-standard","has-post-thumbnail","hentry","category-gestion-devenements","category-histoire-patrimoine","tag-guyane-2"],"acf":[],"_links":{"self":[{"href":"https:\/\/richeskarayib.com\/fr\/wp-json\/wp\/v2\/posts\/68127","targetHints":{"allow":["GET"]}}],"collection":[{"href":"https:\/\/richeskarayib.com\/fr\/wp-json\/wp\/v2\/posts"}],"about":[{"href":"https:\/\/richeskarayib.com\/fr\/wp-json\/wp\/v2\/types\/post"}],"author":[{"embeddable":true,"href":"https:\/\/richeskarayib.com\/fr\/wp-json\/wp\/v2\/users\/662"}],"replies":[{"embeddable":true,"href":"https:\/\/richeskarayib.com\/fr\/wp-json\/wp\/v2\/comments?post=68127"}],"version-history":[{"count":0,"href":"https:\/\/richeskarayib.com\/fr\/wp-json\/wp\/v2\/posts\/68127\/revisions"}],"wp:featuredmedia":[{"embeddable":true,"href":"https:\/\/richeskarayib.com\/fr\/wp-json\/wp\/v2\/media\/68128"}],"wp:attachment":[{"href":"https:\/\/richeskarayib.com\/fr\/wp-json\/wp\/v2\/media?parent=68127"}],"wp:term":[{"taxonomy":"category","embeddable":true,"href":"https:\/\/richeskarayib.com\/fr\/wp-json\/wp\/v2\/categories?post=68127"},{"taxonomy":"post_tag","embeddable":true,"href":"https:\/\/richeskarayib.com\/fr\/wp-json\/wp\/v2\/tags?post=68127"}],"curies":[{"name":"wp","href":"https:\/\/api.w.org\/{rel}","templated":true}]}}