{"id":68305,"date":"2026-01-14T12:20:30","date_gmt":"2026-01-14T16:20:30","guid":{"rendered":"https:\/\/richeskarayib.com\/?p=68305"},"modified":"2026-01-14T12:20:30","modified_gmt":"2026-01-14T16:20:30","slug":"marie-louise-coidavid-la-reine-haiti","status":"publish","type":"post","link":"https:\/\/richeskarayib.com\/fr\/marie-louise-coidavid-la-reine-haiti\/","title":{"rendered":"Ha\u00efti &#8211; Marie Louise Coidavid : la reine oubli\u00e9e"},"content":{"rendered":"\t\t<div data-elementor-type=\"wp-post\" data-elementor-id=\"68305\" class=\"elementor elementor-68305\" data-elementor-post-type=\"post\">\n\t\t\t\t\t\t<section class=\"elementor-section elementor-top-section elementor-element elementor-element-7ca7ca1 elementor-section-boxed elementor-section-height-default elementor-section-height-default\" data-id=\"7ca7ca1\" data-element_type=\"section\">\n\t\t\t\t\t\t<div class=\"elementor-container elementor-column-gap-default\">\n\t\t\t\t\t<div class=\"elementor-column elementor-col-100 elementor-top-column elementor-element elementor-element-cbdd002\" data-id=\"cbdd002\" data-element_type=\"column\">\n\t\t\t<div class=\"elementor-widget-wrap elementor-element-populated\">\n\t\t\t\t\t\t<section class=\"elementor-section elementor-inner-section elementor-element elementor-element-bc94849 elementor-section-boxed elementor-section-height-default elementor-section-height-default\" data-id=\"bc94849\" data-element_type=\"section\">\n\t\t\t\t\t\t<div class=\"elementor-container elementor-column-gap-default\">\n\t\t\t\t\t\t<\/div>\n\t\t<\/section>\n\t\t\t\t<section class=\"elementor-section elementor-inner-section elementor-element elementor-element-61571e6 elementor-section-boxed elementor-section-height-default elementor-section-height-default\" data-id=\"61571e6\" data-element_type=\"section\">\n\t\t\t\t\t\t<div class=\"elementor-container elementor-column-gap-default\">\n\t\t\t\t\t\t<\/div>\n\t\t<\/section>\n\t\t\t\t<section class=\"elementor-section elementor-inner-section elementor-element elementor-element-b6262e0 elementor-section-boxed elementor-section-height-default elementor-section-height-default\" data-id=\"b6262e0\" data-element_type=\"section\">\n\t\t\t\t\t\t<div class=\"elementor-container elementor-column-gap-default\">\n\t\t\t\t\t\t<\/div>\n\t\t<\/section>\n\t\t\t\t<section class=\"elementor-section elementor-inner-section elementor-element elementor-element-cca29fd elementor-section-boxed elementor-section-height-default elementor-section-height-default\" data-id=\"cca29fd\" data-element_type=\"section\">\n\t\t\t\t\t\t<div class=\"elementor-container elementor-column-gap-default\">\n\t\t\t\t\t\t<\/div>\n\t\t<\/section>\n\t\t\t\t\t<\/div>\n\t\t<\/div>\n\t\t\t\t\t<\/div>\n\t\t<\/section>\n\t\t\t\t<section class=\"elementor-section elementor-top-section elementor-element elementor-element-a6d4222 elementor-section-boxed elementor-section-height-default elementor-section-height-default\" data-id=\"a6d4222\" data-element_type=\"section\">\n\t\t\t\t\t\t<div class=\"elementor-container elementor-column-gap-default\">\n\t\t\t\t\t<div class=\"elementor-column elementor-col-100 elementor-top-column elementor-element elementor-element-ea27f09\" data-id=\"ea27f09\" data-element_type=\"column\">\n\t\t\t<div class=\"elementor-widget-wrap elementor-element-populated\">\n\t\t\t\t\t\t<section class=\"elementor-section elementor-inner-section elementor-element elementor-element-25c3156 elementor-section-boxed elementor-section-height-default elementor-section-height-default\" data-id=\"25c3156\" data-element_type=\"section\">\n\t\t\t\t\t\t<div class=\"elementor-container elementor-column-gap-default\">\n\t\t\t\t\t<div class=\"elementor-column elementor-col-100 elementor-inner-column elementor-element elementor-element-aac779c\" data-id=\"aac779c\" data-element_type=\"column\">\n\t\t\t<div class=\"elementor-widget-wrap elementor-element-populated\">\n\t\t\t\t\t\t<div class=\"elementor-element elementor-element-612550d elementor-widget elementor-widget-text-editor\" data-id=\"612550d\" data-element_type=\"widget\" data-widget_type=\"text-editor.default\">\n\t\t\t\t<div class=\"elementor-widget-container\">\n\t\t\t\t\t\t\t\t\t<p><span style=\"font-weight: 400;\">Figure majeure de l\u2019histoire carib\u00e9enne, <\/span><a href=\"https:\/\/fr.wikipedia.org\/wiki\/Marie-Louise_Coidavid\" target=\"_blank\" rel=\"noopener nofollow\"><b>Marie Louise Coidavid<\/b><\/a><span style=\"font-weight: 400;\"> fut la premi\u00e8re et unique reine d\u2019Ha\u00efti. N\u00e9e libre dans une colonie esclavagiste, couronn\u00e9e au sommet du premier \u00c9tat noir ind\u00e9pendant, morte en exil \u00e0 Pise, sa vie r\u00e9sume les fractures de la r\u00e9volution ha\u00eftienne.<\/span><\/p>\t\t\t\t\t\t\t\t<\/div>\n\t\t\t\t<\/div>\n\t\t\t\t\t<\/div>\n\t\t<\/div>\n\t\t\t\t\t<\/div>\n\t\t<\/section>\n\t\t\t\t\t<\/div>\n\t\t<\/div>\n\t\t\t\t\t<\/div>\n\t\t<\/section>\n\t\t\t\t<section class=\"elementor-section elementor-top-section elementor-element elementor-element-e1fea79 elementor-section-boxed elementor-section-height-default elementor-section-height-default\" data-id=\"e1fea79\" data-element_type=\"section\">\n\t\t\t\t\t\t<div class=\"elementor-container elementor-column-gap-default\">\n\t\t\t\t\t<div class=\"elementor-column elementor-col-100 elementor-top-column elementor-element elementor-element-6d0be76\" data-id=\"6d0be76\" data-element_type=\"column\">\n\t\t\t<div class=\"elementor-widget-wrap elementor-element-populated\">\n\t\t\t\t\t\t<div class=\"elementor-element elementor-element-a310b25 elementor-widget elementor-widget-heading\" data-id=\"a310b25\" data-element_type=\"widget\" data-widget_type=\"heading.default\">\n\t\t\t\t<div class=\"elementor-widget-container\">\n\t\t\t\t\t<h2 class=\"elementor-heading-title elementor-size-default\">Une naissance libre dans la soci\u00e9t\u00e9 coloniale de Saint-Domingue<\/h2>\t\t\t\t<\/div>\n\t\t\t\t<\/div>\n\t\t\t\t<div class=\"elementor-element elementor-element-bbb62ae elementor-widget elementor-widget-text-editor\" data-id=\"bbb62ae\" data-element_type=\"widget\" data-widget_type=\"text-editor.default\">\n\t\t\t\t<div class=\"elementor-widget-container\">\n\t\t\t\t\t\t\t\t\t<p><span style=\"font-weight: 400;\">Marie Louise Coidavid na\u00eet en 1778 \u00e0 Ouanaminthe, dans le Nord-Est de Saint-Domingue. Elle appartient \u00e0 une famille d\u2019affranchis noirs, libre dans une soci\u00e9t\u00e9 majoritairement esclavagiste. Son p\u00e8re, Melgrin, poss\u00e8de l\u2019H\u00f4tel de la Couronne au Cap-Fran\u00e7ais, \u00e9tablissement fr\u00e9quent\u00e9 par l\u2019\u00e9lite de couleur. Sa m\u00e8re, C\u00e9lestina Coidavid, veille \u00e0 son \u00e9ducation. Elle apprend \u00e0 lire et \u00e0 \u00e9crire, qualit\u00e9s rares pour une femme noire \u00e0 la fin du XVIII\u1d49 si\u00e8cle.<\/span><\/p><p><span style=\"font-weight: 400;\">Ce statut social privil\u00e9gi\u00e9 \u2013 noire, libre, instruite, de famille ais\u00e9e \u2013 ouvre des portes qui resteront ferm\u00e9es \u00e0 la masse des esclaves de plantation. Elle incarne d\u00e9j\u00e0 l\u2019exception.<\/span><\/p>\t\t\t\t\t\t\t\t<\/div>\n\t\t\t\t<\/div>\n\t\t\t\t\t<\/div>\n\t\t<\/div>\n\t\t\t\t\t<\/div>\n\t\t<\/section>\n\t\t\t\t<section class=\"elementor-section elementor-top-section elementor-element elementor-element-82cd8f9 elementor-section-boxed elementor-section-height-default elementor-section-height-default\" data-id=\"82cd8f9\" data-element_type=\"section\">\n\t\t\t\t\t\t<div class=\"elementor-container elementor-column-gap-default\">\n\t\t\t\t\t<div class=\"elementor-column elementor-col-100 elementor-top-column elementor-element elementor-element-0bfdc38\" data-id=\"0bfdc38\" data-element_type=\"column\">\n\t\t\t<div class=\"elementor-widget-wrap elementor-element-populated\">\n\t\t\t\t\t\t<div class=\"elementor-element elementor-element-7d292fe elementor-widget elementor-widget-heading\" data-id=\"7d292fe\" data-element_type=\"widget\" data-widget_type=\"heading.default\">\n\t\t\t\t<div class=\"elementor-widget-container\">\n\t\t\t\t\t<h2 class=\"elementor-heading-title elementor-size-default\">Rencontre avec Henri Christophe et construction d\u2019un couple dans la r\u00e9volution<\/h2>\t\t\t\t<\/div>\n\t\t\t\t<\/div>\n\t\t\t\t<div class=\"elementor-element elementor-element-8e337bf elementor-widget elementor-widget-text-editor\" data-id=\"8e337bf\" data-element_type=\"widget\" data-widget_type=\"text-editor.default\">\n\t\t\t\t<div class=\"elementor-widget-container\">\n\t\t\t\t\t\t\t\t\t<p><span style=\"font-weight: 400;\">C\u2019est \u00e0 l\u2019H\u00f4tel de la Couronne que se croisent les destins. Henri Christophe, alors employ\u00e9 comme domestique, y rencontre Marie Louise Coidavid. Autour de 1792, la jeune femme de quinze ans devient sa ma\u00eetresse. Ils se marient en 1793 au Cap-Fran\u00e7ais.<\/span><\/p><p><span style=\"font-weight: 400;\">De cette union naissent quatre enfants : Fran\u00e7ois Ferdinand Christophe (1794), Fran\u00e7oise Am\u00e9thyste Christophe (1798), Ath\u00e9na\u00efs Christophe (1800) et Jacques Victor Henry Christophe (1804). La vie familiale est imm\u00e9diatement marqu\u00e9e par la guerre. Pendant l\u2019invasion fran\u00e7aise de 1802-1803, Marie Louise Coidavid et ses enfants vivent cach\u00e9s, parfois sous terre, pour \u00e9chapper aux attaques.<\/span><\/p>\t\t\t\t\t\t\t\t<\/div>\n\t\t\t\t<\/div>\n\t\t\t\t<section class=\"elementor-section elementor-inner-section elementor-element elementor-element-6cfdca5 elementor-section-boxed elementor-section-height-default elementor-section-height-default\" data-id=\"6cfdca5\" data-element_type=\"section\">\n\t\t\t\t\t\t<div class=\"elementor-container elementor-column-gap-default\">\n\t\t\t\t\t<div class=\"elementor-column elementor-col-100 elementor-inner-column elementor-element elementor-element-36a019c\" data-id=\"36a019c\" data-element_type=\"column\">\n\t\t\t<div class=\"elementor-widget-wrap elementor-element-populated\">\n\t\t\t\t\t\t<div class=\"elementor-element elementor-element-bd66cd1 elementor-widget elementor-widget-image\" data-id=\"bd66cd1\" data-element_type=\"widget\" data-widget_type=\"image.default\">\n\t\t\t\t<div class=\"elementor-widget-container\">\n\t\t\t\t\t\t\t\t\t\t\t\t<figure class=\"wp-caption\">\n\t\t\t\t\t\t\t\t\t\t<img fetchpriority=\"high\" decoding=\"async\" width=\"800\" height=\"1000\" src=\"https:\/\/richeskarayib.com\/wp-content\/uploads\/2026\/01\/\u00a9Kervin-Andre-akomicsart-819x1024.jpg\" class=\"attachment-large size-large wp-image-68318\" alt=\"Marie Louise Coidavid\" srcset=\"https:\/\/richeskarayib.com\/wp-content\/uploads\/2026\/01\/\u00a9Kervin-Andre-akomicsart-819x1024.jpg 819w, https:\/\/richeskarayib.com\/wp-content\/uploads\/2026\/01\/\u00a9Kervin-Andre-akomicsart-240x300.jpg 240w, https:\/\/richeskarayib.com\/wp-content\/uploads\/2026\/01\/\u00a9Kervin-Andre-akomicsart-768x960.jpg 768w, https:\/\/richeskarayib.com\/wp-content\/uploads\/2026\/01\/\u00a9Kervin-Andre-akomicsart-1229x1536.jpg 1229w, https:\/\/richeskarayib.com\/wp-content\/uploads\/2026\/01\/\u00a9Kervin-Andre-akomicsart-1320x1650.jpg 1320w, https:\/\/richeskarayib.com\/wp-content\/uploads\/2026\/01\/\u00a9Kervin-Andre-akomicsart.jpg 1440w\" sizes=\"(max-width: 800px) 100vw, 800px\" \/>\t\t\t\t\t\t\t\t\t\t\t<figcaption class=\"widget-image-caption wp-caption-text\">\u00a9Kervin Andre akomicsart<\/figcaption>\n\t\t\t\t\t\t\t\t\t\t<\/figure>\n\t\t\t\t\t\t\t\t\t<\/div>\n\t\t\t\t<\/div>\n\t\t\t\t\t<\/div>\n\t\t<\/div>\n\t\t\t\t\t<\/div>\n\t\t<\/section>\n\t\t\t\t<section class=\"elementor-section elementor-inner-section elementor-element elementor-element-c582330 elementor-section-boxed elementor-section-height-default elementor-section-height-default\" data-id=\"c582330\" data-element_type=\"section\">\n\t\t\t\t\t\t<div class=\"elementor-container elementor-column-gap-default\">\n\t\t\t\t\t\t<\/div>\n\t\t<\/section>\n\t\t\t\t<section class=\"elementor-section elementor-inner-section elementor-element elementor-element-296603a elementor-section-boxed elementor-section-height-default elementor-section-height-default\" data-id=\"296603a\" data-element_type=\"section\">\n\t\t\t\t\t\t<div class=\"elementor-container elementor-column-gap-default\">\n\t\t\t\t\t\t<\/div>\n\t\t<\/section>\n\t\t\t\t\t<\/div>\n\t\t<\/div>\n\t\t\t\t\t<\/div>\n\t\t<\/section>\n\t\t\t\t<section class=\"elementor-section elementor-top-section elementor-element elementor-element-5a7397d elementor-section-boxed elementor-section-height-default elementor-section-height-default\" data-id=\"5a7397d\" data-element_type=\"section\">\n\t\t\t\t\t\t<div class=\"elementor-container elementor-column-gap-default\">\n\t\t\t\t\t<div class=\"elementor-column elementor-col-100 elementor-top-column elementor-element elementor-element-8b33b4b\" data-id=\"8b33b4b\" data-element_type=\"column\">\n\t\t\t<div class=\"elementor-widget-wrap elementor-element-populated\">\n\t\t\t\t\t\t<div class=\"elementor-element elementor-element-89dac4b elementor-widget elementor-widget-heading\" data-id=\"89dac4b\" data-element_type=\"widget\" data-widget_type=\"heading.default\">\n\t\t\t\t<div class=\"elementor-widget-container\">\n\t\t\t\t\t<h2 class=\"elementor-heading-title elementor-size-default\">De Premi\u00e8re dame du nord \u00e0 reine du royaume d\u2019Ha\u00efti<\/h2>\t\t\t\t<\/div>\n\t\t\t\t<\/div>\n\t\t\t\t<section class=\"elementor-section elementor-inner-section elementor-element elementor-element-f47b4b4 elementor-section-boxed elementor-section-height-default elementor-section-height-default\" data-id=\"f47b4b4\" data-element_type=\"section\">\n\t\t\t\t\t\t<div class=\"elementor-container elementor-column-gap-default\">\n\t\t\t\t\t<div class=\"elementor-column elementor-col-100 elementor-inner-column elementor-element elementor-element-d815264\" data-id=\"d815264\" data-element_type=\"column\">\n\t\t\t<div class=\"elementor-widget-wrap elementor-element-populated\">\n\t\t\t\t\t\t<div class=\"elementor-element elementor-element-819dd2d elementor-widget elementor-widget-text-editor\" data-id=\"819dd2d\" data-element_type=\"widget\" data-widget_type=\"text-editor.default\">\n\t\t\t\t<div class=\"elementor-widget-container\">\n\t\t\t\t\t\t\t\t\t<p><span style=\"font-weight: 400;\">Apr\u00e8s l\u2019ind\u00e9pendance de 1804, <\/span><b>Henri Christophe<\/b><span style=\"font-weight: 400;\"> s\u2019impose dans le Nord. En 1807, il devient pr\u00e9sident \u00e0 vie de l\u2019\u00c9tat d\u2019Ha\u00efti. <\/span><b>Marie Louise Coidavid<\/b><span style=\"font-weight: 400;\"> devient Premi\u00e8re dame. Elle s\u2019implique dans la vie de cour naissante, incarne la dignit\u00e9 et la stabilit\u00e9, mais se tient \u00e0 distance des affaires d\u2019\u00c9tat.<\/span><\/p><p><span style=\"font-weight: 400;\">Le 26 mars 1811, <\/span><b>Henri Christophe<\/b><span style=\"font-weight: 400;\"> se fait couronner roi Henri Ier. <\/span><b>Marie Louise Coidavid<\/b><span style=\"font-weight: 400;\"> devient reine d\u2019Ha\u00efti, premi\u00e8re et unique de l\u2019histoire. Elle dispose d\u2019une cour propre, de dames d\u2019honneur, d\u2019un secr\u00e9tariat. Elle habite le Palais Sans-Souci, r\u00e9sidence principale de la famille royale, v\u00e9ritable chef-d\u2019\u0153uvre architectural.<\/span><\/p>\t\t\t\t\t\t\t\t<\/div>\n\t\t\t\t<\/div>\n\t\t\t\t<div class=\"elementor-element elementor-element-18b64f6 elementor-widget elementor-widget-text-editor\" data-id=\"18b64f6\" data-element_type=\"widget\" data-widget_type=\"text-editor.default\">\n\t\t\t\t<div class=\"elementor-widget-container\">\n\t\t\t\t\t\t\t\t\t<p><span style=\"font-weight: 400;\">Le complexe de Sans-Souci n\u2019est pas seulement un palais : c\u2019est un programme politique en pierre. Outre les appartements royaux, il comprend: casernes, h\u00f4pital, acad\u00e9mie des beaux-arts, biblioth\u00e8que, h\u00f4tel de la Monnaie, jardins, ateliers, salles d\u2019apparat, chapelle royale. La reine dispose m\u00eame de son propre jardin, la \u00ab Folie des dames \u00bb, o\u00f9 l\u2019on cultive plantes rares.<\/span><\/p><p><span style=\"font-weight: 400;\">Les contemporains la d\u00e9crivent comme douce, \u00e9duqu\u00e9e, pieuse, d\u00e9vou\u00e9e \u00e0 ses enfants et \u00e0 son peuple. Elle tente parfois d\u2019adoucir le sort de certains prisonniers du r\u00e9gime. Son r\u00f4le est avant tout symbolique : affirmer qu\u2019Ha\u00efti, premi\u00e8re r\u00e9publique noire, est capable de produire une monarchie aussi \u00ab civilis\u00e9e \u00bb que celles d\u2019Europe.<\/span><\/p>\t\t\t\t\t\t\t\t<\/div>\n\t\t\t\t<\/div>\n\t\t\t\t<div class=\"elementor-element elementor-element-9303daf elementor-widget elementor-widget-image\" data-id=\"9303daf\" data-element_type=\"widget\" data-widget_type=\"image.default\">\n\t\t\t\t<div class=\"elementor-widget-container\">\n\t\t\t\t\t\t\t\t\t\t\t\t\t\t\t<img decoding=\"async\" width=\"683\" height=\"1024\" src=\"https:\/\/richeskarayib.com\/wp-content\/uploads\/2026\/01\/ChatGPT-Image-14-janv.-2026-18_21_18-683x1024.png\" class=\"attachment-large size-large wp-image-68322\" alt=\"Marie Louise Coidavid\" srcset=\"https:\/\/richeskarayib.com\/wp-content\/uploads\/2026\/01\/ChatGPT-Image-14-janv.-2026-18_21_18-683x1024.png 683w, https:\/\/richeskarayib.com\/wp-content\/uploads\/2026\/01\/ChatGPT-Image-14-janv.-2026-18_21_18-200x300.png 200w, https:\/\/richeskarayib.com\/wp-content\/uploads\/2026\/01\/ChatGPT-Image-14-janv.-2026-18_21_18-768x1152.png 768w, https:\/\/richeskarayib.com\/wp-content\/uploads\/2026\/01\/ChatGPT-Image-14-janv.-2026-18_21_18.png 1024w\" sizes=\"(max-width: 683px) 100vw, 683px\" \/>\t\t\t\t\t\t\t\t\t\t\t\t\t\t\t<\/div>\n\t\t\t\t<\/div>\n\t\t\t\t\t<\/div>\n\t\t<\/div>\n\t\t\t\t\t<\/div>\n\t\t<\/section>\n\t\t\t\t\t<\/div>\n\t\t<\/div>\n\t\t\t\t\t<\/div>\n\t\t<\/section>\n\t\t\t\t<section class=\"elementor-section elementor-top-section elementor-element elementor-element-5c4ad36 elementor-section-boxed elementor-section-height-default elementor-section-height-default\" data-id=\"5c4ad36\" data-element_type=\"section\">\n\t\t\t\t\t\t<div class=\"elementor-container elementor-column-gap-default\">\n\t\t\t\t\t<div class=\"elementor-column elementor-col-100 elementor-top-column elementor-element elementor-element-366f0e4\" data-id=\"366f0e4\" data-element_type=\"column\">\n\t\t\t<div class=\"elementor-widget-wrap elementor-element-populated\">\n\t\t\t\t\t\t<div class=\"elementor-element elementor-element-ca3dc74 elementor-widget elementor-widget-heading\" data-id=\"ca3dc74\" data-element_type=\"widget\" data-widget_type=\"heading.default\">\n\t\t\t\t<div class=\"elementor-widget-container\">\n\t\t\t\t\t<h2 class=\"elementor-heading-title elementor-size-default\">Drames familiaux et effondrement de la monarchie du nord<\/h2>\t\t\t\t<\/div>\n\t\t\t\t<\/div>\n\t\t\t\t<section class=\"elementor-section elementor-inner-section elementor-element elementor-element-43359b7 elementor-section-boxed elementor-section-height-default elementor-section-height-default\" data-id=\"43359b7\" data-element_type=\"section\">\n\t\t\t\t\t\t<div class=\"elementor-container elementor-column-gap-default\">\n\t\t\t\t\t<div class=\"elementor-column elementor-col-100 elementor-inner-column elementor-element elementor-element-a7a9025\" data-id=\"a7a9025\" data-element_type=\"column\">\n\t\t\t<div class=\"elementor-widget-wrap elementor-element-populated\">\n\t\t\t\t\t\t<div class=\"elementor-element elementor-element-abad6c9 elementor-widget elementor-widget-text-editor\" data-id=\"abad6c9\" data-element_type=\"widget\" data-widget_type=\"text-editor.default\">\n\t\t\t\t<div class=\"elementor-widget-container\">\n\t\t\t\t\t\t\t\t\t<p><span style=\"font-weight: 400;\">La vie de la reine est marqu\u00e9e par des drames successifs. Le fils a\u00een\u00e9, <\/span><b>Fran\u00e7ois Ferdinand Christophe<\/b><span style=\"font-weight: 400;\">, envoy\u00e9 \u00e0 Paris pour y recevoir une \u00e9ducation, meurt de faim en 1814 \u00e0 la Maison des orphelins. Ce drame illustre le m\u00e9pris des puissances europ\u00e9ennes envers les \u00e9lites noires, m\u00eame royales. En 1820, une r\u00e9volution \u00e9clate dans le royaume du Nord. Face \u00e0 l\u2019insurrection, <\/span><b>Henri Christophe<\/b><span style=\"font-weight: 400;\"> se suicide au Palais Sans-Souci. Son fils <\/span><b>Jacques Victor Henry Christophe<\/b><span style=\"font-weight: 400;\">, bri\u00e8vement proclam\u00e9 roi Henri II, est captur\u00e9 et pendu par les insurg\u00e9s. Le palais est saccag\u00e9, marquant la fin de la monarchie.<\/span><\/p>\t\t\t\t\t\t\t\t<\/div>\n\t\t\t\t<\/div>\n\t\t\t\t\t<\/div>\n\t\t<\/div>\n\t\t\t\t\t<\/div>\n\t\t<\/section>\n\t\t\t\t\t<\/div>\n\t\t<\/div>\n\t\t\t\t\t<\/div>\n\t\t<\/section>\n\t\t\t\t<section class=\"elementor-section elementor-top-section elementor-element elementor-element-ab0048b elementor-section-boxed elementor-section-height-default elementor-section-height-default\" data-id=\"ab0048b\" data-element_type=\"section\">\n\t\t\t\t\t\t<div class=\"elementor-container elementor-column-gap-default\">\n\t\t\t\t\t<div class=\"elementor-column elementor-col-100 elementor-top-column elementor-element elementor-element-c088a86\" data-id=\"c088a86\" data-element_type=\"column\">\n\t\t\t<div class=\"elementor-widget-wrap elementor-element-populated\">\n\t\t\t\t\t\t<div class=\"elementor-element elementor-element-74570c3 elementor-widget elementor-widget-heading\" data-id=\"74570c3\" data-element_type=\"widget\" data-widget_type=\"heading.default\">\n\t\t\t\t<div class=\"elementor-widget-container\">\n\t\t\t\t\t<h2 class=\"elementor-heading-title elementor-size-default\">Chute politique et d\u00e9part forc\u00e9 hors d\u2019Ha\u00efti<\/h2>\t\t\t\t<\/div>\n\t\t\t\t<\/div>\n\t\t\t\t<section class=\"elementor-section elementor-inner-section elementor-element elementor-element-4e1f77f elementor-section-boxed elementor-section-height-default elementor-section-height-default\" data-id=\"4e1f77f\" data-element_type=\"section\">\n\t\t\t\t\t\t<div class=\"elementor-container elementor-column-gap-default\">\n\t\t\t\t\t<div class=\"elementor-column elementor-col-100 elementor-inner-column elementor-element elementor-element-eaf0e7a\" data-id=\"eaf0e7a\" data-element_type=\"column\">\n\t\t\t<div class=\"elementor-widget-wrap elementor-element-populated\">\n\t\t\t\t\t\t<div class=\"elementor-element elementor-element-a74cd00 elementor-widget elementor-widget-text-editor\" data-id=\"a74cd00\" data-element_type=\"widget\" data-widget_type=\"text-editor.default\">\n\t\t\t\t<div class=\"elementor-widget-container\">\n\t\t\t\t\t\t\t\t\t<p><span style=\"font-weight: 400;\">Apr\u00e8s la chute, <\/span><b>Marie Louise Coidavid<\/b><span style=\"font-weight: 400;\"> est escort\u00e9e avec ses deux filles sur l\u2019habitation Lambert, pr\u00e8s du Cap. Le pr\u00e9sident <\/span><b>Jean-Pierre Boyer<\/b><span style=\"font-weight: 400;\">, qui a renvers\u00e9 la monarchie, lui rend visite. Selon la tradition, elle lui offre des \u00e9perons en or ; il les refuse, rappelant qu\u2019il est \u00ab le chef d\u2019un peuple pauvre \u00bb. Tr\u00e8s vite, des commer\u00e7ants anglais l\u2019encouragent \u00e0 quitter Ha\u00efti pour sa s\u00e9curit\u00e9. Elle embarque sur un navire britannique en direction de l\u2019Europe. Son exil sera d\u00e9finitif : jamais elle ne remettra les pieds en <a href=\"https:\/\/richeskarayib.com\/fr\/sanite-belair-lieutenant-revolution-haitienne\/\" target=\"_blank\" rel=\"noopener\">Ha\u00efti<\/a>, malgr\u00e9 ses demandes r\u00e9p\u00e9t\u00e9es.<\/span><\/p>\t\t\t\t\t\t\t\t<\/div>\n\t\t\t\t<\/div>\n\t\t\t\t\t<\/div>\n\t\t<\/div>\n\t\t\t\t\t<\/div>\n\t\t<\/section>\n\t\t\t\t\t<\/div>\n\t\t<\/div>\n\t\t\t\t\t<\/div>\n\t\t<\/section>\n\t\t\t\t<section class=\"elementor-section elementor-top-section elementor-element elementor-element-b86a2ca elementor-section-boxed elementor-section-height-default elementor-section-height-default\" data-id=\"b86a2ca\" data-element_type=\"section\">\n\t\t\t\t\t\t<div class=\"elementor-container elementor-column-gap-default\">\n\t\t\t\t\t<div class=\"elementor-column elementor-col-100 elementor-top-column elementor-element elementor-element-bceb69e\" data-id=\"bceb69e\" data-element_type=\"column\">\n\t\t\t<div class=\"elementor-widget-wrap elementor-element-populated\">\n\t\t\t\t\t\t<div class=\"elementor-element elementor-element-9130152 elementor-widget elementor-widget-heading\" data-id=\"9130152\" data-element_type=\"widget\" data-widget_type=\"heading.default\">\n\t\t\t\t<div class=\"elementor-widget-container\">\n\t\t\t\t\t<h2 class=\"elementor-heading-title elementor-size-default\">Une vie de pi\u00e9t\u00e9 et de solitude en Toscane<\/h2>\t\t\t\t<\/div>\n\t\t\t\t<\/div>\n\t\t\t\t<section class=\"elementor-section elementor-inner-section elementor-element elementor-element-dd9853e elementor-section-boxed elementor-section-height-default elementor-section-height-default\" data-id=\"dd9853e\" data-element_type=\"section\">\n\t\t\t\t\t\t<div class=\"elementor-container elementor-column-gap-default\">\n\t\t\t\t\t<div class=\"elementor-column elementor-col-100 elementor-inner-column elementor-element elementor-element-c25dab1\" data-id=\"c25dab1\" data-element_type=\"column\">\n\t\t\t<div class=\"elementor-widget-wrap elementor-element-populated\">\n\t\t\t\t\t\t<div class=\"elementor-element elementor-element-f7c2fbd elementor-widget elementor-widget-text-editor\" data-id=\"f7c2fbd\" data-element_type=\"widget\" data-widget_type=\"text-editor.default\">\n\t\t\t\t<div class=\"elementor-widget-container\">\n\t\t\t\t\t\t\t\t\t<p><b>Marie Louise Coidavid<\/b><span style=\"font-weight: 400;\"> s\u2019installe \u00e0 Pise vers 1824. Sa vie est marqu\u00e9e par la modestie et la pi\u00e9t\u00e9. Elle habite une demeure de bonne tenue, consacre une partie de ses ressources \u00e0 la charit\u00e9 et soutient le couvent des Capucins de Pise. Elle finance la construction d\u2019une petite chapelle qui deviendra son lieu de s\u00e9pulture. Les deuils s\u2019accumulent. En 1831, sa fille <\/span><b>Fran\u00e7oise Am\u00e9thyste Christophe<\/b><span style=\"font-weight: 400;\"> meurt. En 1839, <\/span><b>Ath\u00e9na\u00efs Christophe<\/b><span style=\"font-weight: 400;\"> succombe \u00e0 une longue maladie. \u00c0 la fin des ann\u00e9es 1830, la reine se retrouve seule survivante de la famille royale.<\/span><\/p>\t\t\t\t\t\t\t\t<\/div>\n\t\t\t\t<\/div>\n\t\t\t\t<div class=\"elementor-element elementor-element-735e7a8 elementor-widget elementor-widget-text-editor\" data-id=\"735e7a8\" data-element_type=\"widget\" data-widget_type=\"text-editor.default\">\n\t\t\t\t<div class=\"elementor-widget-container\">\n\t\t\t\t\t\t\t\t\t<p><span style=\"font-weight: 400;\">Pour att\u00e9nuer sa solitude, elle fait venir sa s\u0153ur <\/span><b>Louise Genevi\u00e8ve Coidavid Pierrot<\/b><span style=\"font-weight: 400;\">, qui deviendra plus tard Premi\u00e8re dame d\u2019<a href=\"https:\/\/richeskarayib.com\/fr\/konpa-patrimoine-immateriel-unesco-haiti-2025\/\" target=\"_blank\" rel=\"noopener\">Ha\u00efti<\/a> par son mariage avec le pr\u00e9sident <\/span><b>Louis Pierrot<\/b><span style=\"font-weight: 400;\">. Ce petit noyau ha\u00eftien en Toscane pr\u00e9figure une diaspora inattendue. Marie Louise Coidavid meurt \u00e0 Pise le 14 mars 1851, \u00e0 72 ou 73 ans. Elle est inhum\u00e9e dans la chapelle des Capucins, aux c\u00f4t\u00e9s de ses filles. Une plaque de pierre rappelle ces \u00ab dames ha\u00eftiennes \u00bb mortes loin de leur \u00eele.<\/span><\/p>\t\t\t\t\t\t\t\t<\/div>\n\t\t\t\t<\/div>\n\t\t\t\t\t<\/div>\n\t\t<\/div>\n\t\t\t\t\t<\/div>\n\t\t<\/section>\n\t\t\t\t\t<\/div>\n\t\t<\/div>\n\t\t\t\t\t<\/div>\n\t\t<\/section>\n\t\t\t\t<section class=\"elementor-section elementor-top-section elementor-element elementor-element-ebcd7a3 elementor-section-boxed elementor-section-height-default elementor-section-height-default\" data-id=\"ebcd7a3\" data-element_type=\"section\">\n\t\t\t\t\t\t<div class=\"elementor-container elementor-column-gap-default\">\n\t\t\t\t\t<div class=\"elementor-column elementor-col-100 elementor-top-column elementor-element elementor-element-7a3afe2\" data-id=\"7a3afe2\" data-element_type=\"column\">\n\t\t\t<div class=\"elementor-widget-wrap elementor-element-populated\">\n\t\t\t\t\t\t<div class=\"elementor-element elementor-element-8184262 elementor-widget elementor-widget-heading\" data-id=\"8184262\" data-element_type=\"widget\" data-widget_type=\"heading.default\">\n\t\t\t\t<div class=\"elementor-widget-container\">\n\t\t\t\t\t<h2 class=\"elementor-heading-title elementor-size-default\">Red\u00e9couverte contemporaine et r\u00e9habilitation historique<\/h2>\t\t\t\t<\/div>\n\t\t\t\t<\/div>\n\t\t\t\t\t<\/div>\n\t\t<\/div>\n\t\t\t\t\t<\/div>\n\t\t<\/section>\n\t\t\t\t<section class=\"elementor-section elementor-top-section elementor-element elementor-element-22bf69f elementor-section-boxed elementor-section-height-default elementor-section-height-default\" data-id=\"22bf69f\" data-element_type=\"section\">\n\t\t\t\t\t\t<div class=\"elementor-container elementor-column-gap-default\">\n\t\t\t\t\t<div class=\"elementor-column elementor-col-100 elementor-top-column elementor-element elementor-element-8aedddd\" data-id=\"8aedddd\" data-element_type=\"column\">\n\t\t\t<div class=\"elementor-widget-wrap elementor-element-populated\">\n\t\t\t\t\t\t<section class=\"elementor-section elementor-inner-section elementor-element elementor-element-7cb5231 elementor-section-boxed elementor-section-height-default elementor-section-height-default\" data-id=\"7cb5231\" data-element_type=\"section\">\n\t\t\t\t\t\t<div class=\"elementor-container elementor-column-gap-default\">\n\t\t\t\t\t<div class=\"elementor-column elementor-col-50 elementor-inner-column elementor-element elementor-element-13e0551\" data-id=\"13e0551\" data-element_type=\"column\">\n\t\t\t<div class=\"elementor-widget-wrap elementor-element-populated\">\n\t\t\t\t\t\t<div class=\"elementor-element elementor-element-f46997a elementor-widget elementor-widget-text-editor\" data-id=\"f46997a\" data-element_type=\"widget\" data-widget_type=\"text-editor.default\">\n\t\t\t\t<div class=\"elementor-widget-container\">\n\t\t\t\t\t\t\t\t\t<p><span style=\"font-weight: 400;\">Longtemps oubli\u00e9e, la reine conna\u00eet une renaissance m\u00e9morielle depuis le XXI\u1d49 si\u00e8cle. En Italie, des associations ha\u00eftiennes ont organis\u00e9 des journ\u00e9es de comm\u00e9moration en avril 2023, avec plaques et \u00e9v\u00e9nements culturels. <\/span><\/p><p><span style=\"font-weight: 400;\">Au Royaume-Uni, des c\u00e9r\u00e9monies patrimoniales lui sont consacr\u00e9es. En Ha\u00efti, historiens et militants la r\u00e9habilitent comme symbole de lutte contre l\u2019esclavage, le colonialisme et le racisme. <\/span><\/p><p><span style=\"font-weight: 400;\">Des centres culturels, \u00e9coles et \u00e9coles de danse portent son nom. <\/span><\/p><p><span style=\"font-weight: 400;\">Le Palais Sans-Souci et la Citadelle Henri, inscrits au patrimoine mondial, rappellent que cette reine noire a incarn\u00e9 la souverainet\u00e9 ha\u00eftienne au moment de sa construction.<\/span><\/p>\t\t\t\t\t\t\t\t<\/div>\n\t\t\t\t<\/div>\n\t\t\t\t<div class=\"elementor-element elementor-element-5ee1f51 elementor-widget elementor-widget-text-editor\" data-id=\"5ee1f51\" data-element_type=\"widget\" data-widget_type=\"text-editor.default\">\n\t\t\t\t<div class=\"elementor-widget-container\">\n\t\t\t\t\t\t\t\t\t<p><span style=\"font-weight: 400;\">Son histoire d\u00e9montre que la Cara\u00efbe post-esclavagiste a exp\u00e9riment\u00e9 de diverses formes de gouvernement, dont la monarchie noire du nord d\u2019Ha\u00efti reste un laboratoire fascinant. <\/span><\/p><p><span style=\"font-weight: 400;\">Elle illustre aussi comment les femmes noires libres, \u00e9duqu\u00e9es et souveraines ont d\u00e9fi\u00e9 les clich\u00e9s sur l\u2019incapacit\u00e9 suppos\u00e9e des Africains \u00e0 fonder des \u00c9tats \u00ab civilis\u00e9s \u00bb.<\/span><\/p><p><span style=\"font-weight: 400;\">De Ouanaminthe \u00e0 Sans-Souci, de la Citadelle aux ruelles de Pise, la trajectoire de Marie Louise Coidavid traverse l\u2019Atlantique noir et en r\u00e9v\u00e8le les tensions : esclavage et libert\u00e9, gloire et chute, m\u00e9moire et oubli.<\/span><\/p><p><span style=\"font-weight: 400;\"> Son nom, aujourd\u2019hui c\u00e9l\u00e9br\u00e9, rappelle que l\u2019histoire carib\u00e9enne est aussi faite de reines, de m\u00e8res, de femmes de cour et d\u2019exil, dont la dignit\u00e9 silencieuse a contribu\u00e9 \u00e0 tenir debout la Premi\u00e8re Nation noire ind\u00e9pendante du monde.<\/span><\/p>\t\t\t\t\t\t\t\t<\/div>\n\t\t\t\t<\/div>\n\t\t\t\t\t<\/div>\n\t\t<\/div>\n\t\t\t\t<div class=\"elementor-column elementor-col-50 elementor-inner-column elementor-element elementor-element-4cfa92d\" data-id=\"4cfa92d\" data-element_type=\"column\">\n\t\t\t<div class=\"elementor-widget-wrap elementor-element-populated\">\n\t\t\t\t\t\t<div class=\"elementor-element elementor-element-73eceed elementor-widget elementor-widget-image\" data-id=\"73eceed\" data-element_type=\"widget\" data-widget_type=\"image.default\">\n\t\t\t\t<div class=\"elementor-widget-container\">\n\t\t\t\t\t\t\t\t\t\t\t\t\t\t\t<img decoding=\"async\" width=\"638\" height=\"1024\" src=\"https:\/\/richeskarayib.com\/wp-content\/uploads\/2026\/01\/bste-vor-dem-palast-1967-bust-in-fron-of-the-palace-1967-2E1HPRE-1-638x1024.jpeg\" class=\"attachment-large size-large wp-image-68314\" alt=\"Marie Louise Coidavid\" srcset=\"https:\/\/richeskarayib.com\/wp-content\/uploads\/2026\/01\/bste-vor-dem-palast-1967-bust-in-fron-of-the-palace-1967-2E1HPRE-1-638x1024.jpeg 638w, https:\/\/richeskarayib.com\/wp-content\/uploads\/2026\/01\/bste-vor-dem-palast-1967-bust-in-fron-of-the-palace-1967-2E1HPRE-1-187x300.jpeg 187w, https:\/\/richeskarayib.com\/wp-content\/uploads\/2026\/01\/bste-vor-dem-palast-1967-bust-in-fron-of-the-palace-1967-2E1HPRE-1-768x1233.jpeg 768w, https:\/\/richeskarayib.com\/wp-content\/uploads\/2026\/01\/bste-vor-dem-palast-1967-bust-in-fron-of-the-palace-1967-2E1HPRE-1.jpeg 797w\" sizes=\"(max-width: 638px) 100vw, 638px\" \/>\t\t\t\t\t\t\t\t\t\t\t\t\t\t\t<\/div>\n\t\t\t\t<\/div>\n\t\t\t\t\t<\/div>\n\t\t<\/div>\n\t\t\t\t\t<\/div>\n\t\t<\/section>\n\t\t\t\t<section class=\"elementor-section elementor-inner-section elementor-element elementor-element-c8e3557 elementor-section-boxed elementor-section-height-default elementor-section-height-default\" data-id=\"c8e3557\" data-element_type=\"section\">\n\t\t\t\t\t\t<div class=\"elementor-container elementor-column-gap-default\">\n\t\t\t\t\t<div class=\"elementor-column elementor-col-100 elementor-inner-column elementor-element elementor-element-1222702\" data-id=\"1222702\" data-element_type=\"column\">\n\t\t\t<div class=\"elementor-widget-wrap elementor-element-populated\">\n\t\t\t\t\t\t<div class=\"elementor-element elementor-element-2e40abe elementor-widget elementor-widget-accordion\" data-id=\"2e40abe\" data-element_type=\"widget\" data-widget_type=\"accordion.default\">\n\t\t\t\t<div class=\"elementor-widget-container\">\n\t\t\t\t\t\t\t<div class=\"elementor-accordion\">\n\t\t\t\t\t\t\t<div class=\"elementor-accordion-item\">\n\t\t\t\t\t<div id=\"elementor-tab-title-4841\" class=\"elementor-tab-title\" data-tab=\"1\" role=\"button\" aria-controls=\"elementor-tab-content-4841\" aria-expanded=\"false\">\n\t\t\t\t\t\t\t\t\t\t\t\t\t<span class=\"elementor-accordion-icon elementor-accordion-icon-left\" aria-hidden=\"true\">\n\t\t\t\t\t\t\t\t\t\t\t\t\t\t\t<span class=\"elementor-accordion-icon-closed\"><i class=\"fas fa-plus\"><\/i><\/span>\n\t\t\t\t\t\t\t\t<span class=\"elementor-accordion-icon-opened\"><i class=\"fas fa-minus\"><\/i><\/span>\n\t\t\t\t\t\t\t\t\t\t\t\t\t\t<\/span>\n\t\t\t\t\t\t\t\t\t\t\t\t<a class=\"elementor-accordion-title\" tabindex=\"0\">Qui \u00e9tait Marie Louise Coidavid dans l\u2019histoire d\u2019Ha\u00efti ?<\/a>\n\t\t\t\t\t<\/div>\n\t\t\t\t\t<div id=\"elementor-tab-content-4841\" class=\"elementor-tab-content elementor-clearfix\" data-tab=\"1\" role=\"region\" aria-labelledby=\"elementor-tab-title-4841\"><p><span style=\"font-weight: 400;\">Elle fut la premi\u00e8re et l\u2019unique reine d\u2019Ha\u00efti, \u00e9pouse du roi Henri Christophe. N\u00e9e libre \u00e0 Saint-Domingue avant la R\u00e9volution ha\u00eftienne, elle a incarn\u00e9 la tentative de construction d\u2019un \u00c9tat monarchique noir au d\u00e9but du XIX\u1d49 si\u00e8cle. Son r\u00f4le, principalement symbolique, visait \u00e0 affirmer la capacit\u00e9 des anciens esclaves \u00e0 gouverner selon des normes politiques reconnues par l\u2019Europe, tout en affirmant une souverainet\u00e9 noire in\u00e9dite.<\/span><\/p><\/div>\n\t\t\t\t<\/div>\n\t\t\t\t\t\t\t<div class=\"elementor-accordion-item\">\n\t\t\t\t\t<div id=\"elementor-tab-title-4842\" class=\"elementor-tab-title\" data-tab=\"2\" role=\"button\" aria-controls=\"elementor-tab-content-4842\" aria-expanded=\"false\">\n\t\t\t\t\t\t\t\t\t\t\t\t\t<span class=\"elementor-accordion-icon elementor-accordion-icon-left\" aria-hidden=\"true\">\n\t\t\t\t\t\t\t\t\t\t\t\t\t\t\t<span class=\"elementor-accordion-icon-closed\"><i class=\"fas fa-plus\"><\/i><\/span>\n\t\t\t\t\t\t\t\t<span class=\"elementor-accordion-icon-opened\"><i class=\"fas fa-minus\"><\/i><\/span>\n\t\t\t\t\t\t\t\t\t\t\t\t\t\t<\/span>\n\t\t\t\t\t\t\t\t\t\t\t\t<a class=\"elementor-accordion-title\" tabindex=\"0\">Pourquoi Marie Louise Coidavid a-t-elle fini sa vie en exil en Italie ?<\/a>\n\t\t\t\t\t<\/div>\n\t\t\t\t\t<div id=\"elementor-tab-content-4842\" class=\"elementor-tab-content elementor-clearfix\" data-tab=\"2\" role=\"region\" aria-labelledby=\"elementor-tab-title-4842\"><p><span style=\"font-weight: 400;\">Apr\u00e8s la chute violente de la monarchie du nord en 1820, elle fut contrainte de quitter Ha\u00efti pour sa s\u00e9curit\u00e9. Encourag\u00e9e par des commer\u00e7ants britanniques, elle s\u2019exila en Europe et s\u2019installa \u00e0 Pise, en Toscane. Malgr\u00e9 ses demandes r\u00e9p\u00e9t\u00e9es, elle ne fut jamais autoris\u00e9e \u00e0 revenir en Ha\u00efti, illustrant la rupture d\u00e9finitive entre l\u2019ancienne monarchie et la R\u00e9publique unifi\u00e9e.<\/span><\/p><\/div>\n\t\t\t\t<\/div>\n\t\t\t\t\t\t\t<div class=\"elementor-accordion-item\">\n\t\t\t\t\t<div id=\"elementor-tab-title-4843\" class=\"elementor-tab-title\" data-tab=\"3\" role=\"button\" aria-controls=\"elementor-tab-content-4843\" aria-expanded=\"false\">\n\t\t\t\t\t\t\t\t\t\t\t\t\t<span class=\"elementor-accordion-icon elementor-accordion-icon-left\" aria-hidden=\"true\">\n\t\t\t\t\t\t\t\t\t\t\t\t\t\t\t<span class=\"elementor-accordion-icon-closed\"><i class=\"fas fa-plus\"><\/i><\/span>\n\t\t\t\t\t\t\t\t<span class=\"elementor-accordion-icon-opened\"><i class=\"fas fa-minus\"><\/i><\/span>\n\t\t\t\t\t\t\t\t\t\t\t\t\t\t<\/span>\n\t\t\t\t\t\t\t\t\t\t\t\t<a class=\"elementor-accordion-title\" tabindex=\"0\">Pourquoi Marie Louise Coidavid est-elle longtemps rest\u00e9e oubli\u00e9e ?<\/a>\n\t\t\t\t\t<\/div>\n\t\t\t\t\t<div id=\"elementor-tab-content-4843\" class=\"elementor-tab-content elementor-clearfix\" data-tab=\"3\" role=\"region\" aria-labelledby=\"elementor-tab-title-4843\"><p><span style=\"font-weight: 400;\">L\u2019histoire ha\u00eftienne a longtemps privil\u00e9gi\u00e9 les figures militaires et r\u00e9publicaines, rel\u00e9guant la monarchie du nord et ses acteurs au second plan. En tant que femme, reine et exil\u00e9e, elle\u00a0 ne correspondait pas aux r\u00e9cits dominants. Ce n\u2019est que r\u00e9cemment, gr\u00e2ce au travail d\u2019historiens et d\u2019initiatives m\u00e9morielles en Ha\u00efti et en Europe, que son r\u00f4le est r\u00e9\u00e9valu\u00e9 comme central dans l\u2019histoire politique et culturelle de la Cara\u00efbe post-esclavagiste.<\/span><\/p><\/div>\n\t\t\t\t<\/div>\n\t\t\t\t\t\t\t\t<\/div>\n\t\t\t\t\t\t<\/div>\n\t\t\t\t<\/div>\n\t\t\t\t\t<\/div>\n\t\t<\/div>\n\t\t\t\t\t<\/div>\n\t\t<\/section>\n\t\t\t\t\t<\/div>\n\t\t<\/div>\n\t\t\t\t\t<\/div>\n\t\t<\/section>\n\t\t\t\t<\/div>\n\t\t","protected":false},"excerpt":{"rendered":"<p>Figure majeure de l\u2019histoire carib\u00e9enne, Marie Louise Coidavid fut la premi\u00e8re et unique reine d\u2019Ha\u00efti. N\u00e9e libre dans une colonie esclavagiste, couronn\u00e9e au sommet du premier \u00c9tat noir ind\u00e9pendant, morte en exil \u00e0 Pise, sa vie r\u00e9sume les fractures de la r\u00e9volution ha\u00eftienne. Une naissance libre dans la soci\u00e9t\u00e9 coloniale de Saint-Domingue Marie Louise Coidavid [&hellip;]<\/p>\n","protected":false},"author":662,"featured_media":68306,"comment_status":"open","ping_status":"open","sticky":false,"template":"","format":"standard","meta":{"_acf_changed":false,"footnotes":""},"categories":[1468],"tags":[814],"class_list":["post-68305","post","type-post","status-publish","format-standard","has-post-thumbnail","hentry","category-histoire-patrimoine","tag-haiti-fr"],"acf":[],"_links":{"self":[{"href":"https:\/\/richeskarayib.com\/fr\/wp-json\/wp\/v2\/posts\/68305","targetHints":{"allow":["GET"]}}],"collection":[{"href":"https:\/\/richeskarayib.com\/fr\/wp-json\/wp\/v2\/posts"}],"about":[{"href":"https:\/\/richeskarayib.com\/fr\/wp-json\/wp\/v2\/types\/post"}],"author":[{"embeddable":true,"href":"https:\/\/richeskarayib.com\/fr\/wp-json\/wp\/v2\/users\/662"}],"replies":[{"embeddable":true,"href":"https:\/\/richeskarayib.com\/fr\/wp-json\/wp\/v2\/comments?post=68305"}],"version-history":[{"count":0,"href":"https:\/\/richeskarayib.com\/fr\/wp-json\/wp\/v2\/posts\/68305\/revisions"}],"wp:featuredmedia":[{"embeddable":true,"href":"https:\/\/richeskarayib.com\/fr\/wp-json\/wp\/v2\/media\/68306"}],"wp:attachment":[{"href":"https:\/\/richeskarayib.com\/fr\/wp-json\/wp\/v2\/media?parent=68305"}],"wp:term":[{"taxonomy":"category","embeddable":true,"href":"https:\/\/richeskarayib.com\/fr\/wp-json\/wp\/v2\/categories?post=68305"},{"taxonomy":"post_tag","embeddable":true,"href":"https:\/\/richeskarayib.com\/fr\/wp-json\/wp\/v2\/tags?post=68305"}],"curies":[{"name":"wp","href":"https:\/\/api.w.org\/{rel}","templated":true}]}}