{"id":68383,"date":"2026-01-16T05:19:55","date_gmt":"2026-01-16T09:19:55","guid":{"rendered":"https:\/\/richeskarayib.com\/?p=68383"},"modified":"2026-01-16T05:19:55","modified_gmt":"2026-01-16T09:19:55","slug":"samana-peninsule-republique-dominicaine","status":"publish","type":"post","link":"https:\/\/richeskarayib.com\/fr\/samana-peninsule-republique-dominicaine\/","title":{"rendered":"R\u00e9publique dominicaine &#8211; Saman\u00e1, une p\u00e9ninsule carib\u00e9enne entre mer ouverte et for\u00eats profondes"},"content":{"rendered":"\t\t<div data-elementor-type=\"wp-post\" data-elementor-id=\"68383\" class=\"elementor elementor-68383\" data-elementor-post-type=\"post\">\n\t\t\t\t\t\t<section class=\"elementor-section elementor-top-section elementor-element elementor-element-7ca7ca1 elementor-section-boxed elementor-section-height-default elementor-section-height-default\" data-id=\"7ca7ca1\" data-element_type=\"section\">\n\t\t\t\t\t\t<div class=\"elementor-container elementor-column-gap-default\">\n\t\t\t\t\t<div class=\"elementor-column elementor-col-100 elementor-top-column elementor-element elementor-element-cbdd002\" data-id=\"cbdd002\" data-element_type=\"column\">\n\t\t\t<div class=\"elementor-widget-wrap elementor-element-populated\">\n\t\t\t\t\t\t<section class=\"elementor-section elementor-inner-section elementor-element elementor-element-bc94849 elementor-section-boxed elementor-section-height-default elementor-section-height-default\" data-id=\"bc94849\" data-element_type=\"section\">\n\t\t\t\t\t\t<div class=\"elementor-container elementor-column-gap-default\">\n\t\t\t\t\t\t<\/div>\n\t\t<\/section>\n\t\t\t\t<section class=\"elementor-section elementor-inner-section elementor-element elementor-element-61571e6 elementor-section-boxed elementor-section-height-default elementor-section-height-default\" data-id=\"61571e6\" data-element_type=\"section\">\n\t\t\t\t\t\t<div class=\"elementor-container elementor-column-gap-default\">\n\t\t\t\t\t\t<\/div>\n\t\t<\/section>\n\t\t\t\t<section class=\"elementor-section elementor-inner-section elementor-element elementor-element-b6262e0 elementor-section-boxed elementor-section-height-default elementor-section-height-default\" data-id=\"b6262e0\" data-element_type=\"section\">\n\t\t\t\t\t\t<div class=\"elementor-container elementor-column-gap-default\">\n\t\t\t\t\t\t<\/div>\n\t\t<\/section>\n\t\t\t\t<section class=\"elementor-section elementor-inner-section elementor-element elementor-element-cca29fd elementor-section-boxed elementor-section-height-default elementor-section-height-default\" data-id=\"cca29fd\" data-element_type=\"section\">\n\t\t\t\t\t\t<div class=\"elementor-container elementor-column-gap-default\">\n\t\t\t\t\t\t<\/div>\n\t\t<\/section>\n\t\t\t\t\t<\/div>\n\t\t<\/div>\n\t\t\t\t\t<\/div>\n\t\t<\/section>\n\t\t\t\t<section class=\"elementor-section elementor-top-section elementor-element elementor-element-a6d4222 elementor-section-boxed elementor-section-height-default elementor-section-height-default\" data-id=\"a6d4222\" data-element_type=\"section\">\n\t\t\t\t\t\t<div class=\"elementor-container elementor-column-gap-default\">\n\t\t\t\t\t<div class=\"elementor-column elementor-col-100 elementor-top-column elementor-element elementor-element-ea27f09\" data-id=\"ea27f09\" data-element_type=\"column\">\n\t\t\t<div class=\"elementor-widget-wrap elementor-element-populated\">\n\t\t\t\t\t\t<section class=\"elementor-section elementor-inner-section elementor-element elementor-element-25c3156 elementor-section-boxed elementor-section-height-default elementor-section-height-default\" data-id=\"25c3156\" data-element_type=\"section\">\n\t\t\t\t\t\t<div class=\"elementor-container elementor-column-gap-default\">\n\t\t\t\t\t<div class=\"elementor-column elementor-col-100 elementor-inner-column elementor-element elementor-element-aac779c\" data-id=\"aac779c\" data-element_type=\"column\">\n\t\t\t<div class=\"elementor-widget-wrap elementor-element-populated\">\n\t\t\t\t\t\t<div class=\"elementor-element elementor-element-612550d elementor-widget elementor-widget-text-editor\" data-id=\"612550d\" data-element_type=\"widget\" data-widget_type=\"text-editor.default\">\n\t\t\t\t<div class=\"elementor-widget-container\">\n\t\t\t\t\t\t\t\t\t<p><span style=\"font-weight: 400;\">\u00c0 l\u2019extr\u00e9mit\u00e9 nord-est de la <a href=\"https:\/\/richeskarayib.com\/fr\/unesco-tourisme-durable-patrimoine-caraibe\/\" target=\"_blank\" rel=\"noopener\">R\u00e9publique dominicaine<\/a>, la p\u00e9ninsule de Saman\u00e1 dessine un territoire \u00e0 part. Ici, la g\u00e9ographie impose son rythme : une baie large et prot\u00e9g\u00e9e, des reliefs couverts de for\u00eats humides, des villages tourn\u00e9s vers la mer. Elle n\u2019est pas une destination con\u00e7ue pour l\u2019accumulation d\u2019exp\u00e9riences rapides, mais un espace coh\u00e9rent o\u00f9 nature, vie locale et tourisme coexistent sans rupture brutale.<\/span><\/p>\t\t\t\t\t\t\t\t<\/div>\n\t\t\t\t<\/div>\n\t\t\t\t\t<\/div>\n\t\t<\/div>\n\t\t\t\t\t<\/div>\n\t\t<\/section>\n\t\t\t\t\t<\/div>\n\t\t<\/div>\n\t\t\t\t\t<\/div>\n\t\t<\/section>\n\t\t\t\t<section class=\"elementor-section elementor-top-section elementor-element elementor-element-e1fea79 elementor-section-boxed elementor-section-height-default elementor-section-height-default\" data-id=\"e1fea79\" data-element_type=\"section\">\n\t\t\t\t\t\t<div class=\"elementor-container elementor-column-gap-default\">\n\t\t\t\t\t<div class=\"elementor-column elementor-col-100 elementor-top-column elementor-element elementor-element-6d0be76\" data-id=\"6d0be76\" data-element_type=\"column\">\n\t\t\t<div class=\"elementor-widget-wrap elementor-element-populated\">\n\t\t\t\t\t\t<div class=\"elementor-element elementor-element-a310b25 elementor-widget elementor-widget-heading\" data-id=\"a310b25\" data-element_type=\"widget\" data-widget_type=\"heading.default\">\n\t\t\t\t<div class=\"elementor-widget-container\">\n\t\t\t\t\t<h2 class=\"elementor-heading-title elementor-size-default\">Un territoire clairement d\u00e9limit\u00e9<\/h2>\t\t\t\t<\/div>\n\t\t\t\t<\/div>\n\t\t\t\t<div class=\"elementor-element elementor-element-bbb62ae elementor-widget elementor-widget-text-editor\" data-id=\"bbb62ae\" data-element_type=\"widget\" data-widget_type=\"text-editor.default\">\n\t\t\t\t<div class=\"elementor-widget-container\">\n\t\t\t\t\t\t\t\t\t<p><span style=\"font-weight: 400;\">La p\u00e9ninsule de Saman\u00e1 s\u2019avance dans l\u2019Atlantique, s\u00e9par\u00e9e du reste de l\u2019\u00eele par des zones montagneuses et des axes routiers longtemps rest\u00e9s secondaires. Cette relative isolation a contribu\u00e9 \u00e0 pr\u00e9server son caract\u00e8re. Le territoire s\u2019organise autour de trois p\u00f4les principaux : Santa B\u00e1rbara de Saman\u00e1, chef-lieu portuaire ; Las Terrenas, plus ouverte au tourisme r\u00e9sidentiel ; et Las Galeras, village c\u00f4tier plus discret \u00e0 l\u2019extr\u00e9mit\u00e9 orientale. Cette configuration donne une lisibilit\u00e9 rare : chaque zone a sa fonction, sans effacer les autres. Le visiteur comprend rapidement comment se structure la p\u00e9ninsule et peut circuler sans sensation de saturation.<\/span><\/p>\t\t\t\t\t\t\t\t<\/div>\n\t\t\t\t<\/div>\n\t\t\t\t<section class=\"elementor-section elementor-inner-section elementor-element elementor-element-526f3e7 elementor-section-boxed elementor-section-height-default elementor-section-height-default\" data-id=\"526f3e7\" data-element_type=\"section\">\n\t\t\t\t\t\t<div class=\"elementor-container elementor-column-gap-default\">\n\t\t\t\t\t<div class=\"elementor-column elementor-col-50 elementor-inner-column elementor-element elementor-element-48ab72c\" data-id=\"48ab72c\" data-element_type=\"column\">\n\t\t\t<div class=\"elementor-widget-wrap elementor-element-populated\">\n\t\t\t\t\t\t<div class=\"elementor-element elementor-element-cbf4727 elementor-widget elementor-widget-image\" data-id=\"cbf4727\" data-element_type=\"widget\" data-widget_type=\"image.default\">\n\t\t\t\t<div class=\"elementor-widget-container\">\n\t\t\t\t\t\t\t\t\t\t\t\t<figure class=\"wp-caption\">\n\t\t\t\t\t\t\t\t\t\t<img fetchpriority=\"high\" decoding=\"async\" width=\"800\" height=\"1000\" src=\"https:\/\/richeskarayib.com\/wp-content\/uploads\/2026\/01\/Dominican-Republic-Tourism-Official-Website-7-819x1024.jpeg\" class=\"attachment-large size-large wp-image-68400\" alt=\"Saman\u00e1\" srcset=\"https:\/\/richeskarayib.com\/wp-content\/uploads\/2026\/01\/Dominican-Republic-Tourism-Official-Website-7-819x1024.jpeg 819w, https:\/\/richeskarayib.com\/wp-content\/uploads\/2026\/01\/Dominican-Republic-Tourism-Official-Website-7-240x300.jpeg 240w, https:\/\/richeskarayib.com\/wp-content\/uploads\/2026\/01\/Dominican-Republic-Tourism-Official-Website-7-768x960.jpeg 768w, https:\/\/richeskarayib.com\/wp-content\/uploads\/2026\/01\/Dominican-Republic-Tourism-Official-Website-7-1229x1536.jpeg 1229w, https:\/\/richeskarayib.com\/wp-content\/uploads\/2026\/01\/Dominican-Republic-Tourism-Official-Website-7-1320x1650.jpeg 1320w, https:\/\/richeskarayib.com\/wp-content\/uploads\/2026\/01\/Dominican-Republic-Tourism-Official-Website-7.jpeg 1536w\" sizes=\"(max-width: 800px) 100vw, 800px\" \/>\t\t\t\t\t\t\t\t\t\t\t<figcaption class=\"widget-image-caption wp-caption-text\">@Godominicanrepublic<\/figcaption>\n\t\t\t\t\t\t\t\t\t\t<\/figure>\n\t\t\t\t\t\t\t\t\t<\/div>\n\t\t\t\t<\/div>\n\t\t\t\t\t<\/div>\n\t\t<\/div>\n\t\t\t\t<div class=\"elementor-column elementor-col-50 elementor-inner-column elementor-element elementor-element-2da790c\" data-id=\"2da790c\" data-element_type=\"column\">\n\t\t\t<div class=\"elementor-widget-wrap elementor-element-populated\">\n\t\t\t\t\t\t<div class=\"elementor-element elementor-element-30c930d elementor-widget elementor-widget-image\" data-id=\"30c930d\" data-element_type=\"widget\" data-widget_type=\"image.default\">\n\t\t\t\t<div class=\"elementor-widget-container\">\n\t\t\t\t\t\t\t\t\t\t\t\t<figure class=\"wp-caption\">\n\t\t\t\t\t\t\t\t\t\t<img decoding=\"async\" width=\"800\" height=\"1000\" src=\"https:\/\/richeskarayib.com\/wp-content\/uploads\/2026\/01\/Dominican-Republic-Tourism-Official-Website-819x1024.jpeg\" class=\"attachment-large size-large wp-image-68404\" alt=\"Saman\u00e1\" srcset=\"https:\/\/richeskarayib.com\/wp-content\/uploads\/2026\/01\/Dominican-Republic-Tourism-Official-Website-819x1024.jpeg 819w, https:\/\/richeskarayib.com\/wp-content\/uploads\/2026\/01\/Dominican-Republic-Tourism-Official-Website-240x300.jpeg 240w, https:\/\/richeskarayib.com\/wp-content\/uploads\/2026\/01\/Dominican-Republic-Tourism-Official-Website-768x960.jpeg 768w, https:\/\/richeskarayib.com\/wp-content\/uploads\/2026\/01\/Dominican-Republic-Tourism-Official-Website-1229x1536.jpeg 1229w, https:\/\/richeskarayib.com\/wp-content\/uploads\/2026\/01\/Dominican-Republic-Tourism-Official-Website-1320x1650.jpeg 1320w, https:\/\/richeskarayib.com\/wp-content\/uploads\/2026\/01\/Dominican-Republic-Tourism-Official-Website.jpeg 1536w\" sizes=\"(max-width: 800px) 100vw, 800px\" \/>\t\t\t\t\t\t\t\t\t\t\t<figcaption class=\"widget-image-caption wp-caption-text\">@Godominicanrepublic<\/figcaption>\n\t\t\t\t\t\t\t\t\t\t<\/figure>\n\t\t\t\t\t\t\t\t\t<\/div>\n\t\t\t\t<\/div>\n\t\t\t\t\t<\/div>\n\t\t<\/div>\n\t\t\t\t\t<\/div>\n\t\t<\/section>\n\t\t\t\t\t<\/div>\n\t\t<\/div>\n\t\t\t\t\t<\/div>\n\t\t<\/section>\n\t\t\t\t<section class=\"elementor-section elementor-top-section elementor-element elementor-element-ee72354 elementor-section-boxed elementor-section-height-default elementor-section-height-default\" data-id=\"ee72354\" data-element_type=\"section\">\n\t\t\t\t\t\t<div class=\"elementor-container elementor-column-gap-default\">\n\t\t\t\t\t<div class=\"elementor-column elementor-col-100 elementor-top-column elementor-element elementor-element-c59d6fe\" data-id=\"c59d6fe\" data-element_type=\"column\">\n\t\t\t<div class=\"elementor-widget-wrap elementor-element-populated\">\n\t\t\t\t\t\t<div class=\"elementor-element elementor-element-ddc6a1e elementor-widget elementor-widget-heading\" data-id=\"ddc6a1e\" data-element_type=\"widget\" data-widget_type=\"heading.default\">\n\t\t\t\t<div class=\"elementor-widget-container\">\n\t\t\t\t\t<h2 class=\"elementor-heading-title elementor-size-default\">La baie de Saman\u00e1, c\u0153ur maritime<\/h2>\t\t\t\t<\/div>\n\t\t\t\t<\/div>\n\t\t\t\t<div class=\"elementor-element elementor-element-e57451f elementor-widget elementor-widget-text-editor\" data-id=\"e57451f\" data-element_type=\"widget\" data-widget_type=\"text-editor.default\">\n\t\t\t\t<div class=\"elementor-widget-container\">\n\t\t\t\t\t\t\t\t\t<p><span style=\"font-weight: 400;\">La baie de Saman\u00e1 constitue l\u2019un des \u00e9l\u00e9ments centraux du territoire. Large et relativement abrit\u00e9e, elle joue un r\u00f4le \u00e9conomique et \u00e9cologique majeur. C\u2019est aussi l\u2019un des sites les plus connus de la Cara\u00efbe pour l\u2019observation saisonni\u00e8re des baleines \u00e0 bosse, qui viennent s\u2019y reproduire entre janvier et mars. Au-del\u00e0 de cet aspect, la baie structure la vie quotidienne : p\u00eache, liaisons maritimes, petits ports et quais rythment l\u2019activit\u00e9 locale. Pour les voyageurs, elle offre un point d\u2019ancrage visuel et pratique, avec des paysages marins ouverts et une relation directe entre la ville et l\u2019eau.<\/span><\/p>\t\t\t\t\t\t\t\t<\/div>\n\t\t\t\t<\/div>\n\t\t\t\t<section class=\"elementor-section elementor-inner-section elementor-element elementor-element-3e5c2b0 elementor-section-boxed elementor-section-height-default elementor-section-height-default\" data-id=\"3e5c2b0\" data-element_type=\"section\">\n\t\t\t\t\t\t<div class=\"elementor-container elementor-column-gap-default\">\n\t\t\t\t\t<div class=\"elementor-column elementor-col-50 elementor-inner-column elementor-element elementor-element-fe24dc8\" data-id=\"fe24dc8\" data-element_type=\"column\">\n\t\t\t<div class=\"elementor-widget-wrap elementor-element-populated\">\n\t\t\t\t\t\t<div class=\"elementor-element elementor-element-7320c37 elementor-widget elementor-widget-image\" data-id=\"7320c37\" data-element_type=\"widget\" data-widget_type=\"image.default\">\n\t\t\t\t<div class=\"elementor-widget-container\">\n\t\t\t\t\t\t\t\t\t\t\t\t<figure class=\"wp-caption\">\n\t\t\t\t\t\t\t\t\t\t<img decoding=\"async\" width=\"800\" height=\"536\" src=\"https:\/\/richeskarayib.com\/wp-content\/uploads\/2026\/01\/Dominican-Republic-Tourism-Official-Website-9-1024x686.jpeg\" class=\"attachment-large size-large wp-image-68408\" alt=\"Saman\u00e1\" srcset=\"https:\/\/richeskarayib.com\/wp-content\/uploads\/2026\/01\/Dominican-Republic-Tourism-Official-Website-9-1024x686.jpeg 1024w, https:\/\/richeskarayib.com\/wp-content\/uploads\/2026\/01\/Dominican-Republic-Tourism-Official-Website-9-300x201.jpeg 300w, https:\/\/richeskarayib.com\/wp-content\/uploads\/2026\/01\/Dominican-Republic-Tourism-Official-Website-9-768x515.jpeg 768w, https:\/\/richeskarayib.com\/wp-content\/uploads\/2026\/01\/Dominican-Republic-Tourism-Official-Website-9.jpeg 1200w\" sizes=\"(max-width: 800px) 100vw, 800px\" \/>\t\t\t\t\t\t\t\t\t\t\t<figcaption class=\"widget-image-caption wp-caption-text\">@Godominicanrepublic<\/figcaption>\n\t\t\t\t\t\t\t\t\t\t<\/figure>\n\t\t\t\t\t\t\t\t\t<\/div>\n\t\t\t\t<\/div>\n\t\t\t\t\t<\/div>\n\t\t<\/div>\n\t\t\t\t<div class=\"elementor-column elementor-col-50 elementor-inner-column elementor-element elementor-element-691e231\" data-id=\"691e231\" data-element_type=\"column\">\n\t\t\t<div class=\"elementor-widget-wrap elementor-element-populated\">\n\t\t\t\t\t\t<div class=\"elementor-element elementor-element-b3dc401 elementor-widget elementor-widget-image\" data-id=\"b3dc401\" data-element_type=\"widget\" data-widget_type=\"image.default\">\n\t\t\t\t<div class=\"elementor-widget-container\">\n\t\t\t\t\t\t\t\t\t\t\t\t<figure class=\"wp-caption\">\n\t\t\t\t\t\t\t\t\t\t<img loading=\"lazy\" decoding=\"async\" width=\"800\" height=\"600\" src=\"https:\/\/richeskarayib.com\/wp-content\/uploads\/2026\/01\/Dominican-Republic-Tourism-Official-Website-11-1024x768.jpeg\" class=\"attachment-large size-large wp-image-68412\" alt=\"Saman\u00e1\" srcset=\"https:\/\/richeskarayib.com\/wp-content\/uploads\/2026\/01\/Dominican-Republic-Tourism-Official-Website-11-1024x768.jpeg 1024w, https:\/\/richeskarayib.com\/wp-content\/uploads\/2026\/01\/Dominican-Republic-Tourism-Official-Website-11-300x225.jpeg 300w, https:\/\/richeskarayib.com\/wp-content\/uploads\/2026\/01\/Dominican-Republic-Tourism-Official-Website-11-768x576.jpeg 768w, https:\/\/richeskarayib.com\/wp-content\/uploads\/2026\/01\/Dominican-Republic-Tourism-Official-Website-11.jpeg 1200w\" sizes=\"(max-width: 800px) 100vw, 800px\" \/>\t\t\t\t\t\t\t\t\t\t\t<figcaption class=\"widget-image-caption wp-caption-text\">@Godominicanrepublic<\/figcaption>\n\t\t\t\t\t\t\t\t\t\t<\/figure>\n\t\t\t\t\t\t\t\t\t<\/div>\n\t\t\t\t<\/div>\n\t\t\t\t\t<\/div>\n\t\t<\/div>\n\t\t\t\t\t<\/div>\n\t\t<\/section>\n\t\t\t\t\t<\/div>\n\t\t<\/div>\n\t\t\t\t\t<\/div>\n\t\t<\/section>\n\t\t\t\t<section class=\"elementor-section elementor-top-section elementor-element elementor-element-82cd8f9 elementor-section-boxed elementor-section-height-default elementor-section-height-default\" data-id=\"82cd8f9\" data-element_type=\"section\">\n\t\t\t\t\t\t<div class=\"elementor-container elementor-column-gap-default\">\n\t\t\t\t\t<div class=\"elementor-column elementor-col-100 elementor-top-column elementor-element elementor-element-0bfdc38\" data-id=\"0bfdc38\" data-element_type=\"column\">\n\t\t\t<div class=\"elementor-widget-wrap elementor-element-populated\">\n\t\t\t\t\t\t<div class=\"elementor-element elementor-element-7d292fe elementor-widget elementor-widget-heading\" data-id=\"7d292fe\" data-element_type=\"widget\" data-widget_type=\"heading.default\">\n\t\t\t\t<div class=\"elementor-widget-container\">\n\t\t\t\t\t<h2 class=\"elementor-heading-title elementor-size-default\">For\u00eats, rivi\u00e8res et cascades<\/h2>\t\t\t\t<\/div>\n\t\t\t\t<\/div>\n\t\t\t\t<div class=\"elementor-element elementor-element-8e337bf elementor-widget elementor-widget-text-editor\" data-id=\"8e337bf\" data-element_type=\"widget\" data-widget_type=\"text-editor.default\">\n\t\t\t\t<div class=\"elementor-widget-container\">\n\t\t\t\t\t\t\t\t\t<p><span style=\"font-weight: 400;\">L\u2019int\u00e9rieur de la p\u00e9ninsule contraste fortement avec le littoral. Les reliefs sont couverts de for\u00eats tropicales humides, parcourues de rivi\u00e8res et de sentiers. La cascade d\u2019El Lim\u00f3n, accessible depuis diff\u00e9rents itin\u00e9raires, illustre cette richesse naturelle : une chute d\u2019eau aliment\u00e9e par les hauteurs, au c\u0153ur d\u2019une v\u00e9g\u00e9tation dense. Ces espaces rappellent que Saman\u00e1 n\u2019est pas uniquement une destination baln\u00e9aire. La p\u00e9ninsule conserve un \u00e9quilibre entre zones habit\u00e9es, terres agricoles et milieux naturels, encore largement pr\u00e9sents \u00e0 quelques kilom\u00e8tres seulement des plages.<\/span><\/p>\t\t\t\t\t\t\t\t<\/div>\n\t\t\t\t<\/div>\n\t\t\t\t<section class=\"elementor-section elementor-inner-section elementor-element elementor-element-d682d0c elementor-section-boxed elementor-section-height-default elementor-section-height-default\" data-id=\"d682d0c\" data-element_type=\"section\">\n\t\t\t\t\t\t<div class=\"elementor-container elementor-column-gap-default\">\n\t\t\t\t\t<div class=\"elementor-column elementor-col-100 elementor-inner-column elementor-element elementor-element-5573d6f\" data-id=\"5573d6f\" data-element_type=\"column\">\n\t\t\t<div class=\"elementor-widget-wrap elementor-element-populated\">\n\t\t\t\t\t\t<div class=\"elementor-element elementor-element-6141b04 elementor-widget elementor-widget-image\" data-id=\"6141b04\" data-element_type=\"widget\" data-widget_type=\"image.default\">\n\t\t\t\t<div class=\"elementor-widget-container\">\n\t\t\t\t\t\t\t\t\t\t\t\t<figure class=\"wp-caption\">\n\t\t\t\t\t\t\t\t\t\t<img loading=\"lazy\" decoding=\"async\" width=\"800\" height=\"532\" src=\"https:\/\/richeskarayib.com\/wp-content\/uploads\/2026\/01\/Dominican-Republic-Tourism-Official-Website-8-1024x681.jpeg\" class=\"attachment-large size-large wp-image-68416\" alt=\"Saman\u00e1\" srcset=\"https:\/\/richeskarayib.com\/wp-content\/uploads\/2026\/01\/Dominican-Republic-Tourism-Official-Website-8-1024x681.jpeg 1024w, https:\/\/richeskarayib.com\/wp-content\/uploads\/2026\/01\/Dominican-Republic-Tourism-Official-Website-8-300x200.jpeg 300w, https:\/\/richeskarayib.com\/wp-content\/uploads\/2026\/01\/Dominican-Republic-Tourism-Official-Website-8-768x511.jpeg 768w, https:\/\/richeskarayib.com\/wp-content\/uploads\/2026\/01\/Dominican-Republic-Tourism-Official-Website-8-1536x1022.jpeg 1536w, https:\/\/richeskarayib.com\/wp-content\/uploads\/2026\/01\/Dominican-Republic-Tourism-Official-Website-8-1320x878.jpeg 1320w, https:\/\/richeskarayib.com\/wp-content\/uploads\/2026\/01\/Dominican-Republic-Tourism-Official-Website-8.jpeg 1920w\" sizes=\"(max-width: 800px) 100vw, 800px\" \/>\t\t\t\t\t\t\t\t\t\t\t<figcaption class=\"widget-image-caption wp-caption-text\">@Godominicanrepublic<\/figcaption>\n\t\t\t\t\t\t\t\t\t\t<\/figure>\n\t\t\t\t\t\t\t\t\t<\/div>\n\t\t\t\t<\/div>\n\t\t\t\t\t<\/div>\n\t\t<\/div>\n\t\t\t\t\t<\/div>\n\t\t<\/section>\n\t\t\t\t<section class=\"elementor-section elementor-inner-section elementor-element elementor-element-c582330 elementor-section-boxed elementor-section-height-default elementor-section-height-default\" data-id=\"c582330\" data-element_type=\"section\">\n\t\t\t\t\t\t<div class=\"elementor-container elementor-column-gap-default\">\n\t\t\t\t\t\t<\/div>\n\t\t<\/section>\n\t\t\t\t<section class=\"elementor-section elementor-inner-section elementor-element elementor-element-296603a elementor-section-boxed elementor-section-height-default elementor-section-height-default\" data-id=\"296603a\" data-element_type=\"section\">\n\t\t\t\t\t\t<div class=\"elementor-container elementor-column-gap-default\">\n\t\t\t\t\t\t<\/div>\n\t\t<\/section>\n\t\t\t\t\t<\/div>\n\t\t<\/div>\n\t\t\t\t\t<\/div>\n\t\t<\/section>\n\t\t\t\t<section class=\"elementor-section elementor-top-section elementor-element elementor-element-5a7397d elementor-section-boxed elementor-section-height-default elementor-section-height-default\" data-id=\"5a7397d\" data-element_type=\"section\">\n\t\t\t\t\t\t<div class=\"elementor-container elementor-column-gap-default\">\n\t\t\t\t\t<div class=\"elementor-column elementor-col-100 elementor-top-column elementor-element elementor-element-8b33b4b\" data-id=\"8b33b4b\" data-element_type=\"column\">\n\t\t\t<div class=\"elementor-widget-wrap elementor-element-populated\">\n\t\t\t\t\t\t<div class=\"elementor-element elementor-element-89dac4b elementor-widget elementor-widget-heading\" data-id=\"89dac4b\" data-element_type=\"widget\" data-widget_type=\"heading.default\">\n\t\t\t\t<div class=\"elementor-widget-container\">\n\t\t\t\t\t<h2 class=\"elementor-heading-title elementor-size-default\">Des plages ouvertes et non standardis\u00e9es<\/h2>\t\t\t\t<\/div>\n\t\t\t\t<\/div>\n\t\t\t\t<section class=\"elementor-section elementor-inner-section elementor-element elementor-element-f47b4b4 elementor-section-boxed elementor-section-height-default elementor-section-height-default\" data-id=\"f47b4b4\" data-element_type=\"section\">\n\t\t\t\t\t\t<div class=\"elementor-container elementor-column-gap-default\">\n\t\t\t\t\t<div class=\"elementor-column elementor-col-100 elementor-inner-column elementor-element elementor-element-d815264\" data-id=\"d815264\" data-element_type=\"column\">\n\t\t\t<div class=\"elementor-widget-wrap elementor-element-populated\">\n\t\t\t\t\t\t<div class=\"elementor-element elementor-element-819dd2d elementor-widget elementor-widget-text-editor\" data-id=\"819dd2d\" data-element_type=\"widget\" data-widget_type=\"text-editor.default\">\n\t\t\t\t<div class=\"elementor-widget-container\">\n\t\t\t\t\t\t\t\t\t<p><span style=\"font-weight: 400;\">Le littoral\u00a0 offre une grande diversit\u00e9 de plages : longues \u00e9tendues bord\u00e9es de cocotiers, criques plus resserr\u00e9es, zones expos\u00e9es \u00e0 l\u2019Atlantique et secteurs plus calmes. \u00c0 Las Terrenas, les plages sont facilement accessibles et int\u00e9gr\u00e9es \u00e0 la vie locale. \u00c0 Las Galeras, elles deviennent plus sauvages, souvent \u00e9loign\u00e9es des axes principaux. L\u2019absence de grands fronts b\u00e2tis continus permet de conserver une impression d\u2019espace. Les plages restent majoritairement publiques et utilis\u00e9es autant par les habitants que par les visiteurs, ce qui contribue \u00e0 une atmosph\u00e8re naturelle et non fig\u00e9e.<\/span><\/p>\t\t\t\t\t\t\t\t<\/div>\n\t\t\t\t<\/div>\n\t\t\t\t\t<\/div>\n\t\t<\/div>\n\t\t\t\t\t<\/div>\n\t\t<\/section>\n\t\t\t\t<section class=\"elementor-section elementor-inner-section elementor-element elementor-element-edb2869 elementor-section-boxed elementor-section-height-default elementor-section-height-default\" data-id=\"edb2869\" data-element_type=\"section\">\n\t\t\t\t\t\t<div class=\"elementor-container elementor-column-gap-default\">\n\t\t\t\t\t<div class=\"elementor-column elementor-col-50 elementor-inner-column elementor-element elementor-element-f789aa6\" data-id=\"f789aa6\" data-element_type=\"column\">\n\t\t\t<div class=\"elementor-widget-wrap elementor-element-populated\">\n\t\t\t\t\t\t<div class=\"elementor-element elementor-element-27715ab elementor-widget elementor-widget-image\" data-id=\"27715ab\" data-element_type=\"widget\" data-widget_type=\"image.default\">\n\t\t\t\t<div class=\"elementor-widget-container\">\n\t\t\t\t\t\t\t\t\t\t\t\t<figure class=\"wp-caption\">\n\t\t\t\t\t\t\t\t\t\t<img loading=\"lazy\" decoding=\"async\" width=\"640\" height=\"480\" src=\"https:\/\/richeskarayib.com\/wp-content\/uploads\/2026\/01\/Dominican-Republic-Tourism-Official-Website-12.jpeg\" class=\"attachment-large size-large wp-image-68388\" alt=\"Saman\u00e1\" srcset=\"https:\/\/richeskarayib.com\/wp-content\/uploads\/2026\/01\/Dominican-Republic-Tourism-Official-Website-12.jpeg 640w, https:\/\/richeskarayib.com\/wp-content\/uploads\/2026\/01\/Dominican-Republic-Tourism-Official-Website-12-300x225.jpeg 300w\" sizes=\"(max-width: 640px) 100vw, 640px\" \/>\t\t\t\t\t\t\t\t\t\t\t<figcaption class=\"widget-image-caption wp-caption-text\">@Godominicanrepublic<\/figcaption>\n\t\t\t\t\t\t\t\t\t\t<\/figure>\n\t\t\t\t\t\t\t\t\t<\/div>\n\t\t\t\t<\/div>\n\t\t\t\t\t<\/div>\n\t\t<\/div>\n\t\t\t\t<div class=\"elementor-column elementor-col-50 elementor-inner-column elementor-element elementor-element-1cc4e94\" data-id=\"1cc4e94\" data-element_type=\"column\">\n\t\t\t<div class=\"elementor-widget-wrap elementor-element-populated\">\n\t\t\t\t\t\t<div class=\"elementor-element elementor-element-e482297 elementor-widget elementor-widget-image\" data-id=\"e482297\" data-element_type=\"widget\" data-widget_type=\"image.default\">\n\t\t\t\t<div class=\"elementor-widget-container\">\n\t\t\t\t\t\t\t\t\t\t\t\t<figure class=\"wp-caption\">\n\t\t\t\t\t\t\t\t\t\t<img loading=\"lazy\" decoding=\"async\" width=\"640\" height=\"480\" src=\"https:\/\/richeskarayib.com\/wp-content\/uploads\/2026\/01\/Dominican-Republic-Tourism-Official-Website-13.jpeg\" class=\"attachment-large size-large wp-image-68392\" alt=\"Saman\u00e1\" srcset=\"https:\/\/richeskarayib.com\/wp-content\/uploads\/2026\/01\/Dominican-Republic-Tourism-Official-Website-13.jpeg 640w, https:\/\/richeskarayib.com\/wp-content\/uploads\/2026\/01\/Dominican-Republic-Tourism-Official-Website-13-300x225.jpeg 300w\" sizes=\"(max-width: 640px) 100vw, 640px\" \/>\t\t\t\t\t\t\t\t\t\t\t<figcaption class=\"widget-image-caption wp-caption-text\">@Godominicanrepublic<\/figcaption>\n\t\t\t\t\t\t\t\t\t\t<\/figure>\n\t\t\t\t\t\t\t\t\t<\/div>\n\t\t\t\t<\/div>\n\t\t\t\t\t<\/div>\n\t\t<\/div>\n\t\t\t\t\t<\/div>\n\t\t<\/section>\n\t\t\t\t\t<\/div>\n\t\t<\/div>\n\t\t\t\t\t<\/div>\n\t\t<\/section>\n\t\t\t\t<section class=\"elementor-section elementor-top-section elementor-element elementor-element-2c060f5 elementor-section-boxed elementor-section-height-default elementor-section-height-default\" data-id=\"2c060f5\" data-element_type=\"section\">\n\t\t\t\t\t\t<div class=\"elementor-container elementor-column-gap-default\">\n\t\t\t\t\t<div class=\"elementor-column elementor-col-100 elementor-top-column elementor-element elementor-element-359f969\" data-id=\"359f969\" data-element_type=\"column\">\n\t\t\t<div class=\"elementor-widget-wrap elementor-element-populated\">\n\t\t\t\t\t\t<div class=\"elementor-element elementor-element-808b8b3 elementor-widget elementor-widget-heading\" data-id=\"808b8b3\" data-element_type=\"widget\" data-widget_type=\"heading.default\">\n\t\t\t\t<div class=\"elementor-widget-container\">\n\t\t\t\t\t<h2 class=\"elementor-heading-title elementor-size-default\">Une vie locale visible<\/h2>\t\t\t\t<\/div>\n\t\t\t\t<\/div>\n\t\t\t\t<div class=\"elementor-element elementor-element-3c9cb71 elementor-widget elementor-widget-text-editor\" data-id=\"3c9cb71\" data-element_type=\"widget\" data-widget_type=\"text-editor.default\">\n\t\t\t\t<div class=\"elementor-widget-container\">\n\t\t\t\t\t\t\t\t\t<p><span style=\"font-weight: 400;\">Contrairement \u00e0 certaines zones touristiques dominicaines tr\u00e8s sp\u00e9cialis\u00e9es, Saman\u00e1 laisse une place importante \u00e0 la vie quotidienne. Les march\u00e9s, les transports locaux, la p\u00eache artisanale et les f\u00eates de village font partie du paysage. Le tourisme est pr\u00e9sent, parfois soutenu, mais il n\u2019efface pas les pratiques locales. Cette cohabitation donne au territoire une identit\u00e9 lisible. Le visiteur n\u2019est pas isol\u00e9 dans un espace clos : il partage des lieux, des routes, des plages avec une population qui vit ici toute l\u2019ann\u00e9e.<\/span><\/p>\t\t\t\t\t\t\t\t<\/div>\n\t\t\t\t<\/div>\n\t\t\t\t<div class=\"elementor-element elementor-element-8839610 elementor-widget elementor-widget-image\" data-id=\"8839610\" data-element_type=\"widget\" data-widget_type=\"image.default\">\n\t\t\t\t<div class=\"elementor-widget-container\">\n\t\t\t\t\t\t\t\t\t\t\t\t\t\t\t<img loading=\"lazy\" decoding=\"async\" width=\"640\" height=\"480\" src=\"https:\/\/richeskarayib.com\/wp-content\/uploads\/2026\/01\/Dominican-Republic-Tourism-Official-Website-10.jpeg\" class=\"attachment-large size-large wp-image-68420\" alt=\"\" srcset=\"https:\/\/richeskarayib.com\/wp-content\/uploads\/2026\/01\/Dominican-Republic-Tourism-Official-Website-10.jpeg 640w, https:\/\/richeskarayib.com\/wp-content\/uploads\/2026\/01\/Dominican-Republic-Tourism-Official-Website-10-300x225.jpeg 300w\" sizes=\"(max-width: 640px) 100vw, 640px\" \/>\t\t\t\t\t\t\t\t\t\t\t\t\t\t\t<\/div>\n\t\t\t\t<\/div>\n\t\t\t\t\t<\/div>\n\t\t<\/div>\n\t\t\t\t\t<\/div>\n\t\t<\/section>\n\t\t\t\t<section class=\"elementor-section elementor-top-section elementor-element elementor-element-4ef9ba5 elementor-section-boxed elementor-section-height-default elementor-section-height-default\" data-id=\"4ef9ba5\" data-element_type=\"section\">\n\t\t\t\t\t\t<div class=\"elementor-container elementor-column-gap-default\">\n\t\t\t\t\t<div class=\"elementor-column elementor-col-100 elementor-top-column elementor-element elementor-element-2af15d8\" data-id=\"2af15d8\" data-element_type=\"column\">\n\t\t\t<div class=\"elementor-widget-wrap elementor-element-populated\">\n\t\t\t\t\t\t<div class=\"elementor-element elementor-element-39df54b elementor-widget elementor-widget-heading\" data-id=\"39df54b\" data-element_type=\"widget\" data-widget_type=\"heading.default\">\n\t\t\t\t<div class=\"elementor-widget-container\">\n\t\t\t\t\t<h2 class=\"elementor-heading-title elementor-size-default\">Acc\u00e8s et organisation du s\u00e9jour\n<\/h2>\t\t\t\t<\/div>\n\t\t\t\t<\/div>\n\t\t\t\t<div class=\"elementor-element elementor-element-83c1bd2 elementor-widget elementor-widget-text-editor\" data-id=\"83c1bd2\" data-element_type=\"widget\" data-widget_type=\"text-editor.default\">\n\t\t\t\t<div class=\"elementor-widget-container\">\n\t\t\t\t\t\t\t\t\t<p><span style=\"font-weight: 400;\">Elle est aujourd\u2019hui plus accessible qu\u2019auparavant gr\u00e2ce aux routes r\u00e9nov\u00e9es et \u00e0 l\u2019a\u00e9roport international El Catey, situ\u00e9 \u00e0 l\u2019ouest de la p\u00e9ninsule. Les transferts vers les principales zones touristiques se font par la route, en traversant des paysages agricoles et forestiers. Le territoire se pr\u00eate aussi bien \u00e0 des s\u00e9jours fixes qu\u2019\u00e0 une d\u00e9couverte progressive : quelques jours \u00e0 Santa B\u00e1rbara de Saman\u00e1, puis un d\u00e9placement vers Las Terrenas ou Las Galeras permettent de saisir les diff\u00e9rentes facettes de la p\u00e9ninsule.<\/span><\/p>\t\t\t\t\t\t\t\t<\/div>\n\t\t\t\t<\/div>\n\t\t\t\t\t<\/div>\n\t\t<\/div>\n\t\t\t\t\t<\/div>\n\t\t<\/section>\n\t\t\t\t<section class=\"elementor-section elementor-top-section elementor-element elementor-element-a9ffc1c elementor-section-boxed elementor-section-height-default elementor-section-height-default\" data-id=\"a9ffc1c\" data-element_type=\"section\">\n\t\t\t\t\t\t<div class=\"elementor-container elementor-column-gap-default\">\n\t\t\t\t\t<div class=\"elementor-column elementor-col-100 elementor-top-column elementor-element elementor-element-7319a5d\" data-id=\"7319a5d\" data-element_type=\"column\">\n\t\t\t<div class=\"elementor-widget-wrap elementor-element-populated\">\n\t\t\t\t\t\t<div class=\"elementor-element elementor-element-308a79d elementor-widget elementor-widget-heading\" data-id=\"308a79d\" data-element_type=\"widget\" data-widget_type=\"heading.default\">\n\t\t\t\t<div class=\"elementor-widget-container\">\n\t\t\t\t\t<h2 class=\"elementor-heading-title elementor-size-default\">Une autre lecture de la R\u00e9publique dominicaine<\/h2>\t\t\t\t<\/div>\n\t\t\t\t<\/div>\n\t\t\t\t<div class=\"elementor-element elementor-element-fe311f7 elementor-widget elementor-widget-text-editor\" data-id=\"fe311f7\" data-element_type=\"widget\" data-widget_type=\"text-editor.default\">\n\t\t\t\t<div class=\"elementor-widget-container\">\n\t\t\t\t\t\t\t\t\t<p><span style=\"font-weight: 400;\">Mettre Saman\u00e1 en avant, c\u2019est proposer une lecture diff\u00e9rente de la R\u00e9publique dominicaine. Moins urbaine que Santo Domingo, moins standardis\u00e9e que certaines stations baln\u00e9aires, la p\u00e9ninsule offre un mod\u00e8le territorial fond\u00e9 sur la continuit\u00e9 entre nature, mer et villages. Pour les voyageurs en qu\u00eate d\u2019un territoire carib\u00e9en structur\u00e9, lisible et encore profond\u00e9ment ancr\u00e9 dans ses paysages, elle constitue une destination solide. Elle ne promet pas l\u2019exceptionnel permanent, mais une coh\u00e9rence rare, qui s\u2019appr\u00e9cie sur la dur\u00e9e.<\/span><\/p>\t\t\t\t\t\t\t\t<\/div>\n\t\t\t\t<\/div>\n\t\t\t\t\t<\/div>\n\t\t<\/div>\n\t\t\t\t\t<\/div>\n\t\t<\/section>\n\t\t\t\t<section class=\"elementor-section elementor-top-section elementor-element elementor-element-78e7a57 elementor-section-boxed elementor-section-height-default elementor-section-height-default\" data-id=\"78e7a57\" data-element_type=\"section\">\n\t\t\t\t\t\t<div class=\"elementor-container elementor-column-gap-default\">\n\t\t\t\t\t<div class=\"elementor-column elementor-col-100 elementor-top-column elementor-element elementor-element-f4df560\" data-id=\"f4df560\" data-element_type=\"column\">\n\t\t\t<div class=\"elementor-widget-wrap elementor-element-populated\">\n\t\t\t\t\t\t<div class=\"elementor-element elementor-element-53f9929 elementor-widget elementor-widget-text-editor\" data-id=\"53f9929\" data-element_type=\"widget\" data-widget_type=\"text-editor.default\">\n\t\t\t\t<div class=\"elementor-widget-container\">\n\t\t\t\t\t\t\t\t\t<p><span style=\"font-weight: 400;\">\ud83d\udcf8 <\/span><b>\u00a9<\/b><a href=\"https:\/\/www.godominicanrepublic.com\/destinations\/samana\" target=\"_blank\" rel=\"noopener nofollow\">Godominicanrepublic<\/a> \/ Dominican Republic Tourism &#8211; Official Website<\/p>\t\t\t\t\t\t\t\t<\/div>\n\t\t\t\t<\/div>\n\t\t\t\t<section class=\"elementor-section elementor-inner-section elementor-element elementor-element-05ac072 elementor-section-boxed elementor-section-height-default elementor-section-height-default\" data-id=\"05ac072\" data-element_type=\"section\">\n\t\t\t\t\t\t<div class=\"elementor-container elementor-column-gap-default\">\n\t\t\t\t\t<div class=\"elementor-column elementor-col-100 elementor-inner-column elementor-element elementor-element-85204b7\" data-id=\"85204b7\" data-element_type=\"column\">\n\t\t\t<div class=\"elementor-widget-wrap elementor-element-populated\">\n\t\t\t\t\t\t<div class=\"elementor-element elementor-element-a019f8e elementor-widget elementor-widget-video\" data-id=\"a019f8e\" data-element_type=\"widget\" data-settings=\"{&quot;youtube_url&quot;:&quot;https:\\\/\\\/www.youtube.com\\\/watch?v=EwJZ2AuQBQw&amp;t=1s&quot;,&quot;video_type&quot;:&quot;youtube&quot;,&quot;controls&quot;:&quot;yes&quot;}\" data-widget_type=\"video.default\">\n\t\t\t\t<div class=\"elementor-widget-container\">\n\t\t\t\t\t\t\t<div class=\"elementor-wrapper elementor-open-inline\">\n\t\t\t<div class=\"elementor-video\"><\/div>\t\t<\/div>\n\t\t\t\t\t\t<\/div>\n\t\t\t\t<\/div>\n\t\t\t\t\t<\/div>\n\t\t<\/div>\n\t\t\t\t\t<\/div>\n\t\t<\/section>\n\t\t\t\t\t<\/div>\n\t\t<\/div>\n\t\t\t\t\t<\/div>\n\t\t<\/section>\n\t\t\t\t<section class=\"elementor-section elementor-top-section elementor-element elementor-element-22bf69f elementor-section-boxed elementor-section-height-default elementor-section-height-default\" data-id=\"22bf69f\" data-element_type=\"section\">\n\t\t\t\t\t\t<div class=\"elementor-container elementor-column-gap-default\">\n\t\t\t\t\t<div class=\"elementor-column elementor-col-100 elementor-top-column elementor-element elementor-element-8aedddd\" data-id=\"8aedddd\" data-element_type=\"column\">\n\t\t\t<div class=\"elementor-widget-wrap elementor-element-populated\">\n\t\t\t\t\t\t<section class=\"elementor-section elementor-inner-section elementor-element elementor-element-c8e3557 elementor-section-boxed elementor-section-height-default elementor-section-height-default\" data-id=\"c8e3557\" data-element_type=\"section\">\n\t\t\t\t\t\t<div class=\"elementor-container elementor-column-gap-default\">\n\t\t\t\t\t<div class=\"elementor-column elementor-col-100 elementor-inner-column elementor-element elementor-element-1222702\" data-id=\"1222702\" data-element_type=\"column\">\n\t\t\t<div class=\"elementor-widget-wrap elementor-element-populated\">\n\t\t\t\t\t\t<div class=\"elementor-element elementor-element-2e40abe elementor-widget elementor-widget-accordion\" data-id=\"2e40abe\" data-element_type=\"widget\" data-widget_type=\"accordion.default\">\n\t\t\t\t<div class=\"elementor-widget-container\">\n\t\t\t\t\t\t\t<div class=\"elementor-accordion\">\n\t\t\t\t\t\t\t<div class=\"elementor-accordion-item\">\n\t\t\t\t\t<div id=\"elementor-tab-title-4841\" class=\"elementor-tab-title\" data-tab=\"1\" role=\"button\" aria-controls=\"elementor-tab-content-4841\" aria-expanded=\"false\">\n\t\t\t\t\t\t\t\t\t\t\t\t\t<span class=\"elementor-accordion-icon elementor-accordion-icon-left\" aria-hidden=\"true\">\n\t\t\t\t\t\t\t\t\t\t\t\t\t\t\t<span class=\"elementor-accordion-icon-closed\"><i class=\"fas fa-plus\"><\/i><\/span>\n\t\t\t\t\t\t\t\t<span class=\"elementor-accordion-icon-opened\"><i class=\"fas fa-minus\"><\/i><\/span>\n\t\t\t\t\t\t\t\t\t\t\t\t\t\t<\/span>\n\t\t\t\t\t\t\t\t\t\t\t\t<a class=\"elementor-accordion-title\" tabindex=\"0\">O\u00f9 se situe la p\u00e9ninsule de Saman\u00e1 ?<\/a>\n\t\t\t\t\t<\/div>\n\t\t\t\t\t<div id=\"elementor-tab-content-4841\" class=\"elementor-tab-content elementor-clearfix\" data-tab=\"1\" role=\"region\" aria-labelledby=\"elementor-tab-title-4841\"><p><span style=\"font-weight: 400;\">Elle se trouve au nord-est de la R\u00e9publique dominicaine, avan\u00e7ant dans l\u2019Atlantique et bord\u00e9e par la baie du m\u00eame nom.<\/span><\/p><\/div>\n\t\t\t\t<\/div>\n\t\t\t\t\t\t\t<div class=\"elementor-accordion-item\">\n\t\t\t\t\t<div id=\"elementor-tab-title-4842\" class=\"elementor-tab-title\" data-tab=\"2\" role=\"button\" aria-controls=\"elementor-tab-content-4842\" aria-expanded=\"false\">\n\t\t\t\t\t\t\t\t\t\t\t\t\t<span class=\"elementor-accordion-icon elementor-accordion-icon-left\" aria-hidden=\"true\">\n\t\t\t\t\t\t\t\t\t\t\t\t\t\t\t<span class=\"elementor-accordion-icon-closed\"><i class=\"fas fa-plus\"><\/i><\/span>\n\t\t\t\t\t\t\t\t<span class=\"elementor-accordion-icon-opened\"><i class=\"fas fa-minus\"><\/i><\/span>\n\t\t\t\t\t\t\t\t\t\t\t\t\t\t<\/span>\n\t\t\t\t\t\t\t\t\t\t\t\t<a class=\"elementor-accordion-title\" tabindex=\"0\">Pourquoi est-elle diff\u00e9rente des autres zones touristiques dominicaines ?<\/a>\n\t\t\t\t\t<\/div>\n\t\t\t\t\t<div id=\"elementor-tab-content-4842\" class=\"elementor-tab-content elementor-clearfix\" data-tab=\"2\" role=\"region\" aria-labelledby=\"elementor-tab-title-4842\"><p><span style=\"font-weight: 400;\">La p\u00e9ninsule combine plages, for\u00eats et villages actifs, avec un tourisme pr\u00e9sent, mais non exclusif, laissant une large place \u00e0 la vie locale.<\/span><\/p><\/div>\n\t\t\t\t<\/div>\n\t\t\t\t\t\t\t<div class=\"elementor-accordion-item\">\n\t\t\t\t\t<div id=\"elementor-tab-title-4843\" class=\"elementor-tab-title\" data-tab=\"3\" role=\"button\" aria-controls=\"elementor-tab-content-4843\" aria-expanded=\"false\">\n\t\t\t\t\t\t\t\t\t\t\t\t\t<span class=\"elementor-accordion-icon elementor-accordion-icon-left\" aria-hidden=\"true\">\n\t\t\t\t\t\t\t\t\t\t\t\t\t\t\t<span class=\"elementor-accordion-icon-closed\"><i class=\"fas fa-plus\"><\/i><\/span>\n\t\t\t\t\t\t\t\t<span class=\"elementor-accordion-icon-opened\"><i class=\"fas fa-minus\"><\/i><\/span>\n\t\t\t\t\t\t\t\t\t\t\t\t\t\t<\/span>\n\t\t\t\t\t\t\t\t\t\t\t\t<a class=\"elementor-accordion-title\" tabindex=\"0\">Quelle est la meilleure p\u00e9riode pour visiter Saman\u00e1 ?<\/a>\n\t\t\t\t\t<\/div>\n\t\t\t\t\t<div id=\"elementor-tab-content-4843\" class=\"elementor-tab-content elementor-clearfix\" data-tab=\"3\" role=\"region\" aria-labelledby=\"elementor-tab-title-4843\"><p><span style=\"font-weight: 400;\">La p\u00e9riode de d\u00e9cembre \u00e0 avril est la plus fr\u00e9quent\u00e9e, avec un climat plus sec. De janvier \u00e0 mars, la baie accueille les baleines \u00e0 bosse.<\/span><\/p><\/div>\n\t\t\t\t<\/div>\n\t\t\t\t\t\t\t\t<\/div>\n\t\t\t\t\t\t<\/div>\n\t\t\t\t<\/div>\n\t\t\t\t\t<\/div>\n\t\t<\/div>\n\t\t\t\t\t<\/div>\n\t\t<\/section>\n\t\t\t\t\t<\/div>\n\t\t<\/div>\n\t\t\t\t\t<\/div>\n\t\t<\/section>\n\t\t\t\t<\/div>\n\t\t","protected":false},"excerpt":{"rendered":"<p>\u00c0 l\u2019extr\u00e9mit\u00e9 nord-est de la R\u00e9publique dominicaine, la p\u00e9ninsule de Saman\u00e1 dessine un territoire \u00e0 part. Ici, la g\u00e9ographie impose son rythme : une baie large et prot\u00e9g\u00e9e, des reliefs couverts de for\u00eats humides, des villages tourn\u00e9s vers la mer. Elle n\u2019est pas une destination con\u00e7ue pour l\u2019accumulation d\u2019exp\u00e9riences rapides, mais un espace coh\u00e9rent o\u00f9 [&hellip;]<\/p>\n","protected":false},"author":662,"featured_media":68384,"comment_status":"open","ping_status":"open","sticky":false,"template":"","format":"standard","meta":{"_acf_changed":false,"footnotes":""},"categories":[1732],"tags":[1482],"class_list":["post-68383","post","type-post","status-publish","format-standard","has-post-thumbnail","hentry","category-tourisme","tag-republique-dominicaine"],"acf":[],"_links":{"self":[{"href":"https:\/\/richeskarayib.com\/fr\/wp-json\/wp\/v2\/posts\/68383","targetHints":{"allow":["GET"]}}],"collection":[{"href":"https:\/\/richeskarayib.com\/fr\/wp-json\/wp\/v2\/posts"}],"about":[{"href":"https:\/\/richeskarayib.com\/fr\/wp-json\/wp\/v2\/types\/post"}],"author":[{"embeddable":true,"href":"https:\/\/richeskarayib.com\/fr\/wp-json\/wp\/v2\/users\/662"}],"replies":[{"embeddable":true,"href":"https:\/\/richeskarayib.com\/fr\/wp-json\/wp\/v2\/comments?post=68383"}],"version-history":[{"count":0,"href":"https:\/\/richeskarayib.com\/fr\/wp-json\/wp\/v2\/posts\/68383\/revisions"}],"wp:featuredmedia":[{"embeddable":true,"href":"https:\/\/richeskarayib.com\/fr\/wp-json\/wp\/v2\/media\/68384"}],"wp:attachment":[{"href":"https:\/\/richeskarayib.com\/fr\/wp-json\/wp\/v2\/media?parent=68383"}],"wp:term":[{"taxonomy":"category","embeddable":true,"href":"https:\/\/richeskarayib.com\/fr\/wp-json\/wp\/v2\/categories?post=68383"},{"taxonomy":"post_tag","embeddable":true,"href":"https:\/\/richeskarayib.com\/fr\/wp-json\/wp\/v2\/tags?post=68383"}],"curies":[{"name":"wp","href":"https:\/\/api.w.org\/{rel}","templated":true}]}}