{"id":68479,"date":"2026-01-20T05:46:50","date_gmt":"2026-01-20T09:46:50","guid":{"rendered":"https:\/\/richeskarayib.com\/?p=68479"},"modified":"2026-01-20T05:46:50","modified_gmt":"2026-01-20T09:46:50","slug":"karen-virapin-directrice-general-air-caraibes","status":"publish","type":"post","link":"https:\/\/richeskarayib.com\/fr\/karen-virapin-directrice-general-air-caraibes\/","title":{"rendered":"Karen VIRAPIN : premi\u00e8re femme ultramarine Directrice g\u00e9n\u00e9rale d\u00e9l\u00e9gu\u00e9e d\u2019Air Cara\u00efbes"},"content":{"rendered":"\t\t<div data-elementor-type=\"wp-post\" data-elementor-id=\"68479\" class=\"elementor elementor-68479\" data-elementor-post-type=\"post\">\n\t\t\t\t\t\t<section class=\"elementor-section elementor-top-section elementor-element elementor-element-7ca7ca1 elementor-section-boxed elementor-section-height-default elementor-section-height-default\" data-id=\"7ca7ca1\" data-element_type=\"section\">\n\t\t\t\t\t\t<div class=\"elementor-container elementor-column-gap-default\">\n\t\t\t\t\t<div class=\"elementor-column elementor-col-100 elementor-top-column elementor-element elementor-element-cbdd002\" data-id=\"cbdd002\" data-element_type=\"column\">\n\t\t\t<div class=\"elementor-widget-wrap elementor-element-populated\">\n\t\t\t\t\t\t<section class=\"elementor-section elementor-inner-section elementor-element elementor-element-bc94849 elementor-section-boxed elementor-section-height-default elementor-section-height-default\" data-id=\"bc94849\" data-element_type=\"section\">\n\t\t\t\t\t\t<div class=\"elementor-container elementor-column-gap-default\">\n\t\t\t\t\t\t<\/div>\n\t\t<\/section>\n\t\t\t\t<section class=\"elementor-section elementor-inner-section elementor-element elementor-element-61571e6 elementor-section-boxed elementor-section-height-default elementor-section-height-default\" data-id=\"61571e6\" data-element_type=\"section\">\n\t\t\t\t\t\t<div class=\"elementor-container elementor-column-gap-default\">\n\t\t\t\t\t\t<\/div>\n\t\t<\/section>\n\t\t\t\t<section class=\"elementor-section elementor-inner-section elementor-element elementor-element-b6262e0 elementor-section-boxed elementor-section-height-default elementor-section-height-default\" data-id=\"b6262e0\" data-element_type=\"section\">\n\t\t\t\t\t\t<div class=\"elementor-container elementor-column-gap-default\">\n\t\t\t\t\t\t<\/div>\n\t\t<\/section>\n\t\t\t\t<section class=\"elementor-section elementor-inner-section elementor-element elementor-element-cca29fd elementor-section-boxed elementor-section-height-default elementor-section-height-default\" data-id=\"cca29fd\" data-element_type=\"section\">\n\t\t\t\t\t\t<div class=\"elementor-container elementor-column-gap-default\">\n\t\t\t\t\t\t<\/div>\n\t\t<\/section>\n\t\t\t\t\t<\/div>\n\t\t<\/div>\n\t\t\t\t\t<\/div>\n\t\t<\/section>\n\t\t\t\t<section class=\"elementor-section elementor-top-section elementor-element elementor-element-a6d4222 elementor-section-boxed elementor-section-height-default elementor-section-height-default\" data-id=\"a6d4222\" data-element_type=\"section\">\n\t\t\t\t\t\t<div class=\"elementor-container elementor-column-gap-default\">\n\t\t\t\t\t<div class=\"elementor-column elementor-col-100 elementor-top-column elementor-element elementor-element-ea27f09\" data-id=\"ea27f09\" data-element_type=\"column\">\n\t\t\t<div class=\"elementor-widget-wrap elementor-element-populated\">\n\t\t\t\t\t\t<section class=\"elementor-section elementor-inner-section elementor-element elementor-element-25c3156 elementor-section-boxed elementor-section-height-default elementor-section-height-default\" data-id=\"25c3156\" data-element_type=\"section\">\n\t\t\t\t\t\t<div class=\"elementor-container elementor-column-gap-default\">\n\t\t\t\t\t<div class=\"elementor-column elementor-col-100 elementor-inner-column elementor-element elementor-element-aac779c\" data-id=\"aac779c\" data-element_type=\"column\">\n\t\t\t<div class=\"elementor-widget-wrap elementor-element-populated\">\n\t\t\t\t\t\t<div class=\"elementor-element elementor-element-612550d elementor-widget elementor-widget-text-editor\" data-id=\"612550d\" data-element_type=\"widget\" data-widget_type=\"text-editor.default\">\n\t\t\t\t<div class=\"elementor-widget-container\">\n\t\t\t\t\t\t\t\t\t<p><span style=\"font-weight: 400;\">Nomm\u00e9e Directrice g\u00e9n\u00e9rale d\u00e9l\u00e9gu\u00e9e en janvier 2026, Karen Virapin devient la premi\u00e8re femme ultramarine \u00e0 acc\u00e9der \u00e0 ce niveau de gouvernance au sein d\u2019<a href=\"https:\/\/www.aircaraibes.com\/espace-presse\/karen-virapin-nommee-directrice-generale-deleguee-dair-caraibes\" target=\"_blank\" rel=\"noopener nofollow\">Air Cara\u00efbes<\/a>. Une \u00e9volution majeure pour la compagnie a\u00e9rienne, mais aussi un signal fort pour le secteur du transport a\u00e9rien carib\u00e9en. Au-del\u00e0 du symbole, cette nomination pose une question centrale : quels impacts concrets peut-elle avoir sur la gouvernance, le dialogue social, le r\u00e9seau r\u00e9gional et la qualit\u00e9 de service ?<\/span><\/p>\t\t\t\t\t\t\t\t<\/div>\n\t\t\t\t<\/div>\n\t\t\t\t\t<\/div>\n\t\t<\/div>\n\t\t\t\t\t<\/div>\n\t\t<\/section>\n\t\t\t\t\t<\/div>\n\t\t<\/div>\n\t\t\t\t\t<\/div>\n\t\t<\/section>\n\t\t\t\t<section class=\"elementor-section elementor-top-section elementor-element elementor-element-e1fea79 elementor-section-boxed elementor-section-height-default elementor-section-height-default\" data-id=\"e1fea79\" data-element_type=\"section\">\n\t\t\t\t\t\t<div class=\"elementor-container elementor-column-gap-default\">\n\t\t\t\t\t<div class=\"elementor-column elementor-col-100 elementor-top-column elementor-element elementor-element-6d0be76\" data-id=\"6d0be76\" data-element_type=\"column\">\n\t\t\t<div class=\"elementor-widget-wrap elementor-element-populated\">\n\t\t\t\t\t\t<div class=\"elementor-element elementor-element-a310b25 elementor-widget elementor-widget-heading\" data-id=\"a310b25\" data-element_type=\"widget\" data-widget_type=\"heading.default\">\n\t\t\t\t<div class=\"elementor-widget-container\">\n\t\t\t\t\t<h2 class=\"elementor-heading-title elementor-size-default\">Une nomination qui s\u2019inscrit dans la continuit\u00e9, mais pas dans l\u2019immobilisme<\/h2>\t\t\t\t<\/div>\n\t\t\t\t<\/div>\n\t\t\t\t<div class=\"elementor-element elementor-element-bbb62ae elementor-widget elementor-widget-text-editor\" data-id=\"bbb62ae\" data-element_type=\"widget\" data-widget_type=\"text-editor.default\">\n\t\t\t\t<div class=\"elementor-widget-container\">\n\t\t\t\t\t\t\t\t\t<p><span style=\"font-weight: 400;\">Pr\u00e9sente depuis quatorze ans au sein de la compagnie, <a href=\"https:\/\/www.linkedin.com\/in\/karenvirapin\/\" target=\"_blank\" rel=\"noopener nofollow\">Karen Virapin<\/a> n\u2019est pas une figure parachut\u00e9e. Ancienne Directrice des Ressources Humaines, Karen Virapin a accompagn\u00e9 l\u2019ensemble des transformations structurelles de l\u2019entreprise : \u00e9volution de l\u2019organisation, croissance des effectifs, adaptation aux contraintes \u00e9conomiques et sociales du secteur a\u00e9rien. Son accession au poste de Directrice g\u00e9n\u00e9rale d\u00e9l\u00e9gu\u00e9e s\u2019inscrit donc dans une logique de continuit\u00e9.<\/span><\/p>\n<p><span style=\"font-weight: 400;\">Mais continuit\u00e9 ne signifie pas immobilisme. Dans un secteur aussi expos\u00e9 que l\u2019a\u00e9rien, marqu\u00e9 par des \u00e9quilibres fragiles entre co\u00fbts, exigences sociales, qualit\u00e9 de service et attentes territoriales, la gouvernance joue un r\u00f4le d\u00e9terminant. Et c\u2019est pr\u00e9cis\u00e9ment \u00e0 ce niveau que cette nomination prend tout son sens.<\/span><\/p>\t\t\t\t\t\t\t\t<\/div>\n\t\t\t\t<\/div>\n\t\t\t\t<div class=\"elementor-element elementor-element-5e84445 elementor-widget elementor-widget-image\" data-id=\"5e84445\" data-element_type=\"widget\" data-widget_type=\"image.default\">\n\t\t\t\t<div class=\"elementor-widget-container\">\n\t\t\t\t\t\t\t\t\t\t\t\t<figure class=\"wp-caption\">\n\t\t\t\t\t\t\t\t\t\t<img fetchpriority=\"high\" decoding=\"async\" width=\"800\" height=\"800\" src=\"https:\/\/richeskarayib.com\/wp-content\/uploads\/2026\/01\/Karen-VIRAPIN-1.jpg\" class=\"attachment-large size-large wp-image-68485\" alt=\"Karen VIRAPIN\" srcset=\"https:\/\/richeskarayib.com\/wp-content\/uploads\/2026\/01\/Karen-VIRAPIN-1.jpg 800w, https:\/\/richeskarayib.com\/wp-content\/uploads\/2026\/01\/Karen-VIRAPIN-1-300x300.jpg 300w, https:\/\/richeskarayib.com\/wp-content\/uploads\/2026\/01\/Karen-VIRAPIN-1-150x150.jpg 150w, https:\/\/richeskarayib.com\/wp-content\/uploads\/2026\/01\/Karen-VIRAPIN-1-768x768.jpg 768w\" sizes=\"(max-width: 800px) 100vw, 800px\" \/>\t\t\t\t\t\t\t\t\t\t\t<figcaption class=\"widget-image-caption wp-caption-text\">Karen VIRAPIN <\/figcaption>\n\t\t\t\t\t\t\t\t\t\t<\/figure>\n\t\t\t\t\t\t\t\t\t<\/div>\n\t\t\t\t<\/div>\n\t\t\t\t\t<\/div>\n\t\t<\/div>\n\t\t\t\t\t<\/div>\n\t\t<\/section>\n\t\t\t\t<section class=\"elementor-section elementor-top-section elementor-element elementor-element-ee72354 elementor-section-boxed elementor-section-height-default elementor-section-height-default\" data-id=\"ee72354\" data-element_type=\"section\">\n\t\t\t\t\t\t<div class=\"elementor-container elementor-column-gap-default\">\n\t\t\t\t\t<div class=\"elementor-column elementor-col-100 elementor-top-column elementor-element elementor-element-c59d6fe\" data-id=\"c59d6fe\" data-element_type=\"column\">\n\t\t\t<div class=\"elementor-widget-wrap elementor-element-populated\">\n\t\t\t\t\t\t<div class=\"elementor-element elementor-element-ddc6a1e elementor-widget elementor-widget-heading\" data-id=\"ddc6a1e\" data-element_type=\"widget\" data-widget_type=\"heading.default\">\n\t\t\t\t<div class=\"elementor-widget-container\">\n\t\t\t\t\t<h2 class=\"elementor-heading-title elementor-size-default\">Premi\u00e8re femme ultramarine \u00e0 ce niveau : un signal pour l\u2019aviation carib\u00e9enne\n<\/h2>\t\t\t\t<\/div>\n\t\t\t\t<\/div>\n\t\t\t\t<div class=\"elementor-element elementor-element-e57451f elementor-widget elementor-widget-text-editor\" data-id=\"e57451f\" data-element_type=\"widget\" data-widget_type=\"text-editor.default\">\n\t\t\t\t<div class=\"elementor-widget-container\">\n\t\t\t\t\t\t\t\t\t<p><span style=\"font-weight: 400;\">Le transport a\u00e9rien reste historiquement un univers tr\u00e8s masculin, notamment dans les sph\u00e8res dirigeantes. L\u2019arriv\u00e9e de Karen Virapin \u00e0 la direction g\u00e9n\u00e9rale d\u00e9l\u00e9gu\u00e9e constitue donc un marqueur fort, \u00e0 la fois pour la repr\u00e9sentation des femmes et pour celle des talents ultramarins.<\/span><\/p>\n<p><span style=\"font-weight: 400;\">Ce signal d\u00e9passe le cadre interne de la compagnie. Il renvoie \u00e0 une r\u00e9alit\u00e9 plus large : la capacit\u00e9 des entreprises op\u00e9rant en Cara\u00efbe \u00e0 reconna\u00eetre des parcours construits localement, ancr\u00e9s dans la connaissance fine des territoires, et non uniquement issus de trajectoires ext\u00e9rieures. Cette reconnaissance n\u2019est pas symbolique ; elle peut influencer la mani\u00e8re dont les d\u00e9cisions strat\u00e9giques sont prises, hi\u00e9rarchis\u00e9es et appliqu\u00e9es.<\/span><\/p>\t\t\t\t\t\t\t\t<\/div>\n\t\t\t\t<\/div>\n\t\t\t\t<section class=\"elementor-section elementor-inner-section elementor-element elementor-element-bcdfebd elementor-section-boxed elementor-section-height-default elementor-section-height-default\" data-id=\"bcdfebd\" data-element_type=\"section\">\n\t\t\t\t\t\t<div class=\"elementor-container elementor-column-gap-default\">\n\t\t\t\t\t<div class=\"elementor-column elementor-col-100 elementor-inner-column elementor-element elementor-element-9fe2dbd\" data-id=\"9fe2dbd\" data-element_type=\"column\">\n\t\t\t<div class=\"elementor-widget-wrap elementor-element-populated\">\n\t\t\t\t\t\t<div class=\"elementor-element elementor-element-65363ee elementor-widget elementor-widget-image\" data-id=\"65363ee\" data-element_type=\"widget\" data-widget_type=\"image.default\">\n\t\t\t\t<div class=\"elementor-widget-container\">\n\t\t\t\t\t\t\t\t\t\t\t\t<figure class=\"wp-caption\">\n\t\t\t\t\t\t\t\t\t\t<img decoding=\"async\" width=\"800\" height=\"534\" src=\"https:\/\/richeskarayib.com\/wp-content\/uploads\/2026\/01\/\u00a9Air-Caraibes--1024x683.jpg\" class=\"attachment-large size-large wp-image-68489\" alt=\"Karen VIRAPIN\" srcset=\"https:\/\/richeskarayib.com\/wp-content\/uploads\/2026\/01\/\u00a9Air-Caraibes--1024x683.jpg 1024w, https:\/\/richeskarayib.com\/wp-content\/uploads\/2026\/01\/\u00a9Air-Caraibes--300x200.jpg 300w, https:\/\/richeskarayib.com\/wp-content\/uploads\/2026\/01\/\u00a9Air-Caraibes--768x512.jpg 768w, https:\/\/richeskarayib.com\/wp-content\/uploads\/2026\/01\/\u00a9Air-Caraibes--1536x1025.jpg 1536w, https:\/\/richeskarayib.com\/wp-content\/uploads\/2026\/01\/\u00a9Air-Caraibes--1320x881.jpg 1320w, https:\/\/richeskarayib.com\/wp-content\/uploads\/2026\/01\/\u00a9Air-Caraibes-.jpg 1920w\" sizes=\"(max-width: 800px) 100vw, 800px\" \/>\t\t\t\t\t\t\t\t\t\t\t<figcaption class=\"widget-image-caption wp-caption-text\">\u00a9Air Carai\u0308bes<\/figcaption>\n\t\t\t\t\t\t\t\t\t\t<\/figure>\n\t\t\t\t\t\t\t\t\t<\/div>\n\t\t\t\t<\/div>\n\t\t\t\t\t<\/div>\n\t\t<\/div>\n\t\t\t\t\t<\/div>\n\t\t<\/section>\n\t\t\t\t\t<\/div>\n\t\t<\/div>\n\t\t\t\t\t<\/div>\n\t\t<\/section>\n\t\t\t\t<section class=\"elementor-section elementor-top-section elementor-element elementor-element-82cd8f9 elementor-section-boxed elementor-section-height-default elementor-section-height-default\" data-id=\"82cd8f9\" data-element_type=\"section\">\n\t\t\t\t\t\t<div class=\"elementor-container elementor-column-gap-default\">\n\t\t\t\t\t<div class=\"elementor-column elementor-col-100 elementor-top-column elementor-element elementor-element-0bfdc38\" data-id=\"0bfdc38\" data-element_type=\"column\">\n\t\t\t<div class=\"elementor-widget-wrap elementor-element-populated\">\n\t\t\t\t\t\t<div class=\"elementor-element elementor-element-7d292fe elementor-widget elementor-widget-heading\" data-id=\"7d292fe\" data-element_type=\"widget\" data-widget_type=\"heading.default\">\n\t\t\t\t<div class=\"elementor-widget-container\">\n\t\t\t\t\t<h2 class=\"elementor-heading-title elementor-size-default\">Dialogue social : un levier strat\u00e9gique, pas un slogan<\/h2>\t\t\t\t<\/div>\n\t\t\t\t<\/div>\n\t\t\t\t<div class=\"elementor-element elementor-element-8e337bf elementor-widget elementor-widget-text-editor\" data-id=\"8e337bf\" data-element_type=\"widget\" data-widget_type=\"text-editor.default\">\n\t\t\t\t<div class=\"elementor-widget-container\">\n\t\t\t\t\t\t\t\t\t<p><span style=\"font-weight: 400;\">Dans l\u2019a\u00e9rien, le dialogue social n\u2019est jamais un sujet secondaire. Conditions de travail, organisation des plannings, \u00e9volution des m\u00e9tiers, pression op\u00e9rationnelle : chaque arbitrage a des cons\u00e9quences directes sur la stabilit\u00e9 de l\u2019entreprise et sur l\u2019exp\u00e9rience client.<\/span><\/p>\n<p><span style=\"font-weight: 400;\">Le fait que la nouvelle Directrice g\u00e9n\u00e9rale d\u00e9l\u00e9gu\u00e9e soit issue des ressources humaines n\u2019est pas anodin. Cela ne garantit ni l\u2019absence de tensions ni des d\u00e9cisions consensuelles, mais cela implique une m\u00e9thode. Une m\u00e9thode fond\u00e9e sur la compr\u00e9hension des \u00e9quilibres internes, des attentes des personnels navigants comme des \u00e9quipes au sol, et des contraintes propres aux dessertes carib\u00e9ennes.<\/span><\/p>\n<p><span style=\"font-weight: 400;\">\u00c0 moyen terme, l\u2019impact se mesurera moins aux discours qu\u2019\u00e0 des indicateurs concrets : climat social, capacit\u00e9 \u00e0 anticiper les conflits, continuit\u00e9 du service en p\u00e9riode sensible.<\/span><\/p>\t\t\t\t\t\t\t\t<\/div>\n\t\t\t\t<\/div>\n\t\t\t\t<section class=\"elementor-section elementor-inner-section elementor-element elementor-element-c582330 elementor-section-boxed elementor-section-height-default elementor-section-height-default\" data-id=\"c582330\" data-element_type=\"section\">\n\t\t\t\t\t\t<div class=\"elementor-container elementor-column-gap-default\">\n\t\t\t\t\t\t<\/div>\n\t\t<\/section>\n\t\t\t\t<section class=\"elementor-section elementor-inner-section elementor-element elementor-element-296603a elementor-section-boxed elementor-section-height-default elementor-section-height-default\" data-id=\"296603a\" data-element_type=\"section\">\n\t\t\t\t\t\t<div class=\"elementor-container elementor-column-gap-default\">\n\t\t\t\t\t\t<\/div>\n\t\t<\/section>\n\t\t\t\t\t<\/div>\n\t\t<\/div>\n\t\t\t\t\t<\/div>\n\t\t<\/section>\n\t\t\t\t<section class=\"elementor-section elementor-top-section elementor-element elementor-element-5a7397d elementor-section-boxed elementor-section-height-default elementor-section-height-default\" data-id=\"5a7397d\" data-element_type=\"section\">\n\t\t\t\t\t\t<div class=\"elementor-container elementor-column-gap-default\">\n\t\t\t\t\t<div class=\"elementor-column elementor-col-100 elementor-top-column elementor-element elementor-element-8b33b4b\" data-id=\"8b33b4b\" data-element_type=\"column\">\n\t\t\t<div class=\"elementor-widget-wrap elementor-element-populated\">\n\t\t\t\t\t\t<div class=\"elementor-element elementor-element-89dac4b elementor-widget elementor-widget-heading\" data-id=\"89dac4b\" data-element_type=\"widget\" data-widget_type=\"heading.default\">\n\t\t\t\t<div class=\"elementor-widget-container\">\n\t\t\t\t\t<h2 class=\"elementor-heading-title elementor-size-default\">R\u00e9seau r\u00e9gional Cara\u00efbe\u2013Guyane : une gouvernance de proximit\u00e9 \u00e0 l\u2019\u00e9preuve des faits<\/h2>\t\t\t\t<\/div>\n\t\t\t\t<\/div>\n\t\t\t\t<section class=\"elementor-section elementor-inner-section elementor-element elementor-element-95aa690 elementor-section-boxed elementor-section-height-default elementor-section-height-default\" data-id=\"95aa690\" data-element_type=\"section\">\n\t\t\t\t\t\t<div class=\"elementor-container elementor-column-gap-default\">\n\t\t\t\t\t<div class=\"elementor-column elementor-col-100 elementor-inner-column elementor-element elementor-element-ae7c4fc\" data-id=\"ae7c4fc\" data-element_type=\"column\">\n\t\t\t<div class=\"elementor-widget-wrap elementor-element-populated\">\n\t\t\t\t\t\t<div class=\"elementor-element elementor-element-819dd2d elementor-widget elementor-widget-text-editor\" data-id=\"819dd2d\" data-element_type=\"widget\" data-widget_type=\"text-editor.default\">\n\t\t\t\t<div class=\"elementor-widget-container\">\n\t\t\t\t\t\t\t\t\t<p><span style=\"font-weight: 400;\">Bas\u00e9e \u00e0 Pointe-\u00e0-Pitre, Karen Virapin incarne une gouvernance ancr\u00e9e dans les territoires desservis. Ce positionnement g\u00e9ographique n\u2019est pas neutre. Il place la direction au plus pr\u00e8s des r\u00e9alit\u00e9s du r\u00e9seau r\u00e9gional Antilles\u2013Guyane, souvent confront\u00e9 \u00e0 des enjeux sp\u00e9cifiques : r\u00e9gularit\u00e9 des vols, correspondances, continuit\u00e9 territoriale, attentes des r\u00e9sidents comme des professionnels du tourisme.<\/span><\/p>\t\t\t\t\t\t\t\t<\/div>\n\t\t\t\t<\/div>\n\t\t\t\t<div class=\"elementor-element elementor-element-579a574 elementor-widget elementor-widget-text-editor\" data-id=\"579a574\" data-element_type=\"widget\" data-widget_type=\"text-editor.default\">\n\t\t\t\t<div class=\"elementor-widget-container\">\n\t\t\t\t\t\t\t\t\t<p><span style=\"font-weight: 400;\">La question n\u2019est pas seulement celle du maintien des lignes, mais de leur coh\u00e9rence globale. Comment articuler r\u00e9seau r\u00e9gional et transatlantique ? Comment garantir une offre lisible et fiable dans un contexte de concurrence accrue et de pression sur les co\u00fbts ? L\u00e0 encore, les d\u00e9cisions \u00e0 venir permettront d\u2019\u00e9valuer la port\u00e9e r\u00e9elle de cette gouvernance dite \u00ab de proximit\u00e9 \u00bb.<\/span><\/p>\t\t\t\t\t\t\t\t<\/div>\n\t\t\t\t<\/div>\n\t\t\t\t\t<\/div>\n\t\t<\/div>\n\t\t\t\t\t<\/div>\n\t\t<\/section>\n\t\t\t\t<section class=\"elementor-section elementor-inner-section elementor-element elementor-element-fdc98a5 elementor-section-boxed elementor-section-height-default elementor-section-height-default\" data-id=\"fdc98a5\" data-element_type=\"section\">\n\t\t\t\t\t\t<div class=\"elementor-container elementor-column-gap-default\">\n\t\t\t\t\t<div class=\"elementor-column elementor-col-100 elementor-inner-column elementor-element elementor-element-159ba69\" data-id=\"159ba69\" data-element_type=\"column\">\n\t\t\t<div class=\"elementor-widget-wrap elementor-element-populated\">\n\t\t\t\t\t\t<div class=\"elementor-element elementor-element-1265b34 elementor-widget elementor-widget-image\" data-id=\"1265b34\" data-element_type=\"widget\" data-widget_type=\"image.default\">\n\t\t\t\t<div class=\"elementor-widget-container\">\n\t\t\t\t\t\t\t\t\t\t\t\t<figure class=\"wp-caption\">\n\t\t\t\t\t\t\t\t\t\t<img decoding=\"async\" width=\"800\" height=\"558\" src=\"https:\/\/richeskarayib.com\/wp-content\/uploads\/2026\/01\/\u00a9Air-Caraibes-1-1024x714.jpg\" class=\"attachment-large size-large wp-image-68493\" alt=\"Karen VIRAPIN\" srcset=\"https:\/\/richeskarayib.com\/wp-content\/uploads\/2026\/01\/\u00a9Air-Caraibes-1-1024x714.jpg 1024w, https:\/\/richeskarayib.com\/wp-content\/uploads\/2026\/01\/\u00a9Air-Caraibes-1-300x209.jpg 300w, https:\/\/richeskarayib.com\/wp-content\/uploads\/2026\/01\/\u00a9Air-Caraibes-1-768x536.jpg 768w, https:\/\/richeskarayib.com\/wp-content\/uploads\/2026\/01\/\u00a9Air-Caraibes-1-1536x1071.jpg 1536w, https:\/\/richeskarayib.com\/wp-content\/uploads\/2026\/01\/\u00a9Air-Caraibes-1-1320x921.jpg 1320w, https:\/\/richeskarayib.com\/wp-content\/uploads\/2026\/01\/\u00a9Air-Caraibes-1.jpg 1920w\" sizes=\"(max-width: 800px) 100vw, 800px\" \/>\t\t\t\t\t\t\t\t\t\t\t<figcaption class=\"widget-image-caption wp-caption-text\">\u00a9Air Carai\u0308bes<\/figcaption>\n\t\t\t\t\t\t\t\t\t\t<\/figure>\n\t\t\t\t\t\t\t\t\t<\/div>\n\t\t\t\t<\/div>\n\t\t\t\t\t<\/div>\n\t\t<\/div>\n\t\t\t\t\t<\/div>\n\t\t<\/section>\n\t\t\t\t\t<\/div>\n\t\t<\/div>\n\t\t\t\t\t<\/div>\n\t\t<\/section>\n\t\t\t\t<section class=\"elementor-section elementor-top-section elementor-element elementor-element-2c060f5 elementor-section-boxed elementor-section-height-default elementor-section-height-default\" data-id=\"2c060f5\" data-element_type=\"section\">\n\t\t\t\t\t\t<div class=\"elementor-container elementor-column-gap-default\">\n\t\t\t\t\t<div class=\"elementor-column elementor-col-100 elementor-top-column elementor-element elementor-element-359f969\" data-id=\"359f969\" data-element_type=\"column\">\n\t\t\t<div class=\"elementor-widget-wrap elementor-element-populated\">\n\t\t\t\t\t\t<div class=\"elementor-element elementor-element-808b8b3 elementor-widget elementor-widget-heading\" data-id=\"808b8b3\" data-element_type=\"widget\" data-widget_type=\"heading.default\">\n\t\t\t\t<div class=\"elementor-widget-container\">\n\t\t\t\t\t<h2 class=\"elementor-heading-title elementor-size-default\">Qualit\u00e9 de service : maintenir l\u2019exigence dans un contexte de transformation<\/h2>\t\t\t\t<\/div>\n\t\t\t\t<\/div>\n\t\t\t\t<div class=\"elementor-element elementor-element-3c9cb71 elementor-widget elementor-widget-text-editor\" data-id=\"3c9cb71\" data-element_type=\"widget\" data-widget_type=\"text-editor.default\">\n\t\t\t\t<div class=\"elementor-widget-container\">\n\t\t\t\t\t\t\t\t\t<p><span style=\"font-weight: 400;\">L\u2019un des d\u00e9fis majeurs pour toute compagnie a\u00e9rienne r\u00e9side dans sa capacit\u00e9 \u00e0 se transformer sans d\u00e9grader la qualit\u00e9 per\u00e7ue par les passagers. Modernisation de la flotte, r\u00e9organisation interne, ajustements op\u00e9rationnels : chaque \u00e9volution comporte un risque sur l\u2019exp\u00e9rience client.<\/span><\/p>\n<p><span style=\"font-weight: 400;\">Dans ce contexte, la trajectoire de la nouvelle Directrice g\u00e9n\u00e9rale d\u00e9l\u00e9gu\u00e9e sera observ\u00e9e sur un point pr\u00e9cis : la coh\u00e9rence entre transformation interne et promesse de service. Ponctualit\u00e9, r\u00e9gularit\u00e9, qualit\u00e9 de l\u2019accueil, gestion des situations perturb\u00e9es constituent autant de marqueurs concrets pour les passagers et pour les territoires d\u00e9pendants de la connectivit\u00e9 a\u00e9rienne.<\/span><\/p>\t\t\t\t\t\t\t\t<\/div>\n\t\t\t\t<\/div>\n\t\t\t\t\t<\/div>\n\t\t<\/div>\n\t\t\t\t\t<\/div>\n\t\t<\/section>\n\t\t\t\t<section class=\"elementor-section elementor-top-section elementor-element elementor-element-4ef9ba5 elementor-section-boxed elementor-section-height-default elementor-section-height-default\" data-id=\"4ef9ba5\" data-element_type=\"section\">\n\t\t\t\t\t\t<div class=\"elementor-container elementor-column-gap-default\">\n\t\t\t\t\t<div class=\"elementor-column elementor-col-100 elementor-top-column elementor-element elementor-element-2af15d8\" data-id=\"2af15d8\" data-element_type=\"column\">\n\t\t\t<div class=\"elementor-widget-wrap elementor-element-populated\">\n\t\t\t\t\t\t<div class=\"elementor-element elementor-element-39df54b elementor-widget elementor-widget-heading\" data-id=\"39df54b\" data-element_type=\"widget\" data-widget_type=\"heading.default\">\n\t\t\t\t<div class=\"elementor-widget-container\">\n\t\t\t\t\t<h2 class=\"elementor-heading-title elementor-size-default\">Ce que les territoires peuvent observer dans les prochains mois\n<\/h2>\t\t\t\t<\/div>\n\t\t\t\t<\/div>\n\t\t\t\t<div class=\"elementor-element elementor-element-83c1bd2 elementor-widget elementor-widget-text-editor\" data-id=\"83c1bd2\" data-element_type=\"widget\" data-widget_type=\"text-editor.default\">\n\t\t\t\t<div class=\"elementor-widget-container\">\n\t\t\t\t\t\t\t\t\t<p><span style=\"font-weight: 400;\">Pour les Antilles et la Guyane, l\u2019enjeu d\u00e9passe largement la gouvernance interne. Il touche \u00e0 la mobilit\u00e9, au tourisme, \u00e0 l\u2019attractivit\u00e9 \u00e9conomique et \u00e0 la vie quotidienne. Les impacts concrets de cette nomination pourront \u00eatre \u00e9valu\u00e9s \u00e0 travers plusieurs signaux faibles mais r\u00e9v\u00e9lateurs : stabilit\u00e9 sociale, lisibilit\u00e9 de l\u2019offre r\u00e9gionale, continuit\u00e9 des dessertes, capacit\u00e9 d\u2019adaptation face aux al\u00e9as. Il ne s\u2019agit pas d\u2019attendre des ruptures spectaculaires, mais d\u2019observer si la promesse d\u2019une direction ancr\u00e9e, attentive aux r\u00e9alit\u00e9s carib\u00e9ennes, se traduit dans les faits.<\/span><\/p>\t\t\t\t\t\t\t\t<\/div>\n\t\t\t\t<\/div>\n\t\t\t\t\t<\/div>\n\t\t<\/div>\n\t\t\t\t\t<\/div>\n\t\t<\/section>\n\t\t\t\t<section class=\"elementor-section elementor-top-section elementor-element elementor-element-a9ffc1c elementor-section-boxed elementor-section-height-default elementor-section-height-default\" data-id=\"a9ffc1c\" data-element_type=\"section\">\n\t\t\t\t\t\t<div class=\"elementor-container elementor-column-gap-default\">\n\t\t\t\t\t<div class=\"elementor-column elementor-col-100 elementor-top-column elementor-element elementor-element-7319a5d\" data-id=\"7319a5d\" data-element_type=\"column\">\n\t\t\t<div class=\"elementor-widget-wrap elementor-element-populated\">\n\t\t\t\t\t\t<div class=\"elementor-element elementor-element-308a79d elementor-widget elementor-widget-heading\" data-id=\"308a79d\" data-element_type=\"widget\" data-widget_type=\"heading.default\">\n\t\t\t\t<div class=\"elementor-widget-container\">\n\t\t\t\t\t<h2 class=\"elementor-heading-title elementor-size-default\">Une nomination observ\u00e9e bien au-del\u00e0 de la compagnie<\/h2>\t\t\t\t<\/div>\n\t\t\t\t<\/div>\n\t\t\t\t<div class=\"elementor-element elementor-element-fe311f7 elementor-widget elementor-widget-text-editor\" data-id=\"fe311f7\" data-element_type=\"widget\" data-widget_type=\"text-editor.default\">\n\t\t\t\t<div class=\"elementor-widget-container\">\n\t\t\t\t\t\t\t\t\t<p><span style=\"font-weight: 400;\">En acc\u00e9dant \u00e0 la direction g\u00e9n\u00e9rale d\u00e9l\u00e9gu\u00e9e, Karen Virapin ne devient pas seulement un visage de la gouvernance d\u2019<a href=\"https:\/\/richeskarayib.com\/fr\/air-caraibes-french-bee-et-volotea-un-accord-interligne-pour-faciliter-les-voyages-vers-les-tropiques\/\" target=\"_blank\" rel=\"noopener\">Air Cara\u00efbes<\/a>. Elle incarne aussi une \u00e9volution plus large du rapport entre entreprises, territoires et leadership dans la Cara\u00efbe fran\u00e7aise. Une \u00e9volution encore fragile, mais porteuse d\u2019enjeux structurants. Les prochains mois diront si cette nomination de Karen Virapin marque un simple jalon symbolique ou une \u00e9tape durable dans la mani\u00e8re de penser la gouvernance du transport a\u00e9rien carib\u00e9en.<\/span><\/p>\t\t\t\t\t\t\t\t<\/div>\n\t\t\t\t<\/div>\n\t\t\t\t\t<\/div>\n\t\t<\/div>\n\t\t\t\t\t<\/div>\n\t\t<\/section>\n\t\t\t\t<section class=\"elementor-section elementor-top-section elementor-element elementor-element-22bf69f elementor-section-boxed elementor-section-height-default elementor-section-height-default\" data-id=\"22bf69f\" data-element_type=\"section\">\n\t\t\t\t\t\t<div class=\"elementor-container elementor-column-gap-default\">\n\t\t\t\t\t<div class=\"elementor-column elementor-col-100 elementor-top-column elementor-element elementor-element-8aedddd\" data-id=\"8aedddd\" data-element_type=\"column\">\n\t\t\t<div class=\"elementor-widget-wrap elementor-element-populated\">\n\t\t\t\t\t\t<section class=\"elementor-section elementor-inner-section elementor-element elementor-element-c8e3557 elementor-section-boxed elementor-section-height-default elementor-section-height-default\" data-id=\"c8e3557\" data-element_type=\"section\">\n\t\t\t\t\t\t<div class=\"elementor-container elementor-column-gap-default\">\n\t\t\t\t\t<div class=\"elementor-column elementor-col-100 elementor-inner-column elementor-element elementor-element-1222702\" data-id=\"1222702\" data-element_type=\"column\">\n\t\t\t<div class=\"elementor-widget-wrap elementor-element-populated\">\n\t\t\t\t\t\t<div class=\"elementor-element elementor-element-2e40abe elementor-widget elementor-widget-accordion\" data-id=\"2e40abe\" data-element_type=\"widget\" data-widget_type=\"accordion.default\">\n\t\t\t\t<div class=\"elementor-widget-container\">\n\t\t\t\t\t\t\t<div class=\"elementor-accordion\">\n\t\t\t\t\t\t\t<div class=\"elementor-accordion-item\">\n\t\t\t\t\t<div id=\"elementor-tab-title-4841\" class=\"elementor-tab-title\" data-tab=\"1\" role=\"button\" aria-controls=\"elementor-tab-content-4841\" aria-expanded=\"false\">\n\t\t\t\t\t\t\t\t\t\t\t\t\t<span class=\"elementor-accordion-icon elementor-accordion-icon-left\" aria-hidden=\"true\">\n\t\t\t\t\t\t\t\t\t\t\t\t\t\t\t<span class=\"elementor-accordion-icon-closed\"><i class=\"fas fa-plus\"><\/i><\/span>\n\t\t\t\t\t\t\t\t<span class=\"elementor-accordion-icon-opened\"><i class=\"fas fa-minus\"><\/i><\/span>\n\t\t\t\t\t\t\t\t\t\t\t\t\t\t<\/span>\n\t\t\t\t\t\t\t\t\t\t\t\t<a class=\"elementor-accordion-title\" tabindex=\"0\">Qui est Karen Virapin ?<\/a>\n\t\t\t\t\t<\/div>\n\t\t\t\t\t<div id=\"elementor-tab-content-4841\" class=\"elementor-tab-content elementor-clearfix\" data-tab=\"1\" role=\"region\" aria-labelledby=\"elementor-tab-title-4841\"><p><span style=\"font-weight: 400;\">Karen Virapin est une dirigeante fran\u00e7aise originaire de Guadeloupe, nomm\u00e9e <\/span><b>Directrice g\u00e9n\u00e9rale d\u00e9l\u00e9gu\u00e9e d\u2019Air Cara\u00efbes<\/b><span style=\"font-weight: 400;\"> en janvier 2026. Pr\u00e9sente au sein de la compagnie depuis quatorze ans, elle y a occup\u00e9 pendant plus d\u2019une d\u00e9cennie le poste de Directrice des Ressources Humaines.<\/span><span style=\"font-weight: 400;\"><br \/><\/span><span style=\"font-weight: 400;\"> Son parcours s\u2019est construit \u00e0 la fois dans l\u2019Hexagone et aux Antilles, avec une solide exp\u00e9rience du pilotage organisationnel et du dialogue social dans un secteur a\u00e9rien exigeant. Sa nomination fait d\u2019elle la <\/span><b>premi\u00e8re femme ultramarine \u00e0 acc\u00e9der \u00e0 ce niveau de gouvernance<\/b><span style=\"font-weight: 400;\"> au sein de la compagnie.<\/span><\/p><\/div>\n\t\t\t\t<\/div>\n\t\t\t\t\t\t\t<div class=\"elementor-accordion-item\">\n\t\t\t\t\t<div id=\"elementor-tab-title-4842\" class=\"elementor-tab-title\" data-tab=\"2\" role=\"button\" aria-controls=\"elementor-tab-content-4842\" aria-expanded=\"false\">\n\t\t\t\t\t\t\t\t\t\t\t\t\t<span class=\"elementor-accordion-icon elementor-accordion-icon-left\" aria-hidden=\"true\">\n\t\t\t\t\t\t\t\t\t\t\t\t\t\t\t<span class=\"elementor-accordion-icon-closed\"><i class=\"fas fa-plus\"><\/i><\/span>\n\t\t\t\t\t\t\t\t<span class=\"elementor-accordion-icon-opened\"><i class=\"fas fa-minus\"><\/i><\/span>\n\t\t\t\t\t\t\t\t\t\t\t\t\t\t<\/span>\n\t\t\t\t\t\t\t\t\t\t\t\t<a class=\"elementor-accordion-title\" tabindex=\"0\"> Quel est le r\u00f4le d\u2019une Directrice g\u00e9n\u00e9rale d\u00e9l\u00e9gu\u00e9e dans une compagnie a\u00e9rienne ?<\/a>\n\t\t\t\t\t<\/div>\n\t\t\t\t\t<div id=\"elementor-tab-content-4842\" class=\"elementor-tab-content elementor-clearfix\" data-tab=\"2\" role=\"region\" aria-labelledby=\"elementor-tab-title-4842\"><p><span style=\"font-weight: 400;\">La Directrice g\u00e9n\u00e9rale d\u00e9l\u00e9gu\u00e9e occupe un <\/span><b>poste ex\u00e9cutif de premier plan<\/b><span style=\"font-weight: 400;\"> au sein de la gouvernance. Elle travaille en \u00e9troite coordination avec la direction g\u00e9n\u00e9rale et participe directement aux d\u00e9cisions strat\u00e9giques, op\u00e9rationnelles et organisationnelles de la compagnie.<\/span><span style=\"font-weight: 400;\"><br \/><\/span><\/p>\n<ul>\n<li style=\"font-weight: 400;\" aria-level=\"1\"><span style=\"font-weight: 400;\">&#8211; la supervision de l\u2019organisation interne,<\/span><\/li>\n<li style=\"font-weight: 400;\" aria-level=\"1\"><span style=\"font-weight: 400;\">&#8211; le pilotage des transformations structurelles,<\/span><\/li>\n<li style=\"font-weight: 400;\" aria-level=\"1\"><span style=\"font-weight: 400;\">&#8211; le dialogue social avec les \u00e9quipes,<\/span><\/li>\n<li style=\"font-weight: 400;\" aria-level=\"1\"><span style=\"font-weight: 400;\">&#8211; la coh\u00e9rence entre strat\u00e9gie \u00e9conomique, contraintes op\u00e9rationnelles et qualit\u00e9 de service.<\/span><\/li>\n<\/ul><\/div>\n\t\t\t\t<\/div>\n\t\t\t\t\t\t\t<div class=\"elementor-accordion-item\">\n\t\t\t\t\t<div id=\"elementor-tab-title-4843\" class=\"elementor-tab-title\" data-tab=\"3\" role=\"button\" aria-controls=\"elementor-tab-content-4843\" aria-expanded=\"false\">\n\t\t\t\t\t\t\t\t\t\t\t\t\t<span class=\"elementor-accordion-icon elementor-accordion-icon-left\" aria-hidden=\"true\">\n\t\t\t\t\t\t\t\t\t\t\t\t\t\t\t<span class=\"elementor-accordion-icon-closed\"><i class=\"fas fa-plus\"><\/i><\/span>\n\t\t\t\t\t\t\t\t<span class=\"elementor-accordion-icon-opened\"><i class=\"fas fa-minus\"><\/i><\/span>\n\t\t\t\t\t\t\t\t\t\t\t\t\t\t<\/span>\n\t\t\t\t\t\t\t\t\t\t\t\t<a class=\"elementor-accordion-title\" tabindex=\"0\">Pourquoi Air Cara\u00efbes est-elle strat\u00e9gique pour les Antilles et la Guyane ?<\/a>\n\t\t\t\t\t<\/div>\n\t\t\t\t\t<div id=\"elementor-tab-content-4843\" class=\"elementor-tab-content elementor-clearfix\" data-tab=\"3\" role=\"region\" aria-labelledby=\"elementor-tab-title-4843\"><p><span style=\"font-weight: 400;\">Air Cara\u00efbes joue un r\u00f4le central dans la <\/span><b>connectivit\u00e9 a\u00e9rienne<\/b><span style=\"font-weight: 400;\"> des Antilles et de la Guyane. La compagnie assure \u00e0 la fois :<\/span><\/p>\n<ul>\n<li style=\"font-weight: 400;\" aria-level=\"1\"><span style=\"font-weight: 400;\">&#8211; des liaisons transatlantiques essentielles avec l\u2019Hexagone,<\/span><\/li>\n<li style=\"font-weight: 400;\" aria-level=\"1\"><span style=\"font-weight: 400;\">&#8211; un r\u00e9seau r\u00e9gional structurant pour la mobilit\u00e9 intra-carib\u00e9enne.<\/span><\/li>\n<\/ul><\/div>\n\t\t\t\t<\/div>\n\t\t\t\t\t\t\t\t<\/div>\n\t\t\t\t\t\t<\/div>\n\t\t\t\t<\/div>\n\t\t\t\t\t<\/div>\n\t\t<\/div>\n\t\t\t\t\t<\/div>\n\t\t<\/section>\n\t\t\t\t\t<\/div>\n\t\t<\/div>\n\t\t\t\t\t<\/div>\n\t\t<\/section>\n\t\t\t\t<\/div>\n\t\t","protected":false},"excerpt":{"rendered":"<p>Nomm\u00e9e Directrice g\u00e9n\u00e9rale d\u00e9l\u00e9gu\u00e9e en janvier 2026, Karen Virapin devient la premi\u00e8re femme ultramarine \u00e0 acc\u00e9der \u00e0 ce niveau de gouvernance au sein d\u2019Air Cara\u00efbes. Une \u00e9volution majeure pour la compagnie a\u00e9rienne, mais aussi un signal fort pour le secteur du transport a\u00e9rien carib\u00e9en. Au-del\u00e0 du symbole, cette nomination pose une question centrale : quels [&hellip;]<\/p>\n","protected":false},"author":662,"featured_media":68481,"comment_status":"open","ping_status":"open","sticky":false,"template":"","format":"standard","meta":{"_acf_changed":false,"footnotes":""},"categories":[1765],"tags":[1545,1544,814,808,1482,1774,1616],"class_list":["post-68479","post","type-post","status-publish","format-standard","has-post-thumbnail","hentry","category-aerien","tag-guadeloupe-2","tag-guyane-2","tag-haiti-fr","tag-martinique-fr","tag-republique-dominicaine","tag-saint-barthelemy-3","tag-saint-martin-fr"],"acf":[],"_links":{"self":[{"href":"https:\/\/richeskarayib.com\/fr\/wp-json\/wp\/v2\/posts\/68479","targetHints":{"allow":["GET"]}}],"collection":[{"href":"https:\/\/richeskarayib.com\/fr\/wp-json\/wp\/v2\/posts"}],"about":[{"href":"https:\/\/richeskarayib.com\/fr\/wp-json\/wp\/v2\/types\/post"}],"author":[{"embeddable":true,"href":"https:\/\/richeskarayib.com\/fr\/wp-json\/wp\/v2\/users\/662"}],"replies":[{"embeddable":true,"href":"https:\/\/richeskarayib.com\/fr\/wp-json\/wp\/v2\/comments?post=68479"}],"version-history":[{"count":0,"href":"https:\/\/richeskarayib.com\/fr\/wp-json\/wp\/v2\/posts\/68479\/revisions"}],"wp:featuredmedia":[{"embeddable":true,"href":"https:\/\/richeskarayib.com\/fr\/wp-json\/wp\/v2\/media\/68481"}],"wp:attachment":[{"href":"https:\/\/richeskarayib.com\/fr\/wp-json\/wp\/v2\/media?parent=68479"}],"wp:term":[{"taxonomy":"category","embeddable":true,"href":"https:\/\/richeskarayib.com\/fr\/wp-json\/wp\/v2\/categories?post=68479"},{"taxonomy":"post_tag","embeddable":true,"href":"https:\/\/richeskarayib.com\/fr\/wp-json\/wp\/v2\/tags?post=68479"}],"curies":[{"name":"wp","href":"https:\/\/api.w.org\/{rel}","templated":true}]}}