{"id":68672,"date":"2026-01-26T10:43:03","date_gmt":"2026-01-26T14:43:03","guid":{"rendered":"https:\/\/richeskarayib.com\/?p=68672"},"modified":"2026-01-26T10:43:20","modified_gmt":"2026-01-26T14:43:20","slug":"jab-jab-carnaval-grenade-spicemas-carriacou","status":"publish","type":"post","link":"https:\/\/richeskarayib.com\/fr\/jab-jab-carnaval-grenade-spicemas-carriacou\/","title":{"rendered":"Grenade &#8211; Jab Jab : une figure fondatrice du carnaval de Grenade, de la m\u00e9moire collective aux temps forts de 2026"},"content":{"rendered":"\t\t<div data-elementor-type=\"wp-post\" data-elementor-id=\"68672\" class=\"elementor elementor-68672\" data-elementor-post-type=\"post\">\n\t\t\t\t\t\t<section class=\"elementor-section elementor-top-section elementor-element elementor-element-7ca7ca1 elementor-section-boxed elementor-section-height-default elementor-section-height-default\" data-id=\"7ca7ca1\" data-element_type=\"section\">\n\t\t\t\t\t\t<div class=\"elementor-container elementor-column-gap-default\">\n\t\t\t\t\t<div class=\"elementor-column elementor-col-100 elementor-top-column elementor-element elementor-element-cbdd002\" data-id=\"cbdd002\" data-element_type=\"column\">\n\t\t\t<div class=\"elementor-widget-wrap elementor-element-populated\">\n\t\t\t\t\t\t<section class=\"elementor-section elementor-inner-section elementor-element elementor-element-bc94849 elementor-section-boxed elementor-section-height-default elementor-section-height-default\" data-id=\"bc94849\" data-element_type=\"section\">\n\t\t\t\t\t\t<div class=\"elementor-container elementor-column-gap-default\">\n\t\t\t\t\t\t<\/div>\n\t\t<\/section>\n\t\t\t\t<section class=\"elementor-section elementor-inner-section elementor-element elementor-element-61571e6 elementor-section-boxed elementor-section-height-default elementor-section-height-default\" data-id=\"61571e6\" data-element_type=\"section\">\n\t\t\t\t\t\t<div class=\"elementor-container elementor-column-gap-default\">\n\t\t\t\t\t\t<\/div>\n\t\t<\/section>\n\t\t\t\t<section class=\"elementor-section elementor-inner-section elementor-element elementor-element-b6262e0 elementor-section-boxed elementor-section-height-default elementor-section-height-default\" data-id=\"b6262e0\" data-element_type=\"section\">\n\t\t\t\t\t\t<div class=\"elementor-container elementor-column-gap-default\">\n\t\t\t\t\t\t<\/div>\n\t\t<\/section>\n\t\t\t\t<section class=\"elementor-section elementor-inner-section elementor-element elementor-element-cca29fd elementor-section-boxed elementor-section-height-default elementor-section-height-default\" data-id=\"cca29fd\" data-element_type=\"section\">\n\t\t\t\t\t\t<div class=\"elementor-container elementor-column-gap-default\">\n\t\t\t\t\t\t<\/div>\n\t\t<\/section>\n\t\t\t\t\t<\/div>\n\t\t<\/div>\n\t\t\t\t\t<\/div>\n\t\t<\/section>\n\t\t\t\t<section class=\"elementor-section elementor-top-section elementor-element elementor-element-a6d4222 elementor-section-boxed elementor-section-height-default elementor-section-height-default\" data-id=\"a6d4222\" data-element_type=\"section\">\n\t\t\t\t\t\t<div class=\"elementor-container elementor-column-gap-default\">\n\t\t\t\t\t<div class=\"elementor-column elementor-col-100 elementor-top-column elementor-element elementor-element-ea27f09\" data-id=\"ea27f09\" data-element_type=\"column\">\n\t\t\t<div class=\"elementor-widget-wrap elementor-element-populated\">\n\t\t\t\t\t\t<section class=\"elementor-section elementor-inner-section elementor-element elementor-element-25c3156 elementor-section-boxed elementor-section-height-default elementor-section-height-default\" data-id=\"25c3156\" data-element_type=\"section\">\n\t\t\t\t\t\t<div class=\"elementor-container elementor-column-gap-default\">\n\t\t\t\t\t<div class=\"elementor-column elementor-col-100 elementor-inner-column elementor-element elementor-element-aac779c\" data-id=\"aac779c\" data-element_type=\"column\">\n\t\t\t<div class=\"elementor-widget-wrap elementor-element-populated\">\n\t\t\t\t\t\t<div class=\"elementor-element elementor-element-612550d elementor-widget elementor-widget-text-editor\" data-id=\"612550d\" data-element_type=\"widget\" data-widget_type=\"text-editor.default\">\n\t\t\t\t<div class=\"elementor-widget-container\">\n\t\t\t\t\t\t\t\t\t<p><span style=\"font-weight: 400;\">\u00c0 Grenade, le carnaval s\u2019exprime d\u2019abord par le corps, le rythme et la densit\u00e9 de la rue. Lorsque les silhouettes se couvrent d\u2019huile noire, que les cha\u00eenes r\u00e9sonnent sur l\u2019asphalte et que la foule avance \u00e0 l\u2019unisson dans la p\u00e9nombre du matin, <\/span><b>le Jab Jab<\/b><span style=\"font-weight: 400;\"> s\u2019impose. Plus qu\u2019un personnage carnavalesque, il est une pr\u00e9sence collective, une forme d\u2019expression profond\u00e9ment ancr\u00e9e dans l\u2019histoire sociale et culturelle de l\u2019\u00eele.<\/span><\/p>\t\t\t\t\t\t\t\t<\/div>\n\t\t\t\t<\/div>\n\t\t\t\t<div class=\"elementor-element elementor-element-1aee50e elementor-widget elementor-widget-text-editor\" data-id=\"1aee50e\" data-element_type=\"widget\" data-widget_type=\"text-editor.default\">\n\t\t\t\t<div class=\"elementor-widget-container\">\n\t\t\t\t\t\t\t\t\t<p><span style=\"font-weight: 400;\">En 2026, cette figure embl\u00e9matique retrouve toute sa centralit\u00e9 \u00e0 l\u2019occasion de deux grands rendez-vous : <\/span><b>Carriacou Carnival (Kayak Mas)<\/b><span style=\"font-weight: 400;\"> en f\u00e9vrier et <\/span><b>Spicemas<\/b><span style=\"font-weight: 400;\">, le carnaval national de Grenade, en ao\u00fbt. Comprendre le Jab Jab permet ainsi de lire ces \u00e9v\u00e9nements non comme de simples festivit\u00e9s, mais comme des moments structurants de l\u2019identit\u00e9 grenadienne.<\/span><\/p>\t\t\t\t\t\t\t\t<\/div>\n\t\t\t\t<\/div>\n\t\t\t\t\t<\/div>\n\t\t<\/div>\n\t\t\t\t\t<\/div>\n\t\t<\/section>\n\t\t\t\t\t<\/div>\n\t\t<\/div>\n\t\t\t\t\t<\/div>\n\t\t<\/section>\n\t\t\t\t<section class=\"elementor-section elementor-top-section elementor-element elementor-element-e1fea79 elementor-section-boxed elementor-section-height-default elementor-section-height-default\" data-id=\"e1fea79\" data-element_type=\"section\">\n\t\t\t\t\t\t<div class=\"elementor-container elementor-column-gap-default\">\n\t\t\t\t\t<div class=\"elementor-column elementor-col-100 elementor-top-column elementor-element elementor-element-6d0be76\" data-id=\"6d0be76\" data-element_type=\"column\">\n\t\t\t<div class=\"elementor-widget-wrap elementor-element-populated\">\n\t\t\t\t\t\t<div class=\"elementor-element elementor-element-a310b25 elementor-widget elementor-widget-heading\" data-id=\"a310b25\" data-element_type=\"widget\" data-widget_type=\"heading.default\">\n\t\t\t\t<div class=\"elementor-widget-container\">\n\t\t\t\t\t<h2 class=\"elementor-heading-title elementor-size-default\">Le Jab Jab : une construction historique et symbolique<\/h2>\t\t\t\t<\/div>\n\t\t\t\t<\/div>\n\t\t\t\t<div class=\"elementor-element elementor-element-bbb62ae elementor-widget elementor-widget-text-editor\" data-id=\"bbb62ae\" data-element_type=\"widget\" data-widget_type=\"text-editor.default\">\n\t\t\t\t<div class=\"elementor-widget-container\">\n\t\t\t\t\t\t\t\t\t<p><span style=\"font-weight: 400;\">Le terme <\/span><b>Jab<\/b><span style=\"font-weight: 400;\">, issu du mot \u201cdiable\u201d dans les cr\u00e9oles d\u2019influence fran\u00e7aise, ne doit pas \u00eatre interpr\u00e9t\u00e9 litt\u00e9ralement. \u00c0 Grenade, il ne renvoie pas \u00e0 une figure religieuse. Il s\u2019inscrit dans une histoire coloniale marqu\u00e9e par la stigmatisation des corps noirs, per\u00e7us comme mena\u00e7ants, indisciplin\u00e9s ou subversifs.<\/span><\/p>\t\t\t\t\t\t\t\t<\/div>\n\t\t\t\t<\/div>\n\t\t\t\t<div class=\"elementor-element elementor-element-b912a17 elementor-widget elementor-widget-text-editor\" data-id=\"b912a17\" data-element_type=\"widget\" data-widget_type=\"text-editor.default\">\n\t\t\t\t<div class=\"elementor-widget-container\">\n\t\t\t\t\t\t\t\t\t<p><span style=\"font-weight: 400;\">Son esth\u00e9tique proc\u00e8de d\u2019un renversement. Le noir, appliqu\u00e9 sur la peau sous forme d\u2019huile ou de peinture, efface les distinctions sociales visibles. Les cornes et les cha\u00eenes, loin d\u2019\u00eatre d\u00e9coratives, rappellent une histoire de domination tout en la d\u00e9tournant. Ce qui fut instrument de contrainte devient un signe d\u2019affirmation. Le corps, mis en avant sans artifice, redevient un espace de langage.<\/span><\/p>\t\t\t\t\t\t\t\t<\/div>\n\t\t\t\t<\/div>\n\t\t\t\t<div class=\"elementor-element elementor-element-2f56cfc elementor-widget elementor-widget-image\" data-id=\"2f56cfc\" data-element_type=\"widget\" data-widget_type=\"image.default\">\n\t\t\t\t<div class=\"elementor-widget-container\">\n\t\t\t\t\t\t\t\t\t\t\t\t\t\t\t<img fetchpriority=\"high\" decoding=\"async\" width=\"800\" height=\"527\" src=\"https:\/\/richeskarayib.com\/wp-content\/uploads\/2026\/01\/Capture-decran-2026-01-26-a-16.05.07-1024x675.png\" class=\"attachment-large size-large wp-image-68677\" alt=\"Jab jab\" srcset=\"https:\/\/richeskarayib.com\/wp-content\/uploads\/2026\/01\/Capture-decran-2026-01-26-a-16.05.07-1024x675.png 1024w, https:\/\/richeskarayib.com\/wp-content\/uploads\/2026\/01\/Capture-decran-2026-01-26-a-16.05.07-300x198.png 300w, https:\/\/richeskarayib.com\/wp-content\/uploads\/2026\/01\/Capture-decran-2026-01-26-a-16.05.07-768x507.png 768w, https:\/\/richeskarayib.com\/wp-content\/uploads\/2026\/01\/Capture-decran-2026-01-26-a-16.05.07.png 1225w\" sizes=\"(max-width: 800px) 100vw, 800px\" \/>\t\t\t\t\t\t\t\t\t\t\t\t\t\t\t<\/div>\n\t\t\t\t<\/div>\n\t\t\t\t\t<\/div>\n\t\t<\/div>\n\t\t\t\t\t<\/div>\n\t\t<\/section>\n\t\t\t\t<section class=\"elementor-section elementor-top-section elementor-element elementor-element-ee72354 elementor-section-boxed elementor-section-height-default elementor-section-height-default\" data-id=\"ee72354\" data-element_type=\"section\">\n\t\t\t\t\t\t<div class=\"elementor-container elementor-column-gap-default\">\n\t\t\t\t\t<div class=\"elementor-column elementor-col-100 elementor-top-column elementor-element elementor-element-c59d6fe\" data-id=\"c59d6fe\" data-element_type=\"column\">\n\t\t\t<div class=\"elementor-widget-wrap elementor-element-populated\">\n\t\t\t\t\t\t<div class=\"elementor-element elementor-element-ddc6a1e elementor-widget elementor-widget-heading\" data-id=\"ddc6a1e\" data-element_type=\"widget\" data-widget_type=\"heading.default\">\n\t\t\t\t<div class=\"elementor-widget-container\">\n\t\t\t\t\t<h2 class=\"elementor-heading-title elementor-size-default\">J\u2019ouvert : le moment o\u00f9 le Jab Jab s\u2019incarne pleinement\n\u00c0 Grenade, il trouve s\n<\/h2>\t\t\t\t<\/div>\n\t\t\t\t<\/div>\n\t\t\t\t<div class=\"elementor-element elementor-element-e57451f elementor-widget elementor-widget-text-editor\" data-id=\"e57451f\" data-element_type=\"widget\" data-widget_type=\"text-editor.default\">\n\t\t\t\t<div class=\"elementor-widget-container\">\n\t\t\t\t\t\t\t\t\t<p><span style=\"font-weight: 400;\">\u00c0 Grenade, il trouve son expression la plus intense lors du <\/span><b>J\u2019ouvert<\/b><span style=\"font-weight: 400;\">, ce moment inaugural du carnaval qui se d\u00e9roule \u00e0 l\u2019aube. Ce choix temporel n\u2019est pas anodin. Le passage de la nuit au jour marque une rupture, un seuil, un espace o\u00f9 les normes ordinaires s\u2019estompent. Le J\u2019ouvert grenadien se caract\u00e9rise par une progression collective dense, rythm\u00e9e par les percussions, les chants et le mouvement continu de la foule. Il\u00a0 y appara\u00eet comme une masse vivante, indissociable de la rue et de ceux qui la traversent. Il ne s\u2019agit pas d\u2019un d\u00e9fil\u00e9 organis\u00e9 mais d\u2019une dynamique collective, o\u00f9 l\u2019exp\u00e9rience prime sur la mise en sc\u00e8ne.<\/span><\/p>\t\t\t\t\t\t\t\t<\/div>\n\t\t\t\t<\/div>\n\t\t\t\t<div class=\"elementor-element elementor-element-50a44c9 elementor-widget elementor-widget-text-editor\" data-id=\"50a44c9\" data-element_type=\"widget\" data-widget_type=\"text-editor.default\">\n\t\t\t\t<div class=\"elementor-widget-container\">\n\t\t\t\t\t\t\t\t\t<p><span style=\"font-weight: 400;\">C\u2019est dans ce moment que le carnaval de Grenade affirme sa singularit\u00e9 carib\u00e9enne : une f\u00eate qui s\u2019ancre dans le v\u00e9cu, avant toute dimension visuelle ou spectaculaire.<\/span><\/p>\t\t\t\t\t\t\t\t<\/div>\n\t\t\t\t<\/div>\n\t\t\t\t<div class=\"elementor-element elementor-element-0420626 elementor-widget elementor-widget-image\" data-id=\"0420626\" data-element_type=\"widget\" data-widget_type=\"image.default\">\n\t\t\t\t<div class=\"elementor-widget-container\">\n\t\t\t\t\t\t\t\t\t\t\t\t\t\t\t<img decoding=\"async\" width=\"800\" height=\"445\" src=\"https:\/\/richeskarayib.com\/wp-content\/uploads\/2026\/01\/Capture-decran-2026-01-26-a-16.04.31-1024x570.png\" class=\"attachment-large size-large wp-image-68681\" alt=\"Jab jab\" srcset=\"https:\/\/richeskarayib.com\/wp-content\/uploads\/2026\/01\/Capture-decran-2026-01-26-a-16.04.31-1024x570.png 1024w, https:\/\/richeskarayib.com\/wp-content\/uploads\/2026\/01\/Capture-decran-2026-01-26-a-16.04.31-300x167.png 300w, https:\/\/richeskarayib.com\/wp-content\/uploads\/2026\/01\/Capture-decran-2026-01-26-a-16.04.31-768x428.png 768w, https:\/\/richeskarayib.com\/wp-content\/uploads\/2026\/01\/Capture-decran-2026-01-26-a-16.04.31-1320x735.png 1320w, https:\/\/richeskarayib.com\/wp-content\/uploads\/2026\/01\/Capture-decran-2026-01-26-a-16.04.31.png 1422w\" sizes=\"(max-width: 800px) 100vw, 800px\" \/>\t\t\t\t\t\t\t\t\t\t\t\t\t\t\t<\/div>\n\t\t\t\t<\/div>\n\t\t\t\t\t<\/div>\n\t\t<\/div>\n\t\t\t\t\t<\/div>\n\t\t<\/section>\n\t\t\t\t<section class=\"elementor-section elementor-top-section elementor-element elementor-element-82cd8f9 elementor-section-boxed elementor-section-height-default elementor-section-height-default\" data-id=\"82cd8f9\" data-element_type=\"section\">\n\t\t\t\t\t\t<div class=\"elementor-container elementor-column-gap-default\">\n\t\t\t\t\t<div class=\"elementor-column elementor-col-100 elementor-top-column elementor-element elementor-element-0bfdc38\" data-id=\"0bfdc38\" data-element_type=\"column\">\n\t\t\t<div class=\"elementor-widget-wrap elementor-element-populated\">\n\t\t\t\t\t\t<div class=\"elementor-element elementor-element-7d292fe elementor-widget elementor-widget-heading\" data-id=\"7d292fe\" data-element_type=\"widget\" data-widget_type=\"heading.default\">\n\t\t\t\t<div class=\"elementor-widget-container\">\n\t\t\t\t\t<h2 class=\"elementor-heading-title elementor-size-default\">Une lecture contemporaine<\/h2>\t\t\t\t<\/div>\n\t\t\t\t<\/div>\n\t\t\t\t<div class=\"elementor-element elementor-element-8e337bf elementor-widget elementor-widget-text-editor\" data-id=\"8e337bf\" data-element_type=\"widget\" data-widget_type=\"text-editor.default\">\n\t\t\t\t<div class=\"elementor-widget-container\">\n\t\t\t\t\t\t\t\t\t<p><span style=\"font-weight: 400;\">Il continue de parler au pr\u00e9sent. Il n\u2019est ni fig\u00e9 ni folkloris\u00e9. Il traduit une mani\u00e8re grenadienne de concevoir le carnaval comme un espace de continuit\u00e9 historique.<\/span><\/p><p><span style=\"font-weight: 400;\">Trois dimensions structurent encore sa port\u00e9e aujourd\u2019hui.<\/span><\/p>\t\t\t\t\t\t\t\t<\/div>\n\t\t\t\t<\/div>\n\t\t\t\t<div class=\"elementor-element elementor-element-2d1517d elementor-widget elementor-widget-text-editor\" data-id=\"2d1517d\" data-element_type=\"widget\" data-widget_type=\"text-editor.default\">\n\t\t\t\t<div class=\"elementor-widget-container\">\n\t\t\t\t\t\t\t\t\t<h3><b>La m\u00e9moire collective.<\/b><\/h3><p><span style=\"font-weight: 400;\">Le Jab Jab assume l\u2019h\u00e9ritage du pass\u00e9 sans le simplifier. Les r\u00e9f\u00e9rences \u00e0 l\u2019enfermement, \u00e0 la contrainte et \u00e0 la r\u00e9sistance sont visibles, audibles, incarn\u00e9es.<\/span><\/p>\t\t\t\t\t\t\t\t<\/div>\n\t\t\t\t<\/div>\n\t\t\t\t<div class=\"elementor-element elementor-element-1cbcdee elementor-widget elementor-widget-text-editor\" data-id=\"1cbcdee\" data-element_type=\"widget\" data-widget_type=\"text-editor.default\">\n\t\t\t\t<div class=\"elementor-widget-container\">\n\t\t\t\t\t\t\t\t\t<h3><b>L\u2019occupation de l\u2019espace public.<\/b><\/h3><p><span style=\"font-weight: 400;\">Le corps devient un outil politique au sens premier : il occupe la rue, transforme la ville et red\u00e9finit temporairement les usages de l\u2019espace urbain.<\/span><\/p>\t\t\t\t\t\t\t\t<\/div>\n\t\t\t\t<\/div>\n\t\t\t\t<div class=\"elementor-element elementor-element-f6b275f elementor-widget elementor-widget-text-editor\" data-id=\"f6b275f\" data-element_type=\"widget\" data-widget_type=\"text-editor.default\">\n\t\t\t\t<div class=\"elementor-widget-container\">\n\t\t\t\t\t\t\t\t\t<h3><b>La force du collectif.<\/b><\/h3><p><b><\/b><span style=\"font-weight: 400;\">Dans le Jab Jab, l\u2019individu s\u2019efface au profit du groupe. L\u2019\u00e9nergie ne vient pas d\u2019une performance isol\u00e9e, mais d\u2019un mouvement partag\u00e9, prolong\u00e9 dans le temps.<\/span><\/p>\t\t\t\t\t\t\t\t<\/div>\n\t\t\t\t<\/div>\n\t\t\t\t<div class=\"elementor-element elementor-element-a414d50 elementor-widget elementor-widget-image\" data-id=\"a414d50\" data-element_type=\"widget\" data-widget_type=\"image.default\">\n\t\t\t\t<div class=\"elementor-widget-container\">\n\t\t\t\t\t\t\t\t\t\t\t\t\t\t\t<img decoding=\"async\" width=\"800\" height=\"576\" src=\"https:\/\/richeskarayib.com\/wp-content\/uploads\/2026\/01\/Capture-decran-2026-01-26-a-16.04.49-1024x737.png\" class=\"attachment-large size-large wp-image-68689\" alt=\"Jab jab\" srcset=\"https:\/\/richeskarayib.com\/wp-content\/uploads\/2026\/01\/Capture-decran-2026-01-26-a-16.04.49-1024x737.png 1024w, https:\/\/richeskarayib.com\/wp-content\/uploads\/2026\/01\/Capture-decran-2026-01-26-a-16.04.49-300x216.png 300w, https:\/\/richeskarayib.com\/wp-content\/uploads\/2026\/01\/Capture-decran-2026-01-26-a-16.04.49-768x553.png 768w, https:\/\/richeskarayib.com\/wp-content\/uploads\/2026\/01\/Capture-decran-2026-01-26-a-16.04.49.png 1135w\" sizes=\"(max-width: 800px) 100vw, 800px\" \/>\t\t\t\t\t\t\t\t\t\t\t\t\t\t\t<\/div>\n\t\t\t\t<\/div>\n\t\t\t\t<section class=\"elementor-section elementor-inner-section elementor-element elementor-element-c582330 elementor-section-boxed elementor-section-height-default elementor-section-height-default\" data-id=\"c582330\" data-element_type=\"section\">\n\t\t\t\t\t\t<div class=\"elementor-container elementor-column-gap-default\">\n\t\t\t\t\t\t<\/div>\n\t\t<\/section>\n\t\t\t\t<section class=\"elementor-section elementor-inner-section elementor-element elementor-element-296603a elementor-section-boxed elementor-section-height-default elementor-section-height-default\" data-id=\"296603a\" data-element_type=\"section\">\n\t\t\t\t\t\t<div class=\"elementor-container elementor-column-gap-default\">\n\t\t\t\t\t\t<\/div>\n\t\t<\/section>\n\t\t\t\t\t<\/div>\n\t\t<\/div>\n\t\t\t\t\t<\/div>\n\t\t<\/section>\n\t\t\t\t<section class=\"elementor-section elementor-top-section elementor-element elementor-element-5a7397d elementor-section-boxed elementor-section-height-default elementor-section-height-default\" data-id=\"5a7397d\" data-element_type=\"section\">\n\t\t\t\t\t\t<div class=\"elementor-container elementor-column-gap-default\">\n\t\t\t\t\t<div class=\"elementor-column elementor-col-100 elementor-top-column elementor-element elementor-element-8b33b4b\" data-id=\"8b33b4b\" data-element_type=\"column\">\n\t\t\t<div class=\"elementor-widget-wrap elementor-element-populated\">\n\t\t\t\t\t\t<div class=\"elementor-element elementor-element-89dac4b elementor-widget elementor-widget-heading\" data-id=\"89dac4b\" data-element_type=\"widget\" data-widget_type=\"heading.default\">\n\t\t\t\t<div class=\"elementor-widget-container\">\n\t\t\t\t\t<h2 class=\"elementor-heading-title elementor-size-default\">2026 : Carriacou Carnival, une autre \u00e9chelle du Jab Jab<\/h2>\t\t\t\t<\/div>\n\t\t\t\t<\/div>\n\t\t\t\t<section class=\"elementor-section elementor-inner-section elementor-element elementor-element-95aa690 elementor-section-boxed elementor-section-height-default elementor-section-height-default\" data-id=\"95aa690\" data-element_type=\"section\">\n\t\t\t\t\t\t<div class=\"elementor-container elementor-column-gap-default\">\n\t\t\t\t\t<div class=\"elementor-column elementor-col-100 elementor-inner-column elementor-element elementor-element-ae7c4fc\" data-id=\"ae7c4fc\" data-element_type=\"column\">\n\t\t\t<div class=\"elementor-widget-wrap elementor-element-populated\">\n\t\t\t\t\t\t<div class=\"elementor-element elementor-element-819dd2d elementor-widget elementor-widget-text-editor\" data-id=\"819dd2d\" data-element_type=\"widget\" data-widget_type=\"text-editor.default\">\n\t\t\t\t<div class=\"elementor-widget-container\">\n\t\t\t\t\t\t\t\t\t<p><span style=\"font-weight: 400;\">En f\u00e9vrier 2026, <\/span><a href=\"https:\/\/carnivalvibez.com\/carriacou-carnival-kayak-mas\/?utm_source=chatgpt.com\" target=\"_blank\" rel=\"noopener nofollow\"><b>Carriacou Carnival<\/b><\/a><span style=\"font-weight: 400;\">, aussi appel\u00e9 <\/span><b>Kayak Mas<\/b><span style=\"font-weight: 400;\">, ouvre la saison carnavalesque de l\u2019archipel. Sur cette \u00eele au nord de Grenade, le carnaval conserve une dimension tr\u00e8s communautaire, o\u00f9 les traditions locales occupent une place centrale. Il y est pr\u00e9sent dans une forme souvent plus resserr\u00e9e, plus intimement li\u00e9e aux dynamiques sociales de l\u2019\u00eele. Il cohabite avec d\u2019autres expressions embl\u00e9matiques, propres \u00e0 <a href=\"https:\/\/richeskarayib.com\/fr\/big-drum-de-carriacou-afro-caribeenne\/\" target=\"_blank\" rel=\"noopener\">Carriacou<\/a>, qui t\u00e9moignent de la diversit\u00e9 culturelle interne de l\u2019\u00c9tat grenadien.<\/span><\/p>\t\t\t\t\t\t\t\t<\/div>\n\t\t\t\t<\/div>\n\t\t\t\t<div class=\"elementor-element elementor-element-91e3233 elementor-widget elementor-widget-text-editor\" data-id=\"91e3233\" data-element_type=\"widget\" data-widget_type=\"text-editor.default\">\n\t\t\t\t<div class=\"elementor-widget-container\">\n\t\t\t\t\t\t\t\t\t<p><span style=\"font-weight: 400;\">Kayak Mas offre ainsi une lecture compl\u00e9mentaire du Jab Jab : moins massive, mais profond\u00e9ment enracin\u00e9e, r\u00e9v\u00e9lant la pluralit\u00e9 des pratiques carnavalesques au sein d\u2019un m\u00eame territoire.<\/span><\/p>\t\t\t\t\t\t\t\t<\/div>\n\t\t\t\t<\/div>\n\t\t\t\t\t<\/div>\n\t\t<\/div>\n\t\t\t\t\t<\/div>\n\t\t<\/section>\n\t\t\t\t\t<\/div>\n\t\t<\/div>\n\t\t\t\t\t<\/div>\n\t\t<\/section>\n\t\t\t\t<section class=\"elementor-section elementor-top-section elementor-element elementor-element-2c060f5 elementor-section-boxed elementor-section-height-default elementor-section-height-default\" data-id=\"2c060f5\" data-element_type=\"section\">\n\t\t\t\t\t\t<div class=\"elementor-container elementor-column-gap-default\">\n\t\t\t\t\t<div class=\"elementor-column elementor-col-100 elementor-top-column elementor-element elementor-element-359f969\" data-id=\"359f969\" data-element_type=\"column\">\n\t\t\t<div class=\"elementor-widget-wrap elementor-element-populated\">\n\t\t\t\t\t\t<div class=\"elementor-element elementor-element-808b8b3 elementor-widget elementor-widget-heading\" data-id=\"808b8b3\" data-element_type=\"widget\" data-widget_type=\"heading.default\">\n\t\t\t\t<div class=\"elementor-widget-container\">\n\t\t\t\t\t<h2 class=\"elementor-heading-title elementor-size-default\">Spicemas 2026 : le Jab Jab au c\u0153ur du carnaval national<\/h2>\t\t\t\t<\/div>\n\t\t\t\t<\/div>\n\t\t\t\t<div class=\"elementor-element elementor-element-3c9cb71 elementor-widget elementor-widget-text-editor\" data-id=\"3c9cb71\" data-element_type=\"widget\" data-widget_type=\"text-editor.default\">\n\t\t\t\t<div class=\"elementor-widget-container\">\n\t\t\t\t\t\t\t\t\t<p><span style=\"font-weight: 400;\">En ao\u00fbt 2026, <\/span><a href=\"https:\/\/richeskarayib.com\/fr\/spicemas-2025-douze-jours-intensite-culture\/\" target=\"_blank\" rel=\"noopener\"><b>Spicemas<\/b><\/a><span style=\"font-weight: 400;\"> constitue le point culminant du calendrier culturel grenadien. Plus ample, plus structur\u00e9, ce carnaval national reste n\u00e9anmoins fid\u00e8le \u00e0 ses fondamentaux. Il\u00a0 y conserve une place centrale, notamment lors du J\u2019ouvert du lundi de carnaval.<\/span><\/p>\t\t\t\t\t\t\t\t<\/div>\n\t\t\t\t<\/div>\n\t\t\t\t<div class=\"elementor-element elementor-element-db7acfc elementor-widget elementor-widget-text-editor\" data-id=\"db7acfc\" data-element_type=\"widget\" data-widget_type=\"text-editor.default\">\n\t\t\t\t<div class=\"elementor-widget-container\">\n\t\t\t\t\t\t\t\t\t<p><span style=\"font-weight: 400;\">C\u2019est \u00e0 Spicemas que le Jab Jab atteint son ampleur maximale. La concentration de participants, l\u2019intensit\u00e9 physique et la continuit\u00e9 du mouvement donnent \u00e0 ce moment une dimension presque organique. Le contraste avec les parades du mardi, consacr\u00e9es aux costumes et aux mises en sc\u00e8ne plus \u00e9labor\u00e9es, souligne la compl\u00e9mentarit\u00e9 des registres carnavalesques grenadiens.<\/span><\/p>\t\t\t\t\t\t\t\t<\/div>\n\t\t\t\t<\/div>\n\t\t\t\t<section class=\"elementor-section elementor-inner-section elementor-element elementor-element-73fee12 elementor-section-boxed elementor-section-height-default elementor-section-height-default\" data-id=\"73fee12\" data-element_type=\"section\">\n\t\t\t\t\t\t<div class=\"elementor-container elementor-column-gap-default\">\n\t\t\t\t\t<div class=\"elementor-column elementor-col-50 elementor-inner-column elementor-element elementor-element-5c87283\" data-id=\"5c87283\" data-element_type=\"column\">\n\t\t\t<div class=\"elementor-widget-wrap elementor-element-populated\">\n\t\t\t\t\t\t<div class=\"elementor-element elementor-element-5819a67 elementor-widget elementor-widget-image\" data-id=\"5819a67\" data-element_type=\"widget\" data-widget_type=\"image.default\">\n\t\t\t\t<div class=\"elementor-widget-container\">\n\t\t\t\t\t\t\t\t\t\t\t\t\t\t\t<img loading=\"lazy\" decoding=\"async\" width=\"676\" height=\"846\" src=\"https:\/\/richeskarayib.com\/wp-content\/uploads\/2026\/01\/Capture-decran-2026-01-26-a-16.04.12.png\" class=\"attachment-large size-large wp-image-68693\" alt=\"Jab jab\" srcset=\"https:\/\/richeskarayib.com\/wp-content\/uploads\/2026\/01\/Capture-decran-2026-01-26-a-16.04.12.png 676w, https:\/\/richeskarayib.com\/wp-content\/uploads\/2026\/01\/Capture-decran-2026-01-26-a-16.04.12-240x300.png 240w\" sizes=\"(max-width: 676px) 100vw, 676px\" \/>\t\t\t\t\t\t\t\t\t\t\t\t\t\t\t<\/div>\n\t\t\t\t<\/div>\n\t\t\t\t\t<\/div>\n\t\t<\/div>\n\t\t\t\t<div class=\"elementor-column elementor-col-50 elementor-inner-column elementor-element elementor-element-434c485\" data-id=\"434c485\" data-element_type=\"column\">\n\t\t\t<div class=\"elementor-widget-wrap elementor-element-populated\">\n\t\t\t\t\t\t<div class=\"elementor-element elementor-element-31e26ea elementor-widget elementor-widget-image\" data-id=\"31e26ea\" data-element_type=\"widget\" data-widget_type=\"image.default\">\n\t\t\t\t<div class=\"elementor-widget-container\">\n\t\t\t\t\t\t\t\t\t\t\t\t\t\t\t<img loading=\"lazy\" decoding=\"async\" width=\"672\" height=\"842\" src=\"https:\/\/richeskarayib.com\/wp-content\/uploads\/2026\/01\/Capture-decran-2026-01-26-a-16.03.49.png\" class=\"attachment-large size-large wp-image-68697\" alt=\"Jab jab\" srcset=\"https:\/\/richeskarayib.com\/wp-content\/uploads\/2026\/01\/Capture-decran-2026-01-26-a-16.03.49.png 672w, https:\/\/richeskarayib.com\/wp-content\/uploads\/2026\/01\/Capture-decran-2026-01-26-a-16.03.49-239x300.png 239w\" sizes=\"(max-width: 672px) 100vw, 672px\" \/>\t\t\t\t\t\t\t\t\t\t\t\t\t\t\t<\/div>\n\t\t\t\t<\/div>\n\t\t\t\t\t<\/div>\n\t\t<\/div>\n\t\t\t\t\t<\/div>\n\t\t<\/section>\n\t\t\t\t\t<\/div>\n\t\t<\/div>\n\t\t\t\t\t<\/div>\n\t\t<\/section>\n\t\t\t\t<section class=\"elementor-section elementor-top-section elementor-element elementor-element-4ef9ba5 elementor-section-boxed elementor-section-height-default elementor-section-height-default\" data-id=\"4ef9ba5\" data-element_type=\"section\">\n\t\t\t\t\t\t<div class=\"elementor-container elementor-column-gap-default\">\n\t\t\t\t\t<div class=\"elementor-column elementor-col-100 elementor-top-column elementor-element elementor-element-2af15d8\" data-id=\"2af15d8\" data-element_type=\"column\">\n\t\t\t<div class=\"elementor-widget-wrap elementor-element-populated\">\n\t\t\t\t\t\t<div class=\"elementor-element elementor-element-39df54b elementor-widget elementor-widget-heading\" data-id=\"39df54b\" data-element_type=\"widget\" data-widget_type=\"heading.default\">\n\t\t\t\t<div class=\"elementor-widget-container\">\n\t\t\t\t\t<h2 class=\"elementor-heading-title elementor-size-default\">Le Jab Jab comme fil conducteur du carnaval grenadien<\/h2>\t\t\t\t<\/div>\n\t\t\t\t<\/div>\n\t\t\t\t<div class=\"elementor-element elementor-element-83c1bd2 elementor-widget elementor-widget-text-editor\" data-id=\"83c1bd2\" data-element_type=\"widget\" data-widget_type=\"text-editor.default\">\n\t\t\t\t<div class=\"elementor-widget-container\">\n\t\t\t\t\t\t\t\t\t<p><span style=\"font-weight: 400;\">\u00c0 travers lui, Grenade affirme une conception du carnaval qui d\u00e9passe la simple f\u00eate. Il s\u2019agit d\u2019une culture vivante, capable de relier le pass\u00e9 au pr\u00e9sent, l\u2019intime au collectif, le local au national.<\/span><\/p><p><span style=\"font-weight: 400;\">En 2026, entre <\/span><b>Carriacou Carnival<\/b><span style=\"font-weight: 400;\"> et <\/span><b>Spicemas<\/b><span style=\"font-weight: 400;\">, le Jab Jab appara\u00eet comme un fil conducteur. Il traverse les territoires, relie les g\u00e9n\u00e9rations et structure le calendrier carnavalesque. Il rappelle surtout que, dans la Cara\u00efbe, le carnaval est aussi un espace de transmission, o\u00f9 l\u2019histoire se dit par le corps et le mouvement.<\/span><\/p>\t\t\t\t\t\t\t\t<\/div>\n\t\t\t\t<\/div>\n\t\t\t\t<div class=\"elementor-element elementor-element-e924d3e elementor-widget elementor-widget-text-editor\" data-id=\"e924d3e\" data-element_type=\"widget\" data-widget_type=\"text-editor.default\">\n\t\t\t\t<div class=\"elementor-widget-container\">\n\t\t\t\t\t\t\t\t\t<p><span style=\"font-weight: 400;\">Pour qui cherche \u00e0 comprendre Grenade au-del\u00e0 des images attendues, il propose une cl\u00e9 de lecture essentielle. Une cl\u00e9 exigeante, dense, mais profond\u00e9ment r\u00e9v\u00e9latrice de l\u2019identit\u00e9 culturelle grenadienne.<\/span><\/p>\t\t\t\t\t\t\t\t<\/div>\n\t\t\t\t<\/div>\n\t\t\t\t<div class=\"elementor-element elementor-element-04a434e elementor-widget elementor-widget-video\" data-id=\"04a434e\" data-element_type=\"widget\" data-settings=\"{&quot;youtube_url&quot;:&quot;https:\\\/\\\/www.youtube.com\\\/watch?v=33vaMyn_JAw&quot;,&quot;video_type&quot;:&quot;youtube&quot;,&quot;controls&quot;:&quot;yes&quot;}\" data-widget_type=\"video.default\">\n\t\t\t\t<div class=\"elementor-widget-container\">\n\t\t\t\t\t\t\t<div class=\"elementor-wrapper elementor-open-inline\">\n\t\t\t<div class=\"elementor-video\"><\/div>\t\t<\/div>\n\t\t\t\t\t\t<\/div>\n\t\t\t\t<\/div>\n\t\t\t\t\t<\/div>\n\t\t<\/div>\n\t\t\t\t\t<\/div>\n\t\t<\/section>\n\t\t\t\t<section class=\"elementor-section elementor-top-section elementor-element elementor-element-22bf69f elementor-section-boxed elementor-section-height-default elementor-section-height-default\" data-id=\"22bf69f\" data-element_type=\"section\">\n\t\t\t\t\t\t<div class=\"elementor-container elementor-column-gap-default\">\n\t\t\t\t\t<div class=\"elementor-column elementor-col-100 elementor-top-column elementor-element elementor-element-8aedddd\" data-id=\"8aedddd\" data-element_type=\"column\">\n\t\t\t<div class=\"elementor-widget-wrap elementor-element-populated\">\n\t\t\t\t\t\t<section class=\"elementor-section elementor-inner-section elementor-element elementor-element-c8e3557 elementor-section-boxed elementor-section-height-default elementor-section-height-default\" data-id=\"c8e3557\" data-element_type=\"section\">\n\t\t\t\t\t\t<div class=\"elementor-container elementor-column-gap-default\">\n\t\t\t\t\t<div class=\"elementor-column elementor-col-100 elementor-inner-column elementor-element elementor-element-1222702\" data-id=\"1222702\" data-element_type=\"column\">\n\t\t\t<div class=\"elementor-widget-wrap elementor-element-populated\">\n\t\t\t\t\t\t<div class=\"elementor-element elementor-element-2e40abe elementor-widget elementor-widget-accordion\" data-id=\"2e40abe\" data-element_type=\"widget\" data-widget_type=\"accordion.default\">\n\t\t\t\t<div class=\"elementor-widget-container\">\n\t\t\t\t\t\t\t<div class=\"elementor-accordion\">\n\t\t\t\t\t\t\t<div class=\"elementor-accordion-item\">\n\t\t\t\t\t<div id=\"elementor-tab-title-4841\" class=\"elementor-tab-title\" data-tab=\"1\" role=\"button\" aria-controls=\"elementor-tab-content-4841\" aria-expanded=\"false\">\n\t\t\t\t\t\t\t\t\t\t\t\t\t<span class=\"elementor-accordion-icon elementor-accordion-icon-left\" aria-hidden=\"true\">\n\t\t\t\t\t\t\t\t\t\t\t\t\t\t\t<span class=\"elementor-accordion-icon-closed\"><i class=\"fas fa-plus\"><\/i><\/span>\n\t\t\t\t\t\t\t\t<span class=\"elementor-accordion-icon-opened\"><i class=\"fas fa-minus\"><\/i><\/span>\n\t\t\t\t\t\t\t\t\t\t\t\t\t\t<\/span>\n\t\t\t\t\t\t\t\t\t\t\t\t<a class=\"elementor-accordion-title\" tabindex=\"0\">Quelle est l\u2019origine du Jab Jab dans le carnaval de la Grenade ?<\/a>\n\t\t\t\t\t<\/div>\n\t\t\t\t\t<div id=\"elementor-tab-content-4841\" class=\"elementor-tab-content elementor-clearfix\" data-tab=\"1\" role=\"region\" aria-labelledby=\"elementor-tab-title-4841\"><p><span style=\"font-weight: 400;\">Cette figure carnavalesque trouve ses racines dans l\u2019histoire coloniale de l\u2019\u00eele. Son esth\u00e9tique, fond\u00e9e sur le noir, les cha\u00eenes et le corps en mouvement, renvoie \u00e0 une m\u00e9moire collective transform\u00e9e en expression culturelle et festive.<\/span><\/p><\/div>\n\t\t\t\t<\/div>\n\t\t\t\t\t\t\t<div class=\"elementor-accordion-item\">\n\t\t\t\t\t<div id=\"elementor-tab-title-4842\" class=\"elementor-tab-title\" data-tab=\"2\" role=\"button\" aria-controls=\"elementor-tab-content-4842\" aria-expanded=\"false\">\n\t\t\t\t\t\t\t\t\t\t\t\t\t<span class=\"elementor-accordion-icon elementor-accordion-icon-left\" aria-hidden=\"true\">\n\t\t\t\t\t\t\t\t\t\t\t\t\t\t\t<span class=\"elementor-accordion-icon-closed\"><i class=\"fas fa-plus\"><\/i><\/span>\n\t\t\t\t\t\t\t\t<span class=\"elementor-accordion-icon-opened\"><i class=\"fas fa-minus\"><\/i><\/span>\n\t\t\t\t\t\t\t\t\t\t\t\t\t\t<\/span>\n\t\t\t\t\t\t\t\t\t\t\t\t<a class=\"elementor-accordion-title\" tabindex=\"0\">Quelle place occupe cette tradition pendant Spicemas ?<\/a>\n\t\t\t\t\t<\/div>\n\t\t\t\t\t<div id=\"elementor-tab-content-4842\" class=\"elementor-tab-content elementor-clearfix\" data-tab=\"2\" role=\"region\" aria-labelledby=\"elementor-tab-title-4842\"><p><span style=\"font-weight: 400;\">Lors du carnaval national de la Grenade, elle s\u2019exprime principalement pendant le J\u2019ouvert, moment central o\u00f9 la rue devient un espace de rassemblement collectif, marqu\u00e9 par une forte intensit\u00e9 physique et symbolique.<\/span><\/p><\/div>\n\t\t\t\t<\/div>\n\t\t\t\t\t\t\t<div class=\"elementor-accordion-item\">\n\t\t\t\t\t<div id=\"elementor-tab-title-4843\" class=\"elementor-tab-title\" data-tab=\"3\" role=\"button\" aria-controls=\"elementor-tab-content-4843\" aria-expanded=\"false\">\n\t\t\t\t\t\t\t\t\t\t\t\t\t<span class=\"elementor-accordion-icon elementor-accordion-icon-left\" aria-hidden=\"true\">\n\t\t\t\t\t\t\t\t\t\t\t\t\t\t\t<span class=\"elementor-accordion-icon-closed\"><i class=\"fas fa-plus\"><\/i><\/span>\n\t\t\t\t\t\t\t\t<span class=\"elementor-accordion-icon-opened\"><i class=\"fas fa-minus\"><\/i><\/span>\n\t\t\t\t\t\t\t\t\t\t\t\t\t\t<\/span>\n\t\t\t\t\t\t\t\t\t\t\t\t<a class=\"elementor-accordion-title\" tabindex=\"0\">Quelle est la diff\u00e9rence entre Carriacou Carnival et Spicemas sur le plan culturel ?<\/a>\n\t\t\t\t\t<\/div>\n\t\t\t\t\t<div id=\"elementor-tab-content-4843\" class=\"elementor-tab-content elementor-clearfix\" data-tab=\"3\" role=\"region\" aria-labelledby=\"elementor-tab-title-4843\"><p><span style=\"font-weight: 400;\">Carriacou Carnival met en avant une approche plus communautaire et locale, tandis que Spicemas d\u00e9ploie une dimension nationale et plus ample. Les deux \u00e9v\u00e9nements partagent cependant une m\u00eame colonne vert\u00e9brale culturelle et historique.<\/span><\/p><\/div>\n\t\t\t\t<\/div>\n\t\t\t\t\t\t\t\t<\/div>\n\t\t\t\t\t\t<\/div>\n\t\t\t\t<\/div>\n\t\t\t\t\t<\/div>\n\t\t<\/div>\n\t\t\t\t\t<\/div>\n\t\t<\/section>\n\t\t\t\t\t<\/div>\n\t\t<\/div>\n\t\t\t\t\t<\/div>\n\t\t<\/section>\n\t\t\t\t<\/div>\n\t\t","protected":false},"excerpt":{"rendered":"<p>\u00c0 Grenade, le carnaval s\u2019exprime d\u2019abord par le corps, le rythme et la densit\u00e9 de la rue. Lorsque les silhouettes se couvrent d\u2019huile noire, que les cha\u00eenes r\u00e9sonnent sur l\u2019asphalte et que la foule avance \u00e0 l\u2019unisson dans la p\u00e9nombre du matin, le Jab Jab s\u2019impose. Plus qu\u2019un personnage carnavalesque, il est une pr\u00e9sence collective, [&hellip;]<\/p>\n","protected":false},"author":662,"featured_media":68673,"comment_status":"open","ping_status":"open","sticky":false,"template":"","format":"standard","meta":{"_acf_changed":false,"footnotes":""},"categories":[1468,1498],"tags":[1643],"class_list":["post-68672","post","type-post","status-publish","format-standard","has-post-thumbnail","hentry","category-histoire-patrimoine","category-gestion-devenements","tag-grenade"],"acf":[],"_links":{"self":[{"href":"https:\/\/richeskarayib.com\/fr\/wp-json\/wp\/v2\/posts\/68672","targetHints":{"allow":["GET"]}}],"collection":[{"href":"https:\/\/richeskarayib.com\/fr\/wp-json\/wp\/v2\/posts"}],"about":[{"href":"https:\/\/richeskarayib.com\/fr\/wp-json\/wp\/v2\/types\/post"}],"author":[{"embeddable":true,"href":"https:\/\/richeskarayib.com\/fr\/wp-json\/wp\/v2\/users\/662"}],"replies":[{"embeddable":true,"href":"https:\/\/richeskarayib.com\/fr\/wp-json\/wp\/v2\/comments?post=68672"}],"version-history":[{"count":0,"href":"https:\/\/richeskarayib.com\/fr\/wp-json\/wp\/v2\/posts\/68672\/revisions"}],"wp:featuredmedia":[{"embeddable":true,"href":"https:\/\/richeskarayib.com\/fr\/wp-json\/wp\/v2\/media\/68673"}],"wp:attachment":[{"href":"https:\/\/richeskarayib.com\/fr\/wp-json\/wp\/v2\/media?parent=68672"}],"wp:term":[{"taxonomy":"category","embeddable":true,"href":"https:\/\/richeskarayib.com\/fr\/wp-json\/wp\/v2\/categories?post=68672"},{"taxonomy":"post_tag","embeddable":true,"href":"https:\/\/richeskarayib.com\/fr\/wp-json\/wp\/v2\/tags?post=68672"}],"curies":[{"name":"wp","href":"https:\/\/api.w.org\/{rel}","templated":true}]}}