{"id":68704,"date":"2026-01-27T10:33:58","date_gmt":"2026-01-27T14:33:58","guid":{"rendered":"https:\/\/richeskarayib.com\/?p=68704"},"modified":"2026-01-27T10:33:58","modified_gmt":"2026-01-27T14:33:58","slug":"fouille-archeologique-saint-pierre-2000-ans","status":"publish","type":"post","link":"https:\/\/richeskarayib.com\/fr\/fouille-archeologique-saint-pierre-2000-ans\/","title":{"rendered":"Martinique &#8211; \u00c0 Saint-Pierre, 2 000 ans d\u2019histoire r\u00e9v\u00e9l\u00e9s par une fouille arch\u00e9ologique pr\u00e9ventive"},"content":{"rendered":"\t\t<div data-elementor-type=\"wp-post\" data-elementor-id=\"68704\" class=\"elementor elementor-68704\" data-elementor-post-type=\"post\">\n\t\t\t\t\t\t<section class=\"elementor-section elementor-top-section elementor-element elementor-element-7ca7ca1 elementor-section-boxed elementor-section-height-default elementor-section-height-default\" data-id=\"7ca7ca1\" data-element_type=\"section\">\n\t\t\t\t\t\t<div class=\"elementor-container elementor-column-gap-default\">\n\t\t\t\t\t<div class=\"elementor-column elementor-col-100 elementor-top-column elementor-element elementor-element-cbdd002\" data-id=\"cbdd002\" data-element_type=\"column\">\n\t\t\t<div class=\"elementor-widget-wrap elementor-element-populated\">\n\t\t\t\t\t\t<section class=\"elementor-section elementor-inner-section elementor-element elementor-element-bc94849 elementor-section-boxed elementor-section-height-default elementor-section-height-default\" data-id=\"bc94849\" data-element_type=\"section\">\n\t\t\t\t\t\t<div class=\"elementor-container elementor-column-gap-default\">\n\t\t\t\t\t\t<\/div>\n\t\t<\/section>\n\t\t\t\t<section class=\"elementor-section elementor-inner-section elementor-element elementor-element-61571e6 elementor-section-boxed elementor-section-height-default elementor-section-height-default\" data-id=\"61571e6\" data-element_type=\"section\">\n\t\t\t\t\t\t<div class=\"elementor-container elementor-column-gap-default\">\n\t\t\t\t\t\t<\/div>\n\t\t<\/section>\n\t\t\t\t<section class=\"elementor-section elementor-inner-section elementor-element elementor-element-b6262e0 elementor-section-boxed elementor-section-height-default elementor-section-height-default\" data-id=\"b6262e0\" data-element_type=\"section\">\n\t\t\t\t\t\t<div class=\"elementor-container elementor-column-gap-default\">\n\t\t\t\t\t\t<\/div>\n\t\t<\/section>\n\t\t\t\t<section class=\"elementor-section elementor-inner-section elementor-element elementor-element-cca29fd elementor-section-boxed elementor-section-height-default elementor-section-height-default\" data-id=\"cca29fd\" data-element_type=\"section\">\n\t\t\t\t\t\t<div class=\"elementor-container elementor-column-gap-default\">\n\t\t\t\t\t\t<\/div>\n\t\t<\/section>\n\t\t\t\t\t<\/div>\n\t\t<\/div>\n\t\t\t\t\t<\/div>\n\t\t<\/section>\n\t\t\t\t<section class=\"elementor-section elementor-top-section elementor-element elementor-element-a6d4222 elementor-section-boxed elementor-section-height-default elementor-section-height-default\" data-id=\"a6d4222\" data-element_type=\"section\">\n\t\t\t\t\t\t<div class=\"elementor-container elementor-column-gap-default\">\n\t\t\t\t\t<div class=\"elementor-column elementor-col-100 elementor-top-column elementor-element elementor-element-ea27f09\" data-id=\"ea27f09\" data-element_type=\"column\">\n\t\t\t<div class=\"elementor-widget-wrap elementor-element-populated\">\n\t\t\t\t\t\t<section class=\"elementor-section elementor-inner-section elementor-element elementor-element-25c3156 elementor-section-boxed elementor-section-height-default elementor-section-height-default\" data-id=\"25c3156\" data-element_type=\"section\">\n\t\t\t\t\t\t<div class=\"elementor-container elementor-column-gap-default\">\n\t\t\t\t\t<div class=\"elementor-column elementor-col-100 elementor-inner-column elementor-element elementor-element-aac779c\" data-id=\"aac779c\" data-element_type=\"column\">\n\t\t\t<div class=\"elementor-widget-wrap elementor-element-populated\">\n\t\t\t\t\t\t<div class=\"elementor-element elementor-element-612550d elementor-widget elementor-widget-text-editor\" data-id=\"612550d\" data-element_type=\"widget\" data-widget_type=\"text-editor.default\">\n\t\t\t\t<div class=\"elementor-widget-container\">\n\t\t\t\t\t\t\t\t\t<p><span style=\"font-weight: 400;\">De la p\u00e9riode pr\u00e9colombienne \u00e0 nos jours, le quartier du Mouillage \u00e0 Saint-Pierre livre une histoire longue de pr\u00e8s de 2 000 ans. Depuis d\u00e9cembre 2025, une fouille arch\u00e9ologique pr\u00e9ventive est men\u00e9e rue Dupuy, en amont d\u2019un am\u00e9nagement priv\u00e9, par l\u2019<a href=\"https:\/\/archipel.inrap.fr\/\" target=\"_blank\" rel=\"noopener nofollow\"><strong>Institut national de recherches arch\u00e9ologiques pr\u00e9ventives<\/strong> <\/a>(Inrap), sur prescription de l\u2019\u00c9tat via la <a href=\"https:\/\/www.culture.gouv.fr\/regions\/dac-martinique\" target=\"_blank\" rel=\"noopener nofollow\"><strong>Direction des affaires culturelles<\/strong> (DAC) <strong>de Martinique<\/strong><\/a>. Les travaux se poursuivront jusqu\u2019en mars 2026.<\/span><\/p>\t\t\t\t\t\t\t\t<\/div>\n\t\t\t\t<\/div>\n\t\t\t\t<div class=\"elementor-element elementor-element-1aee50e elementor-widget elementor-widget-text-editor\" data-id=\"1aee50e\" data-element_type=\"widget\" data-widget_type=\"text-editor.default\">\n\t\t\t\t<div class=\"elementor-widget-container\">\n\t\t\t\t\t\t\t\t\t<p><span style=\"font-weight: 400;\">Implant\u00e9e sur une surface d\u2019environ 300 m\u00b2, \u00e0 proximit\u00e9 imm\u00e9diate de la cath\u00e9drale de Saint-Pierre, cette fouille documente l\u2019\u00e9volution du quartier du Mouillage depuis la seconde moiti\u00e9 du XVII\u1d49 si\u00e8cle jusqu\u2019\u00e0 la destruction de la ville en 1902, tout en r\u00e9v\u00e9lant des niveaux d\u2019occupation bien ant\u00e9rieurs. Les vestiges mis au jour permettent de retracer les grandes \u00e9tapes de l\u2019organisation urbaine et de l\u2019occupation humaine de ce secteur strat\u00e9gique, marqu\u00e9 par des transformations continues li\u00e9es \u00e0 l\u2019histoire \u00e9conomique, religieuse et sociale de la ville.<\/span><\/p>\t\t\t\t\t\t\t\t<\/div>\n\t\t\t\t<\/div>\n\t\t\t\t\t<\/div>\n\t\t<\/div>\n\t\t\t\t\t<\/div>\n\t\t<\/section>\n\t\t\t\t\t<\/div>\n\t\t<\/div>\n\t\t\t\t\t<\/div>\n\t\t<\/section>\n\t\t\t\t<section class=\"elementor-section elementor-top-section elementor-element elementor-element-e1fea79 elementor-section-boxed elementor-section-height-default elementor-section-height-default\" data-id=\"e1fea79\" data-element_type=\"section\">\n\t\t\t\t\t\t<div class=\"elementor-container elementor-column-gap-default\">\n\t\t\t\t\t<div class=\"elementor-column elementor-col-100 elementor-top-column elementor-element elementor-element-6d0be76\" data-id=\"6d0be76\" data-element_type=\"column\">\n\t\t\t<div class=\"elementor-widget-wrap elementor-element-populated\">\n\t\t\t\t\t\t<div class=\"elementor-element elementor-element-a310b25 elementor-widget elementor-widget-heading\" data-id=\"a310b25\" data-element_type=\"widget\" data-widget_type=\"heading.default\">\n\t\t\t\t<div class=\"elementor-widget-container\">\n\t\t\t\t\t<h2 class=\"elementor-heading-title elementor-size-default\">Un quartier fa\u00e7onn\u00e9 par l\u2019histoire urbaine et portuaire<\/h2>\t\t\t\t<\/div>\n\t\t\t\t<\/div>\n\t\t\t\t<div class=\"elementor-element elementor-element-bbb62ae elementor-widget elementor-widget-text-editor\" data-id=\"bbb62ae\" data-element_type=\"widget\" data-widget_type=\"text-editor.default\">\n\t\t\t\t<div class=\"elementor-widget-container\">\n\t\t\t\t\t\t\t\t\t<p><span style=\"font-weight: 400;\">D\u00e8s la seconde moiti\u00e9 du XVII\u1d49 si\u00e8cle, l\u2019installation de l\u2019ordre des Dominicains structure durablement le secteur, avec la fondation d\u2019une \u00e9glise paroissiale et de son cimeti\u00e8re. Au XVIII\u1d49 si\u00e8cle, le quartier du Mouillage conna\u00eet une phase de d\u00e9veloppement et de densification en lien direct avec l\u2019essor de l\u2019activit\u00e9 portuaire et des \u00e9changes commerciaux, renfor\u00e7ant son r\u00f4le central dans l\u2019organisation de Saint-Pierre.<\/span><\/p>\t\t\t\t\t\t\t\t<\/div>\n\t\t\t\t<\/div>\n\t\t\t\t<div class=\"elementor-element elementor-element-b912a17 elementor-widget elementor-widget-text-editor\" data-id=\"b912a17\" data-element_type=\"widget\" data-widget_type=\"text-editor.default\">\n\t\t\t\t<div class=\"elementor-widget-container\">\n\t\t\t\t\t\t\t\t\t<p><span style=\"font-weight: 400;\">Les am\u00e9nagements de la trame urbaine se poursuivent au XIX\u1d49 si\u00e8cle, jusqu\u2019\u00e0 la destruction de la ville en 1902. La fouille de la parcelle, situ\u00e9e aux abords imm\u00e9diats de la cath\u00e9drale, a r\u00e9v\u00e9l\u00e9 de nombreux vestiges documentant ces diff\u00e9rentes phases d\u2019\u00e9volution. Murs, sols, bassins et un syst\u00e8me de gestion de l\u2019eau comprenant des canalisations d\u2019adduction et d\u2019\u00e9vacuation t\u00e9moignent de l\u2019existence d\u2019un habitat bourgeois au XIX\u1d49 si\u00e8cle.<\/span><\/p>\t\t\t\t\t\t\t\t<\/div>\n\t\t\t\t<\/div>\n\t\t\t\t<div class=\"elementor-element elementor-element-e768005 elementor-widget elementor-widget-text-editor\" data-id=\"e768005\" data-element_type=\"widget\" data-widget_type=\"text-editor.default\">\n\t\t\t\t<div class=\"elementor-widget-container\">\n\t\t\t\t\t\t\t\t\t<p><span style=\"font-weight: 400;\">Les vestiges sous-jacents montrent une succession de r\u00e9am\u00e9nagements et de reconstructions des b\u00e2timents. Certaines de ces transformations pourraient \u00eatre li\u00e9es \u00e0 des catastrophes naturelles, telles que des s\u00e9ismes ou des cyclones, qui ont ponctu\u00e9 l\u2019histoire du territoire et influenc\u00e9 l\u2019\u00e9volution du b\u00e2ti.<\/span><\/p>\t\t\t\t\t\t\t\t<\/div>\n\t\t\t\t<\/div>\n\t\t\t\t<section class=\"elementor-section elementor-inner-section elementor-element elementor-element-640597f elementor-section-boxed elementor-section-height-default elementor-section-height-default\" data-id=\"640597f\" data-element_type=\"section\">\n\t\t\t\t\t\t<div class=\"elementor-container elementor-column-gap-default\">\n\t\t\t\t\t<div class=\"elementor-column elementor-col-50 elementor-inner-column elementor-element elementor-element-82924de\" data-id=\"82924de\" data-element_type=\"column\">\n\t\t\t<div class=\"elementor-widget-wrap elementor-element-populated\">\n\t\t\t\t\t\t<div class=\"elementor-element elementor-element-362bcdf elementor-widget elementor-widget-image\" data-id=\"362bcdf\" data-element_type=\"widget\" data-widget_type=\"image.default\">\n\t\t\t\t<div class=\"elementor-widget-container\">\n\t\t\t\t\t\t\t\t\t\t\t\t\t\t\t<img fetchpriority=\"high\" decoding=\"async\" width=\"724\" height=\"1024\" src=\"https:\/\/richeskarayib.com\/wp-content\/uploads\/2026\/01\/Communique-de-presse-Dupuy-St-Pierre-002_page-0001-724x1024.jpg\" class=\"attachment-large size-large wp-image-68717\" alt=\"Saint-Pierre\" srcset=\"https:\/\/richeskarayib.com\/wp-content\/uploads\/2026\/01\/Communique-de-presse-Dupuy-St-Pierre-002_page-0001-724x1024.jpg 724w, https:\/\/richeskarayib.com\/wp-content\/uploads\/2026\/01\/Communique-de-presse-Dupuy-St-Pierre-002_page-0001-212x300.jpg 212w, https:\/\/richeskarayib.com\/wp-content\/uploads\/2026\/01\/Communique-de-presse-Dupuy-St-Pierre-002_page-0001-768x1086.jpg 768w, https:\/\/richeskarayib.com\/wp-content\/uploads\/2026\/01\/Communique-de-presse-Dupuy-St-Pierre-002_page-0001-1086x1536.jpg 1086w, https:\/\/richeskarayib.com\/wp-content\/uploads\/2026\/01\/Communique-de-presse-Dupuy-St-Pierre-002_page-0001.jpg 1241w\" sizes=\"(max-width: 724px) 100vw, 724px\" \/>\t\t\t\t\t\t\t\t\t\t\t\t\t\t\t<\/div>\n\t\t\t\t<\/div>\n\t\t\t\t\t<\/div>\n\t\t<\/div>\n\t\t\t\t<div class=\"elementor-column elementor-col-50 elementor-inner-column elementor-element elementor-element-cc7a700\" data-id=\"cc7a700\" data-element_type=\"column\">\n\t\t\t<div class=\"elementor-widget-wrap elementor-element-populated\">\n\t\t\t\t\t\t<div class=\"elementor-element elementor-element-a11c18e elementor-widget elementor-widget-image\" data-id=\"a11c18e\" data-element_type=\"widget\" data-widget_type=\"image.default\">\n\t\t\t\t<div class=\"elementor-widget-container\">\n\t\t\t\t\t\t\t\t\t\t\t\t\t\t\t<img decoding=\"async\" width=\"724\" height=\"1024\" src=\"https:\/\/richeskarayib.com\/wp-content\/uploads\/2026\/01\/Communique-de-presse-Dupuy-St-Pierre-002_page-0002-724x1024.jpg\" class=\"attachment-large size-large wp-image-68721\" alt=\"Saint-Pierre\" srcset=\"https:\/\/richeskarayib.com\/wp-content\/uploads\/2026\/01\/Communique-de-presse-Dupuy-St-Pierre-002_page-0002-724x1024.jpg 724w, https:\/\/richeskarayib.com\/wp-content\/uploads\/2026\/01\/Communique-de-presse-Dupuy-St-Pierre-002_page-0002-212x300.jpg 212w, https:\/\/richeskarayib.com\/wp-content\/uploads\/2026\/01\/Communique-de-presse-Dupuy-St-Pierre-002_page-0002-768x1086.jpg 768w, https:\/\/richeskarayib.com\/wp-content\/uploads\/2026\/01\/Communique-de-presse-Dupuy-St-Pierre-002_page-0002-1086x1536.jpg 1086w, https:\/\/richeskarayib.com\/wp-content\/uploads\/2026\/01\/Communique-de-presse-Dupuy-St-Pierre-002_page-0002.jpg 1241w\" sizes=\"(max-width: 724px) 100vw, 724px\" \/>\t\t\t\t\t\t\t\t\t\t\t\t\t\t\t<\/div>\n\t\t\t\t<\/div>\n\t\t\t\t\t<\/div>\n\t\t<\/div>\n\t\t\t\t\t<\/div>\n\t\t<\/section>\n\t\t\t\t\t<\/div>\n\t\t<\/div>\n\t\t\t\t\t<\/div>\n\t\t<\/section>\n\t\t\t\t<section class=\"elementor-section elementor-top-section elementor-element elementor-element-ee72354 elementor-section-boxed elementor-section-height-default elementor-section-height-default\" data-id=\"ee72354\" data-element_type=\"section\">\n\t\t\t\t\t\t<div class=\"elementor-container elementor-column-gap-default\">\n\t\t\t\t\t<div class=\"elementor-column elementor-col-100 elementor-top-column elementor-element elementor-element-c59d6fe\" data-id=\"c59d6fe\" data-element_type=\"column\">\n\t\t\t<div class=\"elementor-widget-wrap elementor-element-populated\">\n\t\t\t\t\t\t<div class=\"elementor-element elementor-element-ddc6a1e elementor-widget elementor-widget-heading\" data-id=\"ddc6a1e\" data-element_type=\"widget\" data-widget_type=\"heading.default\">\n\t\t\t\t<div class=\"elementor-widget-container\">\n\t\t\t\t\t<h2 class=\"elementor-heading-title elementor-size-default\">Une occupation am\u00e9rindienne sous les niveaux historiques<\/h2>\t\t\t\t<\/div>\n\t\t\t\t<\/div>\n\t\t\t\t<div class=\"elementor-element elementor-element-e57451f elementor-widget elementor-widget-text-editor\" data-id=\"e57451f\" data-element_type=\"widget\" data-widget_type=\"text-editor.default\">\n\t\t\t\t<div class=\"elementor-widget-container\">\n\t\t\t\t\t\t\t\t\t<p><span style=\"font-weight: 400;\">Au-del\u00e0 des p\u00e9riodes historiques, ce chantier offre \u00e9galement l\u2019opportunit\u00e9 d\u2019\u00e9tudier des vestiges d\u2019occupations am\u00e9rindiennes sous-jacentes. Les arch\u00e9ologues ont mis au jour un niveau comprenant un abondant mobilier arch\u00e9ologique, notamment des c\u00e9ramiques et des objets en pierre, t\u00e9moignant d\u2019une pr\u00e9sence humaine ancienne.<\/span><\/p><p><span style=\"font-weight: 400;\">Ces vestiges sont intercal\u00e9s entre deux d\u00e9p\u00f4ts d\u2019\u00e9ruptions de la Montagne Pel\u00e9e, dat\u00e9s de 60 avant J.-C. et de 1 300 apr\u00e8s J.-C. Les donn\u00e9es recueillies viennent enrichir la connaissance du pass\u00e9 pr\u00e9colombien de <a href=\"https:\/\/richeskarayib.com\/fr\/escape-game-a-la-prison-de-saint-pierre\/\" target=\"_blank\" rel=\"noopener\">Saint-Pierre<\/a> et apportent un \u00e9clairage pr\u00e9cieux sur la continuit\u00e9 des occupations humaines dans ce secteur bien avant la p\u00e9riode coloniale.<\/span><\/p>\t\t\t\t\t\t\t\t<\/div>\n\t\t\t\t<\/div>\n\t\t\t\t\t<\/div>\n\t\t<\/div>\n\t\t\t\t\t<\/div>\n\t\t<\/section>\n\t\t\t\t<section class=\"elementor-section elementor-top-section elementor-element elementor-element-82cd8f9 elementor-section-boxed elementor-section-height-default elementor-section-height-default\" data-id=\"82cd8f9\" data-element_type=\"section\">\n\t\t\t\t\t\t<div class=\"elementor-container elementor-column-gap-default\">\n\t\t\t\t\t<div class=\"elementor-column elementor-col-100 elementor-top-column elementor-element elementor-element-0bfdc38\" data-id=\"0bfdc38\" data-element_type=\"column\">\n\t\t\t<div class=\"elementor-widget-wrap elementor-element-populated\">\n\t\t\t\t\t\t<div class=\"elementor-element elementor-element-7d292fe elementor-widget elementor-widget-heading\" data-id=\"7d292fe\" data-element_type=\"widget\" data-widget_type=\"heading.default\">\n\t\t\t\t<div class=\"elementor-widget-container\">\n\t\t\t\t\t<h2 class=\"elementor-heading-title elementor-size-default\">Une journ\u00e9e portes ouvertes pour le grand public<\/h2>\t\t\t\t<\/div>\n\t\t\t\t<\/div>\n\t\t\t\t<div class=\"elementor-element elementor-element-8e337bf elementor-widget elementor-widget-text-editor\" data-id=\"8e337bf\" data-element_type=\"widget\" data-widget_type=\"text-editor.default\">\n\t\t\t\t<div class=\"elementor-widget-container\">\n\t\t\t\t\t\t\t\t\t<p><span style=\"font-weight: 400;\">Afin de partager ces d\u00e9couvertes avec le public, une <\/span><b>journ\u00e9e portes ouvertes<\/b><span style=\"font-weight: 400;\"> est organis\u00e9e :<\/span><\/p>\t\t\t\t\t\t\t\t<\/div>\n\t\t\t\t<\/div>\n\t\t\t\t<div class=\"elementor-element elementor-element-2d1517d elementor-widget elementor-widget-text-editor\" data-id=\"2d1517d\" data-element_type=\"widget\" data-widget_type=\"text-editor.default\">\n\t\t\t\t<div class=\"elementor-widget-container\">\n\t\t\t\t\t\t\t\t\t<ul><li style=\"font-weight: 400;\" aria-level=\"1\"><b>&#8211; Samedi 7 f\u00e9vrier 2026<\/b><\/li><li style=\"font-weight: 400;\" aria-level=\"1\"><b>&#8211; De 9h \u00e0 12h et de 14h \u00e0 17h<\/b><\/li><li style=\"font-weight: 400;\" aria-level=\"1\"><b>&#8211; Acc\u00e8s : 5 rue Dupuy, Saint-Pierre<\/b><\/li><li style=\"font-weight: 400;\" aria-level=\"1\"><span style=\"font-weight: 400;\">&#8211; D\u00e9parts des visites toutes les heures (derni\u00e8res visites \u00e0 11h et 16h)<\/span><\/li><li style=\"font-weight: 400;\" aria-level=\"1\"><span style=\"font-weight: 400;\">&#8211; Visites comment\u00e9es par les arch\u00e9ologues de l\u2019Inrap<\/span><\/li><li style=\"font-weight: 400;\" aria-level=\"1\"><b>&#8211; Entr\u00e9e gratuite<\/b><\/li><li style=\"font-weight: 400;\" aria-level=\"1\"><span style=\"font-weight: 400;\">&#8211; Chaussures adapt\u00e9es recommand\u00e9es<\/span><\/li><\/ul>\t\t\t\t\t\t\t\t<\/div>\n\t\t\t\t<\/div>\n\t\t\t\t<div class=\"elementor-element elementor-element-1cbcdee elementor-widget elementor-widget-text-editor\" data-id=\"1cbcdee\" data-element_type=\"widget\" data-widget_type=\"text-editor.default\">\n\t\t\t\t<div class=\"elementor-widget-container\">\n\t\t\t\t\t\t\t\t\t<p><span style=\"font-weight: 400;\">Cette initiative s\u2019inscrit dans une d\u00e9marche de m\u00e9diation scientifique et de transmission des connaissances au plus grand nombre.<\/span><\/p><p><span style=\"font-weight: 400;\">Par ailleurs, une classe de l\u2019\u00e9cole <\/span><b>Louis Philemond-Montout<\/b><span style=\"font-weight: 400;\"> participera \u00e0 une visite p\u00e9dagogique du chantier le <\/span><b>jeudi 29 janvier \u00e0 8h30<\/b><span style=\"font-weight: 400;\">, illustrant l\u2019importance accord\u00e9e \u00e0 la sensibilisation des publics scolaires \u00e0 l\u2019arch\u00e9ologie et \u00e0 l\u2019histoire locale.<\/span><\/p>\t\t\t\t\t\t\t\t<\/div>\n\t\t\t\t<\/div>\n\t\t\t\t<section class=\"elementor-section elementor-inner-section elementor-element elementor-element-2c2029b elementor-section-boxed elementor-section-height-default elementor-section-height-default\" data-id=\"2c2029b\" data-element_type=\"section\">\n\t\t\t\t\t\t<div class=\"elementor-container elementor-column-gap-default\">\n\t\t\t\t\t<div class=\"elementor-column elementor-col-100 elementor-inner-column elementor-element elementor-element-454920e\" data-id=\"454920e\" data-element_type=\"column\">\n\t\t\t<div class=\"elementor-widget-wrap elementor-element-populated\">\n\t\t\t\t\t\t<div class=\"elementor-element elementor-element-0418d24 elementor-widget elementor-widget-image\" data-id=\"0418d24\" data-element_type=\"widget\" data-widget_type=\"image.default\">\n\t\t\t\t<div class=\"elementor-widget-container\">\n\t\t\t\t\t\t\t\t\t\t\t\t\t\t\t<img decoding=\"async\" width=\"616\" height=\"872\" src=\"https:\/\/richeskarayib.com\/wp-content\/uploads\/2026\/01\/Capture-decran-2026-01-27-a-15.19.07.png\" class=\"attachment-large size-large wp-image-68713\" alt=\"Saint-Pierre\" srcset=\"https:\/\/richeskarayib.com\/wp-content\/uploads\/2026\/01\/Capture-decran-2026-01-27-a-15.19.07.png 616w, https:\/\/richeskarayib.com\/wp-content\/uploads\/2026\/01\/Capture-decran-2026-01-27-a-15.19.07-212x300.png 212w\" sizes=\"(max-width: 616px) 100vw, 616px\" \/>\t\t\t\t\t\t\t\t\t\t\t\t\t\t\t<\/div>\n\t\t\t\t<\/div>\n\t\t\t\t\t<\/div>\n\t\t<\/div>\n\t\t\t\t\t<\/div>\n\t\t<\/section>\n\t\t\t\t<section class=\"elementor-section elementor-inner-section elementor-element elementor-element-c582330 elementor-section-boxed elementor-section-height-default elementor-section-height-default\" data-id=\"c582330\" data-element_type=\"section\">\n\t\t\t\t\t\t<div class=\"elementor-container elementor-column-gap-default\">\n\t\t\t\t\t\t<\/div>\n\t\t<\/section>\n\t\t\t\t<section class=\"elementor-section elementor-inner-section elementor-element elementor-element-296603a elementor-section-boxed elementor-section-height-default elementor-section-height-default\" data-id=\"296603a\" data-element_type=\"section\">\n\t\t\t\t\t\t<div class=\"elementor-container elementor-column-gap-default\">\n\t\t\t\t\t\t<\/div>\n\t\t<\/section>\n\t\t\t\t\t<\/div>\n\t\t<\/div>\n\t\t\t\t\t<\/div>\n\t\t<\/section>\n\t\t\t\t<section class=\"elementor-section elementor-top-section elementor-element elementor-element-5a7397d elementor-section-boxed elementor-section-height-default elementor-section-height-default\" data-id=\"5a7397d\" data-element_type=\"section\">\n\t\t\t\t\t\t<div class=\"elementor-container elementor-column-gap-default\">\n\t\t\t\t\t<div class=\"elementor-column elementor-col-100 elementor-top-column elementor-element elementor-element-8b33b4b\" data-id=\"8b33b4b\" data-element_type=\"column\">\n\t\t\t<div class=\"elementor-widget-wrap elementor-element-populated\">\n\t\t\t\t\t\t<div class=\"elementor-element elementor-element-89dac4b elementor-widget elementor-widget-heading\" data-id=\"89dac4b\" data-element_type=\"widget\" data-widget_type=\"heading.default\">\n\t\t\t\t<div class=\"elementor-widget-container\">\n\t\t\t\t\t<h2 class=\"elementor-heading-title elementor-size-default\">Un cadre scientifique et institutionnel encadr\u00e9<\/h2>\t\t\t\t<\/div>\n\t\t\t\t<\/div>\n\t\t\t\t<section class=\"elementor-section elementor-inner-section elementor-element elementor-element-95aa690 elementor-section-boxed elementor-section-height-default elementor-section-height-default\" data-id=\"95aa690\" data-element_type=\"section\">\n\t\t\t\t\t\t<div class=\"elementor-container elementor-column-gap-default\">\n\t\t\t\t\t<div class=\"elementor-column elementor-col-100 elementor-inner-column elementor-element elementor-element-ae7c4fc\" data-id=\"ae7c4fc\" data-element_type=\"column\">\n\t\t\t<div class=\"elementor-widget-wrap elementor-element-populated\">\n\t\t\t\t\t\t<div class=\"elementor-element elementor-element-819dd2d elementor-widget elementor-widget-text-editor\" data-id=\"819dd2d\" data-element_type=\"widget\" data-widget_type=\"text-editor.default\">\n\t\t\t\t<div class=\"elementor-widget-container\">\n\t\t\t\t\t\t\t\t\t<p><span style=\"font-weight: 400;\">La fouille est conduite sous la responsabilit\u00e9 scientifique de Dominique Le Bars, arch\u00e9ologue \u00e0 l\u2019Inrap. La prescription et le contr\u00f4le scientifique sont assur\u00e9s par la DAC de Martinique, et plus particuli\u00e8rement par son service de l\u2019arch\u00e9ologie, garantissant le respect des exigences scientifiques et patrimoniales.<\/span><\/p>\t\t\t\t\t\t\t\t<\/div>\n\t\t\t\t<\/div>\n\t\t\t\t<div class=\"elementor-element elementor-element-91e3233 elementor-widget elementor-widget-text-editor\" data-id=\"91e3233\" data-element_type=\"widget\" data-widget_type=\"text-editor.default\">\n\t\t\t\t<div class=\"elementor-widget-container\">\n\t\t\t\t\t\t\t\t\t<p><span style=\"font-weight: 400;\">\u00c9tablissement public plac\u00e9 sous la tutelle des minist\u00e8res de la Culture et de la Recherche, l\u2019Inrap intervient en amont des travaux d\u2019am\u00e9nagement du territoire. Il assure la d\u00e9tection et l\u2019\u00e9tude du patrimoine arch\u00e9ologique et r\u00e9alise chaque ann\u00e9e environ 1 800 diagnostics arch\u00e9ologiques et plus de 200 fouilles pour le compte d\u2019am\u00e9nageurs priv\u00e9s et publics, en France hexagonale comme outre-mer. Ses missions s\u2019\u00e9tendent \u00e0 l\u2019analyse, \u00e0 l\u2019interpr\u00e9tation scientifique des donn\u00e9es de fouille et \u00e0 la diffusion de la connaissance arch\u00e9ologique aupr\u00e8s du public<\/span><\/p>\t\t\t\t\t\t\t\t<\/div>\n\t\t\t\t<\/div>\n\t\t\t\t\t<\/div>\n\t\t<\/div>\n\t\t\t\t\t<\/div>\n\t\t<\/section>\n\t\t\t\t\t<\/div>\n\t\t<\/div>\n\t\t\t\t\t<\/div>\n\t\t<\/section>\n\t\t\t\t<section class=\"elementor-section elementor-top-section elementor-element elementor-element-22bf69f elementor-section-boxed elementor-section-height-default elementor-section-height-default\" data-id=\"22bf69f\" data-element_type=\"section\">\n\t\t\t\t\t\t<div class=\"elementor-container elementor-column-gap-default\">\n\t\t\t\t\t<div class=\"elementor-column elementor-col-100 elementor-top-column elementor-element elementor-element-8aedddd\" data-id=\"8aedddd\" data-element_type=\"column\">\n\t\t\t<div class=\"elementor-widget-wrap elementor-element-populated\">\n\t\t\t\t\t\t<section class=\"elementor-section elementor-inner-section elementor-element elementor-element-c8e3557 elementor-section-boxed elementor-section-height-default elementor-section-height-default\" data-id=\"c8e3557\" data-element_type=\"section\">\n\t\t\t\t\t\t<div class=\"elementor-container elementor-column-gap-default\">\n\t\t\t\t\t<div class=\"elementor-column elementor-col-100 elementor-inner-column elementor-element elementor-element-1222702\" data-id=\"1222702\" data-element_type=\"column\">\n\t\t\t<div class=\"elementor-widget-wrap elementor-element-populated\">\n\t\t\t\t\t\t<div class=\"elementor-element elementor-element-2e40abe elementor-widget elementor-widget-accordion\" data-id=\"2e40abe\" data-element_type=\"widget\" data-widget_type=\"accordion.default\">\n\t\t\t\t<div class=\"elementor-widget-container\">\n\t\t\t\t\t\t\t<div class=\"elementor-accordion\">\n\t\t\t\t\t\t\t<div class=\"elementor-accordion-item\">\n\t\t\t\t\t<div id=\"elementor-tab-title-4841\" class=\"elementor-tab-title\" data-tab=\"1\" role=\"button\" aria-controls=\"elementor-tab-content-4841\" aria-expanded=\"false\">\n\t\t\t\t\t\t\t\t\t\t\t\t\t<span class=\"elementor-accordion-icon elementor-accordion-icon-left\" aria-hidden=\"true\">\n\t\t\t\t\t\t\t\t\t\t\t\t\t\t\t<span class=\"elementor-accordion-icon-closed\"><i class=\"fas fa-plus\"><\/i><\/span>\n\t\t\t\t\t\t\t\t<span class=\"elementor-accordion-icon-opened\"><i class=\"fas fa-minus\"><\/i><\/span>\n\t\t\t\t\t\t\t\t\t\t\t\t\t\t<\/span>\n\t\t\t\t\t\t\t\t\t\t\t\t<a class=\"elementor-accordion-title\" tabindex=\"0\">O\u00f9 se d\u00e9roule la fouille arch\u00e9ologique \u00e0 Saint-Pierre ?<\/a>\n\t\t\t\t\t<\/div>\n\t\t\t\t\t<div id=\"elementor-tab-content-4841\" class=\"elementor-tab-content elementor-clearfix\" data-tab=\"1\" role=\"region\" aria-labelledby=\"elementor-tab-title-4841\"><p><span style=\"font-weight: 400;\">La fouille arch\u00e9ologique se d\u00e9roule \u00e0 Saint-Pierre, dans le quartier du Mouillage, plus pr\u00e9cis\u00e9ment au 5 rue Dupuy, \u00e0 proximit\u00e9 imm\u00e9diate de la cath\u00e9drale. Ce secteur strat\u00e9gique permet de documenter l\u2019\u00e9volution urbaine et humaine de la ville sur pr\u00e8s de deux mill\u00e9naires.<\/span><\/p><\/div>\n\t\t\t\t<\/div>\n\t\t\t\t\t\t\t<div class=\"elementor-accordion-item\">\n\t\t\t\t\t<div id=\"elementor-tab-title-4842\" class=\"elementor-tab-title\" data-tab=\"2\" role=\"button\" aria-controls=\"elementor-tab-content-4842\" aria-expanded=\"false\">\n\t\t\t\t\t\t\t\t\t\t\t\t\t<span class=\"elementor-accordion-icon elementor-accordion-icon-left\" aria-hidden=\"true\">\n\t\t\t\t\t\t\t\t\t\t\t\t\t\t\t<span class=\"elementor-accordion-icon-closed\"><i class=\"fas fa-plus\"><\/i><\/span>\n\t\t\t\t\t\t\t\t<span class=\"elementor-accordion-icon-opened\"><i class=\"fas fa-minus\"><\/i><\/span>\n\t\t\t\t\t\t\t\t\t\t\t\t\t\t<\/span>\n\t\t\t\t\t\t\t\t\t\t\t\t<a class=\"elementor-accordion-title\" tabindex=\"0\">Quelles p\u00e9riodes de l\u2019histoire de Saint-Pierre sont concern\u00e9es par la fouille ?<\/a>\n\t\t\t\t\t<\/div>\n\t\t\t\t\t<div id=\"elementor-tab-content-4842\" class=\"elementor-tab-content elementor-clearfix\" data-tab=\"2\" role=\"region\" aria-labelledby=\"elementor-tab-title-4842\"><p><span style=\"font-weight: 400;\">La fouille arch\u00e9ologique de Saint-Pierre couvre une large chronologie, allant des occupations am\u00e9rindiennes pr\u00e9colombiennes jusqu\u2019\u00e0 la destruction de la ville en 1902. Les vestiges mis au jour t\u00e9moignent aussi bien de la p\u00e9riode coloniale que de phases d\u2019occupation beaucoup plus anciennes.<\/span><\/p><\/div>\n\t\t\t\t<\/div>\n\t\t\t\t\t\t\t<div class=\"elementor-accordion-item\">\n\t\t\t\t\t<div id=\"elementor-tab-title-4843\" class=\"elementor-tab-title\" data-tab=\"3\" role=\"button\" aria-controls=\"elementor-tab-content-4843\" aria-expanded=\"false\">\n\t\t\t\t\t\t\t\t\t\t\t\t\t<span class=\"elementor-accordion-icon elementor-accordion-icon-left\" aria-hidden=\"true\">\n\t\t\t\t\t\t\t\t\t\t\t\t\t\t\t<span class=\"elementor-accordion-icon-closed\"><i class=\"fas fa-plus\"><\/i><\/span>\n\t\t\t\t\t\t\t\t<span class=\"elementor-accordion-icon-opened\"><i class=\"fas fa-minus\"><\/i><\/span>\n\t\t\t\t\t\t\t\t\t\t\t\t\t\t<\/span>\n\t\t\t\t\t\t\t\t\t\t\t\t<a class=\"elementor-accordion-title\" tabindex=\"0\">Le public peut-il visiter le chantier arch\u00e9ologique de Saint-Pierre ?<\/a>\n\t\t\t\t\t<\/div>\n\t\t\t\t\t<div id=\"elementor-tab-content-4843\" class=\"elementor-tab-content elementor-clearfix\" data-tab=\"3\" role=\"region\" aria-labelledby=\"elementor-tab-title-4843\"><p><span style=\"font-weight: 400;\">Oui. Une journ\u00e9e portes ouvertes est organis\u00e9e \u00e0 Saint-Pierre le samedi 7 f\u00e9vrier 2026. Le public pourra participer \u00e0 des visites comment\u00e9es du chantier, encadr\u00e9es par les arch\u00e9ologues, afin de mieux comprendre les d\u00e9couvertes et les m\u00e9thodes de la fouille arch\u00e9ologique.<\/span><\/p><\/div>\n\t\t\t\t<\/div>\n\t\t\t\t\t\t\t\t<\/div>\n\t\t\t\t\t\t<\/div>\n\t\t\t\t<\/div>\n\t\t\t\t\t<\/div>\n\t\t<\/div>\n\t\t\t\t\t<\/div>\n\t\t<\/section>\n\t\t\t\t\t<\/div>\n\t\t<\/div>\n\t\t\t\t\t<\/div>\n\t\t<\/section>\n\t\t\t\t<\/div>\n\t\t","protected":false},"excerpt":{"rendered":"<p>De la p\u00e9riode pr\u00e9colombienne \u00e0 nos jours, le quartier du Mouillage \u00e0 Saint-Pierre livre une histoire longue de pr\u00e8s de 2 000 ans. Depuis d\u00e9cembre 2025, une fouille arch\u00e9ologique pr\u00e9ventive est men\u00e9e rue Dupuy, en amont d\u2019un am\u00e9nagement priv\u00e9, par l\u2019Institut national de recherches arch\u00e9ologiques pr\u00e9ventives (Inrap), sur prescription de l\u2019\u00c9tat via la Direction des [&hellip;]<\/p>\n","protected":false},"author":662,"featured_media":68728,"comment_status":"open","ping_status":"open","sticky":false,"template":"","format":"standard","meta":{"_acf_changed":false,"footnotes":""},"categories":[1468,1498],"tags":[808],"class_list":["post-68704","post","type-post","status-publish","format-standard","has-post-thumbnail","hentry","category-histoire-patrimoine","category-gestion-devenements","tag-martinique-fr"],"acf":[],"_links":{"self":[{"href":"https:\/\/richeskarayib.com\/fr\/wp-json\/wp\/v2\/posts\/68704","targetHints":{"allow":["GET"]}}],"collection":[{"href":"https:\/\/richeskarayib.com\/fr\/wp-json\/wp\/v2\/posts"}],"about":[{"href":"https:\/\/richeskarayib.com\/fr\/wp-json\/wp\/v2\/types\/post"}],"author":[{"embeddable":true,"href":"https:\/\/richeskarayib.com\/fr\/wp-json\/wp\/v2\/users\/662"}],"replies":[{"embeddable":true,"href":"https:\/\/richeskarayib.com\/fr\/wp-json\/wp\/v2\/comments?post=68704"}],"version-history":[{"count":0,"href":"https:\/\/richeskarayib.com\/fr\/wp-json\/wp\/v2\/posts\/68704\/revisions"}],"wp:featuredmedia":[{"embeddable":true,"href":"https:\/\/richeskarayib.com\/fr\/wp-json\/wp\/v2\/media\/68728"}],"wp:attachment":[{"href":"https:\/\/richeskarayib.com\/fr\/wp-json\/wp\/v2\/media?parent=68704"}],"wp:term":[{"taxonomy":"category","embeddable":true,"href":"https:\/\/richeskarayib.com\/fr\/wp-json\/wp\/v2\/categories?post=68704"},{"taxonomy":"post_tag","embeddable":true,"href":"https:\/\/richeskarayib.com\/fr\/wp-json\/wp\/v2\/tags?post=68704"}],"curies":[{"name":"wp","href":"https:\/\/api.w.org\/{rel}","templated":true}]}}