{"id":68818,"date":"2026-01-29T07:43:55","date_gmt":"2026-01-29T11:43:55","guid":{"rendered":"https:\/\/richeskarayib.com\/?p=68818"},"modified":"2026-01-29T07:43:55","modified_gmt":"2026-01-29T11:43:55","slug":"patrimoine-culturel-de-saint-eustache-seniors","status":"publish","type":"post","link":"https:\/\/richeskarayib.com\/fr\/patrimoine-culturel-de-saint-eustache-seniors\/","title":{"rendered":"Patrimoine culturel de Saint-Eustache : quand les seniors participent \u00e0 l\u2019avenir de l\u2019\u00eele"},"content":{"rendered":"\t\t<div data-elementor-type=\"wp-post\" data-elementor-id=\"68818\" class=\"elementor elementor-68818\" data-elementor-post-type=\"post\">\n\t\t\t\t\t\t<section class=\"elementor-section elementor-top-section elementor-element elementor-element-7ca7ca1 elementor-section-boxed elementor-section-height-default elementor-section-height-default\" data-id=\"7ca7ca1\" data-element_type=\"section\">\n\t\t\t\t\t\t<div class=\"elementor-container elementor-column-gap-default\">\n\t\t\t\t\t<div class=\"elementor-column elementor-col-100 elementor-top-column elementor-element elementor-element-cbdd002\" data-id=\"cbdd002\" data-element_type=\"column\">\n\t\t\t<div class=\"elementor-widget-wrap elementor-element-populated\">\n\t\t\t\t\t\t<section class=\"elementor-section elementor-inner-section elementor-element elementor-element-bc94849 elementor-section-boxed elementor-section-height-default elementor-section-height-default\" data-id=\"bc94849\" data-element_type=\"section\">\n\t\t\t\t\t\t<div class=\"elementor-container elementor-column-gap-default\">\n\t\t\t\t\t\t<\/div>\n\t\t<\/section>\n\t\t\t\t<section class=\"elementor-section elementor-inner-section elementor-element elementor-element-61571e6 elementor-section-boxed elementor-section-height-default elementor-section-height-default\" data-id=\"61571e6\" data-element_type=\"section\">\n\t\t\t\t\t\t<div class=\"elementor-container elementor-column-gap-default\">\n\t\t\t\t\t\t<\/div>\n\t\t<\/section>\n\t\t\t\t<section class=\"elementor-section elementor-inner-section elementor-element elementor-element-b6262e0 elementor-section-boxed elementor-section-height-default elementor-section-height-default\" data-id=\"b6262e0\" data-element_type=\"section\">\n\t\t\t\t\t\t<div class=\"elementor-container elementor-column-gap-default\">\n\t\t\t\t\t\t<\/div>\n\t\t<\/section>\n\t\t\t\t<section class=\"elementor-section elementor-inner-section elementor-element elementor-element-cca29fd elementor-section-boxed elementor-section-height-default elementor-section-height-default\" data-id=\"cca29fd\" data-element_type=\"section\">\n\t\t\t\t\t\t<div class=\"elementor-container elementor-column-gap-default\">\n\t\t\t\t\t\t<\/div>\n\t\t<\/section>\n\t\t\t\t\t<\/div>\n\t\t<\/div>\n\t\t\t\t\t<\/div>\n\t\t<\/section>\n\t\t\t\t<section class=\"elementor-section elementor-top-section elementor-element elementor-element-a6d4222 elementor-section-boxed elementor-section-height-default elementor-section-height-default\" data-id=\"a6d4222\" data-element_type=\"section\">\n\t\t\t\t\t\t<div class=\"elementor-container elementor-column-gap-default\">\n\t\t\t\t\t<div class=\"elementor-column elementor-col-100 elementor-top-column elementor-element elementor-element-ea27f09\" data-id=\"ea27f09\" data-element_type=\"column\">\n\t\t\t<div class=\"elementor-widget-wrap elementor-element-populated\">\n\t\t\t\t\t\t<section class=\"elementor-section elementor-inner-section elementor-element elementor-element-25c3156 elementor-section-boxed elementor-section-height-default elementor-section-height-default\" data-id=\"25c3156\" data-element_type=\"section\">\n\t\t\t\t\t\t<div class=\"elementor-container elementor-column-gap-default\">\n\t\t\t\t\t<div class=\"elementor-column elementor-col-100 elementor-inner-column elementor-element elementor-element-aac779c\" data-id=\"aac779c\" data-element_type=\"column\">\n\t\t\t<div class=\"elementor-widget-wrap elementor-element-populated\">\n\t\t\t\t\t\t<div class=\"elementor-element elementor-element-612550d elementor-widget elementor-widget-text-editor\" data-id=\"612550d\" data-element_type=\"widget\" data-widget_type=\"text-editor.default\">\n\t\t\t\t<div class=\"elementor-widget-container\">\n\t\t\t\t\t\t\t\t\t<p><span style=\"font-weight: 400;\">\u00c0 <a href=\"https:\/\/www.saint-eustache.ca\/ville\/portrait\" target=\"_blank\" rel=\"noopener nofollow\">Saint-Eustache<\/a>, petite \u00eele carib\u00e9enne au pass\u00e9 dense et souvent m\u00e9connu, la transmission ne se limite pas aux livres d\u2019histoire. Elle se construit aussi par la parole, la m\u00e9moire vivante et l\u2019engagement collectif. C\u2019est pr\u00e9cis\u00e9ment l\u2019ambition du projet Heritage in the Making, une initiative communautaire qui place les seniors au c\u0153ur du r\u00e9cit et interroge, avec finesse, le <\/span><b>patrimoine culturel de Saint-Eustache<\/b><span style=\"font-weight: 400;\"> dans sa dimension humaine, sociale et prospective.<\/span><\/p>\t\t\t\t\t\t\t\t<\/div>\n\t\t\t\t<\/div>\n\t\t\t\t<div class=\"elementor-element elementor-element-3839949 elementor-widget elementor-widget-text-editor\" data-id=\"3839949\" data-element_type=\"widget\" data-widget_type=\"text-editor.default\">\n\t\t\t\t<div class=\"elementor-widget-container\">\n\t\t\t\t\t\t\t\t\t<p><span style=\"font-weight: 400;\">Port\u00e9 par Euxtopia Innovations, ce projet s\u2019est d\u00e9ploy\u00e9 sur une ann\u00e9e enti\u00e8re, dans un temps long volontairement choisi. Un temps n\u00e9cessaire pour \u00e9couter, dialoguer, cr\u00e9er, et surtout reconna\u00eetre la place centrale des a\u00een\u00e9s dans la construction de l\u2019avenir de l\u2019\u00eele. Durant la p\u00e9riode des f\u00eates, les seniors de Saint-Eustache n\u2019ont pas re\u00e7u un cadeau mat\u00e9riel, mais bien plus durable : la reconnaissance de leur voix et de leur r\u00f4le dans la soci\u00e9t\u00e9 contemporaine.<\/span><\/p>\t\t\t\t\t\t\t\t<\/div>\n\t\t\t\t<\/div>\n\t\t\t\t<div class=\"elementor-element elementor-element-64f55f0 elementor-widget elementor-widget-image\" data-id=\"64f55f0\" data-element_type=\"widget\" data-widget_type=\"image.default\">\n\t\t\t\t<div class=\"elementor-widget-container\">\n\t\t\t\t\t\t\t\t\t\t\t\t<figure class=\"wp-caption\">\n\t\t\t\t\t\t\t\t\t\t<img fetchpriority=\"high\" decoding=\"async\" width=\"800\" height=\"449\" src=\"https:\/\/richeskarayib.com\/wp-content\/uploads\/2026\/01\/\u00a9Saint-Eustache-1-1024x575.jpg\" class=\"attachment-large size-large wp-image-68835\" alt=\"\" srcset=\"https:\/\/richeskarayib.com\/wp-content\/uploads\/2026\/01\/\u00a9Saint-Eustache-1-1024x575.jpg 1024w, https:\/\/richeskarayib.com\/wp-content\/uploads\/2026\/01\/\u00a9Saint-Eustache-1-300x169.jpg 300w, https:\/\/richeskarayib.com\/wp-content\/uploads\/2026\/01\/\u00a9Saint-Eustache-1-768x432.jpg 768w, https:\/\/richeskarayib.com\/wp-content\/uploads\/2026\/01\/\u00a9Saint-Eustache-1.jpg 1210w\" sizes=\"(max-width: 800px) 100vw, 800px\" \/>\t\t\t\t\t\t\t\t\t\t\t<figcaption class=\"widget-image-caption wp-caption-text\">\u00a9Saint-Eustache<\/figcaption>\n\t\t\t\t\t\t\t\t\t\t<\/figure>\n\t\t\t\t\t\t\t\t\t<\/div>\n\t\t\t\t<\/div>\n\t\t\t\t\t<\/div>\n\t\t<\/div>\n\t\t\t\t\t<\/div>\n\t\t<\/section>\n\t\t\t\t\t<\/div>\n\t\t<\/div>\n\t\t\t\t\t<\/div>\n\t\t<\/section>\n\t\t\t\t<section class=\"elementor-section elementor-top-section elementor-element elementor-element-e1fea79 elementor-section-boxed elementor-section-height-default elementor-section-height-default\" data-id=\"e1fea79\" data-element_type=\"section\">\n\t\t\t\t\t\t<div class=\"elementor-container elementor-column-gap-default\">\n\t\t\t\t\t<div class=\"elementor-column elementor-col-100 elementor-top-column elementor-element elementor-element-6d0be76\" data-id=\"6d0be76\" data-element_type=\"column\">\n\t\t\t<div class=\"elementor-widget-wrap elementor-element-populated\">\n\t\t\t\t\t\t<div class=\"elementor-element elementor-element-a310b25 elementor-widget elementor-widget-heading\" data-id=\"a310b25\" data-element_type=\"widget\" data-widget_type=\"heading.default\">\n\t\t\t\t<div class=\"elementor-widget-container\">\n\t\t\t\t\t<h2 class=\"elementor-heading-title elementor-size-default\">Donner forme aux r\u00e9cits, pr\u00e9server la m\u00e9moire vivante<\/h2>\t\t\t\t<\/div>\n\t\t\t\t<\/div>\n\t\t\t\t<div class=\"elementor-element elementor-element-bbb62ae elementor-widget elementor-widget-text-editor\" data-id=\"bbb62ae\" data-element_type=\"widget\" data-widget_type=\"text-editor.default\">\n\t\t\t\t<div class=\"elementor-widget-container\">\n\t\t\t\t\t\t\t\t\t<p><span style=\"font-weight: 400;\">Le <\/span><b>patrimoine culturel de Saint-Eustache<\/b><span style=\"font-weight: 400;\"> ne se r\u00e9sume pas \u00e0 ses vestiges coloniaux ou \u00e0 ses paysages volcaniques. Il vit dans les souvenirs, les exp\u00e9riences et les r\u00e9flexions de celles et ceux qui ont vu l\u2019\u00eele \u00e9voluer au fil des d\u00e9cennies. Heritage in the Making s\u2019est appuy\u00e9 sur des conversations approfondies avec les seniors, organis\u00e9es sous forme de sessions de narration guid\u00e9e et d\u2019ateliers cr\u00e9atifs.<\/span><\/p>\t\t\t\t\t\t\t\t<\/div>\n\t\t\t\t<\/div>\n\t\t\t\t<div class=\"elementor-element elementor-element-b912a17 elementor-widget elementor-widget-text-editor\" data-id=\"b912a17\" data-element_type=\"widget\" data-widget_type=\"text-editor.default\">\n\t\t\t\t<div class=\"elementor-widget-container\">\n\t\t\t\t\t\t\t\t\t<p><span style=\"font-weight: 400;\">Ces \u00e9changes ont permis de transformer des souvenirs parfois intimes, parfois collectifs, en r\u00e9cits \u00e9crits et en \u0153uvres visuelles. Les participants ont partag\u00e9 leurs pr\u00e9occupations, leurs espoirs et leur vision de l\u2019avenir, contribuant ainsi \u00e0 une r\u00e9flexion globale sur les mutations sociales, \u00e9conomiques et culturelles de l\u2019\u00eele. Une d\u00e9marche qui d\u00e9passe la simple conservation du pass\u00e9 pour inscrire la m\u00e9moire dans une dynamique active et tourn\u00e9e vers demain.<\/span><\/p>\t\t\t\t\t\t\t\t<\/div>\n\t\t\t\t<\/div>\n\t\t\t\t<section class=\"elementor-section elementor-inner-section elementor-element elementor-element-862cc8d elementor-section-boxed elementor-section-height-default elementor-section-height-default\" data-id=\"862cc8d\" data-element_type=\"section\">\n\t\t\t\t\t\t<div class=\"elementor-container elementor-column-gap-default\">\n\t\t\t\t\t<div class=\"elementor-column elementor-col-100 elementor-inner-column elementor-element elementor-element-d0047f0\" data-id=\"d0047f0\" data-element_type=\"column\">\n\t\t\t<div class=\"elementor-widget-wrap elementor-element-populated\">\n\t\t\t\t\t\t<div class=\"elementor-element elementor-element-653a98f elementor-widget elementor-widget-image\" data-id=\"653a98f\" data-element_type=\"widget\" data-widget_type=\"image.default\">\n\t\t\t\t<div class=\"elementor-widget-container\">\n\t\t\t\t\t\t\t\t\t\t\t\t\t\t\t<img decoding=\"async\" width=\"768\" height=\"1024\" src=\"https:\/\/richeskarayib.com\/wp-content\/uploads\/2026\/01\/Press-Release-photo-1-768x1024.jpeg\" class=\"attachment-large size-large wp-image-68823\" alt=\"patrimoine culturel de Saint-Eustache\" srcset=\"https:\/\/richeskarayib.com\/wp-content\/uploads\/2026\/01\/Press-Release-photo-1-768x1024.jpeg 768w, https:\/\/richeskarayib.com\/wp-content\/uploads\/2026\/01\/Press-Release-photo-1-225x300.jpeg 225w, https:\/\/richeskarayib.com\/wp-content\/uploads\/2026\/01\/Press-Release-photo-1-1152x1536.jpeg 1152w, https:\/\/richeskarayib.com\/wp-content\/uploads\/2026\/01\/Press-Release-photo-1.jpeg 1200w\" sizes=\"(max-width: 768px) 100vw, 768px\" \/>\t\t\t\t\t\t\t\t\t\t\t\t\t\t\t<\/div>\n\t\t\t\t<\/div>\n\t\t\t\t\t<\/div>\n\t\t<\/div>\n\t\t\t\t\t<\/div>\n\t\t<\/section>\n\t\t\t\t\t<\/div>\n\t\t<\/div>\n\t\t\t\t\t<\/div>\n\t\t<\/section>\n\t\t\t\t<section class=\"elementor-section elementor-top-section elementor-element elementor-element-ee72354 elementor-section-boxed elementor-section-height-default elementor-section-height-default\" data-id=\"ee72354\" data-element_type=\"section\">\n\t\t\t\t\t\t<div class=\"elementor-container elementor-column-gap-default\">\n\t\t\t\t\t<div class=\"elementor-column elementor-col-100 elementor-top-column elementor-element elementor-element-c59d6fe\" data-id=\"c59d6fe\" data-element_type=\"column\">\n\t\t\t<div class=\"elementor-widget-wrap elementor-element-populated\">\n\t\t\t\t\t\t<section class=\"elementor-section elementor-inner-section elementor-element elementor-element-c5c11f7 elementor-section-boxed elementor-section-height-default elementor-section-height-default\" data-id=\"c5c11f7\" data-element_type=\"section\">\n\t\t\t\t\t\t<div class=\"elementor-container elementor-column-gap-default\">\n\t\t\t\t\t<div class=\"elementor-column elementor-col-100 elementor-inner-column elementor-element elementor-element-dc47e06\" data-id=\"dc47e06\" data-element_type=\"column\">\n\t\t\t<div class=\"elementor-widget-wrap elementor-element-populated\">\n\t\t\t\t\t\t<div class=\"elementor-element elementor-element-ddc6a1e elementor-widget elementor-widget-heading\" data-id=\"ddc6a1e\" data-element_type=\"widget\" data-widget_type=\"heading.default\">\n\t\t\t\t<div class=\"elementor-widget-container\">\n\t\t\t\t\t<h2 class=\"elementor-heading-title elementor-size-default\">Une \u00e9quipe cr\u00e9ative au service de la communaut\u00e9<\/h2>\t\t\t\t<\/div>\n\t\t\t\t<\/div>\n\t\t\t\t<div class=\"elementor-element elementor-element-e57451f elementor-widget elementor-widget-text-editor\" data-id=\"e57451f\" data-element_type=\"widget\" data-widget_type=\"text-editor.default\">\n\t\t\t\t<div class=\"elementor-widget-container\">\n\t\t\t\t\t\t\t\t\t<p><span style=\"font-weight: 400;\">Sous la direction d\u2019EEdrie\u00ebnna Brandao, cheffe de projet, une \u00e9quipe engag\u00e9e a accompagn\u00e9 les seniors tout au long du processus. Aux c\u00f4t\u00e9s de Danielle Rivers, organisatrice communautaire, de F\u00ed de Wit, autrice, et de Sabrina Richardson, sp\u00e9cialiste du contenu, les participants ont \u00e9volu\u00e9 dans un cadre structur\u00e9, respectueux et bienveillant. L\u2019approche adopt\u00e9e reposait sur l\u2019\u00e9coute, le dialogue et la co-cr\u00e9ation, garantissant que chaque voix soit pleinement prise en compte.<\/span><\/p><p><span style=\"font-weight: 400;\">Cette m\u00e9thodologie a renforc\u00e9 le sentiment d\u2019appartenance et de reconnaissance, tout en cr\u00e9ant des passerelles entre g\u00e9n\u00e9rations. En valorisant les r\u00e9cits des a\u00een\u00e9s, le projet a \u00e9galement offert aux plus jeunes une lecture plus nuanc\u00e9e et incarn\u00e9e du <\/span><b>patrimoine culturel de Saint-Eustache<\/b><span style=\"font-weight: 400;\">, loin des discours fig\u00e9s ou institutionnels.<\/span><\/p>\t\t\t\t\t\t\t\t<\/div>\n\t\t\t\t<\/div>\n\t\t\t\t\t<\/div>\n\t\t<\/div>\n\t\t\t\t\t<\/div>\n\t\t<\/section>\n\t\t\t\t\t<\/div>\n\t\t<\/div>\n\t\t\t\t\t<\/div>\n\t\t<\/section>\n\t\t\t\t<section class=\"elementor-section elementor-top-section elementor-element elementor-element-82cd8f9 elementor-section-boxed elementor-section-height-default elementor-section-height-default\" data-id=\"82cd8f9\" data-element_type=\"section\">\n\t\t\t\t\t\t<div class=\"elementor-container elementor-column-gap-default\">\n\t\t\t\t\t<div class=\"elementor-column elementor-col-100 elementor-top-column elementor-element elementor-element-0bfdc38\" data-id=\"0bfdc38\" data-element_type=\"column\">\n\t\t\t<div class=\"elementor-widget-wrap elementor-element-populated\">\n\t\t\t\t\t\t<div class=\"elementor-element elementor-element-7d292fe elementor-widget elementor-widget-heading\" data-id=\"7d292fe\" data-element_type=\"widget\" data-widget_type=\"heading.default\">\n\t\t\t\t<div class=\"elementor-widget-container\">\n\t\t\t\t\t<h2 class=\"elementor-heading-title elementor-size-default\">Une collaboration r\u00e9gionale au c\u0153ur du projet<\/h2>\t\t\t\t<\/div>\n\t\t\t\t<\/div>\n\t\t\t\t<section class=\"elementor-section elementor-inner-section elementor-element elementor-element-6e6c94c elementor-section-boxed elementor-section-height-default elementor-section-height-default\" data-id=\"6e6c94c\" data-element_type=\"section\">\n\t\t\t\t\t\t<div class=\"elementor-container elementor-column-gap-default\">\n\t\t\t\t\t<div class=\"elementor-column elementor-col-100 elementor-inner-column elementor-element elementor-element-4bdaa26\" data-id=\"4bdaa26\" data-element_type=\"column\">\n\t\t\t<div class=\"elementor-widget-wrap elementor-element-populated\">\n\t\t\t\t\t\t<div class=\"elementor-element elementor-element-2d1517d elementor-widget elementor-widget-text-editor\" data-id=\"2d1517d\" data-element_type=\"widget\" data-widget_type=\"text-editor.default\">\n\t\t\t\t<div class=\"elementor-widget-container\">\n\t\t\t\t\t\t\t\t\t<p><span style=\"font-weight: 400;\">L\u2019initiative s\u2019est distingu\u00e9e par son ouverture r\u00e9gionale. Les r\u00e9cits collect\u00e9s ont pris une dimension visuelle gr\u00e2ce au travail de l\u2019illustratrice num\u00e9rique bas\u00e9e \u00e0 Cura\u00e7ao, Dione-Ariadne Bergland, dont les \u0153uvres traduisent avec sensibilit\u00e9 la m\u00e9moire et les \u00e9motions partag\u00e9es. Par ailleurs, Elton Villarreal, de Trini Inc, a anim\u00e9 des ateliers cr\u00e9atifs permettant aux seniors de participer activement au processus artistique.<\/span><\/p><p><span style=\"font-weight: 400;\">Cette collaboration transcarib\u00e9enne illustre une autre facette du <\/span><b>patrimoine culturel de Saint-Eustache<\/b><span style=\"font-weight: 400;\"> : son inscription dans un espace r\u00e9gional o\u00f9 les \u00e9changes, les influences et les solidarit\u00e9s jouent un r\u00f4le cl\u00e9 dans la cr\u00e9ation contemporaine.<\/span><\/p>\t\t\t\t\t\t\t\t<\/div>\n\t\t\t\t<\/div>\n\t\t\t\t\t<\/div>\n\t\t<\/div>\n\t\t\t\t\t<\/div>\n\t\t<\/section>\n\t\t\t\t<section class=\"elementor-section elementor-inner-section elementor-element elementor-element-f0a3d30 elementor-section-boxed elementor-section-height-default elementor-section-height-default\" data-id=\"f0a3d30\" data-element_type=\"section\">\n\t\t\t\t\t\t<div class=\"elementor-container elementor-column-gap-default\">\n\t\t\t\t\t<div class=\"elementor-column elementor-col-100 elementor-inner-column elementor-element elementor-element-15391e1\" data-id=\"15391e1\" data-element_type=\"column\">\n\t\t\t<div class=\"elementor-widget-wrap elementor-element-populated\">\n\t\t\t\t\t\t<div class=\"elementor-element elementor-element-caea8d7 elementor-widget elementor-widget-image\" data-id=\"caea8d7\" data-element_type=\"widget\" data-widget_type=\"image.default\">\n\t\t\t\t<div class=\"elementor-widget-container\">\n\t\t\t\t\t\t\t\t\t\t\t\t<figure class=\"wp-caption\">\n\t\t\t\t\t\t\t\t\t\t<img decoding=\"async\" width=\"800\" height=\"533\" src=\"https:\/\/richeskarayib.com\/wp-content\/uploads\/2026\/01\/\u00a9Saint-Eustache-1024x682.jpg\" class=\"attachment-large size-large wp-image-68831\" alt=\"patrimoine culturel de Saint-Eustache\" srcset=\"https:\/\/richeskarayib.com\/wp-content\/uploads\/2026\/01\/\u00a9Saint-Eustache-1024x682.jpg 1024w, https:\/\/richeskarayib.com\/wp-content\/uploads\/2026\/01\/\u00a9Saint-Eustache-300x200.jpg 300w, https:\/\/richeskarayib.com\/wp-content\/uploads\/2026\/01\/\u00a9Saint-Eustache-768x511.jpg 768w, https:\/\/richeskarayib.com\/wp-content\/uploads\/2026\/01\/\u00a9Saint-Eustache-1320x879.jpg 1320w, https:\/\/richeskarayib.com\/wp-content\/uploads\/2026\/01\/\u00a9Saint-Eustache.jpg 1500w\" sizes=\"(max-width: 800px) 100vw, 800px\" \/>\t\t\t\t\t\t\t\t\t\t\t<figcaption class=\"widget-image-caption wp-caption-text\">\u00a9Saint-Eustache<\/figcaption>\n\t\t\t\t\t\t\t\t\t\t<\/figure>\n\t\t\t\t\t\t\t\t\t<\/div>\n\t\t\t\t<\/div>\n\t\t\t\t\t<\/div>\n\t\t<\/div>\n\t\t\t\t\t<\/div>\n\t\t<\/section>\n\t\t\t\t<section class=\"elementor-section elementor-inner-section elementor-element elementor-element-c582330 elementor-section-boxed elementor-section-height-default elementor-section-height-default\" data-id=\"c582330\" data-element_type=\"section\">\n\t\t\t\t\t\t<div class=\"elementor-container elementor-column-gap-default\">\n\t\t\t\t\t\t<\/div>\n\t\t<\/section>\n\t\t\t\t<section class=\"elementor-section elementor-inner-section elementor-element elementor-element-296603a elementor-section-boxed elementor-section-height-default elementor-section-height-default\" data-id=\"296603a\" data-element_type=\"section\">\n\t\t\t\t\t\t<div class=\"elementor-container elementor-column-gap-default\">\n\t\t\t\t\t\t<\/div>\n\t\t<\/section>\n\t\t\t\t\t<\/div>\n\t\t<\/div>\n\t\t\t\t\t<\/div>\n\t\t<\/section>\n\t\t\t\t<section class=\"elementor-section elementor-top-section elementor-element elementor-element-5a7397d elementor-section-boxed elementor-section-height-default elementor-section-height-default\" data-id=\"5a7397d\" data-element_type=\"section\">\n\t\t\t\t\t\t<div class=\"elementor-container elementor-column-gap-default\">\n\t\t\t\t\t<div class=\"elementor-column elementor-col-100 elementor-top-column elementor-element elementor-element-8b33b4b\" data-id=\"8b33b4b\" data-element_type=\"column\">\n\t\t\t<div class=\"elementor-widget-wrap elementor-element-populated\">\n\t\t\t\t\t\t<div class=\"elementor-element elementor-element-89dac4b elementor-widget elementor-widget-heading\" data-id=\"89dac4b\" data-element_type=\"widget\" data-widget_type=\"heading.default\">\n\t\t\t\t<div class=\"elementor-widget-container\">\n\t\t\t\t\t<h2 class=\"elementor-heading-title elementor-size-default\">R\u00e9fl\u00e9chir au pr\u00e9sent pour penser l\u2019avenir\n<\/h2>\t\t\t\t<\/div>\n\t\t\t\t<\/div>\n\t\t\t\t<section class=\"elementor-section elementor-inner-section elementor-element elementor-element-95aa690 elementor-section-boxed elementor-section-height-default elementor-section-height-default\" data-id=\"95aa690\" data-element_type=\"section\">\n\t\t\t\t\t\t<div class=\"elementor-container elementor-column-gap-default\">\n\t\t\t\t\t<div class=\"elementor-column elementor-col-100 elementor-inner-column elementor-element elementor-element-ae7c4fc\" data-id=\"ae7c4fc\" data-element_type=\"column\">\n\t\t\t<div class=\"elementor-widget-wrap elementor-element-populated\">\n\t\t\t\t\t\t<div class=\"elementor-element elementor-element-819dd2d elementor-widget elementor-widget-text-editor\" data-id=\"819dd2d\" data-element_type=\"widget\" data-widget_type=\"text-editor.default\">\n\t\t\t\t<div class=\"elementor-widget-container\">\n\t\t\t\t\t\t\t\t\t<p><span style=\"font-weight: 400;\">Les 6 et 7 d\u00e9cembre, des sessions de r\u00e9flexion ont abord\u00e9 des th\u00e9matiques essentielles telles que la culture, l\u2019\u00e9ducation, la vitalit\u00e9 de la communaut\u00e9, les services bancaires et les infrastructures. Ces discussions ont permis aux seniors de croiser leurs exp\u00e9riences pass\u00e9es avec leurs aspirations pour l\u2019avenir de l\u2019\u00eele. Une approche qui donne au <\/span><b>patrimoine culturel de Saint-Eustache<\/b><span style=\"font-weight: 400;\"> une dimension r\u00e9solument politique et citoyenne.<\/span><\/p><p><span style=\"font-weight: 400;\">Le 10 d\u00e9cembre, un lancement en avant-premi\u00e8re a r\u00e9uni les participants autour des premi\u00e8res restitutions du projet. Ce moment de partage a marqu\u00e9 l\u2019aboutissement d\u2019un parcours collectif et la reconnaissance du r\u00f4le des seniors comme acteurs du changement, et non comme simples t\u00e9moins du pass\u00e9.<\/span><\/p>\t\t\t\t\t\t\t\t<\/div>\n\t\t\t\t<\/div>\n\t\t\t\t\t<\/div>\n\t\t<\/div>\n\t\t\t\t\t<\/div>\n\t\t<\/section>\n\t\t\t\t<div class=\"elementor-element elementor-element-3cfda74 elementor-widget elementor-widget-image\" data-id=\"3cfda74\" data-element_type=\"widget\" data-widget_type=\"image.default\">\n\t\t\t\t<div class=\"elementor-widget-container\">\n\t\t\t\t\t\t\t\t\t\t\t\t\t\t\t<img loading=\"lazy\" decoding=\"async\" width=\"800\" height=\"534\" src=\"https:\/\/richeskarayib.com\/wp-content\/uploads\/2026\/01\/Press-Release-photo-3-1024x683.jpeg\" class=\"attachment-large size-large wp-image-68827\" alt=\"patrimoine culturel de Saint-Eustache\" srcset=\"https:\/\/richeskarayib.com\/wp-content\/uploads\/2026\/01\/Press-Release-photo-3-1024x683.jpeg 1024w, https:\/\/richeskarayib.com\/wp-content\/uploads\/2026\/01\/Press-Release-photo-3-300x200.jpeg 300w, https:\/\/richeskarayib.com\/wp-content\/uploads\/2026\/01\/Press-Release-photo-3-768x512.jpeg 768w, https:\/\/richeskarayib.com\/wp-content\/uploads\/2026\/01\/Press-Release-photo-3.jpeg 1296w\" sizes=\"(max-width: 800px) 100vw, 800px\" \/>\t\t\t\t\t\t\t\t\t\t\t\t\t\t\t<\/div>\n\t\t\t\t<\/div>\n\t\t\t\t\t<\/div>\n\t\t<\/div>\n\t\t\t\t\t<\/div>\n\t\t<\/section>\n\t\t\t\t<section class=\"elementor-section elementor-top-section elementor-element elementor-element-2e53817 elementor-section-boxed elementor-section-height-default elementor-section-height-default\" data-id=\"2e53817\" data-element_type=\"section\">\n\t\t\t\t\t\t<div class=\"elementor-container elementor-column-gap-default\">\n\t\t\t\t\t<div class=\"elementor-column elementor-col-100 elementor-top-column elementor-element elementor-element-42ddf8e\" data-id=\"42ddf8e\" data-element_type=\"column\">\n\t\t\t<div class=\"elementor-widget-wrap elementor-element-populated\">\n\t\t\t\t\t\t<div class=\"elementor-element elementor-element-6fc31c4 elementor-widget elementor-widget-heading\" data-id=\"6fc31c4\" data-element_type=\"widget\" data-widget_type=\"heading.default\">\n\t\t\t\t<div class=\"elementor-widget-container\">\n\t\t\t\t\t<h2 class=\"elementor-heading-title elementor-size-default\">Une publication comme archive et outil de transmission<\/h2>\t\t\t\t<\/div>\n\t\t\t\t<\/div>\n\t\t\t\t<section class=\"elementor-section elementor-inner-section elementor-element elementor-element-a7ea310 elementor-section-boxed elementor-section-height-default elementor-section-height-default\" data-id=\"a7ea310\" data-element_type=\"section\">\n\t\t\t\t\t\t<div class=\"elementor-container elementor-column-gap-default\">\n\t\t\t\t\t<div class=\"elementor-column elementor-col-100 elementor-inner-column elementor-element elementor-element-ac508cd\" data-id=\"ac508cd\" data-element_type=\"column\">\n\t\t\t<div class=\"elementor-widget-wrap elementor-element-populated\">\n\t\t\t\t\t\t<div class=\"elementor-element elementor-element-3bba566 elementor-widget elementor-widget-text-editor\" data-id=\"3bba566\" data-element_type=\"widget\" data-widget_type=\"text-editor.default\">\n\t\t\t\t<div class=\"elementor-widget-container\">\n\t\t\t\t\t\t\t\t\t<p><span style=\"font-weight: 400;\">Les r\u00e9cits et \u0153uvres issus du projet ont \u00e9t\u00e9 r\u00e9unis dans une publication imprim\u00e9e soigneusement con\u00e7ue. \u00c0 la fois document culturel et archive communautaire, cet ouvrage contribue \u00e0 pr\u00e9server la m\u00e9moire locale tout en inspirant les g\u00e9n\u00e9rations futures. Il s\u2019inscrit pleinement dans une logique de valorisation durable du <\/span><b>patrimoine culturel de Saint-Eustache<\/b><span style=\"font-weight: 400;\">, en associant transmission, cr\u00e9ation et engagement citoyen.<\/span><\/p><p><span style=\"font-weight: 400;\">Le projet a b\u00e9n\u00e9fici\u00e9 du soutien de partenaires institutionnels et culturels, parmi lesquels le Fonds voor Cultuurparticipatie, Cultuurfonds Caribisch Gebied, des financeurs locaux et le <a href=\"https:\/\/www.facebook.com\/p\/Statia-Roots-Festival-61565057516086\/\" target=\"_blank\" rel=\"noopener nofollow\">Statia Roots Festival<\/a>. Un appui d\u00e9terminant pour une initiative qui d\u00e9montre que la culture, lorsqu\u2019elle est ancr\u00e9e dans le territoire, devient un levier puissant de coh\u00e9sion et de projection collective.<\/span><\/p>\t\t\t\t\t\t\t\t<\/div>\n\t\t\t\t<\/div>\n\t\t\t\t<div class=\"elementor-element elementor-element-df52007 elementor-widget elementor-widget-text-editor\" data-id=\"df52007\" data-element_type=\"widget\" data-widget_type=\"text-editor.default\">\n\t\t\t\t<div class=\"elementor-widget-container\">\n\t\t\t\t\t\t\t\t\t<p><span style=\"font-weight: 400;\">\u00c0 travers Heritage in the Making, Saint-Eustache rappelle que son avenir se construit aussi en \u00e9coutant celles et ceux qui en portent la m\u00e9moire. Une le\u00e7on pr\u00e9cieuse pour l\u2019ensemble de la <a href=\"https:\/\/richeskarayib.com\/fr\/rapport-special-partie-4-2020-2023-les-tresors-culturels-des-caraibes-patrimoine-immateriel-reconnu-par-lunesco\/\" target=\"_blank\" rel=\"noopener\">Cara\u00efbe<\/a>, o\u00f9 le <\/span><b>patrimoine culturel de Saint-Eustache<\/b><span style=\"font-weight: 400;\"> s\u2019affirme comme un exemple de transmission vivante, participative et profond\u00e9ment humaine.<\/span><\/p>\t\t\t\t\t\t\t\t<\/div>\n\t\t\t\t<\/div>\n\t\t\t\t\t<\/div>\n\t\t<\/div>\n\t\t\t\t\t<\/div>\n\t\t<\/section>\n\t\t\t\t\t<\/div>\n\t\t<\/div>\n\t\t\t\t\t<\/div>\n\t\t<\/section>\n\t\t\t\t<section class=\"elementor-section elementor-top-section elementor-element elementor-element-22bf69f elementor-section-boxed elementor-section-height-default elementor-section-height-default\" data-id=\"22bf69f\" data-element_type=\"section\">\n\t\t\t\t\t\t<div class=\"elementor-container elementor-column-gap-default\">\n\t\t\t\t\t<div class=\"elementor-column elementor-col-100 elementor-top-column elementor-element elementor-element-8aedddd\" data-id=\"8aedddd\" data-element_type=\"column\">\n\t\t\t<div class=\"elementor-widget-wrap elementor-element-populated\">\n\t\t\t\t\t\t<section class=\"elementor-section elementor-inner-section elementor-element elementor-element-c8e3557 elementor-section-boxed elementor-section-height-default elementor-section-height-default\" data-id=\"c8e3557\" data-element_type=\"section\">\n\t\t\t\t\t\t<div class=\"elementor-container elementor-column-gap-default\">\n\t\t\t\t\t<div class=\"elementor-column elementor-col-100 elementor-inner-column elementor-element elementor-element-1222702\" data-id=\"1222702\" data-element_type=\"column\">\n\t\t\t<div class=\"elementor-widget-wrap elementor-element-populated\">\n\t\t\t\t\t\t<div class=\"elementor-element elementor-element-2e40abe elementor-widget elementor-widget-accordion\" data-id=\"2e40abe\" data-element_type=\"widget\" data-widget_type=\"accordion.default\">\n\t\t\t\t<div class=\"elementor-widget-container\">\n\t\t\t\t\t\t\t<div class=\"elementor-accordion\">\n\t\t\t\t\t\t\t<div class=\"elementor-accordion-item\">\n\t\t\t\t\t<div id=\"elementor-tab-title-4841\" class=\"elementor-tab-title\" data-tab=\"1\" role=\"button\" aria-controls=\"elementor-tab-content-4841\" aria-expanded=\"false\">\n\t\t\t\t\t\t\t\t\t\t\t\t\t<span class=\"elementor-accordion-icon elementor-accordion-icon-left\" aria-hidden=\"true\">\n\t\t\t\t\t\t\t\t\t\t\t\t\t\t\t<span class=\"elementor-accordion-icon-closed\"><i class=\"fas fa-plus\"><\/i><\/span>\n\t\t\t\t\t\t\t\t<span class=\"elementor-accordion-icon-opened\"><i class=\"fas fa-minus\"><\/i><\/span>\n\t\t\t\t\t\t\t\t\t\t\t\t\t\t<\/span>\n\t\t\t\t\t\t\t\t\t\t\t\t<a class=\"elementor-accordion-title\" tabindex=\"0\">Pourquoi les seniors jouent-ils un r\u00f4le central dans le patrimoine culturel de Saint-Eustache ?<\/a>\n\t\t\t\t\t<\/div>\n\t\t\t\t\t<div id=\"elementor-tab-content-4841\" class=\"elementor-tab-content elementor-clearfix\" data-tab=\"1\" role=\"region\" aria-labelledby=\"elementor-tab-title-4841\"><p><span style=\"font-weight: 400;\">Les seniors sont porteurs d\u2019une m\u00e9moire v\u00e9cue, transmise par l\u2019exp\u00e9rience directe. \u00c0 Saint-Eustache, leur parole permet de documenter l\u2019histoire sociale, culturelle et \u00e9conomique de l\u2019\u00eele tout en nourrissant une r\u00e9flexion collective sur son avenir.<\/span><\/p><\/div>\n\t\t\t\t<\/div>\n\t\t\t\t\t\t\t<div class=\"elementor-accordion-item\">\n\t\t\t\t\t<div id=\"elementor-tab-title-4842\" class=\"elementor-tab-title\" data-tab=\"2\" role=\"button\" aria-controls=\"elementor-tab-content-4842\" aria-expanded=\"false\">\n\t\t\t\t\t\t\t\t\t\t\t\t\t<span class=\"elementor-accordion-icon elementor-accordion-icon-left\" aria-hidden=\"true\">\n\t\t\t\t\t\t\t\t\t\t\t\t\t\t\t<span class=\"elementor-accordion-icon-closed\"><i class=\"fas fa-plus\"><\/i><\/span>\n\t\t\t\t\t\t\t\t<span class=\"elementor-accordion-icon-opened\"><i class=\"fas fa-minus\"><\/i><\/span>\n\t\t\t\t\t\t\t\t\t\t\t\t\t\t<\/span>\n\t\t\t\t\t\t\t\t\t\t\t\t<a class=\"elementor-accordion-title\" tabindex=\"0\">Qu\u2019apporte le projet Heritage in the Making au patrimoine culturel de Saint-Eustache ?<\/a>\n\t\t\t\t\t<\/div>\n\t\t\t\t\t<div id=\"elementor-tab-content-4842\" class=\"elementor-tab-content elementor-clearfix\" data-tab=\"2\" role=\"region\" aria-labelledby=\"elementor-tab-title-4842\"><p><span style=\"font-weight: 400;\">Le projet transforme des r\u00e9cits oraux en archives \u00e9crites et visuelles durables. Il contribue \u00e0 pr\u00e9server le patrimoine culturel de Saint-Eustache tout en le rendant accessible, partag\u00e9 et vivant pour les g\u00e9n\u00e9rations futures.<\/span><\/p><\/div>\n\t\t\t\t<\/div>\n\t\t\t\t\t\t\t<div class=\"elementor-accordion-item\">\n\t\t\t\t\t<div id=\"elementor-tab-title-4843\" class=\"elementor-tab-title\" data-tab=\"3\" role=\"button\" aria-controls=\"elementor-tab-content-4843\" aria-expanded=\"false\">\n\t\t\t\t\t\t\t\t\t\t\t\t\t<span class=\"elementor-accordion-icon elementor-accordion-icon-left\" aria-hidden=\"true\">\n\t\t\t\t\t\t\t\t\t\t\t\t\t\t\t<span class=\"elementor-accordion-icon-closed\"><i class=\"fas fa-plus\"><\/i><\/span>\n\t\t\t\t\t\t\t\t<span class=\"elementor-accordion-icon-opened\"><i class=\"fas fa-minus\"><\/i><\/span>\n\t\t\t\t\t\t\t\t\t\t\t\t\t\t<\/span>\n\t\t\t\t\t\t\t\t\t\t\t\t<a class=\"elementor-accordion-title\" tabindex=\"0\">En quoi ce projet d\u00e9passe-t-il la simple conservation du pass\u00e9 ?<\/a>\n\t\t\t\t\t<\/div>\n\t\t\t\t\t<div id=\"elementor-tab-content-4843\" class=\"elementor-tab-content elementor-clearfix\" data-tab=\"3\" role=\"region\" aria-labelledby=\"elementor-tab-title-4843\"><p><span style=\"font-weight: 400;\">Heritage in the Making ne se limite pas \u00e0 pr\u00e9server la m\u00e9moire. Il engage les seniors dans une r\u00e9flexion active sur les enjeux contemporains \u2014 culture, \u00e9ducation, infrastructures \u2014 et inscrit le patrimoine culturel de Saint-Eustache dans une dynamique prospective.<\/span><\/p><\/div>\n\t\t\t\t<\/div>\n\t\t\t\t\t\t\t\t<\/div>\n\t\t\t\t\t\t<\/div>\n\t\t\t\t<\/div>\n\t\t\t\t\t<\/div>\n\t\t<\/div>\n\t\t\t\t\t<\/div>\n\t\t<\/section>\n\t\t\t\t\t<\/div>\n\t\t<\/div>\n\t\t\t\t\t<\/div>\n\t\t<\/section>\n\t\t\t\t<\/div>\n\t\t","protected":false},"excerpt":{"rendered":"<p>\u00c0 Saint-Eustache, petite \u00eele carib\u00e9enne au pass\u00e9 dense et souvent m\u00e9connu, la transmission ne se limite pas aux livres d\u2019histoire. Elle se construit aussi par la parole, la m\u00e9moire vivante et l\u2019engagement collectif. C\u2019est pr\u00e9cis\u00e9ment l\u2019ambition du projet Heritage in the Making, une initiative communautaire qui place les seniors au c\u0153ur du r\u00e9cit et interroge, [&hellip;]<\/p>\n","protected":false},"author":662,"featured_media":68819,"comment_status":"open","ping_status":"open","sticky":false,"template":"","format":"standard","meta":{"_acf_changed":false,"footnotes":""},"categories":[1468],"tags":[1848],"class_list":["post-68818","post","type-post","status-publish","format-standard","has-post-thumbnail","hentry","category-histoire-patrimoine","tag-saint-eustache"],"acf":[],"_links":{"self":[{"href":"https:\/\/richeskarayib.com\/fr\/wp-json\/wp\/v2\/posts\/68818","targetHints":{"allow":["GET"]}}],"collection":[{"href":"https:\/\/richeskarayib.com\/fr\/wp-json\/wp\/v2\/posts"}],"about":[{"href":"https:\/\/richeskarayib.com\/fr\/wp-json\/wp\/v2\/types\/post"}],"author":[{"embeddable":true,"href":"https:\/\/richeskarayib.com\/fr\/wp-json\/wp\/v2\/users\/662"}],"replies":[{"embeddable":true,"href":"https:\/\/richeskarayib.com\/fr\/wp-json\/wp\/v2\/comments?post=68818"}],"version-history":[{"count":0,"href":"https:\/\/richeskarayib.com\/fr\/wp-json\/wp\/v2\/posts\/68818\/revisions"}],"wp:featuredmedia":[{"embeddable":true,"href":"https:\/\/richeskarayib.com\/fr\/wp-json\/wp\/v2\/media\/68819"}],"wp:attachment":[{"href":"https:\/\/richeskarayib.com\/fr\/wp-json\/wp\/v2\/media?parent=68818"}],"wp:term":[{"taxonomy":"category","embeddable":true,"href":"https:\/\/richeskarayib.com\/fr\/wp-json\/wp\/v2\/categories?post=68818"},{"taxonomy":"post_tag","embeddable":true,"href":"https:\/\/richeskarayib.com\/fr\/wp-json\/wp\/v2\/tags?post=68818"}],"curies":[{"name":"wp","href":"https:\/\/api.w.org\/{rel}","templated":true}]}}