{"id":68938,"date":"2026-02-02T08:11:12","date_gmt":"2026-02-02T12:11:12","guid":{"rendered":"https:\/\/richeskarayib.com\/?p=68938"},"modified":"2026-02-02T08:11:12","modified_gmt":"2026-02-02T12:11:12","slug":"bachata-origines-styles-artistes-dominicaine","status":"publish","type":"post","link":"https:\/\/richeskarayib.com\/fr\/bachata-origines-styles-artistes-dominicaine\/","title":{"rendered":"R\u00e9publique dominicaine &#8211; Bachata : du bal populaire dominicain au patrimoine mondial, histoire, styles et figures"},"content":{"rendered":"\t\t<div data-elementor-type=\"wp-post\" data-elementor-id=\"68938\" class=\"elementor elementor-68938\" data-elementor-post-type=\"post\">\n\t\t\t\t\t\t<section class=\"elementor-section elementor-top-section elementor-element elementor-element-7ca7ca1 elementor-section-boxed elementor-section-height-default elementor-section-height-default\" data-id=\"7ca7ca1\" data-element_type=\"section\">\n\t\t\t\t\t\t<div class=\"elementor-container elementor-column-gap-default\">\n\t\t\t\t\t<div class=\"elementor-column elementor-col-100 elementor-top-column elementor-element elementor-element-cbdd002\" data-id=\"cbdd002\" data-element_type=\"column\">\n\t\t\t<div class=\"elementor-widget-wrap elementor-element-populated\">\n\t\t\t\t\t\t<section class=\"elementor-section elementor-inner-section elementor-element elementor-element-bc94849 elementor-section-boxed elementor-section-height-default elementor-section-height-default\" data-id=\"bc94849\" data-element_type=\"section\">\n\t\t\t\t\t\t<div class=\"elementor-container elementor-column-gap-default\">\n\t\t\t\t\t\t<\/div>\n\t\t<\/section>\n\t\t\t\t<section class=\"elementor-section elementor-inner-section elementor-element elementor-element-61571e6 elementor-section-boxed elementor-section-height-default elementor-section-height-default\" data-id=\"61571e6\" data-element_type=\"section\">\n\t\t\t\t\t\t<div class=\"elementor-container elementor-column-gap-default\">\n\t\t\t\t\t\t<\/div>\n\t\t<\/section>\n\t\t\t\t<section class=\"elementor-section elementor-inner-section elementor-element elementor-element-b6262e0 elementor-section-boxed elementor-section-height-default elementor-section-height-default\" data-id=\"b6262e0\" data-element_type=\"section\">\n\t\t\t\t\t\t<div class=\"elementor-container elementor-column-gap-default\">\n\t\t\t\t\t\t<\/div>\n\t\t<\/section>\n\t\t\t\t<section class=\"elementor-section elementor-inner-section elementor-element elementor-element-cca29fd elementor-section-boxed elementor-section-height-default elementor-section-height-default\" data-id=\"cca29fd\" data-element_type=\"section\">\n\t\t\t\t\t\t<div class=\"elementor-container elementor-column-gap-default\">\n\t\t\t\t\t\t<\/div>\n\t\t<\/section>\n\t\t\t\t\t<\/div>\n\t\t<\/div>\n\t\t\t\t\t<\/div>\n\t\t<\/section>\n\t\t\t\t<section class=\"elementor-section elementor-top-section elementor-element elementor-element-a6d4222 elementor-section-boxed elementor-section-height-default elementor-section-height-default\" data-id=\"a6d4222\" data-element_type=\"section\">\n\t\t\t\t\t\t<div class=\"elementor-container elementor-column-gap-default\">\n\t\t\t\t\t<div class=\"elementor-column elementor-col-100 elementor-top-column elementor-element elementor-element-ea27f09\" data-id=\"ea27f09\" data-element_type=\"column\">\n\t\t\t<div class=\"elementor-widget-wrap elementor-element-populated\">\n\t\t\t\t\t\t<section class=\"elementor-section elementor-inner-section elementor-element elementor-element-25c3156 elementor-section-boxed elementor-section-height-default elementor-section-height-default\" data-id=\"25c3156\" data-element_type=\"section\">\n\t\t\t\t\t\t<div class=\"elementor-container elementor-column-gap-default\">\n\t\t\t\t\t<div class=\"elementor-column elementor-col-100 elementor-inner-column elementor-element elementor-element-aac779c\" data-id=\"aac779c\" data-element_type=\"column\">\n\t\t\t<div class=\"elementor-widget-wrap elementor-element-populated\">\n\t\t\t\t\t\t<div class=\"elementor-element elementor-element-612550d elementor-widget elementor-widget-text-editor\" data-id=\"612550d\" data-element_type=\"widget\" data-widget_type=\"text-editor.default\">\n\t\t\t\t<div class=\"elementor-widget-container\">\n\t\t\t\t\t\t\t\t\t<p><span style=\"font-weight: 400;\">La <\/span><a href=\"https:\/\/fr.wikipedia.org\/wiki\/Bachata\" target=\"_blank\" rel=\"noopener nofollow\"><b>Bachata<\/b><\/a><span style=\"font-weight: 400;\"> s\u2019est impos\u00e9e par un long cheminement social et musical, depuis les rassemblements populaires de la R\u00e9publique dominicaine jusqu\u2019aux sc\u00e8nes internationales. Loin d\u2019un succ\u00e8s soudain, son histoire est faite de transmissions discr\u00e8tes, d\u2019innovations progressives et de reconnaissances tardives. En 2019, l\u2019inscription de la musique et de la danse de la Bachata sur la Liste repr\u00e9sentative du patrimoine culturel immat\u00e9riel de l\u2019humanit\u00e9 par l\u2019<a href=\"https:\/\/richeskarayib.com\/fr\/unesco-rapport-special-partie-3-2016-2019-les-tresors-culturels-des-caraibes-patrimoine-immateriel-reconnu\/\" target=\"_blank\" rel=\"noopener\">UNESCO<\/a> consacre une pratique enracin\u00e9e, vivante et structurante pour la soci\u00e9t\u00e9 dominicaine.<\/span><\/p>\t\t\t\t\t\t\t\t<\/div>\n\t\t\t\t<\/div>\n\t\t\t\t\t<\/div>\n\t\t<\/div>\n\t\t\t\t\t<\/div>\n\t\t<\/section>\n\t\t\t\t\t<\/div>\n\t\t<\/div>\n\t\t\t\t\t<\/div>\n\t\t<\/section>\n\t\t\t\t<section class=\"elementor-section elementor-top-section elementor-element elementor-element-e1fea79 elementor-section-boxed elementor-section-height-default elementor-section-height-default\" data-id=\"e1fea79\" data-element_type=\"section\">\n\t\t\t\t\t\t<div class=\"elementor-container elementor-column-gap-default\">\n\t\t\t\t\t<div class=\"elementor-column elementor-col-100 elementor-top-column elementor-element elementor-element-6d0be76\" data-id=\"6d0be76\" data-element_type=\"column\">\n\t\t\t<div class=\"elementor-widget-wrap elementor-element-populated\">\n\t\t\t\t\t\t<div class=\"elementor-element elementor-element-a310b25 elementor-widget elementor-widget-heading\" data-id=\"a310b25\" data-element_type=\"widget\" data-widget_type=\"heading.default\">\n\t\t\t\t<div class=\"elementor-widget-container\">\n\t\t\t\t\t<h2 class=\"elementor-heading-title elementor-size-default\">Aux sources de la Bachata : une culture populaire assum\u00e9e<\/h2>\t\t\t\t<\/div>\n\t\t\t\t<\/div>\n\t\t\t\t<div class=\"elementor-element elementor-element-bbb62ae elementor-widget elementor-widget-text-editor\" data-id=\"bbb62ae\" data-element_type=\"widget\" data-widget_type=\"text-editor.default\">\n\t\t\t\t<div class=\"elementor-widget-container\">\n\t\t\t\t\t\t\t\t\t<p><span style=\"font-weight: 400;\">Le mot <\/span><b>\u201cbachata\u201d<\/b><span style=\"font-weight: 400;\"> est d\u2019<\/span><b>origine africaine<\/b><span style=\"font-weight: 400;\"> et d\u00e9signe, \u00e0 l\u2019origine, un <\/span><b>rassemblement festif<\/b><span style=\"font-weight: 400;\"> \u2014 une f\u00eate anim\u00e9e o\u00f9 musique et danse rythment la vie sociale. Avant de devenir un genre musical identifi\u00e9, elle est d\u2019abord un <\/span><b>fait culturel<\/b><span style=\"font-weight: 400;\">, associ\u00e9 aux moments de partage et aux sociabilit\u00e9s ordinaires.<\/span><\/p><p><span style=\"font-weight: 400;\">Sur le plan musical, elle se constitue par <\/span><b>fusion<\/b><span style=\"font-weight: 400;\"> : le bol\u00e9ro en forme la base expressive, enrichie d\u2019apports afro-antillais tels que le son cubain, le cha-cha-cha et le merengue. Cette hybridation n\u2019est pas th\u00e9orique ; elle r\u00e9sulte de circulations r\u00e9elles, d\u2019\u00e9coutes partag\u00e9es et d\u2019usages locaux. Elle accompagne les f\u00eates de quartier, les r\u00e9unions familiales et les c\u00e9l\u00e9brations communautaires, s\u2019inscrivant durablement dans le quotidien.<\/span><\/p>\t\t\t\t\t\t\t\t<\/div>\n\t\t\t\t<\/div>\n\t\t\t\t<div class=\"elementor-element elementor-element-47eac82 elementor-widget elementor-widget-text-editor\" data-id=\"47eac82\" data-element_type=\"widget\" data-widget_type=\"text-editor.default\">\n\t\t\t\t<div class=\"elementor-widget-container\">\n\t\t\t\t\t\t\t\t\t<p><span style=\"font-weight: 400;\">Les paroles en sont le miroir. Elles traitent d\u2019amour, de passion et de nostalgie, mais toujours depuis une exp\u00e9rience concr\u00e8te : relations heurt\u00e9es, s\u00e9parations, espoirs et d\u00e9sillusions. Cette \u00e9criture directe, sans d\u00e9tour, explique la fid\u00e9lit\u00e9 d\u2019un public qui s\u2019y reconna\u00eet.<\/span><\/p>\t\t\t\t\t\t\t\t<\/div>\n\t\t\t\t<\/div>\n\t\t\t\t<div class=\"elementor-element elementor-element-3058ea1 elementor-widget elementor-widget-video\" data-id=\"3058ea1\" data-element_type=\"widget\" data-settings=\"{&quot;youtube_url&quot;:&quot;https:\\\/\\\/www.youtube.com\\\/watch?v=C_UkJ3meWII&quot;,&quot;video_type&quot;:&quot;youtube&quot;,&quot;controls&quot;:&quot;yes&quot;}\" data-widget_type=\"video.default\">\n\t\t\t\t<div class=\"elementor-widget-container\">\n\t\t\t\t\t\t\t<div class=\"elementor-wrapper elementor-open-inline\">\n\t\t\t<div class=\"elementor-video\"><\/div>\t\t<\/div>\n\t\t\t\t\t\t<\/div>\n\t\t\t\t<\/div>\n\t\t\t\t\t<\/div>\n\t\t<\/div>\n\t\t\t\t\t<\/div>\n\t\t<\/section>\n\t\t\t\t<section class=\"elementor-section elementor-top-section elementor-element elementor-element-ee72354 elementor-section-boxed elementor-section-height-default elementor-section-height-default\" data-id=\"ee72354\" data-element_type=\"section\">\n\t\t\t\t\t\t<div class=\"elementor-container elementor-column-gap-default\">\n\t\t\t\t\t<div class=\"elementor-column elementor-col-100 elementor-top-column elementor-element elementor-element-c59d6fe\" data-id=\"c59d6fe\" data-element_type=\"column\">\n\t\t\t<div class=\"elementor-widget-wrap elementor-element-populated\">\n\t\t\t\t\t\t<section class=\"elementor-section elementor-inner-section elementor-element elementor-element-c5c11f7 elementor-section-boxed elementor-section-height-default elementor-section-height-default\" data-id=\"c5c11f7\" data-element_type=\"section\">\n\t\t\t\t\t\t<div class=\"elementor-container elementor-column-gap-default\">\n\t\t\t\t\t<div class=\"elementor-column elementor-col-100 elementor-inner-column elementor-element elementor-element-dc47e06\" data-id=\"dc47e06\" data-element_type=\"column\">\n\t\t\t<div class=\"elementor-widget-wrap elementor-element-populated\">\n\t\t\t\t\t\t<div class=\"elementor-element elementor-element-ddc6a1e elementor-widget elementor-widget-heading\" data-id=\"ddc6a1e\" data-element_type=\"widget\" data-widget_type=\"heading.default\">\n\t\t\t\t<div class=\"elementor-widget-container\">\n\t\t\t\t\t<h2 class=\"elementor-heading-title elementor-size-default\">Une musique tenue \u00e0 distance\u2026 puis diffus\u00e9e autrement<\/h2>\t\t\t\t<\/div>\n\t\t\t\t<\/div>\n\t\t\t\t<div class=\"elementor-element elementor-element-e57451f elementor-widget elementor-widget-text-editor\" data-id=\"e57451f\" data-element_type=\"widget\" data-widget_type=\"text-editor.default\">\n\t\t\t\t<div class=\"elementor-widget-container\">\n\t\t\t\t\t\t\t\t\t<p><span style=\"font-weight: 400;\">Pendant longtemps, la Bachata reste cantonn\u00e9e aux marges de l\u2019espace m\u00e9diatique. Ce rejet tient moins \u00e0 la musique qu\u2019aux <\/span><b>milieux sociaux<\/b><span style=\"font-weight: 400;\"> qui la portent. Les stations g\u00e9n\u00e9ralistes et les institutions culturelles l\u2019ignorent, tandis que des circuits alternatifs assurent sa diffusion.<\/span><\/p><p><span style=\"font-weight: 400;\">Dans ce contexte, la radio ind\u00e9pendante <\/span><b>Radio Guarachita<\/b><span style=\"font-weight: 400;\"> joue un r\u00f4le d\u00e9cisif : elle diffuse la Bachata \u00e0 une \u00e9poque o\u00f9 elle n\u2019a pas droit de cit\u00e9 ailleurs, relie ville et campagnes, et structure une sc\u00e8ne. Cette diffusion r\u00e9guli\u00e8re permet \u00e0 des artistes d\u2019enregistrer, d\u2019\u00eatre entendus et de construire un r\u00e9pertoire commun.<\/span><\/p>\t\t\t\t\t\t\t\t<\/div>\n\t\t\t\t<\/div>\n\t\t\t\t\t<\/div>\n\t\t<\/div>\n\t\t\t\t\t<\/div>\n\t\t<\/section>\n\t\t\t\t<section class=\"elementor-section elementor-inner-section elementor-element elementor-element-e57f7d6 elementor-section-boxed elementor-section-height-default elementor-section-height-default\" data-id=\"e57f7d6\" data-element_type=\"section\">\n\t\t\t\t\t\t<div class=\"elementor-container elementor-column-gap-default\">\n\t\t\t\t\t<div class=\"elementor-column elementor-col-100 elementor-inner-column elementor-element elementor-element-4909be3\" data-id=\"4909be3\" data-element_type=\"column\">\n\t\t\t<div class=\"elementor-widget-wrap elementor-element-populated\">\n\t\t\t\t\t\t<div class=\"elementor-element elementor-element-0bcbc90 elementor-widget elementor-widget-image\" data-id=\"0bcbc90\" data-element_type=\"widget\" data-widget_type=\"image.default\">\n\t\t\t\t<div class=\"elementor-widget-container\">\n\t\t\t\t\t\t\t\t\t\t\t\t<figure class=\"wp-caption\">\n\t\t\t\t\t\t\t\t\t\t<img fetchpriority=\"high\" decoding=\"async\" width=\"800\" height=\"531\" src=\"https:\/\/richeskarayib.com\/wp-content\/uploads\/2026\/02\/\u00a9-Centro-Leon-2018-2-1024x680.jpg\" class=\"attachment-large size-large wp-image-68949\" alt=\"Bachata\" srcset=\"https:\/\/richeskarayib.com\/wp-content\/uploads\/2026\/02\/\u00a9-Centro-Leon-2018-2-1024x680.jpg 1024w, https:\/\/richeskarayib.com\/wp-content\/uploads\/2026\/02\/\u00a9-Centro-Leon-2018-2-300x199.jpg 300w, https:\/\/richeskarayib.com\/wp-content\/uploads\/2026\/02\/\u00a9-Centro-Leon-2018-2-768x510.jpg 768w, https:\/\/richeskarayib.com\/wp-content\/uploads\/2026\/02\/\u00a9-Centro-Leon-2018-2-1536x1020.jpg 1536w, https:\/\/richeskarayib.com\/wp-content\/uploads\/2026\/02\/\u00a9-Centro-Leon-2018-2-1320x877.jpg 1320w, https:\/\/richeskarayib.com\/wp-content\/uploads\/2026\/02\/\u00a9-Centro-Leon-2018-2.jpg 1920w\" sizes=\"(max-width: 800px) 100vw, 800px\" \/>\t\t\t\t\t\t\t\t\t\t\t<figcaption class=\"widget-image-caption wp-caption-text\">\u00a9 Centro Le\u0301on, 2018 \/ UNESCO<\/figcaption>\n\t\t\t\t\t\t\t\t\t\t<\/figure>\n\t\t\t\t\t\t\t\t\t<\/div>\n\t\t\t\t<\/div>\n\t\t\t\t\t<\/div>\n\t\t<\/div>\n\t\t\t\t\t<\/div>\n\t\t<\/section>\n\t\t\t\t\t<\/div>\n\t\t<\/div>\n\t\t\t\t\t<\/div>\n\t\t<\/section>\n\t\t\t\t<section class=\"elementor-section elementor-top-section elementor-element elementor-element-82cd8f9 elementor-section-boxed elementor-section-height-default elementor-section-height-default\" data-id=\"82cd8f9\" data-element_type=\"section\">\n\t\t\t\t\t\t<div class=\"elementor-container elementor-column-gap-default\">\n\t\t\t\t\t<div class=\"elementor-column elementor-col-100 elementor-top-column elementor-element elementor-element-0bfdc38\" data-id=\"0bfdc38\" data-element_type=\"column\">\n\t\t\t<div class=\"elementor-widget-wrap elementor-element-populated\">\n\t\t\t\t\t\t<div class=\"elementor-element elementor-element-7d292fe elementor-widget elementor-widget-heading\" data-id=\"7d292fe\" data-element_type=\"widget\" data-widget_type=\"heading.default\">\n\t\t\t\t<div class=\"elementor-widget-container\">\n\t\t\t\t\t<h2 class=\"elementor-heading-title elementor-size-default\">De la modernisation sonore \u00e0 la reconnaissance publique<\/h2>\t\t\t\t<\/div>\n\t\t\t\t<\/div>\n\t\t\t\t<section class=\"elementor-section elementor-inner-section elementor-element elementor-element-6e6c94c elementor-section-boxed elementor-section-height-default elementor-section-height-default\" data-id=\"6e6c94c\" data-element_type=\"section\">\n\t\t\t\t\t\t<div class=\"elementor-container elementor-column-gap-default\">\n\t\t\t\t\t<div class=\"elementor-column elementor-col-100 elementor-inner-column elementor-element elementor-element-4bdaa26\" data-id=\"4bdaa26\" data-element_type=\"column\">\n\t\t\t<div class=\"elementor-widget-wrap elementor-element-populated\">\n\t\t\t\t\t\t<div class=\"elementor-element elementor-element-2d1517d elementor-widget elementor-widget-text-editor\" data-id=\"2d1517d\" data-element_type=\"widget\" data-widget_type=\"text-editor.default\">\n\t\t\t\t<div class=\"elementor-widget-container\">\n\t\t\t\t\t\t\t\t\t<p><span style=\"font-weight: 400;\">Les <\/span><b>ann\u00e9es 1980<\/b><span style=\"font-weight: 400;\"> marquent une inflexion nette. L\u2019usage accru de la <\/span><b>guitare \u00e9lectrique<\/b><span style=\"font-weight: 400;\">, l\u2019\u00e9volution des arrangements et une meilleure qualit\u00e9 d\u2019enregistrement renouvellent l\u2019\u00e9coute sans rompre avec les fondamentaux. La Bachata gagne en lisibilit\u00e9 et en port\u00e9e.<\/span><\/p><p><span style=\"font-weight: 400;\">Au <\/span><b>d\u00e9but des ann\u00e9es 1990<\/b><span style=\"font-weight: 400;\">, un cap est franchi. L\u2019album <\/span><i><span style=\"font-weight: 400;\">Bachata Rosa<\/span><\/i><span style=\"font-weight: 400;\"> de <\/span><b>Juan Luis Guerra<\/b><span style=\"font-weight: 400;\"> place le genre dans des circuits de diffusion \u00e9largis et contribue \u00e0 sa reconnaissance institutionnelle. Elle n\u2019est plus seulement tol\u00e9r\u00e9e : elle devient audible pour un public \u00e9largi, sans renier sa langue ni ses th\u00e8mes.<\/span><\/p>\t\t\t\t\t\t\t\t<\/div>\n\t\t\t\t<\/div>\n\t\t\t\t<div class=\"elementor-element elementor-element-2b81e83 elementor-widget elementor-widget-text-editor\" data-id=\"2b81e83\" data-element_type=\"widget\" data-widget_type=\"text-editor.default\">\n\t\t\t\t<div class=\"elementor-widget-container\">\n\t\t\t\t\t\t\t\t\t<p><span style=\"font-weight: 400;\">Cette trajectoire est officiellement consacr\u00e9e en <\/span><b>2019<\/b><span style=\"font-weight: 400;\">, lorsque l\u2019<a href=\"https:\/\/ich.unesco.org\/fr\/RL\/la-musique-et-la-danse-de-la-bachata-dominicaine-01514\" target=\"_blank\" rel=\"noopener nofollow\">UNESCO<\/a> reconna\u00eet la musique et la danse de la Bachata dominicaine comme patrimoine culturel immat\u00e9riel de l\u2019humanit\u00e9. L\u2019organisation souligne son r\u00f4le communautaire, sa transmission interg\u00e9n\u00e9rationnelle et son ancrage social.<\/span><\/p>\t\t\t\t\t\t\t\t<\/div>\n\t\t\t\t<\/div>\n\t\t\t\t\t<\/div>\n\t\t<\/div>\n\t\t\t\t\t<\/div>\n\t\t<\/section>\n\t\t\t\t<div class=\"elementor-element elementor-element-d5a657c elementor-widget elementor-widget-image\" data-id=\"d5a657c\" data-element_type=\"widget\" data-widget_type=\"image.default\">\n\t\t\t\t<div class=\"elementor-widget-container\">\n\t\t\t\t\t\t\t\t\t\t\t\t<figure class=\"wp-caption\">\n\t\t\t\t\t\t\t\t\t\t<img decoding=\"async\" width=\"800\" height=\"450\" src=\"https:\/\/richeskarayib.com\/wp-content\/uploads\/2026\/02\/\u00a9-iASO-Records-2013-1-1024x576.jpg\" class=\"attachment-large size-large wp-image-68957\" alt=\"Bachata\" srcset=\"https:\/\/richeskarayib.com\/wp-content\/uploads\/2026\/02\/\u00a9-iASO-Records-2013-1-1024x576.jpg 1024w, https:\/\/richeskarayib.com\/wp-content\/uploads\/2026\/02\/\u00a9-iASO-Records-2013-1-300x169.jpg 300w, https:\/\/richeskarayib.com\/wp-content\/uploads\/2026\/02\/\u00a9-iASO-Records-2013-1-768x432.jpg 768w, https:\/\/richeskarayib.com\/wp-content\/uploads\/2026\/02\/\u00a9-iASO-Records-2013-1-1536x864.jpg 1536w, https:\/\/richeskarayib.com\/wp-content\/uploads\/2026\/02\/\u00a9-iASO-Records-2013-1-1320x743.jpg 1320w, https:\/\/richeskarayib.com\/wp-content\/uploads\/2026\/02\/\u00a9-iASO-Records-2013-1.jpg 1920w\" sizes=\"(max-width: 800px) 100vw, 800px\" \/>\t\t\t\t\t\t\t\t\t\t\t<figcaption class=\"widget-image-caption wp-caption-text\">\u00a9 iASO Records, 2013 \/ UNESCO<\/figcaption>\n\t\t\t\t\t\t\t\t\t\t<\/figure>\n\t\t\t\t\t\t\t\t\t<\/div>\n\t\t\t\t<\/div>\n\t\t\t\t<section class=\"elementor-section elementor-inner-section elementor-element elementor-element-c582330 elementor-section-boxed elementor-section-height-default elementor-section-height-default\" data-id=\"c582330\" data-element_type=\"section\">\n\t\t\t\t\t\t<div class=\"elementor-container elementor-column-gap-default\">\n\t\t\t\t\t\t<\/div>\n\t\t<\/section>\n\t\t\t\t<section class=\"elementor-section elementor-inner-section elementor-element elementor-element-296603a elementor-section-boxed elementor-section-height-default elementor-section-height-default\" data-id=\"296603a\" data-element_type=\"section\">\n\t\t\t\t\t\t<div class=\"elementor-container elementor-column-gap-default\">\n\t\t\t\t\t\t<\/div>\n\t\t<\/section>\n\t\t\t\t\t<\/div>\n\t\t<\/div>\n\t\t\t\t\t<\/div>\n\t\t<\/section>\n\t\t\t\t<section class=\"elementor-section elementor-top-section elementor-element elementor-element-5a7397d elementor-section-boxed elementor-section-height-default elementor-section-height-default\" data-id=\"5a7397d\" data-element_type=\"section\">\n\t\t\t\t\t\t<div class=\"elementor-container elementor-column-gap-default\">\n\t\t\t\t\t<div class=\"elementor-column elementor-col-100 elementor-top-column elementor-element elementor-element-8b33b4b\" data-id=\"8b33b4b\" data-element_type=\"column\">\n\t\t\t<div class=\"elementor-widget-wrap elementor-element-populated\">\n\t\t\t\t\t\t<div class=\"elementor-element elementor-element-89dac4b elementor-widget elementor-widget-heading\" data-id=\"89dac4b\" data-element_type=\"widget\" data-widget_type=\"heading.default\">\n\t\t\t\t<div class=\"elementor-widget-container\">\n\t\t\t\t\t<h2 class=\"elementor-heading-title elementor-size-default\">Caract\u00e9ristiques musicales : sobri\u00e9t\u00e9 et expressivit\u00e9<\/h2>\t\t\t\t<\/div>\n\t\t\t\t<\/div>\n\t\t\t\t<section class=\"elementor-section elementor-inner-section elementor-element elementor-element-274c98e elementor-section-boxed elementor-section-height-default elementor-section-height-default\" data-id=\"274c98e\" data-element_type=\"section\">\n\t\t\t\t\t\t<div class=\"elementor-container elementor-column-gap-default\">\n\t\t\t\t\t<div class=\"elementor-column elementor-col-100 elementor-inner-column elementor-element elementor-element-cf3c01a\" data-id=\"cf3c01a\" data-element_type=\"column\">\n\t\t\t<div class=\"elementor-widget-wrap elementor-element-populated\">\n\t\t\t\t\t\t<div class=\"elementor-element elementor-element-819dd2d elementor-widget elementor-widget-text-editor\" data-id=\"819dd2d\" data-element_type=\"widget\" data-widget_type=\"text-editor.default\">\n\t\t\t\t<div class=\"elementor-widget-container\">\n\t\t\t\t\t\t\t\t\t<p><span style=\"font-weight: 400;\">La formation traditionnelle de la Bachata repose sur un <\/span><b>petit ensemble<\/b><span style=\"font-weight: 400;\"> : une ou deux guitares (d\u00e9sormais tr\u00e8s souvent \u00e9lectriques), des bongos, des maracas, un g\u00fciro et une basse. Le rythme est en <\/span><b>quatre temps<\/b><span style=\"font-weight: 400;\">, propice \u00e0 la danse et \u00e0 la narration chant\u00e9e.<\/span><\/p><p><span style=\"font-weight: 400;\">La guitare occupe une place centrale. Elle porte la m\u00e9lodie, souligne les tensions \u00e9motionnelles et dialogue avec la voix du chanteur principal. Cette \u00e9conomie de moyens favorise une grande intensit\u00e9 expressive et explique la long\u00e9vit\u00e9 du format.<\/span><\/p>\t\t\t\t\t\t\t\t<\/div>\n\t\t\t\t<\/div>\n\t\t\t\t\t<\/div>\n\t\t<\/div>\n\t\t\t\t\t<\/div>\n\t\t<\/section>\n\t\t\t\t\t<\/div>\n\t\t<\/div>\n\t\t\t\t\t<\/div>\n\t\t<\/section>\n\t\t\t\t<section class=\"elementor-section elementor-top-section elementor-element elementor-element-2e53817 elementor-section-boxed elementor-section-height-default elementor-section-height-default\" data-id=\"2e53817\" data-element_type=\"section\">\n\t\t\t\t\t\t<div class=\"elementor-container elementor-column-gap-default\">\n\t\t\t\t\t<div class=\"elementor-column elementor-col-100 elementor-top-column elementor-element elementor-element-42ddf8e\" data-id=\"42ddf8e\" data-element_type=\"column\">\n\t\t\t<div class=\"elementor-widget-wrap elementor-element-populated\">\n\t\t\t\t\t\t<div class=\"elementor-element elementor-element-6fc31c4 elementor-widget elementor-widget-heading\" data-id=\"6fc31c4\" data-element_type=\"widget\" data-widget_type=\"heading.default\">\n\t\t\t\t<div class=\"elementor-widget-container\">\n\t\t\t\t\t<h2 class=\"elementor-heading-title elementor-size-default\">La danse Bachata : transmission et codification<\/h2>\t\t\t\t<\/div>\n\t\t\t\t<\/div>\n\t\t\t\t<section class=\"elementor-section elementor-inner-section elementor-element elementor-element-a7ea310 elementor-section-boxed elementor-section-height-default elementor-section-height-default\" data-id=\"a7ea310\" data-element_type=\"section\">\n\t\t\t\t\t\t<div class=\"elementor-container elementor-column-gap-default\">\n\t\t\t\t\t<div class=\"elementor-column elementor-col-100 elementor-inner-column elementor-element elementor-element-ac508cd\" data-id=\"ac508cd\" data-element_type=\"column\">\n\t\t\t<div class=\"elementor-widget-wrap elementor-element-populated\">\n\t\t\t\t\t\t<div class=\"elementor-element elementor-element-3bba566 elementor-widget elementor-widget-text-editor\" data-id=\"3bba566\" data-element_type=\"widget\" data-widget_type=\"text-editor.default\">\n\t\t\t\t<div class=\"elementor-widget-container\">\n\t\t\t\t\t\t\t\t\t<p><span style=\"font-weight: 400;\">La danse Bachata est une <\/span><b>danse de couple<\/b><span style=\"font-weight: 400;\">, structur\u00e9e en <\/span><b>huit pas<\/b><span style=\"font-weight: 400;\">, reconnaissable \u00e0 son mouvement de hanche pr\u00e9cis. Elle s\u2019apprend d\u2019abord par imitation, au sein de la famille et de la communaut\u00e9, avant d\u2019\u00eatre enseign\u00e9e dans un cadre formel.<\/span><\/p><p><span style=\"font-weight: 400;\">Aujourd\u2019hui, la R\u00e9publique dominicaine compte <\/span><b>plus d\u2019une centaine d\u2019\u00e9coles et d\u2019acad\u00e9mies<\/b><span style=\"font-weight: 400;\"> d\u00e9di\u00e9es \u00e0 la Bachata. Cette double transmission \u2014 informelle et institutionnalis\u00e9e \u2014 garantit la continuit\u00e9 d\u2019une pratique qui reste li\u00e9e aux c\u00e9l\u00e9brations traditionnelles tout en s\u2019adaptant aux contextes contemporains.<\/span><\/p>\t\t\t\t\t\t\t\t<\/div>\n\t\t\t\t<\/div>\n\t\t\t\t<div class=\"elementor-element elementor-element-48e1787 elementor-widget elementor-widget-image\" data-id=\"48e1787\" data-element_type=\"widget\" data-widget_type=\"image.default\">\n\t\t\t\t<div class=\"elementor-widget-container\">\n\t\t\t\t\t\t\t\t\t\t\t\t<figure class=\"wp-caption\">\n\t\t\t\t\t\t\t\t\t\t<img decoding=\"async\" width=\"500\" height=\"281\" src=\"https:\/\/richeskarayib.com\/wp-content\/uploads\/2026\/02\/\u00a9-Centro-Leon-2018.jpg\" class=\"attachment-large size-large wp-image-68961\" alt=\"Bachata\" srcset=\"https:\/\/richeskarayib.com\/wp-content\/uploads\/2026\/02\/\u00a9-Centro-Leon-2018.jpg 500w, https:\/\/richeskarayib.com\/wp-content\/uploads\/2026\/02\/\u00a9-Centro-Leon-2018-300x169.jpg 300w\" sizes=\"(max-width: 500px) 100vw, 500px\" \/>\t\t\t\t\t\t\t\t\t\t\t<figcaption class=\"widget-image-caption wp-caption-text\">\u00a9 Centro Le\u0301on, 2018 \/ UNESCO<\/figcaption>\n\t\t\t\t\t\t\t\t\t\t<\/figure>\n\t\t\t\t\t\t\t\t\t<\/div>\n\t\t\t\t<\/div>\n\t\t\t\t\t<\/div>\n\t\t<\/div>\n\t\t\t\t\t<\/div>\n\t\t<\/section>\n\t\t\t\t\t<\/div>\n\t\t<\/div>\n\t\t\t\t\t<\/div>\n\t\t<\/section>\n\t\t\t\t<section class=\"elementor-section elementor-top-section elementor-element elementor-element-608248e elementor-section-boxed elementor-section-height-default elementor-section-height-default\" data-id=\"608248e\" data-element_type=\"section\">\n\t\t\t\t\t\t<div class=\"elementor-container elementor-column-gap-default\">\n\t\t\t\t\t<div class=\"elementor-column elementor-col-100 elementor-top-column elementor-element elementor-element-fc22998\" data-id=\"fc22998\" data-element_type=\"column\">\n\t\t\t<div class=\"elementor-widget-wrap elementor-element-populated\">\n\t\t\t\t\t\t<div class=\"elementor-element elementor-element-f4de714 elementor-widget elementor-widget-heading\" data-id=\"f4de714\" data-element_type=\"widget\" data-widget_type=\"heading.default\">\n\t\t\t\t<div class=\"elementor-widget-container\">\n\t\t\t\t\t<h2 class=\"elementor-heading-title elementor-size-default\">Styles de Bachata : continuit\u00e9s et \u00e9volutions<\/h2>\t\t\t\t<\/div>\n\t\t\t\t<\/div>\n\t\t\t\t<section class=\"elementor-section elementor-inner-section elementor-element elementor-element-68988f1 elementor-section-boxed elementor-section-height-default elementor-section-height-default\" data-id=\"68988f1\" data-element_type=\"section\">\n\t\t\t\t\t\t<div class=\"elementor-container elementor-column-gap-default\">\n\t\t\t\t\t<div class=\"elementor-column elementor-col-100 elementor-inner-column elementor-element elementor-element-09500f3\" data-id=\"09500f3\" data-element_type=\"column\">\n\t\t\t<div class=\"elementor-widget-wrap elementor-element-populated\">\n\t\t\t\t\t\t<div class=\"elementor-element elementor-element-165414f elementor-widget elementor-widget-text-editor\" data-id=\"165414f\" data-element_type=\"widget\" data-widget_type=\"text-editor.default\">\n\t\t\t\t<div class=\"elementor-widget-container\">\n\t\t\t\t\t\t\t\t\t<p><span style=\"font-weight: 400;\">Le <\/span><b>style traditionnelle<\/b><span style=\"font-weight: 400;\">, parfois qualifi\u00e9e d\u2019<\/span><i><span style=\"font-weight: 400;\">amargue<\/span><\/i><span style=\"font-weight: 400;\">, privil\u00e9gie des arrangements sobres et une \u00e9criture m\u00e9lodramatique proche du bol\u00e9ro. Elle constitue la matrice du genre.<\/span><\/p><p><span style=\"font-weight: 400;\">Le <\/span><b>style modernis\u00e9e<\/b><span style=\"font-weight: 400;\">, qui s\u2019affirme \u00e0 partir des ann\u00e9es 1980, int\u00e8gre des sonorit\u00e9s \u00e9lectriques et une production plus travaill\u00e9e. Elle pr\u00e9pare l\u2019\u00e9largissement du public.<\/span><\/p><p><span style=\"font-weight: 400;\">\u00c0 partir des <\/span><b>ann\u00e9es 2000<\/b><span style=\"font-weight: 400;\">, une Bachata \u00e0 diffusion internationale \u00e9merge, port\u00e9e par la diaspora dominicaine. Les influences pop et R&amp;B s\u2019y font plus visibles, sans effacer le socle \u00e9motionnel et rythmique. Cette phase ouvre le genre \u00e0 des publics nouveaux et \u00e0 des sc\u00e8nes mondiales.<\/span><\/p>\t\t\t\t\t\t\t\t<\/div>\n\t\t\t\t<\/div>\n\t\t\t\t<div class=\"elementor-element elementor-element-b643453 elementor-widget elementor-widget-image\" data-id=\"b643453\" data-element_type=\"widget\" data-widget_type=\"image.default\">\n\t\t\t\t<div class=\"elementor-widget-container\">\n\t\t\t\t\t\t\t\t\t\t\t\t<figure class=\"wp-caption\">\n\t\t\t\t\t\t\t\t\t\t<img loading=\"lazy\" decoding=\"async\" width=\"800\" height=\"472\" src=\"https:\/\/richeskarayib.com\/wp-content\/uploads\/2026\/02\/\u00a9-Centro-Leon-2018-3-1024x604.jpg\" class=\"attachment-large size-large wp-image-68953\" alt=\"\" srcset=\"https:\/\/richeskarayib.com\/wp-content\/uploads\/2026\/02\/\u00a9-Centro-Leon-2018-3-1024x604.jpg 1024w, https:\/\/richeskarayib.com\/wp-content\/uploads\/2026\/02\/\u00a9-Centro-Leon-2018-3-300x177.jpg 300w, https:\/\/richeskarayib.com\/wp-content\/uploads\/2026\/02\/\u00a9-Centro-Leon-2018-3-768x453.jpg 768w, https:\/\/richeskarayib.com\/wp-content\/uploads\/2026\/02\/\u00a9-Centro-Leon-2018-3-1536x906.jpg 1536w, https:\/\/richeskarayib.com\/wp-content\/uploads\/2026\/02\/\u00a9-Centro-Leon-2018-3-1320x778.jpg 1320w, https:\/\/richeskarayib.com\/wp-content\/uploads\/2026\/02\/\u00a9-Centro-Leon-2018-3.jpg 1920w\" sizes=\"(max-width: 800px) 100vw, 800px\" \/>\t\t\t\t\t\t\t\t\t\t\t<figcaption class=\"widget-image-caption wp-caption-text\">\u00a9 Centro Le\u0301on, 2018 \/ UNESCO<\/figcaption>\n\t\t\t\t\t\t\t\t\t\t<\/figure>\n\t\t\t\t\t\t\t\t\t<\/div>\n\t\t\t\t<\/div>\n\t\t\t\t\t<\/div>\n\t\t<\/div>\n\t\t\t\t\t<\/div>\n\t\t<\/section>\n\t\t\t\t\t<\/div>\n\t\t<\/div>\n\t\t\t\t\t<\/div>\n\t\t<\/section>\n\t\t\t\t<section class=\"elementor-section elementor-top-section elementor-element elementor-element-8aad9d4 elementor-section-boxed elementor-section-height-default elementor-section-height-default\" data-id=\"8aad9d4\" data-element_type=\"section\">\n\t\t\t\t\t\t<div class=\"elementor-container elementor-column-gap-default\">\n\t\t\t\t\t<div class=\"elementor-column elementor-col-100 elementor-top-column elementor-element elementor-element-165bce0\" data-id=\"165bce0\" data-element_type=\"column\">\n\t\t\t<div class=\"elementor-widget-wrap elementor-element-populated\">\n\t\t\t\t\t\t<div class=\"elementor-element elementor-element-7227cc6 elementor-widget elementor-widget-heading\" data-id=\"7227cc6\" data-element_type=\"widget\" data-widget_type=\"heading.default\">\n\t\t\t\t<div class=\"elementor-widget-container\">\n\t\t\t\t\t<h2 class=\"elementor-heading-title elementor-size-default\">Artistes et jalons historiques<\/h2>\t\t\t\t<\/div>\n\t\t\t\t<\/div>\n\t\t\t\t<section class=\"elementor-section elementor-inner-section elementor-element elementor-element-b5a51ad elementor-section-boxed elementor-section-height-default elementor-section-height-default\" data-id=\"b5a51ad\" data-element_type=\"section\">\n\t\t\t\t\t\t<div class=\"elementor-container elementor-column-gap-default\">\n\t\t\t\t\t<div class=\"elementor-column elementor-col-100 elementor-inner-column elementor-element elementor-element-d4bc48e\" data-id=\"d4bc48e\" data-element_type=\"column\">\n\t\t\t<div class=\"elementor-widget-wrap elementor-element-populated\">\n\t\t\t\t\t\t<div class=\"elementor-element elementor-element-d410606 elementor-widget elementor-widget-text-editor\" data-id=\"d410606\" data-element_type=\"widget\" data-widget_type=\"text-editor.default\">\n\t\t\t\t<div class=\"elementor-widget-container\">\n\t\t\t\t\t\t\t\t\t<p><span style=\"font-weight: 400;\">Plusieurs figures structurent cette histoire. <\/span><b>Jos\u00e9 Manuel Calder\u00f3n<\/b><span style=\"font-weight: 400;\"> est associ\u00e9 aux premiers enregistrements de la Bachata au d\u00e9but des ann\u00e9es 1960, contribuant \u00e0 sa fixation discographique. <\/span><b>Blas Dur\u00e1n<\/b><span style=\"font-weight: 400;\"> marque la modernisation sonore par l\u2019introduction assum\u00e9e de la guitare \u00e9lectrique.<\/span><\/p><p><b>Juan Luis Guerra<\/b><span style=\"font-weight: 400;\"> joue un r\u00f4le cl\u00e9 dans la reconnaissance publique du genre, tandis que <\/span><b>Aventura<\/b><span style=\"font-weight: 400;\">, puis <\/span><b>Romeo Santos<\/b><span style=\"font-weight: 400;\"> et <\/span><b>Prince Royce<\/b><span style=\"font-weight: 400;\">, incarnent son expansion internationale au XXI\u1d49 si\u00e8cle. Ces artistes illustrent une continuit\u00e9 : chaque g\u00e9n\u00e9ration la transforme sans rompre avec ses fondements.<\/span><\/p>\t\t\t\t\t\t\t\t<\/div>\n\t\t\t\t<\/div>\n\t\t\t\t\t<\/div>\n\t\t<\/div>\n\t\t\t\t\t<\/div>\n\t\t<\/section>\n\t\t\t\t\t<\/div>\n\t\t<\/div>\n\t\t\t\t\t<\/div>\n\t\t<\/section>\n\t\t\t\t<section class=\"elementor-section elementor-top-section elementor-element elementor-element-243c513 elementor-section-boxed elementor-section-height-default elementor-section-height-default\" data-id=\"243c513\" data-element_type=\"section\">\n\t\t\t\t\t\t<div class=\"elementor-container elementor-column-gap-default\">\n\t\t\t\t\t<div class=\"elementor-column elementor-col-100 elementor-top-column elementor-element elementor-element-8b9af0f\" data-id=\"8b9af0f\" data-element_type=\"column\">\n\t\t\t<div class=\"elementor-widget-wrap elementor-element-populated\">\n\t\t\t\t\t\t<div class=\"elementor-element elementor-element-9985e38 elementor-widget elementor-widget-heading\" data-id=\"9985e38\" data-element_type=\"widget\" data-widget_type=\"heading.default\">\n\t\t\t\t<div class=\"elementor-widget-container\">\n\t\t\t\t\t<h2 class=\"elementor-heading-title elementor-size-default\">Une pratique contemporaine pleinement vivante<\/h2>\t\t\t\t<\/div>\n\t\t\t\t<\/div>\n\t\t\t\t<section class=\"elementor-section elementor-inner-section elementor-element elementor-element-a616615 elementor-section-boxed elementor-section-height-default elementor-section-height-default\" data-id=\"a616615\" data-element_type=\"section\">\n\t\t\t\t\t\t<div class=\"elementor-container elementor-column-gap-default\">\n\t\t\t\t\t<div class=\"elementor-column elementor-col-100 elementor-inner-column elementor-element elementor-element-93d77b1\" data-id=\"93d77b1\" data-element_type=\"column\">\n\t\t\t<div class=\"elementor-widget-wrap elementor-element-populated\">\n\t\t\t\t\t\t<div class=\"elementor-element elementor-element-00c4774 elementor-widget elementor-widget-text-editor\" data-id=\"00c4774\" data-element_type=\"widget\" data-widget_type=\"text-editor.default\">\n\t\t\t\t<div class=\"elementor-widget-container\">\n\t\t\t\t\t\t\t\t\t<p><span style=\"font-weight: 400;\">Aujourd\u2019hui, elle est \u00e0 la fois une musique du quotidien, un enseignement structur\u00e9, un secteur \u00e9conomique et un marqueur identitaire. Elle continue d\u2019\u00e9voluer, port\u00e9e par de nouvelles voix et de nouvelles sc\u00e8nes, tout en restant solidement ancr\u00e9e dans son origine populaire dominicaine.<\/span><\/p><p><span style=\"font-weight: 400;\">Elle n\u2019est ni une mode ni un simple produit d\u2019exportation. Elle est le r\u00e9sultat d\u2019une histoire sociale pr\u00e9cise, d\u2019une transmission constante et d\u2019une capacit\u00e9 rare \u00e0 conjuguer fid\u00e9lit\u00e9 aux racines et adaptation aux usages contemporains.<\/span><\/p>\t\t\t\t\t\t\t\t<\/div>\n\t\t\t\t<\/div>\n\t\t\t\t\t<\/div>\n\t\t<\/div>\n\t\t\t\t\t<\/div>\n\t\t<\/section>\n\t\t\t\t\t<\/div>\n\t\t<\/div>\n\t\t\t\t\t<\/div>\n\t\t<\/section>\n\t\t\t\t<section class=\"elementor-section elementor-top-section elementor-element elementor-element-22bf69f elementor-section-boxed elementor-section-height-default elementor-section-height-default\" data-id=\"22bf69f\" data-element_type=\"section\">\n\t\t\t\t\t\t<div class=\"elementor-container elementor-column-gap-default\">\n\t\t\t\t\t<div class=\"elementor-column elementor-col-100 elementor-top-column elementor-element elementor-element-8aedddd\" data-id=\"8aedddd\" data-element_type=\"column\">\n\t\t\t<div class=\"elementor-widget-wrap elementor-element-populated\">\n\t\t\t\t\t\t<section class=\"elementor-section elementor-inner-section elementor-element elementor-element-c8e3557 elementor-section-boxed elementor-section-height-default elementor-section-height-default\" data-id=\"c8e3557\" data-element_type=\"section\">\n\t\t\t\t\t\t<div class=\"elementor-container elementor-column-gap-default\">\n\t\t\t\t\t<div class=\"elementor-column elementor-col-100 elementor-inner-column elementor-element elementor-element-1222702\" data-id=\"1222702\" data-element_type=\"column\">\n\t\t\t<div class=\"elementor-widget-wrap elementor-element-populated\">\n\t\t\t\t\t\t<div class=\"elementor-element elementor-element-2e40abe elementor-widget elementor-widget-accordion\" data-id=\"2e40abe\" data-element_type=\"widget\" data-widget_type=\"accordion.default\">\n\t\t\t\t<div class=\"elementor-widget-container\">\n\t\t\t\t\t\t\t<div class=\"elementor-accordion\">\n\t\t\t\t\t\t\t<div class=\"elementor-accordion-item\">\n\t\t\t\t\t<div id=\"elementor-tab-title-4841\" class=\"elementor-tab-title\" data-tab=\"1\" role=\"button\" aria-controls=\"elementor-tab-content-4841\" aria-expanded=\"false\">\n\t\t\t\t\t\t\t\t\t\t\t\t\t<span class=\"elementor-accordion-icon elementor-accordion-icon-left\" aria-hidden=\"true\">\n\t\t\t\t\t\t\t\t\t\t\t\t\t\t\t<span class=\"elementor-accordion-icon-closed\"><i class=\"fas fa-plus\"><\/i><\/span>\n\t\t\t\t\t\t\t\t<span class=\"elementor-accordion-icon-opened\"><i class=\"fas fa-minus\"><\/i><\/span>\n\t\t\t\t\t\t\t\t\t\t\t\t\t\t<\/span>\n\t\t\t\t\t\t\t\t\t\t\t\t<a class=\"elementor-accordion-title\" tabindex=\"0\">Quelles sont les origines de la Bachata ?<\/a>\n\t\t\t\t\t<\/div>\n\t\t\t\t\t<div id=\"elementor-tab-content-4841\" class=\"elementor-tab-content elementor-clearfix\" data-tab=\"1\" role=\"region\" aria-labelledby=\"elementor-tab-title-4841\"><p><span style=\"font-weight: 400;\">Elle trouve son origine dans les milieux populaires de la R\u00e9publique dominicaine. Le terme, d\u2019origine africaine, d\u00e9signait \u00e0 l\u2019origine un rassemblement festif. Musicalement, elle r\u00e9sulte d\u2019une fusion entre le bol\u00e9ro et plusieurs genres afro-antillais comme le son cubain, le cha-cha-cha et le merengue, avant de s\u2019imposer comme une expression musicale et dans\u00e9e \u00e0 part enti\u00e8re.<\/span><\/p><\/div>\n\t\t\t\t<\/div>\n\t\t\t\t\t\t\t<div class=\"elementor-accordion-item\">\n\t\t\t\t\t<div id=\"elementor-tab-title-4842\" class=\"elementor-tab-title\" data-tab=\"2\" role=\"button\" aria-controls=\"elementor-tab-content-4842\" aria-expanded=\"false\">\n\t\t\t\t\t\t\t\t\t\t\t\t\t<span class=\"elementor-accordion-icon elementor-accordion-icon-left\" aria-hidden=\"true\">\n\t\t\t\t\t\t\t\t\t\t\t\t\t\t\t<span class=\"elementor-accordion-icon-closed\"><i class=\"fas fa-plus\"><\/i><\/span>\n\t\t\t\t\t\t\t\t<span class=\"elementor-accordion-icon-opened\"><i class=\"fas fa-minus\"><\/i><\/span>\n\t\t\t\t\t\t\t\t\t\t\t\t\t\t<\/span>\n\t\t\t\t\t\t\t\t\t\t\t\t<a class=\"elementor-accordion-title\" tabindex=\"0\">Pourquoi la Bachata a-t-elle \u00e9t\u00e9 longtemps marginalis\u00e9e ?<\/a>\n\t\t\t\t\t<\/div>\n\t\t\t\t\t<div id=\"elementor-tab-content-4842\" class=\"elementor-tab-content elementor-clearfix\" data-tab=\"2\" role=\"region\" aria-labelledby=\"elementor-tab-title-4842\"><p><span style=\"font-weight: 400;\">Elle a \u00e9t\u00e9 associ\u00e9e, pendant plusieurs d\u00e9cennies, aux classes populaires et aux espaces sociaux modestes. Cette origine sociale a entra\u00een\u00e9 une mise \u00e0 l\u2019\u00e9cart des m\u00e9dias dominants et des institutions culturelles. Ce n\u2019est qu\u2019\u00e0 partir des ann\u00e9es 1980 et 1990, avec la modernisation du son et une meilleure diffusion, qu\u2019elle a progressivement acquis une reconnaissance nationale puis internationale.<\/span><\/p><\/div>\n\t\t\t\t<\/div>\n\t\t\t\t\t\t\t<div class=\"elementor-accordion-item\">\n\t\t\t\t\t<div id=\"elementor-tab-title-4843\" class=\"elementor-tab-title\" data-tab=\"3\" role=\"button\" aria-controls=\"elementor-tab-content-4843\" aria-expanded=\"false\">\n\t\t\t\t\t\t\t\t\t\t\t\t\t<span class=\"elementor-accordion-icon elementor-accordion-icon-left\" aria-hidden=\"true\">\n\t\t\t\t\t\t\t\t\t\t\t\t\t\t\t<span class=\"elementor-accordion-icon-closed\"><i class=\"fas fa-plus\"><\/i><\/span>\n\t\t\t\t\t\t\t\t<span class=\"elementor-accordion-icon-opened\"><i class=\"fas fa-minus\"><\/i><\/span>\n\t\t\t\t\t\t\t\t\t\t\t\t\t\t<\/span>\n\t\t\t\t\t\t\t\t\t\t\t\t<a class=\"elementor-accordion-title\" tabindex=\"0\">Quels sont les principaux styles de Bachata aujourd\u2019hui ?<\/a>\n\t\t\t\t\t<\/div>\n\t\t\t\t\t<div id=\"elementor-tab-content-4843\" class=\"elementor-tab-content elementor-clearfix\" data-tab=\"3\" role=\"region\" aria-labelledby=\"elementor-tab-title-4843\"><p><span style=\"font-weight: 400;\">On distingue principalement le style traditionnelle, marqu\u00e9e par des arrangements sobres et des textes m\u00e9lancoliques, le style modernis\u00e9e apparue dans les ann\u00e9es 1980 avec l\u2019usage de la guitare \u00e9lectrique, et le style contemporaine \u00e0 diffusion internationale, influenc\u00e9e par la pop et le R&amp;B, port\u00e9e notamment par la diaspora dominicaine.<\/span><\/p><\/div>\n\t\t\t\t<\/div>\n\t\t\t\t\t\t\t\t<\/div>\n\t\t\t\t\t\t<\/div>\n\t\t\t\t<\/div>\n\t\t\t\t\t<\/div>\n\t\t<\/div>\n\t\t\t\t\t<\/div>\n\t\t<\/section>\n\t\t\t\t\t<\/div>\n\t\t<\/div>\n\t\t\t\t\t<\/div>\n\t\t<\/section>\n\t\t\t\t<\/div>\n\t\t","protected":false},"excerpt":{"rendered":"<p>La Bachata s\u2019est impos\u00e9e par un long cheminement social et musical, depuis les rassemblements populaires de la R\u00e9publique dominicaine jusqu\u2019aux sc\u00e8nes internationales. Loin d\u2019un succ\u00e8s soudain, son histoire est faite de transmissions discr\u00e8tes, d\u2019innovations progressives et de reconnaissances tardives. En 2019, l\u2019inscription de la musique et de la danse de la Bachata sur la Liste [&hellip;]<\/p>\n","protected":false},"author":662,"featured_media":68940,"comment_status":"open","ping_status":"open","sticky":false,"template":"","format":"standard","meta":{"_acf_changed":false,"footnotes":""},"categories":[835,1495,1468],"tags":[1482],"class_list":["post-68938","post","type-post","status-publish","format-standard","has-post-thumbnail","hentry","category-musique-fr","category-danse-fr","category-histoire-patrimoine","tag-republique-dominicaine"],"acf":[],"_links":{"self":[{"href":"https:\/\/richeskarayib.com\/fr\/wp-json\/wp\/v2\/posts\/68938","targetHints":{"allow":["GET"]}}],"collection":[{"href":"https:\/\/richeskarayib.com\/fr\/wp-json\/wp\/v2\/posts"}],"about":[{"href":"https:\/\/richeskarayib.com\/fr\/wp-json\/wp\/v2\/types\/post"}],"author":[{"embeddable":true,"href":"https:\/\/richeskarayib.com\/fr\/wp-json\/wp\/v2\/users\/662"}],"replies":[{"embeddable":true,"href":"https:\/\/richeskarayib.com\/fr\/wp-json\/wp\/v2\/comments?post=68938"}],"version-history":[{"count":0,"href":"https:\/\/richeskarayib.com\/fr\/wp-json\/wp\/v2\/posts\/68938\/revisions"}],"wp:featuredmedia":[{"embeddable":true,"href":"https:\/\/richeskarayib.com\/fr\/wp-json\/wp\/v2\/media\/68940"}],"wp:attachment":[{"href":"https:\/\/richeskarayib.com\/fr\/wp-json\/wp\/v2\/media?parent=68938"}],"wp:term":[{"taxonomy":"category","embeddable":true,"href":"https:\/\/richeskarayib.com\/fr\/wp-json\/wp\/v2\/categories?post=68938"},{"taxonomy":"post_tag","embeddable":true,"href":"https:\/\/richeskarayib.com\/fr\/wp-json\/wp\/v2\/tags?post=68938"}],"curies":[{"name":"wp","href":"https:\/\/api.w.org\/{rel}","templated":true}]}}