{"id":68972,"date":"2026-02-03T06:56:13","date_gmt":"2026-02-03T10:56:13","guid":{"rendered":"https:\/\/richeskarayib.com\/?p=68972"},"modified":"2026-02-03T06:56:13","modified_gmt":"2026-02-03T10:56:13","slug":"black-history-month-2026-centenaire","status":"publish","type":"post","link":"https:\/\/richeskarayib.com\/fr\/black-history-month-2026-centenaire\/","title":{"rendered":"Black History Month 2026 : 100 ans d\u2019histoire noire, de m\u00e9moire construite et de r\u00e9cits reconquis"},"content":{"rendered":"\t\t<div data-elementor-type=\"wp-post\" data-elementor-id=\"68972\" class=\"elementor elementor-68972\" data-elementor-post-type=\"post\">\n\t\t\t\t\t\t<section class=\"elementor-section elementor-top-section elementor-element elementor-element-7ca7ca1 elementor-section-boxed elementor-section-height-default elementor-section-height-default\" data-id=\"7ca7ca1\" data-element_type=\"section\">\n\t\t\t\t\t\t<div class=\"elementor-container elementor-column-gap-default\">\n\t\t\t\t\t<div class=\"elementor-column elementor-col-100 elementor-top-column elementor-element elementor-element-cbdd002\" data-id=\"cbdd002\" data-element_type=\"column\">\n\t\t\t<div class=\"elementor-widget-wrap elementor-element-populated\">\n\t\t\t\t\t\t<section class=\"elementor-section elementor-inner-section elementor-element elementor-element-bc94849 elementor-section-boxed elementor-section-height-default elementor-section-height-default\" data-id=\"bc94849\" data-element_type=\"section\">\n\t\t\t\t\t\t<div class=\"elementor-container elementor-column-gap-default\">\n\t\t\t\t\t\t<\/div>\n\t\t<\/section>\n\t\t\t\t<section class=\"elementor-section elementor-inner-section elementor-element elementor-element-61571e6 elementor-section-boxed elementor-section-height-default elementor-section-height-default\" data-id=\"61571e6\" data-element_type=\"section\">\n\t\t\t\t\t\t<div class=\"elementor-container elementor-column-gap-default\">\n\t\t\t\t\t\t<\/div>\n\t\t<\/section>\n\t\t\t\t<section class=\"elementor-section elementor-inner-section elementor-element elementor-element-b6262e0 elementor-section-boxed elementor-section-height-default elementor-section-height-default\" data-id=\"b6262e0\" data-element_type=\"section\">\n\t\t\t\t\t\t<div class=\"elementor-container elementor-column-gap-default\">\n\t\t\t\t\t\t<\/div>\n\t\t<\/section>\n\t\t\t\t<section class=\"elementor-section elementor-inner-section elementor-element elementor-element-cca29fd elementor-section-boxed elementor-section-height-default elementor-section-height-default\" data-id=\"cca29fd\" data-element_type=\"section\">\n\t\t\t\t\t\t<div class=\"elementor-container elementor-column-gap-default\">\n\t\t\t\t\t\t<\/div>\n\t\t<\/section>\n\t\t\t\t\t<\/div>\n\t\t<\/div>\n\t\t\t\t\t<\/div>\n\t\t<\/section>\n\t\t\t\t<section class=\"elementor-section elementor-top-section elementor-element elementor-element-a6d4222 elementor-section-boxed elementor-section-height-default elementor-section-height-default\" data-id=\"a6d4222\" data-element_type=\"section\">\n\t\t\t\t\t\t<div class=\"elementor-container elementor-column-gap-default\">\n\t\t\t\t\t<div class=\"elementor-column elementor-col-100 elementor-top-column elementor-element elementor-element-ea27f09\" data-id=\"ea27f09\" data-element_type=\"column\">\n\t\t\t<div class=\"elementor-widget-wrap elementor-element-populated\">\n\t\t\t\t\t\t<section class=\"elementor-section elementor-inner-section elementor-element elementor-element-25c3156 elementor-section-boxed elementor-section-height-default elementor-section-height-default\" data-id=\"25c3156\" data-element_type=\"section\">\n\t\t\t\t\t\t<div class=\"elementor-container elementor-column-gap-default\">\n\t\t\t\t\t<div class=\"elementor-column elementor-col-100 elementor-inner-column elementor-element elementor-element-aac779c\" data-id=\"aac779c\" data-element_type=\"column\">\n\t\t\t<div class=\"elementor-widget-wrap elementor-element-populated\">\n\t\t\t\t\t\t<div class=\"elementor-element elementor-element-612550d elementor-widget elementor-widget-text-editor\" data-id=\"612550d\" data-element_type=\"widget\" data-widget_type=\"text-editor.default\">\n\t\t\t\t<div class=\"elementor-widget-container\">\n\t\t\t\t\t\t\t\t\t<p><span style=\"font-weight: 400;\"><a href=\"https:\/\/www.blackhistorymonth.org.uk\/\" target=\"_blank\" rel=\"noopener nofollow\">Black History Month 2026<\/a> ne se limite pas \u00e0 une comm\u00e9moration annuelle inscrite dans le calendrier culturel am\u00e9ricain. F\u00e9vrier 2026 marque un tournant historique majeur : le centenaire de ce qui allait devenir le Black History Month. Un si\u00e8cle plus t\u00f4t, en 1926, une initiative intellectuelle et militante posait les bases d\u2019un travail de fond destin\u00e9 \u00e0 corriger une absence criante : celle de l\u2019histoire des populations noires dans les r\u00e9cits officiels et les programmes \u00e9ducatifs.<\/span><\/p>\t\t\t\t\t\t\t\t<\/div>\n\t\t\t\t<\/div>\n\t\t\t\t<div class=\"elementor-element elementor-element-127af35 elementor-widget elementor-widget-text-editor\" data-id=\"127af35\" data-element_type=\"widget\" data-widget_type=\"text-editor.default\">\n\t\t\t\t<div class=\"elementor-widget-container\">\n\t\t\t\t\t\t\t\t\t<p><span style=\"font-weight: 400;\">En 2026, le Black History Month ne c\u00e9l\u00e8bre donc pas seulement une long\u00e9vit\u00e9 symbolique. Il invite \u00e0 interroger la mani\u00e8re dont les soci\u00e9t\u00e9s produisent, s\u00e9lectionnent et transmettent leurs m\u00e9moires, ainsi que les rapports de pouvoir qui d\u00e9terminent ce qui m\u00e9rite \u2014 ou non \u2014 d\u2019\u00eatre enseign\u00e9, reconnu et comm\u00e9mor\u00e9.<\/span><\/p>\t\t\t\t\t\t\t\t<\/div>\n\t\t\t\t<\/div>\n\t\t\t\t\t<\/div>\n\t\t<\/div>\n\t\t\t\t\t<\/div>\n\t\t<\/section>\n\t\t\t\t\t<\/div>\n\t\t<\/div>\n\t\t\t\t\t<\/div>\n\t\t<\/section>\n\t\t\t\t<section class=\"elementor-section elementor-top-section elementor-element elementor-element-e1fea79 elementor-section-boxed elementor-section-height-default elementor-section-height-default\" data-id=\"e1fea79\" data-element_type=\"section\">\n\t\t\t\t\t\t<div class=\"elementor-container elementor-column-gap-default\">\n\t\t\t\t\t<div class=\"elementor-column elementor-col-100 elementor-top-column elementor-element elementor-element-6d0be76\" data-id=\"6d0be76\" data-element_type=\"column\">\n\t\t\t<div class=\"elementor-widget-wrap elementor-element-populated\">\n\t\t\t\t\t\t<div class=\"elementor-element elementor-element-a310b25 elementor-widget elementor-widget-heading\" data-id=\"a310b25\" data-element_type=\"widget\" data-widget_type=\"heading.default\">\n\t\t\t\t<div class=\"elementor-widget-container\">\n\t\t\t\t\t<h2 class=\"elementor-heading-title elementor-size-default\">Origines du Black History Month : de la Negro History Week \u00e0 une reconnaissance nationale<\/h2>\t\t\t\t<\/div>\n\t\t\t\t<\/div>\n\t\t\t\t<div class=\"elementor-element elementor-element-bbb62ae elementor-widget elementor-widget-text-editor\" data-id=\"bbb62ae\" data-element_type=\"widget\" data-widget_type=\"text-editor.default\">\n\t\t\t\t<div class=\"elementor-widget-container\">\n\t\t\t\t\t\t\t\t\t<p><span style=\"font-weight: 400;\">L\u2019histoire du <a href=\"https:\/\/richeskarayib.com\/fr\/black-history-month-lien-puissant-article-rk\/\" target=\"_blank\" rel=\"noopener\">Black History Month<\/a> commence officiellement en 1926 avec la cr\u00e9ation de la <\/span><b>Negro History Week<\/b><span style=\"font-weight: 400;\">, \u00e0 l\u2019initiative de chercheurs afro-am\u00e9ricains r\u00e9unis au sein de l\u2019Association for the Study of Negro Life and History. \u00c0 une \u00e9poque o\u00f9 l\u2019histoire noire est largement absente des manuels scolaires et des universit\u00e9s, cette d\u00e9marche vise \u00e0 produire un savoir rigoureux, document\u00e9 et transmissible sur les contributions des populations d\u2019origine africaine aux \u00c9tats-Unis.<\/span><\/p>\t\t\t\t\t\t\t\t<\/div>\n\t\t\t\t<\/div>\n\t\t\t\t<div class=\"elementor-element elementor-element-47eac82 elementor-widget elementor-widget-text-editor\" data-id=\"47eac82\" data-element_type=\"widget\" data-widget_type=\"text-editor.default\">\n\t\t\t\t<div class=\"elementor-widget-container\">\n\t\t\t\t\t\t\t\t\t<p><span style=\"font-weight: 400;\">D\u00e8s l\u2019origine, l\u2019enjeu d\u00e9passe la simple reconnaissance symbolique. Il s\u2019agit d\u2019un travail de r\u00e9\u00e9quilibrage du r\u00e9cit historique, fond\u00e9 sur la recherche, l\u2019archivage et la diffusion p\u00e9dagogique. La Negro History Week devient progressivement un espace de contestation des r\u00e9cits dominants, en mettant en lumi\u00e8re des trajectoires, des luttes et des cr\u00e9ations longtemps rel\u00e9gu\u00e9es \u00e0 la marge.<\/span><\/p>\t\t\t\t\t\t\t\t<\/div>\n\t\t\t\t<\/div>\n\t\t\t\t<section class=\"elementor-section elementor-inner-section elementor-element elementor-element-871a003 elementor-section-boxed elementor-section-height-default elementor-section-height-default\" data-id=\"871a003\" data-element_type=\"section\">\n\t\t\t\t\t\t<div class=\"elementor-container elementor-column-gap-default\">\n\t\t\t\t\t<div class=\"elementor-column elementor-col-100 elementor-inner-column elementor-element elementor-element-3099d1b\" data-id=\"3099d1b\" data-element_type=\"column\">\n\t\t\t<div class=\"elementor-widget-wrap elementor-element-populated\">\n\t\t\t\t\t\t<div class=\"elementor-element elementor-element-c2bef34 elementor-widget elementor-widget-image\" data-id=\"c2bef34\" data-element_type=\"widget\" data-widget_type=\"image.default\">\n\t\t\t\t<div class=\"elementor-widget-container\">\n\t\t\t\t\t\t\t\t\t\t\t\t<figure class=\"wp-caption\">\n\t\t\t\t\t\t\t\t\t\t<img fetchpriority=\"high\" decoding=\"async\" width=\"418\" height=\"586\" src=\"https:\/\/richeskarayib.com\/wp-content\/uploads\/2026\/02\/\u2018Negro-Week-Program-Set-Scrantonian-Tribune-Scranton-PA-page-4-Feb.-14-1954.webp\" class=\"attachment-large size-large wp-image-68977\" alt=\"Black History Month 2026\" srcset=\"https:\/\/richeskarayib.com\/wp-content\/uploads\/2026\/02\/\u2018Negro-Week-Program-Set-Scrantonian-Tribune-Scranton-PA-page-4-Feb.-14-1954.webp 418w, https:\/\/richeskarayib.com\/wp-content\/uploads\/2026\/02\/\u2018Negro-Week-Program-Set-Scrantonian-Tribune-Scranton-PA-page-4-Feb.-14-1954-214x300.webp 214w\" sizes=\"(max-width: 418px) 100vw, 418px\" \/>\t\t\t\t\t\t\t\t\t\t\t<figcaption class=\"widget-image-caption wp-caption-text\">\u201c\u2018Negro Week\u2019 Program Set\u201d -Scrantonian Tribune, Scranton PA, page 4, Feb. 14, 1954.<\/figcaption>\n\t\t\t\t\t\t\t\t\t\t<\/figure>\n\t\t\t\t\t\t\t\t\t<\/div>\n\t\t\t\t<\/div>\n\t\t\t\t\t<\/div>\n\t\t<\/div>\n\t\t\t\t\t<\/div>\n\t\t<\/section>\n\t\t\t\t\t<\/div>\n\t\t<\/div>\n\t\t\t\t\t<\/div>\n\t\t<\/section>\n\t\t\t\t<section class=\"elementor-section elementor-top-section elementor-element elementor-element-ee72354 elementor-section-boxed elementor-section-height-default elementor-section-height-default\" data-id=\"ee72354\" data-element_type=\"section\">\n\t\t\t\t\t\t<div class=\"elementor-container elementor-column-gap-default\">\n\t\t\t\t\t<div class=\"elementor-column elementor-col-100 elementor-top-column elementor-element elementor-element-c59d6fe\" data-id=\"c59d6fe\" data-element_type=\"column\">\n\t\t\t<div class=\"elementor-widget-wrap elementor-element-populated\">\n\t\t\t\t\t\t<section class=\"elementor-section elementor-inner-section elementor-element elementor-element-c5c11f7 elementor-section-boxed elementor-section-height-default elementor-section-height-default\" data-id=\"c5c11f7\" data-element_type=\"section\">\n\t\t\t\t\t\t<div class=\"elementor-container elementor-column-gap-default\">\n\t\t\t\t\t<div class=\"elementor-column elementor-col-100 elementor-inner-column elementor-element elementor-element-dc47e06\" data-id=\"dc47e06\" data-element_type=\"column\">\n\t\t\t<div class=\"elementor-widget-wrap elementor-element-populated\">\n\t\t\t\t\t\t<div class=\"elementor-element elementor-element-ddc6a1e elementor-widget elementor-widget-heading\" data-id=\"ddc6a1e\" data-element_type=\"widget\" data-widget_type=\"heading.default\">\n\t\t\t\t<div class=\"elementor-widget-container\">\n\t\t\t\t\t<h2 class=\"elementor-heading-title elementor-size-default\">2026, une ann\u00e9e charni\u00e8re : le centenaire du Black History Month<\/h2>\t\t\t\t<\/div>\n\t\t\t\t<\/div>\n\t\t\t\t<div class=\"elementor-element elementor-element-e57451f elementor-widget elementor-widget-text-editor\" data-id=\"e57451f\" data-element_type=\"widget\" data-widget_type=\"text-editor.default\">\n\t\t\t\t<div class=\"elementor-widget-container\">\n\t\t\t\t\t\t\t\t\t<p><span style=\"font-weight: 400;\">Un si\u00e8cle apr\u00e8s cette premi\u00e8re initiative, le Black History Month 2026 s\u2019inscrit dans une dynamique de relecture historique. La transformation d\u2019une semaine de comm\u00e9moration en un mois officiellement reconnu, au milieu des ann\u00e9es 1970, marque une \u00e9tape importante, mais non d\u00e9finitive, dans la reconnaissance institutionnelle de l\u2019histoire noire.<\/span><\/p>\t\t\t\t\t\t\t\t<\/div>\n\t\t\t\t<\/div>\n\t\t\t\t<div class=\"elementor-element elementor-element-1c666d1 elementor-widget elementor-widget-text-editor\" data-id=\"1c666d1\" data-element_type=\"widget\" data-widget_type=\"text-editor.default\">\n\t\t\t\t<div class=\"elementor-widget-container\">\n\t\t\t\t\t\t\t\t\t<p><span style=\"font-weight: 400;\">Le th\u00e8me retenu pour cette \u00e9dition, <\/span><b>\u00ab A Century of Black History Commemorations \u00bb<\/b><span style=\"font-weight: 400;\">, incite \u00e0 porter un regard critique sur le chemin parcouru. Il ne s\u2019agit pas seulement de mesurer les progr\u00e8s accomplis, mais d\u2019analyser les dynamiques profondes r\u00e9v\u00e9l\u00e9es par un si\u00e8cle de comm\u00e9morations : tensions entre institutions et communaut\u00e9s, enjeux de transmission \u00e9ducative, luttes pour la l\u00e9gitimit\u00e9 historique.<\/span><\/p>\t\t\t\t\t\t\t\t<\/div>\n\t\t\t\t<\/div>\n\t\t\t\t<div class=\"elementor-element elementor-element-5f68b39 elementor-widget elementor-widget-image\" data-id=\"5f68b39\" data-element_type=\"widget\" data-widget_type=\"image.default\">\n\t\t\t\t<div class=\"elementor-widget-container\">\n\t\t\t\t\t\t\t\t\t\t\t\t\t\t\t<img decoding=\"async\" width=\"800\" height=\"534\" src=\"https:\/\/richeskarayib.com\/wp-content\/uploads\/2026\/02\/ChatGPT-Image-3-fevr.-2026-13_57_02-1024x683.png\" class=\"attachment-large size-large wp-image-68981\" alt=\"Black History Month 2026\" srcset=\"https:\/\/richeskarayib.com\/wp-content\/uploads\/2026\/02\/ChatGPT-Image-3-fevr.-2026-13_57_02-1024x683.png 1024w, https:\/\/richeskarayib.com\/wp-content\/uploads\/2026\/02\/ChatGPT-Image-3-fevr.-2026-13_57_02-300x200.png 300w, https:\/\/richeskarayib.com\/wp-content\/uploads\/2026\/02\/ChatGPT-Image-3-fevr.-2026-13_57_02-768x512.png 768w, https:\/\/richeskarayib.com\/wp-content\/uploads\/2026\/02\/ChatGPT-Image-3-fevr.-2026-13_57_02-1320x880.png 1320w, https:\/\/richeskarayib.com\/wp-content\/uploads\/2026\/02\/ChatGPT-Image-3-fevr.-2026-13_57_02.png 1536w\" sizes=\"(max-width: 800px) 100vw, 800px\" \/>\t\t\t\t\t\t\t\t\t\t\t\t\t\t\t<\/div>\n\t\t\t\t<\/div>\n\t\t\t\t\t<\/div>\n\t\t<\/div>\n\t\t\t\t\t<\/div>\n\t\t<\/section>\n\t\t\t\t\t<\/div>\n\t\t<\/div>\n\t\t\t\t\t<\/div>\n\t\t<\/section>\n\t\t\t\t<section class=\"elementor-section elementor-top-section elementor-element elementor-element-82cd8f9 elementor-section-boxed elementor-section-height-default elementor-section-height-default\" data-id=\"82cd8f9\" data-element_type=\"section\">\n\t\t\t\t\t\t<div class=\"elementor-container elementor-column-gap-default\">\n\t\t\t\t\t<div class=\"elementor-column elementor-col-100 elementor-top-column elementor-element elementor-element-0bfdc38\" data-id=\"0bfdc38\" data-element_type=\"column\">\n\t\t\t<div class=\"elementor-widget-wrap elementor-element-populated\">\n\t\t\t\t\t\t<div class=\"elementor-element elementor-element-7d292fe elementor-widget elementor-widget-heading\" data-id=\"7d292fe\" data-element_type=\"widget\" data-widget_type=\"heading.default\">\n\t\t\t\t<div class=\"elementor-widget-container\">\n\t\t\t\t\t<h2 class=\"elementor-heading-title elementor-size-default\">Miami, carrefour afro-am\u00e9ricain et afro-carib\u00e9en du Black History Month 2026<\/h2>\t\t\t\t<\/div>\n\t\t\t\t<\/div>\n\t\t\t\t<section class=\"elementor-section elementor-inner-section elementor-element elementor-element-6e6c94c elementor-section-boxed elementor-section-height-default elementor-section-height-default\" data-id=\"6e6c94c\" data-element_type=\"section\">\n\t\t\t\t\t\t<div class=\"elementor-container elementor-column-gap-default\">\n\t\t\t\t\t<div class=\"elementor-column elementor-col-100 elementor-inner-column elementor-element elementor-element-4bdaa26\" data-id=\"4bdaa26\" data-element_type=\"column\">\n\t\t\t<div class=\"elementor-widget-wrap elementor-element-populated\">\n\t\t\t\t\t\t<div class=\"elementor-element elementor-element-2d1517d elementor-widget elementor-widget-text-editor\" data-id=\"2d1517d\" data-element_type=\"widget\" data-widget_type=\"text-editor.default\">\n\t\t\t\t<div class=\"elementor-widget-container\">\n\t\t\t\t\t\t\t\t\t<p><span style=\"font-weight: 400;\">Dans ce contexte, Miami occupe une place singuli\u00e8re dans les c\u00e9l\u00e9brations du Black History Month 2026. Ville-carrefour entre l\u2019Am\u00e9rique du Nord, la Cara\u00efbe et l\u2019Am\u00e9rique latine, Miami incarne une m\u00e9moire noire transatlantique, fa\u00e7onn\u00e9e par les migrations, les exils et les circulations culturelles.<\/span><\/p>\t\t\t\t\t\t\t\t<\/div>\n\t\t\t\t<\/div>\n\t\t\t\t<div class=\"elementor-element elementor-element-2b81e83 elementor-widget elementor-widget-text-editor\" data-id=\"2b81e83\" data-element_type=\"widget\" data-widget_type=\"text-editor.default\">\n\t\t\t\t<div class=\"elementor-widget-container\">\n\t\t\t\t\t\t\t\t\t<p><span style=\"font-weight: 400;\">La programmation port\u00e9e par les institutions locales et communautaires refl\u00e8te cette pluralit\u00e9. Elle articule h\u00e9ritage afro-am\u00e9ricain et h\u00e9ritages afro-carib\u00e9ens, soulignant la continuit\u00e9 historique entre les \u00c9tats-Unis et la Cara\u00efbe. \u00c0 Miami, le Black History Month ne se limite pas \u00e0 un hommage au pass\u00e9 ; il devient un espace vivant de dialogue diasporique.<\/span><\/p>\t\t\t\t\t\t\t\t<\/div>\n\t\t\t\t<\/div>\n\t\t\t\t\t<\/div>\n\t\t<\/div>\n\t\t\t\t\t<\/div>\n\t\t<\/section>\n\t\t\t\t<section class=\"elementor-section elementor-inner-section elementor-element elementor-element-c582330 elementor-section-boxed elementor-section-height-default elementor-section-height-default\" data-id=\"c582330\" data-element_type=\"section\">\n\t\t\t\t\t\t<div class=\"elementor-container elementor-column-gap-default\">\n\t\t\t\t\t\t<\/div>\n\t\t<\/section>\n\t\t\t\t<section class=\"elementor-section elementor-inner-section elementor-element elementor-element-296603a elementor-section-boxed elementor-section-height-default elementor-section-height-default\" data-id=\"296603a\" data-element_type=\"section\">\n\t\t\t\t\t\t<div class=\"elementor-container elementor-column-gap-default\">\n\t\t\t\t\t\t<\/div>\n\t\t<\/section>\n\t\t\t\t\t<\/div>\n\t\t<\/div>\n\t\t\t\t\t<\/div>\n\t\t<\/section>\n\t\t\t\t<section class=\"elementor-section elementor-top-section elementor-element elementor-element-5a7397d elementor-section-boxed elementor-section-height-default elementor-section-height-default\" data-id=\"5a7397d\" data-element_type=\"section\">\n\t\t\t\t\t\t<div class=\"elementor-container elementor-column-gap-default\">\n\t\t\t\t\t<div class=\"elementor-column elementor-col-100 elementor-top-column elementor-element elementor-element-8b33b4b\" data-id=\"8b33b4b\" data-element_type=\"column\">\n\t\t\t<div class=\"elementor-widget-wrap elementor-element-populated\">\n\t\t\t\t\t\t<div class=\"elementor-element elementor-element-89dac4b elementor-widget elementor-widget-heading\" data-id=\"89dac4b\" data-element_type=\"widget\" data-widget_type=\"heading.default\">\n\t\t\t\t<div class=\"elementor-widget-container\">\n\t\t\t\t\t<h2 class=\"elementor-heading-title elementor-size-default\">Programme Black History Month 2026 \u00e0 Miami: principaux temps forts<\/h2>\t\t\t\t<\/div>\n\t\t\t\t<\/div>\n\t\t\t\t<section class=\"elementor-section elementor-inner-section elementor-element elementor-element-274c98e elementor-section-boxed elementor-section-height-default elementor-section-height-default\" data-id=\"274c98e\" data-element_type=\"section\">\n\t\t\t\t\t\t<div class=\"elementor-container elementor-column-gap-default\">\n\t\t\t\t\t<div class=\"elementor-column elementor-col-100 elementor-inner-column elementor-element elementor-element-cf3c01a\" data-id=\"cf3c01a\" data-element_type=\"column\">\n\t\t\t<div class=\"elementor-widget-wrap elementor-element-populated\">\n\t\t\t\t\t\t<div class=\"elementor-element elementor-element-819dd2d elementor-widget elementor-widget-text-editor\" data-id=\"819dd2d\" data-element_type=\"widget\" data-widget_type=\"text-editor.default\">\n\t\t\t\t<div class=\"elementor-widget-container\">\n\t\t\t\t\t\t\t\t\t<h3><b>C\u00e9r\u00e9monies et temps de m\u00e9moire<\/b><\/h3><ul><li style=\"font-weight: 400;\" aria-level=\"1\"><b>&#8211; 1er f\u00e9vrier<\/b><span style=\"font-weight: 400;\"> \u2013 Trayvon Martin Remembrance Gala<\/span><\/li><li style=\"font-weight: 400;\" aria-level=\"1\"><b>&#8211; 2 f\u00e9vrier<\/b><span style=\"font-weight: 400;\"> \u2013 Exposition Dr. Martin Luther King, Jr. and Pieces of Black History<\/span><\/li><li style=\"font-weight: 400;\" aria-level=\"1\"><b style=\"font-family: -apple-system, BlinkMacSystemFont, 'Segoe UI', Roboto, 'Helvetica Neue', Arial, 'Noto Sans', sans-serif, 'Apple Color Emoji', 'Segoe UI Emoji', 'Segoe UI Symbol', 'Noto Color Emoji';\">&#8211; 3 f\u00e9vrier<\/b><span style=\"font-weight: 400;\"> \u2013 HistoryMiami Icon Awards<\/span><\/li><\/ul>\t\t\t\t\t\t\t\t<\/div>\n\t\t\t\t<\/div>\n\t\t\t\t<div class=\"elementor-element elementor-element-448af0c elementor-widget elementor-widget-text-editor\" data-id=\"448af0c\" data-element_type=\"widget\" data-widget_type=\"text-editor.default\">\n\t\t\t\t<div class=\"elementor-widget-container\">\n\t\t\t\t\t\t\t\t\t<h3><b>&#8211; Lancements institutionnels et \u00e9v\u00e9nements publics<\/b><\/h3><ul><li style=\"font-weight: 400;\" aria-level=\"1\"><b>&#8211; 6 f\u00e9vrier<\/b><span style=\"font-weight: 400;\"> \u2013 Black History Month Kickoff and Exhibit (Miami-Dade County)<\/span><\/li><li style=\"font-weight: 400;\" aria-level=\"1\"><b style=\"font-family: -apple-system, BlinkMacSystemFont, 'Segoe UI', Roboto, 'Helvetica Neue', Arial, 'Noto Sans', sans-serif, 'Apple Color Emoji', 'Segoe UI Emoji', 'Segoe UI Symbol', 'Noto Color Emoji';\">&#8211; 20 f\u00e9vrier<\/b><span style=\"font-weight: 400;\"> \u2013 Black History Month Food Truck &amp; Vendor Fair<\/span><\/li><\/ul>\t\t\t\t\t\t\t\t<\/div>\n\t\t\t\t<\/div>\n\t\t\t\t<div class=\"elementor-element elementor-element-dfac2b9 elementor-widget elementor-widget-text-editor\" data-id=\"dfac2b9\" data-element_type=\"widget\" data-widget_type=\"text-editor.default\">\n\t\t\t\t<div class=\"elementor-widget-container\">\n\t\t\t\t\t\t\t\t\t<h3><b>Musique, jazz, gospel et cr\u00e9ations sc\u00e9niques<\/b><\/h3><ul><li style=\"font-weight: 400;\" aria-level=\"1\"><span style=\"font-weight: 400;\">&#8211; Concerts et performances tout au long du mois \u00e0 l\u2019Adrienne Arsht Center, au New World Center et \u00e0 l\u2019African Heritage Cultural Arts Center<\/span><\/li><li style=\"font-weight: 400;\" aria-level=\"1\"><span style=\"font-weight: 400;\">&#8211; Temps forts autour du jazz, des spirituals et du gospel, avec notamment des cr\u00e9ations d\u00e9di\u00e9es \u00e0 Malcolm X, Langston Hughes et Margaret Bonds<\/span><\/li><li style=\"font-weight: 400;\" aria-level=\"1\"><span style=\"font-weight: 400;\">&#8211; Programmation symphonique et vocale m\u00ealant h\u00e9ritage afro-am\u00e9ricain et expressions contemporaines<\/span><\/li><\/ul>\t\t\t\t\t\t\t\t<\/div>\n\t\t\t\t<\/div>\n\t\t\t\t<div class=\"elementor-element elementor-element-3199b29 elementor-widget elementor-widget-text-editor\" data-id=\"3199b29\" data-element_type=\"widget\" data-widget_type=\"text-editor.default\">\n\t\t\t\t<div class=\"elementor-widget-container\">\n\t\t\t\t\t\t\t\t\t<h3><b>Festivals, gastronomie et culture diasporique<\/b><\/h3><ul><li style=\"font-weight: 400;\" aria-level=\"1\"><b>&#8211; Heritage Fest<\/b><span style=\"font-weight: 400;\"> (7 f\u00e9vrier)<\/span><\/li><li style=\"font-weight: 400;\" aria-level=\"1\"><span style=\"font-weight: 400;\">&#8211; \u00c9v\u00e9nements culinaires int\u00e9gr\u00e9s au South Beach Wine &amp; Food Festival, avec une mise en avant explicite des <\/span><b>cultures afro-carib\u00e9ennes<\/b><\/li><li style=\"font-weight: 400;\" aria-level=\"1\"><span style=\"font-weight: 400;\">&#8211; Brunchs culturels et rencontres communautaires dans les quartiers historiques de Miami<\/span><\/li><\/ul>\t\t\t\t\t\t\t\t<\/div>\n\t\t\t\t<\/div>\n\t\t\t\t<div class=\"elementor-element elementor-element-2809f79 elementor-widget elementor-widget-text-editor\" data-id=\"2809f79\" data-element_type=\"widget\" data-widget_type=\"text-editor.default\">\n\t\t\t\t<div class=\"elementor-widget-container\">\n\t\t\t\t\t\t\t\t\t<h3><b>Expositions et \u00e9v\u00e9nements sur tout le mois de f\u00e9vrier<\/b><\/h3><ul><li style=\"font-weight: 400;\" aria-level=\"1\"><span style=\"font-weight: 400;\">&#8211; Expositions artistiques au Historic Hampton House, au P\u00e9rez Art Museum Miami et dans le r\u00e9seau des biblioth\u00e8ques publiques<\/span><\/li><li style=\"font-weight: 400;\" aria-level=\"1\"><span style=\"font-weight: 400;\">&#8211; Parcours patrimoniaux et Black History Bus Tours consacr\u00e9s aux quartiers noirs historiques<\/span><\/li><li style=\"font-weight: 400;\" aria-level=\"1\"><span style=\"font-weight: 400;\">&#8211; Projections, performances et actions \u00e9ducatives r\u00e9parties sur l\u2019ensemble du mois<\/span><\/li><\/ul>\t\t\t\t\t\t\t\t<\/div>\n\t\t\t\t<\/div>\n\t\t\t\t<div class=\"elementor-element elementor-element-40fe610 elementor-widget elementor-widget-image\" data-id=\"40fe610\" data-element_type=\"widget\" data-widget_type=\"image.default\">\n\t\t\t\t<div class=\"elementor-widget-container\">\n\t\t\t\t\t\t\t\t\t\t\t\t\t\t\t<img decoding=\"async\" width=\"800\" height=\"534\" src=\"https:\/\/richeskarayib.com\/wp-content\/uploads\/2026\/02\/ChatGPT-Image-3-fevr.-2026-13_56_15-1024x683.png\" class=\"attachment-large size-large wp-image-68985\" alt=\"Black History Month 2026\" srcset=\"https:\/\/richeskarayib.com\/wp-content\/uploads\/2026\/02\/ChatGPT-Image-3-fevr.-2026-13_56_15-1024x683.png 1024w, https:\/\/richeskarayib.com\/wp-content\/uploads\/2026\/02\/ChatGPT-Image-3-fevr.-2026-13_56_15-300x200.png 300w, https:\/\/richeskarayib.com\/wp-content\/uploads\/2026\/02\/ChatGPT-Image-3-fevr.-2026-13_56_15-768x512.png 768w, https:\/\/richeskarayib.com\/wp-content\/uploads\/2026\/02\/ChatGPT-Image-3-fevr.-2026-13_56_15-1320x880.png 1320w, https:\/\/richeskarayib.com\/wp-content\/uploads\/2026\/02\/ChatGPT-Image-3-fevr.-2026-13_56_15.png 1536w\" sizes=\"(max-width: 800px) 100vw, 800px\" \/>\t\t\t\t\t\t\t\t\t\t\t\t\t\t\t<\/div>\n\t\t\t\t<\/div>\n\t\t\t\t\t<\/div>\n\t\t<\/div>\n\t\t\t\t\t<\/div>\n\t\t<\/section>\n\t\t\t\t\t<\/div>\n\t\t<\/div>\n\t\t\t\t\t<\/div>\n\t\t<\/section>\n\t\t\t\t<section class=\"elementor-section elementor-top-section elementor-element elementor-element-2e53817 elementor-section-boxed elementor-section-height-default elementor-section-height-default\" data-id=\"2e53817\" data-element_type=\"section\">\n\t\t\t\t\t\t<div class=\"elementor-container elementor-column-gap-default\">\n\t\t\t\t\t<div class=\"elementor-column elementor-col-100 elementor-top-column elementor-element elementor-element-42ddf8e\" data-id=\"42ddf8e\" data-element_type=\"column\">\n\t\t\t<div class=\"elementor-widget-wrap elementor-element-populated\">\n\t\t\t\t\t\t<div class=\"elementor-element elementor-element-6fc31c4 elementor-widget elementor-widget-heading\" data-id=\"6fc31c4\" data-element_type=\"widget\" data-widget_type=\"heading.default\">\n\t\t\t\t<div class=\"elementor-widget-container\">\n\t\t\t\t\t<h2 class=\"elementor-heading-title elementor-size-default\">Arts, musiques et patrimoines noirs : transmettre une histoire vivante<\/h2>\t\t\t\t<\/div>\n\t\t\t\t<\/div>\n\t\t\t\t<section class=\"elementor-section elementor-inner-section elementor-element elementor-element-a7ea310 elementor-section-boxed elementor-section-height-default elementor-section-height-default\" data-id=\"a7ea310\" data-element_type=\"section\">\n\t\t\t\t\t\t<div class=\"elementor-container elementor-column-gap-default\">\n\t\t\t\t\t<div class=\"elementor-column elementor-col-100 elementor-inner-column elementor-element elementor-element-ac508cd\" data-id=\"ac508cd\" data-element_type=\"column\">\n\t\t\t<div class=\"elementor-widget-wrap elementor-element-populated\">\n\t\t\t\t\t\t<div class=\"elementor-element elementor-element-3bba566 elementor-widget elementor-widget-text-editor\" data-id=\"3bba566\" data-element_type=\"widget\" data-widget_type=\"text-editor.default\">\n\t\t\t\t<div class=\"elementor-widget-container\">\n\t\t\t\t\t\t\t\t\t<h3><b>Musiques noires et m\u00e9moire collective<\/b><\/h3><p><span style=\"font-weight: 400;\">La musique occupe une place centrale dans le Black History Month 2026. Jazz, gospel, spirituals et cr\u00e9ations contemporaines racontent une histoire sonore noire qui traverse les si\u00e8cles. Ces formes musicales t\u00e9moignent des r\u00e9sistances, des adaptations et des transmissions culturelles issues des mondes africains et carib\u00e9ens, transform\u00e9es dans le contexte am\u00e9ricain.<\/span><\/p><p><span style=\"font-weight: 400;\">\u00c0 travers concerts et performances, la musique devient un <\/span><b>outil de m\u00e9moire<\/b><span style=\"font-weight: 400;\">, capable de relier l\u2019histoire de l\u2019esclavage aux expressions artistiques contemporaines.<\/span><\/p>\t\t\t\t\t\t\t\t<\/div>\n\t\t\t\t<\/div>\n\t\t\t\t<div class=\"elementor-element elementor-element-a8ee581 elementor-widget elementor-widget-text-editor\" data-id=\"a8ee581\" data-element_type=\"widget\" data-widget_type=\"text-editor.default\">\n\t\t\t\t<div class=\"elementor-widget-container\">\n\t\t\t\t\t\t\t\t\t<h3><b>Arts visuels, expositions et r\u00e9cits urbains<\/b><\/h3><p><span style=\"font-weight: 400;\">Les expositions et projets patrimoniaux pr\u00e9sent\u00e9s durant le Black History Month 2026 participent \u00e0 une relecture critique de l\u2019histoire urbaine et sociale. Ils mettent en lumi\u00e8re des r\u00e9cits longtemps invisibilis\u00e9s, ancr\u00e9s dans les quartiers, les pratiques culturelles et les trajectoires individuelles des communaut\u00e9s noires.<\/span><\/p>\t\t\t\t\t\t\t\t<\/div>\n\t\t\t\t<\/div>\n\t\t\t\t\t<\/div>\n\t\t<\/div>\n\t\t\t\t\t<\/div>\n\t\t<\/section>\n\t\t\t\t\t<\/div>\n\t\t<\/div>\n\t\t\t\t\t<\/div>\n\t\t<\/section>\n\t\t\t\t<section class=\"elementor-section elementor-top-section elementor-element elementor-element-608248e elementor-section-boxed elementor-section-height-default elementor-section-height-default\" data-id=\"608248e\" data-element_type=\"section\">\n\t\t\t\t\t\t<div class=\"elementor-container elementor-column-gap-default\">\n\t\t\t\t\t<div class=\"elementor-column elementor-col-100 elementor-top-column elementor-element elementor-element-fc22998\" data-id=\"fc22998\" data-element_type=\"column\">\n\t\t\t<div class=\"elementor-widget-wrap elementor-element-populated\">\n\t\t\t\t\t\t<div class=\"elementor-element elementor-element-f4de714 elementor-widget elementor-widget-heading\" data-id=\"f4de714\" data-element_type=\"widget\" data-widget_type=\"heading.default\">\n\t\t\t\t<div class=\"elementor-widget-container\">\n\t\t\t\t\t<h2 class=\"elementor-heading-title elementor-size-default\">Gastronomie afro-am\u00e9ricaine et afro-carib\u00e9enne : une histoire culturelle incarn\u00e9e<\/h2>\t\t\t\t<\/div>\n\t\t\t\t<\/div>\n\t\t\t\t<section class=\"elementor-section elementor-inner-section elementor-element elementor-element-68988f1 elementor-section-boxed elementor-section-height-default elementor-section-height-default\" data-id=\"68988f1\" data-element_type=\"section\">\n\t\t\t\t\t\t<div class=\"elementor-container elementor-column-gap-default\">\n\t\t\t\t\t<div class=\"elementor-column elementor-col-100 elementor-inner-column elementor-element elementor-element-09500f3\" data-id=\"09500f3\" data-element_type=\"column\">\n\t\t\t<div class=\"elementor-widget-wrap elementor-element-populated\">\n\t\t\t\t\t\t<div class=\"elementor-element elementor-element-165414f elementor-widget elementor-widget-text-editor\" data-id=\"165414f\" data-element_type=\"widget\" data-widget_type=\"text-editor.default\">\n\t\t\t\t<div class=\"elementor-widget-container\">\n\t\t\t\t\t\t\t\t\t<p><span style=\"font-weight: 400;\">La gastronomie constitue un autre vecteur essentiel de transmission. Les cuisines afro-am\u00e9ricaines et afro-carib\u00e9ennes racontent une histoire faite de contraintes, d\u2019inventivit\u00e9 et de r\u00e9silience. Issues de contextes marqu\u00e9s par l\u2019esclavage et la migration, elles se sont impos\u00e9es comme des patrimoines culturels \u00e0 part enti\u00e8re.<\/span><\/p><p><span style=\"font-weight: 400;\">Dans le cadre du Black History Month 2026, la mise en valeur de ces traditions culinaires souligne les circulations historiques entre la Cara\u00efbe et les \u00c9tats-Unis, ainsi que la reconnaissance contemporaine de ces h\u00e9ritages.<\/span><\/p>\t\t\t\t\t\t\t\t<\/div>\n\t\t\t\t<\/div>\n\t\t\t\t\t<\/div>\n\t\t<\/div>\n\t\t\t\t\t<\/div>\n\t\t<\/section>\n\t\t\t\t\t<\/div>\n\t\t<\/div>\n\t\t\t\t\t<\/div>\n\t\t<\/section>\n\t\t\t\t<section class=\"elementor-section elementor-top-section elementor-element elementor-element-8aad9d4 elementor-section-boxed elementor-section-height-default elementor-section-height-default\" data-id=\"8aad9d4\" data-element_type=\"section\">\n\t\t\t\t\t\t<div class=\"elementor-container elementor-column-gap-default\">\n\t\t\t\t\t<div class=\"elementor-column elementor-col-100 elementor-top-column elementor-element elementor-element-165bce0\" data-id=\"165bce0\" data-element_type=\"column\">\n\t\t\t<div class=\"elementor-widget-wrap elementor-element-populated\">\n\t\t\t\t\t\t<div class=\"elementor-element elementor-element-7227cc6 elementor-widget elementor-widget-heading\" data-id=\"7227cc6\" data-element_type=\"widget\" data-widget_type=\"heading.default\">\n\t\t\t\t<div class=\"elementor-widget-container\">\n\t\t\t\t\t<h2 class=\"elementor-heading-title elementor-size-default\">La Cara\u00efbe, dimension essentielle du Black History Month 2026<\/h2>\t\t\t\t<\/div>\n\t\t\t\t<\/div>\n\t\t\t\t<section class=\"elementor-section elementor-inner-section elementor-element elementor-element-b5a51ad elementor-section-boxed elementor-section-height-default elementor-section-height-default\" data-id=\"b5a51ad\" data-element_type=\"section\">\n\t\t\t\t\t\t<div class=\"elementor-container elementor-column-gap-default\">\n\t\t\t\t\t<div class=\"elementor-column elementor-col-100 elementor-inner-column elementor-element elementor-element-d4bc48e\" data-id=\"d4bc48e\" data-element_type=\"column\">\n\t\t\t<div class=\"elementor-widget-wrap elementor-element-populated\">\n\t\t\t\t\t\t<div class=\"elementor-element elementor-element-d410606 elementor-widget elementor-widget-text-editor\" data-id=\"d410606\" data-element_type=\"widget\" data-widget_type=\"text-editor.default\">\n\t\t\t\t<div class=\"elementor-widget-container\">\n\t\t\t\t\t\t\t\t\t<p><span style=\"font-weight: 400;\">M\u00eame lorsque la Cara\u00efbe n\u2019est pas explicitement nomm\u00e9e, elle demeure omnipr\u00e9sente dans le Black History Month 2026. Les migrations carib\u00e9ennes ont profond\u00e9ment fa\u00e7onn\u00e9 les cultures noires am\u00e9ricaines, influen\u00e7ant musiques, pratiques religieuses, cuisines et mouvements intellectuels.<\/span><\/p><p><span style=\"font-weight: 400;\">Miami illustre cette continuit\u00e9 historique, o\u00f9 les r\u00e9cits afro-carib\u00e9ens et afro-am\u00e9ricains se croisent et se r\u00e9pondent. La Cara\u00efbe appara\u00eet ainsi non comme un simple arri\u00e8re-plan, mais comme une composante structurelle de l\u2019histoire noire des \u00c9tats-Unis.<\/span><\/p>\t\t\t\t\t\t\t\t<\/div>\n\t\t\t\t<\/div>\n\t\t\t\t<div class=\"elementor-element elementor-element-cff8919 elementor-widget elementor-widget-image\" data-id=\"cff8919\" data-element_type=\"widget\" data-widget_type=\"image.default\">\n\t\t\t\t<div class=\"elementor-widget-container\">\n\t\t\t\t\t\t\t\t\t\t\t\t\t\t\t<img loading=\"lazy\" decoding=\"async\" width=\"800\" height=\"534\" src=\"https:\/\/richeskarayib.com\/wp-content\/uploads\/2026\/02\/ChatGPT-Image-3-fevr.-2026-13_56_26-1024x683.png\" class=\"attachment-large size-large wp-image-68989\" alt=\"Black History Month 2026\" srcset=\"https:\/\/richeskarayib.com\/wp-content\/uploads\/2026\/02\/ChatGPT-Image-3-fevr.-2026-13_56_26-1024x683.png 1024w, https:\/\/richeskarayib.com\/wp-content\/uploads\/2026\/02\/ChatGPT-Image-3-fevr.-2026-13_56_26-300x200.png 300w, https:\/\/richeskarayib.com\/wp-content\/uploads\/2026\/02\/ChatGPT-Image-3-fevr.-2026-13_56_26-768x512.png 768w, https:\/\/richeskarayib.com\/wp-content\/uploads\/2026\/02\/ChatGPT-Image-3-fevr.-2026-13_56_26-1320x880.png 1320w, https:\/\/richeskarayib.com\/wp-content\/uploads\/2026\/02\/ChatGPT-Image-3-fevr.-2026-13_56_26.png 1536w\" sizes=\"(max-width: 800px) 100vw, 800px\" \/>\t\t\t\t\t\t\t\t\t\t\t\t\t\t\t<\/div>\n\t\t\t\t<\/div>\n\t\t\t\t\t<\/div>\n\t\t<\/div>\n\t\t\t\t\t<\/div>\n\t\t<\/section>\n\t\t\t\t\t<\/div>\n\t\t<\/div>\n\t\t\t\t\t<\/div>\n\t\t<\/section>\n\t\t\t\t<section class=\"elementor-section elementor-top-section elementor-element elementor-element-243c513 elementor-section-boxed elementor-section-height-default elementor-section-height-default\" data-id=\"243c513\" data-element_type=\"section\">\n\t\t\t\t\t\t<div class=\"elementor-container elementor-column-gap-default\">\n\t\t\t\t\t<div class=\"elementor-column elementor-col-100 elementor-top-column elementor-element elementor-element-8b9af0f\" data-id=\"8b9af0f\" data-element_type=\"column\">\n\t\t\t<div class=\"elementor-widget-wrap elementor-element-populated\">\n\t\t\t\t\t\t<div class=\"elementor-element elementor-element-9985e38 elementor-widget elementor-widget-heading\" data-id=\"9985e38\" data-element_type=\"widget\" data-widget_type=\"heading.default\">\n\t\t\t\t<div class=\"elementor-widget-container\">\n\t\t\t\t\t<h2 class=\"elementor-heading-title elementor-size-default\">Un si\u00e8cle de comm\u00e9moration : transmettre les histoires longtemps marginalis\u00e9es<\/h2>\t\t\t\t<\/div>\n\t\t\t\t<\/div>\n\t\t\t\t<section class=\"elementor-section elementor-inner-section elementor-element elementor-element-a616615 elementor-section-boxed elementor-section-height-default elementor-section-height-default\" data-id=\"a616615\" data-element_type=\"section\">\n\t\t\t\t\t\t<div class=\"elementor-container elementor-column-gap-default\">\n\t\t\t\t\t<div class=\"elementor-column elementor-col-100 elementor-inner-column elementor-element elementor-element-93d77b1\" data-id=\"93d77b1\" data-element_type=\"column\">\n\t\t\t<div class=\"elementor-widget-wrap elementor-element-populated\">\n\t\t\t\t\t\t<div class=\"elementor-element elementor-element-00c4774 elementor-widget elementor-widget-text-editor\" data-id=\"00c4774\" data-element_type=\"widget\" data-widget_type=\"text-editor.default\">\n\t\t\t\t<div class=\"elementor-widget-container\">\n\t\t\t\t\t\t\t\t\t<p><span style=\"font-weight: 400;\">Le centenaire du Black History Month pose une question fondamentale : comment une soci\u00e9t\u00e9 choisit-elle de transmettre les histoires qu\u2019elle a longtemps marginalis\u00e9es ? La reconnaissance de l\u2019histoire noire n\u2019a jamais \u00e9t\u00e9 un processus lin\u00e9aire. Elle r\u00e9sulte de luttes intellectuelles, de mobilisations communautaires et de n\u00e9gociations institutionnelles permanentes.<\/span><\/p><p><span style=\"font-weight: 400;\">En 2026, le Black History Month ne se pr\u00e9sente pas comme une c\u00e9l\u00e9bration achev\u00e9e, mais comme un outil critique pour le pr\u00e9sent. Il rappelle que l\u2019histoire est un champ de d\u00e9bat, o\u00f9 les r\u00e9cits dominants peuvent et doivent\u00a0 \u00eatre interrog\u00e9s.<\/span><\/p>\t\t\t\t\t\t\t\t<\/div>\n\t\t\t\t<\/div>\n\t\t\t\t\t<\/div>\n\t\t<\/div>\n\t\t\t\t\t<\/div>\n\t\t<\/section>\n\t\t\t\t\t<\/div>\n\t\t<\/div>\n\t\t\t\t\t<\/div>\n\t\t<\/section>\n\t\t\t\t<section class=\"elementor-section elementor-top-section elementor-element elementor-element-22bf69f elementor-section-boxed elementor-section-height-default elementor-section-height-default\" data-id=\"22bf69f\" data-element_type=\"section\">\n\t\t\t\t\t\t<div class=\"elementor-container elementor-column-gap-default\">\n\t\t\t\t\t<div class=\"elementor-column elementor-col-100 elementor-top-column elementor-element elementor-element-8aedddd\" data-id=\"8aedddd\" data-element_type=\"column\">\n\t\t\t<div class=\"elementor-widget-wrap elementor-element-populated\">\n\t\t\t\t\t\t<section class=\"elementor-section elementor-inner-section elementor-element elementor-element-c8e3557 elementor-section-boxed elementor-section-height-default elementor-section-height-default\" data-id=\"c8e3557\" data-element_type=\"section\">\n\t\t\t\t\t\t<div class=\"elementor-container elementor-column-gap-default\">\n\t\t\t\t\t<div class=\"elementor-column elementor-col-100 elementor-inner-column elementor-element elementor-element-1222702\" data-id=\"1222702\" data-element_type=\"column\">\n\t\t\t<div class=\"elementor-widget-wrap elementor-element-populated\">\n\t\t\t\t\t\t<div class=\"elementor-element elementor-element-2e40abe elementor-widget elementor-widget-accordion\" data-id=\"2e40abe\" data-element_type=\"widget\" data-widget_type=\"accordion.default\">\n\t\t\t\t<div class=\"elementor-widget-container\">\n\t\t\t\t\t\t\t<div class=\"elementor-accordion\">\n\t\t\t\t\t\t\t<div class=\"elementor-accordion-item\">\n\t\t\t\t\t<div id=\"elementor-tab-title-4841\" class=\"elementor-tab-title\" data-tab=\"1\" role=\"button\" aria-controls=\"elementor-tab-content-4841\" aria-expanded=\"false\">\n\t\t\t\t\t\t\t\t\t\t\t\t\t<span class=\"elementor-accordion-icon elementor-accordion-icon-left\" aria-hidden=\"true\">\n\t\t\t\t\t\t\t\t\t\t\t\t\t\t\t<span class=\"elementor-accordion-icon-closed\"><i class=\"fas fa-plus\"><\/i><\/span>\n\t\t\t\t\t\t\t\t<span class=\"elementor-accordion-icon-opened\"><i class=\"fas fa-minus\"><\/i><\/span>\n\t\t\t\t\t\t\t\t\t\t\t\t\t\t<\/span>\n\t\t\t\t\t\t\t\t\t\t\t\t<a class=\"elementor-accordion-title\" tabindex=\"0\">Qu\u2019est-ce que le Black History Month 2026 a de particulier ?<\/a>\n\t\t\t\t\t<\/div>\n\t\t\t\t\t<div id=\"elementor-tab-content-4841\" class=\"elementor-tab-content elementor-clearfix\" data-tab=\"1\" role=\"region\" aria-labelledby=\"elementor-tab-title-4841\"><p><span style=\"font-weight: 400;\">Le Black History Month 2026 marque le centenaire de la Negro History Week, cr\u00e9\u00e9e en 1926 par des chercheurs afro-am\u00e9ricains pour documenter et transmettre l\u2019histoire des populations noires, longtemps absente des r\u00e9cits dominants. Cette \u00e9dition centenaire invite \u00e0 une r\u00e9flexion critique sur un si\u00e8cle de comm\u00e9morations et de transmission du savoir historique.<\/span><\/p><\/div>\n\t\t\t\t<\/div>\n\t\t\t\t\t\t\t<div class=\"elementor-accordion-item\">\n\t\t\t\t\t<div id=\"elementor-tab-title-4842\" class=\"elementor-tab-title\" data-tab=\"2\" role=\"button\" aria-controls=\"elementor-tab-content-4842\" aria-expanded=\"false\">\n\t\t\t\t\t\t\t\t\t\t\t\t\t<span class=\"elementor-accordion-icon elementor-accordion-icon-left\" aria-hidden=\"true\">\n\t\t\t\t\t\t\t\t\t\t\t\t\t\t\t<span class=\"elementor-accordion-icon-closed\"><i class=\"fas fa-plus\"><\/i><\/span>\n\t\t\t\t\t\t\t\t<span class=\"elementor-accordion-icon-opened\"><i class=\"fas fa-minus\"><\/i><\/span>\n\t\t\t\t\t\t\t\t\t\t\t\t\t\t<\/span>\n\t\t\t\t\t\t\t\t\t\t\t\t<a class=\"elementor-accordion-title\" tabindex=\"0\">Pourquoi Miami joue-t-elle un r\u00f4le central dans le Black History Month 2026 ?<\/a>\n\t\t\t\t\t<\/div>\n\t\t\t\t\t<div id=\"elementor-tab-content-4842\" class=\"elementor-tab-content elementor-clearfix\" data-tab=\"2\" role=\"region\" aria-labelledby=\"elementor-tab-title-4842\"><p><span style=\"font-weight: 400;\">Miami est un carrefour afro-am\u00e9ricain et afro-carib\u00e9en unique. En 2026, la ville accueille une programmation dense m\u00ealant m\u00e9moire, arts, musique, gastronomie et patrimoine, illustrant les liens historiques entre les \u00c9tats-Unis et la Cara\u00efbe dans la construction des cultures noires contemporaines.<\/span><\/p><\/div>\n\t\t\t\t<\/div>\n\t\t\t\t\t\t\t<div class=\"elementor-accordion-item\">\n\t\t\t\t\t<div id=\"elementor-tab-title-4843\" class=\"elementor-tab-title\" data-tab=\"3\" role=\"button\" aria-controls=\"elementor-tab-content-4843\" aria-expanded=\"false\">\n\t\t\t\t\t\t\t\t\t\t\t\t\t<span class=\"elementor-accordion-icon elementor-accordion-icon-left\" aria-hidden=\"true\">\n\t\t\t\t\t\t\t\t\t\t\t\t\t\t\t<span class=\"elementor-accordion-icon-closed\"><i class=\"fas fa-plus\"><\/i><\/span>\n\t\t\t\t\t\t\t\t<span class=\"elementor-accordion-icon-opened\"><i class=\"fas fa-minus\"><\/i><\/span>\n\t\t\t\t\t\t\t\t\t\t\t\t\t\t<\/span>\n\t\t\t\t\t\t\t\t\t\t\t\t<a class=\"elementor-accordion-title\" tabindex=\"0\">Le Black History Month concerne-t-il aussi la Cara\u00efbe ?<\/a>\n\t\t\t\t\t<\/div>\n\t\t\t\t\t<div id=\"elementor-tab-content-4843\" class=\"elementor-tab-content elementor-clearfix\" data-tab=\"3\" role=\"region\" aria-labelledby=\"elementor-tab-title-4843\"><p><span style=\"font-weight: 400;\">Oui. L\u2019histoire noire des \u00c9tats-Unis est indissociable des migrations et h\u00e9ritages afro-carib\u00e9ens. Le Black History Month 2026 met en lumi\u00e8re ces circulations culturelles, notamment \u00e0 Miami, o\u00f9 musiques, cuisines et r\u00e9cits carib\u00e9ens occupent une place centrale dans les c\u00e9l\u00e9brations.<\/span><\/p><\/div>\n\t\t\t\t<\/div>\n\t\t\t\t\t\t\t\t<\/div>\n\t\t\t\t\t\t<\/div>\n\t\t\t\t<\/div>\n\t\t\t\t\t<\/div>\n\t\t<\/div>\n\t\t\t\t\t<\/div>\n\t\t<\/section>\n\t\t\t\t\t<\/div>\n\t\t<\/div>\n\t\t\t\t\t<\/div>\n\t\t<\/section>\n\t\t\t\t<\/div>\n\t\t","protected":false},"excerpt":{"rendered":"<p>Black History Month 2026 ne se limite pas \u00e0 une comm\u00e9moration annuelle inscrite dans le calendrier culturel am\u00e9ricain. F\u00e9vrier 2026 marque un tournant historique majeur : le centenaire de ce qui allait devenir le Black History Month. Un si\u00e8cle plus t\u00f4t, en 1926, une initiative intellectuelle et militante posait les bases d\u2019un travail de fond [&hellip;]<\/p>\n","protected":false},"author":662,"featured_media":68973,"comment_status":"open","ping_status":"open","sticky":false,"template":"","format":"standard","meta":{"_acf_changed":false,"footnotes":""},"categories":[1468],"tags":[1441,1598,1716,1545,1544,1693,808,1482,1599,1656],"class_list":["post-68972","post","type-post","status-publish","format-standard","has-post-thumbnail","hentry","category-histoire-patrimoine","tag-anguilla-fr","tag-barbade-fr","tag-dominique-fr-2","tag-guadeloupe-2","tag-guyane-2","tag-jamaique-2","tag-martinique-fr","tag-republique-dominicaine","tag-sainte-lucie-fr","tag-trinite-et-tobago-2"],"acf":[],"_links":{"self":[{"href":"https:\/\/richeskarayib.com\/fr\/wp-json\/wp\/v2\/posts\/68972","targetHints":{"allow":["GET"]}}],"collection":[{"href":"https:\/\/richeskarayib.com\/fr\/wp-json\/wp\/v2\/posts"}],"about":[{"href":"https:\/\/richeskarayib.com\/fr\/wp-json\/wp\/v2\/types\/post"}],"author":[{"embeddable":true,"href":"https:\/\/richeskarayib.com\/fr\/wp-json\/wp\/v2\/users\/662"}],"replies":[{"embeddable":true,"href":"https:\/\/richeskarayib.com\/fr\/wp-json\/wp\/v2\/comments?post=68972"}],"version-history":[{"count":0,"href":"https:\/\/richeskarayib.com\/fr\/wp-json\/wp\/v2\/posts\/68972\/revisions"}],"wp:featuredmedia":[{"embeddable":true,"href":"https:\/\/richeskarayib.com\/fr\/wp-json\/wp\/v2\/media\/68973"}],"wp:attachment":[{"href":"https:\/\/richeskarayib.com\/fr\/wp-json\/wp\/v2\/media?parent=68972"}],"wp:term":[{"taxonomy":"category","embeddable":true,"href":"https:\/\/richeskarayib.com\/fr\/wp-json\/wp\/v2\/categories?post=68972"},{"taxonomy":"post_tag","embeddable":true,"href":"https:\/\/richeskarayib.com\/fr\/wp-json\/wp\/v2\/tags?post=68972"}],"curies":[{"name":"wp","href":"https:\/\/api.w.org\/{rel}","templated":true}]}}