{"id":68999,"date":"2026-02-04T07:25:48","date_gmt":"2026-02-04T11:25:48","guid":{"rendered":"https:\/\/richeskarayib.com\/?p=68999"},"modified":"2026-02-09T07:41:04","modified_gmt":"2026-02-09T11:41:04","slug":"abolition-de-lesclavage-colonies-francaises","status":"publish","type":"post","link":"https:\/\/richeskarayib.com\/fr\/abolition-de-lesclavage-colonies-francaises\/","title":{"rendered":"4 f\u00e9vrier 1794 &#8211; Colonies fran\u00e7aises : quand l\u2019abolition de l\u2019esclavage s\u2019impose"},"content":{"rendered":"\t\t<div data-elementor-type=\"wp-post\" data-elementor-id=\"68999\" class=\"elementor elementor-68999\" data-elementor-post-type=\"post\">\n\t\t\t\t\t\t<section class=\"elementor-section elementor-top-section elementor-element elementor-element-7ca7ca1 elementor-section-boxed elementor-section-height-default elementor-section-height-default\" data-id=\"7ca7ca1\" data-element_type=\"section\">\n\t\t\t\t\t\t<div class=\"elementor-container elementor-column-gap-default\">\n\t\t\t\t\t<div class=\"elementor-column elementor-col-100 elementor-top-column elementor-element elementor-element-cbdd002\" data-id=\"cbdd002\" data-element_type=\"column\">\n\t\t\t<div class=\"elementor-widget-wrap elementor-element-populated\">\n\t\t\t\t\t\t<section class=\"elementor-section elementor-inner-section elementor-element elementor-element-bc94849 elementor-section-boxed elementor-section-height-default elementor-section-height-default\" data-id=\"bc94849\" data-element_type=\"section\">\n\t\t\t\t\t\t<div class=\"elementor-container elementor-column-gap-default\">\n\t\t\t\t\t\t<\/div>\n\t\t<\/section>\n\t\t\t\t<section class=\"elementor-section elementor-inner-section elementor-element elementor-element-61571e6 elementor-section-boxed elementor-section-height-default elementor-section-height-default\" data-id=\"61571e6\" data-element_type=\"section\">\n\t\t\t\t\t\t<div class=\"elementor-container elementor-column-gap-default\">\n\t\t\t\t\t\t<\/div>\n\t\t<\/section>\n\t\t\t\t<section class=\"elementor-section elementor-inner-section elementor-element elementor-element-b6262e0 elementor-section-boxed elementor-section-height-default elementor-section-height-default\" data-id=\"b6262e0\" data-element_type=\"section\">\n\t\t\t\t\t\t<div class=\"elementor-container elementor-column-gap-default\">\n\t\t\t\t\t\t<\/div>\n\t\t<\/section>\n\t\t\t\t<section class=\"elementor-section elementor-inner-section elementor-element elementor-element-cca29fd elementor-section-boxed elementor-section-height-default elementor-section-height-default\" data-id=\"cca29fd\" data-element_type=\"section\">\n\t\t\t\t\t\t<div class=\"elementor-container elementor-column-gap-default\">\n\t\t\t\t\t\t<\/div>\n\t\t<\/section>\n\t\t\t\t\t<\/div>\n\t\t<\/div>\n\t\t\t\t\t<\/div>\n\t\t<\/section>\n\t\t\t\t<section class=\"elementor-section elementor-top-section elementor-element elementor-element-a6d4222 elementor-section-boxed elementor-section-height-default elementor-section-height-default\" data-id=\"a6d4222\" data-element_type=\"section\">\n\t\t\t\t\t\t<div class=\"elementor-container elementor-column-gap-default\">\n\t\t\t\t\t<div class=\"elementor-column elementor-col-100 elementor-top-column elementor-element elementor-element-ea27f09\" data-id=\"ea27f09\" data-element_type=\"column\">\n\t\t\t<div class=\"elementor-widget-wrap elementor-element-populated\">\n\t\t\t\t\t\t<section class=\"elementor-section elementor-inner-section elementor-element elementor-element-25c3156 elementor-section-boxed elementor-section-height-default elementor-section-height-default\" data-id=\"25c3156\" data-element_type=\"section\">\n\t\t\t\t\t\t<div class=\"elementor-container elementor-column-gap-default\">\n\t\t\t\t\t<div class=\"elementor-column elementor-col-100 elementor-inner-column elementor-element elementor-element-aac779c\" data-id=\"aac779c\" data-element_type=\"column\">\n\t\t\t<div class=\"elementor-widget-wrap elementor-element-populated\">\n\t\t\t\t\t\t<div class=\"elementor-element elementor-element-612550d elementor-widget elementor-widget-text-editor\" data-id=\"612550d\" data-element_type=\"widget\" data-widget_type=\"text-editor.default\">\n\t\t\t\t<div class=\"elementor-widget-container\">\n\t\t\t\t\t\t\t\t\t<p><span style=\"font-weight: 400;\">Le <\/span><b>4 f\u00e9vrier 1794<\/b><span style=\"font-weight: 400;\">, la R\u00e9publique fran\u00e7aise adopte un d\u00e9cret majeur : l\u2019<a href=\"https:\/\/fr.wikipedia.org\/wiki\/D%C3%A9cret_d%27abolition_de_l%27esclavage_du_4_f%C3%A9vrier_1794\" target=\"_blank\" rel=\"noopener nofollow\">abolition de l\u2019esclavage<\/a> dans les colonies fran\u00e7aises. Le texte est vot\u00e9 par la <\/span><b>Convention nationale<\/b><span style=\"font-weight: 400;\"> et concerne directement la Cara\u00efbe : <\/span><b>Saint-Domingue (future Ha\u00efti)<\/b><span style=\"font-weight: 400;\">, la <\/span><b>Guadeloupe<\/b><span style=\"font-weight: 400;\">, la <\/span><b>Martinique<\/b><span style=\"font-weight: 400;\"> et la <\/span><b>Guyane<\/b><span style=\"font-weight: 400;\">.<\/span><\/p><p><span style=\"font-weight: 400;\">Cette date figure souvent dans les manuels comme un progr\u00e8s r\u00e9publicain. Pourtant, elle ne peut pas \u00eatre comprise comme une d\u00e9cision \u00e9clair\u00e9e tomb\u00e9e du ciel. L\u2019abolition de l\u2019esclavage dans les colonies fran\u00e7aises est avant tout une r\u00e9ponse \u00e0 un effondrement colonial, provoqu\u00e9 par les r\u00e9voltes, les soul\u00e8vements et la r\u00e9sistance organis\u00e9e des esclaves carib\u00e9ens.<\/span><\/p>\t\t\t\t\t\t\t\t<\/div>\n\t\t\t\t<\/div>\n\t\t\t\t<div class=\"elementor-element elementor-element-127af35 elementor-widget elementor-widget-text-editor\" data-id=\"127af35\" data-element_type=\"widget\" data-widget_type=\"text-editor.default\">\n\t\t\t\t<div class=\"elementor-widget-container\">\n\t\t\t\t\t\t\t\t\t<p><span style=\"font-weight: 400;\">Le 4 f\u00e9vrier 1794 ne marque donc pas une g\u00e9n\u00e9rosit\u00e9 politique. Il marque un moment o\u00f9 l\u2019\u00c9tat fran\u00e7ais n\u2019a plus r\u00e9ellement le choix.<\/span><\/p>\t\t\t\t\t\t\t\t<\/div>\n\t\t\t\t<\/div>\n\t\t\t\t\t<\/div>\n\t\t<\/div>\n\t\t\t\t\t<\/div>\n\t\t<\/section>\n\t\t\t\t\t<\/div>\n\t\t<\/div>\n\t\t\t\t\t<\/div>\n\t\t<\/section>\n\t\t\t\t<section class=\"elementor-section elementor-top-section elementor-element elementor-element-e1fea79 elementor-section-boxed elementor-section-height-default elementor-section-height-default\" data-id=\"e1fea79\" data-element_type=\"section\">\n\t\t\t\t\t\t<div class=\"elementor-container elementor-column-gap-default\">\n\t\t\t\t\t<div class=\"elementor-column elementor-col-100 elementor-top-column elementor-element elementor-element-6d0be76\" data-id=\"6d0be76\" data-element_type=\"column\">\n\t\t\t<div class=\"elementor-widget-wrap elementor-element-populated\">\n\t\t\t\t\t\t<div class=\"elementor-element elementor-element-a310b25 elementor-widget elementor-widget-heading\" data-id=\"a310b25\" data-element_type=\"widget\" data-widget_type=\"heading.default\">\n\t\t\t\t<div class=\"elementor-widget-container\">\n\t\t\t\t\t<h2 class=\"elementor-heading-title elementor-size-default\">Une abolition de l\u2019esclavage n\u00e9e d\u2019un chaos colonial<\/h2>\t\t\t\t<\/div>\n\t\t\t\t<\/div>\n\t\t\t\t<div class=\"elementor-element elementor-element-bbb62ae elementor-widget elementor-widget-text-editor\" data-id=\"bbb62ae\" data-element_type=\"widget\" data-widget_type=\"text-editor.default\">\n\t\t\t\t<div class=\"elementor-widget-container\">\n\t\t\t\t\t\t\t\t\t<p><span style=\"font-weight: 400;\">Avant m\u00eame le vote du d\u00e9cret, le syst\u00e8me esclavagiste est d\u00e9j\u00e0 fissur\u00e9 de l\u2019int\u00e9rieur. \u00c0 <\/span><b>Saint-Domingue<\/b><span style=\"font-weight: 400;\">, la plus riche colonie fran\u00e7aise, l\u2019insurrection \u00e9clate en 1791. Des milliers d\u2019esclaves se soul\u00e8vent, br\u00fblent les plantations, d\u00e9sorganisent la production et affrontent les milices coloniales.<\/span><\/p><p><span style=\"font-weight: 400;\">Cette r\u00e9volte n\u2019est ni improvis\u00e9e ni isol\u00e9e. Elle s\u2019appuie sur des r\u00e9seaux, des chefs militaires, des strat\u00e9gies de survie et de combat. Tr\u00e8s vite, l\u2019ordre colonial devient impossible \u00e0 maintenir. La France r\u00e9volutionnaire, d\u00e9j\u00e0 engag\u00e9e dans des conflits europ\u00e9ens, se retrouve face \u00e0 une colonie ingouvernable.<\/span><\/p>\t\t\t\t\t\t\t\t<\/div>\n\t\t\t\t<\/div>\n\t\t\t\t<div class=\"elementor-element elementor-element-47eac82 elementor-widget elementor-widget-text-editor\" data-id=\"47eac82\" data-element_type=\"widget\" data-widget_type=\"text-editor.default\">\n\t\t\t\t<div class=\"elementor-widget-container\">\n\t\t\t\t\t\t\t\t\t<p><span style=\"font-weight: 400;\">Dans ce contexte, proclamer la libert\u00e9 n\u2019est pas un id\u00e9al abstrait. C\u2019est une tentative de sauver ce qui peut encore l\u2019\u00eatre.<\/span><\/p>\t\t\t\t\t\t\t\t<\/div>\n\t\t\t\t<\/div>\n\t\t\t\t<div class=\"elementor-element elementor-element-1dc60c7 elementor-widget elementor-widget-image\" data-id=\"1dc60c7\" data-element_type=\"widget\" data-widget_type=\"image.default\">\n\t\t\t\t<div class=\"elementor-widget-container\">\n\t\t\t\t\t\t\t\t\t\t\t\t\t\t\t<img fetchpriority=\"high\" decoding=\"async\" width=\"800\" height=\"534\" src=\"https:\/\/richeskarayib.com\/wp-content\/uploads\/2026\/02\/symbolic-representation-end-slavery-u-s-with-people-color-2-1024x683.jpg\" class=\"attachment-large size-large wp-image-69020\" alt=\"abolition de l\u2019esclavage\" srcset=\"https:\/\/richeskarayib.com\/wp-content\/uploads\/2026\/02\/symbolic-representation-end-slavery-u-s-with-people-color-2-1024x683.jpg 1024w, https:\/\/richeskarayib.com\/wp-content\/uploads\/2026\/02\/symbolic-representation-end-slavery-u-s-with-people-color-2-300x200.jpg 300w, https:\/\/richeskarayib.com\/wp-content\/uploads\/2026\/02\/symbolic-representation-end-slavery-u-s-with-people-color-2-768x512.jpg 768w, https:\/\/richeskarayib.com\/wp-content\/uploads\/2026\/02\/symbolic-representation-end-slavery-u-s-with-people-color-2-1536x1024.jpg 1536w, https:\/\/richeskarayib.com\/wp-content\/uploads\/2026\/02\/symbolic-representation-end-slavery-u-s-with-people-color-2-1320x880.jpg 1320w, https:\/\/richeskarayib.com\/wp-content\/uploads\/2026\/02\/symbolic-representation-end-slavery-u-s-with-people-color-2.jpg 1920w\" sizes=\"(max-width: 800px) 100vw, 800px\" \/>\t\t\t\t\t\t\t\t\t\t\t\t\t\t\t<\/div>\n\t\t\t\t<\/div>\n\t\t\t\t\t<\/div>\n\t\t<\/div>\n\t\t\t\t\t<\/div>\n\t\t<\/section>\n\t\t\t\t<section class=\"elementor-section elementor-top-section elementor-element elementor-element-ee72354 elementor-section-boxed elementor-section-height-default elementor-section-height-default\" data-id=\"ee72354\" data-element_type=\"section\">\n\t\t\t\t\t\t<div class=\"elementor-container elementor-column-gap-default\">\n\t\t\t\t\t<div class=\"elementor-column elementor-col-100 elementor-top-column elementor-element elementor-element-c59d6fe\" data-id=\"c59d6fe\" data-element_type=\"column\">\n\t\t\t<div class=\"elementor-widget-wrap elementor-element-populated\">\n\t\t\t\t\t\t<section class=\"elementor-section elementor-inner-section elementor-element elementor-element-c5c11f7 elementor-section-boxed elementor-section-height-default elementor-section-height-default\" data-id=\"c5c11f7\" data-element_type=\"section\">\n\t\t\t\t\t\t<div class=\"elementor-container elementor-column-gap-default\">\n\t\t\t\t\t<div class=\"elementor-column elementor-col-100 elementor-inner-column elementor-element elementor-element-dc47e06\" data-id=\"dc47e06\" data-element_type=\"column\">\n\t\t\t<div class=\"elementor-widget-wrap elementor-element-populated\">\n\t\t\t\t\t\t<div class=\"elementor-element elementor-element-ddc6a1e elementor-widget elementor-widget-heading\" data-id=\"ddc6a1e\" data-element_type=\"widget\" data-widget_type=\"heading.default\">\n\t\t\t\t<div class=\"elementor-widget-container\">\n\t\t\t\t\t<h2 class=\"elementor-heading-title elementor-size-default\">1793 : la libert\u00e9 proclam\u00e9e avant Paris<\/h2>\t\t\t\t<\/div>\n\t\t\t\t<\/div>\n\t\t\t\t<div class=\"elementor-element elementor-element-e57451f elementor-widget elementor-widget-text-editor\" data-id=\"e57451f\" data-element_type=\"widget\" data-widget_type=\"text-editor.default\">\n\t\t\t\t<div class=\"elementor-widget-container\">\n\t\t\t\t\t\t\t\t\t<p><span style=\"font-weight: 400;\">Un \u00e9l\u00e9ment fondamental est souvent oubli\u00e9 : l\u2019<\/span>abolition de l\u2019esclavage <span style=\"font-weight: 400;\">commence sur le terrain, avant Paris. En 1793, \u00e0 Saint-Domingue, les commissaires civils de la R\u00e9publique proclament la libert\u00e9 des esclaves pour \u00e9viter la perte totale de la colonie et rallier les anciens esclaves au camp r\u00e9publicain.<\/span><\/p><p><span style=\"font-weight: 400;\">Cette chronologie est essentielle. Le d\u00e9cret du 4 f\u00e9vrier 1794 ne d\u00e9clenche pas la libert\u00e9, il l\u2019officialise. Il transforme une r\u00e9alit\u00e9 locale impos\u00e9e par la guerre et les r\u00e9voltes en une d\u00e9cision nationale.<\/span><\/p>\t\t\t\t\t\t\t\t<\/div>\n\t\t\t\t<\/div>\n\t\t\t\t<div class=\"elementor-element elementor-element-1c666d1 elementor-widget elementor-widget-text-editor\" data-id=\"1c666d1\" data-element_type=\"widget\" data-widget_type=\"text-editor.default\">\n\t\t\t\t<div class=\"elementor-widget-container\">\n\t\t\t\t\t\t\t\t\t<p><span style=\"font-weight: 400;\">C\u2019est un renversement classique dans l\u2019histoire coloniale : l\u2019Empire s\u2019adapte apr\u00e8s avoir perdu le contr\u00f4le.<\/span><\/p>\t\t\t\t\t\t\t\t<\/div>\n\t\t\t\t<\/div>\n\t\t\t\t\t<\/div>\n\t\t<\/div>\n\t\t\t\t\t<\/div>\n\t\t<\/section>\n\t\t\t\t<section class=\"elementor-section elementor-inner-section elementor-element elementor-element-f1dec49 elementor-section-boxed elementor-section-height-default elementor-section-height-default\" data-id=\"f1dec49\" data-element_type=\"section\">\n\t\t\t\t\t\t<div class=\"elementor-container elementor-column-gap-default\">\n\t\t\t\t\t<div class=\"elementor-column elementor-col-50 elementor-inner-column elementor-element elementor-element-02a5ce7\" data-id=\"02a5ce7\" data-element_type=\"column\">\n\t\t\t<div class=\"elementor-widget-wrap elementor-element-populated\">\n\t\t\t\t\t\t<div class=\"elementor-element elementor-element-ccc5b7a elementor-widget elementor-widget-image\" data-id=\"ccc5b7a\" data-element_type=\"widget\" data-widget_type=\"image.default\">\n\t\t\t\t<div class=\"elementor-widget-container\">\n\t\t\t\t\t\t\t\t\t\t\t\t<figure class=\"wp-caption\">\n\t\t\t\t\t\t\t\t\t\t<img decoding=\"async\" width=\"720\" height=\"405\" src=\"https:\/\/richeskarayib.com\/wp-content\/uploads\/2026\/02\/\u00a9DR-1.webp\" class=\"attachment-large size-large wp-image-69004\" alt=\"abolition de l\u2019esclavage\" srcset=\"https:\/\/richeskarayib.com\/wp-content\/uploads\/2026\/02\/\u00a9DR-1.webp 720w, https:\/\/richeskarayib.com\/wp-content\/uploads\/2026\/02\/\u00a9DR-1-300x169.webp 300w\" sizes=\"(max-width: 720px) 100vw, 720px\" \/>\t\t\t\t\t\t\t\t\t\t\t<figcaption class=\"widget-image-caption wp-caption-text\">\u00a9DR<\/figcaption>\n\t\t\t\t\t\t\t\t\t\t<\/figure>\n\t\t\t\t\t\t\t\t\t<\/div>\n\t\t\t\t<\/div>\n\t\t\t\t\t<\/div>\n\t\t<\/div>\n\t\t\t\t<div class=\"elementor-column elementor-col-50 elementor-inner-column elementor-element elementor-element-51130b9\" data-id=\"51130b9\" data-element_type=\"column\">\n\t\t\t<div class=\"elementor-widget-wrap elementor-element-populated\">\n\t\t\t\t\t\t<div class=\"elementor-element elementor-element-c509938 elementor-widget elementor-widget-image\" data-id=\"c509938\" data-element_type=\"widget\" data-widget_type=\"image.default\">\n\t\t\t\t<div class=\"elementor-widget-container\">\n\t\t\t\t\t\t\t\t\t\t\t\t<figure class=\"wp-caption\">\n\t\t\t\t\t\t\t\t\t\t<img decoding=\"async\" width=\"800\" height=\"450\" src=\"https:\/\/richeskarayib.com\/wp-content\/uploads\/2026\/02\/\u00a9DR.webp\" class=\"attachment-large size-large wp-image-69008\" alt=\"abolition de l\u2019esclavage\" srcset=\"https:\/\/richeskarayib.com\/wp-content\/uploads\/2026\/02\/\u00a9DR.webp 900w, https:\/\/richeskarayib.com\/wp-content\/uploads\/2026\/02\/\u00a9DR-300x169.webp 300w, https:\/\/richeskarayib.com\/wp-content\/uploads\/2026\/02\/\u00a9DR-768x432.webp 768w\" sizes=\"(max-width: 800px) 100vw, 800px\" \/>\t\t\t\t\t\t\t\t\t\t\t<figcaption class=\"widget-image-caption wp-caption-text\">\u00a9DR<\/figcaption>\n\t\t\t\t\t\t\t\t\t\t<\/figure>\n\t\t\t\t\t\t\t\t\t<\/div>\n\t\t\t\t<\/div>\n\t\t\t\t\t<\/div>\n\t\t<\/div>\n\t\t\t\t\t<\/div>\n\t\t<\/section>\n\t\t\t\t\t<\/div>\n\t\t<\/div>\n\t\t\t\t\t<\/div>\n\t\t<\/section>\n\t\t\t\t<section class=\"elementor-section elementor-top-section elementor-element elementor-element-82cd8f9 elementor-section-boxed elementor-section-height-default elementor-section-height-default\" data-id=\"82cd8f9\" data-element_type=\"section\">\n\t\t\t\t\t\t<div class=\"elementor-container elementor-column-gap-default\">\n\t\t\t\t\t<div class=\"elementor-column elementor-col-100 elementor-top-column elementor-element elementor-element-0bfdc38\" data-id=\"0bfdc38\" data-element_type=\"column\">\n\t\t\t<div class=\"elementor-widget-wrap elementor-element-populated\">\n\t\t\t\t\t\t<div class=\"elementor-element elementor-element-7d292fe elementor-widget elementor-widget-heading\" data-id=\"7d292fe\" data-element_type=\"widget\" data-widget_type=\"heading.default\">\n\t\t\t\t<div class=\"elementor-widget-container\">\n\t\t\t\t\t<h2 class=\"elementor-heading-title elementor-size-default\">Ce que dit vraiment le d\u00e9cret du 4 f\u00e9vrier 1794<\/h2>\t\t\t\t<\/div>\n\t\t\t\t<\/div>\n\t\t\t\t<section class=\"elementor-section elementor-inner-section elementor-element elementor-element-6e6c94c elementor-section-boxed elementor-section-height-default elementor-section-height-default\" data-id=\"6e6c94c\" data-element_type=\"section\">\n\t\t\t\t\t\t<div class=\"elementor-container elementor-column-gap-default\">\n\t\t\t\t\t<div class=\"elementor-column elementor-col-100 elementor-inner-column elementor-element elementor-element-4bdaa26\" data-id=\"4bdaa26\" data-element_type=\"column\">\n\t\t\t<div class=\"elementor-widget-wrap elementor-element-populated\">\n\t\t\t\t\t\t<div class=\"elementor-element elementor-element-2d1517d elementor-widget elementor-widget-text-editor\" data-id=\"2d1517d\" data-element_type=\"widget\" data-widget_type=\"text-editor.default\">\n\t\t\t\t<div class=\"elementor-widget-container\">\n\t\t\t\t\t\t\t\t\t<p><span style=\"font-weight: 400;\">Le texte abolit l\u2019esclavage dans toutes les colonies fran\u00e7aises et reconna\u00eet la citoyennet\u00e9 aux anciens esclaves, sans distinction de couleur. Sur le plan juridique, la rupture est nette : l\u2019esclave cesse d\u2019\u00eatre un bien, il devient un sujet de droit. \u00c0 l\u2019\u00e9chelle europ\u00e9enne, l\u2019acte est exceptionnel. Peu d\u2019\u00c9tats osent alors aller aussi loin. Mais cette avanc\u00e9e reste fragile, car elle repose sur un \u00e9quilibre politique instable.<\/span><\/p><p><span style=\"font-weight: 400;\">L\u2019<a href=\"https:\/\/richeskarayib.com\/fr\/abolition-de-l-esclavage-en-guadeloupe\/\" target=\"_blank\" rel=\"noopener\">abolition de l\u2019esclavage<\/a> dans les colonies fran\u00e7aises existe d\u00e9sormais <\/span><b>dans les textes<\/b><span style=\"font-weight: 400;\">, mais sa r\u00e9alit\u00e9 d\u00e9pend encore des rapports de force locaux.<\/span><\/p>\t\t\t\t\t\t\t\t<\/div>\n\t\t\t\t<\/div>\n\t\t\t\t<div class=\"elementor-element elementor-element-c9376d3 elementor-widget elementor-widget-video\" data-id=\"c9376d3\" data-element_type=\"widget\" data-settings=\"{&quot;youtube_url&quot;:&quot;https:\\\/\\\/www.youtube.com\\\/watch?v=9dMjQchBslM&quot;,&quot;video_type&quot;:&quot;youtube&quot;,&quot;controls&quot;:&quot;yes&quot;}\" data-widget_type=\"video.default\">\n\t\t\t\t<div class=\"elementor-widget-container\">\n\t\t\t\t\t\t\t<div class=\"elementor-wrapper elementor-open-inline\">\n\t\t\t<div class=\"elementor-video\"><\/div>\t\t<\/div>\n\t\t\t\t\t\t<\/div>\n\t\t\t\t<\/div>\n\t\t\t\t\t<\/div>\n\t\t<\/div>\n\t\t\t\t\t<\/div>\n\t\t<\/section>\n\t\t\t\t<section class=\"elementor-section elementor-inner-section elementor-element elementor-element-c582330 elementor-section-boxed elementor-section-height-default elementor-section-height-default\" data-id=\"c582330\" data-element_type=\"section\">\n\t\t\t\t\t\t<div class=\"elementor-container elementor-column-gap-default\">\n\t\t\t\t\t\t<\/div>\n\t\t<\/section>\n\t\t\t\t<section class=\"elementor-section elementor-inner-section elementor-element elementor-element-296603a elementor-section-boxed elementor-section-height-default elementor-section-height-default\" data-id=\"296603a\" data-element_type=\"section\">\n\t\t\t\t\t\t<div class=\"elementor-container elementor-column-gap-default\">\n\t\t\t\t\t\t<\/div>\n\t\t<\/section>\n\t\t\t\t\t<\/div>\n\t\t<\/div>\n\t\t\t\t\t<\/div>\n\t\t<\/section>\n\t\t\t\t<section class=\"elementor-section elementor-top-section elementor-element elementor-element-5a7397d elementor-section-boxed elementor-section-height-default elementor-section-height-default\" data-id=\"5a7397d\" data-element_type=\"section\">\n\t\t\t\t\t\t<div class=\"elementor-container elementor-column-gap-default\">\n\t\t\t\t\t<div class=\"elementor-column elementor-col-100 elementor-top-column elementor-element elementor-element-8b33b4b\" data-id=\"8b33b4b\" data-element_type=\"column\">\n\t\t\t<div class=\"elementor-widget-wrap elementor-element-populated\">\n\t\t\t\t\t\t<div class=\"elementor-element elementor-element-89dac4b elementor-widget elementor-widget-heading\" data-id=\"89dac4b\" data-element_type=\"widget\" data-widget_type=\"heading.default\">\n\t\t\t\t<div class=\"elementor-widget-container\">\n\t\t\t\t\t<h2 class=\"elementor-heading-title elementor-size-default\">Des applications tr\u00e8s diff\u00e9rentes selon les territoires<\/h2>\t\t\t\t<\/div>\n\t\t\t\t<\/div>\n\t\t\t\t<div class=\"elementor-element elementor-element-819dd2d elementor-widget elementor-widget-text-editor\" data-id=\"819dd2d\" data-element_type=\"widget\" data-widget_type=\"text-editor.default\">\n\t\t\t\t<div class=\"elementor-widget-container\">\n\t\t\t\t\t\t\t\t\t<h3><strong>L\u2019abolition de l\u2019esclavage en Guadeloupe : libert\u00e9 sous conditions<\/strong><\/h3><p><span style=\"font-weight: 400;\">En Guadeloupe, l\u2019abolition de l\u2019esclavage est proclam\u00e9e en 1794 apr\u00e8s la reprise de l\u2019\u00eele par les forces r\u00e9publicaines. Les anciens esclaves sont arm\u00e9s, enr\u00f4l\u00e9s et mobilis\u00e9s pour d\u00e9fendre le territoire. La libert\u00e9 est r\u00e9elle, mais elle est li\u00e9e \u00e0 l\u2019effort de guerre et \u00e0 la loyaut\u00e9 envers la R\u00e9publique.<\/span><\/p>\t\t\t\t\t\t\t\t<\/div>\n\t\t\t\t<\/div>\n\t\t\t\t<div class=\"elementor-element elementor-element-448af0c elementor-widget elementor-widget-text-editor\" data-id=\"448af0c\" data-element_type=\"widget\" data-widget_type=\"text-editor.default\">\n\t\t\t\t<div class=\"elementor-widget-container\">\n\t\t\t\t\t\t\t\t\t<h3><strong>L\u2019abolition de l\u2019esclavage en <\/strong><b>Martinique : une libert\u00e9 suspendue<\/b><\/h3><p><span style=\"font-weight: 400;\">En Martinique, occup\u00e9e par les Britanniques, le d\u00e9cret ne s\u2019applique pas. L\u2019esclavage y perdure malgr\u00e9 la d\u00e9cision parisienne. Cette situation r\u00e9v\u00e8le une r\u00e9alit\u00e9 brutale : <\/span><b>une loi peut \u00eatre vot\u00e9e sans jamais \u00eatre v\u00e9cue<\/b><span style=\"font-weight: 400;\">.<\/span><\/p>\t\t\t\t\t\t\t\t<\/div>\n\t\t\t\t<\/div>\n\t\t\t\t<div class=\"elementor-element elementor-element-dfac2b9 elementor-widget elementor-widget-text-editor\" data-id=\"dfac2b9\" data-element_type=\"widget\" data-widget_type=\"text-editor.default\">\n\t\t\t\t<div class=\"elementor-widget-container\">\n\t\t\t\t\t\t\t\t\t<h3><strong>L\u2019abolition de l\u2019esclavage \u00e0 <\/strong><b>Saint-Domingue : une dynamique irr\u00e9versible<\/b><\/h3><p><span style=\"font-weight: 400;\">\u00c0 Saint-Domingue, l\u2019abolition de l\u2019esclavage s\u2019inscrit dans un mouvement plus large. Les anciens esclaves contr\u00f4lent d\u00e9j\u00e0 des territoires entiers. La rupture avec l\u2019ordre colonial est profonde et conduira, quelques ann\u00e9es plus tard, \u00e0 l\u2019ind\u00e9pendance d\u2019Ha\u00efti en 1804.<\/span><\/p><p><span style=\"font-weight: 400;\">Ces \u00e9carts montrent que l\u2019abolition de l\u2019esclavage de l\u2019esclavage dans les colonies fran\u00e7aises n\u2019est ni uniforme, ni garantie.<\/span><\/p>\t\t\t\t\t\t\t\t<\/div>\n\t\t\t\t<\/div>\n\t\t\t\t<section class=\"elementor-section elementor-inner-section elementor-element elementor-element-cb1dfdd elementor-section-boxed elementor-section-height-default elementor-section-height-default\" data-id=\"cb1dfdd\" data-element_type=\"section\">\n\t\t\t\t\t\t<div class=\"elementor-container elementor-column-gap-default\">\n\t\t\t\t\t<div class=\"elementor-column elementor-col-50 elementor-inner-column elementor-element elementor-element-e2b4492\" data-id=\"e2b4492\" data-element_type=\"column\">\n\t\t\t<div class=\"elementor-widget-wrap elementor-element-populated\">\n\t\t\t\t\t\t<div class=\"elementor-element elementor-element-1287137 elementor-widget elementor-widget-image\" data-id=\"1287137\" data-element_type=\"widget\" data-widget_type=\"image.default\">\n\t\t\t\t<div class=\"elementor-widget-container\">\n\t\t\t\t\t\t\t\t\t\t\t\t\t\t\t<img loading=\"lazy\" decoding=\"async\" width=\"800\" height=\"605\" src=\"https:\/\/richeskarayib.com\/wp-content\/uploads\/2026\/02\/Capture-decran-2026-02-04-a-14.30.23-1024x774.png\" class=\"attachment-large size-large wp-image-69012\" alt=\"abolition de l\u2019esclavage\" srcset=\"https:\/\/richeskarayib.com\/wp-content\/uploads\/2026\/02\/Capture-decran-2026-02-04-a-14.30.23-1024x774.png 1024w, https:\/\/richeskarayib.com\/wp-content\/uploads\/2026\/02\/Capture-decran-2026-02-04-a-14.30.23-300x227.png 300w, https:\/\/richeskarayib.com\/wp-content\/uploads\/2026\/02\/Capture-decran-2026-02-04-a-14.30.23-768x580.png 768w, https:\/\/richeskarayib.com\/wp-content\/uploads\/2026\/02\/Capture-decran-2026-02-04-a-14.30.23.png 1097w\" sizes=\"(max-width: 800px) 100vw, 800px\" \/>\t\t\t\t\t\t\t\t\t\t\t\t\t\t\t<\/div>\n\t\t\t\t<\/div>\n\t\t\t\t\t<\/div>\n\t\t<\/div>\n\t\t\t\t<div class=\"elementor-column elementor-col-50 elementor-inner-column elementor-element elementor-element-343653d\" data-id=\"343653d\" data-element_type=\"column\">\n\t\t\t<div class=\"elementor-widget-wrap elementor-element-populated\">\n\t\t\t\t\t\t<div class=\"elementor-element elementor-element-696ebac elementor-widget elementor-widget-image\" data-id=\"696ebac\" data-element_type=\"widget\" data-widget_type=\"image.default\">\n\t\t\t\t<div class=\"elementor-widget-container\">\n\t\t\t\t\t\t\t\t\t\t\t\t\t\t\t<img loading=\"lazy\" decoding=\"async\" width=\"800\" height=\"600\" src=\"https:\/\/richeskarayib.com\/wp-content\/uploads\/2026\/02\/Capture-decran-2026-02-04-a-14.29.56-1024x768.png\" class=\"attachment-large size-large wp-image-69016\" alt=\"abolition de l\u2019esclavage\" srcset=\"https:\/\/richeskarayib.com\/wp-content\/uploads\/2026\/02\/Capture-decran-2026-02-04-a-14.29.56-1024x768.png 1024w, https:\/\/richeskarayib.com\/wp-content\/uploads\/2026\/02\/Capture-decran-2026-02-04-a-14.29.56-300x225.png 300w, https:\/\/richeskarayib.com\/wp-content\/uploads\/2026\/02\/Capture-decran-2026-02-04-a-14.29.56-768x576.png 768w, https:\/\/richeskarayib.com\/wp-content\/uploads\/2026\/02\/Capture-decran-2026-02-04-a-14.29.56.png 1096w\" sizes=\"(max-width: 800px) 100vw, 800px\" \/>\t\t\t\t\t\t\t\t\t\t\t\t\t\t\t<\/div>\n\t\t\t\t<\/div>\n\t\t\t\t\t<\/div>\n\t\t<\/div>\n\t\t\t\t\t<\/div>\n\t\t<\/section>\n\t\t\t\t\t<\/div>\n\t\t<\/div>\n\t\t\t\t\t<\/div>\n\t\t<\/section>\n\t\t\t\t<section class=\"elementor-section elementor-top-section elementor-element elementor-element-8aad9d4 elementor-section-boxed elementor-section-height-default elementor-section-height-default\" data-id=\"8aad9d4\" data-element_type=\"section\">\n\t\t\t\t\t\t<div class=\"elementor-container elementor-column-gap-default\">\n\t\t\t\t\t<div class=\"elementor-column elementor-col-100 elementor-top-column elementor-element elementor-element-165bce0\" data-id=\"165bce0\" data-element_type=\"column\">\n\t\t\t<div class=\"elementor-widget-wrap elementor-element-populated\">\n\t\t\t\t\t\t<section class=\"elementor-section elementor-inner-section elementor-element elementor-element-5233f35 elementor-section-boxed elementor-section-height-default elementor-section-height-default\" data-id=\"5233f35\" data-element_type=\"section\">\n\t\t\t\t\t\t<div class=\"elementor-container elementor-column-gap-default\">\n\t\t\t\t\t<div class=\"elementor-column elementor-col-50 elementor-inner-column elementor-element elementor-element-f0f9791\" data-id=\"f0f9791\" data-element_type=\"column\">\n\t\t\t<div class=\"elementor-widget-wrap elementor-element-populated\">\n\t\t\t\t\t\t<div class=\"elementor-element elementor-element-6fc31c4 elementor-widget elementor-widget-heading\" data-id=\"6fc31c4\" data-element_type=\"widget\" data-widget_type=\"heading.default\">\n\t\t\t\t<div class=\"elementor-widget-container\">\n\t\t\t\t\t<h2 class=\"elementor-heading-title elementor-size-default\">Les oubli\u00e9es de l\u2019Histoire : femmes, marronnes et passeuses<\/h2>\t\t\t\t<\/div>\n\t\t\t\t<\/div>\n\t\t\t\t<div class=\"elementor-element elementor-element-3bba566 elementor-widget elementor-widget-text-editor\" data-id=\"3bba566\" data-element_type=\"widget\" data-widget_type=\"text-editor.default\">\n\t\t\t\t<div class=\"elementor-widget-container\">\n\t\t\t\t\t\t\t\t\t<p><span style=\"font-weight: 400;\">Derri\u00e8re les d\u00e9crets et les dates, il y a des vies. Des femmes esclaves, marronnes, gu\u00e9risseuses, messag\u00e8res, souvent absentes des archives officielles. Elles ont pourtant jou\u00e9 un r\u00f4le central dans la transmission, la survie et la r\u00e9sistance. Certaines fuient les plantations, d\u2019autres organisent des r\u00e9seaux d\u2019entraide, cachent les insurg\u00e9s, transmettent les r\u00e9cits et les savoirs. Leur action ne figure pas dans les textes de loi, mais elle participe pleinement \u00e0 l\u2019effondrement du syst\u00e8me esclavagiste.<\/span><\/p><p><span style=\"font-weight: 400;\">Parler du 4 f\u00e9vrier 1794 sans \u00e9voquer ces trajectoires, c\u2019est r\u00e9duire l\u2019abolition \u00e0 un acte administratif, alors qu\u2019elle est d\u2019abord <\/span><b>une exp\u00e9rience humaine et collective<\/b><span style=\"font-weight: 400;\">.<\/span><\/p>\t\t\t\t\t\t\t\t<\/div>\n\t\t\t\t<\/div>\n\t\t\t\t<div class=\"elementor-element elementor-element-f4de714 elementor-widget elementor-widget-heading\" data-id=\"f4de714\" data-element_type=\"widget\" data-widget_type=\"heading.default\">\n\t\t\t\t<div class=\"elementor-widget-container\">\n\t\t\t\t\t<h2 class=\"elementor-heading-title elementor-size-default\">1802 : quand la R\u00e9publique renie sa propre d\u00e9cision<\/h2>\t\t\t\t<\/div>\n\t\t\t\t<\/div>\n\t\t\t\t<div class=\"elementor-element elementor-element-165414f elementor-widget elementor-widget-text-editor\" data-id=\"165414f\" data-element_type=\"widget\" data-widget_type=\"text-editor.default\">\n\t\t\t\t<div class=\"elementor-widget-container\">\n\t\t\t\t\t\t\t\t\t<p><span style=\"font-weight: 400;\">En <\/span><b>1802<\/b><span style=\"font-weight: 400;\">, sous le Consulat, le pouvoir dirig\u00e9 par <\/span><b>Napol\u00e9on Bonaparte<\/b><span style=\"font-weight: 400;\"> r\u00e9tablit l\u2019esclavage dans plusieurs colonies. Ce retour en arri\u00e8re n\u2019est pas discret. Il s\u2019accompagne de r\u00e9pressions, de d\u00e9portations et d\u2019une volont\u00e9 assum\u00e9e de restaurer l\u2019\u00e9conomie de plantation. Des hommes et des femmes libres sont \u00e0 nouveau r\u00e9duits en esclavage. Ce basculement r\u00e9v\u00e8le une v\u00e9rit\u00e9 d\u00e9rangeante : les principes r\u00e9publicains c\u00e8dent lorsque les int\u00e9r\u00eats coloniaux sont jug\u00e9s prioritaires.<\/span><\/p><p><span style=\"font-weight: 400;\">Le 4 f\u00e9vrier 1794 appara\u00eet alors comme une parenth\u00e8se, fragile et contest\u00e9e.<\/span><\/p>\t\t\t\t\t\t\t\t<\/div>\n\t\t\t\t<\/div>\n\t\t\t\t\t<\/div>\n\t\t<\/div>\n\t\t\t\t<div class=\"elementor-column elementor-col-50 elementor-inner-column elementor-element elementor-element-f2d31e3\" data-id=\"f2d31e3\" data-element_type=\"column\">\n\t\t\t<div class=\"elementor-widget-wrap elementor-element-populated\">\n\t\t\t\t\t\t<div class=\"elementor-element elementor-element-3d0e20e elementor-widget elementor-widget-image\" data-id=\"3d0e20e\" data-element_type=\"widget\" data-widget_type=\"image.default\">\n\t\t\t\t<div class=\"elementor-widget-container\">\n\t\t\t\t\t\t\t\t\t\t\t\t\t\t\t<img loading=\"lazy\" decoding=\"async\" width=\"683\" height=\"1024\" src=\"https:\/\/richeskarayib.com\/wp-content\/uploads\/2026\/02\/symbolic-representation-end-slavery-u-s-with-people-color-1-683x1024.jpg\" class=\"attachment-large size-large wp-image-69024\" alt=\"abolition de l\u2019esclavage\" srcset=\"https:\/\/richeskarayib.com\/wp-content\/uploads\/2026\/02\/symbolic-representation-end-slavery-u-s-with-people-color-1-683x1024.jpg 683w, https:\/\/richeskarayib.com\/wp-content\/uploads\/2026\/02\/symbolic-representation-end-slavery-u-s-with-people-color-1-200x300.jpg 200w, https:\/\/richeskarayib.com\/wp-content\/uploads\/2026\/02\/symbolic-representation-end-slavery-u-s-with-people-color-1-768x1152.jpg 768w, https:\/\/richeskarayib.com\/wp-content\/uploads\/2026\/02\/symbolic-representation-end-slavery-u-s-with-people-color-1-1024x1536.jpg 1024w, https:\/\/richeskarayib.com\/wp-content\/uploads\/2026\/02\/symbolic-representation-end-slavery-u-s-with-people-color-1.jpg 1280w\" sizes=\"(max-width: 683px) 100vw, 683px\" \/>\t\t\t\t\t\t\t\t\t\t\t\t\t\t\t<\/div>\n\t\t\t\t<\/div>\n\t\t\t\t\t<\/div>\n\t\t<\/div>\n\t\t\t\t\t<\/div>\n\t\t<\/section>\n\t\t\t\t\t<\/div>\n\t\t<\/div>\n\t\t\t\t\t<\/div>\n\t\t<\/section>\n\t\t\t\t<section class=\"elementor-section elementor-top-section elementor-element elementor-element-79a1694 elementor-section-boxed elementor-section-height-default elementor-section-height-default\" data-id=\"79a1694\" data-element_type=\"section\">\n\t\t\t\t\t\t<div class=\"elementor-container elementor-column-gap-default\">\n\t\t\t\t\t<div class=\"elementor-column elementor-col-100 elementor-top-column elementor-element elementor-element-9322906\" data-id=\"9322906\" data-element_type=\"column\">\n\t\t\t<div class=\"elementor-widget-wrap elementor-element-populated\">\n\t\t\t\t\t\t<div class=\"elementor-element elementor-element-1a7acbe elementor-widget elementor-widget-heading\" data-id=\"1a7acbe\" data-element_type=\"widget\" data-widget_type=\"heading.default\">\n\t\t\t\t<div class=\"elementor-widget-container\">\n\t\t\t\t\t<h2 class=\"elementor-heading-title elementor-size-default\">1848 : l'abolition de l\u2019esclavage d\u00e9finitive, mais incompl\u00e8te<\/h2>\t\t\t\t<\/div>\n\t\t\t\t<\/div>\n\t\t\t\t<section class=\"elementor-section elementor-inner-section elementor-element elementor-element-5c23c66 elementor-section-boxed elementor-section-height-default elementor-section-height-default\" data-id=\"5c23c66\" data-element_type=\"section\">\n\t\t\t\t\t\t<div class=\"elementor-container elementor-column-gap-default\">\n\t\t\t\t\t<div class=\"elementor-column elementor-col-100 elementor-inner-column elementor-element elementor-element-a8b194b\" data-id=\"a8b194b\" data-element_type=\"column\">\n\t\t\t<div class=\"elementor-widget-wrap elementor-element-populated\">\n\t\t\t\t\t\t<div class=\"elementor-element elementor-element-2f7f1fd elementor-widget elementor-widget-text-editor\" data-id=\"2f7f1fd\" data-element_type=\"widget\" data-widget_type=\"text-editor.default\">\n\t\t\t\t<div class=\"elementor-widget-container\">\n\t\t\t\t\t\t\t\t\t<p><span style=\"font-weight: 400;\">Il faut attendre 1848 pour que l\u2019esclavage soit d\u00e9finitivement aboli dans les colonies fran\u00e7aises. Cette fois, le retour en arri\u00e8re n\u2019est plus possible. Mais la libert\u00e9 l\u00e9gale ne r\u00e8gle pas tout. Les anciens esclaves doivent faire face \u00e0 de nouvelles formes de d\u00e9pendance : travail contraint, in\u00e9galit\u00e9s fonci\u00e8res, exclusions politiques. L\u2019abolition de l\u2019esclavage marque une fin juridique, mais le combat pour l\u2019\u00e9galit\u00e9 r\u00e9elle commence \u00e0 peine.<\/span><\/p>\t\t\t\t\t\t\t\t<\/div>\n\t\t\t\t<\/div>\n\t\t\t\t\t<\/div>\n\t\t<\/div>\n\t\t\t\t\t<\/div>\n\t\t<\/section>\n\t\t\t\t\t<\/div>\n\t\t<\/div>\n\t\t\t\t\t<\/div>\n\t\t<\/section>\n\t\t\t\t<section class=\"elementor-section elementor-top-section elementor-element elementor-element-243c513 elementor-section-boxed elementor-section-height-default elementor-section-height-default\" data-id=\"243c513\" data-element_type=\"section\">\n\t\t\t\t\t\t<div class=\"elementor-container elementor-column-gap-default\">\n\t\t\t\t\t<div class=\"elementor-column elementor-col-100 elementor-top-column elementor-element elementor-element-8b9af0f\" data-id=\"8b9af0f\" data-element_type=\"column\">\n\t\t\t<div class=\"elementor-widget-wrap elementor-element-populated\">\n\t\t\t\t\t\t<div class=\"elementor-element elementor-element-9985e38 elementor-widget elementor-widget-heading\" data-id=\"9985e38\" data-element_type=\"widget\" data-widget_type=\"heading.default\">\n\t\t\t\t<div class=\"elementor-widget-container\">\n\t\t\t\t\t<h2 class=\"elementor-heading-title elementor-size-default\">Pourquoi le 4 f\u00e9vrier 1794 reste une date essentielle ?<\/h2>\t\t\t\t<\/div>\n\t\t\t\t<\/div>\n\t\t\t\t<section class=\"elementor-section elementor-inner-section elementor-element elementor-element-a616615 elementor-section-boxed elementor-section-height-default elementor-section-height-default\" data-id=\"a616615\" data-element_type=\"section\">\n\t\t\t\t\t\t<div class=\"elementor-container elementor-column-gap-default\">\n\t\t\t\t\t<div class=\"elementor-column elementor-col-100 elementor-inner-column elementor-element elementor-element-93d77b1\" data-id=\"93d77b1\" data-element_type=\"column\">\n\t\t\t<div class=\"elementor-widget-wrap elementor-element-populated\">\n\t\t\t\t\t\t<div class=\"elementor-element elementor-element-00c4774 elementor-widget elementor-widget-text-editor\" data-id=\"00c4774\" data-element_type=\"widget\" data-widget_type=\"text-editor.default\">\n\t\t\t\t<div class=\"elementor-widget-container\">\n\t\t\t\t\t\t\t\t\t<p><span style=\"font-weight: 400;\">Le 4 f\u00e9vrier 1794 n\u2019est pas un symbole fig\u00e9. Il raconte une histoire complexe, faite de luttes, de concessions, de reculs et de r\u00e9sistances. Il rappelle que la Cara\u00efbe n\u2019a jamais \u00e9t\u00e9 un simple espace domin\u00e9, mais un territoire capable d\u2019imposer ses r\u00e9alit\u00e9s \u00e0 l\u2019Histoire mondiale.<\/span><\/p><p><span style=\"font-weight: 400;\">L\u2019abolition de l\u2019esclavage dans les colonies fran\u00e7aises, ce jour-l\u00e0, montre que les droits ne naissent pas uniquement dans les assembl\u00e9es, mais dans les champs, les for\u00eats, les r\u00e9voltes et les combats quotidiens.<\/span><\/p>\t\t\t\t\t\t\t\t<\/div>\n\t\t\t\t<\/div>\n\t\t\t\t\t<\/div>\n\t\t<\/div>\n\t\t\t\t\t<\/div>\n\t\t<\/section>\n\t\t\t\t\t<\/div>\n\t\t<\/div>\n\t\t\t\t\t<\/div>\n\t\t<\/section>\n\t\t\t\t<section class=\"elementor-section elementor-top-section elementor-element elementor-element-22bf69f elementor-section-boxed elementor-section-height-default elementor-section-height-default\" data-id=\"22bf69f\" data-element_type=\"section\">\n\t\t\t\t\t\t<div class=\"elementor-container elementor-column-gap-default\">\n\t\t\t\t\t<div class=\"elementor-column elementor-col-100 elementor-top-column elementor-element elementor-element-8aedddd\" data-id=\"8aedddd\" data-element_type=\"column\">\n\t\t\t<div class=\"elementor-widget-wrap elementor-element-populated\">\n\t\t\t\t\t\t<section class=\"elementor-section elementor-inner-section elementor-element elementor-element-c8e3557 elementor-section-boxed elementor-section-height-default elementor-section-height-default\" data-id=\"c8e3557\" data-element_type=\"section\">\n\t\t\t\t\t\t<div class=\"elementor-container elementor-column-gap-default\">\n\t\t\t\t\t<div class=\"elementor-column elementor-col-100 elementor-inner-column elementor-element elementor-element-1222702\" data-id=\"1222702\" data-element_type=\"column\">\n\t\t\t<div class=\"elementor-widget-wrap elementor-element-populated\">\n\t\t\t\t\t\t<div class=\"elementor-element elementor-element-2e40abe elementor-widget elementor-widget-accordion\" data-id=\"2e40abe\" data-element_type=\"widget\" data-widget_type=\"accordion.default\">\n\t\t\t\t<div class=\"elementor-widget-container\">\n\t\t\t\t\t\t\t<div class=\"elementor-accordion\">\n\t\t\t\t\t\t\t<div class=\"elementor-accordion-item\">\n\t\t\t\t\t<div id=\"elementor-tab-title-4841\" class=\"elementor-tab-title\" data-tab=\"1\" role=\"button\" aria-controls=\"elementor-tab-content-4841\" aria-expanded=\"false\">\n\t\t\t\t\t\t\t\t\t\t\t\t\t<span class=\"elementor-accordion-icon elementor-accordion-icon-left\" aria-hidden=\"true\">\n\t\t\t\t\t\t\t\t\t\t\t\t\t\t\t<span class=\"elementor-accordion-icon-closed\"><i class=\"fas fa-plus\"><\/i><\/span>\n\t\t\t\t\t\t\t\t<span class=\"elementor-accordion-icon-opened\"><i class=\"fas fa-minus\"><\/i><\/span>\n\t\t\t\t\t\t\t\t\t\t\t\t\t\t<\/span>\n\t\t\t\t\t\t\t\t\t\t\t\t<a class=\"elementor-accordion-title\" tabindex=\"0\">Pourquoi cette date est-elle centrale pour la Cara\u00efbe ?<\/a>\n\t\t\t\t\t<\/div>\n\t\t\t\t\t<div id=\"elementor-tab-content-4841\" class=\"elementor-tab-content elementor-clearfix\" data-tab=\"1\" role=\"region\" aria-labelledby=\"elementor-tab-title-4841\"><p><span style=\"font-weight: 400;\">Parce qu\u2019elle officialise une libert\u00e9 arrach\u00e9e par les luttes des esclaves et concerne directement plusieurs territoires carib\u00e9ens majeurs.<\/span><\/p><\/div>\n\t\t\t\t<\/div>\n\t\t\t\t\t\t\t<div class=\"elementor-accordion-item\">\n\t\t\t\t\t<div id=\"elementor-tab-title-4842\" class=\"elementor-tab-title\" data-tab=\"2\" role=\"button\" aria-controls=\"elementor-tab-content-4842\" aria-expanded=\"false\">\n\t\t\t\t\t\t\t\t\t\t\t\t\t<span class=\"elementor-accordion-icon elementor-accordion-icon-left\" aria-hidden=\"true\">\n\t\t\t\t\t\t\t\t\t\t\t\t\t\t\t<span class=\"elementor-accordion-icon-closed\"><i class=\"fas fa-plus\"><\/i><\/span>\n\t\t\t\t\t\t\t\t<span class=\"elementor-accordion-icon-opened\"><i class=\"fas fa-minus\"><\/i><\/span>\n\t\t\t\t\t\t\t\t\t\t\t\t\t\t<\/span>\n\t\t\t\t\t\t\t\t\t\t\t\t<a class=\"elementor-accordion-title\" tabindex=\"0\">L\u2019abolition de 1794 a-t-elle chang\u00e9 imm\u00e9diatement la vie des esclaves ?<\/a>\n\t\t\t\t\t<\/div>\n\t\t\t\t\t<div id=\"elementor-tab-content-4842\" class=\"elementor-tab-content elementor-clearfix\" data-tab=\"2\" role=\"region\" aria-labelledby=\"elementor-tab-title-4842\"><p><span style=\"font-weight: 400;\">Pas partout. Son application d\u00e9pend des contextes locaux, des occupations \u00e9trang\u00e8res et des choix politiques.<\/span><\/p><\/div>\n\t\t\t\t<\/div>\n\t\t\t\t\t\t\t<div class=\"elementor-accordion-item\">\n\t\t\t\t\t<div id=\"elementor-tab-title-4843\" class=\"elementor-tab-title\" data-tab=\"3\" role=\"button\" aria-controls=\"elementor-tab-content-4843\" aria-expanded=\"false\">\n\t\t\t\t\t\t\t\t\t\t\t\t\t<span class=\"elementor-accordion-icon elementor-accordion-icon-left\" aria-hidden=\"true\">\n\t\t\t\t\t\t\t\t\t\t\t\t\t\t\t<span class=\"elementor-accordion-icon-closed\"><i class=\"fas fa-plus\"><\/i><\/span>\n\t\t\t\t\t\t\t\t<span class=\"elementor-accordion-icon-opened\"><i class=\"fas fa-minus\"><\/i><\/span>\n\t\t\t\t\t\t\t\t\t\t\t\t\t\t<\/span>\n\t\t\t\t\t\t\t\t\t\t\t\t<a class=\"elementor-accordion-title\" tabindex=\"0\">Que r\u00e9v\u00e8le le retour en arri\u00e8re de 1802 ?<\/a>\n\t\t\t\t\t<\/div>\n\t\t\t\t\t<div id=\"elementor-tab-content-4843\" class=\"elementor-tab-content elementor-clearfix\" data-tab=\"3\" role=\"region\" aria-labelledby=\"elementor-tab-title-4843\"><p><span style=\"font-weight: 400;\">Il montre la fragilit\u00e9 des droits lorsqu\u2019ils ne sont pas solidement prot\u00e9g\u00e9s et la priorit\u00e9 donn\u00e9e, \u00e0 l\u2019\u00e9poque, aux int\u00e9r\u00eats \u00e9conomiques coloniaux.<\/span><\/p><\/div>\n\t\t\t\t<\/div>\n\t\t\t\t\t\t\t\t<\/div>\n\t\t\t\t\t\t<\/div>\n\t\t\t\t<\/div>\n\t\t\t\t\t<\/div>\n\t\t<\/div>\n\t\t\t\t\t<\/div>\n\t\t<\/section>\n\t\t\t\t\t<\/div>\n\t\t<\/div>\n\t\t\t\t\t<\/div>\n\t\t<\/section>\n\t\t\t\t<\/div>\n\t\t","protected":false},"excerpt":{"rendered":"<p>Le 4 f\u00e9vrier 1794, la R\u00e9publique fran\u00e7aise adopte un d\u00e9cret majeur : l\u2019abolition de l\u2019esclavage dans les colonies fran\u00e7aises. Le texte est vot\u00e9 par la Convention nationale et concerne directement la Cara\u00efbe : Saint-Domingue (future Ha\u00efti), la Guadeloupe, la Martinique et la Guyane. Cette date figure souvent dans les manuels comme un progr\u00e8s r\u00e9publicain. Pourtant, [&hellip;]<\/p>\n","protected":false},"author":662,"featured_media":69000,"comment_status":"open","ping_status":"open","sticky":false,"template":"","format":"standard","meta":{"_acf_changed":false,"footnotes":""},"categories":[1468],"tags":[1545,1544,814,808],"class_list":["post-68999","post","type-post","status-publish","format-standard","has-post-thumbnail","hentry","category-histoire-patrimoine","tag-guadeloupe-2","tag-guyane-2","tag-haiti-fr","tag-martinique-fr"],"acf":[],"_links":{"self":[{"href":"https:\/\/richeskarayib.com\/fr\/wp-json\/wp\/v2\/posts\/68999","targetHints":{"allow":["GET"]}}],"collection":[{"href":"https:\/\/richeskarayib.com\/fr\/wp-json\/wp\/v2\/posts"}],"about":[{"href":"https:\/\/richeskarayib.com\/fr\/wp-json\/wp\/v2\/types\/post"}],"author":[{"embeddable":true,"href":"https:\/\/richeskarayib.com\/fr\/wp-json\/wp\/v2\/users\/662"}],"replies":[{"embeddable":true,"href":"https:\/\/richeskarayib.com\/fr\/wp-json\/wp\/v2\/comments?post=68999"}],"version-history":[{"count":0,"href":"https:\/\/richeskarayib.com\/fr\/wp-json\/wp\/v2\/posts\/68999\/revisions"}],"wp:featuredmedia":[{"embeddable":true,"href":"https:\/\/richeskarayib.com\/fr\/wp-json\/wp\/v2\/media\/69000"}],"wp:attachment":[{"href":"https:\/\/richeskarayib.com\/fr\/wp-json\/wp\/v2\/media?parent=68999"}],"wp:term":[{"taxonomy":"category","embeddable":true,"href":"https:\/\/richeskarayib.com\/fr\/wp-json\/wp\/v2\/categories?post=68999"},{"taxonomy":"post_tag","embeddable":true,"href":"https:\/\/richeskarayib.com\/fr\/wp-json\/wp\/v2\/tags?post=68999"}],"curies":[{"name":"wp","href":"https:\/\/api.w.org\/{rel}","templated":true}]}}