{"id":69069,"date":"2026-02-05T07:51:04","date_gmt":"2026-02-05T11:51:04","guid":{"rendered":"https:\/\/richeskarayib.com\/?p=69069"},"modified":"2026-02-09T07:32:02","modified_gmt":"2026-02-09T11:32:02","slug":"caribbean-energy-week-2026-economie-caraibe","status":"publish","type":"post","link":"https:\/\/richeskarayib.com\/fr\/caribbean-energy-week-2026-economie-caraibe\/","title":{"rendered":"Suriname &#8211; \u00c9nergie, patrimoine, tourisme : la Cara\u00efbe face \u00e0 un tournant d\u00e9cisif."},"content":{"rendered":"\t\t<div data-elementor-type=\"wp-post\" data-elementor-id=\"69069\" class=\"elementor elementor-69069\" data-elementor-post-type=\"post\">\n\t\t\t\t\t\t<section class=\"elementor-section elementor-top-section elementor-element elementor-element-7ca7ca1 elementor-section-boxed elementor-section-height-default elementor-section-height-default\" data-id=\"7ca7ca1\" data-element_type=\"section\">\n\t\t\t\t\t\t<div class=\"elementor-container elementor-column-gap-default\">\n\t\t\t\t\t<div class=\"elementor-column elementor-col-100 elementor-top-column elementor-element elementor-element-cbdd002\" data-id=\"cbdd002\" data-element_type=\"column\">\n\t\t\t<div class=\"elementor-widget-wrap elementor-element-populated\">\n\t\t\t\t\t\t<section class=\"elementor-section elementor-inner-section elementor-element elementor-element-bc94849 elementor-section-boxed elementor-section-height-default elementor-section-height-default\" data-id=\"bc94849\" data-element_type=\"section\">\n\t\t\t\t\t\t<div class=\"elementor-container elementor-column-gap-default\">\n\t\t\t\t\t\t<\/div>\n\t\t<\/section>\n\t\t\t\t<section class=\"elementor-section elementor-inner-section elementor-element elementor-element-61571e6 elementor-section-boxed elementor-section-height-default elementor-section-height-default\" data-id=\"61571e6\" data-element_type=\"section\">\n\t\t\t\t\t\t<div class=\"elementor-container elementor-column-gap-default\">\n\t\t\t\t\t\t<\/div>\n\t\t<\/section>\n\t\t\t\t<section class=\"elementor-section elementor-inner-section elementor-element elementor-element-b6262e0 elementor-section-boxed elementor-section-height-default elementor-section-height-default\" data-id=\"b6262e0\" data-element_type=\"section\">\n\t\t\t\t\t\t<div class=\"elementor-container elementor-column-gap-default\">\n\t\t\t\t\t\t<\/div>\n\t\t<\/section>\n\t\t\t\t<section class=\"elementor-section elementor-inner-section elementor-element elementor-element-cca29fd elementor-section-boxed elementor-section-height-default elementor-section-height-default\" data-id=\"cca29fd\" data-element_type=\"section\">\n\t\t\t\t\t\t<div class=\"elementor-container elementor-column-gap-default\">\n\t\t\t\t\t\t<\/div>\n\t\t<\/section>\n\t\t\t\t\t<\/div>\n\t\t<\/div>\n\t\t\t\t\t<\/div>\n\t\t<\/section>\n\t\t\t\t<section class=\"elementor-section elementor-top-section elementor-element elementor-element-a6d4222 elementor-section-boxed elementor-section-height-default elementor-section-height-default\" data-id=\"a6d4222\" data-element_type=\"section\">\n\t\t\t\t\t\t<div class=\"elementor-container elementor-column-gap-default\">\n\t\t\t\t\t<div class=\"elementor-column elementor-col-100 elementor-top-column elementor-element elementor-element-ea27f09\" data-id=\"ea27f09\" data-element_type=\"column\">\n\t\t\t<div class=\"elementor-widget-wrap elementor-element-populated\">\n\t\t\t\t\t\t<section class=\"elementor-section elementor-inner-section elementor-element elementor-element-25c3156 elementor-section-boxed elementor-section-height-default elementor-section-height-default\" data-id=\"25c3156\" data-element_type=\"section\">\n\t\t\t\t\t\t<div class=\"elementor-container elementor-column-gap-default\">\n\t\t\t\t\t<div class=\"elementor-column elementor-col-100 elementor-inner-column elementor-element elementor-element-aac779c\" data-id=\"aac779c\" data-element_type=\"column\">\n\t\t\t<div class=\"elementor-widget-wrap elementor-element-populated\">\n\t\t\t\t\t\t<div class=\"elementor-element elementor-element-612550d elementor-widget elementor-widget-text-editor\" data-id=\"612550d\" data-element_type=\"widget\" data-widget_type=\"text-editor.default\">\n\t\t\t\t<div class=\"elementor-widget-container\">\n\t\t\t\t\t\t\t\t\t<p><a href=\"https:\/\/www.caribbeanenergyweek.com\/\" target=\"_blank\" rel=\"noopener nofollow\"><b>Caribbean Energy Week 2026<\/b><\/a><span style=\"font-weight: 400;\"> marque un tournant majeur pour l\u2019\u00e9conomie carib\u00e9enne. Longtemps per\u00e7ue comme une r\u00e9gion essentiellement d\u00e9pendante du tourisme et des services, la Cara\u00efbe s\u2019impose d\u00e9sormais comme un territoire strat\u00e9gique dans le secteur mondial de l\u2019\u00e9nergie. L\u2019\u00e9v\u00e9nement, pr\u00e9vu du 30 mars au 1er avril 2026 \u00e0 Paramaribo, au Suriname, rassemble gouvernements, investisseurs, compagnies \u00e9nerg\u00e9tiques et institutions financi\u00e8res autour d\u2019un objectif commun : transformer le potentiel \u00e9nerg\u00e9tique r\u00e9gional en moteur \u00e9conomique durable.<\/span><\/p>\t\t\t\t\t\t\t\t<\/div>\n\t\t\t\t<\/div>\n\t\t\t\t<div class=\"elementor-element elementor-element-4220690 elementor-widget elementor-widget-text-editor\" data-id=\"4220690\" data-element_type=\"widget\" data-widget_type=\"text-editor.default\">\n\t\t\t\t<div class=\"elementor-widget-container\">\n\t\t\t\t\t\t\t\t\t<p><span style=\"font-weight: 400;\">Cette nouvelle \u00e9dition intervient dans un contexte de transformation profonde. Les d\u00e9couvertes p\u00e9troli\u00e8res au Guyana et au Suriname, la consolidation du r\u00f4le \u00e9nerg\u00e9tique de Trinidad-et-Tobago et l\u2019essor des projets d\u2019\u00e9nergies renouvelables dans plusieurs \u00eeles repositionnent la Cara\u00efbe sur la carte \u00e9conomique mondiale. Le Caribbean Energy Week 2026 se pr\u00e9sente ainsi comme une plateforme strat\u00e9gique pour comprendre comment l\u2019\u00e9nergie red\u00e9finit les \u00e9quilibres \u00e9conomiques r\u00e9gionaux.<\/span><\/p>\t\t\t\t\t\t\t\t<\/div>\n\t\t\t\t<\/div>\n\t\t\t\t\t<\/div>\n\t\t<\/div>\n\t\t\t\t\t<\/div>\n\t\t<\/section>\n\t\t\t\t\t<\/div>\n\t\t<\/div>\n\t\t\t\t\t<\/div>\n\t\t<\/section>\n\t\t\t\t<section class=\"elementor-section elementor-top-section elementor-element elementor-element-e1fea79 elementor-section-boxed elementor-section-height-default elementor-section-height-default\" data-id=\"e1fea79\" data-element_type=\"section\">\n\t\t\t\t\t\t<div class=\"elementor-container elementor-column-gap-default\">\n\t\t\t\t\t<div class=\"elementor-column elementor-col-100 elementor-top-column elementor-element elementor-element-6d0be76\" data-id=\"6d0be76\" data-element_type=\"column\">\n\t\t\t<div class=\"elementor-widget-wrap elementor-element-populated\">\n\t\t\t\t\t\t<div class=\"elementor-element elementor-element-a310b25 elementor-widget elementor-widget-heading\" data-id=\"a310b25\" data-element_type=\"widget\" data-widget_type=\"heading.default\">\n\t\t\t\t<div class=\"elementor-widget-container\">\n\t\t\t\t\t<h2 class=\"elementor-heading-title elementor-size-default\">Une plateforme r\u00e9gionale pour les investissements \u00e9nerg\u00e9tiques<\/h2>\t\t\t\t<\/div>\n\t\t\t\t<\/div>\n\t\t\t\t<div class=\"elementor-element elementor-element-bbb62ae elementor-widget elementor-widget-text-editor\" data-id=\"bbb62ae\" data-element_type=\"widget\" data-widget_type=\"text-editor.default\">\n\t\t\t\t<div class=\"elementor-widget-container\">\n\t\t\t\t\t\t\t\t\t<p><span style=\"font-weight: 400;\">Le <a href=\"https:\/\/www.facebook.com\/EnergyCapitalPower\/\" target=\"_blank\" rel=\"noopener nofollow\">Caribbean Energy Week 2026<\/a> n\u2019est pas une simple conf\u00e9rence sectorielle. L\u2019\u00e9v\u00e9nement se positionne comme une v\u00e9ritable plateforme d\u2019investissement et de coop\u00e9ration \u00e9conomique. Organis\u00e9 au Royal Torarica Hotel de Paramaribo, il r\u00e9unira chefs d\u2019\u00c9tat, ministres, investisseurs internationaux, banques de d\u00e9veloppement et entreprises \u00e9nerg\u00e9tiques autour de projets concrets visant \u00e0 acc\u00e9l\u00e9rer la transformation \u00e9nerg\u00e9tique de la r\u00e9gion.<\/span><\/p><p><span style=\"font-weight: 400;\">L\u2019objectif affich\u00e9 est clair : connecter les projets carib\u00e9ens aux capitaux internationaux. Les organisateurs souhaitent faciliter les partenariats entre \u00c9tats et investisseurs, acc\u00e9l\u00e9rer la mise en \u0153uvre d\u2019infrastructures \u00e9nerg\u00e9tiques et pr\u00e9senter des projets jug\u00e9s \u00ab bancables \u00bb susceptibles d\u2019attirer des financements internationaux. Cette dimension \u00e9conomique fait du Caribbean Energy Week 2026 un \u00e9v\u00e9nement central pour l\u2019avenir financier de la r\u00e9gion.<\/span><\/p>\t\t\t\t\t\t\t\t<\/div>\n\t\t\t\t<\/div>\n\t\t\t\t<div class=\"elementor-element elementor-element-e49670e elementor-widget elementor-widget-text-editor\" data-id=\"e49670e\" data-element_type=\"widget\" data-widget_type=\"text-editor.default\">\n\t\t\t\t<div class=\"elementor-widget-container\">\n\t\t\t\t\t\t\t\t\t<p><span style=\"font-weight: 400;\">Au-del\u00e0 des discussions techniques, l\u2019\u00e9v\u00e9nement vise \u00e0 transformer les \u00e9changes en accords et en investissements r\u00e9els. Des tables rondes r\u00e9uniront gouvernements et investisseurs afin d\u2019identifier les opportunit\u00e9s concr\u00e8tes de d\u00e9veloppement, tandis que des sessions de networking permettront de nouer des partenariats strat\u00e9giques \u00e0 long terme.<\/span><\/p>\t\t\t\t\t\t\t\t<\/div>\n\t\t\t\t<\/div>\n\t\t\t\t<section class=\"elementor-section elementor-inner-section elementor-element elementor-element-c4cc364 elementor-section-boxed elementor-section-height-default elementor-section-height-default\" data-id=\"c4cc364\" data-element_type=\"section\">\n\t\t\t\t\t\t<div class=\"elementor-container elementor-column-gap-default\">\n\t\t\t\t\t<div class=\"elementor-column elementor-col-100 elementor-inner-column elementor-element elementor-element-9f76105\" data-id=\"9f76105\" data-element_type=\"column\">\n\t\t\t<div class=\"elementor-widget-wrap elementor-element-populated\">\n\t\t\t\t\t\t<div class=\"elementor-element elementor-element-75d5d0a elementor-widget elementor-widget-image\" data-id=\"75d5d0a\" data-element_type=\"widget\" data-widget_type=\"image.default\">\n\t\t\t\t<div class=\"elementor-widget-container\">\n\t\t\t\t\t\t\t\t\t\t\t\t<figure class=\"wp-caption\">\n\t\t\t\t\t\t\t\t\t\t<img fetchpriority=\"high\" decoding=\"async\" width=\"800\" height=\"491\" src=\"https:\/\/richeskarayib.com\/wp-content\/uploads\/2026\/02\/\u00a9-Energy-Capital-Power-1.jpg\" class=\"attachment-large size-large wp-image-69074\" alt=\"Caribbean Energy Week 2026\" srcset=\"https:\/\/richeskarayib.com\/wp-content\/uploads\/2026\/02\/\u00a9-Energy-Capital-Power-1.jpg 866w, https:\/\/richeskarayib.com\/wp-content\/uploads\/2026\/02\/\u00a9-Energy-Capital-Power-1-300x184.jpg 300w, https:\/\/richeskarayib.com\/wp-content\/uploads\/2026\/02\/\u00a9-Energy-Capital-Power-1-768x471.jpg 768w\" sizes=\"(max-width: 800px) 100vw, 800px\" \/>\t\t\t\t\t\t\t\t\t\t\t<figcaption class=\"widget-image-caption wp-caption-text\">\u00a9 Energy Capital &amp; Power<\/figcaption>\n\t\t\t\t\t\t\t\t\t\t<\/figure>\n\t\t\t\t\t\t\t\t\t<\/div>\n\t\t\t\t<\/div>\n\t\t\t\t\t<\/div>\n\t\t<\/div>\n\t\t\t\t\t<\/div>\n\t\t<\/section>\n\t\t\t\t\t<\/div>\n\t\t<\/div>\n\t\t\t\t\t<\/div>\n\t\t<\/section>\n\t\t\t\t<section class=\"elementor-section elementor-top-section elementor-element elementor-element-ee72354 elementor-section-boxed elementor-section-height-default elementor-section-height-default\" data-id=\"ee72354\" data-element_type=\"section\">\n\t\t\t\t\t\t<div class=\"elementor-container elementor-column-gap-default\">\n\t\t\t\t\t<div class=\"elementor-column elementor-col-100 elementor-top-column elementor-element elementor-element-c59d6fe\" data-id=\"c59d6fe\" data-element_type=\"column\">\n\t\t\t<div class=\"elementor-widget-wrap elementor-element-populated\">\n\t\t\t\t\t\t<section class=\"elementor-section elementor-inner-section elementor-element elementor-element-c5c11f7 elementor-section-boxed elementor-section-height-default elementor-section-height-default\" data-id=\"c5c11f7\" data-element_type=\"section\">\n\t\t\t\t\t\t<div class=\"elementor-container elementor-column-gap-default\">\n\t\t\t\t\t<div class=\"elementor-column elementor-col-100 elementor-inner-column elementor-element elementor-element-dc47e06\" data-id=\"dc47e06\" data-element_type=\"column\">\n\t\t\t<div class=\"elementor-widget-wrap elementor-element-populated\">\n\t\t\t\t\t\t<div class=\"elementor-element elementor-element-ddc6a1e elementor-widget elementor-widget-heading\" data-id=\"ddc6a1e\" data-element_type=\"widget\" data-widget_type=\"heading.default\">\n\t\t\t\t<div class=\"elementor-widget-container\">\n\t\t\t\t\t<h2 class=\"elementor-heading-title elementor-size-default\">Une nouvelle g\u00e9ographie \u00e9conomique carib\u00e9enne<\/h2>\t\t\t\t<\/div>\n\t\t\t\t<\/div>\n\t\t\t\t<div class=\"elementor-element elementor-element-e57451f elementor-widget elementor-widget-text-editor\" data-id=\"e57451f\" data-element_type=\"widget\" data-widget_type=\"text-editor.default\">\n\t\t\t\t<div class=\"elementor-widget-container\">\n\t\t\t\t\t\t\t\t\t<p><span style=\"font-weight: 400;\">Le Caribbean Energy Week 2026 intervient \u00e0 un moment o\u00f9 la g\u00e9ographie \u00e9conomique de la Cara\u00efbe se redessine. Les d\u00e9couvertes p\u00e9troli\u00e8res au Guyana et au Suriname ont d\u00e9j\u00e0 commenc\u00e9 \u00e0 transformer les flux financiers et les priorit\u00e9s d\u2019investissement dans la r\u00e9gion. Le Guyana, devenu l\u2019un des pays \u00e0 la croissance la plus rapide au monde gr\u00e2ce au p\u00e9trole offshore, attire d\u00e9sormais capitaux, entreprises et main-d\u2019\u0153uvre qualifi\u00e9e. Le Suriname, h\u00f4te de l\u2019\u00e9dition 2026, se pr\u00e9pare \u00e0 suivre une trajectoire similaire.<\/span><\/p>\t\t\t\t\t\t\t\t<\/div>\n\t\t\t\t<\/div>\n\t\t\t\t<div class=\"elementor-element elementor-element-1c666d1 elementor-widget elementor-widget-text-editor\" data-id=\"1c666d1\" data-element_type=\"widget\" data-widget_type=\"text-editor.default\">\n\t\t\t\t<div class=\"elementor-widget-container\">\n\t\t\t\t\t\t\t\t\t<p><span style=\"font-weight: 400;\">Cette \u00e9volution ne concerne pas uniquement les pays producteurs d\u2019hydrocarbures. Elle influence l\u2019ensemble de la r\u00e9gion. Les \u00c9tats carib\u00e9ens cherchent \u00e0 diversifier leurs \u00e9conomies, \u00e0 renforcer leurs infrastructures et \u00e0 d\u00e9velopper des comp\u00e9tences locales afin de profiter des retomb\u00e9es \u00e9conomiques de ce boom \u00e9nerg\u00e9tique. Le Caribbean Energy Week 2026 constitue un espace privil\u00e9gi\u00e9 pour coordonner ces strat\u00e9gies r\u00e9gionales.<\/span><\/p>\t\t\t\t\t\t\t\t<\/div>\n\t\t\t\t<\/div>\n\t\t\t\t<div class=\"elementor-element elementor-element-d04049a elementor-widget elementor-widget-text-editor\" data-id=\"d04049a\" data-element_type=\"widget\" data-widget_type=\"text-editor.default\">\n\t\t\t\t<div class=\"elementor-widget-container\">\n\t\t\t\t\t\t\t\t\t<p><span style=\"font-weight: 400;\">La Cara\u00efbe ne se d\u00e9finit plus seulement comme une destination touristique. Elle s\u2019affirme progressivement comme une zone d\u2019investissement \u00e9nerg\u00e9tique et industriel, capable d\u2019attirer des capitaux internationaux et de d\u00e9velopper des cha\u00eenes de valeur r\u00e9gionales. Cette mutation \u00e9conomique est au c\u0153ur des discussions pr\u00e9vues lors de l\u2019\u00e9v\u00e9nement.<\/span><\/p>\t\t\t\t\t\t\t\t<\/div>\n\t\t\t\t<\/div>\n\t\t\t\t<div class=\"elementor-element elementor-element-e783f60 elementor-widget elementor-widget-image\" data-id=\"e783f60\" data-element_type=\"widget\" data-widget_type=\"image.default\">\n\t\t\t\t<div class=\"elementor-widget-container\">\n\t\t\t\t\t\t\t\t\t\t\t\t<figure class=\"wp-caption\">\n\t\t\t\t\t\t\t\t\t\t<img decoding=\"async\" width=\"679\" height=\"451\" src=\"https:\/\/richeskarayib.com\/wp-content\/uploads\/2026\/02\/\u00a9-Energy-Capital-Power-7.jpg\" class=\"attachment-large size-large wp-image-69086\" alt=\"Caribbean Energy Week 2026\" srcset=\"https:\/\/richeskarayib.com\/wp-content\/uploads\/2026\/02\/\u00a9-Energy-Capital-Power-7.jpg 679w, https:\/\/richeskarayib.com\/wp-content\/uploads\/2026\/02\/\u00a9-Energy-Capital-Power-7-300x199.jpg 300w\" sizes=\"(max-width: 679px) 100vw, 679px\" \/>\t\t\t\t\t\t\t\t\t\t\t<figcaption class=\"widget-image-caption wp-caption-text\">\u00a9 Energy Capital &amp; Power<\/figcaption>\n\t\t\t\t\t\t\t\t\t\t<\/figure>\n\t\t\t\t\t\t\t\t\t<\/div>\n\t\t\t\t<\/div>\n\t\t\t\t\t<\/div>\n\t\t<\/div>\n\t\t\t\t\t<\/div>\n\t\t<\/section>\n\t\t\t\t\t<\/div>\n\t\t<\/div>\n\t\t\t\t\t<\/div>\n\t\t<\/section>\n\t\t\t\t<section class=\"elementor-section elementor-top-section elementor-element elementor-element-82cd8f9 elementor-section-boxed elementor-section-height-default elementor-section-height-default\" data-id=\"82cd8f9\" data-element_type=\"section\">\n\t\t\t\t\t\t<div class=\"elementor-container elementor-column-gap-default\">\n\t\t\t\t\t<div class=\"elementor-column elementor-col-100 elementor-top-column elementor-element elementor-element-0bfdc38\" data-id=\"0bfdc38\" data-element_type=\"column\">\n\t\t\t<div class=\"elementor-widget-wrap elementor-element-populated\">\n\t\t\t\t\t\t<div class=\"elementor-element elementor-element-7d292fe elementor-widget elementor-widget-heading\" data-id=\"7d292fe\" data-element_type=\"widget\" data-widget_type=\"heading.default\">\n\t\t\t\t<div class=\"elementor-widget-container\">\n\t\t\t\t\t<h2 class=\"elementor-heading-title elementor-size-default\">Diversit\u00e9 \u00e9nerg\u00e9tique et opportunit\u00e9s \u00e9conomiques<\/h2>\t\t\t\t<\/div>\n\t\t\t\t<\/div>\n\t\t\t\t<section class=\"elementor-section elementor-inner-section elementor-element elementor-element-6e6c94c elementor-section-boxed elementor-section-height-default elementor-section-height-default\" data-id=\"6e6c94c\" data-element_type=\"section\">\n\t\t\t\t\t\t<div class=\"elementor-container elementor-column-gap-default\">\n\t\t\t\t\t<div class=\"elementor-column elementor-col-100 elementor-inner-column elementor-element elementor-element-4bdaa26\" data-id=\"4bdaa26\" data-element_type=\"column\">\n\t\t\t<div class=\"elementor-widget-wrap elementor-element-populated\">\n\t\t\t\t\t\t<div class=\"elementor-element elementor-element-2d1517d elementor-widget elementor-widget-text-editor\" data-id=\"2d1517d\" data-element_type=\"widget\" data-widget_type=\"text-editor.default\">\n\t\t\t\t<div class=\"elementor-widget-container\">\n\t\t\t\t\t\t\t\t\t<p><span style=\"font-weight: 400;\">Le th\u00e8me officiel du Caribbean Energy Week 2026, \u00ab Leveraging Energy Diversity Across the Caribbean \u00bb, met en avant la diversit\u00e9 des ressources \u00e9nerg\u00e9tiques de la r\u00e9gion. La Cara\u00efbe dispose d\u2019un \u00e9ventail de sources \u00e9nerg\u00e9tiques allant du p\u00e9trole offshore aux \u00e9nergies renouvelables, en passant par le gaz naturel et les cr\u00e9dits carbone. Cette diversit\u00e9 constitue un levier strat\u00e9gique pour la croissance \u00e9conomique r\u00e9gionale.<\/span><\/p>\t\t\t\t\t\t\t\t<\/div>\n\t\t\t\t<\/div>\n\t\t\t\t<div class=\"elementor-element elementor-element-895e010 elementor-widget elementor-widget-text-editor\" data-id=\"895e010\" data-element_type=\"widget\" data-widget_type=\"text-editor.default\">\n\t\t\t\t<div class=\"elementor-widget-container\">\n\t\t\t\t\t\t\t\t\t<p><span style=\"font-weight: 400;\">Les hydrocarbures demeurent un pilier important. Le p\u00e9trole et le gaz continuent d\u2019attirer des investissements massifs, notamment au Guyana, au Suriname et \u00e0 Trinidad-et-Tobago. Toutefois, l\u2019\u00e9v\u00e9nement met \u00e9galement l\u2019accent sur les \u00e9nergies renouvelables, telles que le solaire, l\u2019\u00e9olien et la g\u00e9othermie. Plusieurs territoires insulaires cherchent \u00e0 r\u00e9duire leur d\u00e9pendance aux importations de carburants en d\u00e9veloppant des infrastructures \u00e9nerg\u00e9tiques locales.<\/span><\/p>\t\t\t\t\t\t\t\t<\/div>\n\t\t\t\t<\/div>\n\t\t\t\t<div class=\"elementor-element elementor-element-b97268a elementor-widget elementor-widget-text-editor\" data-id=\"b97268a\" data-element_type=\"widget\" data-widget_type=\"text-editor.default\">\n\t\t\t\t<div class=\"elementor-widget-container\">\n\t\t\t\t\t\t\t\t\t<p><span style=\"font-weight: 400;\">Le Caribbean Energy Week 2026 abordera \u00e9galement les march\u00e9s du carbone, le stockage d\u2019\u00e9nergie et les min\u00e9raux critiques n\u00e9cessaires \u00e0 la transition \u00e9nerg\u00e9tique mondiale. Ces secteurs repr\u00e9sentent de nouvelles opportunit\u00e9s \u00e9conomiques pour les pays carib\u00e9ens, qui peuvent se positionner comme fournisseurs de ressources ou comme hubs d\u2019innovation \u00e9nerg\u00e9tique.<\/span><\/p>\t\t\t\t\t\t\t\t<\/div>\n\t\t\t\t<\/div>\n\t\t\t\t\t<\/div>\n\t\t<\/div>\n\t\t\t\t\t<\/div>\n\t\t<\/section>\n\t\t\t\t<section class=\"elementor-section elementor-inner-section elementor-element elementor-element-c621650 elementor-section-boxed elementor-section-height-default elementor-section-height-default\" data-id=\"c621650\" data-element_type=\"section\">\n\t\t\t\t\t\t<div class=\"elementor-container elementor-column-gap-default\">\n\t\t\t\t\t<div class=\"elementor-column elementor-col-50 elementor-inner-column elementor-element elementor-element-cab5cb3\" data-id=\"cab5cb3\" data-element_type=\"column\">\n\t\t\t<div class=\"elementor-widget-wrap elementor-element-populated\">\n\t\t\t\t\t\t<div class=\"elementor-element elementor-element-1f49ec5 elementor-widget elementor-widget-image\" data-id=\"1f49ec5\" data-element_type=\"widget\" data-widget_type=\"image.default\">\n\t\t\t\t<div class=\"elementor-widget-container\">\n\t\t\t\t\t\t\t\t\t\t\t\t<figure class=\"wp-caption\">\n\t\t\t\t\t\t\t\t\t\t<img decoding=\"async\" width=\"800\" height=\"522\" src=\"https:\/\/richeskarayib.com\/wp-content\/uploads\/2026\/02\/\u00a9-Energy-Capital-Power-8.jpg\" class=\"attachment-large size-large wp-image-69078\" alt=\"Caribbean Energy Week 2026\" srcset=\"https:\/\/richeskarayib.com\/wp-content\/uploads\/2026\/02\/\u00a9-Energy-Capital-Power-8.jpg 864w, https:\/\/richeskarayib.com\/wp-content\/uploads\/2026\/02\/\u00a9-Energy-Capital-Power-8-300x196.jpg 300w, https:\/\/richeskarayib.com\/wp-content\/uploads\/2026\/02\/\u00a9-Energy-Capital-Power-8-768x501.jpg 768w\" sizes=\"(max-width: 800px) 100vw, 800px\" \/>\t\t\t\t\t\t\t\t\t\t\t<figcaption class=\"widget-image-caption wp-caption-text\">\u00a9 Energy Capital &amp; Power<\/figcaption>\n\t\t\t\t\t\t\t\t\t\t<\/figure>\n\t\t\t\t\t\t\t\t\t<\/div>\n\t\t\t\t<\/div>\n\t\t\t\t\t<\/div>\n\t\t<\/div>\n\t\t\t\t<div class=\"elementor-column elementor-col-50 elementor-inner-column elementor-element elementor-element-9d595e5\" data-id=\"9d595e5\" data-element_type=\"column\">\n\t\t\t<div class=\"elementor-widget-wrap elementor-element-populated\">\n\t\t\t\t\t\t<div class=\"elementor-element elementor-element-8edc89b elementor-widget elementor-widget-image\" data-id=\"8edc89b\" data-element_type=\"widget\" data-widget_type=\"image.default\">\n\t\t\t\t<div class=\"elementor-widget-container\">\n\t\t\t\t\t\t\t\t\t\t\t\t<figure class=\"wp-caption\">\n\t\t\t\t\t\t\t\t\t\t<img loading=\"lazy\" decoding=\"async\" width=\"800\" height=\"492\" src=\"https:\/\/richeskarayib.com\/wp-content\/uploads\/2026\/02\/\u00a9-Energy-Capital-Power-5.jpg\" class=\"attachment-large size-large wp-image-69082\" alt=\"Caribbean Energy Week 2026\" srcset=\"https:\/\/richeskarayib.com\/wp-content\/uploads\/2026\/02\/\u00a9-Energy-Capital-Power-5.jpg 857w, https:\/\/richeskarayib.com\/wp-content\/uploads\/2026\/02\/\u00a9-Energy-Capital-Power-5-300x184.jpg 300w, https:\/\/richeskarayib.com\/wp-content\/uploads\/2026\/02\/\u00a9-Energy-Capital-Power-5-768x472.jpg 768w\" sizes=\"(max-width: 800px) 100vw, 800px\" \/>\t\t\t\t\t\t\t\t\t\t\t<figcaption class=\"widget-image-caption wp-caption-text\">\u00a9 Energy Capital &amp; Power<\/figcaption>\n\t\t\t\t\t\t\t\t\t\t<\/figure>\n\t\t\t\t\t\t\t\t\t<\/div>\n\t\t\t\t<\/div>\n\t\t\t\t\t<\/div>\n\t\t<\/div>\n\t\t\t\t\t<\/div>\n\t\t<\/section>\n\t\t\t\t<section class=\"elementor-section elementor-inner-section elementor-element elementor-element-c582330 elementor-section-boxed elementor-section-height-default elementor-section-height-default\" data-id=\"c582330\" data-element_type=\"section\">\n\t\t\t\t\t\t<div class=\"elementor-container elementor-column-gap-default\">\n\t\t\t\t\t\t<\/div>\n\t\t<\/section>\n\t\t\t\t<section class=\"elementor-section elementor-inner-section elementor-element elementor-element-296603a elementor-section-boxed elementor-section-height-default elementor-section-height-default\" data-id=\"296603a\" data-element_type=\"section\">\n\t\t\t\t\t\t<div class=\"elementor-container elementor-column-gap-default\">\n\t\t\t\t\t\t<\/div>\n\t\t<\/section>\n\t\t\t\t\t<\/div>\n\t\t<\/div>\n\t\t\t\t\t<\/div>\n\t\t<\/section>\n\t\t\t\t<section class=\"elementor-section elementor-top-section elementor-element elementor-element-5a7397d elementor-section-boxed elementor-section-height-default elementor-section-height-default\" data-id=\"5a7397d\" data-element_type=\"section\">\n\t\t\t\t\t\t<div class=\"elementor-container elementor-column-gap-default\">\n\t\t\t\t\t<div class=\"elementor-column elementor-col-100 elementor-top-column elementor-element elementor-element-8b33b4b\" data-id=\"8b33b4b\" data-element_type=\"column\">\n\t\t\t<div class=\"elementor-widget-wrap elementor-element-populated\">\n\t\t\t\t\t\t<div class=\"elementor-element elementor-element-89dac4b elementor-widget elementor-widget-heading\" data-id=\"89dac4b\" data-element_type=\"widget\" data-widget_type=\"heading.default\">\n\t\t\t\t<div class=\"elementor-widget-container\">\n\t\t\t\t\t<h2 class=\"elementor-heading-title elementor-size-default\">Impact sur l\u2019emploi et la formation<\/h2>\t\t\t\t<\/div>\n\t\t\t\t<\/div>\n\t\t\t\t<div class=\"elementor-element elementor-element-819dd2d elementor-widget elementor-widget-text-editor\" data-id=\"819dd2d\" data-element_type=\"widget\" data-widget_type=\"text-editor.default\">\n\t\t\t\t<div class=\"elementor-widget-container\">\n\t\t\t\t\t\t\t\t\t<p><span style=\"font-weight: 400;\">L\u2019une des cons\u00e9quences majeures de la transformation \u00e9nerg\u00e9tique r\u00e9gionale concerne l\u2019emploi. Les projets \u00e9nerg\u00e9tiques n\u00e9cessitent des comp\u00e9tences sp\u00e9cialis\u00e9es dans l\u2019ing\u00e9nierie, la logistique, la maintenance et la gestion de projets. Le Caribbean Energy Week 2026 mettra en avant la n\u00e9cessit\u00e9 de renforcer la formation et le d\u00e9veloppement des comp\u00e9tences locales afin de permettre aux populations carib\u00e9ennes de b\u00e9n\u00e9ficier directement de ces nouvelles opportunit\u00e9s.<\/span><\/p>\t\t\t\t\t\t\t\t<\/div>\n\t\t\t\t<\/div>\n\t\t\t\t<div class=\"elementor-element elementor-element-39eae7a elementor-widget elementor-widget-text-editor\" data-id=\"39eae7a\" data-element_type=\"widget\" data-widget_type=\"text-editor.default\">\n\t\t\t\t<div class=\"elementor-widget-container\">\n\t\t\t\t\t\t\t\t\t<p><span style=\"font-weight: 400;\">Plusieurs sessions seront consacr\u00e9es au renforcement des capacit\u00e9s locales et \u00e0 la formation de la main-d\u2019\u0153uvre. L\u2019objectif est de r\u00e9duire la d\u00e9pendance \u00e0 la main-d\u2019\u0153uvre \u00e9trang\u00e8re et de favoriser l\u2019int\u00e9gration des talents carib\u00e9ens dans les projets \u00e9nerg\u00e9tiques. Cette dimension sociale et \u00e9conomique est essentielle pour garantir que la croissance \u00e9nerg\u00e9tique profite r\u00e9ellement aux populations locales.<\/span><\/p>\t\t\t\t\t\t\t\t<\/div>\n\t\t\t\t<\/div>\n\t\t\t\t<div class=\"elementor-element elementor-element-a69347f elementor-widget elementor-widget-text-editor\" data-id=\"a69347f\" data-element_type=\"widget\" data-widget_type=\"text-editor.default\">\n\t\t\t\t<div class=\"elementor-widget-container\">\n\t\t\t\t\t\t\t\t\t<p><span style=\"font-weight: 400;\">La mont\u00e9e en puissance du secteur \u00e9nerg\u00e9tique pourrait \u00e9galement stimuler d\u2019autres secteurs, notamment la construction, les services financiers, la logistique et les technologies num\u00e9riques. Le Caribbean Energy Week 2026 mettra en \u00e9vidence ces effets multiplicateurs sur l\u2019\u00e9conomie r\u00e9gionale.<\/span><\/p>\t\t\t\t\t\t\t\t<\/div>\n\t\t\t\t<\/div>\n\t\t\t\t\t<\/div>\n\t\t<\/div>\n\t\t\t\t\t<\/div>\n\t\t<\/section>\n\t\t\t\t<section class=\"elementor-section elementor-top-section elementor-element elementor-element-b78c137 elementor-section-boxed elementor-section-height-default elementor-section-height-default\" data-id=\"b78c137\" data-element_type=\"section\">\n\t\t\t\t\t\t<div class=\"elementor-container elementor-column-gap-default\">\n\t\t\t\t\t<div class=\"elementor-column elementor-col-100 elementor-top-column elementor-element elementor-element-3e36b0c\" data-id=\"3e36b0c\" data-element_type=\"column\">\n\t\t\t<div class=\"elementor-widget-wrap elementor-element-populated\">\n\t\t\t\t\t\t<div class=\"elementor-element elementor-element-374c0f9 elementor-widget elementor-widget-heading\" data-id=\"374c0f9\" data-element_type=\"widget\" data-widget_type=\"heading.default\">\n\t\t\t\t<div class=\"elementor-widget-container\">\n\t\t\t\t\t<h2 class=\"elementor-heading-title elementor-size-default\">Infrastructures et connectivit\u00e9 r\u00e9gionale<\/h2>\t\t\t\t<\/div>\n\t\t\t\t<\/div>\n\t\t\t\t<div class=\"elementor-element elementor-element-9fc41bc elementor-widget elementor-widget-text-editor\" data-id=\"9fc41bc\" data-element_type=\"widget\" data-widget_type=\"text-editor.default\">\n\t\t\t\t<div class=\"elementor-widget-container\">\n\t\t\t\t\t\t\t\t\t<p><span style=\"font-weight: 400;\">Le d\u00e9veloppement \u00e9nerg\u00e9tique entra\u00eene \u00e9galement des investissements dans les infrastructures. Ports, r\u00e9seaux \u00e9lectriques, pipelines et installations de stockage font partie des projets envisag\u00e9s dans plusieurs pays. Ces infrastructures sont essentielles pour soutenir la croissance \u00e9conomique et am\u00e9liorer la connectivit\u00e9 r\u00e9gionale.<\/span><\/p>\t\t\t\t\t\t\t\t<\/div>\n\t\t\t\t<\/div>\n\t\t\t\t<div class=\"elementor-element elementor-element-bda3b25 elementor-widget elementor-widget-text-editor\" data-id=\"bda3b25\" data-element_type=\"widget\" data-widget_type=\"text-editor.default\">\n\t\t\t\t<div class=\"elementor-widget-container\">\n\t\t\t\t\t\t\t\t\t<p><span style=\"font-weight: 400;\">Le Caribbean Energy Week 2026 permettra de pr\u00e9senter plusieurs projets d\u2019infrastructures visant \u00e0 renforcer l\u2019int\u00e9gration \u00e9nerg\u00e9tique de la r\u00e9gion. La coop\u00e9ration entre \u00c9tats carib\u00e9ens est consid\u00e9r\u00e9e comme un facteur cl\u00e9 pour optimiser les ressources et r\u00e9duire les co\u00fbts. Des discussions porteront sur les interconnexions \u00e9lectriques, le transport du gaz naturel et la cr\u00e9ation de hubs logistiques r\u00e9gionaux.<\/span><\/p>\t\t\t\t\t\t\t\t<\/div>\n\t\t\t\t<\/div>\n\t\t\t\t<div class=\"elementor-element elementor-element-43ab104 elementor-widget elementor-widget-text-editor\" data-id=\"43ab104\" data-element_type=\"widget\" data-widget_type=\"text-editor.default\">\n\t\t\t\t<div class=\"elementor-widget-container\">\n\t\t\t\t\t\t\t\t\t<p><span style=\"font-weight: 400;\">Ces investissements pourraient transformer la mobilit\u00e9 des biens et des services dans la Cara\u00efbe, facilitant les \u00e9changes commerciaux et renfor\u00e7ant la comp\u00e9titivit\u00e9 r\u00e9gionale. L\u2019\u00e9nergie devient ainsi un vecteur d\u2019int\u00e9gration \u00e9conomique.<\/span><\/p>\t\t\t\t\t\t\t\t<\/div>\n\t\t\t\t<\/div>\n\t\t\t\t<section class=\"elementor-section elementor-inner-section elementor-element elementor-element-e1a01f4 elementor-section-boxed elementor-section-height-default elementor-section-height-default\" data-id=\"e1a01f4\" data-element_type=\"section\">\n\t\t\t\t\t\t<div class=\"elementor-container elementor-column-gap-default\">\n\t\t\t\t\t<div class=\"elementor-column elementor-col-50 elementor-inner-column elementor-element elementor-element-2e62625\" data-id=\"2e62625\" data-element_type=\"column\">\n\t\t\t<div class=\"elementor-widget-wrap elementor-element-populated\">\n\t\t\t\t\t\t<div class=\"elementor-element elementor-element-7f4f808 elementor-widget elementor-widget-image\" data-id=\"7f4f808\" data-element_type=\"widget\" data-widget_type=\"image.default\">\n\t\t\t\t<div class=\"elementor-widget-container\">\n\t\t\t\t\t\t\t\t\t\t\t\t<figure class=\"wp-caption\">\n\t\t\t\t\t\t\t\t\t\t<img loading=\"lazy\" decoding=\"async\" width=\"800\" height=\"495\" src=\"https:\/\/richeskarayib.com\/wp-content\/uploads\/2026\/02\/\u00a9-Energy-Capital-Power-4.jpg\" class=\"attachment-large size-large wp-image-69090\" alt=\"Caribbean Energy Week 2026\" srcset=\"https:\/\/richeskarayib.com\/wp-content\/uploads\/2026\/02\/\u00a9-Energy-Capital-Power-4.jpg 871w, https:\/\/richeskarayib.com\/wp-content\/uploads\/2026\/02\/\u00a9-Energy-Capital-Power-4-300x186.jpg 300w, https:\/\/richeskarayib.com\/wp-content\/uploads\/2026\/02\/\u00a9-Energy-Capital-Power-4-768x475.jpg 768w\" sizes=\"(max-width: 800px) 100vw, 800px\" \/>\t\t\t\t\t\t\t\t\t\t\t<figcaption class=\"widget-image-caption wp-caption-text\">\u00a9 Energy Capital &amp; Power<\/figcaption>\n\t\t\t\t\t\t\t\t\t\t<\/figure>\n\t\t\t\t\t\t\t\t\t<\/div>\n\t\t\t\t<\/div>\n\t\t\t\t\t<\/div>\n\t\t<\/div>\n\t\t\t\t<div class=\"elementor-column elementor-col-50 elementor-inner-column elementor-element elementor-element-522ffb4\" data-id=\"522ffb4\" data-element_type=\"column\">\n\t\t\t<div class=\"elementor-widget-wrap elementor-element-populated\">\n\t\t\t\t\t\t<div class=\"elementor-element elementor-element-43bb3b2 elementor-widget elementor-widget-image\" data-id=\"43bb3b2\" data-element_type=\"widget\" data-widget_type=\"image.default\">\n\t\t\t\t<div class=\"elementor-widget-container\">\n\t\t\t\t\t\t\t\t\t\t\t\t<figure class=\"wp-caption\">\n\t\t\t\t\t\t\t\t\t\t<img loading=\"lazy\" decoding=\"async\" width=\"784\" height=\"478\" src=\"https:\/\/richeskarayib.com\/wp-content\/uploads\/2026\/02\/\u00a9-Energy-Capital-Power-6.jpg\" class=\"attachment-large size-large wp-image-69094\" alt=\"Caribbean Energy Week 2026\" srcset=\"https:\/\/richeskarayib.com\/wp-content\/uploads\/2026\/02\/\u00a9-Energy-Capital-Power-6.jpg 784w, https:\/\/richeskarayib.com\/wp-content\/uploads\/2026\/02\/\u00a9-Energy-Capital-Power-6-300x183.jpg 300w, https:\/\/richeskarayib.com\/wp-content\/uploads\/2026\/02\/\u00a9-Energy-Capital-Power-6-768x468.jpg 768w\" sizes=\"(max-width: 784px) 100vw, 784px\" \/>\t\t\t\t\t\t\t\t\t\t\t<figcaption class=\"widget-image-caption wp-caption-text\">\u00a9 Energy Capital &amp; Power<\/figcaption>\n\t\t\t\t\t\t\t\t\t\t<\/figure>\n\t\t\t\t\t\t\t\t\t<\/div>\n\t\t\t\t<\/div>\n\t\t\t\t\t<\/div>\n\t\t<\/div>\n\t\t\t\t\t<\/div>\n\t\t<\/section>\n\t\t\t\t\t<\/div>\n\t\t<\/div>\n\t\t\t\t\t<\/div>\n\t\t<\/section>\n\t\t\t\t<section class=\"elementor-section elementor-top-section elementor-element elementor-element-4a591a4 elementor-section-boxed elementor-section-height-default elementor-section-height-default\" data-id=\"4a591a4\" data-element_type=\"section\">\n\t\t\t\t\t\t<div class=\"elementor-container elementor-column-gap-default\">\n\t\t\t\t\t<div class=\"elementor-column elementor-col-100 elementor-top-column elementor-element elementor-element-2b4a186\" data-id=\"2b4a186\" data-element_type=\"column\">\n\t\t\t<div class=\"elementor-widget-wrap elementor-element-populated\">\n\t\t\t\t\t\t<div class=\"elementor-element elementor-element-d6f1ffe elementor-widget elementor-widget-heading\" data-id=\"d6f1ffe\" data-element_type=\"widget\" data-widget_type=\"heading.default\">\n\t\t\t\t<div class=\"elementor-widget-container\">\n\t\t\t\t\t<h2 class=\"elementor-heading-title elementor-size-default\">Attractivit\u00e9 internationale et flux financiers<\/h2>\t\t\t\t<\/div>\n\t\t\t\t<\/div>\n\t\t\t\t<div class=\"elementor-element elementor-element-0fae3ed elementor-widget elementor-widget-text-editor\" data-id=\"0fae3ed\" data-element_type=\"widget\" data-widget_type=\"text-editor.default\">\n\t\t\t\t<div class=\"elementor-widget-container\">\n\t\t\t\t\t\t\t\t\t<p><span style=\"font-weight: 400;\">L\u2019un des enjeux majeurs du Caribbean Energy Week 2026 r\u00e9side dans sa capacit\u00e9 \u00e0 attirer des capitaux internationaux. La r\u00e9gion cherche \u00e0 se positionner comme une destination d\u2019investissement fiable et stable. Les banques de d\u00e9veloppement, les fonds d\u2019investissement et les institutions financi\u00e8res internationales seront pr\u00e9sents afin d\u2019\u00e9valuer les opportunit\u00e9s offertes par la transformation \u00e9nerg\u00e9tique carib\u00e9enne.<\/span><\/p><p><span style=\"font-weight: 400;\">La participation d\u2019acteurs internationaux renforce la cr\u00e9dibilit\u00e9 des projets r\u00e9gionaux et facilite l\u2019acc\u00e8s au financement. Le Caribbean Energy Week 2026 servira de vitrine pour pr\u00e9senter les opportunit\u00e9s d\u2019investissement et d\u00e9montrer la viabilit\u00e9 \u00e9conomique des projets \u00e9nerg\u00e9tiques carib\u00e9ens. Cette visibilit\u00e9 internationale est essentielle pour attirer les capitaux n\u00e9cessaires au d\u00e9veloppement des infrastructures.<\/span><\/p>\t\t\t\t\t\t\t\t<\/div>\n\t\t\t\t<\/div>\n\t\t\t\t<div class=\"elementor-element elementor-element-f716637 elementor-widget elementor-widget-text-editor\" data-id=\"f716637\" data-element_type=\"widget\" data-widget_type=\"text-editor.default\">\n\t\t\t\t<div class=\"elementor-widget-container\">\n\t\t\t\t\t\t\t\t\t<p><span style=\"font-weight: 400;\">L\u2019afflux de financements pourrait \u00e9galement contribuer \u00e0 diversifier les \u00e9conomies carib\u00e9ennes et \u00e0 r\u00e9duire leur d\u00e9pendance \u00e0 certains secteurs traditionnels. L\u2019\u00e9nergie devient un levier de stabilit\u00e9 \u00e9conomique et de croissance \u00e0 long terme.<\/span><\/p>\t\t\t\t\t\t\t\t<\/div>\n\t\t\t\t<\/div>\n\t\t\t\t\t<\/div>\n\t\t<\/div>\n\t\t\t\t\t<\/div>\n\t\t<\/section>\n\t\t\t\t<section class=\"elementor-section elementor-top-section elementor-element elementor-element-dd574a7 elementor-section-boxed elementor-section-height-default elementor-section-height-default\" data-id=\"dd574a7\" data-element_type=\"section\">\n\t\t\t\t\t\t<div class=\"elementor-container elementor-column-gap-default\">\n\t\t\t\t\t<div class=\"elementor-column elementor-col-100 elementor-top-column elementor-element elementor-element-e7a8d4e\" data-id=\"e7a8d4e\" data-element_type=\"column\">\n\t\t\t<div class=\"elementor-widget-wrap elementor-element-populated\">\n\t\t\t\t\t\t<div class=\"elementor-element elementor-element-6c595e9 elementor-widget elementor-widget-heading\" data-id=\"6c595e9\" data-element_type=\"widget\" data-widget_type=\"heading.default\">\n\t\t\t\t<div class=\"elementor-widget-container\">\n\t\t\t\t\t<h2 class=\"elementor-heading-title elementor-size-default\">Une transition vers une \u00e9conomie plus diversifi\u00e9e<\/h2>\t\t\t\t<\/div>\n\t\t\t\t<\/div>\n\t\t\t\t<div class=\"elementor-element elementor-element-4ff1967 elementor-widget elementor-widget-text-editor\" data-id=\"4ff1967\" data-element_type=\"widget\" data-widget_type=\"text-editor.default\">\n\t\t\t\t<div class=\"elementor-widget-container\">\n\t\t\t\t\t\t\t\t\t<p><span style=\"font-weight: 400;\">Le Caribbean Energy Week 2026 illustre une transition plus large vers une \u00e9conomie carib\u00e9enne diversifi\u00e9e. Si le tourisme demeure un pilier important, l\u2019\u00e9nergie ouvre de nouvelles perspectives. Les pays de la r\u00e9gion cherchent \u00e0 d\u00e9velopper des industries compl\u00e9mentaires, \u00e0 renforcer leurs capacit\u00e9s technologiques et \u00e0 am\u00e9liorer leur r\u00e9silience \u00e9conomique.<\/span><\/p><p><span style=\"font-weight: 400;\">Cette diversification est essentielle pour faire face aux chocs externes, qu\u2019ils soient \u00e9conomiques ou climatiques. En investissant dans l\u2019\u00e9nergie et les infrastructures, la Cara\u00efbe peut r\u00e9duire sa vuln\u00e9rabilit\u00e9 et renforcer sa souverainet\u00e9 \u00e9conomique. Le Caribbean Energy Week 2026 s\u2019inscrit dans cette logique de transformation structurelle.<\/span><\/p>\t\t\t\t\t\t\t\t<\/div>\n\t\t\t\t<\/div>\n\t\t\t\t<div class=\"elementor-element elementor-element-c2a3c2c elementor-widget elementor-widget-image\" data-id=\"c2a3c2c\" data-element_type=\"widget\" data-widget_type=\"image.default\">\n\t\t\t\t<div class=\"elementor-widget-container\">\n\t\t\t\t\t\t\t\t\t\t\t\t<figure class=\"wp-caption\">\n\t\t\t\t\t\t\t\t\t\t<img loading=\"lazy\" decoding=\"async\" width=\"800\" height=\"500\" src=\"https:\/\/richeskarayib.com\/wp-content\/uploads\/2026\/02\/\u00a9-Energy-Capital-Power-1024x640.jpg\" class=\"attachment-large size-large wp-image-69098\" alt=\"Caribbean Energy Week 2026\" srcset=\"https:\/\/richeskarayib.com\/wp-content\/uploads\/2026\/02\/\u00a9-Energy-Capital-Power-1024x640.jpg 1024w, https:\/\/richeskarayib.com\/wp-content\/uploads\/2026\/02\/\u00a9-Energy-Capital-Power-300x188.jpg 300w, https:\/\/richeskarayib.com\/wp-content\/uploads\/2026\/02\/\u00a9-Energy-Capital-Power-768x480.jpg 768w, https:\/\/richeskarayib.com\/wp-content\/uploads\/2026\/02\/\u00a9-Energy-Capital-Power-1536x960.jpg 1536w, https:\/\/richeskarayib.com\/wp-content\/uploads\/2026\/02\/\u00a9-Energy-Capital-Power-1320x825.jpg 1320w, https:\/\/richeskarayib.com\/wp-content\/uploads\/2026\/02\/\u00a9-Energy-Capital-Power.jpg 1920w\" sizes=\"(max-width: 800px) 100vw, 800px\" \/>\t\t\t\t\t\t\t\t\t\t\t<figcaption class=\"widget-image-caption wp-caption-text\">\u00a9 Energy Capital &amp; Power<\/figcaption>\n\t\t\t\t\t\t\t\t\t\t<\/figure>\n\t\t\t\t\t\t\t\t\t<\/div>\n\t\t\t\t<\/div>\n\t\t\t\t\t<\/div>\n\t\t<\/div>\n\t\t\t\t\t<\/div>\n\t\t<\/section>\n\t\t\t\t<section class=\"elementor-section elementor-top-section elementor-element elementor-element-98b7f6c elementor-section-boxed elementor-section-height-default elementor-section-height-default\" data-id=\"98b7f6c\" data-element_type=\"section\">\n\t\t\t\t\t\t<div class=\"elementor-container elementor-column-gap-default\">\n\t\t\t\t\t<div class=\"elementor-column elementor-col-100 elementor-top-column elementor-element elementor-element-4824a98\" data-id=\"4824a98\" data-element_type=\"column\">\n\t\t\t<div class=\"elementor-widget-wrap elementor-element-populated\">\n\t\t\t\t\t\t<div class=\"elementor-element elementor-element-401a8cd elementor-widget elementor-widget-heading\" data-id=\"401a8cd\" data-element_type=\"widget\" data-widget_type=\"heading.default\">\n\t\t\t\t<div class=\"elementor-widget-container\">\n\t\t\t\t\t<h2 class=\"elementor-heading-title elementor-size-default\">Une nouvelle \u00e8re pour l\u2019\u00e9conomie carib\u00e9enne<\/h2>\t\t\t\t<\/div>\n\t\t\t\t<\/div>\n\t\t\t\t<div class=\"elementor-element elementor-element-b781918 elementor-widget elementor-widget-text-editor\" data-id=\"b781918\" data-element_type=\"widget\" data-widget_type=\"text-editor.default\">\n\t\t\t\t<div class=\"elementor-widget-container\">\n\t\t\t\t\t\t\t\t\t<p><span style=\"font-weight: 400;\">Le Caribbean Energy Week 2026 ne se limite pas \u00e0 un rassemblement d\u2019experts et de d\u00e9cideurs. Il symbolise l\u2019entr\u00e9e de la Cara\u00efbe dans une nouvelle \u00e8re \u00e9conomique. La r\u00e9gion, longtemps d\u00e9pendante de secteurs traditionnels, se positionne d\u00e9sormais comme un acteur strat\u00e9gique dans le paysage \u00e9nerg\u00e9tique mondial.<\/span><\/p><p><span style=\"font-weight: 400;\">Les discussions et les partenariats qui \u00e9mergeront lors de cet \u00e9v\u00e9nement pourraient avoir des r\u00e9percussions durables sur les \u00e9conomies carib\u00e9ennes. Investissements, emplois, infrastructures et coop\u00e9ration r\u00e9gionale sont au c\u0153ur de cette transformation. Le Caribbean Energy Week 2026 offre ainsi une vision concr\u00e8te de l\u2019avenir \u00e9conomique de la r\u00e9gion.<\/span><\/p>\t\t\t\t\t\t\t\t<\/div>\n\t\t\t\t<\/div>\n\t\t\t\t<div class=\"elementor-element elementor-element-45ae92b elementor-widget elementor-widget-text-editor\" data-id=\"45ae92b\" data-element_type=\"widget\" data-widget_type=\"text-editor.default\">\n\t\t\t\t<div class=\"elementor-widget-container\">\n\t\t\t\t\t\t\t\t\t<p><span style=\"font-weight: 400;\">Alors que la <a href=\"https:\/\/richeskarayib.com\/fr\/crise-americano-venezuelienne-caraibe\/\" target=\"_blank\" rel=\"noopener\">Cara\u00efbe<\/a> se red\u00e9finit sur la sc\u00e8ne internationale, cet \u00e9v\u00e9nement appara\u00eet comme un moment charni\u00e8re. Il permet d\u2019anticiper les \u00e9volutions \u00e9conomiques \u00e0 venir et de mesurer l\u2019ampleur des transformations en cours. Pour les d\u00e9cideurs, les investisseurs et les populations de la r\u00e9gion, le Caribbean Energy Week 2026 repr\u00e9sente bien plus qu\u2019une conf\u00e9rence : il marque l\u2019\u00e9mergence d\u2019une nouvelle dynamique \u00e9conomique carib\u00e9enne.<\/span><\/p>\t\t\t\t\t\t\t\t<\/div>\n\t\t\t\t<\/div>\n\t\t\t\t\t<\/div>\n\t\t<\/div>\n\t\t\t\t\t<\/div>\n\t\t<\/section>\n\t\t\t\t<section class=\"elementor-section elementor-top-section elementor-element elementor-element-22bf69f elementor-section-boxed elementor-section-height-default elementor-section-height-default\" data-id=\"22bf69f\" data-element_type=\"section\">\n\t\t\t\t\t\t<div class=\"elementor-container elementor-column-gap-default\">\n\t\t\t\t\t<div class=\"elementor-column elementor-col-100 elementor-top-column elementor-element elementor-element-8aedddd\" data-id=\"8aedddd\" data-element_type=\"column\">\n\t\t\t<div class=\"elementor-widget-wrap elementor-element-populated\">\n\t\t\t\t\t\t<section class=\"elementor-section elementor-inner-section elementor-element elementor-element-c8e3557 elementor-section-boxed elementor-section-height-default elementor-section-height-default\" data-id=\"c8e3557\" data-element_type=\"section\">\n\t\t\t\t\t\t<div class=\"elementor-container elementor-column-gap-default\">\n\t\t\t\t\t<div class=\"elementor-column elementor-col-100 elementor-inner-column elementor-element elementor-element-1222702\" data-id=\"1222702\" data-element_type=\"column\">\n\t\t\t<div class=\"elementor-widget-wrap elementor-element-populated\">\n\t\t\t\t\t\t<div class=\"elementor-element elementor-element-2e40abe elementor-widget elementor-widget-accordion\" data-id=\"2e40abe\" data-element_type=\"widget\" data-widget_type=\"accordion.default\">\n\t\t\t\t<div class=\"elementor-widget-container\">\n\t\t\t\t\t\t\t<div class=\"elementor-accordion\">\n\t\t\t\t\t\t\t<div class=\"elementor-accordion-item\">\n\t\t\t\t\t<div id=\"elementor-tab-title-4841\" class=\"elementor-tab-title\" data-tab=\"1\" role=\"button\" aria-controls=\"elementor-tab-content-4841\" aria-expanded=\"false\">\n\t\t\t\t\t\t\t\t\t\t\t\t\t<span class=\"elementor-accordion-icon elementor-accordion-icon-left\" aria-hidden=\"true\">\n\t\t\t\t\t\t\t\t\t\t\t\t\t\t\t<span class=\"elementor-accordion-icon-closed\"><i class=\"fas fa-plus\"><\/i><\/span>\n\t\t\t\t\t\t\t\t<span class=\"elementor-accordion-icon-opened\"><i class=\"fas fa-minus\"><\/i><\/span>\n\t\t\t\t\t\t\t\t\t\t\t\t\t\t<\/span>\n\t\t\t\t\t\t\t\t\t\t\t\t<a class=\"elementor-accordion-title\" tabindex=\"0\">Quand se d\u00e9roule le Caribbean Energy Week 2026 ?<\/a>\n\t\t\t\t\t<\/div>\n\t\t\t\t\t<div id=\"elementor-tab-content-4841\" class=\"elementor-tab-content elementor-clearfix\" data-tab=\"1\" role=\"region\" aria-labelledby=\"elementor-tab-title-4841\"><p><span style=\"font-weight: 400;\">IL se tiendra du 30 mars au 1er avril 2026 \u00e0 Paramaribo, au Suriname, r\u00e9unissant acteurs publics et priv\u00e9s du secteur \u00e9nerg\u00e9tique.<\/span><\/p><\/div>\n\t\t\t\t<\/div>\n\t\t\t\t\t\t\t<div class=\"elementor-accordion-item\">\n\t\t\t\t\t<div id=\"elementor-tab-title-4842\" class=\"elementor-tab-title\" data-tab=\"2\" role=\"button\" aria-controls=\"elementor-tab-content-4842\" aria-expanded=\"false\">\n\t\t\t\t\t\t\t\t\t\t\t\t\t<span class=\"elementor-accordion-icon elementor-accordion-icon-left\" aria-hidden=\"true\">\n\t\t\t\t\t\t\t\t\t\t\t\t\t\t\t<span class=\"elementor-accordion-icon-closed\"><i class=\"fas fa-plus\"><\/i><\/span>\n\t\t\t\t\t\t\t\t<span class=\"elementor-accordion-icon-opened\"><i class=\"fas fa-minus\"><\/i><\/span>\n\t\t\t\t\t\t\t\t\t\t\t\t\t\t<\/span>\n\t\t\t\t\t\t\t\t\t\t\t\t<a class=\"elementor-accordion-title\" tabindex=\"0\">Pourquoi le Caribbean Energy Week 2026 est-il important pour la Cara\u00efbe ?<\/a>\n\t\t\t\t\t<\/div>\n\t\t\t\t\t<div id=\"elementor-tab-content-4842\" class=\"elementor-tab-content elementor-clearfix\" data-tab=\"2\" role=\"region\" aria-labelledby=\"elementor-tab-title-4842\"><p><span style=\"font-weight: 400;\">Cet \u00e9v\u00e9nement met en relation gouvernements, investisseurs et entreprises afin d\u2019acc\u00e9l\u00e9rer les projets \u00e9nerg\u00e9tiques, d\u2019attirer des capitaux internationaux et de renforcer l\u2019\u00e9conomie r\u00e9gionale.<\/span><\/p><\/div>\n\t\t\t\t<\/div>\n\t\t\t\t\t\t\t<div class=\"elementor-accordion-item\">\n\t\t\t\t\t<div id=\"elementor-tab-title-4843\" class=\"elementor-tab-title\" data-tab=\"3\" role=\"button\" aria-controls=\"elementor-tab-content-4843\" aria-expanded=\"false\">\n\t\t\t\t\t\t\t\t\t\t\t\t\t<span class=\"elementor-accordion-icon elementor-accordion-icon-left\" aria-hidden=\"true\">\n\t\t\t\t\t\t\t\t\t\t\t\t\t\t\t<span class=\"elementor-accordion-icon-closed\"><i class=\"fas fa-plus\"><\/i><\/span>\n\t\t\t\t\t\t\t\t<span class=\"elementor-accordion-icon-opened\"><i class=\"fas fa-minus\"><\/i><\/span>\n\t\t\t\t\t\t\t\t\t\t\t\t\t\t<\/span>\n\t\t\t\t\t\t\t\t\t\t\t\t<a class=\"elementor-accordion-title\" tabindex=\"0\">Quels secteurs \u00e9conomiques sont concern\u00e9s par le Caribbean Energy Week 2026 ?<\/a>\n\t\t\t\t\t<\/div>\n\t\t\t\t\t<div id=\"elementor-tab-content-4843\" class=\"elementor-tab-content elementor-clearfix\" data-tab=\"3\" role=\"region\" aria-labelledby=\"elementor-tab-title-4843\"><p><span style=\"font-weight: 400;\">Il couvre le p\u00e9trole, le gaz, les \u00e9nergies renouvelables, les infrastructures \u00e9lectriques, les cr\u00e9dits carbone et les min\u00e9raux critiques li\u00e9s \u00e0 la transition \u00e9nerg\u00e9tique.<\/span><\/p><\/div>\n\t\t\t\t<\/div>\n\t\t\t\t\t\t\t\t<\/div>\n\t\t\t\t\t\t<\/div>\n\t\t\t\t<\/div>\n\t\t\t\t\t<\/div>\n\t\t<\/div>\n\t\t\t\t\t<\/div>\n\t\t<\/section>\n\t\t\t\t\t<\/div>\n\t\t<\/div>\n\t\t\t\t\t<\/div>\n\t\t<\/section>\n\t\t\t\t<\/div>\n\t\t","protected":false},"excerpt":{"rendered":"<p>Caribbean Energy Week 2026 marque un tournant majeur pour l\u2019\u00e9conomie carib\u00e9enne. Longtemps per\u00e7ue comme une r\u00e9gion essentiellement d\u00e9pendante du tourisme et des services, la Cara\u00efbe s\u2019impose d\u00e9sormais comme un territoire strat\u00e9gique dans le secteur mondial de l\u2019\u00e9nergie. L\u2019\u00e9v\u00e9nement, pr\u00e9vu du 30 mars au 1er avril 2026 \u00e0 Paramaribo, au Suriname, rassemble gouvernements, investisseurs, compagnies \u00e9nerg\u00e9tiques [&hellip;]<\/p>\n","protected":false},"author":662,"featured_media":69070,"comment_status":"open","ping_status":"open","sticky":false,"template":"","format":"standard","meta":{"_acf_changed":false,"footnotes":""},"categories":[840],"tags":[1653,1635,1696],"class_list":["post-69069","post","type-post","status-publish","format-standard","has-post-thumbnail","hentry","category-actus","tag-guyana-2","tag-suriname-2","tag-trinidad-tobago-fr"],"acf":[],"_links":{"self":[{"href":"https:\/\/richeskarayib.com\/fr\/wp-json\/wp\/v2\/posts\/69069","targetHints":{"allow":["GET"]}}],"collection":[{"href":"https:\/\/richeskarayib.com\/fr\/wp-json\/wp\/v2\/posts"}],"about":[{"href":"https:\/\/richeskarayib.com\/fr\/wp-json\/wp\/v2\/types\/post"}],"author":[{"embeddable":true,"href":"https:\/\/richeskarayib.com\/fr\/wp-json\/wp\/v2\/users\/662"}],"replies":[{"embeddable":true,"href":"https:\/\/richeskarayib.com\/fr\/wp-json\/wp\/v2\/comments?post=69069"}],"version-history":[{"count":0,"href":"https:\/\/richeskarayib.com\/fr\/wp-json\/wp\/v2\/posts\/69069\/revisions"}],"wp:featuredmedia":[{"embeddable":true,"href":"https:\/\/richeskarayib.com\/fr\/wp-json\/wp\/v2\/media\/69070"}],"wp:attachment":[{"href":"https:\/\/richeskarayib.com\/fr\/wp-json\/wp\/v2\/media?parent=69069"}],"wp:term":[{"taxonomy":"category","embeddable":true,"href":"https:\/\/richeskarayib.com\/fr\/wp-json\/wp\/v2\/categories?post=69069"},{"taxonomy":"post_tag","embeddable":true,"href":"https:\/\/richeskarayib.com\/fr\/wp-json\/wp\/v2\/tags?post=69069"}],"curies":[{"name":"wp","href":"https:\/\/api.w.org\/{rel}","templated":true}]}}