{"id":70500,"date":"2026-03-06T07:43:39","date_gmt":"2026-03-06T11:43:39","guid":{"rendered":"https:\/\/richeskarayib.com\/?p=70500"},"modified":"2026-03-06T07:43:39","modified_gmt":"2026-03-06T11:43:39","slug":"roots-and-future-2026-afrique-caraibe","status":"publish","type":"post","link":"https:\/\/richeskarayib.com\/fr\/roots-and-future-2026-afrique-caraibe\/","title":{"rendered":"Roots and Future 2026 : \u00e0 Ouagadougou, l\u2019Afrique et la Cara\u00efbe construisent un nouveau dialogue culturel et entrepreneurial"},"content":{"rendered":"\t\t<div data-elementor-type=\"wp-post\" data-elementor-id=\"70500\" class=\"elementor elementor-70500\" data-elementor-post-type=\"post\">\n\t\t\t\t\t\t<section class=\"elementor-section elementor-top-section elementor-element elementor-element-7ca7ca1 elementor-section-boxed elementor-section-height-default elementor-section-height-default\" data-id=\"7ca7ca1\" data-element_type=\"section\">\n\t\t\t\t\t\t<div class=\"elementor-container elementor-column-gap-default\">\n\t\t\t\t\t<div class=\"elementor-column elementor-col-100 elementor-top-column elementor-element elementor-element-cbdd002\" data-id=\"cbdd002\" data-element_type=\"column\">\n\t\t\t<div class=\"elementor-widget-wrap elementor-element-populated\">\n\t\t\t\t\t\t<section class=\"elementor-section elementor-inner-section elementor-element elementor-element-bc94849 elementor-section-boxed elementor-section-height-default elementor-section-height-default\" data-id=\"bc94849\" data-element_type=\"section\">\n\t\t\t\t\t\t<div class=\"elementor-container elementor-column-gap-default\">\n\t\t\t\t\t\t<\/div>\n\t\t<\/section>\n\t\t\t\t<section class=\"elementor-section elementor-inner-section elementor-element elementor-element-61571e6 elementor-section-boxed elementor-section-height-default elementor-section-height-default\" data-id=\"61571e6\" data-element_type=\"section\">\n\t\t\t\t\t\t<div class=\"elementor-container elementor-column-gap-default\">\n\t\t\t\t\t\t<\/div>\n\t\t<\/section>\n\t\t\t\t<section class=\"elementor-section elementor-inner-section elementor-element elementor-element-b6262e0 elementor-section-boxed elementor-section-height-default elementor-section-height-default\" data-id=\"b6262e0\" data-element_type=\"section\">\n\t\t\t\t\t\t<div class=\"elementor-container elementor-column-gap-default\">\n\t\t\t\t\t\t<\/div>\n\t\t<\/section>\n\t\t\t\t<section class=\"elementor-section elementor-inner-section elementor-element elementor-element-cca29fd elementor-section-boxed elementor-section-height-default elementor-section-height-default\" data-id=\"cca29fd\" data-element_type=\"section\">\n\t\t\t\t\t\t<div class=\"elementor-container elementor-column-gap-default\">\n\t\t\t\t\t\t<\/div>\n\t\t<\/section>\n\t\t\t\t\t<\/div>\n\t\t<\/div>\n\t\t\t\t\t<\/div>\n\t\t<\/section>\n\t\t\t\t<section class=\"elementor-section elementor-top-section elementor-element elementor-element-ee72354 elementor-section-boxed elementor-section-height-default elementor-section-height-default\" data-id=\"ee72354\" data-element_type=\"section\">\n\t\t\t\t\t\t<div class=\"elementor-container elementor-column-gap-default\">\n\t\t\t\t\t<div class=\"elementor-column elementor-col-100 elementor-top-column elementor-element elementor-element-c59d6fe\" data-id=\"c59d6fe\" data-element_type=\"column\">\n\t\t\t<div class=\"elementor-widget-wrap elementor-element-populated\">\n\t\t\t\t\t\t<div class=\"elementor-element elementor-element-e57451f elementor-widget elementor-widget-text-editor\" data-id=\"e57451f\" data-element_type=\"widget\" data-widget_type=\"text-editor.default\">\n\t\t\t\t<div class=\"elementor-widget-container\">\n\t\t\t\t\t\t\t\t\t<p><span style=\"font-weight: 400;\">\u00c0 Ouagadougou, la culture a r\u00e9cemment pris une dimension internationale particuli\u00e8re. Du 28 f\u00e9vrier au 3 mars 2026, la capitale du Burkina Faso a accueilli <\/span>Roots and Future 2026<span style=\"font-weight: 400;\">, une rencontre consacr\u00e9e au d\u00e9veloppement des industries culturelles et cr\u00e9atives et \u00e0 la coop\u00e9ration entre l\u2019Afrique et sa diaspora. Pens\u00e9 comme un espace de dialogue et de structuration du secteur culturel, cet \u00e9v\u00e9nement a rassembl\u00e9 artistes, entrepreneurs, institutions et acteurs de l\u2019\u00e9conomie cr\u00e9ative autour d\u2019une m\u00eame ambition : renforcer les ponts entre les territoires africains et les communaut\u00e9s diasporiques, notamment dans la <a href=\"https:\/\/richeskarayib.com\/fr\/riches-karayib-caribbean-broadcasting-union\/\" target=\"_blank\" rel=\"noopener\">Cara\u00efbe<\/a>.<\/span><\/p>\t\t\t\t\t\t\t\t<\/div>\n\t\t\t\t<\/div>\n\t\t\t\t<div class=\"elementor-element elementor-element-0e7f843 elementor-widget elementor-widget-text-editor\" data-id=\"0e7f843\" data-element_type=\"widget\" data-widget_type=\"text-editor.default\">\n\t\t\t\t<div class=\"elementor-widget-container\">\n\t\t\t\t\t\t\t\t\t<p><span style=\"font-weight: 400;\">Pour de nombreux observateurs, <\/span>Roots and Future 2026<span style=\"font-weight: 400;\"> marque une \u00e9tape importante dans la construction d\u2019un r\u00e9seau culturel international o\u00f9 les \u00e9changes artistiques et entrepreneuriaux deviennent un levier de d\u00e9veloppement.<\/span><\/p>\t\t\t\t\t\t\t\t<\/div>\n\t\t\t\t<\/div>\n\t\t\t\t\t<\/div>\n\t\t<\/div>\n\t\t\t\t\t<\/div>\n\t\t<\/section>\n\t\t\t\t<section class=\"elementor-section elementor-top-section elementor-element elementor-element-82cd8f9 elementor-section-boxed elementor-section-height-default elementor-section-height-default\" data-id=\"82cd8f9\" data-element_type=\"section\">\n\t\t\t\t\t\t<div class=\"elementor-container elementor-column-gap-default\">\n\t\t\t\t\t<div class=\"elementor-column elementor-col-100 elementor-top-column elementor-element elementor-element-0bfdc38\" data-id=\"0bfdc38\" data-element_type=\"column\">\n\t\t\t<div class=\"elementor-widget-wrap elementor-element-populated\">\n\t\t\t\t\t\t<div class=\"elementor-element elementor-element-7d292fe elementor-widget elementor-widget-heading\" data-id=\"7d292fe\" data-element_type=\"widget\" data-widget_type=\"heading.default\">\n\t\t\t\t<div class=\"elementor-widget-container\">\n\t\t\t\t\t<h2 class=\"elementor-heading-title elementor-size-default\">Une vision : relier l\u2019Afrique et ses diasporas culturelles<\/h2>\t\t\t\t<\/div>\n\t\t\t\t<\/div>\n\t\t\t\t<div class=\"elementor-element elementor-element-96caf50 elementor-widget elementor-widget-text-editor\" data-id=\"96caf50\" data-element_type=\"widget\" data-widget_type=\"text-editor.default\">\n\t\t\t\t<div class=\"elementor-widget-container\">\n\t\t\t\t\t\t\t\t\t<p><span style=\"font-weight: 400;\">Plac\u00e9e sous le th\u00e8me <\/span><b>\u00ab Authentic Africa and the Africa of the Diasporas \u00bb<\/b><span style=\"font-weight: 400;\">, la premi\u00e8re \u00e9dition de <\/span>Roots and Future 2026<span style=\"font-weight: 400;\"> s\u2019inscrit dans un mouvement global visant \u00e0 valoriser les identit\u00e9s culturelles noires et \u00e0 renforcer les coop\u00e9rations entre les territoires historiquement li\u00e9s par la diaspora africaine. Dans cet esprit, l\u2019\u00e9v\u00e9nement a propos\u00e9 plusieurs formats de rencontres professionnelles : masterclasses, sessions strat\u00e9giques, discussions entre entrepreneurs culturels et moments d\u2019\u00e9changes entre artistes.<\/span><\/p><p><span style=\"font-weight: 400;\">Ces initiatives ont permis d\u2019aborder des questions essentielles pour le secteur : financement des projets culturels, circulation des \u0153uvres, professionnalisation des acteurs et d\u00e9veloppement de nouveaux march\u00e9s pour les artistes africains. Au-del\u00e0 des discussions, <\/span>Roots and Future 2026<span style=\"font-weight: 400;\"> s\u2019est surtout distingu\u00e9 par sa volont\u00e9 de cr\u00e9er des collaborations concr\u00e8tes entre les diff\u00e9rents participants.<\/span><\/p>\t\t\t\t\t\t\t\t<\/div>\n\t\t\t\t<\/div>\n\t\t\t\t<div class=\"elementor-element elementor-element-4e88e00 elementor-widget elementor-widget-image\" data-id=\"4e88e00\" data-element_type=\"widget\" data-widget_type=\"image.default\">\n\t\t\t\t<div class=\"elementor-widget-container\">\n\t\t\t\t\t\t\t\t\t\t\t\t\t\t\t<img fetchpriority=\"high\" decoding=\"async\" width=\"663\" height=\"441\" src=\"https:\/\/richeskarayib.com\/wp-content\/uploads\/2026\/03\/Capture-decran-2026-03-06-a-15.06.09.png\" class=\"attachment-large size-large wp-image-70509\" alt=\"Roots and Future\" srcset=\"https:\/\/richeskarayib.com\/wp-content\/uploads\/2026\/03\/Capture-decran-2026-03-06-a-15.06.09.png 663w, https:\/\/richeskarayib.com\/wp-content\/uploads\/2026\/03\/Capture-decran-2026-03-06-a-15.06.09-300x200.png 300w\" sizes=\"(max-width: 663px) 100vw, 663px\" \/>\t\t\t\t\t\t\t\t\t\t\t\t\t\t\t<\/div>\n\t\t\t\t<\/div>\n\t\t\t\t<section class=\"elementor-section elementor-inner-section elementor-element elementor-element-c582330 elementor-section-boxed elementor-section-height-default elementor-section-height-default\" data-id=\"c582330\" data-element_type=\"section\">\n\t\t\t\t\t\t<div class=\"elementor-container elementor-column-gap-default\">\n\t\t\t\t\t\t<\/div>\n\t\t<\/section>\n\t\t\t\t<section class=\"elementor-section elementor-inner-section elementor-element elementor-element-296603a elementor-section-boxed elementor-section-height-default elementor-section-height-default\" data-id=\"296603a\" data-element_type=\"section\">\n\t\t\t\t\t\t<div class=\"elementor-container elementor-column-gap-default\">\n\t\t\t\t\t\t<\/div>\n\t\t<\/section>\n\t\t\t\t\t<\/div>\n\t\t<\/div>\n\t\t\t\t\t<\/div>\n\t\t<\/section>\n\t\t\t\t<section class=\"elementor-section elementor-top-section elementor-element elementor-element-5a7397d elementor-section-boxed elementor-section-height-default elementor-section-height-default\" data-id=\"5a7397d\" data-element_type=\"section\">\n\t\t\t\t\t\t<div class=\"elementor-container elementor-column-gap-default\">\n\t\t\t\t\t<div class=\"elementor-column elementor-col-100 elementor-top-column elementor-element elementor-element-8b33b4b\" data-id=\"8b33b4b\" data-element_type=\"column\">\n\t\t\t<div class=\"elementor-widget-wrap elementor-element-populated\">\n\t\t\t\t\t\t<div class=\"elementor-element elementor-element-89dac4b elementor-widget elementor-widget-heading\" data-id=\"89dac4b\" data-element_type=\"widget\" data-widget_type=\"heading.default\">\n\t\t\t\t<div class=\"elementor-widget-container\">\n\t\t\t\t\t<h2 class=\"elementor-heading-title elementor-size-default\">Une pr\u00e9sence carib\u00e9enne remarqu\u00e9e<\/h2>\t\t\t\t<\/div>\n\t\t\t\t<\/div>\n\t\t\t\t<div class=\"elementor-element elementor-element-43a45ac elementor-widget elementor-widget-text-editor\" data-id=\"43a45ac\" data-element_type=\"widget\" data-widget_type=\"text-editor.default\">\n\t\t\t\t<div class=\"elementor-widget-container\">\n\t\t\t\t\t\t\t\t\t<p><span style=\"font-weight: 400;\">L\u2019un des aspects les plus significatifs de <\/span>Roots and Future 2026<span style=\"font-weight: 400;\"> a \u00e9t\u00e9 la participation de personnalit\u00e9s issues de la Cara\u00efbe, illustrant l\u2019importance croissante des \u00e9changes culturels entre ces deux espaces.<\/span><\/p><p><span style=\"font-weight: 400;\">Parmi les invit\u00e9s figuraient l\u2019entrepreneur <\/span><b>Davon Carty<\/b><span style=\"font-weight: 400;\"> ainsi que <\/span><b>Victor E. Lewis<\/b><span style=\"font-weight: 400;\">, PDG de Caribbean One Media Group et directeur du Creative Campus Eco Institute (CCEI). \u00c0 travers le <\/span><b>CCEI<\/b><span style=\"font-weight: 400;\">, Victor E. Lewis d\u00e9veloppe des initiatives de formation et d\u2019accompagnement destin\u00e9es aux talents \u00e9voluant dans les industries cr\u00e9atives, le sport ou encore les secteurs li\u00e9s \u00e0 l\u2019environnement. Son travail vise \u00e0 ouvrir de nouvelles perspectives professionnelles pour les jeunes artistes et entrepreneurs culturels.<\/span><\/p>\t\t\t\t\t\t\t\t<\/div>\n\t\t\t\t<\/div>\n\t\t\t\t<div class=\"elementor-element elementor-element-a30e850 elementor-widget elementor-widget-text-editor\" data-id=\"a30e850\" data-element_type=\"widget\" data-widget_type=\"text-editor.default\">\n\t\t\t\t<div class=\"elementor-widget-container\">\n\t\t\t\t\t\t\t\t\t<p><span style=\"font-weight: 400;\">Sa pr\u00e9sence \u00e0 <\/span>Roots and Future 2026<span style=\"font-weight: 400;\"> a permis de partager l\u2019exp\u00e9rience carib\u00e9enne en mati\u00e8re d\u2019\u00e9conomie cr\u00e9ative, un domaine dans lequel la r\u00e9gion poss\u00e8de une expertise reconnue, notamment dans la musique, l\u2019\u00e9v\u00e9nementiel et les festivals culturels. Ces \u00e9changes ont \u00e9galement rappel\u00e9 \u00e0 quel point les trajectoires culturelles de l\u2019Afrique et de la Cara\u00efbe restent profond\u00e9ment li\u00e9es.<\/span><\/p>\t\t\t\t\t\t\t\t<\/div>\n\t\t\t\t<\/div>\n\t\t\t\t<div class=\"elementor-element elementor-element-86021d1 elementor-widget elementor-widget-image\" data-id=\"86021d1\" data-element_type=\"widget\" data-widget_type=\"image.default\">\n\t\t\t\t<div class=\"elementor-widget-container\">\n\t\t\t\t\t\t\t\t\t\t\t\t\t\t\t<img decoding=\"async\" width=\"662\" height=\"438\" src=\"https:\/\/richeskarayib.com\/wp-content\/uploads\/2026\/03\/Capture-decran-2026-03-06-a-15.05.59.png\" class=\"attachment-large size-large wp-image-70505\" alt=\"Roots and Future\" srcset=\"https:\/\/richeskarayib.com\/wp-content\/uploads\/2026\/03\/Capture-decran-2026-03-06-a-15.05.59.png 662w, https:\/\/richeskarayib.com\/wp-content\/uploads\/2026\/03\/Capture-decran-2026-03-06-a-15.05.59-300x198.png 300w\" sizes=\"(max-width: 662px) 100vw, 662px\" \/>\t\t\t\t\t\t\t\t\t\t\t\t\t\t\t<\/div>\n\t\t\t\t<\/div>\n\t\t\t\t\t<\/div>\n\t\t<\/div>\n\t\t\t\t\t<\/div>\n\t\t<\/section>\n\t\t\t\t<section class=\"elementor-section elementor-top-section elementor-element elementor-element-9c88a89 elementor-section-boxed elementor-section-height-default elementor-section-height-default\" data-id=\"9c88a89\" data-element_type=\"section\">\n\t\t\t\t\t\t<div class=\"elementor-container elementor-column-gap-default\">\n\t\t\t\t\t<div class=\"elementor-column elementor-col-100 elementor-top-column elementor-element elementor-element-78cf5d1\" data-id=\"78cf5d1\" data-element_type=\"column\">\n\t\t\t<div class=\"elementor-widget-wrap elementor-element-populated\">\n\t\t\t\t\t\t<div class=\"elementor-element elementor-element-ea2a5c1 elementor-widget elementor-widget-heading\" data-id=\"ea2a5c1\" data-element_type=\"widget\" data-widget_type=\"heading.default\">\n\t\t\t\t<div class=\"elementor-widget-container\">\n\t\t\t\t\t<h2 class=\"elementor-heading-title elementor-size-default\">Ouagadougou, un terrain fertile pour l\u2019\u00e9conomie culturelle<\/h2>\t\t\t\t<\/div>\n\t\t\t\t<\/div>\n\t\t\t\t<div class=\"elementor-element elementor-element-e305eee elementor-widget elementor-widget-text-editor\" data-id=\"e305eee\" data-element_type=\"widget\" data-widget_type=\"text-editor.default\">\n\t\t\t\t<div class=\"elementor-widget-container\">\n\t\t\t\t\t\t\t\t\t<p><span style=\"font-weight: 400;\">Avant m\u00eame l\u2019ouverture officielle de Roots and Future 2026, une r\u00e9union strat\u00e9gique a \u00e9t\u00e9 organis\u00e9e au Centre culturel Gambidi, un lieu embl\u00e9matique de la sc\u00e8ne artistique burkinab\u00e8. Cette rencontre a r\u00e9uni plusieurs acteurs internationaux ainsi que Claude Guingan\u00e9, directeur g\u00e9n\u00e9ral du centre et repr\u00e9sentant du point focal IKAM Burkina Faso.<\/span><\/p><p><span style=\"font-weight: 400;\">Les discussions ont port\u00e9 sur la consolidation du partenariat \u00e9tabli en 2019 entre IKAM et la Maison des industries culturelles et cr\u00e9atives de Ouagadougou (MICCO). L\u2019un des projets \u00e9voqu\u00e9s concerne la cr\u00e9ation d\u2019un p\u00f4le entrepreneurial d\u00e9di\u00e9 aux industries culturelles, destin\u00e9 \u00e0 accompagner les artistes et porteurs de projets dans le d\u00e9veloppement de leurs initiatives. Une telle structure pourrait jouer un r\u00f4le essentiel dans la structuration du secteur culturel burkinab\u00e8 et dans son ouverture vers les r\u00e9seaux internationaux.<\/span><\/p>\t\t\t\t\t\t\t\t<\/div>\n\t\t\t\t<\/div>\n\t\t\t\t\t<\/div>\n\t\t<\/div>\n\t\t\t\t\t<\/div>\n\t\t<\/section>\n\t\t\t\t<section class=\"elementor-section elementor-top-section elementor-element elementor-element-682d8db elementor-section-boxed elementor-section-height-default elementor-section-height-default\" data-id=\"682d8db\" data-element_type=\"section\">\n\t\t\t\t\t\t<div class=\"elementor-container elementor-column-gap-default\">\n\t\t\t\t\t<div class=\"elementor-column elementor-col-100 elementor-top-column elementor-element elementor-element-c009942\" data-id=\"c009942\" data-element_type=\"column\">\n\t\t\t<div class=\"elementor-widget-wrap elementor-element-populated\">\n\t\t\t\t\t\t<div class=\"elementor-element elementor-element-2afa375 elementor-widget elementor-widget-heading\" data-id=\"2afa375\" data-element_type=\"widget\" data-widget_type=\"heading.default\">\n\t\t\t\t<div class=\"elementor-widget-container\">\n\t\t\t\t\t<h2 class=\"elementor-heading-title elementor-size-default\">Des rencontres professionnelles tourn\u00e9es vers l\u2019action<\/h2>\t\t\t\t<\/div>\n\t\t\t\t<\/div>\n\t\t\t\t<div class=\"elementor-element elementor-element-a3c92e8 elementor-widget elementor-widget-text-editor\" data-id=\"a3c92e8\" data-element_type=\"widget\" data-widget_type=\"text-editor.default\">\n\t\t\t\t<div class=\"elementor-widget-container\">\n\t\t\t\t\t\t\t\t\t<p><span style=\"font-weight: 400;\">Parmi les moments cl\u00e9s de <\/span>Roots and Future 2026<span style=\"font-weight: 400;\">, un atelier m\u00e9dia organis\u00e9 \u00e0 l\u2019h\u00f4tel Pacific a permis de r\u00e9unir plusieurs professionnels du secteur culturel dans le cadre de rencontres B2B. Ces \u00e9changes ont donn\u00e9 aux participants l\u2019occasion de pr\u00e9senter leurs projets artistiques, d\u2019identifier des partenaires potentiels et d\u2019explorer de nouvelles pistes de coop\u00e9ration.<\/span><\/p><p><span style=\"font-weight: 400;\">Les discussions ont notamment port\u00e9 sur la circulation des artistes entre l\u2019Afrique et la Cara\u00efbe, la coproduction d\u2019\u00e9v\u00e9nements culturels et le d\u00e9veloppement de projets m\u00e9diatiques transatlantiques. Pour de nombreux acteurs pr\u00e9sents, ces rencontres constituent une premi\u00e8re \u00e9tape vers la cr\u00e9ation de collaborations durables.<\/span><\/p>\t\t\t\t\t\t\t\t<\/div>\n\t\t\t\t<\/div>\n\t\t\t\t<div class=\"elementor-element elementor-element-356d85d elementor-widget elementor-widget-image\" data-id=\"356d85d\" data-element_type=\"widget\" data-widget_type=\"image.default\">\n\t\t\t\t<div class=\"elementor-widget-container\">\n\t\t\t\t\t\t\t\t\t\t\t\t\t\t\t<img decoding=\"async\" width=\"662\" height=\"441\" src=\"https:\/\/richeskarayib.com\/wp-content\/uploads\/2026\/03\/Capture-decran-2026-03-06-a-15.05.47.png\" class=\"attachment-large size-large wp-image-70513\" alt=\"Roots and Future\" srcset=\"https:\/\/richeskarayib.com\/wp-content\/uploads\/2026\/03\/Capture-decran-2026-03-06-a-15.05.47.png 662w, https:\/\/richeskarayib.com\/wp-content\/uploads\/2026\/03\/Capture-decran-2026-03-06-a-15.05.47-300x200.png 300w\" sizes=\"(max-width: 662px) 100vw, 662px\" \/>\t\t\t\t\t\t\t\t\t\t\t\t\t\t\t<\/div>\n\t\t\t\t<\/div>\n\t\t\t\t\t<\/div>\n\t\t<\/div>\n\t\t\t\t\t<\/div>\n\t\t<\/section>\n\t\t\t\t<section class=\"elementor-section elementor-top-section elementor-element elementor-element-36f7a0a elementor-section-boxed elementor-section-height-default elementor-section-height-default\" data-id=\"36f7a0a\" data-element_type=\"section\">\n\t\t\t\t\t\t<div class=\"elementor-container elementor-column-gap-default\">\n\t\t\t\t\t<div class=\"elementor-column elementor-col-100 elementor-top-column elementor-element elementor-element-b258f14\" data-id=\"b258f14\" data-element_type=\"column\">\n\t\t\t<div class=\"elementor-widget-wrap elementor-element-populated\">\n\t\t\t\t\t\t<div class=\"elementor-element elementor-element-bd41727 elementor-widget elementor-widget-heading\" data-id=\"bd41727\" data-element_type=\"widget\" data-widget_type=\"heading.default\">\n\t\t\t\t<div class=\"elementor-widget-container\">\n\t\t\t\t\t<h2 class=\"elementor-heading-title elementor-size-default\">Une dynamique appel\u00e9e \u00e0 se poursuivre<\/h2>\t\t\t\t<\/div>\n\t\t\t\t<\/div>\n\t\t\t\t<div class=\"elementor-element elementor-element-b4e1f2c elementor-widget elementor-widget-text-editor\" data-id=\"b4e1f2c\" data-element_type=\"widget\" data-widget_type=\"text-editor.default\">\n\t\t\t\t<div class=\"elementor-widget-container\">\n\t\t\t\t\t\t\t\t\t<p><span style=\"font-weight: 400;\">La premi\u00e8re \u00e9dition de <\/span>Roots and Future 2026<span style=\"font-weight: 400;\"> s\u2019est conclue sur une note encourageante. En r\u00e9unissant des d\u00e9cideurs, entrepreneurs culturels et artistes autour d\u2019une vision commune, l\u2019\u00e9v\u00e9nement a pos\u00e9 les bases d\u2019une coop\u00e9ration internationale plus structur\u00e9e dans le domaine culturel. Dans un contexte o\u00f9 les industries cr\u00e9atives repr\u00e9sentent un levier \u00e9conomique important, l\u2019initiative ouvre \u00e9galement des perspectives pour la circulation des talents et le d\u00e9veloppement de nouveaux projets culturels.<\/span><\/p><p><span style=\"font-weight: 400;\">Pour la Cara\u00efbe, ces \u00e9changes repr\u00e9sentent une opportunit\u00e9 de renforcer les liens historiques avec le continent africain tout en participant \u00e0 la construction d\u2019un espace culturel diasporique plus connect\u00e9. Avec cette premi\u00e8re \u00e9dition, <\/span><a href=\"https:\/\/www.infosculturedufaso.net\/roots-and-futur-2026-ouagadougou-carrefour-dune-nouvelle-dynamique-culturelle-et-entrepreneuriale\/\" target=\"_blank\" rel=\"noopener nofollow\"><b>Roots and Future 2026<\/b><\/a><span style=\"font-weight: 400;\"> positionne Ouagadougou comme un point de rencontre strat\u00e9gique entre l\u2019Afrique et les diasporas cr\u00e9atives du monde.<\/span><\/p>\t\t\t\t\t\t\t\t<\/div>\n\t\t\t\t<\/div>\n\t\t\t\t\t<\/div>\n\t\t<\/div>\n\t\t\t\t\t<\/div>\n\t\t<\/section>\n\t\t\t\t<section class=\"elementor-section elementor-top-section elementor-element elementor-element-f5709a6 elementor-section-boxed elementor-section-height-default elementor-section-height-default\" data-id=\"f5709a6\" data-element_type=\"section\">\n\t\t\t\t\t\t<div class=\"elementor-container elementor-column-gap-default\">\n\t\t\t\t\t<div class=\"elementor-column elementor-col-100 elementor-top-column elementor-element elementor-element-957be6f\" data-id=\"957be6f\" data-element_type=\"column\">\n\t\t\t<div class=\"elementor-widget-wrap elementor-element-populated\">\n\t\t\t\t\t\t<div class=\"elementor-element elementor-element-63e5d4a elementor-widget elementor-widget-accordion\" data-id=\"63e5d4a\" data-element_type=\"widget\" data-widget_type=\"accordion.default\">\n\t\t\t\t<div class=\"elementor-widget-container\">\n\t\t\t\t\t\t\t<div class=\"elementor-accordion\">\n\t\t\t\t\t\t\t<div class=\"elementor-accordion-item\">\n\t\t\t\t\t<div id=\"elementor-tab-title-1041\" class=\"elementor-tab-title\" data-tab=\"1\" role=\"button\" aria-controls=\"elementor-tab-content-1041\" aria-expanded=\"false\">\n\t\t\t\t\t\t\t\t\t\t\t\t\t<span class=\"elementor-accordion-icon elementor-accordion-icon-left\" aria-hidden=\"true\">\n\t\t\t\t\t\t\t\t\t\t\t\t\t\t\t<span class=\"elementor-accordion-icon-closed\"><i class=\"fas fa-plus\"><\/i><\/span>\n\t\t\t\t\t\t\t\t<span class=\"elementor-accordion-icon-opened\"><i class=\"fas fa-minus\"><\/i><\/span>\n\t\t\t\t\t\t\t\t\t\t\t\t\t\t<\/span>\n\t\t\t\t\t\t\t\t\t\t\t\t<a class=\"elementor-accordion-title\" tabindex=\"0\">Qu\u2019est-ce que Roots and Future 2026 ?<\/a>\n\t\t\t\t\t<\/div>\n\t\t\t\t\t<div id=\"elementor-tab-content-1041\" class=\"elementor-tab-content elementor-clearfix\" data-tab=\"1\" role=\"region\" aria-labelledby=\"elementor-tab-title-1041\"><p><span style=\"font-weight: 400;\">Roots and Future 2026 est un \u00e9v\u00e9nement international consacr\u00e9 au d\u00e9veloppement des industries culturelles et cr\u00e9atives, organis\u00e9 \u00e0 Ouagadougou au Burkina Faso.<\/span><\/p><\/div>\n\t\t\t\t<\/div>\n\t\t\t\t\t\t\t<div class=\"elementor-accordion-item\">\n\t\t\t\t\t<div id=\"elementor-tab-title-1042\" class=\"elementor-tab-title\" data-tab=\"2\" role=\"button\" aria-controls=\"elementor-tab-content-1042\" aria-expanded=\"false\">\n\t\t\t\t\t\t\t\t\t\t\t\t\t<span class=\"elementor-accordion-icon elementor-accordion-icon-left\" aria-hidden=\"true\">\n\t\t\t\t\t\t\t\t\t\t\t\t\t\t\t<span class=\"elementor-accordion-icon-closed\"><i class=\"fas fa-plus\"><\/i><\/span>\n\t\t\t\t\t\t\t\t<span class=\"elementor-accordion-icon-opened\"><i class=\"fas fa-minus\"><\/i><\/span>\n\t\t\t\t\t\t\t\t\t\t\t\t\t\t<\/span>\n\t\t\t\t\t\t\t\t\t\t\t\t<a class=\"elementor-accordion-title\" tabindex=\"0\">Quel est l\u2019objectif de Roots and Future 2026 ?<\/a>\n\t\t\t\t\t<\/div>\n\t\t\t\t\t<div id=\"elementor-tab-content-1042\" class=\"elementor-tab-content elementor-clearfix\" data-tab=\"2\" role=\"region\" aria-labelledby=\"elementor-tab-title-1042\"><p><span style=\"font-weight: 400;\">L\u2019\u00e9v\u00e9nement vise \u00e0 renforcer la coop\u00e9ration entre l\u2019Afrique et sa diaspora, notamment dans la Cara\u00efbe, et \u00e0 soutenir la structuration du secteur culturel.<\/span><\/p><\/div>\n\t\t\t\t<\/div>\n\t\t\t\t\t\t\t<div class=\"elementor-accordion-item\">\n\t\t\t\t\t<div id=\"elementor-tab-title-1043\" class=\"elementor-tab-title\" data-tab=\"3\" role=\"button\" aria-controls=\"elementor-tab-content-1043\" aria-expanded=\"false\">\n\t\t\t\t\t\t\t\t\t\t\t\t\t<span class=\"elementor-accordion-icon elementor-accordion-icon-left\" aria-hidden=\"true\">\n\t\t\t\t\t\t\t\t\t\t\t\t\t\t\t<span class=\"elementor-accordion-icon-closed\"><i class=\"fas fa-plus\"><\/i><\/span>\n\t\t\t\t\t\t\t\t<span class=\"elementor-accordion-icon-opened\"><i class=\"fas fa-minus\"><\/i><\/span>\n\t\t\t\t\t\t\t\t\t\t\t\t\t\t<\/span>\n\t\t\t\t\t\t\t\t\t\t\t\t<a class=\"elementor-accordion-title\" tabindex=\"0\">Qui a repr\u00e9sent\u00e9 la Cara\u00efbe lors de Roots and Future 2026 ?<\/a>\n\t\t\t\t\t<\/div>\n\t\t\t\t\t<div id=\"elementor-tab-content-1043\" class=\"elementor-tab-content elementor-clearfix\" data-tab=\"3\" role=\"region\" aria-labelledby=\"elementor-tab-title-1043\"><p><span style=\"font-weight: 400;\">L\u2019entrepreneur Davon Carty et Victor E. Lewis, PDG de Caribbean One Media Group et directeur du Creative Campus Eco Institute, faisaient partie des invit\u00e9s internationaux.<\/span><\/p><\/div>\n\t\t\t\t<\/div>\n\t\t\t\t\t\t\t\t<\/div>\n\t\t\t\t\t\t<\/div>\n\t\t\t\t<\/div>\n\t\t\t\t\t<\/div>\n\t\t<\/div>\n\t\t\t\t\t<\/div>\n\t\t<\/section>\n\t\t\t\t<\/div>\n\t\t","protected":false},"excerpt":{"rendered":"<p>\u00c0 Ouagadougou, la culture a r\u00e9cemment pris une dimension internationale particuli\u00e8re. Du 28 f\u00e9vrier au 3 mars 2026, la capitale du Burkina Faso a accueilli Roots and Future 2026, une rencontre consacr\u00e9e au d\u00e9veloppement des industries culturelles et cr\u00e9atives et \u00e0 la coop\u00e9ration entre l\u2019Afrique et sa diaspora. Pens\u00e9 comme un espace de dialogue et [&hellip;]<\/p>\n","protected":false},"author":662,"featured_media":70501,"comment_status":"closed","ping_status":"open","sticky":false,"template":"","format":"standard","meta":{"_acf_changed":false,"footnotes":""},"categories":[1785],"tags":[1441,1697,1856],"class_list":["post-70500","post","type-post","status-publish","format-standard","has-post-thumbnail","hentry","category-cooperation","tag-anguilla-fr","tag-montserrat","tag-ouagadougou"],"acf":[],"_links":{"self":[{"href":"https:\/\/richeskarayib.com\/fr\/wp-json\/wp\/v2\/posts\/70500","targetHints":{"allow":["GET"]}}],"collection":[{"href":"https:\/\/richeskarayib.com\/fr\/wp-json\/wp\/v2\/posts"}],"about":[{"href":"https:\/\/richeskarayib.com\/fr\/wp-json\/wp\/v2\/types\/post"}],"author":[{"embeddable":true,"href":"https:\/\/richeskarayib.com\/fr\/wp-json\/wp\/v2\/users\/662"}],"replies":[{"embeddable":true,"href":"https:\/\/richeskarayib.com\/fr\/wp-json\/wp\/v2\/comments?post=70500"}],"version-history":[{"count":0,"href":"https:\/\/richeskarayib.com\/fr\/wp-json\/wp\/v2\/posts\/70500\/revisions"}],"wp:featuredmedia":[{"embeddable":true,"href":"https:\/\/richeskarayib.com\/fr\/wp-json\/wp\/v2\/media\/70501"}],"wp:attachment":[{"href":"https:\/\/richeskarayib.com\/fr\/wp-json\/wp\/v2\/media?parent=70500"}],"wp:term":[{"taxonomy":"category","embeddable":true,"href":"https:\/\/richeskarayib.com\/fr\/wp-json\/wp\/v2\/categories?post=70500"},{"taxonomy":"post_tag","embeddable":true,"href":"https:\/\/richeskarayib.com\/fr\/wp-json\/wp\/v2\/tags?post=70500"}],"curies":[{"name":"wp","href":"https:\/\/api.w.org\/{rel}","templated":true}]}}