{"id":70521,"date":"2026-03-09T10:19:15","date_gmt":"2026-03-09T14:19:15","guid":{"rendered":"https:\/\/richeskarayib.com\/?p=70521"},"modified":"2026-03-10T11:53:08","modified_gmt":"2026-03-10T15:53:08","slug":"bts-tourisme-martinique-challengers-du-monde","status":"publish","type":"post","link":"https:\/\/richeskarayib.com\/fr\/bts-tourisme-martinique-challengers-du-monde\/","title":{"rendered":"Les Challengers du Monde de Keyce Academy, quand les \u00e9tudiants font du monde entier leur salle de classe"},"content":{"rendered":"\t\t<div data-elementor-type=\"wp-post\" data-elementor-id=\"70521\" class=\"elementor elementor-70521\" data-elementor-post-type=\"post\">\n\t\t\t\t\t\t<section class=\"elementor-section elementor-top-section elementor-element elementor-element-7ca7ca1 elementor-section-boxed elementor-section-height-default elementor-section-height-default\" data-id=\"7ca7ca1\" data-element_type=\"section\">\n\t\t\t\t\t\t<div class=\"elementor-container elementor-column-gap-default\">\n\t\t\t\t\t<div class=\"elementor-column elementor-col-100 elementor-top-column elementor-element elementor-element-cbdd002\" data-id=\"cbdd002\" data-element_type=\"column\">\n\t\t\t<div class=\"elementor-widget-wrap elementor-element-populated\">\n\t\t\t\t\t\t<section class=\"elementor-section elementor-inner-section elementor-element elementor-element-bc94849 elementor-section-boxed elementor-section-height-default elementor-section-height-default\" data-id=\"bc94849\" data-element_type=\"section\">\n\t\t\t\t\t\t<div class=\"elementor-container elementor-column-gap-default\">\n\t\t\t\t\t\t<\/div>\n\t\t<\/section>\n\t\t\t\t<section class=\"elementor-section elementor-inner-section elementor-element elementor-element-61571e6 elementor-section-boxed elementor-section-height-default elementor-section-height-default\" data-id=\"61571e6\" data-element_type=\"section\">\n\t\t\t\t\t\t<div class=\"elementor-container elementor-column-gap-default\">\n\t\t\t\t\t\t<\/div>\n\t\t<\/section>\n\t\t\t\t<section class=\"elementor-section elementor-inner-section elementor-element elementor-element-b6262e0 elementor-section-boxed elementor-section-height-default elementor-section-height-default\" data-id=\"b6262e0\" data-element_type=\"section\">\n\t\t\t\t\t\t<div class=\"elementor-container elementor-column-gap-default\">\n\t\t\t\t\t\t<\/div>\n\t\t<\/section>\n\t\t\t\t<section class=\"elementor-section elementor-inner-section elementor-element elementor-element-cca29fd elementor-section-boxed elementor-section-height-default elementor-section-height-default\" data-id=\"cca29fd\" data-element_type=\"section\">\n\t\t\t\t\t\t<div class=\"elementor-container elementor-column-gap-default\">\n\t\t\t\t\t\t<\/div>\n\t\t<\/section>\n\t\t\t\t\t<\/div>\n\t\t<\/div>\n\t\t\t\t\t<\/div>\n\t\t<\/section>\n\t\t\t\t<section class=\"elementor-section elementor-top-section elementor-element elementor-element-ee72354 elementor-section-boxed elementor-section-height-default elementor-section-height-default\" data-id=\"ee72354\" data-element_type=\"section\">\n\t\t\t\t\t\t<div class=\"elementor-container elementor-column-gap-default\">\n\t\t\t\t\t<div class=\"elementor-column elementor-col-100 elementor-top-column elementor-element elementor-element-c59d6fe\" data-id=\"c59d6fe\" data-element_type=\"column\">\n\t\t\t<div class=\"elementor-widget-wrap elementor-element-populated\">\n\t\t\t\t\t\t<div class=\"elementor-element elementor-element-e57451f elementor-widget elementor-widget-text-editor\" data-id=\"e57451f\" data-element_type=\"widget\" data-widget_type=\"text-editor.default\">\n\t\t\t\t<div class=\"elementor-widget-container\">\n\t\t\t\t\t\t\t\t\t<p><span style=\"font-weight: 400;\">Le 7 mars 2026, le campus de <a href=\"https:\/\/keyce-academy.fr\/campus-martinique\/?fbclid=IwY2xjawQbaDZleHRuA2FlbQIxMABicmlkETE5VUN2U1JpTVNrOEZwcnZoc3J0YwZhcHBfaWQQMjIyMDM5MTc4ODIwMDg5MgABHu0ZGXFcZWaIUMyylmfjrBgxoHoR4GVnDAzLhLpb9V7rX36Lm06HvBVBtFS6_aem_JKBKvTYtLYSJTDeLo-0sMA\" target=\"_blank\" rel=\"noopener nofollow\">Keyce Academy<\/a> \u00e0 Fort-de-France s&#8217;est transform\u00e9 en forum du voyage. Les \u00e9tudiants en <a href=\"https:\/\/site.ac-martinique.fr\/lyc-bellevue\/?page_id=1495\" target=\"_blank\" rel=\"noopener nofollow\">BTS Tourisme Martinique<\/a> y ont orchestr\u00e9 la troisi\u00e8me \u00e9dition des \u00ab Challengers du Monde \u00bb : un salon fictif mais pleinement professionnel, o\u00f9 chaque destination \u2014 du Japon au Br\u00e9sil, de la Dominique \u00e0 la Nouvelle-Orl\u00e9ans, de Londres \u00e0 la <a href=\"https:\/\/richeskarayib.com\/fr\/martinique-2\/\" target=\"_blank\" rel=\"noopener\">Martinique<\/a> \u2014 se racontait \u00e0 travers un film mythique.<\/span><\/p>\t\t\t\t\t\t\t\t<\/div>\n\t\t\t\t<\/div>\n\t\t\t\t<div class=\"elementor-element elementor-element-02c5a71 elementor-widget elementor-widget-image\" data-id=\"02c5a71\" data-element_type=\"widget\" data-widget_type=\"image.default\">\n\t\t\t\t<div class=\"elementor-widget-container\">\n\t\t\t\t\t\t\t\t\t\t\t\t\t\t\t<img fetchpriority=\"high\" decoding=\"async\" width=\"800\" height=\"343\" src=\"https:\/\/richeskarayib.com\/wp-content\/uploads\/2026\/03\/20260307_152553-1024x439.jpg\" class=\"attachment-large size-large wp-image-70571\" alt=\"BTS Tourisme Martinique\" srcset=\"https:\/\/richeskarayib.com\/wp-content\/uploads\/2026\/03\/20260307_152553-1024x439.jpg 1024w, https:\/\/richeskarayib.com\/wp-content\/uploads\/2026\/03\/20260307_152553-300x129.jpg 300w, https:\/\/richeskarayib.com\/wp-content\/uploads\/2026\/03\/20260307_152553-768x330.jpg 768w, https:\/\/richeskarayib.com\/wp-content\/uploads\/2026\/03\/20260307_152553-1536x659.jpg 1536w, https:\/\/richeskarayib.com\/wp-content\/uploads\/2026\/03\/20260307_152553-1320x567.jpg 1320w, https:\/\/richeskarayib.com\/wp-content\/uploads\/2026\/03\/20260307_152553.jpg 1920w\" sizes=\"(max-width: 800px) 100vw, 800px\" \/>\t\t\t\t\t\t\t\t\t\t\t\t\t\t\t<\/div>\n\t\t\t\t<\/div>\n\t\t\t\t\t<\/div>\n\t\t<\/div>\n\t\t\t\t\t<\/div>\n\t\t<\/section>\n\t\t\t\t<section class=\"elementor-section elementor-top-section elementor-element elementor-element-82cd8f9 elementor-section-boxed elementor-section-height-default elementor-section-height-default\" data-id=\"82cd8f9\" data-element_type=\"section\">\n\t\t\t\t\t\t<div class=\"elementor-container elementor-column-gap-default\">\n\t\t\t\t\t<div class=\"elementor-column elementor-col-100 elementor-top-column elementor-element elementor-element-0bfdc38\" data-id=\"0bfdc38\" data-element_type=\"column\">\n\t\t\t<div class=\"elementor-widget-wrap elementor-element-populated\">\n\t\t\t\t\t\t<div class=\"elementor-element elementor-element-7d292fe elementor-widget elementor-widget-heading\" data-id=\"7d292fe\" data-element_type=\"widget\" data-widget_type=\"heading.default\">\n\t\t\t\t<div class=\"elementor-widget-container\">\n\t\t\t\t\t<h2 class=\"elementor-heading-title elementor-size-default\">Un projet de A \u00e0 Z port\u00e9 par les \u00e9tudiants\n<\/h2>\t\t\t\t<\/div>\n\t\t\t\t<\/div>\n\t\t\t\t<div class=\"elementor-element elementor-element-96caf50 elementor-widget elementor-widget-text-editor\" data-id=\"96caf50\" data-element_type=\"widget\" data-widget_type=\"text-editor.default\">\n\t\t\t\t<div class=\"elementor-widget-container\">\n\t\t\t\t\t\t\t\t\t<p><span style=\"font-weight: 400;\">C&#8217;est Lilia et trois autres camarades, \u00e9tudiantes en BTS Tourisme Martinique, qui assurent l&#8217;accueil des visiteurs. Derri\u00e8re elle, des stands soigneusement construits, des animations, des odeurs de cuisine \u2014 le campus de Keyce Academy a rev\u00eatu des airs de salon international du tourisme.<\/span><\/p>\t\t\t\t\t\t\t\t<\/div>\n\t\t\t\t<\/div>\n\t\t\t\t<div class=\"elementor-element elementor-element-5ae0947 elementor-widget elementor-widget-image\" data-id=\"5ae0947\" data-element_type=\"widget\" data-widget_type=\"image.default\">\n\t\t\t\t<div class=\"elementor-widget-container\">\n\t\t\t\t\t\t\t\t\t\t\t\t\t\t\t<img decoding=\"async\" width=\"800\" height=\"892\" src=\"https:\/\/richeskarayib.com\/wp-content\/uploads\/2026\/03\/20260307_153005-918x1024.jpg\" class=\"attachment-large size-large wp-image-70531\" alt=\"BTS Tourisme Martinique\" srcset=\"https:\/\/richeskarayib.com\/wp-content\/uploads\/2026\/03\/20260307_153005-918x1024.jpg 918w, https:\/\/richeskarayib.com\/wp-content\/uploads\/2026\/03\/20260307_153005-269x300.jpg 269w, https:\/\/richeskarayib.com\/wp-content\/uploads\/2026\/03\/20260307_153005-768x856.jpg 768w, https:\/\/richeskarayib.com\/wp-content\/uploads\/2026\/03\/20260307_153005-1378x1536.jpg 1378w, https:\/\/richeskarayib.com\/wp-content\/uploads\/2026\/03\/20260307_153005-1320x1472.jpg 1320w, https:\/\/richeskarayib.com\/wp-content\/uploads\/2026\/03\/20260307_153005.jpg 1722w\" sizes=\"(max-width: 800px) 100vw, 800px\" \/>\t\t\t\t\t\t\t\t\t\t\t\t\t\t\t<\/div>\n\t\t\t\t<\/div>\n\t\t\t\t<div class=\"elementor-element elementor-element-038663a elementor-widget elementor-widget-text-editor\" data-id=\"038663a\" data-element_type=\"widget\" data-widget_type=\"text-editor.default\">\n\t\t\t\t<div class=\"elementor-widget-container\">\n\t\t\t\t\t\t\t\t\t<p><span style=\"font-weight: 400;\">Le concept est simple dans son \u00e9nonc\u00e9, exigeant dans son ex\u00e9cution. Les \u00e9quipes de deuxi\u00e8me ann\u00e9e choisissent un film, puis b\u00e2tissent tout leur argumentaire autour de la destination mise en valeur dans le film : offre de voyage, animations, supports de communication. Les premi\u00e8res ann\u00e9es, elles, g\u00e8rent la communication de l&#8217;\u00e9v\u00e9nement. C&#8217;est ce r\u00f4le qu&#8217;occupent Nolan et Lo\u00e9my, tous deux en premi\u00e8re ann\u00e9e.<\/span><\/p>\t\t\t\t\t\t\t\t<\/div>\n\t\t\t\t<\/div>\n\t\t\t\t<div class=\"elementor-element elementor-element-dafedfd elementor-blockquote--skin-border elementor-widget elementor-widget-blockquote\" data-id=\"dafedfd\" data-element_type=\"widget\" data-widget_type=\"blockquote.default\">\n\t\t\t\t<div class=\"elementor-widget-container\">\n\t\t\t\t\t\t\t<blockquote class=\"elementor-blockquote\">\n\t\t\t<p class=\"elementor-blockquote__content\">\n\t\t\t\t\u00ab Le but, c'est de pr\u00e9senter des destinations touristiques \u00e0 travers un film mythique. On a par exemple Pirates des Cara\u00efbes avec la Dominique \u2014 et plein d'autres. Il y aura des d\u00e9gustations sur les stands, des petits jeux, des animations. \u00bb\t\t\t<\/p>\n\t\t\t\t\t\t\t<div class=\"e-q-footer\">\n\t\t\t\t\t\t\t\t\t\t\t<cite class=\"elementor-blockquote__author\">\u2014 Nolan, 1\u00e8re ann\u00e9e BTS Tourisme Martinique<\/cite>\n\t\t\t\t\t\t\t\t\t\t\t\t\t\t<\/div>\n\t\t\t\t\t<\/blockquote>\n\t\t\t\t\t\t<\/div>\n\t\t\t\t<\/div>\n\t\t\t\t<section class=\"elementor-section elementor-inner-section elementor-element elementor-element-c582330 elementor-section-boxed elementor-section-height-default elementor-section-height-default\" data-id=\"c582330\" data-element_type=\"section\">\n\t\t\t\t\t\t<div class=\"elementor-container elementor-column-gap-default\">\n\t\t\t\t\t\t<\/div>\n\t\t<\/section>\n\t\t\t\t<section class=\"elementor-section elementor-inner-section elementor-element elementor-element-296603a elementor-section-boxed elementor-section-height-default elementor-section-height-default\" data-id=\"296603a\" data-element_type=\"section\">\n\t\t\t\t\t\t<div class=\"elementor-container elementor-column-gap-default\">\n\t\t\t\t\t\t<\/div>\n\t\t<\/section>\n\t\t\t\t\t<\/div>\n\t\t<\/div>\n\t\t\t\t\t<\/div>\n\t\t<\/section>\n\t\t\t\t<section class=\"elementor-section elementor-top-section elementor-element elementor-element-49417a1 elementor-section-boxed elementor-section-height-default elementor-section-height-default\" data-id=\"49417a1\" data-element_type=\"section\">\n\t\t\t\t\t\t<div class=\"elementor-container elementor-column-gap-default\">\n\t\t\t\t\t<div class=\"elementor-column elementor-col-100 elementor-top-column elementor-element elementor-element-65907c0\" data-id=\"65907c0\" data-element_type=\"column\">\n\t\t\t<div class=\"elementor-widget-wrap elementor-element-populated\">\n\t\t\t\t\t\t<div class=\"elementor-element elementor-element-362e6dc elementor-widget elementor-widget-heading\" data-id=\"362e6dc\" data-element_type=\"widget\" data-widget_type=\"heading.default\">\n\t\t\t\t<div class=\"elementor-widget-container\">\n\t\t\t\t\t<h2 class=\"elementor-heading-title elementor-size-default\">Teeyane, la Nouvelle-Orl\u00e9ans et les saveurs cr\u00e9oles<\/h2>\t\t\t\t<\/div>\n\t\t\t\t<\/div>\n\t\t\t\t<section class=\"elementor-section elementor-inner-section elementor-element elementor-element-a45b41f elementor-section-boxed elementor-section-height-default elementor-section-height-default\" data-id=\"a45b41f\" data-element_type=\"section\">\n\t\t\t\t\t\t<div class=\"elementor-container elementor-column-gap-default\">\n\t\t\t\t\t\t<\/div>\n\t\t<\/section>\n\t\t\t\t<div class=\"elementor-element elementor-element-54ff9d5 elementor-widget elementor-widget-text-editor\" data-id=\"54ff9d5\" data-element_type=\"widget\" data-widget_type=\"text-editor.default\">\n\t\t\t\t<div class=\"elementor-widget-container\">\n\t\t\t\t\t\t\t\t\t<p><span style=\"font-weight: 400;\">Parmi les stands remarqu\u00e9s, celui de <\/span><b>Teeyane<\/b><span style=\"font-weight: 400;\"> et son agence fictive <\/span><b>Louisiane Vibes<\/b><span style=\"font-weight: 400;\">. Sur la th\u00e9matique de La Princesse et la Grenouille, elle propose un s\u00e9jour complet : vol Fort-de-France\u2013Miami\u2013Nouvelle-Orl\u00e9ans, h\u00f4tel trois \u00e9toiles dans le quartier fran\u00e7ais, croisi\u00e8re dans les bayous et pass d\u00e9couverte cinq jours.<\/span><\/p>\t\t\t\t\t\t\t\t<\/div>\n\t\t\t\t<\/div>\n\t\t\t\t<div class=\"elementor-element elementor-element-7be9d54 elementor-widget elementor-widget-image\" data-id=\"7be9d54\" data-element_type=\"widget\" data-widget_type=\"image.default\">\n\t\t\t\t<div class=\"elementor-widget-container\">\n\t\t\t\t\t\t\t\t\t\t\t\t\t\t\t<img decoding=\"async\" width=\"800\" height=\"892\" src=\"https:\/\/richeskarayib.com\/wp-content\/uploads\/2026\/03\/20260307_152841-918x1024.jpg\" class=\"attachment-large size-large wp-image-70535\" alt=\"BTS Tourisme Martinique\" srcset=\"https:\/\/richeskarayib.com\/wp-content\/uploads\/2026\/03\/20260307_152841-918x1024.jpg 918w, https:\/\/richeskarayib.com\/wp-content\/uploads\/2026\/03\/20260307_152841-269x300.jpg 269w, https:\/\/richeskarayib.com\/wp-content\/uploads\/2026\/03\/20260307_152841-768x856.jpg 768w, https:\/\/richeskarayib.com\/wp-content\/uploads\/2026\/03\/20260307_152841-1378x1536.jpg 1378w, https:\/\/richeskarayib.com\/wp-content\/uploads\/2026\/03\/20260307_152841-1320x1472.jpg 1320w, https:\/\/richeskarayib.com\/wp-content\/uploads\/2026\/03\/20260307_152841.jpg 1722w\" sizes=\"(max-width: 800px) 100vw, 800px\" \/>\t\t\t\t\t\t\t\t\t\t\t\t\t\t\t<\/div>\n\t\t\t\t<\/div>\n\t\t\t\t<div class=\"elementor-element elementor-element-0ee6700 elementor-blockquote--skin-border elementor-widget elementor-widget-blockquote\" data-id=\"0ee6700\" data-element_type=\"widget\" data-widget_type=\"blockquote.default\">\n\t\t\t\t<div class=\"elementor-widget-container\">\n\t\t\t\t\t\t\t<blockquote class=\"elementor-blockquote\">\n\t\t\t<p class=\"elementor-blockquote__content\">\n\t\t\t\t\u00ab On propose un voyage en d\u00e9part de Fort-de-France vers la Nouvelle-Orl\u00e9ans \u00e0 2 008 \u20ac par personne, qui comprend le vol avec une escale \u00e0 Miami, un h\u00f4tel trois \u00e9toiles dans le quartier fran\u00e7ais, une croisi\u00e8re dans les bayous \u2014 les marais qu'on retrouve \u00e0 la Nouvelle-Orl\u00e9ans \u2014 et un pass d\u00e9couverte pour les mus\u00e9es et les activit\u00e9s. \u00bb\t\t\t<\/p>\n\t\t\t\t\t\t\t<div class=\"e-q-footer\">\n\t\t\t\t\t\t\t\t\t\t\t<cite class=\"elementor-blockquote__author\">\u2014 Teeyane, \u00e9tudiante en BTS Tourisme Martinique, agence fictive Louisiane Vibes<\/cite>\n\t\t\t\t\t\t\t\t\t\t\t\t\t\t<\/div>\n\t\t\t\t\t<\/blockquote>\n\t\t\t\t\t\t<\/div>\n\t\t\t\t<\/div>\n\t\t\t\t<div class=\"elementor-element elementor-element-1e0dac9 elementor-widget elementor-widget-text-editor\" data-id=\"1e0dac9\" data-element_type=\"widget\" data-widget_type=\"text-editor.default\">\n\t\t\t\t<div class=\"elementor-widget-container\">\n\t\t\t\t\t\t\t\t\t<p><span style=\"font-weight: 400;\">Le stand jouait \u00e9galement sur les sens : jeu pour d\u00e9couvrir les \u00e9pices, d\u00e9gustation de beignets fa\u00e7on Nouvelle-Orl\u00e9ans, animations autour de l&#8217;histoire de la Louisiane. Un choix qui r\u00e9sonne en Martinique, \u00eele carib\u00e9enne qui partage avec la Louisiane une histoire cr\u00e9ole commune.<\/span><\/p><p><span style=\"font-weight: 400;\">\u00c0 quelques pas, <strong>Davelie<\/strong><\/span><b>\u00a0<\/b><span style=\"font-weight: 400;\">transportait les visiteurs \u00e0 Londres avec l&#8217;agence fictive <\/span><b>Windsor Palace<\/b><span style=\"font-weight: 400;\"> : parcours royal sur les traces de la reine \u00c9lisabeth II, th\u00e9 anglais et scones compris. <\/span><\/p>\t\t\t\t\t\t\t\t<\/div>\n\t\t\t\t<\/div>\n\t\t\t\t<div class=\"elementor-element elementor-element-101b74a elementor-widget elementor-widget-image\" data-id=\"101b74a\" data-element_type=\"widget\" data-widget_type=\"image.default\">\n\t\t\t\t<div class=\"elementor-widget-container\">\n\t\t\t\t\t\t\t\t\t\t\t\t\t\t\t<img loading=\"lazy\" decoding=\"async\" width=\"800\" height=\"892\" src=\"https:\/\/richeskarayib.com\/wp-content\/uploads\/2026\/03\/20260307_143801-918x1024.jpg\" class=\"attachment-large size-large wp-image-70539\" alt=\"BTS Tourisme Martinique\" srcset=\"https:\/\/richeskarayib.com\/wp-content\/uploads\/2026\/03\/20260307_143801-918x1024.jpg 918w, https:\/\/richeskarayib.com\/wp-content\/uploads\/2026\/03\/20260307_143801-269x300.jpg 269w, https:\/\/richeskarayib.com\/wp-content\/uploads\/2026\/03\/20260307_143801-768x856.jpg 768w, https:\/\/richeskarayib.com\/wp-content\/uploads\/2026\/03\/20260307_143801-1378x1536.jpg 1378w, https:\/\/richeskarayib.com\/wp-content\/uploads\/2026\/03\/20260307_143801-1320x1472.jpg 1320w, https:\/\/richeskarayib.com\/wp-content\/uploads\/2026\/03\/20260307_143801.jpg 1722w\" sizes=\"(max-width: 800px) 100vw, 800px\" \/>\t\t\t\t\t\t\t\t\t\t\t\t\t\t\t<\/div>\n\t\t\t\t<\/div>\n\t\t\t\t<div class=\"elementor-element elementor-element-50a1f37 elementor-blockquote--skin-border elementor-widget elementor-widget-blockquote\" data-id=\"50a1f37\" data-element_type=\"widget\" data-widget_type=\"blockquote.default\">\n\t\t\t\t<div class=\"elementor-widget-container\">\n\t\t\t\t\t\t\t<blockquote class=\"elementor-blockquote\">\n\t\t\t<p class=\"elementor-blockquote__content\">\n\t\t\t\t\u00ab On est localis\u00e9 \u00e0 Londres. On travaille principalement sur le parcours royal, retra\u00e7ant les traces de la reine \u00c9lisabeth II, qui est d\u00e9c\u00e9d\u00e9e en 2022. On propose de d\u00e9couvrir des monuments historiques retra\u00e7ant son parcours vers la Couronne. Et on vous propose \u00e9galement de participer \u00e0 nos animations pour gagner de nombreux lots. \u00bb\t\t\t<\/p>\n\t\t\t\t\t\t\t<div class=\"e-q-footer\">\n\t\t\t\t\t\t\t\t\t\t\t<cite class=\"elementor-blockquote__author\">\u2014 Davelie, 2ieme ann\u00e9e BTS Tourisme Martinique<\/cite>\n\t\t\t\t\t\t\t\t\t\t\t\t\t\t<\/div>\n\t\t\t\t\t<\/blockquote>\n\t\t\t\t\t\t<\/div>\n\t\t\t\t<\/div>\n\t\t\t\t<div class=\"elementor-element elementor-element-54739a2 elementor-widget elementor-widget-text-editor\" data-id=\"54739a2\" data-element_type=\"widget\" data-widget_type=\"text-editor.default\">\n\t\t\t\t<div class=\"elementor-widget-container\">\n\t\t\t\t\t\t\t\t\t<p><span style=\"font-weight: 400;\">Le Japon, le Br\u00e9sil, la Dominique et la <a href=\"https:\/\/richeskarayib.com\/fr\/martinique-2\/\" target=\"_blank\" rel=\"noopener\">Martinique<\/a> et bien d\u2019autres figuraient \u00e9galement parmi les destinations \u00e0 l&#8217;honneur \u2014 chacune port\u00e9e par le souffle d&#8217;un film, chacune d\u00e9fendue avec le m\u00eame s\u00e9rieux professionnel.<\/span><\/p>\t\t\t\t\t\t\t\t<\/div>\n\t\t\t\t<\/div>\n\t\t\t\t<section class=\"elementor-section elementor-inner-section elementor-element elementor-element-58bc23e elementor-section-boxed elementor-section-height-default elementor-section-height-default\" data-id=\"58bc23e\" data-element_type=\"section\">\n\t\t\t\t\t\t<div class=\"elementor-container elementor-column-gap-default\">\n\t\t\t\t\t\t<\/div>\n\t\t<\/section>\n\t\t\t\t\t<\/div>\n\t\t<\/div>\n\t\t\t\t\t<\/div>\n\t\t<\/section>\n\t\t\t\t<section class=\"elementor-section elementor-top-section elementor-element elementor-element-5a7397d elementor-section-boxed elementor-section-height-default elementor-section-height-default\" data-id=\"5a7397d\" data-element_type=\"section\">\n\t\t\t\t\t\t<div class=\"elementor-container elementor-column-gap-default\">\n\t\t\t\t\t<div class=\"elementor-column elementor-col-100 elementor-top-column elementor-element elementor-element-8b33b4b\" data-id=\"8b33b4b\" data-element_type=\"column\">\n\t\t\t<div class=\"elementor-widget-wrap elementor-element-populated\">\n\t\t\t\t\t\t<div class=\"elementor-element elementor-element-89dac4b elementor-widget elementor-widget-heading\" data-id=\"89dac4b\" data-element_type=\"widget\" data-widget_type=\"heading.default\">\n\t\t\t\t<div class=\"elementor-widget-container\">\n\t\t\t\t\t<h2 class=\"elementor-heading-title elementor-size-default\">Ce que deux jours de salon vous apprennent vraiment<\/h2>\t\t\t\t<\/div>\n\t\t\t\t<\/div>\n\t\t\t\t<div class=\"elementor-element elementor-element-ca7f77c elementor-widget elementor-widget-image\" data-id=\"ca7f77c\" data-element_type=\"widget\" data-widget_type=\"image.default\">\n\t\t\t\t<div class=\"elementor-widget-container\">\n\t\t\t\t\t\t\t\t\t\t\t\t\t\t\t<img loading=\"lazy\" decoding=\"async\" width=\"800\" height=\"892\" src=\"https:\/\/richeskarayib.com\/wp-content\/uploads\/2026\/03\/20260307_151153-918x1024.jpg\" class=\"attachment-large size-large wp-image-70543\" alt=\"BTS Tourisme Martinique\" srcset=\"https:\/\/richeskarayib.com\/wp-content\/uploads\/2026\/03\/20260307_151153-918x1024.jpg 918w, https:\/\/richeskarayib.com\/wp-content\/uploads\/2026\/03\/20260307_151153-269x300.jpg 269w, https:\/\/richeskarayib.com\/wp-content\/uploads\/2026\/03\/20260307_151153-768x856.jpg 768w, https:\/\/richeskarayib.com\/wp-content\/uploads\/2026\/03\/20260307_151153-1378x1536.jpg 1378w, https:\/\/richeskarayib.com\/wp-content\/uploads\/2026\/03\/20260307_151153-1320x1472.jpg 1320w, https:\/\/richeskarayib.com\/wp-content\/uploads\/2026\/03\/20260307_151153.jpg 1722w\" sizes=\"(max-width: 800px) 100vw, 800px\" \/>\t\t\t\t\t\t\t\t\t\t\t\t\t\t\t<\/div>\n\t\t\t\t<\/div>\n\t\t\t\t<div class=\"elementor-element elementor-element-6206e14 elementor-widget elementor-widget-text-editor\" data-id=\"6206e14\" data-element_type=\"widget\" data-widget_type=\"text-editor.default\">\n\t\t\t\t<div class=\"elementor-widget-container\">\n\t\t\t\t\t\t\t\t\t<p><span style=\"font-weight: 400;\">L&#8217;\u00e9v\u00e9nement se tenait en parall\u00e8le de la Journ\u00e9e Portes Ouvertes de Keyce Academy. Les \u00e9tudiants accueillaient donc simultan\u00e9ment lyc\u00e9ens, familles et journalistes \u2014 une confrontation avec un vrai public qui donne toute sa valeur \u00e0 l&#8217;exercice.<\/span><\/p>\t\t\t\t\t\t\t\t<\/div>\n\t\t\t\t<\/div>\n\t\t\t\t<div class=\"elementor-element elementor-element-67f2853 elementor-blockquote--skin-border elementor-widget elementor-widget-blockquote\" data-id=\"67f2853\" data-element_type=\"widget\" data-widget_type=\"blockquote.default\">\n\t\t\t\t<div class=\"elementor-widget-container\">\n\t\t\t\t\t\t\t<blockquote class=\"elementor-blockquote\">\n\t\t\t<p class=\"elementor-blockquote__content\">\n\t\t\t\t\u00ab L'importance, c'est vraiment de subir le tourisme, subir le public. C'est d'avoir du public en face de soi, travailler son oratoire et s'exercer \u00e0 recevoir. C'est tr\u00e8s important pour nous dans le tourisme. \u00bb\t\t\t<\/p>\n\t\t\t\t\t\t\t<div class=\"e-q-footer\">\n\t\t\t\t\t\t\t\t\t\t\t<cite class=\"elementor-blockquote__author\">\u2014 Nolan, 1\u00e8re ann\u00e9e BTS Tourisme Martinique<\/cite>\n\t\t\t\t\t\t\t\t\t\t\t\t\t\t<\/div>\n\t\t\t\t\t<\/blockquote>\n\t\t\t\t\t\t<\/div>\n\t\t\t\t<\/div>\n\t\t\t\t<div class=\"elementor-element elementor-element-a30e850 elementor-widget elementor-widget-text-editor\" data-id=\"a30e850\" data-element_type=\"widget\" data-widget_type=\"text-editor.default\">\n\t\t\t\t<div class=\"elementor-widget-container\">\n\t\t\t\t\t\t\t\t\t<p><span style=\"font-weight: 400;\">Lo\u00e9my retient elle la richesse humaine de l&#8217;exp\u00e9rience \u2014 et notamment la d\u00e9couverte des deuxi\u00e8mes ann\u00e9es, dont elle a pu parcourir les stands et mesurer le travail accompli.<\/span><\/p>\t\t\t\t\t\t\t\t<\/div>\n\t\t\t\t<\/div>\n\t\t\t\t<div class=\"elementor-element elementor-element-8f06646 elementor-blockquote--skin-border elementor-widget elementor-widget-blockquote\" data-id=\"8f06646\" data-element_type=\"widget\" data-widget_type=\"blockquote.default\">\n\t\t\t\t<div class=\"elementor-widget-container\">\n\t\t\t\t\t\t\t<blockquote class=\"elementor-blockquote\">\n\t\t\t<p class=\"elementor-blockquote__content\">\n\t\t\t\t\u00ab Durant ce salon, on a pu avoir l'occasion de conna\u00eetre un peu plus nos deuxi\u00e8mes ann\u00e9es en BTS Tourisme. On a pu \u00e9changer avec eux, d\u00e9couvrir leur stand \u2014 qui \u00e9tait d'ailleurs tr\u00e8s int\u00e9ressant. En un mot, ce que je retiendrais : la collaboration. \u00bb\t\t\t<\/p>\n\t\t\t\t\t\t\t<div class=\"e-q-footer\">\n\t\t\t\t\t\t\t\t\t\t\t<cite class=\"elementor-blockquote__author\">\u2014 Lo\u00e9my, 1\u00e8re ann\u00e9e BTS Tourisme Martinique<\/cite>\n\t\t\t\t\t\t\t\t\t\t\t\t\t\t<\/div>\n\t\t\t\t\t<\/blockquote>\n\t\t\t\t\t\t<\/div>\n\t\t\t\t<\/div>\n\t\t\t\t\t<\/div>\n\t\t<\/div>\n\t\t\t\t\t<\/div>\n\t\t<\/section>\n\t\t\t\t<section class=\"elementor-section elementor-top-section elementor-element elementor-element-9c88a89 elementor-section-boxed elementor-section-height-default elementor-section-height-default\" data-id=\"9c88a89\" data-element_type=\"section\">\n\t\t\t\t\t\t<div class=\"elementor-container elementor-column-gap-default\">\n\t\t\t\t\t<div class=\"elementor-column elementor-col-100 elementor-top-column elementor-element elementor-element-78cf5d1\" data-id=\"78cf5d1\" data-element_type=\"column\">\n\t\t\t<div class=\"elementor-widget-wrap elementor-element-populated\">\n\t\t\t\t\t\t<div class=\"elementor-element elementor-element-ea2a5c1 elementor-widget elementor-widget-heading\" data-id=\"ea2a5c1\" data-element_type=\"widget\" data-widget_type=\"heading.default\">\n\t\t\t\t<div class=\"elementor-widget-container\">\n\t\t\t\t\t<h2 class=\"elementor-heading-title elementor-size-default\">Keyce Academy : l'alternance au c\u0153ur de la formation<\/h2>\t\t\t\t<\/div>\n\t\t\t\t<\/div>\n\t\t\t\t<div class=\"elementor-element elementor-element-e305eee elementor-widget elementor-widget-text-editor\" data-id=\"e305eee\" data-element_type=\"widget\" data-widget_type=\"text-editor.default\">\n\t\t\t\t<div class=\"elementor-widget-container\">\n\t\t\t\t\t\t\t\t\t<p><span style=\"font-weight: 400;\">Keyce Academy Martinique propose des formations post-bac dans quatre secteurs \u2014 Commerce, Tourisme, Informatique, Sant\u00e9 \u2014 du bac+2 au bac+5, avec l&#8217;alternance comme fil rouge. Pour M. Lecurieux Lafferronnay, Directeur P\u00f4le Formation, les Challengers du Monde incarnent pr\u00e9cis\u00e9ment cette philosophie p\u00e9dagogique.<\/span><\/p>\t\t\t\t\t\t\t\t<\/div>\n\t\t\t\t<\/div>\n\t\t\t\t<div class=\"elementor-element elementor-element-c77634e elementor-widget elementor-widget-image\" data-id=\"c77634e\" data-element_type=\"widget\" data-widget_type=\"image.default\">\n\t\t\t\t<div class=\"elementor-widget-container\">\n\t\t\t\t\t\t\t\t\t\t\t\t\t\t\t<img loading=\"lazy\" decoding=\"async\" width=\"800\" height=\"892\" src=\"https:\/\/richeskarayib.com\/wp-content\/uploads\/2026\/03\/20260307_154101-918x1024.jpg\" class=\"attachment-large size-large wp-image-70547\" alt=\"BTS Tourisme Martinique\" srcset=\"https:\/\/richeskarayib.com\/wp-content\/uploads\/2026\/03\/20260307_154101-918x1024.jpg 918w, https:\/\/richeskarayib.com\/wp-content\/uploads\/2026\/03\/20260307_154101-269x300.jpg 269w, https:\/\/richeskarayib.com\/wp-content\/uploads\/2026\/03\/20260307_154101-768x856.jpg 768w, https:\/\/richeskarayib.com\/wp-content\/uploads\/2026\/03\/20260307_154101-1378x1536.jpg 1378w, https:\/\/richeskarayib.com\/wp-content\/uploads\/2026\/03\/20260307_154101-1320x1472.jpg 1320w, https:\/\/richeskarayib.com\/wp-content\/uploads\/2026\/03\/20260307_154101.jpg 1722w\" sizes=\"(max-width: 800px) 100vw, 800px\" \/>\t\t\t\t\t\t\t\t\t\t\t\t\t\t\t<\/div>\n\t\t\t\t<\/div>\n\t\t\t\t<div class=\"elementor-element elementor-element-e833427 elementor-blockquote--skin-border elementor-widget elementor-widget-blockquote\" data-id=\"e833427\" data-element_type=\"widget\" data-widget_type=\"blockquote.default\">\n\t\t\t\t<div class=\"elementor-widget-container\">\n\t\t\t\t\t\t\t<blockquote class=\"elementor-blockquote\">\n\t\t\t<p class=\"elementor-blockquote__content\">\n\t\t\t\t\u00ab Le Challengers du Monde fait partie int\u00e9gralement du parcours p\u00e9dagogique de l'\u00e9tudiant qui choisit de faire un BTS Tourisme. \u00c7a lui permet d'allier th\u00e9orie et pratique, et de faire d\u00e9couvrir aux visiteurs ce dont nos jeunes sont capables. \u00bb\t\t\t<\/p>\n\t\t\t\t\t\t\t<div class=\"e-q-footer\">\n\t\t\t\t\t\t\t\t\t\t\t<cite class=\"elementor-blockquote__author\">\u2014 M. Lecurieux Lafferronnay, Directeur P\u00f4le Formation, Keyce Academy Martinique<\/cite>\n\t\t\t\t\t\t\t\t\t\t\t\t\t\t<\/div>\n\t\t\t\t\t<\/blockquote>\n\t\t\t\t\t\t<\/div>\n\t\t\t\t<\/div>\n\t\t\t\t<div class=\"elementor-element elementor-element-b69cd0b elementor-blockquote--skin-border elementor-widget elementor-widget-blockquote\" data-id=\"b69cd0b\" data-element_type=\"widget\" data-widget_type=\"blockquote.default\">\n\t\t\t\t<div class=\"elementor-widget-container\">\n\t\t\t\t\t\t\t<blockquote class=\"elementor-blockquote\">\n\t\t\t<p class=\"elementor-blockquote__content\">\n\t\t\t\t\u00ab Cette ann\u00e9e, c'\u00e9tait incroyable. Nous avons des jeunes investis, engag\u00e9s, cr\u00e9atifs. Et des visiteurs qui sont ressortis rassur\u00e9s que nos jeunes ont du talent. \u00bb\t\t\t<\/p>\n\t\t\t\t\t\t\t<div class=\"e-q-footer\">\n\t\t\t\t\t\t\t\t\t\t\t<cite class=\"elementor-blockquote__author\">\u2014 M. Lecurieux Lafferronnay, Directeur P\u00f4le Formation, Keyce Academy Martinique<\/cite>\n\t\t\t\t\t\t\t\t\t\t\t\t\t\t<\/div>\n\t\t\t\t\t<\/blockquote>\n\t\t\t\t\t\t<\/div>\n\t\t\t\t<\/div>\n\t\t\t\t<div class=\"elementor-element elementor-element-6c13d69 elementor-widget elementor-widget-text-editor\" data-id=\"6c13d69\" data-element_type=\"widget\" data-widget_type=\"text-editor.default\">\n\t\t\t\t<div class=\"elementor-widget-container\">\n\t\t\t\t\t\t\t\t\t<p><span style=\"font-weight: 400;\">Ces \u00e9tudiants en BTS Tourisme Martinique qui vendent la Nouvelle-Orl\u00e9ans, Tokyo ou Rio aujourd&#8217;hui seront demain les ambassadeurs de leur propre \u00eele. Ils ont appris \u00e0 raconter le monde. Ils sauront raconter la Martinique.<\/span><\/p>\t\t\t\t\t\t\t\t<\/div>\n\t\t\t\t<\/div>\n\t\t\t\t\t<\/div>\n\t\t<\/div>\n\t\t\t\t\t<\/div>\n\t\t<\/section>\n\t\t\t\t<section class=\"elementor-section elementor-top-section elementor-element elementor-element-f5709a6 elementor-section-boxed elementor-section-height-default elementor-section-height-default\" data-id=\"f5709a6\" data-element_type=\"section\">\n\t\t\t\t\t\t<div class=\"elementor-container elementor-column-gap-default\">\n\t\t\t\t\t<div class=\"elementor-column elementor-col-100 elementor-top-column elementor-element elementor-element-957be6f\" data-id=\"957be6f\" data-element_type=\"column\">\n\t\t\t<div class=\"elementor-widget-wrap elementor-element-populated\">\n\t\t\t\t\t\t<div class=\"elementor-element elementor-element-63e5d4a elementor-widget elementor-widget-accordion\" data-id=\"63e5d4a\" data-element_type=\"widget\" data-widget_type=\"accordion.default\">\n\t\t\t\t<div class=\"elementor-widget-container\">\n\t\t\t\t\t\t\t<div class=\"elementor-accordion\">\n\t\t\t\t\t\t\t<div class=\"elementor-accordion-item\">\n\t\t\t\t\t<div id=\"elementor-tab-title-1041\" class=\"elementor-tab-title\" data-tab=\"1\" role=\"button\" aria-controls=\"elementor-tab-content-1041\" aria-expanded=\"false\">\n\t\t\t\t\t\t\t\t\t\t\t\t\t<span class=\"elementor-accordion-icon elementor-accordion-icon-left\" aria-hidden=\"true\">\n\t\t\t\t\t\t\t\t\t\t\t\t\t\t\t<span class=\"elementor-accordion-icon-closed\"><i class=\"fas fa-plus\"><\/i><\/span>\n\t\t\t\t\t\t\t\t<span class=\"elementor-accordion-icon-opened\"><i class=\"fas fa-minus\"><\/i><\/span>\n\t\t\t\t\t\t\t\t\t\t\t\t\t\t<\/span>\n\t\t\t\t\t\t\t\t\t\t\t\t<a class=\"elementor-accordion-title\" tabindex=\"0\">Qu'est-ce que les Challengers du Monde \u00e0 Keyce Academy Martinique ?<\/a>\n\t\t\t\t\t<\/div>\n\t\t\t\t\t<div id=\"elementor-tab-content-1041\" class=\"elementor-tab-content elementor-clearfix\" data-tab=\"1\" role=\"region\" aria-labelledby=\"elementor-tab-title-1041\"><p><span style=\"font-weight: 400;\">Les Challengers du Monde est un salon du tourisme fictif organis\u00e9 chaque ann\u00e9e par les \u00e9tudiants en BTS Tourisme Martinique de Keyce Academy. Chaque \u00e9quipe con\u00e7oit un stand autour d&#8217;une destination mise en valeur dans un film mythique, avec offre de voyage, animations et argumentaire professionnel.<\/span><\/p><\/div>\n\t\t\t\t<\/div>\n\t\t\t\t\t\t\t<div class=\"elementor-accordion-item\">\n\t\t\t\t\t<div id=\"elementor-tab-title-1042\" class=\"elementor-tab-title\" data-tab=\"2\" role=\"button\" aria-controls=\"elementor-tab-content-1042\" aria-expanded=\"false\">\n\t\t\t\t\t\t\t\t\t\t\t\t\t<span class=\"elementor-accordion-icon elementor-accordion-icon-left\" aria-hidden=\"true\">\n\t\t\t\t\t\t\t\t\t\t\t\t\t\t\t<span class=\"elementor-accordion-icon-closed\"><i class=\"fas fa-plus\"><\/i><\/span>\n\t\t\t\t\t\t\t\t<span class=\"elementor-accordion-icon-opened\"><i class=\"fas fa-minus\"><\/i><\/span>\n\t\t\t\t\t\t\t\t\t\t\t\t\t\t<\/span>\n\t\t\t\t\t\t\t\t\t\t\t\t<a class=\"elementor-accordion-title\" tabindex=\"0\">Pourquoi choisir un BTS Tourisme en Martinique ?<\/a>\n\t\t\t\t\t<\/div>\n\t\t\t\t\t<div id=\"elementor-tab-content-1042\" class=\"elementor-tab-content elementor-clearfix\" data-tab=\"2\" role=\"region\" aria-labelledby=\"elementor-tab-title-1042\"><p><span style=\"font-weight: 400;\">Un BTS Tourisme en Martinique permet de se former aux m\u00e9tiers du tourisme dans un territoire carib\u00e9en dynamique, en alliant th\u00e9orie et mises en situation concr\u00e8tes. Keyce Academy propose cette formation en alternance, du bac+2 au bac+5, \u00e0 Fort-de-France.<\/span><\/p><\/div>\n\t\t\t\t<\/div>\n\t\t\t\t\t\t\t<div class=\"elementor-accordion-item\">\n\t\t\t\t\t<div id=\"elementor-tab-title-1043\" class=\"elementor-tab-title\" data-tab=\"3\" role=\"button\" aria-controls=\"elementor-tab-content-1043\" aria-expanded=\"false\">\n\t\t\t\t\t\t\t\t\t\t\t\t\t<span class=\"elementor-accordion-icon elementor-accordion-icon-left\" aria-hidden=\"true\">\n\t\t\t\t\t\t\t\t\t\t\t\t\t\t\t<span class=\"elementor-accordion-icon-closed\"><i class=\"fas fa-plus\"><\/i><\/span>\n\t\t\t\t\t\t\t\t<span class=\"elementor-accordion-icon-opened\"><i class=\"fas fa-minus\"><\/i><\/span>\n\t\t\t\t\t\t\t\t\t\t\t\t\t\t<\/span>\n\t\t\t\t\t\t\t\t\t\t\t\t<a class=\"elementor-accordion-title\" tabindex=\"0\">Le cin\u00e9ma peut-il booster le tourisme dans la Cara\u00efbe ?<\/a>\n\t\t\t\t\t<\/div>\n\t\t\t\t\t<div id=\"elementor-tab-content-1043\" class=\"elementor-tab-content elementor-clearfix\" data-tab=\"3\" role=\"region\" aria-labelledby=\"elementor-tab-title-1043\"><p><span style=\"font-weight: 400;\">Oui. Le tourisme cin\u00e9matographique g\u00e9n\u00e8re des flux de visiteurs vers les lieux de tournage. En Cara\u00efbe, des destinations comme la Dominique (Pirates des Cara\u00efbes) ou la Martinique b\u00e9n\u00e9ficient de cette visibilit\u00e9. Le BTS Tourisme Martinique int\u00e8gre cette r\u00e9alit\u00e9 dans sa p\u00e9dagogie.<\/span><\/p><\/div>\n\t\t\t\t<\/div>\n\t\t\t\t\t\t\t\t<\/div>\n\t\t\t\t\t\t<\/div>\n\t\t\t\t<\/div>\n\t\t\t\t\t<\/div>\n\t\t<\/div>\n\t\t\t\t\t<\/div>\n\t\t<\/section>\n\t\t\t\t<\/div>\n\t\t","protected":false},"excerpt":{"rendered":"<p>Le 7 mars 2026, le campus de Keyce Academy \u00e0 Fort-de-France s&#8217;est transform\u00e9 en forum du voyage. Les \u00e9tudiants en BTS Tourisme Martinique y ont orchestr\u00e9 la troisi\u00e8me \u00e9dition des \u00ab Challengers du Monde \u00bb : un salon fictif mais pleinement professionnel, o\u00f9 chaque destination \u2014 du Japon au Br\u00e9sil, de la Dominique \u00e0 la [&hellip;]<\/p>\n","protected":false},"author":662,"featured_media":70583,"comment_status":"closed","ping_status":"open","sticky":false,"template":"","format":"standard","meta":{"_acf_changed":false,"footnotes":""},"categories":[840,1732],"tags":[808],"class_list":["post-70521","post","type-post","status-publish","format-standard","has-post-thumbnail","hentry","category-actus","category-tourisme","tag-martinique-fr"],"acf":[],"_links":{"self":[{"href":"https:\/\/richeskarayib.com\/fr\/wp-json\/wp\/v2\/posts\/70521","targetHints":{"allow":["GET"]}}],"collection":[{"href":"https:\/\/richeskarayib.com\/fr\/wp-json\/wp\/v2\/posts"}],"about":[{"href":"https:\/\/richeskarayib.com\/fr\/wp-json\/wp\/v2\/types\/post"}],"author":[{"embeddable":true,"href":"https:\/\/richeskarayib.com\/fr\/wp-json\/wp\/v2\/users\/662"}],"replies":[{"embeddable":true,"href":"https:\/\/richeskarayib.com\/fr\/wp-json\/wp\/v2\/comments?post=70521"}],"version-history":[{"count":0,"href":"https:\/\/richeskarayib.com\/fr\/wp-json\/wp\/v2\/posts\/70521\/revisions"}],"wp:featuredmedia":[{"embeddable":true,"href":"https:\/\/richeskarayib.com\/fr\/wp-json\/wp\/v2\/media\/70583"}],"wp:attachment":[{"href":"https:\/\/richeskarayib.com\/fr\/wp-json\/wp\/v2\/media?parent=70521"}],"wp:term":[{"taxonomy":"category","embeddable":true,"href":"https:\/\/richeskarayib.com\/fr\/wp-json\/wp\/v2\/categories?post=70521"},{"taxonomy":"post_tag","embeddable":true,"href":"https:\/\/richeskarayib.com\/fr\/wp-json\/wp\/v2\/tags?post=70521"}],"curies":[{"name":"wp","href":"https:\/\/api.w.org\/{rel}","templated":true}]}}