{"id":70639,"date":"2026-03-11T03:51:56","date_gmt":"2026-03-11T07:51:56","guid":{"rendered":"https:\/\/richeskarayib.com\/?p=70639"},"modified":"2026-03-11T03:51:56","modified_gmt":"2026-03-11T07:51:56","slug":"jumelage-entre-saint-barth-et-saint-thomas","status":"publish","type":"post","link":"https:\/\/richeskarayib.com\/fr\/jumelage-entre-saint-barth-et-saint-thomas\/","title":{"rendered":"Jumelage entre Saint-Barth et Saint-Thomas : un partenariat qui renforce les \u00e9changes culturels et r\u00e9gionaux"},"content":{"rendered":"\t\t<div data-elementor-type=\"wp-post\" data-elementor-id=\"70639\" class=\"elementor elementor-70639\" data-elementor-post-type=\"post\">\n\t\t\t\t\t\t<section class=\"elementor-section elementor-top-section elementor-element elementor-element-7ca7ca1 elementor-section-boxed elementor-section-height-default elementor-section-height-default\" data-id=\"7ca7ca1\" data-element_type=\"section\">\n\t\t\t\t\t\t<div class=\"elementor-container elementor-column-gap-default\">\n\t\t\t\t\t<div class=\"elementor-column elementor-col-100 elementor-top-column elementor-element elementor-element-cbdd002\" data-id=\"cbdd002\" data-element_type=\"column\">\n\t\t\t<div class=\"elementor-widget-wrap elementor-element-populated\">\n\t\t\t\t\t\t<section class=\"elementor-section elementor-inner-section elementor-element elementor-element-bc94849 elementor-section-boxed elementor-section-height-default elementor-section-height-default\" data-id=\"bc94849\" data-element_type=\"section\">\n\t\t\t\t\t\t<div class=\"elementor-container elementor-column-gap-default\">\n\t\t\t\t\t\t<\/div>\n\t\t<\/section>\n\t\t\t\t<section class=\"elementor-section elementor-inner-section elementor-element elementor-element-61571e6 elementor-section-boxed elementor-section-height-default elementor-section-height-default\" data-id=\"61571e6\" data-element_type=\"section\">\n\t\t\t\t\t\t<div class=\"elementor-container elementor-column-gap-default\">\n\t\t\t\t\t\t<\/div>\n\t\t<\/section>\n\t\t\t\t<section class=\"elementor-section elementor-inner-section elementor-element elementor-element-b6262e0 elementor-section-boxed elementor-section-height-default elementor-section-height-default\" data-id=\"b6262e0\" data-element_type=\"section\">\n\t\t\t\t\t\t<div class=\"elementor-container elementor-column-gap-default\">\n\t\t\t\t\t\t<\/div>\n\t\t<\/section>\n\t\t\t\t<section class=\"elementor-section elementor-inner-section elementor-element elementor-element-cca29fd elementor-section-boxed elementor-section-height-default elementor-section-height-default\" data-id=\"cca29fd\" data-element_type=\"section\">\n\t\t\t\t\t\t<div class=\"elementor-container elementor-column-gap-default\">\n\t\t\t\t\t\t<\/div>\n\t\t<\/section>\n\t\t\t\t\t<\/div>\n\t\t<\/div>\n\t\t\t\t\t<\/div>\n\t\t<\/section>\n\t\t\t\t<section class=\"elementor-section elementor-top-section elementor-element elementor-element-ee72354 elementor-section-boxed elementor-section-height-default elementor-section-height-default\" data-id=\"ee72354\" data-element_type=\"section\">\n\t\t\t\t\t\t<div class=\"elementor-container elementor-column-gap-default\">\n\t\t\t\t\t<div class=\"elementor-column elementor-col-100 elementor-top-column elementor-element elementor-element-c59d6fe\" data-id=\"c59d6fe\" data-element_type=\"column\">\n\t\t\t<div class=\"elementor-widget-wrap elementor-element-populated\">\n\t\t\t\t\t\t<div class=\"elementor-element elementor-element-e57451f elementor-widget elementor-widget-text-editor\" data-id=\"e57451f\" data-element_type=\"widget\" data-widget_type=\"text-editor.default\">\n\t\t\t\t<div class=\"elementor-widget-container\">\n\t\t\t\t\t\t\t\t\t<p><span style=\"font-weight: 400;\">Le jumelage entre Saint-Barth et Saint-Thomas ouvre une nouvelle \u00e9tape dans les relations entre deux territoires voisins dont les liens humains, culturels et historiques d\u00e9passent depuis longtemps les fronti\u00e8res administratives. Le mardi 10 mars 2026, <\/span><b>Xavier L\u00e9d\u00e9e<\/b><span style=\"font-weight: 400;\">, pr\u00e9sident du Conseil territorial de Saint-Barth\u00e9lemy, et <\/span><b>Albert Bryan Jr<\/b><span style=\"font-weight: 400;\">, gouverneur des \u00celes Vierges des \u00c9tats-Unis, ont officiellement sign\u00e9 l\u2019acte de jumelage entre les deux \u00eeles. Cette signature donne un cadre concret \u00e0 une relation r\u00e9gionale ancienne et pose les bases d\u2019une coop\u00e9ration appel\u00e9e \u00e0 se d\u00e9velopper dans plusieurs domaines, notamment<\/span> <span style=\"font-weight: 400;\">la culture, l\u2019\u00e9ducation, le sport et les \u00e9changes institutionnels.<\/span><\/p>\t\t\t\t\t\t\t\t<\/div>\n\t\t\t\t<\/div>\n\t\t\t\t<div class=\"elementor-element elementor-element-5aad0bc elementor-widget elementor-widget-text-editor\" data-id=\"5aad0bc\" data-element_type=\"widget\" data-widget_type=\"text-editor.default\">\n\t\t\t\t<div class=\"elementor-widget-container\">\n\t\t\t\t\t\t\t\t\t<p><span style=\"font-weight: 400;\">\u00c0 l\u2019\u00e9chelle de la Cara\u00efbe, o\u00f9 les territoires voisins partagent souvent des histoires, des familles et des circulations \u00e9conomiques communes, ce type d\u2019accord prend une dimension particuli\u00e8re. Le jumelage entre Saint-Barth et Saint-Thomas illustre cette r\u00e9alit\u00e9 r\u00e9gionale : celle d\u2019\u00eeles proches qui choisissent aujourd\u2019hui de structurer davantage leurs relations pour construire des projets communs et renforcer leur dialogue.<\/span><\/p>\t\t\t\t\t\t\t\t<\/div>\n\t\t\t\t<\/div>\n\t\t\t\t\t<\/div>\n\t\t<\/div>\n\t\t\t\t\t<\/div>\n\t\t<\/section>\n\t\t\t\t<section class=\"elementor-section elementor-top-section elementor-element elementor-element-82cd8f9 elementor-section-boxed elementor-section-height-default elementor-section-height-default\" data-id=\"82cd8f9\" data-element_type=\"section\">\n\t\t\t\t\t\t<div class=\"elementor-container elementor-column-gap-default\">\n\t\t\t\t\t<div class=\"elementor-column elementor-col-100 elementor-top-column elementor-element elementor-element-0bfdc38\" data-id=\"0bfdc38\" data-element_type=\"column\">\n\t\t\t<div class=\"elementor-widget-wrap elementor-element-populated\">\n\t\t\t\t\t\t<div class=\"elementor-element elementor-element-7d292fe elementor-widget elementor-widget-heading\" data-id=\"7d292fe\" data-element_type=\"widget\" data-widget_type=\"heading.default\">\n\t\t\t\t<div class=\"elementor-widget-container\">\n\t\t\t\t\t<h2 class=\"elementor-heading-title elementor-size-default\">Une signature officielle port\u00e9e par des acteurs engag\u00e9s<\/h2>\t\t\t\t<\/div>\n\t\t\t\t<\/div>\n\t\t\t\t<div class=\"elementor-element elementor-element-96caf50 elementor-widget elementor-widget-text-editor\" data-id=\"96caf50\" data-element_type=\"widget\" data-widget_type=\"text-editor.default\">\n\t\t\t\t<div class=\"elementor-widget-container\">\n\t\t\t\t\t\t\t\t\t<p><span style=\"font-weight: 400;\">La signature du jumelage entre Saint-Barth et Saint-Thomas s\u2019est d\u00e9roul\u00e9e en pr\u00e9sence d\u2019une d\u00e9l\u00e9gation repr\u00e9sentative de la vie institutionnelle et associative de <a href=\"https:\/\/www.comstbarth.fr\/\" target=\"_blank\" rel=\"noopener nofollow\">Saint-Barth\u00e9lemy<\/a>. Autour du pr\u00e9sident <\/span><b>Xavier L\u00e9d\u00e9e<\/b><span style=\"font-weight: 400;\">, plusieurs personnalit\u00e9s impliqu\u00e9es dans la vie culturelle et associative du territoire \u00e9taient pr\u00e9sentes : <\/span><b>Bettina Cointre<\/b><span style=\"font-weight: 400;\">, pr\u00e9sidente de la commission culture, <\/span><b>C\u00e9cile Coudreau<\/b><span style=\"font-weight: 400;\">, pr\u00e9sidente de l\u2019AJOE, <\/span><b>Vianney Blanchard<\/b><span style=\"font-weight: 400;\">, pr\u00e9sident de l\u2019association \u00ab Jumelage Saint-Barth et Saint-Thomas \u00bb, ainsi que <\/span><b>Jean-Yann Bouchaut<\/b><span style=\"font-weight: 400;\">, responsable du service Culture et communication.<\/span><\/p>\t\t\t\t\t\t\t\t<\/div>\n\t\t\t\t<\/div>\n\t\t\t\t<div class=\"elementor-element elementor-element-a5c141c elementor-widget elementor-widget-text-editor\" data-id=\"a5c141c\" data-element_type=\"widget\" data-widget_type=\"text-editor.default\">\n\t\t\t\t<div class=\"elementor-widget-container\">\n\t\t\t\t\t\t\t\t\t<p><span style=\"font-weight: 400;\">Cette composition souligne l\u2019ambition du projet. Le jumelage entre Saint-Barth et Saint-Thomas ne se limite pas \u00e0 une relation entre institutions. Il s\u2019appuie \u00e9galement sur des acteurs culturels, associatifs et \u00e9ducatifs qui auront un r\u00f4le essentiel pour transformer cet accord en initiatives concr\u00e8tes. Les premi\u00e8res r\u00e9unions de travail doivent permettre d\u2019identifier rapidement les projets capables de donner une visibilit\u00e9 r\u00e9elle \u00e0 ce rapprochement entre les deux territoires.<\/span><\/p>\t\t\t\t\t\t\t\t<\/div>\n\t\t\t\t<\/div>\n\t\t\t\t<div class=\"elementor-element elementor-element-bf51ab9 elementor-widget elementor-widget-image\" data-id=\"bf51ab9\" data-element_type=\"widget\" data-widget_type=\"image.default\">\n\t\t\t\t<div class=\"elementor-widget-container\">\n\t\t\t\t\t\t\t\t\t\t\t\t<figure class=\"wp-caption\">\n\t\t\t\t\t\t\t\t\t\t<img fetchpriority=\"high\" decoding=\"async\" width=\"800\" height=\"534\" src=\"https:\/\/richeskarayib.com\/wp-content\/uploads\/2026\/03\/\u00a9Collectivite-de-Saint-Barthelemy-Officiel-1-1024x683.jpg\" class=\"attachment-large size-large wp-image-70644\" alt=\"jumelage entre Saint-Barth et Saint-Thomas\" srcset=\"https:\/\/richeskarayib.com\/wp-content\/uploads\/2026\/03\/\u00a9Collectivite-de-Saint-Barthelemy-Officiel-1-1024x683.jpg 1024w, https:\/\/richeskarayib.com\/wp-content\/uploads\/2026\/03\/\u00a9Collectivite-de-Saint-Barthelemy-Officiel-1-300x200.jpg 300w, https:\/\/richeskarayib.com\/wp-content\/uploads\/2026\/03\/\u00a9Collectivite-de-Saint-Barthelemy-Officiel-1-768x512.jpg 768w, https:\/\/richeskarayib.com\/wp-content\/uploads\/2026\/03\/\u00a9Collectivite-de-Saint-Barthelemy-Officiel-1-1536x1024.jpg 1536w, https:\/\/richeskarayib.com\/wp-content\/uploads\/2026\/03\/\u00a9Collectivite-de-Saint-Barthelemy-Officiel-1-1320x880.jpg 1320w, https:\/\/richeskarayib.com\/wp-content\/uploads\/2026\/03\/\u00a9Collectivite-de-Saint-Barthelemy-Officiel-1.jpg 1920w\" sizes=\"(max-width: 800px) 100vw, 800px\" \/>\t\t\t\t\t\t\t\t\t\t\t<figcaption class=\"widget-image-caption wp-caption-text\">\u00a9Collectivite\u0301 de Saint-Barthe\u0301lemy Officiel<\/figcaption>\n\t\t\t\t\t\t\t\t\t\t<\/figure>\n\t\t\t\t\t\t\t\t\t<\/div>\n\t\t\t\t<\/div>\n\t\t\t\t<section class=\"elementor-section elementor-inner-section elementor-element elementor-element-c582330 elementor-section-boxed elementor-section-height-default elementor-section-height-default\" data-id=\"c582330\" data-element_type=\"section\">\n\t\t\t\t\t\t<div class=\"elementor-container elementor-column-gap-default\">\n\t\t\t\t\t\t<\/div>\n\t\t<\/section>\n\t\t\t\t<section class=\"elementor-section elementor-inner-section elementor-element elementor-element-296603a elementor-section-boxed elementor-section-height-default elementor-section-height-default\" data-id=\"296603a\" data-element_type=\"section\">\n\t\t\t\t\t\t<div class=\"elementor-container elementor-column-gap-default\">\n\t\t\t\t\t\t<\/div>\n\t\t<\/section>\n\t\t\t\t\t<\/div>\n\t\t<\/div>\n\t\t\t\t\t<\/div>\n\t\t<\/section>\n\t\t\t\t<section class=\"elementor-section elementor-top-section elementor-element elementor-element-bdd0219 elementor-section-boxed elementor-section-height-default elementor-section-height-default\" data-id=\"bdd0219\" data-element_type=\"section\">\n\t\t\t\t\t\t<div class=\"elementor-container elementor-column-gap-default\">\n\t\t\t\t\t<div class=\"elementor-column elementor-col-100 elementor-top-column elementor-element elementor-element-c1ec903\" data-id=\"c1ec903\" data-element_type=\"column\">\n\t\t\t<div class=\"elementor-widget-wrap elementor-element-populated\">\n\t\t\t\t\t\t<div class=\"elementor-element elementor-element-55dd336 elementor-widget elementor-widget-heading\" data-id=\"55dd336\" data-element_type=\"widget\" data-widget_type=\"heading.default\">\n\t\t\t\t<div class=\"elementor-widget-container\">\n\t\t\t\t\t<h2 class=\"elementor-heading-title elementor-size-default\">Deux \u00eeles voisines li\u00e9es par une histoire r\u00e9gionale<\/h2>\t\t\t\t<\/div>\n\t\t\t\t<\/div>\n\t\t\t\t<div class=\"elementor-element elementor-element-9cd513e elementor-widget elementor-widget-text-editor\" data-id=\"9cd513e\" data-element_type=\"widget\" data-widget_type=\"text-editor.default\">\n\t\t\t\t<div class=\"elementor-widget-container\">\n\t\t\t\t\t\t\t\t\t<p><span style=\"font-weight: 400;\">La proximit\u00e9 entre <a href=\"https:\/\/www.facebook.com\/comstbarth\" target=\"_blank\" rel=\"noopener nofollow\">Saint-Barth<\/a> et Saint-Thomas ne date pas d\u2019aujourd\u2019hui. Situ\u00e9es \u00e0 quelques dizaines de kilom\u00e8tres l\u2019une de l\u2019autre, les deux \u00eeles ont entretenu au fil des d\u00e9cennies des relations r\u00e9guli\u00e8res faites d\u2019\u00e9changes humains, \u00e9conomiques et culturels. Dans la Cara\u00efbe, les circulations entre \u00eeles voisines ont toujours fa\u00e7onn\u00e9 la vie quotidienne. Les familles, les migrations, les activit\u00e9s commerciales et les \u00e9changes culturels ont contribu\u00e9 \u00e0 cr\u00e9er un espace r\u00e9gional o\u00f9 les fronti\u00e8res administratives ne refl\u00e8tent pas toujours la r\u00e9alit\u00e9 des liens humains.<\/span><\/p>\t\t\t\t\t\t\t\t<\/div>\n\t\t\t\t<\/div>\n\t\t\t\t<div class=\"elementor-element elementor-element-1b1e51a elementor-widget elementor-widget-text-editor\" data-id=\"1b1e51a\" data-element_type=\"widget\" data-widget_type=\"text-editor.default\">\n\t\t\t\t<div class=\"elementor-widget-container\">\n\t\t\t\t\t\t\t\t\t<p><span style=\"font-weight: 400;\">Le jumelage entre Saint-Barth et Saint-Thomas s\u2019inscrit dans cette logique. Il officialise une proximit\u00e9 d\u00e9j\u00e0 bien ancr\u00e9e dans la r\u00e9gion et ouvre la possibilit\u00e9 de la traduire en projets structur\u00e9s et durables.<\/span><\/p>\t\t\t\t\t\t\t\t<\/div>\n\t\t\t\t<\/div>\n\t\t\t\t<section class=\"elementor-section elementor-inner-section elementor-element elementor-element-92f4402 elementor-section-boxed elementor-section-height-default elementor-section-height-default\" data-id=\"92f4402\" data-element_type=\"section\">\n\t\t\t\t\t\t<div class=\"elementor-container elementor-column-gap-default\">\n\t\t\t\t\t\t<\/div>\n\t\t<\/section>\n\t\t\t\t<section class=\"elementor-section elementor-inner-section elementor-element elementor-element-9290a61 elementor-section-boxed elementor-section-height-default elementor-section-height-default\" data-id=\"9290a61\" data-element_type=\"section\">\n\t\t\t\t\t\t<div class=\"elementor-container elementor-column-gap-default\">\n\t\t\t\t\t\t<\/div>\n\t\t<\/section>\n\t\t\t\t\t<\/div>\n\t\t<\/div>\n\t\t\t\t\t<\/div>\n\t\t<\/section>\n\t\t\t\t<section class=\"elementor-section elementor-top-section elementor-element elementor-element-5a7397d elementor-section-boxed elementor-section-height-default elementor-section-height-default\" data-id=\"5a7397d\" data-element_type=\"section\">\n\t\t\t\t\t\t<div class=\"elementor-container elementor-column-gap-default\">\n\t\t\t\t\t<div class=\"elementor-column elementor-col-100 elementor-top-column elementor-element elementor-element-8b33b4b\" data-id=\"8b33b4b\" data-element_type=\"column\">\n\t\t\t<div class=\"elementor-widget-wrap elementor-element-populated\">\n\t\t\t\t\t\t<div class=\"elementor-element elementor-element-89dac4b elementor-widget elementor-widget-heading\" data-id=\"89dac4b\" data-element_type=\"widget\" data-widget_type=\"heading.default\">\n\t\t\t\t<div class=\"elementor-widget-container\">\n\t\t\t\t\t<h2 class=\"elementor-heading-title elementor-size-default\">Un projet pr\u00e9par\u00e9 depuis plusieurs mois<\/h2>\t\t\t\t<\/div>\n\t\t\t\t<\/div>\n\t\t\t\t<div class=\"elementor-element elementor-element-43a45ac elementor-widget elementor-widget-text-editor\" data-id=\"43a45ac\" data-element_type=\"widget\" data-widget_type=\"text-editor.default\">\n\t\t\t\t<div class=\"elementor-widget-container\">\n\t\t\t\t\t\t\t\t\t<p><span style=\"font-weight: 400;\">La signature de mars 2026 vient concr\u00e9tiser une d\u00e9marche engag\u00e9e auparavant par les autorit\u00e9s locales. D\u00e8s 2025, l\u2019id\u00e9e d\u2019un jumelage entre <a href=\"https:\/\/richeskarayib.com\/fr\/corsair-et-air-inter-iles-article-de-blog-rk\/\" target=\"_blank\" rel=\"noopener\">Saint-Barth<\/a> et Saint-Thomas avait \u00e9t\u00e9 \u00e9voqu\u00e9e afin de renforcer les relations entre les deux territoires et de d\u00e9velopper des initiatives communes. Les discussions men\u00e9es \u00e0 cette p\u00e9riode avaient d\u00e9j\u00e0 identifi\u00e9 plusieurs axes de coop\u00e9ration possibles : \u00e9v\u00e9nements culturels, \u00e9changes \u00e9ducatifs, rencontres sportives et collaborations institutionnelles. La signature officielle donne d\u00e9sormais un cadre formel \u00e0 cette volont\u00e9 de rapprochement et ouvre la voie \u00e0 une phase de mise en \u0153uvre.<\/span><\/p>\t\t\t\t\t\t\t\t<\/div>\n\t\t\t\t<\/div>\n\t\t\t\t<div class=\"elementor-element elementor-element-beac40d elementor-widget elementor-widget-image\" data-id=\"beac40d\" data-element_type=\"widget\" data-widget_type=\"image.default\">\n\t\t\t\t<div class=\"elementor-widget-container\">\n\t\t\t\t\t\t\t\t\t\t\t\t<figure class=\"wp-caption\">\n\t\t\t\t\t\t\t\t\t\t<img decoding=\"async\" width=\"800\" height=\"534\" src=\"https:\/\/richeskarayib.com\/wp-content\/uploads\/2026\/03\/\u00a9Collectivite-de-Saint-Barthelemy-Officiel-3-1024x683.jpg\" class=\"attachment-large size-large wp-image-70648\" alt=\"jumelage entre Saint-Barth et Saint-Thomas\" srcset=\"https:\/\/richeskarayib.com\/wp-content\/uploads\/2026\/03\/\u00a9Collectivite-de-Saint-Barthelemy-Officiel-3-1024x683.jpg 1024w, https:\/\/richeskarayib.com\/wp-content\/uploads\/2026\/03\/\u00a9Collectivite-de-Saint-Barthelemy-Officiel-3-300x200.jpg 300w, https:\/\/richeskarayib.com\/wp-content\/uploads\/2026\/03\/\u00a9Collectivite-de-Saint-Barthelemy-Officiel-3-768x512.jpg 768w, https:\/\/richeskarayib.com\/wp-content\/uploads\/2026\/03\/\u00a9Collectivite-de-Saint-Barthelemy-Officiel-3-1536x1024.jpg 1536w, https:\/\/richeskarayib.com\/wp-content\/uploads\/2026\/03\/\u00a9Collectivite-de-Saint-Barthelemy-Officiel-3-1320x880.jpg 1320w, https:\/\/richeskarayib.com\/wp-content\/uploads\/2026\/03\/\u00a9Collectivite-de-Saint-Barthelemy-Officiel-3.jpg 1920w\" sizes=\"(max-width: 800px) 100vw, 800px\" \/>\t\t\t\t\t\t\t\t\t\t\t<figcaption class=\"widget-image-caption wp-caption-text\">\u00a9Collectivite\u0301 de Saint-Barthe\u0301lemy Officiel<\/figcaption>\n\t\t\t\t\t\t\t\t\t\t<\/figure>\n\t\t\t\t\t\t\t\t\t<\/div>\n\t\t\t\t<\/div>\n\t\t\t\t\t<\/div>\n\t\t<\/div>\n\t\t\t\t\t<\/div>\n\t\t<\/section>\n\t\t\t\t<section class=\"elementor-section elementor-top-section elementor-element elementor-element-ceca32c elementor-section-boxed elementor-section-height-default elementor-section-height-default\" data-id=\"ceca32c\" data-element_type=\"section\">\n\t\t\t\t\t\t<div class=\"elementor-container elementor-column-gap-default\">\n\t\t\t\t\t<div class=\"elementor-column elementor-col-100 elementor-top-column elementor-element elementor-element-5a2e383\" data-id=\"5a2e383\" data-element_type=\"column\">\n\t\t\t<div class=\"elementor-widget-wrap elementor-element-populated\">\n\t\t\t\t\t\t<div class=\"elementor-element elementor-element-6cedf5f elementor-widget elementor-widget-heading\" data-id=\"6cedf5f\" data-element_type=\"widget\" data-widget_type=\"heading.default\">\n\t\t\t\t<div class=\"elementor-widget-container\">\n\t\t\t\t\t<h2 class=\"elementor-heading-title elementor-size-default\">Culture, jeunesse et sport : les premiers axes de coop\u00e9ration<\/h2>\t\t\t\t<\/div>\n\t\t\t\t<\/div>\n\t\t\t\t<div class=\"elementor-element elementor-element-e93d1fb elementor-widget elementor-widget-text-editor\" data-id=\"e93d1fb\" data-element_type=\"widget\" data-widget_type=\"text-editor.default\">\n\t\t\t\t<div class=\"elementor-widget-container\">\n\t\t\t\t\t\t\t\t\t<p><span style=\"font-weight: 400;\">L\u2019un des principaux objectifs du jumelage entre Saint-Barth et Saint-Thomas est de favoriser les \u00e9changes entre les habitants des deux territoires.<\/span><\/p>\t\t\t\t\t\t\t\t<\/div>\n\t\t\t\t<\/div>\n\t\t\t\t<div class=\"elementor-element elementor-element-ef524f2 elementor-widget elementor-widget-text-editor\" data-id=\"ef524f2\" data-element_type=\"widget\" data-widget_type=\"text-editor.default\">\n\t\t\t\t<div class=\"elementor-widget-container\">\n\t\t\t\t\t\t\t\t\t<h3><b>Des initiatives culturelles pour valoriser les patrimoines carib\u00e9ens<\/b><\/h3><p><span style=\"font-weight: 400;\">La culture constitue naturellement l\u2019un des premiers terrains de coop\u00e9ration. Expositions, rencontres artistiques, \u00e9changes entre associations ou initiatives autour du patrimoine pourraient contribuer \u00e0 renforcer la visibilit\u00e9 des liens culturels entre les deux \u00eeles. Dans une r\u00e9gion marqu\u00e9e par la diversit\u00e9 linguistique et l\u2019h\u00e9ritage de plusieurs influences historiques, ces \u00e9changes culturels permettent aussi de valoriser les identit\u00e9s locales tout en renfor\u00e7ant les passerelles r\u00e9gionales.<\/span><\/p>\t\t\t\t\t\t\t\t<\/div>\n\t\t\t\t<\/div>\n\t\t\t\t<div class=\"elementor-element elementor-element-aab4e32 elementor-widget elementor-widget-text-editor\" data-id=\"aab4e32\" data-element_type=\"widget\" data-widget_type=\"text-editor.default\">\n\t\t\t\t<div class=\"elementor-widget-container\">\n\t\t\t\t\t\t\t\t\t<h3><b>Des \u00e9changes \u00e9ducatifs tourn\u00e9s vers la jeunesse<\/b><\/h3><p><span style=\"font-weight: 400;\">Le <\/span><b>j<\/b><span style=\"font-weight: 400;\">umelage entre Saint-Barth et Saint-Thomas ouvre \u00e9galement des perspectives pour les jeunes g\u00e9n\u00e9rations. Des programmes d\u2019\u00e9changes scolaires ou linguistiques pourraient permettre aux \u00e9l\u00e8ves de mieux d\u00e9couvrir les r\u00e9alit\u00e9s culturelles et sociales de leurs voisins carib\u00e9ens. Dans un espace r\u00e9gional o\u00f9 coexistent plusieurs langues: fran\u00e7ais, anglais, espagnol et cr\u00e9oles, ces initiatives repr\u00e9sentent aussi une opportunit\u00e9 d\u2019ouverture et d\u2019apprentissage.<\/span><\/p>\t\t\t\t\t\t\t\t<\/div>\n\t\t\t\t<\/div>\n\t\t\t\t<div class=\"elementor-element elementor-element-9305afd elementor-widget elementor-widget-text-editor\" data-id=\"9305afd\" data-element_type=\"widget\" data-widget_type=\"text-editor.default\">\n\t\t\t\t<div class=\"elementor-widget-container\">\n\t\t\t\t\t\t\t\t\t<h3><b>Le sport comme moteur de rapprochement<\/b><\/h3><p><span style=\"font-weight: 400;\">Le sport constitue un autre levier important de coop\u00e9ration. Les rencontres sportives entre jeunes, clubs ou associations offrent souvent un cadre simple et efficace pour renforcer les liens entre territoires voisins. Ces \u00e9v\u00e9nements permettent non seulement de favoriser les \u00e9changes entre habitants, mais aussi de donner une visibilit\u00e9 concr\u00e8te au jumelage entre Saint-Barth et Saint-Thomas aupr\u00e8s de la population.<\/span><\/p>\t\t\t\t\t\t\t\t<\/div>\n\t\t\t\t<\/div>\n\t\t\t\t\t<\/div>\n\t\t<\/div>\n\t\t\t\t\t<\/div>\n\t\t<\/section>\n\t\t\t\t<section class=\"elementor-section elementor-top-section elementor-element elementor-element-9c88a89 elementor-section-boxed elementor-section-height-default elementor-section-height-default\" data-id=\"9c88a89\" data-element_type=\"section\">\n\t\t\t\t\t\t<div class=\"elementor-container elementor-column-gap-default\">\n\t\t\t\t\t<div class=\"elementor-column elementor-col-100 elementor-top-column elementor-element elementor-element-78cf5d1\" data-id=\"78cf5d1\" data-element_type=\"column\">\n\t\t\t<div class=\"elementor-widget-wrap elementor-element-populated\">\n\t\t\t\t\t\t<div class=\"elementor-element elementor-element-ea2a5c1 elementor-widget elementor-widget-heading\" data-id=\"ea2a5c1\" data-element_type=\"widget\" data-widget_type=\"heading.default\">\n\t\t\t\t<div class=\"elementor-widget-container\">\n\t\t\t\t\t<h2 class=\"elementor-heading-title elementor-size-default\">Saint-Thomas et la m\u00e9moire francophone de la r\u00e9gion<\/h2>\t\t\t\t<\/div>\n\t\t\t\t<\/div>\n\t\t\t\t<div class=\"elementor-element elementor-element-e305eee elementor-widget elementor-widget-text-editor\" data-id=\"e305eee\" data-element_type=\"widget\" data-widget_type=\"text-editor.default\">\n\t\t\t\t<div class=\"elementor-widget-container\">\n\t\t\t\t\t\t\t\t\t<p><span style=\"font-weight: 400;\">Le rapprochement entre les deux territoires s\u2019inscrit \u00e9galement dans un contexte culturel plus large. Saint-Thomas poss\u00e8de une histoire marqu\u00e9e par la pr\u00e9sence de communaut\u00e9s venues de diff\u00e9rents territoires carib\u00e9ens, dont les \u00eeles francophones voisines. Cette dimension culturelle a \u00e9t\u00e9 r\u00e9cemment mise en avant lorsque les autorit\u00e9s des \u00celes Vierges am\u00e9ricaines ont proclam\u00e9 une <\/span><b>French Heritage Week<\/b><span style=\"font-weight: 400;\">, reconnaissant l\u2019influence durable des communaut\u00e9s francophones dans le territoire, notamment celles li\u00e9es \u00e0 Saint-Barth, \u00e0 la Guadeloupe et \u00e0 Saint-Martin.<\/span><\/p>\t\t\t\t\t\t\t\t<\/div>\n\t\t\t\t<\/div>\n\t\t\t\t<div class=\"elementor-element elementor-element-43f13bc elementor-widget elementor-widget-text-editor\" data-id=\"43f13bc\" data-element_type=\"widget\" data-widget_type=\"text-editor.default\">\n\t\t\t\t<div class=\"elementor-widget-container\">\n\t\t\t\t\t\t\t\t\t<p><span style=\"font-weight: 400;\">Dans ce contexte, le <\/span><b>j<\/b><span style=\"font-weight: 400;\">umelage entre Saint-Barth et Saint-Thomas prend une r\u00e9sonance particuli\u00e8re. Il contribue \u00e0 mettre en lumi\u00e8re une histoire partag\u00e9e et \u00e0 renforcer les \u00e9changes entre des territoires dont les relations culturelles remontent \u00e0 plusieurs g\u00e9n\u00e9rations.<\/span><\/p>\t\t\t\t\t\t\t\t<\/div>\n\t\t\t\t<\/div>\n\t\t\t\t\t<\/div>\n\t\t<\/div>\n\t\t\t\t\t<\/div>\n\t\t<\/section>\n\t\t\t\t<section class=\"elementor-section elementor-top-section elementor-element elementor-element-a140ec6 elementor-section-boxed elementor-section-height-default elementor-section-height-default\" data-id=\"a140ec6\" data-element_type=\"section\">\n\t\t\t\t\t\t<div class=\"elementor-container elementor-column-gap-default\">\n\t\t\t\t\t<div class=\"elementor-column elementor-col-100 elementor-top-column elementor-element elementor-element-700b6af\" data-id=\"700b6af\" data-element_type=\"column\">\n\t\t\t<div class=\"elementor-widget-wrap elementor-element-populated\">\n\t\t\t\t\t\t<div class=\"elementor-element elementor-element-a1cef79 elementor-widget elementor-widget-heading\" data-id=\"a1cef79\" data-element_type=\"widget\" data-widget_type=\"heading.default\">\n\t\t\t\t<div class=\"elementor-widget-container\">\n\t\t\t\t\t<h2 class=\"elementor-heading-title elementor-size-default\">Un rapprochement r\u00e9v\u00e9lateur des dynamiques carib\u00e9ennes<\/h2>\t\t\t\t<\/div>\n\t\t\t\t<\/div>\n\t\t\t\t<div class=\"elementor-element elementor-element-6ede0e7 elementor-widget elementor-widget-text-editor\" data-id=\"6ede0e7\" data-element_type=\"widget\" data-widget_type=\"text-editor.default\">\n\t\t\t\t<div class=\"elementor-widget-container\">\n\t\t\t\t\t\t\t\t\t<p><span style=\"font-weight: 400;\">Au-del\u00e0 de l\u2019actualit\u00e9 institutionnelle, le jumelage entre Saint-Barth et Saint-Thomas refl\u00e8te une dynamique plus large dans la Cara\u00efbe. Les territoires de la r\u00e9gion cherchent de plus en plus \u00e0 renforcer leurs coop\u00e9rations directes afin de r\u00e9pondre \u00e0 des enjeux communs, qu\u2019ils soient culturels, \u00e9conomiques ou \u00e9ducatifs. Ces partenariats entre \u00eeles voisines participent \u00e0 la construction d\u2019un espace r\u00e9gional plus connect\u00e9, o\u00f9 les initiatives locales peuvent favoriser les \u00e9changes et encourager une meilleure compr\u00e9hension mutuelle.<\/span><\/p><p><span style=\"font-weight: 400;\">Dans cette perspective, le rapprochement entre Saint-Barth et Saint-Thomas appara\u00eet comme un exemple concret de la mani\u00e8re dont les territoires carib\u00e9ens peuvent transformer leurs liens historiques en projets d\u2019avenir.<\/span><\/p>\t\t\t\t\t\t\t\t<\/div>\n\t\t\t\t<\/div>\n\t\t\t\t<div class=\"elementor-element elementor-element-31f51dc elementor-widget elementor-widget-image\" data-id=\"31f51dc\" data-element_type=\"widget\" data-widget_type=\"image.default\">\n\t\t\t\t<div class=\"elementor-widget-container\">\n\t\t\t\t\t\t\t\t\t\t\t\t<figure class=\"wp-caption\">\n\t\t\t\t\t\t\t\t\t\t<img decoding=\"async\" width=\"800\" height=\"534\" src=\"https:\/\/richeskarayib.com\/wp-content\/uploads\/2026\/03\/\u00a9Collectivite-de-Saint-Barthelemy-Officiel-2-1024x683.jpg\" class=\"attachment-large size-large wp-image-70652\" alt=\"jumelage entre Saint-Barth et Saint-Thomas\" srcset=\"https:\/\/richeskarayib.com\/wp-content\/uploads\/2026\/03\/\u00a9Collectivite-de-Saint-Barthelemy-Officiel-2-1024x683.jpg 1024w, https:\/\/richeskarayib.com\/wp-content\/uploads\/2026\/03\/\u00a9Collectivite-de-Saint-Barthelemy-Officiel-2-300x200.jpg 300w, https:\/\/richeskarayib.com\/wp-content\/uploads\/2026\/03\/\u00a9Collectivite-de-Saint-Barthelemy-Officiel-2-768x512.jpg 768w, https:\/\/richeskarayib.com\/wp-content\/uploads\/2026\/03\/\u00a9Collectivite-de-Saint-Barthelemy-Officiel-2-1536x1024.jpg 1536w, https:\/\/richeskarayib.com\/wp-content\/uploads\/2026\/03\/\u00a9Collectivite-de-Saint-Barthelemy-Officiel-2-1320x880.jpg 1320w, https:\/\/richeskarayib.com\/wp-content\/uploads\/2026\/03\/\u00a9Collectivite-de-Saint-Barthelemy-Officiel-2.jpg 1920w\" sizes=\"(max-width: 800px) 100vw, 800px\" \/>\t\t\t\t\t\t\t\t\t\t\t<figcaption class=\"widget-image-caption wp-caption-text\">\u00a9Collectivite\u0301 de Saint-Barthe\u0301lemy Officiel<\/figcaption>\n\t\t\t\t\t\t\t\t\t\t<\/figure>\n\t\t\t\t\t\t\t\t\t<\/div>\n\t\t\t\t<\/div>\n\t\t\t\t\t<\/div>\n\t\t<\/div>\n\t\t\t\t\t<\/div>\n\t\t<\/section>\n\t\t\t\t<section class=\"elementor-section elementor-top-section elementor-element elementor-element-2b940fe elementor-section-boxed elementor-section-height-default elementor-section-height-default\" data-id=\"2b940fe\" data-element_type=\"section\">\n\t\t\t\t\t\t<div class=\"elementor-container elementor-column-gap-default\">\n\t\t\t\t\t<div class=\"elementor-column elementor-col-100 elementor-top-column elementor-element elementor-element-4e254c8\" data-id=\"4e254c8\" data-element_type=\"column\">\n\t\t\t<div class=\"elementor-widget-wrap elementor-element-populated\">\n\t\t\t\t\t\t<div class=\"elementor-element elementor-element-fe305a4 elementor-widget elementor-widget-heading\" data-id=\"fe305a4\" data-element_type=\"widget\" data-widget_type=\"heading.default\">\n\t\t\t\t<div class=\"elementor-widget-container\">\n\t\t\t\t\t<h2 class=\"elementor-heading-title elementor-size-default\">Une coop\u00e9ration appel\u00e9e \u00e0 se concr\u00e9tiser<\/h2>\t\t\t\t<\/div>\n\t\t\t\t<\/div>\n\t\t\t\t<div class=\"elementor-element elementor-element-00fbbd6 elementor-widget elementor-widget-text-editor\" data-id=\"00fbbd6\" data-element_type=\"widget\" data-widget_type=\"text-editor.default\">\n\t\t\t\t<div class=\"elementor-widget-container\">\n\t\t\t\t\t\t\t\t\t<p><span style=\"font-weight: 400;\">La signature du jumelage entre Saint-Barth et Saint-Thomas ouvre d\u00e9sormais une nouvelle phase : celle de la mise en \u0153uvre des projets qui donneront vie \u00e0 cet accord. Les prochaines initiatives permettront de mesurer l\u2019ampleur de cette coop\u00e9ration et d\u2019observer comment les deux territoires choisissent de d\u00e9velopper leurs \u00e9changes. Dans une Cara\u00efbe o\u00f9 les relations entre \u00eeles voisines jouent un r\u00f4le essentiel dans la circulation des cultures, des id\u00e9es et des initiatives, ce jumelage pourrait devenir un exemple de coop\u00e9ration r\u00e9gionale construite \u00e0 partir de liens humains et historiques d\u00e9j\u00e0 solides.<\/span><\/p>\t\t\t\t\t\t\t\t<\/div>\n\t\t\t\t<\/div>\n\t\t\t\t\t<\/div>\n\t\t<\/div>\n\t\t\t\t\t<\/div>\n\t\t<\/section>\n\t\t\t\t<section class=\"elementor-section elementor-top-section elementor-element elementor-element-f5709a6 elementor-section-boxed elementor-section-height-default elementor-section-height-default\" data-id=\"f5709a6\" data-element_type=\"section\">\n\t\t\t\t\t\t<div class=\"elementor-container elementor-column-gap-default\">\n\t\t\t\t\t<div class=\"elementor-column elementor-col-100 elementor-top-column elementor-element elementor-element-957be6f\" data-id=\"957be6f\" data-element_type=\"column\">\n\t\t\t<div class=\"elementor-widget-wrap elementor-element-populated\">\n\t\t\t\t\t\t<div class=\"elementor-element elementor-element-63e5d4a elementor-widget elementor-widget-accordion\" data-id=\"63e5d4a\" data-element_type=\"widget\" data-widget_type=\"accordion.default\">\n\t\t\t\t<div class=\"elementor-widget-container\">\n\t\t\t\t\t\t\t<div class=\"elementor-accordion\">\n\t\t\t\t\t\t\t<div class=\"elementor-accordion-item\">\n\t\t\t\t\t<div id=\"elementor-tab-title-1041\" class=\"elementor-tab-title\" data-tab=\"1\" role=\"button\" aria-controls=\"elementor-tab-content-1041\" aria-expanded=\"false\">\n\t\t\t\t\t\t\t\t\t\t\t\t\t<span class=\"elementor-accordion-icon elementor-accordion-icon-left\" aria-hidden=\"true\">\n\t\t\t\t\t\t\t\t\t\t\t\t\t\t\t<span class=\"elementor-accordion-icon-closed\"><i class=\"fas fa-plus\"><\/i><\/span>\n\t\t\t\t\t\t\t\t<span class=\"elementor-accordion-icon-opened\"><i class=\"fas fa-minus\"><\/i><\/span>\n\t\t\t\t\t\t\t\t\t\t\t\t\t\t<\/span>\n\t\t\t\t\t\t\t\t\t\t\t\t<a class=\"elementor-accordion-title\" tabindex=\"0\">Qu\u2019est-ce que le jumelage entre Saint-Barth et Saint-Thomas ?<\/a>\n\t\t\t\t\t<\/div>\n\t\t\t\t\t<div id=\"elementor-tab-content-1041\" class=\"elementor-tab-content elementor-clearfix\" data-tab=\"1\" role=\"region\" aria-labelledby=\"elementor-tab-title-1041\"><p><span style=\"font-weight: 400;\">Le jumelage entre Saint-Barth et Saint-Thomas est un accord officiel sign\u00e9 le 10 mars 2026 entre la Collectivit\u00e9 de Saint-Barth\u00e9lemy et le gouvernement des \u00celes Vierges am\u00e9ricaines. Il vise \u00e0 renforcer les \u00e9changes entre les deux territoires dans plusieurs domaines, notamment la culture, l\u2019\u00e9ducation, le sport et les relations institutionnelles.<\/span><\/p><\/div>\n\t\t\t\t<\/div>\n\t\t\t\t\t\t\t<div class=\"elementor-accordion-item\">\n\t\t\t\t\t<div id=\"elementor-tab-title-1042\" class=\"elementor-tab-title\" data-tab=\"2\" role=\"button\" aria-controls=\"elementor-tab-content-1042\" aria-expanded=\"false\">\n\t\t\t\t\t\t\t\t\t\t\t\t\t<span class=\"elementor-accordion-icon elementor-accordion-icon-left\" aria-hidden=\"true\">\n\t\t\t\t\t\t\t\t\t\t\t\t\t\t\t<span class=\"elementor-accordion-icon-closed\"><i class=\"fas fa-plus\"><\/i><\/span>\n\t\t\t\t\t\t\t\t<span class=\"elementor-accordion-icon-opened\"><i class=\"fas fa-minus\"><\/i><\/span>\n\t\t\t\t\t\t\t\t\t\t\t\t\t\t<\/span>\n\t\t\t\t\t\t\t\t\t\t\t\t<a class=\"elementor-accordion-title\" tabindex=\"0\">Pourquoi ce jumelage est-il important pour la r\u00e9gion ?<\/a>\n\t\t\t\t\t<\/div>\n\t\t\t\t\t<div id=\"elementor-tab-content-1042\" class=\"elementor-tab-content elementor-clearfix\" data-tab=\"2\" role=\"region\" aria-labelledby=\"elementor-tab-title-1042\"><p><span style=\"font-weight: 400;\">Ce partenariat formalise une relation ancienne entre deux \u00eeles voisines de la Cara\u00efbe et permet de d\u00e9velopper des projets communs. Il contribue \u00e9galement \u00e0 renforcer les liens culturels et humains entre territoires francophones et anglophones de la r\u00e9gion.<\/span><\/p><\/div>\n\t\t\t\t<\/div>\n\t\t\t\t\t\t\t<div class=\"elementor-accordion-item\">\n\t\t\t\t\t<div id=\"elementor-tab-title-1043\" class=\"elementor-tab-title\" data-tab=\"3\" role=\"button\" aria-controls=\"elementor-tab-content-1043\" aria-expanded=\"false\">\n\t\t\t\t\t\t\t\t\t\t\t\t\t<span class=\"elementor-accordion-icon elementor-accordion-icon-left\" aria-hidden=\"true\">\n\t\t\t\t\t\t\t\t\t\t\t\t\t\t\t<span class=\"elementor-accordion-icon-closed\"><i class=\"fas fa-plus\"><\/i><\/span>\n\t\t\t\t\t\t\t\t<span class=\"elementor-accordion-icon-opened\"><i class=\"fas fa-minus\"><\/i><\/span>\n\t\t\t\t\t\t\t\t\t\t\t\t\t\t<\/span>\n\t\t\t\t\t\t\t\t\t\t\t\t<a class=\"elementor-accordion-title\" tabindex=\"0\">Quels types d\u2019\u00e9changes sont envisag\u00e9s ?<\/a>\n\t\t\t\t\t<\/div>\n\t\t\t\t\t<div id=\"elementor-tab-content-1043\" class=\"elementor-tab-content elementor-clearfix\" data-tab=\"3\" role=\"region\" aria-labelledby=\"elementor-tab-title-1043\"><p>Les premi\u00e8res pistes \u00e9voqu\u00e9es concernent des \u00e9v\u00e9nements culturels, des \u00e9changes scolaires, des rencontres sportives et des collaborations institutionnelles, destin\u00e9es \u00e0 favoriser les relations entre habitants, associations et institutions des deux territoires.<\/p><\/div>\n\t\t\t\t<\/div>\n\t\t\t\t\t\t\t\t<\/div>\n\t\t\t\t\t\t<\/div>\n\t\t\t\t<\/div>\n\t\t\t\t\t<\/div>\n\t\t<\/div>\n\t\t\t\t\t<\/div>\n\t\t<\/section>\n\t\t\t\t<\/div>\n\t\t","protected":false},"excerpt":{"rendered":"<p>Le jumelage entre Saint-Barth et Saint-Thomas ouvre une nouvelle \u00e9tape dans les relations entre deux territoires voisins dont les liens humains, culturels et historiques d\u00e9passent depuis longtemps les fronti\u00e8res administratives. Le mardi 10 mars 2026, Xavier L\u00e9d\u00e9e, pr\u00e9sident du Conseil territorial de Saint-Barth\u00e9lemy, et Albert Bryan Jr, gouverneur des \u00celes Vierges des \u00c9tats-Unis, ont officiellement [&hellip;]<\/p>\n","protected":false},"author":662,"featured_media":70640,"comment_status":"open","ping_status":"open","sticky":false,"template":"","format":"standard","meta":{"_acf_changed":false,"footnotes":""},"categories":[1785],"tags":[1774,1859],"class_list":["post-70639","post","type-post","status-publish","format-standard","has-post-thumbnail","hentry","category-cooperation","tag-saint-barthelemy-3","tag-saint-thomas"],"acf":[],"_links":{"self":[{"href":"https:\/\/richeskarayib.com\/fr\/wp-json\/wp\/v2\/posts\/70639","targetHints":{"allow":["GET"]}}],"collection":[{"href":"https:\/\/richeskarayib.com\/fr\/wp-json\/wp\/v2\/posts"}],"about":[{"href":"https:\/\/richeskarayib.com\/fr\/wp-json\/wp\/v2\/types\/post"}],"author":[{"embeddable":true,"href":"https:\/\/richeskarayib.com\/fr\/wp-json\/wp\/v2\/users\/662"}],"replies":[{"embeddable":true,"href":"https:\/\/richeskarayib.com\/fr\/wp-json\/wp\/v2\/comments?post=70639"}],"version-history":[{"count":0,"href":"https:\/\/richeskarayib.com\/fr\/wp-json\/wp\/v2\/posts\/70639\/revisions"}],"wp:featuredmedia":[{"embeddable":true,"href":"https:\/\/richeskarayib.com\/fr\/wp-json\/wp\/v2\/media\/70640"}],"wp:attachment":[{"href":"https:\/\/richeskarayib.com\/fr\/wp-json\/wp\/v2\/media?parent=70639"}],"wp:term":[{"taxonomy":"category","embeddable":true,"href":"https:\/\/richeskarayib.com\/fr\/wp-json\/wp\/v2\/categories?post=70639"},{"taxonomy":"post_tag","embeddable":true,"href":"https:\/\/richeskarayib.com\/fr\/wp-json\/wp\/v2\/tags?post=70639"}],"curies":[{"name":"wp","href":"https:\/\/api.w.org\/{rel}","templated":true}]}}