{"id":70660,"date":"2026-03-11T11:27:49","date_gmt":"2026-03-11T15:27:49","guid":{"rendered":"https:\/\/richeskarayib.com\/?p=70660"},"modified":"2026-03-11T11:27:49","modified_gmt":"2026-03-11T15:27:49","slug":"grenada-chocolate-fest-2026","status":"publish","type":"post","link":"https:\/\/richeskarayib.com\/fr\/grenada-chocolate-fest-2026\/","title":{"rendered":"Grenada Chocolate Fest 2026 : six jours pour d\u00e9couvrir le cacao grenadien, des plantations aux exp\u00e9riences gourmandes"},"content":{"rendered":"\t\t<div data-elementor-type=\"wp-post\" data-elementor-id=\"70660\" class=\"elementor elementor-70660\" data-elementor-post-type=\"post\">\n\t\t\t\t\t\t<section class=\"elementor-section elementor-top-section elementor-element elementor-element-7ca7ca1 elementor-section-boxed elementor-section-height-default elementor-section-height-default\" data-id=\"7ca7ca1\" data-element_type=\"section\">\n\t\t\t\t\t\t<div class=\"elementor-container elementor-column-gap-default\">\n\t\t\t\t\t<div class=\"elementor-column elementor-col-100 elementor-top-column elementor-element elementor-element-cbdd002\" data-id=\"cbdd002\" data-element_type=\"column\">\n\t\t\t<div class=\"elementor-widget-wrap elementor-element-populated\">\n\t\t\t\t\t\t<section class=\"elementor-section elementor-inner-section elementor-element elementor-element-bc94849 elementor-section-boxed elementor-section-height-default elementor-section-height-default\" data-id=\"bc94849\" data-element_type=\"section\">\n\t\t\t\t\t\t<div class=\"elementor-container elementor-column-gap-default\">\n\t\t\t\t\t\t<\/div>\n\t\t<\/section>\n\t\t\t\t<section class=\"elementor-section elementor-inner-section elementor-element elementor-element-61571e6 elementor-section-boxed elementor-section-height-default elementor-section-height-default\" data-id=\"61571e6\" data-element_type=\"section\">\n\t\t\t\t\t\t<div class=\"elementor-container elementor-column-gap-default\">\n\t\t\t\t\t\t<\/div>\n\t\t<\/section>\n\t\t\t\t<section class=\"elementor-section elementor-inner-section elementor-element elementor-element-b6262e0 elementor-section-boxed elementor-section-height-default elementor-section-height-default\" data-id=\"b6262e0\" data-element_type=\"section\">\n\t\t\t\t\t\t<div class=\"elementor-container elementor-column-gap-default\">\n\t\t\t\t\t\t<\/div>\n\t\t<\/section>\n\t\t\t\t<section class=\"elementor-section elementor-inner-section elementor-element elementor-element-cca29fd elementor-section-boxed elementor-section-height-default elementor-section-height-default\" data-id=\"cca29fd\" data-element_type=\"section\">\n\t\t\t\t\t\t<div class=\"elementor-container elementor-column-gap-default\">\n\t\t\t\t\t\t<\/div>\n\t\t<\/section>\n\t\t\t\t\t<\/div>\n\t\t<\/div>\n\t\t\t\t\t<\/div>\n\t\t<\/section>\n\t\t\t\t<section class=\"elementor-section elementor-top-section elementor-element elementor-element-ee72354 elementor-section-boxed elementor-section-height-default elementor-section-height-default\" data-id=\"ee72354\" data-element_type=\"section\">\n\t\t\t\t\t\t<div class=\"elementor-container elementor-column-gap-default\">\n\t\t\t\t\t<div class=\"elementor-column elementor-col-100 elementor-top-column elementor-element elementor-element-c59d6fe\" data-id=\"c59d6fe\" data-element_type=\"column\">\n\t\t\t<div class=\"elementor-widget-wrap elementor-element-populated\">\n\t\t\t\t\t\t<div class=\"elementor-element elementor-element-e57451f elementor-widget elementor-widget-text-editor\" data-id=\"e57451f\" data-element_type=\"widget\" data-widget_type=\"text-editor.default\">\n\t\t\t\t<div class=\"elementor-widget-container\">\n\t\t\t\t\t\t\t\t\t<p><span style=\"font-weight: 400;\">Du <\/span><b>22 au 27 mai 2026<\/b><span style=\"font-weight: 400;\">, la Grenade accueillera une nouvelle \u00e9dition du <\/span><a href=\"https:\/\/grenadachocolatefest-gd.translate.goog\/about\/?_x_tr_sl=en&amp;_x_tr_tl=fr&amp;_x_tr_hl=fr&amp;_x_tr_pto=sc\" target=\"_blank\" rel=\"noopener nofollow\"><b>Grenada Chocolate Fest 2026<\/b><\/a><span style=\"font-weight: 400;\">, un \u00e9v\u00e9nement devenu au fil des ann\u00e9es l\u2019un des rendez-vous les plus singuliers du calendrier gastronomique et culturel de l\u2019\u00eele. Cette \u00e9dition se d\u00e9roule autour d\u2019un th\u00e8me ambitieux : <\/span><b>\u00ab Reimagining Caribbean Cocoa \u2013 From Roots to Renaissance \u00bb<\/b><span style=\"font-weight: 400;\">, une invitation \u00e0 repenser le cacao \u00e0 partir de ses racines historiques afin d\u2019en imaginer les nouvelles perspectives.<\/span><\/p>\t\t\t\t\t\t\t\t<\/div>\n\t\t\t\t<\/div>\n\t\t\t\t<div class=\"elementor-element elementor-element-5aad0bc elementor-widget elementor-widget-text-editor\" data-id=\"5aad0bc\" data-element_type=\"widget\" data-widget_type=\"text-editor.default\">\n\t\t\t\t<div class=\"elementor-widget-container\">\n\t\t\t\t\t\t\t\t\t<p><span style=\"font-weight: 400;\">Pendant six jours, producteurs, chocolatiers, chefs, artisans, chercheurs, habitants et visiteurs venus de diff\u00e9rentes r\u00e9gions du monde se r\u00e9unissent pour c\u00e9l\u00e9brer le cacao sous toutes ses formes : agriculture, gastronomie, bien-\u00eatre, cr\u00e9ation et transmission culturelle. Plus qu\u2019un simple festival gourmand, Grenada Chocolate Fest 2026 propose une immersion compl\u00e8te dans l\u2019univers du cacao grenadien, depuis les plantations jusqu\u2019aux cr\u00e9ations artisanales qui font aujourd\u2019hui la r\u00e9putation internationale du chocolat de l\u2019\u00eele.<\/span><\/p>\t\t\t\t\t\t\t\t<\/div>\n\t\t\t\t<\/div>\n\t\t\t\t<div class=\"elementor-element elementor-element-63edab1 elementor-widget elementor-widget-image\" data-id=\"63edab1\" data-element_type=\"widget\" data-widget_type=\"image.default\">\n\t\t\t\t<div class=\"elementor-widget-container\">\n\t\t\t\t\t\t\t\t\t\t\t\t\t\t\t<img fetchpriority=\"high\" decoding=\"async\" width=\"800\" height=\"800\" src=\"https:\/\/richeskarayib.com\/wp-content\/uploads\/2026\/03\/494721313_1300663632065248_6443402130101057662_n-1024x1024.jpg\" class=\"attachment-large size-large wp-image-70665\" alt=\"Grenada Chocolate Fest 2026\" srcset=\"https:\/\/richeskarayib.com\/wp-content\/uploads\/2026\/03\/494721313_1300663632065248_6443402130101057662_n-1024x1024.jpg 1024w, https:\/\/richeskarayib.com\/wp-content\/uploads\/2026\/03\/494721313_1300663632065248_6443402130101057662_n-300x300.jpg 300w, https:\/\/richeskarayib.com\/wp-content\/uploads\/2026\/03\/494721313_1300663632065248_6443402130101057662_n-150x150.jpg 150w, https:\/\/richeskarayib.com\/wp-content\/uploads\/2026\/03\/494721313_1300663632065248_6443402130101057662_n-768x768.jpg 768w, https:\/\/richeskarayib.com\/wp-content\/uploads\/2026\/03\/494721313_1300663632065248_6443402130101057662_n-1536x1536.jpg 1536w, https:\/\/richeskarayib.com\/wp-content\/uploads\/2026\/03\/494721313_1300663632065248_6443402130101057662_n-1320x1320.jpg 1320w, https:\/\/richeskarayib.com\/wp-content\/uploads\/2026\/03\/494721313_1300663632065248_6443402130101057662_n.jpg 1563w\" sizes=\"(max-width: 800px) 100vw, 800px\" \/>\t\t\t\t\t\t\t\t\t\t\t\t\t\t\t<\/div>\n\t\t\t\t<\/div>\n\t\t\t\t\t<\/div>\n\t\t<\/div>\n\t\t\t\t\t<\/div>\n\t\t<\/section>\n\t\t\t\t<section class=\"elementor-section elementor-top-section elementor-element elementor-element-82cd8f9 elementor-section-boxed elementor-section-height-default elementor-section-height-default\" data-id=\"82cd8f9\" data-element_type=\"section\">\n\t\t\t\t\t\t<div class=\"elementor-container elementor-column-gap-default\">\n\t\t\t\t\t<div class=\"elementor-column elementor-col-100 elementor-top-column elementor-element elementor-element-0bfdc38\" data-id=\"0bfdc38\" data-element_type=\"column\">\n\t\t\t<div class=\"elementor-widget-wrap elementor-element-populated\">\n\t\t\t\t\t\t<div class=\"elementor-element elementor-element-7d292fe elementor-widget elementor-widget-heading\" data-id=\"7d292fe\" data-element_type=\"widget\" data-widget_type=\"heading.default\">\n\t\t\t\t<div class=\"elementor-widget-container\">\n\t\t\t\t\t<h2 class=\"elementor-heading-title elementor-size-default\">Une histoire n\u00e9e de la passion du cacao grenadien<\/h2>\t\t\t\t<\/div>\n\t\t\t\t<\/div>\n\t\t\t\t<div class=\"elementor-element elementor-element-96caf50 elementor-widget elementor-widget-text-editor\" data-id=\"96caf50\" data-element_type=\"widget\" data-widget_type=\"text-editor.default\">\n\t\t\t\t<div class=\"elementor-widget-container\">\n\t\t\t\t\t\t\t\t\t<p><span style=\"font-weight: 400;\">Le <a href=\"https:\/\/www.facebook.com\/GrenadaChocolatFest\/\" target=\"_blank\" rel=\"noopener nofollow\">Grenada Chocolate Fest 2026<\/a> s\u2019inscrit dans une histoire commenc\u00e9e en 2014, lorsque la Grenade a d\u00e9cid\u00e9 de mettre en lumi\u00e8re l\u2019un de ses patrimoines agricoles les plus pr\u00e9cieux : le cacao.<\/span><\/p><p><span style=\"font-weight: 400;\">Le festival a \u00e9t\u00e9 imagin\u00e9 pour valoriser le mouvement <\/span><b>\u201ctree-to-bar\u201d<\/b><span style=\"font-weight: 400;\">, une approche qui consiste \u00e0 ma\u00eetriser toutes les \u00e9tapes de production du chocolat, depuis la culture du cacao jusqu\u2019\u00e0 la fabrication de la tablette. Cette vision s\u2019est d\u00e9velopp\u00e9e \u00e0 Grenade gr\u00e2ce \u00e0 plusieurs entrepreneurs et artisans convaincus que le cacao pouvait devenir un v\u00e9ritable symbole identitaire pour l\u2019\u00eele.<\/span><\/p>\t\t\t\t\t\t\t\t<\/div>\n\t\t\t\t<\/div>\n\t\t\t\t<div class=\"elementor-element elementor-element-a5c141c elementor-widget elementor-widget-text-editor\" data-id=\"a5c141c\" data-element_type=\"widget\" data-widget_type=\"text-editor.default\">\n\t\t\t\t<div class=\"elementor-widget-container\">\n\t\t\t\t\t\t\t\t\t<p><span style=\"font-weight: 400;\">Parmi les figures marquantes de cette histoire figure <\/span><b>Mott Green<\/b><span style=\"font-weight: 400;\">, fondateur de la Grenada Chocolate Company, dont l\u2019engagement pour un chocolat artisanal, durable et aliment\u00e9 \u00e0 l\u2019\u00e9nergie solaire a profond\u00e9ment marqu\u00e9 l\u2019\u00e9volution du secteur sur l\u2019\u00eele. Depuis ses d\u00e9buts, le festival poursuit un objectif clair : permettre aux visiteurs comme aux habitants de comprendre le parcours complet du cacao, de la plantation jusqu\u2019au produit fini, tout en valorisant les agriculteurs, les artisans et les communaut\u00e9s qui perp\u00e9tuent ce savoir-faire.<\/span><\/p>\t\t\t\t\t\t\t\t<\/div>\n\t\t\t\t<\/div>\n\t\t\t\t<section class=\"elementor-section elementor-inner-section elementor-element elementor-element-c582330 elementor-section-boxed elementor-section-height-default elementor-section-height-default\" data-id=\"c582330\" data-element_type=\"section\">\n\t\t\t\t\t\t<div class=\"elementor-container elementor-column-gap-default\">\n\t\t\t\t\t\t<\/div>\n\t\t<\/section>\n\t\t\t\t<section class=\"elementor-section elementor-inner-section elementor-element elementor-element-c24bad9 elementor-section-boxed elementor-section-height-default elementor-section-height-default\" data-id=\"c24bad9\" data-element_type=\"section\">\n\t\t\t\t\t\t<div class=\"elementor-container elementor-column-gap-default\">\n\t\t\t\t\t<div class=\"elementor-column elementor-col-50 elementor-inner-column elementor-element elementor-element-2665ded\" data-id=\"2665ded\" data-element_type=\"column\">\n\t\t\t<div class=\"elementor-widget-wrap elementor-element-populated\">\n\t\t\t\t\t\t<div class=\"elementor-element elementor-element-83b778a elementor-widget elementor-widget-image\" data-id=\"83b778a\" data-element_type=\"widget\" data-widget_type=\"image.default\">\n\t\t\t\t<div class=\"elementor-widget-container\">\n\t\t\t\t\t\t\t\t\t\t\t\t<figure class=\"wp-caption\">\n\t\t\t\t\t\t\t\t\t\t<img decoding=\"async\" width=\"800\" height=\"534\" src=\"https:\/\/richeskarayib.com\/wp-content\/uploads\/2026\/03\/625923592_18561920839032240_7324936770981668229_n-1024x683.jpg\" class=\"attachment-large size-large wp-image-70669\" alt=\"Grenada Chocolate Fest 2026\" srcset=\"https:\/\/richeskarayib.com\/wp-content\/uploads\/2026\/03\/625923592_18561920839032240_7324936770981668229_n-1024x683.jpg 1024w, https:\/\/richeskarayib.com\/wp-content\/uploads\/2026\/03\/625923592_18561920839032240_7324936770981668229_n-300x200.jpg 300w, https:\/\/richeskarayib.com\/wp-content\/uploads\/2026\/03\/625923592_18561920839032240_7324936770981668229_n-768x512.jpg 768w, https:\/\/richeskarayib.com\/wp-content\/uploads\/2026\/03\/625923592_18561920839032240_7324936770981668229_n-1320x880.jpg 1320w, https:\/\/richeskarayib.com\/wp-content\/uploads\/2026\/03\/625923592_18561920839032240_7324936770981668229_n.jpg 1440w\" sizes=\"(max-width: 800px) 100vw, 800px\" \/>\t\t\t\t\t\t\t\t\t\t\t<figcaption class=\"widget-image-caption wp-caption-text\">\u00a9Grenada Chocolate Fest<\/figcaption>\n\t\t\t\t\t\t\t\t\t\t<\/figure>\n\t\t\t\t\t\t\t\t\t<\/div>\n\t\t\t\t<\/div>\n\t\t\t\t\t<\/div>\n\t\t<\/div>\n\t\t\t\t<div class=\"elementor-column elementor-col-50 elementor-inner-column elementor-element elementor-element-83e1551\" data-id=\"83e1551\" data-element_type=\"column\">\n\t\t\t<div class=\"elementor-widget-wrap elementor-element-populated\">\n\t\t\t\t\t\t<div class=\"elementor-element elementor-element-8aac245 elementor-widget elementor-widget-image\" data-id=\"8aac245\" data-element_type=\"widget\" data-widget_type=\"image.default\">\n\t\t\t\t<div class=\"elementor-widget-container\">\n\t\t\t\t\t\t\t\t\t\t\t\t<figure class=\"wp-caption\">\n\t\t\t\t\t\t\t\t\t\t<img decoding=\"async\" width=\"800\" height=\"534\" src=\"https:\/\/richeskarayib.com\/wp-content\/uploads\/2026\/03\/626466196_18561920842032240_7797647356657854408_n-1024x683.jpg\" class=\"attachment-large size-large wp-image-70673\" alt=\"Grenada Chocolate Fest 2026\" srcset=\"https:\/\/richeskarayib.com\/wp-content\/uploads\/2026\/03\/626466196_18561920842032240_7797647356657854408_n-1024x683.jpg 1024w, https:\/\/richeskarayib.com\/wp-content\/uploads\/2026\/03\/626466196_18561920842032240_7797647356657854408_n-300x200.jpg 300w, https:\/\/richeskarayib.com\/wp-content\/uploads\/2026\/03\/626466196_18561920842032240_7797647356657854408_n-768x512.jpg 768w, https:\/\/richeskarayib.com\/wp-content\/uploads\/2026\/03\/626466196_18561920842032240_7797647356657854408_n-1320x880.jpg 1320w, https:\/\/richeskarayib.com\/wp-content\/uploads\/2026\/03\/626466196_18561920842032240_7797647356657854408_n.jpg 1440w\" sizes=\"(max-width: 800px) 100vw, 800px\" \/>\t\t\t\t\t\t\t\t\t\t\t<figcaption class=\"widget-image-caption wp-caption-text\">\u00a9Grenada Chocolate Fest<\/figcaption>\n\t\t\t\t\t\t\t\t\t\t<\/figure>\n\t\t\t\t\t\t\t\t\t<\/div>\n\t\t\t\t<\/div>\n\t\t\t\t\t<\/div>\n\t\t<\/div>\n\t\t\t\t\t<\/div>\n\t\t<\/section>\n\t\t\t\t<section class=\"elementor-section elementor-inner-section elementor-element elementor-element-296603a elementor-section-boxed elementor-section-height-default elementor-section-height-default\" data-id=\"296603a\" data-element_type=\"section\">\n\t\t\t\t\t\t<div class=\"elementor-container elementor-column-gap-default\">\n\t\t\t\t\t\t<\/div>\n\t\t<\/section>\n\t\t\t\t\t<\/div>\n\t\t<\/div>\n\t\t\t\t\t<\/div>\n\t\t<\/section>\n\t\t\t\t<section class=\"elementor-section elementor-top-section elementor-element elementor-element-bdd0219 elementor-section-boxed elementor-section-height-default elementor-section-height-default\" data-id=\"bdd0219\" data-element_type=\"section\">\n\t\t\t\t\t\t<div class=\"elementor-container elementor-column-gap-default\">\n\t\t\t\t\t<div class=\"elementor-column elementor-col-100 elementor-top-column elementor-element elementor-element-c1ec903\" data-id=\"c1ec903\" data-element_type=\"column\">\n\t\t\t<div class=\"elementor-widget-wrap elementor-element-populated\">\n\t\t\t\t\t\t<div class=\"elementor-element elementor-element-55dd336 elementor-widget elementor-widget-heading\" data-id=\"55dd336\" data-element_type=\"widget\" data-widget_type=\"heading.default\">\n\t\t\t\t<div class=\"elementor-widget-container\">\n\t\t\t\t\t<h2 class=\"elementor-heading-title elementor-size-default\">Un festival qui a grandi avec la fili\u00e8re cacao<\/h2>\t\t\t\t<\/div>\n\t\t\t\t<\/div>\n\t\t\t\t<div class=\"elementor-element elementor-element-9cd513e elementor-widget elementor-widget-text-editor\" data-id=\"9cd513e\" data-element_type=\"widget\" data-widget_type=\"text-editor.default\">\n\t\t\t\t<div class=\"elementor-widget-container\">\n\t\t\t\t\t\t\t\t\t<p><span style=\"font-weight: 400;\">Au fil des ann\u00e9es, le festival a progressivement acquis une reconnaissance internationale dans le monde du chocolat artisanal et du tourisme gastronomique. Chaque \u00e9dition attire aujourd\u2019hui des experts du <a href=\"https:\/\/richeskarayib.com\/fr\/le-village-du-cacao-et-du-chocolat-2025\/\" target=\"_blank\" rel=\"noopener\">cacao<\/a> fin, des chefs, des innovateurs culinaires, des producteurs locaux, ainsi que des visiteurs venus des Cara\u00efbes, d\u2019Europe et d\u2019Am\u00e9rique du Nord.<\/span><\/p>\t\t\t\t\t\t\t\t<\/div>\n\t\t\t\t<\/div>\n\t\t\t\t<div class=\"elementor-element elementor-element-1b1e51a elementor-widget elementor-widget-text-editor\" data-id=\"1b1e51a\" data-element_type=\"widget\" data-widget_type=\"text-editor.default\">\n\t\t\t\t<div class=\"elementor-widget-container\">\n\t\t\t\t\t\t\t\t\t<p><span style=\"font-weight: 400;\">Cette \u00e9volution refl\u00e8te aussi la transformation du secteur cacaoyer grenadien. L\u2019\u00eele est aujourd\u2019hui reconnue pour la qualit\u00e9 de son cacao et pour la pr\u00e9sence de plusieurs entreprises sp\u00e9cialis\u00e9es dans la production de chocolat artisanal. Dans ce contexte, Grenada Chocolate Fest 2026 s\u2019inscrit dans une dynamique plus large : celle d\u2019un territoire qui transforme son patrimoine agricole en moteur culturel, \u00e9conomique et touristique.<\/span><\/p>\t\t\t\t\t\t\t\t<\/div>\n\t\t\t\t<\/div>\n\t\t\t\t<section class=\"elementor-section elementor-inner-section elementor-element elementor-element-243d415 elementor-section-boxed elementor-section-height-default elementor-section-height-default\" data-id=\"243d415\" data-element_type=\"section\">\n\t\t\t\t\t\t<div class=\"elementor-container elementor-column-gap-default\">\n\t\t\t\t\t<div class=\"elementor-column elementor-col-50 elementor-inner-column elementor-element elementor-element-9be3856\" data-id=\"9be3856\" data-element_type=\"column\">\n\t\t\t<div class=\"elementor-widget-wrap elementor-element-populated\">\n\t\t\t\t\t\t<div class=\"elementor-element elementor-element-857d730 elementor-widget elementor-widget-image\" data-id=\"857d730\" data-element_type=\"widget\" data-widget_type=\"image.default\">\n\t\t\t\t<div class=\"elementor-widget-container\">\n\t\t\t\t\t\t\t\t\t\t\t\t<figure class=\"wp-caption\">\n\t\t\t\t\t\t\t\t\t\t<img loading=\"lazy\" decoding=\"async\" width=\"800\" height=\"534\" src=\"https:\/\/richeskarayib.com\/wp-content\/uploads\/2026\/03\/627535657_18561920818032240_512125961469063964_n-1024x683.jpg\" class=\"attachment-large size-large wp-image-70677\" alt=\"Grenada Chocolate Fest 2026\" srcset=\"https:\/\/richeskarayib.com\/wp-content\/uploads\/2026\/03\/627535657_18561920818032240_512125961469063964_n-1024x683.jpg 1024w, https:\/\/richeskarayib.com\/wp-content\/uploads\/2026\/03\/627535657_18561920818032240_512125961469063964_n-300x200.jpg 300w, https:\/\/richeskarayib.com\/wp-content\/uploads\/2026\/03\/627535657_18561920818032240_512125961469063964_n-768x512.jpg 768w, https:\/\/richeskarayib.com\/wp-content\/uploads\/2026\/03\/627535657_18561920818032240_512125961469063964_n-1320x880.jpg 1320w, https:\/\/richeskarayib.com\/wp-content\/uploads\/2026\/03\/627535657_18561920818032240_512125961469063964_n.jpg 1440w\" sizes=\"(max-width: 800px) 100vw, 800px\" \/>\t\t\t\t\t\t\t\t\t\t\t<figcaption class=\"widget-image-caption wp-caption-text\">\u00a9Grenada Chocolate Fest<\/figcaption>\n\t\t\t\t\t\t\t\t\t\t<\/figure>\n\t\t\t\t\t\t\t\t\t<\/div>\n\t\t\t\t<\/div>\n\t\t\t\t\t<\/div>\n\t\t<\/div>\n\t\t\t\t<div class=\"elementor-column elementor-col-50 elementor-inner-column elementor-element elementor-element-d7129a4\" data-id=\"d7129a4\" data-element_type=\"column\">\n\t\t\t<div class=\"elementor-widget-wrap elementor-element-populated\">\n\t\t\t\t\t\t<div class=\"elementor-element elementor-element-503553f elementor-widget elementor-widget-image\" data-id=\"503553f\" data-element_type=\"widget\" data-widget_type=\"image.default\">\n\t\t\t\t<div class=\"elementor-widget-container\">\n\t\t\t\t\t\t\t\t\t\t\t\t<figure class=\"wp-caption\">\n\t\t\t\t\t\t\t\t\t\t<img loading=\"lazy\" decoding=\"async\" width=\"800\" height=\"534\" src=\"https:\/\/richeskarayib.com\/wp-content\/uploads\/2026\/03\/628809067_18565712773032240_7096244635853932680_n-1024x683.jpg\" class=\"attachment-large size-large wp-image-70681\" alt=\"Grenada Chocolate Fest 2026\" srcset=\"https:\/\/richeskarayib.com\/wp-content\/uploads\/2026\/03\/628809067_18565712773032240_7096244635853932680_n-1024x683.jpg 1024w, https:\/\/richeskarayib.com\/wp-content\/uploads\/2026\/03\/628809067_18565712773032240_7096244635853932680_n-300x200.jpg 300w, https:\/\/richeskarayib.com\/wp-content\/uploads\/2026\/03\/628809067_18565712773032240_7096244635853932680_n-768x512.jpg 768w, https:\/\/richeskarayib.com\/wp-content\/uploads\/2026\/03\/628809067_18565712773032240_7096244635853932680_n-1320x880.jpg 1320w, https:\/\/richeskarayib.com\/wp-content\/uploads\/2026\/03\/628809067_18565712773032240_7096244635853932680_n.jpg 1440w\" sizes=\"(max-width: 800px) 100vw, 800px\" \/>\t\t\t\t\t\t\t\t\t\t\t<figcaption class=\"widget-image-caption wp-caption-text\">\u00a9Grenada Chocolate Fest<\/figcaption>\n\t\t\t\t\t\t\t\t\t\t<\/figure>\n\t\t\t\t\t\t\t\t\t<\/div>\n\t\t\t\t<\/div>\n\t\t\t\t\t<\/div>\n\t\t<\/div>\n\t\t\t\t\t<\/div>\n\t\t<\/section>\n\t\t\t\t<section class=\"elementor-section elementor-inner-section elementor-element elementor-element-92f4402 elementor-section-boxed elementor-section-height-default elementor-section-height-default\" data-id=\"92f4402\" data-element_type=\"section\">\n\t\t\t\t\t\t<div class=\"elementor-container elementor-column-gap-default\">\n\t\t\t\t\t\t<\/div>\n\t\t<\/section>\n\t\t\t\t<section class=\"elementor-section elementor-inner-section elementor-element elementor-element-9290a61 elementor-section-boxed elementor-section-height-default elementor-section-height-default\" data-id=\"9290a61\" data-element_type=\"section\">\n\t\t\t\t\t\t<div class=\"elementor-container elementor-column-gap-default\">\n\t\t\t\t\t\t<\/div>\n\t\t<\/section>\n\t\t\t\t\t<\/div>\n\t\t<\/div>\n\t\t\t\t\t<\/div>\n\t\t<\/section>\n\t\t\t\t<section class=\"elementor-section elementor-top-section elementor-element elementor-element-5a7397d elementor-section-boxed elementor-section-height-default elementor-section-height-default\" data-id=\"5a7397d\" data-element_type=\"section\">\n\t\t\t\t\t\t<div class=\"elementor-container elementor-column-gap-default\">\n\t\t\t\t\t<div class=\"elementor-column elementor-col-100 elementor-top-column elementor-element elementor-element-8b33b4b\" data-id=\"8b33b4b\" data-element_type=\"column\">\n\t\t\t<div class=\"elementor-widget-wrap elementor-element-populated\">\n\t\t\t\t\t\t<div class=\"elementor-element elementor-element-89dac4b elementor-widget elementor-widget-heading\" data-id=\"89dac4b\" data-element_type=\"widget\" data-widget_type=\"heading.default\">\n\t\t\t\t<div class=\"elementor-widget-container\">\n\t\t\t\t\t<h2 class=\"elementor-heading-title elementor-size-default\">Le programme du Grenada Chocolate Fest 2026<\/h2>\t\t\t\t<\/div>\n\t\t\t\t<\/div>\n\t\t\t\t<div class=\"elementor-element elementor-element-43a45ac elementor-widget elementor-widget-text-editor\" data-id=\"43a45ac\" data-element_type=\"widget\" data-widget_type=\"text-editor.default\">\n\t\t\t\t<div class=\"elementor-widget-container\">\n\t\t\t\t\t\t\t\t\t<p><span style=\"font-weight: 400;\">L\u2019\u00e9dition 2026 propose <\/span><b>six jours d\u2019activit\u00e9s vari\u00e9es<\/b><span style=\"font-weight: 400;\">, m\u00ealant gastronomie, d\u00e9couverte des plantations, ateliers cr\u00e9atifs, exp\u00e9riences bien-\u00eatre et \u00e9v\u00e9nements culturels. Chaque journ\u00e9e est con\u00e7ue comme un parcours permettant d\u2019explorer le cacao sous diff\u00e9rents angles.<\/span><\/p>\t\t\t\t\t\t\t\t<\/div>\n\t\t\t\t<\/div>\n\t\t\t\t<div class=\"elementor-element elementor-element-871cec5 elementor-widget elementor-widget-text-editor\" data-id=\"871cec5\" data-element_type=\"widget\" data-widget_type=\"text-editor.default\">\n\t\t\t\t<div class=\"elementor-widget-container\">\n\t\t\t\t\t\t\t\t\t<h2><b>22 mai : ouverture du festival et premi\u00e8res exp\u00e9riences chocolat\u00e9es<\/b><\/h2><p><span style=\"font-weight: 400;\">Le festival d\u00e9bute avec une s\u00e9rie de rencontres et d\u2019\u00e9v\u00e9nements consacr\u00e9s \u00e0 la fili\u00e8re cacao. Cette premi\u00e8re journ\u00e9e rassemble producteurs, sp\u00e9cialistes et passionn\u00e9s autour de discussions et d\u2019\u00e9changes sur l\u2019avenir du cacao, tout en proposant plusieurs exp\u00e9riences permettant de comprendre les premi\u00e8res \u00e9tapes de la transformation du chocolat.<\/span><\/p><p><span style=\"font-weight: 400;\">Les participants peuvent assister \u00e0 des conf\u00e9rences d\u00e9di\u00e9es au cacao, d\u00e9couvrir une exposition consacr\u00e9e aux produits artisanaux, participer \u00e0 un atelier de fabrication de bonbons chocolat\u00e9s ou encore cr\u00e9er leur propre tablette de chocolat. La journ\u00e9e se termine par une soir\u00e9e festive organis\u00e9e dans un domaine historique de l\u2019\u00eele, marquant l\u2019ouverture officielle du festival.<\/span><\/p>\t\t\t\t\t\t\t\t<\/div>\n\t\t\t\t<\/div>\n\t\t\t\t<div class=\"elementor-element elementor-element-511faca elementor-widget elementor-widget-text-editor\" data-id=\"511faca\" data-element_type=\"widget\" data-widget_type=\"text-editor.default\">\n\t\t\t\t<div class=\"elementor-widget-container\">\n\t\t\t\t\t\t\t\t\t<h2><b>23 mai : bien-\u00eatre, gastronomie et activit\u00e9s familiales<\/b><\/h2><p><span style=\"font-weight: 400;\">La deuxi\u00e8me journ\u00e9e met davantage l\u2019accent sur l\u2019exp\u00e9rience sensorielle et le bien-\u00eatre. Le cacao y est explor\u00e9 comme ingr\u00e9dient gastronomique mais aussi comme \u00e9l\u00e9ment associ\u00e9 \u00e0 la sant\u00e9, \u00e0 la relaxation et \u00e0 la cr\u00e9ativit\u00e9. Plusieurs exp\u00e9riences sont propos\u00e9es autour du cacao et des super-aliments, tandis qu\u2019un village du cacao accueille des activit\u00e9s familiales et des ateliers interactifs permettant de d\u00e9couvrir les diff\u00e9rentes saveurs du chocolat.<\/span><\/p><p><span style=\"font-weight: 400;\">Des d\u00e9monstrations culinaires et des d\u00e9gustations rythment la journ\u00e9e, qui se conclut par un d\u00eener gastronomique mettant \u00e0 l\u2019honneur les produits et les talents culinaires de la Grenade.<\/span><\/p>\t\t\t\t\t\t\t\t<\/div>\n\t\t\t\t<\/div>\n\t\t\t\t<div class=\"elementor-element elementor-element-4130827 elementor-widget elementor-widget-text-editor\" data-id=\"4130827\" data-element_type=\"widget\" data-widget_type=\"text-editor.default\">\n\t\t\t\t<div class=\"elementor-widget-container\">\n\t\t\t\t\t\t\t\t\t<h2><b>24 mai : immersion dans la nature et les plantations de cacao<\/b><\/h2><p><span style=\"font-weight: 400;\">La troisi\u00e8me journ\u00e9e invite les participants \u00e0 d\u00e9couvrir le cacao dans son environnement naturel. Une randonn\u00e9e permet d\u2019explorer certains paysages embl\u00e9matiques de l\u2019\u00eele, notamment en direction d\u2019une cascade, tandis qu\u2019un brunch artistique propose une rencontre originale entre gastronomie et cr\u00e9ation. Une d\u00e9monstration culinaire inspir\u00e9e de la culture rastafari illustre \u00e9galement les liens entre cacao, traditions et cuisine carib\u00e9enne. L\u2019un des moments marquants de la journ\u00e9e est la visite immersive d\u2019un domaine cacaoyer historique, o\u00f9 les visiteurs peuvent observer les diff\u00e9rentes \u00e9tapes de la production du cacao. La journ\u00e9e se termine dans une ambiance festive autour du chocolat.<\/span><\/p>\t\t\t\t\t\t\t\t<\/div>\n\t\t\t\t<\/div>\n\t\t\t\t<div class=\"elementor-element elementor-element-3e86d22 elementor-widget elementor-widget-text-editor\" data-id=\"3e86d22\" data-element_type=\"widget\" data-widget_type=\"text-editor.default\">\n\t\t\t\t<div class=\"elementor-widget-container\">\n\t\t\t\t\t\t\t\t\t<h2><b>25 mai : chocolat, parfums et art de vivre grenadien<\/b><\/h2><p><span style=\"font-weight: 400;\">Le quatri\u00e8me jour du festival met en lumi\u00e8re l\u2019art de vivre grenadien. Les participants peuvent d\u00e9buter la journ\u00e9e par une s\u00e9ance de yoga accompagn\u00e9e d\u2019un massage au beurre de cacao, avant de partir \u00e0 la d\u00e9couverte de certaines plages secr\u00e8tes de l\u2019\u00eele lors d\u2019une marche guid\u00e9e. Un circuit gastronomique permet ensuite d\u2019explorer les saveurs locales, tandis qu\u2019une exp\u00e9rience associant cacao et parfums met en \u00e9vidence les liens entre chocolat, \u00e9pices et aromath\u00e9rapie. Une d\u00e9gustation gastronomique organis\u00e9e dans un cadre prestigieux compl\u00e8te cette journ\u00e9e consacr\u00e9e aux sens.<\/span><\/p><p><span style=\"font-weight: 400;\">La journ\u00e9e se poursuit avec un march\u00e9 d\u2019artisans et d\u2019artistes locaux accompagn\u00e9 d\u2019animations musicales c\u00e9l\u00e9brant la culture grenadienne.<\/span><\/p>\t\t\t\t\t\t\t\t<\/div>\n\t\t\t\t<\/div>\n\t\t\t\t<div class=\"elementor-element elementor-element-ed1fc7b elementor-widget elementor-widget-text-editor\" data-id=\"ed1fc7b\" data-element_type=\"widget\" data-widget_type=\"text-editor.default\">\n\t\t\t\t<div class=\"elementor-widget-container\">\n\t\t\t\t\t\t\t\t\t<h2><b>26 mai : transmission du savoir-faire chocolatier<\/b><\/h2><p><span style=\"font-weight: 400;\">La cinqui\u00e8me journ\u00e9e du <\/span><b>Grenada Chocolate Fest 2026<\/b><span style=\"font-weight: 400;\"> met l\u2019accent sur la transmission et l\u2019apprentissage. Les visiteurs peuvent participer \u00e0 des exp\u00e9riences associant rhum et chocolat, d\u00e9couvrir les sp\u00e9cialit\u00e9s culinaires de l\u2019\u00eele lors d\u2019un circuit gastronomique ou encore apprendre \u00e0 fabriquer des bonbons chocolat\u00e9s aux c\u00f4t\u00e9s d\u2019artisans locaux.<\/span><\/p><p><span style=\"font-weight: 400;\">Des ateliers permettent \u00e9galement de planter un cacaoyer et de fabriquer sa propre tablette de chocolat, offrant ainsi une exp\u00e9rience concr\u00e8te du travail des producteurs et chocolatiers.<\/span><\/p>\t\t\t\t\t\t\t\t<\/div>\n\t\t\t\t<\/div>\n\t\t\t\t<div class=\"elementor-element elementor-element-3c64e76 elementor-widget elementor-widget-text-editor\" data-id=\"3c64e76\" data-element_type=\"widget\" data-widget_type=\"text-editor.default\">\n\t\t\t\t<div class=\"elementor-widget-container\">\n\t\t\t\t\t\t\t\t\t<h2><b>27 mai : cr\u00e9ation artistique et f\u00eate de cl\u00f4ture<\/b><\/h2><p><span style=\"font-weight: 400;\">La derni\u00e8re journ\u00e9e du festival c\u00e9l\u00e8bre la cr\u00e9ativit\u00e9 et la convivialit\u00e9. Les participants peuvent d\u00e9couvrir un spa naturel inspir\u00e9 du cacao, participer \u00e0 un atelier artistique m\u00ealant chocolat et \u00e9pices ou encore cr\u00e9er des bijoux \u00e0 partir de f\u00e8ves de cacao. Une initiation \u00e0 la fabrication traditionnelle des boules de cacao utilis\u00e9es pour pr\u00e9parer le th\u00e9 grenadien permet \u00e9galement de d\u00e9couvrir une pratique culinaire embl\u00e9matique de l\u2019\u00eele. Le festival se conclut par une grande f\u00eate culinaire et musicale dans les rues, marquant la fin de six jours de c\u00e9l\u00e9bration consacr\u00e9s au cacao grenadien.<\/span><\/p>\t\t\t\t\t\t\t\t<\/div>\n\t\t\t\t<\/div>\n\t\t\t\t<section class=\"elementor-section elementor-inner-section elementor-element elementor-element-1ae4d15 elementor-section-boxed elementor-section-height-default elementor-section-height-default\" data-id=\"1ae4d15\" data-element_type=\"section\">\n\t\t\t\t\t\t<div class=\"elementor-container elementor-column-gap-default\">\n\t\t\t\t\t<div class=\"elementor-column elementor-col-50 elementor-inner-column elementor-element elementor-element-28b2e0e\" data-id=\"28b2e0e\" data-element_type=\"column\">\n\t\t\t<div class=\"elementor-widget-wrap elementor-element-populated\">\n\t\t\t\t\t\t<div class=\"elementor-element elementor-element-7848918 elementor-widget elementor-widget-image\" data-id=\"7848918\" data-element_type=\"widget\" data-widget_type=\"image.default\">\n\t\t\t\t<div class=\"elementor-widget-container\">\n\t\t\t\t\t\t\t\t\t\t\t\t<figure class=\"wp-caption\">\n\t\t\t\t\t\t\t\t\t\t<img loading=\"lazy\" decoding=\"async\" width=\"800\" height=\"534\" src=\"https:\/\/richeskarayib.com\/wp-content\/uploads\/2026\/03\/54561852242_fb7c9c0688_o-scaled-1-1024x683.jpg\" class=\"attachment-large size-large wp-image-70685\" alt=\"Grenada Chocolate Fest 2026\" srcset=\"https:\/\/richeskarayib.com\/wp-content\/uploads\/2026\/03\/54561852242_fb7c9c0688_o-scaled-1-1024x683.jpg 1024w, https:\/\/richeskarayib.com\/wp-content\/uploads\/2026\/03\/54561852242_fb7c9c0688_o-scaled-1-300x200.jpg 300w, https:\/\/richeskarayib.com\/wp-content\/uploads\/2026\/03\/54561852242_fb7c9c0688_o-scaled-1-768x512.jpg 768w, https:\/\/richeskarayib.com\/wp-content\/uploads\/2026\/03\/54561852242_fb7c9c0688_o-scaled-1-1536x1024.jpg 1536w, https:\/\/richeskarayib.com\/wp-content\/uploads\/2026\/03\/54561852242_fb7c9c0688_o-scaled-1-1320x880.jpg 1320w, https:\/\/richeskarayib.com\/wp-content\/uploads\/2026\/03\/54561852242_fb7c9c0688_o-scaled-1.jpg 1920w\" sizes=\"(max-width: 800px) 100vw, 800px\" \/>\t\t\t\t\t\t\t\t\t\t\t<figcaption class=\"widget-image-caption wp-caption-text\">\u00a9Grenada Chocolate Fest<\/figcaption>\n\t\t\t\t\t\t\t\t\t\t<\/figure>\n\t\t\t\t\t\t\t\t\t<\/div>\n\t\t\t\t<\/div>\n\t\t\t\t\t<\/div>\n\t\t<\/div>\n\t\t\t\t<div class=\"elementor-column elementor-col-50 elementor-inner-column elementor-element elementor-element-e1f6b04\" data-id=\"e1f6b04\" data-element_type=\"column\">\n\t\t\t<div class=\"elementor-widget-wrap elementor-element-populated\">\n\t\t\t\t\t\t<div class=\"elementor-element elementor-element-f66d343 elementor-widget elementor-widget-image\" data-id=\"f66d343\" data-element_type=\"widget\" data-widget_type=\"image.default\">\n\t\t\t\t<div class=\"elementor-widget-container\">\n\t\t\t\t\t\t\t\t\t\t\t\t<figure class=\"wp-caption\">\n\t\t\t\t\t\t\t\t\t\t<img loading=\"lazy\" decoding=\"async\" width=\"800\" height=\"534\" src=\"https:\/\/richeskarayib.com\/wp-content\/uploads\/2026\/03\/54562973790_890cf923f8_o-scaled-1-1024x683.jpg\" class=\"attachment-large size-large wp-image-70689\" alt=\"Grenada Chocolate Fest 2026\" srcset=\"https:\/\/richeskarayib.com\/wp-content\/uploads\/2026\/03\/54562973790_890cf923f8_o-scaled-1-1024x683.jpg 1024w, https:\/\/richeskarayib.com\/wp-content\/uploads\/2026\/03\/54562973790_890cf923f8_o-scaled-1-300x200.jpg 300w, https:\/\/richeskarayib.com\/wp-content\/uploads\/2026\/03\/54562973790_890cf923f8_o-scaled-1-768x512.jpg 768w, https:\/\/richeskarayib.com\/wp-content\/uploads\/2026\/03\/54562973790_890cf923f8_o-scaled-1-1536x1024.jpg 1536w, https:\/\/richeskarayib.com\/wp-content\/uploads\/2026\/03\/54562973790_890cf923f8_o-scaled-1-1320x880.jpg 1320w, https:\/\/richeskarayib.com\/wp-content\/uploads\/2026\/03\/54562973790_890cf923f8_o-scaled-1.jpg 1920w\" sizes=\"(max-width: 800px) 100vw, 800px\" \/>\t\t\t\t\t\t\t\t\t\t\t<figcaption class=\"widget-image-caption wp-caption-text\">\u00a9Grenada Chocolate Fest<\/figcaption>\n\t\t\t\t\t\t\t\t\t\t<\/figure>\n\t\t\t\t\t\t\t\t\t<\/div>\n\t\t\t\t<\/div>\n\t\t\t\t\t<\/div>\n\t\t<\/div>\n\t\t\t\t\t<\/div>\n\t\t<\/section>\n\t\t\t\t\t<\/div>\n\t\t<\/div>\n\t\t\t\t\t<\/div>\n\t\t<\/section>\n\t\t\t\t<section class=\"elementor-section elementor-top-section elementor-element elementor-element-ceca32c elementor-section-boxed elementor-section-height-default elementor-section-height-default\" data-id=\"ceca32c\" data-element_type=\"section\">\n\t\t\t\t\t\t<div class=\"elementor-container elementor-column-gap-default\">\n\t\t\t\t\t<div class=\"elementor-column elementor-col-100 elementor-top-column elementor-element elementor-element-5a2e383\" data-id=\"5a2e383\" data-element_type=\"column\">\n\t\t\t<div class=\"elementor-widget-wrap elementor-element-populated\">\n\t\t\t\t\t\t<div class=\"elementor-element elementor-element-6cedf5f elementor-widget elementor-widget-heading\" data-id=\"6cedf5f\" data-element_type=\"widget\" data-widget_type=\"heading.default\">\n\t\t\t\t<div class=\"elementor-widget-container\">\n\t\t\t\t\t<h2 class=\"elementor-heading-title elementor-size-default\">Un festival ouvert aux familles<\/h2>\t\t\t\t<\/div>\n\t\t\t\t<\/div>\n\t\t\t\t<div class=\"elementor-element elementor-element-e93d1fb elementor-widget elementor-widget-text-editor\" data-id=\"e93d1fb\" data-element_type=\"widget\" data-widget_type=\"text-editor.default\">\n\t\t\t\t<div class=\"elementor-widget-container\">\n\t\t\t\t\t\t\t\t\t<p><span style=\"font-weight: 400;\">Le Grenada Chocolate Fest 2026 est \u00e9galement con\u00e7u comme un \u00e9v\u00e9nement accessible \u00e0 tous les \u00e2ges. Les enfants peuvent participer \u00e0 plusieurs activit\u00e9s sp\u00e9cialement adapt\u00e9es, notamment des ateliers de fabrication de chocolat, des activit\u00e9s cr\u00e9atives autour du cacao et des animations ludiques qui leur permettent de d\u00e9couvrir l\u2019univers du chocolat de mani\u00e8re interactive. <\/span><span style=\"font-weight: 400;\">Cette dimension familiale contribue \u00e0 faire du festival un moment de transmission interg\u00e9n\u00e9rationnelle autour du patrimoine cacaoyer grenadien.<\/span><\/p>\t\t\t\t\t\t\t\t<\/div>\n\t\t\t\t<\/div>\n\t\t\t\t<div class=\"elementor-element elementor-element-8c13d71 elementor-widget elementor-widget-video\" data-id=\"8c13d71\" data-element_type=\"widget\" data-settings=\"{&quot;youtube_url&quot;:&quot;https:\\\/\\\/www.youtube.com\\\/watch?v=02ySh5SiWo8&quot;,&quot;video_type&quot;:&quot;youtube&quot;,&quot;controls&quot;:&quot;yes&quot;}\" data-widget_type=\"video.default\">\n\t\t\t\t<div class=\"elementor-widget-container\">\n\t\t\t\t\t\t\t<div class=\"elementor-wrapper elementor-open-inline\">\n\t\t\t<div class=\"elementor-video\"><\/div>\t\t<\/div>\n\t\t\t\t\t\t<\/div>\n\t\t\t\t<\/div>\n\t\t\t\t\t<\/div>\n\t\t<\/div>\n\t\t\t\t\t<\/div>\n\t\t<\/section>\n\t\t\t\t<section class=\"elementor-section elementor-top-section elementor-element elementor-element-9c88a89 elementor-section-boxed elementor-section-height-default elementor-section-height-default\" data-id=\"9c88a89\" data-element_type=\"section\">\n\t\t\t\t\t\t<div class=\"elementor-container elementor-column-gap-default\">\n\t\t\t\t\t<div class=\"elementor-column elementor-col-100 elementor-top-column elementor-element elementor-element-78cf5d1\" data-id=\"78cf5d1\" data-element_type=\"column\">\n\t\t\t<div class=\"elementor-widget-wrap elementor-element-populated\">\n\t\t\t\t\t\t<div class=\"elementor-element elementor-element-ea2a5c1 elementor-widget elementor-widget-heading\" data-id=\"ea2a5c1\" data-element_type=\"widget\" data-widget_type=\"heading.default\">\n\t\t\t\t<div class=\"elementor-widget-container\">\n\t\t\t\t\t<h2 class=\"elementor-heading-title elementor-size-default\">Grenada Chocolate Fest 2026 : bien plus qu\u2019un festival gourmand<\/h2>\t\t\t\t<\/div>\n\t\t\t\t<\/div>\n\t\t\t\t<div class=\"elementor-element elementor-element-e305eee elementor-widget elementor-widget-text-editor\" data-id=\"e305eee\" data-element_type=\"widget\" data-widget_type=\"text-editor.default\">\n\t\t\t\t<div class=\"elementor-widget-container\">\n\t\t\t\t\t\t\t\t\t<p><span style=\"font-weight: 400;\">Le <\/span><b>Grenada Chocolate Fest 2026<\/b><span style=\"font-weight: 400;\"> illustre la mani\u00e8re dont un produit agricole peut devenir un vecteur de culture, de transmission et de d\u00e9veloppement local.\u00c0 travers les plantations, les ateliers, les exp\u00e9riences culinaires et les rencontres, le cacao appara\u00eet comme un fil conducteur reliant agriculture, artisanat, tourisme et identit\u00e9 culturelle.<\/span><\/p><p><span style=\"font-weight: 400;\">Plus qu\u2019une simple c\u00e9l\u00e9bration gastronomique, le festival montre comment la Grenade transforme son h\u00e9ritage cacaoyer en un projet vivant, capable de rassembler producteurs, cr\u00e9ateurs et visiteurs autour d\u2019une m\u00eame passion. Du <\/span><b>22 au 27 mai 2026<\/b><span style=\"font-weight: 400;\">, la Grenade confirme ainsi son r\u00f4le de r\u00e9f\u00e9rence dans l\u2019univers du chocolat artisanal et dans la valorisation du cacao comme patrimoine vivant.<\/span><\/p>\t\t\t\t\t\t\t\t<\/div>\n\t\t\t\t<\/div>\n\t\t\t\t\t<\/div>\n\t\t<\/div>\n\t\t\t\t\t<\/div>\n\t\t<\/section>\n\t\t\t\t<section class=\"elementor-section elementor-top-section elementor-element elementor-element-f5709a6 elementor-section-boxed elementor-section-height-default elementor-section-height-default\" data-id=\"f5709a6\" data-element_type=\"section\">\n\t\t\t\t\t\t<div class=\"elementor-container elementor-column-gap-default\">\n\t\t\t\t\t<div class=\"elementor-column elementor-col-100 elementor-top-column elementor-element elementor-element-957be6f\" data-id=\"957be6f\" data-element_type=\"column\">\n\t\t\t<div class=\"elementor-widget-wrap elementor-element-populated\">\n\t\t\t\t\t\t<div class=\"elementor-element elementor-element-63e5d4a elementor-widget elementor-widget-accordion\" data-id=\"63e5d4a\" data-element_type=\"widget\" data-widget_type=\"accordion.default\">\n\t\t\t\t<div class=\"elementor-widget-container\">\n\t\t\t\t\t\t\t<div class=\"elementor-accordion\">\n\t\t\t\t\t\t\t<div class=\"elementor-accordion-item\">\n\t\t\t\t\t<div id=\"elementor-tab-title-1041\" class=\"elementor-tab-title\" data-tab=\"1\" role=\"button\" aria-controls=\"elementor-tab-content-1041\" aria-expanded=\"false\">\n\t\t\t\t\t\t\t\t\t\t\t\t\t<span class=\"elementor-accordion-icon elementor-accordion-icon-left\" aria-hidden=\"true\">\n\t\t\t\t\t\t\t\t\t\t\t\t\t\t\t<span class=\"elementor-accordion-icon-closed\"><i class=\"fas fa-plus\"><\/i><\/span>\n\t\t\t\t\t\t\t\t<span class=\"elementor-accordion-icon-opened\"><i class=\"fas fa-minus\"><\/i><\/span>\n\t\t\t\t\t\t\t\t\t\t\t\t\t\t<\/span>\n\t\t\t\t\t\t\t\t\t\t\t\t<a class=\"elementor-accordion-title\" tabindex=\"0\">Quand se d\u00e9roule le Grenada Chocolate Fest 2026 ?<\/a>\n\t\t\t\t\t<\/div>\n\t\t\t\t\t<div id=\"elementor-tab-content-1041\" class=\"elementor-tab-content elementor-clearfix\" data-tab=\"1\" role=\"region\" aria-labelledby=\"elementor-tab-title-1041\"><p><span style=\"font-weight: 400;\">Le Grenada Chocolate Fest 2026 se d\u00e9roule du 22 au 27 mai 2026 sur l\u2019\u00eele de Grenade. Pendant six jours, le festival propose conf\u00e9rences, ateliers de fabrication de chocolat, d\u00e9gustations, visites de plantations et \u00e9v\u00e9nements culturels consacr\u00e9s au cacao.<\/span><\/p><\/div>\n\t\t\t\t<\/div>\n\t\t\t\t\t\t\t<div class=\"elementor-accordion-item\">\n\t\t\t\t\t<div id=\"elementor-tab-title-1042\" class=\"elementor-tab-title\" data-tab=\"2\" role=\"button\" aria-controls=\"elementor-tab-content-1042\" aria-expanded=\"false\">\n\t\t\t\t\t\t\t\t\t\t\t\t\t<span class=\"elementor-accordion-icon elementor-accordion-icon-left\" aria-hidden=\"true\">\n\t\t\t\t\t\t\t\t\t\t\t\t\t\t\t<span class=\"elementor-accordion-icon-closed\"><i class=\"fas fa-plus\"><\/i><\/span>\n\t\t\t\t\t\t\t\t<span class=\"elementor-accordion-icon-opened\"><i class=\"fas fa-minus\"><\/i><\/span>\n\t\t\t\t\t\t\t\t\t\t\t\t\t\t<\/span>\n\t\t\t\t\t\t\t\t\t\t\t\t<a class=\"elementor-accordion-title\" tabindex=\"0\">Que peut-on faire pendant le Grenada Chocolate Fest 2026 ?<\/a>\n\t\t\t\t\t<\/div>\n\t\t\t\t\t<div id=\"elementor-tab-content-1042\" class=\"elementor-tab-content elementor-clearfix\" data-tab=\"2\" role=\"region\" aria-labelledby=\"elementor-tab-title-1042\"><p><span style=\"font-weight: 400;\">Le festival propose de nombreuses exp\u00e9riences : ateliers de fabrication de chocolat, d\u00e9gustations gastronomiques, visites de plantations de cacao, randonn\u00e9es dans la nature, exp\u00e9riences bien-\u00eatre, circuits culinaires et \u00e9v\u00e9nements culturels.<\/span><\/p><\/div>\n\t\t\t\t<\/div>\n\t\t\t\t\t\t\t<div class=\"elementor-accordion-item\">\n\t\t\t\t\t<div id=\"elementor-tab-title-1043\" class=\"elementor-tab-title\" data-tab=\"3\" role=\"button\" aria-controls=\"elementor-tab-content-1043\" aria-expanded=\"false\">\n\t\t\t\t\t\t\t\t\t\t\t\t\t<span class=\"elementor-accordion-icon elementor-accordion-icon-left\" aria-hidden=\"true\">\n\t\t\t\t\t\t\t\t\t\t\t\t\t\t\t<span class=\"elementor-accordion-icon-closed\"><i class=\"fas fa-plus\"><\/i><\/span>\n\t\t\t\t\t\t\t\t<span class=\"elementor-accordion-icon-opened\"><i class=\"fas fa-minus\"><\/i><\/span>\n\t\t\t\t\t\t\t\t\t\t\t\t\t\t<\/span>\n\t\t\t\t\t\t\t\t\t\t\t\t<a class=\"elementor-accordion-title\" tabindex=\"0\">Pourquoi le Grenada Chocolate Fest 2026 est-il important pour Grenade ?<\/a>\n\t\t\t\t\t<\/div>\n\t\t\t\t\t<div id=\"elementor-tab-content-1043\" class=\"elementor-tab-content elementor-clearfix\" data-tab=\"3\" role=\"region\" aria-labelledby=\"elementor-tab-title-1043\"><p><span style=\"font-weight: 400;\">Le festival met en valeur le patrimoine cacaoyer grenadien, soutient les producteurs locaux et renforce la r\u00e9putation internationale de l\u2019\u00eele dans le domaine du chocolat artisanal et du tourisme gastronomique.<\/span><\/p><\/div>\n\t\t\t\t<\/div>\n\t\t\t\t\t\t\t\t<\/div>\n\t\t\t\t\t\t<\/div>\n\t\t\t\t<\/div>\n\t\t\t\t\t<\/div>\n\t\t<\/div>\n\t\t\t\t\t<\/div>\n\t\t<\/section>\n\t\t\t\t<\/div>\n\t\t","protected":false},"excerpt":{"rendered":"<p>Du 22 au 27 mai 2026, la Grenade accueillera une nouvelle \u00e9dition du Grenada Chocolate Fest 2026, un \u00e9v\u00e9nement devenu au fil des ann\u00e9es l\u2019un des rendez-vous les plus singuliers du calendrier gastronomique et culturel de l\u2019\u00eele. Cette \u00e9dition se d\u00e9roule autour d\u2019un th\u00e8me ambitieux : \u00ab Reimagining Caribbean Cocoa \u2013 From Roots to Renaissance [&hellip;]<\/p>\n","protected":false},"author":662,"featured_media":70661,"comment_status":"open","ping_status":"open","sticky":false,"template":"","format":"standard","meta":{"_acf_changed":false,"footnotes":""},"categories":[1498,1485,1732],"tags":[1643],"class_list":["post-70660","post","type-post","status-publish","format-standard","has-post-thumbnail","hentry","category-gestion-devenements","category-art-culinaire","category-tourisme","tag-grenade"],"acf":[],"_links":{"self":[{"href":"https:\/\/richeskarayib.com\/fr\/wp-json\/wp\/v2\/posts\/70660","targetHints":{"allow":["GET"]}}],"collection":[{"href":"https:\/\/richeskarayib.com\/fr\/wp-json\/wp\/v2\/posts"}],"about":[{"href":"https:\/\/richeskarayib.com\/fr\/wp-json\/wp\/v2\/types\/post"}],"author":[{"embeddable":true,"href":"https:\/\/richeskarayib.com\/fr\/wp-json\/wp\/v2\/users\/662"}],"replies":[{"embeddable":true,"href":"https:\/\/richeskarayib.com\/fr\/wp-json\/wp\/v2\/comments?post=70660"}],"version-history":[{"count":0,"href":"https:\/\/richeskarayib.com\/fr\/wp-json\/wp\/v2\/posts\/70660\/revisions"}],"wp:featuredmedia":[{"embeddable":true,"href":"https:\/\/richeskarayib.com\/fr\/wp-json\/wp\/v2\/media\/70661"}],"wp:attachment":[{"href":"https:\/\/richeskarayib.com\/fr\/wp-json\/wp\/v2\/media?parent=70660"}],"wp:term":[{"taxonomy":"category","embeddable":true,"href":"https:\/\/richeskarayib.com\/fr\/wp-json\/wp\/v2\/categories?post=70660"},{"taxonomy":"post_tag","embeddable":true,"href":"https:\/\/richeskarayib.com\/fr\/wp-json\/wp\/v2\/tags?post=70660"}],"curies":[{"name":"wp","href":"https:\/\/api.w.org\/{rel}","templated":true}]}}