{"id":70696,"date":"2026-03-12T06:57:21","date_gmt":"2026-03-12T10:57:21","guid":{"rendered":"https:\/\/richeskarayib.com\/?p=70696"},"modified":"2026-03-16T06:39:03","modified_gmt":"2026-03-16T10:39:03","slug":"cma-cgm-connectivite-maritime-caraibe","status":"publish","type":"post","link":"https:\/\/richeskarayib.com\/fr\/cma-cgm-connectivite-maritime-caraibe\/","title":{"rendered":"Et si la nouvelle connectivit\u00e9 maritime changeait aussi le rayonnement culturel de la Cara\u00efbe ?"},"content":{"rendered":"\t\t<div data-elementor-type=\"wp-post\" data-elementor-id=\"70696\" class=\"elementor elementor-70696\" data-elementor-post-type=\"post\">\n\t\t\t\t\t\t<section class=\"elementor-section elementor-top-section elementor-element elementor-element-7ca7ca1 elementor-section-boxed elementor-section-height-default elementor-section-height-default\" data-id=\"7ca7ca1\" data-element_type=\"section\">\n\t\t\t\t\t\t<div class=\"elementor-container elementor-column-gap-default\">\n\t\t\t\t\t<div class=\"elementor-column elementor-col-100 elementor-top-column elementor-element elementor-element-cbdd002\" data-id=\"cbdd002\" data-element_type=\"column\">\n\t\t\t<div class=\"elementor-widget-wrap elementor-element-populated\">\n\t\t\t\t\t\t<section class=\"elementor-section elementor-inner-section elementor-element elementor-element-bc94849 elementor-section-boxed elementor-section-height-default elementor-section-height-default\" data-id=\"bc94849\" data-element_type=\"section\">\n\t\t\t\t\t\t<div class=\"elementor-container elementor-column-gap-default\">\n\t\t\t\t\t\t<\/div>\n\t\t<\/section>\n\t\t\t\t<section class=\"elementor-section elementor-inner-section elementor-element elementor-element-61571e6 elementor-section-boxed elementor-section-height-default elementor-section-height-default\" data-id=\"61571e6\" data-element_type=\"section\">\n\t\t\t\t\t\t<div class=\"elementor-container elementor-column-gap-default\">\n\t\t\t\t\t\t<\/div>\n\t\t<\/section>\n\t\t\t\t<section class=\"elementor-section elementor-inner-section elementor-element elementor-element-b6262e0 elementor-section-boxed elementor-section-height-default elementor-section-height-default\" data-id=\"b6262e0\" data-element_type=\"section\">\n\t\t\t\t\t\t<div class=\"elementor-container elementor-column-gap-default\">\n\t\t\t\t\t\t<\/div>\n\t\t<\/section>\n\t\t\t\t<section class=\"elementor-section elementor-inner-section elementor-element elementor-element-cca29fd elementor-section-boxed elementor-section-height-default elementor-section-height-default\" data-id=\"cca29fd\" data-element_type=\"section\">\n\t\t\t\t\t\t<div class=\"elementor-container elementor-column-gap-default\">\n\t\t\t\t\t\t<\/div>\n\t\t<\/section>\n\t\t\t\t\t<\/div>\n\t\t<\/div>\n\t\t\t\t\t<\/div>\n\t\t<\/section>\n\t\t\t\t<section class=\"elementor-section elementor-top-section elementor-element elementor-element-ee72354 elementor-section-boxed elementor-section-height-default elementor-section-height-default\" data-id=\"ee72354\" data-element_type=\"section\">\n\t\t\t\t\t\t<div class=\"elementor-container elementor-column-gap-default\">\n\t\t\t\t\t<div class=\"elementor-column elementor-col-100 elementor-top-column elementor-element elementor-element-c59d6fe\" data-id=\"c59d6fe\" data-element_type=\"column\">\n\t\t\t<div class=\"elementor-widget-wrap elementor-element-populated\">\n\t\t\t\t\t\t<section class=\"elementor-section elementor-inner-section elementor-element elementor-element-e21f858 elementor-section-boxed elementor-section-height-default elementor-section-height-default\" data-id=\"e21f858\" data-element_type=\"section\">\n\t\t\t\t\t\t<div class=\"elementor-container elementor-column-gap-default\">\n\t\t\t\t\t<div class=\"elementor-column elementor-col-100 elementor-inner-column elementor-element elementor-element-b5f1622\" data-id=\"b5f1622\" data-element_type=\"column\">\n\t\t\t<div class=\"elementor-widget-wrap elementor-element-populated\">\n\t\t\t\t\t\t<div class=\"elementor-element elementor-element-e57451f elementor-widget elementor-widget-text-editor\" data-id=\"e57451f\" data-element_type=\"widget\" data-widget_type=\"text-editor.default\">\n\t\t\t\t<div class=\"elementor-widget-container\">\n\t\t\t\t\t\t\t\t\t<p><span style=\"font-weight: 400;\">Face \u00e0 un navire de 6 000 EVP illumin\u00e9 op\u00e9rant en pleine nuit, au neuvi\u00e8me \u00e9tage du Pos\u00e9idon, avec une vue plongeante sur le terminal de Fort-de-France, le lancement du service maritime PCRF XL port\u00e9 pr CMA CGM offrait une sc\u00e8ne r\u00e9v\u00e9latrice de la transformation en cours.<\/span><\/p>\n<p><span style=\"font-weight: 400;\"> Sous les projecteurs du terminal, cavaliers portuaires et conteneurs se d\u00e9placent au rythme des op\u00e9rations nocturnes, donnant \u00e0 voir l\u2019infrastructure logistique qui relie quotidiennement la Martinique au reste du monde.<\/span><\/p>\n<p><span style=\"font-weight: 400;\">Mais derri\u00e8re cette m\u00e9canique portuaire se dessine une question plus large : et si ces nouvelles routes maritimes, au-del\u00e0 du transport de marchandises, contribuaient aussi \u00e0 red\u00e9finir la place des territoires carib\u00e9ens dans les \u00e9changes \u00e9conomiques et culturels de la r\u00e9gion ?<\/span><\/p>\t\t\t\t\t\t\t\t<\/div>\n\t\t\t\t<\/div>\n\t\t\t\t<div class=\"elementor-element elementor-element-5aad0bc elementor-widget elementor-widget-text-editor\" data-id=\"5aad0bc\" data-element_type=\"widget\" data-widget_type=\"text-editor.default\">\n\t\t\t\t<div class=\"elementor-widget-container\">\n\t\t\t\t\t\t\t\t\t<p><span style=\"font-weight: 400;\">\u00c0 l\u2019\u00e9chelle r\u00e9gionale, ces connexions pourraient aussi faciliter l\u2019organisation d\u2019expositions itin\u00e9rantes, ainsi que le transport d\u2019\u0153uvres, d\u2019instruments ou de productions audiovisuelles entre les \u00eeles \u2014 une r\u00e9alit\u00e9 logistique souvent d\u00e9terminante pour les projets culturels dans la Cara\u00efbe.<\/span><\/p>\n<p><span style=\"font-weight: 400;\">Port\u00e9 par <a href=\"https:\/\/www.cma-cgm.fr\/\" target=\"_blank\" rel=\"noopener nofollow\">CMA CGM<\/a>, le service PCRF XL s\u2019inscrit dans une transformation progressive des liaisons maritimes reliant l\u2019Europe, les territoires fran\u00e7ais de la Cara\u00efbe, la Cara\u00efbe r\u00e9gionale et l\u2019Am\u00e9rique latine. <\/span><\/p>\n<p><span style=\"font-weight: 400;\">En une vingtaine d\u2019ann\u00e9es, les navires op\u00e9rant sur ces routes ont connu plusieurs \u00e9volutions majeures : des unit\u00e9s de 1 700 EVP jusqu\u2019en 2006, puis des navires de 2 200 EVP, suivis de navires de 3 500 EVP, jusqu\u2019aux porte-conteneurs de 6 000 EVP d\u00e9sormais d\u00e9ploy\u00e9s depuis 2026 par CMA CGM.<\/span><\/p>\t\t\t\t\t\t\t\t<\/div>\n\t\t\t\t<\/div>\n\t\t\t\t<div class=\"elementor-element elementor-element-862cc42 elementor-widget elementor-widget-text-editor\" data-id=\"862cc42\" data-element_type=\"widget\" data-widget_type=\"text-editor.default\">\n\t\t\t\t<div class=\"elementor-widget-container\">\n\t\t\t\t\t\t\t\t\t<p><span style=\"font-weight: 400;\">Cette mont\u00e9e en capacit\u00e9 illustre un changement d\u2019\u00e9chelle. Elle accompagne aussi une ambition plus large : renforcer la place des territoires fran\u00e7ais de la Cara\u00efbe dans les grands flux maritimes reliant l\u2019Europe, l\u2019Am\u00e9rique latine et l\u2019ensemble du bassin carib\u00e9en,\u00a0 dans une strat\u00e9gie port\u00e9e notamment par CMA CGM .<\/span><\/p>\t\t\t\t\t\t\t\t<\/div>\n\t\t\t\t<\/div>\n\t\t\t\t<div class=\"elementor-element elementor-element-55c3197 elementor-widget elementor-widget-image\" data-id=\"55c3197\" data-element_type=\"widget\" data-widget_type=\"image.default\">\n\t\t\t\t<div class=\"elementor-widget-container\">\n\t\t\t\t\t\t\t\t\t\t\t\t\t\t\t<img fetchpriority=\"high\" decoding=\"async\" width=\"800\" height=\"449\" src=\"https:\/\/richeskarayib.com\/wp-content\/uploads\/2026\/03\/Capture-decran-2026-03-12-a-14.11.24-1024x575.png\" class=\"attachment-large size-large wp-image-70705\" alt=\"\u00a0CMA CGM\" srcset=\"https:\/\/richeskarayib.com\/wp-content\/uploads\/2026\/03\/Capture-decran-2026-03-12-a-14.11.24-1024x575.png 1024w, https:\/\/richeskarayib.com\/wp-content\/uploads\/2026\/03\/Capture-decran-2026-03-12-a-14.11.24-300x168.png 300w, https:\/\/richeskarayib.com\/wp-content\/uploads\/2026\/03\/Capture-decran-2026-03-12-a-14.11.24-768x431.png 768w, https:\/\/richeskarayib.com\/wp-content\/uploads\/2026\/03\/Capture-decran-2026-03-12-a-14.11.24-1320x741.png 1320w, https:\/\/richeskarayib.com\/wp-content\/uploads\/2026\/03\/Capture-decran-2026-03-12-a-14.11.24.png 1427w\" sizes=\"(max-width: 800px) 100vw, 800px\" \/>\t\t\t\t\t\t\t\t\t\t\t\t\t\t\t<\/div>\n\t\t\t\t<\/div>\n\t\t\t\t\t<\/div>\n\t\t<\/div>\n\t\t\t\t\t<\/div>\n\t\t<\/section>\n\t\t\t\t\t<\/div>\n\t\t<\/div>\n\t\t\t\t\t<\/div>\n\t\t<\/section>\n\t\t\t\t<section class=\"elementor-section elementor-top-section elementor-element elementor-element-82cd8f9 elementor-section-boxed elementor-section-height-default elementor-section-height-default\" data-id=\"82cd8f9\" data-element_type=\"section\">\n\t\t\t\t\t\t<div class=\"elementor-container elementor-column-gap-default\">\n\t\t\t\t\t<div class=\"elementor-column elementor-col-100 elementor-top-column elementor-element elementor-element-0bfdc38\" data-id=\"0bfdc38\" data-element_type=\"column\">\n\t\t\t<div class=\"elementor-widget-wrap elementor-element-populated\">\n\t\t\t\t\t\t<div class=\"elementor-element elementor-element-7d292fe elementor-widget elementor-widget-heading\" data-id=\"7d292fe\" data-element_type=\"widget\" data-widget_type=\"heading.default\">\n\t\t\t\t<div class=\"elementor-widget-container\">\n\t\t\t\t\t<h2 class=\"elementor-heading-title elementor-size-default\">Une position strat\u00e9gique entre Cara\u00efbe et Am\u00e9rique latine<\/h2>\t\t\t\t<\/div>\n\t\t\t\t<\/div>\n\t\t\t\t<div class=\"elementor-element elementor-element-96caf50 elementor-widget elementor-widget-text-editor\" data-id=\"96caf50\" data-element_type=\"widget\" data-widget_type=\"text-editor.default\">\n\t\t\t\t<div class=\"elementor-widget-container\">\n\t\t\t\t\t\t\t\t\t<p><span style=\"font-weight: 400;\">La strat\u00e9gie repose en grande partie sur la position g\u00e9ographique de la r\u00e9gion. Situ\u00e9es \u00e0 proximit\u00e9 des grandes routes maritimes reliant l\u2019Europe, l\u2019Am\u00e9rique du Nord, l\u2019Am\u00e9rique latine et le canal de Panama, la Martinique et la Guadeloupe occupent un point d\u2019articulation entre plusieurs espaces \u00e9conomiques, un positionnement que souligne \u00e9galement CMA CGM dans ses analyses logistiques..<\/span><\/p>\t\t\t\t\t\t\t\t<\/div>\n\t\t\t\t<\/div>\n\t\t\t\t<div class=\"elementor-element elementor-element-a5c141c elementor-widget elementor-widget-text-editor\" data-id=\"a5c141c\" data-element_type=\"widget\" data-widget_type=\"text-editor.default\">\n\t\t\t\t<div class=\"elementor-widget-container\">\n\t\t\t\t\t\t\t\t\t<p><span style=\"font-weight: 400;\">Comme l\u2019a rappel\u00e9 Guillaume de Chastellux lors de la pr\u00e9sentation du projet :<\/span><\/p>\n<p><span style=\"font-weight: 400;\">\u00ab Les Antilles, c\u2019est quand m\u00eame la porte d\u2019entr\u00e9e de la Cara\u00efbe. On est \u00e0 la crois\u00e9e de l\u2019Am\u00e9rique latine, face au canal de Panama avec l\u2019ouverture sur l\u2019oc\u00e9an Pacifique, et avec l\u2019Europe et la M\u00e9diterran\u00e9e de l\u2019autre c\u00f4t\u00e9. \u00bb<\/span><\/p>\n<p><span style=\"font-weight: 400;\">Dans ce contexte, la modernisation des infrastructures portuaires et l\u2019arriv\u00e9e de navires de plus grande capacit\u00e9 ne constituent pas seulement une \u00e9volution technique. Elles participent \u00e0 repositionner les territoires fran\u00e7ais de la Cara\u00efbe dans les \u00e9changes r\u00e9gionaux et m\u00eame internationaux.<\/span><\/p>\t\t\t\t\t\t\t\t<\/div>\n\t\t\t\t<\/div>\n\t\t\t\t<div class=\"elementor-element elementor-element-1b4a435 elementor-widget elementor-widget-text-editor\" data-id=\"1b4a435\" data-element_type=\"widget\" data-widget_type=\"text-editor.default\">\n\t\t\t\t<div class=\"elementor-widget-container\">\n\t\t\t\t\t\t\t\t\t<p><span style=\"font-weight: 400;\">Le projet de hub maritime port\u00e9 par CMA CGM en partenariat avec les Grands Ports Maritimes de Martinique et de Guadeloupe vise ainsi \u00e0 porter la capacit\u00e9 globale de transbordement des deux \u00eeles \u00e0 environ <\/span><b>300 000 EVP par an<\/b><span style=\"font-weight: 400;\">, contre <\/span><b>68 000 aujourd\u2019hui<\/b><span style=\"font-weight: 400;\">.<\/span><\/p>\t\t\t\t\t\t\t\t<\/div>\n\t\t\t\t<\/div>\n\t\t\t\t<div class=\"elementor-element elementor-element-d346a5d elementor-widget elementor-widget-image\" data-id=\"d346a5d\" data-element_type=\"widget\" data-widget_type=\"image.default\">\n\t\t\t\t<div class=\"elementor-widget-container\">\n\t\t\t\t\t\t\t\t\t\t\t\t\t\t\t<img decoding=\"async\" width=\"800\" height=\"343\" src=\"https:\/\/richeskarayib.com\/wp-content\/uploads\/2026\/03\/3-1-1024x439.jpeg\" class=\"attachment-large size-large wp-image-70775\" alt=\"CMA CGM\" srcset=\"https:\/\/richeskarayib.com\/wp-content\/uploads\/2026\/03\/3-1-1024x439.jpeg 1024w, https:\/\/richeskarayib.com\/wp-content\/uploads\/2026\/03\/3-1-300x129.jpeg 300w, https:\/\/richeskarayib.com\/wp-content\/uploads\/2026\/03\/3-1-768x329.jpeg 768w, https:\/\/richeskarayib.com\/wp-content\/uploads\/2026\/03\/3-1-1536x659.jpeg 1536w, https:\/\/richeskarayib.com\/wp-content\/uploads\/2026\/03\/3-1-1320x566.jpeg 1320w, https:\/\/richeskarayib.com\/wp-content\/uploads\/2026\/03\/3-1.jpeg 1600w\" sizes=\"(max-width: 800px) 100vw, 800px\" \/>\t\t\t\t\t\t\t\t\t\t\t\t\t\t\t<\/div>\n\t\t\t\t<\/div>\n\t\t\t\t<section class=\"elementor-section elementor-inner-section elementor-element elementor-element-c582330 elementor-section-boxed elementor-section-height-default elementor-section-height-default\" data-id=\"c582330\" data-element_type=\"section\">\n\t\t\t\t\t\t<div class=\"elementor-container elementor-column-gap-default\">\n\t\t\t\t\t\t<\/div>\n\t\t<\/section>\n\t\t\t\t<section class=\"elementor-section elementor-inner-section elementor-element elementor-element-296603a elementor-section-boxed elementor-section-height-default elementor-section-height-default\" data-id=\"296603a\" data-element_type=\"section\">\n\t\t\t\t\t\t<div class=\"elementor-container elementor-column-gap-default\">\n\t\t\t\t\t\t<\/div>\n\t\t<\/section>\n\t\t\t\t\t<\/div>\n\t\t<\/div>\n\t\t\t\t\t<\/div>\n\t\t<\/section>\n\t\t\t\t<section class=\"elementor-section elementor-top-section elementor-element elementor-element-bdd0219 elementor-section-boxed elementor-section-height-default elementor-section-height-default\" data-id=\"bdd0219\" data-element_type=\"section\">\n\t\t\t\t\t\t<div class=\"elementor-container elementor-column-gap-default\">\n\t\t\t\t\t<div class=\"elementor-column elementor-col-100 elementor-top-column elementor-element elementor-element-c1ec903\" data-id=\"c1ec903\" data-element_type=\"column\">\n\t\t\t<div class=\"elementor-widget-wrap elementor-element-populated\">\n\t\t\t\t\t\t<div class=\"elementor-element elementor-element-55dd336 elementor-widget elementor-widget-heading\" data-id=\"55dd336\" data-element_type=\"widget\" data-widget_type=\"heading.default\">\n\t\t\t\t<div class=\"elementor-widget-container\">\n\t\t\t\t\t<h2 class=\"elementor-heading-title elementor-size-default\">Regarder les opportunit\u00e9s \u00e0 l\u2019\u00e9chelle r\u00e9gionale<\/h2>\t\t\t\t<\/div>\n\t\t\t\t<\/div>\n\t\t\t\t<div class=\"elementor-element elementor-element-9cd513e elementor-widget elementor-widget-text-editor\" data-id=\"9cd513e\" data-element_type=\"widget\" data-widget_type=\"text-editor.default\">\n\t\t\t\t<div class=\"elementor-widget-container\">\n\t\t\t\t\t\t\t\t\t<p><span style=\"font-weight: 400;\">Au-del\u00e0 des infrastructures, les responsables du groupe ont insist\u00e9 sur la dimension r\u00e9gionale de cette \u00e9volution lors de la pr\u00e9sentation organis\u00e9e par CMA CGM..<\/span><\/p>\t\t\t\t\t\t\t\t<\/div>\n\t\t\t\t<\/div>\n\t\t\t\t<div class=\"elementor-element elementor-element-1b1e51a elementor-widget elementor-widget-text-editor\" data-id=\"1b1e51a\" data-element_type=\"widget\" data-widget_type=\"text-editor.default\">\n\t\t\t\t<div class=\"elementor-widget-container\">\n\t\t\t\t\t\t\t\t\t<p><span style=\"font-weight: 400;\">Guillaume de Chastellux l\u2019a formul\u00e9 de mani\u00e8re explicite :<\/span><\/p><p><span style=\"font-weight: 400;\">\u00ab J\u2019invite absolument tous nos clients et partenaires \u00e0 sortir de leur territoire et \u00e0 regarder les opportunit\u00e9s dans la r\u00e9gion \u2014 commerce, industrie, transformation, r\u00e9exportation, consolidation de marchandises. Tout le champ des possibles est tr\u00e8s large. \u00bb<\/span><\/p><p><span style=\"font-weight: 400;\">Cette invitation \u00e0 \u00e9largir les perspectives renvoie directement aux dynamiques r\u00e9gionales de la Cara\u00efbe et de l\u2019Am\u00e9rique latine. Dans cet espace compos\u00e9 d\u2019archipels, de littoraux et de territoires continentaux, la mer reste un vecteur central des \u00e9changes, une r\u00e9alit\u00e9 que souligne r\u00e9guli\u00e8rement CMA CGM dans ses strat\u00e9gies de d\u00e9veloppement r\u00e9gional..<\/span><\/p>\t\t\t\t\t\t\t\t<\/div>\n\t\t\t\t<\/div>\n\t\t\t\t<div class=\"elementor-element elementor-element-4952c27 elementor-widget elementor-widget-text-editor\" data-id=\"4952c27\" data-element_type=\"widget\" data-widget_type=\"text-editor.default\">\n\t\t\t\t<div class=\"elementor-widget-container\">\n\t\t\t\t\t\t\t\t\t<p><span style=\"font-weight: 400;\">Renforcer les connexions maritimes peut ainsi faciliter les flux commerciaux, mais aussi encourager de nouvelles coop\u00e9rations entre territoires.<\/span><\/p>\t\t\t\t\t\t\t\t<\/div>\n\t\t\t\t<\/div>\n\t\t\t\t<div class=\"elementor-element elementor-element-ad7b20b elementor-widget elementor-widget-image\" data-id=\"ad7b20b\" data-element_type=\"widget\" data-widget_type=\"image.default\">\n\t\t\t\t<div class=\"elementor-widget-container\">\n\t\t\t\t\t\t\t\t\t\t\t\t\t\t\t<img decoding=\"async\" width=\"800\" height=\"343\" src=\"https:\/\/richeskarayib.com\/wp-content\/uploads\/2026\/03\/WhatsApp-Image-2026-03-13-at-17.50.48-1024x439.jpeg\" class=\"attachment-large size-large wp-image-70779\" alt=\"CMA CGM\" srcset=\"https:\/\/richeskarayib.com\/wp-content\/uploads\/2026\/03\/WhatsApp-Image-2026-03-13-at-17.50.48-1024x439.jpeg 1024w, https:\/\/richeskarayib.com\/wp-content\/uploads\/2026\/03\/WhatsApp-Image-2026-03-13-at-17.50.48-300x129.jpeg 300w, https:\/\/richeskarayib.com\/wp-content\/uploads\/2026\/03\/WhatsApp-Image-2026-03-13-at-17.50.48-768x329.jpeg 768w, https:\/\/richeskarayib.com\/wp-content\/uploads\/2026\/03\/WhatsApp-Image-2026-03-13-at-17.50.48.jpeg 1280w\" sizes=\"(max-width: 800px) 100vw, 800px\" \/>\t\t\t\t\t\t\t\t\t\t\t\t\t\t\t<\/div>\n\t\t\t\t<\/div>\n\t\t\t\t<section class=\"elementor-section elementor-inner-section elementor-element elementor-element-92f4402 elementor-section-boxed elementor-section-height-default elementor-section-height-default\" data-id=\"92f4402\" data-element_type=\"section\">\n\t\t\t\t\t\t<div class=\"elementor-container elementor-column-gap-default\">\n\t\t\t\t\t\t<\/div>\n\t\t<\/section>\n\t\t\t\t<section class=\"elementor-section elementor-inner-section elementor-element elementor-element-9290a61 elementor-section-boxed elementor-section-height-default elementor-section-height-default\" data-id=\"9290a61\" data-element_type=\"section\">\n\t\t\t\t\t\t<div class=\"elementor-container elementor-column-gap-default\">\n\t\t\t\t\t\t<\/div>\n\t\t<\/section>\n\t\t\t\t\t<\/div>\n\t\t<\/div>\n\t\t\t\t\t<\/div>\n\t\t<\/section>\n\t\t\t\t<section class=\"elementor-section elementor-top-section elementor-element elementor-element-ceca32c elementor-section-boxed elementor-section-height-default elementor-section-height-default\" data-id=\"ceca32c\" data-element_type=\"section\">\n\t\t\t\t\t\t<div class=\"elementor-container elementor-column-gap-default\">\n\t\t\t\t\t<div class=\"elementor-column elementor-col-100 elementor-top-column elementor-element elementor-element-5a2e383\" data-id=\"5a2e383\" data-element_type=\"column\">\n\t\t\t<div class=\"elementor-widget-wrap elementor-element-populated\">\n\t\t\t\t\t\t<div class=\"elementor-element elementor-element-6cedf5f elementor-widget elementor-widget-heading\" data-id=\"6cedf5f\" data-element_type=\"widget\" data-widget_type=\"heading.default\">\n\t\t\t\t<div class=\"elementor-widget-container\">\n\t\t\t\t\t<h2 class=\"elementor-heading-title elementor-size-default\">Un ancrage territorial et culturel<\/h2>\t\t\t\t<\/div>\n\t\t\t\t<\/div>\n\t\t\t\t<div class=\"elementor-element elementor-element-e93d1fb elementor-widget elementor-widget-text-editor\" data-id=\"e93d1fb\" data-element_type=\"widget\" data-widget_type=\"text-editor.default\">\n\t\t\t\t<div class=\"elementor-widget-container\">\n\t\t\t\t\t\t\t\t\t<p><span style=\"font-weight: 400;\">Si la dimension logistique du projet est centrale, l\u2019\u00e9v\u00e9nement a \u00e9galement rappel\u00e9 que l\u2019action du groupe s\u2019inscrit dans un environnement territorial plus large. \u00c0 travers sa fondation et ses initiatives locales, CMA CGM soutient plusieurs projets sociaux, culturels et environnementaux dans les territoires fran\u00e7ais de la Cara\u00efbe.<\/span><\/p>\t\t\t\t\t\t\t\t<\/div>\n\t\t\t\t<\/div>\n\t\t\t\t<div class=\"elementor-element elementor-element-2eab252 elementor-widget elementor-widget-text-editor\" data-id=\"2eab252\" data-element_type=\"widget\" data-widget_type=\"text-editor.default\">\n\t\t\t\t<div class=\"elementor-widget-container\">\n\t\t\t\t\t\t\t\t\t<p><span style=\"font-weight: 400;\">Parmi ces engagements figure notamment le soutien \u00e0 la <\/span><a href=\"https:\/\/richeskarayib.com\/fr\/exposition-photo-la-yole-metaphore-energie\/\" target=\"_blank\" rel=\"noopener\"><b>Yole ronde de Martinique<\/b><\/a><span style=\"font-weight: 400;\">, discipline nautique embl\u00e9matique du patrimoine maritime martiniquais et symbole vivant de la relation entre la mer et l\u2019identit\u00e9 de l\u2019\u00eele.<\/span><\/p><p><span style=\"font-weight: 400;\">Le groupe accompagne \u00e9galement des actions d\u2019insertion professionnelle pour les jeunes, notamment \u00e0 travers des programmes men\u00e9s avec <\/span><b>le RSMA<\/b><span style=\"font-weight: 400;\">, ainsi que plusieurs initiatives solidaires aupr\u00e8s d\u2019organisations locales telles que la Banque alimentaire ou la Croix-Rouge. Des actions en faveur de l\u2019environnement, notamment autour de la pr\u00e9servation de la mangrove, compl\u00e8tent cet engagement.<\/span><\/p>\t\t\t\t\t\t\t\t<\/div>\n\t\t\t\t<\/div>\n\t\t\t\t<div class=\"elementor-element elementor-element-ed1ecf2 elementor-widget elementor-widget-image\" data-id=\"ed1ecf2\" data-element_type=\"widget\" data-widget_type=\"image.default\">\n\t\t\t\t<div class=\"elementor-widget-container\">\n\t\t\t\t\t\t\t\t\t\t\t\t\t\t\t<img loading=\"lazy\" decoding=\"async\" width=\"800\" height=\"791\" src=\"https:\/\/richeskarayib.com\/wp-content\/uploads\/2026\/03\/4-1-1024x1012.jpeg\" class=\"attachment-large size-large wp-image-70771\" alt=\"\u00a0CMA CGM\" srcset=\"https:\/\/richeskarayib.com\/wp-content\/uploads\/2026\/03\/4-1-1024x1012.jpeg 1024w, https:\/\/richeskarayib.com\/wp-content\/uploads\/2026\/03\/4-1-300x297.jpeg 300w, https:\/\/richeskarayib.com\/wp-content\/uploads\/2026\/03\/4-1-768x759.jpeg 768w, https:\/\/richeskarayib.com\/wp-content\/uploads\/2026\/03\/4-1-1536x1519.jpeg 1536w, https:\/\/richeskarayib.com\/wp-content\/uploads\/2026\/03\/4-1-1320x1305.jpeg 1320w, https:\/\/richeskarayib.com\/wp-content\/uploads\/2026\/03\/4-1.jpeg 1600w\" sizes=\"(max-width: 800px) 100vw, 800px\" \/>\t\t\t\t\t\t\t\t\t\t\t\t\t\t\t<\/div>\n\t\t\t\t<\/div>\n\t\t\t\t\t<\/div>\n\t\t<\/div>\n\t\t\t\t\t<\/div>\n\t\t<\/section>\n\t\t\t\t<section class=\"elementor-section elementor-top-section elementor-element elementor-element-9c88a89 elementor-section-boxed elementor-section-height-default elementor-section-height-default\" data-id=\"9c88a89\" data-element_type=\"section\">\n\t\t\t\t\t\t<div class=\"elementor-container elementor-column-gap-default\">\n\t\t\t\t\t<div class=\"elementor-column elementor-col-100 elementor-top-column elementor-element elementor-element-78cf5d1\" data-id=\"78cf5d1\" data-element_type=\"column\">\n\t\t\t<div class=\"elementor-widget-wrap elementor-element-populated\">\n\t\t\t\t\t\t<div class=\"elementor-element elementor-element-ea2a5c1 elementor-widget elementor-widget-heading\" data-id=\"ea2a5c1\" data-element_type=\"widget\" data-widget_type=\"heading.default\">\n\t\t\t\t<div class=\"elementor-widget-container\">\n\t\t\t\t\t<h2 class=\"elementor-heading-title elementor-size-default\">Une nouvelle \u00e9tape pour le r\u00f4le maritime de la Martinique<\/h2>\t\t\t\t<\/div>\n\t\t\t\t<\/div>\n\t\t\t\t<div class=\"elementor-element elementor-element-e305eee elementor-widget elementor-widget-text-editor\" data-id=\"e305eee\" data-element_type=\"widget\" data-widget_type=\"text-editor.default\">\n\t\t\t\t<div class=\"elementor-widget-container\">\n\t\t\t\t\t\t\t\t\t<p><span style=\"font-weight: 400;\">Aujourd\u2019hui, <\/span><b>trois lignes maritimes de CMA CGM<\/b><span style=\"font-weight: 400;\"> desservent le port de Fort-de-France. \u00c0 l\u2019horizon <\/span><b>2027<\/b><span style=\"font-weight: 400;\">, ce nombre devrait atteindre <\/span><b>six lignes<\/b><span style=\"font-weight: 400;\">, venant s\u2019int\u00e9grer dans un r\u00e9seau plus large d\u2019environ <\/span><b>dix-neuf lignes op\u00e9rant dans la zone carib\u00e9enne<\/b><span style=\"font-weight: 400;\">. Cette \u00e9volution pourrait renforcer la place de la <a href=\"https:\/\/richeskarayib.com\/fr\/semaine-nautique-de-schoelcher-2026\/\" target=\"_blank\" rel=\"noopener\">Martinique<\/a> dans les \u00e9changes r\u00e9gionaux, en facilitant les connexions entre les \u00eeles de la Cara\u00efbe, l\u2019Am\u00e9rique centrale, l\u2019Am\u00e9rique du Sud et l\u2019Europe.<\/span><\/p>\t\t\t\t\t\t\t\t<\/div>\n\t\t\t\t<\/div>\n\t\t\t\t<div class=\"elementor-element elementor-element-e811a05 elementor-widget elementor-widget-text-editor\" data-id=\"e811a05\" data-element_type=\"widget\" data-widget_type=\"text-editor.default\">\n\t\t\t\t<div class=\"elementor-widget-container\">\n\t\t\t\t\t\t\t\t\t<p><span style=\"font-weight: 400;\">\u00c0 mesure que ces connexions se d\u00e9veloppent, une autre question appara\u00eet : celle de savoir comment ces nouvelles routes maritimes pourraient, \u00e0 terme, contribuer aussi au rayonnement plus large des territoires carib\u00e9ens dans la r\u00e9gion et au-del\u00e0.<\/span><\/p>\t\t\t\t\t\t\t\t<\/div>\n\t\t\t\t<\/div>\n\t\t\t\t\t<\/div>\n\t\t<\/div>\n\t\t\t\t\t<\/div>\n\t\t<\/section>\n\t\t\t\t<section class=\"elementor-section elementor-top-section elementor-element elementor-element-f5709a6 elementor-section-boxed elementor-section-height-default elementor-section-height-default\" data-id=\"f5709a6\" data-element_type=\"section\">\n\t\t\t\t\t\t<div class=\"elementor-container elementor-column-gap-default\">\n\t\t\t\t\t<div class=\"elementor-column elementor-col-100 elementor-top-column elementor-element elementor-element-957be6f\" data-id=\"957be6f\" data-element_type=\"column\">\n\t\t\t<div class=\"elementor-widget-wrap elementor-element-populated\">\n\t\t\t\t\t\t<div class=\"elementor-element elementor-element-63e5d4a elementor-widget elementor-widget-accordion\" data-id=\"63e5d4a\" data-element_type=\"widget\" data-widget_type=\"accordion.default\">\n\t\t\t\t<div class=\"elementor-widget-container\">\n\t\t\t\t\t\t\t<div class=\"elementor-accordion\">\n\t\t\t\t\t\t\t<div class=\"elementor-accordion-item\">\n\t\t\t\t\t<div id=\"elementor-tab-title-1041\" class=\"elementor-tab-title\" data-tab=\"1\" role=\"button\" aria-controls=\"elementor-tab-content-1041\" aria-expanded=\"false\">\n\t\t\t\t\t\t\t\t\t\t\t\t\t<span class=\"elementor-accordion-icon elementor-accordion-icon-left\" aria-hidden=\"true\">\n\t\t\t\t\t\t\t\t\t\t\t\t\t\t\t<span class=\"elementor-accordion-icon-closed\"><i class=\"fas fa-plus\"><\/i><\/span>\n\t\t\t\t\t\t\t\t<span class=\"elementor-accordion-icon-opened\"><i class=\"fas fa-minus\"><\/i><\/span>\n\t\t\t\t\t\t\t\t\t\t\t\t\t\t<\/span>\n\t\t\t\t\t\t\t\t\t\t\t\t<a class=\"elementor-accordion-title\" tabindex=\"0\">Pourquoi la connectivit\u00e9 maritime est-elle strat\u00e9gique pour la Cara\u00efbe ?<\/a>\n\t\t\t\t\t<\/div>\n\t\t\t\t\t<div id=\"elementor-tab-content-1041\" class=\"elementor-tab-content elementor-clearfix\" data-tab=\"1\" role=\"region\" aria-labelledby=\"elementor-tab-title-1041\"><p><span style=\"font-weight: 400;\">La Cara\u00efbe se situe au croisement des grandes routes maritimes reliant l\u2019Europe, l\u2019Am\u00e9rique du Nord, l\u2019Am\u00e9rique latine et le canal de Panama. Une am\u00e9lioration des connexions maritimes permet donc de faciliter les \u00e9changes commerciaux, de renforcer les relations \u00e9conomiques r\u00e9gionales et d\u2019accro\u00eetre la circulation des biens entre les \u00eeles et les continents voisins.<\/span><\/p><\/div>\n\t\t\t\t<\/div>\n\t\t\t\t\t\t\t<div class=\"elementor-accordion-item\">\n\t\t\t\t\t<div id=\"elementor-tab-title-1042\" class=\"elementor-tab-title\" data-tab=\"2\" role=\"button\" aria-controls=\"elementor-tab-content-1042\" aria-expanded=\"false\">\n\t\t\t\t\t\t\t\t\t\t\t\t\t<span class=\"elementor-accordion-icon elementor-accordion-icon-left\" aria-hidden=\"true\">\n\t\t\t\t\t\t\t\t\t\t\t\t\t\t\t<span class=\"elementor-accordion-icon-closed\"><i class=\"fas fa-plus\"><\/i><\/span>\n\t\t\t\t\t\t\t\t<span class=\"elementor-accordion-icon-opened\"><i class=\"fas fa-minus\"><\/i><\/span>\n\t\t\t\t\t\t\t\t\t\t\t\t\t\t<\/span>\n\t\t\t\t\t\t\t\t\t\t\t\t<a class=\"elementor-accordion-title\" tabindex=\"0\">Quel est l\u2019objectif du service maritime PCRF XL ?<\/a>\n\t\t\t\t\t<\/div>\n\t\t\t\t\t<div id=\"elementor-tab-content-1042\" class=\"elementor-tab-content elementor-clearfix\" data-tab=\"2\" role=\"region\" aria-labelledby=\"elementor-tab-title-1042\"><p><span style=\"font-weight: 400;\">Le service PCRF XL vise \u00e0 moderniser les liaisons maritimes entre l\u2019Europe, les territoires fran\u00e7ais de la Cara\u00efbe, la Cara\u00efbe r\u00e9gionale et l\u2019Am\u00e9rique latine. L\u2019utilisation de navires de 6 000 EVP permet d\u2019augmenter la capacit\u00e9 de transport et d\u2019am\u00e9liorer l\u2019efficacit\u00e9 logistique dans la r\u00e9gion.<\/span><\/p><\/div>\n\t\t\t\t<\/div>\n\t\t\t\t\t\t\t<div class=\"elementor-accordion-item\">\n\t\t\t\t\t<div id=\"elementor-tab-title-1043\" class=\"elementor-tab-title\" data-tab=\"3\" role=\"button\" aria-controls=\"elementor-tab-content-1043\" aria-expanded=\"false\">\n\t\t\t\t\t\t\t\t\t\t\t\t\t<span class=\"elementor-accordion-icon elementor-accordion-icon-left\" aria-hidden=\"true\">\n\t\t\t\t\t\t\t\t\t\t\t\t\t\t\t<span class=\"elementor-accordion-icon-closed\"><i class=\"fas fa-plus\"><\/i><\/span>\n\t\t\t\t\t\t\t\t<span class=\"elementor-accordion-icon-opened\"><i class=\"fas fa-minus\"><\/i><\/span>\n\t\t\t\t\t\t\t\t\t\t\t\t\t\t<\/span>\n\t\t\t\t\t\t\t\t\t\t\t\t<a class=\"elementor-accordion-title\" tabindex=\"0\">Pourquoi la Martinique et la Guadeloupe peuvent-elles devenir des hubs maritimes ?<\/a>\n\t\t\t\t\t<\/div>\n\t\t\t\t\t<div id=\"elementor-tab-content-1043\" class=\"elementor-tab-content elementor-clearfix\" data-tab=\"3\" role=\"region\" aria-labelledby=\"elementor-tab-title-1043\"><p><span style=\"font-weight: 400;\">Leur position g\u00e9ographique au c\u0153ur du bassin carib\u00e9en constitue un avantage strat\u00e9gique. Situ\u00e9es entre l\u2019Europe, l\u2019Am\u00e9rique latine et les routes maritimes du canal de Panama, elles peuvent servir de plateformes de transbordement pour redistribuer les marchandises vers les \u00eeles voisines et les march\u00e9s r\u00e9gionaux.<\/span><\/p><\/div>\n\t\t\t\t<\/div>\n\t\t\t\t\t\t\t\t<\/div>\n\t\t\t\t\t\t<\/div>\n\t\t\t\t<\/div>\n\t\t\t\t\t<\/div>\n\t\t<\/div>\n\t\t\t\t\t<\/div>\n\t\t<\/section>\n\t\t\t\t<\/div>\n\t\t","protected":false},"excerpt":{"rendered":"<p>Face \u00e0 un navire de 6 000 EVP illumin\u00e9 op\u00e9rant en pleine nuit, au neuvi\u00e8me \u00e9tage du Pos\u00e9idon, avec une vue plongeante sur le terminal de Fort-de-France, le lancement du service maritime PCRF XL port\u00e9 pr CMA CGM offrait une sc\u00e8ne r\u00e9v\u00e9latrice de la transformation en cours. Sous les projecteurs du terminal, cavaliers portuaires et [&hellip;]<\/p>\n","protected":false},"author":662,"featured_media":70783,"comment_status":"open","ping_status":"open","sticky":false,"template":"","format":"standard","meta":{"_acf_changed":false,"footnotes":""},"categories":[1723],"tags":[1545,808],"class_list":["post-70696","post","type-post","status-publish","format-standard","has-post-thumbnail","hentry","category-maritime-fr","tag-guadeloupe-2","tag-martinique-fr"],"acf":[],"_links":{"self":[{"href":"https:\/\/richeskarayib.com\/fr\/wp-json\/wp\/v2\/posts\/70696","targetHints":{"allow":["GET"]}}],"collection":[{"href":"https:\/\/richeskarayib.com\/fr\/wp-json\/wp\/v2\/posts"}],"about":[{"href":"https:\/\/richeskarayib.com\/fr\/wp-json\/wp\/v2\/types\/post"}],"author":[{"embeddable":true,"href":"https:\/\/richeskarayib.com\/fr\/wp-json\/wp\/v2\/users\/662"}],"replies":[{"embeddable":true,"href":"https:\/\/richeskarayib.com\/fr\/wp-json\/wp\/v2\/comments?post=70696"}],"version-history":[{"count":0,"href":"https:\/\/richeskarayib.com\/fr\/wp-json\/wp\/v2\/posts\/70696\/revisions"}],"wp:featuredmedia":[{"embeddable":true,"href":"https:\/\/richeskarayib.com\/fr\/wp-json\/wp\/v2\/media\/70783"}],"wp:attachment":[{"href":"https:\/\/richeskarayib.com\/fr\/wp-json\/wp\/v2\/media?parent=70696"}],"wp:term":[{"taxonomy":"category","embeddable":true,"href":"https:\/\/richeskarayib.com\/fr\/wp-json\/wp\/v2\/categories?post=70696"},{"taxonomy":"post_tag","embeddable":true,"href":"https:\/\/richeskarayib.com\/fr\/wp-json\/wp\/v2\/tags?post=70696"}],"curies":[{"name":"wp","href":"https:\/\/api.w.org\/{rel}","templated":true}]}}