{"id":70717,"date":"2026-03-12T11:20:08","date_gmt":"2026-03-12T15:20:08","guid":{"rendered":"https:\/\/richeskarayib.com\/?p=70717"},"modified":"2026-03-12T11:20:08","modified_gmt":"2026-03-12T15:20:08","slug":"minerva-mirabal-femme-osa-defier-dictature","status":"publish","type":"post","link":"https:\/\/richeskarayib.com\/fr\/minerva-mirabal-femme-osa-defier-dictature\/","title":{"rendered":"R\u00e9publique dominicaine &#8211; Minerva Mirabal : 100 ans apr\u00e8s sa naissance, l\u2019histoire d\u2019une femme qui osa d\u00e9fier la dictature de Trujillo"},"content":{"rendered":"\t\t<div data-elementor-type=\"wp-post\" data-elementor-id=\"70717\" class=\"elementor elementor-70717\" data-elementor-post-type=\"post\">\n\t\t\t\t\t\t<section class=\"elementor-section elementor-top-section elementor-element elementor-element-7ca7ca1 elementor-section-boxed elementor-section-height-default elementor-section-height-default\" data-id=\"7ca7ca1\" data-element_type=\"section\">\n\t\t\t\t\t\t<div class=\"elementor-container elementor-column-gap-default\">\n\t\t\t\t\t<div class=\"elementor-column elementor-col-100 elementor-top-column elementor-element elementor-element-cbdd002\" data-id=\"cbdd002\" data-element_type=\"column\">\n\t\t\t<div class=\"elementor-widget-wrap elementor-element-populated\">\n\t\t\t\t\t\t<section class=\"elementor-section elementor-inner-section elementor-element elementor-element-bc94849 elementor-section-boxed elementor-section-height-default elementor-section-height-default\" data-id=\"bc94849\" data-element_type=\"section\">\n\t\t\t\t\t\t<div class=\"elementor-container elementor-column-gap-default\">\n\t\t\t\t\t\t<\/div>\n\t\t<\/section>\n\t\t\t\t<section class=\"elementor-section elementor-inner-section elementor-element elementor-element-61571e6 elementor-section-boxed elementor-section-height-default elementor-section-height-default\" data-id=\"61571e6\" data-element_type=\"section\">\n\t\t\t\t\t\t<div class=\"elementor-container elementor-column-gap-default\">\n\t\t\t\t\t\t<\/div>\n\t\t<\/section>\n\t\t\t\t<section class=\"elementor-section elementor-inner-section elementor-element elementor-element-b6262e0 elementor-section-boxed elementor-section-height-default elementor-section-height-default\" data-id=\"b6262e0\" data-element_type=\"section\">\n\t\t\t\t\t\t<div class=\"elementor-container elementor-column-gap-default\">\n\t\t\t\t\t\t<\/div>\n\t\t<\/section>\n\t\t\t\t<section class=\"elementor-section elementor-inner-section elementor-element elementor-element-cca29fd elementor-section-boxed elementor-section-height-default elementor-section-height-default\" data-id=\"cca29fd\" data-element_type=\"section\">\n\t\t\t\t\t\t<div class=\"elementor-container elementor-column-gap-default\">\n\t\t\t\t\t\t<\/div>\n\t\t<\/section>\n\t\t\t\t\t<\/div>\n\t\t<\/div>\n\t\t\t\t\t<\/div>\n\t\t<\/section>\n\t\t\t\t<section class=\"elementor-section elementor-top-section elementor-element elementor-element-ee72354 elementor-section-boxed elementor-section-height-default elementor-section-height-default\" data-id=\"ee72354\" data-element_type=\"section\">\n\t\t\t\t\t\t<div class=\"elementor-container elementor-column-gap-default\">\n\t\t\t\t\t<div class=\"elementor-column elementor-col-100 elementor-top-column elementor-element elementor-element-c59d6fe\" data-id=\"c59d6fe\" data-element_type=\"column\">\n\t\t\t<div class=\"elementor-widget-wrap elementor-element-populated\">\n\t\t\t\t\t\t<div class=\"elementor-element elementor-element-e57451f elementor-widget elementor-widget-text-editor\" data-id=\"e57451f\" data-element_type=\"widget\" data-widget_type=\"text-editor.default\">\n\t\t\t\t<div class=\"elementor-widget-container\">\n\t\t\t\t\t\t\t\t\t<p><span style=\"font-weight: 400;\">Le 12 mars 1926 naissait en <a href=\"https:\/\/richeskarayib.com\/fr\/republique-dominicaine-deuxieme-destination\/\" target=\"_blank\" rel=\"noopener\">R\u00e9publique dominicaine <\/a><\/span><b>Minerva Mirabal<\/b><span style=\"font-weight: 400;\">, une femme dont le nom demeure aujourd\u2019hui indissociable de l\u2019histoire politique du pays et de la m\u00e9moire mondiale des luttes contre la violence et l\u2019autoritarisme. Un si\u00e8cle plus tard, son parcours continue de traverser les g\u00e9n\u00e9rations, bien au-del\u00e0 des fronti\u00e8res dominicaines.<\/span><\/p>\t\t\t\t\t\t\t\t<\/div>\n\t\t\t\t<\/div>\n\t\t\t\t<div class=\"elementor-element elementor-element-5aad0bc elementor-widget elementor-widget-text-editor\" data-id=\"5aad0bc\" data-element_type=\"widget\" data-widget_type=\"text-editor.default\">\n\t\t\t\t<div class=\"elementor-widget-container\">\n\t\t\t\t\t\t\t\t\t<p><span style=\"font-weight: 400;\">Avocate, militante et opposante \u00e0 la dictature de Rafael Trujillo, Minerva Mirabal fut l\u2019une des figures centrales d\u2019un mouvement clandestin qui s\u2019opposa \u00e0 l\u2019un des r\u00e9gimes les plus r\u00e9pressifs du XXe si\u00e8cle dans la Cara\u00efbe. Son assassinat, le 25 novembre 1960, avec ses s\u0153urs Patria et Mar\u00eda Teresa, marqua un tournant dans l\u2019histoire dominicaine. Cette date est aujourd\u2019hui associ\u00e9e \u00e0 la Journ\u00e9e internationale pour l\u2019\u00e9limination de la violence \u00e0 l\u2019\u00e9gard des femmes, reconnue par l\u2019Organisation des Nations unies.<\/span><\/p>\n<p><span style=\"font-weight: 400;\">Revenir sur la trajectoire de <\/span><a href=\"https:\/\/fr.wikipedia.org\/wiki\/Minerva_Mirabal\" target=\"_blank\" rel=\"noopener nofollow\"><b>Minerva Mirabal<\/b><\/a><span style=\"font-weight: 400;\">, cent ans apr\u00e8s sa naissance, permet de comprendre comment une femme issue d\u2019un milieu rural dominicain a pu devenir un symbole durable de courage politique et de r\u00e9sistance civique.<\/span><\/p>\t\t\t\t\t\t\t\t<\/div>\n\t\t\t\t<\/div>\n\t\t\t\t\t<\/div>\n\t\t<\/div>\n\t\t\t\t\t<\/div>\n\t\t<\/section>\n\t\t\t\t<section class=\"elementor-section elementor-top-section elementor-element elementor-element-82cd8f9 elementor-section-boxed elementor-section-height-default elementor-section-height-default\" data-id=\"82cd8f9\" data-element_type=\"section\">\n\t\t\t\t\t\t<div class=\"elementor-container elementor-column-gap-default\">\n\t\t\t\t\t<div class=\"elementor-column elementor-col-100 elementor-top-column elementor-element elementor-element-0bfdc38\" data-id=\"0bfdc38\" data-element_type=\"column\">\n\t\t\t<div class=\"elementor-widget-wrap elementor-element-populated\">\n\t\t\t\t\t\t<div class=\"elementor-element elementor-element-7d292fe elementor-widget elementor-widget-heading\" data-id=\"7d292fe\" data-element_type=\"widget\" data-widget_type=\"heading.default\">\n\t\t\t\t<div class=\"elementor-widget-container\">\n\t\t\t\t\t<h2 class=\"elementor-heading-title elementor-size-default\">Une enfance dans la r\u00e9gion de Salcedo<\/h2>\t\t\t\t<\/div>\n\t\t\t\t<\/div>\n\t\t\t\t<div class=\"elementor-element elementor-element-96caf50 elementor-widget elementor-widget-text-editor\" data-id=\"96caf50\" data-element_type=\"widget\" data-widget_type=\"text-editor.default\">\n\t\t\t\t<div class=\"elementor-widget-container\">\n\t\t\t\t\t\t\t\t\t<p><span style=\"font-weight: 400;\">Elle est n\u00e9e le <\/span><b>12 mars 1926 \u00e0 Ojo de Agua<\/b><span style=\"font-weight: 400;\">, dans la r\u00e9gion de Salcedo, au c\u0153ur de la R\u00e9publique dominicaine. Son nom complet est <\/span><b>Mar\u00eda Argentina Minerva Mirabal Reyes<\/b><span style=\"font-weight: 400;\">. Elle appartient \u00e0 une famille compos\u00e9e de quatre s\u0153urs : <\/span><b>Patria, Ded\u00e9, Minerva et Mar\u00eda Teresa<\/b><span style=\"font-weight: 400;\">. La famille Mirabal vivait dans un environnement relativement stable sur le plan \u00e9conomique. Ses parents \u00e9taient propri\u00e9taires agricoles et commer\u00e7ants. Cette situation sociale est importante pour comprendre son parcours : Minerva Mirabal ne provient pas d\u2019un milieu marginalis\u00e9, mais d\u2019une famille install\u00e9e qui aurait pu rester \u00e0 distance des confrontations politiques.<\/span><\/p>\n<p><span style=\"font-weight: 400;\">Pourtant, c\u2019est pr\u00e9cis\u00e9ment dans ce contexte qu\u2019\u00e9merge une conscience politique qui marquera sa vie. Tr\u00e8s jeune, Minerva se distingue par un caract\u00e8re affirm\u00e9 et une curiosit\u00e9 intellectuelle forte.<\/span><\/p>\t\t\t\t\t\t\t\t<\/div>\n\t\t\t\t<\/div>\n\t\t\t\t<div class=\"elementor-element elementor-element-84952f1 elementor-widget elementor-widget-image\" data-id=\"84952f1\" data-element_type=\"widget\" data-widget_type=\"image.default\">\n\t\t\t\t<div class=\"elementor-widget-container\">\n\t\t\t\t\t\t\t\t\t\t\t\t\t\t\t<img fetchpriority=\"high\" decoding=\"async\" width=\"683\" height=\"1024\" src=\"https:\/\/richeskarayib.com\/wp-content\/uploads\/2026\/03\/ChatGPT-Image-12-mars-2026-17_52_04-683x1024.png\" class=\"attachment-large size-large wp-image-70730\" alt=\"Minerva Mirabal\" srcset=\"https:\/\/richeskarayib.com\/wp-content\/uploads\/2026\/03\/ChatGPT-Image-12-mars-2026-17_52_04-683x1024.png 683w, https:\/\/richeskarayib.com\/wp-content\/uploads\/2026\/03\/ChatGPT-Image-12-mars-2026-17_52_04-200x300.png 200w, https:\/\/richeskarayib.com\/wp-content\/uploads\/2026\/03\/ChatGPT-Image-12-mars-2026-17_52_04-768x1152.png 768w, https:\/\/richeskarayib.com\/wp-content\/uploads\/2026\/03\/ChatGPT-Image-12-mars-2026-17_52_04.png 1024w\" sizes=\"(max-width: 683px) 100vw, 683px\" \/>\t\t\t\t\t\t\t\t\t\t\t\t\t\t\t<\/div>\n\t\t\t\t<\/div>\n\t\t\t\t<section class=\"elementor-section elementor-inner-section elementor-element elementor-element-c582330 elementor-section-boxed elementor-section-height-default elementor-section-height-default\" data-id=\"c582330\" data-element_type=\"section\">\n\t\t\t\t\t\t<div class=\"elementor-container elementor-column-gap-default\">\n\t\t\t\t\t\t<\/div>\n\t\t<\/section>\n\t\t\t\t<section class=\"elementor-section elementor-inner-section elementor-element elementor-element-296603a elementor-section-boxed elementor-section-height-default elementor-section-height-default\" data-id=\"296603a\" data-element_type=\"section\">\n\t\t\t\t\t\t<div class=\"elementor-container elementor-column-gap-default\">\n\t\t\t\t\t\t<\/div>\n\t\t<\/section>\n\t\t\t\t\t<\/div>\n\t\t<\/div>\n\t\t\t\t\t<\/div>\n\t\t<\/section>\n\t\t\t\t<section class=\"elementor-section elementor-top-section elementor-element elementor-element-bdd0219 elementor-section-boxed elementor-section-height-default elementor-section-height-default\" data-id=\"bdd0219\" data-element_type=\"section\">\n\t\t\t\t\t\t<div class=\"elementor-container elementor-column-gap-default\">\n\t\t\t\t\t<div class=\"elementor-column elementor-col-100 elementor-top-column elementor-element elementor-element-c1ec903\" data-id=\"c1ec903\" data-element_type=\"column\">\n\t\t\t<div class=\"elementor-widget-wrap elementor-element-populated\">\n\t\t\t\t\t\t<div class=\"elementor-element elementor-element-55dd336 elementor-widget elementor-widget-heading\" data-id=\"55dd336\" data-element_type=\"widget\" data-widget_type=\"heading.default\">\n\t\t\t\t<div class=\"elementor-widget-container\">\n\t\t\t\t\t<h2 class=\"elementor-heading-title elementor-size-default\">Une formation universitaire rare pour une femme de son \u00e9poque<\/h2>\t\t\t\t<\/div>\n\t\t\t\t<\/div>\n\t\t\t\t<div class=\"elementor-element elementor-element-9cd513e elementor-widget elementor-widget-text-editor\" data-id=\"9cd513e\" data-element_type=\"widget\" data-widget_type=\"text-editor.default\">\n\t\t\t\t<div class=\"elementor-widget-container\">\n\t\t\t\t\t\t\t\t\t<p><span style=\"font-weight: 400;\">Dans les ann\u00e9es 1940 et 1950, l\u2019acc\u00e8s des femmes dominicaines \u00e0 l\u2019enseignement sup\u00e9rieur reste encore limit\u00e9. Malgr\u00e9 ces obstacles, <\/span><b>Minerva Mirabal poursuit des \u00e9tudes de droit \u00e0 l\u2019Universit\u00e9 autonome de Saint-Domingue<\/b><span style=\"font-weight: 400;\">. Elle obtient son dipl\u00f4me en <\/span><b>1957<\/b><span style=\"font-weight: 400;\">, devenant l\u2019une des premi\u00e8res femmes dipl\u00f4m\u00e9es en droit dans le pays. Cette r\u00e9ussite acad\u00e9mique repr\u00e9sente d\u00e9j\u00e0, \u00e0 elle seule, une forme d\u2019\u00e9mancipation dans une soci\u00e9t\u00e9 encore marqu\u00e9e par de fortes in\u00e9galit\u00e9s de genre.<\/span><\/p>\n<p><span style=\"font-weight: 400;\">Cependant, son parcours professionnel est rapidement entrav\u00e9 par la r\u00e9alit\u00e9 politique du pays. Les autorit\u00e9s dominicaines refusent de lui accorder l\u2019autorisation d\u2019exercer comme avocate, une d\u00e9cision li\u00e9e \u00e0 sa r\u00e9putation d\u2019opposante au r\u00e9gime. Cette interdiction r\u00e9v\u00e8le la nature du syst\u00e8me politique dominicain de l\u2019\u00e9poque, o\u00f9 l\u2019ascension sociale et professionnelle pouvait \u00eatre bloqu\u00e9e par la loyaut\u00e9 ou l\u2019absence de loyaut\u00e9 envers le pouvoir en place.<\/span><\/p>\t\t\t\t\t\t\t\t<\/div>\n\t\t\t\t<\/div>\n\t\t\t\t<section class=\"elementor-section elementor-inner-section elementor-element elementor-element-92f4402 elementor-section-boxed elementor-section-height-default elementor-section-height-default\" data-id=\"92f4402\" data-element_type=\"section\">\n\t\t\t\t\t\t<div class=\"elementor-container elementor-column-gap-default\">\n\t\t\t\t\t\t<\/div>\n\t\t<\/section>\n\t\t\t\t<section class=\"elementor-section elementor-inner-section elementor-element elementor-element-9290a61 elementor-section-boxed elementor-section-height-default elementor-section-height-default\" data-id=\"9290a61\" data-element_type=\"section\">\n\t\t\t\t\t\t<div class=\"elementor-container elementor-column-gap-default\">\n\t\t\t\t\t\t<\/div>\n\t\t<\/section>\n\t\t\t\t\t<\/div>\n\t\t<\/div>\n\t\t\t\t\t<\/div>\n\t\t<\/section>\n\t\t\t\t<section class=\"elementor-section elementor-top-section elementor-element elementor-element-ceca32c elementor-section-boxed elementor-section-height-default elementor-section-height-default\" data-id=\"ceca32c\" data-element_type=\"section\">\n\t\t\t\t\t\t<div class=\"elementor-container elementor-column-gap-default\">\n\t\t\t\t\t<div class=\"elementor-column elementor-col-100 elementor-top-column elementor-element elementor-element-5a2e383\" data-id=\"5a2e383\" data-element_type=\"column\">\n\t\t\t<div class=\"elementor-widget-wrap elementor-element-populated\">\n\t\t\t\t\t\t<div class=\"elementor-element elementor-element-6cedf5f elementor-widget elementor-widget-heading\" data-id=\"6cedf5f\" data-element_type=\"widget\" data-widget_type=\"heading.default\">\n\t\t\t\t<div class=\"elementor-widget-container\">\n\t\t\t\t\t<h2 class=\"elementor-heading-title elementor-size-default\">La dictature de Trujillo : un contexte de r\u00e9pression<\/h2>\t\t\t\t<\/div>\n\t\t\t\t<\/div>\n\t\t\t\t<div class=\"elementor-element elementor-element-e93d1fb elementor-widget elementor-widget-text-editor\" data-id=\"e93d1fb\" data-element_type=\"widget\" data-widget_type=\"text-editor.default\">\n\t\t\t\t<div class=\"elementor-widget-container\">\n\t\t\t\t\t\t\t\t\t<p><span style=\"font-weight: 400;\">Pour comprendre l\u2019engagement de Minerva Mirabal, il faut replacer son parcours dans le cadre de la <\/span><b>dictature de Rafael Le\u00f3nidas Trujillo<\/b><span style=\"font-weight: 400;\">, qui dirigea la R\u00e9publique dominicaine de <\/span><b>1930 \u00e0 1961<\/b><span style=\"font-weight: 400;\">. Le r\u00e9gime trujilliste se caract\u00e9risait par un contr\u00f4le \u00e9troit de la soci\u00e9t\u00e9, une surveillance g\u00e9n\u00e9ralis\u00e9e et une r\u00e9pression syst\u00e9matique des opposants politiques. Le pouvoir reposait sur un appareil s\u00e9curitaire puissant et un culte de la personnalit\u00e9 autour du dictateur.<\/span><\/p>\n<p><span style=\"font-weight: 400;\">Toute contestation pouvait entra\u00eener arrestations, emprisonnements ou disparitions. L\u2019opposition organis\u00e9e \u00e9tait extr\u00eamement dangereuse. Malgr\u00e9 ce climat, ellel choisit de s\u2019engager politiquement.<\/span><\/p>\t\t\t\t\t\t\t\t<\/div>\n\t\t\t\t<\/div>\n\t\t\t\t\t<\/div>\n\t\t<\/div>\n\t\t\t\t\t<\/div>\n\t\t<\/section>\n\t\t\t\t<section class=\"elementor-section elementor-top-section elementor-element elementor-element-9c88a89 elementor-section-boxed elementor-section-height-default elementor-section-height-default\" data-id=\"9c88a89\" data-element_type=\"section\">\n\t\t\t\t\t\t<div class=\"elementor-container elementor-column-gap-default\">\n\t\t\t\t\t<div class=\"elementor-column elementor-col-100 elementor-top-column elementor-element elementor-element-78cf5d1\" data-id=\"78cf5d1\" data-element_type=\"column\">\n\t\t\t<div class=\"elementor-widget-wrap elementor-element-populated\">\n\t\t\t\t\t\t<div class=\"elementor-element elementor-element-ea2a5c1 elementor-widget elementor-widget-heading\" data-id=\"ea2a5c1\" data-element_type=\"widget\" data-widget_type=\"heading.default\">\n\t\t\t\t<div class=\"elementor-widget-container\">\n\t\t\t\t\t<h2 class=\"elementor-heading-title elementor-size-default\">L\u2019\u00e9mergence d\u2019une opposante politique<\/h2>\t\t\t\t<\/div>\n\t\t\t\t<\/div>\n\t\t\t\t<div class=\"elementor-element elementor-element-e305eee elementor-widget elementor-widget-text-editor\" data-id=\"e305eee\" data-element_type=\"widget\" data-widget_type=\"text-editor.default\">\n\t\t\t\t<div class=\"elementor-widget-container\">\n\t\t\t\t\t\t\t\t\t<p><span style=\"font-weight: 400;\">Au fil des ann\u00e9es 1950, Minerva Mirabal d\u00e9veloppe des convictions politiques de plus en plus affirm\u00e9es. Elle rejoint progressivement les r\u00e9seaux clandestins qui cherchent \u00e0 contester la dictature. Avec son mari <\/span><b>Manolo Tav\u00e1rez Justo<\/b><span style=\"font-weight: 400;\">, elle participe \u00e0 la cr\u00e9ation du <\/span><b>Movimiento 14 de Junio<\/b><span style=\"font-weight: 400;\">, une organisation de r\u00e9sistance oppos\u00e9e au r\u00e9gime de Trujillo.<\/span><\/p>\n<p><span style=\"font-weight: 400;\">Dans ce mouvement, les membres utilisent des pseudonymes pour prot\u00e9ger leur identit\u00e9. Minerva Mirabal adopte le nom de <\/span><b>\u201cMariposa\u201d<\/b><span style=\"font-weight: 400;\">, qui signifie \u201cpapillon\u201d en espagnol. Ce nom deviendra plus tard l\u2019un des symboles les plus puissants de la m\u00e9moire des s\u0153urs Mirabal, connues aujourd\u2019hui sous le surnom de <\/span><b>Las Mariposas<\/b><span style=\"font-weight: 400;\">. L\u2019organisation clandestine cherchait \u00e0 structurer une opposition politique capable de remettre en cause la dictature.<\/span><\/p>\t\t\t\t\t\t\t\t<\/div>\n\t\t\t\t<\/div>\n\t\t\t\t\t<\/div>\n\t\t<\/div>\n\t\t\t\t\t<\/div>\n\t\t<\/section>\n\t\t\t\t<section class=\"elementor-section elementor-top-section elementor-element elementor-element-2a1ed84 elementor-section-boxed elementor-section-height-default elementor-section-height-default\" data-id=\"2a1ed84\" data-element_type=\"section\">\n\t\t\t\t\t\t<div class=\"elementor-container elementor-column-gap-default\">\n\t\t\t\t\t<div class=\"elementor-column elementor-col-100 elementor-top-column elementor-element elementor-element-c125661\" data-id=\"c125661\" data-element_type=\"column\">\n\t\t\t<div class=\"elementor-widget-wrap elementor-element-populated\">\n\t\t\t\t\t\t<div class=\"elementor-element elementor-element-ae42d7c elementor-widget elementor-widget-heading\" data-id=\"ae42d7c\" data-element_type=\"widget\" data-widget_type=\"heading.default\">\n\t\t\t\t<div class=\"elementor-widget-container\">\n\t\t\t\t\t<h2 class=\"elementor-heading-title elementor-size-default\">Arrestations et surveillance<\/h2>\t\t\t\t<\/div>\n\t\t\t\t<\/div>\n\t\t\t\t<div class=\"elementor-element elementor-element-fb31e21 elementor-widget elementor-widget-text-editor\" data-id=\"fb31e21\" data-element_type=\"widget\" data-widget_type=\"text-editor.default\">\n\t\t\t\t<div class=\"elementor-widget-container\">\n\t\t\t\t\t\t\t\t\t<p><span style=\"font-weight: 400;\">L\u2019engagement de Minerva Mirabal et de sa s\u0153ur Mar\u00eda Teresa attire rapidement l\u2019attention des autorit\u00e9s. En <\/span><b>1960<\/b><span style=\"font-weight: 400;\">, les deux femmes sont arr\u00eat\u00e9es et emprisonn\u00e9es. Elles furent d\u00e9tenues en <\/span><b>janvier 1960<\/b><span style=\"font-weight: 400;\">, puis de nouveau arr\u00eat\u00e9es quelques mois plus tard. Ces arrestations s\u2019inscrivent dans une strat\u00e9gie plus large du r\u00e9gime visant \u00e0 neutraliser les r\u00e9seaux d\u2019opposition. M\u00eame apr\u00e8s leur lib\u00e9ration, elle et ses proches restent sous surveillance constante des services de renseignement dominicains. Malgr\u00e9 cette pression, les s\u0153urs Mirabal continuent \u00e0 soutenir les activit\u00e9s du mouvement clandestin.<\/span><\/p>\t\t\t\t\t\t\t\t<\/div>\n\t\t\t\t<\/div>\n\t\t\t\t\t<\/div>\n\t\t<\/div>\n\t\t\t\t\t<\/div>\n\t\t<\/section>\n\t\t\t\t<section class=\"elementor-section elementor-top-section elementor-element elementor-element-0662d70 elementor-section-boxed elementor-section-height-default elementor-section-height-default\" data-id=\"0662d70\" data-element_type=\"section\">\n\t\t\t\t\t\t<div class=\"elementor-container elementor-column-gap-default\">\n\t\t\t\t\t<div class=\"elementor-column elementor-col-100 elementor-top-column elementor-element elementor-element-64d37c3\" data-id=\"64d37c3\" data-element_type=\"column\">\n\t\t\t<div class=\"elementor-widget-wrap elementor-element-populated\">\n\t\t\t\t\t\t<div class=\"elementor-element elementor-element-64ea480 elementor-widget elementor-widget-heading\" data-id=\"64ea480\" data-element_type=\"widget\" data-widget_type=\"heading.default\">\n\t\t\t\t<div class=\"elementor-widget-container\">\n\t\t\t\t\t<h2 class=\"elementor-heading-title elementor-size-default\">Le 25 novembre 1960 : un assassinat politique<\/h2>\t\t\t\t<\/div>\n\t\t\t\t<\/div>\n\t\t\t\t<div class=\"elementor-element elementor-element-b96cd68 elementor-widget elementor-widget-text-editor\" data-id=\"b96cd68\" data-element_type=\"widget\" data-widget_type=\"text-editor.default\">\n\t\t\t\t<div class=\"elementor-widget-container\">\n\t\t\t\t\t\t\t\t\t<p><span style=\"font-weight: 400;\">Le <\/span><b>25 novembre 1960<\/b><span style=\"font-weight: 400;\">, Minerva Mirabal, sa s\u0153ur <\/span><b>Patria Mirabal<\/b><span style=\"font-weight: 400;\">, sa s\u0153ur <\/span><b>Mar\u00eda Teresa Mirabal<\/b><span style=\"font-weight: 400;\">, ainsi que leur chauffeur <\/span><b>Rufino de la Cruz<\/b><span style=\"font-weight: 400;\">, se rendent \u00e0 Puerto Plata pour rendre visite \u00e0 leurs maris emprisonn\u00e9s. Sur le chemin du retour, leur v\u00e9hicule est intercept\u00e9 par des agents du r\u00e9gime. Les trois s\u0153urs et leur chauffeur sont assassin\u00e9s. Les autorit\u00e9s tentent initialement de pr\u00e9senter le crime comme un accident de voiture. Les circonstances de leur mort et les t\u00e9moignages recueillis par la suite ont confirm\u00e9 qu\u2019il s\u2019agissait d\u2019un <\/span><b>assassinat politique orchestr\u00e9 par le r\u00e9gime de Trujillo<\/b><span style=\"font-weight: 400;\">. Cet \u00e9v\u00e9nement provoque une onde de choc dans la soci\u00e9t\u00e9 dominicaine.<\/span><\/p>\t\t\t\t\t\t\t\t<\/div>\n\t\t\t\t<\/div>\n\t\t\t\t\t<\/div>\n\t\t<\/div>\n\t\t\t\t\t<\/div>\n\t\t<\/section>\n\t\t\t\t<section class=\"elementor-section elementor-top-section elementor-element elementor-element-3cac2fa elementor-section-boxed elementor-section-height-default elementor-section-height-default\" data-id=\"3cac2fa\" data-element_type=\"section\">\n\t\t\t\t\t\t<div class=\"elementor-container elementor-column-gap-default\">\n\t\t\t\t\t<div class=\"elementor-column elementor-col-100 elementor-top-column elementor-element elementor-element-d15eb90\" data-id=\"d15eb90\" data-element_type=\"column\">\n\t\t\t<div class=\"elementor-widget-wrap elementor-element-populated\">\n\t\t\t\t\t\t<div class=\"elementor-element elementor-element-1d32499 elementor-widget elementor-widget-heading\" data-id=\"1d32499\" data-element_type=\"widget\" data-widget_type=\"heading.default\">\n\t\t\t\t<div class=\"elementor-widget-container\">\n\t\t\t\t\t<h2 class=\"elementor-heading-title elementor-size-default\">Un crime qui acc\u00e9l\u00e8re la chute du r\u00e9gime<\/h2>\t\t\t\t<\/div>\n\t\t\t\t<\/div>\n\t\t\t\t<div class=\"elementor-element elementor-element-7b1d0e1 elementor-widget elementor-widget-text-editor\" data-id=\"7b1d0e1\" data-element_type=\"widget\" data-widget_type=\"text-editor.default\">\n\t\t\t\t<div class=\"elementor-widget-container\">\n\t\t\t\t\t\t\t\t\t<p><span style=\"font-weight: 400;\">La mort des s\u0153urs Mirabal suscite une indignation profonde dans le pays. Leur assassinat devient rapidement un symbole de la brutalit\u00e9 du r\u00e9gime. Ce crime renforce l\u2019opposition contre la dictature. Quelques mois plus tard, en <\/span><b>mai 1961<\/b><span style=\"font-weight: 400;\">, Rafael Trujillo est assassin\u00e9, mettant fin \u00e0 plus de trente ans de pouvoir autoritaire. La disparition de Minerva Mirabal et de ses s\u0153urs s\u2019inscrit dans une s\u00e9quence historique qui pr\u00e9c\u00e8de l\u2019effondrement du r\u00e9gime trujilliste.<\/span><\/p>\t\t\t\t\t\t\t\t<\/div>\n\t\t\t\t<\/div>\n\t\t\t\t\t<\/div>\n\t\t<\/div>\n\t\t\t\t\t<\/div>\n\t\t<\/section>\n\t\t\t\t<section class=\"elementor-section elementor-top-section elementor-element elementor-element-40626fe elementor-section-boxed elementor-section-height-default elementor-section-height-default\" data-id=\"40626fe\" data-element_type=\"section\">\n\t\t\t\t\t\t<div class=\"elementor-container elementor-column-gap-default\">\n\t\t\t\t\t<div class=\"elementor-column elementor-col-100 elementor-top-column elementor-element elementor-element-4421695\" data-id=\"4421695\" data-element_type=\"column\">\n\t\t\t<div class=\"elementor-widget-wrap elementor-element-populated\">\n\t\t\t\t\t\t<div class=\"elementor-element elementor-element-36493e5 elementor-widget elementor-widget-heading\" data-id=\"36493e5\" data-element_type=\"widget\" data-widget_type=\"heading.default\">\n\t\t\t\t<div class=\"elementor-widget-container\">\n\t\t\t\t\t<h2 class=\"elementor-heading-title elementor-size-default\">Une m\u00e9moire devenue universelle<\/h2>\t\t\t\t<\/div>\n\t\t\t\t<\/div>\n\t\t\t\t<div class=\"elementor-element elementor-element-49ca322 elementor-widget elementor-widget-text-editor\" data-id=\"49ca322\" data-element_type=\"widget\" data-widget_type=\"text-editor.default\">\n\t\t\t\t<div class=\"elementor-widget-container\">\n\t\t\t\t\t\t\t\t\t<p><span style=\"font-weight: 400;\">La m\u00e9moire de Minerva Mirabal d\u00e9passe aujourd\u2019hui le cadre dominicain. Le <\/span><b>25 novembre<\/b><span style=\"font-weight: 400;\"> est devenu une date internationale de mobilisation contre les violences faites aux femmes. En <\/span><b>1999<\/b><span style=\"font-weight: 400;\">, l\u2019Assembl\u00e9e g\u00e9n\u00e9rale des Nations unies adopte la r\u00e9solution 54\/134, officialisant la <\/span><b>Journ\u00e9e internationale pour l\u2019\u00e9limination de la violence \u00e0 l\u2019\u00e9gard des femmes<\/b><span style=\"font-weight: 400;\">. Le choix de cette date rend hommage aux s\u0153urs Mirabal. Dans la Cara\u00efbe et en Am\u00e9rique latine, leur histoire est devenue une r\u00e9f\u00e9rence majeure dans les mouvements pour les droits humains et l\u2019\u00e9galit\u00e9.<\/span><\/p>\t\t\t\t\t\t\t\t<\/div>\n\t\t\t\t<\/div>\n\t\t\t\t<div class=\"elementor-element elementor-element-ca775ed elementor-widget elementor-widget-image\" data-id=\"ca775ed\" data-element_type=\"widget\" data-widget_type=\"image.default\">\n\t\t\t\t<div class=\"elementor-widget-container\">\n\t\t\t\t\t\t\t\t\t\t\t\t\t\t\t<img decoding=\"async\" width=\"800\" height=\"534\" src=\"https:\/\/richeskarayib.com\/wp-content\/uploads\/2026\/03\/Capture-decran-2026-03-12-a-17.56.03-1024x684.png\" class=\"attachment-large size-large wp-image-70726\" alt=\"Minerva Mirabal\" srcset=\"https:\/\/richeskarayib.com\/wp-content\/uploads\/2026\/03\/Capture-decran-2026-03-12-a-17.56.03-1024x684.png 1024w, https:\/\/richeskarayib.com\/wp-content\/uploads\/2026\/03\/Capture-decran-2026-03-12-a-17.56.03-300x200.png 300w, https:\/\/richeskarayib.com\/wp-content\/uploads\/2026\/03\/Capture-decran-2026-03-12-a-17.56.03-768x513.png 768w, https:\/\/richeskarayib.com\/wp-content\/uploads\/2026\/03\/Capture-decran-2026-03-12-a-17.56.03.png 1219w\" sizes=\"(max-width: 800px) 100vw, 800px\" \/>\t\t\t\t\t\t\t\t\t\t\t\t\t\t\t<\/div>\n\t\t\t\t<\/div>\n\t\t\t\t\t<\/div>\n\t\t<\/div>\n\t\t\t\t\t<\/div>\n\t\t<\/section>\n\t\t\t\t<section class=\"elementor-section elementor-top-section elementor-element elementor-element-286f836 elementor-section-boxed elementor-section-height-default elementor-section-height-default\" data-id=\"286f836\" data-element_type=\"section\">\n\t\t\t\t\t\t<div class=\"elementor-container elementor-column-gap-default\">\n\t\t\t\t\t<div class=\"elementor-column elementor-col-100 elementor-top-column elementor-element elementor-element-bd9303b\" data-id=\"bd9303b\" data-element_type=\"column\">\n\t\t\t<div class=\"elementor-widget-wrap elementor-element-populated\">\n\t\t\t\t\t\t<div class=\"elementor-element elementor-element-cc48668 elementor-widget elementor-widget-heading\" data-id=\"cc48668\" data-element_type=\"widget\" data-widget_type=\"heading.default\">\n\t\t\t\t<div class=\"elementor-widget-container\">\n\t\t\t\t\t<h2 class=\"elementor-heading-title elementor-size-default\">Une pr\u00e9sence durable dans la m\u00e9moire dominicaine<\/h2>\t\t\t\t<\/div>\n\t\t\t\t<\/div>\n\t\t\t\t<div class=\"elementor-element elementor-element-a3d6390 elementor-widget elementor-widget-text-editor\" data-id=\"a3d6390\" data-element_type=\"widget\" data-widget_type=\"text-editor.default\">\n\t\t\t\t<div class=\"elementor-widget-container\">\n\t\t\t\t\t\t\t\t\t<p><span style=\"font-weight: 400;\">En R\u00e9publique dominicaine, l\u2019h\u00e9ritage de Minerva Mirabal est visible dans de nombreux lieux de m\u00e9moire. La maison familiale a \u00e9t\u00e9 transform\u00e9e en <\/span><b>Casa Museo Hermanas Mirabal<\/b><span style=\"font-weight: 400;\">, un mus\u00e9e consacr\u00e9 \u00e0 leur histoire et \u00e0 leur engagement politique. La province de Salcedo a \u00e9galement \u00e9t\u00e9 rebaptis\u00e9e <\/span><b>province Hermanas Mirabal<\/b><span style=\"font-weight: 400;\"> en 2007.<\/span><\/p>\n<p><span style=\"font-weight: 400;\">Leur image figure par ailleurs sur le <\/span><b>billet de 200 pesos dominicains<\/b><span style=\"font-weight: 400;\">, signe de leur importance dans l\u2019histoire nationale. Ces hommages institutionnels t\u00e9moignent de la place qu\u2019occupent aujourd\u2019hui les s\u0153urs Mirabal dans la m\u00e9moire collective du pays.<\/span><\/p>\t\t\t\t\t\t\t\t<\/div>\n\t\t\t\t<\/div>\n\t\t\t\t<div class=\"elementor-element elementor-element-18cc50d elementor-widget elementor-widget-image\" data-id=\"18cc50d\" data-element_type=\"widget\" data-widget_type=\"image.default\">\n\t\t\t\t<div class=\"elementor-widget-container\">\n\t\t\t\t\t\t\t\t\t\t\t\t<figure class=\"wp-caption\">\n\t\t\t\t\t\t\t\t\t\t<img decoding=\"async\" width=\"800\" height=\"234\" src=\"https:\/\/richeskarayib.com\/wp-content\/uploads\/2026\/03\/\u00a9Casa-Museo-Hermanas-Mirabal-1024x300.jpg\" class=\"attachment-large size-large wp-image-70734\" alt=\"Minerva Mirabal\" srcset=\"https:\/\/richeskarayib.com\/wp-content\/uploads\/2026\/03\/\u00a9Casa-Museo-Hermanas-Mirabal-1024x300.jpg 1024w, https:\/\/richeskarayib.com\/wp-content\/uploads\/2026\/03\/\u00a9Casa-Museo-Hermanas-Mirabal-300x88.jpg 300w, https:\/\/richeskarayib.com\/wp-content\/uploads\/2026\/03\/\u00a9Casa-Museo-Hermanas-Mirabal-768x225.jpg 768w, https:\/\/richeskarayib.com\/wp-content\/uploads\/2026\/03\/\u00a9Casa-Museo-Hermanas-Mirabal-1536x450.jpg 1536w, https:\/\/richeskarayib.com\/wp-content\/uploads\/2026\/03\/\u00a9Casa-Museo-Hermanas-Mirabal-1320x387.jpg 1320w, https:\/\/richeskarayib.com\/wp-content\/uploads\/2026\/03\/\u00a9Casa-Museo-Hermanas-Mirabal.jpg 1920w\" sizes=\"(max-width: 800px) 100vw, 800px\" \/>\t\t\t\t\t\t\t\t\t\t\t<figcaption class=\"widget-image-caption wp-caption-text\">\u00a9Casa Museo Hermanas Mirabal<\/figcaption>\n\t\t\t\t\t\t\t\t\t\t<\/figure>\n\t\t\t\t\t\t\t\t\t<\/div>\n\t\t\t\t<\/div>\n\t\t\t\t<div class=\"elementor-element elementor-element-69928a0 elementor-widget elementor-widget-image\" data-id=\"69928a0\" data-element_type=\"widget\" data-widget_type=\"image.default\">\n\t\t\t\t<div class=\"elementor-widget-container\">\n\t\t\t\t\t\t\t\t\t\t\t\t\t\t\t<img loading=\"lazy\" decoding=\"async\" width=\"800\" height=\"394\" src=\"https:\/\/richeskarayib.com\/wp-content\/uploads\/2026\/03\/Capture-decran-2026-03-12-a-17.55.32-1024x504.png\" class=\"attachment-large size-large wp-image-70722\" alt=\"Minerva Mirabal\" srcset=\"https:\/\/richeskarayib.com\/wp-content\/uploads\/2026\/03\/Capture-decran-2026-03-12-a-17.55.32-1024x504.png 1024w, https:\/\/richeskarayib.com\/wp-content\/uploads\/2026\/03\/Capture-decran-2026-03-12-a-17.55.32-300x148.png 300w, https:\/\/richeskarayib.com\/wp-content\/uploads\/2026\/03\/Capture-decran-2026-03-12-a-17.55.32-768x378.png 768w, https:\/\/richeskarayib.com\/wp-content\/uploads\/2026\/03\/Capture-decran-2026-03-12-a-17.55.32-1320x649.png 1320w, https:\/\/richeskarayib.com\/wp-content\/uploads\/2026\/03\/Capture-decran-2026-03-12-a-17.55.32.png 1435w\" sizes=\"(max-width: 800px) 100vw, 800px\" \/>\t\t\t\t\t\t\t\t\t\t\t\t\t\t\t<\/div>\n\t\t\t\t<\/div>\n\t\t\t\t\t<\/div>\n\t\t<\/div>\n\t\t\t\t\t<\/div>\n\t\t<\/section>\n\t\t\t\t<section class=\"elementor-section elementor-top-section elementor-element elementor-element-50b600b elementor-section-boxed elementor-section-height-default elementor-section-height-default\" data-id=\"50b600b\" data-element_type=\"section\">\n\t\t\t\t\t\t<div class=\"elementor-container elementor-column-gap-default\">\n\t\t\t\t\t<div class=\"elementor-column elementor-col-100 elementor-top-column elementor-element elementor-element-736fee5\" data-id=\"736fee5\" data-element_type=\"column\">\n\t\t\t<div class=\"elementor-widget-wrap elementor-element-populated\">\n\t\t\t\t\t\t<div class=\"elementor-element elementor-element-b302611 elementor-widget elementor-widget-heading\" data-id=\"b302611\" data-element_type=\"widget\" data-widget_type=\"heading.default\">\n\t\t\t\t<div class=\"elementor-widget-container\">\n\t\t\t\t\t<h2 class=\"elementor-heading-title elementor-size-default\">Cent ans apr\u00e8s sa naissance, une figure toujours actuelle<\/h2>\t\t\t\t<\/div>\n\t\t\t\t<\/div>\n\t\t\t\t<div class=\"elementor-element elementor-element-6e39e87 elementor-widget elementor-widget-text-editor\" data-id=\"6e39e87\" data-element_type=\"widget\" data-widget_type=\"text-editor.default\">\n\t\t\t\t<div class=\"elementor-widget-container\">\n\t\t\t\t\t\t\t\t\t<p><span style=\"font-weight: 400;\">Cent ans apr\u00e8s la naissance de Minerva Mirabal, son parcours continue d\u2019interroger les soci\u00e9t\u00e9s contemporaines. Son engagement rappelle qu\u2019une r\u00e9sistance peut \u00e9merger au c\u0153ur m\u00eame des syst\u00e8mes autoritaires. Il montre aussi que l\u2019histoire politique de la Cara\u00efbe s\u2019est construite \u00e0 travers des trajectoires individuelles marqu\u00e9es par le courage, la d\u00e9termination et la volont\u00e9 de transformer la soci\u00e9t\u00e9.<\/span><\/p>\n<p><span style=\"font-weight: 400;\">Dans l\u2019histoire dominicaine, <\/span><b>Minerva Mirabal reste l\u2019une des voix les plus fortes de la lutte contre la dictature<\/b><span style=\"font-weight: 400;\">. Et dans l\u2019histoire mondiale, son nom demeure associ\u00e9 \u00e0 une cause universelle : la lutte contre les violences et les injustices qui frappent les femmes. Un si\u00e8cle apr\u00e8s sa naissance, cette m\u00e9moire continue de traverser les fronti\u00e8res et les g\u00e9n\u00e9rations.<\/span><\/p>\t\t\t\t\t\t\t\t<\/div>\n\t\t\t\t<\/div>\n\t\t\t\t\t<\/div>\n\t\t<\/div>\n\t\t\t\t\t<\/div>\n\t\t<\/section>\n\t\t\t\t<section class=\"elementor-section elementor-top-section elementor-element elementor-element-f5709a6 elementor-section-boxed elementor-section-height-default elementor-section-height-default\" data-id=\"f5709a6\" data-element_type=\"section\">\n\t\t\t\t\t\t<div class=\"elementor-container elementor-column-gap-default\">\n\t\t\t\t\t<div class=\"elementor-column elementor-col-100 elementor-top-column elementor-element elementor-element-957be6f\" data-id=\"957be6f\" data-element_type=\"column\">\n\t\t\t<div class=\"elementor-widget-wrap elementor-element-populated\">\n\t\t\t\t\t\t<div class=\"elementor-element elementor-element-63e5d4a elementor-widget elementor-widget-accordion\" data-id=\"63e5d4a\" data-element_type=\"widget\" data-widget_type=\"accordion.default\">\n\t\t\t\t<div class=\"elementor-widget-container\">\n\t\t\t\t\t\t\t<div class=\"elementor-accordion\">\n\t\t\t\t\t\t\t<div class=\"elementor-accordion-item\">\n\t\t\t\t\t<div id=\"elementor-tab-title-1041\" class=\"elementor-tab-title\" data-tab=\"1\" role=\"button\" aria-controls=\"elementor-tab-content-1041\" aria-expanded=\"false\">\n\t\t\t\t\t\t\t\t\t\t\t\t\t<span class=\"elementor-accordion-icon elementor-accordion-icon-left\" aria-hidden=\"true\">\n\t\t\t\t\t\t\t\t\t\t\t\t\t\t\t<span class=\"elementor-accordion-icon-closed\"><i class=\"fas fa-plus\"><\/i><\/span>\n\t\t\t\t\t\t\t\t<span class=\"elementor-accordion-icon-opened\"><i class=\"fas fa-minus\"><\/i><\/span>\n\t\t\t\t\t\t\t\t\t\t\t\t\t\t<\/span>\n\t\t\t\t\t\t\t\t\t\t\t\t<a class=\"elementor-accordion-title\" tabindex=\"0\">Qui \u00e9tait Minerva Mirabal ?<\/a>\n\t\t\t\t\t<\/div>\n\t\t\t\t\t<div id=\"elementor-tab-content-1041\" class=\"elementor-tab-content elementor-clearfix\" data-tab=\"1\" role=\"region\" aria-labelledby=\"elementor-tab-title-1041\"><p><span style=\"font-weight: 400;\">Minerva Mirabal \u00e9tait une avocate et militante dominicaine n\u00e9e le 12 mars 1926 \u00e0 Ojo de Agua, dans la r\u00e9gion de Salcedo. Opposante \u00e0 la dictature de Rafael Trujillo, elle participa \u00e0 la cr\u00e9ation du mouvement clandestin <\/span><b>Movimiento 14 de Junio<\/b><span style=\"font-weight: 400;\">. Avec ses s\u0153urs Patria et Mar\u00eda Teresa, elle fut assassin\u00e9e le 25 novembre 1960. Son histoire est devenue l\u2019un des symboles majeurs de la r\u00e9sistance politique en R\u00e9publique dominicaine.<\/span><\/p><\/div>\n\t\t\t\t<\/div>\n\t\t\t\t\t\t\t<div class=\"elementor-accordion-item\">\n\t\t\t\t\t<div id=\"elementor-tab-title-1042\" class=\"elementor-tab-title\" data-tab=\"2\" role=\"button\" aria-controls=\"elementor-tab-content-1042\" aria-expanded=\"false\">\n\t\t\t\t\t\t\t\t\t\t\t\t\t<span class=\"elementor-accordion-icon elementor-accordion-icon-left\" aria-hidden=\"true\">\n\t\t\t\t\t\t\t\t\t\t\t\t\t\t\t<span class=\"elementor-accordion-icon-closed\"><i class=\"fas fa-plus\"><\/i><\/span>\n\t\t\t\t\t\t\t\t<span class=\"elementor-accordion-icon-opened\"><i class=\"fas fa-minus\"><\/i><\/span>\n\t\t\t\t\t\t\t\t\t\t\t\t\t\t<\/span>\n\t\t\t\t\t\t\t\t\t\t\t\t<a class=\"elementor-accordion-title\" tabindex=\"0\">Pourquoi Minerva Mirabal est-elle une figure importante dans l\u2019histoire de la R\u00e9publique dominicaine ?<\/a>\n\t\t\t\t\t<\/div>\n\t\t\t\t\t<div id=\"elementor-tab-content-1042\" class=\"elementor-tab-content elementor-clearfix\" data-tab=\"2\" role=\"region\" aria-labelledby=\"elementor-tab-title-1042\"><p><span style=\"font-weight: 400;\">Minerva Mirabal incarne l\u2019opposition civile \u00e0 la dictature de Rafael Trujillo, qui dirigea la R\u00e9publique dominicaine de 1930 \u00e0 1961. Son engagement politique et celui de ses s\u0153urs ont marqu\u00e9 l\u2019histoire du pays. Leur assassinat en 1960 provoqua une forte indignation nationale et contribua \u00e0 affaiblir le r\u00e9gime autoritaire.<\/span><\/p><\/div>\n\t\t\t\t<\/div>\n\t\t\t\t\t\t\t<div class=\"elementor-accordion-item\">\n\t\t\t\t\t<div id=\"elementor-tab-title-1043\" class=\"elementor-tab-title\" data-tab=\"3\" role=\"button\" aria-controls=\"elementor-tab-content-1043\" aria-expanded=\"false\">\n\t\t\t\t\t\t\t\t\t\t\t\t\t<span class=\"elementor-accordion-icon elementor-accordion-icon-left\" aria-hidden=\"true\">\n\t\t\t\t\t\t\t\t\t\t\t\t\t\t\t<span class=\"elementor-accordion-icon-closed\"><i class=\"fas fa-plus\"><\/i><\/span>\n\t\t\t\t\t\t\t\t<span class=\"elementor-accordion-icon-opened\"><i class=\"fas fa-minus\"><\/i><\/span>\n\t\t\t\t\t\t\t\t\t\t\t\t\t\t<\/span>\n\t\t\t\t\t\t\t\t\t\t\t\t<a class=\"elementor-accordion-title\" tabindex=\"0\">Pourquoi les s\u0153urs Mirabal sont-elles appel\u00e9es \u00ab Las Mariposas \u00bb ?<\/a>\n\t\t\t\t\t<\/div>\n\t\t\t\t\t<div id=\"elementor-tab-content-1043\" class=\"elementor-tab-content elementor-clearfix\" data-tab=\"3\" role=\"region\" aria-labelledby=\"elementor-tab-title-1043\"><p><span style=\"font-weight: 400;\">Dans le mouvement clandestin oppos\u00e9 \u00e0 Trujillo, Minerva Mirabal utilisait le nom de code <\/span><b>\u00ab Mariposa \u00bb<\/b><span style=\"font-weight: 400;\">, qui signifie papillon en espagnol. Ce pseudonyme est devenu le symbole du groupe et a donn\u00e9 naissance au surnom <\/span><b>Las Mariposas<\/b><span style=\"font-weight: 400;\">, aujourd\u2019hui associ\u00e9 \u00e0 la m\u00e9moire des s\u0153urs Mirabal dans toute la R\u00e9publique dominicaine.<\/span><\/p><\/div>\n\t\t\t\t<\/div>\n\t\t\t\t\t\t\t\t<\/div>\n\t\t\t\t\t\t<\/div>\n\t\t\t\t<\/div>\n\t\t\t\t\t<\/div>\n\t\t<\/div>\n\t\t\t\t\t<\/div>\n\t\t<\/section>\n\t\t\t\t<\/div>\n\t\t","protected":false},"excerpt":{"rendered":"<p>Le 12 mars 1926 naissait en R\u00e9publique dominicaine Minerva Mirabal, une femme dont le nom demeure aujourd\u2019hui indissociable de l\u2019histoire politique du pays et de la m\u00e9moire mondiale des luttes contre la violence et l\u2019autoritarisme. Un si\u00e8cle plus tard, son parcours continue de traverser les g\u00e9n\u00e9rations, bien au-del\u00e0 des fronti\u00e8res dominicaines. Avocate, militante et opposante [&hellip;]<\/p>\n","protected":false},"author":662,"featured_media":70718,"comment_status":"open","ping_status":"open","sticky":false,"template":"","format":"standard","meta":{"_acf_changed":false,"footnotes":""},"categories":[1468],"tags":[1482],"class_list":["post-70717","post","type-post","status-publish","format-standard","has-post-thumbnail","hentry","category-histoire-patrimoine","tag-republique-dominicaine"],"acf":[],"_links":{"self":[{"href":"https:\/\/richeskarayib.com\/fr\/wp-json\/wp\/v2\/posts\/70717","targetHints":{"allow":["GET"]}}],"collection":[{"href":"https:\/\/richeskarayib.com\/fr\/wp-json\/wp\/v2\/posts"}],"about":[{"href":"https:\/\/richeskarayib.com\/fr\/wp-json\/wp\/v2\/types\/post"}],"author":[{"embeddable":true,"href":"https:\/\/richeskarayib.com\/fr\/wp-json\/wp\/v2\/users\/662"}],"replies":[{"embeddable":true,"href":"https:\/\/richeskarayib.com\/fr\/wp-json\/wp\/v2\/comments?post=70717"}],"version-history":[{"count":0,"href":"https:\/\/richeskarayib.com\/fr\/wp-json\/wp\/v2\/posts\/70717\/revisions"}],"wp:featuredmedia":[{"embeddable":true,"href":"https:\/\/richeskarayib.com\/fr\/wp-json\/wp\/v2\/media\/70718"}],"wp:attachment":[{"href":"https:\/\/richeskarayib.com\/fr\/wp-json\/wp\/v2\/media?parent=70717"}],"wp:term":[{"taxonomy":"category","embeddable":true,"href":"https:\/\/richeskarayib.com\/fr\/wp-json\/wp\/v2\/categories?post=70717"},{"taxonomy":"post_tag","embeddable":true,"href":"https:\/\/richeskarayib.com\/fr\/wp-json\/wp\/v2\/tags?post=70717"}],"curies":[{"name":"wp","href":"https:\/\/api.w.org\/{rel}","templated":true}]}}