{"id":70741,"date":"2026-03-13T07:09:47","date_gmt":"2026-03-13T11:09:47","guid":{"rendered":"https:\/\/richeskarayib.com\/?p=70741"},"modified":"2026-03-13T07:09:47","modified_gmt":"2026-03-13T11:09:47","slug":"anse-chastanet-sainte-lucie-baie-recif","status":"publish","type":"post","link":"https:\/\/richeskarayib.com\/fr\/anse-chastanet-sainte-lucie-baie-recif\/","title":{"rendered":"Anse Chastanet, une baie embl\u00e9matique de Sainte-Lucie entre r\u00e9cifs coralliens et for\u00eat tropicale"},"content":{"rendered":"\t\t<div data-elementor-type=\"wp-post\" data-elementor-id=\"70741\" class=\"elementor elementor-70741\" data-elementor-post-type=\"post\">\n\t\t\t\t\t\t<section class=\"elementor-section elementor-top-section elementor-element elementor-element-7ca7ca1 elementor-section-boxed elementor-section-height-default elementor-section-height-default\" data-id=\"7ca7ca1\" data-element_type=\"section\">\n\t\t\t\t\t\t<div class=\"elementor-container elementor-column-gap-default\">\n\t\t\t\t\t<div class=\"elementor-column elementor-col-100 elementor-top-column elementor-element elementor-element-cbdd002\" data-id=\"cbdd002\" data-element_type=\"column\">\n\t\t\t<div class=\"elementor-widget-wrap elementor-element-populated\">\n\t\t\t\t\t\t<section class=\"elementor-section elementor-inner-section elementor-element elementor-element-bc94849 elementor-section-boxed elementor-section-height-default elementor-section-height-default\" data-id=\"bc94849\" data-element_type=\"section\">\n\t\t\t\t\t\t<div class=\"elementor-container elementor-column-gap-default\">\n\t\t\t\t\t\t<\/div>\n\t\t<\/section>\n\t\t\t\t<section class=\"elementor-section elementor-inner-section elementor-element elementor-element-61571e6 elementor-section-boxed elementor-section-height-default elementor-section-height-default\" data-id=\"61571e6\" data-element_type=\"section\">\n\t\t\t\t\t\t<div class=\"elementor-container elementor-column-gap-default\">\n\t\t\t\t\t\t<\/div>\n\t\t<\/section>\n\t\t\t\t<section class=\"elementor-section elementor-inner-section elementor-element elementor-element-b6262e0 elementor-section-boxed elementor-section-height-default elementor-section-height-default\" data-id=\"b6262e0\" data-element_type=\"section\">\n\t\t\t\t\t\t<div class=\"elementor-container elementor-column-gap-default\">\n\t\t\t\t\t\t<\/div>\n\t\t<\/section>\n\t\t\t\t<section class=\"elementor-section elementor-inner-section elementor-element elementor-element-cca29fd elementor-section-boxed elementor-section-height-default elementor-section-height-default\" data-id=\"cca29fd\" data-element_type=\"section\">\n\t\t\t\t\t\t<div class=\"elementor-container elementor-column-gap-default\">\n\t\t\t\t\t\t<\/div>\n\t\t<\/section>\n\t\t\t\t\t<\/div>\n\t\t<\/div>\n\t\t\t\t\t<\/div>\n\t\t<\/section>\n\t\t\t\t<section class=\"elementor-section elementor-top-section elementor-element elementor-element-ee72354 elementor-section-boxed elementor-section-height-default elementor-section-height-default\" data-id=\"ee72354\" data-element_type=\"section\">\n\t\t\t\t\t\t<div class=\"elementor-container elementor-column-gap-default\">\n\t\t\t\t\t<div class=\"elementor-column elementor-col-100 elementor-top-column elementor-element elementor-element-c59d6fe\" data-id=\"c59d6fe\" data-element_type=\"column\">\n\t\t\t<div class=\"elementor-widget-wrap elementor-element-populated\">\n\t\t\t\t\t\t<div class=\"elementor-element elementor-element-e57451f elementor-widget elementor-widget-text-editor\" data-id=\"e57451f\" data-element_type=\"widget\" data-widget_type=\"text-editor.default\">\n\t\t\t\t<div class=\"elementor-widget-container\">\n\t\t\t\t\t\t\t\t\t<p><span style=\"font-weight: 400;\">Sur la c\u00f4te sud-ouest de l\u2019\u00eele de <a href=\"https:\/\/richeskarayib.com\/fr\/carnaval-de-sainte-lucie-economie-culture\/\" target=\"_blank\" rel=\"noopener\">Sainte-Lucie<\/a>, pr\u00e8s de la ville de Soufri\u00e8re, <\/span><b>Anse Chastanet<\/b><span style=\"font-weight: 400;\"> s\u2019impose comme l\u2019un des sites les plus remarquables du littoral carib\u00e9en. Cette baie, bord\u00e9e de collines tropicales et tourn\u00e9e vers la mer des Cara\u00efbes, combine un environnement naturel pr\u00e9serv\u00e9, un patrimoine historique discret et l\u2019un des r\u00e9cifs les plus accessibles de l\u2019\u00eele. Pour les voyageurs attentifs aux paysages et \u00e0 la vie marine, Anse Chastanet repr\u00e9sente aujourd\u2019hui un point d\u2019observation privil\u00e9gi\u00e9 de la Cara\u00efbe insulaire.<\/span><\/p>\t\t\t\t\t\t\t\t<\/div>\n\t\t\t\t<\/div>\n\t\t\t\t\t<\/div>\n\t\t<\/div>\n\t\t\t\t\t<\/div>\n\t\t<\/section>\n\t\t\t\t<section class=\"elementor-section elementor-top-section elementor-element elementor-element-82cd8f9 elementor-section-boxed elementor-section-height-default elementor-section-height-default\" data-id=\"82cd8f9\" data-element_type=\"section\">\n\t\t\t\t\t\t<div class=\"elementor-container elementor-column-gap-default\">\n\t\t\t\t\t<div class=\"elementor-column elementor-col-100 elementor-top-column elementor-element elementor-element-0bfdc38\" data-id=\"0bfdc38\" data-element_type=\"column\">\n\t\t\t<div class=\"elementor-widget-wrap elementor-element-populated\">\n\t\t\t\t\t\t<div class=\"elementor-element elementor-element-7d292fe elementor-widget elementor-widget-heading\" data-id=\"7d292fe\" data-element_type=\"widget\" data-widget_type=\"heading.default\">\n\t\t\t\t<div class=\"elementor-widget-container\">\n\t\t\t\t\t<h2 class=\"elementor-heading-title elementor-size-default\">Une baie naturelle au c\u0153ur de la c\u00f4te volcanique de Sainte-Lucie<\/h2>\t\t\t\t<\/div>\n\t\t\t\t<\/div>\n\t\t\t\t<div class=\"elementor-element elementor-element-96caf50 elementor-widget elementor-widget-text-editor\" data-id=\"96caf50\" data-element_type=\"widget\" data-widget_type=\"text-editor.default\">\n\t\t\t\t<div class=\"elementor-widget-container\">\n\t\t\t\t\t\t\t\t\t<p><span style=\"font-weight: 400;\">Anse Chastanet se situe \u00e0 quelques kilom\u00e8tres au nord de Soufri\u00e8re, sur une portion du littoral domin\u00e9e par des reliefs volcaniques et des for\u00eats tropicales. Le paysage est caract\u00e9ristique de cette partie de Sainte-Lucie : des collines abruptes couvertes de v\u00e9g\u00e9tation, une mer profonde \u00e0 proximit\u00e9 du rivage et, au large, la silhouette des Pitons, ces deux montagnes volcaniques inscrites au patrimoine mondial de l\u2019UNESCO.<\/span><\/p><p><span style=\"font-weight: 400;\">La baie elle-m\u00eame est relativement prot\u00e9g\u00e9e, ce qui explique la clart\u00e9 des eaux et la richesse de l\u2019\u00e9cosyst\u00e8me marin. Le sable y est d\u2019origine volcanique et pr\u00e9sente souvent une teinte sombre, typique de plusieurs plages du sud de l\u2019\u00eele. Cette configuration g\u00e9ologique rappelle que Sainte-Lucie est avant tout une \u00eele volcanique, o\u00f9 la mer et la montagne coexistent \u00e0 tr\u00e8s courte distance.<\/span><\/p>\t\t\t\t\t\t\t\t<\/div>\n\t\t\t\t<\/div>\n\t\t\t\t<div class=\"elementor-element elementor-element-e514a54 elementor-widget elementor-widget-image\" data-id=\"e514a54\" data-element_type=\"widget\" data-widget_type=\"image.default\">\n\t\t\t\t<div class=\"elementor-widget-container\">\n\t\t\t\t\t\t\t\t\t\t\t\t\t\t\t<img fetchpriority=\"high\" decoding=\"async\" width=\"800\" height=\"529\" src=\"https:\/\/richeskarayib.com\/wp-content\/uploads\/2026\/03\/Capture-decran-2026-03-13-a-14.32.48-1024x677.png\" class=\"attachment-large size-large wp-image-70746\" alt=\"Anse Chastanet\" srcset=\"https:\/\/richeskarayib.com\/wp-content\/uploads\/2026\/03\/Capture-decran-2026-03-13-a-14.32.48-1024x677.png 1024w, https:\/\/richeskarayib.com\/wp-content\/uploads\/2026\/03\/Capture-decran-2026-03-13-a-14.32.48-300x198.png 300w, https:\/\/richeskarayib.com\/wp-content\/uploads\/2026\/03\/Capture-decran-2026-03-13-a-14.32.48-768x508.png 768w, https:\/\/richeskarayib.com\/wp-content\/uploads\/2026\/03\/Capture-decran-2026-03-13-a-14.32.48.png 1227w\" sizes=\"(max-width: 800px) 100vw, 800px\" \/>\t\t\t\t\t\t\t\t\t\t\t\t\t\t\t<\/div>\n\t\t\t\t<\/div>\n\t\t\t\t<section class=\"elementor-section elementor-inner-section elementor-element elementor-element-c582330 elementor-section-boxed elementor-section-height-default elementor-section-height-default\" data-id=\"c582330\" data-element_type=\"section\">\n\t\t\t\t\t\t<div class=\"elementor-container elementor-column-gap-default\">\n\t\t\t\t\t\t<\/div>\n\t\t<\/section>\n\t\t\t\t<section class=\"elementor-section elementor-inner-section elementor-element elementor-element-296603a elementor-section-boxed elementor-section-height-default elementor-section-height-default\" data-id=\"296603a\" data-element_type=\"section\">\n\t\t\t\t\t\t<div class=\"elementor-container elementor-column-gap-default\">\n\t\t\t\t\t\t<\/div>\n\t\t<\/section>\n\t\t\t\t\t<\/div>\n\t\t<\/div>\n\t\t\t\t\t<\/div>\n\t\t<\/section>\n\t\t\t\t<section class=\"elementor-section elementor-top-section elementor-element elementor-element-bdd0219 elementor-section-boxed elementor-section-height-default elementor-section-height-default\" data-id=\"bdd0219\" data-element_type=\"section\">\n\t\t\t\t\t\t<div class=\"elementor-container elementor-column-gap-default\">\n\t\t\t\t\t<div class=\"elementor-column elementor-col-100 elementor-top-column elementor-element elementor-element-c1ec903\" data-id=\"c1ec903\" data-element_type=\"column\">\n\t\t\t<div class=\"elementor-widget-wrap elementor-element-populated\">\n\t\t\t\t\t\t<div class=\"elementor-element elementor-element-55dd336 elementor-widget elementor-widget-heading\" data-id=\"55dd336\" data-element_type=\"widget\" data-widget_type=\"heading.default\">\n\t\t\t\t<div class=\"elementor-widget-container\">\n\t\t\t\t\t<h2 class=\"elementor-heading-title elementor-size-default\">Un r\u00e9cif accessible directement depuis la plage<\/h2>\t\t\t\t<\/div>\n\t\t\t\t<\/div>\n\t\t\t\t<div class=\"elementor-element elementor-element-9cd513e elementor-widget elementor-widget-text-editor\" data-id=\"9cd513e\" data-element_type=\"widget\" data-widget_type=\"text-editor.default\">\n\t\t\t\t<div class=\"elementor-widget-container\">\n\t\t\t\t\t\t\t\t\t<p><span style=\"font-weight: 400;\">L\u2019un des \u00e9l\u00e9ments qui distingue Anse Chastanet dans la Cara\u00efbe est la proximit\u00e9 imm\u00e9diate de son r\u00e9cif corallien. \u00c0 seulement quelques m\u00e8tres du rivage, les visiteurs peuvent observer une zone marine riche en poissons tropicaux et en formations coralliennes. Le r\u00e9cif commence \u00e0 environ dix m\u00e8tres du bord de l\u2019eau et se d\u00e9veloppe ensuite en plateau avant de descendre progressivement vers des profondeurs plus importantes. Cette configuration permet la pratique de la plong\u00e9e avec masque et tuba directement depuis la plage. Plus de 150 esp\u00e8ces de poissons ont \u00e9t\u00e9 recens\u00e9es dans cette zone, ce qui en fait l\u2019un des sites de plong\u00e9e c\u00f4ti\u00e8re les plus connus de Sainte-Lucie.<\/span><\/p>\t\t\t\t\t\t\t\t<\/div>\n\t\t\t\t<\/div>\n\t\t\t\t<div class=\"elementor-element elementor-element-0c2c10d elementor-widget elementor-widget-text-editor\" data-id=\"0c2c10d\" data-element_type=\"widget\" data-widget_type=\"text-editor.default\">\n\t\t\t\t<div class=\"elementor-widget-container\">\n\t\t\t\t\t\t\t\t\t<p><span style=\"font-weight: 400;\">Pour prot\u00e9ger cet environnement fragile, certaines zones du r\u00e9cif sont balis\u00e9es afin d\u2019emp\u00eacher l\u2019acc\u00e8s des bateaux. Cette organisation contribue \u00e0 pr\u00e9server la faune marine tout en permettant une observation s\u00e9curis\u00e9e pour les visiteurs.<\/span><\/p>\t\t\t\t\t\t\t\t<\/div>\n\t\t\t\t<\/div>\n\t\t\t\t<div class=\"elementor-element elementor-element-f05d908 elementor-widget elementor-widget-image\" data-id=\"f05d908\" data-element_type=\"widget\" data-widget_type=\"image.default\">\n\t\t\t\t<div class=\"elementor-widget-container\">\n\t\t\t\t\t\t\t\t\t\t\t\t\t\t\t<img decoding=\"async\" width=\"800\" height=\"529\" src=\"https:\/\/richeskarayib.com\/wp-content\/uploads\/2026\/03\/Capture-decran-2026-03-13-a-14.34.19-1024x677.png\" class=\"attachment-large size-large wp-image-70750\" alt=\"Anse Chastanet\" srcset=\"https:\/\/richeskarayib.com\/wp-content\/uploads\/2026\/03\/Capture-decran-2026-03-13-a-14.34.19-1024x677.png 1024w, https:\/\/richeskarayib.com\/wp-content\/uploads\/2026\/03\/Capture-decran-2026-03-13-a-14.34.19-300x198.png 300w, https:\/\/richeskarayib.com\/wp-content\/uploads\/2026\/03\/Capture-decran-2026-03-13-a-14.34.19-768x508.png 768w, https:\/\/richeskarayib.com\/wp-content\/uploads\/2026\/03\/Capture-decran-2026-03-13-a-14.34.19.png 1226w\" sizes=\"(max-width: 800px) 100vw, 800px\" \/>\t\t\t\t\t\t\t\t\t\t\t\t\t\t\t<\/div>\n\t\t\t\t<\/div>\n\t\t\t\t<section class=\"elementor-section elementor-inner-section elementor-element elementor-element-92f4402 elementor-section-boxed elementor-section-height-default elementor-section-height-default\" data-id=\"92f4402\" data-element_type=\"section\">\n\t\t\t\t\t\t<div class=\"elementor-container elementor-column-gap-default\">\n\t\t\t\t\t\t<\/div>\n\t\t<\/section>\n\t\t\t\t<section class=\"elementor-section elementor-inner-section elementor-element elementor-element-9290a61 elementor-section-boxed elementor-section-height-default elementor-section-height-default\" data-id=\"9290a61\" data-element_type=\"section\">\n\t\t\t\t\t\t<div class=\"elementor-container elementor-column-gap-default\">\n\t\t\t\t\t\t<\/div>\n\t\t<\/section>\n\t\t\t\t\t<\/div>\n\t\t<\/div>\n\t\t\t\t\t<\/div>\n\t\t<\/section>\n\t\t\t\t<section class=\"elementor-section elementor-top-section elementor-element elementor-element-ceca32c elementor-section-boxed elementor-section-height-default elementor-section-height-default\" data-id=\"ceca32c\" data-element_type=\"section\">\n\t\t\t\t\t\t<div class=\"elementor-container elementor-column-gap-default\">\n\t\t\t\t\t<div class=\"elementor-column elementor-col-100 elementor-top-column elementor-element elementor-element-5a2e383\" data-id=\"5a2e383\" data-element_type=\"column\">\n\t\t\t<div class=\"elementor-widget-wrap elementor-element-populated\">\n\t\t\t\t\t\t<div class=\"elementor-element elementor-element-6cedf5f elementor-widget elementor-widget-heading\" data-id=\"6cedf5f\" data-element_type=\"widget\" data-widget_type=\"heading.default\">\n\t\t\t\t<div class=\"elementor-widget-container\">\n\t\t\t\t\t<h2 class=\"elementor-heading-title elementor-size-default\">Une plage accessible au public<\/h2>\t\t\t\t<\/div>\n\t\t\t\t<\/div>\n\t\t\t\t<div class=\"elementor-element elementor-element-e93d1fb elementor-widget elementor-widget-text-editor\" data-id=\"e93d1fb\" data-element_type=\"widget\" data-widget_type=\"text-editor.default\">\n\t\t\t\t<div class=\"elementor-widget-container\">\n\t\t\t\t\t\t\t\t\t<p><span style=\"font-weight: 400;\">Bien que la baie soit associ\u00e9e \u00e0 un \u00e9tablissement h\u00f4telier, la plage d\u2019Anse Chastanet reste accessible au public. Les visiteurs peuvent y passer la journ\u00e9e, se baigner ou pratiquer la plong\u00e9e libre, m\u00eame s\u2019ils ne s\u00e9journent pas dans les h\u00e9bergements situ\u00e9s \u00e0 proximit\u00e9. Cette accessibilit\u00e9 participe \u00e0 la popularit\u00e9 du site, notamment aupr\u00e8s des voyageurs qui explorent la c\u00f4te de Soufri\u00e8re. Sur place, plusieurs services sont disponibles : restaurants, centre de plong\u00e9e et \u00e9quipements pour les activit\u00e9s nautiques.<\/span><\/p><p><span style=\"font-weight: 400;\">Un sentier c\u00f4tier permet \u00e9galement de rejoindre la plage voisine d\u2019Anse Mamin, situ\u00e9e \u00e0 quelques minutes de marche. Cette seconde baie, plus discr\u00e8te, est entour\u00e9e de vestiges d\u2019une ancienne plantation coloniale.<\/span><\/p>\t\t\t\t\t\t\t\t<\/div>\n\t\t\t\t<\/div>\n\t\t\t\t<section class=\"elementor-section elementor-inner-section elementor-element elementor-element-e6020bb elementor-section-boxed elementor-section-height-default elementor-section-height-default\" data-id=\"e6020bb\" data-element_type=\"section\">\n\t\t\t\t\t\t<div class=\"elementor-container elementor-column-gap-default\">\n\t\t\t\t\t<div class=\"elementor-column elementor-col-50 elementor-inner-column elementor-element elementor-element-f47c32e\" data-id=\"f47c32e\" data-element_type=\"column\">\n\t\t\t<div class=\"elementor-widget-wrap elementor-element-populated\">\n\t\t\t\t\t\t<div class=\"elementor-element elementor-element-ac7172c elementor-widget elementor-widget-image\" data-id=\"ac7172c\" data-element_type=\"widget\" data-widget_type=\"image.default\">\n\t\t\t\t<div class=\"elementor-widget-container\">\n\t\t\t\t\t\t\t\t\t\t\t\t\t\t\t<img decoding=\"async\" width=\"800\" height=\"530\" src=\"https:\/\/richeskarayib.com\/wp-content\/uploads\/2026\/03\/Capture-decran-2026-03-13-a-14.34.00-1024x679.png\" class=\"attachment-large size-large wp-image-70754\" alt=\"Anse Chastanet\" srcset=\"https:\/\/richeskarayib.com\/wp-content\/uploads\/2026\/03\/Capture-decran-2026-03-13-a-14.34.00-1024x679.png 1024w, https:\/\/richeskarayib.com\/wp-content\/uploads\/2026\/03\/Capture-decran-2026-03-13-a-14.34.00-300x199.png 300w, https:\/\/richeskarayib.com\/wp-content\/uploads\/2026\/03\/Capture-decran-2026-03-13-a-14.34.00-768x509.png 768w, https:\/\/richeskarayib.com\/wp-content\/uploads\/2026\/03\/Capture-decran-2026-03-13-a-14.34.00.png 1216w\" sizes=\"(max-width: 800px) 100vw, 800px\" \/>\t\t\t\t\t\t\t\t\t\t\t\t\t\t\t<\/div>\n\t\t\t\t<\/div>\n\t\t\t\t\t<\/div>\n\t\t<\/div>\n\t\t\t\t<div class=\"elementor-column elementor-col-50 elementor-inner-column elementor-element elementor-element-ac5c100\" data-id=\"ac5c100\" data-element_type=\"column\">\n\t\t\t<div class=\"elementor-widget-wrap elementor-element-populated\">\n\t\t\t\t\t\t<div class=\"elementor-element elementor-element-6f02adc elementor-widget elementor-widget-image\" data-id=\"6f02adc\" data-element_type=\"widget\" data-widget_type=\"image.default\">\n\t\t\t\t<div class=\"elementor-widget-container\">\n\t\t\t\t\t\t\t\t\t\t\t\t\t\t\t<img loading=\"lazy\" decoding=\"async\" width=\"800\" height=\"534\" src=\"https:\/\/richeskarayib.com\/wp-content\/uploads\/2026\/03\/Capture-decran-2026-03-13-a-14.33.41-1024x683.png\" class=\"attachment-large size-large wp-image-70758\" alt=\"Anse Chastanet\" srcset=\"https:\/\/richeskarayib.com\/wp-content\/uploads\/2026\/03\/Capture-decran-2026-03-13-a-14.33.41-1024x683.png 1024w, https:\/\/richeskarayib.com\/wp-content\/uploads\/2026\/03\/Capture-decran-2026-03-13-a-14.33.41-300x200.png 300w, https:\/\/richeskarayib.com\/wp-content\/uploads\/2026\/03\/Capture-decran-2026-03-13-a-14.33.41-768x512.png 768w, https:\/\/richeskarayib.com\/wp-content\/uploads\/2026\/03\/Capture-decran-2026-03-13-a-14.33.41.png 1215w\" sizes=\"(max-width: 800px) 100vw, 800px\" \/>\t\t\t\t\t\t\t\t\t\t\t\t\t\t\t<\/div>\n\t\t\t\t<\/div>\n\t\t\t\t\t<\/div>\n\t\t<\/div>\n\t\t\t\t\t<\/div>\n\t\t<\/section>\n\t\t\t\t\t<\/div>\n\t\t<\/div>\n\t\t\t\t\t<\/div>\n\t\t<\/section>\n\t\t\t\t<section class=\"elementor-section elementor-top-section elementor-element elementor-element-9c88a89 elementor-section-boxed elementor-section-height-default elementor-section-height-default\" data-id=\"9c88a89\" data-element_type=\"section\">\n\t\t\t\t\t\t<div class=\"elementor-container elementor-column-gap-default\">\n\t\t\t\t\t<div class=\"elementor-column elementor-col-100 elementor-top-column elementor-element elementor-element-78cf5d1\" data-id=\"78cf5d1\" data-element_type=\"column\">\n\t\t\t<div class=\"elementor-widget-wrap elementor-element-populated\">\n\t\t\t\t\t\t<div class=\"elementor-element elementor-element-ea2a5c1 elementor-widget elementor-widget-heading\" data-id=\"ea2a5c1\" data-element_type=\"widget\" data-widget_type=\"heading.default\">\n\t\t\t\t<div class=\"elementor-widget-container\">\n\t\t\t\t\t<h2 class=\"elementor-heading-title elementor-size-default\">Un site marqu\u00e9 par l\u2019histoire des plantations<\/h2>\t\t\t\t<\/div>\n\t\t\t\t<\/div>\n\t\t\t\t<div class=\"elementor-element elementor-element-e305eee elementor-widget elementor-widget-text-editor\" data-id=\"e305eee\" data-element_type=\"widget\" data-widget_type=\"text-editor.default\">\n\t\t\t\t<div class=\"elementor-widget-container\">\n\t\t\t\t\t\t\t\t\t<p><span style=\"font-weight: 400;\">Derri\u00e8re la plage d\u2019<a href=\"https:\/\/ansechastanet.com\/\" target=\"_blank\" rel=\"noopener nofollow\">Anse Chastanet<\/a> se trouvent les ruines d\u2019une plantation datant du XVIII\u1d49 si\u00e8cle. Ces vestiges t\u00e9moignent de l\u2019histoire agricole de Sainte-Lucie, lorsque la production de sucre dominait l\u2019\u00e9conomie de l\u2019\u00eele. Aujourd\u2019hui, ces traces du pass\u00e9 sont int\u00e9gr\u00e9es au paysage. Des sentiers permettent d\u2019explorer les anciennes structures en pierre et d\u2019observer la mani\u00e8re dont la v\u00e9g\u00e9tation tropicale a progressivement repris possession du site.<\/span><\/p><p><span style=\"font-weight: 400;\">Cette pr\u00e9sence historique ajoute une dimension suppl\u00e9mentaire \u00e0 la visite : Anse Chastanet n\u2019est pas seulement une plage, mais aussi un lieu o\u00f9 se rencontrent histoire coloniale, nature et tourisme.<\/span><\/p>\t\t\t\t\t\t\t\t<\/div>\n\t\t\t\t<\/div>\n\t\t\t\t\t<\/div>\n\t\t<\/div>\n\t\t\t\t\t<\/div>\n\t\t<\/section>\n\t\t\t\t<section class=\"elementor-section elementor-top-section elementor-element elementor-element-2a1ed84 elementor-section-boxed elementor-section-height-default elementor-section-height-default\" data-id=\"2a1ed84\" data-element_type=\"section\">\n\t\t\t\t\t\t<div class=\"elementor-container elementor-column-gap-default\">\n\t\t\t\t\t<div class=\"elementor-column elementor-col-100 elementor-top-column elementor-element elementor-element-c125661\" data-id=\"c125661\" data-element_type=\"column\">\n\t\t\t<div class=\"elementor-widget-wrap elementor-element-populated\">\n\t\t\t\t\t\t<div class=\"elementor-element elementor-element-ae42d7c elementor-widget elementor-widget-heading\" data-id=\"ae42d7c\" data-element_type=\"widget\" data-widget_type=\"heading.default\">\n\t\t\t\t<div class=\"elementor-widget-container\">\n\t\t\t\t\t<h2 class=\"elementor-heading-title elementor-size-default\">Une baie int\u00e9gr\u00e9e \u00e0 un environnement prot\u00e9g\u00e9<\/h2>\t\t\t\t<\/div>\n\t\t\t\t<\/div>\n\t\t\t\t<div class=\"elementor-element elementor-element-fb31e21 elementor-widget elementor-widget-text-editor\" data-id=\"fb31e21\" data-element_type=\"widget\" data-widget_type=\"text-editor.default\">\n\t\t\t\t<div class=\"elementor-widget-container\">\n\t\t\t\t\t\t\t\t\t<p><span style=\"font-weight: 400;\">La zone d\u2019Anse Chastanet se trouve au c\u0153ur des r\u00e9serves marines de Sainte-Lucie. Ces espaces prot\u00e9g\u00e9s ont \u00e9t\u00e9 mis en place afin de pr\u00e9server les r\u00e9cifs coralliens et les \u00e9cosyst\u00e8mes marins qui entourent l\u2019\u00eele. Cette gestion environnementale est essentielle pour maintenir l\u2019\u00e9quilibre entre fr\u00e9quentation touristique et conservation des milieux naturels. Les activit\u00e9s nautiques y sont donc encadr\u00e9es, et certaines zones restent exclusivement d\u00e9di\u00e9es \u00e0 l\u2019observation sous-marine.<\/span><\/p>\t\t\t\t\t\t\t\t<\/div>\n\t\t\t\t<\/div>\n\t\t\t\t<div class=\"elementor-element elementor-element-56a5826 elementor-widget elementor-widget-image\" data-id=\"56a5826\" data-element_type=\"widget\" data-widget_type=\"image.default\">\n\t\t\t\t<div class=\"elementor-widget-container\">\n\t\t\t\t\t\t\t\t\t\t\t\t\t\t\t<img loading=\"lazy\" decoding=\"async\" width=\"800\" height=\"552\" src=\"https:\/\/richeskarayib.com\/wp-content\/uploads\/2026\/03\/Capture-decran-2026-03-13-a-14.34.37-1024x707.png\" class=\"attachment-large size-large wp-image-70762\" alt=\"Anse Chastanet\" srcset=\"https:\/\/richeskarayib.com\/wp-content\/uploads\/2026\/03\/Capture-decran-2026-03-13-a-14.34.37-1024x707.png 1024w, https:\/\/richeskarayib.com\/wp-content\/uploads\/2026\/03\/Capture-decran-2026-03-13-a-14.34.37-300x207.png 300w, https:\/\/richeskarayib.com\/wp-content\/uploads\/2026\/03\/Capture-decran-2026-03-13-a-14.34.37-768x530.png 768w, https:\/\/richeskarayib.com\/wp-content\/uploads\/2026\/03\/Capture-decran-2026-03-13-a-14.34.37.png 1180w\" sizes=\"(max-width: 800px) 100vw, 800px\" \/>\t\t\t\t\t\t\t\t\t\t\t\t\t\t\t<\/div>\n\t\t\t\t<\/div>\n\t\t\t\t\t<\/div>\n\t\t<\/div>\n\t\t\t\t\t<\/div>\n\t\t<\/section>\n\t\t\t\t<section class=\"elementor-section elementor-top-section elementor-element elementor-element-0662d70 elementor-section-boxed elementor-section-height-default elementor-section-height-default\" data-id=\"0662d70\" data-element_type=\"section\">\n\t\t\t\t\t\t<div class=\"elementor-container elementor-column-gap-default\">\n\t\t\t\t\t<div class=\"elementor-column elementor-col-100 elementor-top-column elementor-element elementor-element-64d37c3\" data-id=\"64d37c3\" data-element_type=\"column\">\n\t\t\t<div class=\"elementor-widget-wrap elementor-element-populated\">\n\t\t\t\t\t\t<div class=\"elementor-element elementor-element-64ea480 elementor-widget elementor-widget-heading\" data-id=\"64ea480\" data-element_type=\"widget\" data-widget_type=\"heading.default\">\n\t\t\t\t<div class=\"elementor-widget-container\">\n\t\t\t\t\t<h2 class=\"elementor-heading-title elementor-size-default\">Une destination repr\u00e9sentative de la Cara\u00efbe naturelle<\/h2>\t\t\t\t<\/div>\n\t\t\t\t<\/div>\n\t\t\t\t<div class=\"elementor-element elementor-element-b96cd68 elementor-widget elementor-widget-text-editor\" data-id=\"b96cd68\" data-element_type=\"widget\" data-widget_type=\"text-editor.default\">\n\t\t\t\t<div class=\"elementor-widget-container\">\n\t\t\t\t\t\t\t\t\t<p><span style=\"font-weight: 400;\">Anse Chastanet r\u00e9sume plusieurs caract\u00e9ristiques majeures du paysage carib\u00e9en : une mer riche en biodiversit\u00e9, une for\u00eat tropicale dense et un littoral fa\u00e7onn\u00e9 par l\u2019activit\u00e9 volcanique. Cette combinaison explique pourquoi la baie attire \u00e0 la fois des plongeurs, des photographes et des voyageurs \u00e0 la recherche d\u2019un environnement pr\u00e9serv\u00e9. Situ\u00e9e dans l\u2019une des r\u00e9gions les plus spectaculaires de Sainte-Lucie, \u00e0 proximit\u00e9 imm\u00e9diate des Pitons et des reliefs montagneux du sud de l\u2019\u00eele, Anse Chastanet offre une lecture claire de la g\u00e9ographie locale. Elle rappelle que la Cara\u00efbe ne se limite pas \u00e0 ses plages, mais qu\u2019elle se comprend aussi \u00e0 travers ses paysages, son histoire et ses \u00e9cosyst\u00e8mes marins.<\/span><\/p><p><span style=\"font-weight: 400;\">Pour les visiteurs qui souhaitent explorer Sainte-Lucie au-del\u00e0 des stations baln\u00e9aires classiques, Anse Chastanet constitue aujourd\u2019hui un site de r\u00e9f\u00e9rence, o\u00f9 nature, mer et patrimoine se rencontrent dans un espace relativement pr\u00e9serv\u00e9.<\/span><\/p>\t\t\t\t\t\t\t\t<\/div>\n\t\t\t\t<\/div>\n\t\t\t\t<div class=\"elementor-element elementor-element-0f31b0e elementor-widget elementor-widget-video\" data-id=\"0f31b0e\" data-element_type=\"widget\" data-settings=\"{&quot;youtube_url&quot;:&quot;https:\\\/\\\/www.youtube.com\\\/watch?v=R1t48yrCisg&quot;,&quot;video_type&quot;:&quot;youtube&quot;,&quot;controls&quot;:&quot;yes&quot;}\" data-widget_type=\"video.default\">\n\t\t\t\t<div class=\"elementor-widget-container\">\n\t\t\t\t\t\t\t<div class=\"elementor-wrapper elementor-open-inline\">\n\t\t\t<div class=\"elementor-video\"><\/div>\t\t<\/div>\n\t\t\t\t\t\t<\/div>\n\t\t\t\t<\/div>\n\t\t\t\t\t<\/div>\n\t\t<\/div>\n\t\t\t\t\t<\/div>\n\t\t<\/section>\n\t\t\t\t<section class=\"elementor-section elementor-top-section elementor-element elementor-element-f5709a6 elementor-section-boxed elementor-section-height-default elementor-section-height-default\" data-id=\"f5709a6\" data-element_type=\"section\">\n\t\t\t\t\t\t<div class=\"elementor-container elementor-column-gap-default\">\n\t\t\t\t\t<div class=\"elementor-column elementor-col-100 elementor-top-column elementor-element elementor-element-957be6f\" data-id=\"957be6f\" data-element_type=\"column\">\n\t\t\t<div class=\"elementor-widget-wrap elementor-element-populated\">\n\t\t\t\t\t\t<div class=\"elementor-element elementor-element-63e5d4a elementor-widget elementor-widget-accordion\" data-id=\"63e5d4a\" data-element_type=\"widget\" data-widget_type=\"accordion.default\">\n\t\t\t\t<div class=\"elementor-widget-container\">\n\t\t\t\t\t\t\t<div class=\"elementor-accordion\">\n\t\t\t\t\t\t\t<div class=\"elementor-accordion-item\">\n\t\t\t\t\t<div id=\"elementor-tab-title-1041\" class=\"elementor-tab-title\" data-tab=\"1\" role=\"button\" aria-controls=\"elementor-tab-content-1041\" aria-expanded=\"false\">\n\t\t\t\t\t\t\t\t\t\t\t\t\t<span class=\"elementor-accordion-icon elementor-accordion-icon-left\" aria-hidden=\"true\">\n\t\t\t\t\t\t\t\t\t\t\t\t\t\t\t<span class=\"elementor-accordion-icon-closed\"><i class=\"fas fa-plus\"><\/i><\/span>\n\t\t\t\t\t\t\t\t<span class=\"elementor-accordion-icon-opened\"><i class=\"fas fa-minus\"><\/i><\/span>\n\t\t\t\t\t\t\t\t\t\t\t\t\t\t<\/span>\n\t\t\t\t\t\t\t\t\t\t\t\t<a class=\"elementor-accordion-title\" tabindex=\"0\">O\u00f9 se trouve Anse Chastanet ?<\/a>\n\t\t\t\t\t<\/div>\n\t\t\t\t\t<div id=\"elementor-tab-content-1041\" class=\"elementor-tab-content elementor-clearfix\" data-tab=\"1\" role=\"region\" aria-labelledby=\"elementor-tab-title-1041\"><p><span style=\"font-weight: 400;\">Anse Chastanet est situ\u00e9e sur la c\u00f4te sud-ouest de Sainte-Lucie, pr\u00e8s de la ville de Soufri\u00e8re, dans la mer des Cara\u00efbes.<\/span><\/p><\/div>\n\t\t\t\t<\/div>\n\t\t\t\t\t\t\t<div class=\"elementor-accordion-item\">\n\t\t\t\t\t<div id=\"elementor-tab-title-1042\" class=\"elementor-tab-title\" data-tab=\"2\" role=\"button\" aria-controls=\"elementor-tab-content-1042\" aria-expanded=\"false\">\n\t\t\t\t\t\t\t\t\t\t\t\t\t<span class=\"elementor-accordion-icon elementor-accordion-icon-left\" aria-hidden=\"true\">\n\t\t\t\t\t\t\t\t\t\t\t\t\t\t\t<span class=\"elementor-accordion-icon-closed\"><i class=\"fas fa-plus\"><\/i><\/span>\n\t\t\t\t\t\t\t\t<span class=\"elementor-accordion-icon-opened\"><i class=\"fas fa-minus\"><\/i><\/span>\n\t\t\t\t\t\t\t\t\t\t\t\t\t\t<\/span>\n\t\t\t\t\t\t\t\t\t\t\t\t<a class=\"elementor-accordion-title\" tabindex=\"0\">Pourquoi Anse Chastanet est-elle connue ?<\/a>\n\t\t\t\t\t<\/div>\n\t\t\t\t\t<div id=\"elementor-tab-content-1042\" class=\"elementor-tab-content elementor-clearfix\" data-tab=\"2\" role=\"region\" aria-labelledby=\"elementor-tab-title-1042\"><p><span style=\"font-weight: 400;\">La baie est r\u00e9put\u00e9e pour son r\u00e9cif corallien accessible directement depuis la plage, qui abrite plus de 150 esp\u00e8ces de poissons et constitue l\u2019un des sites de plong\u00e9e les plus connus de l\u2019\u00eele.<\/span><\/p><\/div>\n\t\t\t\t<\/div>\n\t\t\t\t\t\t\t<div class=\"elementor-accordion-item\">\n\t\t\t\t\t<div id=\"elementor-tab-title-1043\" class=\"elementor-tab-title\" data-tab=\"3\" role=\"button\" aria-controls=\"elementor-tab-content-1043\" aria-expanded=\"false\">\n\t\t\t\t\t\t\t\t\t\t\t\t\t<span class=\"elementor-accordion-icon elementor-accordion-icon-left\" aria-hidden=\"true\">\n\t\t\t\t\t\t\t\t\t\t\t\t\t\t\t<span class=\"elementor-accordion-icon-closed\"><i class=\"fas fa-plus\"><\/i><\/span>\n\t\t\t\t\t\t\t\t<span class=\"elementor-accordion-icon-opened\"><i class=\"fas fa-minus\"><\/i><\/span>\n\t\t\t\t\t\t\t\t\t\t\t\t\t\t<\/span>\n\t\t\t\t\t\t\t\t\t\t\t\t<a class=\"elementor-accordion-title\" tabindex=\"0\">Peut-on visiter Anse Chastanet sans s\u00e9journer dans l\u2019h\u00f4tel voisin ?<\/a>\n\t\t\t\t\t<\/div>\n\t\t\t\t\t<div id=\"elementor-tab-content-1043\" class=\"elementor-tab-content elementor-clearfix\" data-tab=\"3\" role=\"region\" aria-labelledby=\"elementor-tab-title-1043\"><p><span style=\"font-weight: 400;\">Oui. La plage d\u2019Anse Chastanet est accessible au public, et les visiteurs peuvent y pratiquer la baignade, la plong\u00e9e libre ou profiter des services disponibles sur place.<\/span><\/p><\/div>\n\t\t\t\t<\/div>\n\t\t\t\t\t\t\t\t<\/div>\n\t\t\t\t\t\t<\/div>\n\t\t\t\t<\/div>\n\t\t\t\t\t<\/div>\n\t\t<\/div>\n\t\t\t\t\t<\/div>\n\t\t<\/section>\n\t\t\t\t<\/div>\n\t\t","protected":false},"excerpt":{"rendered":"<p>Sur la c\u00f4te sud-ouest de l\u2019\u00eele de Sainte-Lucie, pr\u00e8s de la ville de Soufri\u00e8re, Anse Chastanet s\u2019impose comme l\u2019un des sites les plus remarquables du littoral carib\u00e9en. Cette baie, bord\u00e9e de collines tropicales et tourn\u00e9e vers la mer des Cara\u00efbes, combine un environnement naturel pr\u00e9serv\u00e9, un patrimoine historique discret et l\u2019un des r\u00e9cifs les plus [&hellip;]<\/p>\n","protected":false},"author":662,"featured_media":70742,"comment_status":"open","ping_status":"open","sticky":false,"template":"","format":"standard","meta":{"_acf_changed":false,"footnotes":""},"categories":[1732],"tags":[1599],"class_list":["post-70741","post","type-post","status-publish","format-standard","has-post-thumbnail","hentry","category-tourisme","tag-sainte-lucie-fr"],"acf":[],"_links":{"self":[{"href":"https:\/\/richeskarayib.com\/fr\/wp-json\/wp\/v2\/posts\/70741","targetHints":{"allow":["GET"]}}],"collection":[{"href":"https:\/\/richeskarayib.com\/fr\/wp-json\/wp\/v2\/posts"}],"about":[{"href":"https:\/\/richeskarayib.com\/fr\/wp-json\/wp\/v2\/types\/post"}],"author":[{"embeddable":true,"href":"https:\/\/richeskarayib.com\/fr\/wp-json\/wp\/v2\/users\/662"}],"replies":[{"embeddable":true,"href":"https:\/\/richeskarayib.com\/fr\/wp-json\/wp\/v2\/comments?post=70741"}],"version-history":[{"count":0,"href":"https:\/\/richeskarayib.com\/fr\/wp-json\/wp\/v2\/posts\/70741\/revisions"}],"wp:featuredmedia":[{"embeddable":true,"href":"https:\/\/richeskarayib.com\/fr\/wp-json\/wp\/v2\/media\/70742"}],"wp:attachment":[{"href":"https:\/\/richeskarayib.com\/fr\/wp-json\/wp\/v2\/media?parent=70741"}],"wp:term":[{"taxonomy":"category","embeddable":true,"href":"https:\/\/richeskarayib.com\/fr\/wp-json\/wp\/v2\/categories?post=70741"},{"taxonomy":"post_tag","embeddable":true,"href":"https:\/\/richeskarayib.com\/fr\/wp-json\/wp\/v2\/tags?post=70741"}],"curies":[{"name":"wp","href":"https:\/\/api.w.org\/{rel}","templated":true}]}}