{"id":70793,"date":"2026-03-16T08:16:35","date_gmt":"2026-03-16T12:16:35","guid":{"rendered":"https:\/\/richeskarayib.com\/?p=70793"},"modified":"2026-03-16T08:16:35","modified_gmt":"2026-03-16T12:16:35","slug":"partenariat-cto-et-the-travel-foundation","status":"publish","type":"post","link":"https:\/\/richeskarayib.com\/fr\/partenariat-cto-et-the-travel-foundation\/","title":{"rendered":"CTO et The Travel Foundation renforcent leur partenariat pour un tourisme carib\u00e9en plus r\u00e9silient face au climat"},"content":{"rendered":"\t\t<div data-elementor-type=\"wp-post\" data-elementor-id=\"70793\" class=\"elementor elementor-70793\" data-elementor-post-type=\"post\">\n\t\t\t\t\t\t<section class=\"elementor-section elementor-top-section elementor-element elementor-element-7ca7ca1 elementor-section-boxed elementor-section-height-default elementor-section-height-default\" data-id=\"7ca7ca1\" data-element_type=\"section\">\n\t\t\t\t\t\t<div class=\"elementor-container elementor-column-gap-default\">\n\t\t\t\t\t<div class=\"elementor-column elementor-col-100 elementor-top-column elementor-element elementor-element-cbdd002\" data-id=\"cbdd002\" data-element_type=\"column\">\n\t\t\t<div class=\"elementor-widget-wrap elementor-element-populated\">\n\t\t\t\t\t\t<section class=\"elementor-section elementor-inner-section elementor-element elementor-element-bc94849 elementor-section-boxed elementor-section-height-default elementor-section-height-default\" data-id=\"bc94849\" data-element_type=\"section\">\n\t\t\t\t\t\t<div class=\"elementor-container elementor-column-gap-default\">\n\t\t\t\t\t\t<\/div>\n\t\t<\/section>\n\t\t\t\t<section class=\"elementor-section elementor-inner-section elementor-element elementor-element-61571e6 elementor-section-boxed elementor-section-height-default elementor-section-height-default\" data-id=\"61571e6\" data-element_type=\"section\">\n\t\t\t\t\t\t<div class=\"elementor-container elementor-column-gap-default\">\n\t\t\t\t\t\t<\/div>\n\t\t<\/section>\n\t\t\t\t<section class=\"elementor-section elementor-inner-section elementor-element elementor-element-b6262e0 elementor-section-boxed elementor-section-height-default elementor-section-height-default\" data-id=\"b6262e0\" data-element_type=\"section\">\n\t\t\t\t\t\t<div class=\"elementor-container elementor-column-gap-default\">\n\t\t\t\t\t\t<\/div>\n\t\t<\/section>\n\t\t\t\t<section class=\"elementor-section elementor-inner-section elementor-element elementor-element-cca29fd elementor-section-boxed elementor-section-height-default elementor-section-height-default\" data-id=\"cca29fd\" data-element_type=\"section\">\n\t\t\t\t\t\t<div class=\"elementor-container elementor-column-gap-default\">\n\t\t\t\t\t\t<\/div>\n\t\t<\/section>\n\t\t\t\t\t<\/div>\n\t\t<\/div>\n\t\t\t\t\t<\/div>\n\t\t<\/section>\n\t\t\t\t<section class=\"elementor-section elementor-top-section elementor-element elementor-element-ee72354 elementor-section-boxed elementor-section-height-default elementor-section-height-default\" data-id=\"ee72354\" data-element_type=\"section\">\n\t\t\t\t\t\t<div class=\"elementor-container elementor-column-gap-default\">\n\t\t\t\t\t<div class=\"elementor-column elementor-col-100 elementor-top-column elementor-element elementor-element-c59d6fe\" data-id=\"c59d6fe\" data-element_type=\"column\">\n\t\t\t<div class=\"elementor-widget-wrap elementor-element-populated\">\n\t\t\t\t\t\t<div class=\"elementor-element elementor-element-e57451f elementor-widget elementor-widget-text-editor\" data-id=\"e57451f\" data-element_type=\"widget\" data-widget_type=\"text-editor.default\">\n\t\t\t\t<div class=\"elementor-widget-container\">\n\t\t\t\t\t\t\t\t\t<p>Le partenariat\u00a0 entre <a href=\"https:\/\/www.onecaribbean.org\/\" target=\"_blank\" rel=\"noopener nofollow\">CTO<\/a> et The Travel Foundation marque une \u00e9tape importante dans l\u2019\u00e9volution des politiques touristiques dans la Cara\u00efbe. Lors du salon international ITB Berlin 2026, les dirigeants du tourisme de la r\u00e9gion ont confirm\u00e9 le renforcement de leur coop\u00e9ration afin de soutenir un mod\u00e8le touristique plus durable, plus r\u00e9silient face aux changements climatiques et davantage centr\u00e9 sur les communaut\u00e9s locales.<\/p><p>Dans une r\u00e9gion o\u00f9 l\u2019\u00e9conomie d\u00e9pend fortement du tourisme, la question climatique n\u2019est plus un sujet abstrait. Les effets du r\u00e9chauffement plan\u00e9taire, l\u2019intensification des ph\u00e9nom\u00e8nes m\u00e9t\u00e9orologiques et l\u2019\u00e9rosion des \u00e9cosyst\u00e8mes c\u00f4tiers repr\u00e9sentent d\u00e9sormais des d\u00e9fis imm\u00e9diats pour de nombreux territoires insulaires. C\u2019est dans ce contexte que le partenariat\u00a0 entre CTO et The Travel Foundation prend une dimension strat\u00e9gique. L\u2019objectif est clair : transformer les engagements climatiques en actions concr\u00e8tes capables de soutenir l\u2019avenir \u00e9conomique et social des destinations carib\u00e9ennes.<\/p>\t\t\t\t\t\t\t\t<\/div>\n\t\t\t\t<\/div>\n\t\t\t\t\t<\/div>\n\t\t<\/div>\n\t\t\t\t\t<\/div>\n\t\t<\/section>\n\t\t\t\t<section class=\"elementor-section elementor-top-section elementor-element elementor-element-82cd8f9 elementor-section-boxed elementor-section-height-default elementor-section-height-default\" data-id=\"82cd8f9\" data-element_type=\"section\">\n\t\t\t\t\t\t<div class=\"elementor-container elementor-column-gap-default\">\n\t\t\t\t\t<div class=\"elementor-column elementor-col-100 elementor-top-column elementor-element elementor-element-0bfdc38\" data-id=\"0bfdc38\" data-element_type=\"column\">\n\t\t\t<div class=\"elementor-widget-wrap elementor-element-populated\">\n\t\t\t\t\t\t<div class=\"elementor-element elementor-element-7d292fe elementor-widget elementor-widget-heading\" data-id=\"7d292fe\" data-element_type=\"widget\" data-widget_type=\"heading.default\">\n\t\t\t\t<div class=\"elementor-widget-container\">\n\t\t\t\t\t<h2 class=\"elementor-heading-title elementor-size-default\">L\u2019ITB Berlin, un espace strat\u00e9gique pour porter la voix de la Cara\u00efbe<\/h2>\t\t\t\t<\/div>\n\t\t\t\t<\/div>\n\t\t\t\t<div class=\"elementor-element elementor-element-96caf50 elementor-widget elementor-widget-text-editor\" data-id=\"96caf50\" data-element_type=\"widget\" data-widget_type=\"text-editor.default\">\n\t\t\t\t<div class=\"elementor-widget-container\">\n\t\t\t\t\t\t\t\t\t<p><span style=\"font-weight: 400;\">Chaque ann\u00e9e, <a href=\"https:\/\/richeskarayib.com\/fr\/janelle-hopkin-patwa-gold-award-2026-berlin\/\" target=\"_blank\" rel=\"noopener\">ITB Berlin<\/a> r\u00e9unit les principaux acteurs du tourisme mondial : minist\u00e8res, organisations internationales, compagnies a\u00e9riennes, destinations et experts du secteur. Pour la Cara\u00efbe, ce rendez-vous constitue une plateforme essentielle pour rappeler une r\u00e9alit\u00e9 souvent sous-estim\u00e9e \u00e0 l\u2019\u00e9chelle internationale : les petits \u00c9tats insulaires figurent parmi les territoires les plus expos\u00e9s aux effets du changement climatique.<\/span><\/p>\t\t\t\t\t\t\t\t<\/div>\n\t\t\t\t<\/div>\n\t\t\t\t<div class=\"elementor-element elementor-element-dfd6c9a elementor-widget elementor-widget-text-editor\" data-id=\"dfd6c9a\" data-element_type=\"widget\" data-widget_type=\"text-editor.default\">\n\t\t\t\t<div class=\"elementor-widget-container\">\n\t\t\t\t\t\t\t\t\t<p><span style=\"font-weight: 400;\">Lors d\u2019une session consacr\u00e9e \u00e0 l\u2019\u00e9cart entre les risques climatiques et les solutions d\u2019adaptation dans le tourisme, la secr\u00e9taire g\u00e9n\u00e9rale et directrice g\u00e9n\u00e9rale de la Caribbean Tourism Organization, Dona Regis-Prosper, a insist\u00e9 sur l\u2019exp\u00e9rience concr\u00e8te v\u00e9cue par la r\u00e9gion. Les ouragans d\u00e9vastateurs qui frappent r\u00e9guli\u00e8rement la Cara\u00efbe, la mont\u00e9e du niveau de la mer ou encore la pression croissante sur les \u00e9cosyst\u00e8mes marins ont profond\u00e9ment marqu\u00e9 les territoires. Cette exp\u00e9rience directe constitue aujourd\u2019hui un moteur pour repenser les strat\u00e9gies touristiques de la r\u00e9gion. Le partenariat\u00a0 entre CTO et The Travel Foundation s\u2019inscrit pr\u00e9cis\u00e9ment dans cette dynamique de transformation.<\/span><\/p>\t\t\t\t\t\t\t\t<\/div>\n\t\t\t\t<\/div>\n\t\t\t\t<div class=\"elementor-element elementor-element-814b624 elementor-widget elementor-widget-image\" data-id=\"814b624\" data-element_type=\"widget\" data-widget_type=\"image.default\">\n\t\t\t\t<div class=\"elementor-widget-container\">\n\t\t\t\t\t\t\t\t\t\t\t\t\t\t\t<img fetchpriority=\"high\" decoding=\"async\" width=\"557\" height=\"316\" src=\"https:\/\/richeskarayib.com\/wp-content\/uploads\/2026\/03\/Dona-Regis-Prosper-Secretary-General-and-CEO-Caribbean-Tourism-Organization-speaking-during-the-ITB-Berlin.png\" class=\"attachment-large size-large wp-image-70798\" alt=\"CTO and The Travel Foundation\" srcset=\"https:\/\/richeskarayib.com\/wp-content\/uploads\/2026\/03\/Dona-Regis-Prosper-Secretary-General-and-CEO-Caribbean-Tourism-Organization-speaking-during-the-ITB-Berlin.png 557w, https:\/\/richeskarayib.com\/wp-content\/uploads\/2026\/03\/Dona-Regis-Prosper-Secretary-General-and-CEO-Caribbean-Tourism-Organization-speaking-during-the-ITB-Berlin-300x170.png 300w\" sizes=\"(max-width: 557px) 100vw, 557px\" \/>\t\t\t\t\t\t\t\t\t\t\t\t\t\t\t<\/div>\n\t\t\t\t<\/div>\n\t\t\t\t<section class=\"elementor-section elementor-inner-section elementor-element elementor-element-c582330 elementor-section-boxed elementor-section-height-default elementor-section-height-default\" data-id=\"c582330\" data-element_type=\"section\">\n\t\t\t\t\t\t<div class=\"elementor-container elementor-column-gap-default\">\n\t\t\t\t\t\t<\/div>\n\t\t<\/section>\n\t\t\t\t<section class=\"elementor-section elementor-inner-section elementor-element elementor-element-296603a elementor-section-boxed elementor-section-height-default elementor-section-height-default\" data-id=\"296603a\" data-element_type=\"section\">\n\t\t\t\t\t\t<div class=\"elementor-container elementor-column-gap-default\">\n\t\t\t\t\t\t<\/div>\n\t\t<\/section>\n\t\t\t\t\t<\/div>\n\t\t<\/div>\n\t\t\t\t\t<\/div>\n\t\t<\/section>\n\t\t\t\t<section class=\"elementor-section elementor-top-section elementor-element elementor-element-bdd0219 elementor-section-boxed elementor-section-height-default elementor-section-height-default\" data-id=\"bdd0219\" data-element_type=\"section\">\n\t\t\t\t\t\t<div class=\"elementor-container elementor-column-gap-default\">\n\t\t\t\t\t<div class=\"elementor-column elementor-col-100 elementor-top-column elementor-element elementor-element-c1ec903\" data-id=\"c1ec903\" data-element_type=\"column\">\n\t\t\t<div class=\"elementor-widget-wrap elementor-element-populated\">\n\t\t\t\t\t\t<div class=\"elementor-element elementor-element-55dd336 elementor-widget elementor-widget-heading\" data-id=\"55dd336\" data-element_type=\"widget\" data-widget_type=\"heading.default\">\n\t\t\t\t<div class=\"elementor-widget-container\">\n\t\t\t\t\t<h2 class=\"elementor-heading-title elementor-size-default\">Passer des discours climatiques \u00e0 des solutions concr\u00e8tes<\/h2>\t\t\t\t<\/div>\n\t\t\t\t<\/div>\n\t\t\t\t<div class=\"elementor-element elementor-element-9cd513e elementor-widget elementor-widget-text-editor\" data-id=\"9cd513e\" data-element_type=\"widget\" data-widget_type=\"text-editor.default\">\n\t\t\t\t<div class=\"elementor-widget-container\">\n\t\t\t\t\t\t\t\t\t<p><span style=\"font-weight: 400;\">Au c\u0153ur du partenariat\u00a0 entre CTO et <a href=\"https:\/\/www.thetravelfoundation.org.uk\/?gad_source=1&amp;gad_campaignid=8525983123&amp;gbraid=0AAAAADqmZvym6mPuWwuSpMFeTK9T_9NiP&amp;gclid=CjwKCAjw1N7NBhAoEiwAcPchpxT7EZ8nZTHGlCRKqJ7WM9X_rTWnslfRYXEyEfofhesRbP6scKdqShoCduMQAvD_BwE\" target=\"_blank\" rel=\"noopener nofollow\">The Travel Foundation<\/a>, une conviction domine : les strat\u00e9gies climatiques doivent d\u00e9sormais d\u00e9passer les d\u00e9clarations d\u2019intention. Les destinations carib\u00e9ennes disposent d\u00e9j\u00e0 de nombreuses \u00e9tudes, donn\u00e9es scientifiques et sc\u00e9narios prospectifs sur les risques climatiques. Cependant, un d\u00e9fi persistant subsiste : transformer ces informations en projets r\u00e9ellement financ\u00e9s et op\u00e9rationnels.<\/span><\/p><p><span style=\"font-weight: 400;\">C\u2019est l\u2019un des points soulev\u00e9s par Narendra Ramgulam, directeur adjoint du tourisme durable au sein de la Caribbean Tourism Organization. Selon lui, la r\u00e9gion ne manque ni d\u2019id\u00e9es ni d\u2019analyses, mais la mise en \u0153uvre concr\u00e8te des projets reste souvent frein\u00e9e par l\u2019acc\u00e8s aux financements. Dans ce contexte, le partenariat\u00a0 entre CTO et The Travel Foundation vise pr\u00e9cis\u00e9ment \u00e0 combler ce foss\u00e9 entre la planification strat\u00e9gique et l\u2019action r\u00e9elle sur le terrain.<\/span><\/p>\t\t\t\t\t\t\t\t<\/div>\n\t\t\t\t<\/div>\n\t\t\t\t<div class=\"elementor-element elementor-element-ce7910a elementor-widget elementor-widget-image\" data-id=\"ce7910a\" data-element_type=\"widget\" data-widget_type=\"image.default\">\n\t\t\t\t<div class=\"elementor-widget-container\">\n\t\t\t\t\t\t\t\t\t\t\t\t\t\t\t<img decoding=\"async\" width=\"556\" height=\"318\" src=\"https:\/\/richeskarayib.com\/wp-content\/uploads\/2026\/03\/CTO-Deputy-Director-of-Sustainable-Tourism-Narendra-Ramgulam-talking-about-climate-impacts-in-Germany-last-week.png\" class=\"attachment-large size-large wp-image-70802\" alt=\"CTO and The Travel Foundation\" srcset=\"https:\/\/richeskarayib.com\/wp-content\/uploads\/2026\/03\/CTO-Deputy-Director-of-Sustainable-Tourism-Narendra-Ramgulam-talking-about-climate-impacts-in-Germany-last-week.png 556w, https:\/\/richeskarayib.com\/wp-content\/uploads\/2026\/03\/CTO-Deputy-Director-of-Sustainable-Tourism-Narendra-Ramgulam-talking-about-climate-impacts-in-Germany-last-week-300x172.png 300w\" sizes=\"(max-width: 556px) 100vw, 556px\" \/>\t\t\t\t\t\t\t\t\t\t\t\t\t\t\t<\/div>\n\t\t\t\t<\/div>\n\t\t\t\t<section class=\"elementor-section elementor-inner-section elementor-element elementor-element-92f4402 elementor-section-boxed elementor-section-height-default elementor-section-height-default\" data-id=\"92f4402\" data-element_type=\"section\">\n\t\t\t\t\t\t<div class=\"elementor-container elementor-column-gap-default\">\n\t\t\t\t\t\t<\/div>\n\t\t<\/section>\n\t\t\t\t<section class=\"elementor-section elementor-inner-section elementor-element elementor-element-9290a61 elementor-section-boxed elementor-section-height-default elementor-section-height-default\" data-id=\"9290a61\" data-element_type=\"section\">\n\t\t\t\t\t\t<div class=\"elementor-container elementor-column-gap-default\">\n\t\t\t\t\t\t<\/div>\n\t\t<\/section>\n\t\t\t\t\t<\/div>\n\t\t<\/div>\n\t\t\t\t\t<\/div>\n\t\t<\/section>\n\t\t\t\t<section class=\"elementor-section elementor-top-section elementor-element elementor-element-ceca32c elementor-section-boxed elementor-section-height-default elementor-section-height-default\" data-id=\"ceca32c\" data-element_type=\"section\">\n\t\t\t\t\t\t<div class=\"elementor-container elementor-column-gap-default\">\n\t\t\t\t\t<div class=\"elementor-column elementor-col-100 elementor-top-column elementor-element elementor-element-5a2e383\" data-id=\"5a2e383\" data-element_type=\"column\">\n\t\t\t<div class=\"elementor-widget-wrap elementor-element-populated\">\n\t\t\t\t\t\t<div class=\"elementor-element elementor-element-6cedf5f elementor-widget elementor-widget-heading\" data-id=\"6cedf5f\" data-element_type=\"widget\" data-widget_type=\"heading.default\">\n\t\t\t\t<div class=\"elementor-widget-container\">\n\t\t\t\t\t<h2 class=\"elementor-heading-title elementor-size-default\">Un mod\u00e8le touristique centr\u00e9 sur les communaut\u00e9s locales<\/h2>\t\t\t\t<\/div>\n\t\t\t\t<\/div>\n\t\t\t\t<div class=\"elementor-element elementor-element-e93d1fb elementor-widget elementor-widget-text-editor\" data-id=\"e93d1fb\" data-element_type=\"widget\" data-widget_type=\"text-editor.default\">\n\t\t\t\t<div class=\"elementor-widget-container\">\n\t\t\t\t\t\t\t\t\t<p><span style=\"font-weight: 400;\">L\u2019un des axes majeurs du partenariat\u00a0 entre CTO et The Travel Foundation concerne la place des populations locales dans le d\u00e9veloppement touristique. Dans de nombreuses destinations carib\u00e9ennes, les retomb\u00e9es \u00e9conomiques du tourisme restent parfois concentr\u00e9es dans certains segments de l\u2019industrie. Le nouveau cadre de coop\u00e9ration souhaite favoriser une approche plus inclusive dans laquelle les projets touristiques g\u00e9n\u00e8rent des b\u00e9n\u00e9fices directs pour les communaut\u00e9s.<\/span><\/p><p><span style=\"font-weight: 400;\">Cette vision implique \u00e9galement un renforcement des comp\u00e9tences locales dans les m\u00e9tiers du tourisme durable ainsi qu\u2019un soutien accru aux initiatives \u00e9conomiques valorisant les ressources naturelles et culturelles de la r\u00e9gion. Cette approche correspond \u00e0 une \u00e9volution globale du secteur touristique. Les voyageurs manifestent aujourd\u2019hui un int\u00e9r\u00eat croissant pour des exp\u00e9riences responsables, authentiques et \u00e9troitement li\u00e9es aux r\u00e9alit\u00e9s des territoires qu\u2019ils visitent.<\/span><\/p>\t\t\t\t\t\t\t\t<\/div>\n\t\t\t\t<\/div>\n\t\t\t\t\t<\/div>\n\t\t<\/div>\n\t\t\t\t\t<\/div>\n\t\t<\/section>\n\t\t\t\t<section class=\"elementor-section elementor-top-section elementor-element elementor-element-9c88a89 elementor-section-boxed elementor-section-height-default elementor-section-height-default\" data-id=\"9c88a89\" data-element_type=\"section\">\n\t\t\t\t\t\t<div class=\"elementor-container elementor-column-gap-default\">\n\t\t\t\t\t<div class=\"elementor-column elementor-col-100 elementor-top-column elementor-element elementor-element-78cf5d1\" data-id=\"78cf5d1\" data-element_type=\"column\">\n\t\t\t<div class=\"elementor-widget-wrap elementor-element-populated\">\n\t\t\t\t\t\t<div class=\"elementor-element elementor-element-ea2a5c1 elementor-widget elementor-widget-heading\" data-id=\"ea2a5c1\" data-element_type=\"widget\" data-widget_type=\"heading.default\">\n\t\t\t\t<div class=\"elementor-widget-container\">\n\t\t\t\t\t<h2 class=\"elementor-heading-title elementor-size-default\">Le tourisme carib\u00e9en face \u00e0 une transformation structurelle<\/h2>\t\t\t\t<\/div>\n\t\t\t\t<\/div>\n\t\t\t\t<div class=\"elementor-element elementor-element-e305eee elementor-widget elementor-widget-text-editor\" data-id=\"e305eee\" data-element_type=\"widget\" data-widget_type=\"text-editor.default\">\n\t\t\t\t<div class=\"elementor-widget-container\">\n\t\t\t\t\t\t\t\t\t<p><span style=\"font-weight: 400;\">Le partenariat\u00a0 entre CTO et The Travel Foundation intervient \u00e0 un moment charni\u00e8re pour l\u2019industrie touristique de la Cara\u00efbe. Plusieurs transformations profondes red\u00e9finissent aujourd\u2019hui l\u2019avenir du secteur. L\u2019intensification des ph\u00e9nom\u00e8nes climatiques extr\u00eames, la fragilisation progressive des r\u00e9cifs coralliens, l\u2019\u00e9rosion de certaines plages et l\u2019\u00e9volution des attentes des voyageurs en mati\u00e8re de durabilit\u00e9 modifient progressivement l\u2019\u00e9quilibre du tourisme r\u00e9gional.<\/span><\/p><p><span style=\"font-weight: 400;\">Ces \u00e9l\u00e9ments ne concernent pas uniquement l\u2019environnement. Ils influencent directement l\u2019exp\u00e9rience touristique, la comp\u00e9titivit\u00e9 des destinations et les moyens de subsistance de nombreuses populations locales. Dans ce contexte, renforcer la r\u00e9silience du tourisme carib\u00e9en devient une priorit\u00e9 \u00e9conomique autant qu\u2019environnementale.<\/span><\/p>\t\t\t\t\t\t\t\t<\/div>\n\t\t\t\t<\/div>\n\t\t\t\t\t<\/div>\n\t\t<\/div>\n\t\t\t\t\t<\/div>\n\t\t<\/section>\n\t\t\t\t<section class=\"elementor-section elementor-top-section elementor-element elementor-element-2a1ed84 elementor-section-boxed elementor-section-height-default elementor-section-height-default\" data-id=\"2a1ed84\" data-element_type=\"section\">\n\t\t\t\t\t\t<div class=\"elementor-container elementor-column-gap-default\">\n\t\t\t\t\t<div class=\"elementor-column elementor-col-100 elementor-top-column elementor-element elementor-element-c125661\" data-id=\"c125661\" data-element_type=\"column\">\n\t\t\t<div class=\"elementor-widget-wrap elementor-element-populated\">\n\t\t\t\t\t\t<div class=\"elementor-element elementor-element-ae42d7c elementor-widget elementor-widget-heading\" data-id=\"ae42d7c\" data-element_type=\"widget\" data-widget_type=\"heading.default\">\n\t\t\t\t<div class=\"elementor-widget-container\">\n\t\t\t\t\t<h2 class=\"elementor-heading-title elementor-size-default\">Une coop\u00e9ration internationale pour renforcer la r\u00e9silience<\/h2>\t\t\t\t<\/div>\n\t\t\t\t<\/div>\n\t\t\t\t<div class=\"elementor-element elementor-element-fb31e21 elementor-widget elementor-widget-text-editor\" data-id=\"fb31e21\" data-element_type=\"widget\" data-widget_type=\"text-editor.default\">\n\t\t\t\t<div class=\"elementor-widget-container\">\n\t\t\t\t\t\t\t\t\t<p><span style=\"font-weight: 400;\">Le renouvellement du partenariat\u00a0 entre CTO et The Travel Foundation formalise une collaboration renforc\u00e9e entre deux organisations engag\u00e9es dans la transformation du tourisme mondial. The Travel Foundation travaille depuis plusieurs ann\u00e9es sur des initiatives visant \u00e0 rendre les destinations touristiques plus durables, notamment \u00e0 travers la planification climatique, la gestion des flux touristiques et la protection des \u00e9cosyst\u00e8mes.<\/span><\/p><p><span style=\"font-weight: 400;\">De son c\u00f4t\u00e9, la Caribbean Tourism Organization repr\u00e9sente les int\u00e9r\u00eats touristiques de nombreux territoires de la r\u00e9gion et joue un r\u00f4le central dans la coordination des politiques r\u00e9gionales. En combinant leurs expertises, les deux institutions souhaitent d\u00e9velopper des outils et des strat\u00e9gies permettant aux destinations carib\u00e9ennes de mieux anticiper les risques climatiques tout en maintenant leur attractivit\u00e9 touristique.<\/span><\/p>\t\t\t\t\t\t\t\t<\/div>\n\t\t\t\t<\/div>\n\t\t\t\t\t<\/div>\n\t\t<\/div>\n\t\t\t\t\t<\/div>\n\t\t<\/section>\n\t\t\t\t<section class=\"elementor-section elementor-top-section elementor-element elementor-element-0662d70 elementor-section-boxed elementor-section-height-default elementor-section-height-default\" data-id=\"0662d70\" data-element_type=\"section\">\n\t\t\t\t\t\t<div class=\"elementor-container elementor-column-gap-default\">\n\t\t\t\t\t<div class=\"elementor-column elementor-col-100 elementor-top-column elementor-element elementor-element-64d37c3\" data-id=\"64d37c3\" data-element_type=\"column\">\n\t\t\t<div class=\"elementor-widget-wrap elementor-element-populated\">\n\t\t\t\t\t\t<div class=\"elementor-element elementor-element-64ea480 elementor-widget elementor-widget-heading\" data-id=\"64ea480\" data-element_type=\"widget\" data-widget_type=\"heading.default\">\n\t\t\t\t<div class=\"elementor-widget-container\">\n\t\t\t\t\t<h2 class=\"elementor-heading-title elementor-size-default\">Une vision r\u00e9gionale pour l\u2019avenir du tourisme carib\u00e9en<\/h2>\t\t\t\t<\/div>\n\t\t\t\t<\/div>\n\t\t\t\t<div class=\"elementor-element elementor-element-b96cd68 elementor-widget elementor-widget-text-editor\" data-id=\"b96cd68\" data-element_type=\"widget\" data-widget_type=\"text-editor.default\">\n\t\t\t\t<div class=\"elementor-widget-container\">\n\t\t\t\t\t\t\t\t\t<p><span style=\"font-weight: 400;\">Au-del\u00e0 de la coop\u00e9ration technique, le <\/span>partenariat\u00a0 entre CTO et The Travel Foundation<span style=\"font-weight: 400;\"> s\u2019inscrit \u00e9galement dans une vision plus large : celle d\u2019une approche r\u00e9gionale coordonn\u00e9e du tourisme durable. La Cara\u00efbe partage plusieurs r\u00e9alit\u00e9s communes. Les \u00e9conomies de nombreux territoires reposent fortement sur le tourisme, les \u00eeles restent particuli\u00e8rement expos\u00e9es aux risques climatiques et la r\u00e9gion poss\u00e8de un patrimoine naturel et culturel exceptionnel.<\/span><\/p><p><span style=\"font-weight: 400;\">Face \u00e0 ces caract\u00e9ristiques communes, la coop\u00e9ration r\u00e9gionale appara\u00eet comme un levier essentiel pour d\u00e9velopper des solutions adapt\u00e9es aux sp\u00e9cificit\u00e9s des destinations insulaires. Cette orientation rejoint \u00e9galement les ambitions du CTO Reimagine Plan, une strat\u00e9gie qui vise \u00e0 repositionner le tourisme carib\u00e9en autour de la durabilit\u00e9, de l\u2019innovation et de la r\u00e9silience.<\/span><\/p>\t\t\t\t\t\t\t\t<\/div>\n\t\t\t\t<\/div>\n\t\t\t\t\t<\/div>\n\t\t<\/div>\n\t\t\t\t\t<\/div>\n\t\t<\/section>\n\t\t\t\t<section class=\"elementor-section elementor-top-section elementor-element elementor-element-cdf55cf elementor-section-boxed elementor-section-height-default elementor-section-height-default\" data-id=\"cdf55cf\" data-element_type=\"section\">\n\t\t\t\t\t\t<div class=\"elementor-container elementor-column-gap-default\">\n\t\t\t\t\t<div class=\"elementor-column elementor-col-100 elementor-top-column elementor-element elementor-element-f360166\" data-id=\"f360166\" data-element_type=\"column\">\n\t\t\t<div class=\"elementor-widget-wrap elementor-element-populated\">\n\t\t\t\t\t\t<div class=\"elementor-element elementor-element-a267ecf elementor-widget elementor-widget-heading\" data-id=\"a267ecf\" data-element_type=\"widget\" data-widget_type=\"heading.default\">\n\t\t\t\t<div class=\"elementor-widget-container\">\n\t\t\t\t\t<h2 class=\"elementor-heading-title elementor-size-default\">La Cara\u00efbe, laboratoire mondial du tourisme durable<\/h2>\t\t\t\t<\/div>\n\t\t\t\t<\/div>\n\t\t\t\t<div class=\"elementor-element elementor-element-ef012d8 elementor-widget elementor-widget-text-editor\" data-id=\"ef012d8\" data-element_type=\"widget\" data-widget_type=\"text-editor.default\">\n\t\t\t\t<div class=\"elementor-widget-container\">\n\t\t\t\t\t\t\t\t\t<p><span style=\"font-weight: 400;\">\u00c0 travers le partenariat\u00a0 entre CTO et The Travel Foundation, la Cara\u00efbe cherche aussi \u00e0 affirmer son r\u00f4le dans les d\u00e9bats internationaux sur l\u2019avenir du tourisme. Les d\u00e9fis auxquels la r\u00e9gion est confront\u00e9e aujourd\u2019hui pourraient pr\u00e9figurer ceux que d\u2019autres destinations touristiques devront affronter dans les prochaines d\u00e9cennies. Dans cette perspective, la Cara\u00efbe peut devenir un v\u00e9ritable laboratoire d\u2019innovation pour les strat\u00e9gies de tourisme r\u00e9silient face au climat, la gestion durable des destinations insulaires et l\u2019int\u00e9gration des communaut\u00e9s dans l\u2019\u00e9conomie touristique.<\/span><\/p><p><span style=\"font-weight: 400;\">L\u2019enjeu du\u00a0partenariat\u00a0 entre CTO et The Travel Foundation d\u00e9passe donc largement les fronti\u00e8res r\u00e9gionales. Les solutions d\u00e9velopp\u00e9es dans la Cara\u00efbe pourraient inspirer d\u2019autres r\u00e9gions du monde confront\u00e9es aux m\u00eames d\u00e9fis.<\/span><\/p>\t\t\t\t\t\t\t\t<\/div>\n\t\t\t\t<\/div>\n\t\t\t\t\t<\/div>\n\t\t<\/div>\n\t\t\t\t\t<\/div>\n\t\t<\/section>\n\t\t\t\t<section class=\"elementor-section elementor-top-section elementor-element elementor-element-f5709a6 elementor-section-boxed elementor-section-height-default elementor-section-height-default\" data-id=\"f5709a6\" data-element_type=\"section\">\n\t\t\t\t\t\t<div class=\"elementor-container elementor-column-gap-default\">\n\t\t\t\t\t<div class=\"elementor-column elementor-col-100 elementor-top-column elementor-element elementor-element-957be6f\" data-id=\"957be6f\" data-element_type=\"column\">\n\t\t\t<div class=\"elementor-widget-wrap elementor-element-populated\">\n\t\t\t\t\t\t<div class=\"elementor-element elementor-element-63e5d4a elementor-widget elementor-widget-accordion\" data-id=\"63e5d4a\" data-element_type=\"widget\" data-widget_type=\"accordion.default\">\n\t\t\t\t<div class=\"elementor-widget-container\">\n\t\t\t\t\t\t\t<div class=\"elementor-accordion\">\n\t\t\t\t\t\t\t<div class=\"elementor-accordion-item\">\n\t\t\t\t\t<div id=\"elementor-tab-title-1041\" class=\"elementor-tab-title\" data-tab=\"1\" role=\"button\" aria-controls=\"elementor-tab-content-1041\" aria-expanded=\"false\">\n\t\t\t\t\t\t\t\t\t\t\t\t\t<span class=\"elementor-accordion-icon elementor-accordion-icon-left\" aria-hidden=\"true\">\n\t\t\t\t\t\t\t\t\t\t\t\t\t\t\t<span class=\"elementor-accordion-icon-closed\"><i class=\"fas fa-plus\"><\/i><\/span>\n\t\t\t\t\t\t\t\t<span class=\"elementor-accordion-icon-opened\"><i class=\"fas fa-minus\"><\/i><\/span>\n\t\t\t\t\t\t\t\t\t\t\t\t\t\t<\/span>\n\t\t\t\t\t\t\t\t\t\t\t\t<a class=\"elementor-accordion-title\" tabindex=\"0\">Pourquoi le partenariat entre le CTO et The Travel Foundation est-il important ?<\/a>\n\t\t\t\t\t<\/div>\n\t\t\t\t\t<div id=\"elementor-tab-content-1041\" class=\"elementor-tab-content elementor-clearfix\" data-tab=\"1\" role=\"region\" aria-labelledby=\"elementor-tab-title-1041\"><p><span style=\"font-weight: 400;\">Le partenariat vise \u00e0 d\u00e9velopper des strat\u00e9gies concr\u00e8tes pour rendre le tourisme carib\u00e9en plus r\u00e9silient face au changement climatique tout en soutenant les communaut\u00e9s locales.<\/span><\/p><\/div>\n\t\t\t\t<\/div>\n\t\t\t\t\t\t\t<div class=\"elementor-accordion-item\">\n\t\t\t\t\t<div id=\"elementor-tab-title-1042\" class=\"elementor-tab-title\" data-tab=\"2\" role=\"button\" aria-controls=\"elementor-tab-content-1042\" aria-expanded=\"false\">\n\t\t\t\t\t\t\t\t\t\t\t\t\t<span class=\"elementor-accordion-icon elementor-accordion-icon-left\" aria-hidden=\"true\">\n\t\t\t\t\t\t\t\t\t\t\t\t\t\t\t<span class=\"elementor-accordion-icon-closed\"><i class=\"fas fa-plus\"><\/i><\/span>\n\t\t\t\t\t\t\t\t<span class=\"elementor-accordion-icon-opened\"><i class=\"fas fa-minus\"><\/i><\/span>\n\t\t\t\t\t\t\t\t\t\t\t\t\t\t<\/span>\n\t\t\t\t\t\t\t\t\t\t\t\t<a class=\"elementor-accordion-title\" tabindex=\"0\">Quels sont les principaux d\u00e9fis climatiques pour le tourisme dans la Cara\u00efbe ?<\/a>\n\t\t\t\t\t<\/div>\n\t\t\t\t\t<div id=\"elementor-tab-content-1042\" class=\"elementor-tab-content elementor-clearfix\" data-tab=\"2\" role=\"region\" aria-labelledby=\"elementor-tab-title-1042\"><p><span style=\"font-weight: 400;\">Les destinations carib\u00e9ennes doivent faire face \u00e0 l\u2019intensification des ouragans, \u00e0 l\u2019\u00e9rosion des plages, \u00e0 la d\u00e9gradation des r\u00e9cifs coralliens et \u00e0 la mont\u00e9e du niveau de la mer.<\/span><\/p><\/div>\n\t\t\t\t<\/div>\n\t\t\t\t\t\t\t<div class=\"elementor-accordion-item\">\n\t\t\t\t\t<div id=\"elementor-tab-title-1043\" class=\"elementor-tab-title\" data-tab=\"3\" role=\"button\" aria-controls=\"elementor-tab-content-1043\" aria-expanded=\"false\">\n\t\t\t\t\t\t\t\t\t\t\t\t\t<span class=\"elementor-accordion-icon elementor-accordion-icon-left\" aria-hidden=\"true\">\n\t\t\t\t\t\t\t\t\t\t\t\t\t\t\t<span class=\"elementor-accordion-icon-closed\"><i class=\"fas fa-plus\"><\/i><\/span>\n\t\t\t\t\t\t\t\t<span class=\"elementor-accordion-icon-opened\"><i class=\"fas fa-minus\"><\/i><\/span>\n\t\t\t\t\t\t\t\t\t\t\t\t\t\t<\/span>\n\t\t\t\t\t\t\t\t\t\t\t\t<a class=\"elementor-accordion-title\" tabindex=\"0\">Quel est l\u2019objectif du CTO pour l\u2019avenir du tourisme carib\u00e9en ?<\/a>\n\t\t\t\t\t<\/div>\n\t\t\t\t\t<div id=\"elementor-tab-content-1043\" class=\"elementor-tab-content elementor-clearfix\" data-tab=\"3\" role=\"region\" aria-labelledby=\"elementor-tab-title-1043\"><p><span style=\"font-weight: 400;\">Le Caribbean Tourism Organization souhaite positionner la Cara\u00efbe comme une destination durable, capable de concilier d\u00e9veloppement touristique, protection des \u00e9cosyst\u00e8mes et b\u00e9n\u00e9fices pour les populations locales.<\/span><\/p><\/div>\n\t\t\t\t<\/div>\n\t\t\t\t\t\t\t\t<\/div>\n\t\t\t\t\t\t<\/div>\n\t\t\t\t<\/div>\n\t\t\t\t\t<\/div>\n\t\t<\/div>\n\t\t\t\t\t<\/div>\n\t\t<\/section>\n\t\t\t\t<\/div>\n\t\t","protected":false},"excerpt":{"rendered":"<p>Le partenariat\u00a0 entre CTO et The Travel Foundation marque une \u00e9tape importante dans l\u2019\u00e9volution des politiques touristiques dans la Cara\u00efbe. Lors du salon international ITB Berlin 2026, les dirigeants du tourisme de la r\u00e9gion ont confirm\u00e9 le renforcement de leur coop\u00e9ration afin de soutenir un mod\u00e8le touristique plus durable, plus r\u00e9silient face aux changements climatiques [&hellip;]<\/p>\n","protected":false},"author":662,"featured_media":70794,"comment_status":"open","ping_status":"open","sticky":false,"template":"","format":"standard","meta":{"_acf_changed":false,"footnotes":""},"categories":[1732,1785],"tags":[1441,1598,1716,1545,1544,1693,808,1482,1599,1656],"class_list":["post-70793","post","type-post","status-publish","format-standard","has-post-thumbnail","hentry","category-tourisme","category-cooperation","tag-anguilla-fr","tag-barbade-fr","tag-dominique-fr-2","tag-guadeloupe-2","tag-guyane-2","tag-jamaique-2","tag-martinique-fr","tag-republique-dominicaine","tag-sainte-lucie-fr","tag-trinite-et-tobago-2"],"acf":[],"_links":{"self":[{"href":"https:\/\/richeskarayib.com\/fr\/wp-json\/wp\/v2\/posts\/70793","targetHints":{"allow":["GET"]}}],"collection":[{"href":"https:\/\/richeskarayib.com\/fr\/wp-json\/wp\/v2\/posts"}],"about":[{"href":"https:\/\/richeskarayib.com\/fr\/wp-json\/wp\/v2\/types\/post"}],"author":[{"embeddable":true,"href":"https:\/\/richeskarayib.com\/fr\/wp-json\/wp\/v2\/users\/662"}],"replies":[{"embeddable":true,"href":"https:\/\/richeskarayib.com\/fr\/wp-json\/wp\/v2\/comments?post=70793"}],"version-history":[{"count":0,"href":"https:\/\/richeskarayib.com\/fr\/wp-json\/wp\/v2\/posts\/70793\/revisions"}],"wp:featuredmedia":[{"embeddable":true,"href":"https:\/\/richeskarayib.com\/fr\/wp-json\/wp\/v2\/media\/70794"}],"wp:attachment":[{"href":"https:\/\/richeskarayib.com\/fr\/wp-json\/wp\/v2\/media?parent=70793"}],"wp:term":[{"taxonomy":"category","embeddable":true,"href":"https:\/\/richeskarayib.com\/fr\/wp-json\/wp\/v2\/categories?post=70793"},{"taxonomy":"post_tag","embeddable":true,"href":"https:\/\/richeskarayib.com\/fr\/wp-json\/wp\/v2\/tags?post=70793"}],"curies":[{"name":"wp","href":"https:\/\/api.w.org\/{rel}","templated":true}]}}