{"id":70809,"date":"2026-03-16T11:18:51","date_gmt":"2026-03-16T15:18:51","guid":{"rendered":"https:\/\/richeskarayib.com\/?p=70809"},"modified":"2026-03-16T11:18:51","modified_gmt":"2026-03-16T15:18:51","slug":"toussaint-louverture-revolution-haitienne","status":"publish","type":"post","link":"https:\/\/richeskarayib.com\/fr\/toussaint-louverture-revolution-haitienne\/","title":{"rendered":"Ha\u00efti &#8211; Toussaint Louverture : l\u2019homme qui transforma une r\u00e9volte d\u2019esclaves en r\u00e9volution politique mondiale"},"content":{"rendered":"\t\t<div data-elementor-type=\"wp-post\" data-elementor-id=\"70809\" class=\"elementor elementor-70809\" data-elementor-post-type=\"post\">\n\t\t\t\t\t\t<section class=\"elementor-section elementor-top-section elementor-element elementor-element-7ca7ca1 elementor-section-boxed elementor-section-height-default elementor-section-height-default\" data-id=\"7ca7ca1\" data-element_type=\"section\">\n\t\t\t\t\t\t<div class=\"elementor-container elementor-column-gap-default\">\n\t\t\t\t\t<div class=\"elementor-column elementor-col-100 elementor-top-column elementor-element elementor-element-cbdd002\" data-id=\"cbdd002\" data-element_type=\"column\">\n\t\t\t<div class=\"elementor-widget-wrap elementor-element-populated\">\n\t\t\t\t\t\t<section class=\"elementor-section elementor-inner-section elementor-element elementor-element-bc94849 elementor-section-boxed elementor-section-height-default elementor-section-height-default\" data-id=\"bc94849\" data-element_type=\"section\">\n\t\t\t\t\t\t<div class=\"elementor-container elementor-column-gap-default\">\n\t\t\t\t\t\t<\/div>\n\t\t<\/section>\n\t\t\t\t<section class=\"elementor-section elementor-inner-section elementor-element elementor-element-61571e6 elementor-section-boxed elementor-section-height-default elementor-section-height-default\" data-id=\"61571e6\" data-element_type=\"section\">\n\t\t\t\t\t\t<div class=\"elementor-container elementor-column-gap-default\">\n\t\t\t\t\t\t<\/div>\n\t\t<\/section>\n\t\t\t\t<section class=\"elementor-section elementor-inner-section elementor-element elementor-element-b6262e0 elementor-section-boxed elementor-section-height-default elementor-section-height-default\" data-id=\"b6262e0\" data-element_type=\"section\">\n\t\t\t\t\t\t<div class=\"elementor-container elementor-column-gap-default\">\n\t\t\t\t\t\t<\/div>\n\t\t<\/section>\n\t\t\t\t<section class=\"elementor-section elementor-inner-section elementor-element elementor-element-cca29fd elementor-section-boxed elementor-section-height-default elementor-section-height-default\" data-id=\"cca29fd\" data-element_type=\"section\">\n\t\t\t\t\t\t<div class=\"elementor-container elementor-column-gap-default\">\n\t\t\t\t\t\t<\/div>\n\t\t<\/section>\n\t\t\t\t\t<\/div>\n\t\t<\/div>\n\t\t\t\t\t<\/div>\n\t\t<\/section>\n\t\t\t\t<section class=\"elementor-section elementor-top-section elementor-element elementor-element-ee72354 elementor-section-boxed elementor-section-height-default elementor-section-height-default\" data-id=\"ee72354\" data-element_type=\"section\">\n\t\t\t\t\t\t<div class=\"elementor-container elementor-column-gap-default\">\n\t\t\t\t\t<div class=\"elementor-column elementor-col-100 elementor-top-column elementor-element elementor-element-c59d6fe\" data-id=\"c59d6fe\" data-element_type=\"column\">\n\t\t\t<div class=\"elementor-widget-wrap elementor-element-populated\">\n\t\t\t\t\t\t<div class=\"elementor-element elementor-element-e57451f elementor-widget elementor-widget-text-editor\" data-id=\"e57451f\" data-element_type=\"widget\" data-widget_type=\"text-editor.default\">\n\t\t\t\t<div class=\"elementor-widget-container\">\n\t\t\t\t\t\t\t\t\t<p><span style=\"font-weight: 400;\">Au c\u0153ur de l\u2019histoire de la Cara\u00efbe, peu de figures ont marqu\u00e9 aussi profond\u00e9ment la trajectoire du monde atlantique que <a href=\"https:\/\/fr.wikipedia.org\/wiki\/Toussaint_Louverture\" target=\"_blank\" rel=\"noopener nofollow\">Toussaint Louverture.<\/a> N\u00e9 esclave dans la colonie fran\u00e7aise de Saint-Domingue au XVIII\u1d49 si\u00e8cle, il devient strat\u00e8ge militaire, administrateur et chef politique d\u2019un territoire en pleine r\u00e9volution.<\/span><\/p><p><span style=\"font-weight: 400;\">Son parcours traverse les bouleversements de la R\u00e9volution fran\u00e7aise, les rivalit\u00e9s entre empires europ\u00e9ens et les aspirations des populations r\u00e9duites en esclavage. \u00c0 la crois\u00e9e de ces forces historiques, Toussaint Louverture contribue \u00e0 transformer une insurrection d\u2019esclaves en un projet politique structur\u00e9 qui pr\u00e9pare la naissance du premier \u00c9tat noir ind\u00e9pendant des Am\u00e9riques : Ha\u00efti. Comprendre Toussaint Louverture, c\u2019est comprendre comment la Cara\u00efbe a influenc\u00e9 l\u2019histoire mondiale.<\/span><\/p>\t\t\t\t\t\t\t\t<\/div>\n\t\t\t\t<\/div>\n\t\t\t\t\t<\/div>\n\t\t<\/div>\n\t\t\t\t\t<\/div>\n\t\t<\/section>\n\t\t\t\t<section class=\"elementor-section elementor-top-section elementor-element elementor-element-82cd8f9 elementor-section-boxed elementor-section-height-default elementor-section-height-default\" data-id=\"82cd8f9\" data-element_type=\"section\">\n\t\t\t\t\t\t<div class=\"elementor-container elementor-column-gap-default\">\n\t\t\t\t\t<div class=\"elementor-column elementor-col-100 elementor-top-column elementor-element elementor-element-0bfdc38\" data-id=\"0bfdc38\" data-element_type=\"column\">\n\t\t\t<div class=\"elementor-widget-wrap elementor-element-populated\">\n\t\t\t\t\t\t<div class=\"elementor-element elementor-element-7d292fe elementor-widget elementor-widget-heading\" data-id=\"7d292fe\" data-element_type=\"widget\" data-widget_type=\"heading.default\">\n\t\t\t\t<div class=\"elementor-widget-container\">\n\t\t\t\t\t<h2 class=\"elementor-heading-title elementor-size-default\">Une naissance dans le syst\u00e8me esclavagiste de Saint-Domingue<\/h2>\t\t\t\t<\/div>\n\t\t\t\t<\/div>\n\t\t\t\t<div class=\"elementor-element elementor-element-96caf50 elementor-widget elementor-widget-text-editor\" data-id=\"96caf50\" data-element_type=\"widget\" data-widget_type=\"text-editor.default\">\n\t\t\t\t<div class=\"elementor-widget-container\">\n\t\t\t\t\t\t\t\t\t<p><span style=\"font-weight: 400;\">Toussaint Louverture na\u00eet vers 1743 sur l\u2019habitation Br\u00e9da, pr\u00e8s du Cap-Fran\u00e7ais, dans la colonie de Saint-Domingue, aujourd\u2019hui <a href=\"https:\/\/richeskarayib.com\/fr\/riske-groupe-konpa-groupe-feminin\/\" target=\"_blank\" rel=\"noopener\">Ha\u00efti<\/a>. \u00c0 cette \u00e9poque, la colonie est la plus riche possession fran\u00e7aise dans les Am\u00e9riques. Sa prosp\u00e9rit\u00e9 repose sur une \u00e9conomie de plantation domin\u00e9e par la production de sucre et de caf\u00e9, aliment\u00e9e par un syst\u00e8me esclavagiste extr\u00eamement brutal. Toussaint Louverture b\u00e9n\u00e9ficie d\u2019une situation particuli\u00e8re parmi les esclaves de l\u2019habitation Br\u00e9da. Il apprend \u00e0 lire et \u00e0 \u00e9crire, re\u00e7oit une formation dans la gestion des animaux et acquiert une connaissance approfondie de l\u2019organisation des plantations.<\/span><\/p>\t\t\t\t\t\t\t\t<\/div>\n\t\t\t\t<\/div>\n\t\t\t\t<div class=\"elementor-element elementor-element-dfd6c9a elementor-widget elementor-widget-text-editor\" data-id=\"dfd6c9a\" data-element_type=\"widget\" data-widget_type=\"text-editor.default\">\n\t\t\t\t<div class=\"elementor-widget-container\">\n\t\t\t\t\t\t\t\t\t<p><span style=\"font-weight: 400;\">Ces comp\u00e9tences jouent un r\u00f4le essentiel dans sa trajectoire future. Elles lui permettent de comprendre non seulement les m\u00e9canismes \u00e9conomiques de la colonie, mais aussi les rapports de pouvoir qui structurent la soci\u00e9t\u00e9 coloniale. Vers <\/span><b>1776<\/b><span style=\"font-weight: 400;\">, il obtient son affranchissement. \u00c0 partir de ce moment, Toussaint Louverture devient un homme libre dans une soci\u00e9t\u00e9 o\u00f9 l\u2019esclavage reste la norme pour des centaines de milliers de personnes.<\/span><\/p>\t\t\t\t\t\t\t\t<\/div>\n\t\t\t\t<\/div>\n\t\t\t\t<div class=\"elementor-element elementor-element-4509410 elementor-widget elementor-widget-image\" data-id=\"4509410\" data-element_type=\"widget\" data-widget_type=\"image.default\">\n\t\t\t\t<div class=\"elementor-widget-container\">\n\t\t\t\t\t\t\t\t\t\t\t\t\t\t\t<img fetchpriority=\"high\" decoding=\"async\" width=\"683\" height=\"1024\" src=\"https:\/\/richeskarayib.com\/wp-content\/uploads\/2026\/03\/ChatGPT-Image-16-mars-2026-19_14_56-683x1024.png\" class=\"attachment-large size-large wp-image-70818\" alt=\"Toussaint Louverture\" srcset=\"https:\/\/richeskarayib.com\/wp-content\/uploads\/2026\/03\/ChatGPT-Image-16-mars-2026-19_14_56-683x1024.png 683w, https:\/\/richeskarayib.com\/wp-content\/uploads\/2026\/03\/ChatGPT-Image-16-mars-2026-19_14_56-200x300.png 200w, https:\/\/richeskarayib.com\/wp-content\/uploads\/2026\/03\/ChatGPT-Image-16-mars-2026-19_14_56-768x1152.png 768w, https:\/\/richeskarayib.com\/wp-content\/uploads\/2026\/03\/ChatGPT-Image-16-mars-2026-19_14_56.png 1024w\" sizes=\"(max-width: 683px) 100vw, 683px\" \/>\t\t\t\t\t\t\t\t\t\t\t\t\t\t\t<\/div>\n\t\t\t\t<\/div>\n\t\t\t\t<section class=\"elementor-section elementor-inner-section elementor-element elementor-element-c582330 elementor-section-boxed elementor-section-height-default elementor-section-height-default\" data-id=\"c582330\" data-element_type=\"section\">\n\t\t\t\t\t\t<div class=\"elementor-container elementor-column-gap-default\">\n\t\t\t\t\t\t<\/div>\n\t\t<\/section>\n\t\t\t\t<section class=\"elementor-section elementor-inner-section elementor-element elementor-element-296603a elementor-section-boxed elementor-section-height-default elementor-section-height-default\" data-id=\"296603a\" data-element_type=\"section\">\n\t\t\t\t\t\t<div class=\"elementor-container elementor-column-gap-default\">\n\t\t\t\t\t\t<\/div>\n\t\t<\/section>\n\t\t\t\t\t<\/div>\n\t\t<\/div>\n\t\t\t\t\t<\/div>\n\t\t<\/section>\n\t\t\t\t<section class=\"elementor-section elementor-top-section elementor-element elementor-element-bdd0219 elementor-section-boxed elementor-section-height-default elementor-section-height-default\" data-id=\"bdd0219\" data-element_type=\"section\">\n\t\t\t\t\t\t<div class=\"elementor-container elementor-column-gap-default\">\n\t\t\t\t\t<div class=\"elementor-column elementor-col-100 elementor-top-column elementor-element elementor-element-c1ec903\" data-id=\"c1ec903\" data-element_type=\"column\">\n\t\t\t<div class=\"elementor-widget-wrap elementor-element-populated\">\n\t\t\t\t\t\t<div class=\"elementor-element elementor-element-55dd336 elementor-widget elementor-widget-heading\" data-id=\"55dd336\" data-element_type=\"widget\" data-widget_type=\"heading.default\">\n\t\t\t\t<div class=\"elementor-widget-container\">\n\t\t\t\t\t<h2 class=\"elementor-heading-title elementor-size-default\">1791 : l\u2019insurrection qui change l\u2019histoire de la Cara\u00efbe<\/h2>\t\t\t\t<\/div>\n\t\t\t\t<\/div>\n\t\t\t\t<div class=\"elementor-element elementor-element-9cd513e elementor-widget elementor-widget-text-editor\" data-id=\"9cd513e\" data-element_type=\"widget\" data-widget_type=\"text-editor.default\">\n\t\t\t\t<div class=\"elementor-widget-container\">\n\t\t\t\t\t\t\t\t\t<p><span style=\"font-weight: 400;\">L\u2019\u00e9v\u00e9nement fondateur de la trajectoire politique de Toussaint Louverture est la grande insurrection des esclaves de 1791. Dans la nuit du 22 au 23 ao\u00fbt 1791, des milliers d\u2019esclaves se soul\u00e8vent dans le nord de Saint-Domingue. Les plantations br\u00fblent, les structures coloniales sont \u00e9branl\u00e9es et une guerre sociale s\u2019engage. Cette r\u00e9volte marque le d\u00e9but de la R\u00e9volution ha\u00eftienne, l\u2019un des \u00e9v\u00e9nements les plus importants de l\u2019histoire moderne.<\/span><\/p><p><span style=\"font-weight: 400;\">Au d\u00e9but du soul\u00e8vement, Toussaint Louverture ne se trouve pas imm\u00e9diatement au premier plan. Tr\u00e8s rapidement, ses comp\u00e9tences militaires et organisationnelles apparaissent. Il rejoint les forces insurg\u00e9es et commence \u00e0 se distinguer comme chef militaire. \u00c0 cette p\u00e9riode, le conflit d\u00e9passe rapidement la simple r\u00e9volte locale. L\u2019Espagne et la Grande-Bretagne tentent de profiter de la situation pour affaiblir la France r\u00e9volutionnaire. Saint-Domingue devient alors un th\u00e9\u00e2tre strat\u00e9gique dans les rivalit\u00e9s entre empires.<\/span><\/p>\t\t\t\t\t\t\t\t<\/div>\n\t\t\t\t<\/div>\n\t\t\t\t<section class=\"elementor-section elementor-inner-section elementor-element elementor-element-92f4402 elementor-section-boxed elementor-section-height-default elementor-section-height-default\" data-id=\"92f4402\" data-element_type=\"section\">\n\t\t\t\t\t\t<div class=\"elementor-container elementor-column-gap-default\">\n\t\t\t\t\t\t<\/div>\n\t\t<\/section>\n\t\t\t\t<section class=\"elementor-section elementor-inner-section elementor-element elementor-element-9290a61 elementor-section-boxed elementor-section-height-default elementor-section-height-default\" data-id=\"9290a61\" data-element_type=\"section\">\n\t\t\t\t\t\t<div class=\"elementor-container elementor-column-gap-default\">\n\t\t\t\t\t\t<\/div>\n\t\t<\/section>\n\t\t\t\t\t<\/div>\n\t\t<\/div>\n\t\t\t\t\t<\/div>\n\t\t<\/section>\n\t\t\t\t<section class=\"elementor-section elementor-top-section elementor-element elementor-element-ceca32c elementor-section-boxed elementor-section-height-default elementor-section-height-default\" data-id=\"ceca32c\" data-element_type=\"section\">\n\t\t\t\t\t\t<div class=\"elementor-container elementor-column-gap-default\">\n\t\t\t\t\t<div class=\"elementor-column elementor-col-100 elementor-top-column elementor-element elementor-element-5a2e383\" data-id=\"5a2e383\" data-element_type=\"column\">\n\t\t\t<div class=\"elementor-widget-wrap elementor-element-populated\">\n\t\t\t\t\t\t<div class=\"elementor-element elementor-element-6cedf5f elementor-widget elementor-widget-heading\" data-id=\"6cedf5f\" data-element_type=\"widget\" data-widget_type=\"heading.default\">\n\t\t\t\t<div class=\"elementor-widget-container\">\n\t\t\t\t\t<h2 class=\"elementor-heading-title elementor-size-default\">Un strat\u00e8ge capable de naviguer entre les empires<\/h2>\t\t\t\t<\/div>\n\t\t\t\t<\/div>\n\t\t\t\t<div class=\"elementor-element elementor-element-e93d1fb elementor-widget elementor-widget-text-editor\" data-id=\"e93d1fb\" data-element_type=\"widget\" data-widget_type=\"text-editor.default\">\n\t\t\t\t<div class=\"elementor-widget-container\">\n\t\t\t\t\t\t\t\t\t<p><span style=\"font-weight: 400;\">La force de Toussaint Louverture r\u00e9side dans sa capacit\u00e9 \u00e0 comprendre les rapports de force internationaux. Dans un premier temps, il combat aux c\u00f4t\u00e9s de l\u2019Espagne, qui contr\u00f4le la partie orientale de l\u2019\u00eele d\u2019Hispaniola. Lorsque la Convention nationale fran\u00e7aise abolit l\u2019esclavage dans les colonies en <\/span><b>1794<\/b><span style=\"font-weight: 400;\">, il change de camp et rejoint la R\u00e9publique fran\u00e7aise. Ce choix est d\u00e9cisif.<\/span><\/p><p><span style=\"font-weight: 400;\">En soutenant la R\u00e9publique, Toussaint Louverture obtient les ressources militaires n\u00e9cessaires pour repousser les troupes britanniques et reprendre progressivement le contr\u00f4le de la colonie. Au fil des ann\u00e9es, il devient l\u2019acteur politique et militaire dominant de Saint-Domingue. \u00c0 la fin des ann\u00e9es 1790, Toussaint Louverture dirige de facto la colonie.<\/span><\/p>\t\t\t\t\t\t\t\t<\/div>\n\t\t\t\t<\/div>\n\t\t\t\t\t<\/div>\n\t\t<\/div>\n\t\t\t\t\t<\/div>\n\t\t<\/section>\n\t\t\t\t<section class=\"elementor-section elementor-top-section elementor-element elementor-element-9c88a89 elementor-section-boxed elementor-section-height-default elementor-section-height-default\" data-id=\"9c88a89\" data-element_type=\"section\">\n\t\t\t\t\t\t<div class=\"elementor-container elementor-column-gap-default\">\n\t\t\t\t\t<div class=\"elementor-column elementor-col-100 elementor-top-column elementor-element elementor-element-78cf5d1\" data-id=\"78cf5d1\" data-element_type=\"column\">\n\t\t\t<div class=\"elementor-widget-wrap elementor-element-populated\">\n\t\t\t\t\t\t<div class=\"elementor-element elementor-element-ea2a5c1 elementor-widget elementor-widget-heading\" data-id=\"ea2a5c1\" data-element_type=\"widget\" data-widget_type=\"heading.default\">\n\t\t\t\t<div class=\"elementor-widget-container\">\n\t\t\t\t\t<h2 class=\"elementor-heading-title elementor-size-default\">Restaurer l\u2019\u00e9conomie sans restaurer l\u2019esclavage<\/h2>\t\t\t\t<\/div>\n\t\t\t\t<\/div>\n\t\t\t\t<div class=\"elementor-element elementor-element-e305eee elementor-widget elementor-widget-text-editor\" data-id=\"e305eee\" data-element_type=\"widget\" data-widget_type=\"text-editor.default\">\n\t\t\t\t<div class=\"elementor-widget-container\">\n\t\t\t\t\t\t\t\t\t<p><span style=\"font-weight: 400;\">L\u2019une des dimensions les plus complexes de la politique de Toussaint Louverture concerne l\u2019\u00e9conomie. La guerre a d\u00e9truit une grande partie des plantations. Pourtant, la prosp\u00e9rit\u00e9 de la colonie repose toujours sur la production agricole destin\u00e9e au commerce international. Pour relancer l\u2019\u00e9conomie, Toussaint Louverture impose un syst\u00e8me de travail encadr\u00e9 sur les plantations. Les anciens esclaves restent attach\u00e9s aux exploitations et travaillent sous la supervision d\u2019officiers militaires.<\/span><\/p><p><span style=\"font-weight: 400;\">Ce syst\u00e8me ne r\u00e9tablit pas juridiquement l\u2019esclavage, mais il impose une discipline de travail stricte. Cette politique reste aujourd\u2019hui l\u2019un des aspects les plus d\u00e9battus de son h\u00e9ritage. Elle r\u00e9v\u00e8le la complexit\u00e9 du projet de Toussaint Louverture : construire une soci\u00e9t\u00e9 libre tout en maintenant l\u2019\u00e9conomie qui permet \u00e0 la colonie de survivre.<\/span><\/p>\t\t\t\t\t\t\t\t<\/div>\n\t\t\t\t<\/div>\n\t\t\t\t<div class=\"elementor-element elementor-element-f9ce69f elementor-widget elementor-widget-image\" data-id=\"f9ce69f\" data-element_type=\"widget\" data-widget_type=\"image.default\">\n\t\t\t\t<div class=\"elementor-widget-container\">\n\t\t\t\t\t\t\t\t\t\t\t\t\t\t\t<img decoding=\"async\" width=\"800\" height=\"534\" src=\"https:\/\/richeskarayib.com\/wp-content\/uploads\/2026\/03\/ChatGPT-Image-16-mars-2026-18_43_08-1024x683.png\" class=\"attachment-large size-large wp-image-70822\" alt=\"Toussaint Louverture\" srcset=\"https:\/\/richeskarayib.com\/wp-content\/uploads\/2026\/03\/ChatGPT-Image-16-mars-2026-18_43_08-1024x683.png 1024w, https:\/\/richeskarayib.com\/wp-content\/uploads\/2026\/03\/ChatGPT-Image-16-mars-2026-18_43_08-300x200.png 300w, https:\/\/richeskarayib.com\/wp-content\/uploads\/2026\/03\/ChatGPT-Image-16-mars-2026-18_43_08-768x512.png 768w, https:\/\/richeskarayib.com\/wp-content\/uploads\/2026\/03\/ChatGPT-Image-16-mars-2026-18_43_08-1320x880.png 1320w, https:\/\/richeskarayib.com\/wp-content\/uploads\/2026\/03\/ChatGPT-Image-16-mars-2026-18_43_08.png 1536w\" sizes=\"(max-width: 800px) 100vw, 800px\" \/>\t\t\t\t\t\t\t\t\t\t\t\t\t\t\t<\/div>\n\t\t\t\t<\/div>\n\t\t\t\t\t<\/div>\n\t\t<\/div>\n\t\t\t\t\t<\/div>\n\t\t<\/section>\n\t\t\t\t<section class=\"elementor-section elementor-top-section elementor-element elementor-element-2a1ed84 elementor-section-boxed elementor-section-height-default elementor-section-height-default\" data-id=\"2a1ed84\" data-element_type=\"section\">\n\t\t\t\t\t\t<div class=\"elementor-container elementor-column-gap-default\">\n\t\t\t\t\t<div class=\"elementor-column elementor-col-100 elementor-top-column elementor-element elementor-element-c125661\" data-id=\"c125661\" data-element_type=\"column\">\n\t\t\t<div class=\"elementor-widget-wrap elementor-element-populated\">\n\t\t\t\t\t\t<div class=\"elementor-element elementor-element-ae42d7c elementor-widget elementor-widget-heading\" data-id=\"ae42d7c\" data-element_type=\"widget\" data-widget_type=\"heading.default\">\n\t\t\t\t<div class=\"elementor-widget-container\">\n\t\t\t\t\t<h2 class=\"elementor-heading-title elementor-size-default\">1801 : la constitution qui affirme l\u2019autonomie de Saint-Domingue<\/h2>\t\t\t\t<\/div>\n\t\t\t\t<\/div>\n\t\t\t\t<div class=\"elementor-element elementor-element-fb31e21 elementor-widget elementor-widget-text-editor\" data-id=\"fb31e21\" data-element_type=\"widget\" data-widget_type=\"text-editor.default\">\n\t\t\t\t<div class=\"elementor-widget-container\">\n\t\t\t\t\t\t\t\t\t<p><span style=\"font-weight: 400;\">\u00a0Toussaint Louverture franchit une \u00e9tape politique majeure. Il fait promulguer une constitution pour Saint-Domingue. Ce texte abolit d\u00e9finitivement l\u2019esclavage et organise l\u2019administration du territoire. La colonie reste officiellement rattach\u00e9e \u00e0 la France, mais elle dispose d\u2019une autonomie politique tr\u00e8s importante. La constitution nomme Toussaint Louverture gouverneur g\u00e9n\u00e9ral \u00e0 vie.<\/span><\/p><p><span style=\"font-weight: 400;\">Cette d\u00e9cision marque une transformation fondamentale : l\u2019ancien esclave devient le chef politique d\u2019un territoire qui red\u00e9finit son statut dans l\u2019empire colonial. La m\u00eame ann\u00e9e, Toussaint Louverture prend \u00e9galement le contr\u00f4le de la partie espagnole de l\u2019\u00eele, Santo Domingo, unifiant l\u2019ensemble d\u2019Hispaniola sous son autorit\u00e9.<\/span><\/p>\t\t\t\t\t\t\t\t<\/div>\n\t\t\t\t<\/div>\n\t\t\t\t\t<\/div>\n\t\t<\/div>\n\t\t\t\t\t<\/div>\n\t\t<\/section>\n\t\t\t\t<section class=\"elementor-section elementor-top-section elementor-element elementor-element-0662d70 elementor-section-boxed elementor-section-height-default elementor-section-height-default\" data-id=\"0662d70\" data-element_type=\"section\">\n\t\t\t\t\t\t<div class=\"elementor-container elementor-column-gap-default\">\n\t\t\t\t\t<div class=\"elementor-column elementor-col-100 elementor-top-column elementor-element elementor-element-64d37c3\" data-id=\"64d37c3\" data-element_type=\"column\">\n\t\t\t<div class=\"elementor-widget-wrap elementor-element-populated\">\n\t\t\t\t\t\t<div class=\"elementor-element elementor-element-64ea480 elementor-widget elementor-widget-heading\" data-id=\"64ea480\" data-element_type=\"widget\" data-widget_type=\"heading.default\">\n\t\t\t\t<div class=\"elementor-widget-container\">\n\t\t\t\t\t<h2 class=\"elementor-heading-title elementor-size-default\">La r\u00e9action de Napol\u00e9on Bonaparte<\/h2>\t\t\t\t<\/div>\n\t\t\t\t<\/div>\n\t\t\t\t<div class=\"elementor-element elementor-element-b96cd68 elementor-widget elementor-widget-text-editor\" data-id=\"b96cd68\" data-element_type=\"widget\" data-widget_type=\"text-editor.default\">\n\t\t\t\t<div class=\"elementor-widget-container\">\n\t\t\t\t\t\t\t\t\t<p><span style=\"font-weight: 400;\">La mont\u00e9e en puissance de Toussaint Louverture inqui\u00e8te le gouvernement fran\u00e7ais. Lorsque Napol\u00e9on Bonaparte devient Premier Consul, il d\u00e9cide de reprendre le contr\u00f4le direct de Saint-Domingue. En <\/span><b>1802<\/b><span style=\"font-weight: 400;\">, une importante exp\u00e9dition militaire dirig\u00e9e par le g\u00e9n\u00e9ral Charles Leclerc est envoy\u00e9e dans la colonie. Apr\u00e8s plusieurs mois de combats, Toussaint Louverture est arr\u00eat\u00e9 \u00e0 la suite d\u2019une n\u00e9gociation. Il est d\u00e9port\u00e9 en France avec sa famille.<\/span><\/p>\t\t\t\t\t\t\t\t<\/div>\n\t\t\t\t<\/div>\n\t\t\t\t\t<\/div>\n\t\t<\/div>\n\t\t\t\t\t<\/div>\n\t\t<\/section>\n\t\t\t\t<section class=\"elementor-section elementor-top-section elementor-element elementor-element-cdf55cf elementor-section-boxed elementor-section-height-default elementor-section-height-default\" data-id=\"cdf55cf\" data-element_type=\"section\">\n\t\t\t\t\t\t<div class=\"elementor-container elementor-column-gap-default\">\n\t\t\t\t\t<div class=\"elementor-column elementor-col-100 elementor-top-column elementor-element elementor-element-f360166\" data-id=\"f360166\" data-element_type=\"column\">\n\t\t\t<div class=\"elementor-widget-wrap elementor-element-populated\">\n\t\t\t\t\t\t<div class=\"elementor-element elementor-element-a267ecf elementor-widget elementor-widget-heading\" data-id=\"a267ecf\" data-element_type=\"widget\" data-widget_type=\"heading.default\">\n\t\t\t\t<div class=\"elementor-widget-container\">\n\t\t\t\t\t<h2 class=\"elementor-heading-title elementor-size-default\">La mort au Fort de Joux<\/h2>\t\t\t\t<\/div>\n\t\t\t\t<\/div>\n\t\t\t\t<div class=\"elementor-element elementor-element-ef012d8 elementor-widget elementor-widget-text-editor\" data-id=\"ef012d8\" data-element_type=\"widget\" data-widget_type=\"text-editor.default\">\n\t\t\t\t<div class=\"elementor-widget-container\">\n\t\t\t\t\t\t\t\t\t<p><span style=\"font-weight: 400;\">Toussaint Louverture est emprisonn\u00e9 au Fort de Joux, dans le Jura fran\u00e7ais. Les conditions de d\u00e9tention sont extr\u00eamement difficiles. Isol\u00e9, priv\u00e9 de ses proches et confront\u00e9 au climat rigoureux de la r\u00e9gion, il meurt le 7 avril 1803. Sa disparition ne met pas fin \u00e0 la guerre. Au contraire, elle renforce la d\u00e9termination des anciens g\u00e9n\u00e9raux r\u00e9volutionnaires. Moins d\u2019un an plus tard, le 1\u1d49\u02b3 janvier 1804, Ha\u00efti proclame son ind\u00e9pendance sous la direction de Jean-Jacques Dessalines.<\/span><\/p>\t\t\t\t\t\t\t\t<\/div>\n\t\t\t\t<\/div>\n\t\t\t\t\t<\/div>\n\t\t<\/div>\n\t\t\t\t\t<\/div>\n\t\t<\/section>\n\t\t\t\t<section class=\"elementor-section elementor-top-section elementor-element elementor-element-867178d elementor-section-boxed elementor-section-height-default elementor-section-height-default\" data-id=\"867178d\" data-element_type=\"section\">\n\t\t\t\t\t\t<div class=\"elementor-container elementor-column-gap-default\">\n\t\t\t\t\t<div class=\"elementor-column elementor-col-100 elementor-top-column elementor-element elementor-element-e655ee0\" data-id=\"e655ee0\" data-element_type=\"column\">\n\t\t\t<div class=\"elementor-widget-wrap elementor-element-populated\">\n\t\t\t\t\t\t<div class=\"elementor-element elementor-element-aa15bd8 elementor-widget elementor-widget-heading\" data-id=\"aa15bd8\" data-element_type=\"widget\" data-widget_type=\"heading.default\">\n\t\t\t\t<div class=\"elementor-widget-container\">\n\t\t\t\t\t<h2 class=\"elementor-heading-title elementor-size-default\">Une figure fondatrice de l\u2019histoire carib\u00e9enne<\/h2>\t\t\t\t<\/div>\n\t\t\t\t<\/div>\n\t\t\t\t<div class=\"elementor-element elementor-element-6aa0bb5 elementor-widget elementor-widget-text-editor\" data-id=\"6aa0bb5\" data-element_type=\"widget\" data-widget_type=\"text-editor.default\">\n\t\t\t\t<div class=\"elementor-widget-container\">\n\t\t\t\t\t\t\t\t\t<p><span style=\"font-weight: 400;\">Aujourd\u2019hui, Toussaint Louverture est consid\u00e9r\u00e9 comme l\u2019un des personnages les plus importants de l\u2019histoire de la Cara\u00efbe.<\/span><\/p><p><span style=\"font-weight: 400;\">Son parcours incarne plusieurs transformations majeures :<\/span><\/p><ul><li style=\"font-weight: 400;\" aria-level=\"1\"><span style=\"font-weight: 400;\">&#8211; la remise en cause du syst\u00e8me esclavagiste dans les Am\u00e9riques<\/span><span style=\"font-weight: 400;\"><br \/><\/span><\/li><li style=\"font-weight: 400;\" aria-level=\"1\"><span style=\"font-weight: 400;\">&#8211; l\u2019\u00e9mergence d\u2019un leadership politique noir dans le monde atlantique<\/span><\/li><li style=\"font-weight: 400;\" aria-level=\"1\"><span style=\"font-weight: 400;\">&#8211; la naissance d\u2019une r\u00e9volution capable de renverser une puissance coloniale<\/span><\/li><\/ul><p><span style=\"font-weight: 400;\">L\u2019impact de Toussaint Louverture d\u00e9passe largement Ha\u00efti. Son action influence les mouvements abolitionnistes, les luttes anticoloniales et les r\u00e9flexions sur la libert\u00e9 dans tout l\u2019espace atlantique.<\/span><\/p>\t\t\t\t\t\t\t\t<\/div>\n\t\t\t\t<\/div>\n\t\t\t\t\t<\/div>\n\t\t<\/div>\n\t\t\t\t\t<\/div>\n\t\t<\/section>\n\t\t\t\t<section class=\"elementor-section elementor-top-section elementor-element elementor-element-931f3a4 elementor-section-boxed elementor-section-height-default elementor-section-height-default\" data-id=\"931f3a4\" data-element_type=\"section\">\n\t\t\t\t\t\t<div class=\"elementor-container elementor-column-gap-default\">\n\t\t\t\t\t<div class=\"elementor-column elementor-col-100 elementor-top-column elementor-element elementor-element-3d2b3a1\" data-id=\"3d2b3a1\" data-element_type=\"column\">\n\t\t\t<div class=\"elementor-widget-wrap elementor-element-populated\">\n\t\t\t\t\t\t<div class=\"elementor-element elementor-element-e7c2188 elementor-widget elementor-widget-heading\" data-id=\"e7c2188\" data-element_type=\"widget\" data-widget_type=\"heading.default\">\n\t\t\t\t<div class=\"elementor-widget-container\">\n\t\t\t\t\t<h2 class=\"elementor-heading-title elementor-size-default\">Une m\u00e9moire toujours vivante<\/h2>\t\t\t\t<\/div>\n\t\t\t\t<\/div>\n\t\t\t\t<div class=\"elementor-element elementor-element-8745e1c elementor-widget elementor-widget-text-editor\" data-id=\"8745e1c\" data-element_type=\"widget\" data-widget_type=\"text-editor.default\">\n\t\t\t\t<div class=\"elementor-widget-container\">\n\t\t\t\t\t\t\t\t\t<p><span style=\"font-weight: 400;\">Plus de deux si\u00e8cles apr\u00e8s sa mort, Toussaint Louverture continue d\u2019occuper une place centrale dans la m\u00e9moire historique de la Cara\u00efbe. Son nom est associ\u00e9 \u00e0 des lieux, des institutions et des comm\u00e9morations dans plusieurs pays. En Ha\u00efti, il est l\u2019un des p\u00e8res fondateurs de la nation. En France, sa m\u00e9moire est notamment li\u00e9e au Fort de Joux o\u00f9 il est mort. Pour de nombreux historiens, Toussaint Louverture symbolise la capacit\u00e9 des soci\u00e9t\u00e9s carib\u00e9ennes \u00e0 produire des figures politiques capables de transformer le cours de l\u2019histoire mondiale.<\/span><\/p>\t\t\t\t\t\t\t\t<\/div>\n\t\t\t\t<\/div>\n\t\t\t\t<div class=\"elementor-element elementor-element-4a8353b elementor-widget elementor-widget-image\" data-id=\"4a8353b\" data-element_type=\"widget\" data-widget_type=\"image.default\">\n\t\t\t\t<div class=\"elementor-widget-container\">\n\t\t\t\t\t\t\t\t\t\t\t\t\t\t\t<img decoding=\"async\" width=\"800\" height=\"534\" src=\"https:\/\/richeskarayib.com\/wp-content\/uploads\/2026\/03\/ChatGPT-Image-16-mars-2026-18_42_11-1024x683.png\" class=\"attachment-large size-large wp-image-70814\" alt=\"Toussaint Louverture\" srcset=\"https:\/\/richeskarayib.com\/wp-content\/uploads\/2026\/03\/ChatGPT-Image-16-mars-2026-18_42_11-1024x683.png 1024w, https:\/\/richeskarayib.com\/wp-content\/uploads\/2026\/03\/ChatGPT-Image-16-mars-2026-18_42_11-300x200.png 300w, https:\/\/richeskarayib.com\/wp-content\/uploads\/2026\/03\/ChatGPT-Image-16-mars-2026-18_42_11-768x512.png 768w, https:\/\/richeskarayib.com\/wp-content\/uploads\/2026\/03\/ChatGPT-Image-16-mars-2026-18_42_11-1320x880.png 1320w, https:\/\/richeskarayib.com\/wp-content\/uploads\/2026\/03\/ChatGPT-Image-16-mars-2026-18_42_11.png 1536w\" sizes=\"(max-width: 800px) 100vw, 800px\" \/>\t\t\t\t\t\t\t\t\t\t\t\t\t\t\t<\/div>\n\t\t\t\t<\/div>\n\t\t\t\t\t<\/div>\n\t\t<\/div>\n\t\t\t\t\t<\/div>\n\t\t<\/section>\n\t\t\t\t<section class=\"elementor-section elementor-top-section elementor-element elementor-element-ad1e986 elementor-section-boxed elementor-section-height-default elementor-section-height-default\" data-id=\"ad1e986\" data-element_type=\"section\">\n\t\t\t\t\t\t<div class=\"elementor-container elementor-column-gap-default\">\n\t\t\t\t\t<div class=\"elementor-column elementor-col-100 elementor-top-column elementor-element elementor-element-6bf5be7\" data-id=\"6bf5be7\" data-element_type=\"column\">\n\t\t\t<div class=\"elementor-widget-wrap elementor-element-populated\">\n\t\t\t\t\t\t<div class=\"elementor-element elementor-element-11efa11 elementor-widget elementor-widget-heading\" data-id=\"11efa11\" data-element_type=\"widget\" data-widget_type=\"heading.default\">\n\t\t\t\t<div class=\"elementor-widget-container\">\n\t\t\t\t\t<h2 class=\"elementor-heading-title elementor-size-default\">Toussaint Louverture et la Cara\u00efbe contemporaine<\/h2>\t\t\t\t<\/div>\n\t\t\t\t<\/div>\n\t\t\t\t<div class=\"elementor-element elementor-element-b95df31 elementor-widget elementor-widget-text-editor\" data-id=\"b95df31\" data-element_type=\"widget\" data-widget_type=\"text-editor.default\">\n\t\t\t\t<div class=\"elementor-widget-container\">\n\t\t\t\t\t\t\t\t\t<p><span style=\"font-weight: 400;\">Dans le regard port\u00e9 aujourd\u2019hui sur la Cara\u00efbe, Toussaint Louverture repr\u00e9sente une r\u00e9f\u00e9rence majeure de l\u2019histoire politique de la r\u00e9gion. Il rappelle que la Cara\u00efbe a \u00e9t\u00e9 un laboratoire politique o\u00f9 se sont jou\u00e9es certaines des grandes questions de l\u2019\u00e9poque moderne : libert\u00e9, citoyennet\u00e9, souverainet\u00e9 et droits humains. \u00c0 travers la R\u00e9volution ha\u00eftienne, Toussaint Louverture d\u00e9montre que les soci\u00e9t\u00e9s coloniales ne sont pas seulement des espaces domin\u00e9s par les empires. Elles peuvent aussi devenir des foyers de transformation politique capables de red\u00e9finir l\u2019ordre mondial. Et c\u2019est pr\u00e9cis\u00e9ment pour cette raison que son histoire reste essentielle pour comprendre la Cara\u00efbe d\u2019hier, mais aussi celle d\u2019aujourd\u2019hui.<\/span><\/p>\t\t\t\t\t\t\t\t<\/div>\n\t\t\t\t<\/div>\n\t\t\t\t\t<\/div>\n\t\t<\/div>\n\t\t\t\t\t<\/div>\n\t\t<\/section>\n\t\t\t\t<section class=\"elementor-section elementor-top-section elementor-element elementor-element-f5709a6 elementor-section-boxed elementor-section-height-default elementor-section-height-default\" data-id=\"f5709a6\" data-element_type=\"section\">\n\t\t\t\t\t\t<div class=\"elementor-container elementor-column-gap-default\">\n\t\t\t\t\t<div class=\"elementor-column elementor-col-100 elementor-top-column elementor-element elementor-element-957be6f\" data-id=\"957be6f\" data-element_type=\"column\">\n\t\t\t<div class=\"elementor-widget-wrap elementor-element-populated\">\n\t\t\t\t\t\t<div class=\"elementor-element elementor-element-63e5d4a elementor-widget elementor-widget-accordion\" data-id=\"63e5d4a\" data-element_type=\"widget\" data-widget_type=\"accordion.default\">\n\t\t\t\t<div class=\"elementor-widget-container\">\n\t\t\t\t\t\t\t<div class=\"elementor-accordion\">\n\t\t\t\t\t\t\t<div class=\"elementor-accordion-item\">\n\t\t\t\t\t<div id=\"elementor-tab-title-1041\" class=\"elementor-tab-title\" data-tab=\"1\" role=\"button\" aria-controls=\"elementor-tab-content-1041\" aria-expanded=\"false\">\n\t\t\t\t\t\t\t\t\t\t\t\t\t<span class=\"elementor-accordion-icon elementor-accordion-icon-left\" aria-hidden=\"true\">\n\t\t\t\t\t\t\t\t\t\t\t\t\t\t\t<span class=\"elementor-accordion-icon-closed\"><i class=\"fas fa-plus\"><\/i><\/span>\n\t\t\t\t\t\t\t\t<span class=\"elementor-accordion-icon-opened\"><i class=\"fas fa-minus\"><\/i><\/span>\n\t\t\t\t\t\t\t\t\t\t\t\t\t\t<\/span>\n\t\t\t\t\t\t\t\t\t\t\t\t<a class=\"elementor-accordion-title\" tabindex=\"0\">Qui \u00e9tait Toussaint Louverture ?<\/a>\n\t\t\t\t\t<\/div>\n\t\t\t\t\t<div id=\"elementor-tab-content-1041\" class=\"elementor-tab-content elementor-clearfix\" data-tab=\"1\" role=\"region\" aria-labelledby=\"elementor-tab-title-1041\"><p><span style=\"font-weight: 400;\">Toussaint Louverture \u00e9tait un chef militaire et dirigeant politique n\u00e9 esclave \u00e0 Saint-Domingue vers 1743. Il joua un r\u00f4le central dans la R\u00e9volution ha\u00eftienne et contribua \u00e0 transformer une insurrection d\u2019esclaves en un projet politique qui mena \u00e0 l\u2019ind\u00e9pendance d\u2019Ha\u00efti en 1804.<\/span><\/p><\/div>\n\t\t\t\t<\/div>\n\t\t\t\t\t\t\t<div class=\"elementor-accordion-item\">\n\t\t\t\t\t<div id=\"elementor-tab-title-1042\" class=\"elementor-tab-title\" data-tab=\"2\" role=\"button\" aria-controls=\"elementor-tab-content-1042\" aria-expanded=\"false\">\n\t\t\t\t\t\t\t\t\t\t\t\t\t<span class=\"elementor-accordion-icon elementor-accordion-icon-left\" aria-hidden=\"true\">\n\t\t\t\t\t\t\t\t\t\t\t\t\t\t\t<span class=\"elementor-accordion-icon-closed\"><i class=\"fas fa-plus\"><\/i><\/span>\n\t\t\t\t\t\t\t\t<span class=\"elementor-accordion-icon-opened\"><i class=\"fas fa-minus\"><\/i><\/span>\n\t\t\t\t\t\t\t\t\t\t\t\t\t\t<\/span>\n\t\t\t\t\t\t\t\t\t\t\t\t<a class=\"elementor-accordion-title\" tabindex=\"0\">Pourquoi Toussaint Louverture est-il important dans l\u2019histoire de la Cara\u00efbe ?<\/a>\n\t\t\t\t\t<\/div>\n\t\t\t\t\t<div id=\"elementor-tab-content-1042\" class=\"elementor-tab-content elementor-clearfix\" data-tab=\"2\" role=\"region\" aria-labelledby=\"elementor-tab-title-1042\"><p><span style=\"font-weight: 400;\">Toussaint Louverture est une figure majeure de l\u2019histoire carib\u00e9enne car il participa \u00e0 l\u2019abolition de l\u2019esclavage \u00e0 Saint-Domingue et dirigea la colonie \u00e0 la fin du XVIII\u1d49 si\u00e8cle. Son action influen\u00e7a les mouvements abolitionnistes et transforma les rapports de pouvoir dans le monde atlantique.<\/span><\/p><\/div>\n\t\t\t\t<\/div>\n\t\t\t\t\t\t\t<div class=\"elementor-accordion-item\">\n\t\t\t\t\t<div id=\"elementor-tab-title-1043\" class=\"elementor-tab-title\" data-tab=\"3\" role=\"button\" aria-controls=\"elementor-tab-content-1043\" aria-expanded=\"false\">\n\t\t\t\t\t\t\t\t\t\t\t\t\t<span class=\"elementor-accordion-icon elementor-accordion-icon-left\" aria-hidden=\"true\">\n\t\t\t\t\t\t\t\t\t\t\t\t\t\t\t<span class=\"elementor-accordion-icon-closed\"><i class=\"fas fa-plus\"><\/i><\/span>\n\t\t\t\t\t\t\t\t<span class=\"elementor-accordion-icon-opened\"><i class=\"fas fa-minus\"><\/i><\/span>\n\t\t\t\t\t\t\t\t\t\t\t\t\t\t<\/span>\n\t\t\t\t\t\t\t\t\t\t\t\t<a class=\"elementor-accordion-title\" tabindex=\"0\">Comment Toussaint Louverture est-il mort ?<\/a>\n\t\t\t\t\t<\/div>\n\t\t\t\t\t<div id=\"elementor-tab-content-1043\" class=\"elementor-tab-content elementor-clearfix\" data-tab=\"3\" role=\"region\" aria-labelledby=\"elementor-tab-title-1043\"><p><span style=\"font-weight: 400;\">Toussaint Louverture fut arr\u00eat\u00e9 en 1802 par les autorit\u00e9s fran\u00e7aises apr\u00e8s l\u2019exp\u00e9dition militaire envoy\u00e9e par Napol\u00e9on Bonaparte. D\u00e9port\u00e9 en France, il fut emprisonn\u00e9 au Fort de Joux, dans le Jura, o\u00f9 il mourut le 7 avril 1803.<\/span><\/p><\/div>\n\t\t\t\t<\/div>\n\t\t\t\t\t\t\t\t<\/div>\n\t\t\t\t\t\t<\/div>\n\t\t\t\t<\/div>\n\t\t\t\t\t<\/div>\n\t\t<\/div>\n\t\t\t\t\t<\/div>\n\t\t<\/section>\n\t\t\t\t<\/div>\n\t\t","protected":false},"excerpt":{"rendered":"<p>Au c\u0153ur de l\u2019histoire de la Cara\u00efbe, peu de figures ont marqu\u00e9 aussi profond\u00e9ment la trajectoire du monde atlantique que Toussaint Louverture. N\u00e9 esclave dans la colonie fran\u00e7aise de Saint-Domingue au XVIII\u1d49 si\u00e8cle, il devient strat\u00e8ge militaire, administrateur et chef politique d\u2019un territoire en pleine r\u00e9volution. Son parcours traverse les bouleversements de la R\u00e9volution fran\u00e7aise, [&hellip;]<\/p>\n","protected":false},"author":662,"featured_media":70810,"comment_status":"open","ping_status":"open","sticky":false,"template":"","format":"standard","meta":{"_acf_changed":false,"footnotes":""},"categories":[1468],"tags":[814],"class_list":["post-70809","post","type-post","status-publish","format-standard","has-post-thumbnail","hentry","category-histoire-patrimoine","tag-haiti-fr"],"acf":[],"_links":{"self":[{"href":"https:\/\/richeskarayib.com\/fr\/wp-json\/wp\/v2\/posts\/70809","targetHints":{"allow":["GET"]}}],"collection":[{"href":"https:\/\/richeskarayib.com\/fr\/wp-json\/wp\/v2\/posts"}],"about":[{"href":"https:\/\/richeskarayib.com\/fr\/wp-json\/wp\/v2\/types\/post"}],"author":[{"embeddable":true,"href":"https:\/\/richeskarayib.com\/fr\/wp-json\/wp\/v2\/users\/662"}],"replies":[{"embeddable":true,"href":"https:\/\/richeskarayib.com\/fr\/wp-json\/wp\/v2\/comments?post=70809"}],"version-history":[{"count":0,"href":"https:\/\/richeskarayib.com\/fr\/wp-json\/wp\/v2\/posts\/70809\/revisions"}],"wp:featuredmedia":[{"embeddable":true,"href":"https:\/\/richeskarayib.com\/fr\/wp-json\/wp\/v2\/media\/70810"}],"wp:attachment":[{"href":"https:\/\/richeskarayib.com\/fr\/wp-json\/wp\/v2\/media?parent=70809"}],"wp:term":[{"taxonomy":"category","embeddable":true,"href":"https:\/\/richeskarayib.com\/fr\/wp-json\/wp\/v2\/categories?post=70809"},{"taxonomy":"post_tag","embeddable":true,"href":"https:\/\/richeskarayib.com\/fr\/wp-json\/wp\/v2\/tags?post=70809"}],"curies":[{"name":"wp","href":"https:\/\/api.w.org\/{rel}","templated":true}]}}