{"id":70831,"date":"2026-03-17T10:30:34","date_gmt":"2026-03-17T14:30:34","guid":{"rendered":"https:\/\/richeskarayib.com\/?p=70831"},"modified":"2026-03-17T13:21:47","modified_gmt":"2026-03-17T17:21:47","slug":"caribbean-business-cruise-martinique-2026","status":"publish","type":"post","link":"https:\/\/richeskarayib.com\/fr\/caribbean-business-cruise-martinique-2026\/","title":{"rendered":"Caribbean Business Cruise : quand la Martinique s&#8217;ouvre \u00e0 la Cara\u00efbe des affaires"},"content":{"rendered":"\t\t<div data-elementor-type=\"wp-post\" data-elementor-id=\"70831\" class=\"elementor elementor-70831\" data-elementor-post-type=\"post\">\n\t\t\t\t\t\t<section class=\"elementor-section elementor-top-section elementor-element elementor-element-7ca7ca1 elementor-section-boxed elementor-section-height-default elementor-section-height-default\" data-id=\"7ca7ca1\" data-element_type=\"section\">\n\t\t\t\t\t\t<div class=\"elementor-container elementor-column-gap-default\">\n\t\t\t\t\t<div class=\"elementor-column elementor-col-100 elementor-top-column elementor-element elementor-element-cbdd002\" data-id=\"cbdd002\" data-element_type=\"column\">\n\t\t\t<div class=\"elementor-widget-wrap elementor-element-populated\">\n\t\t\t\t\t\t<section class=\"elementor-section elementor-inner-section elementor-element elementor-element-bc94849 elementor-section-boxed elementor-section-height-default elementor-section-height-default\" data-id=\"bc94849\" data-element_type=\"section\">\n\t\t\t\t\t\t<div class=\"elementor-container elementor-column-gap-default\">\n\t\t\t\t\t\t<\/div>\n\t\t<\/section>\n\t\t\t\t<section class=\"elementor-section elementor-inner-section elementor-element elementor-element-61571e6 elementor-section-boxed elementor-section-height-default elementor-section-height-default\" data-id=\"61571e6\" data-element_type=\"section\">\n\t\t\t\t\t\t<div class=\"elementor-container elementor-column-gap-default\">\n\t\t\t\t\t\t<\/div>\n\t\t<\/section>\n\t\t\t\t<section class=\"elementor-section elementor-inner-section elementor-element elementor-element-b6262e0 elementor-section-boxed elementor-section-height-default elementor-section-height-default\" data-id=\"b6262e0\" data-element_type=\"section\">\n\t\t\t\t\t\t<div class=\"elementor-container elementor-column-gap-default\">\n\t\t\t\t\t\t<\/div>\n\t\t<\/section>\n\t\t\t\t<section class=\"elementor-section elementor-inner-section elementor-element elementor-element-cca29fd elementor-section-boxed elementor-section-height-default elementor-section-height-default\" data-id=\"cca29fd\" data-element_type=\"section\">\n\t\t\t\t\t\t<div class=\"elementor-container elementor-column-gap-default\">\n\t\t\t\t\t\t<\/div>\n\t\t<\/section>\n\t\t\t\t\t<\/div>\n\t\t<\/div>\n\t\t\t\t\t<\/div>\n\t\t<\/section>\n\t\t\t\t<section class=\"elementor-section elementor-top-section elementor-element elementor-element-ee72354 elementor-section-boxed elementor-section-height-default elementor-section-height-default\" data-id=\"ee72354\" data-element_type=\"section\">\n\t\t\t\t\t\t<div class=\"elementor-container elementor-column-gap-default\">\n\t\t\t\t\t<div class=\"elementor-column elementor-col-100 elementor-top-column elementor-element elementor-element-c59d6fe\" data-id=\"c59d6fe\" data-element_type=\"column\">\n\t\t\t<div class=\"elementor-widget-wrap elementor-element-populated\">\n\t\t\t\t\t\t<div class=\"elementor-element elementor-element-e57451f elementor-widget elementor-widget-text-editor\" data-id=\"e57451f\" data-element_type=\"widget\" data-widget_type=\"text-editor.default\">\n\t\t\t\t<div class=\"elementor-widget-container\">\n\t\t\t\t\t\t\t\t\t<p><span style=\"font-weight: 400;\">Le samedi 14 mars 2026, l&#8217;h\u00f4tel de l&#8217;Assembl\u00e9e de la CTM \u00e0 Fort-de-France a accueilli la 6e \u00e9dition de la Caribbean Business Cruise (CBC). Organis\u00e9e par <\/span><a href=\"https:\/\/isanaja-consulting.com\/\" target=\"_blank\" rel=\"noopener nofollow\"><b>Isanaja Consulting<\/b><\/a><span style=\"font-weight: 400;\"> en partenariat avec <\/span><a href=\"https:\/\/www.martiniquedev.fr\/\" target=\"_blank\" rel=\"noopener nofollow\"><b>Martinique D\u00e9veloppement<\/b><\/a><span style=\"font-weight: 400;\">, cette matin\u00e9e \u00e9conomique a r\u00e9uni des entrepreneurs carib\u00e9ens venus de Guadeloupe, de Sainte-Lucie et d&#8217;Antigua &amp; Barbuda autour d&#8217;un objectif commun : faire de la <a href=\"https:\/\/richeskarayib.com\/fr\/cma-cgm-connectivite-maritime-caraibe\/\" target=\"_blank\" rel=\"noopener\">Cara\u00efbe<\/a> un espace de coop\u00e9ration \u00e9conomique concret.<\/span><\/p>\t\t\t\t\t\t\t\t<\/div>\n\t\t\t\t<\/div>\n\t\t\t\t\t<\/div>\n\t\t<\/div>\n\t\t\t\t\t<\/div>\n\t\t<\/section>\n\t\t\t\t<section class=\"elementor-section elementor-top-section elementor-element elementor-element-82cd8f9 elementor-section-boxed elementor-section-height-default elementor-section-height-default\" data-id=\"82cd8f9\" data-element_type=\"section\">\n\t\t\t\t\t\t<div class=\"elementor-container elementor-column-gap-default\">\n\t\t\t\t\t<div class=\"elementor-column elementor-col-100 elementor-top-column elementor-element elementor-element-0bfdc38\" data-id=\"0bfdc38\" data-element_type=\"column\">\n\t\t\t<div class=\"elementor-widget-wrap elementor-element-populated\">\n\t\t\t\t\t\t<div class=\"elementor-element elementor-element-7d292fe elementor-widget elementor-widget-heading\" data-id=\"7d292fe\" data-element_type=\"widget\" data-widget_type=\"heading.default\">\n\t\t\t\t<div class=\"elementor-widget-container\">\n\t\t\t\t\t<h2 class=\"elementor-heading-title elementor-size-default\">Une croisi\u00e8re d'affaires, un concept pionnier dans la Cara\u00efbe<\/h2>\t\t\t\t<\/div>\n\t\t\t\t<\/div>\n\t\t\t\t<div class=\"elementor-element elementor-element-96caf50 elementor-widget elementor-widget-text-editor\" data-id=\"96caf50\" data-element_type=\"widget\" data-widget_type=\"text-editor.default\">\n\t\t\t\t<div class=\"elementor-widget-container\">\n\t\t\t\t\t\t\t\t\t<p><span style=\"font-weight: 400;\">La Caribbean Business Cruise n&#8217;est pas un \u00e9v\u00e9nement de networking ordinaire. Cr\u00e9\u00e9e en 2019 par <\/span><b>Isabelle Adelis Flandrina<\/b><span style=\"font-weight: 400;\">, fondatrice et dirigeante d&#8217;Isanaja Consulting, la Caribbean Business Cruise<\/span> <span style=\"font-weight: 400;\">est pr\u00e9sent\u00e9e comme la premi\u00e8re croisi\u00e8re d&#8217;affaires carib\u00e9enne. Le concept : permettre \u00e0 des chefs d&#8217;entreprise de se retrouver \u00e0 bord d&#8217;un navire, loin des agendas charg\u00e9s, pour construire de vraies relations commerciales.<\/span><\/p>\t\t\t\t\t\t\t\t<\/div>\n\t\t\t\t<\/div>\n\t\t\t\t<div class=\"elementor-element elementor-element-f9a81a5 elementor-blockquote--skin-border elementor-widget elementor-widget-blockquote\" data-id=\"f9a81a5\" data-element_type=\"widget\" data-widget_type=\"blockquote.default\">\n\t\t\t\t<div class=\"elementor-widget-container\">\n\t\t\t\t\t\t\t<blockquote class=\"elementor-blockquote\">\n\t\t\t<p class=\"elementor-blockquote__content\">\n\t\t\t\t\u00ab Nous avons cr\u00e9\u00e9 avec mon \u00e9poux en 2019 la premi\u00e8re \u00e9dition de la Caribbean Business Cruise qui a \u00e9t\u00e9 \u00e0 l'origine fond\u00e9e pour permettre aux chefs d'entreprise de partir en mission avec leur famille. \u00bb\t\t\t<\/p>\n\t\t\t\t\t\t\t<div class=\"e-q-footer\">\n\t\t\t\t\t\t\t\t\t\t\t<cite class=\"elementor-blockquote__author\">\u2014 Isabelle Adelis Flandrina, fondatrice d'Isanaja Consulting<\/cite>\n\t\t\t\t\t\t\t\t\t\t\t\t\t\t<\/div>\n\t\t\t\t\t<\/blockquote>\n\t\t\t\t\t\t<\/div>\n\t\t\t\t<\/div>\n\t\t\t\t<div class=\"elementor-element elementor-element-bced424 elementor-widget elementor-widget-image\" data-id=\"bced424\" data-element_type=\"widget\" data-widget_type=\"image.default\">\n\t\t\t\t<div class=\"elementor-widget-container\">\n\t\t\t\t\t\t\t\t\t\t\t\t<figure class=\"wp-caption\">\n\t\t\t\t\t\t\t\t\t\t<img fetchpriority=\"high\" decoding=\"async\" width=\"800\" height=\"343\" src=\"https:\/\/richeskarayib.com\/wp-content\/uploads\/2026\/03\/Isabelle-Adonis-Flandrina-1024x439.jpeg\" class=\"attachment-large size-large wp-image-70832\" alt=\"Caribbean Business Cruise\" srcset=\"https:\/\/richeskarayib.com\/wp-content\/uploads\/2026\/03\/Isabelle-Adonis-Flandrina-1024x439.jpeg 1024w, https:\/\/richeskarayib.com\/wp-content\/uploads\/2026\/03\/Isabelle-Adonis-Flandrina-300x129.jpeg 300w, https:\/\/richeskarayib.com\/wp-content\/uploads\/2026\/03\/Isabelle-Adonis-Flandrina-768x329.jpeg 768w, https:\/\/richeskarayib.com\/wp-content\/uploads\/2026\/03\/Isabelle-Adonis-Flandrina-1536x659.jpeg 1536w, https:\/\/richeskarayib.com\/wp-content\/uploads\/2026\/03\/Isabelle-Adonis-Flandrina-1320x566.jpeg 1320w, https:\/\/richeskarayib.com\/wp-content\/uploads\/2026\/03\/Isabelle-Adonis-Flandrina.jpeg 1600w\" sizes=\"(max-width: 800px) 100vw, 800px\" \/>\t\t\t\t\t\t\t\t\t\t\t<figcaption class=\"widget-image-caption wp-caption-text\">Isabelle Adonis Flandrina<\/figcaption>\n\t\t\t\t\t\t\t\t\t\t<\/figure>\n\t\t\t\t\t\t\t\t\t<\/div>\n\t\t\t\t<\/div>\n\t\t\t\t<div class=\"elementor-element elementor-element-dfd6c9a elementor-widget elementor-widget-text-editor\" data-id=\"dfd6c9a\" data-element_type=\"widget\" data-widget_type=\"text-editor.default\">\n\t\t\t\t<div class=\"elementor-widget-container\">\n\t\t\t\t\t\t\t\t\t<p><span style=\"font-weight: 400;\">En six ans, la <\/span>Caribbean Business Cruise <span style=\"font-weight: 400;\">a \u00e9volu\u00e9 pour int\u00e9grer une dimension \u00e9conomique de plus en plus structur\u00e9e. La Caribbean Business Cruise 6 affiche d\u00e9sormais un accord de partenariat avec l&#8217;<\/span><a href=\"https:\/\/oecs.int\/fr\/\" target=\"_blank\" rel=\"noopener nofollow\"><b>Organisation des \u00c9tats de la Cara\u00efbe orientale<\/b><\/a><span style=\"font-weight: 400;\"> (OECS), faisant d&#8217;Isanaja Consulting une des rares entreprises fran\u00e7aises priv\u00e9es \u00e0 d\u00e9tenir ce partenariat selon sa fondatrice. Une reconnaissance qui ouvre l&#8217;acc\u00e8s \u00e0 un r\u00e9seau anglophone et hispanophone que la Martinique peine encore \u00e0 exploiter pleinement.<\/span><\/p>\t\t\t\t\t\t\t\t<\/div>\n\t\t\t\t<\/div>\n\t\t\t\t<section class=\"elementor-section elementor-inner-section elementor-element elementor-element-c582330 elementor-section-boxed elementor-section-height-default elementor-section-height-default\" data-id=\"c582330\" data-element_type=\"section\">\n\t\t\t\t\t\t<div class=\"elementor-container elementor-column-gap-default\">\n\t\t\t\t\t\t<\/div>\n\t\t<\/section>\n\t\t\t\t<section class=\"elementor-section elementor-inner-section elementor-element elementor-element-296603a elementor-section-boxed elementor-section-height-default elementor-section-height-default\" data-id=\"296603a\" data-element_type=\"section\">\n\t\t\t\t\t\t<div class=\"elementor-container elementor-column-gap-default\">\n\t\t\t\t\t\t<\/div>\n\t\t<\/section>\n\t\t\t\t\t<\/div>\n\t\t<\/div>\n\t\t\t\t\t<\/div>\n\t\t<\/section>\n\t\t\t\t<section class=\"elementor-section elementor-top-section elementor-element elementor-element-bdd0219 elementor-section-boxed elementor-section-height-default elementor-section-height-default\" data-id=\"bdd0219\" data-element_type=\"section\">\n\t\t\t\t\t\t<div class=\"elementor-container elementor-column-gap-default\">\n\t\t\t\t\t<div class=\"elementor-column elementor-col-100 elementor-top-column elementor-element elementor-element-c1ec903\" data-id=\"c1ec903\" data-element_type=\"column\">\n\t\t\t<div class=\"elementor-widget-wrap elementor-element-populated\">\n\t\t\t\t\t\t<div class=\"elementor-element elementor-element-55dd336 elementor-widget elementor-widget-heading\" data-id=\"55dd336\" data-element_type=\"widget\" data-widget_type=\"heading.default\">\n\t\t\t\t<div class=\"elementor-widget-container\">\n\t\t\t\t\t<h2 class=\"elementor-heading-title elementor-size-default\">La Martinique comme territoire d'accueil et d'investissement<\/h2>\t\t\t\t<\/div>\n\t\t\t\t<\/div>\n\t\t\t\t<div class=\"elementor-element elementor-element-9cd513e elementor-widget elementor-widget-text-editor\" data-id=\"9cd513e\" data-element_type=\"widget\" data-widget_type=\"text-editor.default\">\n\t\t\t\t<div class=\"elementor-widget-container\">\n\t\t\t\t\t\t\t\t\t<p><span style=\"font-weight: 400;\">La Caribbean Business Cruise a d\u00e9but\u00e9 par une prise de parole d&#8217;<strong>A<\/strong><\/span><b>lexandre Ventadour,<\/b><span style=\"font-weight: 400;\"> conseiller territorial \u00e0 l&#8217;Assembl\u00e9e de la Martinique et pr\u00e9sident de Martinique D\u00e9veloppement. Son message : la Martinique n&#8217;attend pas les investisseurs, elle se pr\u00e9pare \u00e0 les recevoir.<\/span><\/p>\t\t\t\t\t\t\t\t<\/div>\n\t\t\t\t<\/div>\n\t\t\t\t<div class=\"elementor-element elementor-element-83c0749 elementor-blockquote--skin-border elementor-widget elementor-widget-blockquote\" data-id=\"83c0749\" data-element_type=\"widget\" data-widget_type=\"blockquote.default\">\n\t\t\t\t<div class=\"elementor-widget-container\">\n\t\t\t\t\t\t\t<blockquote class=\"elementor-blockquote\">\n\t\t\t<p class=\"elementor-blockquote__content\">\n\t\t\t\t\u00ab Nos entreprises martiniquaises sont l\u00e0 pour faire valoir ce que la Martinique sait faire de mieux. \u00bb\t\t\t<\/p>\n\t\t\t\t\t\t\t<div class=\"e-q-footer\">\n\t\t\t\t\t\t\t\t\t\t\t<cite class=\"elementor-blockquote__author\">\u2014 Alexandre Ventadour, pr\u00e9sident de Martinique D\u00e9veloppement<\/cite>\n\t\t\t\t\t\t\t\t\t\t\t\t\t\t<\/div>\n\t\t\t\t\t<\/blockquote>\n\t\t\t\t\t\t<\/div>\n\t\t\t\t<\/div>\n\t\t\t\t<section class=\"elementor-section elementor-inner-section elementor-element elementor-element-92f4402 elementor-section-boxed elementor-section-height-default elementor-section-height-default\" data-id=\"92f4402\" data-element_type=\"section\">\n\t\t\t\t\t\t<div class=\"elementor-container elementor-column-gap-default\">\n\t\t\t\t\t\t<\/div>\n\t\t<\/section>\n\t\t\t\t<div class=\"elementor-element elementor-element-1d6e352 elementor-widget elementor-widget-image\" data-id=\"1d6e352\" data-element_type=\"widget\" data-widget_type=\"image.default\">\n\t\t\t\t<div class=\"elementor-widget-container\">\n\t\t\t\t\t\t\t\t\t\t\t\t<figure class=\"wp-caption\">\n\t\t\t\t\t\t\t\t\t\t<img decoding=\"async\" width=\"439\" height=\"1024\" src=\"https:\/\/richeskarayib.com\/wp-content\/uploads\/2026\/03\/Alexandre-ventadour-439x1024.jpeg\" class=\"attachment-large size-large wp-image-70836\" alt=\"Caribbean Business Cruise\" srcset=\"https:\/\/richeskarayib.com\/wp-content\/uploads\/2026\/03\/Alexandre-ventadour-439x1024.jpeg 439w, https:\/\/richeskarayib.com\/wp-content\/uploads\/2026\/03\/Alexandre-ventadour-129x300.jpeg 129w, https:\/\/richeskarayib.com\/wp-content\/uploads\/2026\/03\/Alexandre-ventadour-659x1536.jpeg 659w, https:\/\/richeskarayib.com\/wp-content\/uploads\/2026\/03\/Alexandre-ventadour.jpeg 686w\" sizes=\"(max-width: 439px) 100vw, 439px\" \/>\t\t\t\t\t\t\t\t\t\t\t<figcaption class=\"widget-image-caption wp-caption-text\">Alexandre ventadour<\/figcaption>\n\t\t\t\t\t\t\t\t\t\t<\/figure>\n\t\t\t\t\t\t\t\t\t<\/div>\n\t\t\t\t<\/div>\n\t\t\t\t<div class=\"elementor-element elementor-element-1f7f290 elementor-widget elementor-widget-text-editor\" data-id=\"1f7f290\" data-element_type=\"widget\" data-widget_type=\"text-editor.default\">\n\t\t\t\t<div class=\"elementor-widget-container\">\n\t\t\t\t\t\t\t\t\t<p><b>Yann Yala<\/b><span style=\"font-weight: 400;\">, \u00e9galement de Martinique D\u00e9veloppement, a livr\u00e9 un panorama \u00e9conomique du territoire : un PIB qui d\u00e9passe les 10 milliards d&#8217;euros avec une croissance d&#8217;environ 1 %, un PIB par habitant de 29 000 \u20ac, une population de 356 000 habitants, et une balance commerciale largement d\u00e9ficitaire avec un taux de couverture de l&#8217;ordre de 20 % en 2025. Trois secteurs sont identifi\u00e9s comme moteurs prioritaires du d\u00e9veloppement : le tourisme (6 % du PIB, 600 millions d&#8217;euros de chiffre d&#8217;affaires annuel), les \u00e9nergies renouvelables et l&#8217;\u00e9conomie num\u00e9rique.<\/span><\/p>\t\t\t\t\t\t\t\t<\/div>\n\t\t\t\t<\/div>\n\t\t\t\t<div class=\"elementor-element elementor-element-c965928 elementor-widget elementor-widget-image\" data-id=\"c965928\" data-element_type=\"widget\" data-widget_type=\"image.default\">\n\t\t\t\t<div class=\"elementor-widget-container\">\n\t\t\t\t\t\t\t\t\t\t\t\t<figure class=\"wp-caption\">\n\t\t\t\t\t\t\t\t\t\t<img decoding=\"async\" width=\"800\" height=\"464\" src=\"https:\/\/richeskarayib.com\/wp-content\/uploads\/2026\/03\/Yann-Yala-1024x594.jpeg\" class=\"attachment-large size-large wp-image-70844\" alt=\"Caribbean Business Cruise\" srcset=\"https:\/\/richeskarayib.com\/wp-content\/uploads\/2026\/03\/Yann-Yala-1024x594.jpeg 1024w, https:\/\/richeskarayib.com\/wp-content\/uploads\/2026\/03\/Yann-Yala-300x174.jpeg 300w, https:\/\/richeskarayib.com\/wp-content\/uploads\/2026\/03\/Yann-Yala-768x446.jpeg 768w, https:\/\/richeskarayib.com\/wp-content\/uploads\/2026\/03\/Yann-Yala-1320x766.jpeg 1320w, https:\/\/richeskarayib.com\/wp-content\/uploads\/2026\/03\/Yann-Yala.jpeg 1479w\" sizes=\"(max-width: 800px) 100vw, 800px\" \/>\t\t\t\t\t\t\t\t\t\t\t<figcaption class=\"widget-image-caption wp-caption-text\">Yann Yala<\/figcaption>\n\t\t\t\t\t\t\t\t\t\t<\/figure>\n\t\t\t\t\t\t\t\t\t<\/div>\n\t\t\t\t<\/div>\n\t\t\t\t<div class=\"elementor-element elementor-element-de74b11 elementor-widget elementor-widget-text-editor\" data-id=\"de74b11\" data-element_type=\"widget\" data-widget_type=\"text-editor.default\">\n\t\t\t\t<div class=\"elementor-widget-container\">\n\t\t\t\t\t\t\t\t\t<p><span style=\"font-weight: 400;\">Ce diagnostic pos\u00e9, la question de l&#8217;accompagnement \u00e0 l&#8217;export est apparue centrale. Martinique D\u00e9veloppement se positionne sur l&#8217;attractivit\u00e9 et l&#8217;accompagnement \u00e0 l&#8217;installation, tandis que la <\/span><b>Chambre de Commerce et d&#8217;Industrie de la Martinique<\/b><span style=\"font-weight: 400;\"> (<a href=\"https:\/\/www.martinique.cci.fr\/\" target=\"_blank\" rel=\"noopener nofollow\">CCIM<\/a>) prend le relais pour l&#8217;export, via notamment la Trade Facilitation Team Cara\u00efbes. <\/span><b>St\u00e9phanie Pujar,<\/b><span style=\"font-weight: 400;\"> responsable de projet coop\u00e9ration Cara\u00efbes \u00e0 la CCIM, a pr\u00e9sent\u00e9 ce dispositif bilingue: fran\u00e7ais et anglophone, qui accompagne les entreprises martiniquaises, guadeloup\u00e9ennes et guyanaises dans leur d\u00e9veloppement \u00e0 l&#8217;export.<\/span><\/p>\t\t\t\t\t\t\t\t<\/div>\n\t\t\t\t<\/div>\n\t\t\t\t<div class=\"elementor-element elementor-element-7e19865 elementor-blockquote--skin-border elementor-widget elementor-widget-blockquote\" data-id=\"7e19865\" data-element_type=\"widget\" data-widget_type=\"blockquote.default\">\n\t\t\t\t<div class=\"elementor-widget-container\">\n\t\t\t\t\t\t\t<blockquote class=\"elementor-blockquote\">\n\t\t\t<p class=\"elementor-blockquote__content\">\n\t\t\t\t\u00ab L'accompagnement \u00e0 l'international est vraiment un accompagnement sur mesure. Chaque entreprise a son projet, donc chaque entreprise aussi a des prestations qui lui conviennent. \u00bb\t\t\t<\/p>\n\t\t\t\t\t\t\t<div class=\"e-q-footer\">\n\t\t\t\t\t\t\t\t\t\t\t<cite class=\"elementor-blockquote__author\">\u2014 St\u00e9phanie Pujar, responsable coop\u00e9ration Cara\u00efbes, CCIM<\/cite>\n\t\t\t\t\t\t\t\t\t\t\t\t\t\t<\/div>\n\t\t\t\t\t<\/blockquote>\n\t\t\t\t\t\t<\/div>\n\t\t\t\t<\/div>\n\t\t\t\t<div class=\"elementor-element elementor-element-3c9bce1 elementor-widget elementor-widget-image\" data-id=\"3c9bce1\" data-element_type=\"widget\" data-widget_type=\"image.default\">\n\t\t\t\t<div class=\"elementor-widget-container\">\n\t\t\t\t\t\t\t\t\t\t\t\t<figure class=\"wp-caption\">\n\t\t\t\t\t\t\t\t\t\t<img loading=\"lazy\" decoding=\"async\" width=\"800\" height=\"343\" src=\"https:\/\/richeskarayib.com\/wp-content\/uploads\/2026\/03\/Stephanie-Pujar-1024x439.jpeg\" class=\"attachment-large size-large wp-image-70840\" alt=\"Caribbean Business Cruise\" srcset=\"https:\/\/richeskarayib.com\/wp-content\/uploads\/2026\/03\/Stephanie-Pujar-1024x439.jpeg 1024w, https:\/\/richeskarayib.com\/wp-content\/uploads\/2026\/03\/Stephanie-Pujar-300x129.jpeg 300w, https:\/\/richeskarayib.com\/wp-content\/uploads\/2026\/03\/Stephanie-Pujar-768x329.jpeg 768w, https:\/\/richeskarayib.com\/wp-content\/uploads\/2026\/03\/Stephanie-Pujar-1536x659.jpeg 1536w, https:\/\/richeskarayib.com\/wp-content\/uploads\/2026\/03\/Stephanie-Pujar-1320x566.jpeg 1320w, https:\/\/richeskarayib.com\/wp-content\/uploads\/2026\/03\/Stephanie-Pujar.jpeg 1600w\" sizes=\"(max-width: 800px) 100vw, 800px\" \/>\t\t\t\t\t\t\t\t\t\t\t<figcaption class=\"widget-image-caption wp-caption-text\">Stephanie Pujar<\/figcaption>\n\t\t\t\t\t\t\t\t\t\t<\/figure>\n\t\t\t\t\t\t\t\t\t<\/div>\n\t\t\t\t<\/div>\n\t\t\t\t<div class=\"elementor-element elementor-element-20eb644 elementor-widget elementor-widget-text-editor\" data-id=\"20eb644\" data-element_type=\"widget\" data-widget_type=\"text-editor.default\">\n\t\t\t\t<div class=\"elementor-widget-container\">\n\t\t\t\t\t\t\t\t\t<p><span style=\"font-weight: 400;\">Les entreprises fran\u00e7aises peuvent b\u00e9n\u00e9ficier d&#8217;aides du minist\u00e8re des Outre-mer couvrant de 50 \u00e0 75 % du co\u00fbt des missions \u00e0 l&#8217;international. Un levier peu connu, r\u00e9guli\u00e8rement rappel\u00e9 lors de ce type de rencontre.<\/span><\/p>\t\t\t\t\t\t\t\t<\/div>\n\t\t\t\t<\/div>\n\t\t\t\t<section class=\"elementor-section elementor-inner-section elementor-element elementor-element-9290a61 elementor-section-boxed elementor-section-height-default elementor-section-height-default\" data-id=\"9290a61\" data-element_type=\"section\">\n\t\t\t\t\t\t<div class=\"elementor-container elementor-column-gap-default\">\n\t\t\t\t\t\t<\/div>\n\t\t<\/section>\n\t\t\t\t\t<\/div>\n\t\t<\/div>\n\t\t\t\t\t<\/div>\n\t\t<\/section>\n\t\t\t\t<section class=\"elementor-section elementor-top-section elementor-element elementor-element-ceca32c elementor-section-boxed elementor-section-height-default elementor-section-height-default\" data-id=\"ceca32c\" data-element_type=\"section\">\n\t\t\t\t\t\t<div class=\"elementor-container elementor-column-gap-default\">\n\t\t\t\t\t<div class=\"elementor-column elementor-col-100 elementor-top-column elementor-element elementor-element-5a2e383\" data-id=\"5a2e383\" data-element_type=\"column\">\n\t\t\t<div class=\"elementor-widget-wrap elementor-element-populated\">\n\t\t\t\t\t\t<div class=\"elementor-element elementor-element-6cedf5f elementor-widget elementor-widget-heading\" data-id=\"6cedf5f\" data-element_type=\"widget\" data-widget_type=\"heading.default\">\n\t\t\t\t<div class=\"elementor-widget-container\">\n\t\t\t\t\t<h2 class=\"elementor-heading-title elementor-size-default\">Des entrepreneurs carib\u00e9ens venus chercher des partenaires<\/h2>\t\t\t\t<\/div>\n\t\t\t\t<\/div>\n\t\t\t\t<div class=\"elementor-element elementor-element-e93d1fb elementor-widget elementor-widget-text-editor\" data-id=\"e93d1fb\" data-element_type=\"widget\" data-widget_type=\"text-editor.default\">\n\t\t\t\t<div class=\"elementor-widget-container\">\n\t\t\t\t\t\t\t\t\t<p><span style=\"font-weight: 400;\">La Caribbean Business Cruise 6 a permis \u00e0 une dizaine d&#8217;entreprises de se pr\u00e9senter en deux minutes chrono avant d&#8217;amorcer des \u00e9changes en B2B. Un format volontairement resserr\u00e9 pour aller \u00e0 l&#8217;essentiel.<\/span><\/p><p><span style=\"font-weight: 400;\">Parmi les participantes anglophones, <\/span><b>Celia Samuel<\/b><span style=\"font-weight: 400;\">, repr\u00e9sentante de <\/span><a href=\"https:\/\/www.facebook.com\/gotoenterprise\/\" target=\"_blank\" rel=\"noopener nofollow\"><b>Go To Enterprise<\/b><\/a><span style=\"font-weight: 400;\"> (Antigua &amp; Barbuda) et membre du conseil d&#8217;administration de la Chambre de Commerce d&#8217;Antigua, \u00e9tait revenue pour la deuxi\u00e8me ann\u00e9e cons\u00e9cutive. Elle distribue des produits alimentaires en gros: fruits, l\u00e9gumes, viandes, produits agrotransform\u00e9s, depuis le producteur jusqu&#8217;au client final, et cherche des fabricants souhaitant exporter dans la Cara\u00efbe anglophone.<\/span><\/p>\t\t\t\t\t\t\t\t<\/div>\n\t\t\t\t<\/div>\n\t\t\t\t<div class=\"elementor-element elementor-element-0002c92 elementor-blockquote--skin-border elementor-widget elementor-widget-blockquote\" data-id=\"0002c92\" data-element_type=\"widget\" data-widget_type=\"blockquote.default\">\n\t\t\t\t<div class=\"elementor-widget-container\">\n\t\t\t\t\t\t\t<blockquote class=\"elementor-blockquote\">\n\t\t\t<p class=\"elementor-blockquote__content\">\n\t\t\t\t\u00ab I am passionate about working with other Caribbean islands and other Caribbean companies. Time waits for no man. So if you see an opportunity, jump on it. \u00bb\t\t\t<\/p>\n\t\t\t\t\t<\/blockquote>\n\t\t\t\t\t\t<\/div>\n\t\t\t\t<\/div>\n\t\t\t\t<div class=\"elementor-element elementor-element-5f1c8aa elementor-blockquote--skin-border elementor-widget elementor-widget-blockquote\" data-id=\"5f1c8aa\" data-element_type=\"widget\" data-widget_type=\"blockquote.default\">\n\t\t\t\t<div class=\"elementor-widget-container\">\n\t\t\t\t\t\t\t<blockquote class=\"elementor-blockquote\">\n\t\t\t<p class=\"elementor-blockquote__content\">\n\t\t\t\t\u00ab Je suis passionn\u00e9e par le travail avec les autres \u00eeles et entreprises de la Cara\u00efbe. Le temps n'attend personne. Alors si vous voyez une opportunit\u00e9, saisissez-la. \u00bb\t\t\t<\/p>\n\t\t\t\t\t\t\t<div class=\"e-q-footer\">\n\t\t\t\t\t\t\t\t\t\t\t<cite class=\"elementor-blockquote__author\">\u2014 Celia Samuel, Go To Enterprise, Antigua &amp; Barbuda<\/cite>\n\t\t\t\t\t\t\t\t\t\t\t\t\t\t<\/div>\n\t\t\t\t\t<\/blockquote>\n\t\t\t\t\t\t<\/div>\n\t\t\t\t<\/div>\n\t\t\t\t<div class=\"elementor-element elementor-element-82e389c elementor-widget elementor-widget-text-editor\" data-id=\"82e389c\" data-element_type=\"widget\" data-widget_type=\"text-editor.default\">\n\t\t\t\t<div class=\"elementor-widget-container\">\n\t\t\t\t\t\t\t\t\t<p><span style=\"font-weight: 400;\">Son t\u00e9moignage illustre concr\u00e8tement la valeur de la Caribbean Business Cruise : lors de l&#8217;\u00e9dition pr\u00e9c\u00e9dente, elle avait nou\u00e9 une relation avec un producteur de Grenade et est aujourd&#8217;hui distributrice exclusive de sa marque en Antigua, avec des perspectives d&#8217;extension \u00e0 d&#8217;autres \u00eeles.<\/span><\/p><p><b>Chantal Alexander<\/b><span style=\"font-weight: 400;\">, directrice g\u00e9n\u00e9rale d&#8217;<\/span><a href=\"https:\/\/abbysfoods.com\/wordpress\/\" target=\"_blank\" rel=\"noopener nofollow\"><b>Abby&#8217;s Exotic Blends<\/b><\/a><span style=\"font-weight: 400;\"> (Sainte-Lucie), pr\u00e9sentait quant \u00e0 elle une gamme de produits agrotransform\u00e9s sans conservateurs \u00e0 base de plantain, fruit \u00e0 pain, patate douce et banane verte, chips, confiseries, punches au rhum et recherchait des distributeurs ou des entreprises partenaires de production.<\/span><\/p>\t\t\t\t\t\t\t\t<\/div>\n\t\t\t\t<\/div>\n\t\t\t\t<div class=\"elementor-element elementor-element-e6b0c93 elementor-widget elementor-widget-text-editor\" data-id=\"e6b0c93\" data-element_type=\"widget\" data-widget_type=\"text-editor.default\">\n\t\t\t\t<div class=\"elementor-widget-container\">\n\t\t\t\t\t\t\t\t\t<p><span style=\"font-weight: 400;\">Du c\u00f4t\u00e9 guadeloup\u00e9en, les secteurs repr\u00e9sent\u00e9s couvraient un spectre large : cybers\u00e9curit\u00e9 avec <\/span><a href=\"https:\/\/www.cyber-corsaire.com\/\" target=\"_blank\" rel=\"noopener nofollow\"><b>CyberCorsaire<\/b><\/a><span style=\"font-weight: 400;\"> (<\/span><b>J\u00e9r\u00e9my Benallal)<\/b><span style=\"font-weight: 400;\">, ing\u00e9nierie de l&#8217;eau et des \u00e9nergies renouvelables avec <\/span><a href=\"https:\/\/www.eau-energycaraibes.com\/\" target=\"_blank\" rel=\"noopener nofollow\"><b>Prest&#8217;eau Cara\u00efbes<\/b><\/a><span style=\"font-weight: 400;\"> (<\/span><b>Luigi Apoari<\/b><span style=\"font-weight: 400;\">), conseil aux dirigeants avec <\/span><b>Auxiliaire \u00catre<\/b><span style=\"font-weight: 400;\"> (<\/span><b>Franciane Morvany<\/b><span style=\"font-weight: 400;\">), logiciels et formation num\u00e9rique avec <\/span><a href=\"https:\/\/isp-informatique.fr\/\" target=\"_blank\" rel=\"noopener nofollow\"><b>ISP Informatique<\/b><\/a><span style=\"font-weight: 400;\">, et valorisation culturelle et touristique avec l&#8217;association <\/span><a href=\"https:\/\/foutgwadabel.com\/\" target=\"_blank\" rel=\"noopener nofollow\"><b>Fout Gwada Bel<\/b><\/a><span style=\"font-weight: 400;\"> (<\/span><b>Leslie Morvany<\/b><span style=\"font-weight: 400;\">). La Chambre des M\u00e9tiers de l&#8217;Artisanat de la Guadeloupe \u00e9tait \u00e9galement pr\u00e9sente pour promouvoir son label Artisans Pays de Guadeloupe et explorer des synergies avec ses homologues martiniquais.<\/span><\/p>\t\t\t\t\t\t\t\t<\/div>\n\t\t\t\t<\/div>\n\t\t\t\t\t<\/div>\n\t\t<\/div>\n\t\t\t\t\t<\/div>\n\t\t<\/section>\n\t\t\t\t<section class=\"elementor-section elementor-top-section elementor-element elementor-element-9c88a89 elementor-section-boxed elementor-section-height-default elementor-section-height-default\" data-id=\"9c88a89\" data-element_type=\"section\">\n\t\t\t\t\t\t<div class=\"elementor-container elementor-column-gap-default\">\n\t\t\t\t\t<div class=\"elementor-column elementor-col-100 elementor-top-column elementor-element elementor-element-78cf5d1\" data-id=\"78cf5d1\" data-element_type=\"column\">\n\t\t\t<div class=\"elementor-widget-wrap elementor-element-populated\">\n\t\t\t\t\t\t<div class=\"elementor-element elementor-element-ea2a5c1 elementor-widget elementor-widget-heading\" data-id=\"ea2a5c1\" data-element_type=\"widget\" data-widget_type=\"heading.default\">\n\t\t\t\t<div class=\"elementor-widget-container\">\n\t\t\t\t\t<h2 class=\"elementor-heading-title elementor-size-default\">Un mindset \u00e0 construire<\/h2>\t\t\t\t<\/div>\n\t\t\t\t<\/div>\n\t\t\t\t<div class=\"elementor-element elementor-element-e305eee elementor-widget elementor-widget-text-editor\" data-id=\"e305eee\" data-element_type=\"widget\" data-widget_type=\"text-editor.default\">\n\t\t\t\t<div class=\"elementor-widget-container\">\n\t\t\t\t\t\t\t\t\t<p><span style=\"font-weight: 400;\">Isabelle Adelis Flandrina a tenu \u00e0 nommer une r\u00e9alit\u00e9 que la salle conna\u00eet bien : les entrepreneurs francophones et anglophones n&#8217;arrivent pas aux m\u00eames rencontres avec le m\u00eame \u00e9tat d&#8217;esprit.<\/span><\/p>\t\t\t\t\t\t\t\t<\/div>\n\t\t\t\t<\/div>\n\t\t\t\t<div class=\"elementor-element elementor-element-33a215b elementor-blockquote--skin-border elementor-widget elementor-widget-blockquote\" data-id=\"33a215b\" data-element_type=\"widget\" data-widget_type=\"blockquote.default\">\n\t\t\t\t<div class=\"elementor-widget-container\">\n\t\t\t\t\t\t\t<blockquote class=\"elementor-blockquote\">\n\t\t\t<p class=\"elementor-blockquote__content\">\n\t\t\t\t Le c\u00f4t\u00e9 anglais, eux, quand ils y vont, ils y vont pour faire du business. Clairement, s'ils viennent vous rencontrer, c'est pour savoir si vous pouvez r\u00e9pondre \u00e0 leur demande. \u00bb\t\t\t<\/p>\n\t\t\t\t\t\t\t<div class=\"e-q-footer\">\n\t\t\t\t\t\t\t\t\t\t\t<cite class=\"elementor-blockquote__author\">\u2014 Isabelle Adelis Flandrina<\/cite>\n\t\t\t\t\t\t\t\t\t\t\t\t\t\t<\/div>\n\t\t\t\t\t<\/blockquote>\n\t\t\t\t\t\t<\/div>\n\t\t\t\t<\/div>\n\t\t\t\t<div class=\"elementor-element elementor-element-767c733 elementor-widget elementor-widget-text-editor\" data-id=\"767c733\" data-element_type=\"widget\" data-widget_type=\"text-editor.default\">\n\t\t\t\t<div class=\"elementor-widget-container\">\n\t\t\t\t\t\t\t\t\t<p><span style=\"font-weight: 400;\">Cette diff\u00e9rence de culture entrepreneuriale revient comme un fil conducteur dans les CBC successives. La d\u00e9l\u00e9gation martiniquaise et carib\u00e9enne \u00e9taient, cette ann\u00e9e, plus prudente que pr\u00e9vu: la fondatrice \u00e9voque notamment le contexte g\u00e9opolitique carib\u00e9en li\u00e9 aux politiques am\u00e9ricaines et son impact sur les dynamiques d&#8217;affaires r\u00e9gionales. Une d\u00e9l\u00e9gation ha\u00eftienne, initialement pr\u00e9vue, n&#8217;a pas pu se joindre \u00e0 l&#8217;\u00e9v\u00e9nement pour des raisons logistiques.<\/span><\/p>\t\t\t\t\t\t\t\t<\/div>\n\t\t\t\t<\/div>\n\t\t\t\t<div class=\"elementor-element elementor-element-76e3bad elementor-widget elementor-widget-text-editor\" data-id=\"76e3bad\" data-element_type=\"widget\" data-widget_type=\"text-editor.default\">\n\t\t\t\t<div class=\"elementor-widget-container\">\n\t\t\t\t\t\t\t\t\t<p><span style=\"font-weight: 400;\">Malgr\u00e9 ces absences, la Caribbean Business Cruise\u00a0 2026 a confirm\u00e9 l&#8217;utilit\u00e9 de ces rendez-vous r\u00e9gionaux. Les \u00e9changes B2B qui ont suivi les pr\u00e9sentations, dans le hall de l&#8217;Assembl\u00e9e, ont mat\u00e9rialis\u00e9 ce que la CBC cherche \u00e0 provoquer : des connexions r\u00e9elles entre des acteurs qui, g\u00e9ographiquement proches, ne se croisent pas spontan\u00e9ment.<\/span><\/p>\t\t\t\t\t\t\t\t<\/div>\n\t\t\t\t<\/div>\n\t\t\t\t<div class=\"elementor-element elementor-element-3d31598 elementor-widget elementor-widget-text-editor\" data-id=\"3d31598\" data-element_type=\"widget\" data-widget_type=\"text-editor.default\">\n\t\t\t\t<div class=\"elementor-widget-container\">\n\t\t\t\t\t\t\t\t\t<p><a href=\"https:\/\/www.digicelbusiness.fr\/\" target=\"_blank\" rel=\"noopener nofollow\"><b>Digicel Business<\/b><\/a><span style=\"font-weight: 400;\">, partenaire de l&#8217;\u00e9v\u00e9nement, a soulign\u00e9 par la voix de son directeur administratif et financier <\/span><b>Ren\u00e9 Klock<\/b><span style=\"font-weight: 400;\"> l&#8217;importance de ce type d&#8217;initiative pour renforcer le tissu \u00e9conomique r\u00e9gional autour des TPE et PME carib\u00e9ennes.<\/span><\/p><p><span style=\"font-weight: 400;\">La 7e \u00e9dition de la Caribbean Business Cruise est d\u00e9j\u00e0 en perspective avec, selon les organisateurs, l&#8217;espoir d&#8217;une d\u00e9l\u00e9gation martiniquaise plus fournie \u00e0 bord.<\/span><\/p>\t\t\t\t\t\t\t\t<\/div>\n\t\t\t\t<\/div>\n\t\t\t\t<div class=\"elementor-element elementor-element-101ef5b elementor-widget elementor-widget-image\" data-id=\"101ef5b\" data-element_type=\"widget\" data-widget_type=\"image.default\">\n\t\t\t\t<div class=\"elementor-widget-container\">\n\t\t\t\t\t\t\t\t\t\t\t\t<figure class=\"wp-caption\">\n\t\t\t\t\t\t\t\t\t\t<img loading=\"lazy\" decoding=\"async\" width=\"439\" height=\"1024\" src=\"https:\/\/richeskarayib.com\/wp-content\/uploads\/2026\/03\/Rene-Klock-439x1024.jpeg\" class=\"attachment-large size-large wp-image-70848\" alt=\"Caribbean Business Cruise\" srcset=\"https:\/\/richeskarayib.com\/wp-content\/uploads\/2026\/03\/Rene-Klock-439x1024.jpeg 439w, https:\/\/richeskarayib.com\/wp-content\/uploads\/2026\/03\/Rene-Klock-129x300.jpeg 129w, https:\/\/richeskarayib.com\/wp-content\/uploads\/2026\/03\/Rene-Klock-659x1536.jpeg 659w, https:\/\/richeskarayib.com\/wp-content\/uploads\/2026\/03\/Rene-Klock.jpeg 686w\" sizes=\"(max-width: 439px) 100vw, 439px\" \/>\t\t\t\t\t\t\t\t\t\t\t<figcaption class=\"widget-image-caption wp-caption-text\">Rene\u0301 Klock<\/figcaption>\n\t\t\t\t\t\t\t\t\t\t<\/figure>\n\t\t\t\t\t\t\t\t\t<\/div>\n\t\t\t\t<\/div>\n\t\t\t\t\t<\/div>\n\t\t<\/div>\n\t\t\t\t\t<\/div>\n\t\t<\/section>\n\t\t\t\t<section class=\"elementor-section elementor-top-section elementor-element elementor-element-f5709a6 elementor-section-boxed elementor-section-height-default elementor-section-height-default\" data-id=\"f5709a6\" data-element_type=\"section\">\n\t\t\t\t\t\t<div class=\"elementor-container elementor-column-gap-default\">\n\t\t\t\t\t<div class=\"elementor-column elementor-col-100 elementor-top-column elementor-element elementor-element-957be6f\" data-id=\"957be6f\" data-element_type=\"column\">\n\t\t\t<div class=\"elementor-widget-wrap elementor-element-populated\">\n\t\t\t\t\t\t<div class=\"elementor-element elementor-element-63e5d4a elementor-widget elementor-widget-accordion\" data-id=\"63e5d4a\" data-element_type=\"widget\" data-widget_type=\"accordion.default\">\n\t\t\t\t<div class=\"elementor-widget-container\">\n\t\t\t\t\t\t\t<div class=\"elementor-accordion\">\n\t\t\t\t\t\t\t<div class=\"elementor-accordion-item\">\n\t\t\t\t\t<div id=\"elementor-tab-title-1041\" class=\"elementor-tab-title\" data-tab=\"1\" role=\"button\" aria-controls=\"elementor-tab-content-1041\" aria-expanded=\"false\">\n\t\t\t\t\t\t\t\t\t\t\t\t\t<span class=\"elementor-accordion-icon elementor-accordion-icon-left\" aria-hidden=\"true\">\n\t\t\t\t\t\t\t\t\t\t\t\t\t\t\t<span class=\"elementor-accordion-icon-closed\"><i class=\"fas fa-plus\"><\/i><\/span>\n\t\t\t\t\t\t\t\t<span class=\"elementor-accordion-icon-opened\"><i class=\"fas fa-minus\"><\/i><\/span>\n\t\t\t\t\t\t\t\t\t\t\t\t\t\t<\/span>\n\t\t\t\t\t\t\t\t\t\t\t\t<a class=\"elementor-accordion-title\" tabindex=\"0\">Qu'est-ce que la Caribbean Business Cruise ?<\/a>\n\t\t\t\t\t<\/div>\n\t\t\t\t\t<div id=\"elementor-tab-content-1041\" class=\"elementor-tab-content elementor-clearfix\" data-tab=\"1\" role=\"region\" aria-labelledby=\"elementor-tab-title-1041\"><p><span style=\"font-weight: 400;\">La Caribbean Business Cruise (CBC) est la premi\u00e8re croisi\u00e8re d&#8217;affaires carib\u00e9enne, cr\u00e9\u00e9e en 2019 par Isanaja Consulting. Elle r\u00e9unit chaque ann\u00e9e des chefs d&#8217;entreprise de toute la Cara\u00efbe \u2014 francophones, anglophones et hispanophones \u2014 pour des \u00e9changes B2B et des opportunit\u00e9s de partenariats r\u00e9gionaux. La 6e \u00e9dition s&#8217;est tenue le 14 mars 2026 \u00e0 Fort-de-France, en Martinique.<\/span><\/p><\/div>\n\t\t\t\t<\/div>\n\t\t\t\t\t\t\t<div class=\"elementor-accordion-item\">\n\t\t\t\t\t<div id=\"elementor-tab-title-1042\" class=\"elementor-tab-title\" data-tab=\"2\" role=\"button\" aria-controls=\"elementor-tab-content-1042\" aria-expanded=\"false\">\n\t\t\t\t\t\t\t\t\t\t\t\t\t<span class=\"elementor-accordion-icon elementor-accordion-icon-left\" aria-hidden=\"true\">\n\t\t\t\t\t\t\t\t\t\t\t\t\t\t\t<span class=\"elementor-accordion-icon-closed\"><i class=\"fas fa-plus\"><\/i><\/span>\n\t\t\t\t\t\t\t\t<span class=\"elementor-accordion-icon-opened\"><i class=\"fas fa-minus\"><\/i><\/span>\n\t\t\t\t\t\t\t\t\t\t\t\t\t\t<\/span>\n\t\t\t\t\t\t\t\t\t\t\t\t<a class=\"elementor-accordion-title\" tabindex=\"0\">Pourquoi la Martinique est-elle pr\u00e9sent\u00e9e comme une terre d'opportunit\u00e9s pour les investisseurs carib\u00e9ens ?<\/a>\n\t\t\t\t\t<\/div>\n\t\t\t\t\t<div id=\"elementor-tab-content-1042\" class=\"elementor-tab-content elementor-clearfix\" data-tab=\"2\" role=\"region\" aria-labelledby=\"elementor-tab-title-1042\"><p><span style=\"font-weight: 400;\">La Martinique dispose d&#8217;un PIB de plus de 10 milliards d&#8217;euros, d&#8217;une \u00e9conomie largement tertiaire et de secteurs porteurs identifi\u00e9s : tourisme, \u00e9nergies renouvelables et num\u00e9rique. Martinique D\u00e9veloppement et la CCI de la Martinique proposent un accompagnement sur mesure \u00e0 l&#8217;installation et \u00e0 l&#8217;export, avec des aides pouvant couvrir 50 \u00e0 75 % des co\u00fbts de missions internationales pour les entreprises fran\u00e7aises.<\/span><\/p><\/div>\n\t\t\t\t<\/div>\n\t\t\t\t\t\t\t<div class=\"elementor-accordion-item\">\n\t\t\t\t\t<div id=\"elementor-tab-title-1043\" class=\"elementor-tab-title\" data-tab=\"3\" role=\"button\" aria-controls=\"elementor-tab-content-1043\" aria-expanded=\"false\">\n\t\t\t\t\t\t\t\t\t\t\t\t\t<span class=\"elementor-accordion-icon elementor-accordion-icon-left\" aria-hidden=\"true\">\n\t\t\t\t\t\t\t\t\t\t\t\t\t\t\t<span class=\"elementor-accordion-icon-closed\"><i class=\"fas fa-plus\"><\/i><\/span>\n\t\t\t\t\t\t\t\t<span class=\"elementor-accordion-icon-opened\"><i class=\"fas fa-minus\"><\/i><\/span>\n\t\t\t\t\t\t\t\t\t\t\t\t\t\t<\/span>\n\t\t\t\t\t\t\t\t\t\t\t\t<a class=\"elementor-accordion-title\" tabindex=\"0\">Quels secteurs \u00e9taient repr\u00e9sent\u00e9s lors de la CBC 6 en Martinique ?<\/a>\n\t\t\t\t\t<\/div>\n\t\t\t\t\t<div id=\"elementor-tab-content-1043\" class=\"elementor-tab-content elementor-clearfix\" data-tab=\"3\" role=\"region\" aria-labelledby=\"elementor-tab-title-1043\"><p><span style=\"font-weight: 400;\">La 6e \u00e9dition de la Caribbean Business Cruise \u00e0 Fort-de-France a rassembl\u00e9 des entreprises dans cinq secteurs : l&#8217;agro-transformation (Abby&#8217;s Exotic Blends, Sainte-Lucie), la cybers\u00e9curit\u00e9 (CyberCorsaire, Guadeloupe), l&#8217;ing\u00e9nierie de l&#8217;eau et l&#8217;environnement (Prest&#8217;eau Cara\u00efbes, Guadeloupe), la distribution et le commerce international (Go To Enterprise, Antigua), et la formation et l&#8217;accompagnement des entreprises.<\/span><\/p><\/div>\n\t\t\t\t<\/div>\n\t\t\t\t\t\t\t\t<\/div>\n\t\t\t\t\t\t<\/div>\n\t\t\t\t<\/div>\n\t\t\t\t\t<\/div>\n\t\t<\/div>\n\t\t\t\t\t<\/div>\n\t\t<\/section>\n\t\t\t\t<\/div>\n\t\t","protected":false},"excerpt":{"rendered":"<p>Le samedi 14 mars 2026, l&#8217;h\u00f4tel de l&#8217;Assembl\u00e9e de la CTM \u00e0 Fort-de-France a accueilli la 6e \u00e9dition de la Caribbean Business Cruise (CBC). Organis\u00e9e par Isanaja Consulting en partenariat avec Martinique D\u00e9veloppement, cette matin\u00e9e \u00e9conomique a r\u00e9uni des entrepreneurs carib\u00e9ens venus de Guadeloupe, de Sainte-Lucie et d&#8217;Antigua &amp; Barbuda autour d&#8217;un objectif commun : [&hellip;]<\/p>\n","protected":false},"author":662,"featured_media":70852,"comment_status":"open","ping_status":"open","sticky":false,"template":"","format":"standard","meta":{"_acf_changed":false,"footnotes":""},"categories":[1785],"tags":[1690,1545,808,1599],"class_list":["post-70831","post","type-post","status-publish","format-standard","has-post-thumbnail","hentry","category-cooperation","tag-antigua-et-barbuda","tag-guadeloupe-2","tag-martinique-fr","tag-sainte-lucie-fr"],"acf":[],"_links":{"self":[{"href":"https:\/\/richeskarayib.com\/fr\/wp-json\/wp\/v2\/posts\/70831","targetHints":{"allow":["GET"]}}],"collection":[{"href":"https:\/\/richeskarayib.com\/fr\/wp-json\/wp\/v2\/posts"}],"about":[{"href":"https:\/\/richeskarayib.com\/fr\/wp-json\/wp\/v2\/types\/post"}],"author":[{"embeddable":true,"href":"https:\/\/richeskarayib.com\/fr\/wp-json\/wp\/v2\/users\/662"}],"replies":[{"embeddable":true,"href":"https:\/\/richeskarayib.com\/fr\/wp-json\/wp\/v2\/comments?post=70831"}],"version-history":[{"count":0,"href":"https:\/\/richeskarayib.com\/fr\/wp-json\/wp\/v2\/posts\/70831\/revisions"}],"wp:featuredmedia":[{"embeddable":true,"href":"https:\/\/richeskarayib.com\/fr\/wp-json\/wp\/v2\/media\/70852"}],"wp:attachment":[{"href":"https:\/\/richeskarayib.com\/fr\/wp-json\/wp\/v2\/media?parent=70831"}],"wp:term":[{"taxonomy":"category","embeddable":true,"href":"https:\/\/richeskarayib.com\/fr\/wp-json\/wp\/v2\/categories?post=70831"},{"taxonomy":"post_tag","embeddable":true,"href":"https:\/\/richeskarayib.com\/fr\/wp-json\/wp\/v2\/tags?post=70831"}],"curies":[{"name":"wp","href":"https:\/\/api.w.org\/{rel}","templated":true}]}}