{"id":70858,"date":"2026-03-17T11:30:08","date_gmt":"2026-03-17T15:30:08","guid":{"rendered":"https:\/\/richeskarayib.com\/?p=70858"},"modified":"2026-03-17T11:37:43","modified_gmt":"2026-03-17T15:37:43","slug":"diffusion-artistique-martinique-onda","status":"publish","type":"post","link":"https:\/\/richeskarayib.com\/fr\/diffusion-artistique-martinique-onda\/","title":{"rendered":"Diffusion artistique en Martinique : l&#8217;ONDA ouvre les portes de l&#8217;Hexagone aux artistes ultramarins"},"content":{"rendered":"\t\t<div data-elementor-type=\"wp-post\" data-elementor-id=\"70858\" class=\"elementor elementor-70858\" data-elementor-post-type=\"post\">\n\t\t\t\t\t\t<section class=\"elementor-section elementor-top-section elementor-element elementor-element-7ca7ca1 elementor-section-boxed elementor-section-height-default elementor-section-height-default\" data-id=\"7ca7ca1\" data-element_type=\"section\">\n\t\t\t\t\t\t<div class=\"elementor-container elementor-column-gap-default\">\n\t\t\t\t\t<div class=\"elementor-column elementor-col-100 elementor-top-column elementor-element elementor-element-cbdd002\" data-id=\"cbdd002\" data-element_type=\"column\">\n\t\t\t<div class=\"elementor-widget-wrap elementor-element-populated\">\n\t\t\t\t\t\t<section class=\"elementor-section elementor-inner-section elementor-element elementor-element-bc94849 elementor-section-boxed elementor-section-height-default elementor-section-height-default\" data-id=\"bc94849\" data-element_type=\"section\">\n\t\t\t\t\t\t<div class=\"elementor-container elementor-column-gap-default\">\n\t\t\t\t\t\t<\/div>\n\t\t<\/section>\n\t\t\t\t<section class=\"elementor-section elementor-inner-section elementor-element elementor-element-61571e6 elementor-section-boxed elementor-section-height-default elementor-section-height-default\" data-id=\"61571e6\" data-element_type=\"section\">\n\t\t\t\t\t\t<div class=\"elementor-container elementor-column-gap-default\">\n\t\t\t\t\t\t<\/div>\n\t\t<\/section>\n\t\t\t\t<section class=\"elementor-section elementor-inner-section elementor-element elementor-element-b6262e0 elementor-section-boxed elementor-section-height-default elementor-section-height-default\" data-id=\"b6262e0\" data-element_type=\"section\">\n\t\t\t\t\t\t<div class=\"elementor-container elementor-column-gap-default\">\n\t\t\t\t\t\t<\/div>\n\t\t<\/section>\n\t\t\t\t<section class=\"elementor-section elementor-inner-section elementor-element elementor-element-cca29fd elementor-section-boxed elementor-section-height-default elementor-section-height-default\" data-id=\"cca29fd\" data-element_type=\"section\">\n\t\t\t\t\t\t<div class=\"elementor-container elementor-column-gap-default\">\n\t\t\t\t\t\t<\/div>\n\t\t<\/section>\n\t\t\t\t\t<\/div>\n\t\t<\/div>\n\t\t\t\t\t<\/div>\n\t\t<\/section>\n\t\t\t\t<section class=\"elementor-section elementor-top-section elementor-element elementor-element-ee72354 elementor-section-boxed elementor-section-height-default elementor-section-height-default\" data-id=\"ee72354\" data-element_type=\"section\">\n\t\t\t\t\t\t<div class=\"elementor-container elementor-column-gap-default\">\n\t\t\t\t\t<div class=\"elementor-column elementor-col-100 elementor-top-column elementor-element elementor-element-c59d6fe\" data-id=\"c59d6fe\" data-element_type=\"column\">\n\t\t\t<div class=\"elementor-widget-wrap elementor-element-populated\">\n\t\t\t\t\t\t<div class=\"elementor-element elementor-element-e57451f elementor-widget elementor-widget-text-editor\" data-id=\"e57451f\" data-element_type=\"widget\" data-widget_type=\"text-editor.default\">\n\t\t\t\t<div class=\"elementor-widget-container\">\n\t\t\t\t\t\t\t\t\t<p><span style=\"font-weight: 400;\">Du 16 au 21 mars 2026, 35 programmateurs et programmatrices venus de France hexagonale, du Qu\u00e9bec et des territoires ultramarins sont en <a href=\"https:\/\/richeskarayib.com\/fr\/happy-place-by-artimuse-maryl-musard-artiste\/\" target=\"_blank\" rel=\"noopener\">Martinique<\/a> pour rencontrer artistes et compagnies locales. Organis\u00e9e par l&#8217;<a href=\"https:\/\/www.onda.fr\/\" target=\"_blank\" rel=\"noopener nofollow\">Office National de Diffusion Artistique<\/a> (ONDA), cette semaine de rencontres est une opportunit\u00e9 concr\u00e8te pour les professionnels du spectacle vivant martiniquais de tisser des liens durables avec des lieux de diffusion nationaux et internationaux.<\/span><\/p>\t\t\t\t\t\t\t\t<\/div>\n\t\t\t\t<\/div>\n\t\t\t\t\t<\/div>\n\t\t<\/div>\n\t\t\t\t\t<\/div>\n\t\t<\/section>\n\t\t\t\t<section class=\"elementor-section elementor-top-section elementor-element elementor-element-82cd8f9 elementor-section-boxed elementor-section-height-default elementor-section-height-default\" data-id=\"82cd8f9\" data-element_type=\"section\">\n\t\t\t\t\t\t<div class=\"elementor-container elementor-column-gap-default\">\n\t\t\t\t\t<div class=\"elementor-column elementor-col-100 elementor-top-column elementor-element elementor-element-0bfdc38\" data-id=\"0bfdc38\" data-element_type=\"column\">\n\t\t\t<div class=\"elementor-widget-wrap elementor-element-populated\">\n\t\t\t\t\t\t<div class=\"elementor-element elementor-element-7d292fe elementor-widget elementor-widget-heading\" data-id=\"7d292fe\" data-element_type=\"widget\" data-widget_type=\"heading.default\">\n\t\t\t\t<div class=\"elementor-widget-container\">\n\t\t\t\t\t<h2 class=\"elementor-heading-title elementor-size-default\">Une d\u00e9l\u00e9gation in\u00e9dite pour la diffusion artistique en Martinique<\/h2>\t\t\t\t<\/div>\n\t\t\t\t<\/div>\n\t\t\t\t<div class=\"elementor-element elementor-element-96caf50 elementor-widget elementor-widget-text-editor\" data-id=\"96caf50\" data-element_type=\"widget\" data-widget_type=\"text-editor.default\">\n\t\t\t\t<div class=\"elementor-widget-container\">\n\t\t\t\t\t\t\t\t\t<p><span style=\"font-weight: 400;\">Trente-cinq professionnels du spectacle vivant ont fait le d\u00e9placement jusqu&#8217;en <a href=\"https:\/\/richeskarayib.com\/fr\/fanm-dijital-2025-sabrina-ajax-grand-prix\/\" target=\"_blank\" rel=\"noopener\">Martinique<\/a> cette semaine. Parmi eux : des directeurs de sc\u00e8nes nationales, des programmateurs de festivals\u00a0 dont la co-rectrice de la programmation du Festival d&#8217;Avignon, des responsables de centres dramatiques nationaux, ainsi qu&#8217;un directeur de festival jeune public venu de Montr\u00e9al. Une composition qui t\u00e9moigne de l&#8217;int\u00e9r\u00eat croissant du r\u00e9seau hexagonal pour les cr\u00e9ations martiniquaises.<\/span><\/p>\t\t\t\t\t\t\t\t<\/div>\n\t\t\t\t<\/div>\n\t\t\t\t<div class=\"elementor-element elementor-element-f9a81a5 elementor-blockquote--skin-border elementor-widget elementor-widget-blockquote\" data-id=\"f9a81a5\" data-element_type=\"widget\" data-widget_type=\"blockquote.default\">\n\t\t\t\t<div class=\"elementor-widget-container\">\n\t\t\t\t\t\t\t<blockquote class=\"elementor-blockquote\">\n\t\t\t<p class=\"elementor-blockquote__content\">\n\t\t\t\t\u00ab Pour la premi\u00e8re fois, il y a des gens de tous les territoires ultramarins dans la d\u00e9l\u00e9gation. Il y a des Guadeloup\u00e9ens, des R\u00e9unionnais, des Guyanais. Et un programmateur qu\u00e9b\u00e9cois aussi, en se disant que ce n'est pas si loin. \u00bb\t\t\t<\/p>\n\t\t\t\t\t\t\t<div class=\"e-q-footer\">\n\t\t\t\t\t\t\t\t\t\t\t<cite class=\"elementor-blockquote__author\">\u2014 Marie-Pia Bureau, directrice de l'ONDA<\/cite>\n\t\t\t\t\t\t\t\t\t\t\t\t\t\t<\/div>\n\t\t\t\t\t<\/blockquote>\n\t\t\t\t\t\t<\/div>\n\t\t\t\t<\/div>\n\t\t\t\t<div class=\"elementor-element elementor-element-df8c0a8 elementor-widget elementor-widget-image\" data-id=\"df8c0a8\" data-element_type=\"widget\" data-widget_type=\"image.default\">\n\t\t\t\t<div class=\"elementor-widget-container\">\n\t\t\t\t\t\t\t\t\t\t\t\t<figure class=\"wp-caption\">\n\t\t\t\t\t\t\t\t\t\t<img fetchpriority=\"high\" decoding=\"async\" width=\"719\" height=\"1024\" src=\"https:\/\/richeskarayib.com\/wp-content\/uploads\/2026\/03\/Marie-Pia-Bureau-719x1024.jpeg\" class=\"attachment-large size-large wp-image-70863\" alt=\"ONDA\" srcset=\"https:\/\/richeskarayib.com\/wp-content\/uploads\/2026\/03\/Marie-Pia-Bureau-719x1024.jpeg 719w, https:\/\/richeskarayib.com\/wp-content\/uploads\/2026\/03\/Marie-Pia-Bureau-211x300.jpeg 211w, https:\/\/richeskarayib.com\/wp-content\/uploads\/2026\/03\/Marie-Pia-Bureau-768x1094.jpeg 768w, https:\/\/richeskarayib.com\/wp-content\/uploads\/2026\/03\/Marie-Pia-Bureau-1079x1536.jpeg 1079w, https:\/\/richeskarayib.com\/wp-content\/uploads\/2026\/03\/Marie-Pia-Bureau.jpeg 1080w\" sizes=\"(max-width: 719px) 100vw, 719px\" \/>\t\t\t\t\t\t\t\t\t\t\t<figcaption class=\"widget-image-caption wp-caption-text\">Marie-Pia Bureau<\/figcaption>\n\t\t\t\t\t\t\t\t\t\t<\/figure>\n\t\t\t\t\t\t\t\t\t<\/div>\n\t\t\t\t<\/div>\n\t\t\t\t<div class=\"elementor-element elementor-element-dfd6c9a elementor-widget elementor-widget-text-editor\" data-id=\"dfd6c9a\" data-element_type=\"widget\" data-widget_type=\"text-editor.default\">\n\t\t\t\t<div class=\"elementor-widget-container\">\n\t\t\t\t\t\t\t\t\t<p><span style=\"font-weight: 400;\">La d\u00e9l\u00e9gation a \u00e9t\u00e9 \u00e9labor\u00e9e en co-construction avec la <a href=\"https:\/\/www.culture.gouv.fr\/regions\/dac-martinique\/la-direction-des-affaires-culturelles-dac\" target=\"_blank\" rel=\"noopener nofollow\">Direction des Affaires Culturelles<\/a> (DAC), Tropiques Atrium Sc\u00e8ne Nationale, Korz\u00e9mo L&#8217;Envol, Les Coulisses de Saint-Esprit et d&#8217;autres structures de proximit\u00e9. Ce maillage territorial garantit que les rencontres refl\u00e8tent la diversit\u00e9 r\u00e9elle de l&#8217;\u00e9cosyst\u00e8me artistique de l&#8217;\u00eele.<\/span><\/p>\t\t\t\t\t\t\t\t<\/div>\n\t\t\t\t<\/div>\n\t\t\t\t<section class=\"elementor-section elementor-inner-section elementor-element elementor-element-c582330 elementor-section-boxed elementor-section-height-default elementor-section-height-default\" data-id=\"c582330\" data-element_type=\"section\">\n\t\t\t\t\t\t<div class=\"elementor-container elementor-column-gap-default\">\n\t\t\t\t\t\t<\/div>\n\t\t<\/section>\n\t\t\t\t<section class=\"elementor-section elementor-inner-section elementor-element elementor-element-296603a elementor-section-boxed elementor-section-height-default elementor-section-height-default\" data-id=\"296603a\" data-element_type=\"section\">\n\t\t\t\t\t\t<div class=\"elementor-container elementor-column-gap-default\">\n\t\t\t\t\t\t<\/div>\n\t\t<\/section>\n\t\t\t\t\t<\/div>\n\t\t<\/div>\n\t\t\t\t\t<\/div>\n\t\t<\/section>\n\t\t\t\t<section class=\"elementor-section elementor-top-section elementor-element elementor-element-bdd0219 elementor-section-boxed elementor-section-height-default elementor-section-height-default\" data-id=\"bdd0219\" data-element_type=\"section\">\n\t\t\t\t\t\t<div class=\"elementor-container elementor-column-gap-default\">\n\t\t\t\t\t<div class=\"elementor-column elementor-col-100 elementor-top-column elementor-element elementor-element-c1ec903\" data-id=\"c1ec903\" data-element_type=\"column\">\n\t\t\t<div class=\"elementor-widget-wrap elementor-element-populated\">\n\t\t\t\t\t\t<div class=\"elementor-element elementor-element-55dd336 elementor-widget elementor-widget-heading\" data-id=\"55dd336\" data-element_type=\"widget\" data-widget_type=\"heading.default\">\n\t\t\t\t<div class=\"elementor-widget-container\">\n\t\t\t\t\t<h2 class=\"elementor-heading-title elementor-size-default\">Des disciplines multiples, des artistes professionnels<\/h2>\t\t\t\t<\/div>\n\t\t\t\t<\/div>\n\t\t\t\t<div class=\"elementor-element elementor-element-9cd513e elementor-widget elementor-widget-text-editor\" data-id=\"9cd513e\" data-element_type=\"widget\" data-widget_type=\"text-editor.default\">\n\t\t\t\t<div class=\"elementor-widget-container\">\n\t\t\t\t\t\t\t\t\t<p><span style=\"font-weight: 400;\">Les rencontres couvrent l&#8217;ensemble des champs du spectacle vivant : th\u00e9\u00e2tre, danse, cirque, musique de cr\u00e9ation (jazz improvis\u00e9, musiques contemporaines), arts de la parole et arts visuels. Cette derni\u00e8re dimension constitue une sp\u00e9cificit\u00e9 martiniquaise reconnue par la d\u00e9l\u00e9gation elle-m\u00eame plusieurs lieux repr\u00e9sent\u00e9s disposent de galeries et s&#8217;int\u00e9ressent aux artistes plasticiens.<\/span><\/p><p><span style=\"font-weight: 400;\">Les artistes rencontr\u00e9s cette semaine sont des professionnels, parfois tr\u00e8s jeunes et encore \u00e9mergents, mais inscrits dans une d\u00e9marche de cr\u00e9ation contemporaine. L&#8217;ONDA n&#8217;accompagne pas la reproduction de formes traditionnelles \u00e0 proprement parler, mais s&#8217;int\u00e9resse aux d\u00e9marches qui travaillent la tradition pour l&#8217;emmener ailleurs.<\/span><\/p>\t\t\t\t\t\t\t\t<\/div>\n\t\t\t\t<\/div>\n\t\t\t\t<div class=\"elementor-element elementor-element-83c0749 elementor-blockquote--skin-border elementor-widget elementor-widget-blockquote\" data-id=\"83c0749\" data-element_type=\"widget\" data-widget_type=\"blockquote.default\">\n\t\t\t\t<div class=\"elementor-widget-container\">\n\t\t\t\t\t\t\t<blockquote class=\"elementor-blockquote\">\n\t\t\t<p class=\"elementor-blockquote__content\">\n\t\t\t\t\u00ab Ce qu'on encourage, c'est plut\u00f4t les d\u00e9marches contemporaines. Parfois la tradition est tr\u00e8s int\u00e9ressante quand elle n'est pas juste sur de la reproduction de gestes, mais qu'elle emm\u00e8ne aussi quelque part. \u00bb\t\t\t<\/p>\n\t\t\t\t\t\t\t<div class=\"e-q-footer\">\n\t\t\t\t\t\t\t\t\t\t\t<cite class=\"elementor-blockquote__author\">\u2014 Marie-Pia Bureau, directrice de l'ONDA<\/cite>\n\t\t\t\t\t\t\t\t\t\t\t\t\t\t<\/div>\n\t\t\t\t\t<\/blockquote>\n\t\t\t\t\t\t<\/div>\n\t\t\t\t<\/div>\n\t\t\t\t<section class=\"elementor-section elementor-inner-section elementor-element elementor-element-92f4402 elementor-section-boxed elementor-section-height-default elementor-section-height-default\" data-id=\"92f4402\" data-element_type=\"section\">\n\t\t\t\t\t\t<div class=\"elementor-container elementor-column-gap-default\">\n\t\t\t\t\t\t<\/div>\n\t\t<\/section>\n\t\t\t\t<div class=\"elementor-element elementor-element-1f7f290 elementor-widget elementor-widget-text-editor\" data-id=\"1f7f290\" data-element_type=\"widget\" data-widget_type=\"text-editor.default\">\n\t\t\t\t<div class=\"elementor-widget-container\">\n\t\t\t\t\t\t\t\t\t<p><span style=\"font-weight: 400;\">Environ cinquante artistes martiniquais sont pr\u00e9sent\u00e9s au cours de la semaine, dans des formats vari\u00e9s : spectacles en salle, pr\u00e9sentations en d\u00e9ambulation sur le territoire, tables de travail. Certains n&#8217;ont pas l&#8217;espace pour montrer un spectacle complet, mais peuvent pr\u00e9senter leur travail directement aux programmateurs ce qui, \u00e0 ce niveau de r\u00e9seau, est d\u00e9j\u00e0 une \u00e9tape d\u00e9cisive.<\/span><\/p>\t\t\t\t\t\t\t\t<\/div>\n\t\t\t\t<\/div>\n\t\t\t\t<section class=\"elementor-section elementor-inner-section elementor-element elementor-element-2517d0b elementor-section-boxed elementor-section-height-default elementor-section-height-default\" data-id=\"2517d0b\" data-element_type=\"section\">\n\t\t\t\t\t\t<div class=\"elementor-container elementor-column-gap-default\">\n\t\t\t\t\t<div class=\"elementor-column elementor-col-50 elementor-inner-column elementor-element elementor-element-18fb5c3\" data-id=\"18fb5c3\" data-element_type=\"column\">\n\t\t\t<div class=\"elementor-widget-wrap elementor-element-populated\">\n\t\t\t\t\t\t<div class=\"elementor-element elementor-element-41e77f2 elementor-widget elementor-widget-image\" data-id=\"41e77f2\" data-element_type=\"widget\" data-widget_type=\"image.default\">\n\t\t\t\t<div class=\"elementor-widget-container\">\n\t\t\t\t\t\t\t\t\t\t\t\t\t\t\t<img decoding=\"async\" width=\"800\" height=\"343\" src=\"https:\/\/richeskarayib.com\/wp-content\/uploads\/2026\/03\/WhatsApp-Image-2026-03-17-at-08.44.25-1024x439.jpeg\" class=\"attachment-large size-large wp-image-70879\" alt=\"ONDA\" srcset=\"https:\/\/richeskarayib.com\/wp-content\/uploads\/2026\/03\/WhatsApp-Image-2026-03-17-at-08.44.25-1024x439.jpeg 1024w, https:\/\/richeskarayib.com\/wp-content\/uploads\/2026\/03\/WhatsApp-Image-2026-03-17-at-08.44.25-300x129.jpeg 300w, https:\/\/richeskarayib.com\/wp-content\/uploads\/2026\/03\/WhatsApp-Image-2026-03-17-at-08.44.25-768x329.jpeg 768w, https:\/\/richeskarayib.com\/wp-content\/uploads\/2026\/03\/WhatsApp-Image-2026-03-17-at-08.44.25-1536x659.jpeg 1536w, https:\/\/richeskarayib.com\/wp-content\/uploads\/2026\/03\/WhatsApp-Image-2026-03-17-at-08.44.25-1320x566.jpeg 1320w, https:\/\/richeskarayib.com\/wp-content\/uploads\/2026\/03\/WhatsApp-Image-2026-03-17-at-08.44.25.jpeg 1600w\" sizes=\"(max-width: 800px) 100vw, 800px\" \/>\t\t\t\t\t\t\t\t\t\t\t\t\t\t\t<\/div>\n\t\t\t\t<\/div>\n\t\t\t\t\t<\/div>\n\t\t<\/div>\n\t\t\t\t<div class=\"elementor-column elementor-col-50 elementor-inner-column elementor-element elementor-element-1229310\" data-id=\"1229310\" data-element_type=\"column\">\n\t\t\t<div class=\"elementor-widget-wrap elementor-element-populated\">\n\t\t\t\t\t\t<div class=\"elementor-element elementor-element-2854c39 elementor-widget elementor-widget-image\" data-id=\"2854c39\" data-element_type=\"widget\" data-widget_type=\"image.default\">\n\t\t\t\t<div class=\"elementor-widget-container\">\n\t\t\t\t\t\t\t\t\t\t\t\t\t\t\t<img decoding=\"async\" width=\"800\" height=\"343\" src=\"https:\/\/richeskarayib.com\/wp-content\/uploads\/2026\/03\/WhatsApp-Image-2026-03-17-at-08.43.40-1024x439.jpeg\" class=\"attachment-large size-large wp-image-70875\" alt=\"ONDA\" srcset=\"https:\/\/richeskarayib.com\/wp-content\/uploads\/2026\/03\/WhatsApp-Image-2026-03-17-at-08.43.40-1024x439.jpeg 1024w, https:\/\/richeskarayib.com\/wp-content\/uploads\/2026\/03\/WhatsApp-Image-2026-03-17-at-08.43.40-300x129.jpeg 300w, https:\/\/richeskarayib.com\/wp-content\/uploads\/2026\/03\/WhatsApp-Image-2026-03-17-at-08.43.40-768x329.jpeg 768w, https:\/\/richeskarayib.com\/wp-content\/uploads\/2026\/03\/WhatsApp-Image-2026-03-17-at-08.43.40-1536x659.jpeg 1536w, https:\/\/richeskarayib.com\/wp-content\/uploads\/2026\/03\/WhatsApp-Image-2026-03-17-at-08.43.40-1320x566.jpeg 1320w, https:\/\/richeskarayib.com\/wp-content\/uploads\/2026\/03\/WhatsApp-Image-2026-03-17-at-08.43.40.jpeg 1600w\" sizes=\"(max-width: 800px) 100vw, 800px\" \/>\t\t\t\t\t\t\t\t\t\t\t\t\t\t\t<\/div>\n\t\t\t\t<\/div>\n\t\t\t\t\t<\/div>\n\t\t<\/div>\n\t\t\t\t\t<\/div>\n\t\t<\/section>\n\t\t\t\t<section class=\"elementor-section elementor-inner-section elementor-element elementor-element-9290a61 elementor-section-boxed elementor-section-height-default elementor-section-height-default\" data-id=\"9290a61\" data-element_type=\"section\">\n\t\t\t\t\t\t<div class=\"elementor-container elementor-column-gap-default\">\n\t\t\t\t\t\t<\/div>\n\t\t<\/section>\n\t\t\t\t\t<\/div>\n\t\t<\/div>\n\t\t\t\t\t<\/div>\n\t\t<\/section>\n\t\t\t\t<section class=\"elementor-section elementor-top-section elementor-element elementor-element-ceca32c elementor-section-boxed elementor-section-height-default elementor-section-height-default\" data-id=\"ceca32c\" data-element_type=\"section\">\n\t\t\t\t\t\t<div class=\"elementor-container elementor-column-gap-default\">\n\t\t\t\t\t<div class=\"elementor-column elementor-col-100 elementor-top-column elementor-element elementor-element-5a2e383\" data-id=\"5a2e383\" data-element_type=\"column\">\n\t\t\t<div class=\"elementor-widget-wrap elementor-element-populated\">\n\t\t\t\t\t\t<div class=\"elementor-element elementor-element-6cedf5f elementor-widget elementor-widget-heading\" data-id=\"6cedf5f\" data-element_type=\"widget\" data-widget_type=\"heading.default\">\n\t\t\t\t<div class=\"elementor-widget-container\">\n\t\t\t\t\t<h2 class=\"elementor-heading-title elementor-size-default\">Le jeune public, un axe strat\u00e9gique pour la diffusion artistique en Martinique<\/h2>\t\t\t\t<\/div>\n\t\t\t\t<\/div>\n\t\t\t\t<div class=\"elementor-element elementor-element-e93d1fb elementor-widget elementor-widget-text-editor\" data-id=\"e93d1fb\" data-element_type=\"widget\" data-widget_type=\"text-editor.default\">\n\t\t\t\t<div class=\"elementor-widget-container\">\n\t\t\t\t\t\t\t\t\t<p><span style=\"font-weight: 400;\">Parmi les professionnels pr\u00e9sents cette semaine figure Estelle Picot-Derquenne, directrice de <a href=\"https:\/\/www.enfancemusique.asso.fr\/liens\/scenes-denfance-assitej-france\/\" target=\"_blank\" rel=\"noopener nofollow\">Sc\u00e8nes d&#8217;enfance<\/a>, ASSITEJ France, l&#8217;association nationale qui f\u00e9d\u00e8re les acteurs de la cr\u00e9ation artistique pour l&#8217;enfance et la jeunesse. Sa pr\u00e9sence en Martinique illustre un axe fort de cette d\u00e9l\u00e9gation : le jeune public, d\u00e9j\u00e0 signal\u00e9 par la venue d&#8217;un programmateur qu\u00e9b\u00e9cois sp\u00e9cialis\u00e9 en festival jeunesse.<\/span><\/p>\t\t\t\t\t\t\t\t<\/div>\n\t\t\t\t<\/div>\n\t\t\t\t<div class=\"elementor-element elementor-element-5f1c8aa elementor-blockquote--skin-border elementor-widget elementor-widget-blockquote\" data-id=\"5f1c8aa\" data-element_type=\"widget\" data-widget_type=\"blockquote.default\">\n\t\t\t\t<div class=\"elementor-widget-container\">\n\t\t\t\t\t\t\t<blockquote class=\"elementor-blockquote\">\n\t\t\t<p class=\"elementor-blockquote__content\">\n\t\t\t\t\u00ab J'anime r\u00e9gion par r\u00e9gion des r\u00e9seaux qui regroupent les programmateurs et les artistes autour d'enjeux de coop\u00e9ration, de diffusion, de circulation des \u0153uvres et des artistes. \u00bb\t\t\t<\/p>\n\t\t\t\t\t\t\t<div class=\"e-q-footer\">\n\t\t\t\t\t\t\t\t\t\t\t<cite class=\"elementor-blockquote__author\">\u2014 Estelle Picot-Derquenne, directrice de Sc\u00e8nes d'enfance \u2013 ASSITEJ France<\/cite>\n\t\t\t\t\t\t\t\t\t\t\t\t\t\t<\/div>\n\t\t\t\t\t<\/blockquote>\n\t\t\t\t\t\t<\/div>\n\t\t\t\t<\/div>\n\t\t\t\t<div class=\"elementor-element elementor-element-d28441d elementor-widget elementor-widget-image\" data-id=\"d28441d\" data-element_type=\"widget\" data-widget_type=\"image.default\">\n\t\t\t\t<div class=\"elementor-widget-container\">\n\t\t\t\t\t\t\t\t\t\t\t\t<figure class=\"wp-caption\">\n\t\t\t\t\t\t\t\t\t\t<img loading=\"lazy\" decoding=\"async\" width=\"740\" height=\"1024\" src=\"https:\/\/richeskarayib.com\/wp-content\/uploads\/2026\/03\/Estelle-Picot-Derquenne-740x1024.jpeg\" class=\"attachment-large size-large wp-image-70867\" alt=\"ONDA\" srcset=\"https:\/\/richeskarayib.com\/wp-content\/uploads\/2026\/03\/Estelle-Picot-Derquenne-740x1024.jpeg 740w, https:\/\/richeskarayib.com\/wp-content\/uploads\/2026\/03\/Estelle-Picot-Derquenne-217x300.jpeg 217w, https:\/\/richeskarayib.com\/wp-content\/uploads\/2026\/03\/Estelle-Picot-Derquenne-768x1062.jpeg 768w, https:\/\/richeskarayib.com\/wp-content\/uploads\/2026\/03\/Estelle-Picot-Derquenne.jpeg 1080w\" sizes=\"(max-width: 740px) 100vw, 740px\" \/>\t\t\t\t\t\t\t\t\t\t\t<figcaption class=\"widget-image-caption wp-caption-text\">Estelle Picot-Derquenne<\/figcaption>\n\t\t\t\t\t\t\t\t\t\t<\/figure>\n\t\t\t\t\t\t\t\t\t<\/div>\n\t\t\t\t<\/div>\n\t\t\t\t<div class=\"elementor-element elementor-element-82e389c elementor-widget elementor-widget-text-editor\" data-id=\"82e389c\" data-element_type=\"widget\" data-widget_type=\"text-editor.default\">\n\t\t\t\t<div class=\"elementor-widget-container\">\n\t\t\t\t\t\t\t\t\t<p><span style=\"font-weight: 400;\">Elle accompagne \u00e9galement le r\u00e9seau jeune public martiniquais <a href=\"https:\/\/rezofilibo.com\/\" target=\"_blank\" rel=\"noopener nofollow\">R\u00e9zo Filibo<\/a>, dont une journ\u00e9e enti\u00e8re lui est consacr\u00e9e le lundi 23 mars avec des temps de rencontre entre professionnels, des \u00e9lus, des journalistes et des institutions. L&#8217;objectif est explicite : faciliter la vie des artistes et des diffuseurs qui font le choix de la jeunesse, en cr\u00e9ant les conditions d&#8217;une interconnaissance durable entre acteurs locaux et r\u00e9seau national.<\/span><\/p>\t\t\t\t\t\t\t\t<\/div>\n\t\t\t\t<\/div>\n\t\t\t\t\t<\/div>\n\t\t<\/div>\n\t\t\t\t\t<\/div>\n\t\t<\/section>\n\t\t\t\t<section class=\"elementor-section elementor-top-section elementor-element elementor-element-9c88a89 elementor-section-boxed elementor-section-height-default elementor-section-height-default\" data-id=\"9c88a89\" data-element_type=\"section\">\n\t\t\t\t\t\t<div class=\"elementor-container elementor-column-gap-default\">\n\t\t\t\t\t<div class=\"elementor-column elementor-col-100 elementor-top-column elementor-element elementor-element-78cf5d1\" data-id=\"78cf5d1\" data-element_type=\"column\">\n\t\t\t<div class=\"elementor-widget-wrap elementor-element-populated\">\n\t\t\t\t\t\t<div class=\"elementor-element elementor-element-ea2a5c1 elementor-widget elementor-widget-heading\" data-id=\"ea2a5c1\" data-element_type=\"widget\" data-widget_type=\"heading.default\">\n\t\t\t\t<div class=\"elementor-widget-container\">\n\t\t\t\t\t<h2 class=\"elementor-heading-title elementor-size-default\">Diffusion artistique : ce que ces rencontres produisent concr\u00e8tement<\/h2>\t\t\t\t<\/div>\n\t\t\t\t<\/div>\n\t\t\t\t<div class=\"elementor-element elementor-element-e305eee elementor-widget elementor-widget-text-editor\" data-id=\"e305eee\" data-element_type=\"widget\" data-widget_type=\"text-editor.default\">\n\t\t\t\t<div class=\"elementor-widget-container\">\n\t\t\t\t\t\t\t\t\t<p><span style=\"font-weight: 400;\">La diffusion artistique se construit, souvent lentement, par accumulation de liens et de confiance. Marie-Pia Bureau est claire sur ce point : \u00e0 chaque \u00e9dition de ces rencontres itin\u00e9rantes organis\u00e9es tous les quatre ans sur chacun des territoires ultramarins deux ou trois artistes trouvent de nouveaux partenaires durables dans l&#8217;Hexagone.<\/span><\/p>\t\t\t\t\t\t\t\t<\/div>\n\t\t\t\t<\/div>\n\t\t\t\t<div class=\"elementor-element elementor-element-33a215b elementor-blockquote--skin-border elementor-widget elementor-widget-blockquote\" data-id=\"33a215b\" data-element_type=\"widget\" data-widget_type=\"blockquote.default\">\n\t\t\t\t<div class=\"elementor-widget-container\">\n\t\t\t\t\t\t\t<blockquote class=\"elementor-blockquote\">\n\t\t\t<p class=\"elementor-blockquote__content\">\n\t\t\t\t\u00ab Je pense \u00e0 V\u00e9ronique Kanor, par exemple, qui est maintenant artiste associ\u00e9e \u00e0 la sc\u00e8ne nationale de Chamb\u00e9ry et dont les productions sont soutenues depuis trois ans. C'est elle qui me vient, mais il y en a d'autres comme \u00e7a \u00e0 chaque fois. \u00bb\t\t\t<\/p>\n\t\t\t\t\t\t\t<div class=\"e-q-footer\">\n\t\t\t\t\t\t\t\t\t\t\t<cite class=\"elementor-blockquote__author\">\u2014 Marie-Pia Bureau, directrice de l'ONDA<\/cite>\n\t\t\t\t\t\t\t\t\t\t\t\t\t\t<\/div>\n\t\t\t\t\t<\/blockquote>\n\t\t\t\t\t\t<\/div>\n\t\t\t\t<\/div>\n\t\t\t\t<div class=\"elementor-element elementor-element-767c733 elementor-widget elementor-widget-text-editor\" data-id=\"767c733\" data-element_type=\"widget\" data-widget_type=\"text-editor.default\">\n\t\t\t\t<div class=\"elementor-widget-container\">\n\t\t\t\t\t\t\t\t\t<p><span style=\"font-weight: 400;\">Ces liens peuvent prendre plusieurs formes : une date de programmation, une invitation en r\u00e9sidence, une coproduction. La logique est souvent celle de la fid\u00e9lit\u00e9 progressive, on accueille d&#8217;abord, on coproduit ensuite, on programme enfin. Johan Hillel Hamel, directeur de la DAC Martinique, insiste sur l&#8217;importance \u00e9conomique de ces ouvertures pour les compagnies locales.<\/span><\/p>\t\t\t\t\t\t\t\t<\/div>\n\t\t\t\t<\/div>\n\t\t\t\t<div class=\"elementor-element elementor-element-9d554af elementor-blockquote--skin-border elementor-widget elementor-widget-blockquote\" data-id=\"9d554af\" data-element_type=\"widget\" data-widget_type=\"blockquote.default\">\n\t\t\t\t<div class=\"elementor-widget-container\">\n\t\t\t\t\t\t\t<blockquote class=\"elementor-blockquote\">\n\t\t\t<p class=\"elementor-blockquote__content\">\n\t\t\t\t\u00ab La possibilit\u00e9 de diffusion \u00e0 l'ext\u00e9rieur de la Martinique est absolument fondamentale pour l'\u00e9conomie d'une compagnie, mais aussi pour la diversit\u00e9 des publics qu'elle va toucher et le retour que \u00e7a aura sur le travail des artistes. \u00bb\t\t\t<\/p>\n\t\t\t\t\t\t\t<div class=\"e-q-footer\">\n\t\t\t\t\t\t\t\t\t\t\t<cite class=\"elementor-blockquote__author\">\u2014 Johan Hillel Hamel, directeur de la DAC Martinique<\/cite>\n\t\t\t\t\t\t\t\t\t\t\t\t\t\t<\/div>\n\t\t\t\t\t<\/blockquote>\n\t\t\t\t\t\t<\/div>\n\t\t\t\t<\/div>\n\t\t\t\t<div class=\"elementor-element elementor-element-e791f87 elementor-widget elementor-widget-image\" data-id=\"e791f87\" data-element_type=\"widget\" data-widget_type=\"image.default\">\n\t\t\t\t<div class=\"elementor-widget-container\">\n\t\t\t\t\t\t\t\t\t\t\t\t<figure class=\"wp-caption\">\n\t\t\t\t\t\t\t\t\t\t<img loading=\"lazy\" decoding=\"async\" width=\"719\" height=\"1024\" src=\"https:\/\/richeskarayib.com\/wp-content\/uploads\/2026\/03\/Johan-Hillel-Hamel-719x1024.jpeg\" class=\"attachment-large size-large wp-image-70871\" alt=\"ONDA\" srcset=\"https:\/\/richeskarayib.com\/wp-content\/uploads\/2026\/03\/Johan-Hillel-Hamel-719x1024.jpeg 719w, https:\/\/richeskarayib.com\/wp-content\/uploads\/2026\/03\/Johan-Hillel-Hamel-211x300.jpeg 211w, https:\/\/richeskarayib.com\/wp-content\/uploads\/2026\/03\/Johan-Hillel-Hamel-768x1093.jpeg 768w, https:\/\/richeskarayib.com\/wp-content\/uploads\/2026\/03\/Johan-Hillel-Hamel-1079x1536.jpeg 1079w, https:\/\/richeskarayib.com\/wp-content\/uploads\/2026\/03\/Johan-Hillel-Hamel.jpeg 1124w\" sizes=\"(max-width: 719px) 100vw, 719px\" \/>\t\t\t\t\t\t\t\t\t\t\t<figcaption class=\"widget-image-caption wp-caption-text\">Johan Hillel Hamel<\/figcaption>\n\t\t\t\t\t\t\t\t\t\t<\/figure>\n\t\t\t\t\t\t\t\t\t<\/div>\n\t\t\t\t<\/div>\n\t\t\t\t\t<\/div>\n\t\t<\/div>\n\t\t\t\t\t<\/div>\n\t\t<\/section>\n\t\t\t\t<section class=\"elementor-section elementor-top-section elementor-element elementor-element-ee7f5d7 elementor-section-boxed elementor-section-height-default elementor-section-height-default\" data-id=\"ee7f5d7\" data-element_type=\"section\">\n\t\t\t\t\t\t<div class=\"elementor-container elementor-column-gap-default\">\n\t\t\t\t\t<div class=\"elementor-column elementor-col-100 elementor-top-column elementor-element elementor-element-0669c08\" data-id=\"0669c08\" data-element_type=\"column\">\n\t\t\t<div class=\"elementor-widget-wrap elementor-element-populated\">\n\t\t\t\t\t\t<div class=\"elementor-element elementor-element-acc47ca elementor-widget elementor-widget-heading\" data-id=\"acc47ca\" data-element_type=\"widget\" data-widget_type=\"heading.default\">\n\t\t\t\t<div class=\"elementor-widget-container\">\n\t\t\t\t\t<h2 class=\"elementor-heading-title elementor-size-default\">Un regard qui change : la fin de l'exotisme\n<\/h2>\t\t\t\t<\/div>\n\t\t\t\t<\/div>\n\t\t\t\t<div class=\"elementor-element elementor-element-4bb1533 elementor-widget elementor-widget-text-editor\" data-id=\"4bb1533\" data-element_type=\"widget\" data-widget_type=\"text-editor.default\">\n\t\t\t\t<div class=\"elementor-widget-container\">\n\t\t\t\t\t\t\t\t\t<p><span style=\"font-weight: 400;\">Il y a vingt ans, \u00eatre programm\u00e9 en tant qu&#8217;artiste martiniquais dans l&#8217;Hexagone signifiait souvent \u00eatre associ\u00e9 \u00e0 une image folklorique: musique, rhum, soleil. Ce n&#8217;est plus la grille de lecture dominante. Les programmateurs qui font le d\u00e9placement jusqu&#8217;en Martinique ne cherchent pas de l&#8217;exotisme : ils cherchent des voix singuli\u00e8res, des points de vue artistiques qui \u00e9largissent leur propre compr\u00e9hension de l&#8217;histoire et de la soci\u00e9t\u00e9 fran\u00e7aises.<\/span><\/p>\t\t\t\t\t\t\t\t<\/div>\n\t\t\t\t<\/div>\n\t\t\t\t<div class=\"elementor-element elementor-element-0be9296 elementor-blockquote--skin-border elementor-widget elementor-widget-blockquote\" data-id=\"0be9296\" data-element_type=\"widget\" data-widget_type=\"blockquote.default\">\n\t\t\t\t<div class=\"elementor-widget-container\">\n\t\t\t\t\t\t\t<blockquote class=\"elementor-blockquote\">\n\t\t\t<p class=\"elementor-blockquote__content\">\n\t\t\t\t\u00ab On essaie d'\u00e9couter des voix singuli\u00e8res qui regardent avec un autre angle de vue toute notre histoire et qui viennent la partager sur les plateaux \u2014 pas n\u00e9cessairement \u00e0 destination de populations ultramarines, mais de tous les Fran\u00e7ais. \u00bb\t\t\t<\/p>\n\t\t\t\t\t\t\t<div class=\"e-q-footer\">\n\t\t\t\t\t\t\t\t\t\t\t<cite class=\"elementor-blockquote__author\">\u2014 Marie-Pia Bureau, directrice de l'ONDA<\/cite>\n\t\t\t\t\t\t\t\t\t\t\t\t\t\t<\/div>\n\t\t\t\t\t<\/blockquote>\n\t\t\t\t\t\t<\/div>\n\t\t\t\t<\/div>\n\t\t\t\t<div class=\"elementor-element elementor-element-9625525 elementor-widget elementor-widget-text-editor\" data-id=\"9625525\" data-element_type=\"widget\" data-widget_type=\"text-editor.default\">\n\t\t\t\t<div class=\"elementor-widget-container\">\n\t\t\t\t\t\t\t\t\t<p><span style=\"font-weight: 400;\">C&#8217;est un glissement culturel significatif. Pour les artistes martiniquais, il ouvre un espace de diffusion artistique qui ne repose plus sur la n\u00e9cessit\u00e9 de se conformer \u00e0 une image attendue, mais sur la singularit\u00e9 de leur d\u00e9marche.<\/span><\/p>\t\t\t\t\t\t\t\t<\/div>\n\t\t\t\t<\/div>\n\t\t\t\t<section class=\"elementor-section elementor-inner-section elementor-element elementor-element-71f35a9 elementor-section-boxed elementor-section-height-default elementor-section-height-default\" data-id=\"71f35a9\" data-element_type=\"section\">\n\t\t\t\t\t\t<div class=\"elementor-container elementor-column-gap-default\">\n\t\t\t\t\t<div class=\"elementor-column elementor-col-50 elementor-inner-column elementor-element elementor-element-c13c4aa\" data-id=\"c13c4aa\" data-element_type=\"column\">\n\t\t\t<div class=\"elementor-widget-wrap elementor-element-populated\">\n\t\t\t\t\t\t<div class=\"elementor-element elementor-element-5ee7b31 elementor-widget elementor-widget-image\" data-id=\"5ee7b31\" data-element_type=\"widget\" data-widget_type=\"image.default\">\n\t\t\t\t<div class=\"elementor-widget-container\">\n\t\t\t\t\t\t\t\t\t\t\t\t\t\t\t<img loading=\"lazy\" decoding=\"async\" width=\"800\" height=\"343\" src=\"https:\/\/richeskarayib.com\/wp-content\/uploads\/2026\/03\/WhatsApp-Image-2026-03-17-at-08.44.41-1024x439.jpeg\" class=\"attachment-large size-large wp-image-70883\" alt=\"ONDA\" srcset=\"https:\/\/richeskarayib.com\/wp-content\/uploads\/2026\/03\/WhatsApp-Image-2026-03-17-at-08.44.41-1024x439.jpeg 1024w, https:\/\/richeskarayib.com\/wp-content\/uploads\/2026\/03\/WhatsApp-Image-2026-03-17-at-08.44.41-300x129.jpeg 300w, https:\/\/richeskarayib.com\/wp-content\/uploads\/2026\/03\/WhatsApp-Image-2026-03-17-at-08.44.41-768x329.jpeg 768w, https:\/\/richeskarayib.com\/wp-content\/uploads\/2026\/03\/WhatsApp-Image-2026-03-17-at-08.44.41-1536x659.jpeg 1536w, https:\/\/richeskarayib.com\/wp-content\/uploads\/2026\/03\/WhatsApp-Image-2026-03-17-at-08.44.41-1320x566.jpeg 1320w, https:\/\/richeskarayib.com\/wp-content\/uploads\/2026\/03\/WhatsApp-Image-2026-03-17-at-08.44.41.jpeg 1600w\" sizes=\"(max-width: 800px) 100vw, 800px\" \/>\t\t\t\t\t\t\t\t\t\t\t\t\t\t\t<\/div>\n\t\t\t\t<\/div>\n\t\t\t\t\t<\/div>\n\t\t<\/div>\n\t\t\t\t<div class=\"elementor-column elementor-col-50 elementor-inner-column elementor-element elementor-element-252590f\" data-id=\"252590f\" data-element_type=\"column\">\n\t\t\t<div class=\"elementor-widget-wrap elementor-element-populated\">\n\t\t\t\t\t\t<div class=\"elementor-element elementor-element-7af8bc0 elementor-widget elementor-widget-image\" data-id=\"7af8bc0\" data-element_type=\"widget\" data-widget_type=\"image.default\">\n\t\t\t\t<div class=\"elementor-widget-container\">\n\t\t\t\t\t\t\t\t\t\t\t\t\t\t\t<img loading=\"lazy\" decoding=\"async\" width=\"800\" height=\"343\" src=\"https:\/\/richeskarayib.com\/wp-content\/uploads\/2026\/03\/WhatsApp-Image-2026-03-17-at-08.44.32-1024x439.jpeg\" class=\"attachment-large size-large wp-image-70887\" alt=\"ONDA\" srcset=\"https:\/\/richeskarayib.com\/wp-content\/uploads\/2026\/03\/WhatsApp-Image-2026-03-17-at-08.44.32-1024x439.jpeg 1024w, https:\/\/richeskarayib.com\/wp-content\/uploads\/2026\/03\/WhatsApp-Image-2026-03-17-at-08.44.32-300x129.jpeg 300w, https:\/\/richeskarayib.com\/wp-content\/uploads\/2026\/03\/WhatsApp-Image-2026-03-17-at-08.44.32-768x329.jpeg 768w, https:\/\/richeskarayib.com\/wp-content\/uploads\/2026\/03\/WhatsApp-Image-2026-03-17-at-08.44.32-1536x659.jpeg 1536w, https:\/\/richeskarayib.com\/wp-content\/uploads\/2026\/03\/WhatsApp-Image-2026-03-17-at-08.44.32-1320x566.jpeg 1320w, https:\/\/richeskarayib.com\/wp-content\/uploads\/2026\/03\/WhatsApp-Image-2026-03-17-at-08.44.32.jpeg 1600w\" sizes=\"(max-width: 800px) 100vw, 800px\" \/>\t\t\t\t\t\t\t\t\t\t\t\t\t\t\t<\/div>\n\t\t\t\t<\/div>\n\t\t\t\t\t<\/div>\n\t\t<\/div>\n\t\t\t\t\t<\/div>\n\t\t<\/section>\n\t\t\t\t\t<\/div>\n\t\t<\/div>\n\t\t\t\t\t<\/div>\n\t\t<\/section>\n\t\t\t\t<section class=\"elementor-section elementor-top-section elementor-element elementor-element-d0fd0c0 elementor-section-boxed elementor-section-height-default elementor-section-height-default\" data-id=\"d0fd0c0\" data-element_type=\"section\">\n\t\t\t\t\t\t<div class=\"elementor-container elementor-column-gap-default\">\n\t\t\t\t\t<div class=\"elementor-column elementor-col-100 elementor-top-column elementor-element elementor-element-1e2ec65\" data-id=\"1e2ec65\" data-element_type=\"column\">\n\t\t\t<div class=\"elementor-widget-wrap elementor-element-populated\">\n\t\t\t\t\t\t<div class=\"elementor-element elementor-element-316145b elementor-widget elementor-widget-heading\" data-id=\"316145b\" data-element_type=\"widget\" data-widget_type=\"heading.default\">\n\t\t\t\t<div class=\"elementor-widget-container\">\n\t\t\t\t\t<h2 class=\"elementor-heading-title elementor-size-default\">Une semaine pour construire des liens qui durent<\/h2>\t\t\t\t<\/div>\n\t\t\t\t<\/div>\n\t\t\t\t<div class=\"elementor-element elementor-element-54e5967 elementor-widget elementor-widget-text-editor\" data-id=\"54e5967\" data-element_type=\"widget\" data-widget_type=\"text-editor.default\">\n\t\t\t\t<div class=\"elementor-widget-container\">\n\t\t\t\t\t\t\t\t\t<p><span style=\"font-weight: 400;\">La Rencontre Itin\u00e9raire ONDA en <a href=\"https:\/\/richeskarayib.com\/fr\/aime-cesaire-martinique-negritude-heritage\/\" target=\"_blank\" rel=\"noopener\">Martinique<\/a> se tient du 16 au 21 mars 2026. Elle constitue une s\u00e9quence dense : spectacles \u00e0 Tropiques Atrium, pr\u00e9sentations \u00e0 Korz\u00e9mo L&#8217;Envol (Ducos), aux Coulisses de Saint-Esprit, \u00e0 l&#8217;espace A&#8217;zwel de Schoelcher, au Campus Cara\u00efb\u00e9en des Arts, \u00e0 Terre d&#8217;Arts et ETC Cara\u00efbes \u00e0 Fort-de-France. Un laboratoire de performance cl\u00f4t la semaine \u00e0 la Savane des P\u00e9trifications, en pr\u00e9sence d&#8217;Annabel Gu\u00e9r\u00e9drat et d&#8217;artistes performeurs martiniquais.<\/span><\/p>\t\t\t\t\t\t\t\t<\/div>\n\t\t\t\t<\/div>\n\t\t\t\t<div class=\"elementor-element elementor-element-fae7d77 elementor-widget elementor-widget-text-editor\" data-id=\"fae7d77\" data-element_type=\"widget\" data-widget_type=\"text-editor.default\">\n\t\t\t\t<div class=\"elementor-widget-container\">\n\t\t\t\t\t\t\t\t\t<p><span style=\"font-weight: 400;\">Pour les artistes et professionnels culturels de l&#8217;\u00eele, cette semaine est moins un \u00e9v\u00e9nement ponctuel qu&#8217;un point de d\u00e9part. Les liens nou\u00e9s ici peuvent se transformer en tourn\u00e9es, en r\u00e9sidences, en coproductions. L&#8217;ONDA s&#8217;engage \u00e0 soutenir les projets qui en d\u00e9couleront\u00a0 \u00e0 condition qu&#8217;ils naissent d&#8217;une rencontre vraie, construite dans la dur\u00e9e.<\/span><\/p>\t\t\t\t\t\t\t\t<\/div>\n\t\t\t\t<\/div>\n\t\t\t\t<div class=\"elementor-element elementor-element-88100ab elementor-widget elementor-widget-image\" data-id=\"88100ab\" data-element_type=\"widget\" data-widget_type=\"image.default\">\n\t\t\t\t<div class=\"elementor-widget-container\">\n\t\t\t\t\t\t\t\t\t\t\t\t\t\t\t<img loading=\"lazy\" decoding=\"async\" width=\"800\" height=\"343\" src=\"https:\/\/richeskarayib.com\/wp-content\/uploads\/2026\/03\/WhatsApp-Image-2026-03-17-at-08.44.18-1024x439.jpeg\" class=\"attachment-large size-large wp-image-70891\" alt=\"ONDA\" srcset=\"https:\/\/richeskarayib.com\/wp-content\/uploads\/2026\/03\/WhatsApp-Image-2026-03-17-at-08.44.18-1024x439.jpeg 1024w, https:\/\/richeskarayib.com\/wp-content\/uploads\/2026\/03\/WhatsApp-Image-2026-03-17-at-08.44.18-300x129.jpeg 300w, https:\/\/richeskarayib.com\/wp-content\/uploads\/2026\/03\/WhatsApp-Image-2026-03-17-at-08.44.18-768x329.jpeg 768w, https:\/\/richeskarayib.com\/wp-content\/uploads\/2026\/03\/WhatsApp-Image-2026-03-17-at-08.44.18-1536x659.jpeg 1536w, https:\/\/richeskarayib.com\/wp-content\/uploads\/2026\/03\/WhatsApp-Image-2026-03-17-at-08.44.18-1320x566.jpeg 1320w, https:\/\/richeskarayib.com\/wp-content\/uploads\/2026\/03\/WhatsApp-Image-2026-03-17-at-08.44.18.jpeg 1600w\" sizes=\"(max-width: 800px) 100vw, 800px\" \/>\t\t\t\t\t\t\t\t\t\t\t\t\t\t\t<\/div>\n\t\t\t\t<\/div>\n\t\t\t\t\t<\/div>\n\t\t<\/div>\n\t\t\t\t\t<\/div>\n\t\t<\/section>\n\t\t\t\t<section class=\"elementor-section elementor-top-section elementor-element elementor-element-f5709a6 elementor-section-boxed elementor-section-height-default elementor-section-height-default\" data-id=\"f5709a6\" data-element_type=\"section\">\n\t\t\t\t\t\t<div class=\"elementor-container elementor-column-gap-default\">\n\t\t\t\t\t<div class=\"elementor-column elementor-col-100 elementor-top-column elementor-element elementor-element-957be6f\" data-id=\"957be6f\" data-element_type=\"column\">\n\t\t\t<div class=\"elementor-widget-wrap elementor-element-populated\">\n\t\t\t\t\t\t<div class=\"elementor-element elementor-element-63e5d4a elementor-widget elementor-widget-accordion\" data-id=\"63e5d4a\" data-element_type=\"widget\" data-widget_type=\"accordion.default\">\n\t\t\t\t<div class=\"elementor-widget-container\">\n\t\t\t\t\t\t\t<div class=\"elementor-accordion\">\n\t\t\t\t\t\t\t<div class=\"elementor-accordion-item\">\n\t\t\t\t\t<div id=\"elementor-tab-title-1041\" class=\"elementor-tab-title\" data-tab=\"1\" role=\"button\" aria-controls=\"elementor-tab-content-1041\" aria-expanded=\"false\">\n\t\t\t\t\t\t\t\t\t\t\t\t\t<span class=\"elementor-accordion-icon elementor-accordion-icon-left\" aria-hidden=\"true\">\n\t\t\t\t\t\t\t\t\t\t\t\t\t\t\t<span class=\"elementor-accordion-icon-closed\"><i class=\"fas fa-plus\"><\/i><\/span>\n\t\t\t\t\t\t\t\t<span class=\"elementor-accordion-icon-opened\"><i class=\"fas fa-minus\"><\/i><\/span>\n\t\t\t\t\t\t\t\t\t\t\t\t\t\t<\/span>\n\t\t\t\t\t\t\t\t\t\t\t\t<a class=\"elementor-accordion-title\" tabindex=\"0\">Qu'est-ce que l'ONDA et quel est son r\u00f4le pour les artistes ultramarins ?<\/a>\n\t\t\t\t\t<\/div>\n\t\t\t\t\t<div id=\"elementor-tab-content-1041\" class=\"elementor-tab-content elementor-clearfix\" data-tab=\"1\" role=\"region\" aria-labelledby=\"elementor-tab-title-1041\"><p><span style=\"font-weight: 400;\">L&#8217;ONDA (Office National de Diffusion Artistique) est un op\u00e9rateur public qui soutient la diffusion du spectacle vivant en France. Il est signataire du Pacte de visibilit\u00e9 des artistes ultramarins avec le minist\u00e8re de la Culture et le minist\u00e8re des Outre-mer. Son r\u00f4le est de renforcer les liens entre les artistes des territoires ultramarins et les programmateurs hexagonaux, notamment via des rencontres itin\u00e9rantes organis\u00e9es tous les quatre ans sur chaque territoire.<\/span><\/p><\/div>\n\t\t\t\t<\/div>\n\t\t\t\t\t\t\t<div class=\"elementor-accordion-item\">\n\t\t\t\t\t<div id=\"elementor-tab-title-1042\" class=\"elementor-tab-title\" data-tab=\"2\" role=\"button\" aria-controls=\"elementor-tab-content-1042\" aria-expanded=\"false\">\n\t\t\t\t\t\t\t\t\t\t\t\t\t<span class=\"elementor-accordion-icon elementor-accordion-icon-left\" aria-hidden=\"true\">\n\t\t\t\t\t\t\t\t\t\t\t\t\t\t\t<span class=\"elementor-accordion-icon-closed\"><i class=\"fas fa-plus\"><\/i><\/span>\n\t\t\t\t\t\t\t\t<span class=\"elementor-accordion-icon-opened\"><i class=\"fas fa-minus\"><\/i><\/span>\n\t\t\t\t\t\t\t\t\t\t\t\t\t\t<\/span>\n\t\t\t\t\t\t\t\t\t\t\t\t<a class=\"elementor-accordion-title\" tabindex=\"0\">Quelles disciplines artistiques sont concern\u00e9es par la diffusion artistique en Martinique ?<\/a>\n\t\t\t\t\t<\/div>\n\t\t\t\t\t<div id=\"elementor-tab-content-1042\" class=\"elementor-tab-content elementor-clearfix\" data-tab=\"2\" role=\"region\" aria-labelledby=\"elementor-tab-title-1042\"><p><span style=\"font-weight: 400;\">Les rencontres ONDA en Martinique couvrent le th\u00e9\u00e2tre, la danse, le cirque, la musique de cr\u00e9ation (jazz improvis\u00e9, musiques contemporaines), les arts de la parole et les arts visuels. L&#8217;ONDA soutient principalement les d\u00e9marches artistiques contemporaines, y compris celles qui r\u00e9interpr\u00e8tent des formes traditionnelles de mani\u00e8re innovante.<\/span><\/p><\/div>\n\t\t\t\t<\/div>\n\t\t\t\t\t\t\t<div class=\"elementor-accordion-item\">\n\t\t\t\t\t<div id=\"elementor-tab-title-1043\" class=\"elementor-tab-title\" data-tab=\"3\" role=\"button\" aria-controls=\"elementor-tab-content-1043\" aria-expanded=\"false\">\n\t\t\t\t\t\t\t\t\t\t\t\t\t<span class=\"elementor-accordion-icon elementor-accordion-icon-left\" aria-hidden=\"true\">\n\t\t\t\t\t\t\t\t\t\t\t\t\t\t\t<span class=\"elementor-accordion-icon-closed\"><i class=\"fas fa-plus\"><\/i><\/span>\n\t\t\t\t\t\t\t\t<span class=\"elementor-accordion-icon-opened\"><i class=\"fas fa-minus\"><\/i><\/span>\n\t\t\t\t\t\t\t\t\t\t\t\t\t\t<\/span>\n\t\t\t\t\t\t\t\t\t\t\t\t<a class=\"elementor-accordion-title\" tabindex=\"0\">Comment ces rencontres concr\u00e9tisent-elles des opportunit\u00e9s de diffusion pour les artistes martiniquais ?<\/a>\n\t\t\t\t\t<\/div>\n\t\t\t\t\t<div id=\"elementor-tab-content-1043\" class=\"elementor-tab-content elementor-clearfix\" data-tab=\"3\" role=\"region\" aria-labelledby=\"elementor-tab-title-1043\"><p><span style=\"font-weight: 400;\">Les rencontres permettent aux artistes de pr\u00e9senter leur travail directement \u00e0 des programmateurs de sc\u00e8nes nationales, de centres dramatiques nationaux et de festivals. Des collaborations peuvent en d\u00e9couler : dates de programmation, r\u00e9sidences, coproductions. L&#8217;ONDA accompagne ensuite les projets qui se concr\u00e9tisent. \u00c0 titre d&#8217;exemple, V\u00e9ronique Canor est aujourd&#8217;hui artiste associ\u00e9e \u00e0 la sc\u00e8ne nationale de Chamb\u00e9ry, un lien n\u00e9 de ce type de rencontre.<\/span><\/p><\/div>\n\t\t\t\t<\/div>\n\t\t\t\t\t\t\t\t<\/div>\n\t\t\t\t\t\t<\/div>\n\t\t\t\t<\/div>\n\t\t\t\t\t<\/div>\n\t\t<\/div>\n\t\t\t\t\t<\/div>\n\t\t<\/section>\n\t\t\t\t<\/div>\n\t\t","protected":false},"excerpt":{"rendered":"<p>Du 16 au 21 mars 2026, 35 programmateurs et programmatrices venus de France hexagonale, du Qu\u00e9bec et des territoires ultramarins sont en Martinique pour rencontrer artistes et compagnies locales. Organis\u00e9e par l&#8217;Office National de Diffusion Artistique (ONDA), cette semaine de rencontres est une opportunit\u00e9 concr\u00e8te pour les professionnels du spectacle vivant martiniquais de tisser des [&hellip;]<\/p>\n","protected":false},"author":662,"featured_media":70859,"comment_status":"open","ping_status":"open","sticky":false,"template":"","format":"standard","meta":{"_acf_changed":false,"footnotes":""},"categories":[813],"tags":[808,1599],"class_list":["post-70858","post","type-post","status-publish","format-standard","has-post-thumbnail","hentry","category-arts-visuels","tag-martinique-fr","tag-sainte-lucie-fr"],"acf":[],"_links":{"self":[{"href":"https:\/\/richeskarayib.com\/fr\/wp-json\/wp\/v2\/posts\/70858","targetHints":{"allow":["GET"]}}],"collection":[{"href":"https:\/\/richeskarayib.com\/fr\/wp-json\/wp\/v2\/posts"}],"about":[{"href":"https:\/\/richeskarayib.com\/fr\/wp-json\/wp\/v2\/types\/post"}],"author":[{"embeddable":true,"href":"https:\/\/richeskarayib.com\/fr\/wp-json\/wp\/v2\/users\/662"}],"replies":[{"embeddable":true,"href":"https:\/\/richeskarayib.com\/fr\/wp-json\/wp\/v2\/comments?post=70858"}],"version-history":[{"count":0,"href":"https:\/\/richeskarayib.com\/fr\/wp-json\/wp\/v2\/posts\/70858\/revisions"}],"wp:featuredmedia":[{"embeddable":true,"href":"https:\/\/richeskarayib.com\/fr\/wp-json\/wp\/v2\/media\/70859"}],"wp:attachment":[{"href":"https:\/\/richeskarayib.com\/fr\/wp-json\/wp\/v2\/media?parent=70858"}],"wp:term":[{"taxonomy":"category","embeddable":true,"href":"https:\/\/richeskarayib.com\/fr\/wp-json\/wp\/v2\/categories?post=70858"},{"taxonomy":"post_tag","embeddable":true,"href":"https:\/\/richeskarayib.com\/fr\/wp-json\/wp\/v2\/tags?post=70858"}],"curies":[{"name":"wp","href":"https:\/\/api.w.org\/{rel}","templated":true}]}}