{"id":70899,"date":"2026-03-18T10:57:38","date_gmt":"2026-03-18T14:57:38","guid":{"rendered":"https:\/\/richeskarayib.com\/?p=70899"},"modified":"2026-03-18T10:57:38","modified_gmt":"2026-03-18T14:57:38","slug":"vodou-haiti-benin-patrimoine-unesco","status":"publish","type":"post","link":"https:\/\/richeskarayib.com\/fr\/vodou-haiti-benin-patrimoine-unesco\/","title":{"rendered":"Le vodou : Ha\u00efti au c\u0153ur d\u2019une candidature patrimoniale majeure avec le B\u00e9nin"},"content":{"rendered":"\t\t<div data-elementor-type=\"wp-post\" data-elementor-id=\"70899\" class=\"elementor elementor-70899\" data-elementor-post-type=\"post\">\n\t\t\t\t\t\t<section class=\"elementor-section elementor-top-section elementor-element elementor-element-7ca7ca1 elementor-section-boxed elementor-section-height-default elementor-section-height-default\" data-id=\"7ca7ca1\" data-element_type=\"section\">\n\t\t\t\t\t\t<div class=\"elementor-container elementor-column-gap-default\">\n\t\t\t\t\t<div class=\"elementor-column elementor-col-100 elementor-top-column elementor-element elementor-element-cbdd002\" data-id=\"cbdd002\" data-element_type=\"column\">\n\t\t\t<div class=\"elementor-widget-wrap elementor-element-populated\">\n\t\t\t\t\t\t<section class=\"elementor-section elementor-inner-section elementor-element elementor-element-bc94849 elementor-section-boxed elementor-section-height-default elementor-section-height-default\" data-id=\"bc94849\" data-element_type=\"section\">\n\t\t\t\t\t\t<div class=\"elementor-container elementor-column-gap-default\">\n\t\t\t\t\t\t<\/div>\n\t\t<\/section>\n\t\t\t\t<section class=\"elementor-section elementor-inner-section elementor-element elementor-element-61571e6 elementor-section-boxed elementor-section-height-default elementor-section-height-default\" data-id=\"61571e6\" data-element_type=\"section\">\n\t\t\t\t\t\t<div class=\"elementor-container elementor-column-gap-default\">\n\t\t\t\t\t\t<\/div>\n\t\t<\/section>\n\t\t\t\t<section class=\"elementor-section elementor-inner-section elementor-element elementor-element-b6262e0 elementor-section-boxed elementor-section-height-default elementor-section-height-default\" data-id=\"b6262e0\" data-element_type=\"section\">\n\t\t\t\t\t\t<div class=\"elementor-container elementor-column-gap-default\">\n\t\t\t\t\t\t<\/div>\n\t\t<\/section>\n\t\t\t\t<section class=\"elementor-section elementor-inner-section elementor-element elementor-element-cca29fd elementor-section-boxed elementor-section-height-default elementor-section-height-default\" data-id=\"cca29fd\" data-element_type=\"section\">\n\t\t\t\t\t\t<div class=\"elementor-container elementor-column-gap-default\">\n\t\t\t\t\t\t<\/div>\n\t\t<\/section>\n\t\t\t\t\t<\/div>\n\t\t<\/div>\n\t\t\t\t\t<\/div>\n\t\t<\/section>\n\t\t\t\t<section class=\"elementor-section elementor-top-section elementor-element elementor-element-ee72354 elementor-section-boxed elementor-section-height-default elementor-section-height-default\" data-id=\"ee72354\" data-element_type=\"section\">\n\t\t\t\t\t\t<div class=\"elementor-container elementor-column-gap-default\">\n\t\t\t\t\t<div class=\"elementor-column elementor-col-100 elementor-top-column elementor-element elementor-element-c59d6fe\" data-id=\"c59d6fe\" data-element_type=\"column\">\n\t\t\t<div class=\"elementor-widget-wrap elementor-element-populated\">\n\t\t\t\t\t\t<div class=\"elementor-element elementor-element-e57451f elementor-widget elementor-widget-text-editor\" data-id=\"e57451f\" data-element_type=\"widget\" data-widget_type=\"text-editor.default\">\n\t\t\t\t<div class=\"elementor-widget-container\">\n\t\t\t\t\t\t\t\t\t<p><span style=\"font-weight: 400;\">Le <\/span><b>vodou<\/b><span style=\"font-weight: 400;\"> entre dans une nouvelle phase de son histoire internationale. Avec la candidature conjointe port\u00e9e par Ha\u00efti et le B\u00e9nin pour une inscription sur la Liste repr\u00e9sentative du patrimoine culturel immat\u00e9riel de l\u2019humanit\u00e9, ce sont des si\u00e8cles de m\u00e9moire, de transmission et de cr\u00e9ation qui se trouvent plac\u00e9s au centre d\u2019un d\u00e9bat patrimonial mondial. L\u2019\u00e9ch\u00e9ance fix\u00e9e par l\u2019UNESCO pour les dossiers examin\u00e9s en 2027, d\u00e9pos\u00e9s avant le 31 mars 2026, situe cette initiative dans un calendrier institutionnel pr\u00e9cis et structur\u00e9, mais l\u2019enjeu d\u00e9passe largement la proc\u00e9dure administrative.<\/span><\/p>\t\t\t\t\t\t\t\t<\/div>\n\t\t\t\t<\/div>\n\t\t\t\t<div class=\"elementor-element elementor-element-4960a73 elementor-widget elementor-widget-text-editor\" data-id=\"4960a73\" data-element_type=\"widget\" data-widget_type=\"text-editor.default\">\n\t\t\t\t<div class=\"elementor-widget-container\">\n\t\t\t\t\t\t\t\t\t<p><span style=\"font-weight: 400;\">Pour la Cara\u00efbe, et en particulier pour Ha\u00efti, cette candidature ne constitue pas une simple formalit\u00e9 culturelle. Elle touche \u00e0 la reconnaissance d\u2019un h\u00e9ritage vivant, souvent mal compris, parfois caricatur\u00e9, mais profond\u00e9ment enracin\u00e9 dans l\u2019histoire sociale, artistique et spirituelle du pays. Le vodou ne rel\u00e8ve pas d\u2019un folklore fig\u00e9 ; il est une matrice culturelle, une mani\u00e8re d\u2019organiser le lien entre les g\u00e9n\u00e9rations, les communaut\u00e9s et le sacr\u00e9. Le replacer dans une dynamique patrimoniale internationale revient \u00e0 reconna\u00eetre sa complexit\u00e9, sa profondeur et sa vitalit\u00e9.<\/span><\/p>\t\t\t\t\t\t\t\t<\/div>\n\t\t\t\t<\/div>\n\t\t\t\t\t<\/div>\n\t\t<\/div>\n\t\t\t\t\t<\/div>\n\t\t<\/section>\n\t\t\t\t<section class=\"elementor-section elementor-top-section elementor-element elementor-element-82cd8f9 elementor-section-boxed elementor-section-height-default elementor-section-height-default\" data-id=\"82cd8f9\" data-element_type=\"section\">\n\t\t\t\t\t\t<div class=\"elementor-container elementor-column-gap-default\">\n\t\t\t\t\t<div class=\"elementor-column elementor-col-100 elementor-top-column elementor-element elementor-element-0bfdc38\" data-id=\"0bfdc38\" data-element_type=\"column\">\n\t\t\t<div class=\"elementor-widget-wrap elementor-element-populated\">\n\t\t\t\t\t\t<div class=\"elementor-element elementor-element-7d292fe elementor-widget elementor-widget-heading\" data-id=\"7d292fe\" data-element_type=\"widget\" data-widget_type=\"heading.default\">\n\t\t\t\t<div class=\"elementor-widget-container\">\n\t\t\t\t\t<h2 class=\"elementor-heading-title elementor-size-default\">Une candidature qui red\u00e9finit le regard port\u00e9 sur le vodou<\/h2>\t\t\t\t<\/div>\n\t\t\t\t<\/div>\n\t\t\t\t<div class=\"elementor-element elementor-element-96caf50 elementor-widget elementor-widget-text-editor\" data-id=\"96caf50\" data-element_type=\"widget\" data-widget_type=\"text-editor.default\">\n\t\t\t\t<div class=\"elementor-widget-container\">\n\t\t\t\t\t\t\t\t\t<p><span style=\"font-weight: 400;\">La force de cette initiative r\u00e9side dans son ambition de d\u00e9passer les repr\u00e9sentations simplificatrices. Trop souvent enferm\u00e9 dans des images spectaculaires ou d\u00e9form\u00e9es, le vodou appara\u00eet ici comme un syst\u00e8me culturel complet, articulant croyances, pratiques sociales, arts, rituels et modes de transmission. La documentation officielle associ\u00e9e au projet b\u00e9ninois rappelle que le vodou trouve ses racines en Afrique de l\u2019Ouest et qu\u2019il s\u2019est diffus\u00e9 dans les territoires marqu\u00e9s par la traite transatlantique. Cette continuit\u00e9 historique \u00e9claire le lien profond entre le B\u00e9nin et Ha\u00efti, non comme une juxtaposition diplomatique, mais comme une histoire partag\u00e9e.<\/span><\/p>\t\t\t\t\t\t\t\t<\/div>\n\t\t\t\t<\/div>\n\t\t\t\t<div class=\"elementor-element elementor-element-dfd6c9a elementor-widget elementor-widget-text-editor\" data-id=\"dfd6c9a\" data-element_type=\"widget\" data-widget_type=\"text-editor.default\">\n\t\t\t\t<div class=\"elementor-widget-container\">\n\t\t\t\t\t\t\t\t\t<p><span style=\"font-weight: 400;\">Ce repositionnement est essentiel. Inscrire le <a href=\"https:\/\/richeskarayib.com\/fr\/veve-vodou-haiti-ouvrage-fondamental\/\" target=\"_blank\" rel=\"noopener\">vodou<\/a> dans le cadre du patrimoine culturel immat\u00e9riel signifie reconna\u00eetre qu\u2019il ne s\u2019agit pas d\u2019un objet isol\u00e9, mais d\u2019un ensemble de savoirs, de gestes, de rythmes et de r\u00e9cits transmis au sein de communaut\u00e9s vivantes. La reconnaissance patrimoniale ne fige pas la tradition ; elle en souligne la capacit\u00e9 d\u2019adaptation et d\u2019\u00e9volution. Elle affirme que la valeur du vodou tient autant \u00e0 sa dimension spirituelle qu\u2019\u00e0 son r\u00f4le social et artistique.<\/span><\/p>\t\t\t\t\t\t\t\t<\/div>\n\t\t\t\t<\/div>\n\t\t\t\t<div class=\"elementor-element elementor-element-577da32 elementor-widget elementor-widget-image\" data-id=\"577da32\" data-element_type=\"widget\" data-widget_type=\"image.default\">\n\t\t\t\t<div class=\"elementor-widget-container\">\n\t\t\t\t\t\t\t\t\t\t\t\t\t\t\t<img fetchpriority=\"high\" decoding=\"async\" width=\"800\" height=\"447\" src=\"https:\/\/richeskarayib.com\/wp-content\/uploads\/2026\/03\/Gemini_Generated_Image_yi24v9yi24v9yi24-1024x572.png\" class=\"attachment-large size-large wp-image-70904\" alt=\"Vodou\" srcset=\"https:\/\/richeskarayib.com\/wp-content\/uploads\/2026\/03\/Gemini_Generated_Image_yi24v9yi24v9yi24-1024x572.png 1024w, https:\/\/richeskarayib.com\/wp-content\/uploads\/2026\/03\/Gemini_Generated_Image_yi24v9yi24v9yi24-300x167.png 300w, https:\/\/richeskarayib.com\/wp-content\/uploads\/2026\/03\/Gemini_Generated_Image_yi24v9yi24v9yi24-768x429.png 768w, https:\/\/richeskarayib.com\/wp-content\/uploads\/2026\/03\/Gemini_Generated_Image_yi24v9yi24v9yi24-1320x737.png 1320w, https:\/\/richeskarayib.com\/wp-content\/uploads\/2026\/03\/Gemini_Generated_Image_yi24v9yi24v9yi24.png 1376w\" sizes=\"(max-width: 800px) 100vw, 800px\" \/>\t\t\t\t\t\t\t\t\t\t\t\t\t\t\t<\/div>\n\t\t\t\t<\/div>\n\t\t\t\t<section class=\"elementor-section elementor-inner-section elementor-element elementor-element-c582330 elementor-section-boxed elementor-section-height-default elementor-section-height-default\" data-id=\"c582330\" data-element_type=\"section\">\n\t\t\t\t\t\t<div class=\"elementor-container elementor-column-gap-default\">\n\t\t\t\t\t\t<\/div>\n\t\t<\/section>\n\t\t\t\t<section class=\"elementor-section elementor-inner-section elementor-element elementor-element-296603a elementor-section-boxed elementor-section-height-default elementor-section-height-default\" data-id=\"296603a\" data-element_type=\"section\">\n\t\t\t\t\t\t<div class=\"elementor-container elementor-column-gap-default\">\n\t\t\t\t\t\t<\/div>\n\t\t<\/section>\n\t\t\t\t\t<\/div>\n\t\t<\/div>\n\t\t\t\t\t<\/div>\n\t\t<\/section>\n\t\t\t\t<section class=\"elementor-section elementor-top-section elementor-element elementor-element-bdd0219 elementor-section-boxed elementor-section-height-default elementor-section-height-default\" data-id=\"bdd0219\" data-element_type=\"section\">\n\t\t\t\t\t\t<div class=\"elementor-container elementor-column-gap-default\">\n\t\t\t\t\t<div class=\"elementor-column elementor-col-100 elementor-top-column elementor-element elementor-element-c1ec903\" data-id=\"c1ec903\" data-element_type=\"column\">\n\t\t\t<div class=\"elementor-widget-wrap elementor-element-populated\">\n\t\t\t\t\t\t<div class=\"elementor-element elementor-element-55dd336 elementor-widget elementor-widget-heading\" data-id=\"55dd336\" data-element_type=\"widget\" data-widget_type=\"heading.default\">\n\t\t\t\t<div class=\"elementor-widget-container\">\n\t\t\t\t\t<h2 class=\"elementor-heading-title elementor-size-default\">Ha\u00efti, territoire du vodou dans la Cara\u00efbe<\/h2>\t\t\t\t<\/div>\n\t\t\t\t<\/div>\n\t\t\t\t<div class=\"elementor-element elementor-element-9cd513e elementor-widget elementor-widget-text-editor\" data-id=\"9cd513e\" data-element_type=\"widget\" data-widget_type=\"text-editor.default\">\n\t\t\t\t<div class=\"elementor-widget-container\">\n\t\t\t\t\t\t\t\t\t<h3><b>Une pr\u00e9sence structurante dans la soci\u00e9t\u00e9 ha\u00eftienne<\/b><\/h3>\n<p><span style=\"font-weight: 400;\">En Ha\u00efti, le <a href=\"https:\/\/fr.wikipedia.org\/wiki\/Vaudou_ha%C3%AFtien\" target=\"_blank\" rel=\"noopener nofollow\">vodou<\/a> traverse les couches profondes de la soci\u00e9t\u00e9. Il fa\u00e7onne des rituels, mais aussi des formes de sociabilit\u00e9, des calendriers symboliques, des rapports aux anc\u00eatres et des mani\u00e8res d\u2019interpr\u00e9ter le monde. Il ne s\u2019exprime pas uniquement dans les c\u00e9r\u00e9monies ; il impr\u00e8gne les gestes quotidiens, les r\u00e9cits familiaux, les relations communautaires. Comprendre le vodou en Ha\u00efti exige de d\u00e9passer la fronti\u00e8re entre religion et culture : il s\u2019agit d\u2019un univers de sens o\u00f9 spiritualit\u00e9, esth\u00e9tique et organisation sociale dialoguent constamment.<\/span><\/p>\t\t\t\t\t\t\t\t<\/div>\n\t\t\t\t<\/div>\n\t\t\t\t<section class=\"elementor-section elementor-inner-section elementor-element elementor-element-92f4402 elementor-section-boxed elementor-section-height-default elementor-section-height-default\" data-id=\"92f4402\" data-element_type=\"section\">\n\t\t\t\t\t\t<div class=\"elementor-container elementor-column-gap-default\">\n\t\t\t\t\t\t<\/div>\n\t\t<\/section>\n\t\t\t\t<div class=\"elementor-element elementor-element-1f7f290 elementor-widget elementor-widget-text-editor\" data-id=\"1f7f290\" data-element_type=\"widget\" data-widget_type=\"text-editor.default\">\n\t\t\t\t<div class=\"elementor-widget-container\">\n\t\t\t\t\t\t\t\t\t<p><span style=\"font-weight: 400;\">Cette r\u00e9alit\u00e9 explique pourquoi la candidature rev\u00eat une dimension particuli\u00e8re pour le pays. Ha\u00efti ne pr\u00e9sente pas seulement un h\u00e9ritage historique ; elle affirme la vitalit\u00e9 d\u2019un patrimoine qui continue de structurer des identit\u00e9s et des pratiques contemporaines. Dans un contexte o\u00f9 l\u2019image internationale d\u2019Ha\u00efti est souvent domin\u00e9e par des narrations de crise, mettre en avant le vodou comme patrimoine vivant participe d\u2019une r\u00e9\u00e9criture plus \u00e9quilibr\u00e9e et plus juste du r\u00e9cit national.<\/span><\/p>\t\t\t\t\t\t\t\t<\/div>\n\t\t\t\t<\/div>\n\t\t\t\t<div class=\"elementor-element elementor-element-67e5df9 elementor-widget elementor-widget-image\" data-id=\"67e5df9\" data-element_type=\"widget\" data-widget_type=\"image.default\">\n\t\t\t\t<div class=\"elementor-widget-container\">\n\t\t\t\t\t\t\t\t\t\t\t\t\t\t\t<img decoding=\"async\" width=\"800\" height=\"437\" src=\"https:\/\/richeskarayib.com\/wp-content\/uploads\/2026\/03\/Gemini_Generated_Image_8u0kl68u0kl68u0k-1024x559.png\" class=\"attachment-large size-large wp-image-70908\" alt=\"Vodou\" srcset=\"https:\/\/richeskarayib.com\/wp-content\/uploads\/2026\/03\/Gemini_Generated_Image_8u0kl68u0kl68u0k-1024x559.png 1024w, https:\/\/richeskarayib.com\/wp-content\/uploads\/2026\/03\/Gemini_Generated_Image_8u0kl68u0kl68u0k-300x164.png 300w, https:\/\/richeskarayib.com\/wp-content\/uploads\/2026\/03\/Gemini_Generated_Image_8u0kl68u0kl68u0k-768x419.png 768w, https:\/\/richeskarayib.com\/wp-content\/uploads\/2026\/03\/Gemini_Generated_Image_8u0kl68u0kl68u0k-1320x720.png 1320w, https:\/\/richeskarayib.com\/wp-content\/uploads\/2026\/03\/Gemini_Generated_Image_8u0kl68u0kl68u0k.png 1408w\" sizes=\"(max-width: 800px) 100vw, 800px\" \/>\t\t\t\t\t\t\t\t\t\t\t\t\t\t\t<\/div>\n\t\t\t\t<\/div>\n\t\t\t\t<div class=\"elementor-element elementor-element-c0f40a4 elementor-widget elementor-widget-text-editor\" data-id=\"c0f40a4\" data-element_type=\"widget\" data-widget_type=\"text-editor.default\">\n\t\t\t\t<div class=\"elementor-widget-container\">\n\t\t\t\t\t\t\t\t\t<h3><b>Une matrice artistique et cr\u00e9ative<\/b><\/h3>\n<p><span style=\"font-weight: 400;\">Il nourrit depuis longtemps les expressions artistiques ha\u00eftiennes. Les rythmes percussifs, les chants responsoriaux, les danses codifi\u00e9es et les symboles trac\u00e9s au sol composent un langage esth\u00e9tique d\u2019une richesse remarquable. Les v\u00e8v\u00e8, ces dessins symboliques associ\u00e9s aux esprits, t\u00e9moignent d\u2019une sophistication graphique qui a influenc\u00e9 des g\u00e9n\u00e9rations d\u2019artistes. Les \u0153uvres textiles, les broderies et les cr\u00e9ations contemporaines inspir\u00e9es par l\u2019imaginaire vodou illustrent la mani\u00e8re dont la tradition continue de dialoguer avec la modernit\u00e9.<\/span><\/p>\t\t\t\t\t\t\t\t<\/div>\n\t\t\t\t<\/div>\n\t\t\t\t<div class=\"elementor-element elementor-element-47dc978 elementor-widget elementor-widget-text-editor\" data-id=\"47dc978\" data-element_type=\"widget\" data-widget_type=\"text-editor.default\">\n\t\t\t\t<div class=\"elementor-widget-container\">\n\t\t\t\t\t\t\t\t\t<p><span style=\"font-weight: 400;\">Cette dimension artistique n\u2019est pas secondaire ; elle est au c\u0153ur de la candidature. Elle montre que le vodou n\u2019est pas seulement un syst\u00e8me de croyances, mais aussi un espace de cr\u00e9ation o\u00f9 le corps, la voix et la mati\u00e8re deviennent des vecteurs de m\u00e9moire et de transmission. Pour les lecteurs carib\u00e9ens, cette perspective permet de mieux comprendre pourquoi il occupe une place singuli\u00e8re dans l\u2019\u00e9cosyst\u00e8me culturel r\u00e9gional.<\/span><\/p>\t\t\t\t\t\t\t\t<\/div>\n\t\t\t\t<\/div>\n\t\t\t\t<div class=\"elementor-element elementor-element-73b6c6c elementor-widget elementor-widget-image\" data-id=\"73b6c6c\" data-element_type=\"widget\" data-widget_type=\"image.default\">\n\t\t\t\t<div class=\"elementor-widget-container\">\n\t\t\t\t\t\t\t\t\t\t\t\t\t\t\t<img decoding=\"async\" width=\"800\" height=\"437\" src=\"https:\/\/richeskarayib.com\/wp-content\/uploads\/2026\/03\/Gemini_Generated_Image_11ym6a11ym6a11ym-1024x559.png\" class=\"attachment-large size-large wp-image-70912\" alt=\"Vodou\" srcset=\"https:\/\/richeskarayib.com\/wp-content\/uploads\/2026\/03\/Gemini_Generated_Image_11ym6a11ym6a11ym-1024x559.png 1024w, https:\/\/richeskarayib.com\/wp-content\/uploads\/2026\/03\/Gemini_Generated_Image_11ym6a11ym6a11ym-300x164.png 300w, https:\/\/richeskarayib.com\/wp-content\/uploads\/2026\/03\/Gemini_Generated_Image_11ym6a11ym6a11ym-768x419.png 768w, https:\/\/richeskarayib.com\/wp-content\/uploads\/2026\/03\/Gemini_Generated_Image_11ym6a11ym6a11ym-1320x720.png 1320w, https:\/\/richeskarayib.com\/wp-content\/uploads\/2026\/03\/Gemini_Generated_Image_11ym6a11ym6a11ym.png 1408w\" sizes=\"(max-width: 800px) 100vw, 800px\" \/>\t\t\t\t\t\t\t\t\t\t\t\t\t\t\t<\/div>\n\t\t\t\t<\/div>\n\t\t\t\t<section class=\"elementor-section elementor-inner-section elementor-element elementor-element-9290a61 elementor-section-boxed elementor-section-height-default elementor-section-height-default\" data-id=\"9290a61\" data-element_type=\"section\">\n\t\t\t\t\t\t<div class=\"elementor-container elementor-column-gap-default\">\n\t\t\t\t\t\t<\/div>\n\t\t<\/section>\n\t\t\t\t\t<\/div>\n\t\t<\/div>\n\t\t\t\t\t<\/div>\n\t\t<\/section>\n\t\t\t\t<section class=\"elementor-section elementor-top-section elementor-element elementor-element-9c88a89 elementor-section-boxed elementor-section-height-default elementor-section-height-default\" data-id=\"9c88a89\" data-element_type=\"section\">\n\t\t\t\t\t\t<div class=\"elementor-container elementor-column-gap-default\">\n\t\t\t\t\t<div class=\"elementor-column elementor-col-100 elementor-top-column elementor-element elementor-element-78cf5d1\" data-id=\"78cf5d1\" data-element_type=\"column\">\n\t\t\t<div class=\"elementor-widget-wrap elementor-element-populated\">\n\t\t\t\t\t\t<div class=\"elementor-element elementor-element-ea2a5c1 elementor-widget elementor-widget-heading\" data-id=\"ea2a5c1\" data-element_type=\"widget\" data-widget_type=\"heading.default\">\n\t\t\t\t<div class=\"elementor-widget-container\">\n\t\t\t\t\t<h2 class=\"elementor-heading-title elementor-size-default\">Du golfe du B\u00e9nin \u00e0 Ha\u00efti : une continuit\u00e9 historique transatlantique<\/h2>\t\t\t\t<\/div>\n\t\t\t\t<\/div>\n\t\t\t\t<div class=\"elementor-element elementor-element-e305eee elementor-widget elementor-widget-text-editor\" data-id=\"e305eee\" data-element_type=\"widget\" data-widget_type=\"text-editor.default\">\n\t\t\t\t<div class=\"elementor-widget-container\">\n\t\t\t\t\t\t\t\t\t<h3><b>Une histoire fa\u00e7onn\u00e9e par la traite atlantique<\/b><\/h3>\n<p><span style=\"font-weight: 400;\">Le lien entre le B\u00e9nin et Ha\u00efti s\u2019inscrit dans l\u2019histoire longue de la traite transatlantique. Les croyances et pratiques issues des anciens royaumes de la r\u00e9gion du golfe du B\u00e9nin ont travers\u00e9 l\u2019oc\u00e9an avec les personnes r\u00e9duites en esclavage. Arriv\u00e9es dans la Cara\u00efbe, elles se sont transform\u00e9es, adapt\u00e9es et enrichies au contact d\u2019autres traditions et du contexte colonial. Le vodou ha\u00eftien n\u2019est pas une simple reproduction ; il est le r\u00e9sultat d\u2019un processus de recr\u00e9ation culturelle face \u00e0 la violence de l\u2019arrachement.<\/span><\/p>\t\t\t\t\t\t\t\t<\/div>\n\t\t\t\t<\/div>\n\t\t\t\t<div class=\"elementor-element elementor-element-767c733 elementor-widget elementor-widget-text-editor\" data-id=\"767c733\" data-element_type=\"widget\" data-widget_type=\"text-editor.default\">\n\t\t\t\t<div class=\"elementor-widget-container\">\n\t\t\t\t\t\t\t\t\t<p><span style=\"font-weight: 400;\">Reconna\u00eetre cette continuit\u00e9, c\u2019est reconna\u00eetre la capacit\u00e9 des peuples d\u00e9plac\u00e9s \u00e0 pr\u00e9server des \u00e9l\u00e9ments essentiels de leur vision du monde. La candidature conjointe met en lumi\u00e8re cette trajectoire complexe, o\u00f9 la m\u00e9moire africaine et l\u2019exp\u00e9rience carib\u00e9enne se rejoignent dans un patrimoine partag\u00e9.<\/span><\/p>\t\t\t\t\t\t\t\t<\/div>\n\t\t\t\t<\/div>\n\t\t\t\t<div class=\"elementor-element elementor-element-056066e elementor-widget elementor-widget-text-editor\" data-id=\"056066e\" data-element_type=\"widget\" data-widget_type=\"text-editor.default\">\n\t\t\t\t<div class=\"elementor-widget-container\">\n\t\t\t\t\t\t\t\t\t<h3><b>Une diplomatie culturelle tourn\u00e9e vers la reconnaissance<\/b><\/h3>\n<p><span style=\"font-weight: 400;\">Au-del\u00e0 de l\u2019histoire, cette initiative participe d\u2019une diplomatie culturelle active. Le B\u00e9nin et Ha\u00efti affirment ensemble la valeur d\u2019un h\u00e9ritage commun, inscrit dans une dynamique de dialogue interculturel. Cette coop\u00e9ration souligne que le patrimoine immat\u00e9riel peut devenir un terrain de rapprochement et de reconnaissance mutuelle, loin des logiques de concurrence symbolique.<\/span><\/p>\t\t\t\t\t\t\t\t<\/div>\n\t\t\t\t<\/div>\n\t\t\t\t\t<\/div>\n\t\t<\/div>\n\t\t\t\t\t<\/div>\n\t\t<\/section>\n\t\t\t\t<section class=\"elementor-section elementor-top-section elementor-element elementor-element-ee7f5d7 elementor-section-boxed elementor-section-height-default elementor-section-height-default\" data-id=\"ee7f5d7\" data-element_type=\"section\">\n\t\t\t\t\t\t<div class=\"elementor-container elementor-column-gap-default\">\n\t\t\t\t\t<div class=\"elementor-column elementor-col-100 elementor-top-column elementor-element elementor-element-0669c08\" data-id=\"0669c08\" data-element_type=\"column\">\n\t\t\t<div class=\"elementor-widget-wrap elementor-element-populated\">\n\t\t\t\t\t\t<div class=\"elementor-element elementor-element-acc47ca elementor-widget elementor-widget-heading\" data-id=\"acc47ca\" data-element_type=\"widget\" data-widget_type=\"heading.default\">\n\t\t\t\t<div class=\"elementor-widget-container\">\n\t\t\t\t\t<h2 class=\"elementor-heading-title elementor-size-default\">Les enjeux pour Ha\u00efti : reconnaissance, transmission et image internationale<\/h2>\t\t\t\t<\/div>\n\t\t\t\t<\/div>\n\t\t\t\t<div class=\"elementor-element elementor-element-4bb1533 elementor-widget elementor-widget-text-editor\" data-id=\"4bb1533\" data-element_type=\"widget\" data-widget_type=\"text-editor.default\">\n\t\t\t\t<div class=\"elementor-widget-container\">\n\t\t\t\t\t\t\t\t\t<h3><b>Un patrimoine d\u00e9j\u00e0 pr\u00e9sent sur la sc\u00e8ne UNESCO<\/b><\/h3>\n<p><span style=\"font-weight: 400;\">Ha\u00efti s\u2019est r\u00e9cemment distingu\u00e9e par l\u2019inscription de plusieurs \u00e9l\u00e9ments culturels sur la Liste repr\u00e9sentative de l\u2019UNESCO, notamment la soupe joumou en 2021, les savoirs li\u00e9s au pain de cassave en 2024 et le compas en 2025. Cette trajectoire confirme la volont\u00e9 du pays de valoriser ses traditions vivantes. Dans cette continuit\u00e9, il appara\u00eet comme un pilier fondamental, dont la reconnaissance renforcerait la coh\u00e9rence de cette politique patrimoniale.<\/span><\/p>\t\t\t\t\t\t\t\t<\/div>\n\t\t\t\t<\/div>\n\t\t\t\t<div class=\"elementor-element elementor-element-9625525 elementor-widget elementor-widget-text-editor\" data-id=\"9625525\" data-element_type=\"widget\" data-widget_type=\"text-editor.default\">\n\t\t\t\t<div class=\"elementor-widget-container\">\n\t\t\t\t\t\t\t\t\t<h3><b>Une opportunit\u00e9 de r\u00e9\u00e9quilibrer les repr\u00e9sentations<\/b><\/h3>\n<p><span style=\"font-weight: 400;\">La reconnaissance internationale du vodou aurait une port\u00e9e symbolique forte. Elle contribuerait \u00e0 d\u00e9construire les visions sensationnalistes et \u00e0 replacer la tradition dans son contexte historique et social. Pour Ha\u00efti, l\u2019enjeu est aussi p\u00e9dagogique : offrir aux jeunes g\u00e9n\u00e9rations une lecture plus structur\u00e9e de leur h\u00e9ritage et encourager des programmes de documentation, d\u2019\u00e9ducation et de sauvegarde.<\/span><\/p>\t\t\t\t\t\t\t\t<\/div>\n\t\t\t\t<\/div>\n\t\t\t\t<section class=\"elementor-section elementor-inner-section elementor-element elementor-element-3d4794b elementor-section-boxed elementor-section-height-default elementor-section-height-default\" data-id=\"3d4794b\" data-element_type=\"section\">\n\t\t\t\t\t\t<div class=\"elementor-container elementor-column-gap-default\">\n\t\t\t\t\t<div class=\"elementor-column elementor-col-50 elementor-inner-column elementor-element elementor-element-d5c6663\" data-id=\"d5c6663\" data-element_type=\"column\">\n\t\t\t<div class=\"elementor-widget-wrap elementor-element-populated\">\n\t\t\t\t\t\t<div class=\"elementor-element elementor-element-52c4c78 elementor-widget elementor-widget-image\" data-id=\"52c4c78\" data-element_type=\"widget\" data-widget_type=\"image.default\">\n\t\t\t\t<div class=\"elementor-widget-container\">\n\t\t\t\t\t\t\t\t\t\t\t\t\t\t\t<img loading=\"lazy\" decoding=\"async\" width=\"800\" height=\"437\" src=\"https:\/\/richeskarayib.com\/wp-content\/uploads\/2026\/03\/Gemini_Generated_Image_mlgscwmlgscwmlgs-1-1024x559.png\" class=\"attachment-large size-large wp-image-70920\" alt=\"Vodou\" srcset=\"https:\/\/richeskarayib.com\/wp-content\/uploads\/2026\/03\/Gemini_Generated_Image_mlgscwmlgscwmlgs-1-1024x559.png 1024w, https:\/\/richeskarayib.com\/wp-content\/uploads\/2026\/03\/Gemini_Generated_Image_mlgscwmlgscwmlgs-1-300x164.png 300w, https:\/\/richeskarayib.com\/wp-content\/uploads\/2026\/03\/Gemini_Generated_Image_mlgscwmlgscwmlgs-1-768x419.png 768w, https:\/\/richeskarayib.com\/wp-content\/uploads\/2026\/03\/Gemini_Generated_Image_mlgscwmlgscwmlgs-1-1320x720.png 1320w, https:\/\/richeskarayib.com\/wp-content\/uploads\/2026\/03\/Gemini_Generated_Image_mlgscwmlgscwmlgs-1.png 1408w\" sizes=\"(max-width: 800px) 100vw, 800px\" \/>\t\t\t\t\t\t\t\t\t\t\t\t\t\t\t<\/div>\n\t\t\t\t<\/div>\n\t\t\t\t\t<\/div>\n\t\t<\/div>\n\t\t\t\t<div class=\"elementor-column elementor-col-50 elementor-inner-column elementor-element elementor-element-1b3af47\" data-id=\"1b3af47\" data-element_type=\"column\">\n\t\t\t<div class=\"elementor-widget-wrap elementor-element-populated\">\n\t\t\t\t\t\t<div class=\"elementor-element elementor-element-964db01 elementor-widget elementor-widget-image\" data-id=\"964db01\" data-element_type=\"widget\" data-widget_type=\"image.default\">\n\t\t\t\t<div class=\"elementor-widget-container\">\n\t\t\t\t\t\t\t\t\t\t\t\t\t\t\t<img loading=\"lazy\" decoding=\"async\" width=\"800\" height=\"437\" src=\"https:\/\/richeskarayib.com\/wp-content\/uploads\/2026\/03\/Gemini_Generated_Image_l5b5x0l5b5x0l5b5-1024x559.png\" class=\"attachment-large size-large wp-image-70924\" alt=\"Vodou\" srcset=\"https:\/\/richeskarayib.com\/wp-content\/uploads\/2026\/03\/Gemini_Generated_Image_l5b5x0l5b5x0l5b5-1024x559.png 1024w, https:\/\/richeskarayib.com\/wp-content\/uploads\/2026\/03\/Gemini_Generated_Image_l5b5x0l5b5x0l5b5-300x164.png 300w, https:\/\/richeskarayib.com\/wp-content\/uploads\/2026\/03\/Gemini_Generated_Image_l5b5x0l5b5x0l5b5-768x419.png 768w, https:\/\/richeskarayib.com\/wp-content\/uploads\/2026\/03\/Gemini_Generated_Image_l5b5x0l5b5x0l5b5-1320x720.png 1320w, https:\/\/richeskarayib.com\/wp-content\/uploads\/2026\/03\/Gemini_Generated_Image_l5b5x0l5b5x0l5b5.png 1408w\" sizes=\"(max-width: 800px) 100vw, 800px\" \/>\t\t\t\t\t\t\t\t\t\t\t\t\t\t\t<\/div>\n\t\t\t\t<\/div>\n\t\t\t\t\t<\/div>\n\t\t<\/div>\n\t\t\t\t\t<\/div>\n\t\t<\/section>\n\t\t\t\t\t<\/div>\n\t\t<\/div>\n\t\t\t\t\t<\/div>\n\t\t<\/section>\n\t\t\t\t<section class=\"elementor-section elementor-top-section elementor-element elementor-element-d0fd0c0 elementor-section-boxed elementor-section-height-default elementor-section-height-default\" data-id=\"d0fd0c0\" data-element_type=\"section\">\n\t\t\t\t\t\t<div class=\"elementor-container elementor-column-gap-default\">\n\t\t\t\t\t<div class=\"elementor-column elementor-col-100 elementor-top-column elementor-element elementor-element-1e2ec65\" data-id=\"1e2ec65\" data-element_type=\"column\">\n\t\t\t<div class=\"elementor-widget-wrap elementor-element-populated\">\n\t\t\t\t\t\t<div class=\"elementor-element elementor-element-316145b elementor-widget elementor-widget-heading\" data-id=\"316145b\" data-element_type=\"widget\" data-widget_type=\"heading.default\">\n\t\t\t\t<div class=\"elementor-widget-container\">\n\t\t\t\t\t<h2 class=\"elementor-heading-title elementor-size-default\">Une reconnaissance patrimoniale comme levier d\u2019avenir<\/h2>\t\t\t\t<\/div>\n\t\t\t\t<\/div>\n\t\t\t\t<div class=\"elementor-element elementor-element-54e5967 elementor-widget elementor-widget-text-editor\" data-id=\"54e5967\" data-element_type=\"widget\" data-widget_type=\"text-editor.default\">\n\t\t\t\t<div class=\"elementor-widget-container\">\n\t\t\t\t\t\t\t\t\t<p><span style=\"font-weight: 400;\">L\u2019inscription sur la Liste repr\u00e9sentative ne constituerait pas une fin en soi. Elle ouvrirait un espace de r\u00e9flexion sur la mani\u00e8re de pr\u00e9server un patrimoine vivant sans le figer. Elle encouragerait la participation active des communaut\u00e9s et renforcerait les dispositifs de transmission. Surtout, elle affirmerait que le vodou appartient pleinement au patrimoine culturel mondial, non comme curiosit\u00e9 exotique, mais comme syst\u00e8me complexe de savoirs et d\u2019expressions artistiques.<\/span><\/p>\n<p><span style=\"font-weight: 400;\">Au croisement de l\u2019Afrique et de la Cara\u00efbe, il raconte une histoire de continuit\u00e9 malgr\u00e9 la rupture, de cr\u00e9ation malgr\u00e9 la contrainte, de m\u00e9moire malgr\u00e9 l\u2019effacement. Pour Ha\u00efti, cette candidature repr\u00e9sente une \u00e9tape significative dans la reconnaissance d\u2019un h\u00e9ritage qui continue de structurer son identit\u00e9 culturelle et son rayonnement international.<\/span><\/p>\t\t\t\t\t\t\t\t<\/div>\n\t\t\t\t<\/div>\n\t\t\t\t\t<\/div>\n\t\t<\/div>\n\t\t\t\t\t<\/div>\n\t\t<\/section>\n\t\t\t\t<section class=\"elementor-section elementor-top-section elementor-element elementor-element-f5709a6 elementor-section-boxed elementor-section-height-default elementor-section-height-default\" data-id=\"f5709a6\" data-element_type=\"section\">\n\t\t\t\t\t\t<div class=\"elementor-container elementor-column-gap-default\">\n\t\t\t\t\t<div class=\"elementor-column elementor-col-100 elementor-top-column elementor-element elementor-element-957be6f\" data-id=\"957be6f\" data-element_type=\"column\">\n\t\t\t<div class=\"elementor-widget-wrap elementor-element-populated\">\n\t\t\t\t\t\t<div class=\"elementor-element elementor-element-63e5d4a elementor-widget elementor-widget-accordion\" data-id=\"63e5d4a\" data-element_type=\"widget\" data-widget_type=\"accordion.default\">\n\t\t\t\t<div class=\"elementor-widget-container\">\n\t\t\t\t\t\t\t<div class=\"elementor-accordion\">\n\t\t\t\t\t\t\t<div class=\"elementor-accordion-item\">\n\t\t\t\t\t<div id=\"elementor-tab-title-1041\" class=\"elementor-tab-title\" data-tab=\"1\" role=\"button\" aria-controls=\"elementor-tab-content-1041\" aria-expanded=\"false\">\n\t\t\t\t\t\t\t\t\t\t\t\t\t<span class=\"elementor-accordion-icon elementor-accordion-icon-left\" aria-hidden=\"true\">\n\t\t\t\t\t\t\t\t\t\t\t\t\t\t\t<span class=\"elementor-accordion-icon-closed\"><i class=\"fas fa-plus\"><\/i><\/span>\n\t\t\t\t\t\t\t\t<span class=\"elementor-accordion-icon-opened\"><i class=\"fas fa-minus\"><\/i><\/span>\n\t\t\t\t\t\t\t\t\t\t\t\t\t\t<\/span>\n\t\t\t\t\t\t\t\t\t\t\t\t<a class=\"elementor-accordion-title\" tabindex=\"0\">Le vodou est-il d\u00e9j\u00e0 inscrit au patrimoine immat\u00e9riel de l\u2019UNESCO ?<\/a>\n\t\t\t\t\t<\/div>\n\t\t\t\t\t<div id=\"elementor-tab-content-1041\" class=\"elementor-tab-content elementor-clearfix\" data-tab=\"1\" role=\"region\" aria-labelledby=\"elementor-tab-title-1041\"><p><span style=\"font-weight: 400;\">Non. Le vodou fait l\u2019objet d\u2019une candidature conjointe entre Ha\u00efti et le B\u00e9nin pour une inscription sur la Liste repr\u00e9sentative du patrimoine culturel immat\u00e9riel de l\u2019humanit\u00e9. La d\u00e9cision finale est attendue lors d\u2019un prochain cycle d\u2019\u00e9valuation du comit\u00e9 intergouvernemental.<\/span><\/p><\/div>\n\t\t\t\t<\/div>\n\t\t\t\t\t\t\t<div class=\"elementor-accordion-item\">\n\t\t\t\t\t<div id=\"elementor-tab-title-1042\" class=\"elementor-tab-title\" data-tab=\"2\" role=\"button\" aria-controls=\"elementor-tab-content-1042\" aria-expanded=\"false\">\n\t\t\t\t\t\t\t\t\t\t\t\t\t<span class=\"elementor-accordion-icon elementor-accordion-icon-left\" aria-hidden=\"true\">\n\t\t\t\t\t\t\t\t\t\t\t\t\t\t\t<span class=\"elementor-accordion-icon-closed\"><i class=\"fas fa-plus\"><\/i><\/span>\n\t\t\t\t\t\t\t\t<span class=\"elementor-accordion-icon-opened\"><i class=\"fas fa-minus\"><\/i><\/span>\n\t\t\t\t\t\t\t\t\t\t\t\t\t\t<\/span>\n\t\t\t\t\t\t\t\t\t\t\t\t<a class=\"elementor-accordion-title\" tabindex=\"0\">Pourquoi le vodou est-il important pour Ha\u00efti ?<\/a>\n\t\t\t\t\t<\/div>\n\t\t\t\t\t<div id=\"elementor-tab-content-1042\" class=\"elementor-tab-content elementor-clearfix\" data-tab=\"2\" role=\"region\" aria-labelledby=\"elementor-tab-title-1042\"><p><span style=\"font-weight: 400;\">En Ha\u00efti, le vodou est un patrimoine vivant qui structure la m\u00e9moire collective, les pratiques sociales, les expressions artistiques et la transmission interg\u00e9n\u00e9rationnelle. Il joue un r\u00f4le central dans l\u2019identit\u00e9 culturelle ha\u00eftienne.<\/span><\/p><\/div>\n\t\t\t\t<\/div>\n\t\t\t\t\t\t\t<div class=\"elementor-accordion-item\">\n\t\t\t\t\t<div id=\"elementor-tab-title-1043\" class=\"elementor-tab-title\" data-tab=\"3\" role=\"button\" aria-controls=\"elementor-tab-content-1043\" aria-expanded=\"false\">\n\t\t\t\t\t\t\t\t\t\t\t\t\t<span class=\"elementor-accordion-icon elementor-accordion-icon-left\" aria-hidden=\"true\">\n\t\t\t\t\t\t\t\t\t\t\t\t\t\t\t<span class=\"elementor-accordion-icon-closed\"><i class=\"fas fa-plus\"><\/i><\/span>\n\t\t\t\t\t\t\t\t<span class=\"elementor-accordion-icon-opened\"><i class=\"fas fa-minus\"><\/i><\/span>\n\t\t\t\t\t\t\t\t\t\t\t\t\t\t<\/span>\n\t\t\t\t\t\t\t\t\t\t\t\t<a class=\"elementor-accordion-title\" tabindex=\"0\">Quel est le lien entre le vodou en Ha\u00efti et au B\u00e9nin ?<\/a>\n\t\t\t\t\t<\/div>\n\t\t\t\t\t<div id=\"elementor-tab-content-1043\" class=\"elementor-tab-content elementor-clearfix\" data-tab=\"3\" role=\"region\" aria-labelledby=\"elementor-tab-title-1043\"><p><span style=\"font-weight: 400;\">Le vodou trouve ses origines en Afrique de l\u2019Ouest, notamment dans la r\u00e9gion du golfe du B\u00e9nin. \u00c0 la suite de la traite transatlantique, ces croyances et pratiques ont \u00e9t\u00e9 transmises dans la Cara\u00efbe, o\u00f9 elles se sont adapt\u00e9es et transform\u00e9es en Ha\u00efti tout en conservant des racines communes.<\/span><\/p><\/div>\n\t\t\t\t<\/div>\n\t\t\t\t\t\t\t\t<\/div>\n\t\t\t\t\t\t<\/div>\n\t\t\t\t<\/div>\n\t\t\t\t\t<\/div>\n\t\t<\/div>\n\t\t\t\t\t<\/div>\n\t\t<\/section>\n\t\t\t\t<\/div>\n\t\t","protected":false},"excerpt":{"rendered":"<p>Le vodou entre dans une nouvelle phase de son histoire internationale. Avec la candidature conjointe port\u00e9e par Ha\u00efti et le B\u00e9nin pour une inscription sur la Liste repr\u00e9sentative du patrimoine culturel immat\u00e9riel de l\u2019humanit\u00e9, ce sont des si\u00e8cles de m\u00e9moire, de transmission et de cr\u00e9ation qui se trouvent plac\u00e9s au centre d\u2019un d\u00e9bat patrimonial mondial. [&hellip;]<\/p>\n","protected":false},"author":662,"featured_media":70900,"comment_status":"open","ping_status":"open","sticky":false,"template":"","format":"standard","meta":{"_acf_changed":false,"footnotes":""},"categories":[1468,1785,1490],"tags":[814],"class_list":["post-70899","post","type-post","status-publish","format-standard","has-post-thumbnail","hentry","category-histoire-patrimoine","category-cooperation","category-institutions-culturelles","tag-haiti-fr"],"acf":[],"_links":{"self":[{"href":"https:\/\/richeskarayib.com\/fr\/wp-json\/wp\/v2\/posts\/70899","targetHints":{"allow":["GET"]}}],"collection":[{"href":"https:\/\/richeskarayib.com\/fr\/wp-json\/wp\/v2\/posts"}],"about":[{"href":"https:\/\/richeskarayib.com\/fr\/wp-json\/wp\/v2\/types\/post"}],"author":[{"embeddable":true,"href":"https:\/\/richeskarayib.com\/fr\/wp-json\/wp\/v2\/users\/662"}],"replies":[{"embeddable":true,"href":"https:\/\/richeskarayib.com\/fr\/wp-json\/wp\/v2\/comments?post=70899"}],"version-history":[{"count":0,"href":"https:\/\/richeskarayib.com\/fr\/wp-json\/wp\/v2\/posts\/70899\/revisions"}],"wp:featuredmedia":[{"embeddable":true,"href":"https:\/\/richeskarayib.com\/fr\/wp-json\/wp\/v2\/media\/70900"}],"wp:attachment":[{"href":"https:\/\/richeskarayib.com\/fr\/wp-json\/wp\/v2\/media?parent=70899"}],"wp:term":[{"taxonomy":"category","embeddable":true,"href":"https:\/\/richeskarayib.com\/fr\/wp-json\/wp\/v2\/categories?post=70899"},{"taxonomy":"post_tag","embeddable":true,"href":"https:\/\/richeskarayib.com\/fr\/wp-json\/wp\/v2\/tags?post=70899"}],"curies":[{"name":"wp","href":"https:\/\/api.w.org\/{rel}","templated":true}]}}