{"id":70988,"date":"2026-03-19T03:57:53","date_gmt":"2026-03-19T07:57:53","guid":{"rendered":"https:\/\/richeskarayib.com\/?p=70988"},"modified":"2026-03-19T03:57:53","modified_gmt":"2026-03-19T07:57:53","slug":"marcus-garvey-heros-jamaicain-international","status":"publish","type":"post","link":"https:\/\/richeskarayib.com\/fr\/marcus-garvey-heros-jamaicain-international\/","title":{"rendered":"Jama\u00efque &#8211; Marcus Garvey, h\u00e9ros jama\u00efcain au rayonnement international"},"content":{"rendered":"\t\t<div data-elementor-type=\"wp-post\" data-elementor-id=\"70988\" class=\"elementor elementor-70988\" data-elementor-post-type=\"post\">\n\t\t\t\t\t\t<section class=\"elementor-section elementor-top-section elementor-element elementor-element-7ca7ca1 elementor-section-boxed elementor-section-height-default elementor-section-height-default\" data-id=\"7ca7ca1\" data-element_type=\"section\">\n\t\t\t\t\t\t<div class=\"elementor-container elementor-column-gap-default\">\n\t\t\t\t\t<div class=\"elementor-column elementor-col-100 elementor-top-column elementor-element elementor-element-cbdd002\" data-id=\"cbdd002\" data-element_type=\"column\">\n\t\t\t<div class=\"elementor-widget-wrap elementor-element-populated\">\n\t\t\t\t\t\t<section class=\"elementor-section elementor-inner-section elementor-element elementor-element-bc94849 elementor-section-boxed elementor-section-height-default elementor-section-height-default\" data-id=\"bc94849\" data-element_type=\"section\">\n\t\t\t\t\t\t<div class=\"elementor-container elementor-column-gap-default\">\n\t\t\t\t\t\t<\/div>\n\t\t<\/section>\n\t\t\t\t<section class=\"elementor-section elementor-inner-section elementor-element elementor-element-61571e6 elementor-section-boxed elementor-section-height-default elementor-section-height-default\" data-id=\"61571e6\" data-element_type=\"section\">\n\t\t\t\t\t\t<div class=\"elementor-container elementor-column-gap-default\">\n\t\t\t\t\t\t<\/div>\n\t\t<\/section>\n\t\t\t\t<section class=\"elementor-section elementor-inner-section elementor-element elementor-element-b6262e0 elementor-section-boxed elementor-section-height-default elementor-section-height-default\" data-id=\"b6262e0\" data-element_type=\"section\">\n\t\t\t\t\t\t<div class=\"elementor-container elementor-column-gap-default\">\n\t\t\t\t\t\t<\/div>\n\t\t<\/section>\n\t\t\t\t<section class=\"elementor-section elementor-inner-section elementor-element elementor-element-cca29fd elementor-section-boxed elementor-section-height-default elementor-section-height-default\" data-id=\"cca29fd\" data-element_type=\"section\">\n\t\t\t\t\t\t<div class=\"elementor-container elementor-column-gap-default\">\n\t\t\t\t\t\t<\/div>\n\t\t<\/section>\n\t\t\t\t\t<\/div>\n\t\t<\/div>\n\t\t\t\t\t<\/div>\n\t\t<\/section>\n\t\t\t\t<section class=\"elementor-section elementor-top-section elementor-element elementor-element-ee72354 elementor-section-boxed elementor-section-height-default elementor-section-height-default\" data-id=\"ee72354\" data-element_type=\"section\">\n\t\t\t\t\t\t<div class=\"elementor-container elementor-column-gap-default\">\n\t\t\t\t\t<div class=\"elementor-column elementor-col-100 elementor-top-column elementor-element elementor-element-c59d6fe\" data-id=\"c59d6fe\" data-element_type=\"column\">\n\t\t\t<div class=\"elementor-widget-wrap elementor-element-populated\">\n\t\t\t\t\t\t<div class=\"elementor-element elementor-element-e57451f elementor-widget elementor-widget-text-editor\" data-id=\"e57451f\" data-element_type=\"widget\" data-widget_type=\"text-editor.default\">\n\t\t\t\t<div class=\"elementor-widget-container\">\n\t\t\t\t\t\t\t\t\t<p><span style=\"font-weight: 400;\">Marcus Garvey demeure l\u2019une des personnalit\u00e9s les plus influentes issues de la Cara\u00efbe. N\u00e9 en Jama\u00efque \u00e0 la fin du XIXe si\u00e8cle, il a su transformer une exp\u00e9rience locale en un projet politique et culturel d\u2019envergure internationale. \u00c0 une \u00e9poque o\u00f9 les populations noires faisaient face \u00e0 des syst\u00e8mes d\u2019exclusion profond\u00e9ment enracin\u00e9s, Marcus Garvey a propos\u00e9 une vision structur\u00e9e fond\u00e9e sur la dignit\u00e9, l\u2019organisation et l\u2019autonomie.<\/span><\/p><p><span style=\"font-weight: 400;\">Reconnu aujourd\u2019hui comme h\u00e9ros national en Jama\u00efque, il incarne bien plus qu\u2019un symbole historique. Son parcours permet de comprendre comment la Cara\u00efbe a contribu\u00e9 \u00e0 fa\u00e7onner des mouvements intellectuels et politiques majeurs \u00e0 l\u2019\u00e9chelle mondiale. Son nom continue de circuler dans les d\u00e9bats contemporains sur l\u2019identit\u00e9, la m\u00e9moire et le d\u00e9veloppement des soci\u00e9t\u00e9s issues de l\u2019histoire coloniale.<\/span><\/p>\t\t\t\t\t\t\t\t<\/div>\n\t\t\t\t<\/div>\n\t\t\t\t\t<\/div>\n\t\t<\/div>\n\t\t\t\t\t<\/div>\n\t\t<\/section>\n\t\t\t\t<section class=\"elementor-section elementor-top-section elementor-element elementor-element-82cd8f9 elementor-section-boxed elementor-section-height-default elementor-section-height-default\" data-id=\"82cd8f9\" data-element_type=\"section\">\n\t\t\t\t\t\t<div class=\"elementor-container elementor-column-gap-default\">\n\t\t\t\t\t<div class=\"elementor-column elementor-col-100 elementor-top-column elementor-element elementor-element-0bfdc38\" data-id=\"0bfdc38\" data-element_type=\"column\">\n\t\t\t<div class=\"elementor-widget-wrap elementor-element-populated\">\n\t\t\t\t\t\t<div class=\"elementor-element elementor-element-7d292fe elementor-widget elementor-widget-heading\" data-id=\"7d292fe\" data-element_type=\"widget\" data-widget_type=\"heading.default\">\n\t\t\t\t<div class=\"elementor-widget-container\">\n\t\t\t\t\t<h2 class=\"elementor-heading-title elementor-size-default\">Des origines jama\u00efcaines \u00e0 la formation d\u2019une conscience engag\u00e9e\n<\/h2>\t\t\t\t<\/div>\n\t\t\t\t<\/div>\n\t\t\t\t<div class=\"elementor-element elementor-element-96caf50 elementor-widget elementor-widget-text-editor\" data-id=\"96caf50\" data-element_type=\"widget\" data-widget_type=\"text-editor.default\">\n\t\t\t\t<div class=\"elementor-widget-container\">\n\t\t\t\t\t\t\t\t\t<p><span style=\"font-weight: 400;\">Il na\u00eet le 17 ao\u00fbt 1887 \u00e0 St. Ann\u2019s Bay, en <a href=\"https:\/\/richeskarayib.com\/fr\/queen-nanny-histoire-maroons-jamaique\/\" target=\"_blank\" rel=\"noopener\">Jama\u00efque<\/a>, dans un environnement modeste. Tr\u00e8s t\u00f4t, il d\u00e9veloppe un rapport particulier \u00e0 l\u2019\u00e9crit et \u00e0 l\u2019information en travaillant dans l\u2019imprimerie. Ce point est essentiel pour comprendre la suite de son parcours : Marcus Garvey ne sera pas seulement un orateur, mais aussi un strat\u00e8ge de la diffusion des id\u00e9es. Ses voyages dans diff\u00e9rents territoires, notamment en Am\u00e9rique centrale et en Europe, jouent un r\u00f4le d\u00e9terminant dans la formation de sa pens\u00e9e. Il y observe directement les in\u00e9galit\u00e9s raciales et les conditions de vie des populations noires. Ces exp\u00e9riences nourrissent une conviction qui deviendra centrale : la n\u00e9cessit\u00e9 pour ces populations de s\u2019organiser \u00e0 l\u2019\u00e9chelle internationale.<\/span><\/p>\t\t\t\t\t\t\t\t<\/div>\n\t\t\t\t<\/div>\n\t\t\t\t<div class=\"elementor-element elementor-element-662dc12 elementor-widget elementor-widget-text-editor\" data-id=\"662dc12\" data-element_type=\"widget\" data-widget_type=\"text-editor.default\">\n\t\t\t\t<div class=\"elementor-widget-container\">\n\t\t\t\t\t\t\t\t\t<p><span style=\"font-weight: 400;\">Dans ce contexte, il ne construit pas une pens\u00e9e abstraite. Il \u00e9labore une vision ancr\u00e9e dans des r\u00e9alit\u00e9s concr\u00e8tes, marqu\u00e9es par le colonialisme, les migrations et les rapports de domination. La Cara\u00efbe, loin d\u2019\u00eatre p\u00e9riph\u00e9rique, appara\u00eet d\u00e9j\u00e0 comme un espace cl\u00e9 dans la compr\u00e9hension des dynamiques globales.<\/span><\/p>\t\t\t\t\t\t\t\t<\/div>\n\t\t\t\t<\/div>\n\t\t\t\t<div class=\"elementor-element elementor-element-e8dfa75 elementor-widget elementor-widget-image\" data-id=\"e8dfa75\" data-element_type=\"widget\" data-widget_type=\"image.default\">\n\t\t\t\t<div class=\"elementor-widget-container\">\n\t\t\t\t\t\t\t\t\t\t\t\t<figure class=\"wp-caption\">\n\t\t\t\t\t\t\t\t\t\t<img fetchpriority=\"high\" decoding=\"async\" width=\"501\" height=\"768\" src=\"https:\/\/richeskarayib.com\/wp-content\/uploads\/2026\/03\/Marcus-Garvey-1887-1940-eminent-nationaliste-noir-dorigine-jamaicaine-et-heros-national-actuel.-\u00a9Origins.webp\" class=\"attachment-large size-large wp-image-70993\" alt=\"Marcus Garvey\" srcset=\"https:\/\/richeskarayib.com\/wp-content\/uploads\/2026\/03\/Marcus-Garvey-1887-1940-eminent-nationaliste-noir-dorigine-jamaicaine-et-heros-national-actuel.-\u00a9Origins.webp 501w, https:\/\/richeskarayib.com\/wp-content\/uploads\/2026\/03\/Marcus-Garvey-1887-1940-eminent-nationaliste-noir-dorigine-jamaicaine-et-heros-national-actuel.-\u00a9Origins-196x300.webp 196w\" sizes=\"(max-width: 501px) 100vw, 501px\" \/>\t\t\t\t\t\t\t\t\t\t\t<figcaption class=\"widget-image-caption wp-caption-text\">Marcus Garvey (1887-1940), e\u0301minent nationaliste noir d'origine jamai\u0308caine et he\u0301ros national actuel. \u00a9Origins<\/figcaption>\n\t\t\t\t\t\t\t\t\t\t<\/figure>\n\t\t\t\t\t\t\t\t\t<\/div>\n\t\t\t\t<\/div>\n\t\t\t\t<section class=\"elementor-section elementor-inner-section elementor-element elementor-element-c582330 elementor-section-boxed elementor-section-height-default elementor-section-height-default\" data-id=\"c582330\" data-element_type=\"section\">\n\t\t\t\t\t\t<div class=\"elementor-container elementor-column-gap-default\">\n\t\t\t\t\t\t<\/div>\n\t\t<\/section>\n\t\t\t\t<section class=\"elementor-section elementor-inner-section elementor-element elementor-element-296603a elementor-section-boxed elementor-section-height-default elementor-section-height-default\" data-id=\"296603a\" data-element_type=\"section\">\n\t\t\t\t\t\t<div class=\"elementor-container elementor-column-gap-default\">\n\t\t\t\t\t\t<\/div>\n\t\t<\/section>\n\t\t\t\t\t<\/div>\n\t\t<\/div>\n\t\t\t\t\t<\/div>\n\t\t<\/section>\n\t\t\t\t<section class=\"elementor-section elementor-top-section elementor-element elementor-element-bdd0219 elementor-section-boxed elementor-section-height-default elementor-section-height-default\" data-id=\"bdd0219\" data-element_type=\"section\">\n\t\t\t\t\t\t<div class=\"elementor-container elementor-column-gap-default\">\n\t\t\t\t\t<div class=\"elementor-column elementor-col-100 elementor-top-column elementor-element elementor-element-c1ec903\" data-id=\"c1ec903\" data-element_type=\"column\">\n\t\t\t<div class=\"elementor-widget-wrap elementor-element-populated\">\n\t\t\t\t\t\t<div class=\"elementor-element elementor-element-55dd336 elementor-widget elementor-widget-heading\" data-id=\"55dd336\" data-element_type=\"widget\" data-widget_type=\"heading.default\">\n\t\t\t\t<div class=\"elementor-widget-container\">\n\t\t\t\t\t<h2 class=\"elementor-heading-title elementor-size-default\">L\u2019UNIA : un projet structur\u00e9 pour transformer la condition noire<\/h2>\t\t\t\t<\/div>\n\t\t\t\t<\/div>\n\t\t\t\t<div class=\"elementor-element elementor-element-9cd513e elementor-widget elementor-widget-text-editor\" data-id=\"9cd513e\" data-element_type=\"widget\" data-widget_type=\"text-editor.default\">\n\t\t\t\t<div class=\"elementor-widget-container\">\n\t\t\t\t\t\t\t\t\t<p><span style=\"font-weight: 400;\">En 1914, <a href=\"https:\/\/fr.wikipedia.org\/wiki\/Marcus_Garvey#:~:text=Marcus%20Mosiah%20Garvey%2C%20n%C3%A9%20le,%C2%AB%20The%20Black%20Moses%20%C2%BB%20(%C2%AB\" target=\"_blank\" rel=\"noopener nofollow\">Marcus Garvey<\/a> fonde en Jama\u00efque l\u2019Universal Negro Improvement Association (UNIA). Cette organisation devient rapidement le c\u0153ur de son projet. Son ambition est claire : cr\u00e9er un mouvement capable de soutenir l\u2019\u00e9l\u00e9vation sociale, \u00e9conomique et politique des populations noires \u00e0 travers le monde. Lorsqu\u2019il s\u2019installe aux \u00c9tats-Unis, l\u2019UNIA prend une dimension in\u00e9dite. Le mouvement rassemble des millions de membres et s\u2019impose comme l\u2019une des premi\u00e8res organisations internationales de masse port\u00e9es par des populations noires. Cette capacit\u00e9 d\u2019organisation constitue l\u2019un des aspects les plus remarquables de son parcours.<\/span><\/p>\t\t\t\t\t\t\t\t<\/div>\n\t\t\t\t<\/div>\n\t\t\t\t<div class=\"elementor-element elementor-element-1e95055 elementor-widget elementor-widget-text-editor\" data-id=\"1e95055\" data-element_type=\"widget\" data-widget_type=\"text-editor.default\">\n\t\t\t\t<div class=\"elementor-widget-container\">\n\t\t\t\t\t\t\t\t\t<p><span style=\"font-weight: 400;\">Il ne se limite pas \u00e0 des discours. Il structure des r\u00e9seaux, d\u00e9veloppe des initiatives concr\u00e8tes et mobilise des communaut\u00e9s enti\u00e8res. \u00c0 travers l\u2019UNIA, il propose une vision globale fond\u00e9e sur la solidarit\u00e9, la discipline et l\u2019ambition collective.<\/span><\/p>\t\t\t\t\t\t\t\t<\/div>\n\t\t\t\t<\/div>\n\t\t\t\t<section class=\"elementor-section elementor-inner-section elementor-element elementor-element-92f4402 elementor-section-boxed elementor-section-height-default elementor-section-height-default\" data-id=\"92f4402\" data-element_type=\"section\">\n\t\t\t\t\t\t<div class=\"elementor-container elementor-column-gap-default\">\n\t\t\t\t\t\t<\/div>\n\t\t<\/section>\n\t\t\t\t<section class=\"elementor-section elementor-inner-section elementor-element elementor-element-9290a61 elementor-section-boxed elementor-section-height-default elementor-section-height-default\" data-id=\"9290a61\" data-element_type=\"section\">\n\t\t\t\t\t\t<div class=\"elementor-container elementor-column-gap-default\">\n\t\t\t\t\t\t<\/div>\n\t\t<\/section>\n\t\t\t\t\t<\/div>\n\t\t<\/div>\n\t\t\t\t\t<\/div>\n\t\t<\/section>\n\t\t\t\t<section class=\"elementor-section elementor-top-section elementor-element elementor-element-9c88a89 elementor-section-boxed elementor-section-height-default elementor-section-height-default\" data-id=\"9c88a89\" data-element_type=\"section\">\n\t\t\t\t\t\t<div class=\"elementor-container elementor-column-gap-default\">\n\t\t\t\t\t<div class=\"elementor-column elementor-col-100 elementor-top-column elementor-element elementor-element-78cf5d1\" data-id=\"78cf5d1\" data-element_type=\"column\">\n\t\t\t<div class=\"elementor-widget-wrap elementor-element-populated\">\n\t\t\t\t\t\t<div class=\"elementor-element elementor-element-ea2a5c1 elementor-widget elementor-widget-heading\" data-id=\"ea2a5c1\" data-element_type=\"widget\" data-widget_type=\"heading.default\">\n\t\t\t\t<div class=\"elementor-widget-container\">\n\t\t\t\t\t<h2 class=\"elementor-heading-title elementor-size-default\">Fiert\u00e9, autonomie et strat\u00e9gie : les fondements de la pens\u00e9e de Marcus Garvey<\/h2>\t\t\t\t<\/div>\n\t\t\t\t<\/div>\n\t\t\t\t<div class=\"elementor-element elementor-element-e305eee elementor-widget elementor-widget-text-editor\" data-id=\"e305eee\" data-element_type=\"widget\" data-widget_type=\"text-editor.default\">\n\t\t\t\t<div class=\"elementor-widget-container\">\n\t\t\t\t\t\t\t\t\t<p><span style=\"font-weight: 400;\">La pens\u00e9e de Marcus Garvey repose sur plusieurs piliers qui expliquent son influence durable. Le premier est la fiert\u00e9 noire. Marcus Garvey insiste sur la n\u00e9cessit\u00e9 de r\u00e9habiliter une image positive des populations noires, \u00e0 une \u00e9poque o\u00f9 celles-ci sont syst\u00e9matiquement d\u00e9valoris\u00e9es. Cette dimension symbolique joue un r\u00f4le essentiel dans la mobilisation des individus et des communaut\u00e9s.<\/span><\/p><p><span style=\"font-weight: 400;\">Le second pilier est l\u2019autonomie \u00e9conomique. Pour lui, la libert\u00e9 politique ne peut exister sans ind\u00e9pendance \u00e9conomique. Il encourage la cr\u00e9ation d\u2019entreprises, le d\u00e9veloppement de r\u00e9seaux commerciaux et la ma\u00eetrise des ressources. Enfin, Marcus Garvey accorde une importance majeure \u00e0 la communication. Gr\u00e2ce \u00e0 son journal <\/span><i><span style=\"font-weight: 400;\">Negro World<\/span><\/i><span style=\"font-weight: 400;\">, il diffuse ses id\u00e9es \u00e0 grande \u00e9chelle. Son talent oratoire et sa capacit\u00e9 \u00e0 structurer un discours mobilisateur contribuent \u00e0 faire de lui une figure centrale de son \u00e9poque.<\/span><\/p>\t\t\t\t\t\t\t\t<\/div>\n\t\t\t\t<\/div>\n\t\t\t\t<div class=\"elementor-element elementor-element-59162b8 elementor-widget elementor-widget-image\" data-id=\"59162b8\" data-element_type=\"widget\" data-widget_type=\"image.default\">\n\t\t\t\t<div class=\"elementor-widget-container\">\n\t\t\t\t\t\t\t\t\t\t\t\t\t\t\t<img decoding=\"async\" width=\"682\" height=\"482\" src=\"https:\/\/richeskarayib.com\/wp-content\/uploads\/2026\/03\/split_6.png\" class=\"attachment-large size-large wp-image-70997\" alt=\"Marcus Garvey (1887-1940), e\u0301minent nationaliste noir d&#039;origine jamai\u0308caine et he\u0301ros national actuel. \u00a9Origins\" srcset=\"https:\/\/richeskarayib.com\/wp-content\/uploads\/2026\/03\/split_6.png 682w, https:\/\/richeskarayib.com\/wp-content\/uploads\/2026\/03\/split_6-300x212.png 300w\" sizes=\"(max-width: 682px) 100vw, 682px\" \/>\t\t\t\t\t\t\t\t\t\t\t\t\t\t\t<\/div>\n\t\t\t\t<\/div>\n\t\t\t\t\t<\/div>\n\t\t<\/div>\n\t\t\t\t\t<\/div>\n\t\t<\/section>\n\t\t\t\t<section class=\"elementor-section elementor-top-section elementor-element elementor-element-ee7f5d7 elementor-section-boxed elementor-section-height-default elementor-section-height-default\" data-id=\"ee7f5d7\" data-element_type=\"section\">\n\t\t\t\t\t\t<div class=\"elementor-container elementor-column-gap-default\">\n\t\t\t\t\t<div class=\"elementor-column elementor-col-100 elementor-top-column elementor-element elementor-element-0669c08\" data-id=\"0669c08\" data-element_type=\"column\">\n\t\t\t<div class=\"elementor-widget-wrap elementor-element-populated\">\n\t\t\t\t\t\t<div class=\"elementor-element elementor-element-acc47ca elementor-widget elementor-widget-heading\" data-id=\"acc47ca\" data-element_type=\"widget\" data-widget_type=\"heading.default\">\n\t\t\t\t<div class=\"elementor-widget-container\">\n\t\t\t\t\t<h2 class=\"elementor-heading-title elementor-size-default\">Black Star Line et Negro World : ambition \u00e9conomique et diffusion des id\u00e9es<\/h2>\t\t\t\t<\/div>\n\t\t\t\t<\/div>\n\t\t\t\t<div class=\"elementor-element elementor-element-4bb1533 elementor-widget elementor-widget-text-editor\" data-id=\"4bb1533\" data-element_type=\"widget\" data-widget_type=\"text-editor.default\">\n\t\t\t\t<div class=\"elementor-widget-container\">\n\t\t\t\t\t\t\t\t\t<p><span style=\"font-weight: 400;\">Parmi les initiatives les plus embl\u00e9matiques de Marcus Garvey figure la Black Star Line, fond\u00e9e en 1919. Cette compagnie maritime vise \u00e0 \u00e9tablir des connexions \u00e9conomiques entre les populations noires \u00e0 travers le monde, en particulier entre les Am\u00e9riques et l\u2019Afrique. La Black Star Line repr\u00e9sente une ambition forte : celle de construire une autonomie \u00e9conomique \u00e0 l\u2019\u00e9chelle internationale. Cependant, le projet rencontre de nombreuses difficult\u00e9s, notamment financi\u00e8res et organisationnelles. Ces obstacles illustrent les d\u00e9fis auxquels il est confront\u00e9 dans la mise en \u0153uvre de sa vision.<\/span><\/p><p><span style=\"font-weight: 400;\">Parall\u00e8lement, le journal <\/span><i><span style=\"font-weight: 400;\">Negro World<\/span><\/i><span style=\"font-weight: 400;\"> joue un r\u00f4le fondamental dans la diffusion de ses id\u00e9es. Il permet de toucher un public large et de cr\u00e9er un espace de r\u00e9flexion et d\u2019\u00e9change. Il y comprend tr\u00e8s t\u00f4t que le contr\u00f4le du r\u00e9cit est un enjeu central dans toute dynamique de transformation sociale.<\/span><\/p>\t\t\t\t\t\t\t\t<\/div>\n\t\t\t\t<\/div>\n\t\t\t\t\t<\/div>\n\t\t<\/div>\n\t\t\t\t\t<\/div>\n\t\t<\/section>\n\t\t\t\t<section class=\"elementor-section elementor-top-section elementor-element elementor-element-d0fd0c0 elementor-section-boxed elementor-section-height-default elementor-section-height-default\" data-id=\"d0fd0c0\" data-element_type=\"section\">\n\t\t\t\t\t\t<div class=\"elementor-container elementor-column-gap-default\">\n\t\t\t\t\t<div class=\"elementor-column elementor-col-100 elementor-top-column elementor-element elementor-element-1e2ec65\" data-id=\"1e2ec65\" data-element_type=\"column\">\n\t\t\t<div class=\"elementor-widget-wrap elementor-element-populated\">\n\t\t\t\t\t\t<div class=\"elementor-element elementor-element-316145b elementor-widget elementor-widget-heading\" data-id=\"316145b\" data-element_type=\"widget\" data-widget_type=\"heading.default\">\n\t\t\t\t<div class=\"elementor-widget-container\">\n\t\t\t\t\t<h2 class=\"elementor-heading-title elementor-size-default\">Une figure admir\u00e9e, mais aussi d\u00e9battue<\/h2>\t\t\t\t<\/div>\n\t\t\t\t<\/div>\n\t\t\t\t<div class=\"elementor-element elementor-element-54e5967 elementor-widget elementor-widget-text-editor\" data-id=\"54e5967\" data-element_type=\"widget\" data-widget_type=\"text-editor.default\">\n\t\t\t\t<div class=\"elementor-widget-container\">\n\t\t\t\t\t\t\t\t\t<p><span style=\"font-weight: 400;\">Il suscite \u00e0 la fois admiration et critiques. Son projet, ambitieux et structur\u00e9, ne fait pas l\u2019unanimit\u00e9. Certaines de ses positions, notamment sur la s\u00e9paration raciale et le retour en Afrique, ont fait l\u2019objet de d\u00e9bats importants. De plus, les difficult\u00e9s rencontr\u00e9es par la Black Star Line et les accusations judiciaires port\u00e9es contre lui ont fragilis\u00e9 son image \u00e0 certains moments de sa vie. Ces \u00e9l\u00e9ments ne doivent pas \u00eatre ignor\u00e9s. Ils permettent au contraire de comprendre la complexit\u00e9 de son parcours. Il reste ainsi une figure historique qui d\u00e9passe les lectures simplistes. Son influence s\u2019inscrit dans un contexte marqu\u00e9 par des tensions politiques, \u00e9conomiques et sociales profondes.<\/span><\/p>\t\t\t\t\t\t\t\t<\/div>\n\t\t\t\t<\/div>\n\t\t\t\t\t<\/div>\n\t\t<\/div>\n\t\t\t\t\t<\/div>\n\t\t<\/section>\n\t\t\t\t<section class=\"elementor-section elementor-top-section elementor-element elementor-element-f03d675 elementor-section-boxed elementor-section-height-default elementor-section-height-default\" data-id=\"f03d675\" data-element_type=\"section\">\n\t\t\t\t\t\t<div class=\"elementor-container elementor-column-gap-default\">\n\t\t\t\t\t<div class=\"elementor-column elementor-col-100 elementor-top-column elementor-element elementor-element-ddb1e36\" data-id=\"ddb1e36\" data-element_type=\"column\">\n\t\t\t<div class=\"elementor-widget-wrap elementor-element-populated\">\n\t\t\t\t\t\t<div class=\"elementor-element elementor-element-66035d3 elementor-widget elementor-widget-heading\" data-id=\"66035d3\" data-element_type=\"widget\" data-widget_type=\"heading.default\">\n\t\t\t\t<div class=\"elementor-widget-container\">\n\t\t\t\t\t<h2 class=\"elementor-heading-title elementor-size-default\">Marcus Garvey et la Cara\u00efbe : un h\u00e9ritage au-del\u00e0 des fronti\u00e8res<\/h2>\t\t\t\t<\/div>\n\t\t\t\t<\/div>\n\t\t\t\t<div class=\"elementor-element elementor-element-cae4ec8 elementor-widget elementor-widget-text-editor\" data-id=\"cae4ec8\" data-element_type=\"widget\" data-widget_type=\"text-editor.default\">\n\t\t\t\t<div class=\"elementor-widget-container\">\n\t\t\t\t\t\t\t\t\t<p><span style=\"font-weight: 400;\">Son \u2019impact d\u00e9passe largement la Jama\u00efque. Sa pens\u00e9e s\u2019inscrit dans une dynamique carib\u00e9enne plus large, o\u00f9 circulent id\u00e9es, cultures et exp\u00e9riences.Son influence est particuli\u00e8rement visible dans le d\u00e9veloppement du rastafarisme, qui reprend certains aspects de sa vision, notamment le lien symbolique avec l\u2019Afrique. Mais au-del\u00e0 de ce mouvement, Marcus Garvey a contribu\u00e9 \u00e0 fa\u00e7onner une conscience collective qui traverse les soci\u00e9t\u00e9s carib\u00e9ennes. Pour Rich\u00e8s Karayib, cet h\u00e9ritage est essentiel. Il montre que la Cara\u00efbe n\u2019est pas seulement un espace culturel, mais aussi un territoire producteur d\u2019id\u00e9es et de projets capables d\u2019influencer le monde.<\/span><\/p>\t\t\t\t\t\t\t\t<\/div>\n\t\t\t\t<\/div>\n\t\t\t\t\t<\/div>\n\t\t<\/div>\n\t\t\t\t\t<\/div>\n\t\t<\/section>\n\t\t\t\t<section class=\"elementor-section elementor-top-section elementor-element elementor-element-6ab932b elementor-section-boxed elementor-section-height-default elementor-section-height-default\" data-id=\"6ab932b\" data-element_type=\"section\">\n\t\t\t\t\t\t<div class=\"elementor-container elementor-column-gap-default\">\n\t\t\t\t\t<div class=\"elementor-column elementor-col-100 elementor-top-column elementor-element elementor-element-d1c90a0\" data-id=\"d1c90a0\" data-element_type=\"column\">\n\t\t\t<div class=\"elementor-widget-wrap elementor-element-populated\">\n\t\t\t\t\t\t<div class=\"elementor-element elementor-element-b417387 elementor-widget elementor-widget-heading\" data-id=\"b417387\" data-element_type=\"widget\" data-widget_type=\"heading.default\">\n\t\t\t\t<div class=\"elementor-widget-container\">\n\t\t\t\t\t<h2 class=\"elementor-heading-title elementor-size-default\">Un h\u00e9ritage toujours actuel au XXIe si\u00e8cle<\/h2>\t\t\t\t<\/div>\n\t\t\t\t<\/div>\n\t\t\t\t<div class=\"elementor-element elementor-element-5eb3c4d elementor-widget elementor-widget-text-editor\" data-id=\"5eb3c4d\" data-element_type=\"widget\" data-widget_type=\"text-editor.default\">\n\t\t\t\t<div class=\"elementor-widget-container\">\n\t\t\t\t\t\t\t\t\t<p><span style=\"font-weight: 400;\">Aujourd\u2019hui, i lcontinue d\u2019alimenter les r\u00e9flexions sur l\u2019identit\u00e9, la souverainet\u00e9 et le d\u00e9veloppement. Ses id\u00e9es sur l\u2019autonomie \u00e9conomique, la ma\u00eetrise des ressources et la valorisation des cultures locales trouvent un \u00e9cho particulier dans les d\u00e9bats contemporains. La reconnaissance officielle dont il b\u00e9n\u00e9ficie, notamment en Jama\u00efque, t\u00e9moigne de l\u2019importance de son h\u00e9ritage. Des discussions r\u00e9centes autour de sa m\u00e9moire et des d\u00e9cisions politiques le concernant montrent que Marcus Garvey reste une figure vivante dans l\u2019espace public. Son parcours invite \u00e0 repenser le r\u00f4le des territoires carib\u00e9ens dans l\u2019histoire mondiale. Il rappelle que des id\u00e9es majeures peuvent \u00e9merger de ces espaces et transformer durablement les soci\u00e9t\u00e9s.<\/span><\/p>\t\t\t\t\t\t\t\t<\/div>\n\t\t\t\t<\/div>\n\t\t\t\t\t<\/div>\n\t\t<\/div>\n\t\t\t\t\t<\/div>\n\t\t<\/section>\n\t\t\t\t<section class=\"elementor-section elementor-top-section elementor-element elementor-element-b8938f5 elementor-section-boxed elementor-section-height-default elementor-section-height-default\" data-id=\"b8938f5\" data-element_type=\"section\">\n\t\t\t\t\t\t<div class=\"elementor-container elementor-column-gap-default\">\n\t\t\t\t\t<div class=\"elementor-column elementor-col-100 elementor-top-column elementor-element elementor-element-d392d99\" data-id=\"d392d99\" data-element_type=\"column\">\n\t\t\t<div class=\"elementor-widget-wrap elementor-element-populated\">\n\t\t\t\t\t\t<div class=\"elementor-element elementor-element-4b0cec8 elementor-widget elementor-widget-text-editor\" data-id=\"4b0cec8\" data-element_type=\"widget\" data-widget_type=\"text-editor.default\">\n\t\t\t\t<div class=\"elementor-widget-container\">\n\t\t\t\t\t\t\t\t\t<p><span style=\"font-weight: 400;\">Marcus Garvey n\u2019est pas uniquement un h\u00e9ros jama\u00efcain. Il est une figure centrale de l\u2019histoire carib\u00e9enne et mondiale, dont l\u2019influence d\u00e9passe largement son \u00e9poque. \u00c0 travers son engagement, ses initiatives et sa vision, il\u00a0 a contribu\u00e9 \u00e0 red\u00e9finir les contours de la dignit\u00e9, de l\u2019organisation et de l\u2019ambition collective. Son h\u00e9ritage, \u00e0 la fois inspirant et complexe, continue d\u2019interroger et de nourrir les r\u00e9flexions contemporaines. Pour la Cara\u00efbe, Marcus Garvey repr\u00e9sente bien plus qu\u2019un souvenir : il incarne une capacit\u00e9 \u00e0 penser le monde, \u00e0 agir et \u00e0 laisser une empreinte durable dans l\u2019histoire.<\/span><\/p>\t\t\t\t\t\t\t\t<\/div>\n\t\t\t\t<\/div>\n\t\t\t\t\t<\/div>\n\t\t<\/div>\n\t\t\t\t\t<\/div>\n\t\t<\/section>\n\t\t\t\t<section class=\"elementor-section elementor-top-section elementor-element elementor-element-f5709a6 elementor-section-boxed elementor-section-height-default elementor-section-height-default\" data-id=\"f5709a6\" data-element_type=\"section\">\n\t\t\t\t\t\t<div class=\"elementor-container elementor-column-gap-default\">\n\t\t\t\t\t<div class=\"elementor-column elementor-col-100 elementor-top-column elementor-element elementor-element-957be6f\" data-id=\"957be6f\" data-element_type=\"column\">\n\t\t\t<div class=\"elementor-widget-wrap elementor-element-populated\">\n\t\t\t\t\t\t<div class=\"elementor-element elementor-element-63e5d4a elementor-widget elementor-widget-accordion\" data-id=\"63e5d4a\" data-element_type=\"widget\" data-widget_type=\"accordion.default\">\n\t\t\t\t<div class=\"elementor-widget-container\">\n\t\t\t\t\t\t\t<div class=\"elementor-accordion\">\n\t\t\t\t\t\t\t<div class=\"elementor-accordion-item\">\n\t\t\t\t\t<div id=\"elementor-tab-title-1041\" class=\"elementor-tab-title\" data-tab=\"1\" role=\"button\" aria-controls=\"elementor-tab-content-1041\" aria-expanded=\"false\">\n\t\t\t\t\t\t\t\t\t\t\t\t\t<span class=\"elementor-accordion-icon elementor-accordion-icon-left\" aria-hidden=\"true\">\n\t\t\t\t\t\t\t\t\t\t\t\t\t\t\t<span class=\"elementor-accordion-icon-closed\"><i class=\"fas fa-plus\"><\/i><\/span>\n\t\t\t\t\t\t\t\t<span class=\"elementor-accordion-icon-opened\"><i class=\"fas fa-minus\"><\/i><\/span>\n\t\t\t\t\t\t\t\t\t\t\t\t\t\t<\/span>\n\t\t\t\t\t\t\t\t\t\t\t\t<a class=\"elementor-accordion-title\" tabindex=\"0\">Qui est Marcus Garvey ?<\/a>\n\t\t\t\t\t<\/div>\n\t\t\t\t\t<div id=\"elementor-tab-content-1041\" class=\"elementor-tab-content elementor-clearfix\" data-tab=\"1\" role=\"region\" aria-labelledby=\"elementor-tab-title-1041\"><p><span style=\"font-weight: 400;\">Marcus Garvey est un leader politique et militant jama\u00efcain n\u00e9 en 1887, consid\u00e9r\u00e9 comme l\u2019une des figures majeures du panafricanisme. Il est le fondateur de l\u2019Universal Negro Improvement Association (UNIA) et est reconnu comme h\u00e9ros national en Jama\u00efque.<\/span><\/p><\/div>\n\t\t\t\t<\/div>\n\t\t\t\t\t\t\t<div class=\"elementor-accordion-item\">\n\t\t\t\t\t<div id=\"elementor-tab-title-1042\" class=\"elementor-tab-title\" data-tab=\"2\" role=\"button\" aria-controls=\"elementor-tab-content-1042\" aria-expanded=\"false\">\n\t\t\t\t\t\t\t\t\t\t\t\t\t<span class=\"elementor-accordion-icon elementor-accordion-icon-left\" aria-hidden=\"true\">\n\t\t\t\t\t\t\t\t\t\t\t\t\t\t\t<span class=\"elementor-accordion-icon-closed\"><i class=\"fas fa-plus\"><\/i><\/span>\n\t\t\t\t\t\t\t\t<span class=\"elementor-accordion-icon-opened\"><i class=\"fas fa-minus\"><\/i><\/span>\n\t\t\t\t\t\t\t\t\t\t\t\t\t\t<\/span>\n\t\t\t\t\t\t\t\t\t\t\t\t<a class=\"elementor-accordion-title\" tabindex=\"0\">Pourquoi Marcus Garvey est-il important ?<\/a>\n\t\t\t\t\t<\/div>\n\t\t\t\t\t<div id=\"elementor-tab-content-1042\" class=\"elementor-tab-content elementor-clearfix\" data-tab=\"2\" role=\"region\" aria-labelledby=\"elementor-tab-title-1042\"><p><span style=\"font-weight: 400;\">Marcus Garvey est important car il a d\u00e9velopp\u00e9 une vision globale fond\u00e9e sur la fiert\u00e9 noire, l\u2019autonomie \u00e9conomique et l\u2019organisation des populations noires \u00e0 l\u2019\u00e9chelle internationale. Son influence a marqu\u00e9 durablement la Cara\u00efbe et les mouvements noirs dans le monde.<\/span><\/p><\/div>\n\t\t\t\t<\/div>\n\t\t\t\t\t\t\t<div class=\"elementor-accordion-item\">\n\t\t\t\t\t<div id=\"elementor-tab-title-1043\" class=\"elementor-tab-title\" data-tab=\"3\" role=\"button\" aria-controls=\"elementor-tab-content-1043\" aria-expanded=\"false\">\n\t\t\t\t\t\t\t\t\t\t\t\t\t<span class=\"elementor-accordion-icon elementor-accordion-icon-left\" aria-hidden=\"true\">\n\t\t\t\t\t\t\t\t\t\t\t\t\t\t\t<span class=\"elementor-accordion-icon-closed\"><i class=\"fas fa-plus\"><\/i><\/span>\n\t\t\t\t\t\t\t\t<span class=\"elementor-accordion-icon-opened\"><i class=\"fas fa-minus\"><\/i><\/span>\n\t\t\t\t\t\t\t\t\t\t\t\t\t\t<\/span>\n\t\t\t\t\t\t\t\t\t\t\t\t<a class=\"elementor-accordion-title\" tabindex=\"0\">Qu\u2019est-ce que l\u2019UNIA fond\u00e9e par Marcus Garvey ?<\/a>\n\t\t\t\t\t<\/div>\n\t\t\t\t\t<div id=\"elementor-tab-content-1043\" class=\"elementor-tab-content elementor-clearfix\" data-tab=\"3\" role=\"region\" aria-labelledby=\"elementor-tab-title-1043\"><p><span style=\"font-weight: 400;\">L\u2019UNIA (Universal Negro Improvement Association) est une organisation cr\u00e9\u00e9e en 1914 par Marcus Garvey pour promouvoir le d\u00e9veloppement \u00e9conomique, social et culturel des populations noires \u00e0 travers le monde.<\/span><\/p><\/div>\n\t\t\t\t<\/div>\n\t\t\t\t\t\t\t\t<\/div>\n\t\t\t\t\t\t<\/div>\n\t\t\t\t<\/div>\n\t\t\t\t\t<\/div>\n\t\t<\/div>\n\t\t\t\t\t<\/div>\n\t\t<\/section>\n\t\t\t\t<\/div>\n\t\t","protected":false},"excerpt":{"rendered":"<p>Marcus Garvey demeure l\u2019une des personnalit\u00e9s les plus influentes issues de la Cara\u00efbe. N\u00e9 en Jama\u00efque \u00e0 la fin du XIXe si\u00e8cle, il a su transformer une exp\u00e9rience locale en un projet politique et culturel d\u2019envergure internationale. \u00c0 une \u00e9poque o\u00f9 les populations noires faisaient face \u00e0 des syst\u00e8mes d\u2019exclusion profond\u00e9ment enracin\u00e9s, Marcus Garvey a [&hellip;]<\/p>\n","protected":false},"author":662,"featured_media":70989,"comment_status":"open","ping_status":"open","sticky":false,"template":"","format":"standard","meta":{"_acf_changed":false,"footnotes":""},"categories":[1468],"tags":[1693],"class_list":["post-70988","post","type-post","status-publish","format-standard","has-post-thumbnail","hentry","category-histoire-patrimoine","tag-jamaique-2"],"acf":[],"_links":{"self":[{"href":"https:\/\/richeskarayib.com\/fr\/wp-json\/wp\/v2\/posts\/70988","targetHints":{"allow":["GET"]}}],"collection":[{"href":"https:\/\/richeskarayib.com\/fr\/wp-json\/wp\/v2\/posts"}],"about":[{"href":"https:\/\/richeskarayib.com\/fr\/wp-json\/wp\/v2\/types\/post"}],"author":[{"embeddable":true,"href":"https:\/\/richeskarayib.com\/fr\/wp-json\/wp\/v2\/users\/662"}],"replies":[{"embeddable":true,"href":"https:\/\/richeskarayib.com\/fr\/wp-json\/wp\/v2\/comments?post=70988"}],"version-history":[{"count":0,"href":"https:\/\/richeskarayib.com\/fr\/wp-json\/wp\/v2\/posts\/70988\/revisions"}],"wp:featuredmedia":[{"embeddable":true,"href":"https:\/\/richeskarayib.com\/fr\/wp-json\/wp\/v2\/media\/70989"}],"wp:attachment":[{"href":"https:\/\/richeskarayib.com\/fr\/wp-json\/wp\/v2\/media?parent=70988"}],"wp:term":[{"taxonomy":"category","embeddable":true,"href":"https:\/\/richeskarayib.com\/fr\/wp-json\/wp\/v2\/categories?post=70988"},{"taxonomy":"post_tag","embeddable":true,"href":"https:\/\/richeskarayib.com\/fr\/wp-json\/wp\/v2\/tags?post=70988"}],"curies":[{"name":"wp","href":"https:\/\/api.w.org\/{rel}","templated":true}]}}