{"id":71065,"date":"2026-03-20T11:13:38","date_gmt":"2026-03-20T15:13:38","guid":{"rendered":"https:\/\/richeskarayib.com\/?p=71065"},"modified":"2026-03-23T01:37:32","modified_gmt":"2026-03-23T05:37:32","slug":"langue-francaise-396-millions-personnes","status":"publish","type":"post","link":"https:\/\/richeskarayib.com\/fr\/langue-francaise-396-millions-personnes\/","title":{"rendered":"396 millions de personnes parlent la langue fran\u00e7aise : ce que r\u00e9v\u00e8le le rapport 2026"},"content":{"rendered":"\t\t<div data-elementor-type=\"wp-post\" data-elementor-id=\"71065\" class=\"elementor elementor-71065\" data-elementor-post-type=\"post\">\n\t\t\t\t\t\t<section class=\"elementor-section elementor-top-section elementor-element elementor-element-7ca7ca1 elementor-section-boxed elementor-section-height-default elementor-section-height-default\" data-id=\"7ca7ca1\" data-element_type=\"section\">\n\t\t\t\t\t\t<div class=\"elementor-container elementor-column-gap-default\">\n\t\t\t\t\t<div class=\"elementor-column elementor-col-100 elementor-top-column elementor-element elementor-element-cbdd002\" data-id=\"cbdd002\" data-element_type=\"column\">\n\t\t\t<div class=\"elementor-widget-wrap elementor-element-populated\">\n\t\t\t\t\t\t<section class=\"elementor-section elementor-inner-section elementor-element elementor-element-bc94849 elementor-section-boxed elementor-section-height-default elementor-section-height-default\" data-id=\"bc94849\" data-element_type=\"section\">\n\t\t\t\t\t\t<div class=\"elementor-container elementor-column-gap-default\">\n\t\t\t\t\t\t<\/div>\n\t\t<\/section>\n\t\t\t\t<section class=\"elementor-section elementor-inner-section elementor-element elementor-element-61571e6 elementor-section-boxed elementor-section-height-default elementor-section-height-default\" data-id=\"61571e6\" data-element_type=\"section\">\n\t\t\t\t\t\t<div class=\"elementor-container elementor-column-gap-default\">\n\t\t\t\t\t\t<\/div>\n\t\t<\/section>\n\t\t\t\t<section class=\"elementor-section elementor-inner-section elementor-element elementor-element-b6262e0 elementor-section-boxed elementor-section-height-default elementor-section-height-default\" data-id=\"b6262e0\" data-element_type=\"section\">\n\t\t\t\t\t\t<div class=\"elementor-container elementor-column-gap-default\">\n\t\t\t\t\t\t<\/div>\n\t\t<\/section>\n\t\t\t\t<section class=\"elementor-section elementor-inner-section elementor-element elementor-element-cca29fd elementor-section-boxed elementor-section-height-default elementor-section-height-default\" data-id=\"cca29fd\" data-element_type=\"section\">\n\t\t\t\t\t\t<div class=\"elementor-container elementor-column-gap-default\">\n\t\t\t\t\t\t<\/div>\n\t\t<\/section>\n\t\t\t\t\t<\/div>\n\t\t<\/div>\n\t\t\t\t\t<\/div>\n\t\t<\/section>\n\t\t\t\t<section class=\"elementor-section elementor-top-section elementor-element elementor-element-ee72354 elementor-section-boxed elementor-section-height-default elementor-section-height-default\" data-id=\"ee72354\" data-element_type=\"section\">\n\t\t\t\t\t\t<div class=\"elementor-container elementor-column-gap-default\">\n\t\t\t\t\t<div class=\"elementor-column elementor-col-100 elementor-top-column elementor-element elementor-element-c59d6fe\" data-id=\"c59d6fe\" data-element_type=\"column\">\n\t\t\t<div class=\"elementor-widget-wrap elementor-element-populated\">\n\t\t\t\t\t\t<div class=\"elementor-element elementor-element-e57451f elementor-widget elementor-widget-text-editor\" data-id=\"e57451f\" data-element_type=\"widget\" data-widget_type=\"text-editor.default\">\n\t\t\t\t<div class=\"elementor-widget-container\">\n\t\t\t\t\t\t\t\t\t<p><span style=\"font-weight: 400;\">L\u2019Organisation internationale de la Francophonie a publi\u00e9 un chiffre qui rebat les cartes du d\u00e9bat linguistique mondial : <\/span><b>396 millions de personnes parlent aujourd\u2019hui fran\u00e7ais<\/b><span style=\"font-weight: 400;\">. Avec ce total, la <\/span>langue fran\u00e7aise dans le monde<span style=\"font-weight: 400;\"> passe de la 5e \u00e0 la <\/span><b>4e position mondiale<\/b><span style=\"font-weight: 400;\">, derri\u00e8re l\u2019anglais, le mandarin et l\u2019espagnol, mais devant l\u2019arabe standard. L\u2019information ne rel\u00e8ve pas d\u2019un simple effet d\u2019annonce. Elle marque une \u00e9volution de fond dans la place du fran\u00e7ais \u00e0 l\u2019\u00e9chelle internationale et confirme que cette langue continue de progresser dans des espaces strat\u00e9giques comme l\u2019\u00e9ducation, les \u00e9changes \u00e9conomiques, le num\u00e9rique et les mobilit\u00e9s culturelles.<\/span><\/p>\t\t\t\t\t\t\t\t<\/div>\n\t\t\t\t<\/div>\n\t\t\t\t\t<\/div>\n\t\t<\/div>\n\t\t\t\t\t<\/div>\n\t\t<\/section>\n\t\t\t\t<section class=\"elementor-section elementor-top-section elementor-element elementor-element-82cd8f9 elementor-section-boxed elementor-section-height-default elementor-section-height-default\" data-id=\"82cd8f9\" data-element_type=\"section\">\n\t\t\t\t\t\t<div class=\"elementor-container elementor-column-gap-default\">\n\t\t\t\t\t<div class=\"elementor-column elementor-col-100 elementor-top-column elementor-element elementor-element-0bfdc38\" data-id=\"0bfdc38\" data-element_type=\"column\">\n\t\t\t<div class=\"elementor-widget-wrap elementor-element-populated\">\n\t\t\t\t\t\t<div class=\"elementor-element elementor-element-7d292fe elementor-widget elementor-widget-heading\" data-id=\"7d292fe\" data-element_type=\"widget\" data-widget_type=\"heading.default\">\n\t\t\t\t<div class=\"elementor-widget-container\">\n\t\t\t\t\t<h2 class=\"elementor-heading-title elementor-size-default\">Une progression mondiale qui change le r\u00e9cit autour du fran\u00e7ais<\/h2>\t\t\t\t<\/div>\n\t\t\t\t<\/div>\n\t\t\t\t<div class=\"elementor-element elementor-element-96caf50 elementor-widget elementor-widget-text-editor\" data-id=\"96caf50\" data-element_type=\"widget\" data-widget_type=\"text-editor.default\">\n\t\t\t\t<div class=\"elementor-widget-container\">\n\t\t\t\t\t\t\t\t\t<p>Pendant des ann\u00e9es, le fran\u00e7ais a souvent \u00e9t\u00e9 pr\u00e9sent\u00e9 comme une grande langue d\u2019influence, mais fragilis\u00e9e dans la comp\u00e9tition mondiale. Le rapport 2026 de l\u2019OIF introduit un correctif important. La langue fran\u00e7aise dans le monde ne se maintient pas seulement : elle gagne du terrain en nombre de locuteurs et en visibilit\u00e9 internationale. Le passage \u00e0 la 4e place mondiale lui donne un poids symbolique fort, mais surtout un poids politique, \u00e9ducatif et \u00e9conomique. Une langue qui progresse dans un classement mondial n\u2019est pas simplement une langue transmise par h\u00e9ritage ; c\u2019est une langue qui continue \u00e0 \u00eatre apprise, utilis\u00e9e, relay\u00e9e et investie.<\/p><p>Le fran\u00e7ais ne doit pas \u00eatre analys\u00e9 uniquement comme langue institutionnelle ou diplomatique. Il reste une langue de circulation concr\u00e8te, parl\u00e9e, enseign\u00e9e, travaill\u00e9e et adapt\u00e9e \u00e0 des contextes tr\u00e8s diff\u00e9rents. La langue fran\u00e7aise dans le monde est aujourd\u2019hui port\u00e9e par des r\u00e9alit\u00e9s d\u00e9mographiques et sociales qui d\u00e9passent largement le cadre europ\u00e9en, et c\u2019est pr\u00e9cis\u00e9ment ce que le rapport 2026 met en lumi\u00e8re.<\/p>\t\t\t\t\t\t\t\t<\/div>\n\t\t\t\t<\/div>\n\t\t\t\t<div class=\"elementor-element elementor-element-11bf06f elementor-widget elementor-widget-image\" data-id=\"11bf06f\" data-element_type=\"widget\" data-widget_type=\"image.default\">\n\t\t\t\t<div class=\"elementor-widget-container\">\n\t\t\t\t\t\t\t\t\t\t\t\t<figure class=\"wp-caption\">\n\t\t\t\t\t\t\t\t\t\t<img fetchpriority=\"high\" decoding=\"async\" width=\"800\" height=\"600\" src=\"https:\/\/richeskarayib.com\/wp-content\/uploads\/2026\/03\/\u00a9OIF-1024x768.jpg\" class=\"attachment-large size-large wp-image-71070\" alt=\"langue fran\u00e7aise\" srcset=\"https:\/\/richeskarayib.com\/wp-content\/uploads\/2026\/03\/\u00a9OIF-1024x768.jpg 1024w, https:\/\/richeskarayib.com\/wp-content\/uploads\/2026\/03\/\u00a9OIF-300x225.jpg 300w, https:\/\/richeskarayib.com\/wp-content\/uploads\/2026\/03\/\u00a9OIF-768x576.jpg 768w, https:\/\/richeskarayib.com\/wp-content\/uploads\/2026\/03\/\u00a9OIF-1536x1152.jpg 1536w, https:\/\/richeskarayib.com\/wp-content\/uploads\/2026\/03\/\u00a9OIF-1320x990.jpg 1320w, https:\/\/richeskarayib.com\/wp-content\/uploads\/2026\/03\/\u00a9OIF.jpg 1920w\" sizes=\"(max-width: 800px) 100vw, 800px\" \/>\t\t\t\t\t\t\t\t\t\t\t<figcaption class=\"widget-image-caption wp-caption-text\">\u00a9OIF<\/figcaption>\n\t\t\t\t\t\t\t\t\t\t<\/figure>\n\t\t\t\t\t\t\t\t\t<\/div>\n\t\t\t\t<\/div>\n\t\t\t\t<section class=\"elementor-section elementor-inner-section elementor-element elementor-element-c582330 elementor-section-boxed elementor-section-height-default elementor-section-height-default\" data-id=\"c582330\" data-element_type=\"section\">\n\t\t\t\t\t\t<div class=\"elementor-container elementor-column-gap-default\">\n\t\t\t\t\t\t<\/div>\n\t\t<\/section>\n\t\t\t\t<section class=\"elementor-section elementor-inner-section elementor-element elementor-element-296603a elementor-section-boxed elementor-section-height-default elementor-section-height-default\" data-id=\"296603a\" data-element_type=\"section\">\n\t\t\t\t\t\t<div class=\"elementor-container elementor-column-gap-default\">\n\t\t\t\t\t\t<\/div>\n\t\t<\/section>\n\t\t\t\t\t<\/div>\n\t\t<\/div>\n\t\t\t\t\t<\/div>\n\t\t<\/section>\n\t\t\t\t<section class=\"elementor-section elementor-top-section elementor-element elementor-element-bdd0219 elementor-section-boxed elementor-section-height-default elementor-section-height-default\" data-id=\"bdd0219\" data-element_type=\"section\">\n\t\t\t\t\t\t<div class=\"elementor-container elementor-column-gap-default\">\n\t\t\t\t\t<div class=\"elementor-column elementor-col-100 elementor-top-column elementor-element elementor-element-c1ec903\" data-id=\"c1ec903\" data-element_type=\"column\">\n\t\t\t<div class=\"elementor-widget-wrap elementor-element-populated\">\n\t\t\t\t\t\t<div class=\"elementor-element elementor-element-55dd336 elementor-widget elementor-widget-heading\" data-id=\"55dd336\" data-element_type=\"widget\" data-widget_type=\"heading.default\">\n\t\t\t\t<div class=\"elementor-widget-container\">\n\t\t\t\t\t<h2 class=\"elementor-heading-title elementor-size-default\">396 millions de locuteurs : ce que signifie r\u00e9ellement ce chiffre<\/h2>\t\t\t\t<\/div>\n\t\t\t\t<\/div>\n\t\t\t\t<div class=\"elementor-element elementor-element-9cd513e elementor-widget elementor-widget-text-editor\" data-id=\"9cd513e\" data-element_type=\"widget\" data-widget_type=\"text-editor.default\">\n\t\t\t\t<div class=\"elementor-widget-container\">\n\t\t\t\t\t\t\t\t\t<p><span style=\"font-weight: 400;\">Le chiffre de <\/span><b>396 millions<\/b><span style=\"font-weight: 400;\"> doit \u00eatre lu avec rigueur. Il d\u00e9signe une communaut\u00e9 linguistique r\u00e9partie sur les <\/span><b>cinq continents<\/b><span style=\"font-weight: 400;\">, et non un bloc homog\u00e8ne. Cela signifie que le fran\u00e7ais continue d\u2019exister dans des contextes tr\u00e8s vari\u00e9s : langue maternelle pour certains, langue d\u2019enseignement pour d\u2019autres, langue administrative, professionnelle, culturelle ou de communication commune dans des soci\u00e9t\u00e9s multilingues. Cette diversit\u00e9 est au c\u0153ur de la <\/span>langue fran\u00e7aise dans le monde<span style=\"font-weight: 400;\"> telle qu\u2019elle existe r\u00e9ellement en 2026.<\/span><\/p><p><span style=\"font-weight: 400;\">Cette donn\u00e9e a aussi une port\u00e9e \u00e9ditoriale forte. Elle rappelle qu\u2019on ne peut plus parler du fran\u00e7ais comme d\u2019une langue enferm\u00e9e dans un territoire unique ou dans une seule histoire nationale. Le fran\u00e7ais circule dans des espaces tr\u00e8s diff\u00e9rents, avec des usages multiples et des dynamiques propres. C\u2019est cette pluralit\u00e9 qui fait aujourd\u2019hui sa force. Le chiffre de 396 millions ne raconte donc pas seulement une augmentation ; il raconte l\u2019ampleur g\u00e9ographique, sociale et culturelle d\u2019une langue mondiale.<\/span><\/p>\t\t\t\t\t\t\t\t<\/div>\n\t\t\t\t<\/div>\n\t\t\t\t<div class=\"elementor-element elementor-element-8fd7368 elementor-widget elementor-widget-image\" data-id=\"8fd7368\" data-element_type=\"widget\" data-widget_type=\"image.default\">\n\t\t\t\t<div class=\"elementor-widget-container\">\n\t\t\t\t\t\t\t\t\t\t\t\t<figure class=\"wp-caption\">\n\t\t\t\t\t\t\t\t\t\t<img decoding=\"async\" width=\"800\" height=\"600\" src=\"https:\/\/richeskarayib.com\/wp-content\/uploads\/2026\/03\/\u00a9OIF-2-1024x768.jpg\" class=\"attachment-large size-large wp-image-71074\" alt=\"langue fran\u00e7aise\" srcset=\"https:\/\/richeskarayib.com\/wp-content\/uploads\/2026\/03\/\u00a9OIF-2-1024x768.jpg 1024w, https:\/\/richeskarayib.com\/wp-content\/uploads\/2026\/03\/\u00a9OIF-2-300x225.jpg 300w, https:\/\/richeskarayib.com\/wp-content\/uploads\/2026\/03\/\u00a9OIF-2-768x576.jpg 768w, https:\/\/richeskarayib.com\/wp-content\/uploads\/2026\/03\/\u00a9OIF-2-1536x1152.jpg 1536w, https:\/\/richeskarayib.com\/wp-content\/uploads\/2026\/03\/\u00a9OIF-2-1320x990.jpg 1320w, https:\/\/richeskarayib.com\/wp-content\/uploads\/2026\/03\/\u00a9OIF-2.jpg 1920w\" sizes=\"(max-width: 800px) 100vw, 800px\" \/>\t\t\t\t\t\t\t\t\t\t\t<figcaption class=\"widget-image-caption wp-caption-text\">\u00a9OIF<\/figcaption>\n\t\t\t\t\t\t\t\t\t\t<\/figure>\n\t\t\t\t\t\t\t\t\t<\/div>\n\t\t\t\t<\/div>\n\t\t\t\t<section class=\"elementor-section elementor-inner-section elementor-element elementor-element-92f4402 elementor-section-boxed elementor-section-height-default elementor-section-height-default\" data-id=\"92f4402\" data-element_type=\"section\">\n\t\t\t\t\t\t<div class=\"elementor-container elementor-column-gap-default\">\n\t\t\t\t\t\t<\/div>\n\t\t<\/section>\n\t\t\t\t<section class=\"elementor-section elementor-inner-section elementor-element elementor-element-9290a61 elementor-section-boxed elementor-section-height-default elementor-section-height-default\" data-id=\"9290a61\" data-element_type=\"section\">\n\t\t\t\t\t\t<div class=\"elementor-container elementor-column-gap-default\">\n\t\t\t\t\t\t<\/div>\n\t\t<\/section>\n\t\t\t\t\t<\/div>\n\t\t<\/div>\n\t\t\t\t\t<\/div>\n\t\t<\/section>\n\t\t\t\t<section class=\"elementor-section elementor-top-section elementor-element elementor-element-9c88a89 elementor-section-boxed elementor-section-height-default elementor-section-height-default\" data-id=\"9c88a89\" data-element_type=\"section\">\n\t\t\t\t\t\t<div class=\"elementor-container elementor-column-gap-default\">\n\t\t\t\t\t<div class=\"elementor-column elementor-col-100 elementor-top-column elementor-element elementor-element-78cf5d1\" data-id=\"78cf5d1\" data-element_type=\"column\">\n\t\t\t<div class=\"elementor-widget-wrap elementor-element-populated\">\n\t\t\t\t\t\t<div class=\"elementor-element elementor-element-ea2a5c1 elementor-widget elementor-widget-heading\" data-id=\"ea2a5c1\" data-element_type=\"widget\" data-widget_type=\"heading.default\">\n\t\t\t\t<div class=\"elementor-widget-container\">\n\t\t\t\t\t<h2 class=\"elementor-heading-title elementor-size-default\">L\u2019Afrique, centre de gravit\u00e9 d\u00e9cisif de la langue fran\u00e7aise dans le mond<\/h2>\t\t\t\t<\/div>\n\t\t\t\t<\/div>\n\t\t\t\t<div class=\"elementor-element elementor-element-e305eee elementor-widget elementor-widget-text-editor\" data-id=\"e305eee\" data-element_type=\"widget\" data-widget_type=\"text-editor.default\">\n\t\t\t\t<div class=\"elementor-widget-container\">\n\t\t\t\t\t\t\t\t\t<p><span style=\"font-weight: 400;\">L\u2019un des enseignements majeurs du rapport 2026 tient dans la place du continent africain. L\u2019OIF indique que <\/span><b>65 % des locuteurs francophones vivent en Afrique<\/b><span style=\"font-weight: 400;\">. Cette proportion suffit \u00e0 elle seule \u00e0 d\u00e9placer le regard. L\u2019avenir du fran\u00e7ais ne se joue plus en priorit\u00e9 dans les espaces o\u00f9 il a longtemps concentr\u00e9 son prestige institutionnel ; il se joue d\u00e9sormais dans des soci\u00e9t\u00e9s africaines jeunes, nombreuses, urbaines, cr\u00e9atives et travers\u00e9es par de profonds enjeux \u00e9ducatifs et \u00e9conomiques.<\/span><\/p>\t\t\t\t\t\t\t\t<\/div>\n\t\t\t\t<\/div>\n\t\t\t\t<div class=\"elementor-element elementor-element-416ae8a elementor-widget elementor-widget-text-editor\" data-id=\"416ae8a\" data-element_type=\"widget\" data-widget_type=\"text-editor.default\">\n\t\t\t\t<div class=\"elementor-widget-container\">\n\t\t\t\t\t\t\t\t\t<p><span style=\"font-weight: 400;\">Cette r\u00e9alit\u00e9 oblige \u00e0 revoir les repr\u00e9sentations anciennes. Parler de la <\/span>langue fran\u00e7aise dans le monde<span style=\"font-weight: 400;\"> sans reconna\u00eetre le r\u00f4le central de l\u2019Afrique reviendrait \u00e0 passer \u00e0 c\u00f4t\u00e9 du fait majeur du rapport. La croissance du fran\u00e7ais repose aujourd\u2019hui sur des dynamiques d\u00e9mographiques puissantes, mais aussi sur la capacit\u00e9 des syst\u00e8mes \u00e9ducatifs, des m\u00e9dias, des industries culturelles et des \u00e9conomies francophones africaines \u00e0 maintenir et \u00e9largir les usages du fran\u00e7ais. Le poids africain ne constitue pas une note de bas de page du rapport ; il en est un axe structurant.<\/span><\/p>\t\t\t\t\t\t\t\t<\/div>\n\t\t\t\t<\/div>\n\t\t\t\t\t<\/div>\n\t\t<\/div>\n\t\t\t\t\t<\/div>\n\t\t<\/section>\n\t\t\t\t<section class=\"elementor-section elementor-top-section elementor-element elementor-element-ee7f5d7 elementor-section-boxed elementor-section-height-default elementor-section-height-default\" data-id=\"ee7f5d7\" data-element_type=\"section\">\n\t\t\t\t\t\t<div class=\"elementor-container elementor-column-gap-default\">\n\t\t\t\t\t<div class=\"elementor-column elementor-col-100 elementor-top-column elementor-element elementor-element-0669c08\" data-id=\"0669c08\" data-element_type=\"column\">\n\t\t\t<div class=\"elementor-widget-wrap elementor-element-populated\">\n\t\t\t\t\t\t<div class=\"elementor-element elementor-element-acc47ca elementor-widget elementor-widget-heading\" data-id=\"acc47ca\" data-element_type=\"widget\" data-widget_type=\"heading.default\">\n\t\t\t\t<div class=\"elementor-widget-container\">\n\t\t\t\t\t<h2 class=\"elementor-heading-title elementor-size-default\">Une langue qui avance aussi par l\u2019\u00e9cole, le num\u00e9rique et les affaires<\/h2>\t\t\t\t<\/div>\n\t\t\t\t<\/div>\n\t\t\t\t<div class=\"elementor-element elementor-element-4bb1533 elementor-widget elementor-widget-text-editor\" data-id=\"4bb1533\" data-element_type=\"widget\" data-widget_type=\"text-editor.default\">\n\t\t\t\t<div class=\"elementor-widget-container\">\n\t\t\t\t\t\t\t\t\t<p><span style=\"font-weight: 400;\">Le rapport 2026 souligne que le fran\u00e7ais est la 2e langue \u00e9trang\u00e8re la plus apprise dans le monde, avec pr\u00e8s de 170 millions d\u2019apprenants, ce qui confirme son poids dans les syst\u00e8mes \u00e9ducatifs et son attractivit\u00e9 bien au-del\u00e0 des seuls espaces francophones.. Il est \u00e9galement indiqu\u00e9 comme <\/span><b>4e langue sur Internet<\/b><span style=\"font-weight: 400;\"> et <\/span><b>3e langue de l\u2019\u00e9conomie et des affaires<\/b><span style=\"font-weight: 400;\">. Ces \u00e9l\u00e9ments donnent de l\u2019\u00e9paisseur au chiffre de 396 millions : ils montrent que la progression du fran\u00e7ais ne repose pas uniquement sur la d\u00e9mographie, mais aussi sur l\u2019apprentissage, les usages num\u00e9riques et la valeur professionnelle de la langue.<\/span><\/p>\t\t\t\t\t\t\t\t<\/div>\n\t\t\t\t<\/div>\n\t\t\t\t<div class=\"elementor-element elementor-element-032748d elementor-widget elementor-widget-text-editor\" data-id=\"032748d\" data-element_type=\"widget\" data-widget_type=\"text-editor.default\">\n\t\t\t\t<div class=\"elementor-widget-container\">\n\t\t\t\t\t\t\t\t\t<p><span style=\"font-weight: 400;\">Ces donn\u00e9es comptent \u00e9norm\u00e9ment \u00e0 l\u2019heure actuelle. Une langue mondiale n\u2019existe pas seulement par son pass\u00e9 ni par son statut officiel. Elle existe aussi par sa capacit\u00e9 \u00e0 rester visible dans les moteurs de recherche, les contenus num\u00e9riques, les r\u00e9seaux \u00e9ducatifs, les plateformes, les \u00e9changes commerciaux et les environnements de travail. Le rapport sugg\u00e8re donc une lecture plus compl\u00e8te : la <\/span>langue fran\u00e7aise dans le monde<span style=\"font-weight: 400;\"> conserve une utilit\u00e9 concr\u00e8te, ce qui contribue \u00e0 expliquer sa r\u00e9sistance et sa progression.<\/span><\/p>\t\t\t\t\t\t\t\t<\/div>\n\t\t\t\t<\/div>\n\t\t\t\t\t<\/div>\n\t\t<\/div>\n\t\t\t\t\t<\/div>\n\t\t<\/section>\n\t\t\t\t<section class=\"elementor-section elementor-top-section elementor-element elementor-element-d0fd0c0 elementor-section-boxed elementor-section-height-default elementor-section-height-default\" data-id=\"d0fd0c0\" data-element_type=\"section\">\n\t\t\t\t\t\t<div class=\"elementor-container elementor-column-gap-default\">\n\t\t\t\t\t<div class=\"elementor-column elementor-col-100 elementor-top-column elementor-element elementor-element-1e2ec65\" data-id=\"1e2ec65\" data-element_type=\"column\">\n\t\t\t<div class=\"elementor-widget-wrap elementor-element-populated\">\n\t\t\t\t\t\t<div class=\"elementor-element elementor-element-316145b elementor-widget elementor-widget-heading\" data-id=\"316145b\" data-element_type=\"widget\" data-widget_type=\"heading.default\">\n\t\t\t\t<div class=\"elementor-widget-container\">\n\t\t\t\t\t<h2 class=\"elementor-heading-title elementor-size-default\">2050 : pourquoi les projections de l\u2019OIF comptent d\u00e9j\u00e0 aujourd\u2019hui ?<\/h2>\t\t\t\t<\/div>\n\t\t\t\t<\/div>\n\t\t\t\t<div class=\"elementor-element elementor-element-54e5967 elementor-widget elementor-widget-text-editor\" data-id=\"54e5967\" data-element_type=\"widget\" data-widget_type=\"text-editor.default\">\n\t\t\t\t<div class=\"elementor-widget-container\">\n\t\t\t\t\t\t\t\t\t<p><span style=\"font-weight: 400;\">L\u2019autre donn\u00e9e forte du rapport est la projection avanc\u00e9e pour les prochaines d\u00e9cennies. L\u2019OIF estime que, selon les tendances actuelles, le fran\u00e7ais pourrait \u00eatre parl\u00e9 par <\/span><b>590 millions de personnes en 2050<\/b><span style=\"font-weight: 400;\">, dont <\/span><b>9 sur 10 en <a href=\"https:\/\/richeskarayib.com\/fr\/roots-and-future-2026-afrique-caraibe\/\" target=\"_blank\" rel=\"noopener\">Afrique<\/a><\/b><span style=\"font-weight: 400;\">. Il ne s\u2019agit pas d\u2019une certitude m\u00e9canique, mais d\u2019une projection fond\u00e9e sur les dynamiques observ\u00e9es. Elle met en \u00e9vidence un enjeu central : la progression future du fran\u00e7ais d\u00e9pendra moins des discours symboliques que des politiques d\u2019\u00e9ducation, de formation, de transmission et d\u2019acc\u00e8s aux contenus.<\/span><\/p>\t\t\t\t\t\t\t\t<\/div>\n\t\t\t\t<\/div>\n\t\t\t\t<div class=\"elementor-element elementor-element-3eb60ab elementor-widget elementor-widget-text-editor\" data-id=\"3eb60ab\" data-element_type=\"widget\" data-widget_type=\"text-editor.default\">\n\t\t\t\t<div class=\"elementor-widget-container\">\n\t\t\t\t\t\t\t\t\t<p><span style=\"font-weight: 400;\">Autrement dit, l\u2019avenir de la <\/span>langue fran\u00e7aise dans le monde<span style=\"font-weight: 400;\"> ne se r\u00e9sume pas \u00e0 un rang flatteur dans un classement. Il d\u00e9pend de d\u00e9cisions tr\u00e8s concr\u00e8tes : qualit\u00e9 de l\u2019enseignement, pr\u00e9sence du fran\u00e7ais dans les parcours professionnels, adaptation aux usages num\u00e9riques, production culturelle et m\u00e9diatique, place de la langue dans les mobilit\u00e9s \u00e9tudiantes et \u00e9conomiques. Le rapport 2026 donne donc un signal positif, mais ce signal reste li\u00e9 \u00e0 des conditions de consolidation.<\/span><\/p>\t\t\t\t\t\t\t\t<\/div>\n\t\t\t\t<\/div>\n\t\t\t\t<div class=\"elementor-element elementor-element-d77c876 elementor-widget elementor-widget-image\" data-id=\"d77c876\" data-element_type=\"widget\" data-widget_type=\"image.default\">\n\t\t\t\t<div class=\"elementor-widget-container\">\n\t\t\t\t\t\t\t\t\t\t\t\t<figure class=\"wp-caption\">\n\t\t\t\t\t\t\t\t\t\t<img decoding=\"async\" width=\"800\" height=\"548\" src=\"https:\/\/richeskarayib.com\/wp-content\/uploads\/2026\/03\/\u00a9OIF-3-1024x701.jpg\" class=\"attachment-large size-large wp-image-71078\" alt=\"langue fran\u00e7aise\" srcset=\"https:\/\/richeskarayib.com\/wp-content\/uploads\/2026\/03\/\u00a9OIF-3-1024x701.jpg 1024w, https:\/\/richeskarayib.com\/wp-content\/uploads\/2026\/03\/\u00a9OIF-3-300x205.jpg 300w, https:\/\/richeskarayib.com\/wp-content\/uploads\/2026\/03\/\u00a9OIF-3-768x526.jpg 768w, https:\/\/richeskarayib.com\/wp-content\/uploads\/2026\/03\/\u00a9OIF-3-1536x1051.jpg 1536w, https:\/\/richeskarayib.com\/wp-content\/uploads\/2026\/03\/\u00a9OIF-3-1320x903.jpg 1320w, https:\/\/richeskarayib.com\/wp-content\/uploads\/2026\/03\/\u00a9OIF-3.jpg 1920w\" sizes=\"(max-width: 800px) 100vw, 800px\" \/>\t\t\t\t\t\t\t\t\t\t\t<figcaption class=\"widget-image-caption wp-caption-text\">\u00a9OIF<\/figcaption>\n\t\t\t\t\t\t\t\t\t\t<\/figure>\n\t\t\t\t\t\t\t\t\t<\/div>\n\t\t\t\t<\/div>\n\t\t\t\t\t<\/div>\n\t\t<\/div>\n\t\t\t\t\t<\/div>\n\t\t<\/section>\n\t\t\t\t<section class=\"elementor-section elementor-top-section elementor-element elementor-element-f03d675 elementor-section-boxed elementor-section-height-default elementor-section-height-default\" data-id=\"f03d675\" data-element_type=\"section\">\n\t\t\t\t\t\t<div class=\"elementor-container elementor-column-gap-default\">\n\t\t\t\t\t<div class=\"elementor-column elementor-col-100 elementor-top-column elementor-element elementor-element-ddb1e36\" data-id=\"ddb1e36\" data-element_type=\"column\">\n\t\t\t<div class=\"elementor-widget-wrap elementor-element-populated\">\n\t\t\t\t\t\t<div class=\"elementor-element elementor-element-66035d3 elementor-widget elementor-widget-heading\" data-id=\"66035d3\" data-element_type=\"widget\" data-widget_type=\"heading.default\">\n\t\t\t\t<div class=\"elementor-widget-container\">\n\t\t\t\t\t<h2 class=\"elementor-heading-title elementor-size-default\">Ce que dit vraiment le chiffre de 396 millions\n<\/h2>\t\t\t\t<\/div>\n\t\t\t\t<\/div>\n\t\t\t\t<div class=\"elementor-element elementor-element-cae4ec8 elementor-widget elementor-widget-text-editor\" data-id=\"cae4ec8\" data-element_type=\"widget\" data-widget_type=\"text-editor.default\">\n\t\t\t\t<div class=\"elementor-widget-container\">\n\t\t\t\t\t\t\t\t\t<p><span style=\"font-weight: 400;\">Le rapport 2026 de l\u2019<a href=\"https:\/\/www.francophonie.org\/lancement-du-rapport-la-langue-francaise-dans-le-monde-2026-8426\" target=\"_blank\" rel=\"noopener nofollow\">OIF<\/a> ne livre pas seulement un total impressionnant. Il redessine la carte mentale de la francophonie contemporaine. <\/span>396 millions de personnes<span style=\"font-weight: 400;\"> parlent fran\u00e7ais ; la langue gagne une place dans le classement mondial ; son ancrage africain se renforce ; son poids dans l\u2019apprentissage, le num\u00e9rique et l\u2019\u00e9conomie reste significatif. Pris ensemble, ces \u00e9l\u00e9ments donnent une image plus juste de la <\/span>langue fran\u00e7aise dans le monde<span style=\"font-weight: 400;\"> : une langue internationale, diverse, en transformation, et encore capable d\u2019\u00e9largir son p\u00e9rim\u00e8tre.<\/span><\/p><p><span style=\"font-weight: 400;\">Pour un m\u00e9dia, un acteur culturel, une institution \u00e9ducative ou une entreprise, ce constat a une cons\u00e9quence claire : le fran\u00e7ais ne doit pas \u00eatre consid\u00e9r\u00e9 comme une langue de repli, mais comme une langue d\u2019avenir, \u00e0 condition d\u2019\u00eatre pens\u00e9e dans toute sa diversit\u00e9 g\u00e9ographique et sociale. C\u2019est l\u00e0 que r\u00e9side l\u2019int\u00e9r\u00eat r\u00e9el du rapport 2026 : derri\u00e8re le chiffre, il y a une recomposition du paysage linguistique mondial.<\/span><\/p>\t\t\t\t\t\t\t\t<\/div>\n\t\t\t\t<\/div>\n\t\t\t\t<div class=\"elementor-element elementor-element-c37c1b4 elementor-widget elementor-widget-video\" data-id=\"c37c1b4\" data-element_type=\"widget\" data-settings=\"{&quot;youtube_url&quot;:&quot;https:\\\/\\\/www.youtube.com\\\/watch?v=vqJgKauJMOA&amp;t=20s&quot;,&quot;video_type&quot;:&quot;youtube&quot;,&quot;controls&quot;:&quot;yes&quot;}\" data-widget_type=\"video.default\">\n\t\t\t\t<div class=\"elementor-widget-container\">\n\t\t\t\t\t\t\t<div class=\"elementor-wrapper elementor-open-inline\">\n\t\t\t<div class=\"elementor-video\"><\/div>\t\t<\/div>\n\t\t\t\t\t\t<\/div>\n\t\t\t\t<\/div>\n\t\t\t\t\t<\/div>\n\t\t<\/div>\n\t\t\t\t\t<\/div>\n\t\t<\/section>\n\t\t\t\t<section class=\"elementor-section elementor-top-section elementor-element elementor-element-f5709a6 elementor-section-boxed elementor-section-height-default elementor-section-height-default\" data-id=\"f5709a6\" data-element_type=\"section\">\n\t\t\t\t\t\t<div class=\"elementor-container elementor-column-gap-default\">\n\t\t\t\t\t<div class=\"elementor-column elementor-col-100 elementor-top-column elementor-element elementor-element-957be6f\" data-id=\"957be6f\" data-element_type=\"column\">\n\t\t\t<div class=\"elementor-widget-wrap elementor-element-populated\">\n\t\t\t\t\t\t<div class=\"elementor-element elementor-element-63e5d4a elementor-widget elementor-widget-accordion\" data-id=\"63e5d4a\" data-element_type=\"widget\" data-widget_type=\"accordion.default\">\n\t\t\t\t<div class=\"elementor-widget-container\">\n\t\t\t\t\t\t\t<div class=\"elementor-accordion\">\n\t\t\t\t\t\t\t<div class=\"elementor-accordion-item\">\n\t\t\t\t\t<div id=\"elementor-tab-title-1041\" class=\"elementor-tab-title\" data-tab=\"1\" role=\"button\" aria-controls=\"elementor-tab-content-1041\" aria-expanded=\"false\">\n\t\t\t\t\t\t\t\t\t\t\t\t\t<span class=\"elementor-accordion-icon elementor-accordion-icon-left\" aria-hidden=\"true\">\n\t\t\t\t\t\t\t\t\t\t\t\t\t\t\t<span class=\"elementor-accordion-icon-closed\"><i class=\"fas fa-plus\"><\/i><\/span>\n\t\t\t\t\t\t\t\t<span class=\"elementor-accordion-icon-opened\"><i class=\"fas fa-minus\"><\/i><\/span>\n\t\t\t\t\t\t\t\t\t\t\t\t\t\t<\/span>\n\t\t\t\t\t\t\t\t\t\t\t\t<a class=\"elementor-accordion-title\" tabindex=\"0\">Combien de personnes parlent la langue fran\u00e7aise dans le monde en 2026 ?<\/a>\n\t\t\t\t\t<\/div>\n\t\t\t\t\t<div id=\"elementor-tab-content-1041\" class=\"elementor-tab-content elementor-clearfix\" data-tab=\"1\" role=\"region\" aria-labelledby=\"elementor-tab-title-1041\"><p><span style=\"font-weight: 400;\">Selon le rapport <\/span><i><span style=\"font-weight: 400;\">La langue fran\u00e7aise dans le monde 2026<\/span><\/i><span style=\"font-weight: 400;\"> publi\u00e9 par l\u2019Organisation internationale de la Francophonie, 396 millions de personnes parlent aujourd\u2019hui fran\u00e7ais dans le monde. Ce chiffre est important, car il montre que la langue fran\u00e7aise conserve un poids international r\u00e9el et continue de progresser dans le paysage linguistique mondial. Il ne s\u2019agit pas seulement d\u2019une langue h\u00e9rit\u00e9e d\u2019une histoire commune entre plusieurs pays, mais d\u2019une langue toujours transmise, apprise et utilis\u00e9e dans des contextes \u00e9ducatifs, \u00e9conomiques, administratifs et culturels tr\u00e8s diff\u00e9rents.<\/span><\/p><\/div>\n\t\t\t\t<\/div>\n\t\t\t\t\t\t\t<div class=\"elementor-accordion-item\">\n\t\t\t\t\t<div id=\"elementor-tab-title-1042\" class=\"elementor-tab-title\" data-tab=\"2\" role=\"button\" aria-controls=\"elementor-tab-content-1042\" aria-expanded=\"false\">\n\t\t\t\t\t\t\t\t\t\t\t\t\t<span class=\"elementor-accordion-icon elementor-accordion-icon-left\" aria-hidden=\"true\">\n\t\t\t\t\t\t\t\t\t\t\t\t\t\t\t<span class=\"elementor-accordion-icon-closed\"><i class=\"fas fa-plus\"><\/i><\/span>\n\t\t\t\t\t\t\t\t<span class=\"elementor-accordion-icon-opened\"><i class=\"fas fa-minus\"><\/i><\/span>\n\t\t\t\t\t\t\t\t\t\t\t\t\t\t<\/span>\n\t\t\t\t\t\t\t\t\t\t\t\t<a class=\"elementor-accordion-title\" tabindex=\"0\">Quel est le rang de la langue fran\u00e7aise parmi les langues les plus parl\u00e9es au monde ?<\/a>\n\t\t\t\t\t<\/div>\n\t\t\t\t\t<div id=\"elementor-tab-content-1042\" class=\"elementor-tab-content elementor-clearfix\" data-tab=\"2\" role=\"region\" aria-labelledby=\"elementor-tab-title-1042\"><p><span style=\"font-weight: 400;\">D\u2019apr\u00e8s l\u2019OIF, la langue fran\u00e7aise est d\u00e9sormais la 4e langue la plus parl\u00e9e dans le monde, derri\u00e8re l\u2019anglais, le chinois et l\u2019espagnol, et devant l\u2019arabe standard. Ce changement de rang est significatif, car il traduit une \u00e9volution concr\u00e8te dans la place du fran\u00e7ais \u00e0 l\u2019\u00e9chelle mondiale. Ce classement renforce l\u2019id\u00e9e que le fran\u00e7ais reste une grande langue internationale, pr\u00e9sente dans de nombreux domaines, et qu\u2019il ne faut plus la consid\u00e9rer comme une langue seulement institutionnelle ou patrimoniale.<\/span><\/p><\/div>\n\t\t\t\t<\/div>\n\t\t\t\t\t\t\t<div class=\"elementor-accordion-item\">\n\t\t\t\t\t<div id=\"elementor-tab-title-1043\" class=\"elementor-tab-title\" data-tab=\"3\" role=\"button\" aria-controls=\"elementor-tab-content-1043\" aria-expanded=\"false\">\n\t\t\t\t\t\t\t\t\t\t\t\t\t<span class=\"elementor-accordion-icon elementor-accordion-icon-left\" aria-hidden=\"true\">\n\t\t\t\t\t\t\t\t\t\t\t\t\t\t\t<span class=\"elementor-accordion-icon-closed\"><i class=\"fas fa-plus\"><\/i><\/span>\n\t\t\t\t\t\t\t\t<span class=\"elementor-accordion-icon-opened\"><i class=\"fas fa-minus\"><\/i><\/span>\n\t\t\t\t\t\t\t\t\t\t\t\t\t\t<\/span>\n\t\t\t\t\t\t\t\t\t\t\t\t<a class=\"elementor-accordion-title\" tabindex=\"0\">Pourquoi la langue fran\u00e7aise progresse-t-elle dans le monde ?<\/a>\n\t\t\t\t\t<\/div>\n\t\t\t\t\t<div id=\"elementor-tab-content-1043\" class=\"elementor-tab-content elementor-clearfix\" data-tab=\"3\" role=\"region\" aria-labelledby=\"elementor-tab-title-1043\"><p><span style=\"font-weight: 400;\">La progression de la langue fran\u00e7aise s\u2019explique par plusieurs facteurs qui se compl\u00e8tent. D\u2019abord, la langue b\u00e9n\u00e9ficie d\u2019une forte dynamique d\u00e9mographique dans plusieurs pays francophones, en particulier en Afrique, o\u00f9 vit aujourd\u2019hui la majorit\u00e9 des locuteurs francophones. Ensuite, le fran\u00e7ais conserve une place importante dans l\u2019enseignement, dans la coop\u00e9ration internationale et dans certains secteurs \u00e9conomiques. L\u2019OIF souligne aussi que le fran\u00e7ais reste la 2e langue \u00e9trang\u00e8re la plus apprise, avec pr\u00e8s de 170 millions d\u2019apprenants, ce qui montre qu\u2019il continue \u00e0 attirer bien au-del\u00e0 des seuls territoires o\u00f9 il est langue officielle.<\/span><\/p><\/div>\n\t\t\t\t<\/div>\n\t\t\t\t\t\t\t\t<\/div>\n\t\t\t\t\t\t<\/div>\n\t\t\t\t<\/div>\n\t\t\t\t\t<\/div>\n\t\t<\/div>\n\t\t\t\t\t<\/div>\n\t\t<\/section>\n\t\t\t\t<\/div>\n\t\t","protected":false},"excerpt":{"rendered":"<p>L\u2019Organisation internationale de la Francophonie a publi\u00e9 un chiffre qui rebat les cartes du d\u00e9bat linguistique mondial : 396 millions de personnes parlent aujourd\u2019hui fran\u00e7ais. Avec ce total, la langue fran\u00e7aise dans le monde passe de la 5e \u00e0 la 4e position mondiale, derri\u00e8re l\u2019anglais, le mandarin et l\u2019espagnol, mais devant l\u2019arabe standard. L\u2019information ne [&hellip;]<\/p>\n","protected":false},"author":662,"featured_media":71121,"comment_status":"open","ping_status":"open","sticky":false,"template":"","format":"standard","meta":{"_acf_changed":false,"footnotes":""},"categories":[840],"tags":[1441,1598,1716,1545,1544,808,1599],"class_list":["post-71065","post","type-post","status-publish","format-standard","has-post-thumbnail","hentry","category-actus","tag-anguilla-fr","tag-barbade-fr","tag-dominique-fr-2","tag-guadeloupe-2","tag-guyane-2","tag-martinique-fr","tag-sainte-lucie-fr"],"acf":[],"_links":{"self":[{"href":"https:\/\/richeskarayib.com\/fr\/wp-json\/wp\/v2\/posts\/71065","targetHints":{"allow":["GET"]}}],"collection":[{"href":"https:\/\/richeskarayib.com\/fr\/wp-json\/wp\/v2\/posts"}],"about":[{"href":"https:\/\/richeskarayib.com\/fr\/wp-json\/wp\/v2\/types\/post"}],"author":[{"embeddable":true,"href":"https:\/\/richeskarayib.com\/fr\/wp-json\/wp\/v2\/users\/662"}],"replies":[{"embeddable":true,"href":"https:\/\/richeskarayib.com\/fr\/wp-json\/wp\/v2\/comments?post=71065"}],"version-history":[{"count":0,"href":"https:\/\/richeskarayib.com\/fr\/wp-json\/wp\/v2\/posts\/71065\/revisions"}],"wp:featuredmedia":[{"embeddable":true,"href":"https:\/\/richeskarayib.com\/fr\/wp-json\/wp\/v2\/media\/71121"}],"wp:attachment":[{"href":"https:\/\/richeskarayib.com\/fr\/wp-json\/wp\/v2\/media?parent=71065"}],"wp:term":[{"taxonomy":"category","embeddable":true,"href":"https:\/\/richeskarayib.com\/fr\/wp-json\/wp\/v2\/categories?post=71065"},{"taxonomy":"post_tag","embeddable":true,"href":"https:\/\/richeskarayib.com\/fr\/wp-json\/wp\/v2\/tags?post=71065"}],"curies":[{"name":"wp","href":"https:\/\/api.w.org\/{rel}","templated":true}]}}