{"id":71129,"date":"2026-03-24T01:47:02","date_gmt":"2026-03-24T05:47:02","guid":{"rendered":"https:\/\/richeskarayib.com\/?p=71129"},"modified":"2026-03-24T01:47:02","modified_gmt":"2026-03-24T05:47:02","slug":"patrimoines-en-lumieres-2026-basse-terre","status":"publish","type":"post","link":"https:\/\/richeskarayib.com\/fr\/patrimoines-en-lumieres-2026-basse-terre\/","title":{"rendered":"Patrimoines en Lumi\u00e8res 2026 : Basse-Terre confirme son ambition culturelle en Guadeloupe"},"content":{"rendered":"\t\t<div data-elementor-type=\"wp-post\" data-elementor-id=\"71129\" class=\"elementor elementor-71129\" data-elementor-post-type=\"post\">\n\t\t\t\t\t\t<section class=\"elementor-section elementor-top-section elementor-element elementor-element-7ca7ca1 elementor-section-boxed elementor-section-height-default elementor-section-height-default\" data-id=\"7ca7ca1\" data-element_type=\"section\">\n\t\t\t\t\t\t<div class=\"elementor-container elementor-column-gap-default\">\n\t\t\t\t\t<div class=\"elementor-column elementor-col-100 elementor-top-column elementor-element elementor-element-cbdd002\" data-id=\"cbdd002\" data-element_type=\"column\">\n\t\t\t<div class=\"elementor-widget-wrap elementor-element-populated\">\n\t\t\t\t\t\t<section class=\"elementor-section elementor-inner-section elementor-element elementor-element-bc94849 elementor-section-boxed elementor-section-height-default elementor-section-height-default\" data-id=\"bc94849\" data-element_type=\"section\">\n\t\t\t\t\t\t<div class=\"elementor-container elementor-column-gap-default\">\n\t\t\t\t\t\t<\/div>\n\t\t<\/section>\n\t\t\t\t<section class=\"elementor-section elementor-inner-section elementor-element elementor-element-61571e6 elementor-section-boxed elementor-section-height-default elementor-section-height-default\" data-id=\"61571e6\" data-element_type=\"section\">\n\t\t\t\t\t\t<div class=\"elementor-container elementor-column-gap-default\">\n\t\t\t\t\t\t<\/div>\n\t\t<\/section>\n\t\t\t\t<section class=\"elementor-section elementor-inner-section elementor-element elementor-element-b6262e0 elementor-section-boxed elementor-section-height-default elementor-section-height-default\" data-id=\"b6262e0\" data-element_type=\"section\">\n\t\t\t\t\t\t<div class=\"elementor-container elementor-column-gap-default\">\n\t\t\t\t\t\t<\/div>\n\t\t<\/section>\n\t\t\t\t<section class=\"elementor-section elementor-inner-section elementor-element elementor-element-cca29fd elementor-section-boxed elementor-section-height-default elementor-section-height-default\" data-id=\"cca29fd\" data-element_type=\"section\">\n\t\t\t\t\t\t<div class=\"elementor-container elementor-column-gap-default\">\n\t\t\t\t\t\t<\/div>\n\t\t<\/section>\n\t\t\t\t\t<\/div>\n\t\t<\/div>\n\t\t\t\t\t<\/div>\n\t\t<\/section>\n\t\t\t\t<section class=\"elementor-section elementor-top-section elementor-element elementor-element-ee72354 elementor-section-boxed elementor-section-height-default elementor-section-height-default\" data-id=\"ee72354\" data-element_type=\"section\">\n\t\t\t\t\t\t<div class=\"elementor-container elementor-column-gap-default\">\n\t\t\t\t\t<div class=\"elementor-column elementor-col-100 elementor-top-column elementor-element elementor-element-c59d6fe\" data-id=\"c59d6fe\" data-element_type=\"column\">\n\t\t\t<div class=\"elementor-widget-wrap elementor-element-populated\">\n\t\t\t\t\t\t<div class=\"elementor-element elementor-element-e57451f elementor-widget elementor-widget-text-editor\" data-id=\"e57451f\" data-element_type=\"widget\" data-widget_type=\"text-editor.default\">\n\t\t\t\t<div class=\"elementor-widget-container\">\n\t\t\t\t\t\t\t\t\t<p><span style=\"font-weight: 400;\">Du 29 avril au 3 mai 2026, la ville de Basse-Terre accueillera la deuxi\u00e8me \u00e9dition du festival <\/span><b>Patrimoines en Lumi\u00e8res 2026<\/b><span style=\"font-weight: 400;\">, un rendez-vous d\u00e9sormais inscrit dans le calendrier culturel guadeloup\u00e9en. Apr\u00e8s une premi\u00e8re \u00e9dition remarqu\u00e9e en 2024, cet \u00e9v\u00e9nement biennal s\u2019impose comme une initiative structurante, \u00e0 la crois\u00e9e de la valorisation patrimoniale et de la cr\u00e9ation artistique contemporaine.<\/span><\/p>\n<p><span style=\"font-weight: 400;\">Pens\u00e9 comme un v\u00e9ritable parcours immersif, le festival transforme la capitale en un espace vivant o\u00f9 monuments, espaces publics et lieux embl\u00e9matiques deviennent les supports d\u2019une narration artistique renouvel\u00e9e. Pendant cinq jours, habitants et visiteurs red\u00e9couvrent Basse-Terre \u00e0 travers une programmation riche, accessible et profond\u00e9ment ancr\u00e9e dans l\u2019identit\u00e9 du territoire.<\/span><\/p>\t\t\t\t\t\t\t\t<\/div>\n\t\t\t\t<\/div>\n\t\t\t\t\t<\/div>\n\t\t<\/div>\n\t\t\t\t\t<\/div>\n\t\t<\/section>\n\t\t\t\t<section class=\"elementor-section elementor-top-section elementor-element elementor-element-82cd8f9 elementor-section-boxed elementor-section-height-default elementor-section-height-default\" data-id=\"82cd8f9\" data-element_type=\"section\">\n\t\t\t\t\t\t<div class=\"elementor-container elementor-column-gap-default\">\n\t\t\t\t\t<div class=\"elementor-column elementor-col-100 elementor-top-column elementor-element elementor-element-0bfdc38\" data-id=\"0bfdc38\" data-element_type=\"column\">\n\t\t\t<div class=\"elementor-widget-wrap elementor-element-populated\">\n\t\t\t\t\t\t<div class=\"elementor-element elementor-element-7d292fe elementor-widget elementor-widget-heading\" data-id=\"7d292fe\" data-element_type=\"widget\" data-widget_type=\"heading.default\">\n\t\t\t\t<div class=\"elementor-widget-container\">\n\t\t\t\t\t<h2 class=\"elementor-heading-title elementor-size-default\">Un festival qui redonne sens au patrimoine de Basse-Terre <\/h2>\t\t\t\t<\/div>\n\t\t\t\t<\/div>\n\t\t\t\t<div class=\"elementor-element elementor-element-96caf50 elementor-widget elementor-widget-text-editor\" data-id=\"96caf50\" data-element_type=\"widget\" data-widget_type=\"text-editor.default\">\n\t\t\t\t<div class=\"elementor-widget-container\">\n\t\t\t\t\t\t\t\t\t<p><span style=\"font-weight: 400;\">Avec Patrimoines en Lumi\u00e8res 2026, la <a href=\"https:\/\/richeskarayib.com\/fr\/fototras-guadeloupe-celebre-la-photographie\/\" target=\"_blank\" rel=\"noopener\">Ville de Basse-Terre<\/a> affirme une vision claire : faire du patrimoine un levier de d\u00e9veloppement culturel, social et territorial. Labellis\u00e9e Ville d\u2019art et d\u2019histoire, la capitale guadeloup\u00e9enne dispose d\u2019un h\u00e9ritage architectural, historique et immat\u00e9riel d\u2019une grande richesse, souvent m\u00e9connu du grand public. Le festival propose une lecture contemporaine de ces patrimoines en les mettant en sc\u00e8ne \u00e0 travers des installations artistiques, des performances et des exp\u00e9riences immersives. L\u2019objectif est double : transmettre la m\u00e9moire collective tout en l\u2019inscrivant dans une dynamique actuelle, capable de toucher toutes les g\u00e9n\u00e9rations.<\/span><\/p>\n<p><span style=\"font-weight: 400;\">Cette approche permet \u00e9galement de repositionner Basse-Terre comme un p\u00f4le culturel majeur \u00e0 l\u2019\u00e9chelle de la Guadeloupe et de la Cara\u00efbe, en renfor\u00e7ant son attractivit\u00e9 aupr\u00e8s des publics locaux et internationaux.<\/span><\/p>\t\t\t\t\t\t\t\t<\/div>\n\t\t\t\t<\/div>\n\t\t\t\t<div class=\"elementor-element elementor-element-5df0879 elementor-widget elementor-widget-image\" data-id=\"5df0879\" data-element_type=\"widget\" data-widget_type=\"image.default\">\n\t\t\t\t<div class=\"elementor-widget-container\">\n\t\t\t\t\t\t\t\t\t\t\t\t\t\t\t<img fetchpriority=\"high\" decoding=\"async\" width=\"456\" height=\"610\" src=\"https:\/\/richeskarayib.com\/wp-content\/uploads\/2026\/03\/199-104-38955207.webp\" class=\"attachment-large size-large wp-image-71142\" alt=\"Patrimoines en Lumi\u00e8res\" srcset=\"https:\/\/richeskarayib.com\/wp-content\/uploads\/2026\/03\/199-104-38955207.webp 456w, https:\/\/richeskarayib.com\/wp-content\/uploads\/2026\/03\/199-104-38955207-224x300.webp 224w\" sizes=\"(max-width: 456px) 100vw, 456px\" \/>\t\t\t\t\t\t\t\t\t\t\t\t\t\t\t<\/div>\n\t\t\t\t<\/div>\n\t\t\t\t<section class=\"elementor-section elementor-inner-section elementor-element elementor-element-c582330 elementor-section-boxed elementor-section-height-default elementor-section-height-default\" data-id=\"c582330\" data-element_type=\"section\">\n\t\t\t\t\t\t<div class=\"elementor-container elementor-column-gap-default\">\n\t\t\t\t\t\t<\/div>\n\t\t<\/section>\n\t\t\t\t<section class=\"elementor-section elementor-inner-section elementor-element elementor-element-296603a elementor-section-boxed elementor-section-height-default elementor-section-height-default\" data-id=\"296603a\" data-element_type=\"section\">\n\t\t\t\t\t\t<div class=\"elementor-container elementor-column-gap-default\">\n\t\t\t\t\t\t<\/div>\n\t\t<\/section>\n\t\t\t\t\t<\/div>\n\t\t<\/div>\n\t\t\t\t\t<\/div>\n\t\t<\/section>\n\t\t\t\t<section class=\"elementor-section elementor-top-section elementor-element elementor-element-bdd0219 elementor-section-boxed elementor-section-height-default elementor-section-height-default\" data-id=\"bdd0219\" data-element_type=\"section\">\n\t\t\t\t\t\t<div class=\"elementor-container elementor-column-gap-default\">\n\t\t\t\t\t<div class=\"elementor-column elementor-col-100 elementor-top-column elementor-element elementor-element-c1ec903\" data-id=\"c1ec903\" data-element_type=\"column\">\n\t\t\t<div class=\"elementor-widget-wrap elementor-element-populated\">\n\t\t\t\t\t\t<div class=\"elementor-element elementor-element-55dd336 elementor-widget elementor-widget-heading\" data-id=\"55dd336\" data-element_type=\"widget\" data-widget_type=\"heading.default\">\n\t\t\t\t<div class=\"elementor-widget-container\">\n\t\t\t\t\t<h2 class=\"elementor-heading-title elementor-size-default\">Une programmation pluridisciplinaire ouverte \u00e0 tous<\/h2>\t\t\t\t<\/div>\n\t\t\t\t<\/div>\n\t\t\t\t<div class=\"elementor-element elementor-element-9cd513e elementor-widget elementor-widget-text-editor\" data-id=\"9cd513e\" data-element_type=\"widget\" data-widget_type=\"text-editor.default\">\n\t\t\t\t<div class=\"elementor-widget-container\">\n\t\t\t\t\t\t\t\t\t<p><span style=\"font-weight: 400;\">Le festival Patrimoines en Lumi\u00e8res 2026 se distingue par la diversit\u00e9 de sa programmation. L\u2019\u00e9v\u00e9nement ne se limite pas \u00e0 un format unique, mais propose une v\u00e9ritable travers\u00e9e artistique :<\/span><\/p>\n<ul>\n<li><span style=\"font-weight: 400;\">&#8211; spectacles vivants<\/span><\/li>\n<li style=\"font-weight: 400;\" aria-level=\"1\"><span style=\"font-weight: 400;\">&#8211; concerts<\/span><\/li>\n<li style=\"font-weight: 400;\" aria-level=\"1\"><span style=\"font-weight: 400;\">&#8211; projections cin\u00e9matographiques<\/span><\/li>\n<li style=\"font-weight: 400;\" aria-level=\"1\"><span style=\"font-weight: 400;\">&#8211; conf\u00e9rences et rencontres<\/span><\/li>\n<li style=\"font-weight: 400;\" aria-level=\"1\"><span style=\"font-weight: 400;\">&#8211; balades comment\u00e9es<\/span><\/li>\n<li style=\"font-weight: 400;\" aria-level=\"1\"><span style=\"font-weight: 400;\">&#8211; ateliers participatifs<\/span><\/li>\n<li style=\"font-weight: 400;\" aria-level=\"1\"><span style=\"font-weight: 400;\">&#8211; initiatives d\u00e9di\u00e9es \u00e0 la jeunesse<\/span><\/li>\n<li style=\"font-weight: 400;\" aria-level=\"1\"><span style=\"font-weight: 400;\">&#8211; propositions en art contemporain<\/span><\/li>\n<li style=\"font-weight: 400;\" aria-level=\"1\"><span style=\"font-weight: 400;\">&#8211; exp\u00e9riences culinaires li\u00e9es au patrimoine<\/span><\/li>\n<\/ul>\t\t\t\t\t\t\t\t<\/div>\n\t\t\t\t<\/div>\n\t\t\t\t<div class=\"elementor-element elementor-element-8ddfb29 elementor-widget elementor-widget-text-editor\" data-id=\"8ddfb29\" data-element_type=\"widget\" data-widget_type=\"text-editor.default\">\n\t\t\t\t<div class=\"elementor-widget-container\">\n\t\t\t\t\t\t\t\t\t<p><span style=\"font-weight: 400;\">Chaque discipline contribue \u00e0 cr\u00e9er des passerelles entre m\u00e9moire et cr\u00e9ation, tradition et modernit\u00e9, transmission et innovation. Le festival s\u2019adresse ainsi \u00e0 un public large, allant des amateurs de culture aux familles, en passant par les professionnels du secteur artistique.<\/span><\/p>\t\t\t\t\t\t\t\t<\/div>\n\t\t\t\t<\/div>\n\t\t\t\t<div class=\"elementor-element elementor-element-afd7225 elementor-widget elementor-widget-image\" data-id=\"afd7225\" data-element_type=\"widget\" data-widget_type=\"image.default\">\n\t\t\t\t<div class=\"elementor-widget-container\">\n\t\t\t\t\t\t\t\t\t\t\t\t\t\t\t<img decoding=\"async\" width=\"800\" height=\"304\" src=\"https:\/\/richeskarayib.com\/wp-content\/uploads\/2026\/03\/639737213_1507516578049804_7570892674721111461_n.jpg\" class=\"attachment-large size-large wp-image-71146\" alt=\"Patrimoines en Lumi\u00e8res\" srcset=\"https:\/\/richeskarayib.com\/wp-content\/uploads\/2026\/03\/639737213_1507516578049804_7570892674721111461_n.jpg 820w, https:\/\/richeskarayib.com\/wp-content\/uploads\/2026\/03\/639737213_1507516578049804_7570892674721111461_n-300x114.jpg 300w, https:\/\/richeskarayib.com\/wp-content\/uploads\/2026\/03\/639737213_1507516578049804_7570892674721111461_n-768x292.jpg 768w\" sizes=\"(max-width: 800px) 100vw, 800px\" \/>\t\t\t\t\t\t\t\t\t\t\t\t\t\t\t<\/div>\n\t\t\t\t<\/div>\n\t\t\t\t<section class=\"elementor-section elementor-inner-section elementor-element elementor-element-92f4402 elementor-section-boxed elementor-section-height-default elementor-section-height-default\" data-id=\"92f4402\" data-element_type=\"section\">\n\t\t\t\t\t\t<div class=\"elementor-container elementor-column-gap-default\">\n\t\t\t\t\t\t<\/div>\n\t\t<\/section>\n\t\t\t\t<section class=\"elementor-section elementor-inner-section elementor-element elementor-element-9290a61 elementor-section-boxed elementor-section-height-default elementor-section-height-default\" data-id=\"9290a61\" data-element_type=\"section\">\n\t\t\t\t\t\t<div class=\"elementor-container elementor-column-gap-default\">\n\t\t\t\t\t\t<\/div>\n\t\t<\/section>\n\t\t\t\t\t<\/div>\n\t\t<\/div>\n\t\t\t\t\t<\/div>\n\t\t<\/section>\n\t\t\t\t<section class=\"elementor-section elementor-top-section elementor-element elementor-element-9c88a89 elementor-section-boxed elementor-section-height-default elementor-section-height-default\" data-id=\"9c88a89\" data-element_type=\"section\">\n\t\t\t\t\t\t<div class=\"elementor-container elementor-column-gap-default\">\n\t\t\t\t\t<div class=\"elementor-column elementor-col-100 elementor-top-column elementor-element elementor-element-78cf5d1\" data-id=\"78cf5d1\" data-element_type=\"column\">\n\t\t\t<div class=\"elementor-widget-wrap elementor-element-populated\">\n\t\t\t\t\t\t<div class=\"elementor-element elementor-element-ea2a5c1 elementor-widget elementor-widget-heading\" data-id=\"ea2a5c1\" data-element_type=\"widget\" data-widget_type=\"heading.default\">\n\t\t\t\t<div class=\"elementor-widget-container\">\n\t\t\t\t\t<h2 class=\"elementor-heading-title elementor-size-default\">Des artistes carib\u00e9ens et internationaux d\u00e9j\u00e0 annonc\u00e9s<\/h2>\t\t\t\t<\/div>\n\t\t\t\t<\/div>\n\t\t\t\t<div class=\"elementor-element elementor-element-e305eee elementor-widget elementor-widget-text-editor\" data-id=\"e305eee\" data-element_type=\"widget\" data-widget_type=\"text-editor.default\">\n\t\t\t\t<div class=\"elementor-widget-container\">\n\t\t\t\t\t\t\t\t\t<p><span style=\"font-weight: 400;\">La programmation artistique de Patrimoines en Lumi\u00e8res 2026 commence \u00e0 se dessiner avec une premi\u00e8re s\u00e9lection d\u2019artistes confirm\u00e9s. Cette diversit\u00e9 refl\u00e8te la volont\u00e9 du festival de croiser les influences et de valoriser les talents de la Cara\u00efbe et d\u2019ailleurs.<\/span><\/p>\n<p><span style=\"font-weight: 400;\">Parmi les noms annonc\u00e9s :<\/span><\/p>\n<ul>\n<li style=\"font-weight: 400;\" aria-level=\"1\"><span style=\"font-weight: 400;\">&#8211; Arnaud Dolmen<\/span><\/li>\n<li style=\"font-weight: 400;\" aria-level=\"1\"><span style=\"font-weight: 400;\">&#8211; Beethova Obas<\/span><\/li>\n<li style=\"font-weight: 400;\" aria-level=\"1\"><span style=\"font-weight: 400;\">&#8211; Big In Jazz Collective<\/span><\/li>\n<li style=\"font-weight: 400;\" aria-level=\"1\"><span style=\"font-weight: 400;\">&#8211; Demwazel Dys<\/span><\/li>\n<li style=\"font-weight: 400;\" aria-level=\"1\"><span style=\"font-weight: 400;\">&#8211; E.sy Kennenga<\/span><\/li>\n<li style=\"font-weight: 400;\" aria-level=\"1\"><span style=\"font-weight: 400;\">&#8211; Gasandji<\/span><\/li>\n<li style=\"font-weight: 400;\" aria-level=\"1\"><span style=\"font-weight: 400;\">&#8211; House An Nou<\/span><\/li>\n<\/ul>\t\t\t\t\t\t\t\t<\/div>\n\t\t\t\t<\/div>\n\t\t\t\t<div class=\"elementor-element elementor-element-416ae8a elementor-widget elementor-widget-text-editor\" data-id=\"416ae8a\" data-element_type=\"widget\" data-widget_type=\"text-editor.default\">\n\t\t\t\t<div class=\"elementor-widget-container\">\n\t\t\t\t\t\t\t\t\t<p><span style=\"font-weight: 400;\">Cette premi\u00e8re vague illustre une ligne artistique exigeante, m\u00ealant jazz, musiques actuelles, cr\u00e9ations hybrides et expressions contemporaines. Elle annonce \u00e9galement une programmation qui privil\u00e9gie la qualit\u00e9, la diversit\u00e9 et le dialogue entre les cultures. Certains rendez-vous sont d\u00e9j\u00e0 identifi\u00e9s, notamment des performances musicales \u00e0 L\u2019Artchipel, Sc\u00e8ne nationale, ainsi que des restitutions artistiques issues d\u2019ateliers, int\u00e9gr\u00e9es au parcours global du festival.<\/span><\/p>\t\t\t\t\t\t\t\t<\/div>\n\t\t\t\t<\/div>\n\t\t\t\t<div class=\"elementor-element elementor-element-cac96df elementor-widget elementor-widget-image\" data-id=\"cac96df\" data-element_type=\"widget\" data-widget_type=\"image.default\">\n\t\t\t\t<div class=\"elementor-widget-container\">\n\t\t\t\t\t\t\t\t\t\t\t\t\t\t\t<img decoding=\"async\" width=\"774\" height=\"1024\" src=\"https:\/\/richeskarayib.com\/wp-content\/uploads\/2026\/03\/214-189-39042518-774x1024.webp\" class=\"attachment-large size-large wp-image-71138\" alt=\"Patrimoines en Lumi\u00e8res\" srcset=\"https:\/\/richeskarayib.com\/wp-content\/uploads\/2026\/03\/214-189-39042518-774x1024.webp 774w, https:\/\/richeskarayib.com\/wp-content\/uploads\/2026\/03\/214-189-39042518-227x300.webp 227w, https:\/\/richeskarayib.com\/wp-content\/uploads\/2026\/03\/214-189-39042518-768x1016.webp 768w, https:\/\/richeskarayib.com\/wp-content\/uploads\/2026\/03\/214-189-39042518.webp 968w\" sizes=\"(max-width: 774px) 100vw, 774px\" \/>\t\t\t\t\t\t\t\t\t\t\t\t\t\t\t<\/div>\n\t\t\t\t<\/div>\n\t\t\t\t\t<\/div>\n\t\t<\/div>\n\t\t\t\t\t<\/div>\n\t\t<\/section>\n\t\t\t\t<section class=\"elementor-section elementor-top-section elementor-element elementor-element-ee7f5d7 elementor-section-boxed elementor-section-height-default elementor-section-height-default\" data-id=\"ee7f5d7\" data-element_type=\"section\">\n\t\t\t\t\t\t<div class=\"elementor-container elementor-column-gap-default\">\n\t\t\t\t\t<div class=\"elementor-column elementor-col-100 elementor-top-column elementor-element elementor-element-0669c08\" data-id=\"0669c08\" data-element_type=\"column\">\n\t\t\t<div class=\"elementor-widget-wrap elementor-element-populated\">\n\t\t\t\t\t\t<div class=\"elementor-element elementor-element-acc47ca elementor-widget elementor-widget-heading\" data-id=\"acc47ca\" data-element_type=\"widget\" data-widget_type=\"heading.default\">\n\t\t\t\t<div class=\"elementor-widget-container\">\n\t\t\t\t\t<h2 class=\"elementor-heading-title elementor-size-default\">Une exp\u00e9rience immersive au c\u0153ur de la ville<\/h2>\t\t\t\t<\/div>\n\t\t\t\t<\/div>\n\t\t\t\t<div class=\"elementor-element elementor-element-4bb1533 elementor-widget elementor-widget-text-editor\" data-id=\"4bb1533\" data-element_type=\"widget\" data-widget_type=\"text-editor.default\">\n\t\t\t\t<div class=\"elementor-widget-container\">\n\t\t\t\t\t\t\t\t\t<p><span style=\"font-weight: 400;\">Durant cinq jours, Patrimoines en Lumi\u00e8res 2026 transforme Basse-Terre en un espace d\u2019exploration artistique \u00e0 ciel ouvert. Les sites patrimoniaux deviennent des sc\u00e8nes vivantes, o\u00f9 se m\u00ealent lumi\u00e8re, son, image et mouvement. Les visiteurs sont invit\u00e9s \u00e0 circuler d\u2019un lieu \u00e0 un autre, \u00e0 participer \u00e0 des balades comment\u00e9es, \u00e0 assister \u00e0 des performances ou \u00e0 prendre part \u00e0 des ateliers. Cette dimension immersive constitue l\u2019un des marqueurs forts du festival, qui privil\u00e9gie l\u2019exp\u00e9rience directe et la d\u00e9couverte active. La ville se redessine ainsi au fil des parcours, offrant une lecture renouvel\u00e9e de son histoire et de ses paysages urbains.<\/span><\/p>\t\t\t\t\t\t\t\t<\/div>\n\t\t\t\t<\/div>\n\t\t\t\t<section class=\"elementor-section elementor-inner-section elementor-element elementor-element-99077a3 elementor-section-boxed elementor-section-height-default elementor-section-height-default\" data-id=\"99077a3\" data-element_type=\"section\">\n\t\t\t\t\t\t<div class=\"elementor-container elementor-column-gap-default\">\n\t\t\t\t\t<div class=\"elementor-column elementor-col-100 elementor-inner-column elementor-element elementor-element-cf29e2f\" data-id=\"cf29e2f\" data-element_type=\"column\">\n\t\t\t<div class=\"elementor-widget-wrap elementor-element-populated\">\n\t\t\t\t\t\t<div class=\"elementor-element elementor-element-352848f elementor-widget elementor-widget-image\" data-id=\"352848f\" data-element_type=\"widget\" data-widget_type=\"image.default\">\n\t\t\t\t<div class=\"elementor-widget-container\">\n\t\t\t\t\t\t\t\t\t\t\t\t<figure class=\"wp-caption\">\n\t\t\t\t\t\t\t\t\t\t<img loading=\"lazy\" decoding=\"async\" width=\"600\" height=\"450\" src=\"https:\/\/richeskarayib.com\/wp-content\/uploads\/2026\/03\/\u00a9Ville-de-Basse-Terre.jpg\" class=\"attachment-large size-large wp-image-71150\" alt=\"Patrimoines en Lumi\u00e8res\" srcset=\"https:\/\/richeskarayib.com\/wp-content\/uploads\/2026\/03\/\u00a9Ville-de-Basse-Terre.jpg 600w, https:\/\/richeskarayib.com\/wp-content\/uploads\/2026\/03\/\u00a9Ville-de-Basse-Terre-300x225.jpg 300w\" sizes=\"(max-width: 600px) 100vw, 600px\" \/>\t\t\t\t\t\t\t\t\t\t\t<figcaption class=\"widget-image-caption wp-caption-text\">\u00a9Ville de Basse-Terre<\/figcaption>\n\t\t\t\t\t\t\t\t\t\t<\/figure>\n\t\t\t\t\t\t\t\t\t<\/div>\n\t\t\t\t<\/div>\n\t\t\t\t\t<\/div>\n\t\t<\/div>\n\t\t\t\t\t<\/div>\n\t\t<\/section>\n\t\t\t\t<section class=\"elementor-section elementor-inner-section elementor-element elementor-element-50dd8f8 elementor-section-boxed elementor-section-height-default elementor-section-height-default\" data-id=\"50dd8f8\" data-element_type=\"section\">\n\t\t\t\t\t\t<div class=\"elementor-container elementor-column-gap-default\">\n\t\t\t\t\t<div class=\"elementor-column elementor-col-50 elementor-inner-column elementor-element elementor-element-93efe4d\" data-id=\"93efe4d\" data-element_type=\"column\">\n\t\t\t<div class=\"elementor-widget-wrap elementor-element-populated\">\n\t\t\t\t\t\t<div class=\"elementor-element elementor-element-e18056b elementor-widget elementor-widget-image\" data-id=\"e18056b\" data-element_type=\"widget\" data-widget_type=\"image.default\">\n\t\t\t\t<div class=\"elementor-widget-container\">\n\t\t\t\t\t\t\t\t\t\t\t\t<figure class=\"wp-caption\">\n\t\t\t\t\t\t\t\t\t\t<img loading=\"lazy\" decoding=\"async\" width=\"600\" height=\"400\" src=\"https:\/\/richeskarayib.com\/wp-content\/uploads\/2026\/03\/\u00a9Ville-de-Basse-Terre-3-1.jpg\" class=\"attachment-large size-large wp-image-71162\" alt=\"Patrimoines en Lumi\u00e8res\" srcset=\"https:\/\/richeskarayib.com\/wp-content\/uploads\/2026\/03\/\u00a9Ville-de-Basse-Terre-3-1.jpg 600w, https:\/\/richeskarayib.com\/wp-content\/uploads\/2026\/03\/\u00a9Ville-de-Basse-Terre-3-1-300x200.jpg 300w\" sizes=\"(max-width: 600px) 100vw, 600px\" \/>\t\t\t\t\t\t\t\t\t\t\t<figcaption class=\"widget-image-caption wp-caption-text\">\u00a9Ville de Basse-Terre<\/figcaption>\n\t\t\t\t\t\t\t\t\t\t<\/figure>\n\t\t\t\t\t\t\t\t\t<\/div>\n\t\t\t\t<\/div>\n\t\t\t\t\t<\/div>\n\t\t<\/div>\n\t\t\t\t<div class=\"elementor-column elementor-col-50 elementor-inner-column elementor-element elementor-element-6c8a0e3\" data-id=\"6c8a0e3\" data-element_type=\"column\">\n\t\t\t<div class=\"elementor-widget-wrap elementor-element-populated\">\n\t\t\t\t\t\t<div class=\"elementor-element elementor-element-e194276 elementor-widget elementor-widget-image\" data-id=\"e194276\" data-element_type=\"widget\" data-widget_type=\"image.default\">\n\t\t\t\t<div class=\"elementor-widget-container\">\n\t\t\t\t\t\t\t\t\t\t\t\t<figure class=\"wp-caption\">\n\t\t\t\t\t\t\t\t\t\t<img loading=\"lazy\" decoding=\"async\" width=\"600\" height=\"394\" src=\"https:\/\/richeskarayib.com\/wp-content\/uploads\/2026\/03\/\u00a9Ville-de-Basse-Terre-5-1.jpg\" class=\"attachment-large size-large wp-image-71158\" alt=\"\u00a9Ville de Basse-Terre\" srcset=\"https:\/\/richeskarayib.com\/wp-content\/uploads\/2026\/03\/\u00a9Ville-de-Basse-Terre-5-1.jpg 600w, https:\/\/richeskarayib.com\/wp-content\/uploads\/2026\/03\/\u00a9Ville-de-Basse-Terre-5-1-300x197.jpg 300w\" sizes=\"(max-width: 600px) 100vw, 600px\" \/>\t\t\t\t\t\t\t\t\t\t\t<figcaption class=\"widget-image-caption wp-caption-text\">\u00a9Ville de Basse-Terre<\/figcaption>\n\t\t\t\t\t\t\t\t\t\t<\/figure>\n\t\t\t\t\t\t\t\t\t<\/div>\n\t\t\t\t<\/div>\n\t\t\t\t\t<\/div>\n\t\t<\/div>\n\t\t\t\t\t<\/div>\n\t\t<\/section>\n\t\t\t\t\t<\/div>\n\t\t<\/div>\n\t\t\t\t\t<\/div>\n\t\t<\/section>\n\t\t\t\t<section class=\"elementor-section elementor-top-section elementor-element elementor-element-d0fd0c0 elementor-section-boxed elementor-section-height-default elementor-section-height-default\" data-id=\"d0fd0c0\" data-element_type=\"section\">\n\t\t\t\t\t\t<div class=\"elementor-container elementor-column-gap-default\">\n\t\t\t\t\t<div class=\"elementor-column elementor-col-100 elementor-top-column elementor-element elementor-element-1e2ec65\" data-id=\"1e2ec65\" data-element_type=\"column\">\n\t\t\t<div class=\"elementor-widget-wrap elementor-element-populated\">\n\t\t\t\t\t\t<div class=\"elementor-element elementor-element-316145b elementor-widget elementor-widget-heading\" data-id=\"316145b\" data-element_type=\"widget\" data-widget_type=\"heading.default\">\n\t\t\t\t<div class=\"elementor-widget-container\">\n\t\t\t\t\t<h2 class=\"elementor-heading-title elementor-size-default\">Un projet port\u00e9 par des partenaires institutionnels majeurs<\/h2>\t\t\t\t<\/div>\n\t\t\t\t<\/div>\n\t\t\t\t<div class=\"elementor-element elementor-element-54e5967 elementor-widget elementor-widget-text-editor\" data-id=\"54e5967\" data-element_type=\"widget\" data-widget_type=\"text-editor.default\">\n\t\t\t\t<div class=\"elementor-widget-container\">\n\t\t\t\t\t\t\t\t\t<p><span style=\"font-weight: 400;\">Le festival Patrimoines en Lumi\u00e8res 2026 est port\u00e9 par la <a href=\"https:\/\/www.ville-basseterre.fr\/?fbclid=IwY2xjawQt8ftleHRuA2FlbQIxMABzcnRjBmFwcF9pZBAyMjIwMzkxNzg4MjAwODkyAAEeyhRzJBwZ6Tm8lYClWYUs9U8WK6LZzlRdhJhylN4jcF27ZRL5nIuMbspuO4c_aem_MVQPRHlAbSKsgFSIOP-tQw\" target=\"_blank\" rel=\"noopener nofollow\">Ville de Basse-Terre<\/a>, avec le soutien du Conseil d\u00e9partemental de la Guadeloupe, partenaire majeur de l\u2019\u00e9v\u00e9nement. Il s\u2019appuie \u00e9galement sur la Direction des Affaires culturelles de Guadeloupe, de Saint-Martin et de Saint-Barth\u00e9lemy, ainsi que sur L\u2019Artchipel, Sc\u00e8ne nationale. Cette collaboration t\u00e9moigne d\u2019une volont\u00e9 partag\u00e9e de structurer une offre culturelle ambitieuse, capable de renforcer la visibilit\u00e9 du territoire et de soutenir les acteurs artistiques locaux. En mobilisant ces institutions, le festival s\u2019inscrit dans une strat\u00e9gie globale de d\u00e9veloppement culturel, o\u00f9 patrimoine et cr\u00e9ation deviennent des outils de coh\u00e9sion et de rayonnement.<\/span><\/p>\t\t\t\t\t\t\t\t<\/div>\n\t\t\t\t<\/div>\n\t\t\t\t\t<\/div>\n\t\t<\/div>\n\t\t\t\t\t<\/div>\n\t\t<\/section>\n\t\t\t\t<section class=\"elementor-section elementor-top-section elementor-element elementor-element-f03d675 elementor-section-boxed elementor-section-height-default elementor-section-height-default\" data-id=\"f03d675\" data-element_type=\"section\">\n\t\t\t\t\t\t<div class=\"elementor-container elementor-column-gap-default\">\n\t\t\t\t\t<div class=\"elementor-column elementor-col-100 elementor-top-column elementor-element elementor-element-ddb1e36\" data-id=\"ddb1e36\" data-element_type=\"column\">\n\t\t\t<div class=\"elementor-widget-wrap elementor-element-populated\">\n\t\t\t\t\t\t<div class=\"elementor-element elementor-element-66035d3 elementor-widget elementor-widget-heading\" data-id=\"66035d3\" data-element_type=\"widget\" data-widget_type=\"heading.default\">\n\t\t\t\t<div class=\"elementor-widget-container\">\n\t\t\t\t\t<h2 class=\"elementor-heading-title elementor-size-default\">Une mont\u00e9e en puissance attendue pour 2026<\/h2>\t\t\t\t<\/div>\n\t\t\t\t<\/div>\n\t\t\t\t<div class=\"elementor-element elementor-element-cae4ec8 elementor-widget elementor-widget-text-editor\" data-id=\"cae4ec8\" data-element_type=\"widget\" data-widget_type=\"text-editor.default\">\n\t\t\t\t<div class=\"elementor-widget-container\">\n\t\t\t\t\t\t\t\t\t<p><span style=\"font-weight: 400;\">Apr\u00e8s le succ\u00e8s de sa premi\u00e8re \u00e9dition, Patrimoines en Lumi\u00e8res 2026 marque une \u00e9tape importante dans la consolidation de cet \u00e9v\u00e9nement. L\u2019\u00e9dition 2026 s\u2019annonce plus structur\u00e9e, plus ambitieuse et plus visible, avec une programmation en cours de d\u00e9ploiement. L\u2019annonce progressive des artistes et des rendez-vous contribue \u00e0 maintenir une dynamique d\u2019attention autour du festival, tout en laissant place \u00e0 de nouvelles r\u00e9v\u00e9lations dans les semaines \u00e0 venir. Ce rythme de communication accompagne la mont\u00e9e en puissance de l\u2019\u00e9v\u00e9nement, qui tend \u00e0 s\u2019imposer comme un rendez-vous incontournable de la sc\u00e8ne culturelle guadeloup\u00e9enne.<\/span><\/p>\t\t\t\t\t\t\t\t<\/div>\n\t\t\t\t<\/div>\n\t\t\t\t\t<\/div>\n\t\t<\/div>\n\t\t\t\t\t<\/div>\n\t\t<\/section>\n\t\t\t\t<section class=\"elementor-section elementor-top-section elementor-element elementor-element-d2c3e42 elementor-section-boxed elementor-section-height-default elementor-section-height-default\" data-id=\"d2c3e42\" data-element_type=\"section\">\n\t\t\t\t\t\t<div class=\"elementor-container elementor-column-gap-default\">\n\t\t\t\t\t<div class=\"elementor-column elementor-col-100 elementor-top-column elementor-element elementor-element-caddc00\" data-id=\"caddc00\" data-element_type=\"column\">\n\t\t\t<div class=\"elementor-widget-wrap elementor-element-populated\">\n\t\t\t\t\t\t<div class=\"elementor-element elementor-element-e92cf66 elementor-widget elementor-widget-heading\" data-id=\"e92cf66\" data-element_type=\"widget\" data-widget_type=\"heading.default\">\n\t\t\t\t<div class=\"elementor-widget-container\">\n\t\t\t\t\t<h2 class=\"elementor-heading-title elementor-size-default\">Informations pratiques<\/h2>\t\t\t\t<\/div>\n\t\t\t\t<\/div>\n\t\t\t\t<div class=\"elementor-element elementor-element-c757097 elementor-widget elementor-widget-text-editor\" data-id=\"c757097\" data-element_type=\"widget\" data-widget_type=\"text-editor.default\">\n\t\t\t\t<div class=\"elementor-widget-container\">\n\t\t\t\t\t\t\t\t\t<p data-start=\"106\" data-end=\"380\">\ud83d\udcc5 Dates : du 29 avril au 3 mai 2026<br data-start=\"142\" data-end=\"145\" \/>\ud83d\udccd Lieu : Basse-Terre, Guadeloupe<br data-start=\"178\" data-end=\"181\" \/>\ud83c\udfad Type d\u2019\u00e9v\u00e9nement : festival pluridisciplinaire (patrimoine, arts, musique, cin\u00e9ma, conf\u00e9rences)<br data-start=\"279\" data-end=\"282\" \/>\ud83d\udc65 Public : tout public<br data-start=\"305\" data-end=\"308\" data-is-only-node=\"\" \/>\ud83c\udf9f\ufe0f Programmation d\u00e9taill\u00e9e et billetterie : d\u00e9voil\u00e9es progressivement<\/p>\t\t\t\t\t\t\t\t<\/div>\n\t\t\t\t<\/div>\n\t\t\t\t\t<\/div>\n\t\t<\/div>\n\t\t\t\t\t<\/div>\n\t\t<\/section>\n\t\t\t\t<section class=\"elementor-section elementor-top-section elementor-element elementor-element-f5709a6 elementor-section-boxed elementor-section-height-default elementor-section-height-default\" data-id=\"f5709a6\" data-element_type=\"section\">\n\t\t\t\t\t\t<div class=\"elementor-container elementor-column-gap-default\">\n\t\t\t\t\t<div class=\"elementor-column elementor-col-100 elementor-top-column elementor-element elementor-element-957be6f\" data-id=\"957be6f\" data-element_type=\"column\">\n\t\t\t<div class=\"elementor-widget-wrap elementor-element-populated\">\n\t\t\t\t\t\t<div class=\"elementor-element elementor-element-63e5d4a elementor-widget elementor-widget-accordion\" data-id=\"63e5d4a\" data-element_type=\"widget\" data-widget_type=\"accordion.default\">\n\t\t\t\t<div class=\"elementor-widget-container\">\n\t\t\t\t\t\t\t<div class=\"elementor-accordion\">\n\t\t\t\t\t\t\t<div class=\"elementor-accordion-item\">\n\t\t\t\t\t<div id=\"elementor-tab-title-1041\" class=\"elementor-tab-title\" data-tab=\"1\" role=\"button\" aria-controls=\"elementor-tab-content-1041\" aria-expanded=\"false\">\n\t\t\t\t\t\t\t\t\t\t\t\t\t<span class=\"elementor-accordion-icon elementor-accordion-icon-left\" aria-hidden=\"true\">\n\t\t\t\t\t\t\t\t\t\t\t\t\t\t\t<span class=\"elementor-accordion-icon-closed\"><i class=\"fas fa-plus\"><\/i><\/span>\n\t\t\t\t\t\t\t\t<span class=\"elementor-accordion-icon-opened\"><i class=\"fas fa-minus\"><\/i><\/span>\n\t\t\t\t\t\t\t\t\t\t\t\t\t\t<\/span>\n\t\t\t\t\t\t\t\t\t\t\t\t<a class=\"elementor-accordion-title\" tabindex=\"0\">Que propose concr\u00e8tement le festival Patrimoines en Lumi\u00e8res 2026 \u00e0 Basse-Terre ?<\/a>\n\t\t\t\t\t<\/div>\n\t\t\t\t\t<div id=\"elementor-tab-content-1041\" class=\"elementor-tab-content elementor-clearfix\" data-tab=\"1\" role=\"region\" aria-labelledby=\"elementor-tab-title-1041\"><p><span style=\"font-weight: 400;\">Patrimoines en Lumi\u00e8res 2026 propose une exp\u00e9rience immersive au c\u0153ur de la ville de Basse-Terre, o\u00f9 le patrimoine devient un support d\u2019expression artistique. Pendant cinq jours, les monuments historiques, les espaces publics et les lieux embl\u00e9matiques sont transform\u00e9s en sc\u00e8nes ouvertes accueillant concerts, spectacles vivants, projections, installations visuelles, conf\u00e9rences et ateliers. Le festival int\u00e8gre \u00e9galement des balades comment\u00e9es permettant de mieux comprendre l\u2019histoire de la ville, ainsi que des initiatives d\u00e9di\u00e9es \u00e0 la jeunesse. Cette diversit\u00e9 permet \u00e0 chaque visiteur de construire son propre parcours entre culture, d\u00e9couverte et transmission.<\/span><\/p><\/div>\n\t\t\t\t<\/div>\n\t\t\t\t\t\t\t<div class=\"elementor-accordion-item\">\n\t\t\t\t\t<div id=\"elementor-tab-title-1042\" class=\"elementor-tab-title\" data-tab=\"2\" role=\"button\" aria-controls=\"elementor-tab-content-1042\" aria-expanded=\"false\">\n\t\t\t\t\t\t\t\t\t\t\t\t\t<span class=\"elementor-accordion-icon elementor-accordion-icon-left\" aria-hidden=\"true\">\n\t\t\t\t\t\t\t\t\t\t\t\t\t\t\t<span class=\"elementor-accordion-icon-closed\"><i class=\"fas fa-plus\"><\/i><\/span>\n\t\t\t\t\t\t\t\t<span class=\"elementor-accordion-icon-opened\"><i class=\"fas fa-minus\"><\/i><\/span>\n\t\t\t\t\t\t\t\t\t\t\t\t\t\t<\/span>\n\t\t\t\t\t\t\t\t\t\t\t\t<a class=\"elementor-accordion-title\" tabindex=\"0\">Quels artistes et types de performances sont attendus lors de cette \u00e9dition 2026 ?<\/a>\n\t\t\t\t\t<\/div>\n\t\t\t\t\t<div id=\"elementor-tab-content-1042\" class=\"elementor-tab-content elementor-clearfix\" data-tab=\"2\" role=\"region\" aria-labelledby=\"elementor-tab-title-1042\"><p><span style=\"font-weight: 400;\">L\u2019\u00e9dition 2026 de Patrimoines en Lumi\u00e8res met en avant une programmation artistique pluridisciplinaire, m\u00ealant talents carib\u00e9ens et artistes internationaux. Plusieurs noms sont d\u00e9j\u00e0 annonc\u00e9s, parmi lesquels Arnaud Dolmen, Beethova Obas, Big In Jazz Collective, Demwazel Dys, E.sy Kennenga, Gasandji, L\u00e9No \/ Adjusting et House An Nou. Les performances couvriront diff\u00e9rents univers artistiques, allant du jazz aux musiques actuelles, en passant par des cr\u00e9ations hybrides et des propositions contemporaines. \u00c0 cela s\u2019ajoutent des formats vari\u00e9s comme le cin\u00e9ma, les conf\u00e9rences ou encore les performances en plein air, renfor\u00e7ant la richesse et la diversit\u00e9 du festival.<\/span><\/p><\/div>\n\t\t\t\t<\/div>\n\t\t\t\t\t\t\t<div class=\"elementor-accordion-item\">\n\t\t\t\t\t<div id=\"elementor-tab-title-1043\" class=\"elementor-tab-title\" data-tab=\"3\" role=\"button\" aria-controls=\"elementor-tab-content-1043\" aria-expanded=\"false\">\n\t\t\t\t\t\t\t\t\t\t\t\t\t<span class=\"elementor-accordion-icon elementor-accordion-icon-left\" aria-hidden=\"true\">\n\t\t\t\t\t\t\t\t\t\t\t\t\t\t\t<span class=\"elementor-accordion-icon-closed\"><i class=\"fas fa-plus\"><\/i><\/span>\n\t\t\t\t\t\t\t\t<span class=\"elementor-accordion-icon-opened\"><i class=\"fas fa-minus\"><\/i><\/span>\n\t\t\t\t\t\t\t\t\t\t\t\t\t\t<\/span>\n\t\t\t\t\t\t\t\t\t\t\t\t<a class=\"elementor-accordion-title\" tabindex=\"0\">Pourquoi Patrimoines en Lumi\u00e8res est-il devenu un \u00e9v\u00e9nement important en Guadeloupe ?<\/a>\n\t\t\t\t\t<\/div>\n\t\t\t\t\t<div id=\"elementor-tab-content-1043\" class=\"elementor-tab-content elementor-clearfix\" data-tab=\"3\" role=\"region\" aria-labelledby=\"elementor-tab-title-1043\"><p><span style=\"font-weight: 400;\">Patrimoines en Lumi\u00e8res s\u2019impose progressivement comme un rendez-vous structurant pour la Guadeloupe, en particulier pour la ville de Basse-Terre. Le festival joue un r\u00f4le cl\u00e9 dans la valorisation du patrimoine mat\u00e9riel et immat\u00e9riel du territoire, tout en soutenant la cr\u00e9ation artistique contemporaine. Il contribue \u00e9galement \u00e0 renforcer l\u2019attractivit\u00e9 culturelle de la capitale et \u00e0 cr\u00e9er du lien entre habitants, artistes et visiteurs. En s\u2019appuyant sur des partenaires institutionnels majeurs et une programmation accessible, l\u2019\u00e9v\u00e9nement participe \u00e0 une dynamique plus large de d\u00e9veloppement culturel et de transmission des savoirs, \u00e0 l\u2019\u00e9chelle locale comme carib\u00e9enne.<\/span><\/p><\/div>\n\t\t\t\t<\/div>\n\t\t\t\t\t\t\t\t<\/div>\n\t\t\t\t\t\t<\/div>\n\t\t\t\t<\/div>\n\t\t\t\t\t<\/div>\n\t\t<\/div>\n\t\t\t\t\t<\/div>\n\t\t<\/section>\n\t\t\t\t<\/div>\n\t\t","protected":false},"excerpt":{"rendered":"<p>Du 29 avril au 3 mai 2026, la ville de Basse-Terre accueillera la deuxi\u00e8me \u00e9dition du festival Patrimoines en Lumi\u00e8res 2026, un rendez-vous d\u00e9sormais inscrit dans le calendrier culturel guadeloup\u00e9en. Apr\u00e8s une premi\u00e8re \u00e9dition remarqu\u00e9e en 2024, cet \u00e9v\u00e9nement biennal s\u2019impose comme une initiative structurante, \u00e0 la crois\u00e9e de la valorisation patrimoniale et de la [&hellip;]<\/p>\n","protected":false},"author":662,"featured_media":71134,"comment_status":"open","ping_status":"open","sticky":false,"template":"","format":"standard","meta":{"_acf_changed":false,"footnotes":""},"categories":[1498,1468],"tags":[1545],"class_list":["post-71129","post","type-post","status-publish","format-standard","has-post-thumbnail","hentry","category-gestion-devenements","category-histoire-patrimoine","tag-guadeloupe-2"],"acf":[],"_links":{"self":[{"href":"https:\/\/richeskarayib.com\/fr\/wp-json\/wp\/v2\/posts\/71129","targetHints":{"allow":["GET"]}}],"collection":[{"href":"https:\/\/richeskarayib.com\/fr\/wp-json\/wp\/v2\/posts"}],"about":[{"href":"https:\/\/richeskarayib.com\/fr\/wp-json\/wp\/v2\/types\/post"}],"author":[{"embeddable":true,"href":"https:\/\/richeskarayib.com\/fr\/wp-json\/wp\/v2\/users\/662"}],"replies":[{"embeddable":true,"href":"https:\/\/richeskarayib.com\/fr\/wp-json\/wp\/v2\/comments?post=71129"}],"version-history":[{"count":0,"href":"https:\/\/richeskarayib.com\/fr\/wp-json\/wp\/v2\/posts\/71129\/revisions"}],"wp:featuredmedia":[{"embeddable":true,"href":"https:\/\/richeskarayib.com\/fr\/wp-json\/wp\/v2\/media\/71134"}],"wp:attachment":[{"href":"https:\/\/richeskarayib.com\/fr\/wp-json\/wp\/v2\/media?parent=71129"}],"wp:term":[{"taxonomy":"category","embeddable":true,"href":"https:\/\/richeskarayib.com\/fr\/wp-json\/wp\/v2\/categories?post=71129"},{"taxonomy":"post_tag","embeddable":true,"href":"https:\/\/richeskarayib.com\/fr\/wp-json\/wp\/v2\/tags?post=71129"}],"curies":[{"name":"wp","href":"https:\/\/api.w.org\/{rel}","templated":true}]}}