{"id":71172,"date":"2026-03-23T12:17:36","date_gmt":"2026-03-23T16:17:36","guid":{"rendered":"https:\/\/richeskarayib.com\/?p=71172"},"modified":"2026-03-23T12:17:36","modified_gmt":"2026-03-23T16:17:36","slug":"traite-de-concordia-saint-martin-1648","status":"publish","type":"post","link":"https:\/\/richeskarayib.com\/fr\/traite-de-concordia-saint-martin-1648\/","title":{"rendered":"Trait\u00e9 de Concordia : comment Saint-Martin a \u00e9t\u00e9 partag\u00e9e en 1648 ?"},"content":{"rendered":"\t\t<div data-elementor-type=\"wp-post\" data-elementor-id=\"71172\" class=\"elementor elementor-71172\" data-elementor-post-type=\"post\">\n\t\t\t\t\t\t<section class=\"elementor-section elementor-top-section elementor-element elementor-element-7ca7ca1 elementor-section-boxed elementor-section-height-default elementor-section-height-default\" data-id=\"7ca7ca1\" data-element_type=\"section\">\n\t\t\t\t\t\t<div class=\"elementor-container elementor-column-gap-default\">\n\t\t\t\t\t<div class=\"elementor-column elementor-col-100 elementor-top-column elementor-element elementor-element-cbdd002\" data-id=\"cbdd002\" data-element_type=\"column\">\n\t\t\t<div class=\"elementor-widget-wrap elementor-element-populated\">\n\t\t\t\t\t\t<section class=\"elementor-section elementor-inner-section elementor-element elementor-element-bc94849 elementor-section-boxed elementor-section-height-default elementor-section-height-default\" data-id=\"bc94849\" data-element_type=\"section\">\n\t\t\t\t\t\t<div class=\"elementor-container elementor-column-gap-default\">\n\t\t\t\t\t\t<\/div>\n\t\t<\/section>\n\t\t\t\t<section class=\"elementor-section elementor-inner-section elementor-element elementor-element-61571e6 elementor-section-boxed elementor-section-height-default elementor-section-height-default\" data-id=\"61571e6\" data-element_type=\"section\">\n\t\t\t\t\t\t<div class=\"elementor-container elementor-column-gap-default\">\n\t\t\t\t\t\t<\/div>\n\t\t<\/section>\n\t\t\t\t<section class=\"elementor-section elementor-inner-section elementor-element elementor-element-b6262e0 elementor-section-boxed elementor-section-height-default elementor-section-height-default\" data-id=\"b6262e0\" data-element_type=\"section\">\n\t\t\t\t\t\t<div class=\"elementor-container elementor-column-gap-default\">\n\t\t\t\t\t\t<\/div>\n\t\t<\/section>\n\t\t\t\t<section class=\"elementor-section elementor-inner-section elementor-element elementor-element-cca29fd elementor-section-boxed elementor-section-height-default elementor-section-height-default\" data-id=\"cca29fd\" data-element_type=\"section\">\n\t\t\t\t\t\t<div class=\"elementor-container elementor-column-gap-default\">\n\t\t\t\t\t\t<\/div>\n\t\t<\/section>\n\t\t\t\t\t<\/div>\n\t\t<\/div>\n\t\t\t\t\t<\/div>\n\t\t<\/section>\n\t\t\t\t<section class=\"elementor-section elementor-top-section elementor-element elementor-element-ee72354 elementor-section-boxed elementor-section-height-default elementor-section-height-default\" data-id=\"ee72354\" data-element_type=\"section\">\n\t\t\t\t\t\t<div class=\"elementor-container elementor-column-gap-default\">\n\t\t\t\t\t<div class=\"elementor-column elementor-col-100 elementor-top-column elementor-element elementor-element-c59d6fe\" data-id=\"c59d6fe\" data-element_type=\"column\">\n\t\t\t<div class=\"elementor-widget-wrap elementor-element-populated\">\n\t\t\t\t\t\t<div class=\"elementor-element elementor-element-e57451f elementor-widget elementor-widget-text-editor\" data-id=\"e57451f\" data-element_type=\"widget\" data-widget_type=\"text-editor.default\">\n\t\t\t\t<div class=\"elementor-widget-container\">\n\t\t\t\t\t\t\t\t\t<p><span style=\"font-weight: 400;\">Le 23 mars 1648 occupe une place \u00e0 part dans l\u2019histoire carib\u00e9enne. Ce jour-l\u00e0, Fran\u00e7ais et Hollandais signent le <\/span><a href=\"https:\/\/www.google.com\/search?q=Trait%C3%A9+de+Concordia&amp;oq=Trait%C3%A9+de+Concordia&amp;gs_lcrp=EgZjaHJvbWUqBggAEEUYOzIGCAAQRRg7MggIARBFGCcYOzIICAIQABgWGB4yBggDEEUYPdIBBzU1NGowajeoAgCwAgA&amp;sourceid=chrome&amp;ie=UTF-8\" target=\"_blank\" rel=\"noopener nofollow\"><b>Trait\u00e9 de Concordia<\/b><\/a><span style=\"font-weight: 400;\">, un accord qui organise le partage de l\u2019\u00eele de Saint-Martin. Plus de trois si\u00e8cles plus tard, cette particularit\u00e9 demeure l\u2019un des faits historiques les plus marquants de la Cara\u00efbe : une m\u00eame \u00eele, deux administrations, une fronti\u00e8re terrestre devenue l\u2019une des plus singuli\u00e8res de la r\u00e9gion.<\/span><\/p>\t\t\t\t\t\t\t\t<\/div>\n\t\t\t\t<\/div>\n\t\t\t\t\t<\/div>\n\t\t<\/div>\n\t\t\t\t\t<\/div>\n\t\t<\/section>\n\t\t\t\t<section class=\"elementor-section elementor-top-section elementor-element elementor-element-82cd8f9 elementor-section-boxed elementor-section-height-default elementor-section-height-default\" data-id=\"82cd8f9\" data-element_type=\"section\">\n\t\t\t\t\t\t<div class=\"elementor-container elementor-column-gap-default\">\n\t\t\t\t\t<div class=\"elementor-column elementor-col-100 elementor-top-column elementor-element elementor-element-0bfdc38\" data-id=\"0bfdc38\" data-element_type=\"column\">\n\t\t\t<div class=\"elementor-widget-wrap elementor-element-populated\">\n\t\t\t\t\t\t<div class=\"elementor-element elementor-element-7d292fe elementor-widget elementor-widget-heading\" data-id=\"7d292fe\" data-element_type=\"widget\" data-widget_type=\"heading.default\">\n\t\t\t\t<div class=\"elementor-widget-container\">\n\t\t\t\t\t<h2 class=\"elementor-heading-title elementor-size-default\">Une \u00eele strat\u00e9gique au c\u0153ur des rivalit\u00e9s europ\u00e9ennes<\/h2>\t\t\t\t<\/div>\n\t\t\t\t<\/div>\n\t\t\t\t<div class=\"elementor-element elementor-element-96caf50 elementor-widget elementor-widget-text-editor\" data-id=\"96caf50\" data-element_type=\"widget\" data-widget_type=\"text-editor.default\">\n\t\t\t\t<div class=\"elementor-widget-container\">\n\t\t\t\t\t\t\t\t\t<p><span style=\"font-weight: 400;\">Avant d\u2019\u00eatre divis\u00e9e, <a href=\"https:\/\/richeskarayib.com\/fr\/la-plage-de-grandes-cayes-saint-martin\/\" target=\"_blank\" rel=\"noopener\">Saint-Martin<\/a> est d\u2019abord une \u00eele convoit\u00e9e. Sa position au nord des Petites Antilles en fait un point d\u2019appui important, mais ce sont surtout ses salines naturelles qui attirent les Europ\u00e9ens au XVIIe si\u00e8cle. Le sel constitue alors une ressource essentielle pour la conservation des aliments, et donc un enjeu \u00e9conomique majeur. Espagnols, Fran\u00e7ais et Hollandais s\u2019y succ\u00e8dent. En 1633, l\u2019Espagne impose son contr\u00f4le sur l\u2019\u00eele afin de s\u00e9curiser ses routes maritimes dans la r\u00e9gion. Cette domination reste limit\u00e9e dans le temps et s\u2019ach\u00e8ve \u00e0 la veille du partage de 1648.<\/span><\/p><p><span style=\"font-weight: 400;\">\u00c0 ce moment-l\u00e0, Fran\u00e7ais et Hollandais se retrouvent pr\u00e9sents sur l\u2019\u00eele, sans qu\u2019aucun ne puisse en revendiquer le contr\u00f4le total. La situation impose un choix strat\u00e9gique : trouver un accord plut\u00f4t que s\u2019engager dans un affrontement.<\/span><\/p>\t\t\t\t\t\t\t\t<\/div>\n\t\t\t\t<\/div>\n\t\t\t\t<section class=\"elementor-section elementor-inner-section elementor-element elementor-element-c582330 elementor-section-boxed elementor-section-height-default elementor-section-height-default\" data-id=\"c582330\" data-element_type=\"section\">\n\t\t\t\t\t\t<div class=\"elementor-container elementor-column-gap-default\">\n\t\t\t\t\t\t<\/div>\n\t\t<\/section>\n\t\t\t\t<section class=\"elementor-section elementor-inner-section elementor-element elementor-element-296603a elementor-section-boxed elementor-section-height-default elementor-section-height-default\" data-id=\"296603a\" data-element_type=\"section\">\n\t\t\t\t\t\t<div class=\"elementor-container elementor-column-gap-default\">\n\t\t\t\t\t\t<\/div>\n\t\t<\/section>\n\t\t\t\t\t<\/div>\n\t\t<\/div>\n\t\t\t\t\t<\/div>\n\t\t<\/section>\n\t\t\t\t<section class=\"elementor-section elementor-top-section elementor-element elementor-element-bdd0219 elementor-section-boxed elementor-section-height-default elementor-section-height-default\" data-id=\"bdd0219\" data-element_type=\"section\">\n\t\t\t\t\t\t<div class=\"elementor-container elementor-column-gap-default\">\n\t\t\t\t\t<div class=\"elementor-column elementor-col-100 elementor-top-column elementor-element elementor-element-c1ec903\" data-id=\"c1ec903\" data-element_type=\"column\">\n\t\t\t<div class=\"elementor-widget-wrap elementor-element-populated\">\n\t\t\t\t\t\t<div class=\"elementor-element elementor-element-55dd336 elementor-widget elementor-widget-heading\" data-id=\"55dd336\" data-element_type=\"widget\" data-widget_type=\"heading.default\">\n\t\t\t\t<div class=\"elementor-widget-container\">\n\t\t\t\t\t<h2 class=\"elementor-heading-title elementor-size-default\">23 mars 1648 : un accord pour structurer le territoire<\/h2>\t\t\t\t<\/div>\n\t\t\t\t<\/div>\n\t\t\t\t<div class=\"elementor-element elementor-element-9cd513e elementor-widget elementor-widget-text-editor\" data-id=\"9cd513e\" data-element_type=\"widget\" data-widget_type=\"text-editor.default\">\n\t\t\t\t<div class=\"elementor-widget-container\">\n\t\t\t\t\t\t\t\t\t<p><span style=\"font-weight: 400;\">Le Trait\u00e9 de Concordia, sign\u00e9 le 23 mars 1648, marque un tournant d\u00e9cisif. Fran\u00e7ais et Hollandais choisissent de partager l\u2019\u00eele en deux zones d\u2019administration distinctes. L\u2019accord fixe les bases d\u2019une organisation durable : chaque puissance administre une partie du territoire, tout en maintenant des possibilit\u00e9s de circulation et d\u2019\u00e9changes. Ce choix tranche avec les logiques de conqu\u00eate totale qui dominent \u00e0 l\u2019\u00e9poque. Le partage repose ainsi sur un \u00e9quilibre particulier : une s\u00e9paration politique claire, mais un territoire qui continue d\u2019\u00eatre v\u00e9cu comme un espace commun.<\/span><\/p>\t\t\t\t\t\t\t\t<\/div>\n\t\t\t\t<\/div>\n\t\t\t\t<div class=\"elementor-element elementor-element-963c31b elementor-widget elementor-widget-image\" data-id=\"963c31b\" data-element_type=\"widget\" data-widget_type=\"image.default\">\n\t\t\t\t<div class=\"elementor-widget-container\">\n\t\t\t\t\t\t\t\t\t\t\t\t\t\t\t<img fetchpriority=\"high\" decoding=\"async\" width=\"733\" height=\"1024\" src=\"https:\/\/richeskarayib.com\/wp-content\/uploads\/2026\/03\/concordia-de-alcaiz-JFX2DT-733x1024.jpeg\" class=\"attachment-large size-large wp-image-71185\" alt=\"Trait\u00e9 de Concordia\" srcset=\"https:\/\/richeskarayib.com\/wp-content\/uploads\/2026\/03\/concordia-de-alcaiz-JFX2DT-733x1024.jpeg 733w, https:\/\/richeskarayib.com\/wp-content\/uploads\/2026\/03\/concordia-de-alcaiz-JFX2DT-215x300.jpeg 215w, https:\/\/richeskarayib.com\/wp-content\/uploads\/2026\/03\/concordia-de-alcaiz-JFX2DT-768x1073.jpeg 768w, https:\/\/richeskarayib.com\/wp-content\/uploads\/2026\/03\/concordia-de-alcaiz-JFX2DT.jpeg 916w\" sizes=\"(max-width: 733px) 100vw, 733px\" \/>\t\t\t\t\t\t\t\t\t\t\t\t\t\t\t<\/div>\n\t\t\t\t<\/div>\n\t\t\t\t<section class=\"elementor-section elementor-inner-section elementor-element elementor-element-92f4402 elementor-section-boxed elementor-section-height-default elementor-section-height-default\" data-id=\"92f4402\" data-element_type=\"section\">\n\t\t\t\t\t\t<div class=\"elementor-container elementor-column-gap-default\">\n\t\t\t\t\t\t<\/div>\n\t\t<\/section>\n\t\t\t\t<section class=\"elementor-section elementor-inner-section elementor-element elementor-element-9290a61 elementor-section-boxed elementor-section-height-default elementor-section-height-default\" data-id=\"9290a61\" data-element_type=\"section\">\n\t\t\t\t\t\t<div class=\"elementor-container elementor-column-gap-default\">\n\t\t\t\t\t\t<\/div>\n\t\t<\/section>\n\t\t\t\t\t<\/div>\n\t\t<\/div>\n\t\t\t\t\t<\/div>\n\t\t<\/section>\n\t\t\t\t<section class=\"elementor-section elementor-top-section elementor-element elementor-element-9c88a89 elementor-section-boxed elementor-section-height-default elementor-section-height-default\" data-id=\"9c88a89\" data-element_type=\"section\">\n\t\t\t\t\t\t<div class=\"elementor-container elementor-column-gap-default\">\n\t\t\t\t\t<div class=\"elementor-column elementor-col-100 elementor-top-column elementor-element elementor-element-78cf5d1\" data-id=\"78cf5d1\" data-element_type=\"column\">\n\t\t\t<div class=\"elementor-widget-wrap elementor-element-populated\">\n\t\t\t\t\t\t<div class=\"elementor-element elementor-element-ea2a5c1 elementor-widget elementor-widget-heading\" data-id=\"ea2a5c1\" data-element_type=\"widget\" data-widget_type=\"heading.default\">\n\t\t\t\t<div class=\"elementor-widget-container\">\n\t\t\t\t\t<h2 class=\"elementor-heading-title elementor-size-default\">Une fronti\u00e8re issue d\u2019un compromis durable<\/h2>\t\t\t\t<\/div>\n\t\t\t\t<\/div>\n\t\t\t\t<div class=\"elementor-element elementor-element-e305eee elementor-widget elementor-widget-text-editor\" data-id=\"e305eee\" data-element_type=\"widget\" data-widget_type=\"text-editor.default\">\n\t\t\t\t<div class=\"elementor-widget-container\">\n\t\t\t\t\t\t\t\t\t<p><span style=\"font-weight: 400;\">La fronti\u00e8re de Saint-Martin s\u2019inscrit d\u00e8s l\u2019origine dans une logique de coexistence. Elle ne se traduit pas par une rupture totale entre les deux parties de l\u2019\u00eele. Au fil du temps, son trac\u00e9 est pr\u00e9cis\u00e9 et encadr\u00e9, notamment au d\u00e9but du XIXe si\u00e8cle, sans remettre en cause le principe pos\u00e9 en 1648. Cette \u00e9volution progressive explique la stabilit\u00e9 du partage sur la dur\u00e9e. Aujourd\u2019hui encore, la fronti\u00e8re se distingue par une forte fluidit\u00e9 dans les usages quotidiens. Elle refl\u00e8te directement l\u2019esprit du Trait\u00e9 de Concordia, fond\u00e9 sur l\u2019\u00e9quilibre plut\u00f4t que sur la s\u00e9paration stricte.<\/span><\/p>\t\t\t\t\t\t\t\t<\/div>\n\t\t\t\t<\/div>\n\t\t\t\t<section class=\"elementor-section elementor-inner-section elementor-element elementor-element-aa13a96 elementor-section-boxed elementor-section-height-default elementor-section-height-default\" data-id=\"aa13a96\" data-element_type=\"section\">\n\t\t\t\t\t\t<div class=\"elementor-container elementor-column-gap-default\">\n\t\t\t\t\t<div class=\"elementor-column elementor-col-50 elementor-inner-column elementor-element elementor-element-c58ccf7\" data-id=\"c58ccf7\" data-element_type=\"column\">\n\t\t\t<div class=\"elementor-widget-wrap elementor-element-populated\">\n\t\t\t\t\t\t<div class=\"elementor-element elementor-element-2b132d0 elementor-widget elementor-widget-image\" data-id=\"2b132d0\" data-element_type=\"widget\" data-widget_type=\"image.default\">\n\t\t\t\t<div class=\"elementor-widget-container\">\n\t\t\t\t\t\t\t\t\t\t\t\t<figure class=\"wp-caption\">\n\t\t\t\t\t\t\t\t\t\t<img decoding=\"async\" width=\"800\" height=\"536\" src=\"https:\/\/richeskarayib.com\/wp-content\/uploads\/2026\/03\/Saint-Marteen-1024x686.jpeg\" class=\"attachment-large size-large wp-image-71189\" alt=\"Trait\u00e9 de Concordia\" srcset=\"https:\/\/richeskarayib.com\/wp-content\/uploads\/2026\/03\/Saint-Marteen-1024x686.jpeg 1024w, https:\/\/richeskarayib.com\/wp-content\/uploads\/2026\/03\/Saint-Marteen-300x201.jpeg 300w, https:\/\/richeskarayib.com\/wp-content\/uploads\/2026\/03\/Saint-Marteen-768x514.jpeg 768w, https:\/\/richeskarayib.com\/wp-content\/uploads\/2026\/03\/Saint-Marteen.jpeg 1280w\" sizes=\"(max-width: 800px) 100vw, 800px\" \/>\t\t\t\t\t\t\t\t\t\t\t<figcaption class=\"widget-image-caption wp-caption-text\">Saint Marteen<\/figcaption>\n\t\t\t\t\t\t\t\t\t\t<\/figure>\n\t\t\t\t\t\t\t\t\t<\/div>\n\t\t\t\t<\/div>\n\t\t\t\t\t<\/div>\n\t\t<\/div>\n\t\t\t\t<div class=\"elementor-column elementor-col-50 elementor-inner-column elementor-element elementor-element-cc008a5\" data-id=\"cc008a5\" data-element_type=\"column\">\n\t\t\t<div class=\"elementor-widget-wrap elementor-element-populated\">\n\t\t\t\t\t\t<div class=\"elementor-element elementor-element-3fd3b15 elementor-widget elementor-widget-image\" data-id=\"3fd3b15\" data-element_type=\"widget\" data-widget_type=\"image.default\">\n\t\t\t\t<div class=\"elementor-widget-container\">\n\t\t\t\t\t\t\t\t\t\t\t\t<figure class=\"wp-caption\">\n\t\t\t\t\t\t\t\t\t\t<img decoding=\"async\" width=\"800\" height=\"533\" src=\"https:\/\/richeskarayib.com\/wp-content\/uploads\/2026\/03\/Saint-Martin-1024x682.jpeg\" class=\"attachment-large size-large wp-image-71193\" alt=\"Trait\u00e9 de Concordia\" srcset=\"https:\/\/richeskarayib.com\/wp-content\/uploads\/2026\/03\/Saint-Martin-1024x682.jpeg 1024w, https:\/\/richeskarayib.com\/wp-content\/uploads\/2026\/03\/Saint-Martin-300x200.jpeg 300w, https:\/\/richeskarayib.com\/wp-content\/uploads\/2026\/03\/Saint-Martin-768x511.jpeg 768w, https:\/\/richeskarayib.com\/wp-content\/uploads\/2026\/03\/Saint-Martin.jpeg 1280w\" sizes=\"(max-width: 800px) 100vw, 800px\" \/>\t\t\t\t\t\t\t\t\t\t\t<figcaption class=\"widget-image-caption wp-caption-text\">Saint Martin<\/figcaption>\n\t\t\t\t\t\t\t\t\t\t<\/figure>\n\t\t\t\t\t\t\t\t\t<\/div>\n\t\t\t\t<\/div>\n\t\t\t\t\t<\/div>\n\t\t<\/div>\n\t\t\t\t\t<\/div>\n\t\t<\/section>\n\t\t\t\t\t<\/div>\n\t\t<\/div>\n\t\t\t\t\t<\/div>\n\t\t<\/section>\n\t\t\t\t<section class=\"elementor-section elementor-top-section elementor-element elementor-element-ee7f5d7 elementor-section-boxed elementor-section-height-default elementor-section-height-default\" data-id=\"ee7f5d7\" data-element_type=\"section\">\n\t\t\t\t\t\t<div class=\"elementor-container elementor-column-gap-default\">\n\t\t\t\t\t<div class=\"elementor-column elementor-col-100 elementor-top-column elementor-element elementor-element-0669c08\" data-id=\"0669c08\" data-element_type=\"column\">\n\t\t\t<div class=\"elementor-widget-wrap elementor-element-populated\">\n\t\t\t\t\t\t<div class=\"elementor-element elementor-element-acc47ca elementor-widget elementor-widget-heading\" data-id=\"acc47ca\" data-element_type=\"widget\" data-widget_type=\"heading.default\">\n\t\t\t\t<div class=\"elementor-widget-container\">\n\t\t\t\t\t<h2 class=\"elementor-heading-title elementor-size-default\">Deux syst\u00e8mes, une r\u00e9alit\u00e9 insulaire partag\u00e9e<\/h2>\t\t\t\t<\/div>\n\t\t\t\t<\/div>\n\t\t\t\t<div class=\"elementor-element elementor-element-4bb1533 elementor-widget elementor-widget-text-editor\" data-id=\"4bb1533\" data-element_type=\"widget\" data-widget_type=\"text-editor.default\">\n\t\t\t\t<div class=\"elementor-widget-container\">\n\t\t\t\t\t\t\t\t\t<p><span style=\"font-weight: 400;\">L\u2019h\u00e9ritage du <\/span>Trait\u00e9 de Concordia<span style=\"font-weight: 400;\"> est toujours visible dans l\u2019organisation actuelle de l\u2019\u00eele. Au nord, la collectivit\u00e9 fran\u00e7aise de Saint-Martin. Au sud, <a href=\"https:\/\/richeskarayib.com\/fr\/sint-maarten-maitriser-laffluence-magnifie\/\" target=\"_blank\" rel=\"noopener\">Sint Maarten<\/a>, pays constitutif du Royaume des Pays-Bas. Deux cadres politiques, deux syst\u00e8mes administratifs, deux organisations juridiques coexistent sur un m\u00eame territoire. Pourtant, les pratiques quotidiennes d\u00e9passent largement cette division. Les d\u00e9placements, les activit\u00e9s \u00e9conomiques et les relations sociales s\u2019organisent \u00e0 l\u2019\u00e9chelle de l\u2019\u00eele, bien au-del\u00e0 de la fronti\u00e8re. Cette r\u00e9alit\u00e9 contribue \u00e0 faire de Saint-Martin un cas rare dans la Cara\u00efbe.<\/span><\/p>\t\t\t\t\t\t\t\t<\/div>\n\t\t\t\t<\/div>\n\t\t\t\t<section class=\"elementor-section elementor-inner-section elementor-element elementor-element-e7308b9 elementor-section-boxed elementor-section-height-default elementor-section-height-default\" data-id=\"e7308b9\" data-element_type=\"section\">\n\t\t\t\t\t\t<div class=\"elementor-container elementor-column-gap-default\">\n\t\t\t\t\t<div class=\"elementor-column elementor-col-50 elementor-inner-column elementor-element elementor-element-343388c\" data-id=\"343388c\" data-element_type=\"column\">\n\t\t\t<div class=\"elementor-widget-wrap elementor-element-populated\">\n\t\t\t\t\t\t<div class=\"elementor-element elementor-element-06df178 elementor-widget elementor-widget-image\" data-id=\"06df178\" data-element_type=\"widget\" data-widget_type=\"image.default\">\n\t\t\t\t<div class=\"elementor-widget-container\">\n\t\t\t\t\t\t\t\t\t\t\t\t\t\t\t<img loading=\"lazy\" decoding=\"async\" width=\"800\" height=\"533\" src=\"https:\/\/richeskarayib.com\/wp-content\/uploads\/2026\/03\/caribbean-sint-maarten-border-between-the-french-part-and-the-dutch-part-of-the-island-2X40207-1024x682.jpeg\" class=\"attachment-large size-large wp-image-71177\" alt=\"Trait\u00e9 de Concordia\" srcset=\"https:\/\/richeskarayib.com\/wp-content\/uploads\/2026\/03\/caribbean-sint-maarten-border-between-the-french-part-and-the-dutch-part-of-the-island-2X40207-1024x682.jpeg 1024w, https:\/\/richeskarayib.com\/wp-content\/uploads\/2026\/03\/caribbean-sint-maarten-border-between-the-french-part-and-the-dutch-part-of-the-island-2X40207-300x200.jpeg 300w, https:\/\/richeskarayib.com\/wp-content\/uploads\/2026\/03\/caribbean-sint-maarten-border-between-the-french-part-and-the-dutch-part-of-the-island-2X40207-768x511.jpeg 768w, https:\/\/richeskarayib.com\/wp-content\/uploads\/2026\/03\/caribbean-sint-maarten-border-between-the-french-part-and-the-dutch-part-of-the-island-2X40207.jpeg 1280w\" sizes=\"(max-width: 800px) 100vw, 800px\" \/>\t\t\t\t\t\t\t\t\t\t\t\t\t\t\t<\/div>\n\t\t\t\t<\/div>\n\t\t\t\t\t<\/div>\n\t\t<\/div>\n\t\t\t\t<div class=\"elementor-column elementor-col-50 elementor-inner-column elementor-element elementor-element-44410d9\" data-id=\"44410d9\" data-element_type=\"column\">\n\t\t\t<div class=\"elementor-widget-wrap elementor-element-populated\">\n\t\t\t\t\t\t<div class=\"elementor-element elementor-element-cefa127 elementor-widget elementor-widget-image\" data-id=\"cefa127\" data-element_type=\"widget\" data-widget_type=\"image.default\">\n\t\t\t\t<div class=\"elementor-widget-container\">\n\t\t\t\t\t\t\t\t\t\t\t\t\t\t\t<img loading=\"lazy\" decoding=\"async\" width=\"800\" height=\"530\" src=\"https:\/\/richeskarayib.com\/wp-content\/uploads\/2026\/03\/west-indies-caribbean-lesser-antilles-leeward-islands-french-west-B0C1H7-1024x679.jpeg\" class=\"attachment-large size-large wp-image-71181\" alt=\"Trait\u00e9 de Concordia\" srcset=\"https:\/\/richeskarayib.com\/wp-content\/uploads\/2026\/03\/west-indies-caribbean-lesser-antilles-leeward-islands-french-west-B0C1H7-1024x679.jpeg 1024w, https:\/\/richeskarayib.com\/wp-content\/uploads\/2026\/03\/west-indies-caribbean-lesser-antilles-leeward-islands-french-west-B0C1H7-300x199.jpeg 300w, https:\/\/richeskarayib.com\/wp-content\/uploads\/2026\/03\/west-indies-caribbean-lesser-antilles-leeward-islands-french-west-B0C1H7-768x509.jpeg 768w, https:\/\/richeskarayib.com\/wp-content\/uploads\/2026\/03\/west-indies-caribbean-lesser-antilles-leeward-islands-french-west-B0C1H7.jpeg 1280w\" sizes=\"(max-width: 800px) 100vw, 800px\" \/>\t\t\t\t\t\t\t\t\t\t\t\t\t\t\t<\/div>\n\t\t\t\t<\/div>\n\t\t\t\t\t<\/div>\n\t\t<\/div>\n\t\t\t\t\t<\/div>\n\t\t<\/section>\n\t\t\t\t\t<\/div>\n\t\t<\/div>\n\t\t\t\t\t<\/div>\n\t\t<\/section>\n\t\t\t\t<section class=\"elementor-section elementor-top-section elementor-element elementor-element-d0fd0c0 elementor-section-boxed elementor-section-height-default elementor-section-height-default\" data-id=\"d0fd0c0\" data-element_type=\"section\">\n\t\t\t\t\t\t<div class=\"elementor-container elementor-column-gap-default\">\n\t\t\t\t\t<div class=\"elementor-column elementor-col-100 elementor-top-column elementor-element elementor-element-1e2ec65\" data-id=\"1e2ec65\" data-element_type=\"column\">\n\t\t\t<div class=\"elementor-widget-wrap elementor-element-populated\">\n\t\t\t\t\t\t<div class=\"elementor-element elementor-element-316145b elementor-widget elementor-widget-heading\" data-id=\"316145b\" data-element_type=\"widget\" data-widget_type=\"heading.default\">\n\t\t\t\t<div class=\"elementor-widget-container\">\n\t\t\t\t\t<h2 class=\"elementor-heading-title elementor-size-default\">378 ans plus tard, un h\u00e9ritage toujours structurant\n<\/h2>\t\t\t\t<\/div>\n\t\t\t\t<\/div>\n\t\t\t\t<div class=\"elementor-element elementor-element-54e5967 elementor-widget elementor-widget-text-editor\" data-id=\"54e5967\" data-element_type=\"widget\" data-widget_type=\"text-editor.default\">\n\t\t\t\t<div class=\"elementor-widget-container\">\n\t\t\t\t\t\t\t\t\t<p><span style=\"font-weight: 400;\">Le 23 mars 2026 marque les 378 ans du Trait\u00e9 de Concordia. Cette date reste centrale pour comprendre l\u2019organisation de l\u2019\u00eele aujourd\u2019hui. Le partage de 1648 a durablement influenc\u00e9 les \u00e9quilibres politiques, \u00e9conomiques et sociaux. Il a \u00e9galement fa\u00e7onn\u00e9 une mani\u00e8re particuli\u00e8re de vivre un territoire partag\u00e9. Dans le contexte carib\u00e9en, Saint-Martin se distingue par cette construction historique issue d\u2019un compromis, qui continue d\u2019organiser le fonctionnement de l\u2019\u00eele au quotidien.<\/span><\/p>\t\t\t\t\t\t\t\t<\/div>\n\t\t\t\t<\/div>\n\t\t\t\t\t<\/div>\n\t\t<\/div>\n\t\t\t\t\t<\/div>\n\t\t<\/section>\n\t\t\t\t<section class=\"elementor-section elementor-top-section elementor-element elementor-element-f03d675 elementor-section-boxed elementor-section-height-default elementor-section-height-default\" data-id=\"f03d675\" data-element_type=\"section\">\n\t\t\t\t\t\t<div class=\"elementor-container elementor-column-gap-default\">\n\t\t\t\t\t<div class=\"elementor-column elementor-col-100 elementor-top-column elementor-element elementor-element-ddb1e36\" data-id=\"ddb1e36\" data-element_type=\"column\">\n\t\t\t<div class=\"elementor-widget-wrap elementor-element-populated\">\n\t\t\t\t\t\t<div class=\"elementor-element elementor-element-66035d3 elementor-widget elementor-widget-heading\" data-id=\"66035d3\" data-element_type=\"widget\" data-widget_type=\"heading.default\">\n\t\t\t\t<div class=\"elementor-widget-container\">\n\t\t\t\t\t<h2 class=\"elementor-heading-title elementor-size-default\">Comprendre Saint-Martin \u00e0 travers le Trait\u00e9 de Concordia<\/h2>\t\t\t\t<\/div>\n\t\t\t\t<\/div>\n\t\t\t\t<div class=\"elementor-element elementor-element-cae4ec8 elementor-widget elementor-widget-text-editor\" data-id=\"cae4ec8\" data-element_type=\"widget\" data-widget_type=\"text-editor.default\">\n\t\t\t\t<div class=\"elementor-widget-container\">\n\t\t\t\t\t\t\t\t\t<p><span style=\"font-weight: 400;\">Le Trait\u00e9 de Concordia ne se limite pas \u00e0 un accord sign\u00e9 au XVIIe si\u00e8cle. Il constitue le point de d\u00e9part d\u2019une organisation territoriale toujours en place. Saint-Martin ne se r\u00e9sume ni \u00e0 une division, ni \u00e0 une juxtaposition de deux territoires. L\u2019\u00eele fonctionne comme un espace partag\u00e9, structur\u00e9 par deux souverainet\u00e9s qui coexistent depuis plus de trois si\u00e8cles. Comprendre le 23 mars 1648, c\u2019est donc comprendre l\u2019origine de cette singularit\u00e9 carib\u00e9enne, encore visible aujourd\u2019hui dans chaque aspect de la vie sur l\u2019\u00eele.<\/span><\/p>\t\t\t\t\t\t\t\t<\/div>\n\t\t\t\t<\/div>\n\t\t\t\t\t<\/div>\n\t\t<\/div>\n\t\t\t\t\t<\/div>\n\t\t<\/section>\n\t\t\t\t<section class=\"elementor-section elementor-top-section elementor-element elementor-element-f5709a6 elementor-section-boxed elementor-section-height-default elementor-section-height-default\" data-id=\"f5709a6\" data-element_type=\"section\">\n\t\t\t\t\t\t<div class=\"elementor-container elementor-column-gap-default\">\n\t\t\t\t\t<div class=\"elementor-column elementor-col-100 elementor-top-column elementor-element elementor-element-957be6f\" data-id=\"957be6f\" data-element_type=\"column\">\n\t\t\t<div class=\"elementor-widget-wrap elementor-element-populated\">\n\t\t\t\t\t\t<div class=\"elementor-element elementor-element-63e5d4a elementor-widget elementor-widget-accordion\" data-id=\"63e5d4a\" data-element_type=\"widget\" data-widget_type=\"accordion.default\">\n\t\t\t\t<div class=\"elementor-widget-container\">\n\t\t\t\t\t\t\t<div class=\"elementor-accordion\">\n\t\t\t\t\t\t\t<div class=\"elementor-accordion-item\">\n\t\t\t\t\t<div id=\"elementor-tab-title-1041\" class=\"elementor-tab-title\" data-tab=\"1\" role=\"button\" aria-controls=\"elementor-tab-content-1041\" aria-expanded=\"false\">\n\t\t\t\t\t\t\t\t\t\t\t\t\t<span class=\"elementor-accordion-icon elementor-accordion-icon-left\" aria-hidden=\"true\">\n\t\t\t\t\t\t\t\t\t\t\t\t\t\t\t<span class=\"elementor-accordion-icon-closed\"><i class=\"fas fa-plus\"><\/i><\/span>\n\t\t\t\t\t\t\t\t<span class=\"elementor-accordion-icon-opened\"><i class=\"fas fa-minus\"><\/i><\/span>\n\t\t\t\t\t\t\t\t\t\t\t\t\t\t<\/span>\n\t\t\t\t\t\t\t\t\t\t\t\t<a class=\"elementor-accordion-title\" tabindex=\"0\">Pourquoi l\u2019\u00eele de Saint-Martin est-elle divis\u00e9e en deux pays ?<\/a>\n\t\t\t\t\t<\/div>\n\t\t\t\t\t<div id=\"elementor-tab-content-1041\" class=\"elementor-tab-content elementor-clearfix\" data-tab=\"1\" role=\"region\" aria-labelledby=\"elementor-tab-title-1041\"><p><span style=\"font-weight: 400;\">L\u2019\u00eele de Saint-Martin est divis\u00e9e en deux territoires depuis le 23 mars 1648, date de signature du Trait\u00e9 de Concordia entre la France et les Provinces-Unies. Apr\u00e8s le d\u00e9part des Espagnols, les deux puissances se retrouvent pr\u00e9sentes sur l\u2019\u00eele sans qu\u2019aucune ne puisse en prendre le contr\u00f4le total. Plut\u00f4t que de s\u2019affronter, elles choisissent de partager le territoire. Cette d\u00e9cision donne naissance \u00e0 une partie fran\u00e7aise au nord et une partie n\u00e9erlandaise au sud, une organisation qui existe encore aujourd\u2019hui.<\/span><\/p><\/div>\n\t\t\t\t<\/div>\n\t\t\t\t\t\t\t<div class=\"elementor-accordion-item\">\n\t\t\t\t\t<div id=\"elementor-tab-title-1042\" class=\"elementor-tab-title\" data-tab=\"2\" role=\"button\" aria-controls=\"elementor-tab-content-1042\" aria-expanded=\"false\">\n\t\t\t\t\t\t\t\t\t\t\t\t\t<span class=\"elementor-accordion-icon elementor-accordion-icon-left\" aria-hidden=\"true\">\n\t\t\t\t\t\t\t\t\t\t\t\t\t\t\t<span class=\"elementor-accordion-icon-closed\"><i class=\"fas fa-plus\"><\/i><\/span>\n\t\t\t\t\t\t\t\t<span class=\"elementor-accordion-icon-opened\"><i class=\"fas fa-minus\"><\/i><\/span>\n\t\t\t\t\t\t\t\t\t\t\t\t\t\t<\/span>\n\t\t\t\t\t\t\t\t\t\t\t\t<a class=\"elementor-accordion-title\" tabindex=\"0\"> Quelle est la particularit\u00e9 de la fronti\u00e8re entre Saint-Martin et Sint Maarten ?<\/a>\n\t\t\t\t\t<\/div>\n\t\t\t\t\t<div id=\"elementor-tab-content-1042\" class=\"elementor-tab-content elementor-clearfix\" data-tab=\"2\" role=\"region\" aria-labelledby=\"elementor-tab-title-1042\"><p><span style=\"font-weight: 400;\">La fronti\u00e8re entre Saint-Martin (partie fran\u00e7aise) et Sint Maarten (partie n\u00e9erlandaise) se distingue par sa grande fluidit\u00e9 au quotidien. Elle s\u00e9pare deux syst\u00e8mes politiques et administratifs, mais reste facilement franchissable dans les usages courants. Les habitants circulent r\u00e9guli\u00e8rement entre les deux c\u00f4t\u00e9s de l\u2019\u00eele pour travailler, faire leurs achats ou acc\u00e9der \u00e0 certains services. Cette situation refl\u00e8te directement l\u2019h\u00e9ritage du partage \u00e9tabli en 1648.<\/span><\/p><\/div>\n\t\t\t\t<\/div>\n\t\t\t\t\t\t\t<div class=\"elementor-accordion-item\">\n\t\t\t\t\t<div id=\"elementor-tab-title-1043\" class=\"elementor-tab-title\" data-tab=\"3\" role=\"button\" aria-controls=\"elementor-tab-content-1043\" aria-expanded=\"false\">\n\t\t\t\t\t\t\t\t\t\t\t\t\t<span class=\"elementor-accordion-icon elementor-accordion-icon-left\" aria-hidden=\"true\">\n\t\t\t\t\t\t\t\t\t\t\t\t\t\t\t<span class=\"elementor-accordion-icon-closed\"><i class=\"fas fa-plus\"><\/i><\/span>\n\t\t\t\t\t\t\t\t<span class=\"elementor-accordion-icon-opened\"><i class=\"fas fa-minus\"><\/i><\/span>\n\t\t\t\t\t\t\t\t\t\t\t\t\t\t<\/span>\n\t\t\t\t\t\t\t\t\t\t\t\t<a class=\"elementor-accordion-title\" tabindex=\"0\">Quel r\u00f4le a jou\u00e9 le Trait\u00e9 de Concordia dans l\u2019histoire de Saint-Martin ?<\/a>\n\t\t\t\t\t<\/div>\n\t\t\t\t\t<div id=\"elementor-tab-content-1043\" class=\"elementor-tab-content elementor-clearfix\" data-tab=\"3\" role=\"region\" aria-labelledby=\"elementor-tab-title-1043\"><p><span style=\"font-weight: 400;\">Le Trait\u00e9 de Concordia a jou\u00e9 un r\u00f4le d\u00e9terminant dans l\u2019histoire de Saint-Martin en organisant son partage officiel entre Fran\u00e7ais et Hollandais. Sign\u00e9 en 1648, il pose les bases d\u2019une division territoriale durable tout en permettant une coexistence entre les deux parties. Cet accord a structur\u00e9 l\u2019organisation politique de l\u2019\u00eele sur le long terme et continue d\u2019influencer son fonctionnement actuel, faisant de Saint-Martin un territoire unique dans la Cara\u00efbe.<\/span><\/p><\/div>\n\t\t\t\t<\/div>\n\t\t\t\t\t\t\t\t<\/div>\n\t\t\t\t\t\t<\/div>\n\t\t\t\t<\/div>\n\t\t\t\t\t<\/div>\n\t\t<\/div>\n\t\t\t\t\t<\/div>\n\t\t<\/section>\n\t\t\t\t<\/div>\n\t\t","protected":false},"excerpt":{"rendered":"<p>Le 23 mars 1648 occupe une place \u00e0 part dans l\u2019histoire carib\u00e9enne. Ce jour-l\u00e0, Fran\u00e7ais et Hollandais signent le Trait\u00e9 de Concordia, un accord qui organise le partage de l\u2019\u00eele de Saint-Martin. Plus de trois si\u00e8cles plus tard, cette particularit\u00e9 demeure l\u2019un des faits historiques les plus marquants de la Cara\u00efbe : une m\u00eame \u00eele, [&hellip;]<\/p>\n","protected":false},"author":662,"featured_media":71173,"comment_status":"open","ping_status":"open","sticky":false,"template":"","format":"standard","meta":{"_acf_changed":false,"footnotes":""},"categories":[1468],"tags":[1596,1616],"class_list":["post-71172","post","type-post","status-publish","format-standard","has-post-thumbnail","hentry","category-histoire-patrimoine","tag-saint-marteen-fr","tag-saint-martin-fr"],"acf":[],"_links":{"self":[{"href":"https:\/\/richeskarayib.com\/fr\/wp-json\/wp\/v2\/posts\/71172","targetHints":{"allow":["GET"]}}],"collection":[{"href":"https:\/\/richeskarayib.com\/fr\/wp-json\/wp\/v2\/posts"}],"about":[{"href":"https:\/\/richeskarayib.com\/fr\/wp-json\/wp\/v2\/types\/post"}],"author":[{"embeddable":true,"href":"https:\/\/richeskarayib.com\/fr\/wp-json\/wp\/v2\/users\/662"}],"replies":[{"embeddable":true,"href":"https:\/\/richeskarayib.com\/fr\/wp-json\/wp\/v2\/comments?post=71172"}],"version-history":[{"count":0,"href":"https:\/\/richeskarayib.com\/fr\/wp-json\/wp\/v2\/posts\/71172\/revisions"}],"wp:featuredmedia":[{"embeddable":true,"href":"https:\/\/richeskarayib.com\/fr\/wp-json\/wp\/v2\/media\/71173"}],"wp:attachment":[{"href":"https:\/\/richeskarayib.com\/fr\/wp-json\/wp\/v2\/media?parent=71172"}],"wp:term":[{"taxonomy":"category","embeddable":true,"href":"https:\/\/richeskarayib.com\/fr\/wp-json\/wp\/v2\/categories?post=71172"},{"taxonomy":"post_tag","embeddable":true,"href":"https:\/\/richeskarayib.com\/fr\/wp-json\/wp\/v2\/tags?post=71172"}],"curies":[{"name":"wp","href":"https:\/\/api.w.org\/{rel}","templated":true}]}}