{"id":71201,"date":"2026-03-24T04:49:44","date_gmt":"2026-03-24T08:49:44","guid":{"rendered":"https:\/\/richeskarayib.com\/?p=71201"},"modified":"2026-03-24T04:49:44","modified_gmt":"2026-03-24T08:49:44","slug":"vol-direct-entre-saint-kitts-et-nigeria","status":"publish","type":"post","link":"https:\/\/richeskarayib.com\/fr\/vol-direct-entre-saint-kitts-et-nigeria\/","title":{"rendered":"Vol direct entre Saint-Kitts et Nigeria : une nouvelle route strat\u00e9gique pour la Cara\u00efbe et l\u2019Afrique"},"content":{"rendered":"\t\t<div data-elementor-type=\"wp-post\" data-elementor-id=\"71201\" class=\"elementor elementor-71201\" data-elementor-post-type=\"post\">\n\t\t\t\t\t\t<section class=\"elementor-section elementor-top-section elementor-element elementor-element-7ca7ca1 elementor-section-boxed elementor-section-height-default elementor-section-height-default\" data-id=\"7ca7ca1\" data-element_type=\"section\">\n\t\t\t\t\t\t<div class=\"elementor-container elementor-column-gap-default\">\n\t\t\t\t\t<div class=\"elementor-column elementor-col-100 elementor-top-column elementor-element elementor-element-cbdd002\" data-id=\"cbdd002\" data-element_type=\"column\">\n\t\t\t<div class=\"elementor-widget-wrap elementor-element-populated\">\n\t\t\t\t\t\t<section class=\"elementor-section elementor-inner-section elementor-element elementor-element-bc94849 elementor-section-boxed elementor-section-height-default elementor-section-height-default\" data-id=\"bc94849\" data-element_type=\"section\">\n\t\t\t\t\t\t<div class=\"elementor-container elementor-column-gap-default\">\n\t\t\t\t\t\t<\/div>\n\t\t<\/section>\n\t\t\t\t<section class=\"elementor-section elementor-inner-section elementor-element elementor-element-61571e6 elementor-section-boxed elementor-section-height-default elementor-section-height-default\" data-id=\"61571e6\" data-element_type=\"section\">\n\t\t\t\t\t\t<div class=\"elementor-container elementor-column-gap-default\">\n\t\t\t\t\t\t<\/div>\n\t\t<\/section>\n\t\t\t\t<section class=\"elementor-section elementor-inner-section elementor-element elementor-element-b6262e0 elementor-section-boxed elementor-section-height-default elementor-section-height-default\" data-id=\"b6262e0\" data-element_type=\"section\">\n\t\t\t\t\t\t<div class=\"elementor-container elementor-column-gap-default\">\n\t\t\t\t\t\t<\/div>\n\t\t<\/section>\n\t\t\t\t<section class=\"elementor-section elementor-inner-section elementor-element elementor-element-cca29fd elementor-section-boxed elementor-section-height-default elementor-section-height-default\" data-id=\"cca29fd\" data-element_type=\"section\">\n\t\t\t\t\t\t<div class=\"elementor-container elementor-column-gap-default\">\n\t\t\t\t\t\t<\/div>\n\t\t<\/section>\n\t\t\t\t\t<\/div>\n\t\t<\/div>\n\t\t\t\t\t<\/div>\n\t\t<\/section>\n\t\t\t\t<section class=\"elementor-section elementor-top-section elementor-element elementor-element-ee72354 elementor-section-boxed elementor-section-height-default elementor-section-height-default\" data-id=\"ee72354\" data-element_type=\"section\">\n\t\t\t\t\t\t<div class=\"elementor-container elementor-column-gap-default\">\n\t\t\t\t\t<div class=\"elementor-column elementor-col-100 elementor-top-column elementor-element elementor-element-c59d6fe\" data-id=\"c59d6fe\" data-element_type=\"column\">\n\t\t\t<div class=\"elementor-widget-wrap elementor-element-populated\">\n\t\t\t\t\t\t<div class=\"elementor-element elementor-element-e57451f elementor-widget elementor-widget-text-editor\" data-id=\"e57451f\" data-element_type=\"widget\" data-widget_type=\"text-editor.default\">\n\t\t\t\t<div class=\"elementor-widget-container\">\n\t\t\t\t\t\t\t\t\t<p><b>Vol direct entre Saint-Kitts et Nigeria<\/b><span style=\"font-weight: 400;\"> s\u2019inscrit dans une \u00e9volution plus profonde des relations entre la Cara\u00efbe et le continent africain. Le 21 mars 2026, un vol charter a quitt\u00e9 l\u2019a\u00e9roport international Robert L. Bradshaw avec plus de 100 passagers issus de huit territoires carib\u00e9ens. L\u2019appareil a atterri le lendemain \u00e0 Abuja, au Nigeria, marquant une rupture concr\u00e8te avec les circuits de d\u00e9placement traditionnels. Ce trajet ne rel\u00e8ve pas d\u2019une simple performance logistique. Il mat\u00e9rialise une volont\u00e9 politique : r\u00e9duire la d\u00e9pendance aux hubs europ\u00e9ens et nord-am\u00e9ricains, et structurer des connexions directes entre deux r\u00e9gions historiquement li\u00e9es mais encore peu connect\u00e9es dans les faits.<\/span><\/p>\t\t\t\t\t\t\t\t<\/div>\n\t\t\t\t<\/div>\n\t\t\t\t\t<\/div>\n\t\t<\/div>\n\t\t\t\t\t<\/div>\n\t\t<\/section>\n\t\t\t\t<section class=\"elementor-section elementor-top-section elementor-element elementor-element-82cd8f9 elementor-section-boxed elementor-section-height-default elementor-section-height-default\" data-id=\"82cd8f9\" data-element_type=\"section\">\n\t\t\t\t\t\t<div class=\"elementor-container elementor-column-gap-default\">\n\t\t\t\t\t<div class=\"elementor-column elementor-col-100 elementor-top-column elementor-element elementor-element-0bfdc38\" data-id=\"0bfdc38\" data-element_type=\"column\">\n\t\t\t<div class=\"elementor-widget-wrap elementor-element-populated\">\n\t\t\t\t\t\t<div class=\"elementor-element elementor-element-7d292fe elementor-widget elementor-widget-heading\" data-id=\"7d292fe\" data-element_type=\"widget\" data-widget_type=\"heading.default\">\n\t\t\t\t<div class=\"elementor-widget-container\">\n\t\t\t\t\t<h2 class=\"elementor-heading-title elementor-size-default\">Une rupture avec les routes impos\u00e9es<\/h2>\t\t\t\t<\/div>\n\t\t\t\t<\/div>\n\t\t\t\t<div class=\"elementor-element elementor-element-96caf50 elementor-widget elementor-widget-text-editor\" data-id=\"96caf50\" data-element_type=\"widget\" data-widget_type=\"text-editor.default\">\n\t\t\t\t<div class=\"elementor-widget-container\">\n\t\t\t\t\t\t\t\t\t<p><span style=\"font-weight: 400;\">Jusqu\u2019ici, se rendre en Afrique depuis la Cara\u00efbe impliquait des d\u00e9tours longs et co\u00fbteux. Escales multiples, temps de trajet allong\u00e9, complexit\u00e9 administrative : ces contraintes limitaient les \u00e9changes, en particulier \u00e9conomiques. Ce vol direct entre Saint-Kitts et Nigeria change ce cadre. Il ne r\u00e9duit pas seulement la dur\u00e9e du voyage. Il red\u00e9finit les conditions d\u2019acc\u00e8s. En supprimant les interm\u00e9diaires g\u00e9ographiques, il ouvre la possibilit\u00e9 d\u2019une relation plus directe, plus fluide, et potentiellement plus fr\u00e9quente.<\/span><\/p>\n<p><span style=\"font-weight: 400;\">Cette \u00e9volution est strat\u00e9gique. Dans une r\u00e9gion o\u00f9 la connectivit\u00e9 conditionne les opportunit\u00e9s, chaque nouvelle route a\u00e9rienne peut modifier les dynamiques commerciales, touristiques et institutionnelles.<\/span><\/p>\t\t\t\t\t\t\t\t<\/div>\n\t\t\t\t<\/div>\n\t\t\t\t<div class=\"elementor-element elementor-element-e86ffb4 elementor-widget elementor-widget-image\" data-id=\"e86ffb4\" data-element_type=\"widget\" data-widget_type=\"image.default\">\n\t\t\t\t<div class=\"elementor-widget-container\">\n\t\t\t\t\t\t\t\t\t\t\t\t\t\t\t<img fetchpriority=\"high\" decoding=\"async\" width=\"768\" height=\"576\" src=\"https:\/\/richeskarayib.com\/wp-content\/uploads\/2026\/03\/DeWatermark.ai_1758554412164-768x576.jpeg.webp\" class=\"attachment-large size-large wp-image-71206\" alt=\"Vol direct entre Saint-Kitts et Nigeria\" srcset=\"https:\/\/richeskarayib.com\/wp-content\/uploads\/2026\/03\/DeWatermark.ai_1758554412164-768x576.jpeg.webp 768w, https:\/\/richeskarayib.com\/wp-content\/uploads\/2026\/03\/DeWatermark.ai_1758554412164-768x576.jpeg-300x225.webp 300w\" sizes=\"(max-width: 768px) 100vw, 768px\" \/>\t\t\t\t\t\t\t\t\t\t\t\t\t\t\t<\/div>\n\t\t\t\t<\/div>\n\t\t\t\t<section class=\"elementor-section elementor-inner-section elementor-element elementor-element-c582330 elementor-section-boxed elementor-section-height-default elementor-section-height-default\" data-id=\"c582330\" data-element_type=\"section\">\n\t\t\t\t\t\t<div class=\"elementor-container elementor-column-gap-default\">\n\t\t\t\t\t\t<\/div>\n\t\t<\/section>\n\t\t\t\t<section class=\"elementor-section elementor-inner-section elementor-element elementor-element-296603a elementor-section-boxed elementor-section-height-default elementor-section-height-default\" data-id=\"296603a\" data-element_type=\"section\">\n\t\t\t\t\t\t<div class=\"elementor-container elementor-column-gap-default\">\n\t\t\t\t\t\t<\/div>\n\t\t<\/section>\n\t\t\t\t\t<\/div>\n\t\t<\/div>\n\t\t\t\t\t<\/div>\n\t\t<\/section>\n\t\t\t\t<section class=\"elementor-section elementor-top-section elementor-element elementor-element-9c88a89 elementor-section-boxed elementor-section-height-default elementor-section-height-default\" data-id=\"9c88a89\" data-element_type=\"section\">\n\t\t\t\t\t\t<div class=\"elementor-container elementor-column-gap-default\">\n\t\t\t\t\t<div class=\"elementor-column elementor-col-100 elementor-top-column elementor-element elementor-element-78cf5d1\" data-id=\"78cf5d1\" data-element_type=\"column\">\n\t\t\t<div class=\"elementor-widget-wrap elementor-element-populated\">\n\t\t\t\t\t\t<div class=\"elementor-element elementor-element-ea2a5c1 elementor-widget elementor-widget-heading\" data-id=\"ea2a5c1\" data-element_type=\"widget\" data-widget_type=\"heading.default\">\n\t\t\t\t<div class=\"elementor-widget-container\">\n\t\t\t\t\t<h2 class=\"elementor-heading-title elementor-size-default\">Un levier assum\u00e9 de diplomatie \u00e9conomique<\/h2>\t\t\t\t<\/div>\n\t\t\t\t<\/div>\n\t\t\t\t<div class=\"elementor-element elementor-element-e305eee elementor-widget elementor-widget-text-editor\" data-id=\"e305eee\" data-element_type=\"widget\" data-widget_type=\"text-editor.default\">\n\t\t\t\t<div class=\"elementor-widget-container\">\n\t\t\t\t\t\t\t\t\t<p><span style=\"font-weight: 400;\">La composition de la d\u00e9l\u00e9gation en dit long sur les intentions. Aux c\u00f4t\u00e9s des repr\u00e9sentants politiques figuraient des entrepreneurs, des investisseurs et des acteurs culturels. Ce choix confirme que l\u2019objectif d\u00e9passe le cadre institutionnel. Le d\u00e9placement s\u2019inscrit dans le contexte du Afri-Caribbean Investment Summit (AACIS), organis\u00e9 \u00e0 Abuja. Les discussions portent sur des secteurs identifi\u00e9s comme prioritaires : agriculture, \u00e9conomie bleue, investissements crois\u00e9s, industries culturelles.<\/span><\/p><p><span style=\"font-weight: 400;\">\u00a0Le vol direct entre Saint-Kitts et Nigeria devient ainsi un outil. Il facilite les rencontres, acc\u00e9l\u00e8re les n\u00e9gociations et donne une cr\u00e9dibilit\u00e9 op\u00e9rationnelle \u00e0 des projets souvent \u00e9voqu\u00e9s mais rarement concr\u00e9tis\u00e9s. L\u2019ambition affich\u00e9e est claire : cr\u00e9er un corridor d\u2019\u00e9changes entre la Cara\u00efbe et l\u2019Afrique de l\u2019Ouest. Cette notion, encore th\u00e9orique, prend ici une forme tangible.<\/span><\/p>\t\t\t\t\t\t\t\t<\/div>\n\t\t\t\t<\/div>\n\t\t\t\t\t<\/div>\n\t\t<\/div>\n\t\t\t\t\t<\/div>\n\t\t<\/section>\n\t\t\t\t<section class=\"elementor-section elementor-top-section elementor-element elementor-element-ee7f5d7 elementor-section-boxed elementor-section-height-default elementor-section-height-default\" data-id=\"ee7f5d7\" data-element_type=\"section\">\n\t\t\t\t\t\t<div class=\"elementor-container elementor-column-gap-default\">\n\t\t\t\t\t<div class=\"elementor-column elementor-col-100 elementor-top-column elementor-element elementor-element-0669c08\" data-id=\"0669c08\" data-element_type=\"column\">\n\t\t\t<div class=\"elementor-widget-wrap elementor-element-populated\">\n\t\t\t\t\t\t<div class=\"elementor-element elementor-element-acc47ca elementor-widget elementor-widget-heading\" data-id=\"acc47ca\" data-element_type=\"widget\" data-widget_type=\"heading.default\">\n\t\t\t\t<div class=\"elementor-widget-container\">\n\t\t\t\t\t<h2 class=\"elementor-heading-title elementor-size-default\">Une lecture politique du rapprochement Afrique\u2013Cara\u00efbe<\/h2>\t\t\t\t<\/div>\n\t\t\t\t<\/div>\n\t\t\t\t<div class=\"elementor-element elementor-element-4bb1533 elementor-widget elementor-widget-text-editor\" data-id=\"4bb1533\" data-element_type=\"widget\" data-widget_type=\"text-editor.default\">\n\t\t\t\t<div class=\"elementor-widget-container\">\n\t\t\t\t\t\t\t\t\t<p><span style=\"font-weight: 400;\">Au-del\u00e0 des enjeux \u00e9conomiques, l\u2019initiative s\u2019inscrit dans une lecture plus large des relations internationales. Elle traduit une volont\u00e9 de renforcer les liens entre l\u2019<a href=\"https:\/\/oecs.int\/fr\/\" target=\"_blank\" rel=\"noopener nofollow\">Organisation des \u00c9tats de la Cara\u00efbe orientale<\/a> (OECS) et la <a href=\"https:\/\/www.ecowas.int\/?lang=fr\" target=\"_blank\" rel=\"noopener nofollow\">Communaut\u00e9 \u00e9conomique des \u00c9tats de l\u2019Afrique de l\u2019Ouest<\/a> (CEDEAO). Ce positionnement marque une \u00e9volution. La Cara\u00efbe ne cherche plus uniquement \u00e0 consolider ses relations avec ses partenaires traditionnels. Elle explore des axes alternatifs, en coh\u00e9rence avec une logique de coop\u00e9ration Sud-Sud. Le vol direct entre Saint-Kitts et Nigeria devient dans ce contexte un signal. Il montre qu\u2019une articulation entre blocs r\u00e9gionaux est possible, \u00e0 condition de s\u2019appuyer sur des infrastructures concr\u00e8tes.<\/span><\/p>\t\t\t\t\t\t\t\t<\/div>\n\t\t\t\t<\/div>\n\t\t\t\t<div class=\"elementor-element elementor-element-d63cd31 elementor-widget elementor-widget-image\" data-id=\"d63cd31\" data-element_type=\"widget\" data-widget_type=\"image.default\">\n\t\t\t\t<div class=\"elementor-widget-container\">\n\t\t\t\t\t\t\t\t\t\t\t\t\t\t\t<img decoding=\"async\" width=\"768\" height=\"512\" src=\"https:\/\/richeskarayib.com\/wp-content\/uploads\/2026\/03\/wmremove-transformed-2-2-768x512.jpeg.webp\" class=\"attachment-large size-large wp-image-71210\" alt=\"Vol direct entre Saint-Kitts et Nigeria\" srcset=\"https:\/\/richeskarayib.com\/wp-content\/uploads\/2026\/03\/wmremove-transformed-2-2-768x512.jpeg.webp 768w, https:\/\/richeskarayib.com\/wp-content\/uploads\/2026\/03\/wmremove-transformed-2-2-768x512.jpeg-300x200.webp 300w\" sizes=\"(max-width: 768px) 100vw, 768px\" \/>\t\t\t\t\t\t\t\t\t\t\t\t\t\t\t<\/div>\n\t\t\t\t<\/div>\n\t\t\t\t\t<\/div>\n\t\t<\/div>\n\t\t\t\t\t<\/div>\n\t\t<\/section>\n\t\t\t\t<section class=\"elementor-section elementor-top-section elementor-element elementor-element-d0fd0c0 elementor-section-boxed elementor-section-height-default elementor-section-height-default\" data-id=\"d0fd0c0\" data-element_type=\"section\">\n\t\t\t\t\t\t<div class=\"elementor-container elementor-column-gap-default\">\n\t\t\t\t\t<div class=\"elementor-column elementor-col-100 elementor-top-column elementor-element elementor-element-1e2ec65\" data-id=\"1e2ec65\" data-element_type=\"column\">\n\t\t\t<div class=\"elementor-widget-wrap elementor-element-populated\">\n\t\t\t\t\t\t<div class=\"elementor-element elementor-element-316145b elementor-widget elementor-widget-heading\" data-id=\"316145b\" data-element_type=\"widget\" data-widget_type=\"heading.default\">\n\t\t\t\t<div class=\"elementor-widget-container\">\n\t\t\t\t\t<h2 class=\"elementor-heading-title elementor-size-default\">\u201cReverse Middle Passage\u201d : un symbole r\u00e9investi\n<\/h2>\t\t\t\t<\/div>\n\t\t\t\t<\/div>\n\t\t\t\t<div class=\"elementor-element elementor-element-54e5967 elementor-widget elementor-widget-text-editor\" data-id=\"54e5967\" data-element_type=\"widget\" data-widget_type=\"text-editor.default\">\n\t\t\t\t<div class=\"elementor-widget-container\">\n\t\t\t\t\t\t\t\t\t<p><span style=\"font-weight: 400;\">L\u2019initiative s\u2019accompagne d\u2019une dimension symbolique forte, \u00e0 travers l\u2019expression \u201cReverse Middle Passage\u201d. Elle renvoie \u00e0 l\u2019histoire transatlantique, mais en inverse la signification. Il ne s\u2019agit plus d\u2019une travers\u00e9e impos\u00e9e, mais d\u2019un d\u00e9placement choisi, organis\u00e9 autour d\u2019int\u00e9r\u00eats \u00e9conomiques et strat\u00e9giques. Ce changement de perspective n\u2019est pas anodin. Il participe \u00e0 une relecture des relations entre Afrique et Cara\u00efbe, fond\u00e9e sur la coop\u00e9ration plut\u00f4t que sur la m\u00e9moire seule. Dans ce cadre, le vol direct entre Saint-Kitts et Nigeria d\u00e9passe le transport a\u00e9rien. Il s\u2019inscrit dans une tentative de repositionnement politique et \u00e9conomique.<\/span><\/p>\t\t\t\t\t\t\t\t<\/div>\n\t\t\t\t<\/div>\n\t\t\t\t\t<\/div>\n\t\t<\/div>\n\t\t\t\t\t<\/div>\n\t\t<\/section>\n\t\t\t\t<section class=\"elementor-section elementor-top-section elementor-element elementor-element-f03d675 elementor-section-boxed elementor-section-height-default elementor-section-height-default\" data-id=\"f03d675\" data-element_type=\"section\">\n\t\t\t\t\t\t<div class=\"elementor-container elementor-column-gap-default\">\n\t\t\t\t\t<div class=\"elementor-column elementor-col-100 elementor-top-column elementor-element elementor-element-ddb1e36\" data-id=\"ddb1e36\" data-element_type=\"column\">\n\t\t\t<div class=\"elementor-widget-wrap elementor-element-populated\">\n\t\t\t\t\t\t<div class=\"elementor-element elementor-element-66035d3 elementor-widget elementor-widget-heading\" data-id=\"66035d3\" data-element_type=\"widget\" data-widget_type=\"heading.default\">\n\t\t\t\t<div class=\"elementor-widget-container\">\n\t\t\t\t\t<h2 class=\"elementor-heading-title elementor-size-default\">Des opportunit\u00e9s r\u00e9elles, mais conditionn\u00e9es<\/h2>\t\t\t\t<\/div>\n\t\t\t\t<\/div>\n\t\t\t\t<div class=\"elementor-element elementor-element-cae4ec8 elementor-widget elementor-widget-text-editor\" data-id=\"cae4ec8\" data-element_type=\"widget\" data-widget_type=\"text-editor.default\">\n\t\t\t\t<div class=\"elementor-widget-container\">\n\t\t\t\t\t\t\t\t\t<p><span style=\"font-weight: 400;\">Les perspectives ouvertes par cette liaison sont nombreuses. Elles concernent notamment :<\/span><\/p><ul><li style=\"font-weight: 400;\" aria-level=\"1\"><span style=\"font-weight: 400;\">&#8211; les investissements bilat\u00e9raux,<\/span><\/li><li style=\"font-weight: 400;\" aria-level=\"1\"><span style=\"font-weight: 400;\">&#8211; les exportations carib\u00e9ennes,<\/span><\/li><li style=\"font-weight: 400;\" aria-level=\"1\"><span style=\"font-weight: 400;\">&#8211; les collaborations dans l\u2019\u00e9conomie bleue,<\/span><\/li><li style=\"font-weight: 400;\" aria-level=\"1\"><span style=\"font-weight: 400;\">&#8211; la circulation des acteurs culturels et cr\u00e9atifs.<\/span><\/li><\/ul><p><span style=\"font-weight: 400;\">Mais ces opportunit\u00e9s restent conditionn\u00e9es. Un vol ponctuel ne suffit pas \u00e0 structurer une relation durable. La continuit\u00e9 sera d\u00e9terminante : accords \u00e9conomiques, m\u00e9canismes de financement, r\u00e9gularit\u00e9 des liaisons, suivi diplomatique. Le vol direct entre Saint-Kitts et Nigeria constitue un point de d\u00e9part, pas un aboutissement.<\/span><\/p>\t\t\t\t\t\t\t\t<\/div>\n\t\t\t\t<\/div>\n\t\t\t\t\t<\/div>\n\t\t<\/div>\n\t\t\t\t\t<\/div>\n\t\t<\/section>\n\t\t\t\t<section class=\"elementor-section elementor-top-section elementor-element elementor-element-d2c3e42 elementor-section-boxed elementor-section-height-default elementor-section-height-default\" data-id=\"d2c3e42\" data-element_type=\"section\">\n\t\t\t\t\t\t<div class=\"elementor-container elementor-column-gap-default\">\n\t\t\t\t\t<div class=\"elementor-column elementor-col-100 elementor-top-column elementor-element elementor-element-caddc00\" data-id=\"caddc00\" data-element_type=\"column\">\n\t\t\t<div class=\"elementor-widget-wrap elementor-element-populated\">\n\t\t\t\t\t\t<div class=\"elementor-element elementor-element-e92cf66 elementor-widget elementor-widget-heading\" data-id=\"e92cf66\" data-element_type=\"widget\" data-widget_type=\"heading.default\">\n\t\t\t\t<div class=\"elementor-widget-container\">\n\t\t\t\t\t<h2 class=\"elementor-heading-title elementor-size-default\">Une nouvelle g\u00e9ographie des \u00e9changes en construction<\/h2>\t\t\t\t<\/div>\n\t\t\t\t<\/div>\n\t\t\t\t<div class=\"elementor-element elementor-element-c757097 elementor-widget elementor-widget-text-editor\" data-id=\"c757097\" data-element_type=\"widget\" data-widget_type=\"text-editor.default\">\n\t\t\t\t<div class=\"elementor-widget-container\">\n\t\t\t\t\t\t\t\t\t<p><span style=\"font-weight: 400;\">Ce d\u00e9placement pose une question de fond : la <a href=\"https:\/\/richeskarayib.com\/karen-virapin-air-caraibes-first-female-ceo\/\" target=\"_blank\" rel=\"noopener\">Cara\u00efbe<\/a> est-elle en train de redessiner ses axes de connexion ? En contournant les routes domin\u00e9es par le Nord, cette initiative propose une autre lecture de l\u2019Atlantique. Elle rapproche deux espaces qui, malgr\u00e9 leur histoire commune, restent encore \u00e9loign\u00e9s dans les \u00e9changes contemporains. Le vol direct entre Saint-Kitts et Nigeria ne transforme pas imm\u00e9diatement les \u00e9quilibres r\u00e9gionaux. Mais il introduit une possibilit\u00e9 concr\u00e8te : celle d\u2019une relation directe, structur\u00e9e et assum\u00e9e entre la Cara\u00efbe et l\u2019Afrique. Dans un contexte o\u00f9 la mobilit\u00e9 influence directement les opportunit\u00e9s \u00e9conomiques, cette \u00e9volution m\u00e9rite une attention particuli\u00e8re.<\/span><\/p>\t\t\t\t\t\t\t\t<\/div>\n\t\t\t\t<\/div>\n\t\t\t\t\t<\/div>\n\t\t<\/div>\n\t\t\t\t\t<\/div>\n\t\t<\/section>\n\t\t\t\t<section class=\"elementor-section elementor-top-section elementor-element elementor-element-f5709a6 elementor-section-boxed elementor-section-height-default elementor-section-height-default\" data-id=\"f5709a6\" data-element_type=\"section\">\n\t\t\t\t\t\t<div class=\"elementor-container elementor-column-gap-default\">\n\t\t\t\t\t<div class=\"elementor-column elementor-col-100 elementor-top-column elementor-element elementor-element-957be6f\" data-id=\"957be6f\" data-element_type=\"column\">\n\t\t\t<div class=\"elementor-widget-wrap elementor-element-populated\">\n\t\t\t\t\t\t<div class=\"elementor-element elementor-element-63e5d4a elementor-widget elementor-widget-accordion\" data-id=\"63e5d4a\" data-element_type=\"widget\" data-widget_type=\"accordion.default\">\n\t\t\t\t<div class=\"elementor-widget-container\">\n\t\t\t\t\t\t\t<div class=\"elementor-accordion\">\n\t\t\t\t\t\t\t<div class=\"elementor-accordion-item\">\n\t\t\t\t\t<div id=\"elementor-tab-title-1041\" class=\"elementor-tab-title\" data-tab=\"1\" role=\"button\" aria-controls=\"elementor-tab-content-1041\" aria-expanded=\"false\">\n\t\t\t\t\t\t\t\t\t\t\t\t\t<span class=\"elementor-accordion-icon elementor-accordion-icon-left\" aria-hidden=\"true\">\n\t\t\t\t\t\t\t\t\t\t\t\t\t\t\t<span class=\"elementor-accordion-icon-closed\"><i class=\"fas fa-plus\"><\/i><\/span>\n\t\t\t\t\t\t\t\t<span class=\"elementor-accordion-icon-opened\"><i class=\"fas fa-minus\"><\/i><\/span>\n\t\t\t\t\t\t\t\t\t\t\t\t\t\t<\/span>\n\t\t\t\t\t\t\t\t\t\t\t\t<a class=\"elementor-accordion-title\" tabindex=\"0\">Qu\u2019est-ce que le vol direct entre Saint-Kitts et Nigeria change concr\u00e8tement pour la Cara\u00efbe ?<\/a>\n\t\t\t\t\t<\/div>\n\t\t\t\t\t<div id=\"elementor-tab-content-1041\" class=\"elementor-tab-content elementor-clearfix\" data-tab=\"1\" role=\"region\" aria-labelledby=\"elementor-tab-title-1041\"><p><span style=\"font-weight: 400;\">Le vol direct entre Saint-Kitts et Nigeria modifie en profondeur les conditions de mobilit\u00e9 entre la Cara\u00efbe et l\u2019Afrique. Jusqu\u2019\u00e0 pr\u00e9sent, les d\u00e9placements n\u00e9cessitaient des escales en Europe ou en Am\u00e9rique du Nord, ce qui allongeait consid\u00e9rablement les temps de trajet et les co\u00fbts. Cette nouvelle liaison r\u00e9duit ces contraintes et facilite les d\u00e9placements des d\u00e9cideurs, des entrepreneurs et des investisseurs. \u00c0 moyen terme, cela peut acc\u00e9l\u00e9rer les \u00e9changes commerciaux, encourager les partenariats \u00e9conomiques et renforcer la pr\u00e9sence carib\u00e9enne sur les march\u00e9s africains.<\/span><\/p><\/div>\n\t\t\t\t<\/div>\n\t\t\t\t\t\t\t<div class=\"elementor-accordion-item\">\n\t\t\t\t\t<div id=\"elementor-tab-title-1042\" class=\"elementor-tab-title\" data-tab=\"2\" role=\"button\" aria-controls=\"elementor-tab-content-1042\" aria-expanded=\"false\">\n\t\t\t\t\t\t\t\t\t\t\t\t\t<span class=\"elementor-accordion-icon elementor-accordion-icon-left\" aria-hidden=\"true\">\n\t\t\t\t\t\t\t\t\t\t\t\t\t\t\t<span class=\"elementor-accordion-icon-closed\"><i class=\"fas fa-plus\"><\/i><\/span>\n\t\t\t\t\t\t\t\t<span class=\"elementor-accordion-icon-opened\"><i class=\"fas fa-minus\"><\/i><\/span>\n\t\t\t\t\t\t\t\t\t\t\t\t\t\t<\/span>\n\t\t\t\t\t\t\t\t\t\t\t\t<a class=\"elementor-accordion-title\" tabindex=\"0\">Pourquoi ce vol direct entre Saint-Kitts et Nigeria est-il consid\u00e9r\u00e9 comme strat\u00e9gique ?<\/a>\n\t\t\t\t\t<\/div>\n\t\t\t\t\t<div id=\"elementor-tab-content-1042\" class=\"elementor-tab-content elementor-clearfix\" data-tab=\"2\" role=\"region\" aria-labelledby=\"elementor-tab-title-1042\"><p><span style=\"font-weight: 400;\">Ce vol est strat\u00e9gique parce qu\u2019il ne s\u2019agit pas seulement d\u2019un d\u00e9placement a\u00e9rien, mais d\u2019un outil de coop\u00e9ration r\u00e9gionale. Il s\u2019inscrit dans une logique de rapprochement entre l\u2019Organisation des \u00c9tats de la Cara\u00efbe orientale (OECS) et la CEDEAO. Le vol direct entre Saint-Kitts et Nigeria permet de cr\u00e9er un lien op\u00e9rationnel entre deux blocs r\u00e9gionaux, en facilitant les rencontres \u00e9conomiques, les n\u00e9gociations et les projets communs. Il contribue aussi \u00e0 repositionner la Cara\u00efbe comme un acteur actif dans les dynamiques Sud-Sud.<\/span><\/p><\/div>\n\t\t\t\t<\/div>\n\t\t\t\t\t\t\t<div class=\"elementor-accordion-item\">\n\t\t\t\t\t<div id=\"elementor-tab-title-1043\" class=\"elementor-tab-title\" data-tab=\"3\" role=\"button\" aria-controls=\"elementor-tab-content-1043\" aria-expanded=\"false\">\n\t\t\t\t\t\t\t\t\t\t\t\t\t<span class=\"elementor-accordion-icon elementor-accordion-icon-left\" aria-hidden=\"true\">\n\t\t\t\t\t\t\t\t\t\t\t\t\t\t\t<span class=\"elementor-accordion-icon-closed\"><i class=\"fas fa-plus\"><\/i><\/span>\n\t\t\t\t\t\t\t\t<span class=\"elementor-accordion-icon-opened\"><i class=\"fas fa-minus\"><\/i><\/span>\n\t\t\t\t\t\t\t\t\t\t\t\t\t\t<\/span>\n\t\t\t\t\t\t\t\t\t\t\t\t<a class=\"elementor-accordion-title\" tabindex=\"0\">Le vol direct entre Saint-Kitts et Nigeria va-t-il devenir une liaison r\u00e9guli\u00e8re ?<\/a>\n\t\t\t\t\t<\/div>\n\t\t\t\t\t<div id=\"elementor-tab-content-1043\" class=\"elementor-tab-content elementor-clearfix\" data-tab=\"3\" role=\"region\" aria-labelledby=\"elementor-tab-title-1043\"><p><span style=\"font-weight: 400;\">\u00c0 ce stade, il s\u2019agit d\u2019un vol charter organis\u00e9 dans le cadre d\u2019un \u00e9v\u00e9nement \u00e9conomique majeur. Pour qu\u2019une liaison r\u00e9guli\u00e8re voie le jour, plusieurs conditions devront \u00eatre r\u00e9unies : une demande suffisante, des accords bilat\u00e9raux solides, un mod\u00e8le \u00e9conomique viable pour les compagnies a\u00e9riennes et un engagement politique durable. Le vol direct entre Saint-Kitts et Nigeria constitue donc une premi\u00e8re \u00e9tape, mais sa transformation en ligne r\u00e9guli\u00e8re d\u00e9pendra des retomb\u00e9es concr\u00e8tes de cette initiative.<\/span><\/p><\/div>\n\t\t\t\t<\/div>\n\t\t\t\t\t\t\t\t<\/div>\n\t\t\t\t\t\t<\/div>\n\t\t\t\t<\/div>\n\t\t\t\t\t<\/div>\n\t\t<\/div>\n\t\t\t\t\t<\/div>\n\t\t<\/section>\n\t\t\t\t<\/div>\n\t\t","protected":false},"excerpt":{"rendered":"<p>Vol direct entre Saint-Kitts et Nigeria s\u2019inscrit dans une \u00e9volution plus profonde des relations entre la Cara\u00efbe et le continent africain. Le 21 mars 2026, un vol charter a quitt\u00e9 l\u2019a\u00e9roport international Robert L. Bradshaw avec plus de 100 passagers issus de huit territoires carib\u00e9ens. L\u2019appareil a atterri le lendemain \u00e0 Abuja, au Nigeria, marquant [&hellip;]<\/p>\n","protected":false},"author":662,"featured_media":71202,"comment_status":"open","ping_status":"open","sticky":false,"template":"","format":"standard","meta":{"_acf_changed":false,"footnotes":""},"categories":[1765,1785],"tags":[1824],"class_list":["post-71201","post","type-post","status-publish","format-standard","has-post-thumbnail","hentry","category-aerien","category-cooperation","tag-saint-kitts-and-nevis-fr"],"acf":[],"_links":{"self":[{"href":"https:\/\/richeskarayib.com\/fr\/wp-json\/wp\/v2\/posts\/71201","targetHints":{"allow":["GET"]}}],"collection":[{"href":"https:\/\/richeskarayib.com\/fr\/wp-json\/wp\/v2\/posts"}],"about":[{"href":"https:\/\/richeskarayib.com\/fr\/wp-json\/wp\/v2\/types\/post"}],"author":[{"embeddable":true,"href":"https:\/\/richeskarayib.com\/fr\/wp-json\/wp\/v2\/users\/662"}],"replies":[{"embeddable":true,"href":"https:\/\/richeskarayib.com\/fr\/wp-json\/wp\/v2\/comments?post=71201"}],"version-history":[{"count":0,"href":"https:\/\/richeskarayib.com\/fr\/wp-json\/wp\/v2\/posts\/71201\/revisions"}],"wp:featuredmedia":[{"embeddable":true,"href":"https:\/\/richeskarayib.com\/fr\/wp-json\/wp\/v2\/media\/71202"}],"wp:attachment":[{"href":"https:\/\/richeskarayib.com\/fr\/wp-json\/wp\/v2\/media?parent=71201"}],"wp:term":[{"taxonomy":"category","embeddable":true,"href":"https:\/\/richeskarayib.com\/fr\/wp-json\/wp\/v2\/categories?post=71201"},{"taxonomy":"post_tag","embeddable":true,"href":"https:\/\/richeskarayib.com\/fr\/wp-json\/wp\/v2\/tags?post=71201"}],"curies":[{"name":"wp","href":"https:\/\/api.w.org\/{rel}","templated":true}]}}