{"id":71219,"date":"2026-03-25T07:08:07","date_gmt":"2026-03-25T11:08:07","guid":{"rendered":"https:\/\/richeskarayib.com\/?p=71219"},"modified":"2026-03-25T07:08:07","modified_gmt":"2026-03-25T11:08:07","slug":"frantz-fanon-martinique-pensee-colonialisme","status":"publish","type":"post","link":"https:\/\/richeskarayib.com\/fr\/frantz-fanon-martinique-pensee-colonialisme\/","title":{"rendered":"Frantz Fanon : une pens\u00e9e martiniquaise qui a boulevers\u00e9 le monde coloniale"},"content":{"rendered":"\t\t<div data-elementor-type=\"wp-post\" data-elementor-id=\"71219\" class=\"elementor elementor-71219\" data-elementor-post-type=\"post\">\n\t\t\t\t\t\t<section class=\"elementor-section elementor-top-section elementor-element elementor-element-7ca7ca1 elementor-section-boxed elementor-section-height-default elementor-section-height-default\" data-id=\"7ca7ca1\" data-element_type=\"section\">\n\t\t\t\t\t\t<div class=\"elementor-container elementor-column-gap-default\">\n\t\t\t\t\t<div class=\"elementor-column elementor-col-100 elementor-top-column elementor-element elementor-element-cbdd002\" data-id=\"cbdd002\" data-element_type=\"column\">\n\t\t\t<div class=\"elementor-widget-wrap elementor-element-populated\">\n\t\t\t\t\t\t<section class=\"elementor-section elementor-inner-section elementor-element elementor-element-bc94849 elementor-section-boxed elementor-section-height-default elementor-section-height-default\" data-id=\"bc94849\" data-element_type=\"section\">\n\t\t\t\t\t\t<div class=\"elementor-container elementor-column-gap-default\">\n\t\t\t\t\t\t<\/div>\n\t\t<\/section>\n\t\t\t\t<section class=\"elementor-section elementor-inner-section elementor-element elementor-element-61571e6 elementor-section-boxed elementor-section-height-default elementor-section-height-default\" data-id=\"61571e6\" data-element_type=\"section\">\n\t\t\t\t\t\t<div class=\"elementor-container elementor-column-gap-default\">\n\t\t\t\t\t\t<\/div>\n\t\t<\/section>\n\t\t\t\t<section class=\"elementor-section elementor-inner-section elementor-element elementor-element-b6262e0 elementor-section-boxed elementor-section-height-default elementor-section-height-default\" data-id=\"b6262e0\" data-element_type=\"section\">\n\t\t\t\t\t\t<div class=\"elementor-container elementor-column-gap-default\">\n\t\t\t\t\t\t<\/div>\n\t\t<\/section>\n\t\t\t\t<section class=\"elementor-section elementor-inner-section elementor-element elementor-element-cca29fd elementor-section-boxed elementor-section-height-default elementor-section-height-default\" data-id=\"cca29fd\" data-element_type=\"section\">\n\t\t\t\t\t\t<div class=\"elementor-container elementor-column-gap-default\">\n\t\t\t\t\t\t<\/div>\n\t\t<\/section>\n\t\t\t\t\t<\/div>\n\t\t<\/div>\n\t\t\t\t\t<\/div>\n\t\t<\/section>\n\t\t\t\t<section class=\"elementor-section elementor-top-section elementor-element elementor-element-ee72354 elementor-section-boxed elementor-section-height-default elementor-section-height-default\" data-id=\"ee72354\" data-element_type=\"section\">\n\t\t\t\t\t\t<div class=\"elementor-container elementor-column-gap-default\">\n\t\t\t\t\t<div class=\"elementor-column elementor-col-100 elementor-top-column elementor-element elementor-element-c59d6fe\" data-id=\"c59d6fe\" data-element_type=\"column\">\n\t\t\t<div class=\"elementor-widget-wrap elementor-element-populated\">\n\t\t\t\t\t\t<div class=\"elementor-element elementor-element-e57451f elementor-widget elementor-widget-text-editor\" data-id=\"e57451f\" data-element_type=\"widget\" data-widget_type=\"text-editor.default\">\n\t\t\t\t<div class=\"elementor-widget-container\">\n\t\t\t\t\t\t\t\t\t<p><span style=\"font-weight: 400;\">N\u00e9 \u00e0 Fort-de-France le 20 juillet 1925, Frantz Fanon reste l\u2019une des figures intellectuelles les plus puissantes issues de la Martinique. Psychiatre, \u00e9crivain et penseur politique, il a li\u00e9 dans une m\u00eame r\u00e9flexion la question raciale, la domination coloniale, la sant\u00e9 mentale et la lib\u00e9ration des peuples. Son \u0153uvre, relativement br\u00e8ve en raison de sa mort en 1961, a pourtant marqu\u00e9 durablement les \u00e9tudes postcoloniales, les luttes anticoloniales et les d\u00e9bats sur l\u2019ali\u00e9nation.<\/span><\/p>\t\t\t\t\t\t\t\t<\/div>\n\t\t\t\t<\/div>\n\t\t\t\t\t<\/div>\n\t\t<\/div>\n\t\t\t\t\t<\/div>\n\t\t<\/section>\n\t\t\t\t<section class=\"elementor-section elementor-top-section elementor-element elementor-element-82cd8f9 elementor-section-boxed elementor-section-height-default elementor-section-height-default\" data-id=\"82cd8f9\" data-element_type=\"section\">\n\t\t\t\t\t\t<div class=\"elementor-container elementor-column-gap-default\">\n\t\t\t\t\t<div class=\"elementor-column elementor-col-100 elementor-top-column elementor-element elementor-element-0bfdc38\" data-id=\"0bfdc38\" data-element_type=\"column\">\n\t\t\t<div class=\"elementor-widget-wrap elementor-element-populated\">\n\t\t\t\t\t\t<div class=\"elementor-element elementor-element-7d292fe elementor-widget elementor-widget-heading\" data-id=\"7d292fe\" data-element_type=\"widget\" data-widget_type=\"heading.default\">\n\t\t\t\t<div class=\"elementor-widget-container\">\n\t\t\t\t\t<h2 class=\"elementor-heading-title elementor-size-default\">Pourquoi Frantz Fanon compte encore aujourd\u2019hui?<\/h2>\t\t\t\t<\/div>\n\t\t\t\t<\/div>\n\t\t\t\t<div class=\"elementor-element elementor-element-96caf50 elementor-widget elementor-widget-text-editor\" data-id=\"96caf50\" data-element_type=\"widget\" data-widget_type=\"text-editor.default\">\n\t\t\t\t<div class=\"elementor-widget-container\">\n\t\t\t\t\t\t\t\t\t<p><span style=\"font-weight: 400;\">Parler de Frantz Fanon ne consiste pas seulement \u00e0 \u00e9voquer un grand nom martiniquais. C\u2019est revenir \u00e0 une pens\u00e9e qui a tent\u00e9 de comprendre ce que le colonialisme produit dans les institutions, dans les rapports sociaux, dans les corps et dans les esprits. Fanon n\u2019a pas \u00e9tudi\u00e9 la colonisation comme une abstraction. Il l\u2019a observ\u00e9e comme m\u00e9decin, comme homme noir confront\u00e9 au racisme, et comme intellectuel engag\u00e9 dans le combat pour l\u2019ind\u00e9pendance alg\u00e9rienne. C\u2019est cette articulation entre exp\u00e9rience v\u00e9cue, pratique clinique et analyse politique qui donne \u00e0 son travail une force particuli\u00e8re.<\/span><\/p>\t\t\t\t\t\t\t\t<\/div>\n\t\t\t\t<\/div>\n\t\t\t\t<div class=\"elementor-element elementor-element-c76681b elementor-widget elementor-widget-image\" data-id=\"c76681b\" data-element_type=\"widget\" data-widget_type=\"image.default\">\n\t\t\t\t<div class=\"elementor-widget-container\">\n\t\t\t\t\t\t\t\t\t\t\t\t\t\t\t<img fetchpriority=\"high\" decoding=\"async\" width=\"800\" height=\"1010\" src=\"https:\/\/richeskarayib.com\/wp-content\/uploads\/2026\/03\/la-deuxieme-conference-sur-la-solidarite-afro-asiatique-s-est-ouverte-a-conakry-guinee-le-11-avril-voici-le-docteur-fanon-delegue-du-g-p-r-a-prononcant-un-discours-le-15-avril-1960-3bgyjy8-811x1024.jpeg\" class=\"attachment-large size-large wp-image-71232\" alt=\"Frantz Fanon\" srcset=\"https:\/\/richeskarayib.com\/wp-content\/uploads\/2026\/03\/la-deuxieme-conference-sur-la-solidarite-afro-asiatique-s-est-ouverte-a-conakry-guinee-le-11-avril-voici-le-docteur-fanon-delegue-du-g-p-r-a-prononcant-un-discours-le-15-avril-1960-3bgyjy8-811x1024.jpeg 811w, https:\/\/richeskarayib.com\/wp-content\/uploads\/2026\/03\/la-deuxieme-conference-sur-la-solidarite-afro-asiatique-s-est-ouverte-a-conakry-guinee-le-11-avril-voici-le-docteur-fanon-delegue-du-g-p-r-a-prononcant-un-discours-le-15-avril-1960-3bgyjy8-238x300.jpeg 238w, https:\/\/richeskarayib.com\/wp-content\/uploads\/2026\/03\/la-deuxieme-conference-sur-la-solidarite-afro-asiatique-s-est-ouverte-a-conakry-guinee-le-11-avril-voici-le-docteur-fanon-delegue-du-g-p-r-a-prononcant-un-discours-le-15-avril-1960-3bgyjy8-768x969.jpeg 768w, https:\/\/richeskarayib.com\/wp-content\/uploads\/2026\/03\/la-deuxieme-conference-sur-la-solidarite-afro-asiatique-s-est-ouverte-a-conakry-guinee-le-11-avril-voici-le-docteur-fanon-delegue-du-g-p-r-a-prononcant-un-discours-le-15-avril-1960-3bgyjy8.jpeg 1014w\" sizes=\"(max-width: 800px) 100vw, 800px\" \/>\t\t\t\t\t\t\t\t\t\t\t\t\t\t\t<\/div>\n\t\t\t\t<\/div>\n\t\t\t\t<section class=\"elementor-section elementor-inner-section elementor-element elementor-element-c582330 elementor-section-boxed elementor-section-height-default elementor-section-height-default\" data-id=\"c582330\" data-element_type=\"section\">\n\t\t\t\t\t\t<div class=\"elementor-container elementor-column-gap-default\">\n\t\t\t\t\t\t<\/div>\n\t\t<\/section>\n\t\t\t\t<section class=\"elementor-section elementor-inner-section elementor-element elementor-element-296603a elementor-section-boxed elementor-section-height-default elementor-section-height-default\" data-id=\"296603a\" data-element_type=\"section\">\n\t\t\t\t\t\t<div class=\"elementor-container elementor-column-gap-default\">\n\t\t\t\t\t\t<\/div>\n\t\t<\/section>\n\t\t\t\t\t<\/div>\n\t\t<\/div>\n\t\t\t\t\t<\/div>\n\t\t<\/section>\n\t\t\t\t<section class=\"elementor-section elementor-top-section elementor-element elementor-element-9c88a89 elementor-section-boxed elementor-section-height-default elementor-section-height-default\" data-id=\"9c88a89\" data-element_type=\"section\">\n\t\t\t\t\t\t<div class=\"elementor-container elementor-column-gap-default\">\n\t\t\t\t\t<div class=\"elementor-column elementor-col-100 elementor-top-column elementor-element elementor-element-78cf5d1\" data-id=\"78cf5d1\" data-element_type=\"column\">\n\t\t\t<div class=\"elementor-widget-wrap elementor-element-populated\">\n\t\t\t\t\t\t<div class=\"elementor-element elementor-element-ea2a5c1 elementor-widget elementor-widget-heading\" data-id=\"ea2a5c1\" data-element_type=\"widget\" data-widget_type=\"heading.default\">\n\t\t\t\t<div class=\"elementor-widget-container\">\n\t\t\t\t\t<h2 class=\"elementor-heading-title elementor-size-default\">De Fort-de-France \u00e0 la guerre : les premi\u00e8res fractures<\/h2>\t\t\t\t<\/div>\n\t\t\t\t<\/div>\n\t\t\t\t<div class=\"elementor-element elementor-element-e305eee elementor-widget elementor-widget-text-editor\" data-id=\"e305eee\" data-element_type=\"widget\" data-widget_type=\"text-editor.default\">\n\t\t\t\t<div class=\"elementor-widget-container\">\n\t\t\t\t\t\t\t\t\t<p><span style=\"font-weight: 400;\">Frantz Fanon grandit en Martinique et suit une partie de sa scolarit\u00e9 dans un environnement marqu\u00e9 par l\u2019h\u00e9ritage colonial fran\u00e7ais. Il fut \u00e9l\u00e8ve d\u2019<a href=\"https:\/\/richeskarayib.com\/fr\/aime-cesaire-martinique-negritude-heritage\/\" target=\"_blank\" rel=\"noopener\">Aim\u00e9 C\u00e9saire<\/a>, ce qui compte dans la formation de sa conscience politique, m\u00eame si Fanon construira ensuite sa propre voie intellectuelle. Durant la Seconde Guerre mondiale, il s\u2019engage dans l\u2019arm\u00e9e fran\u00e7aise libre. Cette exp\u00e9rience militaire, puis son contact direct avec le racisme et les hi\u00e9rarchies coloniales, nourriront profond\u00e9ment sa pens\u00e9e.<\/span><\/p>\n<p><span style=\"font-weight: 400;\">Apr\u00e8s la guerre, il poursuit des \u00e9tudes en France et se forme \u00e0 la m\u00e9decine puis \u00e0 la psychiatrie \u00e0 Lyon. Cette formation n\u2019est pas un simple d\u00e9tour universitaire : elle devient la base d\u2019une r\u00e9flexion neuve sur les souffrances psychiques produites par les structures sociales. Fanon est connu pour avoir d\u00e9fendu l\u2019id\u00e9e que certaines n\u00e9vroses sont socialement g\u00e9n\u00e9r\u00e9es. Autrement dit, la souffrance mentale ne peut pas toujours \u00eatre s\u00e9par\u00e9e du syst\u00e8me politique qui l\u2019entoure.<\/span><\/p>\t\t\t\t\t\t\t\t<\/div>\n\t\t\t\t<\/div>\n\t\t\t\t\t<\/div>\n\t\t<\/div>\n\t\t\t\t\t<\/div>\n\t\t<\/section>\n\t\t\t\t<section class=\"elementor-section elementor-top-section elementor-element elementor-element-ee7f5d7 elementor-section-boxed elementor-section-height-default elementor-section-height-default\" data-id=\"ee7f5d7\" data-element_type=\"section\">\n\t\t\t\t\t\t<div class=\"elementor-container elementor-column-gap-default\">\n\t\t\t\t\t<div class=\"elementor-column elementor-col-100 elementor-top-column elementor-element elementor-element-0669c08\" data-id=\"0669c08\" data-element_type=\"column\">\n\t\t\t<div class=\"elementor-widget-wrap elementor-element-populated\">\n\t\t\t\t\t\t<div class=\"elementor-element elementor-element-acc47ca elementor-widget elementor-widget-heading\" data-id=\"acc47ca\" data-element_type=\"widget\" data-widget_type=\"heading.default\">\n\t\t\t\t<div class=\"elementor-widget-container\">\n\t\t\t\t\t<h2 class=\"elementor-heading-title elementor-size-default\">Le psychiatre qui comprend que la colonisation rend malade<\/h2>\t\t\t\t<\/div>\n\t\t\t\t<\/div>\n\t\t\t\t<div class=\"elementor-element elementor-element-4bb1533 elementor-widget elementor-widget-text-editor\" data-id=\"4bb1533\" data-element_type=\"widget\" data-widget_type=\"text-editor.default\">\n\t\t\t\t<div class=\"elementor-widget-container\">\n\t\t\t\t\t\t\t\t\t<p><span style=\"font-weight: 400;\">Entre 1953 et 1956,<a href=\"https:\/\/fr.wikipedia.org\/wiki\/Frantz_Fanon\" target=\"_blank\" rel=\"noopener nofollow\"> Frantz Fanon<\/a> dirige le service de psychiatrie de l\u2019h\u00f4pital de Blida-Joinville, en Alg\u00e9rie, alors colonie fran\u00e7aise. C\u2019est l\u00e0 que sa pens\u00e9e prend une dimension d\u00e9cisive. En soignant \u00e0 la fois des Alg\u00e9riens victimes de la violence coloniale et des soldats fran\u00e7ais impliqu\u00e9s dans la r\u00e9pression, il constate que la domination n\u2019\u00e9crase pas seulement \u00e9conomiquement ou politiquement : elle d\u00e9sorganise aussi la vie psychique.<\/span><\/p>\n<p><span style=\"font-weight: 400;\">Les travaux historiques consacr\u00e9s \u00e0 ses ann\u00e9es alg\u00e9riennes montrent que Fanon ne s\u00e9pare jamais le soin du contexte social. Sa lettre de d\u00e9mission de 1956 affirme en substance que la structure coloniale en Alg\u00e9rie rendait impossible une v\u00e9ritable mission psychiatrique. Ce geste n\u2019est pas anecdotique : il marque le moment o\u00f9 le m\u00e9decin refuse de traiter les sympt\u00f4mes sans nommer le syst\u00e8me qui les produit.<\/span><\/p>\t\t\t\t\t\t\t\t<\/div>\n\t\t\t\t<\/div>\n\t\t\t\t<div class=\"elementor-element elementor-element-d3939ac elementor-widget elementor-widget-image\" data-id=\"d3939ac\" data-element_type=\"widget\" data-widget_type=\"image.default\">\n\t\t\t\t<div class=\"elementor-widget-container\">\n\t\t\t\t\t\t\t\t\t\t\t\t\t\t\t<img decoding=\"async\" width=\"637\" height=\"1024\" src=\"https:\/\/richeskarayib.com\/wp-content\/uploads\/2026\/03\/frantz-fanon-peau-noire-masque-blanc-dxn9fx-2-637x1024.jpeg\" class=\"attachment-large size-large wp-image-71244\" alt=\"Frantz Fanon\" srcset=\"https:\/\/richeskarayib.com\/wp-content\/uploads\/2026\/03\/frantz-fanon-peau-noire-masque-blanc-dxn9fx-2-637x1024.jpeg 637w, https:\/\/richeskarayib.com\/wp-content\/uploads\/2026\/03\/frantz-fanon-peau-noire-masque-blanc-dxn9fx-2-187x300.jpeg 187w, https:\/\/richeskarayib.com\/wp-content\/uploads\/2026\/03\/frantz-fanon-peau-noire-masque-blanc-dxn9fx-2-768x1235.jpeg 768w, https:\/\/richeskarayib.com\/wp-content\/uploads\/2026\/03\/frantz-fanon-peau-noire-masque-blanc-dxn9fx-2.jpeg 796w\" sizes=\"(max-width: 637px) 100vw, 637px\" \/>\t\t\t\t\t\t\t\t\t\t\t\t\t\t\t<\/div>\n\t\t\t\t<\/div>\n\t\t\t\t\t<\/div>\n\t\t<\/div>\n\t\t\t\t\t<\/div>\n\t\t<\/section>\n\t\t\t\t<section class=\"elementor-section elementor-top-section elementor-element elementor-element-d0fd0c0 elementor-section-boxed elementor-section-height-default elementor-section-height-default\" data-id=\"d0fd0c0\" data-element_type=\"section\">\n\t\t\t\t\t\t<div class=\"elementor-container elementor-column-gap-default\">\n\t\t\t\t\t<div class=\"elementor-column elementor-col-100 elementor-top-column elementor-element elementor-element-1e2ec65\" data-id=\"1e2ec65\" data-element_type=\"column\">\n\t\t\t<div class=\"elementor-widget-wrap elementor-element-populated\">\n\t\t\t\t\t\t<div class=\"elementor-element elementor-element-316145b elementor-widget elementor-widget-heading\" data-id=\"316145b\" data-element_type=\"widget\" data-widget_type=\"heading.default\">\n\t\t\t\t<div class=\"elementor-widget-container\">\n\t\t\t\t\t<h2 class=\"elementor-heading-title elementor-size-default\">Peau noire, masques blancs : un livre-cl\u00e9 sur l\u2019ali\u00e9nation<\/h2>\t\t\t\t<\/div>\n\t\t\t\t<\/div>\n\t\t\t\t<div class=\"elementor-element elementor-element-54e5967 elementor-widget elementor-widget-text-editor\" data-id=\"54e5967\" data-element_type=\"widget\" data-widget_type=\"text-editor.default\">\n\t\t\t\t<div class=\"elementor-widget-container\">\n\t\t\t\t\t\t\t\t\t<p><span style=\"font-weight: 400;\">Publi\u00e9 en 1952, Peau noire, masques blancs demeure l\u2019un des textes majeurs de Frantz Fanon. Ce livre examine les m\u00e9canismes par lesquels le regard colonial d\u00e9forme l\u2019image de soi, pousse \u00e0 l\u2019imitation, \u00e0 la honte ou au d\u00e9doublement int\u00e9rieur.<\/span><\/p>\n<p><span style=\"font-weight: 400;\">Ce texte garde une port\u00e9e remarquable parce qu\u2019il ne se contente pas de d\u00e9noncer le racisme. Il montre comment celui-ci travaille en profondeur le langage, le d\u00e9sir, le rapport au corps et l\u2019acc\u00e8s \u00e0 la dignit\u00e9. Fanon y d\u00e9monte la logique par laquelle le colonis\u00e9 est somm\u00e9 d\u2019adopter les normes du colonisateur pour esp\u00e9rer \u00eatre reconnu. Cette lecture reste centrale pour comprendre de nombreux d\u00e9bats contemporains sur l\u2019identit\u00e9, la couleur, la langue et la repr\u00e9sentation.<\/span><\/p>\t\t\t\t\t\t\t\t<\/div>\n\t\t\t\t<\/div>\n\t\t\t\t<div class=\"elementor-element elementor-element-56627bc elementor-widget elementor-widget-image\" data-id=\"56627bc\" data-element_type=\"widget\" data-widget_type=\"image.default\">\n\t\t\t\t<div class=\"elementor-widget-container\">\n\t\t\t\t\t\t\t\t\t\t\t\t\t\t\t<img decoding=\"async\" width=\"316\" height=\"523\" src=\"https:\/\/richeskarayib.com\/wp-content\/uploads\/2026\/03\/1-1.png\" class=\"attachment-large size-large wp-image-71224\" alt=\"Frantz Fanon\" srcset=\"https:\/\/richeskarayib.com\/wp-content\/uploads\/2026\/03\/1-1.png 316w, https:\/\/richeskarayib.com\/wp-content\/uploads\/2026\/03\/1-1-181x300.png 181w\" sizes=\"(max-width: 316px) 100vw, 316px\" \/>\t\t\t\t\t\t\t\t\t\t\t\t\t\t\t<\/div>\n\t\t\t\t<\/div>\n\t\t\t\t\t<\/div>\n\t\t<\/div>\n\t\t\t\t\t<\/div>\n\t\t<\/section>\n\t\t\t\t<section class=\"elementor-section elementor-top-section elementor-element elementor-element-f03d675 elementor-section-boxed elementor-section-height-default elementor-section-height-default\" data-id=\"f03d675\" data-element_type=\"section\">\n\t\t\t\t\t\t<div class=\"elementor-container elementor-column-gap-default\">\n\t\t\t\t\t<div class=\"elementor-column elementor-col-100 elementor-top-column elementor-element elementor-element-ddb1e36\" data-id=\"ddb1e36\" data-element_type=\"column\">\n\t\t\t<div class=\"elementor-widget-wrap elementor-element-populated\">\n\t\t\t\t\t\t<div class=\"elementor-element elementor-element-66035d3 elementor-widget elementor-widget-heading\" data-id=\"66035d3\" data-element_type=\"widget\" data-widget_type=\"heading.default\">\n\t\t\t\t<div class=\"elementor-widget-container\">\n\t\t\t\t\t<h2 class=\"elementor-heading-title elementor-size-default\">L\u2019engagement alg\u00e9rien : quand l\u2019intellectuel devient acteur politique<\/h2>\t\t\t\t<\/div>\n\t\t\t\t<\/div>\n\t\t\t\t<div class=\"elementor-element elementor-element-cae4ec8 elementor-widget elementor-widget-text-editor\" data-id=\"cae4ec8\" data-element_type=\"widget\" data-widget_type=\"text-editor.default\">\n\t\t\t\t<div class=\"elementor-widget-container\">\n\t\t\t\t\t\t\t\t\t<p><span style=\"font-weight: 400;\">Apr\u00e8s sa rupture avec l\u2019administration coloniale, Fanon rejoint la lutte alg\u00e9rienne et travaille aux c\u00f4t\u00e9s du Front de lib\u00e9ration nationale. Apr\u00e8s son expulsion d\u2019Alg\u00e9rie en 1956, il rejoint \u00e0 Tunis le Gouvernement provisoire de la R\u00e9publique alg\u00e9rienne et m\u00e8ne une activit\u00e9 diplomatique et politique importante. Son parcours bascule alors d\u00e9finitivement dans l\u2019action r\u00e9volutionnaire.<\/span><\/p>\n<p><span style=\"font-weight: 400;\">Cette \u00e9tape est essentielle pour comprendre son \u0153uvre. Fanon n\u2019est pas un observateur lointain des d\u00e9colonisations. Il en devient l\u2019un des penseurs engag\u00e9s les plus lus. Ses \u00e9crits ne d\u00e9crivent pas seulement le colonialisme ; ils interrogent aussi les responsabilit\u00e9s des \u00e9lites nationales, les impasses du mim\u00e9tisme politique et les risques d\u2019une ind\u00e9pendance sans transformation sociale r\u00e9elle. Ces th\u00e8mes expliqueront l\u2019impact durable de ses textes bien au-del\u00e0 de l\u2019Alg\u00e9rie.<\/span><\/p>\t\t\t\t\t\t\t\t<\/div>\n\t\t\t\t<\/div>\n\t\t\t\t\t<\/div>\n\t\t<\/div>\n\t\t\t\t\t<\/div>\n\t\t<\/section>\n\t\t\t\t<section class=\"elementor-section elementor-top-section elementor-element elementor-element-d2c3e42 elementor-section-boxed elementor-section-height-default elementor-section-height-default\" data-id=\"d2c3e42\" data-element_type=\"section\">\n\t\t\t\t\t\t<div class=\"elementor-container elementor-column-gap-default\">\n\t\t\t\t\t<div class=\"elementor-column elementor-col-100 elementor-top-column elementor-element elementor-element-caddc00\" data-id=\"caddc00\" data-element_type=\"column\">\n\t\t\t<div class=\"elementor-widget-wrap elementor-element-populated\">\n\t\t\t\t\t\t<div class=\"elementor-element elementor-element-e92cf66 elementor-widget elementor-widget-heading\" data-id=\"e92cf66\" data-element_type=\"widget\" data-widget_type=\"heading.default\">\n\t\t\t\t<div class=\"elementor-widget-container\">\n\t\t\t\t\t<h2 class=\"elementor-heading-title elementor-size-default\">Les Damn\u00e9s de la terre : un texte majeur, souvent simplifi\u00e9 \u00e0 tort<\/h2>\t\t\t\t<\/div>\n\t\t\t\t<\/div>\n\t\t\t\t<div class=\"elementor-element elementor-element-c757097 elementor-widget elementor-widget-text-editor\" data-id=\"c757097\" data-element_type=\"widget\" data-widget_type=\"text-editor.default\">\n\t\t\t\t<div class=\"elementor-widget-container\">\n\t\t\t\t\t\t\t\t\t<p><span style=\"font-weight: 400;\">Publi\u00e9 en 1961, Les Damn\u00e9s de la terre est l\u2019autre grand ouvrage associ\u00e9 \u00e0 Frantz Fanon. Ce livre, r\u00e9dig\u00e9 dans le contexte de la guerre d\u2019ind\u00e9pendance alg\u00e9rienne, traite de l\u2019histoire de la colonisation et de la crise de la d\u00e9colonisation. Il analyse le monde colonial comme un syst\u00e8me de domination, d\u2019exploitation et de d\u00e9possession.<\/span><\/p>\n<p><span style=\"font-weight: 400;\">Le livre est souvent r\u00e9sum\u00e9 \u00e0 la seule question de la violence. C\u2019est r\u00e9ducteur. Fanon y parle aussi des bourgeoisies nationales, de la culture, des pi\u00e8ges du nationalisme creux, du r\u00f4le de la paysannerie et de la reconstruction de l\u2019\u00eatre collectif apr\u00e8s la domination. La violence y appara\u00eet dans un cadre pr\u00e9cis : celui d\u2019un monde colonial d\u00e9j\u00e0 structur\u00e9 par la violence. Pour comprendre Fanon s\u00e9rieusement, il faut lire ce texte dans toute sa complexit\u00e9, et non comme un simple appel abstrait \u00e0 l\u2019affrontement.<\/span><\/p>\t\t\t\t\t\t\t\t<\/div>\n\t\t\t\t<\/div>\n\t\t\t\t<div class=\"elementor-element elementor-element-66a588f elementor-widget elementor-widget-image\" data-id=\"66a588f\" data-element_type=\"widget\" data-widget_type=\"image.default\">\n\t\t\t\t<div class=\"elementor-widget-container\">\n\t\t\t\t\t\t\t\t\t\t\t\t\t\t\t<img loading=\"lazy\" decoding=\"async\" width=\"475\" height=\"704\" src=\"https:\/\/richeskarayib.com\/wp-content\/uploads\/2026\/03\/12-1.png\" class=\"attachment-large size-large wp-image-71228\" alt=\"Frantz Fanon\" srcset=\"https:\/\/richeskarayib.com\/wp-content\/uploads\/2026\/03\/12-1.png 475w, https:\/\/richeskarayib.com\/wp-content\/uploads\/2026\/03\/12-1-202x300.png 202w\" sizes=\"(max-width: 475px) 100vw, 475px\" \/>\t\t\t\t\t\t\t\t\t\t\t\t\t\t\t<\/div>\n\t\t\t\t<\/div>\n\t\t\t\t\t<\/div>\n\t\t<\/div>\n\t\t\t\t\t<\/div>\n\t\t<\/section>\n\t\t\t\t<section class=\"elementor-section elementor-top-section elementor-element elementor-element-9468f8e elementor-section-boxed elementor-section-height-default elementor-section-height-default\" data-id=\"9468f8e\" data-element_type=\"section\">\n\t\t\t\t\t\t<div class=\"elementor-container elementor-column-gap-default\">\n\t\t\t\t\t<div class=\"elementor-column elementor-col-100 elementor-top-column elementor-element elementor-element-3e402a0\" data-id=\"3e402a0\" data-element_type=\"column\">\n\t\t\t<div class=\"elementor-widget-wrap elementor-element-populated\">\n\t\t\t\t\t\t<div class=\"elementor-element elementor-element-59b616a elementor-widget elementor-widget-heading\" data-id=\"59b616a\" data-element_type=\"widget\" data-widget_type=\"heading.default\">\n\t\t\t\t<div class=\"elementor-widget-container\">\n\t\t\t\t\t<h2 class=\"elementor-heading-title elementor-size-default\">Une mort pr\u00e9coce, une influence immense<\/h2>\t\t\t\t<\/div>\n\t\t\t\t<\/div>\n\t\t\t\t<div class=\"elementor-element elementor-element-0214a7c elementor-widget elementor-widget-text-editor\" data-id=\"0214a7c\" data-element_type=\"widget\" data-widget_type=\"text-editor.default\">\n\t\t\t\t<div class=\"elementor-widget-container\">\n\t\t\t\t\t\t\t\t\t<p><span style=\"font-weight: 400;\">Atteint de leuc\u00e9mie, Frantz Fanon meurt le 6 d\u00e9cembre 1961 \u00e0 Bethesda, aux \u00c9tats-Unis, \u00e0 seulement 36 ans. Malgr\u00e9 cette disparition pr\u00e9coce, son influence traverse les d\u00e9cennies. Ses critiques ont inspir\u00e9 plusieurs g\u00e9n\u00e9rations de penseurs et d\u2019activistes. Son travail a nourri les r\u00e9flexions sur la d\u00e9colonisation, les rapports de race, les violences structurelles et la critique des h\u00e9ritages imp\u00e9riaux.<\/span><\/p>\n<p><span style=\"font-weight: 400;\">Dans l\u2019espace carib\u00e9en, son nom conserve une r\u00e9sonance particuli\u00e8re. Parce qu\u2019il est martiniquais, bien s\u00fbr, mais surtout parce qu\u2019il a donn\u00e9 \u00e0 la Cara\u00efbe l\u2019une de ses voix intellectuelles les plus incisives sur la dignit\u00e9 humaine. Fanon rappelle que la Cara\u00efbe n\u2019est pas seulement un espace culturel ou touristique : elle est aussi une terre de pens\u00e9e, de rupture et d\u2019invention politique.<\/span><\/p>\t\t\t\t\t\t\t\t<\/div>\n\t\t\t\t<\/div>\n\t\t\t\t\t<\/div>\n\t\t<\/div>\n\t\t\t\t\t<\/div>\n\t\t<\/section>\n\t\t\t\t<section class=\"elementor-section elementor-top-section elementor-element elementor-element-f5709a6 elementor-section-boxed elementor-section-height-default elementor-section-height-default\" data-id=\"f5709a6\" data-element_type=\"section\">\n\t\t\t\t\t\t<div class=\"elementor-container elementor-column-gap-default\">\n\t\t\t\t\t<div class=\"elementor-column elementor-col-100 elementor-top-column elementor-element elementor-element-957be6f\" data-id=\"957be6f\" data-element_type=\"column\">\n\t\t\t<div class=\"elementor-widget-wrap elementor-element-populated\">\n\t\t\t\t\t\t<div class=\"elementor-element elementor-element-63e5d4a elementor-widget elementor-widget-accordion\" data-id=\"63e5d4a\" data-element_type=\"widget\" data-widget_type=\"accordion.default\">\n\t\t\t\t<div class=\"elementor-widget-container\">\n\t\t\t\t\t\t\t<div class=\"elementor-accordion\">\n\t\t\t\t\t\t\t<div class=\"elementor-accordion-item\">\n\t\t\t\t\t<div id=\"elementor-tab-title-1041\" class=\"elementor-tab-title\" data-tab=\"1\" role=\"button\" aria-controls=\"elementor-tab-content-1041\" aria-expanded=\"false\">\n\t\t\t\t\t\t\t\t\t\t\t\t\t<span class=\"elementor-accordion-icon elementor-accordion-icon-left\" aria-hidden=\"true\">\n\t\t\t\t\t\t\t\t\t\t\t\t\t\t\t<span class=\"elementor-accordion-icon-closed\"><i class=\"fas fa-plus\"><\/i><\/span>\n\t\t\t\t\t\t\t\t<span class=\"elementor-accordion-icon-opened\"><i class=\"fas fa-minus\"><\/i><\/span>\n\t\t\t\t\t\t\t\t\t\t\t\t\t\t<\/span>\n\t\t\t\t\t\t\t\t\t\t\t\t<a class=\"elementor-accordion-title\" tabindex=\"0\">Qui est Frantz Fanon et pourquoi est-il important ?<\/a>\n\t\t\t\t\t<\/div>\n\t\t\t\t\t<div id=\"elementor-tab-content-1041\" class=\"elementor-tab-content elementor-clearfix\" data-tab=\"1\" role=\"region\" aria-labelledby=\"elementor-tab-title-1041\"><p><span style=\"font-weight: 400;\">Frantz Fanon est un psychiatre, \u00e9crivain et penseur politique n\u00e9 en Martinique en 1925. Il est reconnu pour ses analyses profondes du colonialisme, du racisme et de leurs impacts sur la psychologie humaine. Son importance tient au fait qu\u2019il a articul\u00e9, d\u00e8s les ann\u00e9es 1950, une r\u00e9flexion globale reliant domination politique, ali\u00e9nation mentale et luttes de lib\u00e9ration. Son \u0153uvre continue aujourd\u2019hui d\u2019alimenter les recherches en sciences sociales, les \u00e9tudes postcoloniales et les d\u00e9bats sur les identit\u00e9s.<\/span><\/p><\/div>\n\t\t\t\t<\/div>\n\t\t\t\t\t\t\t<div class=\"elementor-accordion-item\">\n\t\t\t\t\t<div id=\"elementor-tab-title-1042\" class=\"elementor-tab-title\" data-tab=\"2\" role=\"button\" aria-controls=\"elementor-tab-content-1042\" aria-expanded=\"false\">\n\t\t\t\t\t\t\t\t\t\t\t\t\t<span class=\"elementor-accordion-icon elementor-accordion-icon-left\" aria-hidden=\"true\">\n\t\t\t\t\t\t\t\t\t\t\t\t\t\t\t<span class=\"elementor-accordion-icon-closed\"><i class=\"fas fa-plus\"><\/i><\/span>\n\t\t\t\t\t\t\t\t<span class=\"elementor-accordion-icon-opened\"><i class=\"fas fa-minus\"><\/i><\/span>\n\t\t\t\t\t\t\t\t\t\t\t\t\t\t<\/span>\n\t\t\t\t\t\t\t\t\t\t\t\t<a class=\"elementor-accordion-title\" tabindex=\"0\">Quels sont les livres les plus importants de Frantz Fanon ?<\/a>\n\t\t\t\t\t<\/div>\n\t\t\t\t\t<div id=\"elementor-tab-content-1042\" class=\"elementor-tab-content elementor-clearfix\" data-tab=\"2\" role=\"region\" aria-labelledby=\"elementor-tab-title-1042\"><p><span style=\"font-weight: 400;\">Les deux ouvrages majeurs de Frantz Fanon sont Peau noire, masques blancs (1952) et Les Damn\u00e9s de la terre (1961). Le premier analyse les effets psychologiques du racisme et du regard colonial sur les individus, en particulier dans les soci\u00e9t\u00e9s marqu\u00e9es par l\u2019h\u00e9ritage europ\u00e9en. Le second propose une r\u00e9flexion plus large sur les processus de d\u00e9colonisation, les dynamiques politiques des pays colonis\u00e9s et les d\u00e9fis li\u00e9s \u00e0 l\u2019ind\u00e9pendance. Ces deux textes restent aujourd\u2019hui des r\u00e9f\u00e9rences incontournables.<\/span><\/p><\/div>\n\t\t\t\t<\/div>\n\t\t\t\t\t\t\t<div class=\"elementor-accordion-item\">\n\t\t\t\t\t<div id=\"elementor-tab-title-1043\" class=\"elementor-tab-title\" data-tab=\"3\" role=\"button\" aria-controls=\"elementor-tab-content-1043\" aria-expanded=\"false\">\n\t\t\t\t\t\t\t\t\t\t\t\t\t<span class=\"elementor-accordion-icon elementor-accordion-icon-left\" aria-hidden=\"true\">\n\t\t\t\t\t\t\t\t\t\t\t\t\t\t\t<span class=\"elementor-accordion-icon-closed\"><i class=\"fas fa-plus\"><\/i><\/span>\n\t\t\t\t\t\t\t\t<span class=\"elementor-accordion-icon-opened\"><i class=\"fas fa-minus\"><\/i><\/span>\n\t\t\t\t\t\t\t\t\t\t\t\t\t\t<\/span>\n\t\t\t\t\t\t\t\t\t\t\t\t<a class=\"elementor-accordion-title\" tabindex=\"0\">Quel r\u00f4le Frantz Fanon a-t-il jou\u00e9 dans la guerre d\u2019Alg\u00e9rie ?<\/a>\n\t\t\t\t\t<\/div>\n\t\t\t\t\t<div id=\"elementor-tab-content-1043\" class=\"elementor-tab-content elementor-clearfix\" data-tab=\"3\" role=\"region\" aria-labelledby=\"elementor-tab-title-1043\"><p><span style=\"font-weight: 400;\">Frantz Fanon s\u2019est engag\u00e9 activement aux c\u00f4t\u00e9s du Front de lib\u00e9ration nationale (FLN) pendant la guerre d\u2019ind\u00e9pendance alg\u00e9rienne. Apr\u00e8s avoir exerc\u00e9 comme psychiatre en Alg\u00e9rie, il quitte ses fonctions pour d\u00e9noncer les effets destructeurs du syst\u00e8me colonial. Il rejoint ensuite les structures politiques du mouvement ind\u00e9pendantiste, notamment \u00e0 Tunis, o\u00f9 il participe \u00e0 la r\u00e9flexion strat\u00e9gique et diplomatique. Son engagement fait de lui un acteur direct des luttes anticoloniales, et non seulement un observateur.<\/span><\/p><\/div>\n\t\t\t\t<\/div>\n\t\t\t\t\t\t\t\t<\/div>\n\t\t\t\t\t\t<\/div>\n\t\t\t\t<\/div>\n\t\t\t\t\t<\/div>\n\t\t<\/div>\n\t\t\t\t\t<\/div>\n\t\t<\/section>\n\t\t\t\t<\/div>\n\t\t","protected":false},"excerpt":{"rendered":"<p>N\u00e9 \u00e0 Fort-de-France le 20 juillet 1925, Frantz Fanon reste l\u2019une des figures intellectuelles les plus puissantes issues de la Martinique. Psychiatre, \u00e9crivain et penseur politique, il a li\u00e9 dans une m\u00eame r\u00e9flexion la question raciale, la domination coloniale, la sant\u00e9 mentale et la lib\u00e9ration des peuples. Son \u0153uvre, relativement br\u00e8ve en raison de sa [&hellip;]<\/p>\n","protected":false},"author":662,"featured_media":71220,"comment_status":"open","ping_status":"open","sticky":false,"template":"","format":"standard","meta":{"_acf_changed":false,"footnotes":""},"categories":[1468],"tags":[808],"class_list":["post-71219","post","type-post","status-publish","format-standard","has-post-thumbnail","hentry","category-histoire-patrimoine","tag-martinique-fr"],"acf":[],"_links":{"self":[{"href":"https:\/\/richeskarayib.com\/fr\/wp-json\/wp\/v2\/posts\/71219","targetHints":{"allow":["GET"]}}],"collection":[{"href":"https:\/\/richeskarayib.com\/fr\/wp-json\/wp\/v2\/posts"}],"about":[{"href":"https:\/\/richeskarayib.com\/fr\/wp-json\/wp\/v2\/types\/post"}],"author":[{"embeddable":true,"href":"https:\/\/richeskarayib.com\/fr\/wp-json\/wp\/v2\/users\/662"}],"replies":[{"embeddable":true,"href":"https:\/\/richeskarayib.com\/fr\/wp-json\/wp\/v2\/comments?post=71219"}],"version-history":[{"count":0,"href":"https:\/\/richeskarayib.com\/fr\/wp-json\/wp\/v2\/posts\/71219\/revisions"}],"wp:featuredmedia":[{"embeddable":true,"href":"https:\/\/richeskarayib.com\/fr\/wp-json\/wp\/v2\/media\/71220"}],"wp:attachment":[{"href":"https:\/\/richeskarayib.com\/fr\/wp-json\/wp\/v2\/media?parent=71219"}],"wp:term":[{"taxonomy":"category","embeddable":true,"href":"https:\/\/richeskarayib.com\/fr\/wp-json\/wp\/v2\/categories?post=71219"},{"taxonomy":"post_tag","embeddable":true,"href":"https:\/\/richeskarayib.com\/fr\/wp-json\/wp\/v2\/tags?post=71219"}],"curies":[{"name":"wp","href":"https:\/\/api.w.org\/{rel}","templated":true}]}}