{"id":71251,"date":"2026-03-26T14:45:36","date_gmt":"2026-03-26T18:45:36","guid":{"rendered":"https:\/\/richeskarayib.com\/?p=71251"},"modified":"2026-04-15T11:25:05","modified_gmt":"2026-04-15T15:25:05","slug":"carifta-martinique-accueillera-500-nageurs","status":"publish","type":"post","link":"https:\/\/richeskarayib.com\/fr\/carifta-martinique-accueillera-500-nageurs\/","title":{"rendered":"CARIFTA 2026 : la Martinique accueillera plus de 500 nageurs venant de toute la Cara\u00efbe"},"content":{"rendered":"\t\t<div data-elementor-type=\"wp-post\" data-elementor-id=\"71251\" class=\"elementor elementor-71251\" data-elementor-post-type=\"post\">\n\t\t\t\t\t\t<section class=\"elementor-section elementor-top-section elementor-element elementor-element-7ca7ca1 elementor-section-boxed elementor-section-height-default elementor-section-height-default\" data-id=\"7ca7ca1\" data-element_type=\"section\">\n\t\t\t\t\t\t<div class=\"elementor-container elementor-column-gap-default\">\n\t\t\t\t\t<div class=\"elementor-column elementor-col-100 elementor-top-column elementor-element elementor-element-cbdd002\" data-id=\"cbdd002\" data-element_type=\"column\">\n\t\t\t<div class=\"elementor-widget-wrap elementor-element-populated\">\n\t\t\t\t\t\t<section class=\"elementor-section elementor-inner-section elementor-element elementor-element-bc94849 elementor-section-boxed elementor-section-height-default elementor-section-height-default\" data-id=\"bc94849\" data-element_type=\"section\">\n\t\t\t\t\t\t<div class=\"elementor-container elementor-column-gap-default\">\n\t\t\t\t\t\t<\/div>\n\t\t<\/section>\n\t\t\t\t<section class=\"elementor-section elementor-inner-section elementor-element elementor-element-61571e6 elementor-section-boxed elementor-section-height-default elementor-section-height-default\" data-id=\"61571e6\" data-element_type=\"section\">\n\t\t\t\t\t\t<div class=\"elementor-container elementor-column-gap-default\">\n\t\t\t\t\t\t<\/div>\n\t\t<\/section>\n\t\t\t\t<section class=\"elementor-section elementor-inner-section elementor-element elementor-element-b6262e0 elementor-section-boxed elementor-section-height-default elementor-section-height-default\" data-id=\"b6262e0\" data-element_type=\"section\">\n\t\t\t\t\t\t<div class=\"elementor-container elementor-column-gap-default\">\n\t\t\t\t\t\t<\/div>\n\t\t<\/section>\n\t\t\t\t<section class=\"elementor-section elementor-inner-section elementor-element elementor-element-cca29fd elementor-section-boxed elementor-section-height-default elementor-section-height-default\" data-id=\"cca29fd\" data-element_type=\"section\">\n\t\t\t\t\t\t<div class=\"elementor-container elementor-column-gap-default\">\n\t\t\t\t\t\t<\/div>\n\t\t<\/section>\n\t\t\t\t\t<\/div>\n\t\t<\/div>\n\t\t\t\t\t<\/div>\n\t\t<\/section>\n\t\t\t\t<section class=\"elementor-section elementor-top-section elementor-element elementor-element-ee72354 elementor-section-boxed elementor-section-height-default elementor-section-height-default\" data-id=\"ee72354\" data-element_type=\"section\">\n\t\t\t\t\t\t<div class=\"elementor-container elementor-column-gap-default\">\n\t\t\t\t\t<div class=\"elementor-column elementor-col-100 elementor-top-column elementor-element elementor-element-c59d6fe\" data-id=\"c59d6fe\" data-element_type=\"column\">\n\t\t\t<div class=\"elementor-widget-wrap elementor-element-populated\">\n\t\t\t\t\t\t<div class=\"elementor-element elementor-element-e57451f elementor-widget elementor-widget-text-editor\" data-id=\"e57451f\" data-element_type=\"widget\" data-widget_type=\"text-editor.default\">\n\t\t\t\t<div class=\"elementor-widget-container\">\n\t\t\t\t\t\t\t\t\t<p><span style=\"font-weight: 400;\">Du 3 au 8 avril 2026, la Martinique accueillera les <strong>CARIFTA 2026 Aquatics Championships<\/strong><\/span><span style=\"font-weight: 400;\">, un rendez-vous majeur du calendrier sportif carib\u00e9en. Pendant six jours, l\u2019\u00eele deviendra le point de rencontre des meilleurs jeunes nageurs de la r\u00e9gion. Plus de 500 athl\u00e8tes issus de 24 territoires sont attendus, avec la pr\u00e9sence d\u2019officiels, d\u2019entra\u00eeneurs et de supporters. D\u00e8s son annonce, CARIFTA 2026 appara\u00eet comme un \u00e9v\u00e9nement d\u2019ampleur, \u00e0 la fois par le nombre de participants mobilis\u00e9s et par la place qu\u2019il occupe dans l\u2019univers de la natation carib\u00e9enne.<\/span><\/p>\t\t\t\t\t\t\t\t<\/div>\n\t\t\t\t<\/div>\n\t\t\t\t\t<\/div>\n\t\t<\/div>\n\t\t\t\t\t<\/div>\n\t\t<\/section>\n\t\t\t\t<section class=\"elementor-section elementor-top-section elementor-element elementor-element-82cd8f9 elementor-section-boxed elementor-section-height-default elementor-section-height-default\" data-id=\"82cd8f9\" data-element_type=\"section\">\n\t\t\t\t\t\t<div class=\"elementor-container elementor-column-gap-default\">\n\t\t\t\t\t<div class=\"elementor-column elementor-col-100 elementor-top-column elementor-element elementor-element-0bfdc38\" data-id=\"0bfdc38\" data-element_type=\"column\">\n\t\t\t<div class=\"elementor-widget-wrap elementor-element-populated\">\n\t\t\t\t\t\t<div class=\"elementor-element elementor-element-7d292fe elementor-widget elementor-widget-heading\" data-id=\"7d292fe\" data-element_type=\"widget\" data-widget_type=\"heading.default\">\n\t\t\t\t<div class=\"elementor-widget-container\">\n\t\t\t\t\t<h2 class=\"elementor-heading-title elementor-size-default\">CARIFTA 2026 Aquatics Championships, une \u00e9tape structurante pour les jeunes nageurs de la r\u00e9gion<\/h2>\t\t\t\t<\/div>\n\t\t\t\t<\/div>\n\t\t\t\t<div class=\"elementor-element elementor-element-96caf50 elementor-widget elementor-widget-text-editor\" data-id=\"96caf50\" data-element_type=\"widget\" data-widget_type=\"text-editor.default\">\n\t\t\t\t<div class=\"elementor-widget-container\">\n\t\t\t\t\t\t\t\t\t<p><span style=\"font-weight: 400;\">CARIFTA 2026 Aquatics Championships s\u2019inscrit dans une dynamique bien install\u00e9e dans le paysage sportif carib\u00e9en. D\u2019ann\u00e9e en ann\u00e9e, les championnats CARIFTA se sont impos\u00e9s comme une \u00e9tape importante pour les nageurs qui avancent vers le niveau international. Organis\u00e9 dans le cadre de la coop\u00e9ration sportive carib\u00e9enne, l\u2019\u00e9v\u00e9nement joue un r\u00f4le structurant \u00e0 travers plusieurs disciplines. En natation, il repr\u00e9sente le plus haut niveau de comp\u00e9tition pour les cat\u00e9gories jeunes, ce qui en fait un passage d\u00e9terminant dans la progression des athl\u00e8tes.<\/span><\/p>\n<p><span style=\"font-weight: 400;\">Le programme confirme cette envergure. Les comp\u00e9titions en piscine se tiendront du 4 au 7 avril au Centre Aquatique du Lamentin. Des \u00e9preuves de natation artistique sont \u00e9galement pr\u00e9vues, tandis qu\u2019une course en eau libre aura lieu le 8 avril \u00e0 l<a href=\"https:\/\/richeskarayib.com\/fr\/les-anses-darlet-un-bijou-creole-emotions\/\" target=\"_blank\" rel=\"noopener\">\u2019Anse d\u2019Arlet<\/a>. L\u2019ensemble constitue un dispositif complet, r\u00e9parti sur plusieurs jours et plusieurs formats, renfor\u00e7ant la densit\u00e9 sportive de cet \u00e9v\u00e8nement.<\/span><\/p>\t\t\t\t\t\t\t\t<\/div>\n\t\t\t\t<\/div>\n\t\t\t\t<div class=\"elementor-element elementor-element-05345a1 elementor-widget elementor-widget-image\" data-id=\"05345a1\" data-element_type=\"widget\" data-widget_type=\"image.default\">\n\t\t\t\t<div class=\"elementor-widget-container\">\n\t\t\t\t\t\t\t\t\t\t\t\t\t\t\t<img fetchpriority=\"high\" decoding=\"async\" width=\"724\" height=\"1024\" src=\"https:\/\/richeskarayib.com\/wp-content\/uploads\/2026\/03\/WhatsApp-Image-2026-03-26-at-20.41.54-724x1024.jpeg\" class=\"attachment-large size-large wp-image-71372\" alt=\"CARIFTA Aquatics Championships 2026\" srcset=\"https:\/\/richeskarayib.com\/wp-content\/uploads\/2026\/03\/WhatsApp-Image-2026-03-26-at-20.41.54-724x1024.jpeg 724w, https:\/\/richeskarayib.com\/wp-content\/uploads\/2026\/03\/WhatsApp-Image-2026-03-26-at-20.41.54-212x300.jpeg 212w, https:\/\/richeskarayib.com\/wp-content\/uploads\/2026\/03\/WhatsApp-Image-2026-03-26-at-20.41.54-768x1086.jpeg 768w, https:\/\/richeskarayib.com\/wp-content\/uploads\/2026\/03\/WhatsApp-Image-2026-03-26-at-20.41.54-1086x1536.jpeg 1086w, https:\/\/richeskarayib.com\/wp-content\/uploads\/2026\/03\/WhatsApp-Image-2026-03-26-at-20.41.54.jpeg 1131w\" sizes=\"(max-width: 724px) 100vw, 724px\" \/>\t\t\t\t\t\t\t\t\t\t\t\t\t\t\t<\/div>\n\t\t\t\t<\/div>\n\t\t\t\t<section class=\"elementor-section elementor-inner-section elementor-element elementor-element-c582330 elementor-section-boxed elementor-section-height-default elementor-section-height-default\" data-id=\"c582330\" data-element_type=\"section\">\n\t\t\t\t\t\t<div class=\"elementor-container elementor-column-gap-default\">\n\t\t\t\t\t\t<\/div>\n\t\t<\/section>\n\t\t\t\t<section class=\"elementor-section elementor-inner-section elementor-element elementor-element-296603a elementor-section-boxed elementor-section-height-default elementor-section-height-default\" data-id=\"296603a\" data-element_type=\"section\">\n\t\t\t\t\t\t<div class=\"elementor-container elementor-column-gap-default\">\n\t\t\t\t\t\t<\/div>\n\t\t<\/section>\n\t\t\t\t\t<\/div>\n\t\t<\/div>\n\t\t\t\t\t<\/div>\n\t\t<\/section>\n\t\t\t\t<section class=\"elementor-section elementor-top-section elementor-element elementor-element-9c88a89 elementor-section-boxed elementor-section-height-default elementor-section-height-default\" data-id=\"9c88a89\" data-element_type=\"section\">\n\t\t\t\t\t\t<div class=\"elementor-container elementor-column-gap-default\">\n\t\t\t\t\t<div class=\"elementor-column elementor-col-100 elementor-top-column elementor-element elementor-element-78cf5d1\" data-id=\"78cf5d1\" data-element_type=\"column\">\n\t\t\t<div class=\"elementor-widget-wrap elementor-element-populated\">\n\t\t\t\t\t\t<div class=\"elementor-element elementor-element-ea2a5c1 elementor-widget elementor-widget-heading\" data-id=\"ea2a5c1\" data-element_type=\"widget\" data-widget_type=\"heading.default\">\n\t\t\t\t<div class=\"elementor-widget-container\">\n\t\t\t\t\t<h2 class=\"elementor-heading-title elementor-size-default\">Un \u00e9v\u00e9nement carib\u00e9en de r\u00e9f\u00e9rence \u00e0 port\u00e9e r\u00e9gionale<\/h2>\t\t\t\t<\/div>\n\t\t\t\t<\/div>\n\t\t\t\t<div class=\"elementor-element elementor-element-e305eee elementor-widget elementor-widget-text-editor\" data-id=\"e305eee\" data-element_type=\"widget\" data-widget_type=\"text-editor.default\">\n\t\t\t\t<div class=\"elementor-widget-container\">\n\t\t\t\t\t\t\t\t\t<p><span style=\"font-weight: 400;\">Les championnats CARIFTA occupent une place centrale dans le sport carib\u00e9en. Ils r\u00e9unissent les meilleurs jeunes talents de la r\u00e9gion dans un environnement comp\u00e9titif reconnu au-del\u00e0 m\u00eame de la Cara\u00efbe. Inscrit comme un temps fort du calendrier r\u00e9gional, l\u2019\u00e9v\u00e9nement contribue directement au d\u00e9veloppement de la natation dans l\u2019espace carib\u00e9en et constitue une \u00e9tape importante pour les athl\u00e8tes engag\u00e9s vers la performance d\u2019\u00e9lite.<\/span><\/p>\n<p><span style=\"font-weight: 400;\">Organis\u00e9e chaque ann\u00e9e dans un territoire diff\u00e9rent, la comp\u00e9tition repose sur une logique de rotation qui renforce les liens entre les \u00eeles. En 2026, la Martinique s\u2019inscrit pleinement dans cette dynamique en accueillant CARIFTA 2026 Aquatics Championships, assumant ainsi un r\u00f4le actif dans la coop\u00e9ration sportive r\u00e9gionale.<\/span><\/p>\t\t\t\t\t\t\t\t<\/div>\n\t\t\t\t<\/div>\n\t\t\t\t<div class=\"elementor-element elementor-element-4ba4a39 elementor-blockquote--skin-border elementor-widget elementor-widget-blockquote\" data-id=\"4ba4a39\" data-element_type=\"widget\" data-widget_type=\"blockquote.default\">\n\t\t\t\t<div class=\"elementor-widget-container\">\n\t\t\t\t\t\t\t<blockquote class=\"elementor-blockquote\">\n\t\t\t<p class=\"elementor-blockquote__content\">\n\t\t\t\t\u00ab Les CARIFTA, c\u2019est la rencontre de nos fr\u00e8res et s\u0153urs de la Cara\u00efbe. Au-del\u00e0 de la comp\u00e9tition et de l\u2019exigence, c\u2019est un moment de partage, de respect et de fraternit\u00e9 qui nous rassemble. \u00bb\t\t\t<\/p>\n\t\t\t\t\t\t\t<div class=\"e-q-footer\">\n\t\t\t\t\t\t\t\t\t\t\t<cite class=\"elementor-blockquote__author\">Alex BADIAN \u2013 Pr\u00e9sident, (Ligue de Natation de Martinique \u2013 LNM)<\/cite>\n\t\t\t\t\t\t\t\t\t\t\t\t\t\t<\/div>\n\t\t\t\t\t<\/blockquote>\n\t\t\t\t\t\t<\/div>\n\t\t\t\t<\/div>\n\t\t\t\t<div class=\"elementor-element elementor-element-362373c elementor-widget elementor-widget-image\" data-id=\"362373c\" data-element_type=\"widget\" data-widget_type=\"image.default\">\n\t\t\t\t<div class=\"elementor-widget-container\">\n\t\t\t\t\t\t\t\t\t\t\t\t\t\t\t<img decoding=\"async\" width=\"800\" height=\"370\" src=\"https:\/\/richeskarayib.com\/wp-content\/uploads\/2026\/03\/WhatsApp-Image-2026-03-26-at-20.37.19-1024x473.jpeg\" class=\"attachment-large size-large wp-image-71376\" alt=\"Alex BADIAN \u2013 President, (Ligue de Natation de Martinique \u2013 LNM\" srcset=\"https:\/\/richeskarayib.com\/wp-content\/uploads\/2026\/03\/WhatsApp-Image-2026-03-26-at-20.37.19-1024x473.jpeg 1024w, https:\/\/richeskarayib.com\/wp-content\/uploads\/2026\/03\/WhatsApp-Image-2026-03-26-at-20.37.19-300x139.jpeg 300w, https:\/\/richeskarayib.com\/wp-content\/uploads\/2026\/03\/WhatsApp-Image-2026-03-26-at-20.37.19-768x355.jpeg 768w, https:\/\/richeskarayib.com\/wp-content\/uploads\/2026\/03\/WhatsApp-Image-2026-03-26-at-20.37.19-1536x709.jpeg 1536w, https:\/\/richeskarayib.com\/wp-content\/uploads\/2026\/03\/WhatsApp-Image-2026-03-26-at-20.37.19-1320x610.jpeg 1320w, https:\/\/richeskarayib.com\/wp-content\/uploads\/2026\/03\/WhatsApp-Image-2026-03-26-at-20.37.19.jpeg 1600w\" sizes=\"(max-width: 800px) 100vw, 800px\" \/>\t\t\t\t\t\t\t\t\t\t\t\t\t\t\t<\/div>\n\t\t\t\t<\/div>\n\t\t\t\t\t<\/div>\n\t\t<\/div>\n\t\t\t\t\t<\/div>\n\t\t<\/section>\n\t\t\t\t<section class=\"elementor-section elementor-top-section elementor-element elementor-element-ee7f5d7 elementor-section-boxed elementor-section-height-default elementor-section-height-default\" data-id=\"ee7f5d7\" data-element_type=\"section\">\n\t\t\t\t\t\t<div class=\"elementor-container elementor-column-gap-default\">\n\t\t\t\t\t<div class=\"elementor-column elementor-col-100 elementor-top-column elementor-element elementor-element-0669c08\" data-id=\"0669c08\" data-element_type=\"column\">\n\t\t\t<div class=\"elementor-widget-wrap elementor-element-populated\">\n\t\t\t\t\t\t<div class=\"elementor-element elementor-element-acc47ca elementor-widget elementor-widget-heading\" data-id=\"acc47ca\" data-element_type=\"widget\" data-widget_type=\"heading.default\">\n\t\t\t\t<div class=\"elementor-widget-container\">\n\t\t\t\t\t<h2 class=\"elementor-heading-title elementor-size-default\">La Martinique mise en lumi\u00e8re par CARIFTA 2026 Aquatics Championships<\/h2>\t\t\t\t<\/div>\n\t\t\t\t<\/div>\n\t\t\t\t<div class=\"elementor-element elementor-element-4bb1533 elementor-widget elementor-widget-text-editor\" data-id=\"4bb1533\" data-element_type=\"widget\" data-widget_type=\"text-editor.default\">\n\t\t\t\t<div class=\"elementor-widget-container\">\n\t\t\t\t\t\t\t\t\t<p><span style=\"font-weight: 400;\">L\u2019accueil de CARIFTA 2026 Aquatics Championships d\u00e9passe largement le cadre sportif. L\u2019\u00e9v\u00e9nement offre une visibilit\u00e9 importante \u00e0 la Martinique en tant que destination carib\u00e9enne, en associant sport, culture et cadre naturel. L\u2019\u00eele devient, le temps de la comp\u00e9tition, un espace de rencontre entre athl\u00e8tes, d\u00e9l\u00e9gations et visiteurs.<\/span><\/p><p><span style=\"font-weight: 400;\">Les lieux choisis participent pleinement \u00e0 cette mise en valeur. Le Centre Aquatique du Lamentin accueillera les \u00e9preuves en bassin et de natation artistique, tandis que l\u2019Anse d\u2019Arlet sera le th\u00e9\u00e2tre de l\u2019\u00e9preuve en eau libre. Cette r\u00e9partition entre infrastructures sportives et sites naturels donne \u00e0 CARIFTA 2026 Aquatics Championships une identit\u00e9 fortement ancr\u00e9e dans le territoire martiniquais.<\/span><\/p>\t\t\t\t\t\t\t\t<\/div>\n\t\t\t\t<\/div>\n\t\t\t\t<section class=\"elementor-section elementor-inner-section elementor-element elementor-element-9aa4900 elementor-section-boxed elementor-section-height-default elementor-section-height-default\" data-id=\"9aa4900\" data-element_type=\"section\">\n\t\t\t\t\t\t<div class=\"elementor-container elementor-column-gap-default\">\n\t\t\t\t\t<div class=\"elementor-column elementor-col-50 elementor-inner-column elementor-element elementor-element-738301f\" data-id=\"738301f\" data-element_type=\"column\">\n\t\t\t<div class=\"elementor-widget-wrap elementor-element-populated\">\n\t\t\t\t\t\t<div class=\"elementor-element elementor-element-a74d649 elementor-widget elementor-widget-image\" data-id=\"a74d649\" data-element_type=\"widget\" data-widget_type=\"image.default\">\n\t\t\t\t<div class=\"elementor-widget-container\">\n\t\t\t\t\t\t\t\t\t\t\t\t\t\t\t<img decoding=\"async\" width=\"800\" height=\"534\" src=\"https:\/\/richeskarayib.com\/wp-content\/uploads\/2026\/03\/CARNAVAL-2023_MARC-MARSILLON_DIMACHE-GRAS-35-1024x683.jpg\" class=\"attachment-large size-large wp-image-71272\" alt=\"CARIFTA\" srcset=\"https:\/\/richeskarayib.com\/wp-content\/uploads\/2026\/03\/CARNAVAL-2023_MARC-MARSILLON_DIMACHE-GRAS-35-1024x683.jpg 1024w, https:\/\/richeskarayib.com\/wp-content\/uploads\/2026\/03\/CARNAVAL-2023_MARC-MARSILLON_DIMACHE-GRAS-35-300x200.jpg 300w, https:\/\/richeskarayib.com\/wp-content\/uploads\/2026\/03\/CARNAVAL-2023_MARC-MARSILLON_DIMACHE-GRAS-35-768x512.jpg 768w, https:\/\/richeskarayib.com\/wp-content\/uploads\/2026\/03\/CARNAVAL-2023_MARC-MARSILLON_DIMACHE-GRAS-35-1536x1024.jpg 1536w, https:\/\/richeskarayib.com\/wp-content\/uploads\/2026\/03\/CARNAVAL-2023_MARC-MARSILLON_DIMACHE-GRAS-35-1320x880.jpg 1320w, https:\/\/richeskarayib.com\/wp-content\/uploads\/2026\/03\/CARNAVAL-2023_MARC-MARSILLON_DIMACHE-GRAS-35.jpg 1920w\" sizes=\"(max-width: 800px) 100vw, 800px\" \/>\t\t\t\t\t\t\t\t\t\t\t\t\t\t\t<\/div>\n\t\t\t\t<\/div>\n\t\t\t\t\t<\/div>\n\t\t<\/div>\n\t\t\t\t<div class=\"elementor-column elementor-col-50 elementor-inner-column elementor-element elementor-element-4ccd47e\" data-id=\"4ccd47e\" data-element_type=\"column\">\n\t\t\t<div class=\"elementor-widget-wrap elementor-element-populated\">\n\t\t\t\t\t\t<div class=\"elementor-element elementor-element-e169160 elementor-widget elementor-widget-image\" data-id=\"e169160\" data-element_type=\"widget\" data-widget_type=\"image.default\">\n\t\t\t\t<div class=\"elementor-widget-container\">\n\t\t\t\t\t\t\t\t\t\t\t\t\t\t\t<img loading=\"lazy\" decoding=\"async\" width=\"800\" height=\"531\" src=\"https:\/\/richeskarayib.com\/wp-content\/uploads\/2026\/03\/F.-Smith-Gastronomie-le-patio-070213-82-1024x680.jpg\" class=\"attachment-large size-large wp-image-71276\" alt=\"CARIFTA\" srcset=\"https:\/\/richeskarayib.com\/wp-content\/uploads\/2026\/03\/F.-Smith-Gastronomie-le-patio-070213-82-1024x680.jpg 1024w, https:\/\/richeskarayib.com\/wp-content\/uploads\/2026\/03\/F.-Smith-Gastronomie-le-patio-070213-82-300x199.jpg 300w, https:\/\/richeskarayib.com\/wp-content\/uploads\/2026\/03\/F.-Smith-Gastronomie-le-patio-070213-82-768x510.jpg 768w, https:\/\/richeskarayib.com\/wp-content\/uploads\/2026\/03\/F.-Smith-Gastronomie-le-patio-070213-82-1536x1020.jpg 1536w, https:\/\/richeskarayib.com\/wp-content\/uploads\/2026\/03\/F.-Smith-Gastronomie-le-patio-070213-82-1320x877.jpg 1320w, https:\/\/richeskarayib.com\/wp-content\/uploads\/2026\/03\/F.-Smith-Gastronomie-le-patio-070213-82.jpg 1920w\" sizes=\"(max-width: 800px) 100vw, 800px\" \/>\t\t\t\t\t\t\t\t\t\t\t\t\t\t\t<\/div>\n\t\t\t\t<\/div>\n\t\t\t\t\t<\/div>\n\t\t<\/div>\n\t\t\t\t\t<\/div>\n\t\t<\/section>\n\t\t\t\t<section class=\"elementor-section elementor-inner-section elementor-element elementor-element-3581801 elementor-section-boxed elementor-section-height-default elementor-section-height-default\" data-id=\"3581801\" data-element_type=\"section\">\n\t\t\t\t\t\t<div class=\"elementor-container elementor-column-gap-default\">\n\t\t\t\t\t<div class=\"elementor-column elementor-col-50 elementor-inner-column elementor-element elementor-element-6f0f749\" data-id=\"6f0f749\" data-element_type=\"column\">\n\t\t\t<div class=\"elementor-widget-wrap elementor-element-populated\">\n\t\t\t\t\t\t<div class=\"elementor-element elementor-element-ebfe392 elementor-widget elementor-widget-image\" data-id=\"ebfe392\" data-element_type=\"widget\" data-widget_type=\"image.default\">\n\t\t\t\t<div class=\"elementor-widget-container\">\n\t\t\t\t\t\t\t\t\t\t\t\t\t\t\t<img loading=\"lazy\" decoding=\"async\" width=\"800\" height=\"450\" src=\"https:\/\/richeskarayib.com\/wp-content\/uploads\/2026\/03\/YOLE-13_Tifox-1024x576.jpg\" class=\"attachment-large size-large wp-image-71280\" alt=\"CARIFTA\" srcset=\"https:\/\/richeskarayib.com\/wp-content\/uploads\/2026\/03\/YOLE-13_Tifox-1024x576.jpg 1024w, https:\/\/richeskarayib.com\/wp-content\/uploads\/2026\/03\/YOLE-13_Tifox-300x169.jpg 300w, https:\/\/richeskarayib.com\/wp-content\/uploads\/2026\/03\/YOLE-13_Tifox-768x432.jpg 768w, https:\/\/richeskarayib.com\/wp-content\/uploads\/2026\/03\/YOLE-13_Tifox-1536x864.jpg 1536w, https:\/\/richeskarayib.com\/wp-content\/uploads\/2026\/03\/YOLE-13_Tifox-1320x743.jpg 1320w, https:\/\/richeskarayib.com\/wp-content\/uploads\/2026\/03\/YOLE-13_Tifox.jpg 1920w\" sizes=\"(max-width: 800px) 100vw, 800px\" \/>\t\t\t\t\t\t\t\t\t\t\t\t\t\t\t<\/div>\n\t\t\t\t<\/div>\n\t\t\t\t\t<\/div>\n\t\t<\/div>\n\t\t\t\t<div class=\"elementor-column elementor-col-50 elementor-inner-column elementor-element elementor-element-80e49e3\" data-id=\"80e49e3\" data-element_type=\"column\">\n\t\t\t<div class=\"elementor-widget-wrap elementor-element-populated\">\n\t\t\t\t\t\t<div class=\"elementor-element elementor-element-9d93731 elementor-widget elementor-widget-image\" data-id=\"9d93731\" data-element_type=\"widget\" data-widget_type=\"image.default\">\n\t\t\t\t<div class=\"elementor-widget-container\">\n\t\t\t\t\t\t\t\t\t\t\t\t\t\t\t<img loading=\"lazy\" decoding=\"async\" width=\"800\" height=\"508\" src=\"https:\/\/richeskarayib.com\/wp-content\/uploads\/2026\/03\/CMT-4-17-3434_R.Haughton-1024x650.jpg\" class=\"attachment-large size-large wp-image-71304\" alt=\"CARIFTA\" srcset=\"https:\/\/richeskarayib.com\/wp-content\/uploads\/2026\/03\/CMT-4-17-3434_R.Haughton-1024x650.jpg 1024w, https:\/\/richeskarayib.com\/wp-content\/uploads\/2026\/03\/CMT-4-17-3434_R.Haughton-300x190.jpg 300w, https:\/\/richeskarayib.com\/wp-content\/uploads\/2026\/03\/CMT-4-17-3434_R.Haughton-768x488.jpg 768w, https:\/\/richeskarayib.com\/wp-content\/uploads\/2026\/03\/CMT-4-17-3434_R.Haughton-1536x975.jpg 1536w, https:\/\/richeskarayib.com\/wp-content\/uploads\/2026\/03\/CMT-4-17-3434_R.Haughton-1320x838.jpg 1320w, https:\/\/richeskarayib.com\/wp-content\/uploads\/2026\/03\/CMT-4-17-3434_R.Haughton.jpg 1920w\" sizes=\"(max-width: 800px) 100vw, 800px\" \/>\t\t\t\t\t\t\t\t\t\t\t\t\t\t\t<\/div>\n\t\t\t\t<\/div>\n\t\t\t\t\t<\/div>\n\t\t<\/div>\n\t\t\t\t\t<\/div>\n\t\t<\/section>\n\t\t\t\t\t<\/div>\n\t\t<\/div>\n\t\t\t\t\t<\/div>\n\t\t<\/section>\n\t\t\t\t<section class=\"elementor-section elementor-top-section elementor-element elementor-element-d0fd0c0 elementor-section-boxed elementor-section-height-default elementor-section-height-default\" data-id=\"d0fd0c0\" data-element_type=\"section\">\n\t\t\t\t\t\t<div class=\"elementor-container elementor-column-gap-default\">\n\t\t\t\t\t<div class=\"elementor-column elementor-col-100 elementor-top-column elementor-element elementor-element-1e2ec65\" data-id=\"1e2ec65\" data-element_type=\"column\">\n\t\t\t<div class=\"elementor-widget-wrap elementor-element-populated\">\n\t\t\t\t\t\t<div class=\"elementor-element elementor-element-316145b elementor-widget elementor-widget-heading\" data-id=\"316145b\" data-element_type=\"widget\" data-widget_type=\"heading.default\">\n\t\t\t\t<div class=\"elementor-widget-container\">\n\t\t\t\t\t<h2 class=\"elementor-heading-title elementor-size-default\">Une organisation de grande ampleur port\u00e9e par la Ligue de Natation de Martinique<\/h2>\t\t\t\t<\/div>\n\t\t\t\t<\/div>\n\t\t\t\t<div class=\"elementor-element elementor-element-54e5967 elementor-widget elementor-widget-text-editor\" data-id=\"54e5967\" data-element_type=\"widget\" data-widget_type=\"text-editor.default\">\n\t\t\t\t<div class=\"elementor-widget-container\">\n\t\t\t\t\t\t\t\t\t<p><span style=\"font-weight: 400;\">L\u2019organisation de <a href=\"https:\/\/www.facebook.com\/cariftamartinique2026\/\" target=\"_blank\" rel=\"noopener nofollow\">CARIFTA 2026 Aquatics Championships <\/a> repr\u00e9sente un enjeu important pour la Ligue de Natation de Martinique, qui accueille la comp\u00e9tition pour la deuxi\u00e8me fois. Cette responsabilit\u00e9 refl\u00e8te un niveau de maturit\u00e9 organisationnelle reconnu, ainsi qu\u2019une mobilisation importante des \u00e9quipes impliqu\u00e9es. La pr\u00e9paration de l\u2019\u00e9v\u00e9nement s\u2019est \u00e9tal\u00e9e sur plusieurs mois afin de r\u00e9pondre aux exigences d\u2019une comp\u00e9tition de cette envergure, tant sur le plan logistique que sportif et humain. \u00c0 travers cette \u00e9dition, la Martinique confirme sa capacit\u00e9 \u00e0 organiser des rendez-vous sportifs carib\u00e9ens d\u2019envergure et \u00e0 r\u00e9pondre \u00e0 des standards internationaux.<\/span><\/p>\t\t\t\t\t\t\t\t<\/div>\n\t\t\t\t<\/div>\n\t\t\t\t\t<\/div>\n\t\t<\/div>\n\t\t\t\t\t<\/div>\n\t\t<\/section>\n\t\t\t\t<section class=\"elementor-section elementor-top-section elementor-element elementor-element-f03d675 elementor-section-boxed elementor-section-height-default elementor-section-height-default\" data-id=\"f03d675\" data-element_type=\"section\">\n\t\t\t\t\t\t<div class=\"elementor-container elementor-column-gap-default\">\n\t\t\t\t\t<div class=\"elementor-column elementor-col-100 elementor-top-column elementor-element elementor-element-ddb1e36\" data-id=\"ddb1e36\" data-element_type=\"column\">\n\t\t\t<div class=\"elementor-widget-wrap elementor-element-populated\">\n\t\t\t\t\t\t<div class=\"elementor-element elementor-element-66035d3 elementor-widget elementor-widget-heading\" data-id=\"66035d3\" data-element_type=\"widget\" data-widget_type=\"heading.default\">\n\t\t\t\t<div class=\"elementor-widget-container\">\n\t\t\t\t\t<h2 class=\"elementor-heading-title elementor-size-default\">Dates cl\u00e9s et temps forts de CARIFTA 2026 Aquatics Championships<\/h2>\t\t\t\t<\/div>\n\t\t\t\t<\/div>\n\t\t\t\t<div class=\"elementor-element elementor-element-cae4ec8 elementor-widget elementor-widget-text-editor\" data-id=\"cae4ec8\" data-element_type=\"widget\" data-widget_type=\"text-editor.default\">\n\t\t\t\t<div class=\"elementor-widget-container\">\n\t\t\t\t\t\t\t\t\t<p><span style=\"font-weight: 400;\">Le calendrier de CARIFTA 2026 Aquatics Championships s\u2019articule autour de plusieurs moments structurants. L\u2019arriv\u00e9e des d\u00e9l\u00e9gations est pr\u00e9vue le 2 avril \u00e0 l\u2019a\u00e9roport international Martinique Aim\u00e9 C\u00e9saire. L\u2019ouverture officielle se d\u00e9roulera le 3 avril au Stade Georges Gratiant, au Lamentin, de 16 heures \u00e0 18 heures, avec un d\u00e9fil\u00e9 des d\u00e9l\u00e9gations, des performances culturelles et le lancement officiel de la comp\u00e9tition.<\/span><\/p><p><span style=\"font-weight: 400;\">En amont, une conf\u00e9rence de presse officielle est programm\u00e9e le samedi 28 mars \u00e0 10 heures au Centre Aquatique du Lamentin, en parall\u00e8le du rassemblement de l\u2019\u00e9quipe de Martinique. Cette organisation en amont et en aval structure l\u2019\u00e9v\u00e9nement dans le temps et souligne la pr\u00e9paration globale de CARIFTA 2026 Aquatics Championships.<\/span><\/p>\t\t\t\t\t\t\t\t<\/div>\n\t\t\t\t<\/div>\n\t\t\t\t<section class=\"elementor-section elementor-inner-section elementor-element elementor-element-291c77f elementor-section-boxed elementor-section-height-default elementor-section-height-default\" data-id=\"291c77f\" data-element_type=\"section\">\n\t\t\t\t\t\t<div class=\"elementor-container elementor-column-gap-default\">\n\t\t\t\t\t<div class=\"elementor-column elementor-col-33 elementor-inner-column elementor-element elementor-element-0e2610e\" data-id=\"0e2610e\" data-element_type=\"column\">\n\t\t\t<div class=\"elementor-widget-wrap elementor-element-populated\">\n\t\t\t\t\t\t<div class=\"elementor-element elementor-element-bb9e3dc elementor-widget elementor-widget-image\" data-id=\"bb9e3dc\" data-element_type=\"widget\" data-widget_type=\"image.default\">\n\t\t\t\t<div class=\"elementor-widget-container\">\n\t\t\t\t\t\t\t\t\t\t\t\t<figure class=\"wp-caption\">\n\t\t\t\t\t\t\t\t\t\t<img loading=\"lazy\" decoding=\"async\" width=\"800\" height=\"1000\" src=\"https:\/\/richeskarayib.com\/wp-content\/uploads\/2026\/03\/654090904_17850961308690570_6550036143326926867_n-819x1024.jpg\" class=\"attachment-large size-large wp-image-71256\" alt=\"CARIFTA\" srcset=\"https:\/\/richeskarayib.com\/wp-content\/uploads\/2026\/03\/654090904_17850961308690570_6550036143326926867_n-819x1024.jpg 819w, https:\/\/richeskarayib.com\/wp-content\/uploads\/2026\/03\/654090904_17850961308690570_6550036143326926867_n-240x300.jpg 240w, https:\/\/richeskarayib.com\/wp-content\/uploads\/2026\/03\/654090904_17850961308690570_6550036143326926867_n-768x960.jpg 768w, https:\/\/richeskarayib.com\/wp-content\/uploads\/2026\/03\/654090904_17850961308690570_6550036143326926867_n.jpg 1080w\" sizes=\"(max-width: 800px) 100vw, 800px\" \/>\t\t\t\t\t\t\t\t\t\t\t<figcaption class=\"widget-image-caption wp-caption-text\">\u00a9CARIFTA Aquatics Championships 2026<\/figcaption>\n\t\t\t\t\t\t\t\t\t\t<\/figure>\n\t\t\t\t\t\t\t\t\t<\/div>\n\t\t\t\t<\/div>\n\t\t\t\t\t<\/div>\n\t\t<\/div>\n\t\t\t\t<div class=\"elementor-column elementor-col-33 elementor-inner-column elementor-element elementor-element-902a7f5\" data-id=\"902a7f5\" data-element_type=\"column\">\n\t\t\t<div class=\"elementor-widget-wrap elementor-element-populated\">\n\t\t\t\t\t\t<div class=\"elementor-element elementor-element-dcb8c87 elementor-widget elementor-widget-image\" data-id=\"dcb8c87\" data-element_type=\"widget\" data-widget_type=\"image.default\">\n\t\t\t\t<div class=\"elementor-widget-container\">\n\t\t\t\t\t\t\t\t\t\t\t\t\t\t\t<img loading=\"lazy\" decoding=\"async\" width=\"800\" height=\"1000\" src=\"https:\/\/richeskarayib.com\/wp-content\/uploads\/2026\/03\/654969881_17850961320690570_1766592077588006770_n-819x1024.jpg\" class=\"attachment-large size-large wp-image-71260\" alt=\"CARIFTA\" srcset=\"https:\/\/richeskarayib.com\/wp-content\/uploads\/2026\/03\/654969881_17850961320690570_1766592077588006770_n-819x1024.jpg 819w, https:\/\/richeskarayib.com\/wp-content\/uploads\/2026\/03\/654969881_17850961320690570_1766592077588006770_n-240x300.jpg 240w, https:\/\/richeskarayib.com\/wp-content\/uploads\/2026\/03\/654969881_17850961320690570_1766592077588006770_n-768x960.jpg 768w, https:\/\/richeskarayib.com\/wp-content\/uploads\/2026\/03\/654969881_17850961320690570_1766592077588006770_n.jpg 1080w\" sizes=\"(max-width: 800px) 100vw, 800px\" \/>\t\t\t\t\t\t\t\t\t\t\t\t\t\t\t<\/div>\n\t\t\t\t<\/div>\n\t\t\t\t\t<\/div>\n\t\t<\/div>\n\t\t\t\t<div class=\"elementor-column elementor-col-33 elementor-inner-column elementor-element elementor-element-fac25ef\" data-id=\"fac25ef\" data-element_type=\"column\">\n\t\t\t<div class=\"elementor-widget-wrap elementor-element-populated\">\n\t\t\t\t\t\t<div class=\"elementor-element elementor-element-86adc1d elementor-widget elementor-widget-image\" data-id=\"86adc1d\" data-element_type=\"widget\" data-widget_type=\"image.default\">\n\t\t\t\t<div class=\"elementor-widget-container\">\n\t\t\t\t\t\t\t\t\t\t\t\t\t\t\t<img loading=\"lazy\" decoding=\"async\" width=\"800\" height=\"1000\" src=\"https:\/\/richeskarayib.com\/wp-content\/uploads\/2026\/03\/653477026_17850961335690570_2352525902679816794_n-819x1024.jpg\" class=\"attachment-large size-large wp-image-71264\" alt=\"CARIFTA\" srcset=\"https:\/\/richeskarayib.com\/wp-content\/uploads\/2026\/03\/653477026_17850961335690570_2352525902679816794_n-819x1024.jpg 819w, https:\/\/richeskarayib.com\/wp-content\/uploads\/2026\/03\/653477026_17850961335690570_2352525902679816794_n-240x300.jpg 240w, https:\/\/richeskarayib.com\/wp-content\/uploads\/2026\/03\/653477026_17850961335690570_2352525902679816794_n-768x960.jpg 768w, https:\/\/richeskarayib.com\/wp-content\/uploads\/2026\/03\/653477026_17850961335690570_2352525902679816794_n.jpg 1080w\" sizes=\"(max-width: 800px) 100vw, 800px\" \/>\t\t\t\t\t\t\t\t\t\t\t\t\t\t\t<\/div>\n\t\t\t\t<\/div>\n\t\t\t\t\t<\/div>\n\t\t<\/div>\n\t\t\t\t\t<\/div>\n\t\t<\/section>\n\t\t\t\t\t<\/div>\n\t\t<\/div>\n\t\t\t\t\t<\/div>\n\t\t<\/section>\n\t\t\t\t<section class=\"elementor-section elementor-top-section elementor-element elementor-element-d2c3e42 elementor-section-boxed elementor-section-height-default elementor-section-height-default\" data-id=\"d2c3e42\" data-element_type=\"section\">\n\t\t\t\t\t\t<div class=\"elementor-container elementor-column-gap-default\">\n\t\t\t\t\t<div class=\"elementor-column elementor-col-100 elementor-top-column elementor-element elementor-element-caddc00\" data-id=\"caddc00\" data-element_type=\"column\">\n\t\t\t<div class=\"elementor-widget-wrap elementor-element-populated\">\n\t\t\t\t\t\t<div class=\"elementor-element elementor-element-e92cf66 elementor-widget elementor-widget-heading\" data-id=\"e92cf66\" data-element_type=\"widget\" data-widget_type=\"heading.default\">\n\t\t\t\t<div class=\"elementor-widget-container\">\n\t\t\t\t\t<h2 class=\"elementor-heading-title elementor-size-default\">Une mobilisation collective autour des athl\u00e8tes<\/h2>\t\t\t\t<\/div>\n\t\t\t\t<\/div>\n\t\t\t\t<div class=\"elementor-element elementor-element-c757097 elementor-widget elementor-widget-text-editor\" data-id=\"c757097\" data-element_type=\"widget\" data-widget_type=\"text-editor.default\">\n\t\t\t\t<div class=\"elementor-widget-container\">\n\t\t\t\t\t\t\t\t\t<p><span style=\"font-weight: 400;\"><a href=\"https:\/\/cariftamartinique2026.com\/\" target=\"_blank\" rel=\"noopener nofollow\">CARIFTA 2026 Aquatics Championships<\/a> repose sur une dynamique collective qui d\u00e9passe largement les performances en bassin ou en eau libre. Autour des athl\u00e8tes, un \u00e9cosyst\u00e8me entier se mobilise : parents engag\u00e9s, entra\u00eeneurs, dirigeants de clubs, b\u00e9n\u00e9voles venus de toute la Cara\u00efbe et supporters passionn\u00e9s. Cette mobilisation donne \u00e0 l\u2019\u00e9v\u00e9nement une dimension humaine forte. Il s\u2019agit d\u2019un moment de rencontre et de partage, enracin\u00e9 dans des valeurs communes \u00e0 l\u2019\u00e9chelle r\u00e9gionale, o\u00f9 la solidarit\u00e9 et l\u2019engagement collectif accompagnent la comp\u00e9tition sportive.<\/span><\/p>\t\t\t\t\t\t\t\t<\/div>\n\t\t\t\t<\/div>\n\t\t\t\t\t<\/div>\n\t\t<\/div>\n\t\t\t\t\t<\/div>\n\t\t<\/section>\n\t\t\t\t<section class=\"elementor-section elementor-top-section elementor-element elementor-element-9468f8e elementor-section-boxed elementor-section-height-default elementor-section-height-default\" data-id=\"9468f8e\" data-element_type=\"section\">\n\t\t\t\t\t\t<div class=\"elementor-container elementor-column-gap-default\">\n\t\t\t\t\t<div class=\"elementor-column elementor-col-100 elementor-top-column elementor-element elementor-element-3e402a0\" data-id=\"3e402a0\" data-element_type=\"column\">\n\t\t\t<div class=\"elementor-widget-wrap elementor-element-populated\">\n\t\t\t\t\t\t<div class=\"elementor-element elementor-element-59b616a elementor-widget elementor-widget-heading\" data-id=\"59b616a\" data-element_type=\"widget\" data-widget_type=\"heading.default\">\n\t\t\t\t<div class=\"elementor-widget-container\">\n\t\t\t\t\t<h2 class=\"elementor-heading-title elementor-size-default\">Des jeunes nageurs au c\u0153ur d\u2019une discipline exigeante<\/h2>\t\t\t\t<\/div>\n\t\t\t\t<\/div>\n\t\t\t\t<div class=\"elementor-element elementor-element-0214a7c elementor-widget elementor-widget-text-editor\" data-id=\"0214a7c\" data-element_type=\"widget\" data-widget_type=\"text-editor.default\">\n\t\t\t\t<div class=\"elementor-widget-container\">\n\t\t\t\t\t\t\t\t\t<p><span style=\"font-weight: 400;\">La natation impose des exigences \u00e9lev\u00e9es. Discipline, rigueur et pers\u00e9v\u00e9rance structurent le quotidien des athl\u00e8tes. Chaque performance r\u00e9sulte de plusieurs ann\u00e9es d\u2019entra\u00eenement, d\u2019une hygi\u00e8ne de vie stricte et d\u2019un engagement constant. Les nageurs r\u00e9unis \u00e0 l\u2019occasion de CARIFTA 2026 Aquatics Championships incarnent cette exigence. La comp\u00e9tition devient ainsi une vitrine des talents \u00e9mergents de la Cara\u00efbe. L\u2019\u00e9quipe de Martinique, compos\u00e9e de 35 nageurs, repr\u00e9sentera le territoire tout au long des championnats.<\/span><\/p><p><span style=\"font-weight: 400;\">La pr\u00e9sence de la nageuse olympique Coralie Balmy en tant que marraine renforce cette dimension. Son parcours au plus haut niveau illustre les valeurs de pers\u00e9v\u00e9rance et d\u2019excellence qui structurent l\u2019\u00e9v\u00e9nement et offre un rep\u00e8re concret aux jeunes participants.<\/span><\/p>\t\t\t\t\t\t\t\t<\/div>\n\t\t\t\t<\/div>\n\t\t\t\t\t<\/div>\n\t\t<\/div>\n\t\t\t\t\t<\/div>\n\t\t<\/section>\n\t\t\t\t<section class=\"elementor-section elementor-top-section elementor-element elementor-element-e5f168c elementor-section-boxed elementor-section-height-default elementor-section-height-default\" data-id=\"e5f168c\" data-element_type=\"section\">\n\t\t\t\t\t\t<div class=\"elementor-container elementor-column-gap-default\">\n\t\t\t\t\t<div class=\"elementor-column elementor-col-100 elementor-top-column elementor-element elementor-element-48476c8\" data-id=\"48476c8\" data-element_type=\"column\">\n\t\t\t<div class=\"elementor-widget-wrap elementor-element-populated\">\n\t\t\t\t\t\t<div class=\"elementor-element elementor-element-43c4474 elementor-widget elementor-widget-heading\" data-id=\"43c4474\" data-element_type=\"widget\" data-widget_type=\"heading.default\">\n\t\t\t\t<div class=\"elementor-widget-container\">\n\t\t\t\t\t<h2 class=\"elementor-heading-title elementor-size-default\">Un symbole d\u2019unit\u00e9 carib\u00e9enne et un engagement responsable<\/h2>\t\t\t\t<\/div>\n\t\t\t\t<\/div>\n\t\t\t\t<div class=\"elementor-element elementor-element-9aa780b elementor-widget elementor-widget-text-editor\" data-id=\"9aa780b\" data-element_type=\"widget\" data-widget_type=\"text-editor.default\">\n\t\t\t\t<div class=\"elementor-widget-container\">\n\t\t\t\t\t\t\t\t\t<p><span style=\"font-weight: 400;\">CARIFTA 2026 Aquatics Championships s\u2019inscrit dans une logique d\u2019unit\u00e9 carib\u00e9enne. L\u2019\u00e9v\u00e9nement favorise les \u00e9changes entre territoires et met en avant une identit\u00e9 r\u00e9gionale partag\u00e9e, port\u00e9e par le respect, le dialogue et la rencontre entre les d\u00e9l\u00e9gations. Cette \u00e9dition int\u00e8gre \u00e9galement une dimension environnementale affirm\u00e9e. Des actions de sensibilisation sont mises en place aupr\u00e8s des participants, avec la promotion de comportements \u00e9coresponsables, le soutien aux initiatives durables locales, une attention port\u00e9e \u00e0 l\u2019impact global de l\u2019\u00e9v\u00e9nement et une gestion encadr\u00e9e des d\u00e9chets.<\/span><\/p><p><span style=\"font-weight: 400;\">L\u2019exp\u00e9rience se prolonge \u00e9galement en dehors des bassins. Un village d\u2019animation accompagnera la comp\u00e9tition avec des stands de produits locaux, une offre de restauration vari\u00e9e, une boutique officielle et des activit\u00e9s culturelles valorisant l\u2019identit\u00e9 martiniquaise. Le public, attendu nombreux, contribuera \u00e0 cr\u00e9er une atmosph\u00e8re port\u00e9e par l\u2019\u00e9nergie et les cultures de la Cara\u00efbe.<\/span><\/p>\t\t\t\t\t\t\t\t<\/div>\n\t\t\t\t<\/div>\n\t\t\t\t<section class=\"elementor-section elementor-inner-section elementor-element elementor-element-9abc25f elementor-section-boxed elementor-section-height-default elementor-section-height-default\" data-id=\"9abc25f\" data-element_type=\"section\">\n\t\t\t\t\t\t<div class=\"elementor-container elementor-column-gap-default\">\n\t\t\t\t\t<div class=\"elementor-column elementor-col-50 elementor-inner-column elementor-element elementor-element-25d2bfa\" data-id=\"25d2bfa\" data-element_type=\"column\">\n\t\t\t<div class=\"elementor-widget-wrap elementor-element-populated\">\n\t\t\t\t\t\t<div class=\"elementor-element elementor-element-b402781 elementor-widget elementor-widget-image\" data-id=\"b402781\" data-element_type=\"widget\" data-widget_type=\"image.default\">\n\t\t\t\t<div class=\"elementor-widget-container\">\n\t\t\t\t\t\t\t\t\t\t\t\t<figure class=\"wp-caption\">\n\t\t\t\t\t\t\t\t\t\t<img loading=\"lazy\" decoding=\"async\" width=\"800\" height=\"409\" src=\"https:\/\/richeskarayib.com\/wp-content\/uploads\/2026\/03\/montagne-pelee-mer-4-17-5383-\u00a9CMT_R.-Haughton-copie-1-1024x523.jpg\" class=\"attachment-large size-large wp-image-71308\" alt=\"Saut du Gendarme\" srcset=\"https:\/\/richeskarayib.com\/wp-content\/uploads\/2026\/03\/montagne-pelee-mer-4-17-5383-\u00a9CMT_R.-Haughton-copie-1-1024x523.jpg 1024w, https:\/\/richeskarayib.com\/wp-content\/uploads\/2026\/03\/montagne-pelee-mer-4-17-5383-\u00a9CMT_R.-Haughton-copie-1-300x153.jpg 300w, https:\/\/richeskarayib.com\/wp-content\/uploads\/2026\/03\/montagne-pelee-mer-4-17-5383-\u00a9CMT_R.-Haughton-copie-1-768x392.jpg 768w, https:\/\/richeskarayib.com\/wp-content\/uploads\/2026\/03\/montagne-pelee-mer-4-17-5383-\u00a9CMT_R.-Haughton-copie-1-1536x785.jpg 1536w, https:\/\/richeskarayib.com\/wp-content\/uploads\/2026\/03\/montagne-pelee-mer-4-17-5383-\u00a9CMT_R.-Haughton-copie-1-1320x674.jpg 1320w, https:\/\/richeskarayib.com\/wp-content\/uploads\/2026\/03\/montagne-pelee-mer-4-17-5383-\u00a9CMT_R.-Haughton-copie-1.jpg 1920w\" sizes=\"(max-width: 800px) 100vw, 800px\" \/>\t\t\t\t\t\t\t\t\t\t\t<figcaption class=\"widget-image-caption wp-caption-text\">\u00a9CMT<\/figcaption>\n\t\t\t\t\t\t\t\t\t\t<\/figure>\n\t\t\t\t\t\t\t\t\t<\/div>\n\t\t\t\t<\/div>\n\t\t\t\t\t<\/div>\n\t\t<\/div>\n\t\t\t\t<div class=\"elementor-column elementor-col-50 elementor-inner-column elementor-element elementor-element-34d0c8e\" data-id=\"34d0c8e\" data-element_type=\"column\">\n\t\t\t<div class=\"elementor-widget-wrap elementor-element-populated\">\n\t\t\t\t\t\t<div class=\"elementor-element elementor-element-a1d570a elementor-widget elementor-widget-image\" data-id=\"a1d570a\" data-element_type=\"widget\" data-widget_type=\"image.default\">\n\t\t\t\t<div class=\"elementor-widget-container\">\n\t\t\t\t\t\t\t\t\t\t\t\t<figure class=\"wp-caption\">\n\t\t\t\t\t\t\t\t\t\t<img loading=\"lazy\" decoding=\"async\" width=\"800\" height=\"400\" src=\"https:\/\/richeskarayib.com\/wp-content\/uploads\/2026\/03\/photo-plage-du-diamant-modifiee-RHaughton-1-1024x512.jpg\" class=\"attachment-large size-large wp-image-71312\" alt=\"CARIFTA\" srcset=\"https:\/\/richeskarayib.com\/wp-content\/uploads\/2026\/03\/photo-plage-du-diamant-modifiee-RHaughton-1-1024x512.jpg 1024w, https:\/\/richeskarayib.com\/wp-content\/uploads\/2026\/03\/photo-plage-du-diamant-modifiee-RHaughton-1-300x150.jpg 300w, https:\/\/richeskarayib.com\/wp-content\/uploads\/2026\/03\/photo-plage-du-diamant-modifiee-RHaughton-1-768x384.jpg 768w, https:\/\/richeskarayib.com\/wp-content\/uploads\/2026\/03\/photo-plage-du-diamant-modifiee-RHaughton-1-1536x768.jpg 1536w, https:\/\/richeskarayib.com\/wp-content\/uploads\/2026\/03\/photo-plage-du-diamant-modifiee-RHaughton-1-1320x660.jpg 1320w, https:\/\/richeskarayib.com\/wp-content\/uploads\/2026\/03\/photo-plage-du-diamant-modifiee-RHaughton-1.jpg 1920w\" sizes=\"(max-width: 800px) 100vw, 800px\" \/>\t\t\t\t\t\t\t\t\t\t\t<figcaption class=\"widget-image-caption wp-caption-text\">\u00a9CMT<\/figcaption>\n\t\t\t\t\t\t\t\t\t\t<\/figure>\n\t\t\t\t\t\t\t\t\t<\/div>\n\t\t\t\t<\/div>\n\t\t\t\t\t<\/div>\n\t\t<\/div>\n\t\t\t\t\t<\/div>\n\t\t<\/section>\n\t\t\t\t<section class=\"elementor-section elementor-inner-section elementor-element elementor-element-0d2a206 elementor-section-boxed elementor-section-height-default elementor-section-height-default\" data-id=\"0d2a206\" data-element_type=\"section\">\n\t\t\t\t\t\t<div class=\"elementor-container elementor-column-gap-default\">\n\t\t\t\t\t<div class=\"elementor-column elementor-col-50 elementor-inner-column elementor-element elementor-element-eb0ab73\" data-id=\"eb0ab73\" data-element_type=\"column\">\n\t\t\t<div class=\"elementor-widget-wrap elementor-element-populated\">\n\t\t\t\t\t\t<div class=\"elementor-element elementor-element-55cacee elementor-widget elementor-widget-image\" data-id=\"55cacee\" data-element_type=\"widget\" data-widget_type=\"image.default\">\n\t\t\t\t<div class=\"elementor-widget-container\">\n\t\t\t\t\t\t\t\t\t\t\t\t\t\t\t<img loading=\"lazy\" decoding=\"async\" width=\"800\" height=\"534\" src=\"https:\/\/richeskarayib.com\/wp-content\/uploads\/2026\/03\/Salines_CMT-_A.Petton_HD-17-1-1024x684.jpg\" class=\"attachment-large size-large wp-image-71316\" alt=\"CARIFTA\" srcset=\"https:\/\/richeskarayib.com\/wp-content\/uploads\/2026\/03\/Salines_CMT-_A.Petton_HD-17-1-1024x684.jpg 1024w, https:\/\/richeskarayib.com\/wp-content\/uploads\/2026\/03\/Salines_CMT-_A.Petton_HD-17-1-300x200.jpg 300w, https:\/\/richeskarayib.com\/wp-content\/uploads\/2026\/03\/Salines_CMT-_A.Petton_HD-17-1-768x513.jpg 768w, https:\/\/richeskarayib.com\/wp-content\/uploads\/2026\/03\/Salines_CMT-_A.Petton_HD-17-1-1536x1026.jpg 1536w, https:\/\/richeskarayib.com\/wp-content\/uploads\/2026\/03\/Salines_CMT-_A.Petton_HD-17-1-1320x881.jpg 1320w, https:\/\/richeskarayib.com\/wp-content\/uploads\/2026\/03\/Salines_CMT-_A.Petton_HD-17-1.jpg 1920w\" sizes=\"(max-width: 800px) 100vw, 800px\" \/>\t\t\t\t\t\t\t\t\t\t\t\t\t\t\t<\/div>\n\t\t\t\t<\/div>\n\t\t\t\t\t<\/div>\n\t\t<\/div>\n\t\t\t\t<div class=\"elementor-column elementor-col-50 elementor-inner-column elementor-element elementor-element-9a75a52\" data-id=\"9a75a52\" data-element_type=\"column\">\n\t\t\t<div class=\"elementor-widget-wrap elementor-element-populated\">\n\t\t\t\t\t\t<div class=\"elementor-element elementor-element-82c1708 elementor-widget elementor-widget-image\" data-id=\"82c1708\" data-element_type=\"widget\" data-widget_type=\"image.default\">\n\t\t\t\t<div class=\"elementor-widget-container\">\n\t\t\t\t\t\t\t\t\t\t\t\t\t\t\t<img loading=\"lazy\" decoding=\"async\" width=\"800\" height=\"531\" src=\"https:\/\/richeskarayib.com\/wp-content\/uploads\/2026\/03\/Martinique-R.-Pakiela-56-1024x680.jpg\" class=\"attachment-large size-large wp-image-71320\" alt=\"CARIFTA\" srcset=\"https:\/\/richeskarayib.com\/wp-content\/uploads\/2026\/03\/Martinique-R.-Pakiela-56-1024x680.jpg 1024w, https:\/\/richeskarayib.com\/wp-content\/uploads\/2026\/03\/Martinique-R.-Pakiela-56-300x199.jpg 300w, https:\/\/richeskarayib.com\/wp-content\/uploads\/2026\/03\/Martinique-R.-Pakiela-56-768x510.jpg 768w, https:\/\/richeskarayib.com\/wp-content\/uploads\/2026\/03\/Martinique-R.-Pakiela-56-1536x1020.jpg 1536w, https:\/\/richeskarayib.com\/wp-content\/uploads\/2026\/03\/Martinique-R.-Pakiela-56-1320x877.jpg 1320w, https:\/\/richeskarayib.com\/wp-content\/uploads\/2026\/03\/Martinique-R.-Pakiela-56.jpg 1920w\" sizes=\"(max-width: 800px) 100vw, 800px\" \/>\t\t\t\t\t\t\t\t\t\t\t\t\t\t\t<\/div>\n\t\t\t\t<\/div>\n\t\t\t\t\t<\/div>\n\t\t<\/div>\n\t\t\t\t\t<\/div>\n\t\t<\/section>\n\t\t\t\t\t<\/div>\n\t\t<\/div>\n\t\t\t\t\t<\/div>\n\t\t<\/section>\n\t\t\t\t<section class=\"elementor-section elementor-top-section elementor-element elementor-element-721841a elementor-section-boxed elementor-section-height-default elementor-section-height-default\" data-id=\"721841a\" data-element_type=\"section\">\n\t\t\t\t\t\t<div class=\"elementor-container elementor-column-gap-default\">\n\t\t\t\t\t<div class=\"elementor-column elementor-col-100 elementor-top-column elementor-element elementor-element-649ddde\" data-id=\"649ddde\" data-element_type=\"column\">\n\t\t\t<div class=\"elementor-widget-wrap elementor-element-populated\">\n\t\t\t\t\t\t<div class=\"elementor-element elementor-element-89ae36a elementor-widget elementor-widget-heading\" data-id=\"89ae36a\" data-element_type=\"widget\" data-widget_type=\"heading.default\">\n\t\t\t\t<div class=\"elementor-widget-container\">\n\t\t\t\t\t<h2 class=\"elementor-heading-title elementor-size-default\">Informations pratiques pour suivre CARIFTA 2026 Aquatics Championships<\/h2>\t\t\t\t<\/div>\n\t\t\t\t<\/div>\n\t\t\t\t<div class=\"elementor-element elementor-element-c769875 elementor-widget elementor-widget-text-editor\" data-id=\"c769875\" data-element_type=\"widget\" data-widget_type=\"text-editor.default\">\n\t\t\t\t<div class=\"elementor-widget-container\">\n\t\t\t\t\t\t\t\t\t<p><span style=\"font-weight: 400;\">CARIFTA 2026 Aquatics Championships se d\u00e9roulera du 3 au 8 avril 2026 entre le Centre Aquatique du Lamentin et la plage de l\u2019Anse d\u2019Arlet. Les comptes Instagram @cariftamartinique2026 et @liguenatationmartinique, ainsi que les pages Facebook CARIFTA Aquatics Championships 2026 et Martinique Swimming League, permettront de suivre l\u2019\u00e9v\u00e9nement. Des contenus compl\u00e9mentaires seront diffus\u00e9s sur les r\u00e9seaux de Rich\u00e8s Karayib. Les demandes d\u2019accr\u00e9ditation et la coordination m\u00e9dia sont assur\u00e9es par Edyna NDEBANI (+596 696 92 35 37) pour la presse locale et par Sabrina Ajax (+596 696 115 091) pour la presse internationale.<\/span><\/p>\t\t\t\t\t\t\t\t<\/div>\n\t\t\t\t<\/div>\n\t\t\t\t\t<\/div>\n\t\t<\/div>\n\t\t\t\t\t<\/div>\n\t\t<\/section>\n\t\t\t\t<section class=\"elementor-section elementor-top-section elementor-element elementor-element-f5709a6 elementor-section-boxed elementor-section-height-default elementor-section-height-default\" data-id=\"f5709a6\" data-element_type=\"section\">\n\t\t\t\t\t\t<div class=\"elementor-container elementor-column-gap-default\">\n\t\t\t\t\t<div class=\"elementor-column elementor-col-100 elementor-top-column elementor-element elementor-element-957be6f\" data-id=\"957be6f\" data-element_type=\"column\">\n\t\t\t<div class=\"elementor-widget-wrap elementor-element-populated\">\n\t\t\t\t\t\t<div class=\"elementor-element elementor-element-63e5d4a elementor-widget elementor-widget-accordion\" data-id=\"63e5d4a\" data-element_type=\"widget\" data-widget_type=\"accordion.default\">\n\t\t\t\t<div class=\"elementor-widget-container\">\n\t\t\t\t\t\t\t<div class=\"elementor-accordion\">\n\t\t\t\t\t\t\t<div class=\"elementor-accordion-item\">\n\t\t\t\t\t<div id=\"elementor-tab-title-1041\" class=\"elementor-tab-title\" data-tab=\"1\" role=\"button\" aria-controls=\"elementor-tab-content-1041\" aria-expanded=\"false\">\n\t\t\t\t\t\t\t\t\t\t\t\t\t<span class=\"elementor-accordion-icon elementor-accordion-icon-left\" aria-hidden=\"true\">\n\t\t\t\t\t\t\t\t\t\t\t\t\t\t\t<span class=\"elementor-accordion-icon-closed\"><i class=\"fas fa-plus\"><\/i><\/span>\n\t\t\t\t\t\t\t\t<span class=\"elementor-accordion-icon-opened\"><i class=\"fas fa-minus\"><\/i><\/span>\n\t\t\t\t\t\t\t\t\t\t\t\t\t\t<\/span>\n\t\t\t\t\t\t\t\t\t\t\t\t<a class=\"elementor-accordion-title\" tabindex=\"0\">Qu\u2019est-ce que CARIFTA 2026 Aquatics Championships ?<\/a>\n\t\t\t\t\t<\/div>\n\t\t\t\t\t<div id=\"elementor-tab-content-1041\" class=\"elementor-tab-content elementor-clearfix\" data-tab=\"1\" role=\"region\" aria-labelledby=\"elementor-tab-title-1041\"><p><span style=\"font-weight: 400;\">CARIFTA 2026 Aquatics Championships est une comp\u00e9tition majeure de natation dans la Cara\u00efbe organis\u00e9e en Martinique du 3 au 8 avril 2026. Elle r\u00e9unit plus de 500 jeunes athl\u00e8tes issus de 24 territoires, accompagn\u00e9s d\u2019entra\u00eeneurs, d\u2019officiels et de supporters. L\u2019\u00e9v\u00e9nement comprend des \u00e9preuves en piscine, de natation artistique et une course en eau libre.<\/span><\/p><\/div>\n\t\t\t\t<\/div>\n\t\t\t\t\t\t\t<div class=\"elementor-accordion-item\">\n\t\t\t\t\t<div id=\"elementor-tab-title-1042\" class=\"elementor-tab-title\" data-tab=\"2\" role=\"button\" aria-controls=\"elementor-tab-content-1042\" aria-expanded=\"false\">\n\t\t\t\t\t\t\t\t\t\t\t\t\t<span class=\"elementor-accordion-icon elementor-accordion-icon-left\" aria-hidden=\"true\">\n\t\t\t\t\t\t\t\t\t\t\t\t\t\t\t<span class=\"elementor-accordion-icon-closed\"><i class=\"fas fa-plus\"><\/i><\/span>\n\t\t\t\t\t\t\t\t<span class=\"elementor-accordion-icon-opened\"><i class=\"fas fa-minus\"><\/i><\/span>\n\t\t\t\t\t\t\t\t\t\t\t\t\t\t<\/span>\n\t\t\t\t\t\t\t\t\t\t\t\t<a class=\"elementor-accordion-title\" tabindex=\"0\">O\u00f9 se d\u00e9roule CARIFTA 2026 Aquatics Championships en Martinique ?<\/a>\n\t\t\t\t\t<\/div>\n\t\t\t\t\t<div id=\"elementor-tab-content-1042\" class=\"elementor-tab-content elementor-clearfix\" data-tab=\"2\" role=\"region\" aria-labelledby=\"elementor-tab-title-1042\"><p><span style=\"font-weight: 400;\">CARIFTA 2026 Aquatics Championships se d\u00e9roule principalement au Centre Aquatique du Lamentin pour les comp\u00e9titions en bassin et la natation artistique. L\u2019\u00e9preuve en eau libre est organis\u00e9e \u00e0 l\u2019Anse d\u2019Arlet. L\u2019ouverture officielle a lieu au Stade Georges Gratiant, au Lamentin, marquant le lancement de la comp\u00e9tition.<\/span><\/p><\/div>\n\t\t\t\t<\/div>\n\t\t\t\t\t\t\t<div class=\"elementor-accordion-item\">\n\t\t\t\t\t<div id=\"elementor-tab-title-1043\" class=\"elementor-tab-title\" data-tab=\"3\" role=\"button\" aria-controls=\"elementor-tab-content-1043\" aria-expanded=\"false\">\n\t\t\t\t\t\t\t\t\t\t\t\t\t<span class=\"elementor-accordion-icon elementor-accordion-icon-left\" aria-hidden=\"true\">\n\t\t\t\t\t\t\t\t\t\t\t\t\t\t\t<span class=\"elementor-accordion-icon-closed\"><i class=\"fas fa-plus\"><\/i><\/span>\n\t\t\t\t\t\t\t\t<span class=\"elementor-accordion-icon-opened\"><i class=\"fas fa-minus\"><\/i><\/span>\n\t\t\t\t\t\t\t\t\t\t\t\t\t\t<\/span>\n\t\t\t\t\t\t\t\t\t\t\t\t<a class=\"elementor-accordion-title\" tabindex=\"0\">Pourquoi CARIFTA 2026 Aquatics Championships est-il important pour la Cara\u00efbe ?<\/a>\n\t\t\t\t\t<\/div>\n\t\t\t\t\t<div id=\"elementor-tab-content-1043\" class=\"elementor-tab-content elementor-clearfix\" data-tab=\"3\" role=\"region\" aria-labelledby=\"elementor-tab-title-1043\"><p><span style=\"font-weight: 400;\">CARIFTA 2026 Aquatics Championships joue un r\u00f4le essentiel dans le d\u00e9veloppement de la natation carib\u00e9enne. Il rassemble les meilleurs jeunes nageurs de la r\u00e9gion dans un cadre comp\u00e9titif de haut niveau et constitue une \u00e9tape importante dans leur progression vers l\u2019\u00e9lite. L\u2019\u00e9v\u00e9nement favorise \u00e9galement les \u00e9changes entre territoires et renforce la coop\u00e9ration sportive dans la Cara\u00efbe.<\/span><\/p><\/div>\n\t\t\t\t<\/div>\n\t\t\t\t\t\t\t\t<\/div>\n\t\t\t\t\t\t<\/div>\n\t\t\t\t<\/div>\n\t\t\t\t\t<\/div>\n\t\t<\/div>\n\t\t\t\t\t<\/div>\n\t\t<\/section>\n\t\t\t\t<\/div>\n\t\t","protected":false},"excerpt":{"rendered":"<p>Du 3 au 8 avril 2026, la Martinique accueillera les CARIFTA 2026 Aquatics Championships, un rendez-vous majeur du calendrier sportif carib\u00e9en. Pendant six jours, l\u2019\u00eele deviendra le point de rencontre des meilleurs jeunes nageurs de la r\u00e9gion. Plus de 500 athl\u00e8tes issus de 24 territoires sont attendus, avec la pr\u00e9sence d\u2019officiels, d\u2019entra\u00eeneurs et de supporters. [&hellip;]<\/p>\n","protected":false},"author":662,"featured_media":71252,"comment_status":"open","ping_status":"open","sticky":false,"template":"","format":"standard","meta":{"_acf_changed":false,"footnotes":""},"categories":[1864],"tags":[808],"class_list":["post-71251","post","type-post","status-publish","format-standard","has-post-thumbnail","hentry","category-carifta-2026","tag-martinique-fr"],"acf":[],"_links":{"self":[{"href":"https:\/\/richeskarayib.com\/fr\/wp-json\/wp\/v2\/posts\/71251","targetHints":{"allow":["GET"]}}],"collection":[{"href":"https:\/\/richeskarayib.com\/fr\/wp-json\/wp\/v2\/posts"}],"about":[{"href":"https:\/\/richeskarayib.com\/fr\/wp-json\/wp\/v2\/types\/post"}],"author":[{"embeddable":true,"href":"https:\/\/richeskarayib.com\/fr\/wp-json\/wp\/v2\/users\/662"}],"replies":[{"embeddable":true,"href":"https:\/\/richeskarayib.com\/fr\/wp-json\/wp\/v2\/comments?post=71251"}],"version-history":[{"count":0,"href":"https:\/\/richeskarayib.com\/fr\/wp-json\/wp\/v2\/posts\/71251\/revisions"}],"wp:featuredmedia":[{"embeddable":true,"href":"https:\/\/richeskarayib.com\/fr\/wp-json\/wp\/v2\/media\/71252"}],"wp:attachment":[{"href":"https:\/\/richeskarayib.com\/fr\/wp-json\/wp\/v2\/media?parent=71251"}],"wp:term":[{"taxonomy":"category","embeddable":true,"href":"https:\/\/richeskarayib.com\/fr\/wp-json\/wp\/v2\/categories?post=71251"},{"taxonomy":"post_tag","embeddable":true,"href":"https:\/\/richeskarayib.com\/fr\/wp-json\/wp\/v2\/tags?post=71251"}],"curies":[{"name":"wp","href":"https:\/\/api.w.org\/{rel}","templated":true}]}}