{"id":71327,"date":"2026-03-26T06:42:32","date_gmt":"2026-03-26T10:42:32","guid":{"rendered":"https:\/\/richeskarayib.com\/?p=71327"},"modified":"2026-03-26T06:42:32","modified_gmt":"2026-03-26T10:42:32","slug":"onu-traite-transatlantique-crime-humanite","status":"publish","type":"post","link":"https:\/\/richeskarayib.com\/fr\/onu-traite-transatlantique-crime-humanite\/","title":{"rendered":"ONU : la traite transatlantique officiellement qualifi\u00e9e de crime grave contre l\u2019humanit\u00e9"},"content":{"rendered":"\t\t<div data-elementor-type=\"wp-post\" data-elementor-id=\"71327\" class=\"elementor elementor-71327\" data-elementor-post-type=\"post\">\n\t\t\t\t\t\t<section class=\"elementor-section elementor-top-section elementor-element elementor-element-7ca7ca1 elementor-section-boxed elementor-section-height-default elementor-section-height-default\" data-id=\"7ca7ca1\" data-element_type=\"section\">\n\t\t\t\t\t\t<div class=\"elementor-container elementor-column-gap-default\">\n\t\t\t\t\t<div class=\"elementor-column elementor-col-100 elementor-top-column elementor-element elementor-element-cbdd002\" data-id=\"cbdd002\" data-element_type=\"column\">\n\t\t\t<div class=\"elementor-widget-wrap elementor-element-populated\">\n\t\t\t\t\t\t<section class=\"elementor-section elementor-inner-section elementor-element elementor-element-bc94849 elementor-section-boxed elementor-section-height-default elementor-section-height-default\" data-id=\"bc94849\" data-element_type=\"section\">\n\t\t\t\t\t\t<div class=\"elementor-container elementor-column-gap-default\">\n\t\t\t\t\t\t<\/div>\n\t\t<\/section>\n\t\t\t\t<section class=\"elementor-section elementor-inner-section elementor-element elementor-element-61571e6 elementor-section-boxed elementor-section-height-default elementor-section-height-default\" data-id=\"61571e6\" data-element_type=\"section\">\n\t\t\t\t\t\t<div class=\"elementor-container elementor-column-gap-default\">\n\t\t\t\t\t\t<\/div>\n\t\t<\/section>\n\t\t\t\t<section class=\"elementor-section elementor-inner-section elementor-element elementor-element-b6262e0 elementor-section-boxed elementor-section-height-default elementor-section-height-default\" data-id=\"b6262e0\" data-element_type=\"section\">\n\t\t\t\t\t\t<div class=\"elementor-container elementor-column-gap-default\">\n\t\t\t\t\t\t<\/div>\n\t\t<\/section>\n\t\t\t\t<section class=\"elementor-section elementor-inner-section elementor-element elementor-element-cca29fd elementor-section-boxed elementor-section-height-default elementor-section-height-default\" data-id=\"cca29fd\" data-element_type=\"section\">\n\t\t\t\t\t\t<div class=\"elementor-container elementor-column-gap-default\">\n\t\t\t\t\t\t<\/div>\n\t\t<\/section>\n\t\t\t\t\t<\/div>\n\t\t<\/div>\n\t\t\t\t\t<\/div>\n\t\t<\/section>\n\t\t\t\t<section class=\"elementor-section elementor-top-section elementor-element elementor-element-ee72354 elementor-section-boxed elementor-section-height-default elementor-section-height-default\" data-id=\"ee72354\" data-element_type=\"section\">\n\t\t\t\t\t\t<div class=\"elementor-container elementor-column-gap-default\">\n\t\t\t\t\t<div class=\"elementor-column elementor-col-100 elementor-top-column elementor-element elementor-element-c59d6fe\" data-id=\"c59d6fe\" data-element_type=\"column\">\n\t\t\t<div class=\"elementor-widget-wrap elementor-element-populated\">\n\t\t\t\t\t\t<div class=\"elementor-element elementor-element-e57451f elementor-widget elementor-widget-text-editor\" data-id=\"e57451f\" data-element_type=\"widget\" data-widget_type=\"text-editor.default\">\n\t\t\t\t<div class=\"elementor-widget-container\">\n\t\t\t\t\t\t\t\t\t<p><span style=\"font-weight: 400;\">Le 25 mars 2026, l\u2019Assembl\u00e9e g\u00e9n\u00e9rale de l\u2019ONU a adopt\u00e9 une r\u00e9solution qui marque une \u00e9tape importante dans la reconnaissance internationale de l\u2019histoire esclavagiste. Le texte qualifie la traite transatlantique des Africains et l\u2019esclavage racialis\u00e9 de type chattel comme le crime le plus grave contre l\u2019humanit\u00e9. Le texte, port\u00e9 par le Ghana, a \u00e9t\u00e9 adopt\u00e9 par 123 voix pour, avec 3 votes contre et 52 abstentions. Parmi les oppositions figurent notamment les \u00c9tats-Unis, l\u2019Argentine et Isra\u00ebl, tandis que plusieurs pays europ\u00e9ens, dont le Royaume-Uni, ont choisi de s\u2019abstenir. Derri\u00e8re cette formulation forte, il ne s\u2019agit pas simplement d\u2019un geste symbolique. Pour la <a href=\"https:\/\/richeskarayib.com\/fr\/caribbean-business-cruise-martinique-2026\/\" target=\"_blank\" rel=\"noopener\">Cara\u00efbe<\/a>, cette d\u00e9cision s\u2019inscrit dans une continuit\u00e9 historique et politique, en \u00e9cho \u00e0 des d\u00e9cennies de travaux, de revendications et de luttes pour une reconnaissance plus juste de cette m\u00e9moire.<\/span><\/p>\t\t\t\t\t\t\t\t<\/div>\n\t\t\t\t<\/div>\n\t\t\t\t\t<\/div>\n\t\t<\/div>\n\t\t\t\t\t<\/div>\n\t\t<\/section>\n\t\t\t\t<section class=\"elementor-section elementor-top-section elementor-element elementor-element-82cd8f9 elementor-section-boxed elementor-section-height-default elementor-section-height-default\" data-id=\"82cd8f9\" data-element_type=\"section\">\n\t\t\t\t\t\t<div class=\"elementor-container elementor-column-gap-default\">\n\t\t\t\t\t<div class=\"elementor-column elementor-col-100 elementor-top-column elementor-element elementor-element-0bfdc38\" data-id=\"0bfdc38\" data-element_type=\"column\">\n\t\t\t<div class=\"elementor-widget-wrap elementor-element-populated\">\n\t\t\t\t\t\t<div class=\"elementor-element elementor-element-7d292fe elementor-widget elementor-widget-heading\" data-id=\"7d292fe\" data-element_type=\"widget\" data-widget_type=\"heading.default\">\n\t\t\t\t<div class=\"elementor-widget-container\">\n\t\t\t\t\t<h2 class=\"elementor-heading-title elementor-size-default\">Une reconnaissance qui red\u00e9finit le d\u00e9bat international<\/h2>\t\t\t\t<\/div>\n\t\t\t\t<\/div>\n\t\t\t\t<div class=\"elementor-element elementor-element-96caf50 elementor-widget elementor-widget-text-editor\" data-id=\"96caf50\" data-element_type=\"widget\" data-widget_type=\"text-editor.default\">\n\t\t\t\t<div class=\"elementor-widget-container\">\n\t\t\t\t\t\t\t\t\t<p><span style=\"font-weight: 400;\">En qualifiant l\u2019esclavage de crime majeur contre l\u2019humanit\u00e9, l\u2019ONU franchit un seuil rarement atteint dans les instances internationales. Cette reconnaissance ne cr\u00e9e pas une obligation juridique imm\u00e9diate pour les \u00c9tats, mais elle modifie profond\u00e9ment le cadre du d\u00e9bat mondial. Elle introduit une lecture plus explicite de l\u2019histoire, dans laquelle la traite transatlantique n\u2019est plus seulement \u00e9voqu\u00e9e comme une trag\u00e9die pass\u00e9e, mais comme un crime dont les cons\u00e9quences se prolongent dans le pr\u00e9sent.<\/span><\/p>\t\t\t\t\t\t\t\t<\/div>\n\t\t\t\t<\/div>\n\t\t\t\t<div class=\"elementor-element elementor-element-34def04 elementor-widget elementor-widget-text-editor\" data-id=\"34def04\" data-element_type=\"widget\" data-widget_type=\"text-editor.default\">\n\t\t\t\t<div class=\"elementor-widget-container\">\n\t\t\t\t\t\t\t\t\t<p><span style=\"font-weight: 400;\">Cette \u00e9volution du discours international n\u2019est pas anodine. Elle intervient dans un contexte o\u00f9 les questions li\u00e9es aux h\u00e9ritages coloniaux, aux discriminations structurelles et aux in\u00e9galit\u00e9s historiques occupent une place croissante dans les d\u00e9bats publics. En prenant une position claire, l\u2019ONU contribue \u00e0 l\u00e9gitimer les analyses port\u00e9es depuis longtemps par les chercheurs, les institutions et les acteurs culturels de la Cara\u00efbe, qui soulignent que l\u2019histoire de l\u2019esclavage ne peut \u00eatre dissoci\u00e9e des r\u00e9alit\u00e9s contemporaines.<\/span><\/p>\t\t\t\t\t\t\t\t<\/div>\n\t\t\t\t<\/div>\n\t\t\t\t<div class=\"elementor-element elementor-element-6a6b0d8 elementor-widget elementor-widget-image\" data-id=\"6a6b0d8\" data-element_type=\"widget\" data-widget_type=\"image.default\">\n\t\t\t\t<div class=\"elementor-widget-container\">\n\t\t\t\t\t\t\t\t\t\t\t\t<figure class=\"wp-caption\">\n\t\t\t\t\t\t\t\t\t\t<img fetchpriority=\"high\" decoding=\"async\" width=\"800\" height=\"443\" src=\"https:\/\/richeskarayib.com\/wp-content\/uploads\/2026\/03\/HER10YoacAAiYHc-1024x567.jpg\" class=\"attachment-large size-large wp-image-71332\" alt=\"ONU\" srcset=\"https:\/\/richeskarayib.com\/wp-content\/uploads\/2026\/03\/HER10YoacAAiYHc-1024x567.jpg 1024w, https:\/\/richeskarayib.com\/wp-content\/uploads\/2026\/03\/HER10YoacAAiYHc-300x166.jpg 300w, https:\/\/richeskarayib.com\/wp-content\/uploads\/2026\/03\/HER10YoacAAiYHc-768x426.jpg 768w, https:\/\/richeskarayib.com\/wp-content\/uploads\/2026\/03\/HER10YoacAAiYHc.jpg 1200w\" sizes=\"(max-width: 800px) 100vw, 800px\" \/>\t\t\t\t\t\t\t\t\t\t\t<figcaption class=\"widget-image-caption wp-caption-text\">\u00a9Organisation des Nations Unies<\/figcaption>\n\t\t\t\t\t\t\t\t\t\t<\/figure>\n\t\t\t\t\t\t\t\t\t<\/div>\n\t\t\t\t<\/div>\n\t\t\t\t<section class=\"elementor-section elementor-inner-section elementor-element elementor-element-c582330 elementor-section-boxed elementor-section-height-default elementor-section-height-default\" data-id=\"c582330\" data-element_type=\"section\">\n\t\t\t\t\t\t<div class=\"elementor-container elementor-column-gap-default\">\n\t\t\t\t\t\t<\/div>\n\t\t<\/section>\n\t\t\t\t<section class=\"elementor-section elementor-inner-section elementor-element elementor-element-296603a elementor-section-boxed elementor-section-height-default elementor-section-height-default\" data-id=\"296603a\" data-element_type=\"section\">\n\t\t\t\t\t\t<div class=\"elementor-container elementor-column-gap-default\">\n\t\t\t\t\t\t<\/div>\n\t\t<\/section>\n\t\t\t\t\t<\/div>\n\t\t<\/div>\n\t\t\t\t\t<\/div>\n\t\t<\/section>\n\t\t\t\t<section class=\"elementor-section elementor-top-section elementor-element elementor-element-9c88a89 elementor-section-boxed elementor-section-height-default elementor-section-height-default\" data-id=\"9c88a89\" data-element_type=\"section\">\n\t\t\t\t\t\t<div class=\"elementor-container elementor-column-gap-default\">\n\t\t\t\t\t<div class=\"elementor-column elementor-col-100 elementor-top-column elementor-element elementor-element-78cf5d1\" data-id=\"78cf5d1\" data-element_type=\"column\">\n\t\t\t<div class=\"elementor-widget-wrap elementor-element-populated\">\n\t\t\t\t\t\t<div class=\"elementor-element elementor-element-ea2a5c1 elementor-widget elementor-widget-heading\" data-id=\"ea2a5c1\" data-element_type=\"widget\" data-widget_type=\"heading.default\">\n\t\t\t\t<div class=\"elementor-widget-container\">\n\t\t\t\t\t<h2 class=\"elementor-heading-title elementor-size-default\">La Cara\u00efbe, au c\u0153ur de l\u2019histoire et des enjeux actuels<\/h2>\t\t\t\t<\/div>\n\t\t\t\t<\/div>\n\t\t\t\t<div class=\"elementor-element elementor-element-e305eee elementor-widget elementor-widget-text-editor\" data-id=\"e305eee\" data-element_type=\"widget\" data-widget_type=\"text-editor.default\">\n\t\t\t\t<div class=\"elementor-widget-container\">\n\t\t\t\t\t\t\t\t\t<p><span style=\"font-weight: 400;\">Pour les territoires carib\u00e9ens, cette d\u00e9cision ne rel\u00e8ve pas d\u2019un simple constat historique. Elle touche directement \u00e0 leur construction. La traite transatlantique et le syst\u00e8me esclavagiste ont fa\u00e7onn\u00e9 les \u00e9conomies, les soci\u00e9t\u00e9s, les langues et les cultures de la r\u00e9gion. Les plantations, les structures fonci\u00e8res, les hi\u00e9rarchies sociales et m\u00eame certaines dynamiques \u00e9conomiques actuelles trouvent leurs racines dans cette p\u00e9riode.<\/span><\/p>\t\t\t\t\t\t\t\t<\/div>\n\t\t\t\t<\/div>\n\t\t\t\t<div class=\"elementor-element elementor-element-caa2b6d elementor-widget elementor-widget-text-editor\" data-id=\"caa2b6d\" data-element_type=\"widget\" data-widget_type=\"text-editor.default\">\n\t\t\t\t<div class=\"elementor-widget-container\">\n\t\t\t\t\t\t\t\t\t<p><span style=\"font-weight: 400;\">La reconnaissance port\u00e9e par l\u2019<a href=\"https:\/\/news.un.org\/fr\/story\/2026\/03\/1158618?_gl=1*1snbcar*_ga*NTAwODYzOTcwLjE3NzQ1MTE0NDQ.*_ga_TK9BQL5X7Z*czE3NzQ1MTg0NjgkbzIkZzEkdDE3NzQ1MTg0NzIkajU2JGwwJGgw\" target=\"_blank\" rel=\"noopener nofollow\">ONU<\/a> vient donc confirmer une r\u00e9alit\u00e9 que la Cara\u00efbe n\u2019a jamais cess\u00e9 de porter : celle d\u2019une histoire fondatrice, dont les effets sont encore visibles. Elle permet \u00e9galement de repositionner la r\u00e9gion dans le r\u00e9cit mondial, non pas comme un espace p\u00e9riph\u00e9rique, mais comme un territoire central dans la compr\u00e9hension des grandes transformations historiques li\u00e9es \u00e0 l\u2019esclavage et \u00e0 la colonisation.<\/span><\/p>\t\t\t\t\t\t\t\t<\/div>\n\t\t\t\t<\/div>\n\t\t\t\t<div class=\"elementor-element elementor-element-99d46de elementor-widget elementor-widget-text-editor\" data-id=\"99d46de\" data-element_type=\"widget\" data-widget_type=\"text-editor.default\">\n\t\t\t\t<div class=\"elementor-widget-container\">\n\t\t\t\t\t\t\t\t\t<p><span style=\"font-weight: 400;\">Cette reconnaissance internationale offre aussi une opportunit\u00e9 strat\u00e9gique. Elle renforce la capacit\u00e9 des territoires carib\u00e9ens \u00e0 peser dans les discussions globales sur la m\u00e9moire, la justice et les r\u00e9parations. Elle donne une l\u00e9gitimit\u00e9 suppl\u00e9mentaire aux d\u00e9marches d\u00e9j\u00e0 engag\u00e9es par certaines institutions r\u00e9gionales, qui travaillent depuis plusieurs ann\u00e9es \u00e0 structurer des propositions concr\u00e8tes sur ces questions.<\/span><\/p>\t\t\t\t\t\t\t\t<\/div>\n\t\t\t\t<\/div>\n\t\t\t\t<section class=\"elementor-section elementor-inner-section elementor-element elementor-element-ae02f6b elementor-section-boxed elementor-section-height-default elementor-section-height-default\" data-id=\"ae02f6b\" data-element_type=\"section\">\n\t\t\t\t\t\t<div class=\"elementor-container elementor-column-gap-default\">\n\t\t\t\t\t<div class=\"elementor-column elementor-col-50 elementor-inner-column elementor-element elementor-element-d1f3cc0\" data-id=\"d1f3cc0\" data-element_type=\"column\">\n\t\t\t<div class=\"elementor-widget-wrap elementor-element-populated\">\n\t\t\t\t\t\t<div class=\"elementor-element elementor-element-ad51d8f elementor-widget elementor-widget-image\" data-id=\"ad51d8f\" data-element_type=\"widget\" data-widget_type=\"image.default\">\n\t\t\t\t<div class=\"elementor-widget-container\">\n\t\t\t\t\t\t\t\t\t\t\t\t\t\t\t<img decoding=\"async\" width=\"800\" height=\"531\" src=\"https:\/\/richeskarayib.com\/wp-content\/uploads\/2026\/03\/stock-photo-located-in-the-town-of-diamant-in-martinique-the-cap-memorial-is-a-tribute-to-all-the-slaves-2240500349-1024x680.jpeg\" class=\"attachment-large size-large wp-image-71340\" alt=\"ONU\" srcset=\"https:\/\/richeskarayib.com\/wp-content\/uploads\/2026\/03\/stock-photo-located-in-the-town-of-diamant-in-martinique-the-cap-memorial-is-a-tribute-to-all-the-slaves-2240500349-1024x680.jpeg 1024w, https:\/\/richeskarayib.com\/wp-content\/uploads\/2026\/03\/stock-photo-located-in-the-town-of-diamant-in-martinique-the-cap-memorial-is-a-tribute-to-all-the-slaves-2240500349-300x199.jpeg 300w, https:\/\/richeskarayib.com\/wp-content\/uploads\/2026\/03\/stock-photo-located-in-the-town-of-diamant-in-martinique-the-cap-memorial-is-a-tribute-to-all-the-slaves-2240500349-768x510.jpeg 768w, https:\/\/richeskarayib.com\/wp-content\/uploads\/2026\/03\/stock-photo-located-in-the-town-of-diamant-in-martinique-the-cap-memorial-is-a-tribute-to-all-the-slaves-2240500349.jpeg 1280w\" sizes=\"(max-width: 800px) 100vw, 800px\" \/>\t\t\t\t\t\t\t\t\t\t\t\t\t\t\t<\/div>\n\t\t\t\t<\/div>\n\t\t\t\t\t<\/div>\n\t\t<\/div>\n\t\t\t\t<div class=\"elementor-column elementor-col-50 elementor-inner-column elementor-element elementor-element-f160423\" data-id=\"f160423\" data-element_type=\"column\">\n\t\t\t<div class=\"elementor-widget-wrap elementor-element-populated\">\n\t\t\t\t\t\t<div class=\"elementor-element elementor-element-3d85f89 elementor-widget elementor-widget-image\" data-id=\"3d85f89\" data-element_type=\"widget\" data-widget_type=\"image.default\">\n\t\t\t\t<div class=\"elementor-widget-container\">\n\t\t\t\t\t\t\t\t\t\t\t\t\t\t\t<img decoding=\"async\" width=\"800\" height=\"531\" src=\"https:\/\/richeskarayib.com\/wp-content\/uploads\/2026\/03\/stock-photo-the-slaves-memorial-de-l-anse-caffard-martinique-caribbean-585077179-1024x680.jpeg\" class=\"attachment-large size-large wp-image-71344\" alt=\"ONU\" srcset=\"https:\/\/richeskarayib.com\/wp-content\/uploads\/2026\/03\/stock-photo-the-slaves-memorial-de-l-anse-caffard-martinique-caribbean-585077179-1024x680.jpeg 1024w, https:\/\/richeskarayib.com\/wp-content\/uploads\/2026\/03\/stock-photo-the-slaves-memorial-de-l-anse-caffard-martinique-caribbean-585077179-300x199.jpeg 300w, https:\/\/richeskarayib.com\/wp-content\/uploads\/2026\/03\/stock-photo-the-slaves-memorial-de-l-anse-caffard-martinique-caribbean-585077179-768x510.jpeg 768w, https:\/\/richeskarayib.com\/wp-content\/uploads\/2026\/03\/stock-photo-the-slaves-memorial-de-l-anse-caffard-martinique-caribbean-585077179.jpeg 1280w\" sizes=\"(max-width: 800px) 100vw, 800px\" \/>\t\t\t\t\t\t\t\t\t\t\t\t\t\t\t<\/div>\n\t\t\t\t<\/div>\n\t\t\t\t\t<\/div>\n\t\t<\/div>\n\t\t\t\t\t<\/div>\n\t\t<\/section>\n\t\t\t\t\t<\/div>\n\t\t<\/div>\n\t\t\t\t\t<\/div>\n\t\t<\/section>\n\t\t\t\t<section class=\"elementor-section elementor-top-section elementor-element elementor-element-ee7f5d7 elementor-section-boxed elementor-section-height-default elementor-section-height-default\" data-id=\"ee7f5d7\" data-element_type=\"section\">\n\t\t\t\t\t\t<div class=\"elementor-container elementor-column-gap-default\">\n\t\t\t\t\t<div class=\"elementor-column elementor-col-100 elementor-top-column elementor-element elementor-element-0669c08\" data-id=\"0669c08\" data-element_type=\"column\">\n\t\t\t<div class=\"elementor-widget-wrap elementor-element-populated\">\n\t\t\t\t\t\t<div class=\"elementor-element elementor-element-acc47ca elementor-widget elementor-widget-heading\" data-id=\"acc47ca\" data-element_type=\"widget\" data-widget_type=\"heading.default\">\n\t\t\t\t<div class=\"elementor-widget-container\">\n\t\t\t\t\t<h2 class=\"elementor-heading-title elementor-size-default\">R\u00e9parations et justice m\u00e9morielle : une dynamique relanc\u00e9e<\/h2>\t\t\t\t<\/div>\n\t\t\t\t<\/div>\n\t\t\t\t<div class=\"elementor-element elementor-element-4bb1533 elementor-widget elementor-widget-text-editor\" data-id=\"4bb1533\" data-element_type=\"widget\" data-widget_type=\"text-editor.default\">\n\t\t\t\t<div class=\"elementor-widget-container\">\n\t\t\t\t\t\t\t\t\t<p><span style=\"font-weight: 400;\">L\u2019un des effets les plus importants de cette r\u00e9solution concerne la question des r\u00e9parations. En qualifiant l\u2019esclavage de crime majeur contre l\u2019humanit\u00e9, l\u2019ONU ouvre la voie \u00e0 des discussions plus structur\u00e9es sur les formes de justice r\u00e9paratrice. Cela inclut des pistes comme les excuses officielles, la restitution de biens culturels, le financement de programmes \u00e9ducatifs ou encore des politiques publiques visant \u00e0 corriger les in\u00e9galit\u00e9s h\u00e9rit\u00e9es de cette histoire.<\/span><\/p>\t\t\t\t\t\t\t\t<\/div>\n\t\t\t\t<\/div>\n\t\t\t\t<div class=\"elementor-element elementor-element-73c7263 elementor-widget elementor-widget-text-editor\" data-id=\"73c7263\" data-element_type=\"widget\" data-widget_type=\"text-editor.default\">\n\t\t\t\t<div class=\"elementor-widget-container\">\n\t\t\t\t\t\t\t\t\t<p><span style=\"font-weight: 400;\">Dans la Cara\u00efbe, ces enjeux ne sont pas nouveaux. Ils s\u2019inscrivent dans un travail de longue haleine, port\u00e9 notamment par des initiatives r\u00e9gionales qui cherchent \u00e0 faire reconna\u00eetre les cons\u00e9quences durables de l\u2019esclavage. La d\u00e9cision de l\u2019ONU ne cr\u00e9e pas un cadre contraignant, mais elle modifie les rapports de force en donnant un appui international \u00e0 ces revendications.<\/span><\/p>\t\t\t\t\t\t\t\t<\/div>\n\t\t\t\t<\/div>\n\t\t\t\t<div class=\"elementor-element elementor-element-9cfbb76 elementor-widget elementor-widget-text-editor\" data-id=\"9cfbb76\" data-element_type=\"widget\" data-widget_type=\"text-editor.default\">\n\t\t\t\t<div class=\"elementor-widget-container\">\n\t\t\t\t\t\t\t\t\t<p><span style=\"font-weight: 400;\">Elle peut \u00e9galement encourager une meilleure structuration des politiques de m\u00e9moire. Dans plusieurs territoires, la transmission de l\u2019histoire de l\u2019esclavage reste in\u00e9gale, parfois fragment\u00e9e, alors qu\u2019elle constitue un \u00e9l\u00e9ment central pour comprendre les soci\u00e9t\u00e9s actuelles. La reconnaissance de l\u2019ONU peut servir de levier pour renforcer les programmes \u00e9ducatifs, soutenir la recherche et valoriser les lieux de m\u00e9moire.<\/span><\/p>\t\t\t\t\t\t\t\t<\/div>\n\t\t\t\t<\/div>\n\t\t\t\t<div class=\"elementor-element elementor-element-8df1e8a elementor-widget elementor-widget-image\" data-id=\"8df1e8a\" data-element_type=\"widget\" data-widget_type=\"image.default\">\n\t\t\t\t<div class=\"elementor-widget-container\">\n\t\t\t\t\t\t\t\t\t\t\t\t<figure class=\"wp-caption\">\n\t\t\t\t\t\t\t\t\t\t<img loading=\"lazy\" decoding=\"async\" width=\"800\" height=\"533\" src=\"https:\/\/richeskarayib.com\/wp-content\/uploads\/2026\/03\/Un-memorial-de-lesclavage-a-Stone-Town-a-Zanzibar-en-Tanzanie.jpg\" class=\"attachment-large size-large wp-image-71336\" alt=\"ONU\" srcset=\"https:\/\/richeskarayib.com\/wp-content\/uploads\/2026\/03\/Un-memorial-de-lesclavage-a-Stone-Town-a-Zanzibar-en-Tanzanie.jpg 1024w, https:\/\/richeskarayib.com\/wp-content\/uploads\/2026\/03\/Un-memorial-de-lesclavage-a-Stone-Town-a-Zanzibar-en-Tanzanie-300x200.jpg 300w, https:\/\/richeskarayib.com\/wp-content\/uploads\/2026\/03\/Un-memorial-de-lesclavage-a-Stone-Town-a-Zanzibar-en-Tanzanie-768x512.jpg 768w\" sizes=\"(max-width: 800px) 100vw, 800px\" \/>\t\t\t\t\t\t\t\t\t\t\t<figcaption class=\"widget-image-caption wp-caption-text\">\u00a9Organisation des Nations Unies<\/figcaption>\n\t\t\t\t\t\t\t\t\t\t<\/figure>\n\t\t\t\t\t\t\t\t\t<\/div>\n\t\t\t\t<\/div>\n\t\t\t\t\t<\/div>\n\t\t<\/div>\n\t\t\t\t\t<\/div>\n\t\t<\/section>\n\t\t\t\t<section class=\"elementor-section elementor-top-section elementor-element elementor-element-d0fd0c0 elementor-section-boxed elementor-section-height-default elementor-section-height-default\" data-id=\"d0fd0c0\" data-element_type=\"section\">\n\t\t\t\t\t\t<div class=\"elementor-container elementor-column-gap-default\">\n\t\t\t\t\t<div class=\"elementor-column elementor-col-100 elementor-top-column elementor-element elementor-element-1e2ec65\" data-id=\"1e2ec65\" data-element_type=\"column\">\n\t\t\t<div class=\"elementor-widget-wrap elementor-element-populated\">\n\t\t\t\t\t\t<div class=\"elementor-element elementor-element-316145b elementor-widget elementor-widget-heading\" data-id=\"316145b\" data-element_type=\"widget\" data-widget_type=\"heading.default\">\n\t\t\t\t<div class=\"elementor-widget-container\">\n\t\t\t\t\t<h2 class=\"elementor-heading-title elementor-size-default\">Une reconnaissance qui r\u00e9v\u00e8le aussi des tensions<\/h2>\t\t\t\t<\/div>\n\t\t\t\t<\/div>\n\t\t\t\t<div class=\"elementor-element elementor-element-54e5967 elementor-widget elementor-widget-text-editor\" data-id=\"54e5967\" data-element_type=\"widget\" data-widget_type=\"text-editor.default\">\n\t\t\t\t<div class=\"elementor-widget-container\">\n\t\t\t\t\t\t\t\t\t<p><span style=\"font-weight: 400;\">Le vote de cette r\u00e9solution met en lumi\u00e8re des divergences persistantes au sein de la communaut\u00e9 internationale. Si une large majorit\u00e9 d\u2019\u00c9tats a soutenu le texte, certaines oppositions et abstentions montrent que la question reste sensible. Les r\u00e9serves exprim\u00e9es portent notamment sur les implications politiques et historiques de cette qualification, ainsi que sur les cons\u00e9quences qu\u2019elle pourrait avoir en mati\u00e8re de r\u00e9parations.<\/span><\/p>\t\t\t\t\t\t\t\t<\/div>\n\t\t\t\t<\/div>\n\t\t\t\t<div class=\"elementor-element elementor-element-bce47df elementor-widget elementor-widget-text-editor\" data-id=\"bce47df\" data-element_type=\"widget\" data-widget_type=\"text-editor.default\">\n\t\t\t\t<div class=\"elementor-widget-container\">\n\t\t\t\t\t\t\t\t\t<p><span style=\"font-weight: 400;\">Ces tensions rappellent que la reconnaissance de l\u2019esclavage comme crime majeur ne fait pas l\u2019objet d\u2019un consensus absolu. Elle reste un sujet de d\u00e9bat, o\u00f9 s\u2019entrem\u00ealent enjeux diplomatiques, responsabilit\u00e9s historiques et consid\u00e9rations \u00e9conomiques. Pour la Cara\u00efbe, cette situation confirme que la bataille pour une reconnaissance pleine et enti\u00e8re de cette histoire est encore en cours.<\/span><\/p>\t\t\t\t\t\t\t\t<\/div>\n\t\t\t\t<\/div>\n\t\t\t\t\t<\/div>\n\t\t<\/div>\n\t\t\t\t\t<\/div>\n\t\t<\/section>\n\t\t\t\t<section class=\"elementor-section elementor-top-section elementor-element elementor-element-f03d675 elementor-section-boxed elementor-section-height-default elementor-section-height-default\" data-id=\"f03d675\" data-element_type=\"section\">\n\t\t\t\t\t\t<div class=\"elementor-container elementor-column-gap-default\">\n\t\t\t\t\t<div class=\"elementor-column elementor-col-100 elementor-top-column elementor-element elementor-element-ddb1e36\" data-id=\"ddb1e36\" data-element_type=\"column\">\n\t\t\t<div class=\"elementor-widget-wrap elementor-element-populated\">\n\t\t\t\t\t\t<div class=\"elementor-element elementor-element-66035d3 elementor-widget elementor-widget-heading\" data-id=\"66035d3\" data-element_type=\"widget\" data-widget_type=\"heading.default\">\n\t\t\t\t<div class=\"elementor-widget-container\">\n\t\t\t\t\t<h2 class=\"elementor-heading-title elementor-size-default\">Repenser le r\u00e9cit carib\u00e9en \u00e0 l\u2019\u00e9chelle mondiale<\/h2>\t\t\t\t<\/div>\n\t\t\t\t<\/div>\n\t\t\t\t<div class=\"elementor-element elementor-element-cae4ec8 elementor-widget elementor-widget-text-editor\" data-id=\"cae4ec8\" data-element_type=\"widget\" data-widget_type=\"text-editor.default\">\n\t\t\t\t<div class=\"elementor-widget-container\">\n\t\t\t\t\t\t\t\t\t<p><span style=\"font-weight: 400;\">Au-del\u00e0 des enjeux politiques, cette d\u00e9cision offre une opportunit\u00e9 de red\u00e9finir la mani\u00e8re dont la Cara\u00efbe est racont\u00e9e \u00e0 l\u2019\u00e9chelle internationale. Trop souvent r\u00e9duite \u00e0 une image touristique ou culturelle simplifi\u00e9e, la r\u00e9gion porte pourtant une histoire complexe, marqu\u00e9e par la violence, la r\u00e9sistance et la reconstruction.<\/span><\/p>\t\t\t\t\t\t\t\t<\/div>\n\t\t\t\t<\/div>\n\t\t\t\t<div class=\"elementor-element elementor-element-cd10ab9 elementor-widget elementor-widget-text-editor\" data-id=\"cd10ab9\" data-element_type=\"widget\" data-widget_type=\"text-editor.default\">\n\t\t\t\t<div class=\"elementor-widget-container\">\n\t\t\t\t\t\t\t\t\t<p><span style=\"font-weight: 400;\">La position de l\u2019ONU permet de remettre cette histoire au centre du r\u00e9cit mondial. Elle invite \u00e0 consid\u00e9rer la Cara\u00efbe non seulement comme un espace de m\u00e9moire, mais aussi comme un lieu de production intellectuelle et politique. Les r\u00e9flexions issues de la r\u00e9gion sur l\u2019esclavage, la colonisation et leurs cons\u00e9quences continuent d\u2019\u00e9clairer les d\u00e9bats contemporains, bien au-del\u00e0 de ses fronti\u00e8res.<\/span><\/p>\t\t\t\t\t\t\t\t<\/div>\n\t\t\t\t<\/div>\n\t\t\t\t<div class=\"elementor-element elementor-element-6ee1ec4 elementor-widget elementor-widget-text-editor\" data-id=\"6ee1ec4\" data-element_type=\"widget\" data-widget_type=\"text-editor.default\">\n\t\t\t\t<div class=\"elementor-widget-container\">\n\t\t\t\t\t\t\t\t\t<p><span style=\"font-weight: 400;\">Pour un m\u00e9dia comme Rich\u00e8sKarayib, cette actualit\u00e9 souligne l\u2019importance de proposer une lecture exigeante et contextualis\u00e9e des territoires carib\u00e9ens. Elle rappelle que la culture, l\u2019histoire et les enjeux \u00e9conomiques de la r\u00e9gion sont profond\u00e9ment li\u00e9s, et qu\u2019ils doivent \u00eatre abord\u00e9s dans leur globalit\u00e9.<\/span><\/p>\t\t\t\t\t\t\t\t<\/div>\n\t\t\t\t<\/div>\n\t\t\t\t<section class=\"elementor-section elementor-inner-section elementor-element elementor-element-3dd0e1a elementor-section-boxed elementor-section-height-default elementor-section-height-default\" data-id=\"3dd0e1a\" data-element_type=\"section\">\n\t\t\t\t\t\t<div class=\"elementor-container elementor-column-gap-default\">\n\t\t\t\t\t<div class=\"elementor-column elementor-col-100 elementor-inner-column elementor-element elementor-element-66c9836\" data-id=\"66c9836\" data-element_type=\"column\">\n\t\t\t<div class=\"elementor-widget-wrap elementor-element-populated\">\n\t\t\t\t\t\t<div class=\"elementor-element elementor-element-e98a4a4 elementor-widget elementor-widget-image\" data-id=\"e98a4a4\" data-element_type=\"widget\" data-widget_type=\"image.default\">\n\t\t\t\t<div class=\"elementor-widget-container\">\n\t\t\t\t\t\t\t\t\t\t\t\t\t\t\t<img loading=\"lazy\" decoding=\"async\" width=\"800\" height=\"534\" src=\"https:\/\/richeskarayib.com\/wp-content\/uploads\/2026\/03\/stock-photo-the-slave-huts-and-a-flamingo-on-the-caribbean-island-of-bonaire-2270037517-1024x684.jpeg\" class=\"attachment-large size-large wp-image-71352\" alt=\"ONU\" srcset=\"https:\/\/richeskarayib.com\/wp-content\/uploads\/2026\/03\/stock-photo-the-slave-huts-and-a-flamingo-on-the-caribbean-island-of-bonaire-2270037517-1024x684.jpeg 1024w, https:\/\/richeskarayib.com\/wp-content\/uploads\/2026\/03\/stock-photo-the-slave-huts-and-a-flamingo-on-the-caribbean-island-of-bonaire-2270037517-300x200.jpeg 300w, https:\/\/richeskarayib.com\/wp-content\/uploads\/2026\/03\/stock-photo-the-slave-huts-and-a-flamingo-on-the-caribbean-island-of-bonaire-2270037517-768x513.jpeg 768w, https:\/\/richeskarayib.com\/wp-content\/uploads\/2026\/03\/stock-photo-the-slave-huts-and-a-flamingo-on-the-caribbean-island-of-bonaire-2270037517.jpeg 1280w\" sizes=\"(max-width: 800px) 100vw, 800px\" \/>\t\t\t\t\t\t\t\t\t\t\t\t\t\t\t<\/div>\n\t\t\t\t<\/div>\n\t\t\t\t\t<\/div>\n\t\t<\/div>\n\t\t\t\t\t<\/div>\n\t\t<\/section>\n\t\t\t\t\t<\/div>\n\t\t<\/div>\n\t\t\t\t\t<\/div>\n\t\t<\/section>\n\t\t\t\t<section class=\"elementor-section elementor-top-section elementor-element elementor-element-d2c3e42 elementor-section-boxed elementor-section-height-default elementor-section-height-default\" data-id=\"d2c3e42\" data-element_type=\"section\">\n\t\t\t\t\t\t<div class=\"elementor-container elementor-column-gap-default\">\n\t\t\t\t\t<div class=\"elementor-column elementor-col-100 elementor-top-column elementor-element elementor-element-caddc00\" data-id=\"caddc00\" data-element_type=\"column\">\n\t\t\t<div class=\"elementor-widget-wrap elementor-element-populated\">\n\t\t\t\t\t\t<div class=\"elementor-element elementor-element-e92cf66 elementor-widget elementor-widget-heading\" data-id=\"e92cf66\" data-element_type=\"widget\" data-widget_type=\"heading.default\">\n\t\t\t\t<div class=\"elementor-widget-container\">\n\t\t\t\t\t<h2 class=\"elementor-heading-title elementor-size-default\">Transformer une reconnaissance en levier d\u2019action<\/h2>\t\t\t\t<\/div>\n\t\t\t\t<\/div>\n\t\t\t\t<div class=\"elementor-element elementor-element-c757097 elementor-widget elementor-widget-text-editor\" data-id=\"c757097\" data-element_type=\"widget\" data-widget_type=\"text-editor.default\">\n\t\t\t\t<div class=\"elementor-widget-container\">\n\t\t\t\t\t\t\t\t\t<p><span style=\"font-weight: 400;\">La port\u00e9e r\u00e9elle de cette r\u00e9solution d\u00e9pendra des actions qui suivront. La reconnaissance internationale constitue une avanc\u00e9e, mais elle ne suffit pas \u00e0 elle seule \u00e0 produire des changements concrets. Pour la Cara\u00efbe, l\u2019enjeu est d\u00e9sormais de transformer cette d\u00e9cision en levier d\u2019action, en renfor\u00e7ant les coop\u00e9rations, en structurant les politiques publiques et en consolidant les d\u00e9marches de recherche et de transmission.<\/span><\/p>\t\t\t\t\t\t\t\t<\/div>\n\t\t\t\t<\/div>\n\t\t\t\t<div class=\"elementor-element elementor-element-a167015 elementor-widget elementor-widget-text-editor\" data-id=\"a167015\" data-element_type=\"widget\" data-widget_type=\"text-editor.default\">\n\t\t\t\t<div class=\"elementor-widget-container\">\n\t\t\t\t\t\t\t\t\t<p><span style=\"font-weight: 400;\">L\u2019ONU a pos\u00e9 un jalon important en qualifiant la traite transatlantique et l\u2019esclavage de crime majeur contre l\u2019humanit\u00e9. Pour les territoires carib\u00e9ens, cette reconnaissance repr\u00e9sente une opportunit\u00e9 de faire avancer des d\u00e9bats essentiels, en lien avec leur histoire et leur d\u00e9veloppement. Elle ouvre un espace pour penser autrement les relations internationales, en int\u00e9grant pleinement les h\u00e9ritages du pass\u00e9 dans la construction du pr\u00e9sent et de l\u2019avenir.<\/span><\/p>\t\t\t\t\t\t\t\t<\/div>\n\t\t\t\t<\/div>\n\t\t\t\t<div class=\"elementor-element elementor-element-d6db6ab elementor-widget elementor-widget-image\" data-id=\"d6db6ab\" data-element_type=\"widget\" data-widget_type=\"image.default\">\n\t\t\t\t<div class=\"elementor-widget-container\">\n\t\t\t\t\t\t\t\t\t\t\t\t\t\t\t<img loading=\"lazy\" decoding=\"async\" width=\"800\" height=\"602\" src=\"https:\/\/richeskarayib.com\/wp-content\/uploads\/2026\/03\/stock-photo-slavery-memorial-of-the-cap-french-island-of-martinique-caribbean-west-indies-le-diamant-2720151029-1024x770.jpeg\" class=\"attachment-large size-large wp-image-71348\" alt=\"ONU\" srcset=\"https:\/\/richeskarayib.com\/wp-content\/uploads\/2026\/03\/stock-photo-slavery-memorial-of-the-cap-french-island-of-martinique-caribbean-west-indies-le-diamant-2720151029-1024x770.jpeg 1024w, https:\/\/richeskarayib.com\/wp-content\/uploads\/2026\/03\/stock-photo-slavery-memorial-of-the-cap-french-island-of-martinique-caribbean-west-indies-le-diamant-2720151029-300x226.jpeg 300w, https:\/\/richeskarayib.com\/wp-content\/uploads\/2026\/03\/stock-photo-slavery-memorial-of-the-cap-french-island-of-martinique-caribbean-west-indies-le-diamant-2720151029-768x578.jpeg 768w, https:\/\/richeskarayib.com\/wp-content\/uploads\/2026\/03\/stock-photo-slavery-memorial-of-the-cap-french-island-of-martinique-caribbean-west-indies-le-diamant-2720151029.jpeg 1280w\" sizes=\"(max-width: 800px) 100vw, 800px\" \/>\t\t\t\t\t\t\t\t\t\t\t\t\t\t\t<\/div>\n\t\t\t\t<\/div>\n\t\t\t\t\t<\/div>\n\t\t<\/div>\n\t\t\t\t\t<\/div>\n\t\t<\/section>\n\t\t\t\t<section class=\"elementor-section elementor-top-section elementor-element elementor-element-f5709a6 elementor-section-boxed elementor-section-height-default elementor-section-height-default\" data-id=\"f5709a6\" data-element_type=\"section\">\n\t\t\t\t\t\t<div class=\"elementor-container elementor-column-gap-default\">\n\t\t\t\t\t<div class=\"elementor-column elementor-col-100 elementor-top-column elementor-element elementor-element-957be6f\" data-id=\"957be6f\" data-element_type=\"column\">\n\t\t\t<div class=\"elementor-widget-wrap elementor-element-populated\">\n\t\t\t\t\t\t<div class=\"elementor-element elementor-element-63e5d4a elementor-widget elementor-widget-accordion\" data-id=\"63e5d4a\" data-element_type=\"widget\" data-widget_type=\"accordion.default\">\n\t\t\t\t<div class=\"elementor-widget-container\">\n\t\t\t\t\t\t\t<div class=\"elementor-accordion\">\n\t\t\t\t\t\t\t<div class=\"elementor-accordion-item\">\n\t\t\t\t\t<div id=\"elementor-tab-title-1041\" class=\"elementor-tab-title\" data-tab=\"1\" role=\"button\" aria-controls=\"elementor-tab-content-1041\" aria-expanded=\"false\">\n\t\t\t\t\t\t\t\t\t\t\t\t\t<span class=\"elementor-accordion-icon elementor-accordion-icon-left\" aria-hidden=\"true\">\n\t\t\t\t\t\t\t\t\t\t\t\t\t\t\t<span class=\"elementor-accordion-icon-closed\"><i class=\"fas fa-plus\"><\/i><\/span>\n\t\t\t\t\t\t\t\t<span class=\"elementor-accordion-icon-opened\"><i class=\"fas fa-minus\"><\/i><\/span>\n\t\t\t\t\t\t\t\t\t\t\t\t\t\t<\/span>\n\t\t\t\t\t\t\t\t\t\t\t\t<a class=\"elementor-accordion-title\" tabindex=\"0\">Que signifie la d\u00e9cision de l\u2019ONU sur la traite transatlantique en 2026 ?<\/a>\n\t\t\t\t\t<\/div>\n\t\t\t\t\t<div id=\"elementor-tab-content-1041\" class=\"elementor-tab-content elementor-clearfix\" data-tab=\"1\" role=\"region\" aria-labelledby=\"elementor-tab-title-1041\"><p><span style=\"font-weight: 400;\">La d\u00e9cision de l\u2019ONU adopt\u00e9e le 25 mars 2026 reconna\u00eet la traite transatlantique des Africains et l\u2019esclavage comme le crime le plus grave contre l\u2019humanit\u00e9. Elle vise \u00e0 affirmer la gravit\u00e9 historique de ces faits et \u00e0 encourager des discussions internationales sur la m\u00e9moire, la justice et les r\u00e9parations.<\/span><\/p><\/div>\n\t\t\t\t<\/div>\n\t\t\t\t\t\t\t<div class=\"elementor-accordion-item\">\n\t\t\t\t\t<div id=\"elementor-tab-title-1042\" class=\"elementor-tab-title\" data-tab=\"2\" role=\"button\" aria-controls=\"elementor-tab-content-1042\" aria-expanded=\"false\">\n\t\t\t\t\t\t\t\t\t\t\t\t\t<span class=\"elementor-accordion-icon elementor-accordion-icon-left\" aria-hidden=\"true\">\n\t\t\t\t\t\t\t\t\t\t\t\t\t\t\t<span class=\"elementor-accordion-icon-closed\"><i class=\"fas fa-plus\"><\/i><\/span>\n\t\t\t\t\t\t\t\t<span class=\"elementor-accordion-icon-opened\"><i class=\"fas fa-minus\"><\/i><\/span>\n\t\t\t\t\t\t\t\t\t\t\t\t\t\t<\/span>\n\t\t\t\t\t\t\t\t\t\t\t\t<a class=\"elementor-accordion-title\" tabindex=\"0\">Cette r\u00e9solution de l\u2019ONU est-elle contraignante pour les \u00c9tats ?<\/a>\n\t\t\t\t\t<\/div>\n\t\t\t\t\t<div id=\"elementor-tab-content-1042\" class=\"elementor-tab-content elementor-clearfix\" data-tab=\"2\" role=\"region\" aria-labelledby=\"elementor-tab-title-1042\"><p><span style=\"font-weight: 400;\">Non, cette r\u00e9solution de l\u2019ONU n\u2019est pas juridiquement contraignante. Elle n\u2019impose pas d\u2019obligations directes, mais elle a une forte port\u00e9e politique et symbolique qui peut influencer les discussions internationales et les politiques publiques.<\/span><\/p><\/div>\n\t\t\t\t<\/div>\n\t\t\t\t\t\t\t<div class=\"elementor-accordion-item\">\n\t\t\t\t\t<div id=\"elementor-tab-title-1043\" class=\"elementor-tab-title\" data-tab=\"3\" role=\"button\" aria-controls=\"elementor-tab-content-1043\" aria-expanded=\"false\">\n\t\t\t\t\t\t\t\t\t\t\t\t\t<span class=\"elementor-accordion-icon elementor-accordion-icon-left\" aria-hidden=\"true\">\n\t\t\t\t\t\t\t\t\t\t\t\t\t\t\t<span class=\"elementor-accordion-icon-closed\"><i class=\"fas fa-plus\"><\/i><\/span>\n\t\t\t\t\t\t\t\t<span class=\"elementor-accordion-icon-opened\"><i class=\"fas fa-minus\"><\/i><\/span>\n\t\t\t\t\t\t\t\t\t\t\t\t\t\t<\/span>\n\t\t\t\t\t\t\t\t\t\t\t\t<a class=\"elementor-accordion-title\" tabindex=\"0\">Pourquoi cette d\u00e9cision concerne-t-elle particuli\u00e8rement la Cara\u00efbe ?<\/a>\n\t\t\t\t\t<\/div>\n\t\t\t\t\t<div id=\"elementor-tab-content-1043\" class=\"elementor-tab-content elementor-clearfix\" data-tab=\"3\" role=\"region\" aria-labelledby=\"elementor-tab-title-1043\"><p><span style=\"font-weight: 400;\">La Cara\u00efbe a \u00e9t\u00e9 profond\u00e9ment marqu\u00e9e par la traite transatlantique et l\u2019esclavage. Cette reconnaissance de l\u2019ONU valide une lecture historique port\u00e9e depuis longtemps dans la r\u00e9gion et peut soutenir les d\u00e9marches li\u00e9es \u00e0 la m\u00e9moire, \u00e0 l\u2019\u00e9ducation et aux r\u00e9parations.<\/span><\/p><\/div>\n\t\t\t\t<\/div>\n\t\t\t\t\t\t\t\t<\/div>\n\t\t\t\t\t\t<\/div>\n\t\t\t\t<\/div>\n\t\t\t\t\t<\/div>\n\t\t<\/div>\n\t\t\t\t\t<\/div>\n\t\t<\/section>\n\t\t\t\t<\/div>\n\t\t","protected":false},"excerpt":{"rendered":"<p>Le 25 mars 2026, l\u2019Assembl\u00e9e g\u00e9n\u00e9rale de l\u2019ONU a adopt\u00e9 une r\u00e9solution qui marque une \u00e9tape importante dans la reconnaissance internationale de l\u2019histoire esclavagiste. Le texte qualifie la traite transatlantique des Africains et l\u2019esclavage racialis\u00e9 de type chattel comme le crime le plus grave contre l\u2019humanit\u00e9. Le texte, port\u00e9 par le Ghana, a \u00e9t\u00e9 adopt\u00e9 [&hellip;]<\/p>\n","protected":false},"author":662,"featured_media":71328,"comment_status":"open","ping_status":"open","sticky":false,"template":"","format":"standard","meta":{"_acf_changed":false,"footnotes":""},"categories":[840],"tags":[1441,1598,1716,1545,1544,1693,808,1482,1599,1656],"class_list":["post-71327","post","type-post","status-publish","format-standard","has-post-thumbnail","hentry","category-actus","tag-anguilla-fr","tag-barbade-fr","tag-dominique-fr-2","tag-guadeloupe-2","tag-guyane-2","tag-jamaique-2","tag-martinique-fr","tag-republique-dominicaine","tag-sainte-lucie-fr","tag-trinite-et-tobago-2"],"acf":[],"_links":{"self":[{"href":"https:\/\/richeskarayib.com\/fr\/wp-json\/wp\/v2\/posts\/71327","targetHints":{"allow":["GET"]}}],"collection":[{"href":"https:\/\/richeskarayib.com\/fr\/wp-json\/wp\/v2\/posts"}],"about":[{"href":"https:\/\/richeskarayib.com\/fr\/wp-json\/wp\/v2\/types\/post"}],"author":[{"embeddable":true,"href":"https:\/\/richeskarayib.com\/fr\/wp-json\/wp\/v2\/users\/662"}],"replies":[{"embeddable":true,"href":"https:\/\/richeskarayib.com\/fr\/wp-json\/wp\/v2\/comments?post=71327"}],"version-history":[{"count":0,"href":"https:\/\/richeskarayib.com\/fr\/wp-json\/wp\/v2\/posts\/71327\/revisions"}],"wp:featuredmedia":[{"embeddable":true,"href":"https:\/\/richeskarayib.com\/fr\/wp-json\/wp\/v2\/media\/71328"}],"wp:attachment":[{"href":"https:\/\/richeskarayib.com\/fr\/wp-json\/wp\/v2\/media?parent=71327"}],"wp:term":[{"taxonomy":"category","embeddable":true,"href":"https:\/\/richeskarayib.com\/fr\/wp-json\/wp\/v2\/categories?post=71327"},{"taxonomy":"post_tag","embeddable":true,"href":"https:\/\/richeskarayib.com\/fr\/wp-json\/wp\/v2\/tags?post=71327"}],"curies":[{"name":"wp","href":"https:\/\/api.w.org\/{rel}","templated":true}]}}