{"id":71470,"date":"2026-03-30T12:00:26","date_gmt":"2026-03-30T16:00:26","guid":{"rendered":"https:\/\/richeskarayib.com\/?p=71470"},"modified":"2026-04-15T11:24:48","modified_gmt":"2026-04-15T15:24:48","slug":"carifta-aquatics-championships-2026","status":"publish","type":"post","link":"https:\/\/richeskarayib.com\/fr\/carifta-aquatics-championships-2026\/","title":{"rendered":"Martinique \u2013 CARIFTA Aquatics Championships 2026 : quand la natation devient levier de territoire"},"content":{"rendered":"\t\t<div data-elementor-type=\"wp-post\" data-elementor-id=\"71470\" class=\"elementor elementor-71470\" data-elementor-post-type=\"post\">\n\t\t\t\t\t\t<section class=\"elementor-section elementor-top-section elementor-element elementor-element-7ca7ca1 elementor-section-boxed elementor-section-height-default elementor-section-height-default\" data-id=\"7ca7ca1\" data-element_type=\"section\">\n\t\t\t\t\t\t<div class=\"elementor-container elementor-column-gap-default\">\n\t\t\t\t\t<div class=\"elementor-column elementor-col-100 elementor-top-column elementor-element elementor-element-cbdd002\" data-id=\"cbdd002\" data-element_type=\"column\">\n\t\t\t<div class=\"elementor-widget-wrap elementor-element-populated\">\n\t\t\t\t\t\t<section class=\"elementor-section elementor-inner-section elementor-element elementor-element-bc94849 elementor-section-boxed elementor-section-height-default elementor-section-height-default\" data-id=\"bc94849\" data-element_type=\"section\">\n\t\t\t\t\t\t<div class=\"elementor-container elementor-column-gap-default\">\n\t\t\t\t\t\t<\/div>\n\t\t<\/section>\n\t\t\t\t<section class=\"elementor-section elementor-inner-section elementor-element elementor-element-61571e6 elementor-section-boxed elementor-section-height-default elementor-section-height-default\" data-id=\"61571e6\" data-element_type=\"section\">\n\t\t\t\t\t\t<div class=\"elementor-container elementor-column-gap-default\">\n\t\t\t\t\t\t<\/div>\n\t\t<\/section>\n\t\t\t\t<section class=\"elementor-section elementor-inner-section elementor-element elementor-element-b6262e0 elementor-section-boxed elementor-section-height-default elementor-section-height-default\" data-id=\"b6262e0\" data-element_type=\"section\">\n\t\t\t\t\t\t<div class=\"elementor-container elementor-column-gap-default\">\n\t\t\t\t\t\t<\/div>\n\t\t<\/section>\n\t\t\t\t<section class=\"elementor-section elementor-inner-section elementor-element elementor-element-cca29fd elementor-section-boxed elementor-section-height-default elementor-section-height-default\" data-id=\"cca29fd\" data-element_type=\"section\">\n\t\t\t\t\t\t<div class=\"elementor-container elementor-column-gap-default\">\n\t\t\t\t\t\t<\/div>\n\t\t<\/section>\n\t\t\t\t\t<\/div>\n\t\t<\/div>\n\t\t\t\t\t<\/div>\n\t\t<\/section>\n\t\t\t\t<section class=\"elementor-section elementor-top-section elementor-element elementor-element-ee72354 elementor-section-boxed elementor-section-height-default elementor-section-height-default\" data-id=\"ee72354\" data-element_type=\"section\">\n\t\t\t\t\t\t<div class=\"elementor-container elementor-column-gap-default\">\n\t\t\t\t\t<div class=\"elementor-column elementor-col-100 elementor-top-column elementor-element elementor-element-c59d6fe\" data-id=\"c59d6fe\" data-element_type=\"column\">\n\t\t\t<div class=\"elementor-widget-wrap elementor-element-populated\">\n\t\t\t\t\t\t<div class=\"elementor-element elementor-element-e57451f elementor-widget elementor-widget-text-editor\" data-id=\"e57451f\" data-element_type=\"widget\" data-widget_type=\"text-editor.default\">\n\t\t\t\t<div class=\"elementor-widget-container\">\n\t\t\t\t\t\t\t\t\t<p><span style=\"font-weight: 400;\">Le samedi 28 mars, au Centre Aquatique Pierre Samot du Lamentin, la conf\u00e9rence de presse des <a href=\"https:\/\/cariftamartinique2026.com\/\" target=\"_blank\" rel=\"noopener nofollow\">CARIFTA Aquatics Championships 2026<\/a> n\u2019avait rien d\u2019une simple r\u00e9union d\u2019information. En une heure et demie, organisateurs, athl\u00e8tes et partenaires ont pr\u00e9sent\u00e9 bien plus qu\u2019un programme sportif : du 3 au 8 avril, la Martinique accueillera la 39e \u00e9dition du principal rendez-vous aquatique junior de la Cara\u00efbe, dix ans apr\u00e8s une premi\u00e8re \u00e9dition rest\u00e9e dans toutes les m\u00e9moires. Vingt-quatre nations. Trois disciplines. Un territoire qui joue \u00e0 domicile et le sait.<\/span><\/p>\t\t\t\t\t\t\t\t<\/div>\n\t\t\t\t<\/div>\n\t\t\t\t\t<\/div>\n\t\t<\/div>\n\t\t\t\t\t<\/div>\n\t\t<\/section>\n\t\t\t\t<section class=\"elementor-section elementor-top-section elementor-element elementor-element-82cd8f9 elementor-section-boxed elementor-section-height-default elementor-section-height-default\" data-id=\"82cd8f9\" data-element_type=\"section\">\n\t\t\t\t\t\t<div class=\"elementor-container elementor-column-gap-default\">\n\t\t\t\t\t<div class=\"elementor-column elementor-col-100 elementor-top-column elementor-element elementor-element-0bfdc38\" data-id=\"0bfdc38\" data-element_type=\"column\">\n\t\t\t<div class=\"elementor-widget-wrap elementor-element-populated\">\n\t\t\t\t\t\t<div class=\"elementor-element elementor-element-7d292fe elementor-widget elementor-widget-heading\" data-id=\"7d292fe\" data-element_type=\"widget\" data-widget_type=\"heading.default\">\n\t\t\t\t<div class=\"elementor-widget-container\">\n\t\t\t\t\t<h2 class=\"elementor-heading-title elementor-size-default\">Une candidature port\u00e9e par une m\u00e9moire collective<\/h2>\t\t\t\t<\/div>\n\t\t\t\t<\/div>\n\t\t\t\t<div class=\"elementor-element elementor-element-289b094 elementor-widget elementor-widget-text-editor\" data-id=\"289b094\" data-element_type=\"widget\" data-widget_type=\"text-editor.default\">\n\t\t\t\t<div class=\"elementor-widget-container\">\n\t\t\t\t\t\t\t\t\t<p><span style=\"font-weight: 400;\">En 2024, au congr\u00e8s de la Caribbean Aquatics Association organis\u00e9 aux Bahamas, deux candidatures s\u2019affrontent pour l\u2019organisation des CARIFTA Aquatics Championships 2026 : Sainte-Lucie et la Martinique. Le vote est sans appel : une trentaine de voix pour la Martinique, dix pour Sainte-Lucie.<\/span><\/p>\n<p><span style=\"font-weight: 400;\">Derri\u00e8re ce r\u00e9sultat, il y a une histoire. L\u2019\u00e9dition 2016, premi\u00e8re jamais organis\u00e9e sur le territoire, a marqu\u00e9 les esprits de tous ceux qui y \u00e9taient:\u00a0 coachs, responsables de d\u00e9l\u00e9gations, officiels. En 2024, au moment de voter, beaucoup se souvenaient encore de cette semaine-l\u00e0.<\/span><\/p>\t\t\t\t\t\t\t\t<\/div>\n\t\t\t\t<\/div>\n\t\t\t\t<div class=\"elementor-element elementor-element-eab5795 elementor-blockquote--skin-border elementor-widget elementor-widget-blockquote\" data-id=\"eab5795\" data-element_type=\"widget\" data-widget_type=\"blockquote.default\">\n\t\t\t\t<div class=\"elementor-widget-container\">\n\t\t\t\t\t\t\t<blockquote class=\"elementor-blockquote\">\n\t\t\t<p class=\"elementor-blockquote__content\">\n\t\t\t\t\u00ab C\u2019\u00e9tait une tr\u00e8s belle \u00e9dition, et toujours dans les m\u00e9moires. \u00bb\t\t\t<\/p>\n\t\t\t\t\t<\/blockquote>\n\t\t\t\t\t\t<\/div>\n\t\t\t\t<\/div>\n\t\t\t\t<section class=\"elementor-section elementor-inner-section elementor-element elementor-element-7440994 elementor-section-boxed elementor-section-height-default elementor-section-height-default\" data-id=\"7440994\" data-element_type=\"section\">\n\t\t\t\t\t\t<div class=\"elementor-container elementor-column-gap-default\">\n\t\t\t\t\t<div class=\"elementor-column elementor-col-50 elementor-inner-column elementor-element elementor-element-e2bb897\" data-id=\"e2bb897\" data-element_type=\"column\">\n\t\t\t<div class=\"elementor-widget-wrap elementor-element-populated\">\n\t\t\t\t\t\t<div class=\"elementor-element elementor-element-0518963 elementor-widget elementor-widget-image\" data-id=\"0518963\" data-element_type=\"widget\" data-widget_type=\"image.default\">\n\t\t\t\t<div class=\"elementor-widget-container\">\n\t\t\t\t\t\t\t\t\t\t\t\t\t\t\t<img fetchpriority=\"high\" decoding=\"async\" width=\"800\" height=\"534\" src=\"https:\/\/richeskarayib.com\/wp-content\/uploads\/2026\/03\/ACL4608-copie-1024x683.jpg\" class=\"attachment-large size-large wp-image-71503\" alt=\"CARIFTA Aquatics Championships 2026\" srcset=\"https:\/\/richeskarayib.com\/wp-content\/uploads\/2026\/03\/ACL4608-copie-1024x683.jpg 1024w, https:\/\/richeskarayib.com\/wp-content\/uploads\/2026\/03\/ACL4608-copie-300x200.jpg 300w, https:\/\/richeskarayib.com\/wp-content\/uploads\/2026\/03\/ACL4608-copie-768x512.jpg 768w, https:\/\/richeskarayib.com\/wp-content\/uploads\/2026\/03\/ACL4608-copie-1536x1025.jpg 1536w, https:\/\/richeskarayib.com\/wp-content\/uploads\/2026\/03\/ACL4608-copie-1320x881.jpg 1320w, https:\/\/richeskarayib.com\/wp-content\/uploads\/2026\/03\/ACL4608-copie.jpg 1920w\" sizes=\"(max-width: 800px) 100vw, 800px\" \/>\t\t\t\t\t\t\t\t\t\t\t\t\t\t\t<\/div>\n\t\t\t\t<\/div>\n\t\t\t\t\t<\/div>\n\t\t<\/div>\n\t\t\t\t<div class=\"elementor-column elementor-col-50 elementor-inner-column elementor-element elementor-element-b2e735b\" data-id=\"b2e735b\" data-element_type=\"column\">\n\t\t\t<div class=\"elementor-widget-wrap elementor-element-populated\">\n\t\t\t\t\t\t<div class=\"elementor-element elementor-element-4c7965e elementor-widget elementor-widget-image\" data-id=\"4c7965e\" data-element_type=\"widget\" data-widget_type=\"image.default\">\n\t\t\t\t<div class=\"elementor-widget-container\">\n\t\t\t\t\t\t\t\t\t\t\t\t\t\t\t<img decoding=\"async\" width=\"800\" height=\"534\" src=\"https:\/\/richeskarayib.com\/wp-content\/uploads\/2026\/03\/ACL4569-copie-1024x683.jpg\" class=\"attachment-large size-large wp-image-71507\" alt=\"CARIFTA Aquatics Championships 2026\" srcset=\"https:\/\/richeskarayib.com\/wp-content\/uploads\/2026\/03\/ACL4569-copie-1024x683.jpg 1024w, https:\/\/richeskarayib.com\/wp-content\/uploads\/2026\/03\/ACL4569-copie-300x200.jpg 300w, https:\/\/richeskarayib.com\/wp-content\/uploads\/2026\/03\/ACL4569-copie-768x512.jpg 768w, https:\/\/richeskarayib.com\/wp-content\/uploads\/2026\/03\/ACL4569-copie-1536x1025.jpg 1536w, https:\/\/richeskarayib.com\/wp-content\/uploads\/2026\/03\/ACL4569-copie-1320x881.jpg 1320w, https:\/\/richeskarayib.com\/wp-content\/uploads\/2026\/03\/ACL4569-copie.jpg 1920w\" sizes=\"(max-width: 800px) 100vw, 800px\" \/>\t\t\t\t\t\t\t\t\t\t\t\t\t\t\t<\/div>\n\t\t\t\t<\/div>\n\t\t\t\t\t<\/div>\n\t\t<\/div>\n\t\t\t\t\t<\/div>\n\t\t<\/section>\n\t\t\t\t<div class=\"elementor-element elementor-element-46fe183 elementor-widget elementor-widget-text-editor\" data-id=\"46fe183\" data-element_type=\"widget\" data-widget_type=\"text-editor.default\">\n\t\t\t\t<div class=\"elementor-widget-container\">\n\t\t\t\t\t\t\t\t\t<p><span style=\"font-weight: 400;\">L\u2019autre facteur a \u00e9t\u00e9 plus concret : Sainte-Lucie ne disposait pas encore de son bassin. La Martinique, elle, peut compter sur le Centre Aquatique Pierre Samot du Lamentin, bassin olympique \u00e0 dix couloirs, tribune de 800 places, bassin de 25 m\u00e8tres pour l\u2019\u00e9chauffement. L\u2019une des meilleures installations de la Cara\u00efbe.<\/span><\/p>\n<p><span style=\"font-weight: 400;\">L\u2019organisation a aussi mis en avant sa capacit\u00e9 d\u2019accueil hors bassin, avec plusieurs solutions d\u2019h\u00e9bergement mobilis\u00e9es dans le sud de l\u2019\u00eele pour les d\u00e9l\u00e9gations, compl\u00e9t\u00e9es par d\u2019autres structures si n\u00e9cessaire. Ce volet logistique, rarement secondaire dans ce type d\u2019\u00e9v\u00e9nement, a renforc\u00e9 la cr\u00e9dibilit\u00e9 de la candidature martiniquaise.<\/span><\/p>\t\t\t\t\t\t\t\t<\/div>\n\t\t\t\t<\/div>\n\t\t\t\t<section class=\"elementor-section elementor-inner-section elementor-element elementor-element-33a2fd9 elementor-section-boxed elementor-section-height-default elementor-section-height-default\" data-id=\"33a2fd9\" data-element_type=\"section\">\n\t\t\t\t\t\t<div class=\"elementor-container elementor-column-gap-default\">\n\t\t\t\t\t<div class=\"elementor-column elementor-col-25 elementor-inner-column elementor-element elementor-element-5cf239e\" data-id=\"5cf239e\" data-element_type=\"column\">\n\t\t\t<div class=\"elementor-widget-wrap elementor-element-populated\">\n\t\t\t\t\t\t<div class=\"elementor-element elementor-element-6309919 elementor-widget elementor-widget-image\" data-id=\"6309919\" data-element_type=\"widget\" data-widget_type=\"image.default\">\n\t\t\t\t<div class=\"elementor-widget-container\">\n\t\t\t\t\t\t\t\t\t\t\t\t\t\t\t<img decoding=\"async\" width=\"683\" height=\"1024\" src=\"https:\/\/richeskarayib.com\/wp-content\/uploads\/2026\/03\/ACL4598-copie-683x1024.jpg\" class=\"attachment-large size-large wp-image-71527\" alt=\"CARIFTA Aquatics Championships 2026\" srcset=\"https:\/\/richeskarayib.com\/wp-content\/uploads\/2026\/03\/ACL4598-copie-683x1024.jpg 683w, https:\/\/richeskarayib.com\/wp-content\/uploads\/2026\/03\/ACL4598-copie-200x300.jpg 200w, https:\/\/richeskarayib.com\/wp-content\/uploads\/2026\/03\/ACL4598-copie-768x1151.jpg 768w, https:\/\/richeskarayib.com\/wp-content\/uploads\/2026\/03\/ACL4598-copie-1025x1536.jpg 1025w, https:\/\/richeskarayib.com\/wp-content\/uploads\/2026\/03\/ACL4598-copie.jpg 1281w\" sizes=\"(max-width: 683px) 100vw, 683px\" \/>\t\t\t\t\t\t\t\t\t\t\t\t\t\t\t<\/div>\n\t\t\t\t<\/div>\n\t\t\t\t\t<\/div>\n\t\t<\/div>\n\t\t\t\t<div class=\"elementor-column elementor-col-25 elementor-inner-column elementor-element elementor-element-11f52da\" data-id=\"11f52da\" data-element_type=\"column\">\n\t\t\t<div class=\"elementor-widget-wrap elementor-element-populated\">\n\t\t\t\t\t\t<div class=\"elementor-element elementor-element-21bf8cb elementor-widget elementor-widget-image\" data-id=\"21bf8cb\" data-element_type=\"widget\" data-widget_type=\"image.default\">\n\t\t\t\t<div class=\"elementor-widget-container\">\n\t\t\t\t\t\t\t\t\t\t\t\t\t\t\t<img loading=\"lazy\" decoding=\"async\" width=\"683\" height=\"1024\" src=\"https:\/\/richeskarayib.com\/wp-content\/uploads\/2026\/03\/ACL4637-copie-683x1024.jpg\" class=\"attachment-large size-large wp-image-71535\" alt=\"CARIFTA Aquatics Championships 2026\" srcset=\"https:\/\/richeskarayib.com\/wp-content\/uploads\/2026\/03\/ACL4637-copie-683x1024.jpg 683w, https:\/\/richeskarayib.com\/wp-content\/uploads\/2026\/03\/ACL4637-copie-200x300.jpg 200w, https:\/\/richeskarayib.com\/wp-content\/uploads\/2026\/03\/ACL4637-copie-768x1151.jpg 768w, https:\/\/richeskarayib.com\/wp-content\/uploads\/2026\/03\/ACL4637-copie-1025x1536.jpg 1025w, https:\/\/richeskarayib.com\/wp-content\/uploads\/2026\/03\/ACL4637-copie.jpg 1281w\" sizes=\"(max-width: 683px) 100vw, 683px\" \/>\t\t\t\t\t\t\t\t\t\t\t\t\t\t\t<\/div>\n\t\t\t\t<\/div>\n\t\t\t\t\t<\/div>\n\t\t<\/div>\n\t\t\t\t<div class=\"elementor-column elementor-col-25 elementor-inner-column elementor-element elementor-element-8bd1048\" data-id=\"8bd1048\" data-element_type=\"column\">\n\t\t\t<div class=\"elementor-widget-wrap elementor-element-populated\">\n\t\t\t\t\t\t<div class=\"elementor-element elementor-element-f3ed462 elementor-widget elementor-widget-image\" data-id=\"f3ed462\" data-element_type=\"widget\" data-widget_type=\"image.default\">\n\t\t\t\t<div class=\"elementor-widget-container\">\n\t\t\t\t\t\t\t\t\t\t\t\t\t\t\t<img loading=\"lazy\" decoding=\"async\" width=\"683\" height=\"1024\" src=\"https:\/\/richeskarayib.com\/wp-content\/uploads\/2026\/03\/ACL4606-copie-683x1024.jpg\" class=\"attachment-large size-large wp-image-71531\" alt=\"CARIFTA Aquatics Championships 2026\" srcset=\"https:\/\/richeskarayib.com\/wp-content\/uploads\/2026\/03\/ACL4606-copie-683x1024.jpg 683w, https:\/\/richeskarayib.com\/wp-content\/uploads\/2026\/03\/ACL4606-copie-200x300.jpg 200w, https:\/\/richeskarayib.com\/wp-content\/uploads\/2026\/03\/ACL4606-copie-768x1151.jpg 768w, https:\/\/richeskarayib.com\/wp-content\/uploads\/2026\/03\/ACL4606-copie-1025x1536.jpg 1025w, https:\/\/richeskarayib.com\/wp-content\/uploads\/2026\/03\/ACL4606-copie.jpg 1281w\" sizes=\"(max-width: 683px) 100vw, 683px\" \/>\t\t\t\t\t\t\t\t\t\t\t\t\t\t\t<\/div>\n\t\t\t\t<\/div>\n\t\t\t\t\t<\/div>\n\t\t<\/div>\n\t\t\t\t<div class=\"elementor-column elementor-col-25 elementor-inner-column elementor-element elementor-element-b96c277\" data-id=\"b96c277\" data-element_type=\"column\">\n\t\t\t<div class=\"elementor-widget-wrap elementor-element-populated\">\n\t\t\t\t\t\t<div class=\"elementor-element elementor-element-3f88715 elementor-widget elementor-widget-image\" data-id=\"3f88715\" data-element_type=\"widget\" data-widget_type=\"image.default\">\n\t\t\t\t<div class=\"elementor-widget-container\">\n\t\t\t\t\t\t\t\t\t\t\t\t\t\t\t<img loading=\"lazy\" decoding=\"async\" width=\"683\" height=\"1024\" src=\"https:\/\/richeskarayib.com\/wp-content\/uploads\/2026\/03\/Alex-Badian-3-683x1024.jpg\" class=\"attachment-large size-large wp-image-71539\" alt=\"CARIFTA Aquatics Championships 2026\" srcset=\"https:\/\/richeskarayib.com\/wp-content\/uploads\/2026\/03\/Alex-Badian-3-683x1024.jpg 683w, https:\/\/richeskarayib.com\/wp-content\/uploads\/2026\/03\/Alex-Badian-3-200x300.jpg 200w, https:\/\/richeskarayib.com\/wp-content\/uploads\/2026\/03\/Alex-Badian-3-768x1151.jpg 768w, https:\/\/richeskarayib.com\/wp-content\/uploads\/2026\/03\/Alex-Badian-3-1025x1536.jpg 1025w, https:\/\/richeskarayib.com\/wp-content\/uploads\/2026\/03\/Alex-Badian-3.jpg 1281w\" sizes=\"(max-width: 683px) 100vw, 683px\" \/>\t\t\t\t\t\t\t\t\t\t\t\t\t\t\t<\/div>\n\t\t\t\t<\/div>\n\t\t\t\t\t<\/div>\n\t\t<\/div>\n\t\t\t\t\t<\/div>\n\t\t<\/section>\n\t\t\t\t<section class=\"elementor-section elementor-inner-section elementor-element elementor-element-c582330 elementor-section-boxed elementor-section-height-default elementor-section-height-default\" data-id=\"c582330\" data-element_type=\"section\">\n\t\t\t\t\t\t<div class=\"elementor-container elementor-column-gap-default\">\n\t\t\t\t\t\t<\/div>\n\t\t<\/section>\n\t\t\t\t<section class=\"elementor-section elementor-inner-section elementor-element elementor-element-296603a elementor-section-boxed elementor-section-height-default elementor-section-height-default\" data-id=\"296603a\" data-element_type=\"section\">\n\t\t\t\t\t\t<div class=\"elementor-container elementor-column-gap-default\">\n\t\t\t\t\t\t<\/div>\n\t\t<\/section>\n\t\t\t\t\t<\/div>\n\t\t<\/div>\n\t\t\t\t\t<\/div>\n\t\t<\/section>\n\t\t\t\t<section class=\"elementor-section elementor-top-section elementor-element elementor-element-9c88a89 elementor-section-boxed elementor-section-height-default elementor-section-height-default\" data-id=\"9c88a89\" data-element_type=\"section\">\n\t\t\t\t\t\t<div class=\"elementor-container elementor-column-gap-default\">\n\t\t\t\t\t<div class=\"elementor-column elementor-col-100 elementor-top-column elementor-element elementor-element-78cf5d1\" data-id=\"78cf5d1\" data-element_type=\"column\">\n\t\t\t<div class=\"elementor-widget-wrap elementor-element-populated\">\n\t\t\t\t\t\t<div class=\"elementor-element elementor-element-ea2a5c1 elementor-widget elementor-widget-heading\" data-id=\"ea2a5c1\" data-element_type=\"widget\" data-widget_type=\"heading.default\">\n\t\t\t\t<div class=\"elementor-widget-container\">\n\t\t\t\t\t<h2 class=\"elementor-heading-title elementor-size-default\">Trois disciplines, 24 nations, un format exigeant\n<\/h2>\t\t\t\t<\/div>\n\t\t\t\t<\/div>\n\t\t\t\t<div class=\"elementor-element elementor-element-e305eee elementor-widget elementor-widget-text-editor\" data-id=\"e305eee\" data-element_type=\"widget\" data-widget_type=\"text-editor.default\">\n\t\t\t\t<div class=\"elementor-widget-container\">\n\t\t\t\t\t\t\t\t\t<p><span style=\"font-weight: 400;\">Les CARIFTA Aquatics Championships 2026 r\u00e9unissent 24 pays : 21 nations anglophones de la Cara\u00efbe, auxquelles s\u2019ajoutent la Martinique, la Guadeloupe et la Guyane. La natation course occupe quatre journ\u00e9es: s\u00e9ries le matin, finales l\u2019apr\u00e8s-midi,\u00a0 du samedi 5 au mardi 8 avril. La natation artistique s\u2019installe \u00e0 partir du lundi sur la pause m\u00e9ridienne, avec les solos puis les \u00e9preuves techniques. Les duos et les \u00e9quipes cl\u00f4turent le programme le mercredi matin. Ce m\u00eame mercredi, l\u2019\u00e9preuve d\u2019eau libre se dispute sur cinq kilom\u00e8tres, aux<a href=\"https:\/\/richeskarayib.com\/fr\/les-anses-darlet-un-bijou-creole-emotions\/\" target=\"_blank\" rel=\"noopener\"> Anses d\u2019Arlets<\/a>.<\/span><\/p>\t\t\t\t\t\t\t\t<\/div>\n\t\t\t\t<\/div>\n\t\t\t\t<div class=\"elementor-element elementor-element-ccc6309 elementor-widget elementor-widget-text-editor\" data-id=\"ccc6309\" data-element_type=\"widget\" data-widget_type=\"text-editor.default\">\n\t\t\t\t<div class=\"elementor-widget-container\">\n\t\t\t\t\t\t\t\t\t<p><span style=\"font-weight: 400;\">Les comp\u00e9titeurs : Benjamins (11-12 ans), Minimes (13-14 ans), Cadets (15-17 ans) ne s\u2019inscrivent pas \u00e0 titre individuel. Ce sont des s\u00e9lections nationales qui se d\u00e9placent, avec les meilleurs nageurs de chaque territoire. Pour entrer dans la s\u00e9lection martiniquaise, il faut satisfaire une grille de temps \u00e9tablie sur les deux saisons pr\u00e9c\u00e9dentes, qui ne retient que les nageurs capables d\u2019atteindre les finales.<\/span><\/p>\t\t\t\t\t\t\t\t<\/div>\n\t\t\t\t<\/div>\n\t\t\t\t<div class=\"elementor-element elementor-element-02106bd elementor-widget elementor-widget-image\" data-id=\"02106bd\" data-element_type=\"widget\" data-widget_type=\"image.default\">\n\t\t\t\t<div class=\"elementor-widget-container\">\n\t\t\t\t\t\t\t\t\t\t\t\t\t\t\t<img loading=\"lazy\" decoding=\"async\" width=\"800\" height=\"534\" src=\"https:\/\/richeskarayib.com\/wp-content\/uploads\/2026\/03\/ACL4692-copie-1024x683.jpg\" class=\"attachment-large size-large wp-image-71475\" alt=\"CARIFTA Aquatics Championships 2026\" srcset=\"https:\/\/richeskarayib.com\/wp-content\/uploads\/2026\/03\/ACL4692-copie-1024x683.jpg 1024w, https:\/\/richeskarayib.com\/wp-content\/uploads\/2026\/03\/ACL4692-copie-300x200.jpg 300w, https:\/\/richeskarayib.com\/wp-content\/uploads\/2026\/03\/ACL4692-copie-768x512.jpg 768w, https:\/\/richeskarayib.com\/wp-content\/uploads\/2026\/03\/ACL4692-copie-1536x1025.jpg 1536w, https:\/\/richeskarayib.com\/wp-content\/uploads\/2026\/03\/ACL4692-copie-1320x881.jpg 1320w, https:\/\/richeskarayib.com\/wp-content\/uploads\/2026\/03\/ACL4692-copie.jpg 1920w\" sizes=\"(max-width: 800px) 100vw, 800px\" \/>\t\t\t\t\t\t\t\t\t\t\t\t\t\t\t<\/div>\n\t\t\t\t<\/div>\n\t\t\t\t<div class=\"elementor-element elementor-element-a1b11ee elementor-widget elementor-widget-text-editor\" data-id=\"a1b11ee\" data-element_type=\"widget\" data-widget_type=\"text-editor.default\">\n\t\t\t\t<div class=\"elementor-widget-container\">\n\t\t\t\t\t\t\t\t\t<p><span style=\"font-weight: 400;\">Dans l\u2019esprit des organisateurs, la s\u00e9lection se construit sur une logique simple : pour marquer des points, il faut entrer en finale, et pour entrer en finale, il faut figurer parmi les huit meilleurs temps des s\u00e9ries du matin. Autrement dit, les nageurs retenus sont cens\u00e9s avoir un niveau leur permettant de jouer une vraie place dans la comp\u00e9tition, et pas seulement de participer.<\/span><\/p>\t\t\t\t\t\t\t\t<\/div>\n\t\t\t\t<\/div>\n\t\t\t\t<div class=\"elementor-element elementor-element-03cc126 elementor-widget elementor-widget-text-editor\" data-id=\"03cc126\" data-element_type=\"widget\" data-widget_type=\"text-editor.default\">\n\t\t\t\t<div class=\"elementor-widget-container\">\n\t\t\t\t\t\t\t\t\t<p><span style=\"font-weight: 400;\">La d\u00e9l\u00e9gation de la Martinique lors des <\/span><span style=\"font-weight: 400;\">CARIFTA Aquatics Championships 2026 <\/span><span style=\"font-weight: 400;\">compte 61 nageurs : 36 en natation course, 12 en eau libre dont cinq pratiquent \u00e9galement la course et 18 en natation artistique. Cinq capitaines m\u00e8nent cette \u00e9quipe : Jean-Na\u00ebl Zozime et Maxime Auguste-Charlery pour la natation course gar\u00e7ons (cat\u00e9gorie 15-17 ans), Cyrielle Manin et Sayanne Guivissa pour la natation course filles, et Nohemy Marajo pour la natation artistique.<\/span><\/p>\t\t\t\t\t\t\t\t<\/div>\n\t\t\t\t<\/div>\n\t\t\t\t\t<\/div>\n\t\t<\/div>\n\t\t\t\t\t<\/div>\n\t\t<\/section>\n\t\t\t\t<section class=\"elementor-section elementor-top-section elementor-element elementor-element-ee7f5d7 elementor-section-boxed elementor-section-height-default elementor-section-height-default\" data-id=\"ee7f5d7\" data-element_type=\"section\">\n\t\t\t\t\t\t<div class=\"elementor-container elementor-column-gap-default\">\n\t\t\t\t\t<div class=\"elementor-column elementor-col-100 elementor-top-column elementor-element elementor-element-0669c08\" data-id=\"0669c08\" data-element_type=\"column\">\n\t\t\t<div class=\"elementor-widget-wrap elementor-element-populated\">\n\t\t\t\t\t\t<div class=\"elementor-element elementor-element-acc47ca elementor-widget elementor-widget-heading\" data-id=\"acc47ca\" data-element_type=\"widget\" data-widget_type=\"heading.default\">\n\t\t\t\t<div class=\"elementor-widget-container\">\n\t\t\t\t\t<h2 class=\"elementor-heading-title elementor-size-default\">L\u2019eau comme point de d\u00e9part  et comme destination<\/h2>\t\t\t\t<\/div>\n\t\t\t\t<\/div>\n\t\t\t\t<div class=\"elementor-element elementor-element-4bb1533 elementor-widget elementor-widget-text-editor\" data-id=\"4bb1533\" data-element_type=\"widget\" data-widget_type=\"text-editor.default\">\n\t\t\t\t<div class=\"elementor-widget-container\">\n\t\t\t\t\t\t\t\t\t<p><span style=\"font-weight: 400;\">Jean-Na\u00ebl Zozime, capitaine de la s\u00e9lection gar\u00e7ons, r\u00e9pond sans d\u00e9tour quand on lui demande comment il a commenc\u00e9 : \u00ab on m\u2019a mis \u00e0 la natation pour ne pas me noyer. \u00bb Cyrielle Manin, capitaine de la s\u00e9lection filles, raconte \u00e0 peu pr\u00e8s la m\u00eame chose :\u00a0 elle a failli se noyer \u00e9tant petite, et c\u2019est ce qui l\u2019a amen\u00e9e \u00e0 apprendre \u00e0 nager.<\/span><\/p>\t\t\t\t\t\t\t\t<\/div>\n\t\t\t\t<\/div>\n\t\t\t\t<div class=\"elementor-element elementor-element-17546a0 elementor-widget elementor-widget-image\" data-id=\"17546a0\" data-element_type=\"widget\" data-widget_type=\"image.default\">\n\t\t\t\t<div class=\"elementor-widget-container\">\n\t\t\t\t\t\t\t\t\t\t\t\t<figure class=\"wp-caption\">\n\t\t\t\t\t\t\t\t\t\t<img loading=\"lazy\" decoding=\"async\" width=\"683\" height=\"1024\" src=\"https:\/\/richeskarayib.com\/wp-content\/uploads\/2026\/03\/Cyrielle-Manin-683x1024.jpg\" class=\"attachment-large size-large wp-image-71495\" alt=\"CARIFTA Aquatics Championships 2026\" srcset=\"https:\/\/richeskarayib.com\/wp-content\/uploads\/2026\/03\/Cyrielle-Manin-683x1024.jpg 683w, https:\/\/richeskarayib.com\/wp-content\/uploads\/2026\/03\/Cyrielle-Manin-200x300.jpg 200w, https:\/\/richeskarayib.com\/wp-content\/uploads\/2026\/03\/Cyrielle-Manin-768x1151.jpg 768w, https:\/\/richeskarayib.com\/wp-content\/uploads\/2026\/03\/Cyrielle-Manin-1025x1536.jpg 1025w, https:\/\/richeskarayib.com\/wp-content\/uploads\/2026\/03\/Cyrielle-Manin.jpg 1281w\" sizes=\"(max-width: 683px) 100vw, 683px\" \/>\t\t\t\t\t\t\t\t\t\t\t<figcaption class=\"widget-image-caption wp-caption-text\">Cyrielle Manin<\/figcaption>\n\t\t\t\t\t\t\t\t\t\t<\/figure>\n\t\t\t\t\t\t\t\t\t<\/div>\n\t\t\t\t<\/div>\n\t\t\t\t<div class=\"elementor-element elementor-element-6b2a3de elementor-widget elementor-widget-text-editor\" data-id=\"6b2a3de\" data-element_type=\"widget\" data-widget_type=\"text-editor.default\">\n\t\t\t\t<div class=\"elementor-widget-container\">\n\t\t\t\t\t\t\t\t\t<p><span style=\"font-weight: 400;\">Ces deux t\u00e9moignages, entendus \u00e0 quelques minutes d\u2019intervalle, disent quelque chose d\u2019important sur ce territoire. Deux jeunes Martiniquais que la mer a d\u2019abord effray\u00e9s, qui repr\u00e9sentent aujourd\u2019hui leur \u00eele face \u00e0 vingt-trois nations carib\u00e9ennes. Il y a l\u00e0 bien plus qu\u2019un palmar\u00e8s sportif.<\/span><\/p>\t\t\t\t\t\t\t\t<\/div>\n\t\t\t\t<\/div>\n\t\t\t\t<div class=\"elementor-element elementor-element-d5c36d8 elementor-blockquote--skin-border elementor-widget elementor-widget-blockquote\" data-id=\"d5c36d8\" data-element_type=\"widget\" data-widget_type=\"blockquote.default\">\n\t\t\t\t<div class=\"elementor-widget-container\">\n\t\t\t\t\t\t\t<blockquote class=\"elementor-blockquote\">\n\t\t\t<p class=\"elementor-blockquote__content\">\n\t\t\t\t\u00ab La natation, c\u2019est un sport dur. Il ne faut pas croire que ce sera facile, mais avec beaucoup de pers\u00e9v\u00e9rance, tout le monde peut y arriver.\u00bb\t\t\t<\/p>\n\t\t\t\t\t\t\t<div class=\"e-q-footer\">\n\t\t\t\t\t\t\t\t\t\t\t<cite class=\"elementor-blockquote__author\"> \u2014 Jean-Na\u00ebl Zozime<\/cite>\n\t\t\t\t\t\t\t\t\t\t\t\t\t\t<\/div>\n\t\t\t\t\t<\/blockquote>\n\t\t\t\t\t\t<\/div>\n\t\t\t\t<\/div>\n\t\t\t\t<div class=\"elementor-element elementor-element-cb04f87 elementor-widget elementor-widget-image\" data-id=\"cb04f87\" data-element_type=\"widget\" data-widget_type=\"image.default\">\n\t\t\t\t<div class=\"elementor-widget-container\">\n\t\t\t\t\t\t\t\t\t\t\t\t<figure class=\"wp-caption\">\n\t\t\t\t\t\t\t\t\t\t<img loading=\"lazy\" decoding=\"async\" width=\"683\" height=\"1024\" src=\"https:\/\/richeskarayib.com\/wp-content\/uploads\/2026\/03\/Jean-Nael-Zozime-683x1024.jpg\" class=\"attachment-large size-large wp-image-71479\" alt=\"CARIFTA Aquatics Championships 2026\" srcset=\"https:\/\/richeskarayib.com\/wp-content\/uploads\/2026\/03\/Jean-Nael-Zozime-683x1024.jpg 683w, https:\/\/richeskarayib.com\/wp-content\/uploads\/2026\/03\/Jean-Nael-Zozime-200x300.jpg 200w, https:\/\/richeskarayib.com\/wp-content\/uploads\/2026\/03\/Jean-Nael-Zozime-768x1151.jpg 768w, https:\/\/richeskarayib.com\/wp-content\/uploads\/2026\/03\/Jean-Nael-Zozime-1025x1536.jpg 1025w, https:\/\/richeskarayib.com\/wp-content\/uploads\/2026\/03\/Jean-Nael-Zozime.jpg 1281w\" sizes=\"(max-width: 683px) 100vw, 683px\" \/>\t\t\t\t\t\t\t\t\t\t\t<figcaption class=\"widget-image-caption wp-caption-text\">Jean-Na\u00ebl Zozime<\/figcaption>\n\t\t\t\t\t\t\t\t\t\t<\/figure>\n\t\t\t\t\t\t\t\t\t<\/div>\n\t\t\t\t<\/div>\n\t\t\t\t<div class=\"elementor-element elementor-element-225ff5a elementor-widget elementor-widget-text-editor\" data-id=\"225ff5a\" data-element_type=\"widget\" data-widget_type=\"text-editor.default\">\n\t\t\t\t<div class=\"elementor-widget-container\">\n\t\t\t\t\t\t\t\t\t<p><span style=\"font-weight: 400;\">Nohemy Marajo, capitaine de natation artistique, pratique depuis dix ans une discipline que le public conna\u00eet encore mal. Elle l\u2019explique concr\u00e8tement : apprendre les chor\u00e9graphies \u00e0 sec, les r\u00e9p\u00e9ter dans l\u2019eau, ma\u00eetriser sa respiration sous la surface pendant que les jambes dessinent des figures au-dessus. Un sport aussi exigeant techniquement que physiquement, qui tient autant de la danse classique que de l\u2019endurance.<\/span><\/p>\t\t\t\t\t\t\t\t<\/div>\n\t\t\t\t<\/div>\n\t\t\t\t<div class=\"elementor-element elementor-element-c5e0e89 elementor-blockquote--skin-border elementor-widget elementor-widget-blockquote\" data-id=\"c5e0e89\" data-element_type=\"widget\" data-widget_type=\"blockquote.default\">\n\t\t\t\t<div class=\"elementor-widget-container\">\n\t\t\t\t\t\t\t<blockquote class=\"elementor-blockquote\">\n\t\t\t<p class=\"elementor-blockquote__content\">\n\t\t\t\t\u00ab Il faut savoir endurer, garder le moindre souffle pour terminer la chor\u00e9graphie. \u00bb \t\t\t<\/p>\n\t\t\t\t\t\t\t<div class=\"e-q-footer\">\n\t\t\t\t\t\t\t\t\t\t\t<cite class=\"elementor-blockquote__author\">\u2014 Nohemy Marajo<\/cite>\n\t\t\t\t\t\t\t\t\t\t\t\t\t\t<\/div>\n\t\t\t\t\t<\/blockquote>\n\t\t\t\t\t\t<\/div>\n\t\t\t\t<\/div>\n\t\t\t\t<div class=\"elementor-element elementor-element-9c2581f elementor-widget elementor-widget-image\" data-id=\"9c2581f\" data-element_type=\"widget\" data-widget_type=\"image.default\">\n\t\t\t\t<div class=\"elementor-widget-container\">\n\t\t\t\t\t\t\t\t\t\t\t\t<figure class=\"wp-caption\">\n\t\t\t\t\t\t\t\t\t\t<img loading=\"lazy\" decoding=\"async\" width=\"683\" height=\"1024\" src=\"https:\/\/richeskarayib.com\/wp-content\/uploads\/2026\/03\/Nohemy-Marajo-683x1024.jpg\" class=\"attachment-large size-large wp-image-71483\" alt=\"CARIFTA Aquatics Championships 2026\" srcset=\"https:\/\/richeskarayib.com\/wp-content\/uploads\/2026\/03\/Nohemy-Marajo-683x1024.jpg 683w, https:\/\/richeskarayib.com\/wp-content\/uploads\/2026\/03\/Nohemy-Marajo-200x300.jpg 200w, https:\/\/richeskarayib.com\/wp-content\/uploads\/2026\/03\/Nohemy-Marajo-768x1151.jpg 768w, https:\/\/richeskarayib.com\/wp-content\/uploads\/2026\/03\/Nohemy-Marajo-1025x1536.jpg 1025w, https:\/\/richeskarayib.com\/wp-content\/uploads\/2026\/03\/Nohemy-Marajo.jpg 1281w\" sizes=\"(max-width: 683px) 100vw, 683px\" \/>\t\t\t\t\t\t\t\t\t\t\t<figcaption class=\"widget-image-caption wp-caption-text\">Nohemy Marajo<\/figcaption>\n\t\t\t\t\t\t\t\t\t\t<\/figure>\n\t\t\t\t\t\t\t\t\t<\/div>\n\t\t\t\t<\/div>\n\t\t\t\t<div class=\"elementor-element elementor-element-153a7e9 elementor-widget elementor-widget-text-editor\" data-id=\"153a7e9\" data-element_type=\"widget\" data-widget_type=\"text-editor.default\">\n\t\t\t\t<div class=\"elementor-widget-container\">\n\t\t\t\t\t\t\t\t\t<p><span style=\"font-weight: 400;\">La conf\u00e9rence des <\/span><span style=\"font-weight: 400;\">CARIFTA Aquatics Championships 2026 <\/span><span style=\"font-weight: 400;\">a aussi rappel\u00e9 que la natation artistique reste une discipline encore confidentielle dans l\u2019espace carib\u00e9en, en raison des infrastructures qu\u2019elle exige et du niveau de pr\u00e9paration n\u00e9cessaire. Elle demande du travail en trois dimensions, une pr\u00e9paration technique tr\u00e8s pouss\u00e9e, mais aussi l\u2019appui de professionnels ext\u00e9rieurs, notamment en danse et en pr\u00e9paration gymnique. Pour les encadrants, l\u2019enjeu des CARIFTA est donc double : soutenir celles qui pratiquent d\u00e9j\u00e0 et susciter de nouvelles vocations.<\/span><\/p>\n<p><span style=\"font-weight: 400;\">Ce que l\u2019encadrement observe chez ces jeunes, c\u2019est une constante : ils s\u2019entra\u00eenent, passent leurs examens, concourent le week-end, et recommencent. \u00ab G\u00e9n\u00e9ralement, les nageurs sont performants dans leurs \u00e9tudes \u00e9galement, parce qu\u2019ils ont travaill\u00e9 cette rigueur au quotidien.\u00bb Ce qu\u2019on apprend dans un bassin s\u2019applique aussi ailleurs.Les organisateurs insistent d\u2019ailleurs sur cette exigence quotidienne : se qualifier ne suffit pas, il faut encore \u00eatre capable de r\u00e9pondre pr\u00e9sent le jour J, dans un sport o\u00f9 la r\u00e9gularit\u00e9 et la discipline comptent autant que le talent.<\/span><\/p>\t\t\t\t\t\t\t\t<\/div>\n\t\t\t\t<\/div>\n\t\t\t\t\t<\/div>\n\t\t<\/div>\n\t\t\t\t\t<\/div>\n\t\t<\/section>\n\t\t\t\t<section class=\"elementor-section elementor-top-section elementor-element elementor-element-d0fd0c0 elementor-section-boxed elementor-section-height-default elementor-section-height-default\" data-id=\"d0fd0c0\" data-element_type=\"section\">\n\t\t\t\t\t\t<div class=\"elementor-container elementor-column-gap-default\">\n\t\t\t\t\t<div class=\"elementor-column elementor-col-100 elementor-top-column elementor-element elementor-element-1e2ec65\" data-id=\"1e2ec65\" data-element_type=\"column\">\n\t\t\t<div class=\"elementor-widget-wrap elementor-element-populated\">\n\t\t\t\t\t\t<div class=\"elementor-element elementor-element-316145b elementor-widget elementor-widget-heading\" data-id=\"316145b\" data-element_type=\"widget\" data-widget_type=\"heading.default\">\n\t\t\t\t<div class=\"elementor-widget-container\">\n\t\t\t\t\t<h2 class=\"elementor-heading-title elementor-size-default\">Des m\u00e9dailles n\u00e9es des mains de l\u2019\u00eele<\/h2>\t\t\t\t<\/div>\n\t\t\t\t<\/div>\n\t\t\t\t<div class=\"elementor-element elementor-element-54e5967 elementor-widget elementor-widget-text-editor\" data-id=\"54e5967\" data-element_type=\"widget\" data-widget_type=\"text-editor.default\">\n\t\t\t\t<div class=\"elementor-widget-container\">\n\t\t\t\t\t\t\t\t\t<p><span style=\"font-weight: 400;\">La fa\u00e7on dont un \u00e9v\u00e9nement r\u00e9compense ses champions dit souvent beaucoup de ce qu\u2019il repr\u00e9sente. Aux CARIFTA Aquatics Championships 2026, les m\u00e9dailles ont \u00e9t\u00e9 fabriqu\u00e9es en Martinique, dans du bois noble : poirier pour l\u2019or, mao bleu pour l\u2019argent, mao ghani pour le bronze. Un artisan du Nord-Atlantique en a assur\u00e9 la r\u00e9alisation, Joseph Galliard a sign\u00e9 les gravures, et une couturi\u00e8re locale a confectionn\u00e9 les pochons aux trois couleurs du drapeau martiniquais.<\/span><\/p>\t\t\t\t\t\t\t\t<\/div>\n\t\t\t\t<\/div>\n\t\t\t\t<div class=\"elementor-element elementor-element-3b677d5 elementor-widget elementor-widget-image\" data-id=\"3b677d5\" data-element_type=\"widget\" data-widget_type=\"image.default\">\n\t\t\t\t<div class=\"elementor-widget-container\">\n\t\t\t\t\t\t\t\t\t\t\t\t\t\t\t<img loading=\"lazy\" decoding=\"async\" width=\"800\" height=\"534\" src=\"https:\/\/richeskarayib.com\/wp-content\/uploads\/2026\/03\/Medaille-1024x683.jpg\" class=\"attachment-large size-large wp-image-71491\" alt=\"CARIFTA Aquatics Championships 2026\" srcset=\"https:\/\/richeskarayib.com\/wp-content\/uploads\/2026\/03\/Medaille-1024x683.jpg 1024w, https:\/\/richeskarayib.com\/wp-content\/uploads\/2026\/03\/Medaille-300x200.jpg 300w, https:\/\/richeskarayib.com\/wp-content\/uploads\/2026\/03\/Medaille-768x512.jpg 768w, https:\/\/richeskarayib.com\/wp-content\/uploads\/2026\/03\/Medaille-1536x1025.jpg 1536w, https:\/\/richeskarayib.com\/wp-content\/uploads\/2026\/03\/Medaille-1320x881.jpg 1320w, https:\/\/richeskarayib.com\/wp-content\/uploads\/2026\/03\/Medaille.jpg 1920w\" sizes=\"(max-width: 800px) 100vw, 800px\" \/>\t\t\t\t\t\t\t\t\t\t\t\t\t\t\t<\/div>\n\t\t\t\t<\/div>\n\t\t\t\t<div class=\"elementor-element elementor-element-217bc13 elementor-widget elementor-widget-text-editor\" data-id=\"217bc13\" data-element_type=\"widget\" data-widget_type=\"text-editor.default\">\n\t\t\t\t<div class=\"elementor-widget-container\">\n\t\t\t\t\t\t\t\t\t<p><span style=\"font-weight: 400;\">C\u2019est la marraine de l\u2019\u00e9dition, Coralie Balmy , ancienne nageuse de haut niveau pass\u00e9e quatre fois par les CARIFTA dans sa carri\u00e8re qui a port\u00e9 cette initiative. Une d\u00e9marche \u00e9coresponsable et identitaire, salu\u00e9e comme une premi\u00e8re \u00e0 l\u2019\u00e9chelle carib\u00e9enne.<\/span><\/p>\n<p><span style=\"font-weight: 400;\">Chaque athl\u00e8te carib\u00e9en qui montera sur le podium lors des <\/span><span style=\"font-weight: 400;\">CARIFTA Aquatics Championships 2026 <\/span><span style=\"font-weight: 400;\">repartira avec un bout de la Martinique, une m\u00e9daille unique, r\u00e9alis\u00e9e par des artisans locaux, qui ne ressemble \u00e0 aucune autre.<\/span><\/p>\t\t\t\t\t\t\t\t<\/div>\n\t\t\t\t<\/div>\n\t\t\t\t<div class=\"elementor-element elementor-element-9231b9b elementor-widget elementor-widget-image\" data-id=\"9231b9b\" data-element_type=\"widget\" data-widget_type=\"image.default\">\n\t\t\t\t<div class=\"elementor-widget-container\">\n\t\t\t\t\t\t\t\t\t\t\t\t<figure class=\"wp-caption\">\n\t\t\t\t\t\t\t\t\t\t<img loading=\"lazy\" decoding=\"async\" width=\"683\" height=\"1024\" src=\"https:\/\/richeskarayib.com\/wp-content\/uploads\/2026\/03\/Coralie-Balmy-683x1024.jpg\" class=\"attachment-large size-large wp-image-71487\" alt=\"CARIFTA Aquatics Championships 2026\" srcset=\"https:\/\/richeskarayib.com\/wp-content\/uploads\/2026\/03\/Coralie-Balmy-683x1024.jpg 683w, https:\/\/richeskarayib.com\/wp-content\/uploads\/2026\/03\/Coralie-Balmy-200x300.jpg 200w, https:\/\/richeskarayib.com\/wp-content\/uploads\/2026\/03\/Coralie-Balmy-768x1151.jpg 768w, https:\/\/richeskarayib.com\/wp-content\/uploads\/2026\/03\/Coralie-Balmy-1025x1536.jpg 1025w, https:\/\/richeskarayib.com\/wp-content\/uploads\/2026\/03\/Coralie-Balmy.jpg 1281w\" sizes=\"(max-width: 683px) 100vw, 683px\" \/>\t\t\t\t\t\t\t\t\t\t\t<figcaption class=\"widget-image-caption wp-caption-text\">Coralie Balmy<\/figcaption>\n\t\t\t\t\t\t\t\t\t\t<\/figure>\n\t\t\t\t\t\t\t\t\t<\/div>\n\t\t\t\t<\/div>\n\t\t\t\t<div class=\"elementor-element elementor-element-988dbe1 elementor-widget elementor-widget-text-editor\" data-id=\"988dbe1\" data-element_type=\"widget\" data-widget_type=\"text-editor.default\">\n\t\t\t\t<div class=\"elementor-widget-container\">\n\t\t\t\t\t\t\t\t\t<p><span style=\"font-weight: 400;\">La conf\u00e9rence a \u00e9galement pr\u00e9cis\u00e9 que des troph\u00e9es accompagneront ces r\u00e9compenses, et que les m\u00e9dailles devaient encore recevoir leurs cordons avant l\u2019ouverture de la comp\u00e9tition. L\u00e0 aussi, l\u2019objectif est clair : faire de chaque distinction un objet \u00e0 la fois sportif, local et symbolique.<\/span><\/p>\t\t\t\t\t\t\t\t<\/div>\n\t\t\t\t<\/div>\n\t\t\t\t<section class=\"elementor-section elementor-inner-section elementor-element elementor-element-e95e9a6 elementor-section-boxed elementor-section-height-default elementor-section-height-default\" data-id=\"e95e9a6\" data-element_type=\"section\">\n\t\t\t\t\t\t<div class=\"elementor-container elementor-column-gap-default\">\n\t\t\t\t\t<div class=\"elementor-column elementor-col-50 elementor-inner-column elementor-element elementor-element-6a3697b\" data-id=\"6a3697b\" data-element_type=\"column\">\n\t\t\t<div class=\"elementor-widget-wrap elementor-element-populated\">\n\t\t\t\t\t\t<div class=\"elementor-element elementor-element-c7d2ae2 elementor-widget elementor-widget-image\" data-id=\"c7d2ae2\" data-element_type=\"widget\" data-widget_type=\"image.default\">\n\t\t\t\t<div class=\"elementor-widget-container\">\n\t\t\t\t\t\t\t\t\t\t\t\t\t\t\t<img loading=\"lazy\" decoding=\"async\" width=\"800\" height=\"534\" src=\"https:\/\/richeskarayib.com\/wp-content\/uploads\/2026\/03\/ACL4630-copie-1024x683.jpg\" class=\"attachment-large size-large wp-image-71511\" alt=\"CARIFTA Aquatics Championships 2026\" srcset=\"https:\/\/richeskarayib.com\/wp-content\/uploads\/2026\/03\/ACL4630-copie-1024x683.jpg 1024w, https:\/\/richeskarayib.com\/wp-content\/uploads\/2026\/03\/ACL4630-copie-300x200.jpg 300w, https:\/\/richeskarayib.com\/wp-content\/uploads\/2026\/03\/ACL4630-copie-768x512.jpg 768w, https:\/\/richeskarayib.com\/wp-content\/uploads\/2026\/03\/ACL4630-copie-1536x1025.jpg 1536w, https:\/\/richeskarayib.com\/wp-content\/uploads\/2026\/03\/ACL4630-copie-1320x881.jpg 1320w, https:\/\/richeskarayib.com\/wp-content\/uploads\/2026\/03\/ACL4630-copie.jpg 1920w\" sizes=\"(max-width: 800px) 100vw, 800px\" \/>\t\t\t\t\t\t\t\t\t\t\t\t\t\t\t<\/div>\n\t\t\t\t<\/div>\n\t\t\t\t\t<\/div>\n\t\t<\/div>\n\t\t\t\t<div class=\"elementor-column elementor-col-50 elementor-inner-column elementor-element elementor-element-7d71207\" data-id=\"7d71207\" data-element_type=\"column\">\n\t\t\t<div class=\"elementor-widget-wrap elementor-element-populated\">\n\t\t\t\t\t\t<div class=\"elementor-element elementor-element-88c5fcc elementor-widget elementor-widget-image\" data-id=\"88c5fcc\" data-element_type=\"widget\" data-widget_type=\"image.default\">\n\t\t\t\t<div class=\"elementor-widget-container\">\n\t\t\t\t\t\t\t\t\t\t\t\t\t\t\t<img loading=\"lazy\" decoding=\"async\" width=\"800\" height=\"534\" src=\"https:\/\/richeskarayib.com\/wp-content\/uploads\/2026\/03\/ACL4634-copie-1024x683.jpg\" class=\"attachment-large size-large wp-image-71515\" alt=\"CARIFTA Aquatics Championships 2026\" srcset=\"https:\/\/richeskarayib.com\/wp-content\/uploads\/2026\/03\/ACL4634-copie-1024x683.jpg 1024w, https:\/\/richeskarayib.com\/wp-content\/uploads\/2026\/03\/ACL4634-copie-300x200.jpg 300w, https:\/\/richeskarayib.com\/wp-content\/uploads\/2026\/03\/ACL4634-copie-768x512.jpg 768w, https:\/\/richeskarayib.com\/wp-content\/uploads\/2026\/03\/ACL4634-copie-1536x1025.jpg 1536w, https:\/\/richeskarayib.com\/wp-content\/uploads\/2026\/03\/ACL4634-copie-1320x881.jpg 1320w, https:\/\/richeskarayib.com\/wp-content\/uploads\/2026\/03\/ACL4634-copie.jpg 1920w\" sizes=\"(max-width: 800px) 100vw, 800px\" \/>\t\t\t\t\t\t\t\t\t\t\t\t\t\t\t<\/div>\n\t\t\t\t<\/div>\n\t\t\t\t\t<\/div>\n\t\t<\/div>\n\t\t\t\t\t<\/div>\n\t\t<\/section>\n\t\t\t\t\t<\/div>\n\t\t<\/div>\n\t\t\t\t\t<\/div>\n\t\t<\/section>\n\t\t\t\t<section class=\"elementor-section elementor-top-section elementor-element elementor-element-f03d675 elementor-section-boxed elementor-section-height-default elementor-section-height-default\" data-id=\"f03d675\" data-element_type=\"section\">\n\t\t\t\t\t\t<div class=\"elementor-container elementor-column-gap-default\">\n\t\t\t\t\t<div class=\"elementor-column elementor-col-100 elementor-top-column elementor-element elementor-element-ddb1e36\" data-id=\"ddb1e36\" data-element_type=\"column\">\n\t\t\t<div class=\"elementor-widget-wrap elementor-element-populated\">\n\t\t\t\t\t\t<div class=\"elementor-element elementor-element-66035d3 elementor-widget elementor-widget-heading\" data-id=\"66035d3\" data-element_type=\"widget\" data-widget_type=\"heading.default\">\n\t\t\t\t<div class=\"elementor-widget-container\">\n\t\t\t\t\t<h2 class=\"elementor-heading-title elementor-size-default\">Une semaine qui mobilise tout le territoire<\/h2>\t\t\t\t<\/div>\n\t\t\t\t<\/div>\n\t\t\t\t<div class=\"elementor-element elementor-element-cae4ec8 elementor-widget elementor-widget-text-editor\" data-id=\"cae4ec8\" data-element_type=\"widget\" data-widget_type=\"text-editor.default\">\n\t\t\t\t<div class=\"elementor-widget-container\">\n\t\t\t\t\t\t\t\t\t<p><span style=\"font-weight: 400;\">Les CARIFTA Aquatics Championships 2026 ne se jouent pas que dans les bassins. Entre 1 500 et 1 800 personnes arrivent en Martinique : nageurs, encadrants, familles r\u00e9partis dans plusieurs h\u00f4tels du sud. Chaque jour, environ 150 b\u00e9n\u00e9voles assurent le bon d\u00e9roulement de l\u2019\u00e9v\u00e9nement : des anciens nageurs, des parents, des habitants qui n\u2019ont parfois aucun lien direct avec la natation, mais qui ont voulu s\u2019engager.<\/span><\/p>\n<p><span style=\"font-weight: 400;\">Parmi eux, les officiels occupent une place d\u00e9cisive : environ 26 officiels venus de la Cara\u00efbe viendront en renfort des officiels martiniquais, pour atteindre une cinquantaine de personnes autour du bassin \u00e0 chaque r\u00e9union, matin et apr\u00e8s-midi. \u00c0 cela s\u2019ajoutent les secouristes, les \u00e9quipes d\u2019accueil, les personnes charg\u00e9es des r\u00e9compenses, de l\u2019accompagnement des d\u00e9l\u00e9gations ou encore des espaces ouverts au public.<\/span><\/p>\t\t\t\t\t\t\t\t<\/div>\n\t\t\t\t<\/div>\n\t\t\t\t<section class=\"elementor-section elementor-inner-section elementor-element elementor-element-b289fe5 elementor-section-boxed elementor-section-height-default elementor-section-height-default\" data-id=\"b289fe5\" data-element_type=\"section\">\n\t\t\t\t\t\t<div class=\"elementor-container elementor-column-gap-default\">\n\t\t\t\t\t<div class=\"elementor-column elementor-col-100 elementor-inner-column elementor-element elementor-element-f434f2e\" data-id=\"f434f2e\" data-element_type=\"column\">\n\t\t\t<div class=\"elementor-widget-wrap elementor-element-populated\">\n\t\t\t\t\t\t<div class=\"elementor-element elementor-element-e6f9eb3 elementor-widget elementor-widget-image\" data-id=\"e6f9eb3\" data-element_type=\"widget\" data-widget_type=\"image.default\">\n\t\t\t\t<div class=\"elementor-widget-container\">\n\t\t\t\t\t\t\t\t\t\t\t\t\t\t\t<img loading=\"lazy\" decoding=\"async\" width=\"800\" height=\"534\" src=\"https:\/\/richeskarayib.com\/wp-content\/uploads\/2026\/03\/ACL4648-copie-1024x683.jpg\" class=\"attachment-large size-large wp-image-71547\" alt=\"CARIFTA Aquatics Championships 2026\" srcset=\"https:\/\/richeskarayib.com\/wp-content\/uploads\/2026\/03\/ACL4648-copie-1024x683.jpg 1024w, https:\/\/richeskarayib.com\/wp-content\/uploads\/2026\/03\/ACL4648-copie-300x200.jpg 300w, https:\/\/richeskarayib.com\/wp-content\/uploads\/2026\/03\/ACL4648-copie-768x512.jpg 768w, https:\/\/richeskarayib.com\/wp-content\/uploads\/2026\/03\/ACL4648-copie-1536x1025.jpg 1536w, https:\/\/richeskarayib.com\/wp-content\/uploads\/2026\/03\/ACL4648-copie-1320x881.jpg 1320w, https:\/\/richeskarayib.com\/wp-content\/uploads\/2026\/03\/ACL4648-copie.jpg 1920w\" sizes=\"(max-width: 800px) 100vw, 800px\" \/>\t\t\t\t\t\t\t\t\t\t\t\t\t\t\t<\/div>\n\t\t\t\t<\/div>\n\t\t\t\t\t<\/div>\n\t\t<\/div>\n\t\t\t\t\t<\/div>\n\t\t<\/section>\n\t\t\t\t<div class=\"elementor-element elementor-element-a3c953f elementor-widget elementor-widget-text-editor\" data-id=\"a3c953f\" data-element_type=\"widget\" data-widget_type=\"text-editor.default\">\n\t\t\t\t<div class=\"elementor-widget-container\">\n\t\t\t\t\t\t\t\t\t<p><span style=\"font-weight: 400;\">L\u2019accueil des d\u00e9l\u00e9gations lors des <\/span><a href=\"https:\/\/richeskarayib.com\/fr\/carifta-martinique-accueillera-500-nageurs\/\" target=\"_blank\" rel=\"noopener\"><span style=\"font-weight: 400;\">CARIFTA Aquatics Championships 2026<\/span><\/a><span style=\"font-weight: 400;\"> a lui aussi \u00e9t\u00e9 pens\u00e9 dans le d\u00e9tail. Toutes devaient arriver le 2 avril, \u00e0 des horaires \u00e9tal\u00e9s sur la journ\u00e9e, parfois tr\u00e8s t\u00f4t le matin, parfois tard le soir. L\u2019organisation a pr\u00e9vu un dispositif pr\u00e9cis \u00e0 l\u2019a\u00e9roport, en lien avec le transporteur et la SAMAC, afin de fluidifier les sorties, le transfert vers les bus puis l\u2019installation dans les h\u00e9bergements, avec une attention particuli\u00e8re port\u00e9e aux repas selon l\u2019heure d\u2019arriv\u00e9e.<\/span><\/p>\n<p><span style=\"font-weight: 400;\">La c\u00e9r\u00e9monie d\u2019ouverture des CARIFTA Aquatics Championships 2026, le vendredi 3 avril au stade Georges Gratiant, est gratuite et ouverte \u00e0 tous : 2 800 places \u00e0 remplir. Le groupe\u00a0 \u00a0 \u00a0<\/span><span style=\"font-weight: 400;\">\u00ab Nou Pa Sav \u00bb accompagnera le d\u00e9fil\u00e9 des d\u00e9l\u00e9gations. Le samedi 4 avril, les Hommes d\u2019Argile seront pr\u00e9sents \u00e0 l\u2019arriv\u00e9e des d\u00e9l\u00e9gations sur site, offrant une mise en sc\u00e8ne culturelle forte, pens\u00e9e comme un premier contact symbolique avec l\u2019identit\u00e9 martiniquaise.. Tout au long de la semaine, des groupes culturels martiniquais seront pr\u00e9sents pour que les visiteurs repartent avec une image vivante du territoire, pas seulement des r\u00e9sultats de comp\u00e9tition.<\/span><\/p>\t\t\t\t\t\t\t\t<\/div>\n\t\t\t\t<\/div>\n\t\t\t\t<div class=\"elementor-element elementor-element-4776f36 elementor-widget elementor-widget-text-editor\" data-id=\"4776f36\" data-element_type=\"widget\" data-widget_type=\"text-editor.default\">\n\t\t\t\t<div class=\"elementor-widget-container\">\n\t\t\t\t\t\t\t\t\t<p><span style=\"font-weight: 400;\">La c\u00e9r\u00e9monie des CARIFTA Aquatics Championships 2026 doit se tenir de 16 h \u00e0 18 h, avec une retransmission pr\u00e9vue sur \u00e9cran g\u00e9ant, ainsi qu\u2019un relais par des partenaires m\u00e9dias et via YouTube pour permettre une diffusion plus large dans la Cara\u00efbe. L\u2019ambition affich\u00e9e est nette: faire de la Martinique le centre de la Cara\u00efbe pendant toute la dur\u00e9e de l\u2019\u00e9v\u00e9nement.<\/span><\/p>\n<p><span style=\"font-weight: 400;\">Au-del\u00e0 du sport, les organisateurs des CARIFTA Aquatics Championships 2026 assument aussi un objectif \u00e9conomique et culturel. Faire venir jusqu\u2019\u00e0 1 800 personnes signifie remplir des h\u00e9bergements, g\u00e9n\u00e9rer de la consommation, encourager les locations de v\u00e9hicules et faire travailler les secteurs de l\u2019h\u00f4tellerie et de la restauration. C\u2019est aussi une fa\u00e7on de montrer la culture martiniquaise, notamment \u00e0 travers les animations pr\u00e9vues lors de l\u2019ouverture et \u00e0 l\u2019arriv\u00e9e des d\u00e9l\u00e9gations.<\/span><\/p>\t\t\t\t\t\t\t\t<\/div>\n\t\t\t\t<\/div>\n\t\t\t\t<section class=\"elementor-section elementor-inner-section elementor-element elementor-element-c507fb4 elementor-section-boxed elementor-section-height-default elementor-section-height-default\" data-id=\"c507fb4\" data-element_type=\"section\">\n\t\t\t\t\t\t<div class=\"elementor-container elementor-column-gap-default\">\n\t\t\t\t\t<div class=\"elementor-column elementor-col-50 elementor-inner-column elementor-element elementor-element-b9412c0\" data-id=\"b9412c0\" data-element_type=\"column\">\n\t\t\t<div class=\"elementor-widget-wrap elementor-element-populated\">\n\t\t\t\t\t\t<div class=\"elementor-element elementor-element-fba711d elementor-widget elementor-widget-image\" data-id=\"fba711d\" data-element_type=\"widget\" data-widget_type=\"image.default\">\n\t\t\t\t<div class=\"elementor-widget-container\">\n\t\t\t\t\t\t\t\t\t\t\t\t\t\t\t<img loading=\"lazy\" decoding=\"async\" width=\"800\" height=\"534\" src=\"https:\/\/richeskarayib.com\/wp-content\/uploads\/2026\/03\/ACL4576-copie-1024x683.jpg\" class=\"attachment-large size-large wp-image-71551\" alt=\"CARIFTA Aquatics Championships 2026\" srcset=\"https:\/\/richeskarayib.com\/wp-content\/uploads\/2026\/03\/ACL4576-copie-1024x683.jpg 1024w, https:\/\/richeskarayib.com\/wp-content\/uploads\/2026\/03\/ACL4576-copie-300x200.jpg 300w, https:\/\/richeskarayib.com\/wp-content\/uploads\/2026\/03\/ACL4576-copie-768x512.jpg 768w, https:\/\/richeskarayib.com\/wp-content\/uploads\/2026\/03\/ACL4576-copie-1536x1025.jpg 1536w, https:\/\/richeskarayib.com\/wp-content\/uploads\/2026\/03\/ACL4576-copie-1320x881.jpg 1320w, https:\/\/richeskarayib.com\/wp-content\/uploads\/2026\/03\/ACL4576-copie.jpg 1920w\" sizes=\"(max-width: 800px) 100vw, 800px\" \/>\t\t\t\t\t\t\t\t\t\t\t\t\t\t\t<\/div>\n\t\t\t\t<\/div>\n\t\t\t\t\t<\/div>\n\t\t<\/div>\n\t\t\t\t<div class=\"elementor-column elementor-col-50 elementor-inner-column elementor-element elementor-element-7f8dfb7\" data-id=\"7f8dfb7\" data-element_type=\"column\">\n\t\t\t<div class=\"elementor-widget-wrap elementor-element-populated\">\n\t\t\t\t\t\t<div class=\"elementor-element elementor-element-627bac4 elementor-widget elementor-widget-image\" data-id=\"627bac4\" data-element_type=\"widget\" data-widget_type=\"image.default\">\n\t\t\t\t<div class=\"elementor-widget-container\">\n\t\t\t\t\t\t\t\t\t\t\t\t\t\t\t<img loading=\"lazy\" decoding=\"async\" width=\"800\" height=\"534\" src=\"https:\/\/richeskarayib.com\/wp-content\/uploads\/2026\/03\/ACL4641-copie-1-1024x683.jpg\" class=\"attachment-large size-large wp-image-71555\" alt=\"CARIFTA Aquatics Championships 2026\" srcset=\"https:\/\/richeskarayib.com\/wp-content\/uploads\/2026\/03\/ACL4641-copie-1-1024x683.jpg 1024w, https:\/\/richeskarayib.com\/wp-content\/uploads\/2026\/03\/ACL4641-copie-1-300x200.jpg 300w, https:\/\/richeskarayib.com\/wp-content\/uploads\/2026\/03\/ACL4641-copie-1-768x512.jpg 768w, https:\/\/richeskarayib.com\/wp-content\/uploads\/2026\/03\/ACL4641-copie-1-1536x1025.jpg 1536w, https:\/\/richeskarayib.com\/wp-content\/uploads\/2026\/03\/ACL4641-copie-1-1320x881.jpg 1320w, https:\/\/richeskarayib.com\/wp-content\/uploads\/2026\/03\/ACL4641-copie-1.jpg 1920w\" sizes=\"(max-width: 800px) 100vw, 800px\" \/>\t\t\t\t\t\t\t\t\t\t\t\t\t\t\t<\/div>\n\t\t\t\t<\/div>\n\t\t\t\t\t<\/div>\n\t\t<\/div>\n\t\t\t\t\t<\/div>\n\t\t<\/section>\n\t\t\t\t<div class=\"elementor-element elementor-element-2eb8c41 elementor-widget elementor-widget-text-editor\" data-id=\"2eb8c41\" data-element_type=\"widget\" data-widget_type=\"text-editor.default\">\n\t\t\t\t<div class=\"elementor-widget-container\">\n\t\t\t\t\t\t\t\t\t<p><span style=\"font-weight: 400;\">L\u2019\u00e9preuve d\u2019eau libre aux Anses d\u2019Arlets rappelle aussi que la mer est un milieu vivant, fragile, qui m\u00e9rite d\u2019\u00eatre prot\u00e9g\u00e9. La repr\u00e9sentante de l\u2019association pr\u00e9sente \u00e0 la conf\u00e9rence r\u00e9sume sa mission simplement : \u00ab apprendre \u00e0 nager pour d\u00e9couvrir les mers et les prot\u00e9ger. \u00bb<\/span><\/p>\n<p><span style=\"font-weight: 400;\">Cette dimension \u00e9ducative d\u00e9passe la seule pr\u00e9vention de la noyade. Elle touche aussi \u00e0 l\u2019appropriation de l\u2019eau par les Martiniquais, \u00e0 la d\u00e9couverte de la discipline par les plus jeunes et \u00e0 la volont\u00e9, plus large, de renforcer durablement la culture aquatique du territoire.<\/span><\/p>\t\t\t\t\t\t\t\t<\/div>\n\t\t\t\t<\/div>\n\t\t\t\t\t<\/div>\n\t\t<\/div>\n\t\t\t\t\t<\/div>\n\t\t<\/section>\n\t\t\t\t<section class=\"elementor-section elementor-top-section elementor-element elementor-element-d0a9604 elementor-section-boxed elementor-section-height-default elementor-section-height-default\" data-id=\"d0a9604\" data-element_type=\"section\">\n\t\t\t\t\t\t<div class=\"elementor-container elementor-column-gap-default\">\n\t\t\t\t\t<div class=\"elementor-column elementor-col-100 elementor-top-column elementor-element elementor-element-38bb5c7\" data-id=\"38bb5c7\" data-element_type=\"column\">\n\t\t\t<div class=\"elementor-widget-wrap elementor-element-populated\">\n\t\t\t\t\t\t<div class=\"elementor-element elementor-element-8c4bb45 elementor-widget elementor-widget-heading\" data-id=\"8c4bb45\" data-element_type=\"widget\" data-widget_type=\"heading.default\">\n\t\t\t\t<div class=\"elementor-widget-container\">\n\t\t\t\t\t<h2 class=\"elementor-heading-title elementor-size-default\">Une \u00eele qui s\u2019affirme<\/h2>\t\t\t\t<\/div>\n\t\t\t\t<\/div>\n\t\t\t\t<div class=\"elementor-element elementor-element-38a31e4 elementor-widget elementor-widget-text-editor\" data-id=\"38a31e4\" data-element_type=\"widget\" data-widget_type=\"text-editor.default\">\n\t\t\t\t<div class=\"elementor-widget-container\">\n\t\t\t\t\t\t\t\t\t<p><span style=\"font-weight: 400;\">Une phrase prononc\u00e9e en fin de conf\u00e9rence r\u00e9sume bien l\u2019\u00e9tat d\u2019esprit g\u00e9n\u00e9ral : \u00ab Nous sommes pr\u00eats, et nous ferons des CARIFTA Aquatics Championships 2026 une r\u00e9ussite collective et une grande fiert\u00e9 pour notre territoire. \u00bb<\/span><\/p>\n<p><span style=\"font-weight: 400;\">Ce que les d\u00e9l\u00e9gations emporteront le 8 avril au soir, ce n\u2019est pas seulement un classement. C\u2019est une image de la Martinique , celle d\u2019un territoire qui sait accueillir, s\u2019organiser et affirmer son identit\u00e9. Pendant six jours, toute la Cara\u00efbe sera l\u00e0. \u00c0 la Martinique de montrer ce qu\u2019elle sait faire.<\/span><\/p>\t\t\t\t\t\t\t\t<\/div>\n\t\t\t\t<\/div>\n\t\t\t\t<section class=\"elementor-section elementor-inner-section elementor-element elementor-element-1148669 elementor-section-boxed elementor-section-height-default elementor-section-height-default\" data-id=\"1148669\" data-element_type=\"section\">\n\t\t\t\t\t\t<div class=\"elementor-container elementor-column-gap-default\">\n\t\t\t\t\t<div class=\"elementor-column elementor-col-50 elementor-inner-column elementor-element elementor-element-d260267\" data-id=\"d260267\" data-element_type=\"column\">\n\t\t\t<div class=\"elementor-widget-wrap elementor-element-populated\">\n\t\t\t\t\t\t<div class=\"elementor-element elementor-element-b0bd415 elementor-widget elementor-widget-image\" data-id=\"b0bd415\" data-element_type=\"widget\" data-widget_type=\"image.default\">\n\t\t\t\t<div class=\"elementor-widget-container\">\n\t\t\t\t\t\t\t\t\t\t\t\t\t\t\t<img loading=\"lazy\" decoding=\"async\" width=\"800\" height=\"534\" src=\"https:\/\/richeskarayib.com\/wp-content\/uploads\/2026\/03\/ACL4644-copie-1024x683.jpg\" class=\"attachment-large size-large wp-image-71519\" alt=\"CARIFTA Aquatics Championships 2026\" srcset=\"https:\/\/richeskarayib.com\/wp-content\/uploads\/2026\/03\/ACL4644-copie-1024x683.jpg 1024w, https:\/\/richeskarayib.com\/wp-content\/uploads\/2026\/03\/ACL4644-copie-300x200.jpg 300w, https:\/\/richeskarayib.com\/wp-content\/uploads\/2026\/03\/ACL4644-copie-768x512.jpg 768w, https:\/\/richeskarayib.com\/wp-content\/uploads\/2026\/03\/ACL4644-copie-1536x1025.jpg 1536w, https:\/\/richeskarayib.com\/wp-content\/uploads\/2026\/03\/ACL4644-copie-1320x881.jpg 1320w, https:\/\/richeskarayib.com\/wp-content\/uploads\/2026\/03\/ACL4644-copie.jpg 1920w\" sizes=\"(max-width: 800px) 100vw, 800px\" \/>\t\t\t\t\t\t\t\t\t\t\t\t\t\t\t<\/div>\n\t\t\t\t<\/div>\n\t\t\t\t\t<\/div>\n\t\t<\/div>\n\t\t\t\t<div class=\"elementor-column elementor-col-50 elementor-inner-column elementor-element elementor-element-2f364a8\" data-id=\"2f364a8\" data-element_type=\"column\">\n\t\t\t<div class=\"elementor-widget-wrap elementor-element-populated\">\n\t\t\t\t\t\t<div class=\"elementor-element elementor-element-34880eb elementor-widget elementor-widget-image\" data-id=\"34880eb\" data-element_type=\"widget\" data-widget_type=\"image.default\">\n\t\t\t\t<div class=\"elementor-widget-container\">\n\t\t\t\t\t\t\t\t\t\t\t\t\t\t\t<img loading=\"lazy\" decoding=\"async\" width=\"800\" height=\"534\" src=\"https:\/\/richeskarayib.com\/wp-content\/uploads\/2026\/03\/ACL4679-copie-1024x683.jpg\" class=\"attachment-large size-large wp-image-71523\" alt=\"CARIFTA Aquatics Championships 2026\" srcset=\"https:\/\/richeskarayib.com\/wp-content\/uploads\/2026\/03\/ACL4679-copie-1024x683.jpg 1024w, https:\/\/richeskarayib.com\/wp-content\/uploads\/2026\/03\/ACL4679-copie-300x200.jpg 300w, https:\/\/richeskarayib.com\/wp-content\/uploads\/2026\/03\/ACL4679-copie-768x512.jpg 768w, https:\/\/richeskarayib.com\/wp-content\/uploads\/2026\/03\/ACL4679-copie-1536x1025.jpg 1536w, https:\/\/richeskarayib.com\/wp-content\/uploads\/2026\/03\/ACL4679-copie-1320x881.jpg 1320w, https:\/\/richeskarayib.com\/wp-content\/uploads\/2026\/03\/ACL4679-copie.jpg 1920w\" sizes=\"(max-width: 800px) 100vw, 800px\" \/>\t\t\t\t\t\t\t\t\t\t\t\t\t\t\t<\/div>\n\t\t\t\t<\/div>\n\t\t\t\t\t<\/div>\n\t\t<\/div>\n\t\t\t\t\t<\/div>\n\t\t<\/section>\n\t\t\t\t<div class=\"elementor-element elementor-element-38a888e elementor-widget elementor-widget-text-editor\" data-id=\"38a888e\" data-element_type=\"widget\" data-widget_type=\"text-editor.default\">\n\t\t\t\t<div class=\"elementor-widget-container\">\n\t\t\t\t\t\t\t\t\t<p><span style=\"font-weight: 400;\">Mais les organisateurs des CARIFTA Aquatics Championships 2026 veulent aussi laisser une trace apr\u00e8s l\u2019\u00e9v\u00e9nement. La Ligue de Natation de Martinique a termin\u00e9 la saison 2024-2025 avec environ 2 540 licenci\u00e9s, une dizaine de clubs affili\u00e9s et, en g\u00e9n\u00e9ral, 7 \u00e0 8 clubs engag\u00e9s en comp\u00e9tition. Dans cette perspective, les CARIFTA ne sont pas pens\u00e9s comme une parenth\u00e8se, mais comme un acc\u00e9l\u00e9rateur possible pour susciter des vocations, renforcer les effectifs et installer durablement la natation dans le paysage sportif martiniquais.<\/span><\/p>\n<p><span style=\"font-weight: 400;\">Les organisateurs des CARIFTA Aquatics Championships 2026 ont aussi fait le choix de ne pas reproduire \u00e0 l\u2019identique le grand village de 2016. En 2026, l\u2019animation autour de la comp\u00e9tition doit \u00eatre plus resserr\u00e9e, avec une grande journ\u00e9e particuli\u00e8rement mise en avant, afin de concentrer l\u2019\u00e9nergie et la fr\u00e9quentation plut\u00f4t que d\u2019\u00e9parpiller les temps forts.<\/span><\/p>\t\t\t\t\t\t\t\t<\/div>\n\t\t\t\t<\/div>\n\t\t\t\t\t<\/div>\n\t\t<\/div>\n\t\t\t\t\t<\/div>\n\t\t<\/section>\n\t\t\t\t<section class=\"elementor-section elementor-top-section elementor-element elementor-element-f5709a6 elementor-section-boxed elementor-section-height-default elementor-section-height-default\" data-id=\"f5709a6\" data-element_type=\"section\">\n\t\t\t\t\t\t<div class=\"elementor-container elementor-column-gap-default\">\n\t\t\t\t\t<div class=\"elementor-column elementor-col-100 elementor-top-column elementor-element elementor-element-957be6f\" data-id=\"957be6f\" data-element_type=\"column\">\n\t\t\t<div class=\"elementor-widget-wrap elementor-element-populated\">\n\t\t\t\t\t\t<div class=\"elementor-element elementor-element-63e5d4a elementor-widget elementor-widget-accordion\" data-id=\"63e5d4a\" data-element_type=\"widget\" data-widget_type=\"accordion.default\">\n\t\t\t\t<div class=\"elementor-widget-container\">\n\t\t\t\t\t\t\t<div class=\"elementor-accordion\">\n\t\t\t\t\t\t\t<div class=\"elementor-accordion-item\">\n\t\t\t\t\t<div id=\"elementor-tab-title-1041\" class=\"elementor-tab-title\" data-tab=\"1\" role=\"button\" aria-controls=\"elementor-tab-content-1041\" aria-expanded=\"false\">\n\t\t\t\t\t\t\t\t\t\t\t\t\t<span class=\"elementor-accordion-icon elementor-accordion-icon-left\" aria-hidden=\"true\">\n\t\t\t\t\t\t\t\t\t\t\t\t\t\t\t<span class=\"elementor-accordion-icon-closed\"><i class=\"fas fa-plus\"><\/i><\/span>\n\t\t\t\t\t\t\t\t<span class=\"elementor-accordion-icon-opened\"><i class=\"fas fa-minus\"><\/i><\/span>\n\t\t\t\t\t\t\t\t\t\t\t\t\t\t<\/span>\n\t\t\t\t\t\t\t\t\t\t\t\t<a class=\"elementor-accordion-title\" tabindex=\"0\">Qu\u2019est-ce que les CARIFTA Aquatics Championships 2026 ?<\/a>\n\t\t\t\t\t<\/div>\n\t\t\t\t\t<div id=\"elementor-tab-content-1041\" class=\"elementor-tab-content elementor-clearfix\" data-tab=\"1\" role=\"region\" aria-labelledby=\"elementor-tab-title-1041\"><p><span style=\"font-weight: 400;\">Les CARIFTA Aquatics Championships 2026 sont la 39e \u00e9dition du principal rendez-vous aquatique junior de la Cara\u00efbe, organis\u00e9e en Martinique du 3 au 8 avril. Vingt-quatre nations y participent en natation course, natation artistique et eau libre, dans des cat\u00e9gories allant de 11 \u00e0 17 ans.<\/span><\/p><\/div>\n\t\t\t\t<\/div>\n\t\t\t\t\t\t\t<div class=\"elementor-accordion-item\">\n\t\t\t\t\t<div id=\"elementor-tab-title-1042\" class=\"elementor-tab-title\" data-tab=\"2\" role=\"button\" aria-controls=\"elementor-tab-content-1042\" aria-expanded=\"false\">\n\t\t\t\t\t\t\t\t\t\t\t\t\t<span class=\"elementor-accordion-icon elementor-accordion-icon-left\" aria-hidden=\"true\">\n\t\t\t\t\t\t\t\t\t\t\t\t\t\t\t<span class=\"elementor-accordion-icon-closed\"><i class=\"fas fa-plus\"><\/i><\/span>\n\t\t\t\t\t\t\t\t<span class=\"elementor-accordion-icon-opened\"><i class=\"fas fa-minus\"><\/i><\/span>\n\t\t\t\t\t\t\t\t\t\t\t\t\t\t<\/span>\n\t\t\t\t\t\t\t\t\t\t\t\t<a class=\"elementor-accordion-title\" tabindex=\"0\">O\u00f9 se d\u00e9roulent les CARIFTA Aquatics Championships 2026 ?<\/a>\n\t\t\t\t\t<\/div>\n\t\t\t\t\t<div id=\"elementor-tab-content-1042\" class=\"elementor-tab-content elementor-clearfix\" data-tab=\"2\" role=\"region\" aria-labelledby=\"elementor-tab-title-1042\"><p><span style=\"font-weight: 400;\">Les \u00e9preuves de natation course et de natation artistique ont lieu au Centre Aquatique Pierre Samot du Lamentin. L\u2019\u00e9preuve d\u2019eau libre sur 5 kilom\u00e8tres se dispute aux Anses d\u2019Arlets le mercredi 8 avril.<\/span><\/p><\/div>\n\t\t\t\t<\/div>\n\t\t\t\t\t\t\t<div class=\"elementor-accordion-item\">\n\t\t\t\t\t<div id=\"elementor-tab-title-1043\" class=\"elementor-tab-title\" data-tab=\"3\" role=\"button\" aria-controls=\"elementor-tab-content-1043\" aria-expanded=\"false\">\n\t\t\t\t\t\t\t\t\t\t\t\t\t<span class=\"elementor-accordion-icon elementor-accordion-icon-left\" aria-hidden=\"true\">\n\t\t\t\t\t\t\t\t\t\t\t\t\t\t\t<span class=\"elementor-accordion-icon-closed\"><i class=\"fas fa-plus\"><\/i><\/span>\n\t\t\t\t\t\t\t\t<span class=\"elementor-accordion-icon-opened\"><i class=\"fas fa-minus\"><\/i><\/span>\n\t\t\t\t\t\t\t\t\t\t\t\t\t\t<\/span>\n\t\t\t\t\t\t\t\t\t\t\t\t<a class=\"elementor-accordion-title\" tabindex=\"0\">Comment acheter des billets pour les CARIFTA Aquatics Championships 2026 en Martinique ?<\/a>\n\t\t\t\t\t<\/div>\n\t\t\t\t\t<div id=\"elementor-tab-content-1043\" class=\"elementor-tab-content elementor-clearfix\" data-tab=\"3\" role=\"region\" aria-labelledby=\"elementor-tab-title-1043\"><p><span style=\"font-weight: 400;\">La billetterie est accessible sur cariftamartinique2026.com et sur les r\u00e9seaux sociaux de la Ligue de Natation de Martinique. Tarifs : 10 \u20ac le matin, 20 \u20ac l\u2019apr\u00e8s-midi pour les adultes\u00a0 pass 4 jours \u00e0 125 \u20ac. La c\u00e9r\u00e9monie d\u2019ouverture au stade Georges Gratiant est gratuite.<\/span><\/p><\/div>\n\t\t\t\t<\/div>\n\t\t\t\t\t\t\t<div class=\"elementor-accordion-item\">\n\t\t\t\t\t<div id=\"elementor-tab-title-1044\" class=\"elementor-tab-title\" data-tab=\"4\" role=\"button\" aria-controls=\"elementor-tab-content-1044\" aria-expanded=\"false\">\n\t\t\t\t\t\t\t\t\t\t\t\t\t<span class=\"elementor-accordion-icon elementor-accordion-icon-left\" aria-hidden=\"true\">\n\t\t\t\t\t\t\t\t\t\t\t\t\t\t\t<span class=\"elementor-accordion-icon-closed\"><i class=\"fas fa-plus\"><\/i><\/span>\n\t\t\t\t\t\t\t\t<span class=\"elementor-accordion-icon-opened\"><i class=\"fas fa-minus\"><\/i><\/span>\n\t\t\t\t\t\t\t\t\t\t\t\t\t\t<\/span>\n\t\t\t\t\t\t\t\t\t\t\t\t<a class=\"elementor-accordion-title\" tabindex=\"0\">Quels pays participent aux CARIFTA Aquatics Championships 2026 ?<\/a>\n\t\t\t\t\t<\/div>\n\t\t\t\t\t<div id=\"elementor-tab-content-1044\" class=\"elementor-tab-content elementor-clearfix\" data-tab=\"4\" role=\"region\" aria-labelledby=\"elementor-tab-title-1044\"><p><span style=\"font-weight: 400;\">Vingt-quatre pays participent : 21 nations anglophones de la Cara\u00efbe, ainsi que la Martinique, la Guadeloupe et la Guyane.<\/span><\/p><\/div>\n\t\t\t\t<\/div>\n\t\t\t\t\t\t\t<div class=\"elementor-accordion-item\">\n\t\t\t\t\t<div id=\"elementor-tab-title-1045\" class=\"elementor-tab-title\" data-tab=\"5\" role=\"button\" aria-controls=\"elementor-tab-content-1045\" aria-expanded=\"false\">\n\t\t\t\t\t\t\t\t\t\t\t\t\t<span class=\"elementor-accordion-icon elementor-accordion-icon-left\" aria-hidden=\"true\">\n\t\t\t\t\t\t\t\t\t\t\t\t\t\t\t<span class=\"elementor-accordion-icon-closed\"><i class=\"fas fa-plus\"><\/i><\/span>\n\t\t\t\t\t\t\t\t<span class=\"elementor-accordion-icon-opened\"><i class=\"fas fa-minus\"><\/i><\/span>\n\t\t\t\t\t\t\t\t\t\t\t\t\t\t<\/span>\n\t\t\t\t\t\t\t\t\t\t\t\t<a class=\"elementor-accordion-title\" tabindex=\"0\">Qui sont les capitaines de la s\u00e9lection martiniquaise aux CARIFTA Aquatics Championships 2026 ?<\/a>\n\t\t\t\t\t<\/div>\n\t\t\t\t\t<div id=\"elementor-tab-content-1045\" class=\"elementor-tab-content elementor-clearfix\" data-tab=\"5\" role=\"region\" aria-labelledby=\"elementor-tab-title-1045\"><p><span style=\"font-weight: 400;\">La s\u00e9lection martiniquaise est men\u00e9e par cinq capitaines : Jean-Na\u00ebl Zozime et Maxime Auguste-Charlery pour la natation course gar\u00e7ons, Cyrielle Manin et Sayanne Guivissa pour la natation course filles, et Nohemy Marajo pour la natation artistique.<\/span><\/p><\/div>\n\t\t\t\t<\/div>\n\t\t\t\t\t\t\t\t<\/div>\n\t\t\t\t\t\t<\/div>\n\t\t\t\t<\/div>\n\t\t\t\t\t<\/div>\n\t\t<\/div>\n\t\t\t\t\t<\/div>\n\t\t<\/section>\n\t\t\t\t<\/div>\n\t\t","protected":false},"excerpt":{"rendered":"<p>Le samedi 28 mars, au Centre Aquatique Pierre Samot du Lamentin, la conf\u00e9rence de presse des CARIFTA Aquatics Championships 2026 n\u2019avait rien d\u2019une simple r\u00e9union d\u2019information. En une heure et demie, organisateurs, athl\u00e8tes et partenaires ont pr\u00e9sent\u00e9 bien plus qu\u2019un programme sportif : du 3 au 8 avril, la Martinique accueillera la 39e \u00e9dition du [&hellip;]<\/p>\n","protected":false},"author":662,"featured_media":71471,"comment_status":"open","ping_status":"open","sticky":false,"template":"","format":"standard","meta":{"_acf_changed":false,"footnotes":""},"categories":[1864],"tags":[1441,1690,1829,1574,1598,1569,1853,1760,1768,1650,1716,1643,1545,1653,1544,814,1693,808,1680,1744,1616,1443,1635,1828,1758],"class_list":["post-71470","post","type-post","status-publish","format-standard","has-post-thumbnail","hentry","category-carifta-2026","tag-anguilla-fr","tag-antigua-et-barbuda","tag-aruba","tag-bahamas-fr","tag-barbade-fr","tag-belize-fr","tag-bermuda","tag-bonaire","tag-british-virgin-islands-2","tag-curacao","tag-dominique-fr-2","tag-grenade","tag-guadeloupe-2","tag-guyana-2","tag-guyane-2","tag-haiti-fr","tag-jamaique-2","tag-martinique-fr","tag-saint-kitts-et-nevis","tag-saint-vincent-et-les-grenadines","tag-saint-martin-fr","tag-sint-maarten","tag-suriname-2","tag-turks-et-caicos","tag-us-virgin-island"],"acf":[],"_links":{"self":[{"href":"https:\/\/richeskarayib.com\/fr\/wp-json\/wp\/v2\/posts\/71470","targetHints":{"allow":["GET"]}}],"collection":[{"href":"https:\/\/richeskarayib.com\/fr\/wp-json\/wp\/v2\/posts"}],"about":[{"href":"https:\/\/richeskarayib.com\/fr\/wp-json\/wp\/v2\/types\/post"}],"author":[{"embeddable":true,"href":"https:\/\/richeskarayib.com\/fr\/wp-json\/wp\/v2\/users\/662"}],"replies":[{"embeddable":true,"href":"https:\/\/richeskarayib.com\/fr\/wp-json\/wp\/v2\/comments?post=71470"}],"version-history":[{"count":0,"href":"https:\/\/richeskarayib.com\/fr\/wp-json\/wp\/v2\/posts\/71470\/revisions"}],"wp:featuredmedia":[{"embeddable":true,"href":"https:\/\/richeskarayib.com\/fr\/wp-json\/wp\/v2\/media\/71471"}],"wp:attachment":[{"href":"https:\/\/richeskarayib.com\/fr\/wp-json\/wp\/v2\/media?parent=71470"}],"wp:term":[{"taxonomy":"category","embeddable":true,"href":"https:\/\/richeskarayib.com\/fr\/wp-json\/wp\/v2\/categories?post=71470"},{"taxonomy":"post_tag","embeddable":true,"href":"https:\/\/richeskarayib.com\/fr\/wp-json\/wp\/v2\/tags?post=71470"}],"curies":[{"name":"wp","href":"https:\/\/api.w.org\/{rel}","templated":true}]}}