{"id":71561,"date":"2026-03-31T07:20:25","date_gmt":"2026-03-31T11:20:25","guid":{"rendered":"https:\/\/richeskarayib.com\/?p=71561"},"modified":"2026-03-31T07:20:25","modified_gmt":"2026-03-31T11:20:25","slug":"atelier-de-conception-bioclimatique","status":"publish","type":"post","link":"https:\/\/richeskarayib.com\/fr\/atelier-de-conception-bioclimatique\/","title":{"rendered":"Martinique \u2013 Atelier de conception bioclimatique : cinq jours pour penser et concevoir une structure bioclimatique \u00e0 Fort-de-France"},"content":{"rendered":"\t\t<div data-elementor-type=\"wp-post\" data-elementor-id=\"71561\" class=\"elementor elementor-71561\" data-elementor-post-type=\"post\">\n\t\t\t\t\t\t<section class=\"elementor-section elementor-top-section elementor-element elementor-element-7ca7ca1 elementor-section-boxed elementor-section-height-default elementor-section-height-default\" data-id=\"7ca7ca1\" data-element_type=\"section\">\n\t\t\t\t\t\t<div class=\"elementor-container elementor-column-gap-default\">\n\t\t\t\t\t<div class=\"elementor-column elementor-col-100 elementor-top-column elementor-element elementor-element-cbdd002\" data-id=\"cbdd002\" data-element_type=\"column\">\n\t\t\t<div class=\"elementor-widget-wrap elementor-element-populated\">\n\t\t\t\t\t\t<section class=\"elementor-section elementor-inner-section elementor-element elementor-element-bc94849 elementor-section-boxed elementor-section-height-default elementor-section-height-default\" data-id=\"bc94849\" data-element_type=\"section\">\n\t\t\t\t\t\t<div class=\"elementor-container elementor-column-gap-default\">\n\t\t\t\t\t\t<\/div>\n\t\t<\/section>\n\t\t\t\t<section class=\"elementor-section elementor-inner-section elementor-element elementor-element-61571e6 elementor-section-boxed elementor-section-height-default elementor-section-height-default\" data-id=\"61571e6\" data-element_type=\"section\">\n\t\t\t\t\t\t<div class=\"elementor-container elementor-column-gap-default\">\n\t\t\t\t\t\t<\/div>\n\t\t<\/section>\n\t\t\t\t<section class=\"elementor-section elementor-inner-section elementor-element elementor-element-b6262e0 elementor-section-boxed elementor-section-height-default elementor-section-height-default\" data-id=\"b6262e0\" data-element_type=\"section\">\n\t\t\t\t\t\t<div class=\"elementor-container elementor-column-gap-default\">\n\t\t\t\t\t\t<\/div>\n\t\t<\/section>\n\t\t\t\t<section class=\"elementor-section elementor-inner-section elementor-element elementor-element-cca29fd elementor-section-boxed elementor-section-height-default elementor-section-height-default\" data-id=\"cca29fd\" data-element_type=\"section\">\n\t\t\t\t\t\t<div class=\"elementor-container elementor-column-gap-default\">\n\t\t\t\t\t\t<\/div>\n\t\t<\/section>\n\t\t\t\t\t<\/div>\n\t\t<\/div>\n\t\t\t\t\t<\/div>\n\t\t<\/section>\n\t\t\t\t<section class=\"elementor-section elementor-top-section elementor-element elementor-element-ee72354 elementor-section-boxed elementor-section-height-default elementor-section-height-default\" data-id=\"ee72354\" data-element_type=\"section\">\n\t\t\t\t\t\t<div class=\"elementor-container elementor-column-gap-default\">\n\t\t\t\t\t<div class=\"elementor-column elementor-col-100 elementor-top-column elementor-element elementor-element-c59d6fe\" data-id=\"c59d6fe\" data-element_type=\"column\">\n\t\t\t<div class=\"elementor-widget-wrap elementor-element-populated\">\n\t\t\t\t\t\t<div class=\"elementor-element elementor-element-973ec9a elementor-widget elementor-widget-text-editor\" data-id=\"973ec9a\" data-element_type=\"widget\" data-widget_type=\"text-editor.default\">\n\t\t\t\t<div class=\"elementor-widget-container\">\n\t\t\t\t\t\t\t\t\t<p><span style=\"font-weight: 400;\">Du <\/span><b>lundi 6 au vendredi 10 avril 2026<\/b><span style=\"font-weight: 400;\">, Fort-de-France accueillera l\u2019atelier de conception bioclimatique en Martinique, un atelier international de conception et de construction participative consacr\u00e9 \u00e0 une structure bioclimatique install\u00e9e dans les jardins de la Direction des Affaires Culturelles de Martinique, \u00e0 la Villa Les Pergolas.\u00a0 L\u2019<\/span>atelier de conception bioclimatique<span style=\"font-weight: 400;\"> est port\u00e9 par <\/span><a href=\"https:\/\/asso.abite.fr\/lancement-de-lappel-a-candidatures-workshop-villa-les-pergolas\/\" target=\"_blank\" rel=\"noopener nofollow\"><b>abit\u0113<\/b><\/a><span style=\"font-weight: 400;\">, mandat\u00e9 par la <\/span><a href=\"https:\/\/www.culture.gouv.fr\/regions\/dac-martinique\" target=\"_blank\" rel=\"noopener nofollow\"><b>DAC Martinique<\/b><\/a><span style=\"font-weight: 400;\">, avec le <\/span><a href=\"https:\/\/cca-martinique.com\/\" target=\"_blank\" rel=\"noopener nofollow\"><b>Campus Cara\u00efb\u00e9en des Arts<\/b><\/a><span style=\"font-weight: 400;\">, <\/span><a href=\"https:\/\/www.cnap.fr\/annuaire\/lieu\/la-station-culturelle\" target=\"_blank\" rel=\"noopener nofollow\"><b>La Station Culturelle<\/b><\/a><span style=\"font-weight: 400;\"> et la <\/span><a href=\"https:\/\/maisonarchitecture-mq.org\/\" target=\"_blank\" rel=\"noopener nofollow\"><b>Maison de l\u2019Architecture de Martinique<\/b><\/a><span style=\"font-weight: 400;\">. L\u2019ambition est claire : concevoir en avril un projet ancr\u00e9 dans les r\u00e9alit\u00e9s climatiques et paysag\u00e8res martiniquaises, avant une r\u00e9alisation annonc\u00e9e pour le <\/span>troisi\u00e8me trimestre 2026.<\/p>\t\t\t\t\t\t\t\t<\/div>\n\t\t\t\t<\/div>\n\t\t\t\t<div class=\"elementor-element elementor-element-e57451f elementor-widget elementor-widget-text-editor\" data-id=\"e57451f\" data-element_type=\"widget\" data-widget_type=\"text-editor.default\">\n\t\t\t\t<div class=\"elementor-widget-container\">\n\t\t\t\t\t\t\t\t\t<p>L\u2019atelier de conception bioclimatique s\u2019inscrit dans un cadre pr\u00e9cis. Le programme public diffus\u00e9 couvre les journ\u00e9es du 6 au 10 avril 2026, avec un rythme quotidien structur\u00e9 autour d\u2019un accueil \u00e0 10h30, d\u2019une master class \u00e0 11h00, d\u2019un d\u00e9jeuner \u00e0 12h30, d\u2019un atelier de conception \u00e0 14h00 et d\u2019une activit\u00e9 ou rencontre en soir\u00e9e \u00e0 18h30. En parall\u00e8le, l\u2019appel \u00e0 candidatures pr\u00e9sentait une immersion globale allant du 6 au 11 avril 2026 pour les participants s\u00e9lectionn\u00e9s.<\/p>\t\t\t\t\t\t\t\t<\/div>\n\t\t\t\t<\/div>\n\t\t\t\t\t<\/div>\n\t\t<\/div>\n\t\t\t\t\t<\/div>\n\t\t<\/section>\n\t\t\t\t<section class=\"elementor-section elementor-top-section elementor-element elementor-element-82cd8f9 elementor-section-boxed elementor-section-height-default elementor-section-height-default\" data-id=\"82cd8f9\" data-element_type=\"section\">\n\t\t\t\t\t\t<div class=\"elementor-container elementor-column-gap-default\">\n\t\t\t\t\t<div class=\"elementor-column elementor-col-100 elementor-top-column elementor-element elementor-element-0bfdc38\" data-id=\"0bfdc38\" data-element_type=\"column\">\n\t\t\t<div class=\"elementor-widget-wrap elementor-element-populated\">\n\t\t\t\t\t\t<div class=\"elementor-element elementor-element-7d292fe elementor-widget elementor-widget-heading\" data-id=\"7d292fe\" data-element_type=\"widget\" data-widget_type=\"heading.default\">\n\t\t\t\t<div class=\"elementor-widget-container\">\n\t\t\t\t\t<h2 class=\"elementor-heading-title elementor-size-default\">Un workshop pens\u00e9 pour le climat martiniquais<\/h2>\t\t\t\t<\/div>\n\t\t\t\t<\/div>\n\t\t\t\t<div class=\"elementor-element elementor-element-289b094 elementor-widget elementor-widget-text-editor\" data-id=\"289b094\" data-element_type=\"widget\" data-widget_type=\"text-editor.default\">\n\t\t\t\t<div class=\"elementor-widget-container\">\n\t\t\t\t\t\t\t\t\t<p><span style=\"font-weight: 400;\">Le fil conducteur de la semaine est la conception d\u2019une <\/span><b>structure bioclimatique<\/b><span style=\"font-weight: 400;\"> capable de dialoguer avec son environnement. Le site choisi, les jardins de la Villa Les Pergolas, impose de travailler \u00e0 partir de contraintes tr\u00e8s concr\u00e8tes : <\/span><b>ventilation naturelle, protection solaire, gestion des eaux, mat\u00e9riaux adapt\u00e9s et insertion paysag\u00e8re<\/b><span style=\"font-weight: 400;\">. L\u2019enjeu n\u2019est donc pas de produire un objet th\u00e9orique, mais une r\u00e9ponse architecturale situ\u00e9e, con\u00e7ue pour un territoire tropical, avec ses r\u00e9alit\u00e9s climatiques, culturelles et humaines.<\/span><\/p>\t\t\t\t\t\t\t\t<\/div>\n\t\t\t\t<\/div>\n\t\t\t\t<div class=\"elementor-element elementor-element-46fe183 elementor-widget elementor-widget-text-editor\" data-id=\"46fe183\" data-element_type=\"widget\" data-widget_type=\"text-editor.default\">\n\t\t\t\t<div class=\"elementor-widget-container\">\n\t\t\t\t\t\t\t\t\t<p>L\u2019atelier de conception bioclimatique<span style=\"font-weight: 400;\"> ne vise pas seulement la formation. Son parcours est d\u00e9j\u00e0 pos\u00e9 : <\/span><b>phase de workshop<\/b><span style=\"font-weight: 400;\">, puis <\/span><b>d\u00e9veloppement technique<\/b><span style=\"font-weight: 400;\"> avec cabinet d\u2019architecture et bureau d\u2019\u00e9tude, avant la <\/span><b>construction \u00e0 l\u2019\u00e9chelle 1\/1<\/b><span style=\"font-weight: 400;\"> au troisi\u00e8me trimestre 2026. Cette continuit\u00e9 donne \u00e0 l\u2019\u00e9v\u00e9nement un poids particulier. Les \u00e9changes, les esquisses et les arbitrages men\u00e9s pendant la semaine sont pens\u00e9s comme la premi\u00e8re \u00e9tape d\u2019un projet destin\u00e9 \u00e0 exister r\u00e9ellement dans l\u2019espace martiniquais.<\/span><\/p>\t\t\t\t\t\t\t\t<\/div>\n\t\t\t\t<\/div>\n\t\t\t\t<div class=\"elementor-element elementor-element-1a6ee26 elementor-widget elementor-widget-image\" data-id=\"1a6ee26\" data-element_type=\"widget\" data-widget_type=\"image.default\">\n\t\t\t\t<div class=\"elementor-widget-container\">\n\t\t\t\t\t\t\t\t\t\t\t\t\t\t\t<img fetchpriority=\"high\" decoding=\"async\" width=\"800\" height=\"1000\" src=\"https:\/\/richeskarayib.com\/wp-content\/uploads\/2026\/03\/\u00a9Abite-819x1024.jpg\" class=\"attachment-large size-large wp-image-71650\" alt=\"atelier de conception bioclimatique\" srcset=\"https:\/\/richeskarayib.com\/wp-content\/uploads\/2026\/03\/\u00a9Abite-819x1024.jpg 819w, https:\/\/richeskarayib.com\/wp-content\/uploads\/2026\/03\/\u00a9Abite-240x300.jpg 240w, https:\/\/richeskarayib.com\/wp-content\/uploads\/2026\/03\/\u00a9Abite-768x960.jpg 768w, https:\/\/richeskarayib.com\/wp-content\/uploads\/2026\/03\/\u00a9Abite-1229x1536.jpg 1229w, https:\/\/richeskarayib.com\/wp-content\/uploads\/2026\/03\/\u00a9Abite-1320x1650.jpg 1320w, https:\/\/richeskarayib.com\/wp-content\/uploads\/2026\/03\/\u00a9Abite.jpg 1440w\" sizes=\"(max-width: 800px) 100vw, 800px\" \/>\t\t\t\t\t\t\t\t\t\t\t\t\t\t\t<\/div>\n\t\t\t\t<\/div>\n\t\t\t\t<section class=\"elementor-section elementor-inner-section elementor-element elementor-element-c582330 elementor-section-boxed elementor-section-height-default elementor-section-height-default\" data-id=\"c582330\" data-element_type=\"section\">\n\t\t\t\t\t\t<div class=\"elementor-container elementor-column-gap-default\">\n\t\t\t\t\t\t<\/div>\n\t\t<\/section>\n\t\t\t\t<section class=\"elementor-section elementor-inner-section elementor-element elementor-element-296603a elementor-section-boxed elementor-section-height-default elementor-section-height-default\" data-id=\"296603a\" data-element_type=\"section\">\n\t\t\t\t\t\t<div class=\"elementor-container elementor-column-gap-default\">\n\t\t\t\t\t\t<\/div>\n\t\t<\/section>\n\t\t\t\t\t<\/div>\n\t\t<\/div>\n\t\t\t\t\t<\/div>\n\t\t<\/section>\n\t\t\t\t<section class=\"elementor-section elementor-top-section elementor-element elementor-element-9c88a89 elementor-section-boxed elementor-section-height-default elementor-section-height-default\" data-id=\"9c88a89\" data-element_type=\"section\">\n\t\t\t\t\t\t<div class=\"elementor-container elementor-column-gap-default\">\n\t\t\t\t\t<div class=\"elementor-column elementor-col-100 elementor-top-column elementor-element elementor-element-78cf5d1\" data-id=\"78cf5d1\" data-element_type=\"column\">\n\t\t\t<div class=\"elementor-widget-wrap elementor-element-populated\">\n\t\t\t\t\t\t<div class=\"elementor-element elementor-element-ea2a5c1 elementor-widget elementor-widget-heading\" data-id=\"ea2a5c1\" data-element_type=\"widget\" data-widget_type=\"heading.default\">\n\t\t\t\t<div class=\"elementor-widget-container\">\n\t\t\t\t\t<h2 class=\"elementor-heading-title elementor-size-default\">Qui participe \u00e0 l\u2019atelier de conception bioclimatique en Martinique ?<\/h2>\t\t\t\t<\/div>\n\t\t\t\t<\/div>\n\t\t\t\t<div class=\"elementor-element elementor-element-e305eee elementor-widget elementor-widget-text-editor\" data-id=\"e305eee\" data-element_type=\"widget\" data-widget_type=\"text-editor.default\">\n\t\t\t\t<div class=\"elementor-widget-container\">\n\t\t\t\t\t\t\t\t\t<p>L\u2019atelier de conception bioclimatique est pens\u00e9 pour une vingtaine de jeunes talents. L\u2019appel \u00e0 candidatures ciblait des \u00e9tudiants \u00e0 partir de la deuxi\u00e8me ann\u00e9e et de jeunes professionnels de moins de 40 ans issus de l\u2019architecture, du design, de l\u2019ing\u00e9nierie ou des arts visuels. L\u2019id\u00e9e n\u2019est pas de juxtaposer des profils, mais de constituer des groupes mixtes capables de confronter m\u00e9thodes, cultures de projet et fa\u00e7ons d\u2019habiter le territoire. L\u2019atelier de conception bioclimatique pr\u00e9voit aussi une valorisation acad\u00e9mique, avec possibilit\u00e9 pour les \u00e9tudiants du CCA de valider des cr\u00e9dits ECTS ou des heures de stage, ainsi qu\u2019un certificat de participation p\u00e9dagogique co-sign\u00e9 par le CCA et la DAC Martinique. Les candidatures sont d\u00e9sormais closes.<\/p>\t\t\t\t\t\t\t\t<\/div>\n\t\t\t\t<\/div>\n\t\t\t\t\t<\/div>\n\t\t<\/div>\n\t\t\t\t\t<\/div>\n\t\t<\/section>\n\t\t\t\t<section class=\"elementor-section elementor-top-section elementor-element elementor-element-ee7f5d7 elementor-section-boxed elementor-section-height-default elementor-section-height-default\" data-id=\"ee7f5d7\" data-element_type=\"section\">\n\t\t\t\t\t\t<div class=\"elementor-container elementor-column-gap-default\">\n\t\t\t\t\t<div class=\"elementor-column elementor-col-100 elementor-top-column elementor-element elementor-element-0669c08\" data-id=\"0669c08\" data-element_type=\"column\">\n\t\t\t<div class=\"elementor-widget-wrap elementor-element-populated\">\n\t\t\t\t\t\t<div class=\"elementor-element elementor-element-acc47ca elementor-widget elementor-widget-heading\" data-id=\"acc47ca\" data-element_type=\"widget\" data-widget_type=\"heading.default\">\n\t\t\t\t<div class=\"elementor-widget-container\">\n\t\t\t\t\t<h2 class=\"elementor-heading-title elementor-size-default\">Le programme complet, jour par jour<\/h2>\t\t\t\t<\/div>\n\t\t\t\t<\/div>\n\t\t\t\t<div class=\"elementor-element elementor-element-4bb1533 elementor-widget elementor-widget-text-editor\" data-id=\"4bb1533\" data-element_type=\"widget\" data-widget_type=\"text-editor.default\">\n\t\t\t\t<div class=\"elementor-widget-container\">\n\t\t\t\t\t\t\t\t\t<h3><b>Lundi 6 avril 2026 : cartographies et territoires hydriques<\/b><\/h3><p><span style=\"font-weight: 400;\">La premi\u00e8re journ\u00e9e de l\u2019<\/span>atelier de conception bioclimatique<span style=\"font-weight: 400;\"> est consacr\u00e9e aux <\/span><b>cartographies et territoires hydriques<\/b><span style=\"font-weight: 400;\">. La master class de 11h00 est assur\u00e9e par <\/span><b>La Cabina de la Curiosidad<\/b><span style=\"font-weight: 400;\">, annonc\u00e9e entre <\/span><b>la France et l\u2019\u00c9quateur<\/b><span style=\"font-weight: 400;\">, avec <\/span><b>Marie Combette<\/b><span style=\"font-weight: 400;\"> et <\/span><b>Daniel Moreno Flores<\/b><span style=\"font-weight: 400;\">. Leur d\u00e9marche interroge les ressources mat\u00e9rielles, les mod\u00e8les de d\u00e9veloppement urbain, la gestion des d\u00e9chets et la valorisation des \u00e9cosyst\u00e8mes naturels. Leur pr\u00e9sence donne d\u2019embl\u00e9e le ton du workshop : penser le projet architectural \u00e0 partir de la mati\u00e8re, du territoire et des usages, plut\u00f4t qu\u2019\u00e0 partir d\u2019une forme impos\u00e9e. L\u2019apr\u00e8s-midi est r\u00e9serv\u00e9 \u00e0 l\u2019atelier de conception au Campus Cara\u00efb\u00e9en des Arts.<\/span><\/p>\t\t\t\t\t\t\t\t<\/div>\n\t\t\t\t<\/div>\n\t\t\t\t<section class=\"elementor-section elementor-inner-section elementor-element elementor-element-593204c elementor-section-boxed elementor-section-height-default elementor-section-height-default\" data-id=\"593204c\" data-element_type=\"section\">\n\t\t\t\t\t\t<div class=\"elementor-container elementor-column-gap-default\">\n\t\t\t\t\t<div class=\"elementor-column elementor-col-25 elementor-inner-column elementor-element elementor-element-5967609\" data-id=\"5967609\" data-element_type=\"column\">\n\t\t\t<div class=\"elementor-widget-wrap elementor-element-populated\">\n\t\t\t\t\t\t<div class=\"elementor-element elementor-element-47d52e9 elementor-widget elementor-widget-image\" data-id=\"47d52e9\" data-element_type=\"widget\" data-widget_type=\"image.default\">\n\t\t\t\t<div class=\"elementor-widget-container\">\n\t\t\t\t\t\t\t\t\t\t\t\t\t\t\t<img decoding=\"async\" width=\"768\" height=\"1024\" src=\"https:\/\/richeskarayib.com\/wp-content\/uploads\/2026\/03\/643611496_18095358053478319_4373666998901329854_n-768x1024.jpg\" class=\"attachment-large size-large wp-image-71566\" alt=\"atelier de conception bioclimatique\" srcset=\"https:\/\/richeskarayib.com\/wp-content\/uploads\/2026\/03\/643611496_18095358053478319_4373666998901329854_n-768x1024.jpg 768w, https:\/\/richeskarayib.com\/wp-content\/uploads\/2026\/03\/643611496_18095358053478319_4373666998901329854_n-225x300.jpg 225w, https:\/\/richeskarayib.com\/wp-content\/uploads\/2026\/03\/643611496_18095358053478319_4373666998901329854_n-1152x1536.jpg 1152w, https:\/\/richeskarayib.com\/wp-content\/uploads\/2026\/03\/643611496_18095358053478319_4373666998901329854_n.jpg 1240w\" sizes=\"(max-width: 768px) 100vw, 768px\" \/>\t\t\t\t\t\t\t\t\t\t\t\t\t\t\t<\/div>\n\t\t\t\t<\/div>\n\t\t\t\t\t<\/div>\n\t\t<\/div>\n\t\t\t\t<div class=\"elementor-column elementor-col-25 elementor-inner-column elementor-element elementor-element-2bb117d\" data-id=\"2bb117d\" data-element_type=\"column\">\n\t\t\t<div class=\"elementor-widget-wrap elementor-element-populated\">\n\t\t\t\t\t\t<div class=\"elementor-element elementor-element-341828d elementor-widget elementor-widget-image\" data-id=\"341828d\" data-element_type=\"widget\" data-widget_type=\"image.default\">\n\t\t\t\t<div class=\"elementor-widget-container\">\n\t\t\t\t\t\t\t\t\t\t\t\t\t\t\t<img decoding=\"async\" width=\"772\" height=\"1024\" src=\"https:\/\/richeskarayib.com\/wp-content\/uploads\/2026\/03\/642551421_18095358062478319_5808047106438401380_n-772x1024.jpg\" class=\"attachment-large size-large wp-image-71570\" alt=\"atelier de conception bioclimatique\" srcset=\"https:\/\/richeskarayib.com\/wp-content\/uploads\/2026\/03\/642551421_18095358062478319_5808047106438401380_n-772x1024.jpg 772w, https:\/\/richeskarayib.com\/wp-content\/uploads\/2026\/03\/642551421_18095358062478319_5808047106438401380_n-226x300.jpg 226w, https:\/\/richeskarayib.com\/wp-content\/uploads\/2026\/03\/642551421_18095358062478319_5808047106438401380_n-768x1019.jpg 768w, https:\/\/richeskarayib.com\/wp-content\/uploads\/2026\/03\/642551421_18095358062478319_5808047106438401380_n-1158x1536.jpg 1158w, https:\/\/richeskarayib.com\/wp-content\/uploads\/2026\/03\/642551421_18095358062478319_5808047106438401380_n-1320x1751.jpg 1320w, https:\/\/richeskarayib.com\/wp-content\/uploads\/2026\/03\/642551421_18095358062478319_5808047106438401380_n.jpg 1440w\" sizes=\"(max-width: 772px) 100vw, 772px\" \/>\t\t\t\t\t\t\t\t\t\t\t\t\t\t\t<\/div>\n\t\t\t\t<\/div>\n\t\t\t\t\t<\/div>\n\t\t<\/div>\n\t\t\t\t<div class=\"elementor-column elementor-col-25 elementor-inner-column elementor-element elementor-element-428d1ef\" data-id=\"428d1ef\" data-element_type=\"column\">\n\t\t\t<div class=\"elementor-widget-wrap elementor-element-populated\">\n\t\t\t\t\t\t<div class=\"elementor-element elementor-element-f66839e elementor-widget elementor-widget-image\" data-id=\"f66839e\" data-element_type=\"widget\" data-widget_type=\"image.default\">\n\t\t\t\t<div class=\"elementor-widget-container\">\n\t\t\t\t\t\t\t\t\t\t\t\t\t\t\t<img loading=\"lazy\" decoding=\"async\" width=\"772\" height=\"1024\" src=\"https:\/\/richeskarayib.com\/wp-content\/uploads\/2026\/03\/642036046_18095358122478319_586563681118154360_n-1-772x1024.jpg\" class=\"attachment-large size-large wp-image-71574\" alt=\"atelier de conception bioclimatique\" srcset=\"https:\/\/richeskarayib.com\/wp-content\/uploads\/2026\/03\/642036046_18095358122478319_586563681118154360_n-1-772x1024.jpg 772w, https:\/\/richeskarayib.com\/wp-content\/uploads\/2026\/03\/642036046_18095358122478319_586563681118154360_n-1-226x300.jpg 226w, https:\/\/richeskarayib.com\/wp-content\/uploads\/2026\/03\/642036046_18095358122478319_586563681118154360_n-1-768x1019.jpg 768w, https:\/\/richeskarayib.com\/wp-content\/uploads\/2026\/03\/642036046_18095358122478319_586563681118154360_n-1-1158x1536.jpg 1158w, https:\/\/richeskarayib.com\/wp-content\/uploads\/2026\/03\/642036046_18095358122478319_586563681118154360_n-1-1320x1751.jpg 1320w, https:\/\/richeskarayib.com\/wp-content\/uploads\/2026\/03\/642036046_18095358122478319_586563681118154360_n-1.jpg 1333w\" sizes=\"(max-width: 772px) 100vw, 772px\" \/>\t\t\t\t\t\t\t\t\t\t\t\t\t\t\t<\/div>\n\t\t\t\t<\/div>\n\t\t\t\t\t<\/div>\n\t\t<\/div>\n\t\t\t\t<div class=\"elementor-column elementor-col-25 elementor-inner-column elementor-element elementor-element-0f98a00\" data-id=\"0f98a00\" data-element_type=\"column\">\n\t\t\t<div class=\"elementor-widget-wrap elementor-element-populated\">\n\t\t\t\t\t\t<div class=\"elementor-element elementor-element-c2603b3 elementor-widget elementor-widget-image\" data-id=\"c2603b3\" data-element_type=\"widget\" data-widget_type=\"image.default\">\n\t\t\t\t<div class=\"elementor-widget-container\">\n\t\t\t\t\t\t\t\t\t\t\t\t\t\t\t<img loading=\"lazy\" decoding=\"async\" width=\"772\" height=\"1024\" src=\"https:\/\/richeskarayib.com\/wp-content\/uploads\/2026\/03\/643598842_18095358107478319_3689177493752716430_n-772x1024.jpg\" class=\"attachment-large size-large wp-image-71578\" alt=\"atelier de conception bioclimatique\" srcset=\"https:\/\/richeskarayib.com\/wp-content\/uploads\/2026\/03\/643598842_18095358107478319_3689177493752716430_n-772x1024.jpg 772w, https:\/\/richeskarayib.com\/wp-content\/uploads\/2026\/03\/643598842_18095358107478319_3689177493752716430_n-226x300.jpg 226w, https:\/\/richeskarayib.com\/wp-content\/uploads\/2026\/03\/643598842_18095358107478319_3689177493752716430_n-768x1019.jpg 768w, https:\/\/richeskarayib.com\/wp-content\/uploads\/2026\/03\/643598842_18095358107478319_3689177493752716430_n-1158x1536.jpg 1158w, https:\/\/richeskarayib.com\/wp-content\/uploads\/2026\/03\/643598842_18095358107478319_3689177493752716430_n-1320x1751.jpg 1320w, https:\/\/richeskarayib.com\/wp-content\/uploads\/2026\/03\/643598842_18095358107478319_3689177493752716430_n.jpg 1440w\" sizes=\"(max-width: 772px) 100vw, 772px\" \/>\t\t\t\t\t\t\t\t\t\t\t\t\t\t\t<\/div>\n\t\t\t\t<\/div>\n\t\t\t\t\t<\/div>\n\t\t<\/div>\n\t\t\t\t\t<\/div>\n\t\t<\/section>\n\t\t\t\t<div class=\"elementor-element elementor-element-6b2a3de elementor-widget elementor-widget-text-editor\" data-id=\"6b2a3de\" data-element_type=\"widget\" data-widget_type=\"text-editor.default\">\n\t\t\t\t<div class=\"elementor-widget-container\">\n\t\t\t\t\t\t\t\t\t<h3><b>Mardi 7 avril 2026 : adaptabilit\u00e9 et conscience climatique<\/b><\/h3><p><span style=\"font-weight: 400;\">Le mardi place au premier plan l\u2019<\/span><b>adaptabilit\u00e9<\/b><span style=\"font-weight: 400;\"> et la <\/span><b>conscience climatique<\/b><span style=\"font-weight: 400;\">. La master class r\u00e9unit <\/span><b>D\u00e9bora Pronzola<\/b><span style=\"font-weight: 400;\"> et <\/span><b>Kathleen Surena<\/b><span style=\"font-weight: 400;\">, deux architectes martiniquaises sp\u00e9cialis\u00e9es en <\/span><b>architecture et risques majeurs<\/b><span style=\"font-weight: 400;\">. Form\u00e9es aux ENSA Paris-Belleville et Paris-Est, elles apportent une exp\u00e9rience nourrie de projets urbains, d\u2019architecture bioclimatique et de terrains expos\u00e9s aux risques naturels. Leur intervention est particuli\u00e8rement importante pour la <a href=\"https:\/\/richeskarayib.com\/fr\/carifta-aquatics-championships-2026\/\" target=\"_blank\" rel=\"noopener\">Martinique<\/a> : elle traite de la conception durable et r\u00e9siliente face aux <\/span><b>s\u00e9ismes, cyclones et inondations<\/b><span style=\"font-weight: 400;\">, avec des cl\u00e9s applicables aux territoires insulaires. \u00c0 <\/span><b>18h30<\/b><span style=\"font-weight: 400;\">, la journ\u00e9e se prolonge avec <\/span><b>\u00ab Ne pas tout raser ! \u00bb<\/b><span style=\"font-weight: 400;\">, propos\u00e9 par abit\u0113, <\/span><b>rue Garnier Pag\u00e8s<\/b><span style=\"font-weight: 400;\">.<\/span><\/p>\t\t\t\t\t\t\t\t<\/div>\n\t\t\t\t<\/div>\n\t\t\t\t<section class=\"elementor-section elementor-inner-section elementor-element elementor-element-cf65b1b elementor-section-boxed elementor-section-height-default elementor-section-height-default\" data-id=\"cf65b1b\" data-element_type=\"section\">\n\t\t\t\t\t\t<div class=\"elementor-container elementor-column-gap-default\">\n\t\t\t\t\t<div class=\"elementor-column elementor-col-25 elementor-inner-column elementor-element elementor-element-dfc98dc\" data-id=\"dfc98dc\" data-element_type=\"column\">\n\t\t\t<div class=\"elementor-widget-wrap elementor-element-populated\">\n\t\t\t\t\t\t<div class=\"elementor-element elementor-element-a9b2190 elementor-widget elementor-widget-image\" data-id=\"a9b2190\" data-element_type=\"widget\" data-widget_type=\"image.default\">\n\t\t\t\t<div class=\"elementor-widget-container\">\n\t\t\t\t\t\t\t\t\t\t\t\t\t\t\t<img loading=\"lazy\" decoding=\"async\" width=\"768\" height=\"1024\" src=\"https:\/\/richeskarayib.com\/wp-content\/uploads\/2026\/03\/656278159_18098030888478319_8909996447321060904_n-768x1024.jpg\" class=\"attachment-large size-large wp-image-71582\" alt=\"atelier de conception bioclimatique\" srcset=\"https:\/\/richeskarayib.com\/wp-content\/uploads\/2026\/03\/656278159_18098030888478319_8909996447321060904_n-768x1024.jpg 768w, https:\/\/richeskarayib.com\/wp-content\/uploads\/2026\/03\/656278159_18098030888478319_8909996447321060904_n-225x300.jpg 225w, https:\/\/richeskarayib.com\/wp-content\/uploads\/2026\/03\/656278159_18098030888478319_8909996447321060904_n.jpg 1135w\" sizes=\"(max-width: 768px) 100vw, 768px\" \/>\t\t\t\t\t\t\t\t\t\t\t\t\t\t\t<\/div>\n\t\t\t\t<\/div>\n\t\t\t\t\t<\/div>\n\t\t<\/div>\n\t\t\t\t<div class=\"elementor-column elementor-col-25 elementor-inner-column elementor-element elementor-element-3077df8\" data-id=\"3077df8\" data-element_type=\"column\">\n\t\t\t<div class=\"elementor-widget-wrap elementor-element-populated\">\n\t\t\t\t\t\t<div class=\"elementor-element elementor-element-7919992 elementor-widget elementor-widget-image\" data-id=\"7919992\" data-element_type=\"widget\" data-widget_type=\"image.default\">\n\t\t\t\t<div class=\"elementor-widget-container\">\n\t\t\t\t\t\t\t\t\t\t\t\t\t\t\t<img loading=\"lazy\" decoding=\"async\" width=\"768\" height=\"1024\" src=\"https:\/\/richeskarayib.com\/wp-content\/uploads\/2026\/03\/656273467_18098030891478319_3236631593352234054_n-768x1024.jpg\" class=\"attachment-large size-large wp-image-71586\" alt=\"atelier de conception bioclimatique\" srcset=\"https:\/\/richeskarayib.com\/wp-content\/uploads\/2026\/03\/656273467_18098030891478319_3236631593352234054_n-768x1023.jpg 768w, https:\/\/richeskarayib.com\/wp-content\/uploads\/2026\/03\/656273467_18098030891478319_3236631593352234054_n-225x300.jpg 225w, https:\/\/richeskarayib.com\/wp-content\/uploads\/2026\/03\/656273467_18098030891478319_3236631593352234054_n.jpg 908w\" sizes=\"(max-width: 768px) 100vw, 768px\" \/>\t\t\t\t\t\t\t\t\t\t\t\t\t\t\t<\/div>\n\t\t\t\t<\/div>\n\t\t\t\t\t<\/div>\n\t\t<\/div>\n\t\t\t\t<div class=\"elementor-column elementor-col-25 elementor-inner-column elementor-element elementor-element-71ac1d1\" data-id=\"71ac1d1\" data-element_type=\"column\">\n\t\t\t<div class=\"elementor-widget-wrap elementor-element-populated\">\n\t\t\t\t\t\t<div class=\"elementor-element elementor-element-c1e4e46 elementor-widget elementor-widget-image\" data-id=\"c1e4e46\" data-element_type=\"widget\" data-widget_type=\"image.default\">\n\t\t\t\t<div class=\"elementor-widget-container\">\n\t\t\t\t\t\t\t\t\t\t\t\t\t\t\t<img loading=\"lazy\" decoding=\"async\" width=\"768\" height=\"1024\" src=\"https:\/\/richeskarayib.com\/wp-content\/uploads\/2026\/03\/656266480_18098030909478319_527304079965251193_n-768x1024.jpg\" class=\"attachment-large size-large wp-image-71590\" alt=\"atelier de conception bioclimatique\" srcset=\"https:\/\/richeskarayib.com\/wp-content\/uploads\/2026\/03\/656266480_18098030909478319_527304079965251193_n-768x1023.jpg 768w, https:\/\/richeskarayib.com\/wp-content\/uploads\/2026\/03\/656266480_18098030909478319_527304079965251193_n-225x300.jpg 225w, https:\/\/richeskarayib.com\/wp-content\/uploads\/2026\/03\/656266480_18098030909478319_527304079965251193_n.jpg 908w\" sizes=\"(max-width: 768px) 100vw, 768px\" \/>\t\t\t\t\t\t\t\t\t\t\t\t\t\t\t<\/div>\n\t\t\t\t<\/div>\n\t\t\t\t\t<\/div>\n\t\t<\/div>\n\t\t\t\t<div class=\"elementor-column elementor-col-25 elementor-inner-column elementor-element elementor-element-0f65f02\" data-id=\"0f65f02\" data-element_type=\"column\">\n\t\t\t<div class=\"elementor-widget-wrap elementor-element-populated\">\n\t\t\t\t\t\t<div class=\"elementor-element elementor-element-67fce01 elementor-widget elementor-widget-image\" data-id=\"67fce01\" data-element_type=\"widget\" data-widget_type=\"image.default\">\n\t\t\t\t<div class=\"elementor-widget-container\">\n\t\t\t\t\t\t\t\t\t\t\t\t\t\t\t<img loading=\"lazy\" decoding=\"async\" width=\"768\" height=\"1024\" src=\"https:\/\/richeskarayib.com\/wp-content\/uploads\/2026\/03\/656001095_18098030900478319_8335690080749917210_n-768x1024.jpg\" class=\"attachment-large size-large wp-image-71594\" alt=\"atelier de conception bioclimatique\" srcset=\"https:\/\/richeskarayib.com\/wp-content\/uploads\/2026\/03\/656001095_18098030900478319_8335690080749917210_n-768x1023.jpg 768w, https:\/\/richeskarayib.com\/wp-content\/uploads\/2026\/03\/656001095_18098030900478319_8335690080749917210_n-225x300.jpg 225w, https:\/\/richeskarayib.com\/wp-content\/uploads\/2026\/03\/656001095_18098030900478319_8335690080749917210_n.jpg 908w\" sizes=\"(max-width: 768px) 100vw, 768px\" \/>\t\t\t\t\t\t\t\t\t\t\t\t\t\t\t<\/div>\n\t\t\t\t<\/div>\n\t\t\t\t\t<\/div>\n\t\t<\/div>\n\t\t\t\t\t<\/div>\n\t\t<\/section>\n\t\t\t\t<div class=\"elementor-element elementor-element-225ff5a elementor-widget elementor-widget-text-editor\" data-id=\"225ff5a\" data-element_type=\"widget\" data-widget_type=\"text-editor.default\">\n\t\t\t\t<div class=\"elementor-widget-container\">\n\t\t\t\t\t\t\t\t\t<h3><b>Mercredi 8 avril 2026 : design et mat\u00e9rialit\u00e9s locales<\/b><\/h3><p><span style=\"font-weight: 400;\">Le mercredi est d\u00e9di\u00e9 au <\/span><b>design<\/b><span style=\"font-weight: 400;\"> et aux <\/span><b>mat\u00e9rialit\u00e9s locales<\/b><span style=\"font-weight: 400;\">. La master class de 11h00 met en avant <\/span><b>BAHO Design Studio<\/b><span style=\"font-weight: 400;\"> avec <\/span><b>Cyrille Rochambeau<\/b><span style=\"font-weight: 400;\">, originaire de Fort-de-France. Sa trajectoire relie design produit, chantier et pratique internationale entre la Cara\u00efbe, l\u2019Asie et l\u2019Afrique. Sa pr\u00e9sence apporte un regard pr\u00e9cieux sur la fa\u00e7on dont une contrainte technique peut devenir un levier de cr\u00e9ation, sans perdre le lien avec le territoire. La soir\u00e9e se poursuit avec un <\/span><b>Cin\u00e9Archi<\/b><span style=\"font-weight: 400;\"> organis\u00e9 par la <\/span><b>Maison de l\u2019Architecture de Martinique<\/b><span style=\"font-weight: 400;\"> \u00e0 la <\/span><b>Galerie-\u00c9cole du Campus Cara\u00efb\u00e9en des Arts<\/b><span style=\"font-weight: 400;\">.<\/span><\/p>\t\t\t\t\t\t\t\t<\/div>\n\t\t\t\t<\/div>\n\t\t\t\t<section class=\"elementor-section elementor-inner-section elementor-element elementor-element-27899e9 elementor-section-boxed elementor-section-height-default elementor-section-height-default\" data-id=\"27899e9\" data-element_type=\"section\">\n\t\t\t\t\t\t<div class=\"elementor-container elementor-column-gap-default\">\n\t\t\t\t\t<div class=\"elementor-column elementor-col-25 elementor-inner-column elementor-element elementor-element-dcf6f5f\" data-id=\"dcf6f5f\" data-element_type=\"column\">\n\t\t\t<div class=\"elementor-widget-wrap elementor-element-populated\">\n\t\t\t\t\t\t<div class=\"elementor-element elementor-element-69e62fd elementor-widget elementor-widget-image\" data-id=\"69e62fd\" data-element_type=\"widget\" data-widget_type=\"image.default\">\n\t\t\t\t<div class=\"elementor-widget-container\">\n\t\t\t\t\t\t\t\t\t\t\t\t\t\t\t<img loading=\"lazy\" decoding=\"async\" width=\"768\" height=\"1024\" src=\"https:\/\/richeskarayib.com\/wp-content\/uploads\/2026\/03\/640411618_18095201492478319_6341234367496079827_n-768x1024.jpg\" class=\"attachment-large size-large wp-image-71598\" alt=\"atelier de conception bioclimatique\" srcset=\"https:\/\/richeskarayib.com\/wp-content\/uploads\/2026\/03\/640411618_18095201492478319_6341234367496079827_n-768x1024.jpg 768w, https:\/\/richeskarayib.com\/wp-content\/uploads\/2026\/03\/640411618_18095201492478319_6341234367496079827_n-225x300.jpg 225w, https:\/\/richeskarayib.com\/wp-content\/uploads\/2026\/03\/640411618_18095201492478319_6341234367496079827_n-1152x1536.jpg 1152w, https:\/\/richeskarayib.com\/wp-content\/uploads\/2026\/03\/640411618_18095201492478319_6341234367496079827_n.jpg 1240w\" sizes=\"(max-width: 768px) 100vw, 768px\" \/>\t\t\t\t\t\t\t\t\t\t\t\t\t\t\t<\/div>\n\t\t\t\t<\/div>\n\t\t\t\t\t<\/div>\n\t\t<\/div>\n\t\t\t\t<div class=\"elementor-column elementor-col-25 elementor-inner-column elementor-element elementor-element-623b732\" data-id=\"623b732\" data-element_type=\"column\">\n\t\t\t<div class=\"elementor-widget-wrap elementor-element-populated\">\n\t\t\t\t\t\t<div class=\"elementor-element elementor-element-5308979 elementor-widget elementor-widget-image\" data-id=\"5308979\" data-element_type=\"widget\" data-widget_type=\"image.default\">\n\t\t\t\t<div class=\"elementor-widget-container\">\n\t\t\t\t\t\t\t\t\t\t\t\t\t\t\t<img loading=\"lazy\" decoding=\"async\" width=\"772\" height=\"1024\" src=\"https:\/\/richeskarayib.com\/wp-content\/uploads\/2026\/03\/642360202_18095201537478319_5072659348437774840_n-772x1024.jpg\" class=\"attachment-large size-large wp-image-71602\" alt=\"atelier de conception bioclimatique\" srcset=\"https:\/\/richeskarayib.com\/wp-content\/uploads\/2026\/03\/642360202_18095201537478319_5072659348437774840_n-772x1024.jpg 772w, https:\/\/richeskarayib.com\/wp-content\/uploads\/2026\/03\/642360202_18095201537478319_5072659348437774840_n-226x300.jpg 226w, https:\/\/richeskarayib.com\/wp-content\/uploads\/2026\/03\/642360202_18095201537478319_5072659348437774840_n-768x1018.jpg 768w, https:\/\/richeskarayib.com\/wp-content\/uploads\/2026\/03\/642360202_18095201537478319_5072659348437774840_n.jpg 1000w\" sizes=\"(max-width: 772px) 100vw, 772px\" \/>\t\t\t\t\t\t\t\t\t\t\t\t\t\t\t<\/div>\n\t\t\t\t<\/div>\n\t\t\t\t\t<\/div>\n\t\t<\/div>\n\t\t\t\t<div class=\"elementor-column elementor-col-25 elementor-inner-column elementor-element elementor-element-f9e72a8\" data-id=\"f9e72a8\" data-element_type=\"column\">\n\t\t\t<div class=\"elementor-widget-wrap elementor-element-populated\">\n\t\t\t\t\t\t<div class=\"elementor-element elementor-element-53e7d55 elementor-widget elementor-widget-image\" data-id=\"53e7d55\" data-element_type=\"widget\" data-widget_type=\"image.default\">\n\t\t\t\t<div class=\"elementor-widget-container\">\n\t\t\t\t\t\t\t\t\t\t\t\t\t\t\t<img loading=\"lazy\" decoding=\"async\" width=\"772\" height=\"1024\" src=\"https:\/\/richeskarayib.com\/wp-content\/uploads\/2026\/03\/641754885_18095201519478319_8035893575896361635_n-772x1024.jpg\" class=\"attachment-large size-large wp-image-71606\" alt=\"atelier de conception bioclimatique\" srcset=\"https:\/\/richeskarayib.com\/wp-content\/uploads\/2026\/03\/641754885_18095201519478319_8035893575896361635_n-772x1024.jpg 772w, https:\/\/richeskarayib.com\/wp-content\/uploads\/2026\/03\/641754885_18095201519478319_8035893575896361635_n-226x300.jpg 226w, https:\/\/richeskarayib.com\/wp-content\/uploads\/2026\/03\/641754885_18095201519478319_8035893575896361635_n-768x1018.jpg 768w, https:\/\/richeskarayib.com\/wp-content\/uploads\/2026\/03\/641754885_18095201519478319_8035893575896361635_n.jpg 1000w\" sizes=\"(max-width: 772px) 100vw, 772px\" \/>\t\t\t\t\t\t\t\t\t\t\t\t\t\t\t<\/div>\n\t\t\t\t<\/div>\n\t\t\t\t\t<\/div>\n\t\t<\/div>\n\t\t\t\t<div class=\"elementor-column elementor-col-25 elementor-inner-column elementor-element elementor-element-4bc3cf5\" data-id=\"4bc3cf5\" data-element_type=\"column\">\n\t\t\t<div class=\"elementor-widget-wrap elementor-element-populated\">\n\t\t\t\t\t\t<div class=\"elementor-element elementor-element-f0c8129 elementor-widget elementor-widget-image\" data-id=\"f0c8129\" data-element_type=\"widget\" data-widget_type=\"image.default\">\n\t\t\t\t<div class=\"elementor-widget-container\">\n\t\t\t\t\t\t\t\t\t\t\t\t\t\t\t<img loading=\"lazy\" decoding=\"async\" width=\"772\" height=\"1024\" src=\"https:\/\/richeskarayib.com\/wp-content\/uploads\/2026\/03\/641252400_18095201483478319_7095601143538434267_n-772x1024.jpg\" class=\"attachment-large size-large wp-image-71610\" alt=\"atelier de conception bioclimatique\" srcset=\"https:\/\/richeskarayib.com\/wp-content\/uploads\/2026\/03\/641252400_18095201483478319_7095601143538434267_n-772x1024.jpg 772w, https:\/\/richeskarayib.com\/wp-content\/uploads\/2026\/03\/641252400_18095201483478319_7095601143538434267_n-226x300.jpg 226w, https:\/\/richeskarayib.com\/wp-content\/uploads\/2026\/03\/641252400_18095201483478319_7095601143538434267_n-768x1018.jpg 768w, https:\/\/richeskarayib.com\/wp-content\/uploads\/2026\/03\/641252400_18095201483478319_7095601143538434267_n.jpg 1000w\" sizes=\"(max-width: 772px) 100vw, 772px\" \/>\t\t\t\t\t\t\t\t\t\t\t\t\t\t\t<\/div>\n\t\t\t\t<\/div>\n\t\t\t\t\t<\/div>\n\t\t<\/div>\n\t\t\t\t\t<\/div>\n\t\t<\/section>\n\t\t\t\t<div class=\"elementor-element elementor-element-153a7e9 elementor-widget elementor-widget-text-editor\" data-id=\"153a7e9\" data-element_type=\"widget\" data-widget_type=\"text-editor.default\">\n\t\t\t\t<div class=\"elementor-widget-container\">\n\t\t\t\t\t\t\t\t\t<h3><b>Jeudi 9 avril 2026 : paysages et strat\u00e9gies constructives<\/b><\/h3><p><span style=\"font-weight: 400;\">Le jeudi, le workshop s\u2019int\u00e9resse aux <\/span><b>paysages<\/b><span style=\"font-weight: 400;\"> et aux <\/span><b>strat\u00e9gies constructives<\/b><span style=\"font-weight: 400;\">. La master class est confi\u00e9e \u00e0 <\/span><b>Tephra Studio<\/b><span style=\"font-weight: 400;\">, pr\u00e9sent\u00e9 entre <\/span><b>la France et la Colombie<\/b><span style=\"font-weight: 400;\">, avec <\/span><b>Fabrice Henry<\/b><span style=\"font-weight: 400;\"> dans le programme. Le studio aborde l\u2019architecture comme une intervention sensible dans un site d\u00e9j\u00e0 charg\u00e9 de m\u00e9moire, o\u00f9 la mati\u00e8re, le climat et le paysage ne sont jamais secondaires. Pour un projet implant\u00e9 dans les jardins de la DAC Martinique, ce regard est d\u00e9terminant : il permet de penser le futur pavillon non comme un objet autonome, mais comme une couche suppl\u00e9mentaire dans l\u2019histoire du lieu. \u00c0 <\/span><b>18h30<\/b><span style=\"font-weight: 400;\">, une <\/span><b>rencontre avec La Station Culturelle<\/b><span style=\"font-weight: 400;\"> est pr\u00e9vue au <\/span><b>33, tiers-lieu culturel<\/b><span style=\"font-weight: 400;\">.<\/span><\/p>\t\t\t\t\t\t\t\t<\/div>\n\t\t\t\t<\/div>\n\t\t\t\t<section class=\"elementor-section elementor-inner-section elementor-element elementor-element-836dcbf elementor-section-boxed elementor-section-height-default elementor-section-height-default\" data-id=\"836dcbf\" data-element_type=\"section\">\n\t\t\t\t\t\t<div class=\"elementor-container elementor-column-gap-default\">\n\t\t\t\t\t<div class=\"elementor-column elementor-col-25 elementor-inner-column elementor-element elementor-element-a2d7121\" data-id=\"a2d7121\" data-element_type=\"column\">\n\t\t\t<div class=\"elementor-widget-wrap elementor-element-populated\">\n\t\t\t\t\t\t<div class=\"elementor-element elementor-element-4c3cf19 elementor-widget elementor-widget-image\" data-id=\"4c3cf19\" data-element_type=\"widget\" data-widget_type=\"image.default\">\n\t\t\t\t<div class=\"elementor-widget-container\">\n\t\t\t\t\t\t\t\t\t\t\t\t\t\t\t<img loading=\"lazy\" decoding=\"async\" width=\"768\" height=\"1024\" src=\"https:\/\/richeskarayib.com\/wp-content\/uploads\/2026\/03\/643590744_18095697035478319_7908140608861429994_n-768x1024.jpg\" class=\"attachment-large size-large wp-image-71614\" alt=\"atelier de conception bioclimatique\" srcset=\"https:\/\/richeskarayib.com\/wp-content\/uploads\/2026\/03\/643590744_18095697035478319_7908140608861429994_n-768x1024.jpg 768w, https:\/\/richeskarayib.com\/wp-content\/uploads\/2026\/03\/643590744_18095697035478319_7908140608861429994_n-225x300.jpg 225w, https:\/\/richeskarayib.com\/wp-content\/uploads\/2026\/03\/643590744_18095697035478319_7908140608861429994_n-1152x1536.jpg 1152w, https:\/\/richeskarayib.com\/wp-content\/uploads\/2026\/03\/643590744_18095697035478319_7908140608861429994_n.jpg 1240w\" sizes=\"(max-width: 768px) 100vw, 768px\" \/>\t\t\t\t\t\t\t\t\t\t\t\t\t\t\t<\/div>\n\t\t\t\t<\/div>\n\t\t\t\t\t<\/div>\n\t\t<\/div>\n\t\t\t\t<div class=\"elementor-column elementor-col-25 elementor-inner-column elementor-element elementor-element-6172137\" data-id=\"6172137\" data-element_type=\"column\">\n\t\t\t<div class=\"elementor-widget-wrap elementor-element-populated\">\n\t\t\t\t\t\t<div class=\"elementor-element elementor-element-9bcab70 elementor-widget elementor-widget-image\" data-id=\"9bcab70\" data-element_type=\"widget\" data-widget_type=\"image.default\">\n\t\t\t\t<div class=\"elementor-widget-container\">\n\t\t\t\t\t\t\t\t\t\t\t\t\t\t\t<img loading=\"lazy\" decoding=\"async\" width=\"768\" height=\"1024\" src=\"https:\/\/richeskarayib.com\/wp-content\/uploads\/2026\/03\/642550928_18095697086478319_2746651961502210704_n-768x1024.jpg\" class=\"attachment-large size-large wp-image-71618\" alt=\"atelier de conception bioclimatique\" srcset=\"https:\/\/richeskarayib.com\/wp-content\/uploads\/2026\/03\/642550928_18095697086478319_2746651961502210704_n-768x1023.jpg 768w, https:\/\/richeskarayib.com\/wp-content\/uploads\/2026\/03\/642550928_18095697086478319_2746651961502210704_n-225x300.jpg 225w, https:\/\/richeskarayib.com\/wp-content\/uploads\/2026\/03\/642550928_18095697086478319_2746651961502210704_n.jpg 866w\" sizes=\"(max-width: 768px) 100vw, 768px\" \/>\t\t\t\t\t\t\t\t\t\t\t\t\t\t\t<\/div>\n\t\t\t\t<\/div>\n\t\t\t\t\t<\/div>\n\t\t<\/div>\n\t\t\t\t<div class=\"elementor-column elementor-col-25 elementor-inner-column elementor-element elementor-element-fd7c4f6\" data-id=\"fd7c4f6\" data-element_type=\"column\">\n\t\t\t<div class=\"elementor-widget-wrap elementor-element-populated\">\n\t\t\t\t\t\t<div class=\"elementor-element elementor-element-a5d4d22 elementor-widget elementor-widget-image\" data-id=\"a5d4d22\" data-element_type=\"widget\" data-widget_type=\"image.default\">\n\t\t\t\t<div class=\"elementor-widget-container\">\n\t\t\t\t\t\t\t\t\t\t\t\t\t\t\t<img loading=\"lazy\" decoding=\"async\" width=\"768\" height=\"1024\" src=\"https:\/\/richeskarayib.com\/wp-content\/uploads\/2026\/03\/645733799_18095697095478319_1074344527397759261_n-768x1024.jpg\" class=\"attachment-large size-large wp-image-71622\" alt=\"atelier de conception bioclimatique\" srcset=\"https:\/\/richeskarayib.com\/wp-content\/uploads\/2026\/03\/645733799_18095697095478319_1074344527397759261_n-768x1023.jpg 768w, https:\/\/richeskarayib.com\/wp-content\/uploads\/2026\/03\/645733799_18095697095478319_1074344527397759261_n-225x300.jpg 225w, https:\/\/richeskarayib.com\/wp-content\/uploads\/2026\/03\/645733799_18095697095478319_1074344527397759261_n.jpg 800w\" sizes=\"(max-width: 768px) 100vw, 768px\" \/>\t\t\t\t\t\t\t\t\t\t\t\t\t\t\t<\/div>\n\t\t\t\t<\/div>\n\t\t\t\t\t<\/div>\n\t\t<\/div>\n\t\t\t\t<div class=\"elementor-column elementor-col-25 elementor-inner-column elementor-element elementor-element-777bedb\" data-id=\"777bedb\" data-element_type=\"column\">\n\t\t\t<div class=\"elementor-widget-wrap elementor-element-populated\">\n\t\t\t\t\t\t<div class=\"elementor-element elementor-element-15e2267 elementor-widget elementor-widget-image\" data-id=\"15e2267\" data-element_type=\"widget\" data-widget_type=\"image.default\">\n\t\t\t\t<div class=\"elementor-widget-container\">\n\t\t\t\t\t\t\t\t\t\t\t\t\t\t\t<img loading=\"lazy\" decoding=\"async\" width=\"768\" height=\"1024\" src=\"https:\/\/richeskarayib.com\/wp-content\/uploads\/2026\/03\/642540097_18095697083478319_3857318168117344209_n-768x1024.jpg\" class=\"attachment-large size-large wp-image-71630\" alt=\"atelier de conception bioclimatique\" srcset=\"https:\/\/richeskarayib.com\/wp-content\/uploads\/2026\/03\/642540097_18095697083478319_3857318168117344209_n-768x1024.jpg 768w, https:\/\/richeskarayib.com\/wp-content\/uploads\/2026\/03\/642540097_18095697083478319_3857318168117344209_n-225x300.jpg 225w, https:\/\/richeskarayib.com\/wp-content\/uploads\/2026\/03\/642540097_18095697083478319_3857318168117344209_n.jpg 1024w\" sizes=\"(max-width: 768px) 100vw, 768px\" \/>\t\t\t\t\t\t\t\t\t\t\t\t\t\t\t<\/div>\n\t\t\t\t<\/div>\n\t\t\t\t\t<\/div>\n\t\t<\/div>\n\t\t\t\t\t<\/div>\n\t\t<\/section>\n\t\t\t\t<div class=\"elementor-element elementor-element-01efa8d elementor-widget elementor-widget-text-editor\" data-id=\"01efa8d\" data-element_type=\"widget\" data-widget_type=\"text-editor.default\">\n\t\t\t\t<div class=\"elementor-widget-container\">\n\t\t\t\t\t\t\t\t\t<h3><b>Vendredi 10 avril 2026 : anthropologie et m\u00e9moires de l\u2019habiter<\/b><\/h3><p><span style=\"font-weight: 400;\">La derni\u00e8re journ\u00e9e porte sur <\/span><b>l\u2019anthropologie<\/b><span style=\"font-weight: 400;\"> et les <\/span><b>m\u00e9moires de l\u2019habiter<\/b><span style=\"font-weight: 400;\">. La master class est anim\u00e9e par <\/span><b>Carole Diop<\/b><span style=\"font-weight: 400;\">, venue du <\/span><b>S\u00e9n\u00e9gal<\/b><span style=\"font-weight: 400;\">. Sa d\u00e9marche s\u2019appuie sur l\u2019exploration de la ville comme laboratoire vivant, notamment \u00e0 Dakar, \u00e0 travers les r\u00e9cits urbains, les balades architecturales et la mise en valeur du patrimoine. Dans le cadre de ce workshop, cette approche \u00e9largit la r\u00e9flexion : il ne s\u2019agit plus seulement de construire dans un climat donn\u00e9, mais aussi d\u2019interroger ce que les lieux conservent, racontent et transmettent. \u00c0 <\/span><b>18h30<\/b><span style=\"font-weight: 400;\">, la semaine s\u2019ach\u00e8ve avec le <\/span><b>vernissage de l\u2019exposition \u201cLos Caminos del Agua\u201d<\/b><span style=\"font-weight: 400;\">, port\u00e9 par <\/span><b>La Cabina de la Curiosidad<\/b><span style=\"font-weight: 400;\">, dans les <\/span><b>jardins de la DAC<\/b><span style=\"font-weight: 400;\">.<\/span><\/p>\t\t\t\t\t\t\t\t<\/div>\n\t\t\t\t<\/div>\n\t\t\t\t<section class=\"elementor-section elementor-inner-section elementor-element elementor-element-3dacf49 elementor-section-boxed elementor-section-height-default elementor-section-height-default\" data-id=\"3dacf49\" data-element_type=\"section\">\n\t\t\t\t\t\t<div class=\"elementor-container elementor-column-gap-default\">\n\t\t\t\t\t<div class=\"elementor-column elementor-col-25 elementor-inner-column elementor-element elementor-element-543eb69\" data-id=\"543eb69\" data-element_type=\"column\">\n\t\t\t<div class=\"elementor-widget-wrap elementor-element-populated\">\n\t\t\t\t\t\t<div class=\"elementor-element elementor-element-845e43f elementor-widget elementor-widget-image\" data-id=\"845e43f\" data-element_type=\"widget\" data-widget_type=\"image.default\">\n\t\t\t\t<div class=\"elementor-widget-container\">\n\t\t\t\t\t\t\t\t\t\t\t\t\t\t\t<img loading=\"lazy\" decoding=\"async\" width=\"768\" height=\"1024\" src=\"https:\/\/richeskarayib.com\/wp-content\/uploads\/2026\/03\/648372441_18096010970478319_2284038337899022507_n-768x1024.jpg\" class=\"attachment-large size-large wp-image-71634\" alt=\"atelier de conception bioclimatique\" srcset=\"https:\/\/richeskarayib.com\/wp-content\/uploads\/2026\/03\/648372441_18096010970478319_2284038337899022507_n-768x1024.jpg 768w, https:\/\/richeskarayib.com\/wp-content\/uploads\/2026\/03\/648372441_18096010970478319_2284038337899022507_n-225x300.jpg 225w, https:\/\/richeskarayib.com\/wp-content\/uploads\/2026\/03\/648372441_18096010970478319_2284038337899022507_n-1152x1536.jpg 1152w, https:\/\/richeskarayib.com\/wp-content\/uploads\/2026\/03\/648372441_18096010970478319_2284038337899022507_n.jpg 1240w\" sizes=\"(max-width: 768px) 100vw, 768px\" \/>\t\t\t\t\t\t\t\t\t\t\t\t\t\t\t<\/div>\n\t\t\t\t<\/div>\n\t\t\t\t\t<\/div>\n\t\t<\/div>\n\t\t\t\t<div class=\"elementor-column elementor-col-25 elementor-inner-column elementor-element elementor-element-cb5242b\" data-id=\"cb5242b\" data-element_type=\"column\">\n\t\t\t<div class=\"elementor-widget-wrap elementor-element-populated\">\n\t\t\t\t\t\t<div class=\"elementor-element elementor-element-356f7d2 elementor-widget elementor-widget-image\" data-id=\"356f7d2\" data-element_type=\"widget\" data-widget_type=\"image.default\">\n\t\t\t\t<div class=\"elementor-widget-container\">\n\t\t\t\t\t\t\t\t\t\t\t\t\t\t\t<img loading=\"lazy\" decoding=\"async\" width=\"768\" height=\"1024\" src=\"https:\/\/richeskarayib.com\/wp-content\/uploads\/2026\/03\/648746766_18096011009478319_6308233734735126683_n-768x1024.jpg\" class=\"attachment-large size-large wp-image-71638\" alt=\"atelier de conception bioclimatique\" srcset=\"https:\/\/richeskarayib.com\/wp-content\/uploads\/2026\/03\/648746766_18096011009478319_6308233734735126683_n-768x1024.jpg 768w, https:\/\/richeskarayib.com\/wp-content\/uploads\/2026\/03\/648746766_18096011009478319_6308233734735126683_n-225x300.jpg 225w, https:\/\/richeskarayib.com\/wp-content\/uploads\/2026\/03\/648746766_18096011009478319_6308233734735126683_n.jpg 853w\" sizes=\"(max-width: 768px) 100vw, 768px\" \/>\t\t\t\t\t\t\t\t\t\t\t\t\t\t\t<\/div>\n\t\t\t\t<\/div>\n\t\t\t\t\t<\/div>\n\t\t<\/div>\n\t\t\t\t<div class=\"elementor-column elementor-col-25 elementor-inner-column elementor-element elementor-element-d6ef97d\" data-id=\"d6ef97d\" data-element_type=\"column\">\n\t\t\t<div class=\"elementor-widget-wrap elementor-element-populated\">\n\t\t\t\t\t\t<div class=\"elementor-element elementor-element-e14db89 elementor-widget elementor-widget-image\" data-id=\"e14db89\" data-element_type=\"widget\" data-widget_type=\"image.default\">\n\t\t\t\t<div class=\"elementor-widget-container\">\n\t\t\t\t\t\t\t\t\t\t\t\t\t\t\t<img loading=\"lazy\" decoding=\"async\" width=\"768\" height=\"1024\" src=\"https:\/\/richeskarayib.com\/wp-content\/uploads\/2026\/03\/648629208_18096010979478319_8849199546808011793_n-768x1024.jpg\" class=\"attachment-large size-large wp-image-71642\" alt=\"atelier de conception bioclimatique\" srcset=\"https:\/\/richeskarayib.com\/wp-content\/uploads\/2026\/03\/648629208_18096010979478319_8849199546808011793_n-768x1024.jpg 768w, https:\/\/richeskarayib.com\/wp-content\/uploads\/2026\/03\/648629208_18096010979478319_8849199546808011793_n-225x300.jpg 225w, https:\/\/richeskarayib.com\/wp-content\/uploads\/2026\/03\/648629208_18096010979478319_8849199546808011793_n-1152x1536.jpg 1152w, https:\/\/richeskarayib.com\/wp-content\/uploads\/2026\/03\/648629208_18096010979478319_8849199546808011793_n-1320x1760.jpg 1320w, https:\/\/richeskarayib.com\/wp-content\/uploads\/2026\/03\/648629208_18096010979478319_8849199546808011793_n.jpg 1440w\" sizes=\"(max-width: 768px) 100vw, 768px\" \/>\t\t\t\t\t\t\t\t\t\t\t\t\t\t\t<\/div>\n\t\t\t\t<\/div>\n\t\t\t\t\t<\/div>\n\t\t<\/div>\n\t\t\t\t<div class=\"elementor-column elementor-col-25 elementor-inner-column elementor-element elementor-element-23a94cb\" data-id=\"23a94cb\" data-element_type=\"column\">\n\t\t\t<div class=\"elementor-widget-wrap elementor-element-populated\">\n\t\t\t\t\t\t<div class=\"elementor-element elementor-element-f6e1ca8 elementor-widget elementor-widget-image\" data-id=\"f6e1ca8\" data-element_type=\"widget\" data-widget_type=\"image.default\">\n\t\t\t\t<div class=\"elementor-widget-container\">\n\t\t\t\t\t\t\t\t\t\t\t\t\t\t\t<img loading=\"lazy\" decoding=\"async\" width=\"768\" height=\"1024\" src=\"https:\/\/richeskarayib.com\/wp-content\/uploads\/2026\/03\/648981806_18096011018478319_27783631177646012_n-768x1024.jpg\" class=\"attachment-large size-large wp-image-71646\" alt=\"atelier de conception bioclimatique\" srcset=\"https:\/\/richeskarayib.com\/wp-content\/uploads\/2026\/03\/648981806_18096011018478319_27783631177646012_n-768x1024.jpg 768w, https:\/\/richeskarayib.com\/wp-content\/uploads\/2026\/03\/648981806_18096011018478319_27783631177646012_n-225x300.jpg 225w, https:\/\/richeskarayib.com\/wp-content\/uploads\/2026\/03\/648981806_18096011018478319_27783631177646012_n-1152x1536.jpg 1152w, https:\/\/richeskarayib.com\/wp-content\/uploads\/2026\/03\/648981806_18096011018478319_27783631177646012_n-1320x1760.jpg 1320w, https:\/\/richeskarayib.com\/wp-content\/uploads\/2026\/03\/648981806_18096011018478319_27783631177646012_n.jpg 1440w\" sizes=\"(max-width: 768px) 100vw, 768px\" \/>\t\t\t\t\t\t\t\t\t\t\t\t\t\t\t<\/div>\n\t\t\t\t<\/div>\n\t\t\t\t\t<\/div>\n\t\t<\/div>\n\t\t\t\t\t<\/div>\n\t\t<\/section>\n\t\t\t\t\t<\/div>\n\t\t<\/div>\n\t\t\t\t\t<\/div>\n\t\t<\/section>\n\t\t\t\t<section class=\"elementor-section elementor-top-section elementor-element elementor-element-d0fd0c0 elementor-section-boxed elementor-section-height-default elementor-section-height-default\" data-id=\"d0fd0c0\" data-element_type=\"section\">\n\t\t\t\t\t\t<div class=\"elementor-container elementor-column-gap-default\">\n\t\t\t\t\t<div class=\"elementor-column elementor-col-100 elementor-top-column elementor-element elementor-element-1e2ec65\" data-id=\"1e2ec65\" data-element_type=\"column\">\n\t\t\t<div class=\"elementor-widget-wrap elementor-element-populated\">\n\t\t\t\t\t\t<div class=\"elementor-element elementor-element-316145b elementor-widget elementor-widget-heading\" data-id=\"316145b\" data-element_type=\"widget\" data-widget_type=\"heading.default\">\n\t\t\t\t<div class=\"elementor-widget-container\">\n\t\t\t\t\t<h2 class=\"elementor-heading-title elementor-size-default\">Un coll\u00e8ge d\u2019experts internationaux, mais un ancrage martiniquais net<\/h2>\t\t\t\t<\/div>\n\t\t\t\t<\/div>\n\t\t\t\t<div class=\"elementor-element elementor-element-54e5967 elementor-widget elementor-widget-text-editor\" data-id=\"54e5967\" data-element_type=\"widget\" data-widget_type=\"text-editor.default\">\n\t\t\t\t<div class=\"elementor-widget-container\">\n\t\t\t\t\t\t\t\t\t<p><span style=\"font-weight: 400;\">L\u2019un des int\u00e9r\u00eats majeurs de\u00a0 l\u2019<\/span>atelier de conception bioclimatique<span style=\"font-weight: 400;\"> r\u00e9side dans son \u00e9quilibre. Les intervenants viennent d\u2019aires diff\u00e9rentes:\u00a0 <\/span><b>Martinique, France, \u00c9quateur, Colombie, S\u00e9n\u00e9gal<\/b><span style=\"font-weight: 400;\">, mais le sujet reste fermement ancr\u00e9 dans les r\u00e9alit\u00e9s de Fort-de-France. Le hall du Campus Cara\u00efb\u00e9en des Arts devient ainsi un espace de d\u00e9bat public o\u00f9 les th\u00e9ories circulent, se confrontent au terrain et nourrissent les projets de l\u2019apr\u00e8s-midi. Cette m\u00e9thode donne \u00e0 l\u2019<\/span>atelier de conception bioclimatique <span style=\"font-weight: 400;\">une vraie densit\u00e9 : la transmission ne flotte pas au-dessus du site, elle revient sans cesse \u00e0 la question centrale de l\u2019habitat tropical et de la construction situ\u00e9e.<\/span><\/p>\t\t\t\t\t\t\t\t<\/div>\n\t\t\t\t<\/div>\n\t\t\t\t\t<\/div>\n\t\t<\/div>\n\t\t\t\t\t<\/div>\n\t\t<\/section>\n\t\t\t\t<section class=\"elementor-section elementor-top-section elementor-element elementor-element-f03d675 elementor-section-boxed elementor-section-height-default elementor-section-height-default\" data-id=\"f03d675\" data-element_type=\"section\">\n\t\t\t\t\t\t<div class=\"elementor-container elementor-column-gap-default\">\n\t\t\t\t\t<div class=\"elementor-column elementor-col-100 elementor-top-column elementor-element elementor-element-ddb1e36\" data-id=\"ddb1e36\" data-element_type=\"column\">\n\t\t\t<div class=\"elementor-widget-wrap elementor-element-populated\">\n\t\t\t\t\t\t<div class=\"elementor-element elementor-element-66035d3 elementor-widget elementor-widget-heading\" data-id=\"66035d3\" data-element_type=\"widget\" data-widget_type=\"heading.default\">\n\t\t\t\t<div class=\"elementor-widget-container\">\n\t\t\t\t\t<h2 class=\"elementor-heading-title elementor-size-default\">Pourquoi cet \u00e9v\u00e9nement m\u00e9rite l\u2019attention ?<\/h2>\t\t\t\t<\/div>\n\t\t\t\t<\/div>\n\t\t\t\t<div class=\"elementor-element elementor-element-cae4ec8 elementor-widget elementor-widget-text-editor\" data-id=\"cae4ec8\" data-element_type=\"widget\" data-widget_type=\"text-editor.default\">\n\t\t\t\t<div class=\"elementor-widget-container\">\n\t\t\t\t\t\t\t\t\t<p>L\u2019atelier de conception bioclimatique en Martinique compte parce qu\u2019il traite en m\u00eame temps plusieurs urgences de la Martinique contemporaine : la qualit\u00e9 architecturale, l\u2019adaptation climatique, la transmission entre \u00e9tudiants et jeunes professionnels, le dialogue entre disciplines et la capacit\u00e9 \u00e0 produire un projet qui laisse une trace concr\u00e8te. Il ne s\u2019agit pas seulement d\u2019un rendez-vous pour sp\u00e9cialistes. L\u2019atelier de conception bioclimatique\u2019est aussi un signal sur la fa\u00e7on dont la Martinique peut penser l\u2019architecture aujourd\u2019hui : en partant du climat, du site, des mat\u00e9riaux, des m\u00e9moires et des usages, plut\u00f4t qu\u2019en appliquant des mod\u00e8les ext\u00e9rieurs.<\/p>\t\t\t\t\t\t\t\t<\/div>\n\t\t\t\t<\/div>\n\t\t\t\t<div class=\"elementor-element elementor-element-a771396 elementor-widget elementor-widget-text-editor\" data-id=\"a771396\" data-element_type=\"widget\" data-widget_type=\"text-editor.default\">\n\t\t\t\t<div class=\"elementor-widget-container\">\n\t\t\t\t\t\t\t\t\t<h3><strong>\ud83d\udcf8\u00a9<a href=\"https:\/\/www.facebook.com\/abitearchitecture\" target=\"_blank\" rel=\"noopener nofollow\">Abit\u0113<\/a><\/strong><\/h3>\t\t\t\t\t\t\t\t<\/div>\n\t\t\t\t<\/div>\n\t\t\t\t\t<\/div>\n\t\t<\/div>\n\t\t\t\t\t<\/div>\n\t\t<\/section>\n\t\t\t\t<section class=\"elementor-section elementor-top-section elementor-element elementor-element-f5709a6 elementor-section-boxed elementor-section-height-default elementor-section-height-default\" data-id=\"f5709a6\" data-element_type=\"section\">\n\t\t\t\t\t\t<div class=\"elementor-container elementor-column-gap-default\">\n\t\t\t\t\t<div class=\"elementor-column elementor-col-100 elementor-top-column elementor-element elementor-element-957be6f\" data-id=\"957be6f\" data-element_type=\"column\">\n\t\t\t<div class=\"elementor-widget-wrap elementor-element-populated\">\n\t\t\t\t\t\t<div class=\"elementor-element elementor-element-63e5d4a elementor-widget elementor-widget-accordion\" data-id=\"63e5d4a\" data-element_type=\"widget\" data-widget_type=\"accordion.default\">\n\t\t\t\t<div class=\"elementor-widget-container\">\n\t\t\t\t\t\t\t<div class=\"elementor-accordion\">\n\t\t\t\t\t\t\t<div class=\"elementor-accordion-item\">\n\t\t\t\t\t<div id=\"elementor-tab-title-1041\" class=\"elementor-tab-title\" data-tab=\"1\" role=\"button\" aria-controls=\"elementor-tab-content-1041\" aria-expanded=\"false\">\n\t\t\t\t\t\t\t\t\t\t\t\t\t<span class=\"elementor-accordion-icon elementor-accordion-icon-left\" aria-hidden=\"true\">\n\t\t\t\t\t\t\t\t\t\t\t\t\t\t\t<span class=\"elementor-accordion-icon-closed\"><i class=\"fas fa-plus\"><\/i><\/span>\n\t\t\t\t\t\t\t\t<span class=\"elementor-accordion-icon-opened\"><i class=\"fas fa-minus\"><\/i><\/span>\n\t\t\t\t\t\t\t\t\t\t\t\t\t\t<\/span>\n\t\t\t\t\t\t\t\t\t\t\t\t<a class=\"elementor-accordion-title\" tabindex=\"0\">Qu\u2019est-ce que l\u2019atelier de conception bioclimatique en Martinique ?<\/a>\n\t\t\t\t\t<\/div>\n\t\t\t\t\t<div id=\"elementor-tab-content-1041\" class=\"elementor-tab-content elementor-clearfix\" data-tab=\"1\" role=\"region\" aria-labelledby=\"elementor-tab-title-1041\"><p><span style=\"font-weight: 400;\">L\u2019atelier de conception bioclimatique en Martinique est un workshop international organis\u00e9 \u00e0 Fort-de-France du 6 au 10 avril 2026, d\u00e9di\u00e9 \u00e0 la conception d\u2019une structure architecturale adapt\u00e9e au climat tropical. Il r\u00e9unit \u00e9tudiants, jeunes professionnels et experts issus de plusieurs disciplines \u2014 architecture, design, ing\u00e9nierie, paysage et anthropologie \u2014 autour d\u2019un objectif concret : imaginer un projet capable de r\u00e9pondre aux contraintes environnementales locales tout en s\u2019inscrivant dans le paysage et les usages martiniquais. Ce travail ne reste pas th\u00e9orique, puisqu\u2019une construction \u00e0 l\u2019\u00e9chelle r\u00e9elle est pr\u00e9vue dans un second temps.<\/span><\/p><\/div>\n\t\t\t\t<\/div>\n\t\t\t\t\t\t\t<div class=\"elementor-accordion-item\">\n\t\t\t\t\t<div id=\"elementor-tab-title-1042\" class=\"elementor-tab-title\" data-tab=\"2\" role=\"button\" aria-controls=\"elementor-tab-content-1042\" aria-expanded=\"false\">\n\t\t\t\t\t\t\t\t\t\t\t\t\t<span class=\"elementor-accordion-icon elementor-accordion-icon-left\" aria-hidden=\"true\">\n\t\t\t\t\t\t\t\t\t\t\t\t\t\t\t<span class=\"elementor-accordion-icon-closed\"><i class=\"fas fa-plus\"><\/i><\/span>\n\t\t\t\t\t\t\t\t<span class=\"elementor-accordion-icon-opened\"><i class=\"fas fa-minus\"><\/i><\/span>\n\t\t\t\t\t\t\t\t\t\t\t\t\t\t<\/span>\n\t\t\t\t\t\t\t\t\t\t\t\t<a class=\"elementor-accordion-title\" tabindex=\"0\">O\u00f9 se d\u00e9roule l\u2019atelier de conception bioclimatique en Martinique ?<\/a>\n\t\t\t\t\t<\/div>\n\t\t\t\t\t<div id=\"elementor-tab-content-1042\" class=\"elementor-tab-content elementor-clearfix\" data-tab=\"2\" role=\"region\" aria-labelledby=\"elementor-tab-title-1042\"><p><span style=\"font-weight: 400;\">L\u2019\u00e9v\u00e9nement se d\u00e9roule principalement \u00e0 Fort-de-France, dans deux lieux compl\u00e9mentaires. Les ateliers de conception et les master class ont lieu au Campus Cara\u00efb\u00e9en des Arts, tandis que le projet est pens\u00e9 pour \u00eatre implant\u00e9 dans les jardins de la Direction des Affaires Culturelles de Martinique, \u00e0 la Villa Les Pergolas. Ce choix de site est central, car il oblige les participants \u00e0 travailler en lien direct avec un environnement r\u00e9el, int\u00e9grant le paysage, le climat et les contraintes du territoire.<\/span><\/p><\/div>\n\t\t\t\t<\/div>\n\t\t\t\t\t\t\t<div class=\"elementor-accordion-item\">\n\t\t\t\t\t<div id=\"elementor-tab-title-1043\" class=\"elementor-tab-title\" data-tab=\"3\" role=\"button\" aria-controls=\"elementor-tab-content-1043\" aria-expanded=\"false\">\n\t\t\t\t\t\t\t\t\t\t\t\t\t<span class=\"elementor-accordion-icon elementor-accordion-icon-left\" aria-hidden=\"true\">\n\t\t\t\t\t\t\t\t\t\t\t\t\t\t\t<span class=\"elementor-accordion-icon-closed\"><i class=\"fas fa-plus\"><\/i><\/span>\n\t\t\t\t\t\t\t\t<span class=\"elementor-accordion-icon-opened\"><i class=\"fas fa-minus\"><\/i><\/span>\n\t\t\t\t\t\t\t\t\t\t\t\t\t\t<\/span>\n\t\t\t\t\t\t\t\t\t\t\t\t<a class=\"elementor-accordion-title\" tabindex=\"0\">Quel est le programme de l\u2019atelier de conception bioclimatique en Martinique ?<\/a>\n\t\t\t\t\t<\/div>\n\t\t\t\t\t<div id=\"elementor-tab-content-1043\" class=\"elementor-tab-content elementor-clearfix\" data-tab=\"3\" role=\"region\" aria-labelledby=\"elementor-tab-title-1043\"><p><span style=\"font-weight: 400;\">Le programme s\u2019\u00e9tend sur cinq jours, du lundi 6 au vendredi 10 avril 2026, avec une organisation quotidienne structur\u00e9e. Chaque journ\u00e9e d\u00e9bute \u00e0 10h30 par un accueil, suivie d\u2019une master class \u00e0 11h00 anim\u00e9e par un expert international. Apr\u00e8s le d\u00e9jeuner, les participants travaillent en atelier de conception \u00e0 partir de 14h00. En fin de journ\u00e9e, des activit\u00e9s culturelles, conf\u00e9rences ou rencontres sont propos\u00e9es \u00e0 18h30 dans diff\u00e9rents lieux de Fort-de-France. Les th\u00e9matiques \u00e9voluent chaque jour : territoires hydriques, risques climatiques, mat\u00e9riaux locaux, paysage et anthropologie.<\/span><\/p><\/div>\n\t\t\t\t<\/div>\n\t\t\t\t\t\t\t<div class=\"elementor-accordion-item\">\n\t\t\t\t\t<div id=\"elementor-tab-title-1044\" class=\"elementor-tab-title\" data-tab=\"4\" role=\"button\" aria-controls=\"elementor-tab-content-1044\" aria-expanded=\"false\">\n\t\t\t\t\t\t\t\t\t\t\t\t\t<span class=\"elementor-accordion-icon elementor-accordion-icon-left\" aria-hidden=\"true\">\n\t\t\t\t\t\t\t\t\t\t\t\t\t\t\t<span class=\"elementor-accordion-icon-closed\"><i class=\"fas fa-plus\"><\/i><\/span>\n\t\t\t\t\t\t\t\t<span class=\"elementor-accordion-icon-opened\"><i class=\"fas fa-minus\"><\/i><\/span>\n\t\t\t\t\t\t\t\t\t\t\t\t\t\t<\/span>\n\t\t\t\t\t\t\t\t\t\t\t\t<a class=\"elementor-accordion-title\" tabindex=\"0\">Qui sont les intervenants de l\u2019atelier de conception bioclimatique en Martinique ?<\/a>\n\t\t\t\t\t<\/div>\n\t\t\t\t\t<div id=\"elementor-tab-content-1044\" class=\"elementor-tab-content elementor-clearfix\" data-tab=\"4\" role=\"region\" aria-labelledby=\"elementor-tab-title-1044\"><p><span style=\"font-weight: 400;\">L\u2019atelier rassemble un coll\u00e8ge d\u2019intervenants internationaux aux profils compl\u00e9mentaires. Parmi eux, La Cabina de la Curiosidad (France\/\u00c9quateur) travaille sur les ressources et les mod\u00e8les urbains durables. Les architectes martiniquaises D\u00e9bora Pronzola et Kathleen Surena apportent une expertise sur les risques majeurs en contexte insulaire. Cyrille Rochambeau, avec BAHO Design Studio, d\u00e9veloppe une approche li\u00e9e au design et au chantier. Tephra Studio (France\/Colombie) interroge le lien entre architecture, paysage et m\u00e9moire. Enfin, Carole Diop (S\u00e9n\u00e9gal) propose une lecture anthropologique de la ville et des fa\u00e7ons d\u2019habiter.<\/span><\/p><\/div>\n\t\t\t\t<\/div>\n\t\t\t\t\t\t\t<div class=\"elementor-accordion-item\">\n\t\t\t\t\t<div id=\"elementor-tab-title-1045\" class=\"elementor-tab-title\" data-tab=\"5\" role=\"button\" aria-controls=\"elementor-tab-content-1045\" aria-expanded=\"false\">\n\t\t\t\t\t\t\t\t\t\t\t\t\t<span class=\"elementor-accordion-icon elementor-accordion-icon-left\" aria-hidden=\"true\">\n\t\t\t\t\t\t\t\t\t\t\t\t\t\t\t<span class=\"elementor-accordion-icon-closed\"><i class=\"fas fa-plus\"><\/i><\/span>\n\t\t\t\t\t\t\t\t<span class=\"elementor-accordion-icon-opened\"><i class=\"fas fa-minus\"><\/i><\/span>\n\t\t\t\t\t\t\t\t\t\t\t\t\t\t<\/span>\n\t\t\t\t\t\t\t\t\t\t\t\t<a class=\"elementor-accordion-title\" tabindex=\"0\">\u00c0 qui s\u2019adresse l\u2019atelier de conception bioclimatique en Martinique ?<\/a>\n\t\t\t\t\t<\/div>\n\t\t\t\t\t<div id=\"elementor-tab-content-1045\" class=\"elementor-tab-content elementor-clearfix\" data-tab=\"5\" role=\"region\" aria-labelledby=\"elementor-tab-title-1045\"><p><span style=\"font-weight: 400;\">L\u2019atelier de conception bioclimatique en Martinique s\u2019adresse \u00e0 une vingtaine de participants s\u00e9lectionn\u00e9s : \u00e9tudiants \u00e0 partir de la deuxi\u00e8me ann\u00e9e et jeunes professionnels de moins de 40 ans dans les domaines de l\u2019architecture, du design, de l\u2019ing\u00e9nierie ou des arts visuels. Le format volontairement limit\u00e9 permet un encadrement de qualit\u00e9 et un travail en petits groupes. L\u2019exp\u00e9rience inclut \u00e9galement une valorisation acad\u00e9mique, avec la possibilit\u00e9 de valider des cr\u00e9dits ECTS ou des heures de stage, ainsi qu\u2019un certificat d\u00e9livr\u00e9 par le Campus Cara\u00efb\u00e9en des Arts et la DAC Martinique.<\/span><\/p><\/div>\n\t\t\t\t<\/div>\n\t\t\t\t\t\t\t\t<\/div>\n\t\t\t\t\t\t<\/div>\n\t\t\t\t<\/div>\n\t\t\t\t\t<\/div>\n\t\t<\/div>\n\t\t\t\t\t<\/div>\n\t\t<\/section>\n\t\t\t\t<\/div>\n\t\t","protected":false},"excerpt":{"rendered":"<p>Du lundi 6 au vendredi 10 avril 2026, Fort-de-France accueillera l\u2019atelier de conception bioclimatique en Martinique, un atelier international de conception et de construction participative consacr\u00e9 \u00e0 une structure bioclimatique install\u00e9e dans les jardins de la Direction des Affaires Culturelles de Martinique, \u00e0 la Villa Les Pergolas.\u00a0 L\u2019atelier de conception bioclimatique est port\u00e9 par abit\u0113, [&hellip;]<\/p>\n","protected":false},"author":662,"featured_media":71562,"comment_status":"open","ping_status":"open","sticky":false,"template":"","format":"standard","meta":{"_acf_changed":false,"footnotes":""},"categories":[1498],"tags":[808],"class_list":["post-71561","post","type-post","status-publish","format-standard","has-post-thumbnail","hentry","category-gestion-devenements","tag-martinique-fr"],"acf":[],"_links":{"self":[{"href":"https:\/\/richeskarayib.com\/fr\/wp-json\/wp\/v2\/posts\/71561","targetHints":{"allow":["GET"]}}],"collection":[{"href":"https:\/\/richeskarayib.com\/fr\/wp-json\/wp\/v2\/posts"}],"about":[{"href":"https:\/\/richeskarayib.com\/fr\/wp-json\/wp\/v2\/types\/post"}],"author":[{"embeddable":true,"href":"https:\/\/richeskarayib.com\/fr\/wp-json\/wp\/v2\/users\/662"}],"replies":[{"embeddable":true,"href":"https:\/\/richeskarayib.com\/fr\/wp-json\/wp\/v2\/comments?post=71561"}],"version-history":[{"count":0,"href":"https:\/\/richeskarayib.com\/fr\/wp-json\/wp\/v2\/posts\/71561\/revisions"}],"wp:featuredmedia":[{"embeddable":true,"href":"https:\/\/richeskarayib.com\/fr\/wp-json\/wp\/v2\/media\/71562"}],"wp:attachment":[{"href":"https:\/\/richeskarayib.com\/fr\/wp-json\/wp\/v2\/media?parent=71561"}],"wp:term":[{"taxonomy":"category","embeddable":true,"href":"https:\/\/richeskarayib.com\/fr\/wp-json\/wp\/v2\/categories?post=71561"},{"taxonomy":"post_tag","embeddable":true,"href":"https:\/\/richeskarayib.com\/fr\/wp-json\/wp\/v2\/tags?post=71561"}],"curies":[{"name":"wp","href":"https:\/\/api.w.org\/{rel}","templated":true}]}}