{"id":71659,"date":"2026-03-31T13:58:17","date_gmt":"2026-03-31T17:58:17","guid":{"rendered":"https:\/\/richeskarayib.com\/?p=71659"},"modified":"2026-03-31T13:58:17","modified_gmt":"2026-03-31T17:58:17","slug":"2%e1%b5%89-sommet-des-peuples-de-la-caraibe","status":"publish","type":"post","link":"https:\/\/richeskarayib.com\/fr\/2%e1%b5%89-sommet-des-peuples-de-la-caraibe\/","title":{"rendered":"Colombie &#8211; 2e Sommet des Peuples de la Cara\u00efbe occidentale : San Andr\u00e9s donne une port\u00e9e politique \u00e0 l\u2019unit\u00e9 r\u00e9gionale"},"content":{"rendered":"\t\t<div data-elementor-type=\"wp-post\" data-elementor-id=\"71659\" class=\"elementor elementor-71659\" data-elementor-post-type=\"post\">\n\t\t\t\t\t\t<section class=\"elementor-section elementor-top-section elementor-element elementor-element-7ca7ca1 elementor-section-boxed elementor-section-height-default elementor-section-height-default\" data-id=\"7ca7ca1\" data-element_type=\"section\">\n\t\t\t\t\t\t<div class=\"elementor-container elementor-column-gap-default\">\n\t\t\t\t\t<div class=\"elementor-column elementor-col-100 elementor-top-column elementor-element elementor-element-cbdd002\" data-id=\"cbdd002\" data-element_type=\"column\">\n\t\t\t<div class=\"elementor-widget-wrap elementor-element-populated\">\n\t\t\t\t\t\t<section class=\"elementor-section elementor-inner-section elementor-element elementor-element-bc94849 elementor-section-boxed elementor-section-height-default elementor-section-height-default\" data-id=\"bc94849\" data-element_type=\"section\">\n\t\t\t\t\t\t<div class=\"elementor-container elementor-column-gap-default\">\n\t\t\t\t\t\t<\/div>\n\t\t<\/section>\n\t\t\t\t<section class=\"elementor-section elementor-inner-section elementor-element elementor-element-61571e6 elementor-section-boxed elementor-section-height-default elementor-section-height-default\" data-id=\"61571e6\" data-element_type=\"section\">\n\t\t\t\t\t\t<div class=\"elementor-container elementor-column-gap-default\">\n\t\t\t\t\t\t<\/div>\n\t\t<\/section>\n\t\t\t\t<section class=\"elementor-section elementor-inner-section elementor-element elementor-element-b6262e0 elementor-section-boxed elementor-section-height-default elementor-section-height-default\" data-id=\"b6262e0\" data-element_type=\"section\">\n\t\t\t\t\t\t<div class=\"elementor-container elementor-column-gap-default\">\n\t\t\t\t\t\t<\/div>\n\t\t<\/section>\n\t\t\t\t<section class=\"elementor-section elementor-inner-section elementor-element elementor-element-cca29fd elementor-section-boxed elementor-section-height-default elementor-section-height-default\" data-id=\"cca29fd\" data-element_type=\"section\">\n\t\t\t\t\t\t<div class=\"elementor-container elementor-column-gap-default\">\n\t\t\t\t\t\t<\/div>\n\t\t<\/section>\n\t\t\t\t\t<\/div>\n\t\t<\/div>\n\t\t\t\t\t<\/div>\n\t\t<\/section>\n\t\t\t\t<section class=\"elementor-section elementor-top-section elementor-element elementor-element-ee72354 elementor-section-boxed elementor-section-height-default elementor-section-height-default\" data-id=\"ee72354\" data-element_type=\"section\">\n\t\t\t\t\t\t<div class=\"elementor-container elementor-column-gap-default\">\n\t\t\t\t\t<div class=\"elementor-column elementor-col-100 elementor-top-column elementor-element elementor-element-c59d6fe\" data-id=\"c59d6fe\" data-element_type=\"column\">\n\t\t\t<div class=\"elementor-widget-wrap elementor-element-populated\">\n\t\t\t\t\t\t<div class=\"elementor-element elementor-element-973ec9a elementor-widget elementor-widget-text-editor\" data-id=\"973ec9a\" data-element_type=\"widget\" data-widget_type=\"text-editor.default\">\n\t\t\t\t<div class=\"elementor-widget-container\">\n\t\t\t\t\t\t\t\t\t<p><span style=\"font-weight: 400;\">Le 2\u1d49 sommet des Peuples de la Cara\u00efbe occidentale a marqu\u00e9 une \u00e9tape importante pour plusieurs communaut\u00e9s afrodescendantes et autochtones de la r\u00e9gion. R\u00e9uni \u00e0 San Andr\u00e9s, le sommet a d\u00e9bouch\u00e9 sur la remise officielle de la d\u00e9claration de San Andr\u00e9s, de l\u2019Acte de Constitution et du Plan d\u2019action de la Conf\u00e9d\u00e9ration des Peuples de la Cara\u00efbe occidentale. Cette avanc\u00e9e donne un cadre politique plus solide \u00e0 une dynamique r\u00e9gionale port\u00e9e par des repr\u00e9sentants raizals, garifunas, miskitos, cr\u00e9oles et d\u2019autres peuples du bassin occidental.<\/span><\/p>\t\t\t\t\t\t\t\t<\/div>\n\t\t\t\t<\/div>\n\t\t\t\t<div class=\"elementor-element elementor-element-e57451f elementor-widget elementor-widget-text-editor\" data-id=\"e57451f\" data-element_type=\"widget\" data-widget_type=\"text-editor.default\">\n\t\t\t\t<div class=\"elementor-widget-container\">\n\t\t\t\t\t\t\t\t\t<p><span style=\"font-weight: 400;\">Avec cette conf\u00e9d\u00e9ration, le 2\u1d49 sommet des Peuples de la Cara\u00efbe occidentale franchit un cap. La rencontre de San Andr\u00e9s ne se limite plus \u00e0 une prise de parole collective. Elle installe une structure commune destin\u00e9e \u00e0 porter des priorit\u00e9s r\u00e9gionales sur la connectivit\u00e9, les droits, la culture, l\u2019\u00e9conomie, l\u2019\u00e9ducation, l\u2019environnement et la gouvernance.<\/span><\/p>\t\t\t\t\t\t\t\t<\/div>\n\t\t\t\t<\/div>\n\t\t\t\t\t<\/div>\n\t\t<\/div>\n\t\t\t\t\t<\/div>\n\t\t<\/section>\n\t\t\t\t<section class=\"elementor-section elementor-top-section elementor-element elementor-element-82cd8f9 elementor-section-boxed elementor-section-height-default elementor-section-height-default\" data-id=\"82cd8f9\" data-element_type=\"section\">\n\t\t\t\t\t\t<div class=\"elementor-container elementor-column-gap-default\">\n\t\t\t\t\t<div class=\"elementor-column elementor-col-100 elementor-top-column elementor-element elementor-element-0bfdc38\" data-id=\"0bfdc38\" data-element_type=\"column\">\n\t\t\t<div class=\"elementor-widget-wrap elementor-element-populated\">\n\t\t\t\t\t\t<div class=\"elementor-element elementor-element-7d292fe elementor-widget elementor-widget-heading\" data-id=\"7d292fe\" data-element_type=\"widget\" data-widget_type=\"heading.default\">\n\t\t\t\t<div class=\"elementor-widget-container\">\n\t\t\t\t\t<h2 class=\"elementor-heading-title elementor-size-default\">Le 2\u1d49 sommet des peuples de la Cara\u00efbe occidentale : une organisation r\u00e9gionale qui se structure<\/h2>\t\t\t\t<\/div>\n\t\t\t\t<\/div>\n\t\t\t\t<div class=\"elementor-element elementor-element-289b094 elementor-widget elementor-widget-text-editor\" data-id=\"289b094\" data-element_type=\"widget\" data-widget_type=\"text-editor.default\">\n\t\t\t\t<div class=\"elementor-widget-container\">\n\t\t\t\t\t\t\t\t\t<p><span style=\"font-weight: 400;\">La port\u00e9e du sommet tient d\u2019abord \u00e0 ce qu\u2019il officialise. La cr\u00e9ation de la Conf\u00e9d\u00e9ration des Peuples de la Cara\u00efbe occidentale donne davantage de continuit\u00e9 \u00e0 un processus engag\u00e9 depuis la premi\u00e8re \u00e9dition. Elle permet aussi de renforcer le poids politique de communaut\u00e9s qui partagent des r\u00e9alit\u00e9s proches : marginalisation, fragilit\u00e9s \u00e9conomiques, pression sur les territoires, invisibilisation culturelle et besoin de repr\u00e9sentation r\u00e9gionale.<\/span><\/p>\t\t\t\t\t\t\t\t<\/div>\n\t\t\t\t<\/div>\n\t\t\t\t<div class=\"elementor-element elementor-element-eb08444 elementor-widget elementor-widget-text-editor\" data-id=\"eb08444\" data-element_type=\"widget\" data-widget_type=\"text-editor.default\">\n\t\t\t\t<div class=\"elementor-widget-container\">\n\t\t\t\t\t\t\t\t\t<p><span style=\"font-weight: 400;\"><a href=\"https:\/\/richeskarayib.com\/fr\/san-andres-ile-caribe-colombie-mer-7-couleurs\/\" target=\"_blank\" rel=\"noopener\">San Andr\u00e9s<\/a> s\u2019impose ici comme un lieu hautement symbolique. L\u2019archipel occupe une position strat\u00e9gique dans la Cara\u00efbe occidentale et repr\u00e9sente un espace central pour le peuple raizal. Le choix de ce territoire donne au sommet une forte port\u00e9e historique et r\u00e9gionale, en rappelant les liens anciens entre les \u00eeles, les c\u00f4tes et les peuples qui vivent dans cet espace maritime.<\/span><\/p>\t\t\t\t\t\t\t\t<\/div>\n\t\t\t\t<\/div>\n\t\t\t\t<div class=\"elementor-element elementor-element-46fe183 elementor-widget elementor-widget-text-editor\" data-id=\"46fe183\" data-element_type=\"widget\" data-widget_type=\"text-editor.default\">\n\t\t\t\t<div class=\"elementor-widget-container\">\n\t\t\t\t\t\t\t\t\t<p><span style=\"font-weight: 400;\">Le 2\u1d49 sommet des Peuples de la Cara\u00efbe occidentale met ainsi en avant une lecture de la r\u00e9gion fond\u00e9e sur les communaut\u00e9s elles-m\u00eames. Cette approche replace au premier plan les langues, les circulations maritimes, les h\u00e9ritages communs, les \u00e9changes locaux et les formes d\u2019organisation propres aux territoires concern\u00e9s.<\/span><\/p>\t\t\t\t\t\t\t\t<\/div>\n\t\t\t\t<\/div>\n\t\t\t\t<div class=\"elementor-element elementor-element-4688aa9 elementor-widget elementor-widget-image\" data-id=\"4688aa9\" data-element_type=\"widget\" data-widget_type=\"image.default\">\n\t\t\t\t<div class=\"elementor-widget-container\">\n\t\t\t\t\t\t\t\t\t\t\t\t\t\t\t<img fetchpriority=\"high\" decoding=\"async\" width=\"800\" height=\"534\" src=\"https:\/\/richeskarayib.com\/wp-content\/uploads\/2026\/03\/WhatsApp-Image-2025-12-10-at-17.43.58-1024x683.jpeg\" class=\"attachment-large size-large wp-image-71664\" alt=\"2\u1d49 sommet des Peuples de la Cara\u00efbe\" srcset=\"https:\/\/richeskarayib.com\/wp-content\/uploads\/2026\/03\/WhatsApp-Image-2025-12-10-at-17.43.58-1024x683.jpeg 1024w, https:\/\/richeskarayib.com\/wp-content\/uploads\/2026\/03\/WhatsApp-Image-2025-12-10-at-17.43.58-300x200.jpeg 300w, https:\/\/richeskarayib.com\/wp-content\/uploads\/2026\/03\/WhatsApp-Image-2025-12-10-at-17.43.58-768x512.jpeg 768w, https:\/\/richeskarayib.com\/wp-content\/uploads\/2026\/03\/WhatsApp-Image-2025-12-10-at-17.43.58-1536x1024.jpeg 1536w, https:\/\/richeskarayib.com\/wp-content\/uploads\/2026\/03\/WhatsApp-Image-2025-12-10-at-17.43.58-1320x880.jpeg 1320w, https:\/\/richeskarayib.com\/wp-content\/uploads\/2026\/03\/WhatsApp-Image-2025-12-10-at-17.43.58.jpeg 1920w\" sizes=\"(max-width: 800px) 100vw, 800px\" \/>\t\t\t\t\t\t\t\t\t\t\t\t\t\t\t<\/div>\n\t\t\t\t<\/div>\n\t\t\t\t<section class=\"elementor-section elementor-inner-section elementor-element elementor-element-c582330 elementor-section-boxed elementor-section-height-default elementor-section-height-default\" data-id=\"c582330\" data-element_type=\"section\">\n\t\t\t\t\t\t<div class=\"elementor-container elementor-column-gap-default\">\n\t\t\t\t\t\t<\/div>\n\t\t<\/section>\n\t\t\t\t<section class=\"elementor-section elementor-inner-section elementor-element elementor-element-296603a elementor-section-boxed elementor-section-height-default elementor-section-height-default\" data-id=\"296603a\" data-element_type=\"section\">\n\t\t\t\t\t\t<div class=\"elementor-container elementor-column-gap-default\">\n\t\t\t\t\t\t<\/div>\n\t\t<\/section>\n\t\t\t\t\t<\/div>\n\t\t<\/div>\n\t\t\t\t\t<\/div>\n\t\t<\/section>\n\t\t\t\t<section class=\"elementor-section elementor-top-section elementor-element elementor-element-9c88a89 elementor-section-boxed elementor-section-height-default elementor-section-height-default\" data-id=\"9c88a89\" data-element_type=\"section\">\n\t\t\t\t\t\t<div class=\"elementor-container elementor-column-gap-default\">\n\t\t\t\t\t<div class=\"elementor-column elementor-col-100 elementor-top-column elementor-element elementor-element-78cf5d1\" data-id=\"78cf5d1\" data-element_type=\"column\">\n\t\t\t<div class=\"elementor-widget-wrap elementor-element-populated\">\n\t\t\t\t\t\t<div class=\"elementor-element elementor-element-ea2a5c1 elementor-widget elementor-widget-heading\" data-id=\"ea2a5c1\" data-element_type=\"widget\" data-widget_type=\"heading.default\">\n\t\t\t\t<div class=\"elementor-widget-container\">\n\t\t\t\t\t<h2 class=\"elementor-heading-title elementor-size-default\">Une feuille de route centr\u00e9e sur la circulation, l\u2019\u00e9conomie et les territoires<\/h2>\t\t\t\t<\/div>\n\t\t\t\t<\/div>\n\t\t\t\t<div class=\"elementor-element elementor-element-e305eee elementor-widget elementor-widget-text-editor\" data-id=\"e305eee\" data-element_type=\"widget\" data-widget_type=\"text-editor.default\">\n\t\t\t\t<div class=\"elementor-widget-container\">\n\t\t\t\t\t\t\t\t\t<p><span style=\"font-weight: 400;\">L\u2019un des points forts du 2\u1d49 sommet des Peuples de la Cara\u00efbe occidentale r\u00e9side dans son contenu concret. La d\u00e9claration retient plusieurs priorit\u00e9s : renforcer les routes maritimes et a\u00e9riennes, r\u00e9duire les co\u00fbts logistiques, faciliter les \u00e9changes r\u00e9gionaux, soutenir les entreprises communautaires et consolider les cha\u00eenes de production locales. La p\u00eache artisanale, l\u2019agriculture de subsistance, la bio\u00e9conomie et le tourisme durable occupent une place importante dans cette vision.<\/span><\/p>\t\t\t\t\t\t\t\t<\/div>\n\t\t\t\t<\/div>\n\t\t\t\t<div class=\"elementor-element elementor-element-2e3f914 elementor-widget elementor-widget-text-editor\" data-id=\"2e3f914\" data-element_type=\"widget\" data-widget_type=\"text-editor.default\">\n\t\t\t\t<div class=\"elementor-widget-container\">\n\t\t\t\t\t\t\t\t\t<p><span style=\"font-weight: 400;\">Cette orientation donne au sommet une port\u00e9e tr\u00e8s pratique. La question r\u00e9gionale y appara\u00eet sous l\u2019angle de la circulation des personnes, des marchandises, des savoir-faire et des opportunit\u00e9s. Pour des territoires souvent confront\u00e9s \u00e0 l\u2019isolement, aux co\u00fbts \u00e9lev\u00e9s et \u00e0 des d\u00e9pendances ext\u00e9rieures fortes, cette feuille de route \u00e9conomique a un poids r\u00e9el.<\/span><\/p>\t\t\t\t\t\t\t\t<\/div>\n\t\t\t\t<\/div>\n\t\t\t\t<div class=\"elementor-element elementor-element-67bccc3 elementor-widget elementor-widget-text-editor\" data-id=\"67bccc3\" data-element_type=\"widget\" data-widget_type=\"text-editor.default\">\n\t\t\t\t<div class=\"elementor-widget-container\">\n\t\t\t\t\t\t\t\t\t<p><span style=\"font-weight: 400;\">La d\u00e9claration pr\u00e9voit aussi des m\u00e9canismes de coop\u00e9ration plus pouss\u00e9s sur le commerce, les investissements, la logistique et la coordination institutionnelle. Le 2\u1d49 sommet des Peuples de la Cara\u00efbe occidentale donne donc une place centrale \u00e0 l\u2019autonomie \u00e9conomique et \u00e0 la capacit\u00e9 des communaut\u00e9s \u00e0 mieux ma\u00eetriser leurs propres circuits d\u2019\u00e9change.<\/span><\/p>\t\t\t\t\t\t\t\t<\/div>\n\t\t\t\t<\/div>\n\t\t\t\t<div class=\"elementor-element elementor-element-655d3d7 elementor-widget elementor-widget-image\" data-id=\"655d3d7\" data-element_type=\"widget\" data-widget_type=\"image.default\">\n\t\t\t\t<div class=\"elementor-widget-container\">\n\t\t\t\t\t\t\t\t\t\t\t\t\t\t\t<img decoding=\"async\" width=\"800\" height=\"534\" src=\"https:\/\/richeskarayib.com\/wp-content\/uploads\/2026\/03\/WhatsApp-Image-2025-12-10-at-17.43.57-1024x683.jpeg\" class=\"attachment-large size-large wp-image-71668\" alt=\"2\u1d49 sommet des Peuples de la Cara\u00efbe\" srcset=\"https:\/\/richeskarayib.com\/wp-content\/uploads\/2026\/03\/WhatsApp-Image-2025-12-10-at-17.43.57-1024x683.jpeg 1024w, https:\/\/richeskarayib.com\/wp-content\/uploads\/2026\/03\/WhatsApp-Image-2025-12-10-at-17.43.57-300x200.jpeg 300w, https:\/\/richeskarayib.com\/wp-content\/uploads\/2026\/03\/WhatsApp-Image-2025-12-10-at-17.43.57-768x512.jpeg 768w, https:\/\/richeskarayib.com\/wp-content\/uploads\/2026\/03\/WhatsApp-Image-2025-12-10-at-17.43.57-1536x1024.jpeg 1536w, https:\/\/richeskarayib.com\/wp-content\/uploads\/2026\/03\/WhatsApp-Image-2025-12-10-at-17.43.57-1320x880.jpeg 1320w, https:\/\/richeskarayib.com\/wp-content\/uploads\/2026\/03\/WhatsApp-Image-2025-12-10-at-17.43.57.jpeg 1920w\" sizes=\"(max-width: 800px) 100vw, 800px\" \/>\t\t\t\t\t\t\t\t\t\t\t\t\t\t\t<\/div>\n\t\t\t\t<\/div>\n\t\t\t\t\t<\/div>\n\t\t<\/div>\n\t\t\t\t\t<\/div>\n\t\t<\/section>\n\t\t\t\t<section class=\"elementor-section elementor-top-section elementor-element elementor-element-ee7f5d7 elementor-section-boxed elementor-section-height-default elementor-section-height-default\" data-id=\"ee7f5d7\" data-element_type=\"section\">\n\t\t\t\t\t\t<div class=\"elementor-container elementor-column-gap-default\">\n\t\t\t\t\t<div class=\"elementor-column elementor-col-100 elementor-top-column elementor-element elementor-element-0669c08\" data-id=\"0669c08\" data-element_type=\"column\">\n\t\t\t<div class=\"elementor-widget-wrap elementor-element-populated\">\n\t\t\t\t\t\t<div class=\"elementor-element elementor-element-acc47ca elementor-widget elementor-widget-heading\" data-id=\"acc47ca\" data-element_type=\"widget\" data-widget_type=\"heading.default\">\n\t\t\t\t<div class=\"elementor-widget-container\">\n\t\t\t\t\t<h2 class=\"elementor-heading-title elementor-size-default\">Langues ancestrales et m\u00e9moire collective : un axe majeur du sommet<\/h2>\t\t\t\t<\/div>\n\t\t\t\t<\/div>\n\t\t\t\t<div class=\"elementor-element elementor-element-4bb1533 elementor-widget elementor-widget-text-editor\" data-id=\"4bb1533\" data-element_type=\"widget\" data-widget_type=\"text-editor.default\">\n\t\t\t\t<div class=\"elementor-widget-container\">\n\t\t\t\t\t\t\t\t\t<p><span style=\"font-weight: 400;\">La question linguistique occupe une place importante dans les d\u00e9cisions issues de San Andr\u00e9s. Le cr\u00e9ole, le miskito, le garifuna et d\u2019autres langues r\u00e9gionales y sont pr\u00e9sent\u00e9s comme des composantes essentielles de l\u2019identit\u00e9 des peuples de la Cara\u00efbe occidentale. Leur transmission interg\u00e9n\u00e9rationnelle, leur pr\u00e9sence dans l\u2019\u00e9ducation et leur reconnaissance institutionnelle figurent parmi les objectifs retenus. Le 2\u1d49 sommet des Peuples de la Cara\u00efbe occidentale donne ici un signal fort. Dans cette r\u00e9gion, la langue touche directement \u00e0 la m\u00e9moire, \u00e0 la culture, \u00e0 la dignit\u00e9 collective et \u00e0 la relation au territoire. Sa pr\u00e9servation rel\u00e8ve donc d\u2019un choix politique et culturel de premier plan.<\/span><\/p>\t\t\t\t\t\t\t\t<\/div>\n\t\t\t\t<\/div>\n\t\t\t\t<div class=\"elementor-element elementor-element-225ff5a elementor-widget elementor-widget-text-editor\" data-id=\"225ff5a\" data-element_type=\"widget\" data-widget_type=\"text-editor.default\">\n\t\t\t\t<div class=\"elementor-widget-container\">\n\t\t\t\t\t\t\t\t\t<p><span style=\"font-weight: 400;\">La d\u00e9claration \u00e9voque \u00e9galement la possibilit\u00e9 d\u2019une reconnaissance plus large des langues ancestrales comme patrimoine immat\u00e9riel. Cette perspective renforce le r\u00f4le de la culture dans la structuration du projet r\u00e9gional port\u00e9 \u00e0 San Andr\u00e9s.<\/span><\/p>\t\t\t\t\t\t\t\t<\/div>\n\t\t\t\t<\/div>\n\t\t\t\t<div class=\"elementor-element elementor-element-6c1ce6c elementor-widget elementor-widget-image\" data-id=\"6c1ce6c\" data-element_type=\"widget\" data-widget_type=\"image.default\">\n\t\t\t\t<div class=\"elementor-widget-container\">\n\t\t\t\t\t\t\t\t\t\t\t\t\t\t\t<img decoding=\"async\" width=\"800\" height=\"534\" src=\"https:\/\/richeskarayib.com\/wp-content\/uploads\/2026\/03\/WhatsApp-Image-2025-12-10-at-17.44.00-1024x683.jpeg\" class=\"attachment-large size-large wp-image-71672\" alt=\"2\u1d49 sommet des Peuples de la Cara\u00efbe\" srcset=\"https:\/\/richeskarayib.com\/wp-content\/uploads\/2026\/03\/WhatsApp-Image-2025-12-10-at-17.44.00-1024x683.jpeg 1024w, https:\/\/richeskarayib.com\/wp-content\/uploads\/2026\/03\/WhatsApp-Image-2025-12-10-at-17.44.00-300x200.jpeg 300w, https:\/\/richeskarayib.com\/wp-content\/uploads\/2026\/03\/WhatsApp-Image-2025-12-10-at-17.44.00-768x512.jpeg 768w, https:\/\/richeskarayib.com\/wp-content\/uploads\/2026\/03\/WhatsApp-Image-2025-12-10-at-17.44.00-1536x1024.jpeg 1536w, https:\/\/richeskarayib.com\/wp-content\/uploads\/2026\/03\/WhatsApp-Image-2025-12-10-at-17.44.00-1320x880.jpeg 1320w, https:\/\/richeskarayib.com\/wp-content\/uploads\/2026\/03\/WhatsApp-Image-2025-12-10-at-17.44.00.jpeg 1920w\" sizes=\"(max-width: 800px) 100vw, 800px\" \/>\t\t\t\t\t\t\t\t\t\t\t\t\t\t\t<\/div>\n\t\t\t\t<\/div>\n\t\t\t\t\t<\/div>\n\t\t<\/div>\n\t\t\t\t\t<\/div>\n\t\t<\/section>\n\t\t\t\t<section class=\"elementor-section elementor-top-section elementor-element elementor-element-d0fd0c0 elementor-section-boxed elementor-section-height-default elementor-section-height-default\" data-id=\"d0fd0c0\" data-element_type=\"section\">\n\t\t\t\t\t\t<div class=\"elementor-container elementor-column-gap-default\">\n\t\t\t\t\t<div class=\"elementor-column elementor-col-100 elementor-top-column elementor-element elementor-element-1e2ec65\" data-id=\"1e2ec65\" data-element_type=\"column\">\n\t\t\t<div class=\"elementor-widget-wrap elementor-element-populated\">\n\t\t\t\t\t\t<div class=\"elementor-element elementor-element-316145b elementor-widget elementor-widget-heading\" data-id=\"316145b\" data-element_type=\"widget\" data-widget_type=\"heading.default\">\n\t\t\t\t<div class=\"elementor-widget-container\">\n\t\t\t\t\t<h2 class=\"elementor-heading-title elementor-size-default\">Climat, justice historique et intelligence artificielle dans le programme r\u00e9gional<\/h2>\t\t\t\t<\/div>\n\t\t\t\t<\/div>\n\t\t\t\t<div class=\"elementor-element elementor-element-54e5967 elementor-widget elementor-widget-text-editor\" data-id=\"54e5967\" data-element_type=\"widget\" data-widget_type=\"text-editor.default\">\n\t\t\t\t<div class=\"elementor-widget-container\">\n\t\t\t\t\t\t\t\t\t<p><span style=\"font-weight: 400;\">Le 2\u1d49 sommet des Peuples de la Cara\u00efbe occidentale articule aussi des enjeux historiques et des d\u00e9fis tr\u00e8s actuels. Les communaut\u00e9s r\u00e9unies \u00e0 San Andr\u00e9s rappellent les effets durables du racisme structurel, de l\u2019exclusion politique, des d\u00e9possessions territoriales et des violences subies dans plusieurs territoires de la r\u00e9gion. La d\u00e9claration place clairement la question de la r\u00e9paration historique et de la protection des droits collectifs dans son programme r\u00e9gional.\u00a0<\/span><\/p>\t\t\t\t\t\t\t\t<\/div>\n\t\t\t\t<\/div>\n\t\t\t\t<div class=\"elementor-element elementor-element-79a7449 elementor-widget elementor-widget-text-editor\" data-id=\"79a7449\" data-element_type=\"widget\" data-widget_type=\"text-editor.default\">\n\t\t\t\t<div class=\"elementor-widget-container\">\n\t\t\t\t\t\t\t\t\t<p><span style=\"font-weight: 400;\">\u00a0L\u2019environnement figure \u00e9galement parmi les grands dossiers du sommet. Les peuples de la Cara\u00efbe occidentale sont pr\u00e9sent\u00e9s comme des gardiens historiques de territoires fragiles, expos\u00e9s aux ouragans, \u00e0 la d\u00e9gradation des \u00e9cosyst\u00e8mes et aux effets du d\u00e9r\u00e8glement climatique. La r\u00e9ponse d\u00e9fendue \u00e0 San Andr\u00e9s repose sur la biodiversit\u00e9, les savoirs traditionnels, la r\u00e9silience communautaire et des formes de production compatibles avec les \u00e9quilibres locaux.<\/span><\/p>\t\t\t\t\t\t\t\t<\/div>\n\t\t\t\t<\/div>\n\t\t\t\t<div class=\"elementor-element elementor-element-e4fa69b elementor-widget elementor-widget-text-editor\" data-id=\"e4fa69b\" data-element_type=\"widget\" data-widget_type=\"text-editor.default\">\n\t\t\t\t<div class=\"elementor-widget-container\">\n\t\t\t\t\t\t\t\t\t<p><span style=\"font-weight: 400;\">Autre sujet marquant : la technologie. La d\u00e9claration consacre plusieurs passages \u00e0 l\u2019intelligence artificielle, aux biais algorithmiques, \u00e0 l\u2019extraction des donn\u00e9es et aux nouvelles in\u00e9galit\u00e9s num\u00e9riques. Elle introduit la notion d\u2019ethnocodification, pr\u00e9sent\u00e9e comme une approche r\u00e9gionale destin\u00e9e \u00e0 adapter les technologies aux r\u00e9alit\u00e9s culturelles, linguistiques et territoriales des peuples concern\u00e9s. Ce volet donne au 2\u1d49 Sommet des Peuples de la Cara\u00efbe occidentale une dimension particuli\u00e8rement contemporaine.<\/span><\/p>\t\t\t\t\t\t\t\t<\/div>\n\t\t\t\t<\/div>\n\t\t\t\t<div class=\"elementor-element elementor-element-a65d05f elementor-widget elementor-widget-image\" data-id=\"a65d05f\" data-element_type=\"widget\" data-widget_type=\"image.default\">\n\t\t\t\t<div class=\"elementor-widget-container\">\n\t\t\t\t\t\t\t\t\t\t\t\t\t\t\t<img loading=\"lazy\" decoding=\"async\" width=\"800\" height=\"533\" src=\"https:\/\/richeskarayib.com\/wp-content\/uploads\/2026\/03\/WhatsApp-Image-2025-12-12-at-4.23.45-PM-1024x682.jpeg\" class=\"attachment-large size-large wp-image-71676\" alt=\"2e Sommet des Peuples de la Cara\u00efbe\" srcset=\"https:\/\/richeskarayib.com\/wp-content\/uploads\/2026\/03\/WhatsApp-Image-2025-12-12-at-4.23.45-PM-1024x682.jpeg 1024w, https:\/\/richeskarayib.com\/wp-content\/uploads\/2026\/03\/WhatsApp-Image-2025-12-12-at-4.23.45-PM-300x200.jpeg 300w, https:\/\/richeskarayib.com\/wp-content\/uploads\/2026\/03\/WhatsApp-Image-2025-12-12-at-4.23.45-PM-768x512.jpeg 768w, https:\/\/richeskarayib.com\/wp-content\/uploads\/2026\/03\/WhatsApp-Image-2025-12-12-at-4.23.45-PM-1536x1023.jpeg 1536w, https:\/\/richeskarayib.com\/wp-content\/uploads\/2026\/03\/WhatsApp-Image-2025-12-12-at-4.23.45-PM-1320x879.jpeg 1320w, https:\/\/richeskarayib.com\/wp-content\/uploads\/2026\/03\/WhatsApp-Image-2025-12-12-at-4.23.45-PM.jpeg 1600w\" sizes=\"(max-width: 800px) 100vw, 800px\" \/>\t\t\t\t\t\t\t\t\t\t\t\t\t\t\t<\/div>\n\t\t\t\t<\/div>\n\t\t\t\t\t<\/div>\n\t\t<\/div>\n\t\t\t\t\t<\/div>\n\t\t<\/section>\n\t\t\t\t<section class=\"elementor-section elementor-top-section elementor-element elementor-element-f03d675 elementor-section-boxed elementor-section-height-default elementor-section-height-default\" data-id=\"f03d675\" data-element_type=\"section\">\n\t\t\t\t\t\t<div class=\"elementor-container elementor-column-gap-default\">\n\t\t\t\t\t<div class=\"elementor-column elementor-col-100 elementor-top-column elementor-element elementor-element-ddb1e36\" data-id=\"ddb1e36\" data-element_type=\"column\">\n\t\t\t<div class=\"elementor-widget-wrap elementor-element-populated\">\n\t\t\t\t\t\t<div class=\"elementor-element elementor-element-66035d3 elementor-widget elementor-widget-heading\" data-id=\"66035d3\" data-element_type=\"widget\" data-widget_type=\"heading.default\">\n\t\t\t\t<div class=\"elementor-widget-container\">\n\t\t\t\t\t<h2 class=\"elementor-heading-title elementor-size-default\">San Andr\u00e9s ouvre une nouvelle phase<\/h2>\t\t\t\t<\/div>\n\t\t\t\t<\/div>\n\t\t\t\t<div class=\"elementor-element elementor-element-cae4ec8 elementor-widget elementor-widget-text-editor\" data-id=\"cae4ec8\" data-element_type=\"widget\" data-widget_type=\"text-editor.default\">\n\t\t\t\t<div class=\"elementor-widget-container\">\n\t\t\t\t\t\t\t\t\t<p><span style=\"font-weight: 400;\">Le principal r\u00e9sultat politique du <a href=\"https:\/\/www.cancilleria.gov.co\/newsroom\/news\/colombia-instala-ii-cumbre-pueblos-caribe-occidental-anuncia-observatorio-politica\" target=\"_blank\" rel=\"noopener nofollow\">2\u1d49 sommet des Peuples de la Cara\u00efbe occidentale<\/a> tient \u00e0 cette volont\u00e9 d\u2019organisation durable. Avec la conf\u00e9d\u00e9ration, les peuples r\u00e9unis \u00e0 San Andr\u00e9s disposent d\u00e9sormais d\u2019un cadre plus structur\u00e9 pour porter leurs positions sur la connectivit\u00e9, les territoires, les langues, le commerce, les droits et la gouvernance r\u00e9gionale. Le sommet donne aussi davantage de visibilit\u00e9 \u00e0 une Cara\u00efbe occidentale souvent rel\u00e9gu\u00e9e dans les r\u00e9cits officiels. Ici, les communaut\u00e9s prennent la parole sur leur avenir, sur leurs priorit\u00e9s et sur les moyens de peser davantage dans les d\u00e9bats r\u00e9gionaux. Cette \u00e9volution donne \u00e0 San Andr\u00e9s une place particuli\u00e8re dans l\u2019histoire r\u00e9cente de la coop\u00e9ration carib\u00e9enne.<\/span><\/p>\t\t\t\t\t\t\t\t<\/div>\n\t\t\t\t<\/div>\n\t\t\t\t<div class=\"elementor-element elementor-element-aff9c1f elementor-widget elementor-widget-text-editor\" data-id=\"aff9c1f\" data-element_type=\"widget\" data-widget_type=\"text-editor.default\">\n\t\t\t\t<div class=\"elementor-widget-container\">\n\t\t\t\t\t\t\t\t\t<p><span style=\"font-weight: 400;\">La prochaine \u00e9dition pr\u00e9vue \u00e0 Bocas del Toro, au Panama, confirme cette volont\u00e9 de continuit\u00e9. Le 2\u1d49 sommet des Peuples de la Cara\u00efbe occidentale laisse donc un signal politique clair : la Cara\u00efbe occidentale s\u2019organise, pr\u00e9cise ses priorit\u00e9s et entend compter davantage dans la d\u00e9finition de son avenir r\u00e9gional.<\/span><\/p>\t\t\t\t\t\t\t\t<\/div>\n\t\t\t\t<\/div>\n\t\t\t\t<div class=\"elementor-element elementor-element-a771396 elementor-widget elementor-widget-text-editor\" data-id=\"a771396\" data-element_type=\"widget\" data-widget_type=\"text-editor.default\">\n\t\t\t\t<div class=\"elementor-widget-container\">\n\t\t\t\t\t\t\t\t\t<h4><strong>\ud83d\udcf8\u00a9GOV.CO<br \/><\/strong><\/h4>\t\t\t\t\t\t\t\t<\/div>\n\t\t\t\t<\/div>\n\t\t\t\t\t<\/div>\n\t\t<\/div>\n\t\t\t\t\t<\/div>\n\t\t<\/section>\n\t\t\t\t<section class=\"elementor-section elementor-top-section elementor-element elementor-element-f5709a6 elementor-section-boxed elementor-section-height-default elementor-section-height-default\" data-id=\"f5709a6\" data-element_type=\"section\">\n\t\t\t\t\t\t<div class=\"elementor-container elementor-column-gap-default\">\n\t\t\t\t\t<div class=\"elementor-column elementor-col-100 elementor-top-column elementor-element elementor-element-957be6f\" data-id=\"957be6f\" data-element_type=\"column\">\n\t\t\t<div class=\"elementor-widget-wrap elementor-element-populated\">\n\t\t\t\t\t\t<div class=\"elementor-element elementor-element-63e5d4a elementor-widget elementor-widget-accordion\" data-id=\"63e5d4a\" data-element_type=\"widget\" data-widget_type=\"accordion.default\">\n\t\t\t\t<div class=\"elementor-widget-container\">\n\t\t\t\t\t\t\t<div class=\"elementor-accordion\">\n\t\t\t\t\t\t\t<div class=\"elementor-accordion-item\">\n\t\t\t\t\t<div id=\"elementor-tab-title-1041\" class=\"elementor-tab-title\" data-tab=\"1\" role=\"button\" aria-controls=\"elementor-tab-content-1041\" aria-expanded=\"false\">\n\t\t\t\t\t\t\t\t\t\t\t\t\t<span class=\"elementor-accordion-icon elementor-accordion-icon-left\" aria-hidden=\"true\">\n\t\t\t\t\t\t\t\t\t\t\t\t\t\t\t<span class=\"elementor-accordion-icon-closed\"><i class=\"fas fa-plus\"><\/i><\/span>\n\t\t\t\t\t\t\t\t<span class=\"elementor-accordion-icon-opened\"><i class=\"fas fa-minus\"><\/i><\/span>\n\t\t\t\t\t\t\t\t\t\t\t\t\t\t<\/span>\n\t\t\t\t\t\t\t\t\t\t\t\t<a class=\"elementor-accordion-title\" tabindex=\"0\">Qu\u2019est-ce que le 2\u1d49 sommet des Peuples de la Cara\u00efbe occidentale ?<\/a>\n\t\t\t\t\t<\/div>\n\t\t\t\t\t<div id=\"elementor-tab-content-1041\" class=\"elementor-tab-content elementor-clearfix\" data-tab=\"1\" role=\"region\" aria-labelledby=\"elementor-tab-title-1041\"><p><span style=\"font-weight: 400;\">Le 2\u1d49 sommet des peuples de la Cara\u00efbe occidentale est une rencontre r\u00e9gionale r\u00e9unissant des repr\u00e9sentants de communaut\u00e9s afrodescendantes et autochtones, ainsi que des acteurs institutionnels et acad\u00e9miques, autour des enjeux d\u2019int\u00e9gration, de culture, d\u2019\u00e9conomie et de gouvernance dans la r\u00e9gion.<\/span><\/p><\/div>\n\t\t\t\t<\/div>\n\t\t\t\t\t\t\t<div class=\"elementor-accordion-item\">\n\t\t\t\t\t<div id=\"elementor-tab-title-1042\" class=\"elementor-tab-title\" data-tab=\"2\" role=\"button\" aria-controls=\"elementor-tab-content-1042\" aria-expanded=\"false\">\n\t\t\t\t\t\t\t\t\t\t\t\t\t<span class=\"elementor-accordion-icon elementor-accordion-icon-left\" aria-hidden=\"true\">\n\t\t\t\t\t\t\t\t\t\t\t\t\t\t\t<span class=\"elementor-accordion-icon-closed\"><i class=\"fas fa-plus\"><\/i><\/span>\n\t\t\t\t\t\t\t\t<span class=\"elementor-accordion-icon-opened\"><i class=\"fas fa-minus\"><\/i><\/span>\n\t\t\t\t\t\t\t\t\t\t\t\t\t\t<\/span>\n\t\t\t\t\t\t\t\t\t\t\t\t<a class=\"elementor-accordion-title\" tabindex=\"0\">Quelle d\u00e9cision majeure a \u00e9t\u00e9 prise lors du 2\u1d49 sommet des peuples de la Cara\u00efbe occidentale ?<\/a>\n\t\t\t\t\t<\/div>\n\t\t\t\t\t<div id=\"elementor-tab-content-1042\" class=\"elementor-tab-content elementor-clearfix\" data-tab=\"2\" role=\"region\" aria-labelledby=\"elementor-tab-title-1042\"><p><span style=\"font-weight: 400;\">Le 2\u1d49 sommet des Peuples de la Cara\u00efbe occidentale a conduit \u00e0 la cr\u00e9ation de la Conf\u00e9d\u00e9ration des Peuples de la Cara\u00efbe occidentale, accompagn\u00e9e d\u2019une d\u00e9claration officielle et d\u2019un plan d\u2019action structurant la coop\u00e9ration r\u00e9gionale.<\/span><\/p><\/div>\n\t\t\t\t<\/div>\n\t\t\t\t\t\t\t<div class=\"elementor-accordion-item\">\n\t\t\t\t\t<div id=\"elementor-tab-title-1043\" class=\"elementor-tab-title\" data-tab=\"3\" role=\"button\" aria-controls=\"elementor-tab-content-1043\" aria-expanded=\"false\">\n\t\t\t\t\t\t\t\t\t\t\t\t\t<span class=\"elementor-accordion-icon elementor-accordion-icon-left\" aria-hidden=\"true\">\n\t\t\t\t\t\t\t\t\t\t\t\t\t\t\t<span class=\"elementor-accordion-icon-closed\"><i class=\"fas fa-plus\"><\/i><\/span>\n\t\t\t\t\t\t\t\t<span class=\"elementor-accordion-icon-opened\"><i class=\"fas fa-minus\"><\/i><\/span>\n\t\t\t\t\t\t\t\t\t\t\t\t\t\t<\/span>\n\t\t\t\t\t\t\t\t\t\t\t\t<a class=\"elementor-accordion-title\" tabindex=\"0\">Pourquoi le 2\u1d49 sommet des Peuples de la Cara\u00efbe occidentale est-il important ?<\/a>\n\t\t\t\t\t<\/div>\n\t\t\t\t\t<div id=\"elementor-tab-content-1043\" class=\"elementor-tab-content elementor-clearfix\" data-tab=\"3\" role=\"region\" aria-labelledby=\"elementor-tab-title-1043\"><p><span style=\"font-weight: 400;\">Le 2\u1d49 sommet des peuples de la Cara\u00efbe occidentale marque une avanc\u00e9e dans la structuration politique des peuples de la r\u00e9gion, en leur donnant un cadre commun pour porter leurs priorit\u00e9s sur les plans \u00e9conomique, culturel, environnemental et institutionnel.<\/span><\/p><\/div>\n\t\t\t\t<\/div>\n\t\t\t\t\t\t\t<div class=\"elementor-accordion-item\">\n\t\t\t\t\t<div id=\"elementor-tab-title-1044\" class=\"elementor-tab-title\" data-tab=\"4\" role=\"button\" aria-controls=\"elementor-tab-content-1044\" aria-expanded=\"false\">\n\t\t\t\t\t\t\t\t\t\t\t\t\t<span class=\"elementor-accordion-icon elementor-accordion-icon-left\" aria-hidden=\"true\">\n\t\t\t\t\t\t\t\t\t\t\t\t\t\t\t<span class=\"elementor-accordion-icon-closed\"><i class=\"fas fa-plus\"><\/i><\/span>\n\t\t\t\t\t\t\t\t<span class=\"elementor-accordion-icon-opened\"><i class=\"fas fa-minus\"><\/i><\/span>\n\t\t\t\t\t\t\t\t\t\t\t\t\t\t<\/span>\n\t\t\t\t\t\t\t\t\t\t\t\t<a class=\"elementor-accordion-title\" tabindex=\"0\">Quels th\u00e8mes ont \u00e9t\u00e9 abord\u00e9s lors du 2\u1d49 sommet des Peuples de la Cara\u00efbe occidentale ?<\/a>\n\t\t\t\t\t<\/div>\n\t\t\t\t\t<div id=\"elementor-tab-content-1044\" class=\"elementor-tab-content elementor-clearfix\" data-tab=\"4\" role=\"region\" aria-labelledby=\"elementor-tab-title-1044\"><p><span style=\"font-weight: 400;\">Le 2\u1d49 sommet des Peuples de la Cara\u00efbe occidentale a abord\u00e9 des sujets cl\u00e9s comme la connectivit\u00e9 r\u00e9gionale, le d\u00e9veloppement \u00e9conomique local, la pr\u00e9servation des langues ancestrales, la justice historique, la gestion du climat et les enjeux li\u00e9s aux technologies et \u00e0 l\u2019intelligence artificielle.<\/span><\/p><\/div>\n\t\t\t\t<\/div>\n\t\t\t\t\t\t\t<div class=\"elementor-accordion-item\">\n\t\t\t\t\t<div id=\"elementor-tab-title-1045\" class=\"elementor-tab-title\" data-tab=\"5\" role=\"button\" aria-controls=\"elementor-tab-content-1045\" aria-expanded=\"false\">\n\t\t\t\t\t\t\t\t\t\t\t\t\t<span class=\"elementor-accordion-icon elementor-accordion-icon-left\" aria-hidden=\"true\">\n\t\t\t\t\t\t\t\t\t\t\t\t\t\t\t<span class=\"elementor-accordion-icon-closed\"><i class=\"fas fa-plus\"><\/i><\/span>\n\t\t\t\t\t\t\t\t<span class=\"elementor-accordion-icon-opened\"><i class=\"fas fa-minus\"><\/i><\/span>\n\t\t\t\t\t\t\t\t\t\t\t\t\t\t<\/span>\n\t\t\t\t\t\t\t\t\t\t\t\t<a class=\"elementor-accordion-title\" tabindex=\"0\">Quelle est la prochaine \u00e9tape apr\u00e8s le 2\u1d49 sommet des Peuples de la Cara\u00efbe occidentale ?<\/a>\n\t\t\t\t\t<\/div>\n\t\t\t\t\t<div id=\"elementor-tab-content-1045\" class=\"elementor-tab-content elementor-clearfix\" data-tab=\"5\" role=\"region\" aria-labelledby=\"elementor-tab-title-1045\"><p><span style=\"font-weight: 400;\">La prochaine \u00e9tape annonc\u00e9e apr\u00e8s le 2\u1d49 Sommet des peuples de la Cara\u00efbe occidentale est l\u2019organisation d\u2019une troisi\u00e8me \u00e9dition, pr\u00e9vue \u00e0 Bocas del Toro au Panama, afin de poursuivre la structuration et la coop\u00e9ration entre les peuples de la r\u00e9gion.<\/span><\/p><\/div>\n\t\t\t\t<\/div>\n\t\t\t\t\t\t\t\t<\/div>\n\t\t\t\t\t\t<\/div>\n\t\t\t\t<\/div>\n\t\t\t\t\t<\/div>\n\t\t<\/div>\n\t\t\t\t\t<\/div>\n\t\t<\/section>\n\t\t\t\t<\/div>\n\t\t","protected":false},"excerpt":{"rendered":"<p>Le 2\u1d49 sommet des Peuples de la Cara\u00efbe occidentale a marqu\u00e9 une \u00e9tape importante pour plusieurs communaut\u00e9s afrodescendantes et autochtones de la r\u00e9gion. R\u00e9uni \u00e0 San Andr\u00e9s, le sommet a d\u00e9bouch\u00e9 sur la remise officielle de la d\u00e9claration de San Andr\u00e9s, de l\u2019Acte de Constitution et du Plan d\u2019action de la Conf\u00e9d\u00e9ration des Peuples de [&hellip;]<\/p>\n","protected":false},"author":662,"featured_media":71660,"comment_status":"open","ping_status":"open","sticky":false,"template":"","format":"standard","meta":{"_acf_changed":false,"footnotes":""},"categories":[1785],"tags":[827],"class_list":["post-71659","post","type-post","status-publish","format-standard","has-post-thumbnail","hentry","category-cooperation","tag-colombie-fr"],"acf":[],"_links":{"self":[{"href":"https:\/\/richeskarayib.com\/fr\/wp-json\/wp\/v2\/posts\/71659","targetHints":{"allow":["GET"]}}],"collection":[{"href":"https:\/\/richeskarayib.com\/fr\/wp-json\/wp\/v2\/posts"}],"about":[{"href":"https:\/\/richeskarayib.com\/fr\/wp-json\/wp\/v2\/types\/post"}],"author":[{"embeddable":true,"href":"https:\/\/richeskarayib.com\/fr\/wp-json\/wp\/v2\/users\/662"}],"replies":[{"embeddable":true,"href":"https:\/\/richeskarayib.com\/fr\/wp-json\/wp\/v2\/comments?post=71659"}],"version-history":[{"count":0,"href":"https:\/\/richeskarayib.com\/fr\/wp-json\/wp\/v2\/posts\/71659\/revisions"}],"wp:featuredmedia":[{"embeddable":true,"href":"https:\/\/richeskarayib.com\/fr\/wp-json\/wp\/v2\/media\/71660"}],"wp:attachment":[{"href":"https:\/\/richeskarayib.com\/fr\/wp-json\/wp\/v2\/media?parent=71659"}],"wp:term":[{"taxonomy":"category","embeddable":true,"href":"https:\/\/richeskarayib.com\/fr\/wp-json\/wp\/v2\/categories?post=71659"},{"taxonomy":"post_tag","embeddable":true,"href":"https:\/\/richeskarayib.com\/fr\/wp-json\/wp\/v2\/tags?post=71659"}],"curies":[{"name":"wp","href":"https:\/\/api.w.org\/{rel}","templated":true}]}}