{"id":71726,"date":"2026-04-01T12:09:39","date_gmt":"2026-04-01T16:09:39","guid":{"rendered":"https:\/\/richeskarayib.com\/?p=71726"},"modified":"2026-04-01T12:09:39","modified_gmt":"2026-04-01T16:09:39","slug":"nouveaux-regards-film-festival-2026-palmares","status":"publish","type":"post","link":"https:\/\/richeskarayib.com\/fr\/nouveaux-regards-film-festival-2026-palmares\/","title":{"rendered":"Guadeloupe- Nouveaux Regards Film Festival 2026 : un palmar\u00e8s qui affirme la force du cin\u00e9ma carib\u00e9en"},"content":{"rendered":"\t\t<div data-elementor-type=\"wp-post\" data-elementor-id=\"71726\" class=\"elementor elementor-71726\" data-elementor-post-type=\"post\">\n\t\t\t\t\t\t<section class=\"elementor-section elementor-top-section elementor-element elementor-element-7ca7ca1 elementor-section-boxed elementor-section-height-default elementor-section-height-default\" data-id=\"7ca7ca1\" data-element_type=\"section\">\n\t\t\t\t\t\t<div class=\"elementor-container elementor-column-gap-default\">\n\t\t\t\t\t<div class=\"elementor-column elementor-col-100 elementor-top-column elementor-element elementor-element-cbdd002\" data-id=\"cbdd002\" data-element_type=\"column\">\n\t\t\t<div class=\"elementor-widget-wrap elementor-element-populated\">\n\t\t\t\t\t\t<section class=\"elementor-section elementor-inner-section elementor-element elementor-element-bc94849 elementor-section-boxed elementor-section-height-default elementor-section-height-default\" data-id=\"bc94849\" data-element_type=\"section\">\n\t\t\t\t\t\t<div class=\"elementor-container elementor-column-gap-default\">\n\t\t\t\t\t\t<\/div>\n\t\t<\/section>\n\t\t\t\t<section class=\"elementor-section elementor-inner-section elementor-element elementor-element-61571e6 elementor-section-boxed elementor-section-height-default elementor-section-height-default\" data-id=\"61571e6\" data-element_type=\"section\">\n\t\t\t\t\t\t<div class=\"elementor-container elementor-column-gap-default\">\n\t\t\t\t\t\t<\/div>\n\t\t<\/section>\n\t\t\t\t<section class=\"elementor-section elementor-inner-section elementor-element elementor-element-b6262e0 elementor-section-boxed elementor-section-height-default elementor-section-height-default\" data-id=\"b6262e0\" data-element_type=\"section\">\n\t\t\t\t\t\t<div class=\"elementor-container elementor-column-gap-default\">\n\t\t\t\t\t\t<\/div>\n\t\t<\/section>\n\t\t\t\t<section class=\"elementor-section elementor-inner-section elementor-element elementor-element-cca29fd elementor-section-boxed elementor-section-height-default elementor-section-height-default\" data-id=\"cca29fd\" data-element_type=\"section\">\n\t\t\t\t\t\t<div class=\"elementor-container elementor-column-gap-default\">\n\t\t\t\t\t\t<\/div>\n\t\t<\/section>\n\t\t\t\t\t<\/div>\n\t\t<\/div>\n\t\t\t\t\t<\/div>\n\t\t<\/section>\n\t\t\t\t<section class=\"elementor-section elementor-top-section elementor-element elementor-element-ee72354 elementor-section-boxed elementor-section-height-default elementor-section-height-default\" data-id=\"ee72354\" data-element_type=\"section\">\n\t\t\t\t\t\t<div class=\"elementor-container elementor-column-gap-default\">\n\t\t\t\t\t<div class=\"elementor-column elementor-col-100 elementor-top-column elementor-element elementor-element-c59d6fe\" data-id=\"c59d6fe\" data-element_type=\"column\">\n\t\t\t<div class=\"elementor-widget-wrap elementor-element-populated\">\n\t\t\t\t\t\t<div class=\"elementor-element elementor-element-973ec9a elementor-widget elementor-widget-text-editor\" data-id=\"973ec9a\" data-element_type=\"widget\" data-widget_type=\"text-editor.default\">\n\t\t\t\t<div class=\"elementor-widget-container\">\n\t\t\t\t\t\t\t\t\t<p><span style=\"font-weight: 400;\">Le Nouveaux Regards Film Festival s\u2019est achev\u00e9 le 29 mars 2026 en Guadeloupe avec un palmar\u00e8s qui confirme la mont\u00e9e en puissance du cin\u00e9ma carib\u00e9en et guyanais. Organis\u00e9e du 25 au 29 mars, cette 9\u1d49 \u00e9dition s\u2019est referm\u00e9e \u00e0 la base nautique de Sainte-Anne, sur le site de l\u2019ANASA, dans un d\u00e9cor rare : installations lumineuses, chaises pos\u00e9es sur le sable, horizon marin en toile de fond et canot traditionnel dont la voile avait \u00e9t\u00e9 transform\u00e9e en \u00e9cran \u00e0 ciel ouvert. La sc\u00e8ne r\u00e9sumait \u00e0 elle seule l\u2019identit\u00e9 du festival : ancr\u00e9e dans son territoire, mais tourn\u00e9e vers une cr\u00e9ation en mouvement.<\/span><\/p>\t\t\t\t\t\t\t\t<\/div>\n\t\t\t\t<\/div>\n\t\t\t\t<div class=\"elementor-element elementor-element-e8db2c5 elementor-widget elementor-widget-text-editor\" data-id=\"e8db2c5\" data-element_type=\"widget\" data-widget_type=\"text-editor.default\">\n\t\t\t\t<div class=\"elementor-widget-container\">\n\t\t\t\t\t\t\t\t\t<p><span style=\"font-weight: 400;\">Au fil des ann\u00e9es, le Nouveaux Regards Film Festival s\u2019est impos\u00e9 comme un rendez-vous important pour la fili\u00e8re audiovisuelle r\u00e9gionale. Le festival agit \u00e0 la fois comme espace de diffusion, outil de professionnalisation, lieu de visibilit\u00e9 pour les talents \u00e9mergents et passerelle vers une meilleure circulation des r\u00e9cits carib\u00e9ens \u00e0 l\u2019international. \u00c0 cela s\u2019ajoute un travail de sensibilisation des publics, qui donne \u00e0 l\u2019\u00e9v\u00e9nement une port\u00e9e plus large qu\u2019une simple succession de projections.<\/span><\/p>\t\t\t\t\t\t\t\t<\/div>\n\t\t\t\t<\/div>\n\t\t\t\t\t<\/div>\n\t\t<\/div>\n\t\t\t\t\t<\/div>\n\t\t<\/section>\n\t\t\t\t<section class=\"elementor-section elementor-top-section elementor-element elementor-element-82cd8f9 elementor-section-boxed elementor-section-height-default elementor-section-height-default\" data-id=\"82cd8f9\" data-element_type=\"section\">\n\t\t\t\t\t\t<div class=\"elementor-container elementor-column-gap-default\">\n\t\t\t\t\t<div class=\"elementor-column elementor-col-100 elementor-top-column elementor-element elementor-element-0bfdc38\" data-id=\"0bfdc38\" data-element_type=\"column\">\n\t\t\t<div class=\"elementor-widget-wrap elementor-element-populated\">\n\t\t\t\t\t\t<div class=\"elementor-element elementor-element-7d292fe elementor-widget elementor-widget-heading\" data-id=\"7d292fe\" data-element_type=\"widget\" data-widget_type=\"heading.default\">\n\t\t\t\t<div class=\"elementor-widget-container\">\n\t\t\t\t\t<h2 class=\"elementor-heading-title elementor-size-default\">Une 9\u1d49 \u00e9dition port\u00e9e par des chiffres solides<\/h2>\t\t\t\t<\/div>\n\t\t\t\t<\/div>\n\t\t\t\t<div class=\"elementor-element elementor-element-289b094 elementor-widget elementor-widget-text-editor\" data-id=\"289b094\" data-element_type=\"widget\" data-widget_type=\"text-editor.default\">\n\t\t\t\t<div class=\"elementor-widget-container\">\n\t\t\t\t\t\t\t\t\t<p><span style=\"font-weight: 400;\">Cette ann\u00e9e, le <a href=\"https:\/\/richeskarayib.com\/fr\/nouveaux-regards-film-festival-2026\/\" target=\"_blank\" rel=\"noopener\">Nouveaux Regards Film Festival<\/a><\/span> <span style=\"font-weight: 400;\">a r\u00e9uni <\/span><b>45 films issus de 20 pays<\/b><span style=\"font-weight: 400;\">, dont <\/span><b>21 films carib\u00e9ens et guyanais<\/b><span style=\"font-weight: 400;\">. La programmation a \u00e9galement int\u00e9gr\u00e9 <\/span><b>5 \u0153uvres immersives en r\u00e9alit\u00e9 virtuelle<\/b><span style=\"font-weight: 400;\"> et accueilli <\/span><b>2021 \u00e9l\u00e8ves<\/b><span style=\"font-weight: 400;\"> dans le cadre des s\u00e9ances scolaires, un record pour l\u2019\u00e9v\u00e9nement. Autre donn\u00e9e marquante : <\/span><b>55 % des films pr\u00e9sent\u00e9s ont \u00e9t\u00e9 r\u00e9alis\u00e9s par des femmes<\/b><span style=\"font-weight: 400;\">, signe d\u2019une ligne \u00e9ditoriale attentive \u00e0 la pluralit\u00e9 des regards.<\/span><\/p>\n<p><span style=\"font-weight: 400;\">Ces chiffres ne rel\u00e8vent pas du simple bilan. Ils montrent qu\u2019en Guadeloupe, le Nouveaux Regards Film Festival est devenu un point d\u2019appui cr\u00e9dible pour les cin\u00e9mas de la Cara\u00efbe et de la Guyane. Ce palmar\u00e8s ne se limite donc pas \u00e0 une liste de r\u00e9compenses : il dessine une cartographie du cin\u00e9ma carib\u00e9en contemporain, avec ses territoires, ses \u00e9critures et ses r\u00e9alit\u00e9s multiples.<\/span><\/p>\t\t\t\t\t\t\t\t<\/div>\n\t\t\t\t<\/div>\n\t\t\t\t<section class=\"elementor-section elementor-inner-section elementor-element elementor-element-aec3f91 elementor-section-boxed elementor-section-height-default elementor-section-height-default\" data-id=\"aec3f91\" data-element_type=\"section\">\n\t\t\t\t\t\t<div class=\"elementor-container elementor-column-gap-default\">\n\t\t\t\t\t<div class=\"elementor-column elementor-col-50 elementor-inner-column elementor-element elementor-element-0ef29fc\" data-id=\"0ef29fc\" data-element_type=\"column\">\n\t\t\t<div class=\"elementor-widget-wrap elementor-element-populated\">\n\t\t\t\t\t\t<div class=\"elementor-element elementor-element-d0db7ab elementor-widget elementor-widget-image\" data-id=\"d0db7ab\" data-element_type=\"widget\" data-widget_type=\"image.default\">\n\t\t\t\t<div class=\"elementor-widget-container\">\n\t\t\t\t\t\t\t\t\t\t\t\t\t\t\t<img fetchpriority=\"high\" decoding=\"async\" width=\"800\" height=\"534\" src=\"https:\/\/richeskarayib.com\/wp-content\/uploads\/2026\/04\/657648959_1762467788428210_2818031683827670486_n-1024x683.jpg\" class=\"attachment-large size-large wp-image-71731\" alt=\"Nouveaux Regards Film Festival\" srcset=\"https:\/\/richeskarayib.com\/wp-content\/uploads\/2026\/04\/657648959_1762467788428210_2818031683827670486_n-1024x683.jpg 1024w, https:\/\/richeskarayib.com\/wp-content\/uploads\/2026\/04\/657648959_1762467788428210_2818031683827670486_n-300x200.jpg 300w, https:\/\/richeskarayib.com\/wp-content\/uploads\/2026\/04\/657648959_1762467788428210_2818031683827670486_n-768x512.jpg 768w, https:\/\/richeskarayib.com\/wp-content\/uploads\/2026\/04\/657648959_1762467788428210_2818031683827670486_n-1536x1024.jpg 1536w, https:\/\/richeskarayib.com\/wp-content\/uploads\/2026\/04\/657648959_1762467788428210_2818031683827670486_n-1320x880.jpg 1320w, https:\/\/richeskarayib.com\/wp-content\/uploads\/2026\/04\/657648959_1762467788428210_2818031683827670486_n.jpg 1920w\" sizes=\"(max-width: 800px) 100vw, 800px\" \/>\t\t\t\t\t\t\t\t\t\t\t\t\t\t\t<\/div>\n\t\t\t\t<\/div>\n\t\t\t\t\t<\/div>\n\t\t<\/div>\n\t\t\t\t<div class=\"elementor-column elementor-col-50 elementor-inner-column elementor-element elementor-element-3c930d1\" data-id=\"3c930d1\" data-element_type=\"column\">\n\t\t\t<div class=\"elementor-widget-wrap elementor-element-populated\">\n\t\t\t\t\t\t<div class=\"elementor-element elementor-element-76da871 elementor-widget elementor-widget-image\" data-id=\"76da871\" data-element_type=\"widget\" data-widget_type=\"image.default\">\n\t\t\t\t<div class=\"elementor-widget-container\">\n\t\t\t\t\t\t\t\t\t\t\t\t\t\t\t<img decoding=\"async\" width=\"800\" height=\"534\" src=\"https:\/\/richeskarayib.com\/wp-content\/uploads\/2026\/04\/\u00a9GuillaumeAricique-1-1024x683.jpg\" class=\"attachment-large size-large wp-image-71735\" alt=\"Nouveaux Regards Film Festival\" srcset=\"https:\/\/richeskarayib.com\/wp-content\/uploads\/2026\/04\/\u00a9GuillaumeAricique-1-1024x683.jpg 1024w, https:\/\/richeskarayib.com\/wp-content\/uploads\/2026\/04\/\u00a9GuillaumeAricique-1-300x200.jpg 300w, https:\/\/richeskarayib.com\/wp-content\/uploads\/2026\/04\/\u00a9GuillaumeAricique-1-768x512.jpg 768w, https:\/\/richeskarayib.com\/wp-content\/uploads\/2026\/04\/\u00a9GuillaumeAricique-1-1536x1024.jpg 1536w, https:\/\/richeskarayib.com\/wp-content\/uploads\/2026\/04\/\u00a9GuillaumeAricique-1-1320x880.jpg 1320w, https:\/\/richeskarayib.com\/wp-content\/uploads\/2026\/04\/\u00a9GuillaumeAricique-1.jpg 1920w\" sizes=\"(max-width: 800px) 100vw, 800px\" \/>\t\t\t\t\t\t\t\t\t\t\t\t\t\t\t<\/div>\n\t\t\t\t<\/div>\n\t\t\t\t\t<\/div>\n\t\t<\/div>\n\t\t\t\t\t<\/div>\n\t\t<\/section>\n\t\t\t\t<section class=\"elementor-section elementor-inner-section elementor-element elementor-element-c582330 elementor-section-boxed elementor-section-height-default elementor-section-height-default\" data-id=\"c582330\" data-element_type=\"section\">\n\t\t\t\t\t\t<div class=\"elementor-container elementor-column-gap-default\">\n\t\t\t\t\t\t<\/div>\n\t\t<\/section>\n\t\t\t\t<section class=\"elementor-section elementor-inner-section elementor-element elementor-element-296603a elementor-section-boxed elementor-section-height-default elementor-section-height-default\" data-id=\"296603a\" data-element_type=\"section\">\n\t\t\t\t\t\t<div class=\"elementor-container elementor-column-gap-default\">\n\t\t\t\t\t\t<\/div>\n\t\t<\/section>\n\t\t\t\t\t<\/div>\n\t\t<\/div>\n\t\t\t\t\t<\/div>\n\t\t<\/section>\n\t\t\t\t<section class=\"elementor-section elementor-top-section elementor-element elementor-element-9c88a89 elementor-section-boxed elementor-section-height-default elementor-section-height-default\" data-id=\"9c88a89\" data-element_type=\"section\">\n\t\t\t\t\t\t<div class=\"elementor-container elementor-column-gap-default\">\n\t\t\t\t\t<div class=\"elementor-column elementor-col-100 elementor-top-column elementor-element elementor-element-78cf5d1\" data-id=\"78cf5d1\" data-element_type=\"column\">\n\t\t\t<div class=\"elementor-widget-wrap elementor-element-populated\">\n\t\t\t\t\t\t<div class=\"elementor-element elementor-element-ea2a5c1 elementor-widget elementor-widget-heading\" data-id=\"ea2a5c1\" data-element_type=\"widget\" data-widget_type=\"heading.default\">\n\t\t\t\t<div class=\"elementor-widget-container\">\n\t\t\t\t\t<h2 class=\"elementor-heading-title elementor-size-default\">Une comp\u00e9tition pens\u00e9e pour les cin\u00e9mas de la Cara\u00efbe et de la Guyane<\/h2>\t\t\t\t<\/div>\n\t\t\t\t<\/div>\n\t\t\t\t<div class=\"elementor-element elementor-element-e305eee elementor-widget elementor-widget-text-editor\" data-id=\"e305eee\" data-element_type=\"widget\" data-widget_type=\"text-editor.default\">\n\t\t\t\t<div class=\"elementor-widget-container\">\n\t\t\t\t\t\t\t\t\t<p><span style=\"font-weight: 400;\">Fid\u00e8le \u00e0 son identit\u00e9, le <a href=\"https:\/\/nouveauxregardsff.com\/\" target=\"_blank\" rel=\"noopener nofollow\">Nouveaux Regards Film Festival<\/a> a plac\u00e9 au c\u0153ur de sa programmation une comp\u00e9tition exclusivement consacr\u00e9e aux cin\u00e9mas de la Cara\u00efbe et de la Guyane. Ce choix reste essentiel dans un environnement o\u00f9 beaucoup d\u2019\u0153uvres r\u00e9gionales peinent encore \u00e0 trouver des espaces de diffusion et de reconnaissance. Les films distingu\u00e9s cette ann\u00e9e montrent \u00e0 quel point les r\u00e9cits carib\u00e9ens savent aujourd\u2019hui parler du pr\u00e9sent avec force, nuance et singularit\u00e9.<\/span><\/p>\t\t\t\t\t\t\t\t<\/div>\n\t\t\t\t<\/div>\n\t\t\t\t<div class=\"elementor-element elementor-element-e43ffd4 elementor-widget elementor-widget-text-editor\" data-id=\"e43ffd4\" data-element_type=\"widget\" data-widget_type=\"text-editor.default\">\n\t\t\t\t<div class=\"elementor-widget-container\">\n\t\t\t\t\t\t\t\t\t<h3><b>Documentaire : Ha\u00efti distingu\u00e9e, la Guadeloupe salu\u00e9e<\/b><\/h3>\n<p><span style=\"font-weight: 400;\">Dans la cat\u00e9gorie documentaire, le <\/span><b>Prix du Jury du Meilleur Documentaire<\/b><span style=\"font-weight: 400;\">, dot\u00e9 de <\/span><b>2 500 euros par la R\u00e9gion Guadeloupe<\/b><span style=\"font-weight: 400;\">, a \u00e9t\u00e9 attribu\u00e9 \u00e0 <\/span><b>KOUTKETKOUT<\/b><span style=\"font-weight: 400;\"> de <\/span><b>Joseph Hillel<\/b><span style=\"font-weight: 400;\">, pour <\/span><b>Ha\u00efti<\/b><span style=\"font-weight: 400;\">. Une <\/span><b>mention sp\u00e9ciale du jury<\/b><span style=\"font-weight: 400;\"> a \u00e9galement \u00e9t\u00e9 accord\u00e9e \u00e0 <\/span><b>AN DIW JWI, ON A LA BANANE SOUS LES TROPIQUES<\/b><span style=\"font-weight: 400;\"> de <\/span><b>Kristine Blonbou<\/b><span style=\"font-weight: 400;\">, pour la <\/span><b>Guadeloupe<\/b><span style=\"font-weight: 400;\">. Ce double signal montre la diversit\u00e9 des propositions retenues, entre un regard ha\u00eftien r\u00e9compens\u00e9 au plus haut niveau et une \u0153uvre guadeloup\u00e9enne salu\u00e9e pour sa force propre.<\/span><\/p>\t\t\t\t\t\t\t\t<\/div>\n\t\t\t\t<\/div>\n\t\t\t\t<section class=\"elementor-section elementor-inner-section elementor-element elementor-element-57c00cf elementor-section-boxed elementor-section-height-default elementor-section-height-default\" data-id=\"57c00cf\" data-element_type=\"section\">\n\t\t\t\t\t\t<div class=\"elementor-container elementor-column-gap-default\">\n\t\t\t\t\t<div class=\"elementor-column elementor-col-50 elementor-inner-column elementor-element elementor-element-48ec5c8\" data-id=\"48ec5c8\" data-element_type=\"column\">\n\t\t\t<div class=\"elementor-widget-wrap elementor-element-populated\">\n\t\t\t\t\t\t<div class=\"elementor-element elementor-element-2fd8759 elementor-widget elementor-widget-image\" data-id=\"2fd8759\" data-element_type=\"widget\" data-widget_type=\"image.default\">\n\t\t\t\t<div class=\"elementor-widget-container\">\n\t\t\t\t\t\t\t\t\t\t\t\t\t\t\t<img decoding=\"async\" width=\"800\" height=\"800\" src=\"https:\/\/richeskarayib.com\/wp-content\/uploads\/2026\/04\/657249501_18391645177154102_4096912654125348887_n-1-1024x1024.jpg\" class=\"attachment-large size-large wp-image-71739\" alt=\"Nouveaux Regards Film Festival\" srcset=\"https:\/\/richeskarayib.com\/wp-content\/uploads\/2026\/04\/657249501_18391645177154102_4096912654125348887_n-1-1024x1024.jpg 1024w, https:\/\/richeskarayib.com\/wp-content\/uploads\/2026\/04\/657249501_18391645177154102_4096912654125348887_n-1-300x300.jpg 300w, https:\/\/richeskarayib.com\/wp-content\/uploads\/2026\/04\/657249501_18391645177154102_4096912654125348887_n-1-150x150.jpg 150w, https:\/\/richeskarayib.com\/wp-content\/uploads\/2026\/04\/657249501_18391645177154102_4096912654125348887_n-1-768x768.jpg 768w, https:\/\/richeskarayib.com\/wp-content\/uploads\/2026\/04\/657249501_18391645177154102_4096912654125348887_n-1-1320x1320.jpg 1320w, https:\/\/richeskarayib.com\/wp-content\/uploads\/2026\/04\/657249501_18391645177154102_4096912654125348887_n-1.jpg 1440w\" sizes=\"(max-width: 800px) 100vw, 800px\" \/>\t\t\t\t\t\t\t\t\t\t\t\t\t\t\t<\/div>\n\t\t\t\t<\/div>\n\t\t\t\t\t<\/div>\n\t\t<\/div>\n\t\t\t\t<div class=\"elementor-column elementor-col-50 elementor-inner-column elementor-element elementor-element-9b88f06\" data-id=\"9b88f06\" data-element_type=\"column\">\n\t\t\t<div class=\"elementor-widget-wrap elementor-element-populated\">\n\t\t\t\t\t\t<div class=\"elementor-element elementor-element-8a22cf1 elementor-widget elementor-widget-image\" data-id=\"8a22cf1\" data-element_type=\"widget\" data-widget_type=\"image.default\">\n\t\t\t\t<div class=\"elementor-widget-container\">\n\t\t\t\t\t\t\t\t\t\t\t\t\t\t\t<img loading=\"lazy\" decoding=\"async\" width=\"800\" height=\"800\" src=\"https:\/\/richeskarayib.com\/wp-content\/uploads\/2026\/04\/656866262_18391645174154102_1377399864736939720_n-1024x1024.jpg\" class=\"attachment-large size-large wp-image-71743\" alt=\"Nouveaux Regards Film Festival\" srcset=\"https:\/\/richeskarayib.com\/wp-content\/uploads\/2026\/04\/656866262_18391645174154102_1377399864736939720_n-1024x1024.jpg 1024w, https:\/\/richeskarayib.com\/wp-content\/uploads\/2026\/04\/656866262_18391645174154102_1377399864736939720_n-300x300.jpg 300w, https:\/\/richeskarayib.com\/wp-content\/uploads\/2026\/04\/656866262_18391645174154102_1377399864736939720_n-150x150.jpg 150w, https:\/\/richeskarayib.com\/wp-content\/uploads\/2026\/04\/656866262_18391645174154102_1377399864736939720_n-768x768.jpg 768w, https:\/\/richeskarayib.com\/wp-content\/uploads\/2026\/04\/656866262_18391645174154102_1377399864736939720_n-1320x1320.jpg 1320w, https:\/\/richeskarayib.com\/wp-content\/uploads\/2026\/04\/656866262_18391645174154102_1377399864736939720_n.jpg 1440w\" sizes=\"(max-width: 800px) 100vw, 800px\" \/>\t\t\t\t\t\t\t\t\t\t\t\t\t\t\t<\/div>\n\t\t\t\t<\/div>\n\t\t\t\t\t<\/div>\n\t\t<\/div>\n\t\t\t\t\t<\/div>\n\t\t<\/section>\n\t\t\t\t<div class=\"elementor-element elementor-element-45fd305 elementor-widget elementor-widget-text-editor\" data-id=\"45fd305\" data-element_type=\"widget\" data-widget_type=\"text-editor.default\">\n\t\t\t\t<div class=\"elementor-widget-container\">\n\t\t\t\t\t\t\t\t\t<h3><b>Court-m\u00e9trage : GLORIA s\u2019impose nettement<\/b><\/h3>\n<p><span style=\"font-weight: 400;\">Dans la cat\u00e9gorie court-m\u00e9trage, <\/span><b>GLORIA<\/b><span style=\"font-weight: 400;\"> de <\/span><b>Marvin Yamb<\/b><span style=\"font-weight: 400;\">, pour la <\/span><b>Guyane<\/b><span style=\"font-weight: 400;\">, s\u2019est impos\u00e9 comme l\u2019un des grands noms de cette \u00e9dition. Le film a re\u00e7u le <\/span><b>Prix du Jury du Meilleur Court-M\u00e9trage Antilles-Guyane<\/b><span style=\"font-weight: 400;\">, dot\u00e9 de <\/span><b>5 000 euros par le Conseil d\u00e9partemental<\/b><span style=\"font-weight: 400;\">, mais aussi le <\/span><b>Prix du Public<\/b><span style=\"font-weight: 400;\">, soutenu par la <\/span><b>Communaut\u00e9 d\u2019agglom\u00e9ration de la Riviera du Levant<\/b><span style=\"font-weight: 400;\">, ainsi que le <\/span><b>Prix du Jury Jeunes Regards<\/b><span style=\"font-weight: 400;\">, remis avec le soutien de la <\/span><b>DAC Guadeloupe<\/b><span style=\"font-weight: 400;\">. Une telle triple distinction montre qu\u2019une m\u00eame \u0153uvre a su convaincre \u00e0 la fois les professionnels, le grand public et les jeunes spectateurs.<\/span><\/p>\t\t\t\t\t\t\t\t<\/div>\n\t\t\t\t<\/div>\n\t\t\t\t<section class=\"elementor-section elementor-inner-section elementor-element elementor-element-d5072e4 elementor-section-boxed elementor-section-height-default elementor-section-height-default\" data-id=\"d5072e4\" data-element_type=\"section\">\n\t\t\t\t\t\t<div class=\"elementor-container elementor-column-gap-default\">\n\t\t\t\t\t<div class=\"elementor-column elementor-col-33 elementor-inner-column elementor-element elementor-element-283deff\" data-id=\"283deff\" data-element_type=\"column\">\n\t\t\t<div class=\"elementor-widget-wrap elementor-element-populated\">\n\t\t\t\t\t\t<div class=\"elementor-element elementor-element-b185334 elementor-widget elementor-widget-image\" data-id=\"b185334\" data-element_type=\"widget\" data-widget_type=\"image.default\">\n\t\t\t\t<div class=\"elementor-widget-container\">\n\t\t\t\t\t\t\t\t\t\t\t\t\t\t\t<img loading=\"lazy\" decoding=\"async\" width=\"800\" height=\"800\" src=\"https:\/\/richeskarayib.com\/wp-content\/uploads\/2026\/04\/656684761_18391645186154102_4118376594934816722_n-1024x1024.jpg\" class=\"attachment-large size-large wp-image-71747\" alt=\"Nouveaux Regards Film Festival\" srcset=\"https:\/\/richeskarayib.com\/wp-content\/uploads\/2026\/04\/656684761_18391645186154102_4118376594934816722_n-1024x1024.jpg 1024w, https:\/\/richeskarayib.com\/wp-content\/uploads\/2026\/04\/656684761_18391645186154102_4118376594934816722_n-300x300.jpg 300w, https:\/\/richeskarayib.com\/wp-content\/uploads\/2026\/04\/656684761_18391645186154102_4118376594934816722_n-150x150.jpg 150w, https:\/\/richeskarayib.com\/wp-content\/uploads\/2026\/04\/656684761_18391645186154102_4118376594934816722_n-768x768.jpg 768w, https:\/\/richeskarayib.com\/wp-content\/uploads\/2026\/04\/656684761_18391645186154102_4118376594934816722_n-1320x1320.jpg 1320w, https:\/\/richeskarayib.com\/wp-content\/uploads\/2026\/04\/656684761_18391645186154102_4118376594934816722_n.jpg 1440w\" sizes=\"(max-width: 800px) 100vw, 800px\" \/>\t\t\t\t\t\t\t\t\t\t\t\t\t\t\t<\/div>\n\t\t\t\t<\/div>\n\t\t\t\t\t<\/div>\n\t\t<\/div>\n\t\t\t\t<div class=\"elementor-column elementor-col-33 elementor-inner-column elementor-element elementor-element-3a75608\" data-id=\"3a75608\" data-element_type=\"column\">\n\t\t\t<div class=\"elementor-widget-wrap elementor-element-populated\">\n\t\t\t\t\t\t<div class=\"elementor-element elementor-element-4500cb2 elementor-widget elementor-widget-image\" data-id=\"4500cb2\" data-element_type=\"widget\" data-widget_type=\"image.default\">\n\t\t\t\t<div class=\"elementor-widget-container\">\n\t\t\t\t\t\t\t\t\t\t\t\t\t\t\t<img loading=\"lazy\" decoding=\"async\" width=\"800\" height=\"800\" src=\"https:\/\/richeskarayib.com\/wp-content\/uploads\/2026\/04\/657385179_18391645210154102_4071285897908909532_n-1024x1024.jpg\" class=\"attachment-large size-large wp-image-71751\" alt=\"Nouveaux Regards Film Festival\" srcset=\"https:\/\/richeskarayib.com\/wp-content\/uploads\/2026\/04\/657385179_18391645210154102_4071285897908909532_n-1024x1024.jpg 1024w, https:\/\/richeskarayib.com\/wp-content\/uploads\/2026\/04\/657385179_18391645210154102_4071285897908909532_n-300x300.jpg 300w, https:\/\/richeskarayib.com\/wp-content\/uploads\/2026\/04\/657385179_18391645210154102_4071285897908909532_n-150x150.jpg 150w, https:\/\/richeskarayib.com\/wp-content\/uploads\/2026\/04\/657385179_18391645210154102_4071285897908909532_n-768x768.jpg 768w, https:\/\/richeskarayib.com\/wp-content\/uploads\/2026\/04\/657385179_18391645210154102_4071285897908909532_n-1320x1320.jpg 1320w, https:\/\/richeskarayib.com\/wp-content\/uploads\/2026\/04\/657385179_18391645210154102_4071285897908909532_n.jpg 1440w\" sizes=\"(max-width: 800px) 100vw, 800px\" \/>\t\t\t\t\t\t\t\t\t\t\t\t\t\t\t<\/div>\n\t\t\t\t<\/div>\n\t\t\t\t\t<\/div>\n\t\t<\/div>\n\t\t\t\t<div class=\"elementor-column elementor-col-33 elementor-inner-column elementor-element elementor-element-b48a6a3\" data-id=\"b48a6a3\" data-element_type=\"column\">\n\t\t\t<div class=\"elementor-widget-wrap elementor-element-populated\">\n\t\t\t\t\t\t<div class=\"elementor-element elementor-element-befbd78 elementor-widget elementor-widget-image\" data-id=\"befbd78\" data-element_type=\"widget\" data-widget_type=\"image.default\">\n\t\t\t\t<div class=\"elementor-widget-container\">\n\t\t\t\t\t\t\t\t\t\t\t\t\t\t\t<img loading=\"lazy\" decoding=\"async\" width=\"800\" height=\"800\" src=\"https:\/\/richeskarayib.com\/wp-content\/uploads\/2026\/04\/659364547_18391645231154102_8556019865609873469_n-1024x1024.jpg\" class=\"attachment-large size-large wp-image-71755\" alt=\"Nouveaux Regards Film Festival\" srcset=\"https:\/\/richeskarayib.com\/wp-content\/uploads\/2026\/04\/659364547_18391645231154102_8556019865609873469_n-1024x1024.jpg 1024w, https:\/\/richeskarayib.com\/wp-content\/uploads\/2026\/04\/659364547_18391645231154102_8556019865609873469_n-300x300.jpg 300w, https:\/\/richeskarayib.com\/wp-content\/uploads\/2026\/04\/659364547_18391645231154102_8556019865609873469_n-150x150.jpg 150w, https:\/\/richeskarayib.com\/wp-content\/uploads\/2026\/04\/659364547_18391645231154102_8556019865609873469_n-768x768.jpg 768w, https:\/\/richeskarayib.com\/wp-content\/uploads\/2026\/04\/659364547_18391645231154102_8556019865609873469_n-1320x1320.jpg 1320w, https:\/\/richeskarayib.com\/wp-content\/uploads\/2026\/04\/659364547_18391645231154102_8556019865609873469_n.jpg 1440w\" sizes=\"(max-width: 800px) 100vw, 800px\" \/>\t\t\t\t\t\t\t\t\t\t\t\t\t\t\t<\/div>\n\t\t\t\t<\/div>\n\t\t\t\t\t<\/div>\n\t\t<\/div>\n\t\t\t\t\t<\/div>\n\t\t<\/section>\n\t\t\t\t<div class=\"elementor-element elementor-element-c41693d elementor-widget elementor-widget-text-editor\" data-id=\"c41693d\" data-element_type=\"widget\" data-widget_type=\"text-editor.default\">\n\t\t\t\t<div class=\"elementor-widget-container\">\n\t\t\t\t\t\t\t\t\t<p><span style=\"font-weight: 400;\">Le <\/span><b>Prix du Jury du Meilleur Court-M\u00e9trage Cara\u00efbe<\/b><span style=\"font-weight: 400;\">, dot\u00e9 de <\/span><b>1 500 euros<\/b><span style=\"font-weight: 400;\">, a \u00e9t\u00e9 attribu\u00e9 \u00e0 <\/span><b>SUNNY<\/b><span style=\"font-weight: 400;\"> de <\/span><b>German Gruber Jr<\/b><span style=\"font-weight: 400;\">, pour <\/span><b>Cura\u00e7ao<\/b><span style=\"font-weight: 400;\">. Le <\/span><b>Prix Pot\u00e9 Ganm du Meilleur Sc\u00e9nario<\/b><span style=\"font-weight: 400;\">, soutenu par <\/span><b>Karibbean Hive<\/b><span style=\"font-weight: 400;\">, a r\u00e9compens\u00e9 <\/span><b>FORT BUKU<\/b><span style=\"font-weight: 400;\"> de <\/span><b>Lo\u00eblle Monsanto<\/b><span style=\"font-weight: 400;\">, pour le <\/span><b>Suriname<\/b><span style=\"font-weight: 400;\">, film qui a aussi obtenu une mention sp\u00e9ciale du Jury Jeunes Regards. Une mention sp\u00e9ciale du jury court-m\u00e9trage a enfin \u00e9t\u00e9 attribu\u00e9e \u00e0 <\/span><b>THE ROADS WE TRAVEL<\/b><span style=\"font-weight: 400;\"> de <\/span><b>Mary Cecilia Walker<\/b><span style=\"font-weight: 400;\">, pour la <\/span><b>Barbade<\/b><span style=\"font-weight: 400;\">. L\u2019ensemble compose un palmar\u00e8s travers\u00e9 par plusieurs territoires, plusieurs sensibilit\u00e9s et plusieurs mani\u00e8res de raconter la Cara\u00efbe.<\/span><\/p>\t\t\t\t\t\t\t\t<\/div>\n\t\t\t\t<\/div>\n\t\t\t\t<section class=\"elementor-section elementor-inner-section elementor-element elementor-element-9c52701 elementor-section-boxed elementor-section-height-default elementor-section-height-default\" data-id=\"9c52701\" data-element_type=\"section\">\n\t\t\t\t\t\t<div class=\"elementor-container elementor-column-gap-default\">\n\t\t\t\t\t<div class=\"elementor-column elementor-col-33 elementor-inner-column elementor-element elementor-element-ae07450\" data-id=\"ae07450\" data-element_type=\"column\">\n\t\t\t<div class=\"elementor-widget-wrap elementor-element-populated\">\n\t\t\t\t\t\t<div class=\"elementor-element elementor-element-4277082 elementor-widget elementor-widget-image\" data-id=\"4277082\" data-element_type=\"widget\" data-widget_type=\"image.default\">\n\t\t\t\t<div class=\"elementor-widget-container\">\n\t\t\t\t\t\t\t\t\t\t\t\t\t\t\t<img loading=\"lazy\" decoding=\"async\" width=\"800\" height=\"800\" src=\"https:\/\/richeskarayib.com\/wp-content\/uploads\/2026\/04\/656921604_18391645195154102_8892927923742401592_n-1024x1024.jpg\" class=\"attachment-large size-large wp-image-71759\" alt=\"Nouveaux Regards Film Festival\" srcset=\"https:\/\/richeskarayib.com\/wp-content\/uploads\/2026\/04\/656921604_18391645195154102_8892927923742401592_n-1024x1024.jpg 1024w, https:\/\/richeskarayib.com\/wp-content\/uploads\/2026\/04\/656921604_18391645195154102_8892927923742401592_n-300x300.jpg 300w, https:\/\/richeskarayib.com\/wp-content\/uploads\/2026\/04\/656921604_18391645195154102_8892927923742401592_n-150x150.jpg 150w, https:\/\/richeskarayib.com\/wp-content\/uploads\/2026\/04\/656921604_18391645195154102_8892927923742401592_n-768x768.jpg 768w, https:\/\/richeskarayib.com\/wp-content\/uploads\/2026\/04\/656921604_18391645195154102_8892927923742401592_n-1320x1320.jpg 1320w, https:\/\/richeskarayib.com\/wp-content\/uploads\/2026\/04\/656921604_18391645195154102_8892927923742401592_n.jpg 1440w\" sizes=\"(max-width: 800px) 100vw, 800px\" \/>\t\t\t\t\t\t\t\t\t\t\t\t\t\t\t<\/div>\n\t\t\t\t<\/div>\n\t\t\t\t\t<\/div>\n\t\t<\/div>\n\t\t\t\t<div class=\"elementor-column elementor-col-33 elementor-inner-column elementor-element elementor-element-4b0ed87\" data-id=\"4b0ed87\" data-element_type=\"column\">\n\t\t\t<div class=\"elementor-widget-wrap elementor-element-populated\">\n\t\t\t\t\t\t<div class=\"elementor-element elementor-element-2a02ed9 elementor-widget elementor-widget-image\" data-id=\"2a02ed9\" data-element_type=\"widget\" data-widget_type=\"image.default\">\n\t\t\t\t<div class=\"elementor-widget-container\">\n\t\t\t\t\t\t\t\t\t\t\t\t\t\t\t<img loading=\"lazy\" decoding=\"async\" width=\"800\" height=\"800\" src=\"https:\/\/richeskarayib.com\/wp-content\/uploads\/2026\/04\/656899857_18391645222154102_3993238335352632456_n-1024x1024.jpg\" class=\"attachment-large size-large wp-image-71763\" alt=\"Nouveaux Regards Film Festival\" srcset=\"https:\/\/richeskarayib.com\/wp-content\/uploads\/2026\/04\/656899857_18391645222154102_3993238335352632456_n-1024x1024.jpg 1024w, https:\/\/richeskarayib.com\/wp-content\/uploads\/2026\/04\/656899857_18391645222154102_3993238335352632456_n-300x300.jpg 300w, https:\/\/richeskarayib.com\/wp-content\/uploads\/2026\/04\/656899857_18391645222154102_3993238335352632456_n-150x150.jpg 150w, https:\/\/richeskarayib.com\/wp-content\/uploads\/2026\/04\/656899857_18391645222154102_3993238335352632456_n-768x768.jpg 768w, https:\/\/richeskarayib.com\/wp-content\/uploads\/2026\/04\/656899857_18391645222154102_3993238335352632456_n-1320x1320.jpg 1320w, https:\/\/richeskarayib.com\/wp-content\/uploads\/2026\/04\/656899857_18391645222154102_3993238335352632456_n.jpg 1440w\" sizes=\"(max-width: 800px) 100vw, 800px\" \/>\t\t\t\t\t\t\t\t\t\t\t\t\t\t\t<\/div>\n\t\t\t\t<\/div>\n\t\t\t\t\t<\/div>\n\t\t<\/div>\n\t\t\t\t<div class=\"elementor-column elementor-col-33 elementor-inner-column elementor-element elementor-element-86084f7\" data-id=\"86084f7\" data-element_type=\"column\">\n\t\t\t<div class=\"elementor-widget-wrap elementor-element-populated\">\n\t\t\t\t\t\t<div class=\"elementor-element elementor-element-9440773 elementor-widget elementor-widget-image\" data-id=\"9440773\" data-element_type=\"widget\" data-widget_type=\"image.default\">\n\t\t\t\t<div class=\"elementor-widget-container\">\n\t\t\t\t\t\t\t\t\t\t\t\t\t\t\t<img loading=\"lazy\" decoding=\"async\" width=\"800\" height=\"800\" src=\"https:\/\/richeskarayib.com\/wp-content\/uploads\/2026\/04\/659115135_18391645240154102_7080738166784796449_n-1024x1024.jpg\" class=\"attachment-large size-large wp-image-71767\" alt=\"Nouveaux Regards Film Festival\" srcset=\"https:\/\/richeskarayib.com\/wp-content\/uploads\/2026\/04\/659115135_18391645240154102_7080738166784796449_n-1024x1024.jpg 1024w, https:\/\/richeskarayib.com\/wp-content\/uploads\/2026\/04\/659115135_18391645240154102_7080738166784796449_n-300x300.jpg 300w, https:\/\/richeskarayib.com\/wp-content\/uploads\/2026\/04\/659115135_18391645240154102_7080738166784796449_n-150x150.jpg 150w, https:\/\/richeskarayib.com\/wp-content\/uploads\/2026\/04\/659115135_18391645240154102_7080738166784796449_n-768x768.jpg 768w, https:\/\/richeskarayib.com\/wp-content\/uploads\/2026\/04\/659115135_18391645240154102_7080738166784796449_n-1320x1320.jpg 1320w, https:\/\/richeskarayib.com\/wp-content\/uploads\/2026\/04\/659115135_18391645240154102_7080738166784796449_n.jpg 1440w\" sizes=\"(max-width: 800px) 100vw, 800px\" \/>\t\t\t\t\t\t\t\t\t\t\t\t\t\t\t<\/div>\n\t\t\t\t<\/div>\n\t\t\t\t\t<\/div>\n\t\t<\/div>\n\t\t\t\t\t<\/div>\n\t\t<\/section>\n\t\t\t\t<div class=\"elementor-element elementor-element-f5b99c0 elementor-widget elementor-widget-text-editor\" data-id=\"f5b99c0\" data-element_type=\"widget\" data-widget_type=\"text-editor.default\">\n\t\t\t\t<div class=\"elementor-widget-container\">\n\t\t\t\t\t\t\t\t\t<h3><b>Immersive Lab : la r\u00e9alit\u00e9 virtuelle prend sa place<\/b><\/h3>\n<p><span style=\"font-weight: 400;\">Grande nouveaut\u00e9 de cette \u00e9dition, l\u2019<\/span><b>Immersive Lab<\/b><span style=\"font-weight: 400;\"> a confirm\u00e9 l\u2019int\u00e9r\u00eat du festival pour les nouvelles \u00e9critures. Les deux prix de la section r\u00e9alit\u00e9 virtuelle ont \u00e9t\u00e9 remport\u00e9s par <\/span><b>Draw for change: Existimos, Resistimos<\/b><span style=\"font-weight: 400;\"> de <\/span><b>Mariana Eva Cadenas<\/b><span style=\"font-weight: 400;\">, pour la <\/span><b>Belgique<\/b><span style=\"font-weight: 400;\">. L\u2019\u0153uvre a re\u00e7u le <\/span><b>Prix Lyc\u00e9en de la Meilleure Exp\u00e9rience VR<\/b><span style=\"font-weight: 400;\">, attribu\u00e9 par le <\/span><b>Lyc\u00e9e Sonny Rupaire<\/b><span style=\"font-weight: 400;\">, ainsi que le <\/span><b>Prix du Public de la Meilleure Exp\u00e9rience VR<\/b><span style=\"font-weight: 400;\">, dot\u00e9 de <\/span><b>1 000 euros<\/b><span style=\"font-weight: 400;\"> avec le soutien d\u2019<\/span><b>Evaveo<\/b><span style=\"font-weight: 400;\">. En int\u00e9grant pleinement ce volet, le <\/span><b>Nouveaux Regards Film Festival<\/b><span style=\"font-weight: 400;\"> montre qu\u2019il accompagne aussi les \u00e9volutions formelles du secteur audiovisuel.<\/span><\/p>\t\t\t\t\t\t\t\t<\/div>\n\t\t\t\t<\/div>\n\t\t\t\t<section class=\"elementor-section elementor-inner-section elementor-element elementor-element-c8f57b7 elementor-section-boxed elementor-section-height-default elementor-section-height-default\" data-id=\"c8f57b7\" data-element_type=\"section\">\n\t\t\t\t\t\t<div class=\"elementor-container elementor-column-gap-default\">\n\t\t\t\t\t<div class=\"elementor-column elementor-col-100 elementor-inner-column elementor-element elementor-element-b34ea56\" data-id=\"b34ea56\" data-element_type=\"column\">\n\t\t\t<div class=\"elementor-widget-wrap elementor-element-populated\">\n\t\t\t\t\t\t<div class=\"elementor-element elementor-element-1ea84b5 elementor-widget elementor-widget-image\" data-id=\"1ea84b5\" data-element_type=\"widget\" data-widget_type=\"image.default\">\n\t\t\t\t<div class=\"elementor-widget-container\">\n\t\t\t\t\t\t\t\t\t\t\t\t\t\t\t<img loading=\"lazy\" decoding=\"async\" width=\"800\" height=\"800\" src=\"https:\/\/richeskarayib.com\/wp-content\/uploads\/2026\/04\/657303198_18391645249154102_7868115874106461795_n-1024x1024.jpg\" class=\"attachment-large size-large wp-image-71771\" alt=\"Nouveaux Regards Film Festival\" srcset=\"https:\/\/richeskarayib.com\/wp-content\/uploads\/2026\/04\/657303198_18391645249154102_7868115874106461795_n-1024x1024.jpg 1024w, https:\/\/richeskarayib.com\/wp-content\/uploads\/2026\/04\/657303198_18391645249154102_7868115874106461795_n-300x300.jpg 300w, https:\/\/richeskarayib.com\/wp-content\/uploads\/2026\/04\/657303198_18391645249154102_7868115874106461795_n-150x150.jpg 150w, https:\/\/richeskarayib.com\/wp-content\/uploads\/2026\/04\/657303198_18391645249154102_7868115874106461795_n-768x768.jpg 768w, https:\/\/richeskarayib.com\/wp-content\/uploads\/2026\/04\/657303198_18391645249154102_7868115874106461795_n-1320x1320.jpg 1320w, https:\/\/richeskarayib.com\/wp-content\/uploads\/2026\/04\/657303198_18391645249154102_7868115874106461795_n.jpg 1440w\" sizes=\"(max-width: 800px) 100vw, 800px\" \/>\t\t\t\t\t\t\t\t\t\t\t\t\t\t\t<\/div>\n\t\t\t\t<\/div>\n\t\t\t\t\t<\/div>\n\t\t<\/div>\n\t\t\t\t\t<\/div>\n\t\t<\/section>\n\t\t\t\t\t<\/div>\n\t\t<\/div>\n\t\t\t\t\t<\/div>\n\t\t<\/section>\n\t\t\t\t<section class=\"elementor-section elementor-top-section elementor-element elementor-element-ee7f5d7 elementor-section-boxed elementor-section-height-default elementor-section-height-default\" data-id=\"ee7f5d7\" data-element_type=\"section\">\n\t\t\t\t\t\t<div class=\"elementor-container elementor-column-gap-default\">\n\t\t\t\t\t<div class=\"elementor-column elementor-col-100 elementor-top-column elementor-element elementor-element-0669c08\" data-id=\"0669c08\" data-element_type=\"column\">\n\t\t\t<div class=\"elementor-widget-wrap elementor-element-populated\">\n\t\t\t\t\t\t<div class=\"elementor-element elementor-element-acc47ca elementor-widget elementor-widget-heading\" data-id=\"acc47ca\" data-element_type=\"widget\" data-widget_type=\"heading.default\">\n\t\t\t\t<div class=\"elementor-widget-container\">\n\t\t\t\t\t<h2 class=\"elementor-heading-title elementor-size-default\">Un festival au service du territoire et des talents<\/h2>\t\t\t\t<\/div>\n\t\t\t\t<\/div>\n\t\t\t\t<div class=\"elementor-element elementor-element-4bb1533 elementor-widget elementor-widget-text-editor\" data-id=\"4bb1533\" data-element_type=\"widget\" data-widget_type=\"text-editor.default\">\n\t\t\t\t<div class=\"elementor-widget-container\">\n\t\t\t\t\t\t\t\t\t<p><span style=\"font-weight: 400;\">Au-del\u00e0 des prix, le <a href=\"https:\/\/www.instagram.com\/nouveauxregardsfilmfestival\/?hl=fr\" target=\"_blank\" rel=\"noopener nofollow\">Nouveaux Regards Film Festival<\/a> affirme son r\u00f4le de <\/span><b>moteur \u00e9conomique<\/b><span style=\"font-weight: 400;\">, en mobilisant la cha\u00eene de production locale, d\u2019<\/span><b>espace de professionnalisation<\/b><span style=\"font-weight: 400;\">, notamment \u00e0 travers la <\/span><b>NR Academy<\/b><span style=\"font-weight: 400;\"> et ses rencontres professionnelles, de <\/span><b>vitrine internationale<\/b><span style=\"font-weight: 400;\"> pour les cr\u00e9ateurs carib\u00e9ens, et d\u2019<\/span><b>outil d\u2019\u00e9ducation<\/b><span style=\"font-weight: 400;\"> pour les publics de demain. Dans une r\u00e9gion o\u00f9 la structuration des industries culturelles reste un enjeu concret, cette mission donne au festival une importance particuli\u00e8re.<\/span><\/p>\t\t\t\t\t\t\t\t<\/div>\n\t\t\t\t<\/div>\n\t\t\t\t<div class=\"elementor-element elementor-element-225ff5a elementor-widget elementor-widget-text-editor\" data-id=\"225ff5a\" data-element_type=\"widget\" data-widget_type=\"text-editor.default\">\n\t\t\t\t<div class=\"elementor-widget-container\">\n\t\t\t\t\t\t\t\t\t<p><span style=\"font-weight: 400;\">Cette 9\u1d49 \u00e9dition du Nouveaux Regards Film Festival rappelle aussi qu\u2019un \u00e9v\u00e9nement culturel de cette ampleur repose sur une dynamique collective. Partenaires institutionnels et priv\u00e9s, invit\u00e9s, jurys, \u00e9quipe d\u2019organisation, public venu nombreux et <\/span><b>21 b\u00e9n\u00e9voles<\/b><span style=\"font-weight: 400;\"> ont contribu\u00e9 \u00e0 faire exister ce rendez-vous dans de bonnes conditions. Cette dimension humaine compte autant que le palmar\u00e8s lui-m\u00eame, car elle dit la capacit\u00e9 d\u2019un territoire \u00e0 porter durablement un projet culturel ambitieux.<\/span><\/p>\t\t\t\t\t\t\t\t<\/div>\n\t\t\t\t<\/div>\n\t\t\t\t\t<\/div>\n\t\t<\/div>\n\t\t\t\t\t<\/div>\n\t\t<\/section>\n\t\t\t\t<section class=\"elementor-section elementor-top-section elementor-element elementor-element-f03d675 elementor-section-boxed elementor-section-height-default elementor-section-height-default\" data-id=\"f03d675\" data-element_type=\"section\">\n\t\t\t\t\t\t<div class=\"elementor-container elementor-column-gap-default\">\n\t\t\t\t\t<div class=\"elementor-column elementor-col-100 elementor-top-column elementor-element elementor-element-ddb1e36\" data-id=\"ddb1e36\" data-element_type=\"column\">\n\t\t\t<div class=\"elementor-widget-wrap elementor-element-populated\">\n\t\t\t\t\t\t<div class=\"elementor-element elementor-element-66035d3 elementor-widget elementor-widget-heading\" data-id=\"66035d3\" data-element_type=\"widget\" data-widget_type=\"heading.default\">\n\t\t\t\t<div class=\"elementor-widget-container\">\n\t\t\t\t\t<h2 class=\"elementor-heading-title elementor-size-default\">Cap sur une 10\u1d49 \u00e9dition anniversaire<\/h2>\t\t\t\t<\/div>\n\t\t\t\t<\/div>\n\t\t\t\t<div class=\"elementor-element elementor-element-cae4ec8 elementor-widget elementor-widget-text-editor\" data-id=\"cae4ec8\" data-element_type=\"widget\" data-widget_type=\"text-editor.default\">\n\t\t\t\t<div class=\"elementor-widget-container\">\n\t\t\t\t\t\t\t\t\t<p><span style=\"font-weight: 400;\">Le rendez-vous est d\u00e9j\u00e0 donn\u00e9 pour <\/span><b>2027<\/b><span style=\"font-weight: 400;\">, avec une <\/span><b>10\u1d49 \u00e9dition anniversaire<\/b><span style=\"font-weight: 400;\"> annonc\u00e9e comme exceptionnelle. \u00c0 ce stade, le Nouveaux Regards Film Festival ne r\u00e9compense plus seulement des \u0153uvres : il accompagne l\u2019affirmation progressive d\u2019un espace cin\u00e9matographique carib\u00e9en plus visible, mieux structur\u00e9 et plus s\u00fbr de sa voix. Le palmar\u00e8s 2026 en apporte une nouvelle preuve. <\/span><\/p>\t\t\t\t\t\t\t\t<\/div>\n\t\t\t\t<\/div>\n\t\t\t\t<div class=\"elementor-element elementor-element-a771396 elementor-widget elementor-widget-text-editor\" data-id=\"a771396\" data-element_type=\"widget\" data-widget_type=\"text-editor.default\">\n\t\t\t\t<div class=\"elementor-widget-container\">\n\t\t\t\t\t\t\t\t\t<h4><strong>\ud83d\udcf8\u00a9<a href=\"https:\/\/www.facebook.com\/HappyManPhotoGraphy\" target=\"_blank\" rel=\"noopener nofollow\">Guillaume Aricique <\/a>\u00a9<a href=\"https:\/\/www.facebook.com\/nouveauxregards\" target=\"_blank\" rel=\"noopener nofollow\">Nouveaux Regards Film Festival<\/a><\/strong><\/h4>\t\t\t\t\t\t\t\t<\/div>\n\t\t\t\t<\/div>\n\t\t\t\t\t<\/div>\n\t\t<\/div>\n\t\t\t\t\t<\/div>\n\t\t<\/section>\n\t\t\t\t<section class=\"elementor-section elementor-top-section elementor-element elementor-element-f5709a6 elementor-section-boxed elementor-section-height-default elementor-section-height-default\" data-id=\"f5709a6\" data-element_type=\"section\">\n\t\t\t\t\t\t<div class=\"elementor-container elementor-column-gap-default\">\n\t\t\t\t\t<div class=\"elementor-column elementor-col-100 elementor-top-column elementor-element elementor-element-957be6f\" data-id=\"957be6f\" data-element_type=\"column\">\n\t\t\t<div class=\"elementor-widget-wrap elementor-element-populated\">\n\t\t\t\t\t\t<div class=\"elementor-element elementor-element-63e5d4a elementor-widget elementor-widget-accordion\" data-id=\"63e5d4a\" data-element_type=\"widget\" data-widget_type=\"accordion.default\">\n\t\t\t\t<div class=\"elementor-widget-container\">\n\t\t\t\t\t\t\t<div class=\"elementor-accordion\">\n\t\t\t\t\t\t\t<div class=\"elementor-accordion-item\">\n\t\t\t\t\t<div id=\"elementor-tab-title-1041\" class=\"elementor-tab-title\" data-tab=\"1\" role=\"button\" aria-controls=\"elementor-tab-content-1041\" aria-expanded=\"false\">\n\t\t\t\t\t\t\t\t\t\t\t\t\t<span class=\"elementor-accordion-icon elementor-accordion-icon-left\" aria-hidden=\"true\">\n\t\t\t\t\t\t\t\t\t\t\t\t\t\t\t<span class=\"elementor-accordion-icon-closed\"><i class=\"fas fa-plus\"><\/i><\/span>\n\t\t\t\t\t\t\t\t<span class=\"elementor-accordion-icon-opened\"><i class=\"fas fa-minus\"><\/i><\/span>\n\t\t\t\t\t\t\t\t\t\t\t\t\t\t<\/span>\n\t\t\t\t\t\t\t\t\t\t\t\t<a class=\"elementor-accordion-title\" tabindex=\"0\">Quel est le palmar\u00e8s du Nouveaux Regards Film Festival 2026 ?<\/a>\n\t\t\t\t\t<\/div>\n\t\t\t\t\t<div id=\"elementor-tab-content-1041\" class=\"elementor-tab-content elementor-clearfix\" data-tab=\"1\" role=\"region\" aria-labelledby=\"elementor-tab-title-1041\"><p><span style=\"font-weight: 400;\">Le palmar\u00e8s du Nouveaux Regards Film Festival 2026 met en avant plusieurs \u0153uvres marquantes du cin\u00e9ma carib\u00e9en et guyanais. Le documentaire <\/span><i><span style=\"font-weight: 400;\">KOUTKETKOUT<\/span><\/i><span style=\"font-weight: 400;\"> de Joseph Hillel (Ha\u00efti) a re\u00e7u le Prix du Jury du Meilleur Documentaire. Du c\u00f4t\u00e9 des courts-m\u00e9trages, <\/span><i><span style=\"font-weight: 400;\">GLORIA<\/span><\/i><span style=\"font-weight: 400;\"> de Marvin Yamb (Guyane) s\u2019impose avec trois r\u00e9compenses majeures : le Prix du Jury, le Prix du Public et le Prix Jeunes Regards. D\u2019autres films comme <\/span><i><span style=\"font-weight: 400;\">SUNNY<\/span><\/i><span style=\"font-weight: 400;\"> de German Gruber Jr (Cura\u00e7ao) et <\/span><i><span style=\"font-weight: 400;\">FORT BUKU<\/span><\/i><span style=\"font-weight: 400;\"> de Lo\u00eblle Monsanto (Suriname) figurent \u00e9galement parmi les \u0153uvres distingu\u00e9es, confirmant la diversit\u00e9 des regards pr\u00e9sents dans cette \u00e9dition.<\/span><\/p><\/div>\n\t\t\t\t<\/div>\n\t\t\t\t\t\t\t<div class=\"elementor-accordion-item\">\n\t\t\t\t\t<div id=\"elementor-tab-title-1042\" class=\"elementor-tab-title\" data-tab=\"2\" role=\"button\" aria-controls=\"elementor-tab-content-1042\" aria-expanded=\"false\">\n\t\t\t\t\t\t\t\t\t\t\t\t\t<span class=\"elementor-accordion-icon elementor-accordion-icon-left\" aria-hidden=\"true\">\n\t\t\t\t\t\t\t\t\t\t\t\t\t\t\t<span class=\"elementor-accordion-icon-closed\"><i class=\"fas fa-plus\"><\/i><\/span>\n\t\t\t\t\t\t\t\t<span class=\"elementor-accordion-icon-opened\"><i class=\"fas fa-minus\"><\/i><\/span>\n\t\t\t\t\t\t\t\t\t\t\t\t\t\t<\/span>\n\t\t\t\t\t\t\t\t\t\t\t\t<a class=\"elementor-accordion-title\" tabindex=\"0\">O\u00f9 se d\u00e9roule le Nouveaux Regards Film Festival ?<\/a>\n\t\t\t\t\t<\/div>\n\t\t\t\t\t<div id=\"elementor-tab-content-1042\" class=\"elementor-tab-content elementor-clearfix\" data-tab=\"2\" role=\"region\" aria-labelledby=\"elementor-tab-title-1042\"><p><span style=\"font-weight: 400;\">Le Nouveaux Regards Film Festival se d\u00e9roule en Guadeloupe, un territoire qui joue un r\u00f4le central dans son identit\u00e9. L\u2019\u00e9dition 2026 a notamment investi la commune de Sainte-Anne, avec une soir\u00e9e de cl\u00f4ture organis\u00e9e sur le site de la base nautique de l\u2019ANASA. Ce cadre en bord de mer, avec un \u00e9cran install\u00e9 \u00e0 ciel ouvert, refl\u00e8te la volont\u00e9 du festival de proposer une exp\u00e9rience ancr\u00e9e dans son environnement carib\u00e9en tout en restant ouverte \u00e0 des \u0153uvres venues de diff\u00e9rents horizons.<\/span><\/p><\/div>\n\t\t\t\t<\/div>\n\t\t\t\t\t\t\t<div class=\"elementor-accordion-item\">\n\t\t\t\t\t<div id=\"elementor-tab-title-1043\" class=\"elementor-tab-title\" data-tab=\"3\" role=\"button\" aria-controls=\"elementor-tab-content-1043\" aria-expanded=\"false\">\n\t\t\t\t\t\t\t\t\t\t\t\t\t<span class=\"elementor-accordion-icon elementor-accordion-icon-left\" aria-hidden=\"true\">\n\t\t\t\t\t\t\t\t\t\t\t\t\t\t\t<span class=\"elementor-accordion-icon-closed\"><i class=\"fas fa-plus\"><\/i><\/span>\n\t\t\t\t\t\t\t\t<span class=\"elementor-accordion-icon-opened\"><i class=\"fas fa-minus\"><\/i><\/span>\n\t\t\t\t\t\t\t\t\t\t\t\t\t\t<\/span>\n\t\t\t\t\t\t\t\t\t\t\t\t<a class=\"elementor-accordion-title\" tabindex=\"0\">Combien de films \u00e9taient pr\u00e9sent\u00e9s au Nouveaux Regards Film Festival 2026 ?<\/a>\n\t\t\t\t\t<\/div>\n\t\t\t\t\t<div id=\"elementor-tab-content-1043\" class=\"elementor-tab-content elementor-clearfix\" data-tab=\"3\" role=\"region\" aria-labelledby=\"elementor-tab-title-1043\"><p><span style=\"font-weight: 400;\">L\u2019\u00e9dition 2026 du Nouveaux Regards Film Festival a pr\u00e9sent\u00e9 45 films issus de 20 pays, dont 21 films carib\u00e9ens et guyanais. Cette programmation t\u00e9moigne d\u2019un \u00e9quilibre entre ouverture internationale et ancrage r\u00e9gional. Elle permet de donner une visibilit\u00e9 concr\u00e8te aux productions de la Cara\u00efbe tout en favorisant les \u00e9changes avec d\u2019autres territoires et d\u2019autres formes de narrations.<\/span><\/p><\/div>\n\t\t\t\t<\/div>\n\t\t\t\t\t\t\t<div class=\"elementor-accordion-item\">\n\t\t\t\t\t<div id=\"elementor-tab-title-1044\" class=\"elementor-tab-title\" data-tab=\"4\" role=\"button\" aria-controls=\"elementor-tab-content-1044\" aria-expanded=\"false\">\n\t\t\t\t\t\t\t\t\t\t\t\t\t<span class=\"elementor-accordion-icon elementor-accordion-icon-left\" aria-hidden=\"true\">\n\t\t\t\t\t\t\t\t\t\t\t\t\t\t\t<span class=\"elementor-accordion-icon-closed\"><i class=\"fas fa-plus\"><\/i><\/span>\n\t\t\t\t\t\t\t\t<span class=\"elementor-accordion-icon-opened\"><i class=\"fas fa-minus\"><\/i><\/span>\n\t\t\t\t\t\t\t\t\t\t\t\t\t\t<\/span>\n\t\t\t\t\t\t\t\t\t\t\t\t<a class=\"elementor-accordion-title\" tabindex=\"0\"> Quelle place occupe la r\u00e9alit\u00e9 virtuelle au Nouveaux Regards Film Festival ?<\/a>\n\t\t\t\t\t<\/div>\n\t\t\t\t\t<div id=\"elementor-tab-content-1044\" class=\"elementor-tab-content elementor-clearfix\" data-tab=\"4\" role=\"region\" aria-labelledby=\"elementor-tab-title-1044\"><p><span style=\"font-weight: 400;\">La r\u00e9alit\u00e9 virtuelle prend une place croissante au sein du Nouveaux Regards Film Festival gr\u00e2ce \u00e0 la section Immersive Lab. En 2026, cette cat\u00e9gorie a r\u00e9compens\u00e9 l\u2019exp\u00e9rience <\/span><i><span style=\"font-weight: 400;\">Draw for change: Existimos, Resistimos<\/span><\/i><span style=\"font-weight: 400;\"> de Mariana Eva Cadenas, qui a obtenu \u00e0 la fois le Prix Lyc\u00e9en et le Prix du Public. Cette orientation montre que le festival s\u2019int\u00e9resse aux nouvelles formes de narrations et accompagne l\u2019\u00e9volution des pratiques audiovisuelles<\/span><\/p><\/div>\n\t\t\t\t<\/div>\n\t\t\t\t\t\t\t<div class=\"elementor-accordion-item\">\n\t\t\t\t\t<div id=\"elementor-tab-title-1045\" class=\"elementor-tab-title\" data-tab=\"5\" role=\"button\" aria-controls=\"elementor-tab-content-1045\" aria-expanded=\"false\">\n\t\t\t\t\t\t\t\t\t\t\t\t\t<span class=\"elementor-accordion-icon elementor-accordion-icon-left\" aria-hidden=\"true\">\n\t\t\t\t\t\t\t\t\t\t\t\t\t\t\t<span class=\"elementor-accordion-icon-closed\"><i class=\"fas fa-plus\"><\/i><\/span>\n\t\t\t\t\t\t\t\t<span class=\"elementor-accordion-icon-opened\"><i class=\"fas fa-minus\"><\/i><\/span>\n\t\t\t\t\t\t\t\t\t\t\t\t\t\t<\/span>\n\t\t\t\t\t\t\t\t\t\t\t\t<a class=\"elementor-accordion-title\" tabindex=\"0\">Pourquoi le Nouveaux Regards Film Festival est-il important pour le cin\u00e9ma carib\u00e9en ?<\/a>\n\t\t\t\t\t<\/div>\n\t\t\t\t\t<div id=\"elementor-tab-content-1045\" class=\"elementor-tab-content elementor-clearfix\" data-tab=\"5\" role=\"region\" aria-labelledby=\"elementor-tab-title-1045\"><p><span style=\"font-weight: 400;\">Le Nouveaux Regards Film Festival joue un r\u00f4le structurant pour le cin\u00e9ma carib\u00e9en. Il offre une plateforme de diffusion aux cr\u00e9ateurs de la r\u00e9gion, favorise la professionnalisation du secteur et contribue \u00e0 la visibilit\u00e9 internationale des \u0153uvres. En parall\u00e8le, il participe \u00e0 l\u2019\u00e9ducation \u00e0 l\u2019image en accueillant un large public scolaire. Cette combinaison en fait un \u00e9v\u00e9nement cl\u00e9 pour le d\u00e9veloppement et la reconnaissance du cin\u00e9ma carib\u00e9en et guyanais.<\/span><\/p><\/div>\n\t\t\t\t<\/div>\n\t\t\t\t\t\t\t\t<\/div>\n\t\t\t\t\t\t<\/div>\n\t\t\t\t<\/div>\n\t\t\t\t\t<\/div>\n\t\t<\/div>\n\t\t\t\t\t<\/div>\n\t\t<\/section>\n\t\t\t\t<\/div>\n\t\t","protected":false},"excerpt":{"rendered":"<p>Le Nouveaux Regards Film Festival s\u2019est achev\u00e9 le 29 mars 2026 en Guadeloupe avec un palmar\u00e8s qui confirme la mont\u00e9e en puissance du cin\u00e9ma carib\u00e9en et guyanais. Organis\u00e9e du 25 au 29 mars, cette 9\u1d49 \u00e9dition s\u2019est referm\u00e9e \u00e0 la base nautique de Sainte-Anne, sur le site de l\u2019ANASA, dans un d\u00e9cor rare : installations [&hellip;]<\/p>\n","protected":false},"author":662,"featured_media":71727,"comment_status":"open","ping_status":"open","sticky":false,"template":"","format":"standard","meta":{"_acf_changed":false,"footnotes":""},"categories":[1504],"tags":[1574],"class_list":["post-71726","post","type-post","status-publish","format-standard","has-post-thumbnail","hentry","category-film-et-video","tag-bahamas-fr"],"acf":[],"_links":{"self":[{"href":"https:\/\/richeskarayib.com\/fr\/wp-json\/wp\/v2\/posts\/71726","targetHints":{"allow":["GET"]}}],"collection":[{"href":"https:\/\/richeskarayib.com\/fr\/wp-json\/wp\/v2\/posts"}],"about":[{"href":"https:\/\/richeskarayib.com\/fr\/wp-json\/wp\/v2\/types\/post"}],"author":[{"embeddable":true,"href":"https:\/\/richeskarayib.com\/fr\/wp-json\/wp\/v2\/users\/662"}],"replies":[{"embeddable":true,"href":"https:\/\/richeskarayib.com\/fr\/wp-json\/wp\/v2\/comments?post=71726"}],"version-history":[{"count":0,"href":"https:\/\/richeskarayib.com\/fr\/wp-json\/wp\/v2\/posts\/71726\/revisions"}],"wp:featuredmedia":[{"embeddable":true,"href":"https:\/\/richeskarayib.com\/fr\/wp-json\/wp\/v2\/media\/71727"}],"wp:attachment":[{"href":"https:\/\/richeskarayib.com\/fr\/wp-json\/wp\/v2\/media?parent=71726"}],"wp:term":[{"taxonomy":"category","embeddable":true,"href":"https:\/\/richeskarayib.com\/fr\/wp-json\/wp\/v2\/categories?post=71726"},{"taxonomy":"post_tag","embeddable":true,"href":"https:\/\/richeskarayib.com\/fr\/wp-json\/wp\/v2\/tags?post=71726"}],"curies":[{"name":"wp","href":"https:\/\/api.w.org\/{rel}","templated":true}]}}