{"id":71779,"date":"2026-04-02T07:29:37","date_gmt":"2026-04-02T11:29:37","guid":{"rendered":"https:\/\/richeskarayib.com\/?p=71779"},"modified":"2026-04-02T07:29:37","modified_gmt":"2026-04-02T11:29:37","slug":"bandi-serie-netflix-en-martinique","status":"publish","type":"post","link":"https:\/\/richeskarayib.com\/fr\/bandi-serie-netflix-en-martinique\/","title":{"rendered":"Martinique &#8211; Bandi : la s\u00e9rie Netflix tourn\u00e9e en Martinique qui place l\u2019\u00eele sous les projecteurs"},"content":{"rendered":"\t\t<div data-elementor-type=\"wp-post\" data-elementor-id=\"71779\" class=\"elementor elementor-71779\" data-elementor-post-type=\"post\">\n\t\t\t\t\t\t<section class=\"elementor-section elementor-top-section elementor-element elementor-element-7ca7ca1 elementor-section-boxed elementor-section-height-default elementor-section-height-default\" data-id=\"7ca7ca1\" data-element_type=\"section\">\n\t\t\t\t\t\t<div class=\"elementor-container elementor-column-gap-default\">\n\t\t\t\t\t<div class=\"elementor-column elementor-col-100 elementor-top-column elementor-element elementor-element-cbdd002\" data-id=\"cbdd002\" data-element_type=\"column\">\n\t\t\t<div class=\"elementor-widget-wrap elementor-element-populated\">\n\t\t\t\t\t\t<section class=\"elementor-section elementor-inner-section elementor-element elementor-element-bc94849 elementor-section-boxed elementor-section-height-default elementor-section-height-default\" data-id=\"bc94849\" data-element_type=\"section\">\n\t\t\t\t\t\t<div class=\"elementor-container elementor-column-gap-default\">\n\t\t\t\t\t\t<\/div>\n\t\t<\/section>\n\t\t\t\t<section class=\"elementor-section elementor-inner-section elementor-element elementor-element-61571e6 elementor-section-boxed elementor-section-height-default elementor-section-height-default\" data-id=\"61571e6\" data-element_type=\"section\">\n\t\t\t\t\t\t<div class=\"elementor-container elementor-column-gap-default\">\n\t\t\t\t\t\t<\/div>\n\t\t<\/section>\n\t\t\t\t<section class=\"elementor-section elementor-inner-section elementor-element elementor-element-b6262e0 elementor-section-boxed elementor-section-height-default elementor-section-height-default\" data-id=\"b6262e0\" data-element_type=\"section\">\n\t\t\t\t\t\t<div class=\"elementor-container elementor-column-gap-default\">\n\t\t\t\t\t\t<\/div>\n\t\t<\/section>\n\t\t\t\t<section class=\"elementor-section elementor-inner-section elementor-element elementor-element-cca29fd elementor-section-boxed elementor-section-height-default elementor-section-height-default\" data-id=\"cca29fd\" data-element_type=\"section\">\n\t\t\t\t\t\t<div class=\"elementor-container elementor-column-gap-default\">\n\t\t\t\t\t\t<\/div>\n\t\t<\/section>\n\t\t\t\t\t<\/div>\n\t\t<\/div>\n\t\t\t\t\t<\/div>\n\t\t<\/section>\n\t\t\t\t<section class=\"elementor-section elementor-top-section elementor-element elementor-element-ee72354 elementor-section-boxed elementor-section-height-default elementor-section-height-default\" data-id=\"ee72354\" data-element_type=\"section\">\n\t\t\t\t\t\t<div class=\"elementor-container elementor-column-gap-default\">\n\t\t\t\t\t<div class=\"elementor-column elementor-col-100 elementor-top-column elementor-element elementor-element-c59d6fe\" data-id=\"c59d6fe\" data-element_type=\"column\">\n\t\t\t<div class=\"elementor-widget-wrap elementor-element-populated\">\n\t\t\t\t\t\t<div class=\"elementor-element elementor-element-973ec9a elementor-widget elementor-widget-text-editor\" data-id=\"973ec9a\" data-element_type=\"widget\" data-widget_type=\"text-editor.default\">\n\t\t\t\t<div class=\"elementor-widget-container\">\n\t\t\t\t\t\t\t\t\t<p><span style=\"font-weight: 400;\">La s\u00e9rie <\/span>Bandi<span style=\"font-weight: 400;\"> arrive sur Netflix le <\/span><b>9 avril 2026<\/b><span style=\"font-weight: 400;\"> avec <\/span><b>huit \u00e9pisodes<\/b><span style=\"font-weight: 400;\"> et une ambition claire : raconter une histoire martiniquaise sans r\u00e9duire l\u2019\u00eele \u00e0 un simple d\u00e9cor. Le point de d\u00e9part est brutal. Apr\u00e8s la mort de leur m\u00e8re, <\/span><b>onze fr\u00e8res et s\u0153urs \u00e2g\u00e9s de 7 \u00e0 23 ans<\/b><span style=\"font-weight: 400;\"> doivent tenir debout, prot\u00e9ger les plus jeunes, payer ce qu\u2019il faut payer et d\u00e9cider jusqu\u2019o\u00f9 ils sont pr\u00eats \u00e0 aller pour ne pas sombrer. Pour une partie de la fratrie, le trafic devient une tentation. Pour d\u2019autres, c\u2019est une ligne rouge. <\/span><\/p>\t\t\t\t\t\t\t\t<\/div>\n\t\t\t\t<\/div>\n\t\t\t\t<div class=\"elementor-element elementor-element-e8db2c5 elementor-widget elementor-widget-text-editor\" data-id=\"e8db2c5\" data-element_type=\"widget\" data-widget_type=\"text-editor.default\">\n\t\t\t\t<div class=\"elementor-widget-container\">\n\t\t\t\t\t\t\t\t\t<p><span style=\"font-weight: 400;\">Cr\u00e9\u00e9e par <\/span><b>\u00c9ric Rochant<\/b><span style=\"font-weight: 400;\"> et <\/span><b>Capucine Rochant<\/b><span style=\"font-weight: 400;\">, la s\u00e9rie s\u2019appuie sur une mati\u00e8re familiale forte. Ce n\u2019est pas une fiction construite uniquement autour de la violence. C\u2019est un r\u00e9cit sur le deuil, la solidarit\u00e9, la d\u00e9brouille, la pression sociale et la mani\u00e8re dont une famille peut se fissurer quand le pilier central dispara\u00eet. Cette base donne davantage d\u2019\u00e9paisseur au projet qu\u2019un simple drame criminel. Elle permet aussi \u00e0 la s\u00e9rie <\/span>Bandi<span style=\"font-weight: 400;\"> d\u2019entrer dans une r\u00e9alit\u00e9 martiniquaise o\u00f9 les questions d\u2019avenir, de pr\u00e9carit\u00e9 et de transmission ne peuvent jamais \u00eatre trait\u00e9es \u00e0 la l\u00e9g\u00e8re.<\/span><\/p>\t\t\t\t\t\t\t\t<\/div>\n\t\t\t\t<\/div>\n\t\t\t\t<div class=\"elementor-element elementor-element-709a5a5 elementor-widget elementor-widget-image\" data-id=\"709a5a5\" data-element_type=\"widget\" data-widget_type=\"image.default\">\n\t\t\t\t<div class=\"elementor-widget-container\">\n\t\t\t\t\t\t\t\t\t\t\t\t<figure class=\"wp-caption\">\n\t\t\t\t\t\t\t\t\t\t<img fetchpriority=\"high\" decoding=\"async\" width=\"800\" height=\"1000\" src=\"https:\/\/richeskarayib.com\/wp-content\/uploads\/2026\/04\/\u00a9Netflix-819x1024.jpg\" class=\"attachment-large size-large wp-image-71784\" alt=\"Bandi\" srcset=\"https:\/\/richeskarayib.com\/wp-content\/uploads\/2026\/04\/\u00a9Netflix-819x1024.jpg 819w, https:\/\/richeskarayib.com\/wp-content\/uploads\/2026\/04\/\u00a9Netflix-240x300.jpg 240w, https:\/\/richeskarayib.com\/wp-content\/uploads\/2026\/04\/\u00a9Netflix-768x960.jpg 768w, https:\/\/richeskarayib.com\/wp-content\/uploads\/2026\/04\/\u00a9Netflix.jpg 1080w\" sizes=\"(max-width: 800px) 100vw, 800px\" \/>\t\t\t\t\t\t\t\t\t\t\t<figcaption class=\"widget-image-caption wp-caption-text\">\u00a9Netflix<\/figcaption>\n\t\t\t\t\t\t\t\t\t\t<\/figure>\n\t\t\t\t\t\t\t\t\t<\/div>\n\t\t\t\t<\/div>\n\t\t\t\t\t<\/div>\n\t\t<\/div>\n\t\t\t\t\t<\/div>\n\t\t<\/section>\n\t\t\t\t<section class=\"elementor-section elementor-top-section elementor-element elementor-element-82cd8f9 elementor-section-boxed elementor-section-height-default elementor-section-height-default\" data-id=\"82cd8f9\" data-element_type=\"section\">\n\t\t\t\t\t\t<div class=\"elementor-container elementor-column-gap-default\">\n\t\t\t\t\t<div class=\"elementor-column elementor-col-100 elementor-top-column elementor-element elementor-element-0bfdc38\" data-id=\"0bfdc38\" data-element_type=\"column\">\n\t\t\t<div class=\"elementor-widget-wrap elementor-element-populated\">\n\t\t\t\t\t\t<div class=\"elementor-element elementor-element-7d292fe elementor-widget elementor-widget-heading\" data-id=\"7d292fe\" data-element_type=\"widget\" data-widget_type=\"heading.default\">\n\t\t\t\t<div class=\"elementor-widget-container\">\n\t\t\t\t\t<h2 class=\"elementor-heading-title elementor-size-default\">Une Martinique film\u00e9e de l\u2019int\u00e9rieur<\/h2>\t\t\t\t<\/div>\n\t\t\t\t<\/div>\n\t\t\t\t<div class=\"elementor-element elementor-element-289b094 elementor-widget elementor-widget-text-editor\" data-id=\"289b094\" data-element_type=\"widget\" data-widget_type=\"text-editor.default\">\n\t\t\t\t<div class=\"elementor-widget-container\">\n\t\t\t\t\t\t\t\t\t<p><span style=\"font-weight: 400;\">L\u2019un des aspects les plus int\u00e9ressants de la s\u00e9rie\u00a0 tient \u00e0 son ancrage territorial. La s\u00e9rie a \u00e9t\u00e9 tourn\u00e9e en Martinique et fait exister l\u2019\u00eele comme un espace dramatique \u00e0 part enti\u00e8re. Les rues, les quartiers populaires, la v\u00e9g\u00e9tation, les contrastes sociaux et la tension du quotidien participent \u00e0 l\u2019histoire. La s\u00e9rie <\/span>Bandi<span style=\"font-weight: 400;\"> ne s\u2019appuie donc pas sur une image touristique de la Martinique. Elle choisit au contraire un cadre plus rugueux, plus dense, plus proche des r\u00e9alit\u00e9s qui traversent une partie du territoire.<\/span><\/p>\t\t\t\t\t\t\t\t<\/div>\n\t\t\t\t<\/div>\n\t\t\t\t<div class=\"elementor-element elementor-element-e925cf0 elementor-widget elementor-widget-text-editor\" data-id=\"e925cf0\" data-element_type=\"widget\" data-widget_type=\"text-editor.default\">\n\t\t\t\t<div class=\"elementor-widget-container\">\n\t\t\t\t\t\t\t\t\t<p><span style=\"font-weight: 400;\">Ce choix donne une vraie identit\u00e9 visuelle \u00e0 la s\u00e9rie. Il permet aussi d\u2019\u00e9viter un \u00e9cueil fr\u00e9quent : filmer la Cara\u00efbe comme un fond de carte postale. Ici, l\u2019\u00eele p\u00e8se sur les trajectoires, sur les choix, sur les rapports de force. La Martinique n\u2019est pas derri\u00e8re l\u2019histoire. Elle est dans l\u2019histoire. C\u2019est ce qui donne \u00e0 la s\u00e9rie\u00a0 une port\u00e9e particuli\u00e8re pour le public carib\u00e9en, qui attend de plus en plus d&#8217;\u0153uvres capables de montrer les territoires autrement que par des clich\u00e9s us\u00e9s.<\/span><\/p>\t\t\t\t\t\t\t\t<\/div>\n\t\t\t\t<\/div>\n\t\t\t\t<div class=\"elementor-element elementor-element-04832c0 elementor-widget elementor-widget-video\" data-id=\"04832c0\" data-element_type=\"widget\" data-settings=\"{&quot;youtube_url&quot;:&quot;https:\\\/\\\/www.youtube.com\\\/watch?v=9sZ1d3uHRls&quot;,&quot;video_type&quot;:&quot;youtube&quot;,&quot;controls&quot;:&quot;yes&quot;}\" data-widget_type=\"video.default\">\n\t\t\t\t<div class=\"elementor-widget-container\">\n\t\t\t\t\t\t\t<div class=\"elementor-wrapper elementor-open-inline\">\n\t\t\t<div class=\"elementor-video\"><\/div>\t\t<\/div>\n\t\t\t\t\t\t<\/div>\n\t\t\t\t<\/div>\n\t\t\t\t<section class=\"elementor-section elementor-inner-section elementor-element elementor-element-c582330 elementor-section-boxed elementor-section-height-default elementor-section-height-default\" data-id=\"c582330\" data-element_type=\"section\">\n\t\t\t\t\t\t<div class=\"elementor-container elementor-column-gap-default\">\n\t\t\t\t\t\t<\/div>\n\t\t<\/section>\n\t\t\t\t<section class=\"elementor-section elementor-inner-section elementor-element elementor-element-296603a elementor-section-boxed elementor-section-height-default elementor-section-height-default\" data-id=\"296603a\" data-element_type=\"section\">\n\t\t\t\t\t\t<div class=\"elementor-container elementor-column-gap-default\">\n\t\t\t\t\t\t<\/div>\n\t\t<\/section>\n\t\t\t\t\t<\/div>\n\t\t<\/div>\n\t\t\t\t\t<\/div>\n\t\t<\/section>\n\t\t\t\t<section class=\"elementor-section elementor-top-section elementor-element elementor-element-9c88a89 elementor-section-boxed elementor-section-height-default elementor-section-height-default\" data-id=\"9c88a89\" data-element_type=\"section\">\n\t\t\t\t\t\t<div class=\"elementor-container elementor-column-gap-default\">\n\t\t\t\t\t<div class=\"elementor-column elementor-col-100 elementor-top-column elementor-element elementor-element-78cf5d1\" data-id=\"78cf5d1\" data-element_type=\"column\">\n\t\t\t<div class=\"elementor-widget-wrap elementor-element-populated\">\n\t\t\t\t\t\t<div class=\"elementor-element elementor-element-ea2a5c1 elementor-widget elementor-widget-heading\" data-id=\"ea2a5c1\" data-element_type=\"widget\" data-widget_type=\"heading.default\">\n\t\t\t\t<div class=\"elementor-widget-container\">\n\t\t\t\t\t<h2 class=\"elementor-heading-title elementor-size-default\">Des visages martiniquais au premier plan<\/h2>\t\t\t\t<\/div>\n\t\t\t\t<\/div>\n\t\t\t\t<div class=\"elementor-element elementor-element-e305eee elementor-widget elementor-widget-text-editor\" data-id=\"e305eee\" data-element_type=\"widget\" data-widget_type=\"text-editor.default\">\n\t\t\t\t<div class=\"elementor-widget-container\">\n\t\t\t\t\t\t\t\t\t<p><span style=\"font-weight: 400;\">La s\u00e9rie <\/span>Bandi<span style=\"font-weight: 400;\"> se distingue aussi par son casting. Netflix met notamment en avant <\/span><b>Djody Grimeau, Rodney Dijon, Ambre Bozza, Hay-Lee-Jah Caloc, Amah Fofana, Kahela Borval, C\u00e9dric Camille, Teyvan Misat, Liyem Lostau<\/b><span style=\"font-weight: 400;\"> et <\/span><b>Nah\u00ebl Demar<\/b><span style=\"font-weight: 400;\">. Lors de l\u2019avant-premi\u00e8re \u00e0 Madiana, d\u2019autres noms associ\u00e9s \u00e0 la s\u00e9rie ont \u00e9galement \u00e9t\u00e9 mis en lumi\u00e8re, parmi lesquels <\/span><b>William Paul Joseph, Jonathan Zacca\u00ef, Lucas Pernock, Evan Lienafa, Steeven Mornet<\/b><span style=\"font-weight: 400;\"> et <\/span><b>Souane Rosamont<\/b><span style=\"font-weight: 400;\">.<\/span><\/p>\t\t\t\t\t\t\t\t<\/div>\n\t\t\t\t<\/div>\n\t\t\t\t<div class=\"elementor-element elementor-element-e43ffd4 elementor-widget elementor-widget-text-editor\" data-id=\"e43ffd4\" data-element_type=\"widget\" data-widget_type=\"text-editor.default\">\n\t\t\t\t<div class=\"elementor-widget-container\">\n\t\t\t\t\t\t\t\t\t<p>La donn\u00e9e la plus forte reste ailleurs : 75 des 82 r\u00f4les parlants sont tenus par des com\u00e9diens locaux, sans compter 1 500 figurants recrut\u00e9s sur place. Cela change profond\u00e9ment la port\u00e9e du projet. La s\u00e9rie Bandi ne montre pas seulement la Martinique, elle lui donne aussi ses propres visages. Pour une partie de ces acteurs, cette production repr\u00e9sente une exposition in\u00e9dite, dans une s\u00e9rie appel\u00e9e \u00e0 circuler \u00e0 l\u2019\u00e9chelle internationale.<\/p>\t\t\t\t\t\t\t\t<\/div>\n\t\t\t\t<\/div>\n\t\t\t\t<section class=\"elementor-section elementor-inner-section elementor-element elementor-element-16010e9 elementor-section-boxed elementor-section-height-default elementor-section-height-default\" data-id=\"16010e9\" data-element_type=\"section\">\n\t\t\t\t\t\t<div class=\"elementor-container elementor-column-gap-default\">\n\t\t\t\t\t<div class=\"elementor-column elementor-col-33 elementor-inner-column elementor-element elementor-element-3ffee9a\" data-id=\"3ffee9a\" data-element_type=\"column\">\n\t\t\t<div class=\"elementor-widget-wrap elementor-element-populated\">\n\t\t\t\t\t\t<div class=\"elementor-element elementor-element-4bd59fe elementor-widget elementor-widget-image\" data-id=\"4bd59fe\" data-element_type=\"widget\" data-widget_type=\"image.default\">\n\t\t\t\t<div class=\"elementor-widget-container\">\n\t\t\t\t\t\t\t\t\t\t\t\t<figure class=\"wp-caption\">\n\t\t\t\t\t\t\t\t\t\t<img decoding=\"async\" width=\"800\" height=\"534\" src=\"https:\/\/richeskarayib.com\/wp-content\/uploads\/2026\/04\/\u00a9Netflix-2-1024x683.jpg\" class=\"attachment-large size-large wp-image-71800\" alt=\"Bandi\" srcset=\"https:\/\/richeskarayib.com\/wp-content\/uploads\/2026\/04\/\u00a9Netflix-2-1024x683.jpg 1024w, https:\/\/richeskarayib.com\/wp-content\/uploads\/2026\/04\/\u00a9Netflix-2-300x200.jpg 300w, https:\/\/richeskarayib.com\/wp-content\/uploads\/2026\/04\/\u00a9Netflix-2-768x512.jpg 768w, https:\/\/richeskarayib.com\/wp-content\/uploads\/2026\/04\/\u00a9Netflix-2-1536x1025.jpg 1536w, https:\/\/richeskarayib.com\/wp-content\/uploads\/2026\/04\/\u00a9Netflix-2-1320x881.jpg 1320w, https:\/\/richeskarayib.com\/wp-content\/uploads\/2026\/04\/\u00a9Netflix-2.jpg 1920w\" sizes=\"(max-width: 800px) 100vw, 800px\" \/>\t\t\t\t\t\t\t\t\t\t\t<figcaption class=\"widget-image-caption wp-caption-text\">\u00a9Netflix<\/figcaption>\n\t\t\t\t\t\t\t\t\t\t<\/figure>\n\t\t\t\t\t\t\t\t\t<\/div>\n\t\t\t\t<\/div>\n\t\t\t\t\t<\/div>\n\t\t<\/div>\n\t\t\t\t<div class=\"elementor-column elementor-col-33 elementor-inner-column elementor-element elementor-element-737136f\" data-id=\"737136f\" data-element_type=\"column\">\n\t\t\t<div class=\"elementor-widget-wrap elementor-element-populated\">\n\t\t\t\t\t\t<div class=\"elementor-element elementor-element-4ebfb0d elementor-widget elementor-widget-image\" data-id=\"4ebfb0d\" data-element_type=\"widget\" data-widget_type=\"image.default\">\n\t\t\t\t<div class=\"elementor-widget-container\">\n\t\t\t\t\t\t\t\t\t\t\t\t<figure class=\"wp-caption\">\n\t\t\t\t\t\t\t\t\t\t<img decoding=\"async\" width=\"800\" height=\"534\" src=\"https:\/\/richeskarayib.com\/wp-content\/uploads\/2026\/04\/\u00a9Netflix-3-1024x683.jpg\" class=\"attachment-large size-large wp-image-71804\" alt=\"Bandi\" srcset=\"https:\/\/richeskarayib.com\/wp-content\/uploads\/2026\/04\/\u00a9Netflix-3-1024x683.jpg 1024w, https:\/\/richeskarayib.com\/wp-content\/uploads\/2026\/04\/\u00a9Netflix-3-300x200.jpg 300w, https:\/\/richeskarayib.com\/wp-content\/uploads\/2026\/04\/\u00a9Netflix-3-768x512.jpg 768w, https:\/\/richeskarayib.com\/wp-content\/uploads\/2026\/04\/\u00a9Netflix-3-1536x1025.jpg 1536w, https:\/\/richeskarayib.com\/wp-content\/uploads\/2026\/04\/\u00a9Netflix-3-1320x881.jpg 1320w, https:\/\/richeskarayib.com\/wp-content\/uploads\/2026\/04\/\u00a9Netflix-3.jpg 1920w\" sizes=\"(max-width: 800px) 100vw, 800px\" \/>\t\t\t\t\t\t\t\t\t\t\t<figcaption class=\"widget-image-caption wp-caption-text\">\u00a9Netflix<\/figcaption>\n\t\t\t\t\t\t\t\t\t\t<\/figure>\n\t\t\t\t\t\t\t\t\t<\/div>\n\t\t\t\t<\/div>\n\t\t\t\t\t<\/div>\n\t\t<\/div>\n\t\t\t\t<div class=\"elementor-column elementor-col-33 elementor-inner-column elementor-element elementor-element-13ef401\" data-id=\"13ef401\" data-element_type=\"column\">\n\t\t\t<div class=\"elementor-widget-wrap elementor-element-populated\">\n\t\t\t\t\t\t<div class=\"elementor-element elementor-element-3013225 elementor-widget elementor-widget-image\" data-id=\"3013225\" data-element_type=\"widget\" data-widget_type=\"image.default\">\n\t\t\t\t<div class=\"elementor-widget-container\">\n\t\t\t\t\t\t\t\t\t\t\t\t<figure class=\"wp-caption\">\n\t\t\t\t\t\t\t\t\t\t<img loading=\"lazy\" decoding=\"async\" width=\"800\" height=\"534\" src=\"https:\/\/richeskarayib.com\/wp-content\/uploads\/2026\/04\/\u00a9Netflix-41-1024x683.jpg\" class=\"attachment-large size-large wp-image-71808\" alt=\"Bandi\" srcset=\"https:\/\/richeskarayib.com\/wp-content\/uploads\/2026\/04\/\u00a9Netflix-41-1024x683.jpg 1024w, https:\/\/richeskarayib.com\/wp-content\/uploads\/2026\/04\/\u00a9Netflix-41-300x200.jpg 300w, https:\/\/richeskarayib.com\/wp-content\/uploads\/2026\/04\/\u00a9Netflix-41-768x512.jpg 768w, https:\/\/richeskarayib.com\/wp-content\/uploads\/2026\/04\/\u00a9Netflix-41-1536x1025.jpg 1536w, https:\/\/richeskarayib.com\/wp-content\/uploads\/2026\/04\/\u00a9Netflix-41-1320x881.jpg 1320w, https:\/\/richeskarayib.com\/wp-content\/uploads\/2026\/04\/\u00a9Netflix-41.jpg 1920w\" sizes=\"(max-width: 800px) 100vw, 800px\" \/>\t\t\t\t\t\t\t\t\t\t\t<figcaption class=\"widget-image-caption wp-caption-text\">\u00a9Netflix<\/figcaption>\n\t\t\t\t\t\t\t\t\t\t<\/figure>\n\t\t\t\t\t\t\t\t\t<\/div>\n\t\t\t\t<\/div>\n\t\t\t\t\t<\/div>\n\t\t<\/div>\n\t\t\t\t\t<\/div>\n\t\t<\/section>\n\t\t\t\t\t<\/div>\n\t\t<\/div>\n\t\t\t\t\t<\/div>\n\t\t<\/section>\n\t\t\t\t<section class=\"elementor-section elementor-top-section elementor-element elementor-element-ee7f5d7 elementor-section-boxed elementor-section-height-default elementor-section-height-default\" data-id=\"ee7f5d7\" data-element_type=\"section\">\n\t\t\t\t\t\t<div class=\"elementor-container elementor-column-gap-default\">\n\t\t\t\t\t<div class=\"elementor-column elementor-col-100 elementor-top-column elementor-element elementor-element-0669c08\" data-id=\"0669c08\" data-element_type=\"column\">\n\t\t\t<div class=\"elementor-widget-wrap elementor-element-populated\">\n\t\t\t\t\t\t<div class=\"elementor-element elementor-element-acc47ca elementor-widget elementor-widget-heading\" data-id=\"acc47ca\" data-element_type=\"widget\" data-widget_type=\"heading.default\">\n\t\t\t\t<div class=\"elementor-widget-container\">\n\t\t\t\t\t<h2 class=\"elementor-heading-title elementor-size-default\">Un tournage qui laisse des traces dans le paysage audiovisuel local<\/h2>\t\t\t\t<\/div>\n\t\t\t\t<\/div>\n\t\t\t\t<div class=\"elementor-element elementor-element-4bb1533 elementor-widget elementor-widget-text-editor\" data-id=\"4bb1533\" data-element_type=\"widget\" data-widget_type=\"text-editor.default\">\n\t\t\t\t<div class=\"elementor-widget-container\">\n\t\t\t\t\t\t\t\t\t<p><span style=\"font-weight: 400;\">La s\u00e9rie <\/span><a href=\"https:\/\/www.allocine.fr\/series\/ficheserie_gen_cserie=1000000157.html\" target=\"_blank\" rel=\"noopener nofollow\">Bandi<\/a><span style=\"font-weight: 400;\"> ne se limite pas \u00e0 son r\u00e9sultat \u00e0 l\u2019\u00e9cran. Son tournage a aussi compt\u00e9 pour la fili\u00e8re audiovisuelle locale. Les talents martiniquais ont \u00e9t\u00e9 mobilis\u00e9s devant et derri\u00e8re la cam\u00e9ra, et la production a cr\u00e9\u00e9 un cadre de travail rare par son ampleur. Pour un territoire o\u00f9 les opportunit\u00e9s de ce niveau restent limit\u00e9es, une s\u00e9rie comme celle-ci vaut aussi comme exp\u00e9rience, comme formation acc\u00e9l\u00e9r\u00e9e et comme point d\u2019appui pour la suite.<\/span><\/p>\t\t\t\t\t\t\t\t<\/div>\n\t\t\t\t<\/div>\n\t\t\t\t<div class=\"elementor-element elementor-element-225ff5a elementor-widget elementor-widget-text-editor\" data-id=\"225ff5a\" data-element_type=\"widget\" data-widget_type=\"text-editor.default\">\n\t\t\t\t<div class=\"elementor-widget-container\">\n\t\t\t\t\t\t\t\t\t<p><span style=\"font-weight: 400;\">Quelques r\u00e9pliques en cr\u00e9ole participent \u00e9galement \u00e0 cet ancrage. Ce d\u00e9tail n\u2019est pas accessoire. Dans une production destin\u00e9e \u00e0 un public tr\u00e8s large, garder une part de langue locale permet de conserver une texture, un rythme, une v\u00e9rit\u00e9. La s\u00e9rie gagne ainsi en densit\u00e9 culturelle, tout en restant accessible \u00e0 un public mondial.<\/span><\/p>\t\t\t\t\t\t\t\t<\/div>\n\t\t\t\t<\/div>\n\t\t\t\t<section class=\"elementor-section elementor-inner-section elementor-element elementor-element-c876e12 elementor-section-boxed elementor-section-height-default elementor-section-height-default\" data-id=\"c876e12\" data-element_type=\"section\">\n\t\t\t\t\t\t<div class=\"elementor-container elementor-column-gap-default\">\n\t\t\t\t\t<div class=\"elementor-column elementor-col-33 elementor-inner-column elementor-element elementor-element-2818536\" data-id=\"2818536\" data-element_type=\"column\">\n\t\t\t<div class=\"elementor-widget-wrap elementor-element-populated\">\n\t\t\t\t\t\t<div class=\"elementor-element elementor-element-e2ce83e elementor-widget elementor-widget-image\" data-id=\"e2ce83e\" data-element_type=\"widget\" data-widget_type=\"image.default\">\n\t\t\t\t<div class=\"elementor-widget-container\">\n\t\t\t\t\t\t\t\t\t\t\t\t<figure class=\"wp-caption\">\n\t\t\t\t\t\t\t\t\t\t<img loading=\"lazy\" decoding=\"async\" width=\"800\" height=\"600\" src=\"https:\/\/richeskarayib.com\/wp-content\/uploads\/2026\/04\/\u00a9Elodie-Tanger-1024x768.jpg\" class=\"attachment-large size-large wp-image-71788\" alt=\"Bandi\" srcset=\"https:\/\/richeskarayib.com\/wp-content\/uploads\/2026\/04\/\u00a9Elodie-Tanger-1024x768.jpg 1024w, https:\/\/richeskarayib.com\/wp-content\/uploads\/2026\/04\/\u00a9Elodie-Tanger-300x225.jpg 300w, https:\/\/richeskarayib.com\/wp-content\/uploads\/2026\/04\/\u00a9Elodie-Tanger-768x576.jpg 768w, https:\/\/richeskarayib.com\/wp-content\/uploads\/2026\/04\/\u00a9Elodie-Tanger.jpg 1280w\" sizes=\"(max-width: 800px) 100vw, 800px\" \/>\t\t\t\t\t\t\t\t\t\t\t<figcaption class=\"widget-image-caption wp-caption-text\">\u00a9Elodie Tanger<\/figcaption>\n\t\t\t\t\t\t\t\t\t\t<\/figure>\n\t\t\t\t\t\t\t\t\t<\/div>\n\t\t\t\t<\/div>\n\t\t\t\t\t<\/div>\n\t\t<\/div>\n\t\t\t\t<div class=\"elementor-column elementor-col-33 elementor-inner-column elementor-element elementor-element-adfd391\" data-id=\"adfd391\" data-element_type=\"column\">\n\t\t\t<div class=\"elementor-widget-wrap elementor-element-populated\">\n\t\t\t\t\t\t<div class=\"elementor-element elementor-element-c8f325e elementor-widget elementor-widget-image\" data-id=\"c8f325e\" data-element_type=\"widget\" data-widget_type=\"image.default\">\n\t\t\t\t<div class=\"elementor-widget-container\">\n\t\t\t\t\t\t\t\t\t\t\t\t<figure class=\"wp-caption\">\n\t\t\t\t\t\t\t\t\t\t<img loading=\"lazy\" decoding=\"async\" width=\"800\" height=\"600\" src=\"https:\/\/richeskarayib.com\/wp-content\/uploads\/2026\/04\/\u00a9Elodie-Tanger-1-1024x768.jpg\" class=\"attachment-large size-large wp-image-71792\" alt=\"Bandi\" srcset=\"https:\/\/richeskarayib.com\/wp-content\/uploads\/2026\/04\/\u00a9Elodie-Tanger-1-1024x768.jpg 1024w, https:\/\/richeskarayib.com\/wp-content\/uploads\/2026\/04\/\u00a9Elodie-Tanger-1-300x225.jpg 300w, https:\/\/richeskarayib.com\/wp-content\/uploads\/2026\/04\/\u00a9Elodie-Tanger-1-768x576.jpg 768w, https:\/\/richeskarayib.com\/wp-content\/uploads\/2026\/04\/\u00a9Elodie-Tanger-1.jpg 1280w\" sizes=\"(max-width: 800px) 100vw, 800px\" \/>\t\t\t\t\t\t\t\t\t\t\t<figcaption class=\"widget-image-caption wp-caption-text\">\u00a9Elodie Tanger<\/figcaption>\n\t\t\t\t\t\t\t\t\t\t<\/figure>\n\t\t\t\t\t\t\t\t\t<\/div>\n\t\t\t\t<\/div>\n\t\t\t\t\t<\/div>\n\t\t<\/div>\n\t\t\t\t<div class=\"elementor-column elementor-col-33 elementor-inner-column elementor-element elementor-element-6198407\" data-id=\"6198407\" data-element_type=\"column\">\n\t\t\t<div class=\"elementor-widget-wrap elementor-element-populated\">\n\t\t\t\t\t\t<div class=\"elementor-element elementor-element-44f038b elementor-widget elementor-widget-image\" data-id=\"44f038b\" data-element_type=\"widget\" data-widget_type=\"image.default\">\n\t\t\t\t<div class=\"elementor-widget-container\">\n\t\t\t\t\t\t\t\t\t\t\t\t<figure class=\"wp-caption\">\n\t\t\t\t\t\t\t\t\t\t<img loading=\"lazy\" decoding=\"async\" width=\"800\" height=\"600\" src=\"https:\/\/richeskarayib.com\/wp-content\/uploads\/2026\/04\/\u00a9Elodie-Tanger-2-1024x768.jpg\" class=\"attachment-large size-large wp-image-71796\" alt=\"Bandi\" srcset=\"https:\/\/richeskarayib.com\/wp-content\/uploads\/2026\/04\/\u00a9Elodie-Tanger-2-1024x768.jpg 1024w, https:\/\/richeskarayib.com\/wp-content\/uploads\/2026\/04\/\u00a9Elodie-Tanger-2-300x225.jpg 300w, https:\/\/richeskarayib.com\/wp-content\/uploads\/2026\/04\/\u00a9Elodie-Tanger-2-768x576.jpg 768w, https:\/\/richeskarayib.com\/wp-content\/uploads\/2026\/04\/\u00a9Elodie-Tanger-2.jpg 1280w\" sizes=\"(max-width: 800px) 100vw, 800px\" \/>\t\t\t\t\t\t\t\t\t\t\t<figcaption class=\"widget-image-caption wp-caption-text\">\u00a9Elodie Tanger<\/figcaption>\n\t\t\t\t\t\t\t\t\t\t<\/figure>\n\t\t\t\t\t\t\t\t\t<\/div>\n\t\t\t\t<\/div>\n\t\t\t\t\t<\/div>\n\t\t<\/div>\n\t\t\t\t\t<\/div>\n\t\t<\/section>\n\t\t\t\t\t<\/div>\n\t\t<\/div>\n\t\t\t\t\t<\/div>\n\t\t<\/section>\n\t\t\t\t<section class=\"elementor-section elementor-top-section elementor-element elementor-element-f03d675 elementor-section-boxed elementor-section-height-default elementor-section-height-default\" data-id=\"f03d675\" data-element_type=\"section\">\n\t\t\t\t\t\t<div class=\"elementor-container elementor-column-gap-default\">\n\t\t\t\t\t<div class=\"elementor-column elementor-col-100 elementor-top-column elementor-element elementor-element-ddb1e36\" data-id=\"ddb1e36\" data-element_type=\"column\">\n\t\t\t<div class=\"elementor-widget-wrap elementor-element-populated\">\n\t\t\t\t\t\t<div class=\"elementor-element elementor-element-66035d3 elementor-widget elementor-widget-heading\" data-id=\"66035d3\" data-element_type=\"widget\" data-widget_type=\"heading.default\">\n\t\t\t\t<div class=\"elementor-widget-container\">\n\t\t\t\t\t<h2 class=\"elementor-heading-title elementor-size-default\">Madiana, une avant-premi\u00e8re \u00e0 la hauteur de l\u2019attente<\/h2>\t\t\t\t<\/div>\n\t\t\t\t<\/div>\n\t\t\t\t<div class=\"elementor-element elementor-element-cae4ec8 elementor-widget elementor-widget-text-editor\" data-id=\"cae4ec8\" data-element_type=\"widget\" data-widget_type=\"text-editor.default\">\n\t\t\t\t<div class=\"elementor-widget-container\">\n\t\t\t\t\t\t\t\t\t<p>L\u2019avant-premi\u00e8re organis\u00e9e le 19 mars 2026 au cin\u00e9ma Madiana, en <a href=\"https:\/\/richeskarayib.com\/fr\/diffusion-artistique-martinique-onda\/\" target=\"_blank\" rel=\"noopener\">Martinique<\/a>, a donn\u00e9 un aper\u00e7u de ce que repr\u00e9sente d\u00e9j\u00e0 la s\u00e9rie Bandi pour le territoire. Le premier \u00e9pisode y a \u00e9t\u00e9 projet\u00e9 avant la mise en ligne mondiale, dans une soir\u00e9e qui a r\u00e9uni \u00e9quipe, com\u00e9diens et public. Le symbole est fort : avant de voyager dans le monde entier, la s\u00e9rie a d\u2019abord rencontr\u00e9 ceux dont elle porte les visages, les voix et une partie des tensions.<\/p>\t\t\t\t\t\t\t\t<\/div>\n\t\t\t\t<\/div>\n\t\t\t\t<div class=\"elementor-element elementor-element-80dc75a elementor-widget elementor-widget-text-editor\" data-id=\"80dc75a\" data-element_type=\"widget\" data-widget_type=\"text-editor.default\">\n\t\t\t\t<div class=\"elementor-widget-container\">\n\t\t\t\t\t\t\t\t\t<p><span style=\"font-weight: 400;\">Cette avant-premi\u00e8re a aussi confirm\u00e9 que la s\u00e9rie <\/span>Bandi<span style=\"font-weight: 400;\"> d\u00e9passe le cadre d\u2019une simple nouveaut\u00e9 de plateforme. Elle s\u2019inscrit d\u00e9j\u00e0 dans l\u2019histoire culturelle r\u00e9cente de la Martinique, parce qu\u2019elle relie plusieurs dimensions rarement r\u00e9unies \u00e0 cette \u00e9chelle : une diffusion mondiale, un casting largement local, un tournage enracin\u00e9 sur l\u2019\u00eele et une histoire qui prend le risque d\u2019aborder des r\u00e9alit\u00e9s sociales sensibles.<\/span><\/p>\t\t\t\t\t\t\t\t<\/div>\n\t\t\t\t<\/div>\n\t\t\t\t<section class=\"elementor-section elementor-inner-section elementor-element elementor-element-f5fbc91 elementor-section-boxed elementor-section-height-default elementor-section-height-default\" data-id=\"f5fbc91\" data-element_type=\"section\">\n\t\t\t\t\t\t<div class=\"elementor-container elementor-column-gap-default\">\n\t\t\t\t\t<div class=\"elementor-column elementor-col-50 elementor-inner-column elementor-element elementor-element-7938e96\" data-id=\"7938e96\" data-element_type=\"column\">\n\t\t\t<div class=\"elementor-widget-wrap elementor-element-populated\">\n\t\t\t\t\t\t<div class=\"elementor-element elementor-element-3aa362b elementor-widget elementor-widget-image\" data-id=\"3aa362b\" data-element_type=\"widget\" data-widget_type=\"image.default\">\n\t\t\t\t<div class=\"elementor-widget-container\">\n\t\t\t\t\t\t\t\t\t\t\t\t<figure class=\"wp-caption\">\n\t\t\t\t\t\t\t\t\t\t<img loading=\"lazy\" decoding=\"async\" width=\"800\" height=\"536\" src=\"https:\/\/richeskarayib.com\/wp-content\/uploads\/2026\/04\/\u00a9Geoffrey-Suez-panama-1024x686.jpg\" class=\"attachment-large size-large wp-image-71812\" alt=\"Bandi\" srcset=\"https:\/\/richeskarayib.com\/wp-content\/uploads\/2026\/04\/\u00a9Geoffrey-Suez-panama-1024x686.jpg 1024w, https:\/\/richeskarayib.com\/wp-content\/uploads\/2026\/04\/\u00a9Geoffrey-Suez-panama-300x201.jpg 300w, https:\/\/richeskarayib.com\/wp-content\/uploads\/2026\/04\/\u00a9Geoffrey-Suez-panama-768x514.jpg 768w, https:\/\/richeskarayib.com\/wp-content\/uploads\/2026\/04\/\u00a9Geoffrey-Suez-panama-1320x884.jpg 1320w, https:\/\/richeskarayib.com\/wp-content\/uploads\/2026\/04\/\u00a9Geoffrey-Suez-panama.jpg 1440w\" sizes=\"(max-width: 800px) 100vw, 800px\" \/>\t\t\t\t\t\t\t\t\t\t\t<figcaption class=\"widget-image-caption wp-caption-text\">\u00a9Geoffrey Suez-panama<\/figcaption>\n\t\t\t\t\t\t\t\t\t\t<\/figure>\n\t\t\t\t\t\t\t\t\t<\/div>\n\t\t\t\t<\/div>\n\t\t\t\t\t<\/div>\n\t\t<\/div>\n\t\t\t\t<div class=\"elementor-column elementor-col-50 elementor-inner-column elementor-element elementor-element-6077170\" data-id=\"6077170\" data-element_type=\"column\">\n\t\t\t<div class=\"elementor-widget-wrap elementor-element-populated\">\n\t\t\t\t\t\t<div class=\"elementor-element elementor-element-851139c elementor-widget elementor-widget-image\" data-id=\"851139c\" data-element_type=\"widget\" data-widget_type=\"image.default\">\n\t\t\t\t<div class=\"elementor-widget-container\">\n\t\t\t\t\t\t\t\t\t\t\t\t<figure class=\"wp-caption\">\n\t\t\t\t\t\t\t\t\t\t<img loading=\"lazy\" decoding=\"async\" width=\"800\" height=\"534\" src=\"https:\/\/richeskarayib.com\/wp-content\/uploads\/2026\/04\/\u00a9Geoffrey-Suez-panama-2-1024x683.jpg\" class=\"attachment-large size-large wp-image-71816\" alt=\"Bandi\" srcset=\"https:\/\/richeskarayib.com\/wp-content\/uploads\/2026\/04\/\u00a9Geoffrey-Suez-panama-2-1024x683.jpg 1024w, https:\/\/richeskarayib.com\/wp-content\/uploads\/2026\/04\/\u00a9Geoffrey-Suez-panama-2-300x200.jpg 300w, https:\/\/richeskarayib.com\/wp-content\/uploads\/2026\/04\/\u00a9Geoffrey-Suez-panama-2-768x512.jpg 768w, https:\/\/richeskarayib.com\/wp-content\/uploads\/2026\/04\/\u00a9Geoffrey-Suez-panama-2-1320x880.jpg 1320w, https:\/\/richeskarayib.com\/wp-content\/uploads\/2026\/04\/\u00a9Geoffrey-Suez-panama-2.jpg 1440w\" sizes=\"(max-width: 800px) 100vw, 800px\" \/>\t\t\t\t\t\t\t\t\t\t\t<figcaption class=\"widget-image-caption wp-caption-text\">\u00a9Geoffrey Suez-panama<\/figcaption>\n\t\t\t\t\t\t\t\t\t\t<\/figure>\n\t\t\t\t\t\t\t\t\t<\/div>\n\t\t\t\t<\/div>\n\t\t\t\t\t<\/div>\n\t\t<\/div>\n\t\t\t\t\t<\/div>\n\t\t<\/section>\n\t\t\t\t\t<\/div>\n\t\t<\/div>\n\t\t\t\t\t<\/div>\n\t\t<\/section>\n\t\t\t\t<section class=\"elementor-section elementor-top-section elementor-element elementor-element-4489519 elementor-section-boxed elementor-section-height-default elementor-section-height-default\" data-id=\"4489519\" data-element_type=\"section\">\n\t\t\t\t\t\t<div class=\"elementor-container elementor-column-gap-default\">\n\t\t\t\t\t<div class=\"elementor-column elementor-col-100 elementor-top-column elementor-element elementor-element-5d2259b\" data-id=\"5d2259b\" data-element_type=\"column\">\n\t\t\t<div class=\"elementor-widget-wrap elementor-element-populated\">\n\t\t\t\t\t\t<div class=\"elementor-element elementor-element-72fd51f elementor-widget elementor-widget-heading\" data-id=\"72fd51f\" data-element_type=\"widget\" data-widget_type=\"heading.default\">\n\t\t\t\t<div class=\"elementor-widget-container\">\n\t\t\t\t\t<h2 class=\"elementor-heading-title elementor-size-default\">Une s\u00e9rie qui compte d\u00e9j\u00e0 pour la Cara\u00efbe<\/h2>\t\t\t\t<\/div>\n\t\t\t\t<\/div>\n\t\t\t\t<div class=\"elementor-element elementor-element-68c02da elementor-widget elementor-widget-text-editor\" data-id=\"68c02da\" data-element_type=\"widget\" data-widget_type=\"text-editor.default\">\n\t\t\t\t<div class=\"elementor-widget-container\">\n\t\t\t\t\t\t\t\t\t<p><span style=\"font-weight: 400;\">La s\u00e9rie <\/span>Bandi<span style=\"font-weight: 400;\"> peut marquer un tournant. Pas parce qu\u2019elle r\u00e8glera \u00e0 elle seule les d\u00e9bats sur l\u2019image des Antilles, mais parce qu\u2019elle ouvre un espace plus large pour les r\u00e9cits carib\u00e9ens \u00e0 l\u2019\u00e9cran. Elle montre qu\u2019une fiction ambitieuse peut \u00eatre tourn\u00e9e en Martinique, port\u00e9e par des talents du territoire, puis diffus\u00e9e bien au-del\u00e0 de l\u2019\u00eele. En cela, la s\u00e9rie n\u2019est pas seulement une sortie Netflix. Elle devient un test, un signal et peut-\u00eatre le d\u00e9but d\u2019une nouvelle \u00e9tape pour la visibilit\u00e9 audiovisuelle martiniquaise.<\/span><\/p>\t\t\t\t\t\t\t\t<\/div>\n\t\t\t\t<\/div>\n\t\t\t\t\t<\/div>\n\t\t<\/div>\n\t\t\t\t\t<\/div>\n\t\t<\/section>\n\t\t\t\t<section class=\"elementor-section elementor-top-section elementor-element elementor-element-f5709a6 elementor-section-boxed elementor-section-height-default elementor-section-height-default\" data-id=\"f5709a6\" data-element_type=\"section\">\n\t\t\t\t\t\t<div class=\"elementor-container elementor-column-gap-default\">\n\t\t\t\t\t<div class=\"elementor-column elementor-col-100 elementor-top-column elementor-element elementor-element-957be6f\" data-id=\"957be6f\" data-element_type=\"column\">\n\t\t\t<div class=\"elementor-widget-wrap elementor-element-populated\">\n\t\t\t\t\t\t<div class=\"elementor-element elementor-element-63e5d4a elementor-widget elementor-widget-accordion\" data-id=\"63e5d4a\" data-element_type=\"widget\" data-widget_type=\"accordion.default\">\n\t\t\t\t<div class=\"elementor-widget-container\">\n\t\t\t\t\t\t\t<div class=\"elementor-accordion\">\n\t\t\t\t\t\t\t<div class=\"elementor-accordion-item\">\n\t\t\t\t\t<div id=\"elementor-tab-title-1041\" class=\"elementor-tab-title\" data-tab=\"1\" role=\"button\" aria-controls=\"elementor-tab-content-1041\" aria-expanded=\"false\">\n\t\t\t\t\t\t\t\t\t\t\t\t\t<span class=\"elementor-accordion-icon elementor-accordion-icon-left\" aria-hidden=\"true\">\n\t\t\t\t\t\t\t\t\t\t\t\t\t\t\t<span class=\"elementor-accordion-icon-closed\"><i class=\"fas fa-plus\"><\/i><\/span>\n\t\t\t\t\t\t\t\t<span class=\"elementor-accordion-icon-opened\"><i class=\"fas fa-minus\"><\/i><\/span>\n\t\t\t\t\t\t\t\t\t\t\t\t\t\t<\/span>\n\t\t\t\t\t\t\t\t\t\t\t\t<a class=\"elementor-accordion-title\" tabindex=\"0\">Qu\u2019est-ce que la s\u00e9rie Bandi sur Netflix ?<\/a>\n\t\t\t\t\t<\/div>\n\t\t\t\t\t<div id=\"elementor-tab-content-1041\" class=\"elementor-tab-content elementor-clearfix\" data-tab=\"1\" role=\"region\" aria-labelledby=\"elementor-tab-title-1041\"><p><span style=\"font-weight: 400;\">Bandi est une s\u00e9rie dramatique en huit \u00e9pisodes tourn\u00e9e en Martinique. L\u2019histoire suit une fratrie confront\u00e9e \u00e0 la mort de sa m\u00e8re, \u00e0 la pr\u00e9carit\u00e9, aux tensions familiales et aux choix de survie qui peuvent faire basculer une vie. L\u2019int\u00e9r\u00eat de la s\u00e9rie ne repose pas seulement sur son intrigue, mais aussi sur sa capacit\u00e9 \u00e0 inscrire la Martinique au centre d\u2019un r\u00e9cit diffus\u00e9 \u00e0 l\u2019international.<\/span><\/p><\/div>\n\t\t\t\t<\/div>\n\t\t\t\t\t\t\t<div class=\"elementor-accordion-item\">\n\t\t\t\t\t<div id=\"elementor-tab-title-1042\" class=\"elementor-tab-title\" data-tab=\"2\" role=\"button\" aria-controls=\"elementor-tab-content-1042\" aria-expanded=\"false\">\n\t\t\t\t\t\t\t\t\t\t\t\t\t<span class=\"elementor-accordion-icon elementor-accordion-icon-left\" aria-hidden=\"true\">\n\t\t\t\t\t\t\t\t\t\t\t\t\t\t\t<span class=\"elementor-accordion-icon-closed\"><i class=\"fas fa-plus\"><\/i><\/span>\n\t\t\t\t\t\t\t\t<span class=\"elementor-accordion-icon-opened\"><i class=\"fas fa-minus\"><\/i><\/span>\n\t\t\t\t\t\t\t\t\t\t\t\t\t\t<\/span>\n\t\t\t\t\t\t\t\t\t\t\t\t<a class=\"elementor-accordion-title\" tabindex=\"0\">Pourquoi la s\u00e9rie Bandi attire-t-elle autant l\u2019attention en Martinique ?<\/a>\n\t\t\t\t\t<\/div>\n\t\t\t\t\t<div id=\"elementor-tab-content-1042\" class=\"elementor-tab-content elementor-clearfix\" data-tab=\"2\" role=\"region\" aria-labelledby=\"elementor-tab-title-1042\"><p><span style=\"font-weight: 400;\">La s\u00e9rie Bandi attire l\u2019attention parce qu\u2019elle donne une visibilit\u00e9 rare \u00e0 la Martinique sur une plateforme mondiale. Elle met en avant des acteurs, des figurants et des techniciens du territoire, tout en s\u2019appuyant sur des d\u00e9cors r\u00e9els de l\u2019\u00eele. Elle suscite aussi de l\u2019int\u00e9r\u00eat parce qu\u2019elle pose une question importante : comment raconter la Martinique \u00e0 l\u2019\u00e9cran avec intensit\u00e9, sans l\u2019enfermer dans une image r\u00e9ductrice.<\/span><\/p><\/div>\n\t\t\t\t<\/div>\n\t\t\t\t\t\t\t<div class=\"elementor-accordion-item\">\n\t\t\t\t\t<div id=\"elementor-tab-title-1043\" class=\"elementor-tab-title\" data-tab=\"3\" role=\"button\" aria-controls=\"elementor-tab-content-1043\" aria-expanded=\"false\">\n\t\t\t\t\t\t\t\t\t\t\t\t\t<span class=\"elementor-accordion-icon elementor-accordion-icon-left\" aria-hidden=\"true\">\n\t\t\t\t\t\t\t\t\t\t\t\t\t\t\t<span class=\"elementor-accordion-icon-closed\"><i class=\"fas fa-plus\"><\/i><\/span>\n\t\t\t\t\t\t\t\t<span class=\"elementor-accordion-icon-opened\"><i class=\"fas fa-minus\"><\/i><\/span>\n\t\t\t\t\t\t\t\t\t\t\t\t\t\t<\/span>\n\t\t\t\t\t\t\t\t\t\t\t\t<a class=\"elementor-accordion-title\" tabindex=\"0\">O\u00f9 la s\u00e9rie Bandi a-t-elle \u00e9t\u00e9 tourn\u00e9e ?<\/a>\n\t\t\t\t\t<\/div>\n\t\t\t\t\t<div id=\"elementor-tab-content-1043\" class=\"elementor-tab-content elementor-clearfix\" data-tab=\"3\" role=\"region\" aria-labelledby=\"elementor-tab-title-1043\"><p><span style=\"font-weight: 400;\">La s\u00e9rie Bandi a \u00e9t\u00e9 tourn\u00e9e en Martinique. Cet ancrage local donne une vraie identit\u00e9 au projet, car l\u2019\u00eele n\u2019est pas utilis\u00e9e comme simple d\u00e9cor visuel. Les paysages, les quartiers, les ambiances et une part de la langue locale participent \u00e0 la narration. Cela renforce le sentiment d\u2019authenticit\u00e9 et donne \u00e0 la s\u00e9rie une texture plus proche du territoire.<\/span><\/p><\/div>\n\t\t\t\t<\/div>\n\t\t\t\t\t\t\t<div class=\"elementor-accordion-item\">\n\t\t\t\t\t<div id=\"elementor-tab-title-1044\" class=\"elementor-tab-title\" data-tab=\"4\" role=\"button\" aria-controls=\"elementor-tab-content-1044\" aria-expanded=\"false\">\n\t\t\t\t\t\t\t\t\t\t\t\t\t<span class=\"elementor-accordion-icon elementor-accordion-icon-left\" aria-hidden=\"true\">\n\t\t\t\t\t\t\t\t\t\t\t\t\t\t\t<span class=\"elementor-accordion-icon-closed\"><i class=\"fas fa-plus\"><\/i><\/span>\n\t\t\t\t\t\t\t\t<span class=\"elementor-accordion-icon-opened\"><i class=\"fas fa-minus\"><\/i><\/span>\n\t\t\t\t\t\t\t\t\t\t\t\t\t\t<\/span>\n\t\t\t\t\t\t\t\t\t\t\t\t<a class=\"elementor-accordion-title\" tabindex=\"0\">Qui retrouve-t-on dans le casting de la s\u00e9rie Bandi ?<\/a>\n\t\t\t\t\t<\/div>\n\t\t\t\t\t<div id=\"elementor-tab-content-1044\" class=\"elementor-tab-content elementor-clearfix\" data-tab=\"4\" role=\"region\" aria-labelledby=\"elementor-tab-title-1044\"><p><span style=\"font-weight: 400;\">La s\u00e9rie Bandi met en avant plusieurs com\u00e9diens, avec une forte pr\u00e9sence de talents martiniquais dans les r\u00f4les parlants. Cet aspect est essentiel, car il permet \u00e0 la production de faire \u00e9merger des visages du territoire dans une fiction appel\u00e9e \u00e0 voyager bien au-del\u00e0 de l\u2019\u00eele. Le casting contribue ainsi \u00e0 la port\u00e9e culturelle de la s\u00e9rie autant qu\u2019\u00e0 son impact audiovisuel.<\/span><\/p><\/div>\n\t\t\t\t<\/div>\n\t\t\t\t\t\t\t<div class=\"elementor-accordion-item\">\n\t\t\t\t\t<div id=\"elementor-tab-title-1045\" class=\"elementor-tab-title\" data-tab=\"5\" role=\"button\" aria-controls=\"elementor-tab-content-1045\" aria-expanded=\"false\">\n\t\t\t\t\t\t\t\t\t\t\t\t\t<span class=\"elementor-accordion-icon elementor-accordion-icon-left\" aria-hidden=\"true\">\n\t\t\t\t\t\t\t\t\t\t\t\t\t\t\t<span class=\"elementor-accordion-icon-closed\"><i class=\"fas fa-plus\"><\/i><\/span>\n\t\t\t\t\t\t\t\t<span class=\"elementor-accordion-icon-opened\"><i class=\"fas fa-minus\"><\/i><\/span>\n\t\t\t\t\t\t\t\t\t\t\t\t\t\t<\/span>\n\t\t\t\t\t\t\t\t\t\t\t\t<a class=\"elementor-accordion-title\" tabindex=\"0\">Pourquoi la s\u00e9rie Bandi peut-elle compter pour l\u2019audiovisuel carib\u00e9en ?<\/a>\n\t\t\t\t\t<\/div>\n\t\t\t\t\t<div id=\"elementor-tab-content-1045\" class=\"elementor-tab-content elementor-clearfix\" data-tab=\"5\" role=\"region\" aria-labelledby=\"elementor-tab-title-1045\"><p><span style=\"font-weight: 400;\">La s\u00e9rie Bandi peut compter pour l\u2019audiovisuel carib\u00e9en parce qu\u2019elle montre qu\u2019un projet ambitieux peut \u00eatre tourn\u00e9 en Martinique avec une implication locale forte, puis diffus\u00e9 \u00e0 grande \u00e9chelle. Au-del\u00e0 de la sortie sur Netflix, elle repr\u00e9sente un signal pour la fili\u00e8re : plus de visibilit\u00e9, plus d\u2019exp\u00e9rience de tournage et la possibilit\u00e9 d\u2019ouvrir la voie \u00e0 d\u2019autres r\u00e9cits carib\u00e9ens port\u00e9s par les territoires eux-m\u00eames.<\/span><\/p><\/div>\n\t\t\t\t<\/div>\n\t\t\t\t\t\t\t\t<\/div>\n\t\t\t\t\t\t<\/div>\n\t\t\t\t<\/div>\n\t\t\t\t\t<\/div>\n\t\t<\/div>\n\t\t\t\t\t<\/div>\n\t\t<\/section>\n\t\t\t\t<\/div>\n\t\t","protected":false},"excerpt":{"rendered":"<p>La s\u00e9rie Bandi arrive sur Netflix le 9 avril 2026 avec huit \u00e9pisodes et une ambition claire : raconter une histoire martiniquaise sans r\u00e9duire l\u2019\u00eele \u00e0 un simple d\u00e9cor. Le point de d\u00e9part est brutal. Apr\u00e8s la mort de leur m\u00e8re, onze fr\u00e8res et s\u0153urs \u00e2g\u00e9s de 7 \u00e0 23 ans doivent tenir debout, prot\u00e9ger [&hellip;]<\/p>\n","protected":false},"author":662,"featured_media":71780,"comment_status":"open","ping_status":"open","sticky":false,"template":"","format":"standard","meta":{"_acf_changed":false,"footnotes":""},"categories":[1504],"tags":[808],"class_list":["post-71779","post","type-post","status-publish","format-standard","has-post-thumbnail","hentry","category-film-et-video","tag-martinique-fr"],"acf":[],"_links":{"self":[{"href":"https:\/\/richeskarayib.com\/fr\/wp-json\/wp\/v2\/posts\/71779","targetHints":{"allow":["GET"]}}],"collection":[{"href":"https:\/\/richeskarayib.com\/fr\/wp-json\/wp\/v2\/posts"}],"about":[{"href":"https:\/\/richeskarayib.com\/fr\/wp-json\/wp\/v2\/types\/post"}],"author":[{"embeddable":true,"href":"https:\/\/richeskarayib.com\/fr\/wp-json\/wp\/v2\/users\/662"}],"replies":[{"embeddable":true,"href":"https:\/\/richeskarayib.com\/fr\/wp-json\/wp\/v2\/comments?post=71779"}],"version-history":[{"count":0,"href":"https:\/\/richeskarayib.com\/fr\/wp-json\/wp\/v2\/posts\/71779\/revisions"}],"wp:featuredmedia":[{"embeddable":true,"href":"https:\/\/richeskarayib.com\/fr\/wp-json\/wp\/v2\/media\/71780"}],"wp:attachment":[{"href":"https:\/\/richeskarayib.com\/fr\/wp-json\/wp\/v2\/media?parent=71779"}],"wp:term":[{"taxonomy":"category","embeddable":true,"href":"https:\/\/richeskarayib.com\/fr\/wp-json\/wp\/v2\/categories?post=71779"},{"taxonomy":"post_tag","embeddable":true,"href":"https:\/\/richeskarayib.com\/fr\/wp-json\/wp\/v2\/tags?post=71779"}],"curies":[{"name":"wp","href":"https:\/\/api.w.org\/{rel}","templated":true}]}}