{"id":71950,"date":"2026-04-04T09:08:07","date_gmt":"2026-04-04T13:08:07","guid":{"rendered":"https:\/\/richeskarayib.com\/?p=71950"},"modified":"2026-04-15T11:24:10","modified_gmt":"2026-04-15T15:24:10","slug":"carifta-aquatics-championships-2026-ouverture","status":"publish","type":"post","link":"https:\/\/richeskarayib.com\/fr\/carifta-aquatics-championships-2026-ouverture\/","title":{"rendered":"Martinique &#8211; CARIFTA Aquatics Championships 2026 : quand la Martinique embrasse sa Cara\u00efbe"},"content":{"rendered":"\t\t<div data-elementor-type=\"wp-post\" data-elementor-id=\"71950\" class=\"elementor elementor-71950\" data-elementor-post-type=\"post\">\n\t\t\t\t\t\t<section class=\"elementor-section elementor-top-section elementor-element elementor-element-7ca7ca1 elementor-section-boxed elementor-section-height-default elementor-section-height-default\" data-id=\"7ca7ca1\" data-element_type=\"section\">\n\t\t\t\t\t\t<div class=\"elementor-container elementor-column-gap-default\">\n\t\t\t\t\t<div class=\"elementor-column elementor-col-100 elementor-top-column elementor-element elementor-element-cbdd002\" data-id=\"cbdd002\" data-element_type=\"column\">\n\t\t\t<div class=\"elementor-widget-wrap elementor-element-populated\">\n\t\t\t\t\t\t<section class=\"elementor-section elementor-inner-section elementor-element elementor-element-bc94849 elementor-section-boxed elementor-section-height-default elementor-section-height-default\" data-id=\"bc94849\" data-element_type=\"section\">\n\t\t\t\t\t\t<div class=\"elementor-container elementor-column-gap-default\">\n\t\t\t\t\t\t<\/div>\n\t\t<\/section>\n\t\t\t\t<section class=\"elementor-section elementor-inner-section elementor-element elementor-element-61571e6 elementor-section-boxed elementor-section-height-default elementor-section-height-default\" data-id=\"61571e6\" data-element_type=\"section\">\n\t\t\t\t\t\t<div class=\"elementor-container elementor-column-gap-default\">\n\t\t\t\t\t\t<\/div>\n\t\t<\/section>\n\t\t\t\t<section class=\"elementor-section elementor-inner-section elementor-element elementor-element-b6262e0 elementor-section-boxed elementor-section-height-default elementor-section-height-default\" data-id=\"b6262e0\" data-element_type=\"section\">\n\t\t\t\t\t\t<div class=\"elementor-container elementor-column-gap-default\">\n\t\t\t\t\t\t<\/div>\n\t\t<\/section>\n\t\t\t\t<section class=\"elementor-section elementor-inner-section elementor-element elementor-element-cca29fd elementor-section-boxed elementor-section-height-default elementor-section-height-default\" data-id=\"cca29fd\" data-element_type=\"section\">\n\t\t\t\t\t\t<div class=\"elementor-container elementor-column-gap-default\">\n\t\t\t\t\t\t<\/div>\n\t\t<\/section>\n\t\t\t\t\t<\/div>\n\t\t<\/div>\n\t\t\t\t\t<\/div>\n\t\t<\/section>\n\t\t\t\t<section class=\"elementor-section elementor-top-section elementor-element elementor-element-ee72354 elementor-section-boxed elementor-section-height-default elementor-section-height-default\" data-id=\"ee72354\" data-element_type=\"section\">\n\t\t\t\t\t\t<div class=\"elementor-container elementor-column-gap-default\">\n\t\t\t\t\t<div class=\"elementor-column elementor-col-100 elementor-top-column elementor-element elementor-element-c59d6fe\" data-id=\"c59d6fe\" data-element_type=\"column\">\n\t\t\t<div class=\"elementor-widget-wrap elementor-element-populated\">\n\t\t\t\t\t\t<div class=\"elementor-element elementor-element-973ec9a elementor-widget elementor-widget-text-editor\" data-id=\"973ec9a\" data-element_type=\"widget\" data-widget_type=\"text-editor.default\">\n\t\t\t\t<div class=\"elementor-widget-container\">\n\t\t\t\t\t\t\t\t\t<p><b>Il y a des journ\u00e9es qui ne ressemblent \u00e0 aucune autre. Des journ\u00e9es o\u00f9 une \u00eele enti\u00e8re retient son souffle, ouvre les bras, et laisse entrer la mer des Antilles tout enti\u00e8re. Ce vendredi 3 avril 2026, le stade Georges-Gratiant du Lamentin a v\u00e9cu l&#8217;une de ces journ\u00e9es-l\u00e0 lors de la c\u00e9r\u00e9monie d\u2019ouverture des <\/b><strong>Carifta Aquatics Championships 2026.<\/strong><\/p>\t\t\t\t\t\t\t\t<\/div>\n\t\t\t\t<\/div>\n\t\t\t\t<div class=\"elementor-element elementor-element-661ebea elementor-widget elementor-widget-text-editor\" data-id=\"661ebea\" data-element_type=\"widget\" data-widget_type=\"text-editor.default\">\n\t\t\t\t<div class=\"elementor-widget-container\">\n\t\t\t\t\t\t\t\t\t<p><span style=\"font-weight: 400;\">C&#8217;est sous un ciel martiniquais que s&#8217;est ouverte la 39e \u00e9dition des <a href=\"https:\/\/richeskarayib.com\/fr\/carifta-aquatics-championships-2026\/\" target=\"_blank\" rel=\"noopener\">Carifta Aquatics Championships 2026<\/a>, la grande comp\u00e9tition de natation carib\u00e9enne qui, dix ans apr\u00e8s sa derni\u00e8re escale sur l&#8217;\u00eele, est revenue poser ses valises \u00e0 la Martinique. Cinq cents jeunes nageurs venus de vingt-quatre nations ont foul\u00e9 la m\u00eame pelouse, port\u00e9 les m\u00eames r\u00eaves, chant\u00e9 dans les m\u00eames couleurs. Et pour quelques heures, avant que les starting-blocks des Carifta Aquatics Championships 2026 ne s&#8217;allument et que les bassins ne s&#8217;affolent, le sport a c\u00e9d\u00e9 la place \u00e0 quelque chose de plus grand encore : la culture, la fiert\u00e9, l&#8217;identit\u00e9 partag\u00e9e d&#8217;un archipel qui, trop souvent, se regarde de loin.<\/span><\/p>\t\t\t\t\t\t\t\t<\/div>\n\t\t\t\t<\/div>\n\t\t\t\t<section class=\"elementor-section elementor-inner-section elementor-element elementor-element-ad0a458 elementor-section-boxed elementor-section-height-default elementor-section-height-default\" data-id=\"ad0a458\" data-element_type=\"section\">\n\t\t\t\t\t\t<div class=\"elementor-container elementor-column-gap-default\">\n\t\t\t\t\t<div class=\"elementor-column elementor-col-100 elementor-inner-column elementor-element elementor-element-c4cf30c\" data-id=\"c4cf30c\" data-element_type=\"column\">\n\t\t\t<div class=\"elementor-widget-wrap elementor-element-populated\">\n\t\t\t\t\t\t<div class=\"elementor-element elementor-element-e9ac7eb elementor-widget elementor-widget-image\" data-id=\"e9ac7eb\" data-element_type=\"widget\" data-widget_type=\"image.default\">\n\t\t\t\t<div class=\"elementor-widget-container\">\n\t\t\t\t\t\t\t\t\t\t\t\t\t\t\t<img fetchpriority=\"high\" decoding=\"async\" width=\"800\" height=\"534\" src=\"https:\/\/richeskarayib.com\/wp-content\/uploads\/2026\/04\/Carifta-opening-ARNAUD-wladimir-94-1024x683.jpg\" class=\"attachment-large size-large wp-image-72107\" alt=\"Carifta Aquatics\" srcset=\"https:\/\/richeskarayib.com\/wp-content\/uploads\/2026\/04\/Carifta-opening-ARNAUD-wladimir-94-1024x683.jpg 1024w, https:\/\/richeskarayib.com\/wp-content\/uploads\/2026\/04\/Carifta-opening-ARNAUD-wladimir-94-300x200.jpg 300w, https:\/\/richeskarayib.com\/wp-content\/uploads\/2026\/04\/Carifta-opening-ARNAUD-wladimir-94-768x512.jpg 768w, https:\/\/richeskarayib.com\/wp-content\/uploads\/2026\/04\/Carifta-opening-ARNAUD-wladimir-94-1536x1024.jpg 1536w, https:\/\/richeskarayib.com\/wp-content\/uploads\/2026\/04\/Carifta-opening-ARNAUD-wladimir-94-1320x880.jpg 1320w, https:\/\/richeskarayib.com\/wp-content\/uploads\/2026\/04\/Carifta-opening-ARNAUD-wladimir-94.jpg 1920w\" sizes=\"(max-width: 800px) 100vw, 800px\" \/>\t\t\t\t\t\t\t\t\t\t\t\t\t\t\t<\/div>\n\t\t\t\t<\/div>\n\t\t\t\t\t<\/div>\n\t\t<\/div>\n\t\t\t\t\t<\/div>\n\t\t<\/section>\n\t\t\t\t<div class=\"elementor-element elementor-element-4f08084 elementor-widget elementor-widget-text-editor\" data-id=\"4f08084\" data-element_type=\"widget\" data-widget_type=\"text-editor.default\">\n\t\t\t\t<div class=\"elementor-widget-container\">\n\t\t\t\t\t\t\t\t\t<p><span style=\"font-weight: 400;\">La c\u00e9r\u00e9monie d\u2019ouverture d<\/span>es <span style=\"font-weight: 400;\"><a href=\"https:\/\/cariftamartinique2026.com\/\" target=\"_blank\" rel=\"noopener nofollow\">Carifta Aquatics Championships 2026<\/a> a d\u00e9but\u00e9 dans les formes, sous la conduite du ma\u00eetre de c\u00e9r\u00e9monie, avec les discours officiels. Le maire de Le Lamentin, le pr\u00e9fet et le pr\u00e9sident de la Collectivit\u00e9 territoriale de Martinique s&#8217;\u00e9taient tous fait repr\u00e9senter,\u00a0 signe que <\/span><b>\u00a0<\/b><span style=\"font-weight: 400;\">Carifta Aquatics Championships appelait bien au-del\u00e0 du simple protocole sportif. Ces prises de parole ont altern\u00e9 fran\u00e7ais et anglais avec une fluidit\u00e9 bienvenue : c&#8217;est un geste politique autant qu&#8217;humain que de parler la langue de l&#8217;autre, et la Martinique l&#8217;a pos\u00e9 avec naturel. Dans une Cara\u00efbe o\u00f9 les h\u00e9ritages coloniaux ont parfois dress\u00e9 des murs l\u00e0 o\u00f9 la g\u00e9ographie cr\u00e9ait des ponts, entendre les deux langues se r\u00e9pondre sur une m\u00eame sc\u00e8ne rel\u00e8ve d\u00e9j\u00e0 de la r\u00e9conciliation.<\/span><\/p>\t\t\t\t\t\t\t\t<\/div>\n\t\t\t\t<\/div>\n\t\t\t\t<section class=\"elementor-section elementor-inner-section elementor-element elementor-element-e1a7a9e elementor-section-boxed elementor-section-height-default elementor-section-height-default\" data-id=\"e1a7a9e\" data-element_type=\"section\">\n\t\t\t\t\t\t<div class=\"elementor-container elementor-column-gap-default\">\n\t\t\t\t\t<div class=\"elementor-column elementor-col-33 elementor-inner-column elementor-element elementor-element-eb42b7c\" data-id=\"eb42b7c\" data-element_type=\"column\">\n\t\t\t<div class=\"elementor-widget-wrap elementor-element-populated\">\n\t\t\t\t\t\t<div class=\"elementor-element elementor-element-e4c84a1 elementor-widget elementor-widget-image\" data-id=\"e4c84a1\" data-element_type=\"widget\" data-widget_type=\"image.default\">\n\t\t\t\t<div class=\"elementor-widget-container\">\n\t\t\t\t\t\t\t\t\t\t\t\t\t\t\t<img decoding=\"async\" width=\"800\" height=\"1000\" src=\"https:\/\/richeskarayib.com\/wp-content\/uploads\/2026\/04\/Carifta030426_ceremonie_ouverture_melissa-simeon-11-819x1024.jpg\" class=\"attachment-large size-large wp-image-71959\" alt=\"Carifta Aquatics\" srcset=\"https:\/\/richeskarayib.com\/wp-content\/uploads\/2026\/04\/Carifta030426_ceremonie_ouverture_melissa-simeon-11-819x1024.jpg 819w, https:\/\/richeskarayib.com\/wp-content\/uploads\/2026\/04\/Carifta030426_ceremonie_ouverture_melissa-simeon-11-240x300.jpg 240w, https:\/\/richeskarayib.com\/wp-content\/uploads\/2026\/04\/Carifta030426_ceremonie_ouverture_melissa-simeon-11-768x960.jpg 768w, https:\/\/richeskarayib.com\/wp-content\/uploads\/2026\/04\/Carifta030426_ceremonie_ouverture_melissa-simeon-11-1229x1536.jpg 1229w, https:\/\/richeskarayib.com\/wp-content\/uploads\/2026\/04\/Carifta030426_ceremonie_ouverture_melissa-simeon-11-1320x1650.jpg 1320w, https:\/\/richeskarayib.com\/wp-content\/uploads\/2026\/04\/Carifta030426_ceremonie_ouverture_melissa-simeon-11.jpg 1536w\" sizes=\"(max-width: 800px) 100vw, 800px\" \/>\t\t\t\t\t\t\t\t\t\t\t\t\t\t\t<\/div>\n\t\t\t\t<\/div>\n\t\t\t\t\t<\/div>\n\t\t<\/div>\n\t\t\t\t<div class=\"elementor-column elementor-col-33 elementor-inner-column elementor-element elementor-element-3bae460\" data-id=\"3bae460\" data-element_type=\"column\">\n\t\t\t<div class=\"elementor-widget-wrap elementor-element-populated\">\n\t\t\t\t\t\t<div class=\"elementor-element elementor-element-cd360ad elementor-widget elementor-widget-image\" data-id=\"cd360ad\" data-element_type=\"widget\" data-widget_type=\"image.default\">\n\t\t\t\t<div class=\"elementor-widget-container\">\n\t\t\t\t\t\t\t\t\t\t\t\t\t\t\t<img decoding=\"async\" width=\"800\" height=\"1000\" src=\"https:\/\/richeskarayib.com\/wp-content\/uploads\/2026\/04\/Carifta-opening-ARNAUD-wladimir-65-819x1024.jpg\" class=\"attachment-large size-large wp-image-71979\" alt=\"Carifta Aquatics\" srcset=\"https:\/\/richeskarayib.com\/wp-content\/uploads\/2026\/04\/Carifta-opening-ARNAUD-wladimir-65-819x1024.jpg 819w, https:\/\/richeskarayib.com\/wp-content\/uploads\/2026\/04\/Carifta-opening-ARNAUD-wladimir-65-240x300.jpg 240w, https:\/\/richeskarayib.com\/wp-content\/uploads\/2026\/04\/Carifta-opening-ARNAUD-wladimir-65-768x960.jpg 768w, https:\/\/richeskarayib.com\/wp-content\/uploads\/2026\/04\/Carifta-opening-ARNAUD-wladimir-65-1229x1536.jpg 1229w, https:\/\/richeskarayib.com\/wp-content\/uploads\/2026\/04\/Carifta-opening-ARNAUD-wladimir-65-1320x1650.jpg 1320w, https:\/\/richeskarayib.com\/wp-content\/uploads\/2026\/04\/Carifta-opening-ARNAUD-wladimir-65.jpg 1536w\" sizes=\"(max-width: 800px) 100vw, 800px\" \/>\t\t\t\t\t\t\t\t\t\t\t\t\t\t\t<\/div>\n\t\t\t\t<\/div>\n\t\t\t\t\t<\/div>\n\t\t<\/div>\n\t\t\t\t<div class=\"elementor-column elementor-col-33 elementor-inner-column elementor-element elementor-element-b007c6a\" data-id=\"b007c6a\" data-element_type=\"column\">\n\t\t\t<div class=\"elementor-widget-wrap elementor-element-populated\">\n\t\t\t\t\t\t<div class=\"elementor-element elementor-element-65d42cc elementor-widget elementor-widget-image\" data-id=\"65d42cc\" data-element_type=\"widget\" data-widget_type=\"image.default\">\n\t\t\t\t<div class=\"elementor-widget-container\">\n\t\t\t\t\t\t\t\t\t\t\t\t\t\t\t<img loading=\"lazy\" decoding=\"async\" width=\"800\" height=\"1000\" src=\"https:\/\/richeskarayib.com\/wp-content\/uploads\/2026\/04\/Carifta030426_ceremonie_ouverture_melissa-simeon-25-819x1024.jpg\" class=\"attachment-large size-large wp-image-71967\" alt=\"Carifta Aquatics\" srcset=\"https:\/\/richeskarayib.com\/wp-content\/uploads\/2026\/04\/Carifta030426_ceremonie_ouverture_melissa-simeon-25-819x1024.jpg 819w, https:\/\/richeskarayib.com\/wp-content\/uploads\/2026\/04\/Carifta030426_ceremonie_ouverture_melissa-simeon-25-240x300.jpg 240w, https:\/\/richeskarayib.com\/wp-content\/uploads\/2026\/04\/Carifta030426_ceremonie_ouverture_melissa-simeon-25-768x960.jpg 768w, https:\/\/richeskarayib.com\/wp-content\/uploads\/2026\/04\/Carifta030426_ceremonie_ouverture_melissa-simeon-25-1229x1536.jpg 1229w, https:\/\/richeskarayib.com\/wp-content\/uploads\/2026\/04\/Carifta030426_ceremonie_ouverture_melissa-simeon-25-1320x1650.jpg 1320w, https:\/\/richeskarayib.com\/wp-content\/uploads\/2026\/04\/Carifta030426_ceremonie_ouverture_melissa-simeon-25.jpg 1536w\" sizes=\"(max-width: 800px) 100vw, 800px\" \/>\t\t\t\t\t\t\t\t\t\t\t\t\t\t\t<\/div>\n\t\t\t\t<\/div>\n\t\t\t\t\t<\/div>\n\t\t<\/div>\n\t\t\t\t\t<\/div>\n\t\t<\/section>\n\t\t\t\t<section class=\"elementor-section elementor-inner-section elementor-element elementor-element-b4a010a elementor-section-boxed elementor-section-height-default elementor-section-height-default\" data-id=\"b4a010a\" data-element_type=\"section\">\n\t\t\t\t\t\t<div class=\"elementor-container elementor-column-gap-default\">\n\t\t\t\t\t<div class=\"elementor-column elementor-col-33 elementor-inner-column elementor-element elementor-element-94aa92f\" data-id=\"94aa92f\" data-element_type=\"column\">\n\t\t\t<div class=\"elementor-widget-wrap elementor-element-populated\">\n\t\t\t\t\t\t<div class=\"elementor-element elementor-element-a3fc6b8 elementor-widget elementor-widget-image\" data-id=\"a3fc6b8\" data-element_type=\"widget\" data-widget_type=\"image.default\">\n\t\t\t\t<div class=\"elementor-widget-container\">\n\t\t\t\t\t\t\t\t\t\t\t\t\t\t\t<img loading=\"lazy\" decoding=\"async\" width=\"800\" height=\"1000\" src=\"https:\/\/richeskarayib.com\/wp-content\/uploads\/2026\/04\/Carifta030426_ceremonie_ouverture_melissa-simeon-36-819x1024.jpg\" class=\"attachment-large size-large wp-image-71971\" alt=\"Carifta Aquatics\" srcset=\"https:\/\/richeskarayib.com\/wp-content\/uploads\/2026\/04\/Carifta030426_ceremonie_ouverture_melissa-simeon-36-819x1024.jpg 819w, https:\/\/richeskarayib.com\/wp-content\/uploads\/2026\/04\/Carifta030426_ceremonie_ouverture_melissa-simeon-36-240x300.jpg 240w, https:\/\/richeskarayib.com\/wp-content\/uploads\/2026\/04\/Carifta030426_ceremonie_ouverture_melissa-simeon-36-768x960.jpg 768w, https:\/\/richeskarayib.com\/wp-content\/uploads\/2026\/04\/Carifta030426_ceremonie_ouverture_melissa-simeon-36-1229x1536.jpg 1229w, https:\/\/richeskarayib.com\/wp-content\/uploads\/2026\/04\/Carifta030426_ceremonie_ouverture_melissa-simeon-36-1320x1650.jpg 1320w, https:\/\/richeskarayib.com\/wp-content\/uploads\/2026\/04\/Carifta030426_ceremonie_ouverture_melissa-simeon-36.jpg 1536w\" sizes=\"(max-width: 800px) 100vw, 800px\" \/>\t\t\t\t\t\t\t\t\t\t\t\t\t\t\t<\/div>\n\t\t\t\t<\/div>\n\t\t\t\t\t<\/div>\n\t\t<\/div>\n\t\t\t\t<div class=\"elementor-column elementor-col-33 elementor-inner-column elementor-element elementor-element-98e7b0e\" data-id=\"98e7b0e\" data-element_type=\"column\">\n\t\t\t<div class=\"elementor-widget-wrap elementor-element-populated\">\n\t\t\t\t\t\t<div class=\"elementor-element elementor-element-df6117c elementor-widget elementor-widget-image\" data-id=\"df6117c\" data-element_type=\"widget\" data-widget_type=\"image.default\">\n\t\t\t\t<div class=\"elementor-widget-container\">\n\t\t\t\t\t\t\t\t\t\t\t\t\t\t\t<img loading=\"lazy\" decoding=\"async\" width=\"800\" height=\"1000\" src=\"https:\/\/richeskarayib.com\/wp-content\/uploads\/2026\/04\/Carifta-opening-ARNAUD-wladimir-71-819x1024.jpg\" class=\"attachment-large size-large wp-image-71983\" alt=\"Carifta Aquatics\" srcset=\"https:\/\/richeskarayib.com\/wp-content\/uploads\/2026\/04\/Carifta-opening-ARNAUD-wladimir-71-819x1024.jpg 819w, https:\/\/richeskarayib.com\/wp-content\/uploads\/2026\/04\/Carifta-opening-ARNAUD-wladimir-71-240x300.jpg 240w, https:\/\/richeskarayib.com\/wp-content\/uploads\/2026\/04\/Carifta-opening-ARNAUD-wladimir-71-768x960.jpg 768w, https:\/\/richeskarayib.com\/wp-content\/uploads\/2026\/04\/Carifta-opening-ARNAUD-wladimir-71-1229x1536.jpg 1229w, https:\/\/richeskarayib.com\/wp-content\/uploads\/2026\/04\/Carifta-opening-ARNAUD-wladimir-71-1320x1650.jpg 1320w, https:\/\/richeskarayib.com\/wp-content\/uploads\/2026\/04\/Carifta-opening-ARNAUD-wladimir-71.jpg 1536w\" sizes=\"(max-width: 800px) 100vw, 800px\" \/>\t\t\t\t\t\t\t\t\t\t\t\t\t\t\t<\/div>\n\t\t\t\t<\/div>\n\t\t\t\t\t<\/div>\n\t\t<\/div>\n\t\t\t\t<div class=\"elementor-column elementor-col-33 elementor-inner-column elementor-element elementor-element-f87d391\" data-id=\"f87d391\" data-element_type=\"column\">\n\t\t\t<div class=\"elementor-widget-wrap elementor-element-populated\">\n\t\t\t\t\t\t<div class=\"elementor-element elementor-element-eb45e05 elementor-widget elementor-widget-image\" data-id=\"eb45e05\" data-element_type=\"widget\" data-widget_type=\"image.default\">\n\t\t\t\t<div class=\"elementor-widget-container\">\n\t\t\t\t\t\t\t\t\t\t\t\t\t\t\t<img loading=\"lazy\" decoding=\"async\" width=\"800\" height=\"1000\" src=\"https:\/\/richeskarayib.com\/wp-content\/uploads\/2026\/04\/Carifta-opening-ARNAUD-wladimir-78-819x1024.jpg\" class=\"attachment-large size-large wp-image-71987\" alt=\"Carifta Aquatics\" srcset=\"https:\/\/richeskarayib.com\/wp-content\/uploads\/2026\/04\/Carifta-opening-ARNAUD-wladimir-78-819x1024.jpg 819w, https:\/\/richeskarayib.com\/wp-content\/uploads\/2026\/04\/Carifta-opening-ARNAUD-wladimir-78-240x300.jpg 240w, https:\/\/richeskarayib.com\/wp-content\/uploads\/2026\/04\/Carifta-opening-ARNAUD-wladimir-78-768x960.jpg 768w, https:\/\/richeskarayib.com\/wp-content\/uploads\/2026\/04\/Carifta-opening-ARNAUD-wladimir-78-1229x1536.jpg 1229w, https:\/\/richeskarayib.com\/wp-content\/uploads\/2026\/04\/Carifta-opening-ARNAUD-wladimir-78-1320x1650.jpg 1320w, https:\/\/richeskarayib.com\/wp-content\/uploads\/2026\/04\/Carifta-opening-ARNAUD-wladimir-78.jpg 1536w\" sizes=\"(max-width: 800px) 100vw, 800px\" \/>\t\t\t\t\t\t\t\t\t\t\t\t\t\t\t<\/div>\n\t\t\t\t<\/div>\n\t\t\t\t\t<\/div>\n\t\t<\/div>\n\t\t\t\t\t<\/div>\n\t\t<\/section>\n\t\t\t\t\t<\/div>\n\t\t<\/div>\n\t\t\t\t\t<\/div>\n\t\t<\/section>\n\t\t\t\t<section class=\"elementor-section elementor-top-section elementor-element elementor-element-82cd8f9 elementor-section-boxed elementor-section-height-default elementor-section-height-default\" data-id=\"82cd8f9\" data-element_type=\"section\">\n\t\t\t\t\t\t<div class=\"elementor-container elementor-column-gap-default\">\n\t\t\t\t\t<div class=\"elementor-column elementor-col-100 elementor-top-column elementor-element elementor-element-0bfdc38\" data-id=\"0bfdc38\" data-element_type=\"column\">\n\t\t\t<div class=\"elementor-widget-wrap elementor-element-populated\">\n\t\t\t\t\t\t<div class=\"elementor-element elementor-element-7d292fe elementor-widget elementor-widget-heading\" data-id=\"7d292fe\" data-element_type=\"widget\" data-widget_type=\"heading.default\">\n\t\t\t\t<div class=\"elementor-widget-container\">\n\t\t\t\t\t<h2 class=\"elementor-heading-title elementor-size-default\">Carifta Aquatics Championships 2026: quand la culture prend les devants<\/h2>\t\t\t\t<\/div>\n\t\t\t\t<\/div>\n\t\t\t\t<div class=\"elementor-element elementor-element-289b094 elementor-widget elementor-widget-text-editor\" data-id=\"289b094\" data-element_type=\"widget\" data-widget_type=\"text-editor.default\">\n\t\t\t\t<div class=\"elementor-widget-container\">\n\t\t\t\t\t\t\t\t\t<p><span style=\"font-weight: 400;\">C&#8217;est quand la musique a pris la parole que quelque chose a chang\u00e9 dans l&#8217;air.<\/span><\/p>\n<p><span style=\"font-weight: 400;\">Un groupe de steel pan a ouvert le bal et pas n&#8217;importe comment. Ces lames d&#8217;acier qui chantent, instrument n\u00e9 dans les ruelles de Trinidad et devenu symbole de toute la Cara\u00efbe, ont r\u00e9sonn\u00e9 ici teint\u00e9es des rythmes locaux martiniquais. Une mani\u00e8re douce et audacieuse de dire : nous sommes diff\u00e9rents, et c&#8217;est pr\u00e9cis\u00e9ment ce qui nous unit. <\/span><b>Tambou B\u00f4 Kanal Junior<\/b><span style=\"font-weight: 400;\"> a ensuite pris le relais, les tambours, ces voix de la terre martiniquaise qui battent depuis les temps anciens, depuis les marrons, depuis la r\u00e9sistance. Les musiques traditionnelles de l&#8217;\u00eele ont envahi le stade, et les jeunes athl\u00e8tes carib\u00e9ens ont d\u00e9couvert, peut-\u00eatre pour la premi\u00e8re fois, le c\u0153ur profond de l&#8217;\u00eele qui les accueillait.<\/span><\/p>\t\t\t\t\t\t\t\t<\/div>\n\t\t\t\t<\/div>\n\t\t\t\t<section class=\"elementor-section elementor-inner-section elementor-element elementor-element-d6c198a elementor-section-boxed elementor-section-height-default elementor-section-height-default\" data-id=\"d6c198a\" data-element_type=\"section\">\n\t\t\t\t\t\t<div class=\"elementor-container elementor-column-gap-default\">\n\t\t\t\t\t<div class=\"elementor-column elementor-col-50 elementor-inner-column elementor-element elementor-element-95ed326\" data-id=\"95ed326\" data-element_type=\"column\">\n\t\t\t<div class=\"elementor-widget-wrap elementor-element-populated\">\n\t\t\t\t\t\t<div class=\"elementor-element elementor-element-91a86e7 elementor-widget elementor-widget-image\" data-id=\"91a86e7\" data-element_type=\"widget\" data-widget_type=\"image.default\">\n\t\t\t\t<div class=\"elementor-widget-container\">\n\t\t\t\t\t\t\t\t\t\t\t\t\t\t\t<img loading=\"lazy\" decoding=\"async\" width=\"800\" height=\"534\" src=\"https:\/\/richeskarayib.com\/wp-content\/uploads\/2026\/04\/Carifta030426_ceremonie_ouverture_melissa-simeon-56-1024x683.jpg\" class=\"attachment-large size-large wp-image-71999\" alt=\"Carifta Aquatics\" srcset=\"https:\/\/richeskarayib.com\/wp-content\/uploads\/2026\/04\/Carifta030426_ceremonie_ouverture_melissa-simeon-56-1024x683.jpg 1024w, https:\/\/richeskarayib.com\/wp-content\/uploads\/2026\/04\/Carifta030426_ceremonie_ouverture_melissa-simeon-56-300x200.jpg 300w, https:\/\/richeskarayib.com\/wp-content\/uploads\/2026\/04\/Carifta030426_ceremonie_ouverture_melissa-simeon-56-768x512.jpg 768w, https:\/\/richeskarayib.com\/wp-content\/uploads\/2026\/04\/Carifta030426_ceremonie_ouverture_melissa-simeon-56-1536x1024.jpg 1536w, https:\/\/richeskarayib.com\/wp-content\/uploads\/2026\/04\/Carifta030426_ceremonie_ouverture_melissa-simeon-56-1320x880.jpg 1320w, https:\/\/richeskarayib.com\/wp-content\/uploads\/2026\/04\/Carifta030426_ceremonie_ouverture_melissa-simeon-56.jpg 1920w\" sizes=\"(max-width: 800px) 100vw, 800px\" \/>\t\t\t\t\t\t\t\t\t\t\t\t\t\t\t<\/div>\n\t\t\t\t<\/div>\n\t\t\t\t\t<\/div>\n\t\t<\/div>\n\t\t\t\t<div class=\"elementor-column elementor-col-50 elementor-inner-column elementor-element elementor-element-0d10de5\" data-id=\"0d10de5\" data-element_type=\"column\">\n\t\t\t<div class=\"elementor-widget-wrap elementor-element-populated\">\n\t\t\t\t\t\t<div class=\"elementor-element elementor-element-349a6c3 elementor-widget elementor-widget-image\" data-id=\"349a6c3\" data-element_type=\"widget\" data-widget_type=\"image.default\">\n\t\t\t\t<div class=\"elementor-widget-container\">\n\t\t\t\t\t\t\t\t\t\t\t\t\t\t\t<img loading=\"lazy\" decoding=\"async\" width=\"800\" height=\"534\" src=\"https:\/\/richeskarayib.com\/wp-content\/uploads\/2026\/04\/Carifta030426_ceremonie_ouverture_melissa-simeon-39-1024x683.jpg\" class=\"attachment-large size-large wp-image-71991\" alt=\"Carifta Aquatics\" srcset=\"https:\/\/richeskarayib.com\/wp-content\/uploads\/2026\/04\/Carifta030426_ceremonie_ouverture_melissa-simeon-39-1024x683.jpg 1024w, https:\/\/richeskarayib.com\/wp-content\/uploads\/2026\/04\/Carifta030426_ceremonie_ouverture_melissa-simeon-39-300x200.jpg 300w, https:\/\/richeskarayib.com\/wp-content\/uploads\/2026\/04\/Carifta030426_ceremonie_ouverture_melissa-simeon-39-768x512.jpg 768w, https:\/\/richeskarayib.com\/wp-content\/uploads\/2026\/04\/Carifta030426_ceremonie_ouverture_melissa-simeon-39-1536x1024.jpg 1536w, https:\/\/richeskarayib.com\/wp-content\/uploads\/2026\/04\/Carifta030426_ceremonie_ouverture_melissa-simeon-39-1320x880.jpg 1320w, https:\/\/richeskarayib.com\/wp-content\/uploads\/2026\/04\/Carifta030426_ceremonie_ouverture_melissa-simeon-39.jpg 1920w\" sizes=\"(max-width: 800px) 100vw, 800px\" \/>\t\t\t\t\t\t\t\t\t\t\t\t\t\t\t<\/div>\n\t\t\t\t<\/div>\n\t\t\t\t\t<\/div>\n\t\t<\/div>\n\t\t\t\t\t<\/div>\n\t\t<\/section>\n\t\t\t\t<section class=\"elementor-section elementor-inner-section elementor-element elementor-element-ad42a68 elementor-section-boxed elementor-section-height-default elementor-section-height-default\" data-id=\"ad42a68\" data-element_type=\"section\">\n\t\t\t\t\t\t<div class=\"elementor-container elementor-column-gap-default\">\n\t\t\t\t\t<div class=\"elementor-column elementor-col-50 elementor-inner-column elementor-element elementor-element-df7db51\" data-id=\"df7db51\" data-element_type=\"column\">\n\t\t\t<div class=\"elementor-widget-wrap elementor-element-populated\">\n\t\t\t\t\t\t<div class=\"elementor-element elementor-element-fd08c47 elementor-widget elementor-widget-image\" data-id=\"fd08c47\" data-element_type=\"widget\" data-widget_type=\"image.default\">\n\t\t\t\t<div class=\"elementor-widget-container\">\n\t\t\t\t\t\t\t\t\t\t\t\t\t\t\t<img loading=\"lazy\" decoding=\"async\" width=\"800\" height=\"1000\" src=\"https:\/\/richeskarayib.com\/wp-content\/uploads\/2026\/04\/Carifta-opening-ARNAUD-wladimir-80-819x1024.jpg\" class=\"attachment-large size-large wp-image-72003\" alt=\"Carifta Aquatics\" srcset=\"https:\/\/richeskarayib.com\/wp-content\/uploads\/2026\/04\/Carifta-opening-ARNAUD-wladimir-80-819x1024.jpg 819w, https:\/\/richeskarayib.com\/wp-content\/uploads\/2026\/04\/Carifta-opening-ARNAUD-wladimir-80-240x300.jpg 240w, https:\/\/richeskarayib.com\/wp-content\/uploads\/2026\/04\/Carifta-opening-ARNAUD-wladimir-80-768x960.jpg 768w, https:\/\/richeskarayib.com\/wp-content\/uploads\/2026\/04\/Carifta-opening-ARNAUD-wladimir-80-1229x1536.jpg 1229w, https:\/\/richeskarayib.com\/wp-content\/uploads\/2026\/04\/Carifta-opening-ARNAUD-wladimir-80-1320x1650.jpg 1320w, https:\/\/richeskarayib.com\/wp-content\/uploads\/2026\/04\/Carifta-opening-ARNAUD-wladimir-80.jpg 1536w\" sizes=\"(max-width: 800px) 100vw, 800px\" \/>\t\t\t\t\t\t\t\t\t\t\t\t\t\t\t<\/div>\n\t\t\t\t<\/div>\n\t\t\t\t\t<\/div>\n\t\t<\/div>\n\t\t\t\t<div class=\"elementor-column elementor-col-50 elementor-inner-column elementor-element elementor-element-8209c94\" data-id=\"8209c94\" data-element_type=\"column\">\n\t\t\t<div class=\"elementor-widget-wrap elementor-element-populated\">\n\t\t\t\t\t\t<div class=\"elementor-element elementor-element-720ef42 elementor-widget elementor-widget-image\" data-id=\"720ef42\" data-element_type=\"widget\" data-widget_type=\"image.default\">\n\t\t\t\t<div class=\"elementor-widget-container\">\n\t\t\t\t\t\t\t\t\t\t\t\t\t\t\t<img loading=\"lazy\" decoding=\"async\" width=\"800\" height=\"1000\" src=\"https:\/\/richeskarayib.com\/wp-content\/uploads\/2026\/04\/Carifta030426_ceremonie_ouverture_melissa-simeon-53-819x1024.jpg\" class=\"attachment-large size-large wp-image-72007\" alt=\"Carifta Aquatics\" srcset=\"https:\/\/richeskarayib.com\/wp-content\/uploads\/2026\/04\/Carifta030426_ceremonie_ouverture_melissa-simeon-53-819x1024.jpg 819w, https:\/\/richeskarayib.com\/wp-content\/uploads\/2026\/04\/Carifta030426_ceremonie_ouverture_melissa-simeon-53-240x300.jpg 240w, https:\/\/richeskarayib.com\/wp-content\/uploads\/2026\/04\/Carifta030426_ceremonie_ouverture_melissa-simeon-53-768x960.jpg 768w, https:\/\/richeskarayib.com\/wp-content\/uploads\/2026\/04\/Carifta030426_ceremonie_ouverture_melissa-simeon-53-1229x1536.jpg 1229w, https:\/\/richeskarayib.com\/wp-content\/uploads\/2026\/04\/Carifta030426_ceremonie_ouverture_melissa-simeon-53-1320x1650.jpg 1320w, https:\/\/richeskarayib.com\/wp-content\/uploads\/2026\/04\/Carifta030426_ceremonie_ouverture_melissa-simeon-53.jpg 1536w\" sizes=\"(max-width: 800px) 100vw, 800px\" \/>\t\t\t\t\t\t\t\t\t\t\t\t\t\t\t<\/div>\n\t\t\t\t<\/div>\n\t\t\t\t\t<\/div>\n\t\t<\/div>\n\t\t\t\t\t<\/div>\n\t\t<\/section>\n\t\t\t\t<div class=\"elementor-element elementor-element-6c3128c elementor-widget elementor-widget-text-editor\" data-id=\"6c3128c\" data-element_type=\"widget\" data-widget_type=\"text-editor.default\">\n\t\t\t\t<div class=\"elementor-widget-container\">\n\t\t\t\t\t\t\t\t\t<p><span style=\"font-weight: 400;\">Et puis il y a eu <\/span><b>Paille<\/b><span style=\"font-weight: 400;\">. L&#8217;artiste martiniquais a mis le feu,\u00a0 c&#8217;est le seul mot juste. Parcourant les genres musicaux carib\u00e9ens comme on traverse la mer d&#8217;\u00eele en \u00eele, il a emmen\u00e9 le public de la Jama\u00efque \u00e0 Trinidad, du reggae au soca, r\u00e9adaptant les grands tubes de la r\u00e9gion avec une g\u00e9n\u00e9rosit\u00e9 communicative. Alternant fran\u00e7ais et anglais avec l&#8217;aide d&#8217;un interpr\u00e8te complice, il a regard\u00e9 ces centaines de jeunes sportifs venus de toute la Cara\u00efbe et les a fait danser, rire, partager. Ce moment-l\u00e0 figurait dans aucun classement, aucune liste de records. Il \u00e9tait pourtant le plus pr\u00e9cieux de la journ\u00e9e.<\/span><\/p>\t\t\t\t\t\t\t\t<\/div>\n\t\t\t\t<\/div>\n\t\t\t\t<section class=\"elementor-section elementor-inner-section elementor-element elementor-element-0d30d53 elementor-section-boxed elementor-section-height-default elementor-section-height-default\" data-id=\"0d30d53\" data-element_type=\"section\">\n\t\t\t\t\t\t<div class=\"elementor-container elementor-column-gap-default\">\n\t\t\t\t\t<div class=\"elementor-column elementor-col-50 elementor-inner-column elementor-element elementor-element-9ae4a9d\" data-id=\"9ae4a9d\" data-element_type=\"column\">\n\t\t\t<div class=\"elementor-widget-wrap elementor-element-populated\">\n\t\t\t\t\t\t<div class=\"elementor-element elementor-element-27baf6c elementor-widget elementor-widget-image\" data-id=\"27baf6c\" data-element_type=\"widget\" data-widget_type=\"image.default\">\n\t\t\t\t<div class=\"elementor-widget-container\">\n\t\t\t\t\t\t\t\t\t\t\t\t\t\t\t<img loading=\"lazy\" decoding=\"async\" width=\"800\" height=\"1000\" src=\"https:\/\/richeskarayib.com\/wp-content\/uploads\/2026\/04\/Carifta-opening-ARNAUD-wladimir-125-819x1024.jpg\" class=\"attachment-large size-large wp-image-71951\" alt=\"Carifta Aquatics\" srcset=\"https:\/\/richeskarayib.com\/wp-content\/uploads\/2026\/04\/Carifta-opening-ARNAUD-wladimir-125-819x1024.jpg 819w, https:\/\/richeskarayib.com\/wp-content\/uploads\/2026\/04\/Carifta-opening-ARNAUD-wladimir-125-240x300.jpg 240w, https:\/\/richeskarayib.com\/wp-content\/uploads\/2026\/04\/Carifta-opening-ARNAUD-wladimir-125-768x960.jpg 768w, https:\/\/richeskarayib.com\/wp-content\/uploads\/2026\/04\/Carifta-opening-ARNAUD-wladimir-125-1229x1536.jpg 1229w, https:\/\/richeskarayib.com\/wp-content\/uploads\/2026\/04\/Carifta-opening-ARNAUD-wladimir-125-1320x1650.jpg 1320w, https:\/\/richeskarayib.com\/wp-content\/uploads\/2026\/04\/Carifta-opening-ARNAUD-wladimir-125.jpg 1536w\" sizes=\"(max-width: 800px) 100vw, 800px\" \/>\t\t\t\t\t\t\t\t\t\t\t\t\t\t\t<\/div>\n\t\t\t\t<\/div>\n\t\t\t\t\t<\/div>\n\t\t<\/div>\n\t\t\t\t<div class=\"elementor-column elementor-col-50 elementor-inner-column elementor-element elementor-element-2013374\" data-id=\"2013374\" data-element_type=\"column\">\n\t\t\t<div class=\"elementor-widget-wrap elementor-element-populated\">\n\t\t\t\t\t\t<div class=\"elementor-element elementor-element-6bbe235 elementor-widget elementor-widget-image\" data-id=\"6bbe235\" data-element_type=\"widget\" data-widget_type=\"image.default\">\n\t\t\t\t<div class=\"elementor-widget-container\">\n\t\t\t\t\t\t\t\t\t\t\t\t\t\t\t<img loading=\"lazy\" decoding=\"async\" width=\"800\" height=\"1000\" src=\"https:\/\/richeskarayib.com\/wp-content\/uploads\/2026\/04\/Carifta-opening-ARNAUD-wladimir-109-819x1024.jpg\" class=\"attachment-large size-large wp-image-71955\" alt=\"Carifta Aquatics\" srcset=\"https:\/\/richeskarayib.com\/wp-content\/uploads\/2026\/04\/Carifta-opening-ARNAUD-wladimir-109-819x1024.jpg 819w, https:\/\/richeskarayib.com\/wp-content\/uploads\/2026\/04\/Carifta-opening-ARNAUD-wladimir-109-240x300.jpg 240w, https:\/\/richeskarayib.com\/wp-content\/uploads\/2026\/04\/Carifta-opening-ARNAUD-wladimir-109-768x960.jpg 768w, https:\/\/richeskarayib.com\/wp-content\/uploads\/2026\/04\/Carifta-opening-ARNAUD-wladimir-109-1229x1536.jpg 1229w, https:\/\/richeskarayib.com\/wp-content\/uploads\/2026\/04\/Carifta-opening-ARNAUD-wladimir-109-1320x1650.jpg 1320w, https:\/\/richeskarayib.com\/wp-content\/uploads\/2026\/04\/Carifta-opening-ARNAUD-wladimir-109.jpg 1536w\" sizes=\"(max-width: 800px) 100vw, 800px\" \/>\t\t\t\t\t\t\t\t\t\t\t\t\t\t\t<\/div>\n\t\t\t\t<\/div>\n\t\t\t\t\t<\/div>\n\t\t<\/div>\n\t\t\t\t\t<\/div>\n\t\t<\/section>\n\t\t\t\t<section class=\"elementor-section elementor-inner-section elementor-element elementor-element-c582330 elementor-section-boxed elementor-section-height-default elementor-section-height-default\" data-id=\"c582330\" data-element_type=\"section\">\n\t\t\t\t\t\t<div class=\"elementor-container elementor-column-gap-default\">\n\t\t\t\t\t\t<\/div>\n\t\t<\/section>\n\t\t\t\t<section class=\"elementor-section elementor-inner-section elementor-element elementor-element-296603a elementor-section-boxed elementor-section-height-default elementor-section-height-default\" data-id=\"296603a\" data-element_type=\"section\">\n\t\t\t\t\t\t<div class=\"elementor-container elementor-column-gap-default\">\n\t\t\t\t\t\t<\/div>\n\t\t<\/section>\n\t\t\t\t\t<\/div>\n\t\t<\/div>\n\t\t\t\t\t<\/div>\n\t\t<\/section>\n\t\t\t\t<section class=\"elementor-section elementor-top-section elementor-element elementor-element-9c88a89 elementor-section-boxed elementor-section-height-default elementor-section-height-default\" data-id=\"9c88a89\" data-element_type=\"section\">\n\t\t\t\t\t\t<div class=\"elementor-container elementor-column-gap-default\">\n\t\t\t\t\t<div class=\"elementor-column elementor-col-100 elementor-top-column elementor-element elementor-element-78cf5d1\" data-id=\"78cf5d1\" data-element_type=\"column\">\n\t\t\t<div class=\"elementor-widget-wrap elementor-element-populated\">\n\t\t\t\t\t\t<div class=\"elementor-element elementor-element-ea2a5c1 elementor-widget elementor-widget-heading\" data-id=\"ea2a5c1\" data-element_type=\"widget\" data-widget_type=\"heading.default\">\n\t\t\t\t<div class=\"elementor-widget-container\">\n\t\t\t\t\t<h2 class=\"elementor-heading-title elementor-size-default\">Vingt-quatre drapeaux, un seul horizon<\/h2>\t\t\t\t<\/div>\n\t\t\t\t<\/div>\n\t\t\t\t<section class=\"elementor-section elementor-inner-section elementor-element elementor-element-a40b46e elementor-section-boxed elementor-section-height-default elementor-section-height-default\" data-id=\"a40b46e\" data-element_type=\"section\">\n\t\t\t\t\t\t<div class=\"elementor-container elementor-column-gap-default\">\n\t\t\t\t\t<div class=\"elementor-column elementor-col-20 elementor-inner-column elementor-element elementor-element-d925bc9\" data-id=\"d925bc9\" data-element_type=\"column\">\n\t\t\t<div class=\"elementor-widget-wrap elementor-element-populated\">\n\t\t\t\t\t\t<div class=\"elementor-element elementor-element-2944b3e elementor-widget elementor-widget-image\" data-id=\"2944b3e\" data-element_type=\"widget\" data-widget_type=\"image.default\">\n\t\t\t\t<div class=\"elementor-widget-container\">\n\t\t\t\t\t\t\t\t\t\t\t\t\t\t\t<img loading=\"lazy\" decoding=\"async\" width=\"800\" height=\"534\" src=\"https:\/\/richeskarayib.com\/wp-content\/uploads\/2026\/04\/Carifta-opening-ARNAUD-wladimir-231-1024x683.jpg\" class=\"attachment-large size-large wp-image-72015\" alt=\"Carifta Aquatics\" srcset=\"https:\/\/richeskarayib.com\/wp-content\/uploads\/2026\/04\/Carifta-opening-ARNAUD-wladimir-231-1024x683.jpg 1024w, https:\/\/richeskarayib.com\/wp-content\/uploads\/2026\/04\/Carifta-opening-ARNAUD-wladimir-231-300x200.jpg 300w, https:\/\/richeskarayib.com\/wp-content\/uploads\/2026\/04\/Carifta-opening-ARNAUD-wladimir-231-768x512.jpg 768w, https:\/\/richeskarayib.com\/wp-content\/uploads\/2026\/04\/Carifta-opening-ARNAUD-wladimir-231-1536x1024.jpg 1536w, https:\/\/richeskarayib.com\/wp-content\/uploads\/2026\/04\/Carifta-opening-ARNAUD-wladimir-231-1320x880.jpg 1320w, https:\/\/richeskarayib.com\/wp-content\/uploads\/2026\/04\/Carifta-opening-ARNAUD-wladimir-231.jpg 1920w\" sizes=\"(max-width: 800px) 100vw, 800px\" \/>\t\t\t\t\t\t\t\t\t\t\t\t\t\t\t<\/div>\n\t\t\t\t<\/div>\n\t\t\t\t\t<\/div>\n\t\t<\/div>\n\t\t\t\t<div class=\"elementor-column elementor-col-20 elementor-inner-column elementor-element elementor-element-14fcd08\" data-id=\"14fcd08\" data-element_type=\"column\">\n\t\t\t<div class=\"elementor-widget-wrap elementor-element-populated\">\n\t\t\t\t\t\t<div class=\"elementor-element elementor-element-10285e3 elementor-widget elementor-widget-image\" data-id=\"10285e3\" data-element_type=\"widget\" data-widget_type=\"image.default\">\n\t\t\t\t<div class=\"elementor-widget-container\">\n\t\t\t\t\t\t\t\t\t\t\t\t\t\t\t<img loading=\"lazy\" decoding=\"async\" width=\"800\" height=\"534\" src=\"https:\/\/richeskarayib.com\/wp-content\/uploads\/2026\/04\/Carifta-opening-ARNAUD-wladimir-232-1024x683.jpg\" class=\"attachment-large size-large wp-image-72019\" alt=\"Carifta Aquatics\" srcset=\"https:\/\/richeskarayib.com\/wp-content\/uploads\/2026\/04\/Carifta-opening-ARNAUD-wladimir-232-1024x683.jpg 1024w, https:\/\/richeskarayib.com\/wp-content\/uploads\/2026\/04\/Carifta-opening-ARNAUD-wladimir-232-300x200.jpg 300w, https:\/\/richeskarayib.com\/wp-content\/uploads\/2026\/04\/Carifta-opening-ARNAUD-wladimir-232-768x512.jpg 768w, https:\/\/richeskarayib.com\/wp-content\/uploads\/2026\/04\/Carifta-opening-ARNAUD-wladimir-232-1536x1024.jpg 1536w, https:\/\/richeskarayib.com\/wp-content\/uploads\/2026\/04\/Carifta-opening-ARNAUD-wladimir-232-1320x880.jpg 1320w, https:\/\/richeskarayib.com\/wp-content\/uploads\/2026\/04\/Carifta-opening-ARNAUD-wladimir-232.jpg 1920w\" sizes=\"(max-width: 800px) 100vw, 800px\" \/>\t\t\t\t\t\t\t\t\t\t\t\t\t\t\t<\/div>\n\t\t\t\t<\/div>\n\t\t\t\t\t<\/div>\n\t\t<\/div>\n\t\t\t\t<div class=\"elementor-column elementor-col-20 elementor-inner-column elementor-element elementor-element-e3544ab\" data-id=\"e3544ab\" data-element_type=\"column\">\n\t\t\t<div class=\"elementor-widget-wrap elementor-element-populated\">\n\t\t\t\t\t\t<div class=\"elementor-element elementor-element-f48d3e3 elementor-widget elementor-widget-image\" data-id=\"f48d3e3\" data-element_type=\"widget\" data-widget_type=\"image.default\">\n\t\t\t\t<div class=\"elementor-widget-container\">\n\t\t\t\t\t\t\t\t\t\t\t\t\t\t\t<img loading=\"lazy\" decoding=\"async\" width=\"800\" height=\"534\" src=\"https:\/\/richeskarayib.com\/wp-content\/uploads\/2026\/04\/Carifta-opening-ARNAUD-wladimir-235-1024x683.jpg\" class=\"attachment-large size-large wp-image-72023\" alt=\"Carifta Aquatics\" srcset=\"https:\/\/richeskarayib.com\/wp-content\/uploads\/2026\/04\/Carifta-opening-ARNAUD-wladimir-235-1024x683.jpg 1024w, https:\/\/richeskarayib.com\/wp-content\/uploads\/2026\/04\/Carifta-opening-ARNAUD-wladimir-235-300x200.jpg 300w, https:\/\/richeskarayib.com\/wp-content\/uploads\/2026\/04\/Carifta-opening-ARNAUD-wladimir-235-768x512.jpg 768w, https:\/\/richeskarayib.com\/wp-content\/uploads\/2026\/04\/Carifta-opening-ARNAUD-wladimir-235-1536x1024.jpg 1536w, https:\/\/richeskarayib.com\/wp-content\/uploads\/2026\/04\/Carifta-opening-ARNAUD-wladimir-235-1320x880.jpg 1320w, https:\/\/richeskarayib.com\/wp-content\/uploads\/2026\/04\/Carifta-opening-ARNAUD-wladimir-235.jpg 1920w\" sizes=\"(max-width: 800px) 100vw, 800px\" \/>\t\t\t\t\t\t\t\t\t\t\t\t\t\t\t<\/div>\n\t\t\t\t<\/div>\n\t\t\t\t\t<\/div>\n\t\t<\/div>\n\t\t\t\t<div class=\"elementor-column elementor-col-20 elementor-inner-column elementor-element elementor-element-c7bf116\" data-id=\"c7bf116\" data-element_type=\"column\">\n\t\t\t<div class=\"elementor-widget-wrap elementor-element-populated\">\n\t\t\t\t\t\t<div class=\"elementor-element elementor-element-3e9a9e4 elementor-widget elementor-widget-image\" data-id=\"3e9a9e4\" data-element_type=\"widget\" data-widget_type=\"image.default\">\n\t\t\t\t<div class=\"elementor-widget-container\">\n\t\t\t\t\t\t\t\t\t\t\t\t\t\t\t<img loading=\"lazy\" decoding=\"async\" width=\"800\" height=\"534\" src=\"https:\/\/richeskarayib.com\/wp-content\/uploads\/2026\/04\/Carifta-opening-ARNAUD-wladimir-227-1024x683.jpg\" class=\"attachment-large size-large wp-image-72027\" alt=\"Carifta Aquatics\" srcset=\"https:\/\/richeskarayib.com\/wp-content\/uploads\/2026\/04\/Carifta-opening-ARNAUD-wladimir-227-1024x683.jpg 1024w, https:\/\/richeskarayib.com\/wp-content\/uploads\/2026\/04\/Carifta-opening-ARNAUD-wladimir-227-300x200.jpg 300w, https:\/\/richeskarayib.com\/wp-content\/uploads\/2026\/04\/Carifta-opening-ARNAUD-wladimir-227-768x512.jpg 768w, https:\/\/richeskarayib.com\/wp-content\/uploads\/2026\/04\/Carifta-opening-ARNAUD-wladimir-227-1536x1024.jpg 1536w, https:\/\/richeskarayib.com\/wp-content\/uploads\/2026\/04\/Carifta-opening-ARNAUD-wladimir-227-1320x880.jpg 1320w, https:\/\/richeskarayib.com\/wp-content\/uploads\/2026\/04\/Carifta-opening-ARNAUD-wladimir-227.jpg 1920w\" sizes=\"(max-width: 800px) 100vw, 800px\" \/>\t\t\t\t\t\t\t\t\t\t\t\t\t\t\t<\/div>\n\t\t\t\t<\/div>\n\t\t\t\t\t<\/div>\n\t\t<\/div>\n\t\t\t\t<div class=\"elementor-column elementor-col-20 elementor-inner-column elementor-element elementor-element-70bb6ff\" data-id=\"70bb6ff\" data-element_type=\"column\">\n\t\t\t<div class=\"elementor-widget-wrap elementor-element-populated\">\n\t\t\t\t\t\t<div class=\"elementor-element elementor-element-a94582c elementor-widget elementor-widget-image\" data-id=\"a94582c\" data-element_type=\"widget\" data-widget_type=\"image.default\">\n\t\t\t\t<div class=\"elementor-widget-container\">\n\t\t\t\t\t\t\t\t\t\t\t\t\t\t\t<img loading=\"lazy\" decoding=\"async\" width=\"800\" height=\"534\" src=\"https:\/\/richeskarayib.com\/wp-content\/uploads\/2026\/04\/Carifta-opening-ARNAUD-wladimir-219-1024x683.jpg\" class=\"attachment-large size-large wp-image-72031\" alt=\"Carifta Aquatics\" srcset=\"https:\/\/richeskarayib.com\/wp-content\/uploads\/2026\/04\/Carifta-opening-ARNAUD-wladimir-219-1024x683.jpg 1024w, https:\/\/richeskarayib.com\/wp-content\/uploads\/2026\/04\/Carifta-opening-ARNAUD-wladimir-219-300x200.jpg 300w, https:\/\/richeskarayib.com\/wp-content\/uploads\/2026\/04\/Carifta-opening-ARNAUD-wladimir-219-768x512.jpg 768w, https:\/\/richeskarayib.com\/wp-content\/uploads\/2026\/04\/Carifta-opening-ARNAUD-wladimir-219-1536x1024.jpg 1536w, https:\/\/richeskarayib.com\/wp-content\/uploads\/2026\/04\/Carifta-opening-ARNAUD-wladimir-219-1320x880.jpg 1320w, https:\/\/richeskarayib.com\/wp-content\/uploads\/2026\/04\/Carifta-opening-ARNAUD-wladimir-219.jpg 1920w\" sizes=\"(max-width: 800px) 100vw, 800px\" \/>\t\t\t\t\t\t\t\t\t\t\t\t\t\t\t<\/div>\n\t\t\t\t<\/div>\n\t\t\t\t\t<\/div>\n\t\t<\/div>\n\t\t\t\t\t<\/div>\n\t\t<\/section>\n\t\t\t\t<div class=\"elementor-element elementor-element-e305eee elementor-widget elementor-widget-text-editor\" data-id=\"e305eee\" data-element_type=\"widget\" data-widget_type=\"text-editor.default\">\n\t\t\t\t<div class=\"elementor-widget-container\">\n\t\t\t\t\t\t\t\t\t<p><span style=\"font-weight: 400;\">Puis vint le d\u00e9fil\u00e9. Sur les notes de <\/span><b>Nou pa sav<\/b><span style=\"font-weight: 400;\">, nation apr\u00e8s nation, drapeau apr\u00e8s drapeau, les d\u00e9l\u00e9gations ont arpent\u00e9 la piste avec cette fiert\u00e9 tranquille et lumineuse des jeunes qui savent qu&#8217;ils repr\u00e9sentent quelque chose qui d\u00e9passe leur propre performance. Des enfants de onze ans aux adolescents de dix-sept, tous portaient dans leurs yeux la m\u00eame chose : l&#8217;impatience, le s\u00e9rieux, et cette l\u00e9g\u00e8ret\u00e9 propre \u00e0 ceux qui n&#8217;ont pas encore appris \u00e0 avoir peur de r\u00eaver grand. Voir d\u00e9filer les couleurs de vingt-quatre territoires carib\u00e9ens sur une m\u00eame piste, dans une m\u00eame \u00eele, c&#8217;est un de ces spectacles qui rappellent pourquoi le sport, \u00e0 sa meilleure version, reste une \u00e9cole d&#8217;humanit\u00e9.<\/span><\/p>\t\t\t\t\t\t\t\t<\/div>\n\t\t\t\t<\/div>\n\t\t\t\t<section class=\"elementor-section elementor-inner-section elementor-element elementor-element-dbac352 elementor-section-boxed elementor-section-height-default elementor-section-height-default\" data-id=\"dbac352\" data-element_type=\"section\">\n\t\t\t\t\t\t<div class=\"elementor-container elementor-column-gap-default\">\n\t\t\t\t\t<div class=\"elementor-column elementor-col-20 elementor-inner-column elementor-element elementor-element-4350ddb\" data-id=\"4350ddb\" data-element_type=\"column\">\n\t\t\t<div class=\"elementor-widget-wrap elementor-element-populated\">\n\t\t\t\t\t\t<div class=\"elementor-element elementor-element-c287984 elementor-widget elementor-widget-image\" data-id=\"c287984\" data-element_type=\"widget\" data-widget_type=\"image.default\">\n\t\t\t\t<div class=\"elementor-widget-container\">\n\t\t\t\t\t\t\t\t\t\t\t\t\t\t\t<img loading=\"lazy\" decoding=\"async\" width=\"800\" height=\"534\" src=\"https:\/\/richeskarayib.com\/wp-content\/uploads\/2026\/04\/Carifta-opening-ARNAUD-wladimir-222-1024x683.jpg\" class=\"attachment-large size-large wp-image-72035\" alt=\"Carifta Aquatics\" srcset=\"https:\/\/richeskarayib.com\/wp-content\/uploads\/2026\/04\/Carifta-opening-ARNAUD-wladimir-222-1024x683.jpg 1024w, https:\/\/richeskarayib.com\/wp-content\/uploads\/2026\/04\/Carifta-opening-ARNAUD-wladimir-222-300x200.jpg 300w, https:\/\/richeskarayib.com\/wp-content\/uploads\/2026\/04\/Carifta-opening-ARNAUD-wladimir-222-768x512.jpg 768w, https:\/\/richeskarayib.com\/wp-content\/uploads\/2026\/04\/Carifta-opening-ARNAUD-wladimir-222-1536x1024.jpg 1536w, https:\/\/richeskarayib.com\/wp-content\/uploads\/2026\/04\/Carifta-opening-ARNAUD-wladimir-222-1320x880.jpg 1320w, https:\/\/richeskarayib.com\/wp-content\/uploads\/2026\/04\/Carifta-opening-ARNAUD-wladimir-222.jpg 1920w\" sizes=\"(max-width: 800px) 100vw, 800px\" \/>\t\t\t\t\t\t\t\t\t\t\t\t\t\t\t<\/div>\n\t\t\t\t<\/div>\n\t\t\t\t\t<\/div>\n\t\t<\/div>\n\t\t\t\t<div class=\"elementor-column elementor-col-20 elementor-inner-column elementor-element elementor-element-a80d99a\" data-id=\"a80d99a\" data-element_type=\"column\">\n\t\t\t<div class=\"elementor-widget-wrap elementor-element-populated\">\n\t\t\t\t\t\t<div class=\"elementor-element elementor-element-73dc9cb elementor-widget elementor-widget-image\" data-id=\"73dc9cb\" data-element_type=\"widget\" data-widget_type=\"image.default\">\n\t\t\t\t<div class=\"elementor-widget-container\">\n\t\t\t\t\t\t\t\t\t\t\t\t\t\t\t<img loading=\"lazy\" decoding=\"async\" width=\"800\" height=\"534\" src=\"https:\/\/richeskarayib.com\/wp-content\/uploads\/2026\/04\/Carifta-opening-ARNAUD-wladimir-225-1024x683.jpg\" class=\"attachment-large size-large wp-image-72039\" alt=\"Carifta Aquatics\" srcset=\"https:\/\/richeskarayib.com\/wp-content\/uploads\/2026\/04\/Carifta-opening-ARNAUD-wladimir-225-1024x683.jpg 1024w, https:\/\/richeskarayib.com\/wp-content\/uploads\/2026\/04\/Carifta-opening-ARNAUD-wladimir-225-300x200.jpg 300w, https:\/\/richeskarayib.com\/wp-content\/uploads\/2026\/04\/Carifta-opening-ARNAUD-wladimir-225-768x512.jpg 768w, https:\/\/richeskarayib.com\/wp-content\/uploads\/2026\/04\/Carifta-opening-ARNAUD-wladimir-225-1536x1024.jpg 1536w, https:\/\/richeskarayib.com\/wp-content\/uploads\/2026\/04\/Carifta-opening-ARNAUD-wladimir-225-1320x880.jpg 1320w, https:\/\/richeskarayib.com\/wp-content\/uploads\/2026\/04\/Carifta-opening-ARNAUD-wladimir-225.jpg 1920w\" sizes=\"(max-width: 800px) 100vw, 800px\" \/>\t\t\t\t\t\t\t\t\t\t\t\t\t\t\t<\/div>\n\t\t\t\t<\/div>\n\t\t\t\t\t<\/div>\n\t\t<\/div>\n\t\t\t\t<div class=\"elementor-column elementor-col-20 elementor-inner-column elementor-element elementor-element-f4e1ce2\" data-id=\"f4e1ce2\" data-element_type=\"column\">\n\t\t\t<div class=\"elementor-widget-wrap elementor-element-populated\">\n\t\t\t\t\t\t<div class=\"elementor-element elementor-element-ff96fc6 elementor-widget elementor-widget-image\" data-id=\"ff96fc6\" data-element_type=\"widget\" data-widget_type=\"image.default\">\n\t\t\t\t<div class=\"elementor-widget-container\">\n\t\t\t\t\t\t\t\t\t\t\t\t\t\t\t<img loading=\"lazy\" decoding=\"async\" width=\"800\" height=\"534\" src=\"https:\/\/richeskarayib.com\/wp-content\/uploads\/2026\/04\/Carifta-opening-ARNAUD-wladimir-226-1024x683.jpg\" class=\"attachment-large size-large wp-image-72043\" alt=\"Carifta Aquatics\" srcset=\"https:\/\/richeskarayib.com\/wp-content\/uploads\/2026\/04\/Carifta-opening-ARNAUD-wladimir-226-1024x683.jpg 1024w, https:\/\/richeskarayib.com\/wp-content\/uploads\/2026\/04\/Carifta-opening-ARNAUD-wladimir-226-300x200.jpg 300w, https:\/\/richeskarayib.com\/wp-content\/uploads\/2026\/04\/Carifta-opening-ARNAUD-wladimir-226-768x512.jpg 768w, https:\/\/richeskarayib.com\/wp-content\/uploads\/2026\/04\/Carifta-opening-ARNAUD-wladimir-226-1536x1024.jpg 1536w, https:\/\/richeskarayib.com\/wp-content\/uploads\/2026\/04\/Carifta-opening-ARNAUD-wladimir-226-1320x880.jpg 1320w, https:\/\/richeskarayib.com\/wp-content\/uploads\/2026\/04\/Carifta-opening-ARNAUD-wladimir-226.jpg 1920w\" sizes=\"(max-width: 800px) 100vw, 800px\" \/>\t\t\t\t\t\t\t\t\t\t\t\t\t\t\t<\/div>\n\t\t\t\t<\/div>\n\t\t\t\t\t<\/div>\n\t\t<\/div>\n\t\t\t\t<div class=\"elementor-column elementor-col-20 elementor-inner-column elementor-element elementor-element-6ed086b\" data-id=\"6ed086b\" data-element_type=\"column\">\n\t\t\t<div class=\"elementor-widget-wrap elementor-element-populated\">\n\t\t\t\t\t\t<div class=\"elementor-element elementor-element-f7c78e3 elementor-widget elementor-widget-image\" data-id=\"f7c78e3\" data-element_type=\"widget\" data-widget_type=\"image.default\">\n\t\t\t\t<div class=\"elementor-widget-container\">\n\t\t\t\t\t\t\t\t\t\t\t\t\t\t\t<img loading=\"lazy\" decoding=\"async\" width=\"800\" height=\"534\" src=\"https:\/\/richeskarayib.com\/wp-content\/uploads\/2026\/04\/Carifta-opening-ARNAUD-wladimir-217-1024x683.jpg\" class=\"attachment-large size-large wp-image-72047\" alt=\"Carifta Aquatics\" srcset=\"https:\/\/richeskarayib.com\/wp-content\/uploads\/2026\/04\/Carifta-opening-ARNAUD-wladimir-217-1024x683.jpg 1024w, https:\/\/richeskarayib.com\/wp-content\/uploads\/2026\/04\/Carifta-opening-ARNAUD-wladimir-217-300x200.jpg 300w, https:\/\/richeskarayib.com\/wp-content\/uploads\/2026\/04\/Carifta-opening-ARNAUD-wladimir-217-768x512.jpg 768w, https:\/\/richeskarayib.com\/wp-content\/uploads\/2026\/04\/Carifta-opening-ARNAUD-wladimir-217-1536x1024.jpg 1536w, https:\/\/richeskarayib.com\/wp-content\/uploads\/2026\/04\/Carifta-opening-ARNAUD-wladimir-217-1320x880.jpg 1320w, https:\/\/richeskarayib.com\/wp-content\/uploads\/2026\/04\/Carifta-opening-ARNAUD-wladimir-217.jpg 1920w\" sizes=\"(max-width: 800px) 100vw, 800px\" \/>\t\t\t\t\t\t\t\t\t\t\t\t\t\t\t<\/div>\n\t\t\t\t<\/div>\n\t\t\t\t\t<\/div>\n\t\t<\/div>\n\t\t\t\t<div class=\"elementor-column elementor-col-20 elementor-inner-column elementor-element elementor-element-ab4d979\" data-id=\"ab4d979\" data-element_type=\"column\">\n\t\t\t<div class=\"elementor-widget-wrap elementor-element-populated\">\n\t\t\t\t\t\t<div class=\"elementor-element elementor-element-17503c4 elementor-widget elementor-widget-image\" data-id=\"17503c4\" data-element_type=\"widget\" data-widget_type=\"image.default\">\n\t\t\t\t<div class=\"elementor-widget-container\">\n\t\t\t\t\t\t\t\t\t\t\t\t\t\t\t<img loading=\"lazy\" decoding=\"async\" width=\"800\" height=\"534\" src=\"https:\/\/richeskarayib.com\/wp-content\/uploads\/2026\/04\/Carifta-opening-ARNAUD-wladimir-215-1024x683.jpg\" class=\"attachment-large size-large wp-image-72051\" alt=\"Carifta Aquatics\" srcset=\"https:\/\/richeskarayib.com\/wp-content\/uploads\/2026\/04\/Carifta-opening-ARNAUD-wladimir-215-1024x683.jpg 1024w, https:\/\/richeskarayib.com\/wp-content\/uploads\/2026\/04\/Carifta-opening-ARNAUD-wladimir-215-300x200.jpg 300w, https:\/\/richeskarayib.com\/wp-content\/uploads\/2026\/04\/Carifta-opening-ARNAUD-wladimir-215-768x512.jpg 768w, https:\/\/richeskarayib.com\/wp-content\/uploads\/2026\/04\/Carifta-opening-ARNAUD-wladimir-215-1536x1024.jpg 1536w, https:\/\/richeskarayib.com\/wp-content\/uploads\/2026\/04\/Carifta-opening-ARNAUD-wladimir-215-1320x880.jpg 1320w, https:\/\/richeskarayib.com\/wp-content\/uploads\/2026\/04\/Carifta-opening-ARNAUD-wladimir-215.jpg 1920w\" sizes=\"(max-width: 800px) 100vw, 800px\" \/>\t\t\t\t\t\t\t\t\t\t\t\t\t\t\t<\/div>\n\t\t\t\t<\/div>\n\t\t\t\t\t<\/div>\n\t\t<\/div>\n\t\t\t\t\t<\/div>\n\t\t<\/section>\n\t\t\t\t<div class=\"elementor-element elementor-element-0deffbc elementor-widget elementor-widget-text-editor\" data-id=\"0deffbc\" data-element_type=\"widget\" data-widget_type=\"text-editor.default\">\n\t\t\t\t<div class=\"elementor-widget-container\">\n\t\t\t\t\t\t\t\t\t<p><span style=\"font-weight: 400;\">\u00c0 partir de ce samedi 4 avril, et jusqu&#8217;au mercredi 8 avril, c&#8217;est au Centre Aquatique Communautaire Pierre-Samot que les hostilit\u00e9s sportives des <a href=\"https:\/\/richeskarayib.com\/fr\/carifta-2026-426-arrivees-21-delegations\/\" target=\"_blank\" rel=\"noopener\">Carifta Aquatics Championships 2026<\/a> se d\u00e9rouleront. Les Bahamas, ma\u00eetres incontest\u00e9s de la natation carib\u00e9enne depuis une d\u00e9cennie, seront attendus au tournant. La Jama\u00efque, Trinidad, la Barbade et ses prodiges, dont la redoutable Heidi Stoute, multiple recordwoman des Carifta Aquatics Championships promettent une concurrence de haute vol\u00e9e. La Martinique, elle, nage \u00e0 domicile. Et \u00e0 domicile, avec le public, la famille, et dix ans d&#8217;attente dans les jambes, on ne nage pas pareil. En 2016, lors de la derni\u00e8re \u00e9dition organis\u00e9e ici, les locaux avaient d\u00e9croch\u00e9 une troisi\u00e8me place au classement g\u00e9n\u00e9ral. L&#8217;objectif est l\u00e0, \u00e9crit dans les m\u00e9moires, br\u00fblant dans les couloirs du Lamentin.<\/span><\/p>\t\t\t\t\t\t\t\t<\/div>\n\t\t\t\t<\/div>\n\t\t\t\t<section class=\"elementor-section elementor-inner-section elementor-element elementor-element-63b1ec4 elementor-section-boxed elementor-section-height-default elementor-section-height-default\" data-id=\"63b1ec4\" data-element_type=\"section\">\n\t\t\t\t\t\t<div class=\"elementor-container elementor-column-gap-default\">\n\t\t\t\t\t<div class=\"elementor-column elementor-col-25 elementor-inner-column elementor-element elementor-element-509c122\" data-id=\"509c122\" data-element_type=\"column\">\n\t\t\t<div class=\"elementor-widget-wrap elementor-element-populated\">\n\t\t\t\t\t\t<div class=\"elementor-element elementor-element-37fa47a elementor-widget elementor-widget-image\" data-id=\"37fa47a\" data-element_type=\"widget\" data-widget_type=\"image.default\">\n\t\t\t\t<div class=\"elementor-widget-container\">\n\t\t\t\t\t\t\t\t\t\t\t\t\t\t\t<img loading=\"lazy\" decoding=\"async\" width=\"800\" height=\"534\" src=\"https:\/\/richeskarayib.com\/wp-content\/uploads\/2026\/04\/Carifta-opening-ARNAUD-wladimir-214-1-1024x683.jpg\" class=\"attachment-large size-large wp-image-72059\" alt=\"Carifta Aquatics\" srcset=\"https:\/\/richeskarayib.com\/wp-content\/uploads\/2026\/04\/Carifta-opening-ARNAUD-wladimir-214-1-1024x683.jpg 1024w, https:\/\/richeskarayib.com\/wp-content\/uploads\/2026\/04\/Carifta-opening-ARNAUD-wladimir-214-1-300x200.jpg 300w, https:\/\/richeskarayib.com\/wp-content\/uploads\/2026\/04\/Carifta-opening-ARNAUD-wladimir-214-1-768x512.jpg 768w, https:\/\/richeskarayib.com\/wp-content\/uploads\/2026\/04\/Carifta-opening-ARNAUD-wladimir-214-1-1536x1024.jpg 1536w, https:\/\/richeskarayib.com\/wp-content\/uploads\/2026\/04\/Carifta-opening-ARNAUD-wladimir-214-1-1320x880.jpg 1320w, https:\/\/richeskarayib.com\/wp-content\/uploads\/2026\/04\/Carifta-opening-ARNAUD-wladimir-214-1.jpg 1920w\" sizes=\"(max-width: 800px) 100vw, 800px\" \/>\t\t\t\t\t\t\t\t\t\t\t\t\t\t\t<\/div>\n\t\t\t\t<\/div>\n\t\t\t\t\t<\/div>\n\t\t<\/div>\n\t\t\t\t<div class=\"elementor-column elementor-col-25 elementor-inner-column elementor-element elementor-element-f351a42\" data-id=\"f351a42\" data-element_type=\"column\">\n\t\t\t<div class=\"elementor-widget-wrap elementor-element-populated\">\n\t\t\t\t\t\t<div class=\"elementor-element elementor-element-4839fe3 elementor-widget elementor-widget-image\" data-id=\"4839fe3\" data-element_type=\"widget\" data-widget_type=\"image.default\">\n\t\t\t\t<div class=\"elementor-widget-container\">\n\t\t\t\t\t\t\t\t\t\t\t\t\t\t\t<img loading=\"lazy\" decoding=\"async\" width=\"800\" height=\"534\" src=\"https:\/\/richeskarayib.com\/wp-content\/uploads\/2026\/04\/Carifta-opening-ARNAUD-wladimir-207-1024x683.jpg\" class=\"attachment-large size-large wp-image-72071\" alt=\"Carifta Aquatics\" srcset=\"https:\/\/richeskarayib.com\/wp-content\/uploads\/2026\/04\/Carifta-opening-ARNAUD-wladimir-207-1024x683.jpg 1024w, https:\/\/richeskarayib.com\/wp-content\/uploads\/2026\/04\/Carifta-opening-ARNAUD-wladimir-207-300x200.jpg 300w, https:\/\/richeskarayib.com\/wp-content\/uploads\/2026\/04\/Carifta-opening-ARNAUD-wladimir-207-768x512.jpg 768w, https:\/\/richeskarayib.com\/wp-content\/uploads\/2026\/04\/Carifta-opening-ARNAUD-wladimir-207-1536x1024.jpg 1536w, https:\/\/richeskarayib.com\/wp-content\/uploads\/2026\/04\/Carifta-opening-ARNAUD-wladimir-207-1320x880.jpg 1320w, https:\/\/richeskarayib.com\/wp-content\/uploads\/2026\/04\/Carifta-opening-ARNAUD-wladimir-207.jpg 1920w\" sizes=\"(max-width: 800px) 100vw, 800px\" \/>\t\t\t\t\t\t\t\t\t\t\t\t\t\t\t<\/div>\n\t\t\t\t<\/div>\n\t\t\t\t\t<\/div>\n\t\t<\/div>\n\t\t\t\t<div class=\"elementor-column elementor-col-25 elementor-inner-column elementor-element elementor-element-9c1f828\" data-id=\"9c1f828\" data-element_type=\"column\">\n\t\t\t<div class=\"elementor-widget-wrap elementor-element-populated\">\n\t\t\t\t\t\t<div class=\"elementor-element elementor-element-5bae766 elementor-widget elementor-widget-image\" data-id=\"5bae766\" data-element_type=\"widget\" data-widget_type=\"image.default\">\n\t\t\t\t<div class=\"elementor-widget-container\">\n\t\t\t\t\t\t\t\t\t\t\t\t\t\t\t<img loading=\"lazy\" decoding=\"async\" width=\"800\" height=\"534\" src=\"https:\/\/richeskarayib.com\/wp-content\/uploads\/2026\/04\/Carifta-opening-ARNAUD-wladimir-205-1-1024x683.jpg\" class=\"attachment-large size-large wp-image-72079\" alt=\"Carifta Aquatics\" srcset=\"https:\/\/richeskarayib.com\/wp-content\/uploads\/2026\/04\/Carifta-opening-ARNAUD-wladimir-205-1-1024x683.jpg 1024w, https:\/\/richeskarayib.com\/wp-content\/uploads\/2026\/04\/Carifta-opening-ARNAUD-wladimir-205-1-300x200.jpg 300w, https:\/\/richeskarayib.com\/wp-content\/uploads\/2026\/04\/Carifta-opening-ARNAUD-wladimir-205-1-768x512.jpg 768w, https:\/\/richeskarayib.com\/wp-content\/uploads\/2026\/04\/Carifta-opening-ARNAUD-wladimir-205-1-1536x1024.jpg 1536w, https:\/\/richeskarayib.com\/wp-content\/uploads\/2026\/04\/Carifta-opening-ARNAUD-wladimir-205-1-1320x880.jpg 1320w, https:\/\/richeskarayib.com\/wp-content\/uploads\/2026\/04\/Carifta-opening-ARNAUD-wladimir-205-1.jpg 1920w\" sizes=\"(max-width: 800px) 100vw, 800px\" \/>\t\t\t\t\t\t\t\t\t\t\t\t\t\t\t<\/div>\n\t\t\t\t<\/div>\n\t\t\t\t\t<\/div>\n\t\t<\/div>\n\t\t\t\t<div class=\"elementor-column elementor-col-25 elementor-inner-column elementor-element elementor-element-e5209aa\" data-id=\"e5209aa\" data-element_type=\"column\">\n\t\t\t<div class=\"elementor-widget-wrap elementor-element-populated\">\n\t\t\t\t\t\t<div class=\"elementor-element elementor-element-c7ec617 elementor-widget elementor-widget-image\" data-id=\"c7ec617\" data-element_type=\"widget\" data-widget_type=\"image.default\">\n\t\t\t\t<div class=\"elementor-widget-container\">\n\t\t\t\t\t\t\t\t\t\t\t\t\t\t\t<img loading=\"lazy\" decoding=\"async\" width=\"800\" height=\"534\" src=\"https:\/\/richeskarayib.com\/wp-content\/uploads\/2026\/04\/Carifta-opening-ARNAUD-wladimir-203-1-1024x683.jpg\" class=\"attachment-large size-large wp-image-72087\" alt=\"Carifta Aquatics\" srcset=\"https:\/\/richeskarayib.com\/wp-content\/uploads\/2026\/04\/Carifta-opening-ARNAUD-wladimir-203-1-1024x683.jpg 1024w, https:\/\/richeskarayib.com\/wp-content\/uploads\/2026\/04\/Carifta-opening-ARNAUD-wladimir-203-1-300x200.jpg 300w, https:\/\/richeskarayib.com\/wp-content\/uploads\/2026\/04\/Carifta-opening-ARNAUD-wladimir-203-1-768x512.jpg 768w, https:\/\/richeskarayib.com\/wp-content\/uploads\/2026\/04\/Carifta-opening-ARNAUD-wladimir-203-1-1536x1024.jpg 1536w, https:\/\/richeskarayib.com\/wp-content\/uploads\/2026\/04\/Carifta-opening-ARNAUD-wladimir-203-1-1320x880.jpg 1320w, https:\/\/richeskarayib.com\/wp-content\/uploads\/2026\/04\/Carifta-opening-ARNAUD-wladimir-203-1.jpg 1920w\" sizes=\"(max-width: 800px) 100vw, 800px\" \/>\t\t\t\t\t\t\t\t\t\t\t\t\t\t\t<\/div>\n\t\t\t\t<\/div>\n\t\t\t\t\t<\/div>\n\t\t<\/div>\n\t\t\t\t\t<\/div>\n\t\t<\/section>\n\t\t\t\t<div class=\"elementor-element elementor-element-8b5d779 elementor-widget elementor-widget-text-editor\" data-id=\"8b5d779\" data-element_type=\"widget\" data-widget_type=\"text-editor.default\">\n\t\t\t\t<div class=\"elementor-widget-container\">\n\t\t\t\t\t\t\t\t\t<p><span style=\"font-weight: 400;\">Coralie Balmy, m\u00e9daill\u00e9e olympique et ambassadrice officielle de cette \u00e9dition, se souvient d&#8217;avoir eu dix ans lors de ses premiers Carifta Aquatics Championships. Aujourd&#8217;hui, c&#8217;est une nouvelle g\u00e9n\u00e9ration qui \u00e9crit ses premi\u00e8res lignes. Et si les Carifta Games m\u00e9ritent davantage de lumi\u00e8re m\u00e9diatique qu&#8217;ils n&#8217;en re\u00e7oivent encore, ce vendredi soir au stade Georges-Gratiant a rappel\u00e9 pourquoi ils comptent : parce qu&#8217;ils sont l&#8217;un des rares espaces o\u00f9 la Cara\u00efbe se voit enti\u00e8re, se reconna\u00eet, et choisit de s&#8217;applaudir.<\/span><\/p>\n<p><b>La comp\u00e9tition commence demain. Mais l&#8217;essentiel, peut-\u00eatre, a d\u00e9j\u00e0 eu lieu.<\/b><\/p>\t\t\t\t\t\t\t\t<\/div>\n\t\t\t\t<\/div>\n\t\t\t\t<div class=\"elementor-element elementor-element-196f29d elementor-widget elementor-widget-image\" data-id=\"196f29d\" data-element_type=\"widget\" data-widget_type=\"image.default\">\n\t\t\t\t<div class=\"elementor-widget-container\">\n\t\t\t\t\t\t\t\t\t\t\t\t\t\t\t<img loading=\"lazy\" decoding=\"async\" width=\"800\" height=\"534\" src=\"https:\/\/richeskarayib.com\/wp-content\/uploads\/2026\/04\/Carifta030426_ceremonie_ouverture_melissa-simeon-16-1024x683.jpg\" class=\"attachment-large size-large wp-image-71995\" alt=\"Carifta Aquatics\" srcset=\"https:\/\/richeskarayib.com\/wp-content\/uploads\/2026\/04\/Carifta030426_ceremonie_ouverture_melissa-simeon-16-1024x683.jpg 1024w, https:\/\/richeskarayib.com\/wp-content\/uploads\/2026\/04\/Carifta030426_ceremonie_ouverture_melissa-simeon-16-300x200.jpg 300w, https:\/\/richeskarayib.com\/wp-content\/uploads\/2026\/04\/Carifta030426_ceremonie_ouverture_melissa-simeon-16-768x512.jpg 768w, https:\/\/richeskarayib.com\/wp-content\/uploads\/2026\/04\/Carifta030426_ceremonie_ouverture_melissa-simeon-16-1536x1024.jpg 1536w, https:\/\/richeskarayib.com\/wp-content\/uploads\/2026\/04\/Carifta030426_ceremonie_ouverture_melissa-simeon-16-1320x880.jpg 1320w, https:\/\/richeskarayib.com\/wp-content\/uploads\/2026\/04\/Carifta030426_ceremonie_ouverture_melissa-simeon-16.jpg 1920w\" sizes=\"(max-width: 800px) 100vw, 800px\" \/>\t\t\t\t\t\t\t\t\t\t\t\t\t\t\t<\/div>\n\t\t\t\t<\/div>\n\t\t\t\t\t<\/div>\n\t\t<\/div>\n\t\t\t\t\t<\/div>\n\t\t<\/section>\n\t\t\t\t<section class=\"elementor-section elementor-top-section elementor-element elementor-element-f5709a6 elementor-section-boxed elementor-section-height-default elementor-section-height-default\" data-id=\"f5709a6\" data-element_type=\"section\">\n\t\t\t\t\t\t<div class=\"elementor-container elementor-column-gap-default\">\n\t\t\t\t\t<div class=\"elementor-column elementor-col-100 elementor-top-column elementor-element elementor-element-957be6f\" data-id=\"957be6f\" data-element_type=\"column\">\n\t\t\t<div class=\"elementor-widget-wrap elementor-element-populated\">\n\t\t\t\t\t\t<div class=\"elementor-element elementor-element-63e5d4a elementor-widget elementor-widget-accordion\" data-id=\"63e5d4a\" data-element_type=\"widget\" data-widget_type=\"accordion.default\">\n\t\t\t\t<div class=\"elementor-widget-container\">\n\t\t\t\t\t\t\t<div class=\"elementor-accordion\">\n\t\t\t\t\t\t\t<div class=\"elementor-accordion-item\">\n\t\t\t\t\t<div id=\"elementor-tab-title-1041\" class=\"elementor-tab-title\" data-tab=\"1\" role=\"button\" aria-controls=\"elementor-tab-content-1041\" aria-expanded=\"false\">\n\t\t\t\t\t\t\t\t\t\t\t\t\t<span class=\"elementor-accordion-icon elementor-accordion-icon-left\" aria-hidden=\"true\">\n\t\t\t\t\t\t\t\t\t\t\t\t\t\t\t<span class=\"elementor-accordion-icon-closed\"><i class=\"fas fa-plus\"><\/i><\/span>\n\t\t\t\t\t\t\t\t<span class=\"elementor-accordion-icon-opened\"><i class=\"fas fa-minus\"><\/i><\/span>\n\t\t\t\t\t\t\t\t\t\t\t\t\t\t<\/span>\n\t\t\t\t\t\t\t\t\t\t\t\t<a class=\"elementor-accordion-title\" tabindex=\"0\">Que sont les Carifta Aquatics Championships 2026 ?<\/a>\n\t\t\t\t\t<\/div>\n\t\t\t\t\t<div id=\"elementor-tab-content-1041\" class=\"elementor-tab-content elementor-clearfix\" data-tab=\"1\" role=\"region\" aria-labelledby=\"elementor-tab-title-1041\"><p><span style=\"font-weight: 400;\">Les Carifta Aquatics Championships 2026 sont l\u2019un des grands rendez-vous sportifs de la Cara\u00efbe pour les jeunes nageurs. Cette comp\u00e9tition r\u00e9unit des d\u00e9l\u00e9gations venues de nombreux territoires carib\u00e9ens autour de plusieurs \u00e9preuves aquatiques, dans un cadre qui d\u00e9passe largement le simple affrontement sportif. Elle permet de mesurer le niveau de la rel\u00e8ve r\u00e9gionale, de mettre en valeur les talents \u00e9mergents et de renforcer les liens entre des \u00eeles qui partagent une histoire, une g\u00e9ographie et des ambitions communes. Dans cette \u00e9dition 2026, la Martinique devient \u00e0 la fois terre d\u2019accueil, sc\u00e8ne sportive et vitrine culturelle.<\/span><\/p><\/div>\n\t\t\t\t<\/div>\n\t\t\t\t\t\t\t<div class=\"elementor-accordion-item\">\n\t\t\t\t\t<div id=\"elementor-tab-title-1042\" class=\"elementor-tab-title\" data-tab=\"2\" role=\"button\" aria-controls=\"elementor-tab-content-1042\" aria-expanded=\"false\">\n\t\t\t\t\t\t\t\t\t\t\t\t\t<span class=\"elementor-accordion-icon elementor-accordion-icon-left\" aria-hidden=\"true\">\n\t\t\t\t\t\t\t\t\t\t\t\t\t\t\t<span class=\"elementor-accordion-icon-closed\"><i class=\"fas fa-plus\"><\/i><\/span>\n\t\t\t\t\t\t\t\t<span class=\"elementor-accordion-icon-opened\"><i class=\"fas fa-minus\"><\/i><\/span>\n\t\t\t\t\t\t\t\t\t\t\t\t\t\t<\/span>\n\t\t\t\t\t\t\t\t\t\t\t\t<a class=\"elementor-accordion-title\" tabindex=\"0\">Pourquoi la Martinique accueille-t-elle un \u00e9v\u00e9nement aussi important en 2026 ?<\/a>\n\t\t\t\t\t<\/div>\n\t\t\t\t\t<div id=\"elementor-tab-content-1042\" class=\"elementor-tab-content elementor-clearfix\" data-tab=\"2\" role=\"region\" aria-labelledby=\"elementor-tab-title-1042\"><p><span style=\"font-weight: 400;\">La Martinique n\u2019accueille pas seulement une comp\u00e9tition, elle accueille toute une jeunesse carib\u00e9enne dans un moment de visibilit\u00e9 r\u00e9gionale rare. Dix ans apr\u00e8s une pr\u00e9c\u00e9dente \u00e9dition organis\u00e9e sur l\u2019\u00eele, ce retour donne une port\u00e9e particuli\u00e8re \u00e0 l\u2019\u00e9v\u00e9nement. Le territoire montre sa capacit\u00e9 \u00e0 recevoir des d\u00e9l\u00e9gations internationales, \u00e0 mobiliser ses institutions et \u00e0 proposer une c\u00e9r\u00e9monie d\u2019ouverture qui relie sport, culture et identit\u00e9. Pour la Martinique, accueillir les Carifta Aquatics Championships 2026 est aussi une mani\u00e8re d\u2019affirmer son ancrage carib\u00e9en, de rappeler sa place dans la r\u00e9gion et de faire rayonner son image bien au-del\u00e0 de ses fronti\u00e8res imm\u00e9diates.<\/span><\/p><\/div>\n\t\t\t\t<\/div>\n\t\t\t\t\t\t\t<div class=\"elementor-accordion-item\">\n\t\t\t\t\t<div id=\"elementor-tab-title-1043\" class=\"elementor-tab-title\" data-tab=\"3\" role=\"button\" aria-controls=\"elementor-tab-content-1043\" aria-expanded=\"false\">\n\t\t\t\t\t\t\t\t\t\t\t\t\t<span class=\"elementor-accordion-icon elementor-accordion-icon-left\" aria-hidden=\"true\">\n\t\t\t\t\t\t\t\t\t\t\t\t\t\t\t<span class=\"elementor-accordion-icon-closed\"><i class=\"fas fa-plus\"><\/i><\/span>\n\t\t\t\t\t\t\t\t<span class=\"elementor-accordion-icon-opened\"><i class=\"fas fa-minus\"><\/i><\/span>\n\t\t\t\t\t\t\t\t\t\t\t\t\t\t<\/span>\n\t\t\t\t\t\t\t\t\t\t\t\t<a class=\"elementor-accordion-title\" tabindex=\"0\"> En quoi la c\u00e9r\u00e9monie d\u2019ouverture des Carifta Aquatics Championships 2026 a-t-elle marqu\u00e9 les esprits ?<\/a>\n\t\t\t\t\t<\/div>\n\t\t\t\t\t<div id=\"elementor-tab-content-1043\" class=\"elementor-tab-content elementor-clearfix\" data-tab=\"3\" role=\"region\" aria-labelledby=\"elementor-tab-title-1043\"><p><span style=\"font-weight: 400;\">La c\u00e9r\u00e9monie d\u2019ouverture a marqu\u00e9 les esprits parce qu\u2019elle a donn\u00e9 au sport une dimension culturelle et symbolique tr\u00e8s forte. Les discours officiels en fran\u00e7ais et en anglais ont pos\u00e9 un cadre d\u2019unit\u00e9 r\u00e9gionale, tandis que les performances musicales ont incarn\u00e9 la richesse de la Cara\u00efbe dans toute sa diversit\u00e9. Le steel pan, les tambours martiniquais et la pr\u00e9sence de l\u2019artiste Paille ont donn\u00e9 \u00e0 cette ouverture une profondeur qui d\u00e9passe le protocole. Le d\u00e9fil\u00e9 des d\u00e9l\u00e9gations a ensuite renforc\u00e9 cette impression d\u2019appartenance commune. Ce type de moment compte \u00e9norm\u00e9ment, car il donne du sens \u00e0 la comp\u00e9tition et rappelle que derri\u00e8re chaque nageur, il y a aussi un territoire, une m\u00e9moire et une fiert\u00e9 collective.<\/span><\/p><\/div>\n\t\t\t\t<\/div>\n\t\t\t\t\t\t\t<div class=\"elementor-accordion-item\">\n\t\t\t\t\t<div id=\"elementor-tab-title-1044\" class=\"elementor-tab-title\" data-tab=\"4\" role=\"button\" aria-controls=\"elementor-tab-content-1044\" aria-expanded=\"false\">\n\t\t\t\t\t\t\t\t\t\t\t\t\t<span class=\"elementor-accordion-icon elementor-accordion-icon-left\" aria-hidden=\"true\">\n\t\t\t\t\t\t\t\t\t\t\t\t\t\t\t<span class=\"elementor-accordion-icon-closed\"><i class=\"fas fa-plus\"><\/i><\/span>\n\t\t\t\t\t\t\t\t<span class=\"elementor-accordion-icon-opened\"><i class=\"fas fa-minus\"><\/i><\/span>\n\t\t\t\t\t\t\t\t\t\t\t\t\t\t<\/span>\n\t\t\t\t\t\t\t\t\t\t\t\t<a class=\"elementor-accordion-title\" tabindex=\"0\">Quels sont les principaux enjeux sportifs des Carifta Aquatics Championships 2026 ?<\/a>\n\t\t\t\t\t<\/div>\n\t\t\t\t\t<div id=\"elementor-tab-content-1044\" class=\"elementor-tab-content elementor-clearfix\" data-tab=\"4\" role=\"region\" aria-labelledby=\"elementor-tab-title-1044\"><p><span style=\"font-weight: 400;\">Les enjeux sportifs sont \u00e9lev\u00e9s, car cette comp\u00e9tition rassemble des d\u00e9l\u00e9gations reconnues pour leur niveau dans la natation carib\u00e9enne. Les Bahamas, la Jama\u00efque, Trinidad ou encore la Barbade arrivent avec une solide r\u00e9putation et des athl\u00e8tes particuli\u00e8rement attendus. Pour la Martinique, l\u2019enjeu est encore plus fort puisqu\u2019elle \u00e9volue \u00e0 domicile, avec toute la pression mais aussi toute l\u2019\u00e9nergie que cela repr\u00e9sente. Le souvenir de la pr\u00e9c\u00e9dente \u00e9dition organis\u00e9e sur l\u2019\u00eele nourrit les ambitions locales. Les Carifta Aquatics Championships 2026 constituent donc un test de haut niveau pour de jeunes nageurs qui veulent \u00e0 la fois briller individuellement, faire progresser leur pays au classement et s\u2019inscrire dans la continuit\u00e9 des grandes figures de la natation r\u00e9gionale.<\/span><\/p><\/div>\n\t\t\t\t<\/div>\n\t\t\t\t\t\t\t<div class=\"elementor-accordion-item\">\n\t\t\t\t\t<div id=\"elementor-tab-title-1045\" class=\"elementor-tab-title\" data-tab=\"5\" role=\"button\" aria-controls=\"elementor-tab-content-1045\" aria-expanded=\"false\">\n\t\t\t\t\t\t\t\t\t\t\t\t\t<span class=\"elementor-accordion-icon elementor-accordion-icon-left\" aria-hidden=\"true\">\n\t\t\t\t\t\t\t\t\t\t\t\t\t\t\t<span class=\"elementor-accordion-icon-closed\"><i class=\"fas fa-plus\"><\/i><\/span>\n\t\t\t\t\t\t\t\t<span class=\"elementor-accordion-icon-opened\"><i class=\"fas fa-minus\"><\/i><\/span>\n\t\t\t\t\t\t\t\t\t\t\t\t\t\t<\/span>\n\t\t\t\t\t\t\t\t\t\t\t\t<a class=\"elementor-accordion-title\" tabindex=\"0\">Pourquoi les Carifta Aquatics Championships 2026 sont-ils importants pour la Cara\u00efbe au-del\u00e0 du sport ?<\/a>\n\t\t\t\t\t<\/div>\n\t\t\t\t\t<div id=\"elementor-tab-content-1045\" class=\"elementor-tab-content elementor-clearfix\" data-tab=\"5\" role=\"region\" aria-labelledby=\"elementor-tab-title-1045\"><p><span style=\"font-weight: 400;\">Les Carifta Aquatics Championships 2026 sont importants parce qu\u2019ils offrent \u00e0 la Cara\u00efbe un espace concret o\u00f9 elle peut se voir comme un ensemble. Dans une r\u00e9gion souvent fragment\u00e9e par les langues, les h\u00e9ritages coloniaux et les r\u00e9alit\u00e9s institutionnelles, ce type d\u2019\u00e9v\u00e9nement cr\u00e9e une rencontre directe entre les jeunesses insulaires. Il ne s\u2019agit pas seulement de battre des records, mais aussi de partager une exp\u00e9rience commune, de mieux se conna\u00eetre et de construire des r\u00e9f\u00e9rences r\u00e9gionales positives. L\u2019\u00e9v\u00e9nement met en lumi\u00e8re une Cara\u00efbe ambitieuse, talentueuse et capable d\u2019organiser de grands rendez-vous. Il donne aussi une visibilit\u00e9 pr\u00e9cieuse \u00e0 des athl\u00e8tes encore jeunes, qui repr\u00e9sentent d\u00e9j\u00e0 l\u2019avenir sportif et symbolique de leurs territoires.<\/span><\/p><\/div>\n\t\t\t\t<\/div>\n\t\t\t\t\t\t\t\t<\/div>\n\t\t\t\t\t\t<\/div>\n\t\t\t\t<\/div>\n\t\t\t\t\t<\/div>\n\t\t<\/div>\n\t\t\t\t\t<\/div>\n\t\t<\/section>\n\t\t\t\t<\/div>\n\t\t","protected":false},"excerpt":{"rendered":"<p>Il y a des journ\u00e9es qui ne ressemblent \u00e0 aucune autre. Des journ\u00e9es o\u00f9 une \u00eele enti\u00e8re retient son souffle, ouvre les bras, et laisse entrer la mer des Antilles tout enti\u00e8re. Ce vendredi 3 avril 2026, le stade Georges-Gratiant du Lamentin a v\u00e9cu l&#8217;une de ces journ\u00e9es-l\u00e0 lors de la c\u00e9r\u00e9monie d\u2019ouverture des Carifta [&hellip;]<\/p>\n","protected":false},"author":662,"featured_media":72011,"comment_status":"open","ping_status":"open","sticky":false,"template":"","format":"standard","meta":{"_acf_changed":false,"footnotes":""},"categories":[1864],"tags":[808],"class_list":["post-71950","post","type-post","status-publish","format-standard","has-post-thumbnail","hentry","category-carifta-2026","tag-martinique-fr"],"acf":[],"_links":{"self":[{"href":"https:\/\/richeskarayib.com\/fr\/wp-json\/wp\/v2\/posts\/71950","targetHints":{"allow":["GET"]}}],"collection":[{"href":"https:\/\/richeskarayib.com\/fr\/wp-json\/wp\/v2\/posts"}],"about":[{"href":"https:\/\/richeskarayib.com\/fr\/wp-json\/wp\/v2\/types\/post"}],"author":[{"embeddable":true,"href":"https:\/\/richeskarayib.com\/fr\/wp-json\/wp\/v2\/users\/662"}],"replies":[{"embeddable":true,"href":"https:\/\/richeskarayib.com\/fr\/wp-json\/wp\/v2\/comments?post=71950"}],"version-history":[{"count":0,"href":"https:\/\/richeskarayib.com\/fr\/wp-json\/wp\/v2\/posts\/71950\/revisions"}],"wp:featuredmedia":[{"embeddable":true,"href":"https:\/\/richeskarayib.com\/fr\/wp-json\/wp\/v2\/media\/72011"}],"wp:attachment":[{"href":"https:\/\/richeskarayib.com\/fr\/wp-json\/wp\/v2\/media?parent=71950"}],"wp:term":[{"taxonomy":"category","embeddable":true,"href":"https:\/\/richeskarayib.com\/fr\/wp-json\/wp\/v2\/categories?post=71950"},{"taxonomy":"post_tag","embeddable":true,"href":"https:\/\/richeskarayib.com\/fr\/wp-json\/wp\/v2\/tags?post=71950"}],"curies":[{"name":"wp","href":"https:\/\/api.w.org\/{rel}","templated":true}]}}