{"id":72180,"date":"2026-04-15T10:57:52","date_gmt":"2026-04-15T14:57:52","guid":{"rendered":"https:\/\/richeskarayib.com\/?p=72180"},"modified":"2026-04-15T11:23:38","modified_gmt":"2026-04-15T15:23:38","slug":"carifta-martinique-resultats-natation-caraibe","status":"publish","type":"post","link":"https:\/\/richeskarayib.com\/fr\/carifta-martinique-resultats-natation-caraibe\/","title":{"rendered":"CARIFTA Aquatics\u00a0 Championships 2026 : la Martinique, carrefour d&#8217;une Cara\u00efbe qui nage ensemble"},"content":{"rendered":"\t\t<div data-elementor-type=\"wp-post\" data-elementor-id=\"72180\" class=\"elementor elementor-72180\" data-elementor-post-type=\"post\">\n\t\t\t\t\t\t<section class=\"elementor-section elementor-top-section elementor-element elementor-element-7ca7ca1 elementor-section-boxed elementor-section-height-default elementor-section-height-default\" data-id=\"7ca7ca1\" data-element_type=\"section\">\n\t\t\t\t\t\t<div class=\"elementor-container elementor-column-gap-default\">\n\t\t\t\t\t<div class=\"elementor-column elementor-col-100 elementor-top-column elementor-element elementor-element-cbdd002\" data-id=\"cbdd002\" data-element_type=\"column\">\n\t\t\t<div class=\"elementor-widget-wrap elementor-element-populated\">\n\t\t\t\t\t\t<section class=\"elementor-section elementor-inner-section elementor-element elementor-element-bc94849 elementor-section-boxed elementor-section-height-default elementor-section-height-default\" data-id=\"bc94849\" data-element_type=\"section\">\n\t\t\t\t\t\t<div class=\"elementor-container elementor-column-gap-default\">\n\t\t\t\t\t\t<\/div>\n\t\t<\/section>\n\t\t\t\t<section class=\"elementor-section elementor-inner-section elementor-element elementor-element-61571e6 elementor-section-boxed elementor-section-height-default elementor-section-height-default\" data-id=\"61571e6\" data-element_type=\"section\">\n\t\t\t\t\t\t<div class=\"elementor-container elementor-column-gap-default\">\n\t\t\t\t\t\t<\/div>\n\t\t<\/section>\n\t\t\t\t<section class=\"elementor-section elementor-inner-section elementor-element elementor-element-b6262e0 elementor-section-boxed elementor-section-height-default elementor-section-height-default\" data-id=\"b6262e0\" data-element_type=\"section\">\n\t\t\t\t\t\t<div class=\"elementor-container elementor-column-gap-default\">\n\t\t\t\t\t\t<\/div>\n\t\t<\/section>\n\t\t\t\t<section class=\"elementor-section elementor-inner-section elementor-element elementor-element-cca29fd elementor-section-boxed elementor-section-height-default elementor-section-height-default\" data-id=\"cca29fd\" data-element_type=\"section\">\n\t\t\t\t\t\t<div class=\"elementor-container elementor-column-gap-default\">\n\t\t\t\t\t\t<\/div>\n\t\t<\/section>\n\t\t\t\t\t<\/div>\n\t\t<\/div>\n\t\t\t\t\t<\/div>\n\t\t<\/section>\n\t\t\t\t<section class=\"elementor-section elementor-top-section elementor-element elementor-element-ee72354 elementor-section-boxed elementor-section-height-default elementor-section-height-default\" data-id=\"ee72354\" data-element_type=\"section\">\n\t\t\t\t\t\t<div class=\"elementor-container elementor-column-gap-default\">\n\t\t\t\t\t<div class=\"elementor-column elementor-col-100 elementor-top-column elementor-element elementor-element-c59d6fe\" data-id=\"c59d6fe\" data-element_type=\"column\">\n\t\t\t<div class=\"elementor-widget-wrap elementor-element-populated\">\n\t\t\t\t\t\t<div class=\"elementor-element elementor-element-661ebea elementor-widget elementor-widget-text-editor\" data-id=\"661ebea\" data-element_type=\"widget\" data-widget_type=\"text-editor.default\">\n\t\t\t\t<div class=\"elementor-widget-container\">\n\t\t\t\t\t\t\t\t\t<p><span style=\"font-weight: 400;\">Il y a dans la natation carib\u00e9enne une \u00e9nergie que les tribunes du Lamentin ont capt\u00e9e chaque soir d&#8217;avril. Quand les finales commen\u00e7aient, que les gradins se remplissaient et que les drapeaux de vingt-quatre nations se m\u00ealaient au-dessus du bassin, les XXXIXes Championnats CARIFTA Aquatics cessaient d&#8217;\u00eatre une simple comp\u00e9tition. Ils devenaient ce qu&#8217;ils ont toujours \u00e9t\u00e9 dans leur essence : un rassemblement, une promesse faite \u00e0 la jeunesse de la Cara\u00efbe.<\/span><\/p>\t\t\t\t\t\t\t\t<\/div>\n\t\t\t\t<\/div>\n\t\t\t\t<div class=\"elementor-element elementor-element-290c8ea elementor-widget elementor-widget-image\" data-id=\"290c8ea\" data-element_type=\"widget\" data-widget_type=\"image.default\">\n\t\t\t\t<div class=\"elementor-widget-container\">\n\t\t\t\t\t\t\t\t\t\t\t\t\t\t\t<img fetchpriority=\"high\" decoding=\"async\" width=\"800\" height=\"532\" src=\"https:\/\/richeskarayib.com\/wp-content\/uploads\/2026\/04\/Carifta030426_ceremonie_ouverture_melissa-simeon-202-1-1024x681.jpg\" class=\"attachment-large size-large wp-image-72233\" alt=\"CARIFTA\" srcset=\"https:\/\/richeskarayib.com\/wp-content\/uploads\/2026\/04\/Carifta030426_ceremonie_ouverture_melissa-simeon-202-1-1024x681.jpg 1024w, https:\/\/richeskarayib.com\/wp-content\/uploads\/2026\/04\/Carifta030426_ceremonie_ouverture_melissa-simeon-202-1-300x200.jpg 300w, https:\/\/richeskarayib.com\/wp-content\/uploads\/2026\/04\/Carifta030426_ceremonie_ouverture_melissa-simeon-202-1-768x511.jpg 768w, https:\/\/richeskarayib.com\/wp-content\/uploads\/2026\/04\/Carifta030426_ceremonie_ouverture_melissa-simeon-202-1-1536x1022.jpg 1536w, https:\/\/richeskarayib.com\/wp-content\/uploads\/2026\/04\/Carifta030426_ceremonie_ouverture_melissa-simeon-202-1-1320x878.jpg 1320w, https:\/\/richeskarayib.com\/wp-content\/uploads\/2026\/04\/Carifta030426_ceremonie_ouverture_melissa-simeon-202-1.jpg 1920w\" sizes=\"(max-width: 800px) 100vw, 800px\" \/>\t\t\t\t\t\t\t\t\t\t\t\t\t\t\t<\/div>\n\t\t\t\t<\/div>\n\t\t\t\t<div class=\"elementor-element elementor-element-015a89d elementor-widget elementor-widget-text-editor\" data-id=\"015a89d\" data-element_type=\"widget\" data-widget_type=\"text-editor.default\">\n\t\t\t\t<div class=\"elementor-widget-container\">\n\t\t\t\t\t\t\t\t\t<p><span style=\"font-weight: 400;\">Du 4 au 8 avril, plus de 480 nageurs et une centaine d&#8217;encadrants venus de 24 pays ont converg\u00e9 vers la Martinique pour trois disciplines : la natation course au Lamentin, la natation artistique et le 5 km en eau libre aux Anses d&#8217;Arlet. Dix ans apr\u00e8s l&#8217;\u00e9dition pr\u00e9c\u00e9dente, le comit\u00e9 d&#8217;organisation men\u00e9 par Alex Badian a mobilis\u00e9 150 b\u00e9n\u00e9voles, 60 officiels par jour et une quarantaine de partenaires. Des \u00e9crans g\u00e9ants et 500 places de gradins mobiles\u00a0 une premi\u00e8re\u00a0 ont donn\u00e9 \u00e0 cette \u00e9dition un caract\u00e8re in\u00e9dit, avec des tribunes combles chaque soir.<\/span><\/p>\t\t\t\t\t\t\t\t<\/div>\n\t\t\t\t<\/div>\n\t\t\t\t<div class=\"elementor-element elementor-element-5fc4387 elementor-widget elementor-widget-text-editor\" data-id=\"5fc4387\" data-element_type=\"widget\" data-widget_type=\"text-editor.default\">\n\t\t\t\t<div class=\"elementor-widget-container\">\n\t\t\t\t\t\t\t\t\t<p><span style=\"font-weight: 400;\">Coralie Balmy, nageuse m\u00e9daill\u00e9e olympique originaire de Martinique et directrice de Coco An Dlo, portait cette ann\u00e9e le titre de marraine. Pour elle, les CARIFTA sont \u00ab comme des mini-jeux olympiques \u00bb, un tremplin vers les comp\u00e9titions internationales. Son message aux athl\u00e8tes : \u00ab \u00c9crire l&#8217;histoire, se sublimer, trouver la petite part de magie qui fera la diff\u00e9rence. \u00bb<\/span><\/p>\t\t\t\t\t\t\t\t<\/div>\n\t\t\t\t<\/div>\n\t\t\t\t<section class=\"elementor-section elementor-inner-section elementor-element elementor-element-75af0e7 elementor-section-boxed elementor-section-height-default elementor-section-height-default\" data-id=\"75af0e7\" data-element_type=\"section\">\n\t\t\t\t\t\t<div class=\"elementor-container elementor-column-gap-default\">\n\t\t\t\t\t<div class=\"elementor-column elementor-col-50 elementor-inner-column elementor-element elementor-element-279b8f8\" data-id=\"279b8f8\" data-element_type=\"column\">\n\t\t\t<div class=\"elementor-widget-wrap elementor-element-populated\">\n\t\t\t\t\t\t<div class=\"elementor-element elementor-element-bbb21cf elementor-widget elementor-widget-image\" data-id=\"bbb21cf\" data-element_type=\"widget\" data-widget_type=\"image.default\">\n\t\t\t\t<div class=\"elementor-widget-container\">\n\t\t\t\t\t\t\t\t\t\t\t\t\t\t\t<img decoding=\"async\" width=\"800\" height=\"534\" src=\"https:\/\/richeskarayib.com\/wp-content\/uploads\/2026\/04\/Carifta030426_ceremonie_ouverture_melissa-simeon-16-1-1024x683.jpg\" class=\"attachment-large size-large wp-image-72229\" alt=\"CARIFTA\" srcset=\"https:\/\/richeskarayib.com\/wp-content\/uploads\/2026\/04\/Carifta030426_ceremonie_ouverture_melissa-simeon-16-1-1024x683.jpg 1024w, https:\/\/richeskarayib.com\/wp-content\/uploads\/2026\/04\/Carifta030426_ceremonie_ouverture_melissa-simeon-16-1-300x200.jpg 300w, https:\/\/richeskarayib.com\/wp-content\/uploads\/2026\/04\/Carifta030426_ceremonie_ouverture_melissa-simeon-16-1-768x512.jpg 768w, https:\/\/richeskarayib.com\/wp-content\/uploads\/2026\/04\/Carifta030426_ceremonie_ouverture_melissa-simeon-16-1-1536x1024.jpg 1536w, https:\/\/richeskarayib.com\/wp-content\/uploads\/2026\/04\/Carifta030426_ceremonie_ouverture_melissa-simeon-16-1-1320x880.jpg 1320w, https:\/\/richeskarayib.com\/wp-content\/uploads\/2026\/04\/Carifta030426_ceremonie_ouverture_melissa-simeon-16-1.jpg 1920w\" sizes=\"(max-width: 800px) 100vw, 800px\" \/>\t\t\t\t\t\t\t\t\t\t\t\t\t\t\t<\/div>\n\t\t\t\t<\/div>\n\t\t\t\t\t<\/div>\n\t\t<\/div>\n\t\t\t\t<div class=\"elementor-column elementor-col-50 elementor-inner-column elementor-element elementor-element-53c1cd1\" data-id=\"53c1cd1\" data-element_type=\"column\">\n\t\t\t<div class=\"elementor-widget-wrap elementor-element-populated\">\n\t\t\t\t\t\t<div class=\"elementor-element elementor-element-20d8135 elementor-widget elementor-widget-image\" data-id=\"20d8135\" data-element_type=\"widget\" data-widget_type=\"image.default\">\n\t\t\t\t<div class=\"elementor-widget-container\">\n\t\t\t\t\t\t\t\t\t\t\t\t\t\t\t<img decoding=\"async\" width=\"800\" height=\"534\" src=\"https:\/\/richeskarayib.com\/wp-content\/uploads\/2026\/04\/ACL4698-copie-1024x683.jpg\" class=\"attachment-large size-large wp-image-72237\" alt=\"CARIFTA\" srcset=\"https:\/\/richeskarayib.com\/wp-content\/uploads\/2026\/04\/ACL4698-copie-1024x683.jpg 1024w, https:\/\/richeskarayib.com\/wp-content\/uploads\/2026\/04\/ACL4698-copie-300x200.jpg 300w, https:\/\/richeskarayib.com\/wp-content\/uploads\/2026\/04\/ACL4698-copie-768x512.jpg 768w, https:\/\/richeskarayib.com\/wp-content\/uploads\/2026\/04\/ACL4698-copie-1536x1025.jpg 1536w, https:\/\/richeskarayib.com\/wp-content\/uploads\/2026\/04\/ACL4698-copie-1320x881.jpg 1320w, https:\/\/richeskarayib.com\/wp-content\/uploads\/2026\/04\/ACL4698-copie.jpg 1920w\" sizes=\"(max-width: 800px) 100vw, 800px\" \/>\t\t\t\t\t\t\t\t\t\t\t\t\t\t\t<\/div>\n\t\t\t\t<\/div>\n\t\t\t\t\t<\/div>\n\t\t<\/div>\n\t\t\t\t\t<\/div>\n\t\t<\/section>\n\t\t\t\t\t<\/div>\n\t\t<\/div>\n\t\t\t\t\t<\/div>\n\t\t<\/section>\n\t\t\t\t<section class=\"elementor-section elementor-top-section elementor-element elementor-element-82cd8f9 elementor-section-boxed elementor-section-height-default elementor-section-height-default\" data-id=\"82cd8f9\" data-element_type=\"section\">\n\t\t\t\t\t\t<div class=\"elementor-container elementor-column-gap-default\">\n\t\t\t\t\t<div class=\"elementor-column elementor-col-100 elementor-top-column elementor-element elementor-element-0bfdc38\" data-id=\"0bfdc38\" data-element_type=\"column\">\n\t\t\t<div class=\"elementor-widget-wrap elementor-element-populated\">\n\t\t\t\t\t\t<div class=\"elementor-element elementor-element-7d292fe elementor-widget elementor-widget-heading\" data-id=\"7d292fe\" data-element_type=\"widget\" data-widget_type=\"heading.default\">\n\t\t\t\t<div class=\"elementor-widget-container\">\n\t\t\t\t\t<h2 class=\"elementor-heading-title elementor-size-default\">En bassin : la Cara\u00efbe confirme sa vitalit\u00e9<\/h2>\t\t\t\t<\/div>\n\t\t\t\t<\/div>\n\t\t\t\t<section class=\"elementor-section elementor-inner-section elementor-element elementor-element-da8459c elementor-section-boxed elementor-section-height-default elementor-section-height-default\" data-id=\"da8459c\" data-element_type=\"section\">\n\t\t\t\t\t\t<div class=\"elementor-container elementor-column-gap-default\">\n\t\t\t\t\t<div class=\"elementor-column elementor-col-100 elementor-inner-column elementor-element elementor-element-45b856b\" data-id=\"45b856b\" data-element_type=\"column\">\n\t\t\t<div class=\"elementor-widget-wrap elementor-element-populated\">\n\t\t\t\t\t\t<div class=\"elementor-element elementor-element-289b094 elementor-widget elementor-widget-text-editor\" data-id=\"289b094\" data-element_type=\"widget\" data-widget_type=\"text-editor.default\">\n\t\t\t\t<div class=\"elementor-widget-container\">\n\t\t\t\t\t\t\t\t\t<p><span style=\"font-weight: 400;\">Les quatre jours de comp\u00e9tition ont livr\u00e9 117 \u00e9preuves d&#8217;un niveau remarquable. Les Bahamas terminent premiers au classement par points (795), suivis de la Jama\u00efque (754,5), de Trinidad &amp; Tobago (747), de la Barbade (638,5), des \u00celes Ca\u00efmans (547,5) et de la Martinique (489). Au tableau des m\u00e9dailles d&#8217;or, la Barbade m\u00e8ne avec 23 titres, devant les Bahamas (21), Trinidad &amp; Tobago (20) et la Jama\u00efque (15).<\/span><\/p>\t\t\t\t\t\t\t\t<\/div>\n\t\t\t\t<\/div>\n\t\t\t\t<div class=\"elementor-element elementor-element-6c3128c elementor-widget elementor-widget-text-editor\" data-id=\"6c3128c\" data-element_type=\"widget\" data-widget_type=\"text-editor.default\">\n\t\t\t\t<div class=\"elementor-widget-container\">\n\t\t\t\t\t\t\t\t\t<p><span style=\"font-weight: 400;\">Les performances individuelles ont donn\u00e9 aux <a href=\"https:\/\/cariftamartinique2026.com\/\" target=\"_blank\" rel=\"noopener nofollow\">CARIFTA<\/a> leur texture. Liam Carrington (Trinidad &amp; Tobago, 17 ans) a domin\u00e9 le sprint et le dos, s&#8217;imposant en 49,75 s au 100 m nage libre. Christon Joseph (Bahamas, 14 ans) a remport\u00e9 cinq titres individuels chez les gar\u00e7ons 13-14 ans. Heidi Stoute (Barbade, 16 ans) a sign\u00e9 un quadrupl\u00e9 en nage libre chez les filles 15-17 ans. Reagan Uszenski (\u00celes Vierges am\u00e9ricaines) a \u00e9t\u00e9 la plus titr\u00e9e chez les 13-14 ans f\u00e9minins. Christian Jerome (Ha\u00efti) a offert \u00e0 son pays deux m\u00e9dailles d&#8217;or en papillon, prouvant que le talent \u00e9clot partout dans la Cara\u00efbe. La jeune Sapphire Parks (Sainte-Lucie, 12 ans) a r\u00e9colt\u00e9 six m\u00e9dailles, portant haut les couleurs d&#8217;une d\u00e9l\u00e9gation modeste en nombre mais remarquable en qualit\u00e9.<\/span><\/p>\t\t\t\t\t\t\t\t<\/div>\n\t\t\t\t<\/div>\n\t\t\t\t\t<\/div>\n\t\t<\/div>\n\t\t\t\t\t<\/div>\n\t\t<\/section>\n\t\t\t\t<section class=\"elementor-section elementor-inner-section elementor-element elementor-element-bd3722e elementor-section-boxed elementor-section-height-default elementor-section-height-default\" data-id=\"bd3722e\" data-element_type=\"section\">\n\t\t\t\t\t\t<div class=\"elementor-container elementor-column-gap-default\">\n\t\t\t\t\t<div class=\"elementor-column elementor-col-50 elementor-inner-column elementor-element elementor-element-c5f309e\" data-id=\"c5f309e\" data-element_type=\"column\">\n\t\t\t<div class=\"elementor-widget-wrap elementor-element-populated\">\n\t\t\t\t\t\t<div class=\"elementor-element elementor-element-895d541 elementor-widget elementor-widget-image\" data-id=\"895d541\" data-element_type=\"widget\" data-widget_type=\"image.default\">\n\t\t\t\t<div class=\"elementor-widget-container\">\n\t\t\t\t\t\t\t\t\t\t\t\t\t\t\t<img loading=\"lazy\" decoding=\"async\" width=\"800\" height=\"534\" src=\"https:\/\/richeskarayib.com\/wp-content\/uploads\/2026\/04\/Carifta040426_serie_course_melissa-simeon-Carifta040426_serie_course_melissa-simeon-Carifta040426_serie_course_melissa-simeon-64-1024x683.jpg\" class=\"attachment-large size-large wp-image-72181\" alt=\"CARIFTA\" srcset=\"https:\/\/richeskarayib.com\/wp-content\/uploads\/2026\/04\/Carifta040426_serie_course_melissa-simeon-Carifta040426_serie_course_melissa-simeon-Carifta040426_serie_course_melissa-simeon-64-1024x683.jpg 1024w, https:\/\/richeskarayib.com\/wp-content\/uploads\/2026\/04\/Carifta040426_serie_course_melissa-simeon-Carifta040426_serie_course_melissa-simeon-Carifta040426_serie_course_melissa-simeon-64-300x200.jpg 300w, https:\/\/richeskarayib.com\/wp-content\/uploads\/2026\/04\/Carifta040426_serie_course_melissa-simeon-Carifta040426_serie_course_melissa-simeon-Carifta040426_serie_course_melissa-simeon-64-768x512.jpg 768w, https:\/\/richeskarayib.com\/wp-content\/uploads\/2026\/04\/Carifta040426_serie_course_melissa-simeon-Carifta040426_serie_course_melissa-simeon-Carifta040426_serie_course_melissa-simeon-64-1536x1024.jpg 1536w, https:\/\/richeskarayib.com\/wp-content\/uploads\/2026\/04\/Carifta040426_serie_course_melissa-simeon-Carifta040426_serie_course_melissa-simeon-Carifta040426_serie_course_melissa-simeon-64-1320x880.jpg 1320w, https:\/\/richeskarayib.com\/wp-content\/uploads\/2026\/04\/Carifta040426_serie_course_melissa-simeon-Carifta040426_serie_course_melissa-simeon-Carifta040426_serie_course_melissa-simeon-64.jpg 1920w\" sizes=\"(max-width: 800px) 100vw, 800px\" \/>\t\t\t\t\t\t\t\t\t\t\t\t\t\t\t<\/div>\n\t\t\t\t<\/div>\n\t\t\t\t\t<\/div>\n\t\t<\/div>\n\t\t\t\t<div class=\"elementor-column elementor-col-50 elementor-inner-column elementor-element elementor-element-b4dc057\" data-id=\"b4dc057\" data-element_type=\"column\">\n\t\t\t<div class=\"elementor-widget-wrap elementor-element-populated\">\n\t\t\t\t\t\t<div class=\"elementor-element elementor-element-9fa4a03 elementor-widget elementor-widget-image\" data-id=\"9fa4a03\" data-element_type=\"widget\" data-widget_type=\"image.default\">\n\t\t\t\t<div class=\"elementor-widget-container\">\n\t\t\t\t\t\t\t\t\t\t\t\t\t\t\t<img loading=\"lazy\" decoding=\"async\" width=\"800\" height=\"534\" src=\"https:\/\/richeskarayib.com\/wp-content\/uploads\/2026\/04\/Carifta-day1-ARNAUD-wladimir-17-1024x683.jpg\" class=\"attachment-large size-large wp-image-72185\" alt=\"CARIFTA\" srcset=\"https:\/\/richeskarayib.com\/wp-content\/uploads\/2026\/04\/Carifta-day1-ARNAUD-wladimir-17-1024x683.jpg 1024w, https:\/\/richeskarayib.com\/wp-content\/uploads\/2026\/04\/Carifta-day1-ARNAUD-wladimir-17-300x200.jpg 300w, https:\/\/richeskarayib.com\/wp-content\/uploads\/2026\/04\/Carifta-day1-ARNAUD-wladimir-17-768x512.jpg 768w, https:\/\/richeskarayib.com\/wp-content\/uploads\/2026\/04\/Carifta-day1-ARNAUD-wladimir-17-1536x1024.jpg 1536w, https:\/\/richeskarayib.com\/wp-content\/uploads\/2026\/04\/Carifta-day1-ARNAUD-wladimir-17-1320x880.jpg 1320w, https:\/\/richeskarayib.com\/wp-content\/uploads\/2026\/04\/Carifta-day1-ARNAUD-wladimir-17.jpg 1920w\" sizes=\"(max-width: 800px) 100vw, 800px\" \/>\t\t\t\t\t\t\t\t\t\t\t\t\t\t\t<\/div>\n\t\t\t\t<\/div>\n\t\t\t\t\t<\/div>\n\t\t<\/div>\n\t\t\t\t\t<\/div>\n\t\t<\/section>\n\t\t\t\t<section class=\"elementor-section elementor-inner-section elementor-element elementor-element-9e8fc61 elementor-section-boxed elementor-section-height-default elementor-section-height-default\" data-id=\"9e8fc61\" data-element_type=\"section\">\n\t\t\t\t\t\t<div class=\"elementor-container elementor-column-gap-default\">\n\t\t\t\t\t<div class=\"elementor-column elementor-col-50 elementor-inner-column elementor-element elementor-element-75d16d6\" data-id=\"75d16d6\" data-element_type=\"column\">\n\t\t\t<div class=\"elementor-widget-wrap elementor-element-populated\">\n\t\t\t\t\t\t<div class=\"elementor-element elementor-element-38da094 elementor-widget elementor-widget-image\" data-id=\"38da094\" data-element_type=\"widget\" data-widget_type=\"image.default\">\n\t\t\t\t<div class=\"elementor-widget-container\">\n\t\t\t\t\t\t\t\t\t\t\t\t\t\t\t<img loading=\"lazy\" decoding=\"async\" width=\"800\" height=\"534\" src=\"https:\/\/richeskarayib.com\/wp-content\/uploads\/2026\/04\/Carifta-day1-ARNAUD-wladimir-194-1024x683.jpg\" class=\"attachment-large size-large wp-image-72189\" alt=\"CARIFTA\" srcset=\"https:\/\/richeskarayib.com\/wp-content\/uploads\/2026\/04\/Carifta-day1-ARNAUD-wladimir-194-1024x683.jpg 1024w, https:\/\/richeskarayib.com\/wp-content\/uploads\/2026\/04\/Carifta-day1-ARNAUD-wladimir-194-300x200.jpg 300w, https:\/\/richeskarayib.com\/wp-content\/uploads\/2026\/04\/Carifta-day1-ARNAUD-wladimir-194-768x512.jpg 768w, https:\/\/richeskarayib.com\/wp-content\/uploads\/2026\/04\/Carifta-day1-ARNAUD-wladimir-194-1536x1024.jpg 1536w, https:\/\/richeskarayib.com\/wp-content\/uploads\/2026\/04\/Carifta-day1-ARNAUD-wladimir-194-1320x880.jpg 1320w, https:\/\/richeskarayib.com\/wp-content\/uploads\/2026\/04\/Carifta-day1-ARNAUD-wladimir-194.jpg 1920w\" sizes=\"(max-width: 800px) 100vw, 800px\" \/>\t\t\t\t\t\t\t\t\t\t\t\t\t\t\t<\/div>\n\t\t\t\t<\/div>\n\t\t\t\t\t<\/div>\n\t\t<\/div>\n\t\t\t\t<div class=\"elementor-column elementor-col-50 elementor-inner-column elementor-element elementor-element-c554d21\" data-id=\"c554d21\" data-element_type=\"column\">\n\t\t\t<div class=\"elementor-widget-wrap elementor-element-populated\">\n\t\t\t\t\t\t<div class=\"elementor-element elementor-element-5520a19 elementor-widget elementor-widget-image\" data-id=\"5520a19\" data-element_type=\"widget\" data-widget_type=\"image.default\">\n\t\t\t\t<div class=\"elementor-widget-container\">\n\t\t\t\t\t\t\t\t\t\t\t\t\t\t\t<img loading=\"lazy\" decoding=\"async\" width=\"800\" height=\"534\" src=\"https:\/\/richeskarayib.com\/wp-content\/uploads\/2026\/04\/Carifta-day1-ARNAUD-wladimir-150-1024x683.jpg\" class=\"attachment-large size-large wp-image-72193\" alt=\"CARIFTA\" srcset=\"https:\/\/richeskarayib.com\/wp-content\/uploads\/2026\/04\/Carifta-day1-ARNAUD-wladimir-150-1024x683.jpg 1024w, https:\/\/richeskarayib.com\/wp-content\/uploads\/2026\/04\/Carifta-day1-ARNAUD-wladimir-150-300x200.jpg 300w, https:\/\/richeskarayib.com\/wp-content\/uploads\/2026\/04\/Carifta-day1-ARNAUD-wladimir-150-768x512.jpg 768w, https:\/\/richeskarayib.com\/wp-content\/uploads\/2026\/04\/Carifta-day1-ARNAUD-wladimir-150-1536x1024.jpg 1536w, https:\/\/richeskarayib.com\/wp-content\/uploads\/2026\/04\/Carifta-day1-ARNAUD-wladimir-150-1320x880.jpg 1320w, https:\/\/richeskarayib.com\/wp-content\/uploads\/2026\/04\/Carifta-day1-ARNAUD-wladimir-150.jpg 1920w\" sizes=\"(max-width: 800px) 100vw, 800px\" \/>\t\t\t\t\t\t\t\t\t\t\t\t\t\t\t<\/div>\n\t\t\t\t<\/div>\n\t\t\t\t\t<\/div>\n\t\t<\/div>\n\t\t\t\t\t<\/div>\n\t\t<\/section>\n\t\t\t\t<section class=\"elementor-section elementor-inner-section elementor-element elementor-element-c582330 elementor-section-boxed elementor-section-height-default elementor-section-height-default\" data-id=\"c582330\" data-element_type=\"section\">\n\t\t\t\t\t\t<div class=\"elementor-container elementor-column-gap-default\">\n\t\t\t\t\t\t<\/div>\n\t\t<\/section>\n\t\t\t\t<section class=\"elementor-section elementor-inner-section elementor-element elementor-element-296603a elementor-section-boxed elementor-section-height-default elementor-section-height-default\" data-id=\"296603a\" data-element_type=\"section\">\n\t\t\t\t\t\t<div class=\"elementor-container elementor-column-gap-default\">\n\t\t\t\t\t\t<\/div>\n\t\t<\/section>\n\t\t\t\t\t<\/div>\n\t\t<\/div>\n\t\t\t\t\t<\/div>\n\t\t<\/section>\n\t\t\t\t<section class=\"elementor-section elementor-top-section elementor-element elementor-element-9c88a89 elementor-section-boxed elementor-section-height-default elementor-section-height-default\" data-id=\"9c88a89\" data-element_type=\"section\">\n\t\t\t\t\t\t<div class=\"elementor-container elementor-column-gap-default\">\n\t\t\t\t\t<div class=\"elementor-column elementor-col-100 elementor-top-column elementor-element elementor-element-78cf5d1\" data-id=\"78cf5d1\" data-element_type=\"column\">\n\t\t\t<div class=\"elementor-widget-wrap elementor-element-populated\">\n\t\t\t\t\t\t<div class=\"elementor-element elementor-element-ea2a5c1 elementor-widget elementor-widget-heading\" data-id=\"ea2a5c1\" data-element_type=\"widget\" data-widget_type=\"heading.default\">\n\t\t\t\t<div class=\"elementor-widget-container\">\n\t\t\t\t\t<h2 class=\"elementor-heading-title elementor-size-default\">Natation artistique : une discipline en plein essor lors des CARIFTA Aquatics  Championships<\/h2>\t\t\t\t<\/div>\n\t\t\t\t<\/div>\n\t\t\t\t<div class=\"elementor-element elementor-element-e305eee elementor-widget elementor-widget-text-editor\" data-id=\"e305eee\" data-element_type=\"widget\" data-widget_type=\"text-editor.default\">\n\t\t\t\t<div class=\"elementor-widget-container\">\n\t\t\t\t\t\t\t\t\t<p><span style=\"font-weight: 400;\">La Martinique, la Guadeloupe et les \u00celes Ca\u00efmans ont disput\u00e9 un programme complet de solos, duos et \u00e9preuves par \u00e9quipes dans trois cat\u00e9gories d&#8217;\u00e2ge. Les \u00celes Ca\u00efmans se sont illustr\u00e9es lors des CARIFTA en remportant l&#8217;or en solo dans les trois cat\u00e9gories, gr\u00e2ce \u00e0 Isabelle Young, Ava Cr\u00e2ne et Maureen-Catherine Kohler. La Guadeloupe a d\u00e9croch\u00e9 le titre de Meilleure Nation chez les 12 ans et moins, tandis que la Martinique, sacr\u00e9e Champion Overall, a domin\u00e9 les cat\u00e9gories 13-15 ans et 16-19 ans. La discipline b\u00e9n\u00e9ficie d\u00e9sormais d&#8217;un v\u00e9ritable plan de d\u00e9veloppement carib\u00e9en, avec la perspective d&#8217;une \u00e9dition 2027 \u00e0 Coral Springs (Floride) soutenue par USA Artistic Swimming.<\/span><\/p>\t\t\t\t\t\t\t\t<\/div>\n\t\t\t\t<\/div>\n\t\t\t\t<section class=\"elementor-section elementor-inner-section elementor-element elementor-element-c258855 elementor-section-boxed elementor-section-height-default elementor-section-height-default\" data-id=\"c258855\" data-element_type=\"section\">\n\t\t\t\t\t\t<div class=\"elementor-container elementor-column-gap-default\">\n\t\t\t\t\t<div class=\"elementor-column elementor-col-50 elementor-inner-column elementor-element elementor-element-1c14e72\" data-id=\"1c14e72\" data-element_type=\"column\">\n\t\t\t<div class=\"elementor-widget-wrap elementor-element-populated\">\n\t\t\t\t\t\t<div class=\"elementor-element elementor-element-caac591 elementor-widget elementor-widget-image\" data-id=\"caac591\" data-element_type=\"widget\" data-widget_type=\"image.default\">\n\t\t\t\t<div class=\"elementor-widget-container\">\n\t\t\t\t\t\t\t\t\t\t\t\t\t\t\t<img loading=\"lazy\" decoding=\"async\" width=\"800\" height=\"534\" src=\"https:\/\/richeskarayib.com\/wp-content\/uploads\/2026\/04\/Carifta080426_finales_course_melissa-simeon-29-1024x683.jpg\" class=\"attachment-large size-large wp-image-72197\" alt=\"CARIFTA\" srcset=\"https:\/\/richeskarayib.com\/wp-content\/uploads\/2026\/04\/Carifta080426_finales_course_melissa-simeon-29-1024x683.jpg 1024w, https:\/\/richeskarayib.com\/wp-content\/uploads\/2026\/04\/Carifta080426_finales_course_melissa-simeon-29-300x200.jpg 300w, https:\/\/richeskarayib.com\/wp-content\/uploads\/2026\/04\/Carifta080426_finales_course_melissa-simeon-29-768x512.jpg 768w, https:\/\/richeskarayib.com\/wp-content\/uploads\/2026\/04\/Carifta080426_finales_course_melissa-simeon-29-1536x1024.jpg 1536w, https:\/\/richeskarayib.com\/wp-content\/uploads\/2026\/04\/Carifta080426_finales_course_melissa-simeon-29-1320x880.jpg 1320w, https:\/\/richeskarayib.com\/wp-content\/uploads\/2026\/04\/Carifta080426_finales_course_melissa-simeon-29.jpg 1920w\" sizes=\"(max-width: 800px) 100vw, 800px\" \/>\t\t\t\t\t\t\t\t\t\t\t\t\t\t\t<\/div>\n\t\t\t\t<\/div>\n\t\t\t\t\t<\/div>\n\t\t<\/div>\n\t\t\t\t<div class=\"elementor-column elementor-col-50 elementor-inner-column elementor-element elementor-element-a43b2c5\" data-id=\"a43b2c5\" data-element_type=\"column\">\n\t\t\t<div class=\"elementor-widget-wrap elementor-element-populated\">\n\t\t\t\t\t\t<div class=\"elementor-element elementor-element-872ca41 elementor-widget elementor-widget-image\" data-id=\"872ca41\" data-element_type=\"widget\" data-widget_type=\"image.default\">\n\t\t\t\t<div class=\"elementor-widget-container\">\n\t\t\t\t\t\t\t\t\t\t\t\t\t\t\t<img loading=\"lazy\" decoding=\"async\" width=\"800\" height=\"534\" src=\"https:\/\/richeskarayib.com\/wp-content\/uploads\/2026\/04\/Carifta080426_finales_course_melissa-simeon-2-1024x683.jpg\" class=\"attachment-large size-large wp-image-72201\" alt=\"CARIFTA\" srcset=\"https:\/\/richeskarayib.com\/wp-content\/uploads\/2026\/04\/Carifta080426_finales_course_melissa-simeon-2-1024x683.jpg 1024w, https:\/\/richeskarayib.com\/wp-content\/uploads\/2026\/04\/Carifta080426_finales_course_melissa-simeon-2-300x200.jpg 300w, https:\/\/richeskarayib.com\/wp-content\/uploads\/2026\/04\/Carifta080426_finales_course_melissa-simeon-2-768x512.jpg 768w, https:\/\/richeskarayib.com\/wp-content\/uploads\/2026\/04\/Carifta080426_finales_course_melissa-simeon-2-1536x1024.jpg 1536w, https:\/\/richeskarayib.com\/wp-content\/uploads\/2026\/04\/Carifta080426_finales_course_melissa-simeon-2-1320x880.jpg 1320w, https:\/\/richeskarayib.com\/wp-content\/uploads\/2026\/04\/Carifta080426_finales_course_melissa-simeon-2.jpg 1920w\" sizes=\"(max-width: 800px) 100vw, 800px\" \/>\t\t\t\t\t\t\t\t\t\t\t\t\t\t\t<\/div>\n\t\t\t\t<\/div>\n\t\t\t\t\t<\/div>\n\t\t<\/div>\n\t\t\t\t\t<\/div>\n\t\t<\/section>\n\t\t\t\t<section class=\"elementor-section elementor-inner-section elementor-element elementor-element-e0f660e elementor-section-boxed elementor-section-height-default elementor-section-height-default\" data-id=\"e0f660e\" data-element_type=\"section\">\n\t\t\t\t\t\t<div class=\"elementor-container elementor-column-gap-default\">\n\t\t\t\t\t<div class=\"elementor-column elementor-col-50 elementor-inner-column elementor-element elementor-element-d097eb7\" data-id=\"d097eb7\" data-element_type=\"column\">\n\t\t\t<div class=\"elementor-widget-wrap elementor-element-populated\">\n\t\t\t\t\t\t<div class=\"elementor-element elementor-element-3eb7a3a elementor-widget elementor-widget-image\" data-id=\"3eb7a3a\" data-element_type=\"widget\" data-widget_type=\"image.default\">\n\t\t\t\t<div class=\"elementor-widget-container\">\n\t\t\t\t\t\t\t\t\t\t\t\t\t\t\t<img loading=\"lazy\" decoding=\"async\" width=\"800\" height=\"534\" src=\"https:\/\/richeskarayib.com\/wp-content\/uploads\/2026\/04\/Carifta080426_finales_course_melissa-simeon-45-1024x683.jpg\" class=\"attachment-large size-large wp-image-72205\" alt=\"CARIFTA\" srcset=\"https:\/\/richeskarayib.com\/wp-content\/uploads\/2026\/04\/Carifta080426_finales_course_melissa-simeon-45-1024x683.jpg 1024w, https:\/\/richeskarayib.com\/wp-content\/uploads\/2026\/04\/Carifta080426_finales_course_melissa-simeon-45-300x200.jpg 300w, https:\/\/richeskarayib.com\/wp-content\/uploads\/2026\/04\/Carifta080426_finales_course_melissa-simeon-45-768x512.jpg 768w, https:\/\/richeskarayib.com\/wp-content\/uploads\/2026\/04\/Carifta080426_finales_course_melissa-simeon-45-1536x1024.jpg 1536w, https:\/\/richeskarayib.com\/wp-content\/uploads\/2026\/04\/Carifta080426_finales_course_melissa-simeon-45-1320x880.jpg 1320w, https:\/\/richeskarayib.com\/wp-content\/uploads\/2026\/04\/Carifta080426_finales_course_melissa-simeon-45.jpg 1920w\" sizes=\"(max-width: 800px) 100vw, 800px\" \/>\t\t\t\t\t\t\t\t\t\t\t\t\t\t\t<\/div>\n\t\t\t\t<\/div>\n\t\t\t\t\t<\/div>\n\t\t<\/div>\n\t\t\t\t<div class=\"elementor-column elementor-col-50 elementor-inner-column elementor-element elementor-element-e7048d1\" data-id=\"e7048d1\" data-element_type=\"column\">\n\t\t\t<div class=\"elementor-widget-wrap elementor-element-populated\">\n\t\t\t\t\t\t<div class=\"elementor-element elementor-element-23b012f elementor-widget elementor-widget-image\" data-id=\"23b012f\" data-element_type=\"widget\" data-widget_type=\"image.default\">\n\t\t\t\t<div class=\"elementor-widget-container\">\n\t\t\t\t\t\t\t\t\t\t\t\t\t\t\t<img loading=\"lazy\" decoding=\"async\" width=\"800\" height=\"534\" src=\"https:\/\/richeskarayib.com\/wp-content\/uploads\/2026\/04\/Carifta080426_finales_course_melissa-simeon-40-1024x683.jpg\" class=\"attachment-large size-large wp-image-72209\" alt=\"CARIFTA\" srcset=\"https:\/\/richeskarayib.com\/wp-content\/uploads\/2026\/04\/Carifta080426_finales_course_melissa-simeon-40-1024x683.jpg 1024w, https:\/\/richeskarayib.com\/wp-content\/uploads\/2026\/04\/Carifta080426_finales_course_melissa-simeon-40-300x200.jpg 300w, https:\/\/richeskarayib.com\/wp-content\/uploads\/2026\/04\/Carifta080426_finales_course_melissa-simeon-40-768x512.jpg 768w, https:\/\/richeskarayib.com\/wp-content\/uploads\/2026\/04\/Carifta080426_finales_course_melissa-simeon-40-1536x1024.jpg 1536w, https:\/\/richeskarayib.com\/wp-content\/uploads\/2026\/04\/Carifta080426_finales_course_melissa-simeon-40-1320x880.jpg 1320w, https:\/\/richeskarayib.com\/wp-content\/uploads\/2026\/04\/Carifta080426_finales_course_melissa-simeon-40.jpg 1920w\" sizes=\"(max-width: 800px) 100vw, 800px\" \/>\t\t\t\t\t\t\t\t\t\t\t\t\t\t\t<\/div>\n\t\t\t\t<\/div>\n\t\t\t\t\t<\/div>\n\t\t<\/div>\n\t\t\t\t\t<\/div>\n\t\t<\/section>\n\t\t\t\t\t<\/div>\n\t\t<\/div>\n\t\t\t\t\t<\/div>\n\t\t<\/section>\n\t\t\t\t<section class=\"elementor-section elementor-top-section elementor-element elementor-element-4a0e8e4 elementor-section-boxed elementor-section-height-default elementor-section-height-default\" data-id=\"4a0e8e4\" data-element_type=\"section\">\n\t\t\t\t\t\t<div class=\"elementor-container elementor-column-gap-default\">\n\t\t\t\t\t<div class=\"elementor-column elementor-col-100 elementor-top-column elementor-element elementor-element-f16bdfb\" data-id=\"f16bdfb\" data-element_type=\"column\">\n\t\t\t<div class=\"elementor-widget-wrap elementor-element-populated\">\n\t\t\t\t\t\t<div class=\"elementor-element elementor-element-33604cf elementor-widget elementor-widget-heading\" data-id=\"33604cf\" data-element_type=\"widget\" data-widget_type=\"heading.default\">\n\t\t\t\t<div class=\"elementor-widget-container\">\n\t\t\t\t\t<h2 class=\"elementor-heading-title elementor-size-default\">Eau libre : le 5 km des Anses d'Arlet<\/h2>\t\t\t\t<\/div>\n\t\t\t\t<\/div>\n\t\t\t\t<div class=\"elementor-element elementor-element-06205d8 elementor-widget elementor-widget-text-editor\" data-id=\"06205d8\" data-element_type=\"widget\" data-widget_type=\"text-editor.default\">\n\t\t\t\t<div class=\"elementor-widget-container\">\n\t\t\t\t\t\t\t\t\t<p><span style=\"font-weight: 400;\">Les 57 nageurs engag\u00e9s ont pris le d\u00e9part dans les eaux turquoise de la c\u00f4te sud martiniquaise. Chez les 16-18 ans, Enzo Doussot (Martinique, 1 h 05 min 24 s) a devanc\u00e9 de deux secondes l&#8217;Arubais Matthew Gobert dans un final \u00e0 trois d&#8217;une intensit\u00e9 rare, tandis que Maylis Lestrade (Martinique) s&#8217;imposait chez les filles. Chez les 14-15 ans, Antoine Pertuzon (Guadeloupe) et Marena Martinez (Trinidad &amp; Tobago) ont pris les premi\u00e8res places.<\/span><\/p>\t\t\t\t\t\t\t\t<\/div>\n\t\t\t\t<\/div>\n\t\t\t\t<section class=\"elementor-section elementor-inner-section elementor-element elementor-element-0b8cf34 elementor-section-boxed elementor-section-height-default elementor-section-height-default\" data-id=\"0b8cf34\" data-element_type=\"section\">\n\t\t\t\t\t\t<div class=\"elementor-container elementor-column-gap-default\">\n\t\t\t\t\t<div class=\"elementor-column elementor-col-50 elementor-inner-column elementor-element elementor-element-bfe674d\" data-id=\"bfe674d\" data-element_type=\"column\">\n\t\t\t<div class=\"elementor-widget-wrap elementor-element-populated\">\n\t\t\t\t\t\t<div class=\"elementor-element elementor-element-30c1f9f elementor-widget elementor-widget-image\" data-id=\"30c1f9f\" data-element_type=\"widget\" data-widget_type=\"image.default\">\n\t\t\t\t<div class=\"elementor-widget-container\">\n\t\t\t\t\t\t\t\t\t\t\t\t\t\t\t<img loading=\"lazy\" decoding=\"async\" width=\"800\" height=\"534\" src=\"https:\/\/richeskarayib.com\/wp-content\/uploads\/2026\/04\/CARIFTA-2026-08052026-J4-SOIR-MARC-MARSILLON-SANS-LOGO-1564-1024x683.jpg\" class=\"attachment-large size-large wp-image-72213\" alt=\"CARIFTA\" srcset=\"https:\/\/richeskarayib.com\/wp-content\/uploads\/2026\/04\/CARIFTA-2026-08052026-J4-SOIR-MARC-MARSILLON-SANS-LOGO-1564-1024x683.jpg 1024w, https:\/\/richeskarayib.com\/wp-content\/uploads\/2026\/04\/CARIFTA-2026-08052026-J4-SOIR-MARC-MARSILLON-SANS-LOGO-1564-300x200.jpg 300w, https:\/\/richeskarayib.com\/wp-content\/uploads\/2026\/04\/CARIFTA-2026-08052026-J4-SOIR-MARC-MARSILLON-SANS-LOGO-1564-768x512.jpg 768w, https:\/\/richeskarayib.com\/wp-content\/uploads\/2026\/04\/CARIFTA-2026-08052026-J4-SOIR-MARC-MARSILLON-SANS-LOGO-1564-1536x1024.jpg 1536w, https:\/\/richeskarayib.com\/wp-content\/uploads\/2026\/04\/CARIFTA-2026-08052026-J4-SOIR-MARC-MARSILLON-SANS-LOGO-1564-1320x880.jpg 1320w, https:\/\/richeskarayib.com\/wp-content\/uploads\/2026\/04\/CARIFTA-2026-08052026-J4-SOIR-MARC-MARSILLON-SANS-LOGO-1564.jpg 1920w\" sizes=\"(max-width: 800px) 100vw, 800px\" \/>\t\t\t\t\t\t\t\t\t\t\t\t\t\t\t<\/div>\n\t\t\t\t<\/div>\n\t\t\t\t\t<\/div>\n\t\t<\/div>\n\t\t\t\t<div class=\"elementor-column elementor-col-50 elementor-inner-column elementor-element elementor-element-e6fb2aa\" data-id=\"e6fb2aa\" data-element_type=\"column\">\n\t\t\t<div class=\"elementor-widget-wrap elementor-element-populated\">\n\t\t\t\t\t\t<div class=\"elementor-element elementor-element-6c7f070 elementor-widget elementor-widget-image\" data-id=\"6c7f070\" data-element_type=\"widget\" data-widget_type=\"image.default\">\n\t\t\t\t<div class=\"elementor-widget-container\">\n\t\t\t\t\t\t\t\t\t\t\t\t\t\t\t<img loading=\"lazy\" decoding=\"async\" width=\"800\" height=\"534\" src=\"https:\/\/richeskarayib.com\/wp-content\/uploads\/2026\/04\/CARIFTA-2026-08052026-J4-SOIR-MARC-MARSILLON-SANS-LOGO-4864-Copie-1024x683.jpg\" class=\"attachment-large size-large wp-image-72217\" alt=\"CARIFTA\" srcset=\"https:\/\/richeskarayib.com\/wp-content\/uploads\/2026\/04\/CARIFTA-2026-08052026-J4-SOIR-MARC-MARSILLON-SANS-LOGO-4864-Copie-1024x683.jpg 1024w, https:\/\/richeskarayib.com\/wp-content\/uploads\/2026\/04\/CARIFTA-2026-08052026-J4-SOIR-MARC-MARSILLON-SANS-LOGO-4864-Copie-300x200.jpg 300w, https:\/\/richeskarayib.com\/wp-content\/uploads\/2026\/04\/CARIFTA-2026-08052026-J4-SOIR-MARC-MARSILLON-SANS-LOGO-4864-Copie-768x512.jpg 768w, https:\/\/richeskarayib.com\/wp-content\/uploads\/2026\/04\/CARIFTA-2026-08052026-J4-SOIR-MARC-MARSILLON-SANS-LOGO-4864-Copie-1536x1024.jpg 1536w, https:\/\/richeskarayib.com\/wp-content\/uploads\/2026\/04\/CARIFTA-2026-08052026-J4-SOIR-MARC-MARSILLON-SANS-LOGO-4864-Copie-1320x880.jpg 1320w, https:\/\/richeskarayib.com\/wp-content\/uploads\/2026\/04\/CARIFTA-2026-08052026-J4-SOIR-MARC-MARSILLON-SANS-LOGO-4864-Copie.jpg 1920w\" sizes=\"(max-width: 800px) 100vw, 800px\" \/>\t\t\t\t\t\t\t\t\t\t\t\t\t\t\t<\/div>\n\t\t\t\t<\/div>\n\t\t\t\t\t<\/div>\n\t\t<\/div>\n\t\t\t\t\t<\/div>\n\t\t<\/section>\n\t\t\t\t<section class=\"elementor-section elementor-inner-section elementor-element elementor-element-d3a74d7 elementor-section-boxed elementor-section-height-default elementor-section-height-default\" data-id=\"d3a74d7\" data-element_type=\"section\">\n\t\t\t\t\t\t<div class=\"elementor-container elementor-column-gap-default\">\n\t\t\t\t\t<div class=\"elementor-column elementor-col-50 elementor-inner-column elementor-element elementor-element-af20d9d\" data-id=\"af20d9d\" data-element_type=\"column\">\n\t\t\t<div class=\"elementor-widget-wrap elementor-element-populated\">\n\t\t\t\t\t\t<div class=\"elementor-element elementor-element-7370881 elementor-widget elementor-widget-image\" data-id=\"7370881\" data-element_type=\"widget\" data-widget_type=\"image.default\">\n\t\t\t\t<div class=\"elementor-widget-container\">\n\t\t\t\t\t\t\t\t\t\t\t\t\t\t\t<img loading=\"lazy\" decoding=\"async\" width=\"800\" height=\"534\" src=\"https:\/\/richeskarayib.com\/wp-content\/uploads\/2026\/04\/CARIFTA-2026-08052026-J4-SOIR-MARC-MARSILLON-SANS-LOGO-5183-1024x683.jpg\" class=\"attachment-large size-large wp-image-72225\" alt=\"CARIFTA\" srcset=\"https:\/\/richeskarayib.com\/wp-content\/uploads\/2026\/04\/CARIFTA-2026-08052026-J4-SOIR-MARC-MARSILLON-SANS-LOGO-5183-1024x683.jpg 1024w, https:\/\/richeskarayib.com\/wp-content\/uploads\/2026\/04\/CARIFTA-2026-08052026-J4-SOIR-MARC-MARSILLON-SANS-LOGO-5183-300x200.jpg 300w, https:\/\/richeskarayib.com\/wp-content\/uploads\/2026\/04\/CARIFTA-2026-08052026-J4-SOIR-MARC-MARSILLON-SANS-LOGO-5183-768x512.jpg 768w, https:\/\/richeskarayib.com\/wp-content\/uploads\/2026\/04\/CARIFTA-2026-08052026-J4-SOIR-MARC-MARSILLON-SANS-LOGO-5183-1536x1024.jpg 1536w, https:\/\/richeskarayib.com\/wp-content\/uploads\/2026\/04\/CARIFTA-2026-08052026-J4-SOIR-MARC-MARSILLON-SANS-LOGO-5183-1320x880.jpg 1320w, https:\/\/richeskarayib.com\/wp-content\/uploads\/2026\/04\/CARIFTA-2026-08052026-J4-SOIR-MARC-MARSILLON-SANS-LOGO-5183.jpg 1920w\" sizes=\"(max-width: 800px) 100vw, 800px\" \/>\t\t\t\t\t\t\t\t\t\t\t\t\t\t\t<\/div>\n\t\t\t\t<\/div>\n\t\t\t\t\t<\/div>\n\t\t<\/div>\n\t\t\t\t<div class=\"elementor-column elementor-col-50 elementor-inner-column elementor-element elementor-element-f81bab9\" data-id=\"f81bab9\" data-element_type=\"column\">\n\t\t\t<div class=\"elementor-widget-wrap elementor-element-populated\">\n\t\t\t\t\t\t<div class=\"elementor-element elementor-element-4c8b34e elementor-widget elementor-widget-image\" data-id=\"4c8b34e\" data-element_type=\"widget\" data-widget_type=\"image.default\">\n\t\t\t\t<div class=\"elementor-widget-container\">\n\t\t\t\t\t\t\t\t\t\t\t\t\t\t\t<img loading=\"lazy\" decoding=\"async\" width=\"800\" height=\"534\" src=\"https:\/\/richeskarayib.com\/wp-content\/uploads\/2026\/04\/CARIFTA-2026-08052026-J4-SOIR-MARC-MARSILLON-SANS-LOGO-1569-1024x683.jpg\" class=\"attachment-large size-large wp-image-72221\" alt=\"CARIFTA\" srcset=\"https:\/\/richeskarayib.com\/wp-content\/uploads\/2026\/04\/CARIFTA-2026-08052026-J4-SOIR-MARC-MARSILLON-SANS-LOGO-1569-1024x683.jpg 1024w, https:\/\/richeskarayib.com\/wp-content\/uploads\/2026\/04\/CARIFTA-2026-08052026-J4-SOIR-MARC-MARSILLON-SANS-LOGO-1569-300x200.jpg 300w, https:\/\/richeskarayib.com\/wp-content\/uploads\/2026\/04\/CARIFTA-2026-08052026-J4-SOIR-MARC-MARSILLON-SANS-LOGO-1569-768x512.jpg 768w, https:\/\/richeskarayib.com\/wp-content\/uploads\/2026\/04\/CARIFTA-2026-08052026-J4-SOIR-MARC-MARSILLON-SANS-LOGO-1569-1536x1024.jpg 1536w, https:\/\/richeskarayib.com\/wp-content\/uploads\/2026\/04\/CARIFTA-2026-08052026-J4-SOIR-MARC-MARSILLON-SANS-LOGO-1569-1320x880.jpg 1320w, https:\/\/richeskarayib.com\/wp-content\/uploads\/2026\/04\/CARIFTA-2026-08052026-J4-SOIR-MARC-MARSILLON-SANS-LOGO-1569.jpg 1920w\" sizes=\"(max-width: 800px) 100vw, 800px\" \/>\t\t\t\t\t\t\t\t\t\t\t\t\t\t\t<\/div>\n\t\t\t\t<\/div>\n\t\t\t\t\t<\/div>\n\t\t<\/div>\n\t\t\t\t\t<\/div>\n\t\t<\/section>\n\t\t\t\t\t<\/div>\n\t\t<\/div>\n\t\t\t\t\t<\/div>\n\t\t<\/section>\n\t\t\t\t<section class=\"elementor-section elementor-top-section elementor-element elementor-element-73744de elementor-section-boxed elementor-section-height-default elementor-section-height-default\" data-id=\"73744de\" data-element_type=\"section\">\n\t\t\t\t\t\t<div class=\"elementor-container elementor-column-gap-default\">\n\t\t\t\t\t<div class=\"elementor-column elementor-col-100 elementor-top-column elementor-element elementor-element-8f238ec\" data-id=\"8f238ec\" data-element_type=\"column\">\n\t\t\t<div class=\"elementor-widget-wrap elementor-element-populated\">\n\t\t\t\t\t\t<div class=\"elementor-element elementor-element-1a869a1 elementor-widget elementor-widget-heading\" data-id=\"1a869a1\" data-element_type=\"widget\" data-widget_type=\"heading.default\">\n\t\t\t\t<div class=\"elementor-widget-container\">\n\t\t\t\t\t<h2 class=\"elementor-heading-title elementor-size-default\">Un avenir qui se dessine<\/h2>\t\t\t\t<\/div>\n\t\t\t\t<\/div>\n\t\t\t\t<div class=\"elementor-element elementor-element-ed5c50c elementor-widget elementor-widget-text-editor\" data-id=\"ed5c50c\" data-element_type=\"widget\" data-widget_type=\"text-editor.default\">\n\t\t\t\t<div class=\"elementor-widget-container\">\n\t\t\t\t\t\t\t\t\t<p><span style=\"font-weight: 400;\">Le Congr\u00e8s du CCCAN, pr\u00e9sid\u00e9 par Stephen Joachim (Saint-Vincent-et-les-Grenadines), a act\u00e9 des d\u00e9cisions structurantes : adoption du nouveau Manuel <a href=\"https:\/\/richeskarayib.com\/fr\/carifta-aquatics-2026-resultats-jour-1-jour-2\/\" target=\"_blank\" rel=\"noopener\">CARIFTA<\/a>, d\u00e9signation des Bahamas comme h\u00f4te en 2027 (la confirmation est attendue fin juin)et \u00e9lection de la Jama\u00efque pour 2028, renforcement des exigences en mati\u00e8re de protection des jeunes athl\u00e8tes. La possibilit\u00e9 d&#8217;un test de la cat\u00e9gorie 18 ans et plus a \u00e9t\u00e9 ouverte pour l&#8217;\u00e9dition 2028, ann\u00e9e olympique.<\/span><\/p>\t\t\t\t\t\t\t\t<\/div>\n\t\t\t\t<\/div>\n\t\t\t\t<div class=\"elementor-element elementor-element-d65e13d elementor-widget elementor-widget-image\" data-id=\"d65e13d\" data-element_type=\"widget\" data-widget_type=\"image.default\">\n\t\t\t\t<div class=\"elementor-widget-container\">\n\t\t\t\t\t\t\t\t\t\t\t\t\t\t\t<img loading=\"lazy\" decoding=\"async\" width=\"580\" height=\"408\" src=\"https:\/\/richeskarayib.com\/wp-content\/uploads\/2026\/04\/2026-04-15_18h50_56.png\" class=\"attachment-large size-large wp-image-72241\" alt=\"CARIFTA\" srcset=\"https:\/\/richeskarayib.com\/wp-content\/uploads\/2026\/04\/2026-04-15_18h50_56.png 580w, https:\/\/richeskarayib.com\/wp-content\/uploads\/2026\/04\/2026-04-15_18h50_56-300x211.png 300w\" sizes=\"(max-width: 580px) 100vw, 580px\" \/>\t\t\t\t\t\t\t\t\t\t\t\t\t\t\t<\/div>\n\t\t\t\t<\/div>\n\t\t\t\t<div class=\"elementor-element elementor-element-860722e elementor-widget elementor-widget-text-editor\" data-id=\"860722e\" data-element_type=\"widget\" data-widget_type=\"text-editor.default\">\n\t\t\t\t<div class=\"elementor-widget-container\">\n\t\t\t\t\t\t\t\t\t<p><span style=\"font-weight: 400;\">Stephen Joachim s&#8217;est dit enthousiaste pour l&#8217;avenir de l&#8217;\u00e9v\u00e9nement, soulignant que plusieurs pays se sont port\u00e9s candidats pour accueillir les prochaines \u00e9ditions, un signe de la bonne sant\u00e9 de la natation carib\u00e9enne. Pour Alex Badian, le souhait est clair : que les CARIFTA reviennent en Martinique tous les quatre ou cinq ans, pour capitaliser sur l&#8217;expertise acquise.<\/span><\/p>\t\t\t\t\t\t\t\t<\/div>\n\t\t\t\t<\/div>\n\t\t\t\t<div class=\"elementor-element elementor-element-22738f2 elementor-widget elementor-widget-text-editor\" data-id=\"22738f2\" data-element_type=\"widget\" data-widget_type=\"text-editor.default\">\n\t\t\t\t<div class=\"elementor-widget-container\">\n\t\t\t\t\t\t\t\t\t<p><span style=\"font-weight: 400;\">D&#8217;Anguilla \u00e0 Trinidad &amp; Tobago, des Bermudes au Suriname, chaque f\u00e9d\u00e9ration, quelle que soit sa taille, contribue \u00e0 cette dynamique collective. Les <a href=\"https:\/\/richeskarayib.com\/fr\/carifta-aquatics-championships-2026-ouverture\/\" target=\"_blank\" rel=\"noopener\">CARIFTA<\/a> Aquatics ne sont pas seulement un championnat : ils sont un espace o\u00f9 des jeunes de vingt-quatre nations, parlant fran\u00e7ais, anglais ou encore n\u00e9erlandais, se retrouvent autour d&#8217;un bassin et d&#8217;une mer qui les unissent. Comme le r\u00e9sume Coralie Balmy, les CARIFTA sont un tremplin. Et cette ann\u00e9e, en Martinique, ce tremplin a fait son travail.<\/span><\/p>\t\t\t\t\t\t\t\t<\/div>\n\t\t\t\t<\/div>\n\t\t\t\t<div class=\"elementor-element elementor-element-ff25083 elementor-widget elementor-widget-text-editor\" data-id=\"ff25083\" data-element_type=\"widget\" data-widget_type=\"text-editor.default\">\n\t\t\t\t<div class=\"elementor-widget-container\">\n\t\t\t\t\t\t\t\t\t<p><strong>Les prochaines \u00e9ditions des CARIFTA Aquatics se tiendront aux Bahamas en 2027 et en Jama\u00efque en 2028.<\/strong><\/p>\t\t\t\t\t\t\t\t<\/div>\n\t\t\t\t<\/div>\n\t\t\t\t\t<\/div>\n\t\t<\/div>\n\t\t\t\t\t<\/div>\n\t\t<\/section>\n\t\t\t\t<section class=\"elementor-section elementor-top-section elementor-element elementor-element-f5709a6 elementor-section-boxed elementor-section-height-default elementor-section-height-default\" data-id=\"f5709a6\" data-element_type=\"section\">\n\t\t\t\t\t\t<div class=\"elementor-container elementor-column-gap-default\">\n\t\t\t\t\t<div class=\"elementor-column elementor-col-100 elementor-top-column elementor-element elementor-element-957be6f\" data-id=\"957be6f\" data-element_type=\"column\">\n\t\t\t<div class=\"elementor-widget-wrap elementor-element-populated\">\n\t\t\t\t\t\t<div class=\"elementor-element elementor-element-63e5d4a elementor-widget elementor-widget-accordion\" data-id=\"63e5d4a\" data-element_type=\"widget\" data-widget_type=\"accordion.default\">\n\t\t\t\t<div class=\"elementor-widget-container\">\n\t\t\t\t\t\t\t<div class=\"elementor-accordion\">\n\t\t\t\t\t\t\t<div class=\"elementor-accordion-item\">\n\t\t\t\t\t<div id=\"elementor-tab-title-1041\" class=\"elementor-tab-title\" data-tab=\"1\" role=\"button\" aria-controls=\"elementor-tab-content-1041\" aria-expanded=\"false\">\n\t\t\t\t\t\t\t\t\t\t\t\t\t<span class=\"elementor-accordion-icon elementor-accordion-icon-left\" aria-hidden=\"true\">\n\t\t\t\t\t\t\t\t\t\t\t\t\t\t\t<span class=\"elementor-accordion-icon-closed\"><i class=\"fas fa-plus\"><\/i><\/span>\n\t\t\t\t\t\t\t\t<span class=\"elementor-accordion-icon-opened\"><i class=\"fas fa-minus\"><\/i><\/span>\n\t\t\t\t\t\t\t\t\t\t\t\t\t\t<\/span>\n\t\t\t\t\t\t\t\t\t\t\t\t<a class=\"elementor-accordion-title\" tabindex=\"0\">Qu\u2019est-ce que les CARIFTA Aquatics Championships ?<\/a>\n\t\t\t\t\t<\/div>\n\t\t\t\t\t<div id=\"elementor-tab-content-1041\" class=\"elementor-tab-content elementor-clearfix\" data-tab=\"1\" role=\"region\" aria-labelledby=\"elementor-tab-title-1041\"><p><span style=\"font-weight: 400;\">Les CARIFTA Aquatics Championships sont une comp\u00e9tition majeure de natation regroupant les jeunes athl\u00e8tes de la Cara\u00efbe. Elles incluent plusieurs disciplines comme la natation en bassin, la natation artistique et l\u2019eau libre, et servent de tremplin vers les comp\u00e9titions internationales.<\/span><\/p><\/div>\n\t\t\t\t<\/div>\n\t\t\t\t\t\t\t<div class=\"elementor-accordion-item\">\n\t\t\t\t\t<div id=\"elementor-tab-title-1042\" class=\"elementor-tab-title\" data-tab=\"2\" role=\"button\" aria-controls=\"elementor-tab-content-1042\" aria-expanded=\"false\">\n\t\t\t\t\t\t\t\t\t\t\t\t\t<span class=\"elementor-accordion-icon elementor-accordion-icon-left\" aria-hidden=\"true\">\n\t\t\t\t\t\t\t\t\t\t\t\t\t\t\t<span class=\"elementor-accordion-icon-closed\"><i class=\"fas fa-plus\"><\/i><\/span>\n\t\t\t\t\t\t\t\t<span class=\"elementor-accordion-icon-opened\"><i class=\"fas fa-minus\"><\/i><\/span>\n\t\t\t\t\t\t\t\t\t\t\t\t\t\t<\/span>\n\t\t\t\t\t\t\t\t\t\t\t\t<a class=\"elementor-accordion-title\" tabindex=\"0\">O\u00f9 se sont d\u00e9roul\u00e9s les CARIFTA Aquatics 2026 ?<\/a>\n\t\t\t\t\t<\/div>\n\t\t\t\t\t<div id=\"elementor-tab-content-1042\" class=\"elementor-tab-content elementor-clearfix\" data-tab=\"2\" role=\"region\" aria-labelledby=\"elementor-tab-title-1042\"><p><span style=\"font-weight: 400;\">Les CARIFTA Aquatics 2026 se sont d\u00e9roul\u00e9s en Martinique, principalement au Lamentin pour les \u00e9preuves en bassin, ainsi qu\u2019aux Anses d\u2019Arlet pour les comp\u00e9titions en eau libre.<\/span><\/p><\/div>\n\t\t\t\t<\/div>\n\t\t\t\t\t\t\t<div class=\"elementor-accordion-item\">\n\t\t\t\t\t<div id=\"elementor-tab-title-1043\" class=\"elementor-tab-title\" data-tab=\"3\" role=\"button\" aria-controls=\"elementor-tab-content-1043\" aria-expanded=\"false\">\n\t\t\t\t\t\t\t\t\t\t\t\t\t<span class=\"elementor-accordion-icon elementor-accordion-icon-left\" aria-hidden=\"true\">\n\t\t\t\t\t\t\t\t\t\t\t\t\t\t\t<span class=\"elementor-accordion-icon-closed\"><i class=\"fas fa-plus\"><\/i><\/span>\n\t\t\t\t\t\t\t\t<span class=\"elementor-accordion-icon-opened\"><i class=\"fas fa-minus\"><\/i><\/span>\n\t\t\t\t\t\t\t\t\t\t\t\t\t\t<\/span>\n\t\t\t\t\t\t\t\t\t\t\t\t<a class=\"elementor-accordion-title\" tabindex=\"0\">Quels pays ont domin\u00e9 les CARIFTA Aquatics 2026 ?<\/a>\n\t\t\t\t\t<\/div>\n\t\t\t\t\t<div id=\"elementor-tab-content-1043\" class=\"elementor-tab-content elementor-clearfix\" data-tab=\"3\" role=\"region\" aria-labelledby=\"elementor-tab-title-1043\"><p><span style=\"font-weight: 400;\">Les Bahamas ont termin\u00e9 en t\u00eate du classement g\u00e9n\u00e9ral, suivis par la Jama\u00efque, Trinidad &amp; Tobago et la Barbade. Cette hi\u00e9rarchie confirme la domination des grandes nations historiques de la natation carib\u00e9enne.<\/span><\/p><\/div>\n\t\t\t\t<\/div>\n\t\t\t\t\t\t\t<div class=\"elementor-accordion-item\">\n\t\t\t\t\t<div id=\"elementor-tab-title-1044\" class=\"elementor-tab-title\" data-tab=\"4\" role=\"button\" aria-controls=\"elementor-tab-content-1044\" aria-expanded=\"false\">\n\t\t\t\t\t\t\t\t\t\t\t\t\t<span class=\"elementor-accordion-icon elementor-accordion-icon-left\" aria-hidden=\"true\">\n\t\t\t\t\t\t\t\t\t\t\t\t\t\t\t<span class=\"elementor-accordion-icon-closed\"><i class=\"fas fa-plus\"><\/i><\/span>\n\t\t\t\t\t\t\t\t<span class=\"elementor-accordion-icon-opened\"><i class=\"fas fa-minus\"><\/i><\/span>\n\t\t\t\t\t\t\t\t\t\t\t\t\t\t<\/span>\n\t\t\t\t\t\t\t\t\t\t\t\t<a class=\"elementor-accordion-title\" tabindex=\"0\">Combien d\u2019athl\u00e8tes ont particip\u00e9 aux CARIFTA Aquatics 2026 ?<\/a>\n\t\t\t\t\t<\/div>\n\t\t\t\t\t<div id=\"elementor-tab-content-1044\" class=\"elementor-tab-content elementor-clearfix\" data-tab=\"4\" role=\"region\" aria-labelledby=\"elementor-tab-title-1044\"><p><span style=\"font-weight: 400;\">Plus de 480 nageurs et environ 100 encadrants issus de 24 pays de la Cara\u00efbe ont particip\u00e9 \u00e0 cette \u00e9dition, confirmant l\u2019importance croissante de l\u2019\u00e9v\u00e9nement dans la r\u00e9gion.<\/span><\/p><\/div>\n\t\t\t\t<\/div>\n\t\t\t\t\t\t\t<div class=\"elementor-accordion-item\">\n\t\t\t\t\t<div id=\"elementor-tab-title-1045\" class=\"elementor-tab-title\" data-tab=\"5\" role=\"button\" aria-controls=\"elementor-tab-content-1045\" aria-expanded=\"false\">\n\t\t\t\t\t\t\t\t\t\t\t\t\t<span class=\"elementor-accordion-icon elementor-accordion-icon-left\" aria-hidden=\"true\">\n\t\t\t\t\t\t\t\t\t\t\t\t\t\t\t<span class=\"elementor-accordion-icon-closed\"><i class=\"fas fa-plus\"><\/i><\/span>\n\t\t\t\t\t\t\t\t<span class=\"elementor-accordion-icon-opened\"><i class=\"fas fa-minus\"><\/i><\/span>\n\t\t\t\t\t\t\t\t\t\t\t\t\t\t<\/span>\n\t\t\t\t\t\t\t\t\t\t\t\t<a class=\"elementor-accordion-title\" tabindex=\"0\">O\u00f9 auront lieu les prochaines \u00e9ditions des CARIFTA Aquatics ?<\/a>\n\t\t\t\t\t<\/div>\n\t\t\t\t\t<div id=\"elementor-tab-content-1045\" class=\"elementor-tab-content elementor-clearfix\" data-tab=\"5\" role=\"region\" aria-labelledby=\"elementor-tab-title-1045\"><p><span style=\"font-weight: 400;\">Les prochaines \u00e9ditions sont pr\u00e9vues aux Bahamas en 2027 et en Jama\u00efque en 2028, avec une volont\u00e9 de renforcer encore le d\u00e9veloppement de la natation dans toute la Cara\u00efbe.<\/span><\/p><\/div>\n\t\t\t\t<\/div>\n\t\t\t\t\t\t\t\t<\/div>\n\t\t\t\t\t\t<\/div>\n\t\t\t\t<\/div>\n\t\t\t\t\t<\/div>\n\t\t<\/div>\n\t\t\t\t\t<\/div>\n\t\t<\/section>\n\t\t\t\t<\/div>\n\t\t","protected":false},"excerpt":{"rendered":"<p>Il y a dans la natation carib\u00e9enne une \u00e9nergie que les tribunes du Lamentin ont capt\u00e9e chaque soir d&#8217;avril. Quand les finales commen\u00e7aient, que les gradins se remplissaient et que les drapeaux de vingt-quatre nations se m\u00ealaient au-dessus du bassin, les XXXIXes Championnats CARIFTA Aquatics cessaient d&#8217;\u00eatre une simple comp\u00e9tition. Ils devenaient ce qu&#8217;ils ont [&hellip;]<\/p>\n","protected":false},"author":662,"featured_media":72249,"comment_status":"open","ping_status":"open","sticky":false,"template":"","format":"standard","meta":{"_acf_changed":false,"footnotes":""},"categories":[1864],"tags":[808],"class_list":["post-72180","post","type-post","status-publish","format-standard","has-post-thumbnail","hentry","category-carifta-2026","tag-martinique-fr"],"acf":[],"_links":{"self":[{"href":"https:\/\/richeskarayib.com\/fr\/wp-json\/wp\/v2\/posts\/72180","targetHints":{"allow":["GET"]}}],"collection":[{"href":"https:\/\/richeskarayib.com\/fr\/wp-json\/wp\/v2\/posts"}],"about":[{"href":"https:\/\/richeskarayib.com\/fr\/wp-json\/wp\/v2\/types\/post"}],"author":[{"embeddable":true,"href":"https:\/\/richeskarayib.com\/fr\/wp-json\/wp\/v2\/users\/662"}],"replies":[{"embeddable":true,"href":"https:\/\/richeskarayib.com\/fr\/wp-json\/wp\/v2\/comments?post=72180"}],"version-history":[{"count":0,"href":"https:\/\/richeskarayib.com\/fr\/wp-json\/wp\/v2\/posts\/72180\/revisions"}],"wp:featuredmedia":[{"embeddable":true,"href":"https:\/\/richeskarayib.com\/fr\/wp-json\/wp\/v2\/media\/72249"}],"wp:attachment":[{"href":"https:\/\/richeskarayib.com\/fr\/wp-json\/wp\/v2\/media?parent=72180"}],"wp:term":[{"taxonomy":"category","embeddable":true,"href":"https:\/\/richeskarayib.com\/fr\/wp-json\/wp\/v2\/categories?post=72180"},{"taxonomy":"post_tag","embeddable":true,"href":"https:\/\/richeskarayib.com\/fr\/wp-json\/wp\/v2\/tags?post=72180"}],"curies":[{"name":"wp","href":"https:\/\/api.w.org\/{rel}","templated":true}]}}